{"id":977,"date":"2024-03-19T22:45:02","date_gmt":"2024-03-20T01:45:02","guid":{"rendered":"https:\/\/redelitoralrs.com\/?p=977"},"modified":"2024-03-19T22:45:02","modified_gmt":"2024-03-20T01:45:02","slug":"unesul-e-sao-jose-apresentam-propostas-para-operar-linhas-da-torrescar","status":"publish","type":"post","link":"https:\/\/redelitoralrs.com\/index.php\/2024\/03\/19\/unesul-e-sao-jose-apresentam-propostas-para-operar-linhas-da-torrescar\/","title":{"rendered":"Unesul e S\u00e3o Jos\u00e9 apresentam propostas para operar linhas da Torrescar"},"content":{"rendered":"\n<p>A Funda\u00e7\u00e3o Estadual de Planejamento Metropolitano e Regional, Metroplan, informou que as empresas Unesul e S\u00e3o Jos\u00e9 apresentaram propostas para assumir as 19 linhas intermunicipais municipais operadas pela Torrescar. A Torrescar emitiu nota, no \u00faltimo dia 11, informando que deixar\u00e1 de operar a partir das 23h59 do dia 29 de mar\u00e7o. A empresa alega dificuldades financeiras para seguir trabalhando.<\/p>\n\n\n\n<p>A Metroplan estima que at\u00e9 sexta-feira(22), concluir\u00e1 as an\u00e1lises das propostas para definir a empresa que assumir\u00e1 as linhas. As 19 linhas em quest\u00e3o est\u00e3o nos munic\u00edpios de Os\u00f3rio, Cap\u00e3o da Canoa, Xangri-L\u00e1, Terra de Areia e Torres.<\/p>\n\n\n\n<p>A Torrescar segue com fretamento tur\u00edstico e linhas municipais em Torres, Arroio do Sal, Terra de Areia e Tr\u00eas Cachoeiras.<\/p>\n\n\n\n<p>As linhas atingidas s\u00e3o:<\/p>\n\n\n\n<p>1- Cap\u00e3o da Canoa\/Terra de Areia- Via Morro Alto<\/p>\n\n\n\n<p>2- Cap\u00e3o da Canoa\/Atl\u00e2ntida Sul<\/p>\n\n\n\n<p>3- Cap\u00e3o da Canoa\/Rainha do Mar<\/p>\n\n\n\n<p>4- Cap\u00e3o da Canoa\/Curumim<\/p>\n\n\n\n<p>5- Cap\u00e3o da Canoa\/Os\u00f3rio<\/p>\n\n\n\n<p>6- Cap\u00e3o da Canoa\/Os\u00f3rio\/Estrada Municipal<\/p>\n\n\n\n<p>7- Cap\u00e3o da Canoa\/Boa Uni\u00e3o<\/p>\n\n\n\n<p>8- Cap\u00e3o da Canoa\/Torres\/Ulbra<\/p>\n\n\n\n<p>9- Cap\u00e3o da Canoa\/Xangri-L\u00e1\/Os\u00f3rio\/Facos<\/p>\n\n\n\n<p>10- Os\u00f3rio\/Cerrito<\/p>\n\n\n\n<p>11- Tr\u00eas Pinheiros\/Cap\u00e3o da Canoa<\/p>\n\n\n\n<p>12- Arroio Carvalho\/Terra de Areia<\/p>\n\n\n\n<p>13- Cap\u00e3o Novo\/Xangri-L\u00e1<\/p>\n\n\n\n<p>14- Torres\/Morro Azul<\/p>\n\n\n\n<p>15- Torres\/Morro de Dentro<\/p>\n\n\n\n<p>16- Torres\/Col\u00f4nia de S\u00e3o Pedro<\/p>\n\n\n\n<p>17- Torres\/Ro\u00e7a da Est\u00e2ncia<\/p>\n\n\n\n<p>18- Terra de Areia\/Torres\/Ulbra<\/p>\n\n\n\n<p>19- Cap\u00e3o da Canoa\/Torres\/Ulbra <\/p>\n\n\n\n<p>As empresas Unesul e S\u00e3o Jos\u00e9 j\u00e1 operam diversa linhas intermunicipais no litoral Norte.<\/p>\n","protected":false},"excerpt":{"rendered":"<p>A Funda\u00e7\u00e3o Estadual de Planejamento Metropolitano e Regional, Metroplan, informou que as empresas Unesul e S\u00e3o Jos\u00e9 apresentaram propostas para assumir as 19 linhas intermunicipais municipais operadas pela Torrescar. A Torrescar emitiu nota, no \u00faltimo dia 11, informando que deixar\u00e1 de operar a partir das 23h59 do dia 29 de mar\u00e7o. A empresa alega dificuldades [&hellip;]<\/p>\n","protected":false},"author":2,"featured_media":978,"comment_status":"open","ping_status":"open","sticky":false,"template":"","format":"standard","meta":{"_themeisle_gutenberg_block_has_review":false,"footnotes":""},"categories":[20],"tags":[],"class_list":["post-977","post","type-post","status-publish","format-standard","has-post-thumbnail","hentry","category-litoral_norte"],"yoast_head":"<!-- This site is optimized with the Yoast SEO plugin v27.4 - https:\/\/yoast.com\/product\/yoast-seo-wordpress\/ -->\n<title>Unesul e S\u00e3o Jos\u00e9 apresentam propostas para operar linhas da Torrescar - Rede Litoral RS<\/title>\n<meta name=\"robots\" content=\"index, follow, max-snippet:-1, max-image-preview:large, max-video-preview:-1\" \/>\n<link rel=\"canonical\" href=\"https:\/\/redelitoralrs.com\/index.php\/2024\/03\/19\/unesul-e-sao-jose-apresentam-propostas-para-operar-linhas-da-torrescar\/\" \/>\n<meta property=\"og:locale\" content=\"pt_BR\" \/>\n<meta property=\"og:type\" content=\"article\" \/>\n<meta property=\"og:title\" content=\"Unesul e S\u00e3o Jos\u00e9 apresentam propostas para operar linhas da Torrescar - Rede Litoral RS\" \/>\n<meta property=\"og:description\" content=\"A Funda\u00e7\u00e3o Estadual de Planejamento Metropolitano e Regional, Metroplan, informou que as empresas Unesul e S\u00e3o Jos\u00e9 apresentaram propostas para assumir as 19 linhas intermunicipais municipais operadas pela Torrescar. A Torrescar emitiu nota, no \u00faltimo dia 11, informando que deixar\u00e1 de operar a partir das 23h59 do dia 29 de mar\u00e7o. A empresa alega dificuldades [&hellip;]\" \/>\n<meta property=\"og:url\" content=\"https:\/\/redelitoralrs.com\/index.php\/2024\/03\/19\/unesul-e-sao-jose-apresentam-propostas-para-operar-linhas-da-torrescar\/\" \/>\n<meta property=\"og:site_name\" content=\"Rede Litoral RS\" \/>\n<meta property=\"article:publisher\" content=\"https:\/\/www.facebook.com\/tvlitoralrsoficial\" \/>\n<meta property=\"article:published_time\" content=\"2024-03-20T01:45:02+00:00\" \/>\n<meta property=\"og:image\" content=\"https:\/\/redelitoralrs.com\/wp-content\/uploads\/2024\/03\/R.webp\" \/>\n\t<meta property=\"og:image:width\" content=\"1100\" \/>\n\t<meta property=\"og:image:height\" content=\"578\" \/>\n\t<meta property=\"og:image:type\" content=\"image\/webp\" \/>\n<meta name=\"author\" content=\"Reda\u00e7\u00e3o TV Litoral\" \/>\n<meta name=\"twitter:card\" content=\"summary_large_image\" \/>\n<meta name=\"twitter:label1\" content=\"Escrito por\" \/>\n\t<meta name=\"twitter:data1\" content=\"Reda\u00e7\u00e3o TV Litoral\" \/>\n\t<meta name=\"twitter:label2\" content=\"Est. tempo de leitura\" \/>\n\t<meta name=\"twitter:data2\" content=\"1 minuto\" \/>\n<script type=\"application\/ld+json\" class=\"yoast-schema-graph\">{\"@context\":\"https:\\\/\\\/schema.org\",\"@graph\":[{\"@type\":\"Article\",\"@id\":\"https:\\\/\\\/redelitoralrs.com\\\/index.php\\\/2024\\\/03\\\/19\\\/unesul-e-sao-jose-apresentam-propostas-para-operar-linhas-da-torrescar\\\/#article\",\"isPartOf\":{\"@id\":\"https:\\\/\\\/redelitoralrs.com\\\/index.php\\\/2024\\\/03\\\/19\\\/unesul-e-sao-jose-apresentam-propostas-para-operar-linhas-da-torrescar\\\/\"},\"author\":{\"name\":\"Reda\u00e7\u00e3o TV Litoral\",\"@id\":\"https:\\\/\\\/redelitoralrs.com\\\/#\\\/schema\\\/person\\\/9f8181f2a7359dd3986f05ebaf5bd68a\"},\"headline\":\"Unesul e S\u00e3o Jos\u00e9 apresentam propostas para operar linhas da Torrescar\",\"datePublished\":\"2024-03-20T01:45:02+00:00\",\"mainEntityOfPage\":{\"@id\":\"https:\\\/\\\/redelitoralrs.com\\\/index.php\\\/2024\\\/03\\\/19\\\/unesul-e-sao-jose-apresentam-propostas-para-operar-linhas-da-torrescar\\\/\"},\"wordCount\":289,\"commentCount\":0,\"publisher\":{\"@id\":\"https:\\\/\\\/redelitoralrs.com\\\/#organization\"},\"image\":{\"@id\":\"https:\\\/\\\/redelitoralrs.com\\\/index.php\\\/2024\\\/03\\\/19\\\/unesul-e-sao-jose-apresentam-propostas-para-operar-linhas-da-torrescar\\\/#primaryimage\"},\"thumbnailUrl\":\"https:\\\/\\\/redelitoralrs.com\\\/wp-content\\\/uploads\\\/2024\\\/03\\\/R.webp\",\"articleSection\":[\"Litoral Norte\"],\"inLanguage\":\"pt-BR\",\"potentialAction\":[{\"@type\":\"CommentAction\",\"name\":\"Comment\",\"target\":[\"https:\\\/\\\/redelitoralrs.com\\\/index.php\\\/2024\\\/03\\\/19\\\/unesul-e-sao-jose-apresentam-propostas-para-operar-linhas-da-torrescar\\\/#respond\"]}]},{\"@type\":\"WebPage\",\"@id\":\"https:\\\/\\\/redelitoralrs.com\\\/index.php\\\/2024\\\/03\\\/19\\\/unesul-e-sao-jose-apresentam-propostas-para-operar-linhas-da-torrescar\\\/\",\"url\":\"https:\\\/\\\/redelitoralrs.com\\\/index.php\\\/2024\\\/03\\\/19\\\/unesul-e-sao-jose-apresentam-propostas-para-operar-linhas-da-torrescar\\\/\",\"name\":\"Unesul e S\u00e3o Jos\u00e9 apresentam propostas para operar linhas da Torrescar - Rede Litoral RS\",\"isPartOf\":{\"@id\":\"https:\\\/\\\/redelitoralrs.com\\\/#website\"},\"primaryImageOfPage\":{\"@id\":\"https:\\\/\\\/redelitoralrs.com\\\/index.php\\\/2024\\\/03\\\/19\\\/unesul-e-sao-jose-apresentam-propostas-para-operar-linhas-da-torrescar\\\/#primaryimage\"},\"image\":{\"@id\":\"https:\\\/\\\/redelitoralrs.com\\\/index.php\\\/2024\\\/03\\\/19\\\/unesul-e-sao-jose-apresentam-propostas-para-operar-linhas-da-torrescar\\\/#primaryimage\"},\"thumbnailUrl\":\"https:\\\/\\\/redelitoralrs.com\\\/wp-content\\\/uploads\\\/2024\\\/03\\\/R.webp\",\"datePublished\":\"2024-03-20T01:45:02+00:00\",\"breadcrumb\":{\"@id\":\"https:\\\/\\\/redelitoralrs.com\\\/index.php\\\/2024\\\/03\\\/19\\\/unesul-e-sao-jose-apresentam-propostas-para-operar-linhas-da-torrescar\\\/#breadcrumb\"},\"inLanguage\":\"pt-BR\",\"potentialAction\":[{\"@type\":\"ReadAction\",\"target\":[\"https:\\\/\\\/redelitoralrs.com\\\/index.php\\\/2024\\\/03\\\/19\\\/unesul-e-sao-jose-apresentam-propostas-para-operar-linhas-da-torrescar\\\/\"]}]},{\"@type\":\"ImageObject\",\"inLanguage\":\"pt-BR\",\"@id\":\"https:\\\/\\\/redelitoralrs.com\\\/index.php\\\/2024\\\/03\\\/19\\\/unesul-e-sao-jose-apresentam-propostas-para-operar-linhas-da-torrescar\\\/#primaryimage\",\"url\":\"https:\\\/\\\/redelitoralrs.com\\\/wp-content\\\/uploads\\\/2024\\\/03\\\/R.webp\",\"contentUrl\":\"https:\\\/\\\/redelitoralrs.com\\\/wp-content\\\/uploads\\\/2024\\\/03\\\/R.webp\",\"width\":1100,\"height\":578},{\"@type\":\"BreadcrumbList\",\"@id\":\"https:\\\/\\\/redelitoralrs.com\\\/index.php\\\/2024\\\/03\\\/19\\\/unesul-e-sao-jose-apresentam-propostas-para-operar-linhas-da-torrescar\\\/#breadcrumb\",\"itemListElement\":[{\"@type\":\"ListItem\",\"position\":1,\"name\":\"In\u00edcio\",\"item\":\"https:\\\/\\\/redelitoralrs.com\\\/\"},{\"@type\":\"ListItem\",\"position\":2,\"name\":\"Unesul e S\u00e3o Jos\u00e9 apresentam propostas para operar linhas da Torrescar\"}]},{\"@type\":\"WebSite\",\"@id\":\"https:\\\/\\\/redelitoralrs.com\\\/#website\",\"url\":\"https:\\\/\\\/redelitoralrs.com\\\/\",\"name\":\"TV Litoral\",\"description\":\"Acompanhe tudo do litoral ga\u00facho com a cobertura completa e atualizada da Rede Litoral RS. Nossos jornalistas trazem as \u00faltimas not\u00edcias, os acontecimentos mais quentes e as hist\u00f3rias que importam sobre nosso amado litoral.\",\"publisher\":{\"@id\":\"https:\\\/\\\/redelitoralrs.com\\\/#organization\"},\"potentialAction\":[{\"@type\":\"SearchAction\",\"target\":{\"@type\":\"EntryPoint\",\"urlTemplate\":\"https:\\\/\\\/redelitoralrs.com\\\/?s={search_term_string}\"},\"query-input\":{\"@type\":\"PropertyValueSpecification\",\"valueRequired\":true,\"valueName\":\"search_term_string\"}}],\"inLanguage\":\"pt-BR\"},{\"@type\":\"Organization\",\"@id\":\"https:\\\/\\\/redelitoralrs.com\\\/#organization\",\"name\":\"TV Litoral\",\"url\":\"https:\\\/\\\/redelitoralrs.com\\\/\",\"logo\":{\"@type\":\"ImageObject\",\"inLanguage\":\"pt-BR\",\"@id\":\"https:\\\/\\\/redelitoralrs.com\\\/#\\\/schema\\\/logo\\\/image\\\/\",\"url\":\"https:\\\/\\\/redelitoralrs.com\\\/wp-content\\\/uploads\\\/2024\\\/01\\\/faviconicon-1-1.png\",\"contentUrl\":\"https:\\\/\\\/redelitoralrs.com\\\/wp-content\\\/uploads\\\/2024\\\/01\\\/faviconicon-1-1.png\",\"width\":454,\"height\":454,\"caption\":\"TV Litoral\"},\"image\":{\"@id\":\"https:\\\/\\\/redelitoralrs.com\\\/#\\\/schema\\\/logo\\\/image\\\/\"},\"sameAs\":[\"https:\\\/\\\/www.facebook.com\\\/tvlitoralrsoficial\",\"https:\\\/\\\/www.instagram.com\\\/tvlitoral.rs\"]},{\"@type\":\"Person\",\"@id\":\"https:\\\/\\\/redelitoralrs.com\\\/#\\\/schema\\\/person\\\/9f8181f2a7359dd3986f05ebaf5bd68a\",\"name\":\"Reda\u00e7\u00e3o TV Litoral\",\"image\":{\"@type\":\"ImageObject\",\"inLanguage\":\"pt-BR\",\"@id\":\"https:\\\/\\\/redelitoralrs.com\\\/wp-content\\\/litespeed\\\/avatar\\\/779aafbb45e66c7f82733e21abb48259.jpg?ver=1777561602\",\"url\":\"https:\\\/\\\/redelitoralrs.com\\\/wp-content\\\/litespeed\\\/avatar\\\/779aafbb45e66c7f82733e21abb48259.jpg?ver=1777561602\",\"contentUrl\":\"https:\\\/\\\/redelitoralrs.com\\\/wp-content\\\/litespeed\\\/avatar\\\/779aafbb45e66c7f82733e21abb48259.jpg?ver=1777561602\",\"caption\":\"Reda\u00e7\u00e3o TV Litoral\"},\"description\":\"A Rede Litoral de Comunica\u00e7\u00e3o \u00e9 um grupo de m\u00eddia multiplataforma do Litoral Norte do RS. Com atua\u00e7\u00e3o em TV, r\u00e1dio, portal e redes sociais, levamos informa\u00e7\u00e3o, conte\u00fado e entretenimento \u00e0 comunidade, fortalecendo a comunica\u00e7\u00e3o local e impulsionando o desenvolvimento regional. Acompanhe atrav\u00e9s de @redelitoralrs.\",\"sameAs\":[\"https:\\\/\\\/redelitoralrs.com\",\"https:\\\/\\\/www.instagram.com\\\/redelitoralrs\",\"https:\\\/\\\/www.youtube.com\\\/@redelitoralrs\"],\"url\":\"https:\\\/\\\/redelitoralrs.com\\\/index.php\\\/author\\\/redacaotvlitoral\\\/\"}]}<\/script>\n<!-- \/ Yoast SEO plugin. -->","yoast_head_json":{"title":"Unesul e S\u00e3o Jos\u00e9 apresentam propostas para operar linhas da Torrescar - Rede Litoral RS","robots":{"index":"index","follow":"follow","max-snippet":"max-snippet:-1","max-image-preview":"max-image-preview:large","max-video-preview":"max-video-preview:-1"},"canonical":"https:\/\/redelitoralrs.com\/index.php\/2024\/03\/19\/unesul-e-sao-jose-apresentam-propostas-para-operar-linhas-da-torrescar\/","og_locale":"pt_BR","og_type":"article","og_title":"Unesul e S\u00e3o Jos\u00e9 apresentam propostas para operar linhas da Torrescar - Rede Litoral RS","og_description":"A Funda\u00e7\u00e3o Estadual de Planejamento Metropolitano e Regional, Metroplan, informou que as empresas Unesul e S\u00e3o Jos\u00e9 apresentaram propostas para assumir as 19 linhas intermunicipais municipais operadas pela Torrescar. A Torrescar emitiu nota, no \u00faltimo dia 11, informando que deixar\u00e1 de operar a partir das 23h59 do dia 29 de mar\u00e7o. A empresa alega dificuldades [&hellip;]","og_url":"https:\/\/redelitoralrs.com\/index.php\/2024\/03\/19\/unesul-e-sao-jose-apresentam-propostas-para-operar-linhas-da-torrescar\/","og_site_name":"Rede Litoral RS","article_publisher":"https:\/\/www.facebook.com\/tvlitoralrsoficial","article_published_time":"2024-03-20T01:45:02+00:00","og_image":[{"width":1100,"height":578,"url":"https:\/\/redelitoralrs.com\/wp-content\/uploads\/2024\/03\/R.webp","type":"image\/webp"}],"author":"Reda\u00e7\u00e3o TV Litoral","twitter_card":"summary_large_image","twitter_misc":{"Escrito por":"Reda\u00e7\u00e3o TV Litoral","Est. tempo de leitura":"1 minuto"},"schema":{"@context":"https:\/\/schema.org","@graph":[{"@type":"Article","@id":"https:\/\/redelitoralrs.com\/index.php\/2024\/03\/19\/unesul-e-sao-jose-apresentam-propostas-para-operar-linhas-da-torrescar\/#article","isPartOf":{"@id":"https:\/\/redelitoralrs.com\/index.php\/2024\/03\/19\/unesul-e-sao-jose-apresentam-propostas-para-operar-linhas-da-torrescar\/"},"author":{"name":"Reda\u00e7\u00e3o TV Litoral","@id":"https:\/\/redelitoralrs.com\/#\/schema\/person\/9f8181f2a7359dd3986f05ebaf5bd68a"},"headline":"Unesul e S\u00e3o Jos\u00e9 apresentam propostas para operar linhas da Torrescar","datePublished":"2024-03-20T01:45:02+00:00","mainEntityOfPage":{"@id":"https:\/\/redelitoralrs.com\/index.php\/2024\/03\/19\/unesul-e-sao-jose-apresentam-propostas-para-operar-linhas-da-torrescar\/"},"wordCount":289,"commentCount":0,"publisher":{"@id":"https:\/\/redelitoralrs.com\/#organization"},"image":{"@id":"https:\/\/redelitoralrs.com\/index.php\/2024\/03\/19\/unesul-e-sao-jose-apresentam-propostas-para-operar-linhas-da-torrescar\/#primaryimage"},"thumbnailUrl":"https:\/\/redelitoralrs.com\/wp-content\/uploads\/2024\/03\/R.webp","articleSection":["Litoral Norte"],"inLanguage":"pt-BR","potentialAction":[{"@type":"CommentAction","name":"Comment","target":["https:\/\/redelitoralrs.com\/index.php\/2024\/03\/19\/unesul-e-sao-jose-apresentam-propostas-para-operar-linhas-da-torrescar\/#respond"]}]},{"@type":"WebPage","@id":"https:\/\/redelitoralrs.com\/index.php\/2024\/03\/19\/unesul-e-sao-jose-apresentam-propostas-para-operar-linhas-da-torrescar\/","url":"https:\/\/redelitoralrs.com\/index.php\/2024\/03\/19\/unesul-e-sao-jose-apresentam-propostas-para-operar-linhas-da-torrescar\/","name":"Unesul e S\u00e3o Jos\u00e9 apresentam propostas para operar linhas da Torrescar - Rede Litoral RS","isPartOf":{"@id":"https:\/\/redelitoralrs.com\/#website"},"primaryImageOfPage":{"@id":"https:\/\/redelitoralrs.com\/index.php\/2024\/03\/19\/unesul-e-sao-jose-apresentam-propostas-para-operar-linhas-da-torrescar\/#primaryimage"},"image":{"@id":"https:\/\/redelitoralrs.com\/index.php\/2024\/03\/19\/unesul-e-sao-jose-apresentam-propostas-para-operar-linhas-da-torrescar\/#primaryimage"},"thumbnailUrl":"https:\/\/redelitoralrs.com\/wp-content\/uploads\/2024\/03\/R.webp","datePublished":"2024-03-20T01:45:02+00:00","breadcrumb":{"@id":"https:\/\/redelitoralrs.com\/index.php\/2024\/03\/19\/unesul-e-sao-jose-apresentam-propostas-para-operar-linhas-da-torrescar\/#breadcrumb"},"inLanguage":"pt-BR","potentialAction":[{"@type":"ReadAction","target":["https:\/\/redelitoralrs.com\/index.php\/2024\/03\/19\/unesul-e-sao-jose-apresentam-propostas-para-operar-linhas-da-torrescar\/"]}]},{"@type":"ImageObject","inLanguage":"pt-BR","@id":"https:\/\/redelitoralrs.com\/index.php\/2024\/03\/19\/unesul-e-sao-jose-apresentam-propostas-para-operar-linhas-da-torrescar\/#primaryimage","url":"https:\/\/redelitoralrs.com\/wp-content\/uploads\/2024\/03\/R.webp","contentUrl":"https:\/\/redelitoralrs.com\/wp-content\/uploads\/2024\/03\/R.webp","width":1100,"height":578},{"@type":"BreadcrumbList","@id":"https:\/\/redelitoralrs.com\/index.php\/2024\/03\/19\/unesul-e-sao-jose-apresentam-propostas-para-operar-linhas-da-torrescar\/#breadcrumb","itemListElement":[{"@type":"ListItem","position":1,"name":"In\u00edcio","item":"https:\/\/redelitoralrs.com\/"},{"@type":"ListItem","position":2,"name":"Unesul e S\u00e3o Jos\u00e9 apresentam propostas para operar linhas da Torrescar"}]},{"@type":"WebSite","@id":"https:\/\/redelitoralrs.com\/#website","url":"https:\/\/redelitoralrs.com\/","name":"TV Litoral","description":"Acompanhe tudo do litoral ga\u00facho com a cobertura completa e atualizada da Rede Litoral RS. Nossos jornalistas trazem as \u00faltimas not\u00edcias, os acontecimentos mais quentes e as hist\u00f3rias que importam sobre nosso amado litoral.","publisher":{"@id":"https:\/\/redelitoralrs.com\/#organization"},"potentialAction":[{"@type":"SearchAction","target":{"@type":"EntryPoint","urlTemplate":"https:\/\/redelitoralrs.com\/?s={search_term_string}"},"query-input":{"@type":"PropertyValueSpecification","valueRequired":true,"valueName":"search_term_string"}}],"inLanguage":"pt-BR"},{"@type":"Organization","@id":"https:\/\/redelitoralrs.com\/#organization","name":"TV Litoral","url":"https:\/\/redelitoralrs.com\/","logo":{"@type":"ImageObject","inLanguage":"pt-BR","@id":"https:\/\/redelitoralrs.com\/#\/schema\/logo\/image\/","url":"https:\/\/redelitoralrs.com\/wp-content\/uploads\/2024\/01\/faviconicon-1-1.png","contentUrl":"https:\/\/redelitoralrs.com\/wp-content\/uploads\/2024\/01\/faviconicon-1-1.png","width":454,"height":454,"caption":"TV Litoral"},"image":{"@id":"https:\/\/redelitoralrs.com\/#\/schema\/logo\/image\/"},"sameAs":["https:\/\/www.facebook.com\/tvlitoralrsoficial","https:\/\/www.instagram.com\/tvlitoral.rs"]},{"@type":"Person","@id":"https:\/\/redelitoralrs.com\/#\/schema\/person\/9f8181f2a7359dd3986f05ebaf5bd68a","name":"Reda\u00e7\u00e3o TV Litoral","image":{"@type":"ImageObject","inLanguage":"pt-BR","@id":"https:\/\/redelitoralrs.com\/wp-content\/litespeed\/avatar\/779aafbb45e66c7f82733e21abb48259.jpg?ver=1777561602","url":"https:\/\/redelitoralrs.com\/wp-content\/litespeed\/avatar\/779aafbb45e66c7f82733e21abb48259.jpg?ver=1777561602","contentUrl":"https:\/\/redelitoralrs.com\/wp-content\/litespeed\/avatar\/779aafbb45e66c7f82733e21abb48259.jpg?ver=1777561602","caption":"Reda\u00e7\u00e3o TV Litoral"},"description":"A Rede Litoral de Comunica\u00e7\u00e3o \u00e9 um grupo de m\u00eddia multiplataforma do Litoral Norte do RS. Com atua\u00e7\u00e3o em TV, r\u00e1dio, portal e redes sociais, levamos informa\u00e7\u00e3o, conte\u00fado e entretenimento \u00e0 comunidade, fortalecendo a comunica\u00e7\u00e3o local e impulsionando o desenvolvimento regional. Acompanhe atrav\u00e9s de @redelitoralrs.","sameAs":["https:\/\/redelitoralrs.com","https:\/\/www.instagram.com\/redelitoralrs","https:\/\/www.youtube.com\/@redelitoralrs"],"url":"https:\/\/redelitoralrs.com\/index.php\/author\/redacaotvlitoral\/"}]}},"_links":{"self":[{"href":"https:\/\/redelitoralrs.com\/index.php\/wp-json\/wp\/v2\/posts\/977","targetHints":{"allow":["GET"]}}],"collection":[{"href":"https:\/\/redelitoralrs.com\/index.php\/wp-json\/wp\/v2\/posts"}],"about":[{"href":"https:\/\/redelitoralrs.com\/index.php\/wp-json\/wp\/v2\/types\/post"}],"author":[{"embeddable":true,"href":"https:\/\/redelitoralrs.com\/index.php\/wp-json\/wp\/v2\/users\/2"}],"replies":[{"embeddable":true,"href":"https:\/\/redelitoralrs.com\/index.php\/wp-json\/wp\/v2\/comments?post=977"}],"version-history":[{"count":1,"href":"https:\/\/redelitoralrs.com\/index.php\/wp-json\/wp\/v2\/posts\/977\/revisions"}],"predecessor-version":[{"id":979,"href":"https:\/\/redelitoralrs.com\/index.php\/wp-json\/wp\/v2\/posts\/977\/revisions\/979"}],"wp:featuredmedia":[{"embeddable":true,"href":"https:\/\/redelitoralrs.com\/index.php\/wp-json\/wp\/v2\/media\/978"}],"wp:attachment":[{"href":"https:\/\/redelitoralrs.com\/index.php\/wp-json\/wp\/v2\/media?parent=977"}],"wp:term":[{"taxonomy":"category","embeddable":true,"href":"https:\/\/redelitoralrs.com\/index.php\/wp-json\/wp\/v2\/categories?post=977"},{"taxonomy":"post_tag","embeddable":true,"href":"https:\/\/redelitoralrs.com\/index.php\/wp-json\/wp\/v2\/tags?post=977"}],"curies":[{"name":"wp","href":"https:\/\/api.w.org\/{rel}","templated":true}]}}