{"id":943,"date":"2024-03-17T18:29:56","date_gmt":"2024-03-17T21:29:56","guid":{"rendered":"https:\/\/redelitoralrs.com\/?p=943"},"modified":"2024-03-17T18:29:56","modified_gmt":"2024-03-17T21:29:56","slug":"deputados-alceu-moreira-e-luciano-silveira-anunciam-mais-de-r-15-milhoes-para-o-litoral-norte","status":"publish","type":"post","link":"https:\/\/redelitoralrs.com\/index.php\/2024\/03\/17\/deputados-alceu-moreira-e-luciano-silveira-anunciam-mais-de-r-15-milhoes-para-o-litoral-norte\/","title":{"rendered":"Deputados Alceu Moreira e Luciano Silveira anunciam mais de R$ 15 milh\u00f5es para o Litoral Norte"},"content":{"rendered":"\n<p>Representantes do Litoral Norte na C\u00e2mara Federal e na Assembleia Legislativa, os deputados Alceu Moreira e Luciano Silveira (MDB) anunciaram na manh\u00e3 desta sexta-feira (15), em Os\u00f3rio, mais de R$ 15 milh\u00f5es em novos recursos para a regi\u00e3o. Batizado de \u2018Pra Frente Litoral\u2019, a iniciativa contempla todos os 23 munic\u00edpios locais em diversas \u00e1reas, a partir das emendas parlamentares e de articula\u00e7\u00f5es junto ao governo do Estado.<\/p>\n\n\n\n<p>Deste montante, maior parte (cerca de R$ 10 milh\u00f5es) ser\u00e1 investido em obras de infraestrutura e pavimenta\u00e7\u00e3o. <\/p>\n\n\n\n<p>J\u00e1 na sa\u00fade, foram confirmados R$ 4,7 milh\u00f5es para atender a demandas como custeio de hospitais, UBS e postos de sa\u00fade; aquisi\u00e7\u00e3o de ambul\u00e2ncias e viaturas, entre outras prioridades.<\/p>\n\n\n\n<p>O ato tamb\u00e9m formalizou a entrega de R$ 500 mil para as nove Apaes da regi\u00e3o, que, conforme j\u00e1 antecipado pelos deputados, poder\u00e3o contar com este recurso todos os anos at\u00e9 o final de seus mandatos. Ao todo, j\u00e1 s\u00e3o mais de R$ 170 milh\u00f5es viabilizados pela atua\u00e7\u00e3o de ambos os parlamentares ao litoral ga\u00facho.<\/p>\n\n\n\n<p>\u201cExistem muitas pautas que s\u00e3o fundamentais para o desenvolvimento da regi\u00e3o e que, para isso, requerem a mobiliza\u00e7\u00e3o pol\u00edtica de todos. \u00c9 o caso do novo porto em Arroio do Sal, da garantia dos royalties de petr\u00f3leo e dos recursos prometidos pelo governo federal para a recomposi\u00e7\u00e3o das cheias de junho\u201d, afirmou o deputado Alceu, salientando a import\u00e2ncia de uma frente ampla e convergente na defesa dos interesses regionais.<\/p>\n\n\n\n<p>Na presen\u00e7a de prefeitos, vice-prefeitos, vereadores e demais lideran\u00e7as, o deputado Luciano frisou a necessidade de avan\u00e7ar em pleitos como a regionaliza\u00e7\u00e3o da sa\u00fade e a garantia de curso de medicina nas universidades do Litoral. \u201cSomos uma das regi\u00f5es que mais cresceu nos \u00faltimos anos, de acordo com o IBGE. As pessoas n\u00e3o vivem mais o Litoral apenas no ver\u00e3o, mas durante os 12 meses do ano, e para isso \u00e9 importante assegurar a oferta de todos os servi\u00e7os essenciais\u201d, complementou o parlamentar.<\/p>\n\n\n\n<p>\u201cO Alceu e o Luciano t\u00eam sido atores importantes na intermedia\u00e7\u00e3o dos nossos pleitos a n\u00edvel federal e estadual, pois s\u00e3o daqui, vivem a nossa realidade, e portanto t\u00eam propriedade suficiente para nos auxiliarem em todo e qualquer processo. Tenho certeza que todos voc\u00eas aqui compartilham desse mesmo sentimento\u201d, considerou o prefeito de Os\u00f3rio e anfitri\u00e3o do evento, Roger Caputi.<\/p>\n\n\n\n<p><strong>Pra Frente Litoral em n\u00fameros:<\/strong><\/p>\n\n\n\n<p>R$ 10 milh\u00f5es em infraestrutura e pavimenta\u00e7\u00e3o<\/p>\n\n\n\n<p>R$ 4,7 milh\u00f5es para a sa\u00fade<\/p>\n\n\n\n<p>R$ 500 mil para a assist\u00eancia social (Apaes)<\/p>\n","protected":false},"excerpt":{"rendered":"<p>Representantes do Litoral Norte na C\u00e2mara Federal e na Assembleia Legislativa, os deputados Alceu Moreira e Luciano Silveira (MDB) anunciaram na manh\u00e3 desta sexta-feira (15), em Os\u00f3rio, mais de R$ 15 milh\u00f5es em novos recursos para a regi\u00e3o. Batizado de \u2018Pra Frente Litoral\u2019, a iniciativa contempla todos os 23 munic\u00edpios locais em diversas \u00e1reas, a [&hellip;]<\/p>\n","protected":false},"author":2,"featured_media":944,"comment_status":"open","ping_status":"open","sticky":false,"template":"","format":"standard","meta":{"_themeisle_gutenberg_block_has_review":false,"footnotes":""},"categories":[20],"tags":[],"class_list":["post-943","post","type-post","status-publish","format-standard","has-post-thumbnail","hentry","category-litoral_norte"],"yoast_head":"<!-- This site is optimized with the Yoast SEO plugin v27.4 - https:\/\/yoast.com\/product\/yoast-seo-wordpress\/ -->\n<title>Deputados Alceu Moreira e Luciano Silveira anunciam mais de R$ 15 milh\u00f5es para o Litoral Norte - Rede Litoral RS<\/title>\n<meta name=\"robots\" content=\"index, follow, max-snippet:-1, max-image-preview:large, max-video-preview:-1\" \/>\n<link rel=\"canonical\" href=\"https:\/\/redelitoralrs.com\/index.php\/2024\/03\/17\/deputados-alceu-moreira-e-luciano-silveira-anunciam-mais-de-r-15-milhoes-para-o-litoral-norte\/\" \/>\n<meta property=\"og:locale\" content=\"pt_BR\" \/>\n<meta property=\"og:type\" content=\"article\" \/>\n<meta property=\"og:title\" content=\"Deputados Alceu Moreira e Luciano Silveira anunciam mais de R$ 15 milh\u00f5es para o Litoral Norte - Rede Litoral RS\" \/>\n<meta property=\"og:description\" content=\"Representantes do Litoral Norte na C\u00e2mara Federal e na Assembleia Legislativa, os deputados Alceu Moreira e Luciano Silveira (MDB) anunciaram na manh\u00e3 desta sexta-feira (15), em Os\u00f3rio, mais de R$ 15 milh\u00f5es em novos recursos para a regi\u00e3o. Batizado de \u2018Pra Frente Litoral\u2019, a iniciativa contempla todos os 23 munic\u00edpios locais em diversas \u00e1reas, a [&hellip;]\" \/>\n<meta property=\"og:url\" content=\"https:\/\/redelitoralrs.com\/index.php\/2024\/03\/17\/deputados-alceu-moreira-e-luciano-silveira-anunciam-mais-de-r-15-milhoes-para-o-litoral-norte\/\" \/>\n<meta property=\"og:site_name\" content=\"Rede Litoral RS\" \/>\n<meta property=\"article:publisher\" content=\"https:\/\/www.facebook.com\/tvlitoralrsoficial\" \/>\n<meta property=\"article:published_time\" content=\"2024-03-17T21:29:56+00:00\" \/>\n<meta property=\"og:image\" content=\"https:\/\/redelitoralrs.com\/wp-content\/uploads\/2024\/03\/luciano-investimentos.jpg\" \/>\n\t<meta property=\"og:image:width\" content=\"900\" \/>\n\t<meta property=\"og:image:height\" content=\"599\" \/>\n\t<meta property=\"og:image:type\" content=\"image\/jpeg\" \/>\n<meta name=\"author\" content=\"Reda\u00e7\u00e3o TV Litoral\" \/>\n<meta name=\"twitter:card\" content=\"summary_large_image\" \/>\n<meta name=\"twitter:label1\" content=\"Escrito por\" \/>\n\t<meta name=\"twitter:data1\" content=\"Reda\u00e7\u00e3o TV Litoral\" \/>\n\t<meta name=\"twitter:label2\" content=\"Est. tempo de leitura\" \/>\n\t<meta name=\"twitter:data2\" content=\"2 minutos\" \/>\n<script type=\"application\/ld+json\" class=\"yoast-schema-graph\">{\"@context\":\"https:\\\/\\\/schema.org\",\"@graph\":[{\"@type\":\"Article\",\"@id\":\"https:\\\/\\\/redelitoralrs.com\\\/index.php\\\/2024\\\/03\\\/17\\\/deputados-alceu-moreira-e-luciano-silveira-anunciam-mais-de-r-15-milhoes-para-o-litoral-norte\\\/#article\",\"isPartOf\":{\"@id\":\"https:\\\/\\\/redelitoralrs.com\\\/index.php\\\/2024\\\/03\\\/17\\\/deputados-alceu-moreira-e-luciano-silveira-anunciam-mais-de-r-15-milhoes-para-o-litoral-norte\\\/\"},\"author\":{\"name\":\"Reda\u00e7\u00e3o TV Litoral\",\"@id\":\"https:\\\/\\\/redelitoralrs.com\\\/#\\\/schema\\\/person\\\/9f8181f2a7359dd3986f05ebaf5bd68a\"},\"headline\":\"Deputados Alceu Moreira e Luciano Silveira anunciam mais de R$ 15 milh\u00f5es para o Litoral Norte\",\"datePublished\":\"2024-03-17T21:29:56+00:00\",\"mainEntityOfPage\":{\"@id\":\"https:\\\/\\\/redelitoralrs.com\\\/index.php\\\/2024\\\/03\\\/17\\\/deputados-alceu-moreira-e-luciano-silveira-anunciam-mais-de-r-15-milhoes-para-o-litoral-norte\\\/\"},\"wordCount\":459,\"commentCount\":0,\"publisher\":{\"@id\":\"https:\\\/\\\/redelitoralrs.com\\\/#organization\"},\"image\":{\"@id\":\"https:\\\/\\\/redelitoralrs.com\\\/index.php\\\/2024\\\/03\\\/17\\\/deputados-alceu-moreira-e-luciano-silveira-anunciam-mais-de-r-15-milhoes-para-o-litoral-norte\\\/#primaryimage\"},\"thumbnailUrl\":\"https:\\\/\\\/redelitoralrs.com\\\/wp-content\\\/uploads\\\/2024\\\/03\\\/luciano-investimentos.jpg\",\"articleSection\":[\"Litoral Norte\"],\"inLanguage\":\"pt-BR\",\"potentialAction\":[{\"@type\":\"CommentAction\",\"name\":\"Comment\",\"target\":[\"https:\\\/\\\/redelitoralrs.com\\\/index.php\\\/2024\\\/03\\\/17\\\/deputados-alceu-moreira-e-luciano-silveira-anunciam-mais-de-r-15-milhoes-para-o-litoral-norte\\\/#respond\"]}]},{\"@type\":\"WebPage\",\"@id\":\"https:\\\/\\\/redelitoralrs.com\\\/index.php\\\/2024\\\/03\\\/17\\\/deputados-alceu-moreira-e-luciano-silveira-anunciam-mais-de-r-15-milhoes-para-o-litoral-norte\\\/\",\"url\":\"https:\\\/\\\/redelitoralrs.com\\\/index.php\\\/2024\\\/03\\\/17\\\/deputados-alceu-moreira-e-luciano-silveira-anunciam-mais-de-r-15-milhoes-para-o-litoral-norte\\\/\",\"name\":\"Deputados Alceu Moreira e Luciano Silveira anunciam mais de R$ 15 milh\u00f5es para o Litoral Norte - Rede Litoral RS\",\"isPartOf\":{\"@id\":\"https:\\\/\\\/redelitoralrs.com\\\/#website\"},\"primaryImageOfPage\":{\"@id\":\"https:\\\/\\\/redelitoralrs.com\\\/index.php\\\/2024\\\/03\\\/17\\\/deputados-alceu-moreira-e-luciano-silveira-anunciam-mais-de-r-15-milhoes-para-o-litoral-norte\\\/#primaryimage\"},\"image\":{\"@id\":\"https:\\\/\\\/redelitoralrs.com\\\/index.php\\\/2024\\\/03\\\/17\\\/deputados-alceu-moreira-e-luciano-silveira-anunciam-mais-de-r-15-milhoes-para-o-litoral-norte\\\/#primaryimage\"},\"thumbnailUrl\":\"https:\\\/\\\/redelitoralrs.com\\\/wp-content\\\/uploads\\\/2024\\\/03\\\/luciano-investimentos.jpg\",\"datePublished\":\"2024-03-17T21:29:56+00:00\",\"breadcrumb\":{\"@id\":\"https:\\\/\\\/redelitoralrs.com\\\/index.php\\\/2024\\\/03\\\/17\\\/deputados-alceu-moreira-e-luciano-silveira-anunciam-mais-de-r-15-milhoes-para-o-litoral-norte\\\/#breadcrumb\"},\"inLanguage\":\"pt-BR\",\"potentialAction\":[{\"@type\":\"ReadAction\",\"target\":[\"https:\\\/\\\/redelitoralrs.com\\\/index.php\\\/2024\\\/03\\\/17\\\/deputados-alceu-moreira-e-luciano-silveira-anunciam-mais-de-r-15-milhoes-para-o-litoral-norte\\\/\"]}]},{\"@type\":\"ImageObject\",\"inLanguage\":\"pt-BR\",\"@id\":\"https:\\\/\\\/redelitoralrs.com\\\/index.php\\\/2024\\\/03\\\/17\\\/deputados-alceu-moreira-e-luciano-silveira-anunciam-mais-de-r-15-milhoes-para-o-litoral-norte\\\/#primaryimage\",\"url\":\"https:\\\/\\\/redelitoralrs.com\\\/wp-content\\\/uploads\\\/2024\\\/03\\\/luciano-investimentos.jpg\",\"contentUrl\":\"https:\\\/\\\/redelitoralrs.com\\\/wp-content\\\/uploads\\\/2024\\\/03\\\/luciano-investimentos.jpg\",\"width\":900,\"height\":599},{\"@type\":\"BreadcrumbList\",\"@id\":\"https:\\\/\\\/redelitoralrs.com\\\/index.php\\\/2024\\\/03\\\/17\\\/deputados-alceu-moreira-e-luciano-silveira-anunciam-mais-de-r-15-milhoes-para-o-litoral-norte\\\/#breadcrumb\",\"itemListElement\":[{\"@type\":\"ListItem\",\"position\":1,\"name\":\"In\u00edcio\",\"item\":\"https:\\\/\\\/redelitoralrs.com\\\/\"},{\"@type\":\"ListItem\",\"position\":2,\"name\":\"Deputados Alceu Moreira e Luciano Silveira anunciam mais de R$ 15 milh\u00f5es para o Litoral Norte\"}]},{\"@type\":\"WebSite\",\"@id\":\"https:\\\/\\\/redelitoralrs.com\\\/#website\",\"url\":\"https:\\\/\\\/redelitoralrs.com\\\/\",\"name\":\"TV Litoral\",\"description\":\"Acompanhe tudo do litoral ga\u00facho com a cobertura completa e atualizada da Rede Litoral RS. Nossos jornalistas trazem as \u00faltimas not\u00edcias, os acontecimentos mais quentes e as hist\u00f3rias que importam sobre nosso amado litoral.\",\"publisher\":{\"@id\":\"https:\\\/\\\/redelitoralrs.com\\\/#organization\"},\"potentialAction\":[{\"@type\":\"SearchAction\",\"target\":{\"@type\":\"EntryPoint\",\"urlTemplate\":\"https:\\\/\\\/redelitoralrs.com\\\/?s={search_term_string}\"},\"query-input\":{\"@type\":\"PropertyValueSpecification\",\"valueRequired\":true,\"valueName\":\"search_term_string\"}}],\"inLanguage\":\"pt-BR\"},{\"@type\":\"Organization\",\"@id\":\"https:\\\/\\\/redelitoralrs.com\\\/#organization\",\"name\":\"TV Litoral\",\"url\":\"https:\\\/\\\/redelitoralrs.com\\\/\",\"logo\":{\"@type\":\"ImageObject\",\"inLanguage\":\"pt-BR\",\"@id\":\"https:\\\/\\\/redelitoralrs.com\\\/#\\\/schema\\\/logo\\\/image\\\/\",\"url\":\"https:\\\/\\\/redelitoralrs.com\\\/wp-content\\\/uploads\\\/2024\\\/01\\\/faviconicon-1-1.png\",\"contentUrl\":\"https:\\\/\\\/redelitoralrs.com\\\/wp-content\\\/uploads\\\/2024\\\/01\\\/faviconicon-1-1.png\",\"width\":454,\"height\":454,\"caption\":\"TV Litoral\"},\"image\":{\"@id\":\"https:\\\/\\\/redelitoralrs.com\\\/#\\\/schema\\\/logo\\\/image\\\/\"},\"sameAs\":[\"https:\\\/\\\/www.facebook.com\\\/tvlitoralrsoficial\",\"https:\\\/\\\/www.instagram.com\\\/tvlitoral.rs\"]},{\"@type\":\"Person\",\"@id\":\"https:\\\/\\\/redelitoralrs.com\\\/#\\\/schema\\\/person\\\/9f8181f2a7359dd3986f05ebaf5bd68a\",\"name\":\"Reda\u00e7\u00e3o TV Litoral\",\"image\":{\"@type\":\"ImageObject\",\"inLanguage\":\"pt-BR\",\"@id\":\"https:\\\/\\\/redelitoralrs.com\\\/wp-content\\\/litespeed\\\/avatar\\\/779aafbb45e66c7f82733e21abb48259.jpg?ver=1777561602\",\"url\":\"https:\\\/\\\/redelitoralrs.com\\\/wp-content\\\/litespeed\\\/avatar\\\/779aafbb45e66c7f82733e21abb48259.jpg?ver=1777561602\",\"contentUrl\":\"https:\\\/\\\/redelitoralrs.com\\\/wp-content\\\/litespeed\\\/avatar\\\/779aafbb45e66c7f82733e21abb48259.jpg?ver=1777561602\",\"caption\":\"Reda\u00e7\u00e3o TV Litoral\"},\"description\":\"A Rede Litoral de Comunica\u00e7\u00e3o \u00e9 um grupo de m\u00eddia multiplataforma do Litoral Norte do RS. Com atua\u00e7\u00e3o em TV, r\u00e1dio, portal e redes sociais, levamos informa\u00e7\u00e3o, conte\u00fado e entretenimento \u00e0 comunidade, fortalecendo a comunica\u00e7\u00e3o local e impulsionando o desenvolvimento regional. Acompanhe atrav\u00e9s de @redelitoralrs.\",\"sameAs\":[\"https:\\\/\\\/redelitoralrs.com\",\"https:\\\/\\\/www.instagram.com\\\/redelitoralrs\",\"https:\\\/\\\/www.youtube.com\\\/@redelitoralrs\"],\"url\":\"https:\\\/\\\/redelitoralrs.com\\\/index.php\\\/author\\\/redacaotvlitoral\\\/\"}]}<\/script>\n<!-- \/ Yoast SEO plugin. -->","yoast_head_json":{"title":"Deputados Alceu Moreira e Luciano Silveira anunciam mais de R$ 15 milh\u00f5es para o Litoral Norte - Rede Litoral RS","robots":{"index":"index","follow":"follow","max-snippet":"max-snippet:-1","max-image-preview":"max-image-preview:large","max-video-preview":"max-video-preview:-1"},"canonical":"https:\/\/redelitoralrs.com\/index.php\/2024\/03\/17\/deputados-alceu-moreira-e-luciano-silveira-anunciam-mais-de-r-15-milhoes-para-o-litoral-norte\/","og_locale":"pt_BR","og_type":"article","og_title":"Deputados Alceu Moreira e Luciano Silveira anunciam mais de R$ 15 milh\u00f5es para o Litoral Norte - Rede Litoral RS","og_description":"Representantes do Litoral Norte na C\u00e2mara Federal e na Assembleia Legislativa, os deputados Alceu Moreira e Luciano Silveira (MDB) anunciaram na manh\u00e3 desta sexta-feira (15), em Os\u00f3rio, mais de R$ 15 milh\u00f5es em novos recursos para a regi\u00e3o. Batizado de \u2018Pra Frente Litoral\u2019, a iniciativa contempla todos os 23 munic\u00edpios locais em diversas \u00e1reas, a [&hellip;]","og_url":"https:\/\/redelitoralrs.com\/index.php\/2024\/03\/17\/deputados-alceu-moreira-e-luciano-silveira-anunciam-mais-de-r-15-milhoes-para-o-litoral-norte\/","og_site_name":"Rede Litoral RS","article_publisher":"https:\/\/www.facebook.com\/tvlitoralrsoficial","article_published_time":"2024-03-17T21:29:56+00:00","og_image":[{"width":900,"height":599,"url":"https:\/\/redelitoralrs.com\/wp-content\/uploads\/2024\/03\/luciano-investimentos.jpg","type":"image\/jpeg"}],"author":"Reda\u00e7\u00e3o TV Litoral","twitter_card":"summary_large_image","twitter_misc":{"Escrito por":"Reda\u00e7\u00e3o TV Litoral","Est. tempo de leitura":"2 minutos"},"schema":{"@context":"https:\/\/schema.org","@graph":[{"@type":"Article","@id":"https:\/\/redelitoralrs.com\/index.php\/2024\/03\/17\/deputados-alceu-moreira-e-luciano-silveira-anunciam-mais-de-r-15-milhoes-para-o-litoral-norte\/#article","isPartOf":{"@id":"https:\/\/redelitoralrs.com\/index.php\/2024\/03\/17\/deputados-alceu-moreira-e-luciano-silveira-anunciam-mais-de-r-15-milhoes-para-o-litoral-norte\/"},"author":{"name":"Reda\u00e7\u00e3o TV Litoral","@id":"https:\/\/redelitoralrs.com\/#\/schema\/person\/9f8181f2a7359dd3986f05ebaf5bd68a"},"headline":"Deputados Alceu Moreira e Luciano Silveira anunciam mais de R$ 15 milh\u00f5es para o Litoral Norte","datePublished":"2024-03-17T21:29:56+00:00","mainEntityOfPage":{"@id":"https:\/\/redelitoralrs.com\/index.php\/2024\/03\/17\/deputados-alceu-moreira-e-luciano-silveira-anunciam-mais-de-r-15-milhoes-para-o-litoral-norte\/"},"wordCount":459,"commentCount":0,"publisher":{"@id":"https:\/\/redelitoralrs.com\/#organization"},"image":{"@id":"https:\/\/redelitoralrs.com\/index.php\/2024\/03\/17\/deputados-alceu-moreira-e-luciano-silveira-anunciam-mais-de-r-15-milhoes-para-o-litoral-norte\/#primaryimage"},"thumbnailUrl":"https:\/\/redelitoralrs.com\/wp-content\/uploads\/2024\/03\/luciano-investimentos.jpg","articleSection":["Litoral Norte"],"inLanguage":"pt-BR","potentialAction":[{"@type":"CommentAction","name":"Comment","target":["https:\/\/redelitoralrs.com\/index.php\/2024\/03\/17\/deputados-alceu-moreira-e-luciano-silveira-anunciam-mais-de-r-15-milhoes-para-o-litoral-norte\/#respond"]}]},{"@type":"WebPage","@id":"https:\/\/redelitoralrs.com\/index.php\/2024\/03\/17\/deputados-alceu-moreira-e-luciano-silveira-anunciam-mais-de-r-15-milhoes-para-o-litoral-norte\/","url":"https:\/\/redelitoralrs.com\/index.php\/2024\/03\/17\/deputados-alceu-moreira-e-luciano-silveira-anunciam-mais-de-r-15-milhoes-para-o-litoral-norte\/","name":"Deputados Alceu Moreira e Luciano Silveira anunciam mais de R$ 15 milh\u00f5es para o Litoral Norte - Rede Litoral RS","isPartOf":{"@id":"https:\/\/redelitoralrs.com\/#website"},"primaryImageOfPage":{"@id":"https:\/\/redelitoralrs.com\/index.php\/2024\/03\/17\/deputados-alceu-moreira-e-luciano-silveira-anunciam-mais-de-r-15-milhoes-para-o-litoral-norte\/#primaryimage"},"image":{"@id":"https:\/\/redelitoralrs.com\/index.php\/2024\/03\/17\/deputados-alceu-moreira-e-luciano-silveira-anunciam-mais-de-r-15-milhoes-para-o-litoral-norte\/#primaryimage"},"thumbnailUrl":"https:\/\/redelitoralrs.com\/wp-content\/uploads\/2024\/03\/luciano-investimentos.jpg","datePublished":"2024-03-17T21:29:56+00:00","breadcrumb":{"@id":"https:\/\/redelitoralrs.com\/index.php\/2024\/03\/17\/deputados-alceu-moreira-e-luciano-silveira-anunciam-mais-de-r-15-milhoes-para-o-litoral-norte\/#breadcrumb"},"inLanguage":"pt-BR","potentialAction":[{"@type":"ReadAction","target":["https:\/\/redelitoralrs.com\/index.php\/2024\/03\/17\/deputados-alceu-moreira-e-luciano-silveira-anunciam-mais-de-r-15-milhoes-para-o-litoral-norte\/"]}]},{"@type":"ImageObject","inLanguage":"pt-BR","@id":"https:\/\/redelitoralrs.com\/index.php\/2024\/03\/17\/deputados-alceu-moreira-e-luciano-silveira-anunciam-mais-de-r-15-milhoes-para-o-litoral-norte\/#primaryimage","url":"https:\/\/redelitoralrs.com\/wp-content\/uploads\/2024\/03\/luciano-investimentos.jpg","contentUrl":"https:\/\/redelitoralrs.com\/wp-content\/uploads\/2024\/03\/luciano-investimentos.jpg","width":900,"height":599},{"@type":"BreadcrumbList","@id":"https:\/\/redelitoralrs.com\/index.php\/2024\/03\/17\/deputados-alceu-moreira-e-luciano-silveira-anunciam-mais-de-r-15-milhoes-para-o-litoral-norte\/#breadcrumb","itemListElement":[{"@type":"ListItem","position":1,"name":"In\u00edcio","item":"https:\/\/redelitoralrs.com\/"},{"@type":"ListItem","position":2,"name":"Deputados Alceu Moreira e Luciano Silveira anunciam mais de R$ 15 milh\u00f5es para o Litoral Norte"}]},{"@type":"WebSite","@id":"https:\/\/redelitoralrs.com\/#website","url":"https:\/\/redelitoralrs.com\/","name":"TV Litoral","description":"Acompanhe tudo do litoral ga\u00facho com a cobertura completa e atualizada da Rede Litoral RS. Nossos jornalistas trazem as \u00faltimas not\u00edcias, os acontecimentos mais quentes e as hist\u00f3rias que importam sobre nosso amado litoral.","publisher":{"@id":"https:\/\/redelitoralrs.com\/#organization"},"potentialAction":[{"@type":"SearchAction","target":{"@type":"EntryPoint","urlTemplate":"https:\/\/redelitoralrs.com\/?s={search_term_string}"},"query-input":{"@type":"PropertyValueSpecification","valueRequired":true,"valueName":"search_term_string"}}],"inLanguage":"pt-BR"},{"@type":"Organization","@id":"https:\/\/redelitoralrs.com\/#organization","name":"TV Litoral","url":"https:\/\/redelitoralrs.com\/","logo":{"@type":"ImageObject","inLanguage":"pt-BR","@id":"https:\/\/redelitoralrs.com\/#\/schema\/logo\/image\/","url":"https:\/\/redelitoralrs.com\/wp-content\/uploads\/2024\/01\/faviconicon-1-1.png","contentUrl":"https:\/\/redelitoralrs.com\/wp-content\/uploads\/2024\/01\/faviconicon-1-1.png","width":454,"height":454,"caption":"TV Litoral"},"image":{"@id":"https:\/\/redelitoralrs.com\/#\/schema\/logo\/image\/"},"sameAs":["https:\/\/www.facebook.com\/tvlitoralrsoficial","https:\/\/www.instagram.com\/tvlitoral.rs"]},{"@type":"Person","@id":"https:\/\/redelitoralrs.com\/#\/schema\/person\/9f8181f2a7359dd3986f05ebaf5bd68a","name":"Reda\u00e7\u00e3o TV Litoral","image":{"@type":"ImageObject","inLanguage":"pt-BR","@id":"https:\/\/redelitoralrs.com\/wp-content\/litespeed\/avatar\/779aafbb45e66c7f82733e21abb48259.jpg?ver=1777561602","url":"https:\/\/redelitoralrs.com\/wp-content\/litespeed\/avatar\/779aafbb45e66c7f82733e21abb48259.jpg?ver=1777561602","contentUrl":"https:\/\/redelitoralrs.com\/wp-content\/litespeed\/avatar\/779aafbb45e66c7f82733e21abb48259.jpg?ver=1777561602","caption":"Reda\u00e7\u00e3o TV Litoral"},"description":"A Rede Litoral de Comunica\u00e7\u00e3o \u00e9 um grupo de m\u00eddia multiplataforma do Litoral Norte do RS. Com atua\u00e7\u00e3o em TV, r\u00e1dio, portal e redes sociais, levamos informa\u00e7\u00e3o, conte\u00fado e entretenimento \u00e0 comunidade, fortalecendo a comunica\u00e7\u00e3o local e impulsionando o desenvolvimento regional. Acompanhe atrav\u00e9s de @redelitoralrs.","sameAs":["https:\/\/redelitoralrs.com","https:\/\/www.instagram.com\/redelitoralrs","https:\/\/www.youtube.com\/@redelitoralrs"],"url":"https:\/\/redelitoralrs.com\/index.php\/author\/redacaotvlitoral\/"}]}},"_links":{"self":[{"href":"https:\/\/redelitoralrs.com\/index.php\/wp-json\/wp\/v2\/posts\/943","targetHints":{"allow":["GET"]}}],"collection":[{"href":"https:\/\/redelitoralrs.com\/index.php\/wp-json\/wp\/v2\/posts"}],"about":[{"href":"https:\/\/redelitoralrs.com\/index.php\/wp-json\/wp\/v2\/types\/post"}],"author":[{"embeddable":true,"href":"https:\/\/redelitoralrs.com\/index.php\/wp-json\/wp\/v2\/users\/2"}],"replies":[{"embeddable":true,"href":"https:\/\/redelitoralrs.com\/index.php\/wp-json\/wp\/v2\/comments?post=943"}],"version-history":[{"count":1,"href":"https:\/\/redelitoralrs.com\/index.php\/wp-json\/wp\/v2\/posts\/943\/revisions"}],"predecessor-version":[{"id":945,"href":"https:\/\/redelitoralrs.com\/index.php\/wp-json\/wp\/v2\/posts\/943\/revisions\/945"}],"wp:featuredmedia":[{"embeddable":true,"href":"https:\/\/redelitoralrs.com\/index.php\/wp-json\/wp\/v2\/media\/944"}],"wp:attachment":[{"href":"https:\/\/redelitoralrs.com\/index.php\/wp-json\/wp\/v2\/media?parent=943"}],"wp:term":[{"taxonomy":"category","embeddable":true,"href":"https:\/\/redelitoralrs.com\/index.php\/wp-json\/wp\/v2\/categories?post=943"},{"taxonomy":"post_tag","embeddable":true,"href":"https:\/\/redelitoralrs.com\/index.php\/wp-json\/wp\/v2\/tags?post=943"}],"curies":[{"name":"wp","href":"https:\/\/api.w.org\/{rel}","templated":true}]}}