{"id":940,"date":"2024-03-17T18:23:46","date_gmt":"2024-03-17T21:23:46","guid":{"rendered":"https:\/\/redelitoralrs.com\/?p=940"},"modified":"2024-03-17T18:23:46","modified_gmt":"2024-03-17T21:23:46","slug":"inter-e-juventude-empatam-sem-gols-no-alfredo-jaconi-pela-semifinal-do-gauchao","status":"publish","type":"post","link":"https:\/\/redelitoralrs.com\/index.php\/2024\/03\/17\/inter-e-juventude-empatam-sem-gols-no-alfredo-jaconi-pela-semifinal-do-gauchao\/","title":{"rendered":"Inter e Juventude empatam sem gols no Alfredo Jaconi pela semifinal do Gauch\u00e3o"},"content":{"rendered":"\n<p>De camisa nova, o Inter n\u00e3o repetiu o desempenho que o levou a somar dez vit\u00f3rias seguidas na temporada. No jogo de ida das semifinais do Gauch\u00e3o, no Alfredo Jaconi, o Juventude, de Roger Machado, encarou o advers\u00e1rio de igual para igual em uma tarde de domingo sem gols. Com o 0 a 0, ningu\u00e9m tem vantagem a seu favor. O jogo de volta no Beira-Rio ser\u00e1 na outra segunda-feira, dia 25.<\/p>\n\n\n\n<p>No dia anterior, Enner Valencia, que sentiu o tornozelo e precisou ser substitu\u00eddo, estar\u00e1 com a sele\u00e7\u00e3o do Equador em amistoso nos Estados Unidos. O clube estuda uma log\u00edstica de ter o centroavante a tempo de estar em campo em Porto Alegre.<\/p>\n\n\n\n<p>Ainda que tenha sido um enfrentamento de marca\u00e7\u00e3o forte das duas equipes, ela n\u00e3o significou necessariamente precis\u00e3o. Dessa maneira, chances de gol n\u00e3o faltaram na primeira metade da partida. Principalmente do lado vermelho e especialmente com Enner Valencia. De verde e branco, Gilberto foi quem lamentou o desperd\u00edcio.<\/p>\n\n\n\n<h2 class=\"wp-block-heading\">Valencia descalibrado<\/h2>\n\n\n\n<p>Fazendo jus \u00e0 hist\u00f3ria do confronto, de cada dividida sa\u00eda fa\u00edsca. E quando algu\u00e9m chegava atrasado, pagava por isso. N\u00e3o por outra raz\u00e3o, com 15 minutos Lucas Barbosa recebeu amarelo por falta em Ar\u00e1nguiz, que tamb\u00e9m n\u00e3o demorou para levar o seu em lance semelhante.No recorde de tr\u00eas minutos, Valencia teve as duas bolas para abrir o placar. Aos 23, o equatoriano ganhou na for\u00e7a do zagueiro, mas n\u00e3o conseguiu completar o drible no goleiro. Aos 26, ele recebeu sozinho e com o gol ao seu dispor. Entretanto titubeou para concluir chutando a tempo de Gabriel fazer a defesa.<\/p>\n\n\n\n<p>A resposta do Juventude saiu em seguida, quando Gilberto atacou o espa\u00e7o vazio \u00e0s costas da zaga colorada. Ele recebeu de Jean Carlos em profundidade, mas adiantou a bola permitindo Anthoni de chegar a tempo e praticar sa\u00edda providencial. Nos minutos finais, Maur\u00edcio tamb\u00e9m teve oportunidades para levar o Inter em vantagem para o intervalo, mas n\u00e3o concluiu como de costume.<\/p>\n\n\n\n<h2 class=\"wp-block-heading\">Mercado salva<\/h2>\n\n\n\n<p>No que voltou do vesti\u00e1rio, o Inter tomou um grande susto. Jean Carlos escapou sozinho na cara de Anthoni. O goleiro novamente saiu nos p\u00e9s do atacante para impedir o gol. A sa\u00edda de Valencia, que sentiu o tornozelo e deu lugar a Alario, arrefeceu a for\u00e7a ofensiva. E na defesa Ar\u00e1nguiz por pouco n\u00e3o virou vil\u00e3o. O chileno errou passe na sa\u00edda de bola, Gilberto serviu Jean Carlo que chutou com Anthoni batido. Para sorte do volante, Mercado estava na cobertura e salvou o Inter.<\/p>\n\n\n\n<p>O jogo caiu de ritmo com o passar do tempo. Coudet lan\u00e7ou m\u00e3o do banco. Colocou primeiro R\u00f4mulo e Bruno Gomes e mais adiante Lucca e Wesley. Com menos alternativas, Roger Machado apostou no veterano Nen\u00ea. Sem o trio Alan Patrick, Wanderson e Valencia, o Inter n\u00e3o foi capaz de construir novas jogadas ofensivas. Da mesma maneira que o Ju, perdeu um pouco de f\u00f4lego. Nen\u00ea teve ainda um chute perigoso desviado por Mercado, novamente, salvando o Colorado. A decis\u00e3o est\u00e1 em aberto para o Beira-Rio. Quem vencer avan\u00e7a para a final. Em nova igualdade, a decis\u00e3o ser\u00e1 nos p\u00eanaltis.<\/p>\n","protected":false},"excerpt":{"rendered":"<p>De camisa nova, o Inter n\u00e3o repetiu o desempenho que o levou a somar dez vit\u00f3rias seguidas na temporada. No jogo de ida das semifinais do Gauch\u00e3o, no Alfredo Jaconi, o Juventude, de Roger Machado, encarou o advers\u00e1rio de igual para igual em uma tarde de domingo sem gols. Com o 0 a 0, ningu\u00e9m [&hellip;]<\/p>\n","protected":false},"author":2,"featured_media":941,"comment_status":"open","ping_status":"open","sticky":false,"template":"","format":"standard","meta":{"_themeisle_gutenberg_block_has_review":false,"footnotes":""},"categories":[21],"tags":[],"class_list":["post-940","post","type-post","status-publish","format-standard","has-post-thumbnail","hentry","category-gauchao-2025"],"yoast_head":"<!-- This site is optimized with the Yoast SEO plugin v27.4 - https:\/\/yoast.com\/product\/yoast-seo-wordpress\/ -->\n<title>Inter e Juventude empatam sem gols no Alfredo Jaconi pela semifinal do Gauch\u00e3o - Rede Litoral RS<\/title>\n<meta name=\"robots\" content=\"index, follow, max-snippet:-1, max-image-preview:large, max-video-preview:-1\" \/>\n<link rel=\"canonical\" href=\"https:\/\/redelitoralrs.com\/index.php\/2024\/03\/17\/inter-e-juventude-empatam-sem-gols-no-alfredo-jaconi-pela-semifinal-do-gauchao\/\" \/>\n<meta property=\"og:locale\" content=\"pt_BR\" \/>\n<meta property=\"og:type\" content=\"article\" \/>\n<meta property=\"og:title\" content=\"Inter e Juventude empatam sem gols no Alfredo Jaconi pela semifinal do Gauch\u00e3o - Rede Litoral RS\" \/>\n<meta property=\"og:description\" content=\"De camisa nova, o Inter n\u00e3o repetiu o desempenho que o levou a somar dez vit\u00f3rias seguidas na temporada. No jogo de ida das semifinais do Gauch\u00e3o, no Alfredo Jaconi, o Juventude, de Roger Machado, encarou o advers\u00e1rio de igual para igual em uma tarde de domingo sem gols. Com o 0 a 0, ningu\u00e9m [&hellip;]\" \/>\n<meta property=\"og:url\" content=\"https:\/\/redelitoralrs.com\/index.php\/2024\/03\/17\/inter-e-juventude-empatam-sem-gols-no-alfredo-jaconi-pela-semifinal-do-gauchao\/\" \/>\n<meta property=\"og:site_name\" content=\"Rede Litoral RS\" \/>\n<meta property=\"article:publisher\" content=\"https:\/\/www.facebook.com\/tvlitoralrsoficial\" \/>\n<meta property=\"article:published_time\" content=\"2024-03-17T21:23:46+00:00\" \/>\n<meta property=\"og:image\" content=\"https:\/\/redelitoralrs.com\/wp-content\/uploads\/2024\/03\/53593716506-cb7c6f9466-o.jpg\" \/>\n\t<meta property=\"og:image:width\" content=\"720\" \/>\n\t<meta property=\"og:image:height\" content=\"359\" \/>\n\t<meta property=\"og:image:type\" content=\"image\/jpeg\" \/>\n<meta name=\"author\" content=\"Reda\u00e7\u00e3o TV Litoral\" \/>\n<meta name=\"twitter:card\" content=\"summary_large_image\" \/>\n<meta name=\"twitter:label1\" content=\"Escrito por\" \/>\n\t<meta name=\"twitter:data1\" content=\"Reda\u00e7\u00e3o TV Litoral\" \/>\n\t<meta name=\"twitter:label2\" content=\"Est. tempo de leitura\" \/>\n\t<meta name=\"twitter:data2\" content=\"3 minutos\" \/>\n<script type=\"application\/ld+json\" class=\"yoast-schema-graph\">{\"@context\":\"https:\\\/\\\/schema.org\",\"@graph\":[{\"@type\":\"Article\",\"@id\":\"https:\\\/\\\/redelitoralrs.com\\\/index.php\\\/2024\\\/03\\\/17\\\/inter-e-juventude-empatam-sem-gols-no-alfredo-jaconi-pela-semifinal-do-gauchao\\\/#article\",\"isPartOf\":{\"@id\":\"https:\\\/\\\/redelitoralrs.com\\\/index.php\\\/2024\\\/03\\\/17\\\/inter-e-juventude-empatam-sem-gols-no-alfredo-jaconi-pela-semifinal-do-gauchao\\\/\"},\"author\":{\"name\":\"Reda\u00e7\u00e3o TV Litoral\",\"@id\":\"https:\\\/\\\/redelitoralrs.com\\\/#\\\/schema\\\/person\\\/9f8181f2a7359dd3986f05ebaf5bd68a\"},\"headline\":\"Inter e Juventude empatam sem gols no Alfredo Jaconi pela semifinal do Gauch\u00e3o\",\"datePublished\":\"2024-03-17T21:23:46+00:00\",\"mainEntityOfPage\":{\"@id\":\"https:\\\/\\\/redelitoralrs.com\\\/index.php\\\/2024\\\/03\\\/17\\\/inter-e-juventude-empatam-sem-gols-no-alfredo-jaconi-pela-semifinal-do-gauchao\\\/\"},\"wordCount\":567,\"commentCount\":0,\"publisher\":{\"@id\":\"https:\\\/\\\/redelitoralrs.com\\\/#organization\"},\"image\":{\"@id\":\"https:\\\/\\\/redelitoralrs.com\\\/index.php\\\/2024\\\/03\\\/17\\\/inter-e-juventude-empatam-sem-gols-no-alfredo-jaconi-pela-semifinal-do-gauchao\\\/#primaryimage\"},\"thumbnailUrl\":\"https:\\\/\\\/redelitoralrs.com\\\/wp-content\\\/uploads\\\/2024\\\/03\\\/53593716506-cb7c6f9466-o.jpg\",\"articleSection\":[\"Gauch\u00e3o 2025\"],\"inLanguage\":\"pt-BR\",\"potentialAction\":[{\"@type\":\"CommentAction\",\"name\":\"Comment\",\"target\":[\"https:\\\/\\\/redelitoralrs.com\\\/index.php\\\/2024\\\/03\\\/17\\\/inter-e-juventude-empatam-sem-gols-no-alfredo-jaconi-pela-semifinal-do-gauchao\\\/#respond\"]}]},{\"@type\":\"WebPage\",\"@id\":\"https:\\\/\\\/redelitoralrs.com\\\/index.php\\\/2024\\\/03\\\/17\\\/inter-e-juventude-empatam-sem-gols-no-alfredo-jaconi-pela-semifinal-do-gauchao\\\/\",\"url\":\"https:\\\/\\\/redelitoralrs.com\\\/index.php\\\/2024\\\/03\\\/17\\\/inter-e-juventude-empatam-sem-gols-no-alfredo-jaconi-pela-semifinal-do-gauchao\\\/\",\"name\":\"Inter e Juventude empatam sem gols no Alfredo Jaconi pela semifinal do Gauch\u00e3o - Rede Litoral RS\",\"isPartOf\":{\"@id\":\"https:\\\/\\\/redelitoralrs.com\\\/#website\"},\"primaryImageOfPage\":{\"@id\":\"https:\\\/\\\/redelitoralrs.com\\\/index.php\\\/2024\\\/03\\\/17\\\/inter-e-juventude-empatam-sem-gols-no-alfredo-jaconi-pela-semifinal-do-gauchao\\\/#primaryimage\"},\"image\":{\"@id\":\"https:\\\/\\\/redelitoralrs.com\\\/index.php\\\/2024\\\/03\\\/17\\\/inter-e-juventude-empatam-sem-gols-no-alfredo-jaconi-pela-semifinal-do-gauchao\\\/#primaryimage\"},\"thumbnailUrl\":\"https:\\\/\\\/redelitoralrs.com\\\/wp-content\\\/uploads\\\/2024\\\/03\\\/53593716506-cb7c6f9466-o.jpg\",\"datePublished\":\"2024-03-17T21:23:46+00:00\",\"breadcrumb\":{\"@id\":\"https:\\\/\\\/redelitoralrs.com\\\/index.php\\\/2024\\\/03\\\/17\\\/inter-e-juventude-empatam-sem-gols-no-alfredo-jaconi-pela-semifinal-do-gauchao\\\/#breadcrumb\"},\"inLanguage\":\"pt-BR\",\"potentialAction\":[{\"@type\":\"ReadAction\",\"target\":[\"https:\\\/\\\/redelitoralrs.com\\\/index.php\\\/2024\\\/03\\\/17\\\/inter-e-juventude-empatam-sem-gols-no-alfredo-jaconi-pela-semifinal-do-gauchao\\\/\"]}]},{\"@type\":\"ImageObject\",\"inLanguage\":\"pt-BR\",\"@id\":\"https:\\\/\\\/redelitoralrs.com\\\/index.php\\\/2024\\\/03\\\/17\\\/inter-e-juventude-empatam-sem-gols-no-alfredo-jaconi-pela-semifinal-do-gauchao\\\/#primaryimage\",\"url\":\"https:\\\/\\\/redelitoralrs.com\\\/wp-content\\\/uploads\\\/2024\\\/03\\\/53593716506-cb7c6f9466-o.jpg\",\"contentUrl\":\"https:\\\/\\\/redelitoralrs.com\\\/wp-content\\\/uploads\\\/2024\\\/03\\\/53593716506-cb7c6f9466-o.jpg\",\"width\":720,\"height\":359},{\"@type\":\"BreadcrumbList\",\"@id\":\"https:\\\/\\\/redelitoralrs.com\\\/index.php\\\/2024\\\/03\\\/17\\\/inter-e-juventude-empatam-sem-gols-no-alfredo-jaconi-pela-semifinal-do-gauchao\\\/#breadcrumb\",\"itemListElement\":[{\"@type\":\"ListItem\",\"position\":1,\"name\":\"In\u00edcio\",\"item\":\"https:\\\/\\\/redelitoralrs.com\\\/\"},{\"@type\":\"ListItem\",\"position\":2,\"name\":\"Inter e Juventude empatam sem gols no Alfredo Jaconi pela semifinal do Gauch\u00e3o\"}]},{\"@type\":\"WebSite\",\"@id\":\"https:\\\/\\\/redelitoralrs.com\\\/#website\",\"url\":\"https:\\\/\\\/redelitoralrs.com\\\/\",\"name\":\"TV Litoral\",\"description\":\"Acompanhe tudo do litoral ga\u00facho com a cobertura completa e atualizada da Rede Litoral RS. Nossos jornalistas trazem as \u00faltimas not\u00edcias, os acontecimentos mais quentes e as hist\u00f3rias que importam sobre nosso amado litoral.\",\"publisher\":{\"@id\":\"https:\\\/\\\/redelitoralrs.com\\\/#organization\"},\"potentialAction\":[{\"@type\":\"SearchAction\",\"target\":{\"@type\":\"EntryPoint\",\"urlTemplate\":\"https:\\\/\\\/redelitoralrs.com\\\/?s={search_term_string}\"},\"query-input\":{\"@type\":\"PropertyValueSpecification\",\"valueRequired\":true,\"valueName\":\"search_term_string\"}}],\"inLanguage\":\"pt-BR\"},{\"@type\":\"Organization\",\"@id\":\"https:\\\/\\\/redelitoralrs.com\\\/#organization\",\"name\":\"TV Litoral\",\"url\":\"https:\\\/\\\/redelitoralrs.com\\\/\",\"logo\":{\"@type\":\"ImageObject\",\"inLanguage\":\"pt-BR\",\"@id\":\"https:\\\/\\\/redelitoralrs.com\\\/#\\\/schema\\\/logo\\\/image\\\/\",\"url\":\"https:\\\/\\\/redelitoralrs.com\\\/wp-content\\\/uploads\\\/2024\\\/01\\\/faviconicon-1-1.png\",\"contentUrl\":\"https:\\\/\\\/redelitoralrs.com\\\/wp-content\\\/uploads\\\/2024\\\/01\\\/faviconicon-1-1.png\",\"width\":454,\"height\":454,\"caption\":\"TV Litoral\"},\"image\":{\"@id\":\"https:\\\/\\\/redelitoralrs.com\\\/#\\\/schema\\\/logo\\\/image\\\/\"},\"sameAs\":[\"https:\\\/\\\/www.facebook.com\\\/tvlitoralrsoficial\",\"https:\\\/\\\/www.instagram.com\\\/tvlitoral.rs\"]},{\"@type\":\"Person\",\"@id\":\"https:\\\/\\\/redelitoralrs.com\\\/#\\\/schema\\\/person\\\/9f8181f2a7359dd3986f05ebaf5bd68a\",\"name\":\"Reda\u00e7\u00e3o TV Litoral\",\"image\":{\"@type\":\"ImageObject\",\"inLanguage\":\"pt-BR\",\"@id\":\"https:\\\/\\\/redelitoralrs.com\\\/wp-content\\\/litespeed\\\/avatar\\\/779aafbb45e66c7f82733e21abb48259.jpg?ver=1777561602\",\"url\":\"https:\\\/\\\/redelitoralrs.com\\\/wp-content\\\/litespeed\\\/avatar\\\/779aafbb45e66c7f82733e21abb48259.jpg?ver=1777561602\",\"contentUrl\":\"https:\\\/\\\/redelitoralrs.com\\\/wp-content\\\/litespeed\\\/avatar\\\/779aafbb45e66c7f82733e21abb48259.jpg?ver=1777561602\",\"caption\":\"Reda\u00e7\u00e3o TV Litoral\"},\"description\":\"A Rede Litoral de Comunica\u00e7\u00e3o \u00e9 um grupo de m\u00eddia multiplataforma do Litoral Norte do RS. Com atua\u00e7\u00e3o em TV, r\u00e1dio, portal e redes sociais, levamos informa\u00e7\u00e3o, conte\u00fado e entretenimento \u00e0 comunidade, fortalecendo a comunica\u00e7\u00e3o local e impulsionando o desenvolvimento regional. Acompanhe atrav\u00e9s de @redelitoralrs.\",\"sameAs\":[\"https:\\\/\\\/redelitoralrs.com\",\"https:\\\/\\\/www.instagram.com\\\/redelitoralrs\",\"https:\\\/\\\/www.youtube.com\\\/@redelitoralrs\"],\"url\":\"https:\\\/\\\/redelitoralrs.com\\\/index.php\\\/author\\\/redacaotvlitoral\\\/\"}]}<\/script>\n<!-- \/ Yoast SEO plugin. -->","yoast_head_json":{"title":"Inter e Juventude empatam sem gols no Alfredo Jaconi pela semifinal do Gauch\u00e3o - Rede Litoral RS","robots":{"index":"index","follow":"follow","max-snippet":"max-snippet:-1","max-image-preview":"max-image-preview:large","max-video-preview":"max-video-preview:-1"},"canonical":"https:\/\/redelitoralrs.com\/index.php\/2024\/03\/17\/inter-e-juventude-empatam-sem-gols-no-alfredo-jaconi-pela-semifinal-do-gauchao\/","og_locale":"pt_BR","og_type":"article","og_title":"Inter e Juventude empatam sem gols no Alfredo Jaconi pela semifinal do Gauch\u00e3o - Rede Litoral RS","og_description":"De camisa nova, o Inter n\u00e3o repetiu o desempenho que o levou a somar dez vit\u00f3rias seguidas na temporada. No jogo de ida das semifinais do Gauch\u00e3o, no Alfredo Jaconi, o Juventude, de Roger Machado, encarou o advers\u00e1rio de igual para igual em uma tarde de domingo sem gols. Com o 0 a 0, ningu\u00e9m [&hellip;]","og_url":"https:\/\/redelitoralrs.com\/index.php\/2024\/03\/17\/inter-e-juventude-empatam-sem-gols-no-alfredo-jaconi-pela-semifinal-do-gauchao\/","og_site_name":"Rede Litoral RS","article_publisher":"https:\/\/www.facebook.com\/tvlitoralrsoficial","article_published_time":"2024-03-17T21:23:46+00:00","og_image":[{"width":720,"height":359,"url":"https:\/\/redelitoralrs.com\/wp-content\/uploads\/2024\/03\/53593716506-cb7c6f9466-o.jpg","type":"image\/jpeg"}],"author":"Reda\u00e7\u00e3o TV Litoral","twitter_card":"summary_large_image","twitter_misc":{"Escrito por":"Reda\u00e7\u00e3o TV Litoral","Est. tempo de leitura":"3 minutos"},"schema":{"@context":"https:\/\/schema.org","@graph":[{"@type":"Article","@id":"https:\/\/redelitoralrs.com\/index.php\/2024\/03\/17\/inter-e-juventude-empatam-sem-gols-no-alfredo-jaconi-pela-semifinal-do-gauchao\/#article","isPartOf":{"@id":"https:\/\/redelitoralrs.com\/index.php\/2024\/03\/17\/inter-e-juventude-empatam-sem-gols-no-alfredo-jaconi-pela-semifinal-do-gauchao\/"},"author":{"name":"Reda\u00e7\u00e3o TV Litoral","@id":"https:\/\/redelitoralrs.com\/#\/schema\/person\/9f8181f2a7359dd3986f05ebaf5bd68a"},"headline":"Inter e Juventude empatam sem gols no Alfredo Jaconi pela semifinal do Gauch\u00e3o","datePublished":"2024-03-17T21:23:46+00:00","mainEntityOfPage":{"@id":"https:\/\/redelitoralrs.com\/index.php\/2024\/03\/17\/inter-e-juventude-empatam-sem-gols-no-alfredo-jaconi-pela-semifinal-do-gauchao\/"},"wordCount":567,"commentCount":0,"publisher":{"@id":"https:\/\/redelitoralrs.com\/#organization"},"image":{"@id":"https:\/\/redelitoralrs.com\/index.php\/2024\/03\/17\/inter-e-juventude-empatam-sem-gols-no-alfredo-jaconi-pela-semifinal-do-gauchao\/#primaryimage"},"thumbnailUrl":"https:\/\/redelitoralrs.com\/wp-content\/uploads\/2024\/03\/53593716506-cb7c6f9466-o.jpg","articleSection":["Gauch\u00e3o 2025"],"inLanguage":"pt-BR","potentialAction":[{"@type":"CommentAction","name":"Comment","target":["https:\/\/redelitoralrs.com\/index.php\/2024\/03\/17\/inter-e-juventude-empatam-sem-gols-no-alfredo-jaconi-pela-semifinal-do-gauchao\/#respond"]}]},{"@type":"WebPage","@id":"https:\/\/redelitoralrs.com\/index.php\/2024\/03\/17\/inter-e-juventude-empatam-sem-gols-no-alfredo-jaconi-pela-semifinal-do-gauchao\/","url":"https:\/\/redelitoralrs.com\/index.php\/2024\/03\/17\/inter-e-juventude-empatam-sem-gols-no-alfredo-jaconi-pela-semifinal-do-gauchao\/","name":"Inter e Juventude empatam sem gols no Alfredo Jaconi pela semifinal do Gauch\u00e3o - Rede Litoral RS","isPartOf":{"@id":"https:\/\/redelitoralrs.com\/#website"},"primaryImageOfPage":{"@id":"https:\/\/redelitoralrs.com\/index.php\/2024\/03\/17\/inter-e-juventude-empatam-sem-gols-no-alfredo-jaconi-pela-semifinal-do-gauchao\/#primaryimage"},"image":{"@id":"https:\/\/redelitoralrs.com\/index.php\/2024\/03\/17\/inter-e-juventude-empatam-sem-gols-no-alfredo-jaconi-pela-semifinal-do-gauchao\/#primaryimage"},"thumbnailUrl":"https:\/\/redelitoralrs.com\/wp-content\/uploads\/2024\/03\/53593716506-cb7c6f9466-o.jpg","datePublished":"2024-03-17T21:23:46+00:00","breadcrumb":{"@id":"https:\/\/redelitoralrs.com\/index.php\/2024\/03\/17\/inter-e-juventude-empatam-sem-gols-no-alfredo-jaconi-pela-semifinal-do-gauchao\/#breadcrumb"},"inLanguage":"pt-BR","potentialAction":[{"@type":"ReadAction","target":["https:\/\/redelitoralrs.com\/index.php\/2024\/03\/17\/inter-e-juventude-empatam-sem-gols-no-alfredo-jaconi-pela-semifinal-do-gauchao\/"]}]},{"@type":"ImageObject","inLanguage":"pt-BR","@id":"https:\/\/redelitoralrs.com\/index.php\/2024\/03\/17\/inter-e-juventude-empatam-sem-gols-no-alfredo-jaconi-pela-semifinal-do-gauchao\/#primaryimage","url":"https:\/\/redelitoralrs.com\/wp-content\/uploads\/2024\/03\/53593716506-cb7c6f9466-o.jpg","contentUrl":"https:\/\/redelitoralrs.com\/wp-content\/uploads\/2024\/03\/53593716506-cb7c6f9466-o.jpg","width":720,"height":359},{"@type":"BreadcrumbList","@id":"https:\/\/redelitoralrs.com\/index.php\/2024\/03\/17\/inter-e-juventude-empatam-sem-gols-no-alfredo-jaconi-pela-semifinal-do-gauchao\/#breadcrumb","itemListElement":[{"@type":"ListItem","position":1,"name":"In\u00edcio","item":"https:\/\/redelitoralrs.com\/"},{"@type":"ListItem","position":2,"name":"Inter e Juventude empatam sem gols no Alfredo Jaconi pela semifinal do Gauch\u00e3o"}]},{"@type":"WebSite","@id":"https:\/\/redelitoralrs.com\/#website","url":"https:\/\/redelitoralrs.com\/","name":"TV Litoral","description":"Acompanhe tudo do litoral ga\u00facho com a cobertura completa e atualizada da Rede Litoral RS. Nossos jornalistas trazem as \u00faltimas not\u00edcias, os acontecimentos mais quentes e as hist\u00f3rias que importam sobre nosso amado litoral.","publisher":{"@id":"https:\/\/redelitoralrs.com\/#organization"},"potentialAction":[{"@type":"SearchAction","target":{"@type":"EntryPoint","urlTemplate":"https:\/\/redelitoralrs.com\/?s={search_term_string}"},"query-input":{"@type":"PropertyValueSpecification","valueRequired":true,"valueName":"search_term_string"}}],"inLanguage":"pt-BR"},{"@type":"Organization","@id":"https:\/\/redelitoralrs.com\/#organization","name":"TV Litoral","url":"https:\/\/redelitoralrs.com\/","logo":{"@type":"ImageObject","inLanguage":"pt-BR","@id":"https:\/\/redelitoralrs.com\/#\/schema\/logo\/image\/","url":"https:\/\/redelitoralrs.com\/wp-content\/uploads\/2024\/01\/faviconicon-1-1.png","contentUrl":"https:\/\/redelitoralrs.com\/wp-content\/uploads\/2024\/01\/faviconicon-1-1.png","width":454,"height":454,"caption":"TV Litoral"},"image":{"@id":"https:\/\/redelitoralrs.com\/#\/schema\/logo\/image\/"},"sameAs":["https:\/\/www.facebook.com\/tvlitoralrsoficial","https:\/\/www.instagram.com\/tvlitoral.rs"]},{"@type":"Person","@id":"https:\/\/redelitoralrs.com\/#\/schema\/person\/9f8181f2a7359dd3986f05ebaf5bd68a","name":"Reda\u00e7\u00e3o TV Litoral","image":{"@type":"ImageObject","inLanguage":"pt-BR","@id":"https:\/\/redelitoralrs.com\/wp-content\/litespeed\/avatar\/779aafbb45e66c7f82733e21abb48259.jpg?ver=1777561602","url":"https:\/\/redelitoralrs.com\/wp-content\/litespeed\/avatar\/779aafbb45e66c7f82733e21abb48259.jpg?ver=1777561602","contentUrl":"https:\/\/redelitoralrs.com\/wp-content\/litespeed\/avatar\/779aafbb45e66c7f82733e21abb48259.jpg?ver=1777561602","caption":"Reda\u00e7\u00e3o TV Litoral"},"description":"A Rede Litoral de Comunica\u00e7\u00e3o \u00e9 um grupo de m\u00eddia multiplataforma do Litoral Norte do RS. Com atua\u00e7\u00e3o em TV, r\u00e1dio, portal e redes sociais, levamos informa\u00e7\u00e3o, conte\u00fado e entretenimento \u00e0 comunidade, fortalecendo a comunica\u00e7\u00e3o local e impulsionando o desenvolvimento regional. Acompanhe atrav\u00e9s de @redelitoralrs.","sameAs":["https:\/\/redelitoralrs.com","https:\/\/www.instagram.com\/redelitoralrs","https:\/\/www.youtube.com\/@redelitoralrs"],"url":"https:\/\/redelitoralrs.com\/index.php\/author\/redacaotvlitoral\/"}]}},"_links":{"self":[{"href":"https:\/\/redelitoralrs.com\/index.php\/wp-json\/wp\/v2\/posts\/940","targetHints":{"allow":["GET"]}}],"collection":[{"href":"https:\/\/redelitoralrs.com\/index.php\/wp-json\/wp\/v2\/posts"}],"about":[{"href":"https:\/\/redelitoralrs.com\/index.php\/wp-json\/wp\/v2\/types\/post"}],"author":[{"embeddable":true,"href":"https:\/\/redelitoralrs.com\/index.php\/wp-json\/wp\/v2\/users\/2"}],"replies":[{"embeddable":true,"href":"https:\/\/redelitoralrs.com\/index.php\/wp-json\/wp\/v2\/comments?post=940"}],"version-history":[{"count":1,"href":"https:\/\/redelitoralrs.com\/index.php\/wp-json\/wp\/v2\/posts\/940\/revisions"}],"predecessor-version":[{"id":942,"href":"https:\/\/redelitoralrs.com\/index.php\/wp-json\/wp\/v2\/posts\/940\/revisions\/942"}],"wp:featuredmedia":[{"embeddable":true,"href":"https:\/\/redelitoralrs.com\/index.php\/wp-json\/wp\/v2\/media\/941"}],"wp:attachment":[{"href":"https:\/\/redelitoralrs.com\/index.php\/wp-json\/wp\/v2\/media?parent=940"}],"wp:term":[{"taxonomy":"category","embeddable":true,"href":"https:\/\/redelitoralrs.com\/index.php\/wp-json\/wp\/v2\/categories?post=940"},{"taxonomy":"post_tag","embeddable":true,"href":"https:\/\/redelitoralrs.com\/index.php\/wp-json\/wp\/v2\/tags?post=940"}],"curies":[{"name":"wp","href":"https:\/\/api.w.org\/{rel}","templated":true}]}}