{"id":920,"date":"2024-03-14T07:13:24","date_gmt":"2024-03-14T10:13:24","guid":{"rendered":"https:\/\/redelitoralrs.com\/?p=920"},"modified":"2024-03-14T07:13:24","modified_gmt":"2024-03-14T10:13:24","slug":"inter-vence-nova-iguacu-e-avanca-com-tranquilidade-na-copa-do-brasil","status":"publish","type":"post","link":"https:\/\/redelitoralrs.com\/index.php\/2024\/03\/14\/inter-vence-nova-iguacu-e-avanca-com-tranquilidade-na-copa-do-brasil\/","title":{"rendered":"Inter vence Nova Igua\u00e7u e avan\u00e7a com tranquilidade na Copa do Brasil"},"content":{"rendered":"\n<p>O Inter foi a Bras\u00edlia e voltou classificado para a pr\u00f3xima fase da Copa do Brasil. Repetindo suas \u00faltimas boas atua\u00e7\u00f5es, o time colorado bateu o Nova Igua\u00e7u, na noite desta quarta-feira, por 2 a 0, garantindo a d\u00e9cima vit\u00f3ria consecutiva na temporada.<\/p>\n\n\n\n<p>As estreias de Fernando, desde o in\u00edcio, e Borr\u00e9, que entrou no segundo tempo, foram as outras boas not\u00edcias da noite para os colorados.<\/p>\n\n\n\n<p>Agora, o time volta a concentrar-se nas semifinais do Gauch\u00e3o, que marca confronto contra o Juventude, neste domingo, em Caxias do Sul.<\/p>\n\n\n\n<h2 class=\"wp-block-heading\">Valencia resolve<\/h2>\n\n\n\n<p>Em campo, Eduardo Coudet montou o Inter com uma surpresa. Fernando, no lugar de Bruno Henrique, fez a sua estreia. Mas logo nos primeiros minutos, o Nova Igua\u00e7u mostrou que venderia caro a vaga. Tanto que foi o primeiro a chutar ao gol. Logo no primeiro minuto, Bill arriscou de longe e deu trabalho para Anthoni.<\/p>\n\n\n\n<p>Por\u00e9m, aos poucos, a qualidade superior dos colorados apareceu. Trocando passes, o Inter passou a atacar mais. Aos 26 minutos, Valencia recebeu de Maur\u00edcio e bateu cruzado. A bola passou raspando o poste. Quatro minutos mais tarde, o equatoriano acertou. A jogada come\u00e7ou com Maur\u00edcio, que cruzou. Wanderson mandou de cabe\u00e7a, o goleiro deu rebote e a bola sobrou para o centroavante, que chutou de primeira para o fundo da goleira, abrindo o placar: 1 a 0.<\/p>\n\n\n\n<h2 class=\"wp-block-heading\">Superioridade num\u00e9rica e estreia de Borr\u00e9<\/h2>\n\n\n\n<p>No intervalo, Coudet trocou Wanderson, que j\u00e1 recebera um cart\u00e3o amarelo, por Bruno Henrique. O Inter demorou a se reencontrar em campo. Por\u00e9m, aos 11 minutos, Igor Fraga foi expulso ap\u00f3s falta em Bustos. Logo em seguida, aos 13, veio o gol que garantia uma noite mais tranquila aos colorados. Valencia recebeu cruzamento da direita e, em posi\u00e7\u00e3o de impedimento, marcou o segundo. O gol foi validado mesmo assim, j\u00e1 que n\u00e3o h\u00e1 arbitragem de v\u00eddeo nesta fase da Copa do Brasil.<\/p>\n\n\n\n<p>Maior contrata\u00e7\u00e3o colorada na temporada, Rafael Borr\u00e9 fez a sua estreia com a camisa colorada longe do Beira-Rio. Com a vit\u00f3ria encaminhada, entrou aos 17 minutos, a segunda estreia da noite pelo lado colorado, j\u00e1 que era tamb\u00e9m a primeira partida de Fernando. Tr\u00eas minutos depois, Alario acertou uma cabe\u00e7ada no poste, ap\u00f3s cruzamento de Maur\u00edcio e o pr\u00f3prio Borr\u00e9 quase aproveitou no rebote. O jogo perdeu velocidade, mas o Inter seguiu no controle. No final, os colorados comemoram a classifica\u00e7\u00e3o e a vit\u00f3ria.<\/p>\n","protected":false},"excerpt":{"rendered":"<p>O Inter foi a Bras\u00edlia e voltou classificado para a pr\u00f3xima fase da Copa do Brasil. Repetindo suas \u00faltimas boas atua\u00e7\u00f5es, o time colorado bateu o Nova Igua\u00e7u, na noite desta quarta-feira, por 2 a 0, garantindo a d\u00e9cima vit\u00f3ria consecutiva na temporada. As estreias de Fernando, desde o in\u00edcio, e Borr\u00e9, que entrou no [&hellip;]<\/p>\n","protected":false},"author":2,"featured_media":921,"comment_status":"open","ping_status":"open","sticky":false,"template":"","format":"standard","meta":{"_themeisle_gutenberg_block_has_review":false,"footnotes":""},"categories":[27],"tags":[],"class_list":["post-920","post","type-post","status-publish","format-standard","has-post-thumbnail","hentry","category-copa-do-brasil-2025"],"yoast_head":"<!-- This site is optimized with the Yoast SEO plugin v27.4 - https:\/\/yoast.com\/product\/yoast-seo-wordpress\/ -->\n<title>Inter vence Nova Igua\u00e7u e avan\u00e7a com tranquilidade na Copa do Brasil - Rede Litoral RS<\/title>\n<meta name=\"robots\" content=\"index, follow, max-snippet:-1, max-image-preview:large, max-video-preview:-1\" \/>\n<link rel=\"canonical\" href=\"https:\/\/redelitoralrs.com\/index.php\/2024\/03\/14\/inter-vence-nova-iguacu-e-avanca-com-tranquilidade-na-copa-do-brasil\/\" \/>\n<meta property=\"og:locale\" content=\"pt_BR\" \/>\n<meta property=\"og:type\" content=\"article\" \/>\n<meta property=\"og:title\" content=\"Inter vence Nova Igua\u00e7u e avan\u00e7a com tranquilidade na Copa do Brasil - Rede Litoral RS\" \/>\n<meta property=\"og:description\" content=\"O Inter foi a Bras\u00edlia e voltou classificado para a pr\u00f3xima fase da Copa do Brasil. Repetindo suas \u00faltimas boas atua\u00e7\u00f5es, o time colorado bateu o Nova Igua\u00e7u, na noite desta quarta-feira, por 2 a 0, garantindo a d\u00e9cima vit\u00f3ria consecutiva na temporada. As estreias de Fernando, desde o in\u00edcio, e Borr\u00e9, que entrou no [&hellip;]\" \/>\n<meta property=\"og:url\" content=\"https:\/\/redelitoralrs.com\/index.php\/2024\/03\/14\/inter-vence-nova-iguacu-e-avanca-com-tranquilidade-na-copa-do-brasil\/\" \/>\n<meta property=\"og:site_name\" content=\"Rede Litoral RS\" \/>\n<meta property=\"article:publisher\" content=\"https:\/\/www.facebook.com\/tvlitoralrsoficial\" \/>\n<meta property=\"article:published_time\" content=\"2024-03-14T10:13:24+00:00\" \/>\n<meta property=\"og:image\" content=\"https:\/\/redelitoralrs.com\/wp-content\/uploads\/2024\/03\/53586470113-31528d155f-k.jpg\" \/>\n\t<meta property=\"og:image:width\" content=\"720\" \/>\n\t<meta property=\"og:image:height\" content=\"360\" \/>\n\t<meta property=\"og:image:type\" content=\"image\/jpeg\" \/>\n<meta name=\"author\" content=\"Reda\u00e7\u00e3o TV Litoral\" \/>\n<meta name=\"twitter:card\" content=\"summary_large_image\" \/>\n<meta name=\"twitter:label1\" content=\"Escrito por\" \/>\n\t<meta name=\"twitter:data1\" content=\"Reda\u00e7\u00e3o TV Litoral\" \/>\n\t<meta name=\"twitter:label2\" content=\"Est. tempo de leitura\" \/>\n\t<meta name=\"twitter:data2\" content=\"2 minutos\" \/>\n<script type=\"application\/ld+json\" class=\"yoast-schema-graph\">{\"@context\":\"https:\\\/\\\/schema.org\",\"@graph\":[{\"@type\":\"Article\",\"@id\":\"https:\\\/\\\/redelitoralrs.com\\\/index.php\\\/2024\\\/03\\\/14\\\/inter-vence-nova-iguacu-e-avanca-com-tranquilidade-na-copa-do-brasil\\\/#article\",\"isPartOf\":{\"@id\":\"https:\\\/\\\/redelitoralrs.com\\\/index.php\\\/2024\\\/03\\\/14\\\/inter-vence-nova-iguacu-e-avanca-com-tranquilidade-na-copa-do-brasil\\\/\"},\"author\":{\"name\":\"Reda\u00e7\u00e3o TV Litoral\",\"@id\":\"https:\\\/\\\/redelitoralrs.com\\\/#\\\/schema\\\/person\\\/9f8181f2a7359dd3986f05ebaf5bd68a\"},\"headline\":\"Inter vence Nova Igua\u00e7u e avan\u00e7a com tranquilidade na Copa do Brasil\",\"datePublished\":\"2024-03-14T10:13:24+00:00\",\"mainEntityOfPage\":{\"@id\":\"https:\\\/\\\/redelitoralrs.com\\\/index.php\\\/2024\\\/03\\\/14\\\/inter-vence-nova-iguacu-e-avanca-com-tranquilidade-na-copa-do-brasil\\\/\"},\"wordCount\":434,\"commentCount\":0,\"publisher\":{\"@id\":\"https:\\\/\\\/redelitoralrs.com\\\/#organization\"},\"image\":{\"@id\":\"https:\\\/\\\/redelitoralrs.com\\\/index.php\\\/2024\\\/03\\\/14\\\/inter-vence-nova-iguacu-e-avanca-com-tranquilidade-na-copa-do-brasil\\\/#primaryimage\"},\"thumbnailUrl\":\"https:\\\/\\\/redelitoralrs.com\\\/wp-content\\\/uploads\\\/2024\\\/03\\\/53586470113-31528d155f-k.jpg\",\"articleSection\":[\"Copa do Brasil 2025\"],\"inLanguage\":\"pt-BR\",\"potentialAction\":[{\"@type\":\"CommentAction\",\"name\":\"Comment\",\"target\":[\"https:\\\/\\\/redelitoralrs.com\\\/index.php\\\/2024\\\/03\\\/14\\\/inter-vence-nova-iguacu-e-avanca-com-tranquilidade-na-copa-do-brasil\\\/#respond\"]}]},{\"@type\":\"WebPage\",\"@id\":\"https:\\\/\\\/redelitoralrs.com\\\/index.php\\\/2024\\\/03\\\/14\\\/inter-vence-nova-iguacu-e-avanca-com-tranquilidade-na-copa-do-brasil\\\/\",\"url\":\"https:\\\/\\\/redelitoralrs.com\\\/index.php\\\/2024\\\/03\\\/14\\\/inter-vence-nova-iguacu-e-avanca-com-tranquilidade-na-copa-do-brasil\\\/\",\"name\":\"Inter vence Nova Igua\u00e7u e avan\u00e7a com tranquilidade na Copa do Brasil - Rede Litoral RS\",\"isPartOf\":{\"@id\":\"https:\\\/\\\/redelitoralrs.com\\\/#website\"},\"primaryImageOfPage\":{\"@id\":\"https:\\\/\\\/redelitoralrs.com\\\/index.php\\\/2024\\\/03\\\/14\\\/inter-vence-nova-iguacu-e-avanca-com-tranquilidade-na-copa-do-brasil\\\/#primaryimage\"},\"image\":{\"@id\":\"https:\\\/\\\/redelitoralrs.com\\\/index.php\\\/2024\\\/03\\\/14\\\/inter-vence-nova-iguacu-e-avanca-com-tranquilidade-na-copa-do-brasil\\\/#primaryimage\"},\"thumbnailUrl\":\"https:\\\/\\\/redelitoralrs.com\\\/wp-content\\\/uploads\\\/2024\\\/03\\\/53586470113-31528d155f-k.jpg\",\"datePublished\":\"2024-03-14T10:13:24+00:00\",\"breadcrumb\":{\"@id\":\"https:\\\/\\\/redelitoralrs.com\\\/index.php\\\/2024\\\/03\\\/14\\\/inter-vence-nova-iguacu-e-avanca-com-tranquilidade-na-copa-do-brasil\\\/#breadcrumb\"},\"inLanguage\":\"pt-BR\",\"potentialAction\":[{\"@type\":\"ReadAction\",\"target\":[\"https:\\\/\\\/redelitoralrs.com\\\/index.php\\\/2024\\\/03\\\/14\\\/inter-vence-nova-iguacu-e-avanca-com-tranquilidade-na-copa-do-brasil\\\/\"]}]},{\"@type\":\"ImageObject\",\"inLanguage\":\"pt-BR\",\"@id\":\"https:\\\/\\\/redelitoralrs.com\\\/index.php\\\/2024\\\/03\\\/14\\\/inter-vence-nova-iguacu-e-avanca-com-tranquilidade-na-copa-do-brasil\\\/#primaryimage\",\"url\":\"https:\\\/\\\/redelitoralrs.com\\\/wp-content\\\/uploads\\\/2024\\\/03\\\/53586470113-31528d155f-k.jpg\",\"contentUrl\":\"https:\\\/\\\/redelitoralrs.com\\\/wp-content\\\/uploads\\\/2024\\\/03\\\/53586470113-31528d155f-k.jpg\",\"width\":720,\"height\":360},{\"@type\":\"BreadcrumbList\",\"@id\":\"https:\\\/\\\/redelitoralrs.com\\\/index.php\\\/2024\\\/03\\\/14\\\/inter-vence-nova-iguacu-e-avanca-com-tranquilidade-na-copa-do-brasil\\\/#breadcrumb\",\"itemListElement\":[{\"@type\":\"ListItem\",\"position\":1,\"name\":\"In\u00edcio\",\"item\":\"https:\\\/\\\/redelitoralrs.com\\\/\"},{\"@type\":\"ListItem\",\"position\":2,\"name\":\"Inter vence Nova Igua\u00e7u e avan\u00e7a com tranquilidade na Copa do Brasil\"}]},{\"@type\":\"WebSite\",\"@id\":\"https:\\\/\\\/redelitoralrs.com\\\/#website\",\"url\":\"https:\\\/\\\/redelitoralrs.com\\\/\",\"name\":\"TV Litoral\",\"description\":\"Acompanhe tudo do litoral ga\u00facho com a cobertura completa e atualizada da Rede Litoral RS. Nossos jornalistas trazem as \u00faltimas not\u00edcias, os acontecimentos mais quentes e as hist\u00f3rias que importam sobre nosso amado litoral.\",\"publisher\":{\"@id\":\"https:\\\/\\\/redelitoralrs.com\\\/#organization\"},\"potentialAction\":[{\"@type\":\"SearchAction\",\"target\":{\"@type\":\"EntryPoint\",\"urlTemplate\":\"https:\\\/\\\/redelitoralrs.com\\\/?s={search_term_string}\"},\"query-input\":{\"@type\":\"PropertyValueSpecification\",\"valueRequired\":true,\"valueName\":\"search_term_string\"}}],\"inLanguage\":\"pt-BR\"},{\"@type\":\"Organization\",\"@id\":\"https:\\\/\\\/redelitoralrs.com\\\/#organization\",\"name\":\"TV Litoral\",\"url\":\"https:\\\/\\\/redelitoralrs.com\\\/\",\"logo\":{\"@type\":\"ImageObject\",\"inLanguage\":\"pt-BR\",\"@id\":\"https:\\\/\\\/redelitoralrs.com\\\/#\\\/schema\\\/logo\\\/image\\\/\",\"url\":\"https:\\\/\\\/redelitoralrs.com\\\/wp-content\\\/uploads\\\/2024\\\/01\\\/faviconicon-1-1.png\",\"contentUrl\":\"https:\\\/\\\/redelitoralrs.com\\\/wp-content\\\/uploads\\\/2024\\\/01\\\/faviconicon-1-1.png\",\"width\":454,\"height\":454,\"caption\":\"TV Litoral\"},\"image\":{\"@id\":\"https:\\\/\\\/redelitoralrs.com\\\/#\\\/schema\\\/logo\\\/image\\\/\"},\"sameAs\":[\"https:\\\/\\\/www.facebook.com\\\/tvlitoralrsoficial\",\"https:\\\/\\\/www.instagram.com\\\/tvlitoral.rs\"]},{\"@type\":\"Person\",\"@id\":\"https:\\\/\\\/redelitoralrs.com\\\/#\\\/schema\\\/person\\\/9f8181f2a7359dd3986f05ebaf5bd68a\",\"name\":\"Reda\u00e7\u00e3o TV Litoral\",\"image\":{\"@type\":\"ImageObject\",\"inLanguage\":\"pt-BR\",\"@id\":\"https:\\\/\\\/redelitoralrs.com\\\/wp-content\\\/litespeed\\\/avatar\\\/779aafbb45e66c7f82733e21abb48259.jpg?ver=1776956734\",\"url\":\"https:\\\/\\\/redelitoralrs.com\\\/wp-content\\\/litespeed\\\/avatar\\\/779aafbb45e66c7f82733e21abb48259.jpg?ver=1776956734\",\"contentUrl\":\"https:\\\/\\\/redelitoralrs.com\\\/wp-content\\\/litespeed\\\/avatar\\\/779aafbb45e66c7f82733e21abb48259.jpg?ver=1776956734\",\"caption\":\"Reda\u00e7\u00e3o TV Litoral\"},\"description\":\"A Rede Litoral de Comunica\u00e7\u00e3o \u00e9 um grupo de m\u00eddia multiplataforma do Litoral Norte do RS. Com atua\u00e7\u00e3o em TV, r\u00e1dio, portal e redes sociais, levamos informa\u00e7\u00e3o, conte\u00fado e entretenimento \u00e0 comunidade, fortalecendo a comunica\u00e7\u00e3o local e impulsionando o desenvolvimento regional. Acompanhe atrav\u00e9s de @redelitoralrs.\",\"sameAs\":[\"https:\\\/\\\/redelitoralrs.com\",\"https:\\\/\\\/www.instagram.com\\\/redelitoralrs\",\"https:\\\/\\\/www.youtube.com\\\/@redelitoralrs\"],\"url\":\"https:\\\/\\\/redelitoralrs.com\\\/index.php\\\/author\\\/redacaotvlitoral\\\/\"}]}<\/script>\n<!-- \/ Yoast SEO plugin. -->","yoast_head_json":{"title":"Inter vence Nova Igua\u00e7u e avan\u00e7a com tranquilidade na Copa do Brasil - Rede Litoral RS","robots":{"index":"index","follow":"follow","max-snippet":"max-snippet:-1","max-image-preview":"max-image-preview:large","max-video-preview":"max-video-preview:-1"},"canonical":"https:\/\/redelitoralrs.com\/index.php\/2024\/03\/14\/inter-vence-nova-iguacu-e-avanca-com-tranquilidade-na-copa-do-brasil\/","og_locale":"pt_BR","og_type":"article","og_title":"Inter vence Nova Igua\u00e7u e avan\u00e7a com tranquilidade na Copa do Brasil - Rede Litoral RS","og_description":"O Inter foi a Bras\u00edlia e voltou classificado para a pr\u00f3xima fase da Copa do Brasil. Repetindo suas \u00faltimas boas atua\u00e7\u00f5es, o time colorado bateu o Nova Igua\u00e7u, na noite desta quarta-feira, por 2 a 0, garantindo a d\u00e9cima vit\u00f3ria consecutiva na temporada. As estreias de Fernando, desde o in\u00edcio, e Borr\u00e9, que entrou no [&hellip;]","og_url":"https:\/\/redelitoralrs.com\/index.php\/2024\/03\/14\/inter-vence-nova-iguacu-e-avanca-com-tranquilidade-na-copa-do-brasil\/","og_site_name":"Rede Litoral RS","article_publisher":"https:\/\/www.facebook.com\/tvlitoralrsoficial","article_published_time":"2024-03-14T10:13:24+00:00","og_image":[{"width":720,"height":360,"url":"https:\/\/redelitoralrs.com\/wp-content\/uploads\/2024\/03\/53586470113-31528d155f-k.jpg","type":"image\/jpeg"}],"author":"Reda\u00e7\u00e3o TV Litoral","twitter_card":"summary_large_image","twitter_misc":{"Escrito por":"Reda\u00e7\u00e3o TV Litoral","Est. tempo de leitura":"2 minutos"},"schema":{"@context":"https:\/\/schema.org","@graph":[{"@type":"Article","@id":"https:\/\/redelitoralrs.com\/index.php\/2024\/03\/14\/inter-vence-nova-iguacu-e-avanca-com-tranquilidade-na-copa-do-brasil\/#article","isPartOf":{"@id":"https:\/\/redelitoralrs.com\/index.php\/2024\/03\/14\/inter-vence-nova-iguacu-e-avanca-com-tranquilidade-na-copa-do-brasil\/"},"author":{"name":"Reda\u00e7\u00e3o TV Litoral","@id":"https:\/\/redelitoralrs.com\/#\/schema\/person\/9f8181f2a7359dd3986f05ebaf5bd68a"},"headline":"Inter vence Nova Igua\u00e7u e avan\u00e7a com tranquilidade na Copa do Brasil","datePublished":"2024-03-14T10:13:24+00:00","mainEntityOfPage":{"@id":"https:\/\/redelitoralrs.com\/index.php\/2024\/03\/14\/inter-vence-nova-iguacu-e-avanca-com-tranquilidade-na-copa-do-brasil\/"},"wordCount":434,"commentCount":0,"publisher":{"@id":"https:\/\/redelitoralrs.com\/#organization"},"image":{"@id":"https:\/\/redelitoralrs.com\/index.php\/2024\/03\/14\/inter-vence-nova-iguacu-e-avanca-com-tranquilidade-na-copa-do-brasil\/#primaryimage"},"thumbnailUrl":"https:\/\/redelitoralrs.com\/wp-content\/uploads\/2024\/03\/53586470113-31528d155f-k.jpg","articleSection":["Copa do Brasil 2025"],"inLanguage":"pt-BR","potentialAction":[{"@type":"CommentAction","name":"Comment","target":["https:\/\/redelitoralrs.com\/index.php\/2024\/03\/14\/inter-vence-nova-iguacu-e-avanca-com-tranquilidade-na-copa-do-brasil\/#respond"]}]},{"@type":"WebPage","@id":"https:\/\/redelitoralrs.com\/index.php\/2024\/03\/14\/inter-vence-nova-iguacu-e-avanca-com-tranquilidade-na-copa-do-brasil\/","url":"https:\/\/redelitoralrs.com\/index.php\/2024\/03\/14\/inter-vence-nova-iguacu-e-avanca-com-tranquilidade-na-copa-do-brasil\/","name":"Inter vence Nova Igua\u00e7u e avan\u00e7a com tranquilidade na Copa do Brasil - Rede Litoral RS","isPartOf":{"@id":"https:\/\/redelitoralrs.com\/#website"},"primaryImageOfPage":{"@id":"https:\/\/redelitoralrs.com\/index.php\/2024\/03\/14\/inter-vence-nova-iguacu-e-avanca-com-tranquilidade-na-copa-do-brasil\/#primaryimage"},"image":{"@id":"https:\/\/redelitoralrs.com\/index.php\/2024\/03\/14\/inter-vence-nova-iguacu-e-avanca-com-tranquilidade-na-copa-do-brasil\/#primaryimage"},"thumbnailUrl":"https:\/\/redelitoralrs.com\/wp-content\/uploads\/2024\/03\/53586470113-31528d155f-k.jpg","datePublished":"2024-03-14T10:13:24+00:00","breadcrumb":{"@id":"https:\/\/redelitoralrs.com\/index.php\/2024\/03\/14\/inter-vence-nova-iguacu-e-avanca-com-tranquilidade-na-copa-do-brasil\/#breadcrumb"},"inLanguage":"pt-BR","potentialAction":[{"@type":"ReadAction","target":["https:\/\/redelitoralrs.com\/index.php\/2024\/03\/14\/inter-vence-nova-iguacu-e-avanca-com-tranquilidade-na-copa-do-brasil\/"]}]},{"@type":"ImageObject","inLanguage":"pt-BR","@id":"https:\/\/redelitoralrs.com\/index.php\/2024\/03\/14\/inter-vence-nova-iguacu-e-avanca-com-tranquilidade-na-copa-do-brasil\/#primaryimage","url":"https:\/\/redelitoralrs.com\/wp-content\/uploads\/2024\/03\/53586470113-31528d155f-k.jpg","contentUrl":"https:\/\/redelitoralrs.com\/wp-content\/uploads\/2024\/03\/53586470113-31528d155f-k.jpg","width":720,"height":360},{"@type":"BreadcrumbList","@id":"https:\/\/redelitoralrs.com\/index.php\/2024\/03\/14\/inter-vence-nova-iguacu-e-avanca-com-tranquilidade-na-copa-do-brasil\/#breadcrumb","itemListElement":[{"@type":"ListItem","position":1,"name":"In\u00edcio","item":"https:\/\/redelitoralrs.com\/"},{"@type":"ListItem","position":2,"name":"Inter vence Nova Igua\u00e7u e avan\u00e7a com tranquilidade na Copa do Brasil"}]},{"@type":"WebSite","@id":"https:\/\/redelitoralrs.com\/#website","url":"https:\/\/redelitoralrs.com\/","name":"TV Litoral","description":"Acompanhe tudo do litoral ga\u00facho com a cobertura completa e atualizada da Rede Litoral RS. Nossos jornalistas trazem as \u00faltimas not\u00edcias, os acontecimentos mais quentes e as hist\u00f3rias que importam sobre nosso amado litoral.","publisher":{"@id":"https:\/\/redelitoralrs.com\/#organization"},"potentialAction":[{"@type":"SearchAction","target":{"@type":"EntryPoint","urlTemplate":"https:\/\/redelitoralrs.com\/?s={search_term_string}"},"query-input":{"@type":"PropertyValueSpecification","valueRequired":true,"valueName":"search_term_string"}}],"inLanguage":"pt-BR"},{"@type":"Organization","@id":"https:\/\/redelitoralrs.com\/#organization","name":"TV Litoral","url":"https:\/\/redelitoralrs.com\/","logo":{"@type":"ImageObject","inLanguage":"pt-BR","@id":"https:\/\/redelitoralrs.com\/#\/schema\/logo\/image\/","url":"https:\/\/redelitoralrs.com\/wp-content\/uploads\/2024\/01\/faviconicon-1-1.png","contentUrl":"https:\/\/redelitoralrs.com\/wp-content\/uploads\/2024\/01\/faviconicon-1-1.png","width":454,"height":454,"caption":"TV Litoral"},"image":{"@id":"https:\/\/redelitoralrs.com\/#\/schema\/logo\/image\/"},"sameAs":["https:\/\/www.facebook.com\/tvlitoralrsoficial","https:\/\/www.instagram.com\/tvlitoral.rs"]},{"@type":"Person","@id":"https:\/\/redelitoralrs.com\/#\/schema\/person\/9f8181f2a7359dd3986f05ebaf5bd68a","name":"Reda\u00e7\u00e3o TV Litoral","image":{"@type":"ImageObject","inLanguage":"pt-BR","@id":"https:\/\/redelitoralrs.com\/wp-content\/litespeed\/avatar\/779aafbb45e66c7f82733e21abb48259.jpg?ver=1776956734","url":"https:\/\/redelitoralrs.com\/wp-content\/litespeed\/avatar\/779aafbb45e66c7f82733e21abb48259.jpg?ver=1776956734","contentUrl":"https:\/\/redelitoralrs.com\/wp-content\/litespeed\/avatar\/779aafbb45e66c7f82733e21abb48259.jpg?ver=1776956734","caption":"Reda\u00e7\u00e3o TV Litoral"},"description":"A Rede Litoral de Comunica\u00e7\u00e3o \u00e9 um grupo de m\u00eddia multiplataforma do Litoral Norte do RS. Com atua\u00e7\u00e3o em TV, r\u00e1dio, portal e redes sociais, levamos informa\u00e7\u00e3o, conte\u00fado e entretenimento \u00e0 comunidade, fortalecendo a comunica\u00e7\u00e3o local e impulsionando o desenvolvimento regional. Acompanhe atrav\u00e9s de @redelitoralrs.","sameAs":["https:\/\/redelitoralrs.com","https:\/\/www.instagram.com\/redelitoralrs","https:\/\/www.youtube.com\/@redelitoralrs"],"url":"https:\/\/redelitoralrs.com\/index.php\/author\/redacaotvlitoral\/"}]}},"_links":{"self":[{"href":"https:\/\/redelitoralrs.com\/index.php\/wp-json\/wp\/v2\/posts\/920","targetHints":{"allow":["GET"]}}],"collection":[{"href":"https:\/\/redelitoralrs.com\/index.php\/wp-json\/wp\/v2\/posts"}],"about":[{"href":"https:\/\/redelitoralrs.com\/index.php\/wp-json\/wp\/v2\/types\/post"}],"author":[{"embeddable":true,"href":"https:\/\/redelitoralrs.com\/index.php\/wp-json\/wp\/v2\/users\/2"}],"replies":[{"embeddable":true,"href":"https:\/\/redelitoralrs.com\/index.php\/wp-json\/wp\/v2\/comments?post=920"}],"version-history":[{"count":1,"href":"https:\/\/redelitoralrs.com\/index.php\/wp-json\/wp\/v2\/posts\/920\/revisions"}],"predecessor-version":[{"id":922,"href":"https:\/\/redelitoralrs.com\/index.php\/wp-json\/wp\/v2\/posts\/920\/revisions\/922"}],"wp:featuredmedia":[{"embeddable":true,"href":"https:\/\/redelitoralrs.com\/index.php\/wp-json\/wp\/v2\/media\/921"}],"wp:attachment":[{"href":"https:\/\/redelitoralrs.com\/index.php\/wp-json\/wp\/v2\/media?parent=920"}],"wp:term":[{"taxonomy":"category","embeddable":true,"href":"https:\/\/redelitoralrs.com\/index.php\/wp-json\/wp\/v2\/categories?post=920"},{"taxonomy":"post_tag","embeddable":true,"href":"https:\/\/redelitoralrs.com\/index.php\/wp-json\/wp\/v2\/tags?post=920"}],"curies":[{"name":"wp","href":"https:\/\/api.w.org\/{rel}","templated":true}]}}