{"id":917,"date":"2024-03-14T07:08:18","date_gmt":"2024-03-14T10:08:18","guid":{"rendered":"https:\/\/redelitoralrs.com\/?p=917"},"modified":"2024-03-14T07:08:18","modified_gmt":"2024-03-14T10:08:18","slug":"prefeitura-de-arroio-do-sal-lanca-edital-para-concurso-publico","status":"publish","type":"post","link":"https:\/\/redelitoralrs.com\/index.php\/2024\/03\/14\/prefeitura-de-arroio-do-sal-lanca-edital-para-concurso-publico\/","title":{"rendered":"Prefeitura de Arroio do Sal lan\u00e7a edital para concurso p\u00fablico"},"content":{"rendered":"\n<p> A prefeitura de Arroio do Sal lan\u00e7ou oficialmente nesta segunda feira(12) o edital para o concurso p\u00fablico da cidade. Com um total de 70 \u00e1reas distintas dispon\u00edveis para presta\u00e7\u00e3o do concurso e mais de 350 vagas em jogo, as oportunidades abrangem diversos n\u00edveis de escolaridade e habilidades.<\/p>\n\n\n\n<p>As inscri\u00e7\u00f5es permanecer\u00e3o abertas at\u00e9 o dia 31 de mar\u00e7o de 2024, proporcionando um per\u00edodo de quase tr\u00eas semanas para que os interessados possam se inscrever e concorrer a uma das vagas dispon\u00edveis.<\/p>\n\n\n\n<p>Para facilitar o processo de inscri\u00e7\u00e3o, a prefeitura disponibilizou um computador com acesso \u00e0 internet em sua sede, localizada no setor administrativo de arrecada\u00e7\u00e3o, na rua Alegrete, n\u00famero 111, no centro de Arroio do Sal. Os hor\u00e1rios de acesso s\u00e3o das 8h \u00e0s 11h30 e das 13h30 \u00e0s 17h.<\/p>\n\n\n\n<p>Vale ressaltar que as inscri\u00e7\u00f5es s\u00e3o exclusivamente realizadas de forma online, atrav\u00e9s do site da Fundatec. Os valores das taxas de inscri\u00e7\u00e3o variam de acordo com o n\u00edvel de escolaridade do candidato: <\/p>\n\n\n\n<p>R$ 150,00 para n\u00edvel superior completo;<\/p>\n\n\n\n<p>R$ 80,00 para n\u00edvel t\u00e9cnico completo e n\u00edvel m\u00e9dio completo;<\/p>\n\n\n\n<p>R$ 50,00 para n\u00edvel fundamental completo e incompleto. <\/p>\n\n\n\n<p>\u00c9 importante observar que est\u00e3o isentos do pagamento da taxa de inscri\u00e7\u00e3o aqueles que se enquadram nos crit\u00e9rios estabelecidos pelo Decreto Federal n\u00ba 6.593\/2008 e pela Lei Federal n\u00ba 13.656\/2018, incluindo:<\/p>\n\n\n\n<p>*Candidatos inscritos no Cadastro \u00danico para Programas Sociais do Governo Federal (Cad\u00danico), cuja renda familiar mensal per capita seja inferior ou igual a meio sal\u00e1rio-m\u00ednimo nacional, conforme o Decreto n\u00ba 6.135\/2007;<\/p>\n\n\n\n<p>*Candidatos doadores de medula \u00f3ssea em entidades reconhecidas pelo Minist\u00e9rio da Sa\u00fade. <\/p>\n\n\n\n<p>Com a data da prova marcada para o dia 21 de abril de 2024, os candidatos t\u00eam tempo h\u00e1bil para se preparar e concorrer a uma das vagas oferecidas. Este concurso representa uma oportunidade \u00fanica para aqueles que almejam uma carreira s\u00f3lida e com perspectivas de crescimento na administra\u00e7\u00e3o p\u00fablica de Arroio do Sal.<\/p>\n\n\n\n<p> <strong>Fonte<\/strong>: ASCOM PMAS<\/p>\n","protected":false},"excerpt":{"rendered":"<p>A prefeitura de Arroio do Sal lan\u00e7ou oficialmente nesta segunda feira(12) o edital para o concurso p\u00fablico da cidade. Com um total de 70 \u00e1reas distintas dispon\u00edveis para presta\u00e7\u00e3o do concurso e mais de 350 vagas em jogo, as oportunidades abrangem diversos n\u00edveis de escolaridade e habilidades. As inscri\u00e7\u00f5es permanecer\u00e3o abertas at\u00e9 o dia 31 [&hellip;]<\/p>\n","protected":false},"author":2,"featured_media":918,"comment_status":"open","ping_status":"open","sticky":false,"template":"","format":"standard","meta":{"_themeisle_gutenberg_block_has_review":false,"footnotes":""},"categories":[29],"tags":[],"class_list":["post-917","post","type-post","status-publish","format-standard","has-post-thumbnail","hentry","category-arroio-do-sal"],"yoast_head":"<!-- This site is optimized with the Yoast SEO plugin v27.4 - https:\/\/yoast.com\/product\/yoast-seo-wordpress\/ -->\n<title>Prefeitura de Arroio do Sal lan\u00e7a edital para concurso p\u00fablico - Rede Litoral RS<\/title>\n<meta name=\"robots\" content=\"index, follow, max-snippet:-1, max-image-preview:large, max-video-preview:-1\" \/>\n<link rel=\"canonical\" href=\"https:\/\/redelitoralrs.com\/index.php\/2024\/03\/14\/prefeitura-de-arroio-do-sal-lanca-edital-para-concurso-publico\/\" \/>\n<meta property=\"og:locale\" content=\"pt_BR\" \/>\n<meta property=\"og:type\" content=\"article\" \/>\n<meta property=\"og:title\" content=\"Prefeitura de Arroio do Sal lan\u00e7a edital para concurso p\u00fablico - Rede Litoral RS\" \/>\n<meta property=\"og:description\" content=\"A prefeitura de Arroio do Sal lan\u00e7ou oficialmente nesta segunda feira(12) o edital para o concurso p\u00fablico da cidade. Com um total de 70 \u00e1reas distintas dispon\u00edveis para presta\u00e7\u00e3o do concurso e mais de 350 vagas em jogo, as oportunidades abrangem diversos n\u00edveis de escolaridade e habilidades. As inscri\u00e7\u00f5es permanecer\u00e3o abertas at\u00e9 o dia 31 [&hellip;]\" \/>\n<meta property=\"og:url\" content=\"https:\/\/redelitoralrs.com\/index.php\/2024\/03\/14\/prefeitura-de-arroio-do-sal-lanca-edital-para-concurso-publico\/\" \/>\n<meta property=\"og:site_name\" content=\"Rede Litoral RS\" \/>\n<meta property=\"article:publisher\" content=\"https:\/\/www.facebook.com\/tvlitoralrsoficial\" \/>\n<meta property=\"article:published_time\" content=\"2024-03-14T10:08:18+00:00\" \/>\n<meta property=\"og:image\" content=\"https:\/\/redelitoralrs.com\/wp-content\/uploads\/2024\/03\/images-7.jpeg\" \/>\n\t<meta property=\"og:image:width\" content=\"715\" \/>\n\t<meta property=\"og:image:height\" content=\"429\" \/>\n\t<meta property=\"og:image:type\" content=\"image\/jpeg\" \/>\n<meta name=\"author\" content=\"Reda\u00e7\u00e3o TV Litoral\" \/>\n<meta name=\"twitter:card\" content=\"summary_large_image\" \/>\n<meta name=\"twitter:label1\" content=\"Escrito por\" \/>\n\t<meta name=\"twitter:data1\" content=\"Reda\u00e7\u00e3o TV Litoral\" \/>\n\t<meta name=\"twitter:label2\" content=\"Est. tempo de leitura\" \/>\n\t<meta name=\"twitter:data2\" content=\"2 minutos\" \/>\n<script type=\"application\/ld+json\" class=\"yoast-schema-graph\">{\"@context\":\"https:\\\/\\\/schema.org\",\"@graph\":[{\"@type\":\"Article\",\"@id\":\"https:\\\/\\\/redelitoralrs.com\\\/index.php\\\/2024\\\/03\\\/14\\\/prefeitura-de-arroio-do-sal-lanca-edital-para-concurso-publico\\\/#article\",\"isPartOf\":{\"@id\":\"https:\\\/\\\/redelitoralrs.com\\\/index.php\\\/2024\\\/03\\\/14\\\/prefeitura-de-arroio-do-sal-lanca-edital-para-concurso-publico\\\/\"},\"author\":{\"name\":\"Reda\u00e7\u00e3o TV Litoral\",\"@id\":\"https:\\\/\\\/redelitoralrs.com\\\/#\\\/schema\\\/person\\\/9f8181f2a7359dd3986f05ebaf5bd68a\"},\"headline\":\"Prefeitura de Arroio do Sal lan\u00e7a edital para concurso p\u00fablico\",\"datePublished\":\"2024-03-14T10:08:18+00:00\",\"mainEntityOfPage\":{\"@id\":\"https:\\\/\\\/redelitoralrs.com\\\/index.php\\\/2024\\\/03\\\/14\\\/prefeitura-de-arroio-do-sal-lanca-edital-para-concurso-publico\\\/\"},\"wordCount\":353,\"commentCount\":0,\"publisher\":{\"@id\":\"https:\\\/\\\/redelitoralrs.com\\\/#organization\"},\"image\":{\"@id\":\"https:\\\/\\\/redelitoralrs.com\\\/index.php\\\/2024\\\/03\\\/14\\\/prefeitura-de-arroio-do-sal-lanca-edital-para-concurso-publico\\\/#primaryimage\"},\"thumbnailUrl\":\"https:\\\/\\\/redelitoralrs.com\\\/wp-content\\\/uploads\\\/2024\\\/03\\\/images-7.jpeg\",\"articleSection\":[\"Arroio do Sal\"],\"inLanguage\":\"pt-BR\",\"potentialAction\":[{\"@type\":\"CommentAction\",\"name\":\"Comment\",\"target\":[\"https:\\\/\\\/redelitoralrs.com\\\/index.php\\\/2024\\\/03\\\/14\\\/prefeitura-de-arroio-do-sal-lanca-edital-para-concurso-publico\\\/#respond\"]}]},{\"@type\":\"WebPage\",\"@id\":\"https:\\\/\\\/redelitoralrs.com\\\/index.php\\\/2024\\\/03\\\/14\\\/prefeitura-de-arroio-do-sal-lanca-edital-para-concurso-publico\\\/\",\"url\":\"https:\\\/\\\/redelitoralrs.com\\\/index.php\\\/2024\\\/03\\\/14\\\/prefeitura-de-arroio-do-sal-lanca-edital-para-concurso-publico\\\/\",\"name\":\"Prefeitura de Arroio do Sal lan\u00e7a edital para concurso p\u00fablico - Rede Litoral RS\",\"isPartOf\":{\"@id\":\"https:\\\/\\\/redelitoralrs.com\\\/#website\"},\"primaryImageOfPage\":{\"@id\":\"https:\\\/\\\/redelitoralrs.com\\\/index.php\\\/2024\\\/03\\\/14\\\/prefeitura-de-arroio-do-sal-lanca-edital-para-concurso-publico\\\/#primaryimage\"},\"image\":{\"@id\":\"https:\\\/\\\/redelitoralrs.com\\\/index.php\\\/2024\\\/03\\\/14\\\/prefeitura-de-arroio-do-sal-lanca-edital-para-concurso-publico\\\/#primaryimage\"},\"thumbnailUrl\":\"https:\\\/\\\/redelitoralrs.com\\\/wp-content\\\/uploads\\\/2024\\\/03\\\/images-7.jpeg\",\"datePublished\":\"2024-03-14T10:08:18+00:00\",\"breadcrumb\":{\"@id\":\"https:\\\/\\\/redelitoralrs.com\\\/index.php\\\/2024\\\/03\\\/14\\\/prefeitura-de-arroio-do-sal-lanca-edital-para-concurso-publico\\\/#breadcrumb\"},\"inLanguage\":\"pt-BR\",\"potentialAction\":[{\"@type\":\"ReadAction\",\"target\":[\"https:\\\/\\\/redelitoralrs.com\\\/index.php\\\/2024\\\/03\\\/14\\\/prefeitura-de-arroio-do-sal-lanca-edital-para-concurso-publico\\\/\"]}]},{\"@type\":\"ImageObject\",\"inLanguage\":\"pt-BR\",\"@id\":\"https:\\\/\\\/redelitoralrs.com\\\/index.php\\\/2024\\\/03\\\/14\\\/prefeitura-de-arroio-do-sal-lanca-edital-para-concurso-publico\\\/#primaryimage\",\"url\":\"https:\\\/\\\/redelitoralrs.com\\\/wp-content\\\/uploads\\\/2024\\\/03\\\/images-7.jpeg\",\"contentUrl\":\"https:\\\/\\\/redelitoralrs.com\\\/wp-content\\\/uploads\\\/2024\\\/03\\\/images-7.jpeg\",\"width\":715,\"height\":429},{\"@type\":\"BreadcrumbList\",\"@id\":\"https:\\\/\\\/redelitoralrs.com\\\/index.php\\\/2024\\\/03\\\/14\\\/prefeitura-de-arroio-do-sal-lanca-edital-para-concurso-publico\\\/#breadcrumb\",\"itemListElement\":[{\"@type\":\"ListItem\",\"position\":1,\"name\":\"In\u00edcio\",\"item\":\"https:\\\/\\\/redelitoralrs.com\\\/\"},{\"@type\":\"ListItem\",\"position\":2,\"name\":\"Prefeitura de Arroio do Sal lan\u00e7a edital para concurso p\u00fablico\"}]},{\"@type\":\"WebSite\",\"@id\":\"https:\\\/\\\/redelitoralrs.com\\\/#website\",\"url\":\"https:\\\/\\\/redelitoralrs.com\\\/\",\"name\":\"TV Litoral\",\"description\":\"Acompanhe tudo do litoral ga\u00facho com a cobertura completa e atualizada da Rede Litoral RS. Nossos jornalistas trazem as \u00faltimas not\u00edcias, os acontecimentos mais quentes e as hist\u00f3rias que importam sobre nosso amado litoral.\",\"publisher\":{\"@id\":\"https:\\\/\\\/redelitoralrs.com\\\/#organization\"},\"potentialAction\":[{\"@type\":\"SearchAction\",\"target\":{\"@type\":\"EntryPoint\",\"urlTemplate\":\"https:\\\/\\\/redelitoralrs.com\\\/?s={search_term_string}\"},\"query-input\":{\"@type\":\"PropertyValueSpecification\",\"valueRequired\":true,\"valueName\":\"search_term_string\"}}],\"inLanguage\":\"pt-BR\"},{\"@type\":\"Organization\",\"@id\":\"https:\\\/\\\/redelitoralrs.com\\\/#organization\",\"name\":\"TV Litoral\",\"url\":\"https:\\\/\\\/redelitoralrs.com\\\/\",\"logo\":{\"@type\":\"ImageObject\",\"inLanguage\":\"pt-BR\",\"@id\":\"https:\\\/\\\/redelitoralrs.com\\\/#\\\/schema\\\/logo\\\/image\\\/\",\"url\":\"https:\\\/\\\/redelitoralrs.com\\\/wp-content\\\/uploads\\\/2024\\\/01\\\/faviconicon-1-1.png\",\"contentUrl\":\"https:\\\/\\\/redelitoralrs.com\\\/wp-content\\\/uploads\\\/2024\\\/01\\\/faviconicon-1-1.png\",\"width\":454,\"height\":454,\"caption\":\"TV Litoral\"},\"image\":{\"@id\":\"https:\\\/\\\/redelitoralrs.com\\\/#\\\/schema\\\/logo\\\/image\\\/\"},\"sameAs\":[\"https:\\\/\\\/www.facebook.com\\\/tvlitoralrsoficial\",\"https:\\\/\\\/www.instagram.com\\\/tvlitoral.rs\"]},{\"@type\":\"Person\",\"@id\":\"https:\\\/\\\/redelitoralrs.com\\\/#\\\/schema\\\/person\\\/9f8181f2a7359dd3986f05ebaf5bd68a\",\"name\":\"Reda\u00e7\u00e3o TV Litoral\",\"image\":{\"@type\":\"ImageObject\",\"inLanguage\":\"pt-BR\",\"@id\":\"https:\\\/\\\/redelitoralrs.com\\\/wp-content\\\/litespeed\\\/avatar\\\/779aafbb45e66c7f82733e21abb48259.jpg?ver=1776956734\",\"url\":\"https:\\\/\\\/redelitoralrs.com\\\/wp-content\\\/litespeed\\\/avatar\\\/779aafbb45e66c7f82733e21abb48259.jpg?ver=1776956734\",\"contentUrl\":\"https:\\\/\\\/redelitoralrs.com\\\/wp-content\\\/litespeed\\\/avatar\\\/779aafbb45e66c7f82733e21abb48259.jpg?ver=1776956734\",\"caption\":\"Reda\u00e7\u00e3o TV Litoral\"},\"description\":\"A Rede Litoral de Comunica\u00e7\u00e3o \u00e9 um grupo de m\u00eddia multiplataforma do Litoral Norte do RS. Com atua\u00e7\u00e3o em TV, r\u00e1dio, portal e redes sociais, levamos informa\u00e7\u00e3o, conte\u00fado e entretenimento \u00e0 comunidade, fortalecendo a comunica\u00e7\u00e3o local e impulsionando o desenvolvimento regional. Acompanhe atrav\u00e9s de @redelitoralrs.\",\"sameAs\":[\"https:\\\/\\\/redelitoralrs.com\",\"https:\\\/\\\/www.instagram.com\\\/redelitoralrs\",\"https:\\\/\\\/www.youtube.com\\\/@redelitoralrs\"],\"url\":\"https:\\\/\\\/redelitoralrs.com\\\/index.php\\\/author\\\/redacaotvlitoral\\\/\"}]}<\/script>\n<!-- \/ Yoast SEO plugin. -->","yoast_head_json":{"title":"Prefeitura de Arroio do Sal lan\u00e7a edital para concurso p\u00fablico - Rede Litoral RS","robots":{"index":"index","follow":"follow","max-snippet":"max-snippet:-1","max-image-preview":"max-image-preview:large","max-video-preview":"max-video-preview:-1"},"canonical":"https:\/\/redelitoralrs.com\/index.php\/2024\/03\/14\/prefeitura-de-arroio-do-sal-lanca-edital-para-concurso-publico\/","og_locale":"pt_BR","og_type":"article","og_title":"Prefeitura de Arroio do Sal lan\u00e7a edital para concurso p\u00fablico - Rede Litoral RS","og_description":"A prefeitura de Arroio do Sal lan\u00e7ou oficialmente nesta segunda feira(12) o edital para o concurso p\u00fablico da cidade. Com um total de 70 \u00e1reas distintas dispon\u00edveis para presta\u00e7\u00e3o do concurso e mais de 350 vagas em jogo, as oportunidades abrangem diversos n\u00edveis de escolaridade e habilidades. As inscri\u00e7\u00f5es permanecer\u00e3o abertas at\u00e9 o dia 31 [&hellip;]","og_url":"https:\/\/redelitoralrs.com\/index.php\/2024\/03\/14\/prefeitura-de-arroio-do-sal-lanca-edital-para-concurso-publico\/","og_site_name":"Rede Litoral RS","article_publisher":"https:\/\/www.facebook.com\/tvlitoralrsoficial","article_published_time":"2024-03-14T10:08:18+00:00","og_image":[{"width":715,"height":429,"url":"https:\/\/redelitoralrs.com\/wp-content\/uploads\/2024\/03\/images-7.jpeg","type":"image\/jpeg"}],"author":"Reda\u00e7\u00e3o TV Litoral","twitter_card":"summary_large_image","twitter_misc":{"Escrito por":"Reda\u00e7\u00e3o TV Litoral","Est. tempo de leitura":"2 minutos"},"schema":{"@context":"https:\/\/schema.org","@graph":[{"@type":"Article","@id":"https:\/\/redelitoralrs.com\/index.php\/2024\/03\/14\/prefeitura-de-arroio-do-sal-lanca-edital-para-concurso-publico\/#article","isPartOf":{"@id":"https:\/\/redelitoralrs.com\/index.php\/2024\/03\/14\/prefeitura-de-arroio-do-sal-lanca-edital-para-concurso-publico\/"},"author":{"name":"Reda\u00e7\u00e3o TV Litoral","@id":"https:\/\/redelitoralrs.com\/#\/schema\/person\/9f8181f2a7359dd3986f05ebaf5bd68a"},"headline":"Prefeitura de Arroio do Sal lan\u00e7a edital para concurso p\u00fablico","datePublished":"2024-03-14T10:08:18+00:00","mainEntityOfPage":{"@id":"https:\/\/redelitoralrs.com\/index.php\/2024\/03\/14\/prefeitura-de-arroio-do-sal-lanca-edital-para-concurso-publico\/"},"wordCount":353,"commentCount":0,"publisher":{"@id":"https:\/\/redelitoralrs.com\/#organization"},"image":{"@id":"https:\/\/redelitoralrs.com\/index.php\/2024\/03\/14\/prefeitura-de-arroio-do-sal-lanca-edital-para-concurso-publico\/#primaryimage"},"thumbnailUrl":"https:\/\/redelitoralrs.com\/wp-content\/uploads\/2024\/03\/images-7.jpeg","articleSection":["Arroio do Sal"],"inLanguage":"pt-BR","potentialAction":[{"@type":"CommentAction","name":"Comment","target":["https:\/\/redelitoralrs.com\/index.php\/2024\/03\/14\/prefeitura-de-arroio-do-sal-lanca-edital-para-concurso-publico\/#respond"]}]},{"@type":"WebPage","@id":"https:\/\/redelitoralrs.com\/index.php\/2024\/03\/14\/prefeitura-de-arroio-do-sal-lanca-edital-para-concurso-publico\/","url":"https:\/\/redelitoralrs.com\/index.php\/2024\/03\/14\/prefeitura-de-arroio-do-sal-lanca-edital-para-concurso-publico\/","name":"Prefeitura de Arroio do Sal lan\u00e7a edital para concurso p\u00fablico - Rede Litoral RS","isPartOf":{"@id":"https:\/\/redelitoralrs.com\/#website"},"primaryImageOfPage":{"@id":"https:\/\/redelitoralrs.com\/index.php\/2024\/03\/14\/prefeitura-de-arroio-do-sal-lanca-edital-para-concurso-publico\/#primaryimage"},"image":{"@id":"https:\/\/redelitoralrs.com\/index.php\/2024\/03\/14\/prefeitura-de-arroio-do-sal-lanca-edital-para-concurso-publico\/#primaryimage"},"thumbnailUrl":"https:\/\/redelitoralrs.com\/wp-content\/uploads\/2024\/03\/images-7.jpeg","datePublished":"2024-03-14T10:08:18+00:00","breadcrumb":{"@id":"https:\/\/redelitoralrs.com\/index.php\/2024\/03\/14\/prefeitura-de-arroio-do-sal-lanca-edital-para-concurso-publico\/#breadcrumb"},"inLanguage":"pt-BR","potentialAction":[{"@type":"ReadAction","target":["https:\/\/redelitoralrs.com\/index.php\/2024\/03\/14\/prefeitura-de-arroio-do-sal-lanca-edital-para-concurso-publico\/"]}]},{"@type":"ImageObject","inLanguage":"pt-BR","@id":"https:\/\/redelitoralrs.com\/index.php\/2024\/03\/14\/prefeitura-de-arroio-do-sal-lanca-edital-para-concurso-publico\/#primaryimage","url":"https:\/\/redelitoralrs.com\/wp-content\/uploads\/2024\/03\/images-7.jpeg","contentUrl":"https:\/\/redelitoralrs.com\/wp-content\/uploads\/2024\/03\/images-7.jpeg","width":715,"height":429},{"@type":"BreadcrumbList","@id":"https:\/\/redelitoralrs.com\/index.php\/2024\/03\/14\/prefeitura-de-arroio-do-sal-lanca-edital-para-concurso-publico\/#breadcrumb","itemListElement":[{"@type":"ListItem","position":1,"name":"In\u00edcio","item":"https:\/\/redelitoralrs.com\/"},{"@type":"ListItem","position":2,"name":"Prefeitura de Arroio do Sal lan\u00e7a edital para concurso p\u00fablico"}]},{"@type":"WebSite","@id":"https:\/\/redelitoralrs.com\/#website","url":"https:\/\/redelitoralrs.com\/","name":"TV Litoral","description":"Acompanhe tudo do litoral ga\u00facho com a cobertura completa e atualizada da Rede Litoral RS. Nossos jornalistas trazem as \u00faltimas not\u00edcias, os acontecimentos mais quentes e as hist\u00f3rias que importam sobre nosso amado litoral.","publisher":{"@id":"https:\/\/redelitoralrs.com\/#organization"},"potentialAction":[{"@type":"SearchAction","target":{"@type":"EntryPoint","urlTemplate":"https:\/\/redelitoralrs.com\/?s={search_term_string}"},"query-input":{"@type":"PropertyValueSpecification","valueRequired":true,"valueName":"search_term_string"}}],"inLanguage":"pt-BR"},{"@type":"Organization","@id":"https:\/\/redelitoralrs.com\/#organization","name":"TV Litoral","url":"https:\/\/redelitoralrs.com\/","logo":{"@type":"ImageObject","inLanguage":"pt-BR","@id":"https:\/\/redelitoralrs.com\/#\/schema\/logo\/image\/","url":"https:\/\/redelitoralrs.com\/wp-content\/uploads\/2024\/01\/faviconicon-1-1.png","contentUrl":"https:\/\/redelitoralrs.com\/wp-content\/uploads\/2024\/01\/faviconicon-1-1.png","width":454,"height":454,"caption":"TV Litoral"},"image":{"@id":"https:\/\/redelitoralrs.com\/#\/schema\/logo\/image\/"},"sameAs":["https:\/\/www.facebook.com\/tvlitoralrsoficial","https:\/\/www.instagram.com\/tvlitoral.rs"]},{"@type":"Person","@id":"https:\/\/redelitoralrs.com\/#\/schema\/person\/9f8181f2a7359dd3986f05ebaf5bd68a","name":"Reda\u00e7\u00e3o TV Litoral","image":{"@type":"ImageObject","inLanguage":"pt-BR","@id":"https:\/\/redelitoralrs.com\/wp-content\/litespeed\/avatar\/779aafbb45e66c7f82733e21abb48259.jpg?ver=1776956734","url":"https:\/\/redelitoralrs.com\/wp-content\/litespeed\/avatar\/779aafbb45e66c7f82733e21abb48259.jpg?ver=1776956734","contentUrl":"https:\/\/redelitoralrs.com\/wp-content\/litespeed\/avatar\/779aafbb45e66c7f82733e21abb48259.jpg?ver=1776956734","caption":"Reda\u00e7\u00e3o TV Litoral"},"description":"A Rede Litoral de Comunica\u00e7\u00e3o \u00e9 um grupo de m\u00eddia multiplataforma do Litoral Norte do RS. Com atua\u00e7\u00e3o em TV, r\u00e1dio, portal e redes sociais, levamos informa\u00e7\u00e3o, conte\u00fado e entretenimento \u00e0 comunidade, fortalecendo a comunica\u00e7\u00e3o local e impulsionando o desenvolvimento regional. Acompanhe atrav\u00e9s de @redelitoralrs.","sameAs":["https:\/\/redelitoralrs.com","https:\/\/www.instagram.com\/redelitoralrs","https:\/\/www.youtube.com\/@redelitoralrs"],"url":"https:\/\/redelitoralrs.com\/index.php\/author\/redacaotvlitoral\/"}]}},"_links":{"self":[{"href":"https:\/\/redelitoralrs.com\/index.php\/wp-json\/wp\/v2\/posts\/917","targetHints":{"allow":["GET"]}}],"collection":[{"href":"https:\/\/redelitoralrs.com\/index.php\/wp-json\/wp\/v2\/posts"}],"about":[{"href":"https:\/\/redelitoralrs.com\/index.php\/wp-json\/wp\/v2\/types\/post"}],"author":[{"embeddable":true,"href":"https:\/\/redelitoralrs.com\/index.php\/wp-json\/wp\/v2\/users\/2"}],"replies":[{"embeddable":true,"href":"https:\/\/redelitoralrs.com\/index.php\/wp-json\/wp\/v2\/comments?post=917"}],"version-history":[{"count":1,"href":"https:\/\/redelitoralrs.com\/index.php\/wp-json\/wp\/v2\/posts\/917\/revisions"}],"predecessor-version":[{"id":919,"href":"https:\/\/redelitoralrs.com\/index.php\/wp-json\/wp\/v2\/posts\/917\/revisions\/919"}],"wp:featuredmedia":[{"embeddable":true,"href":"https:\/\/redelitoralrs.com\/index.php\/wp-json\/wp\/v2\/media\/918"}],"wp:attachment":[{"href":"https:\/\/redelitoralrs.com\/index.php\/wp-json\/wp\/v2\/media?parent=917"}],"wp:term":[{"taxonomy":"category","embeddable":true,"href":"https:\/\/redelitoralrs.com\/index.php\/wp-json\/wp\/v2\/categories?post=917"},{"taxonomy":"post_tag","embeddable":true,"href":"https:\/\/redelitoralrs.com\/index.php\/wp-json\/wp\/v2\/tags?post=917"}],"curies":[{"name":"wp","href":"https:\/\/api.w.org\/{rel}","templated":true}]}}