{"id":7886,"date":"2025-03-11T16:55:15","date_gmt":"2025-03-11T19:55:15","guid":{"rendered":"https:\/\/redelitoralrs.com\/?p=7886"},"modified":"2025-03-11T16:55:15","modified_gmt":"2025-03-11T19:55:15","slug":"alceu-moreira-defende-securitizacao-para-reabilitar-produtores-rurais-no-credito","status":"publish","type":"post","link":"https:\/\/redelitoralrs.com\/index.php\/2025\/03\/11\/alceu-moreira-defende-securitizacao-para-reabilitar-produtores-rurais-no-credito\/","title":{"rendered":"Alceu Moreira defende securitiza\u00e7\u00e3o para reabilitar produtores rurais no cr\u00e9dito"},"content":{"rendered":"\n<p><\/p>\n\n\n\n<p>O deputado federal Alceu Moreira (MDB-RS) refor\u00e7ou, nesta segunda-feira (10), a import\u00e2ncia da securitiza\u00e7\u00e3o das d\u00edvidas dos produtores rurais do Rio Grande do Sul. Durante o 10\u00ba Encontro de Lideran\u00e7as do Agroneg\u00f3cio, em Carazinho, o parlamentar destacou que a medida \u00e9 essencial para garantir o acesso ao cr\u00e9dito e a continuidade da produ\u00e7\u00e3o no campo.<\/p>\n\n\n\n<p>\u201cN\u00e3o se trata apenas de buscar novas linhas de cr\u00e9dito, mas de garantir que o financiamento da safra passada caiba no or\u00e7amento do produtor. Com a securitiza\u00e7\u00e3o, ele ter\u00e1 20 anos para pagar e conseguir\u00e1 seguir trabalhando. Sem isso, muitos n\u00e3o ter\u00e3o condi\u00e7\u00f5es de viabilizar a pr\u00f3xima safra\u201d, afirmou Moreira.<\/p>\n\n\n\n<p>O deputado informou que o tema mobiliza a Frente Parlamentar da Agropecu\u00e1ria (FPA) e que atuar\u00e1 para acelerar a tramita\u00e7\u00e3o de dois projetos de lei: PL 341\/2025, de autoria do deputado Pedro Westphalen (PP-RS), e PL 320\/2025, do senador Lu\u00eds Carlos Heinze (PP-RS).<\/p>\n\n\n\n<p>Parlamentar recebe t\u00edtulo de L\u00edder do Agro 2025<\/p>\n\n\n\n<p>Durante o evento, Alceu Moreira foi homenageado com o t\u00edtulo de L\u00edder do Agroneg\u00f3cio de 2025, concedido pelo Sindicato Rural de Carazinho, Cooperativa Cotrijal e Farsul. Reconhecido como um dos parlamentares mais influentes do setor agropecu\u00e1rio, ele agradeceu a premia\u00e7\u00e3o e reafirmou seu compromisso com os produtores.<\/p>\n\n\n\n<p>\u201cSempre que me perguntam onde fica a minha fazenda, eu respondo: n\u00e3o tenho um palmo de terra. N\u00e3o planto e nem crio. Mas desde que cheguei \u00e0 C\u00e2mara, acompanhei de perto a discuss\u00e3o do C\u00f3digo Florestal Brasileiro e vi de tudo. N\u00e3o suportava ouvir tantas cr\u00edticas injustas contra quem s\u00f3 quer trabalhar e produzir\u201d, declarou, sob aplausos.<\/p>\n\n\n\n<p>Al\u00e9m de Alceu Moreira, tamb\u00e9m foram premiados o vice-presidente da Farsul, Domingos Lopes Velho, o pesquisador e professor Erlei Reis e o produtor rural Cornelis Souilljee.<\/p>\n","protected":false},"excerpt":{"rendered":"<p>O deputado federal Alceu Moreira (MDB-RS) refor\u00e7ou, nesta segunda-feira (10), a import\u00e2ncia da securitiza\u00e7\u00e3o das d\u00edvidas dos produtores rurais do Rio Grande do Sul. Durante o 10\u00ba Encontro de Lideran\u00e7as do Agroneg\u00f3cio, em Carazinho, o parlamentar destacou que a medida \u00e9 essencial para garantir o acesso ao cr\u00e9dito e a continuidade da produ\u00e7\u00e3o no campo. [&hellip;]<\/p>\n","protected":false},"author":2,"featured_media":7887,"comment_status":"open","ping_status":"open","sticky":false,"template":"","format":"standard","meta":{"_themeisle_gutenberg_block_has_review":false,"footnotes":""},"categories":[15],"tags":[],"class_list":["post-7886","post","type-post","status-publish","format-standard","has-post-thumbnail","hentry","category-noticias"],"yoast_head":"<!-- This site is optimized with the Yoast SEO plugin v27.4 - https:\/\/yoast.com\/product\/yoast-seo-wordpress\/ -->\n<title>Alceu Moreira defende securitiza\u00e7\u00e3o para reabilitar produtores rurais no cr\u00e9dito - Rede Litoral RS<\/title>\n<meta name=\"description\" content=\"O deputado federal Alceu Moreira (MDB-RS) refor\u00e7ou, nesta segunda-feira (10), a import\u00e2ncia da securitiza\u00e7\u00e3o das d\u00edvidas dos produtores rurais do Rio Grande do Sul. Durante o 10\u00ba Encontro de Lideran\u00e7as do Agroneg\u00f3cio, em Carazinho, o parlamentar destacou que a medida \u00e9 essencial para garantir o acesso ao cr\u00e9dito e a continuidade da produ\u00e7\u00e3o no campo.\" \/>\n<meta name=\"robots\" content=\"index, follow, max-snippet:-1, max-image-preview:large, max-video-preview:-1\" \/>\n<link rel=\"canonical\" href=\"https:\/\/redelitoralrs.com\/index.php\/2025\/03\/11\/alceu-moreira-defende-securitizacao-para-reabilitar-produtores-rurais-no-credito\/\" \/>\n<meta property=\"og:locale\" content=\"pt_BR\" \/>\n<meta property=\"og:type\" content=\"article\" \/>\n<meta property=\"og:title\" content=\"Alceu Moreira defende securitiza\u00e7\u00e3o para reabilitar produtores rurais no cr\u00e9dito - Rede Litoral RS\" \/>\n<meta property=\"og:description\" content=\"O deputado federal Alceu Moreira (MDB-RS) refor\u00e7ou, nesta segunda-feira (10), a import\u00e2ncia da securitiza\u00e7\u00e3o das d\u00edvidas dos produtores rurais do Rio Grande do Sul. Durante o 10\u00ba Encontro de Lideran\u00e7as do Agroneg\u00f3cio, em Carazinho, o parlamentar destacou que a medida \u00e9 essencial para garantir o acesso ao cr\u00e9dito e a continuidade da produ\u00e7\u00e3o no campo.\" \/>\n<meta property=\"og:url\" content=\"https:\/\/redelitoralrs.com\/index.php\/2025\/03\/11\/alceu-moreira-defende-securitizacao-para-reabilitar-produtores-rurais-no-credito\/\" \/>\n<meta property=\"og:site_name\" content=\"Rede Litoral RS\" \/>\n<meta property=\"article:publisher\" content=\"https:\/\/www.facebook.com\/tvlitoralrsoficial\" \/>\n<meta property=\"article:published_time\" content=\"2025-03-11T19:55:15+00:00\" \/>\n<meta property=\"og:image\" content=\"https:\/\/redelitoralrs.com\/wp-content\/uploads\/2025\/03\/WhatsApp-Image-2025-03-11-at-16.51.52.jpeg\" \/>\n\t<meta property=\"og:image:width\" content=\"1600\" \/>\n\t<meta property=\"og:image:height\" content=\"1066\" \/>\n\t<meta property=\"og:image:type\" content=\"image\/jpeg\" \/>\n<meta name=\"author\" content=\"Reda\u00e7\u00e3o TV Litoral\" \/>\n<meta name=\"twitter:card\" content=\"summary_large_image\" \/>\n<meta name=\"twitter:label1\" content=\"Escrito por\" \/>\n\t<meta name=\"twitter:data1\" content=\"Reda\u00e7\u00e3o TV Litoral\" \/>\n\t<meta name=\"twitter:label2\" content=\"Est. tempo de leitura\" \/>\n\t<meta name=\"twitter:data2\" content=\"2 minutos\" \/>\n<script type=\"application\/ld+json\" class=\"yoast-schema-graph\">{\"@context\":\"https:\\\/\\\/schema.org\",\"@graph\":[{\"@type\":\"Article\",\"@id\":\"https:\\\/\\\/redelitoralrs.com\\\/index.php\\\/2025\\\/03\\\/11\\\/alceu-moreira-defende-securitizacao-para-reabilitar-produtores-rurais-no-credito\\\/#article\",\"isPartOf\":{\"@id\":\"https:\\\/\\\/redelitoralrs.com\\\/index.php\\\/2025\\\/03\\\/11\\\/alceu-moreira-defende-securitizacao-para-reabilitar-produtores-rurais-no-credito\\\/\"},\"author\":{\"name\":\"Reda\u00e7\u00e3o TV Litoral\",\"@id\":\"https:\\\/\\\/redelitoralrs.com\\\/#\\\/schema\\\/person\\\/9f8181f2a7359dd3986f05ebaf5bd68a\"},\"headline\":\"Alceu Moreira defende securitiza\u00e7\u00e3o para reabilitar produtores rurais no cr\u00e9dito\",\"datePublished\":\"2025-03-11T19:55:15+00:00\",\"mainEntityOfPage\":{\"@id\":\"https:\\\/\\\/redelitoralrs.com\\\/index.php\\\/2025\\\/03\\\/11\\\/alceu-moreira-defende-securitizacao-para-reabilitar-produtores-rurais-no-credito\\\/\"},\"wordCount\":324,\"commentCount\":0,\"publisher\":{\"@id\":\"https:\\\/\\\/redelitoralrs.com\\\/#organization\"},\"image\":{\"@id\":\"https:\\\/\\\/redelitoralrs.com\\\/index.php\\\/2025\\\/03\\\/11\\\/alceu-moreira-defende-securitizacao-para-reabilitar-produtores-rurais-no-credito\\\/#primaryimage\"},\"thumbnailUrl\":\"https:\\\/\\\/redelitoralrs.com\\\/wp-content\\\/uploads\\\/2025\\\/03\\\/WhatsApp-Image-2025-03-11-at-16.51.52.jpeg\",\"articleSection\":[\"\u00daltimas not\u00edcias\"],\"inLanguage\":\"pt-BR\",\"potentialAction\":[{\"@type\":\"CommentAction\",\"name\":\"Comment\",\"target\":[\"https:\\\/\\\/redelitoralrs.com\\\/index.php\\\/2025\\\/03\\\/11\\\/alceu-moreira-defende-securitizacao-para-reabilitar-produtores-rurais-no-credito\\\/#respond\"]}]},{\"@type\":\"WebPage\",\"@id\":\"https:\\\/\\\/redelitoralrs.com\\\/index.php\\\/2025\\\/03\\\/11\\\/alceu-moreira-defende-securitizacao-para-reabilitar-produtores-rurais-no-credito\\\/\",\"url\":\"https:\\\/\\\/redelitoralrs.com\\\/index.php\\\/2025\\\/03\\\/11\\\/alceu-moreira-defende-securitizacao-para-reabilitar-produtores-rurais-no-credito\\\/\",\"name\":\"Alceu Moreira defende securitiza\u00e7\u00e3o para reabilitar produtores rurais no cr\u00e9dito - Rede Litoral RS\",\"isPartOf\":{\"@id\":\"https:\\\/\\\/redelitoralrs.com\\\/#website\"},\"primaryImageOfPage\":{\"@id\":\"https:\\\/\\\/redelitoralrs.com\\\/index.php\\\/2025\\\/03\\\/11\\\/alceu-moreira-defende-securitizacao-para-reabilitar-produtores-rurais-no-credito\\\/#primaryimage\"},\"image\":{\"@id\":\"https:\\\/\\\/redelitoralrs.com\\\/index.php\\\/2025\\\/03\\\/11\\\/alceu-moreira-defende-securitizacao-para-reabilitar-produtores-rurais-no-credito\\\/#primaryimage\"},\"thumbnailUrl\":\"https:\\\/\\\/redelitoralrs.com\\\/wp-content\\\/uploads\\\/2025\\\/03\\\/WhatsApp-Image-2025-03-11-at-16.51.52.jpeg\",\"datePublished\":\"2025-03-11T19:55:15+00:00\",\"description\":\"O deputado federal Alceu Moreira (MDB-RS) refor\u00e7ou, nesta segunda-feira (10), a import\u00e2ncia da securitiza\u00e7\u00e3o das d\u00edvidas dos produtores rurais do Rio Grande do Sul. Durante o 10\u00ba Encontro de Lideran\u00e7as do Agroneg\u00f3cio, em Carazinho, o parlamentar destacou que a medida \u00e9 essencial para garantir o acesso ao cr\u00e9dito e a continuidade da produ\u00e7\u00e3o no campo.\",\"breadcrumb\":{\"@id\":\"https:\\\/\\\/redelitoralrs.com\\\/index.php\\\/2025\\\/03\\\/11\\\/alceu-moreira-defende-securitizacao-para-reabilitar-produtores-rurais-no-credito\\\/#breadcrumb\"},\"inLanguage\":\"pt-BR\",\"potentialAction\":[{\"@type\":\"ReadAction\",\"target\":[\"https:\\\/\\\/redelitoralrs.com\\\/index.php\\\/2025\\\/03\\\/11\\\/alceu-moreira-defende-securitizacao-para-reabilitar-produtores-rurais-no-credito\\\/\"]}]},{\"@type\":\"ImageObject\",\"inLanguage\":\"pt-BR\",\"@id\":\"https:\\\/\\\/redelitoralrs.com\\\/index.php\\\/2025\\\/03\\\/11\\\/alceu-moreira-defende-securitizacao-para-reabilitar-produtores-rurais-no-credito\\\/#primaryimage\",\"url\":\"https:\\\/\\\/redelitoralrs.com\\\/wp-content\\\/uploads\\\/2025\\\/03\\\/WhatsApp-Image-2025-03-11-at-16.51.52.jpeg\",\"contentUrl\":\"https:\\\/\\\/redelitoralrs.com\\\/wp-content\\\/uploads\\\/2025\\\/03\\\/WhatsApp-Image-2025-03-11-at-16.51.52.jpeg\",\"width\":1600,\"height\":1066},{\"@type\":\"BreadcrumbList\",\"@id\":\"https:\\\/\\\/redelitoralrs.com\\\/index.php\\\/2025\\\/03\\\/11\\\/alceu-moreira-defende-securitizacao-para-reabilitar-produtores-rurais-no-credito\\\/#breadcrumb\",\"itemListElement\":[{\"@type\":\"ListItem\",\"position\":1,\"name\":\"In\u00edcio\",\"item\":\"https:\\\/\\\/redelitoralrs.com\\\/\"},{\"@type\":\"ListItem\",\"position\":2,\"name\":\"Alceu Moreira defende securitiza\u00e7\u00e3o para reabilitar produtores rurais no cr\u00e9dito\"}]},{\"@type\":\"WebSite\",\"@id\":\"https:\\\/\\\/redelitoralrs.com\\\/#website\",\"url\":\"https:\\\/\\\/redelitoralrs.com\\\/\",\"name\":\"TV Litoral\",\"description\":\"Acompanhe tudo do litoral ga\u00facho com a cobertura completa e atualizada da Rede Litoral RS. Nossos jornalistas trazem as \u00faltimas not\u00edcias, os acontecimentos mais quentes e as hist\u00f3rias que importam sobre nosso amado litoral.\",\"publisher\":{\"@id\":\"https:\\\/\\\/redelitoralrs.com\\\/#organization\"},\"potentialAction\":[{\"@type\":\"SearchAction\",\"target\":{\"@type\":\"EntryPoint\",\"urlTemplate\":\"https:\\\/\\\/redelitoralrs.com\\\/?s={search_term_string}\"},\"query-input\":{\"@type\":\"PropertyValueSpecification\",\"valueRequired\":true,\"valueName\":\"search_term_string\"}}],\"inLanguage\":\"pt-BR\"},{\"@type\":\"Organization\",\"@id\":\"https:\\\/\\\/redelitoralrs.com\\\/#organization\",\"name\":\"TV Litoral\",\"url\":\"https:\\\/\\\/redelitoralrs.com\\\/\",\"logo\":{\"@type\":\"ImageObject\",\"inLanguage\":\"pt-BR\",\"@id\":\"https:\\\/\\\/redelitoralrs.com\\\/#\\\/schema\\\/logo\\\/image\\\/\",\"url\":\"https:\\\/\\\/redelitoralrs.com\\\/wp-content\\\/uploads\\\/2024\\\/01\\\/faviconicon-1-1.png\",\"contentUrl\":\"https:\\\/\\\/redelitoralrs.com\\\/wp-content\\\/uploads\\\/2024\\\/01\\\/faviconicon-1-1.png\",\"width\":454,\"height\":454,\"caption\":\"TV Litoral\"},\"image\":{\"@id\":\"https:\\\/\\\/redelitoralrs.com\\\/#\\\/schema\\\/logo\\\/image\\\/\"},\"sameAs\":[\"https:\\\/\\\/www.facebook.com\\\/tvlitoralrsoficial\",\"https:\\\/\\\/www.instagram.com\\\/tvlitoral.rs\"]},{\"@type\":\"Person\",\"@id\":\"https:\\\/\\\/redelitoralrs.com\\\/#\\\/schema\\\/person\\\/9f8181f2a7359dd3986f05ebaf5bd68a\",\"name\":\"Reda\u00e7\u00e3o TV Litoral\",\"image\":{\"@type\":\"ImageObject\",\"inLanguage\":\"pt-BR\",\"@id\":\"https:\\\/\\\/redelitoralrs.com\\\/wp-content\\\/litespeed\\\/avatar\\\/779aafbb45e66c7f82733e21abb48259.jpg?ver=1777561602\",\"url\":\"https:\\\/\\\/redelitoralrs.com\\\/wp-content\\\/litespeed\\\/avatar\\\/779aafbb45e66c7f82733e21abb48259.jpg?ver=1777561602\",\"contentUrl\":\"https:\\\/\\\/redelitoralrs.com\\\/wp-content\\\/litespeed\\\/avatar\\\/779aafbb45e66c7f82733e21abb48259.jpg?ver=1777561602\",\"caption\":\"Reda\u00e7\u00e3o TV Litoral\"},\"description\":\"A Rede Litoral de Comunica\u00e7\u00e3o \u00e9 um grupo de m\u00eddia multiplataforma do Litoral Norte do RS. Com atua\u00e7\u00e3o em TV, r\u00e1dio, portal e redes sociais, levamos informa\u00e7\u00e3o, conte\u00fado e entretenimento \u00e0 comunidade, fortalecendo a comunica\u00e7\u00e3o local e impulsionando o desenvolvimento regional. Acompanhe atrav\u00e9s de @redelitoralrs.\",\"sameAs\":[\"https:\\\/\\\/redelitoralrs.com\",\"https:\\\/\\\/www.instagram.com\\\/redelitoralrs\",\"https:\\\/\\\/www.youtube.com\\\/@redelitoralrs\"],\"url\":\"https:\\\/\\\/redelitoralrs.com\\\/index.php\\\/author\\\/redacaotvlitoral\\\/\"}]}<\/script>\n<!-- \/ Yoast SEO plugin. -->","yoast_head_json":{"title":"Alceu Moreira defende securitiza\u00e7\u00e3o para reabilitar produtores rurais no cr\u00e9dito - Rede Litoral RS","description":"O deputado federal Alceu Moreira (MDB-RS) refor\u00e7ou, nesta segunda-feira (10), a import\u00e2ncia da securitiza\u00e7\u00e3o das d\u00edvidas dos produtores rurais do Rio Grande do Sul. Durante o 10\u00ba Encontro de Lideran\u00e7as do Agroneg\u00f3cio, em Carazinho, o parlamentar destacou que a medida \u00e9 essencial para garantir o acesso ao cr\u00e9dito e a continuidade da produ\u00e7\u00e3o no campo.","robots":{"index":"index","follow":"follow","max-snippet":"max-snippet:-1","max-image-preview":"max-image-preview:large","max-video-preview":"max-video-preview:-1"},"canonical":"https:\/\/redelitoralrs.com\/index.php\/2025\/03\/11\/alceu-moreira-defende-securitizacao-para-reabilitar-produtores-rurais-no-credito\/","og_locale":"pt_BR","og_type":"article","og_title":"Alceu Moreira defende securitiza\u00e7\u00e3o para reabilitar produtores rurais no cr\u00e9dito - Rede Litoral RS","og_description":"O deputado federal Alceu Moreira (MDB-RS) refor\u00e7ou, nesta segunda-feira (10), a import\u00e2ncia da securitiza\u00e7\u00e3o das d\u00edvidas dos produtores rurais do Rio Grande do Sul. Durante o 10\u00ba Encontro de Lideran\u00e7as do Agroneg\u00f3cio, em Carazinho, o parlamentar destacou que a medida \u00e9 essencial para garantir o acesso ao cr\u00e9dito e a continuidade da produ\u00e7\u00e3o no campo.","og_url":"https:\/\/redelitoralrs.com\/index.php\/2025\/03\/11\/alceu-moreira-defende-securitizacao-para-reabilitar-produtores-rurais-no-credito\/","og_site_name":"Rede Litoral RS","article_publisher":"https:\/\/www.facebook.com\/tvlitoralrsoficial","article_published_time":"2025-03-11T19:55:15+00:00","og_image":[{"width":1600,"height":1066,"url":"https:\/\/redelitoralrs.com\/wp-content\/uploads\/2025\/03\/WhatsApp-Image-2025-03-11-at-16.51.52.jpeg","type":"image\/jpeg"}],"author":"Reda\u00e7\u00e3o TV Litoral","twitter_card":"summary_large_image","twitter_misc":{"Escrito por":"Reda\u00e7\u00e3o TV Litoral","Est. tempo de leitura":"2 minutos"},"schema":{"@context":"https:\/\/schema.org","@graph":[{"@type":"Article","@id":"https:\/\/redelitoralrs.com\/index.php\/2025\/03\/11\/alceu-moreira-defende-securitizacao-para-reabilitar-produtores-rurais-no-credito\/#article","isPartOf":{"@id":"https:\/\/redelitoralrs.com\/index.php\/2025\/03\/11\/alceu-moreira-defende-securitizacao-para-reabilitar-produtores-rurais-no-credito\/"},"author":{"name":"Reda\u00e7\u00e3o TV Litoral","@id":"https:\/\/redelitoralrs.com\/#\/schema\/person\/9f8181f2a7359dd3986f05ebaf5bd68a"},"headline":"Alceu Moreira defende securitiza\u00e7\u00e3o para reabilitar produtores rurais no cr\u00e9dito","datePublished":"2025-03-11T19:55:15+00:00","mainEntityOfPage":{"@id":"https:\/\/redelitoralrs.com\/index.php\/2025\/03\/11\/alceu-moreira-defende-securitizacao-para-reabilitar-produtores-rurais-no-credito\/"},"wordCount":324,"commentCount":0,"publisher":{"@id":"https:\/\/redelitoralrs.com\/#organization"},"image":{"@id":"https:\/\/redelitoralrs.com\/index.php\/2025\/03\/11\/alceu-moreira-defende-securitizacao-para-reabilitar-produtores-rurais-no-credito\/#primaryimage"},"thumbnailUrl":"https:\/\/redelitoralrs.com\/wp-content\/uploads\/2025\/03\/WhatsApp-Image-2025-03-11-at-16.51.52.jpeg","articleSection":["\u00daltimas not\u00edcias"],"inLanguage":"pt-BR","potentialAction":[{"@type":"CommentAction","name":"Comment","target":["https:\/\/redelitoralrs.com\/index.php\/2025\/03\/11\/alceu-moreira-defende-securitizacao-para-reabilitar-produtores-rurais-no-credito\/#respond"]}]},{"@type":"WebPage","@id":"https:\/\/redelitoralrs.com\/index.php\/2025\/03\/11\/alceu-moreira-defende-securitizacao-para-reabilitar-produtores-rurais-no-credito\/","url":"https:\/\/redelitoralrs.com\/index.php\/2025\/03\/11\/alceu-moreira-defende-securitizacao-para-reabilitar-produtores-rurais-no-credito\/","name":"Alceu Moreira defende securitiza\u00e7\u00e3o para reabilitar produtores rurais no cr\u00e9dito - Rede Litoral RS","isPartOf":{"@id":"https:\/\/redelitoralrs.com\/#website"},"primaryImageOfPage":{"@id":"https:\/\/redelitoralrs.com\/index.php\/2025\/03\/11\/alceu-moreira-defende-securitizacao-para-reabilitar-produtores-rurais-no-credito\/#primaryimage"},"image":{"@id":"https:\/\/redelitoralrs.com\/index.php\/2025\/03\/11\/alceu-moreira-defende-securitizacao-para-reabilitar-produtores-rurais-no-credito\/#primaryimage"},"thumbnailUrl":"https:\/\/redelitoralrs.com\/wp-content\/uploads\/2025\/03\/WhatsApp-Image-2025-03-11-at-16.51.52.jpeg","datePublished":"2025-03-11T19:55:15+00:00","description":"O deputado federal Alceu Moreira (MDB-RS) refor\u00e7ou, nesta segunda-feira (10), a import\u00e2ncia da securitiza\u00e7\u00e3o das d\u00edvidas dos produtores rurais do Rio Grande do Sul. Durante o 10\u00ba Encontro de Lideran\u00e7as do Agroneg\u00f3cio, em Carazinho, o parlamentar destacou que a medida \u00e9 essencial para garantir o acesso ao cr\u00e9dito e a continuidade da produ\u00e7\u00e3o no campo.","breadcrumb":{"@id":"https:\/\/redelitoralrs.com\/index.php\/2025\/03\/11\/alceu-moreira-defende-securitizacao-para-reabilitar-produtores-rurais-no-credito\/#breadcrumb"},"inLanguage":"pt-BR","potentialAction":[{"@type":"ReadAction","target":["https:\/\/redelitoralrs.com\/index.php\/2025\/03\/11\/alceu-moreira-defende-securitizacao-para-reabilitar-produtores-rurais-no-credito\/"]}]},{"@type":"ImageObject","inLanguage":"pt-BR","@id":"https:\/\/redelitoralrs.com\/index.php\/2025\/03\/11\/alceu-moreira-defende-securitizacao-para-reabilitar-produtores-rurais-no-credito\/#primaryimage","url":"https:\/\/redelitoralrs.com\/wp-content\/uploads\/2025\/03\/WhatsApp-Image-2025-03-11-at-16.51.52.jpeg","contentUrl":"https:\/\/redelitoralrs.com\/wp-content\/uploads\/2025\/03\/WhatsApp-Image-2025-03-11-at-16.51.52.jpeg","width":1600,"height":1066},{"@type":"BreadcrumbList","@id":"https:\/\/redelitoralrs.com\/index.php\/2025\/03\/11\/alceu-moreira-defende-securitizacao-para-reabilitar-produtores-rurais-no-credito\/#breadcrumb","itemListElement":[{"@type":"ListItem","position":1,"name":"In\u00edcio","item":"https:\/\/redelitoralrs.com\/"},{"@type":"ListItem","position":2,"name":"Alceu Moreira defende securitiza\u00e7\u00e3o para reabilitar produtores rurais no cr\u00e9dito"}]},{"@type":"WebSite","@id":"https:\/\/redelitoralrs.com\/#website","url":"https:\/\/redelitoralrs.com\/","name":"TV Litoral","description":"Acompanhe tudo do litoral ga\u00facho com a cobertura completa e atualizada da Rede Litoral RS. Nossos jornalistas trazem as \u00faltimas not\u00edcias, os acontecimentos mais quentes e as hist\u00f3rias que importam sobre nosso amado litoral.","publisher":{"@id":"https:\/\/redelitoralrs.com\/#organization"},"potentialAction":[{"@type":"SearchAction","target":{"@type":"EntryPoint","urlTemplate":"https:\/\/redelitoralrs.com\/?s={search_term_string}"},"query-input":{"@type":"PropertyValueSpecification","valueRequired":true,"valueName":"search_term_string"}}],"inLanguage":"pt-BR"},{"@type":"Organization","@id":"https:\/\/redelitoralrs.com\/#organization","name":"TV Litoral","url":"https:\/\/redelitoralrs.com\/","logo":{"@type":"ImageObject","inLanguage":"pt-BR","@id":"https:\/\/redelitoralrs.com\/#\/schema\/logo\/image\/","url":"https:\/\/redelitoralrs.com\/wp-content\/uploads\/2024\/01\/faviconicon-1-1.png","contentUrl":"https:\/\/redelitoralrs.com\/wp-content\/uploads\/2024\/01\/faviconicon-1-1.png","width":454,"height":454,"caption":"TV Litoral"},"image":{"@id":"https:\/\/redelitoralrs.com\/#\/schema\/logo\/image\/"},"sameAs":["https:\/\/www.facebook.com\/tvlitoralrsoficial","https:\/\/www.instagram.com\/tvlitoral.rs"]},{"@type":"Person","@id":"https:\/\/redelitoralrs.com\/#\/schema\/person\/9f8181f2a7359dd3986f05ebaf5bd68a","name":"Reda\u00e7\u00e3o TV Litoral","image":{"@type":"ImageObject","inLanguage":"pt-BR","@id":"https:\/\/redelitoralrs.com\/wp-content\/litespeed\/avatar\/779aafbb45e66c7f82733e21abb48259.jpg?ver=1777561602","url":"https:\/\/redelitoralrs.com\/wp-content\/litespeed\/avatar\/779aafbb45e66c7f82733e21abb48259.jpg?ver=1777561602","contentUrl":"https:\/\/redelitoralrs.com\/wp-content\/litespeed\/avatar\/779aafbb45e66c7f82733e21abb48259.jpg?ver=1777561602","caption":"Reda\u00e7\u00e3o TV Litoral"},"description":"A Rede Litoral de Comunica\u00e7\u00e3o \u00e9 um grupo de m\u00eddia multiplataforma do Litoral Norte do RS. Com atua\u00e7\u00e3o em TV, r\u00e1dio, portal e redes sociais, levamos informa\u00e7\u00e3o, conte\u00fado e entretenimento \u00e0 comunidade, fortalecendo a comunica\u00e7\u00e3o local e impulsionando o desenvolvimento regional. Acompanhe atrav\u00e9s de @redelitoralrs.","sameAs":["https:\/\/redelitoralrs.com","https:\/\/www.instagram.com\/redelitoralrs","https:\/\/www.youtube.com\/@redelitoralrs"],"url":"https:\/\/redelitoralrs.com\/index.php\/author\/redacaotvlitoral\/"}]}},"_links":{"self":[{"href":"https:\/\/redelitoralrs.com\/index.php\/wp-json\/wp\/v2\/posts\/7886","targetHints":{"allow":["GET"]}}],"collection":[{"href":"https:\/\/redelitoralrs.com\/index.php\/wp-json\/wp\/v2\/posts"}],"about":[{"href":"https:\/\/redelitoralrs.com\/index.php\/wp-json\/wp\/v2\/types\/post"}],"author":[{"embeddable":true,"href":"https:\/\/redelitoralrs.com\/index.php\/wp-json\/wp\/v2\/users\/2"}],"replies":[{"embeddable":true,"href":"https:\/\/redelitoralrs.com\/index.php\/wp-json\/wp\/v2\/comments?post=7886"}],"version-history":[{"count":2,"href":"https:\/\/redelitoralrs.com\/index.php\/wp-json\/wp\/v2\/posts\/7886\/revisions"}],"predecessor-version":[{"id":7889,"href":"https:\/\/redelitoralrs.com\/index.php\/wp-json\/wp\/v2\/posts\/7886\/revisions\/7889"}],"wp:featuredmedia":[{"embeddable":true,"href":"https:\/\/redelitoralrs.com\/index.php\/wp-json\/wp\/v2\/media\/7887"}],"wp:attachment":[{"href":"https:\/\/redelitoralrs.com\/index.php\/wp-json\/wp\/v2\/media?parent=7886"}],"wp:term":[{"taxonomy":"category","embeddable":true,"href":"https:\/\/redelitoralrs.com\/index.php\/wp-json\/wp\/v2\/categories?post=7886"},{"taxonomy":"post_tag","embeddable":true,"href":"https:\/\/redelitoralrs.com\/index.php\/wp-json\/wp\/v2\/tags?post=7886"}],"curies":[{"name":"wp","href":"https:\/\/api.w.org\/{rel}","templated":true}]}}