{"id":7863,"date":"2025-03-12T20:00:00","date_gmt":"2025-03-12T23:00:00","guid":{"rendered":"https:\/\/redelitoralrs.com\/?p=7863"},"modified":"2025-03-11T16:15:49","modified_gmt":"2025-03-11T19:15:49","slug":"policia-civil-prende-segundo-envolvido-em-estupro-de-vulneravel-em-arroio-do-sal","status":"publish","type":"post","link":"https:\/\/redelitoralrs.com\/index.php\/2025\/03\/12\/policia-civil-prende-segundo-envolvido-em-estupro-de-vulneravel-em-arroio-do-sal\/","title":{"rendered":"Pol\u00edcia Civil Prende Segundo Envolvido em Estupro de Vulner\u00e1vel em Arroio do Sal"},"content":{"rendered":"\n<p><\/p>\n\n\n\n<p>Na \u00faltima sexta-feira, 7 de mar\u00e7o, a Pol\u00edcia Civil, por meio da Delegacia de Arroio do Sal, realizou a pris\u00e3o do segundo suspeito envolvido em um grave caso de estupro de vulner\u00e1vel. O crime ocorreu no dia 1\u00ba de mar\u00e7o, durante o domingo de Carnaval, e teve como v\u00edtima uma menina de apenas 12 anos.<\/p>\n\n\n\n<p>De acordo com as investiga\u00e7\u00f5es, um dos autores j\u00e1 havia sido preso em flagrante pela Brigada Militar no dia do acontecimento. Ele estabeleceu contato com a menor atrav\u00e9s do Instagram, onde marcaram um encontro que contou com a presen\u00e7a de outro indiv\u00edduo. Ambos praticaram o ato abusivo contra a v\u00edtima.<\/p>\n\n\n\n<p>Dando prosseguimento \u00e0s investiga\u00e7\u00f5es, no dia 4 de mar\u00e7o, a Pol\u00edcia Civil conseguiu identificar o segundo envolvido e solicitou sua pris\u00e3o preventiva. O suspeito havia se escondido em Crici\u00fama, Santa Catarina. No entanto, a equipe de investiga\u00e7\u00e3o da Delegacia de Arroio do Sal agiu rapidamente e, com apoio da Divis\u00e3o de Investiga\u00e7\u00e3o Criminal (DIC) de Crici\u00fama, conseguiu localiz\u00e1-lo e realizar a pris\u00e3o.<\/p>\n\n\n\n<p>A Pol\u00edcia Civil refor\u00e7a seu compromisso no combate aos crimes que atacam a dignidade sexual e promete que todos os envolvidos ser\u00e3o devidamente responsabilizados. A institui\u00e7\u00e3o pede \u00e0 popula\u00e7\u00e3o que continue colaborando para que crimes dessa natureza sejam combatidos com rigor, garantindo a seguran\u00e7a e prote\u00e7\u00e3o de todos.<\/p>\n","protected":false},"excerpt":{"rendered":"<p>Na \u00faltima sexta-feira, 7 de mar\u00e7o, a Pol\u00edcia Civil, por meio da Delegacia de Arroio do Sal, realizou a pris\u00e3o do segundo suspeito envolvido em um grave caso de estupro de vulner\u00e1vel. O crime ocorreu no dia 1\u00ba de mar\u00e7o, durante o domingo de Carnaval, e teve como v\u00edtima uma menina de apenas 12 anos. [&hellip;]<\/p>\n","protected":false},"author":2,"featured_media":7864,"comment_status":"open","ping_status":"open","sticky":false,"template":"","format":"standard","meta":{"_themeisle_gutenberg_block_has_review":false,"footnotes":""},"categories":[29,15],"tags":[],"class_list":["post-7863","post","type-post","status-publish","format-standard","has-post-thumbnail","hentry","category-arroio-do-sal","category-noticias"],"yoast_head":"<!-- This site is optimized with the Yoast SEO plugin v27.4 - https:\/\/yoast.com\/product\/yoast-seo-wordpress\/ -->\n<title>Pol\u00edcia Civil Prende Segundo Envolvido em Estupro de Vulner\u00e1vel em Arroio do Sal - Rede Litoral RS<\/title>\n<meta name=\"description\" content=\"Na \u00faltima sexta-feira, 7 de mar\u00e7o, a Pol\u00edcia Civil, por meio da Delegacia de Arroio do Sal, realizou a pris\u00e3o do segundo suspeito envolvido em um grave caso de estupro de vulner\u00e1vel. O crime ocorreu no dia 1\u00ba de mar\u00e7o, durante o domingo de Carnaval, e teve como v\u00edtima uma menina de apenas 12 anos.\" \/>\n<meta name=\"robots\" content=\"index, follow, max-snippet:-1, max-image-preview:large, max-video-preview:-1\" \/>\n<link rel=\"canonical\" href=\"https:\/\/redelitoralrs.com\/index.php\/2025\/03\/12\/policia-civil-prende-segundo-envolvido-em-estupro-de-vulneravel-em-arroio-do-sal\/\" \/>\n<meta property=\"og:locale\" content=\"pt_BR\" \/>\n<meta property=\"og:type\" content=\"article\" \/>\n<meta property=\"og:title\" content=\"Pol\u00edcia Civil Prende Segundo Envolvido em Estupro de Vulner\u00e1vel em Arroio do Sal - Rede Litoral RS\" \/>\n<meta property=\"og:description\" content=\"Na \u00faltima sexta-feira, 7 de mar\u00e7o, a Pol\u00edcia Civil, por meio da Delegacia de Arroio do Sal, realizou a pris\u00e3o do segundo suspeito envolvido em um grave caso de estupro de vulner\u00e1vel. O crime ocorreu no dia 1\u00ba de mar\u00e7o, durante o domingo de Carnaval, e teve como v\u00edtima uma menina de apenas 12 anos.\" \/>\n<meta property=\"og:url\" content=\"https:\/\/redelitoralrs.com\/index.php\/2025\/03\/12\/policia-civil-prende-segundo-envolvido-em-estupro-de-vulneravel-em-arroio-do-sal\/\" \/>\n<meta property=\"og:site_name\" content=\"Rede Litoral RS\" \/>\n<meta property=\"article:publisher\" content=\"https:\/\/www.facebook.com\/tvlitoralrsoficial\" \/>\n<meta property=\"article:published_time\" content=\"2025-03-12T23:00:00+00:00\" \/>\n<meta property=\"og:image\" content=\"https:\/\/redelitoralrs.com\/wp-content\/uploads\/2025\/03\/WhatsApp-Image-2025-03-11-at-14.20.05.jpeg\" \/>\n\t<meta property=\"og:image:width\" content=\"800\" \/>\n\t<meta property=\"og:image:height\" content=\"450\" \/>\n\t<meta property=\"og:image:type\" content=\"image\/jpeg\" \/>\n<meta name=\"author\" content=\"Reda\u00e7\u00e3o TV Litoral\" \/>\n<meta name=\"twitter:card\" content=\"summary_large_image\" \/>\n<meta name=\"twitter:label1\" content=\"Escrito por\" \/>\n\t<meta name=\"twitter:data1\" content=\"Reda\u00e7\u00e3o TV Litoral\" \/>\n\t<meta name=\"twitter:label2\" content=\"Est. tempo de leitura\" \/>\n\t<meta name=\"twitter:data2\" content=\"2 minutos\" \/>\n<script type=\"application\/ld+json\" class=\"yoast-schema-graph\">{\"@context\":\"https:\\\/\\\/schema.org\",\"@graph\":[{\"@type\":\"Article\",\"@id\":\"https:\\\/\\\/redelitoralrs.com\\\/index.php\\\/2025\\\/03\\\/12\\\/policia-civil-prende-segundo-envolvido-em-estupro-de-vulneravel-em-arroio-do-sal\\\/#article\",\"isPartOf\":{\"@id\":\"https:\\\/\\\/redelitoralrs.com\\\/index.php\\\/2025\\\/03\\\/12\\\/policia-civil-prende-segundo-envolvido-em-estupro-de-vulneravel-em-arroio-do-sal\\\/\"},\"author\":{\"name\":\"Reda\u00e7\u00e3o TV Litoral\",\"@id\":\"https:\\\/\\\/redelitoralrs.com\\\/#\\\/schema\\\/person\\\/9f8181f2a7359dd3986f05ebaf5bd68a\"},\"headline\":\"Pol\u00edcia Civil Prende Segundo Envolvido em Estupro de Vulner\u00e1vel em Arroio do Sal\",\"datePublished\":\"2025-03-12T23:00:00+00:00\",\"mainEntityOfPage\":{\"@id\":\"https:\\\/\\\/redelitoralrs.com\\\/index.php\\\/2025\\\/03\\\/12\\\/policia-civil-prende-segundo-envolvido-em-estupro-de-vulneravel-em-arroio-do-sal\\\/\"},\"wordCount\":254,\"commentCount\":0,\"publisher\":{\"@id\":\"https:\\\/\\\/redelitoralrs.com\\\/#organization\"},\"image\":{\"@id\":\"https:\\\/\\\/redelitoralrs.com\\\/index.php\\\/2025\\\/03\\\/12\\\/policia-civil-prende-segundo-envolvido-em-estupro-de-vulneravel-em-arroio-do-sal\\\/#primaryimage\"},\"thumbnailUrl\":\"https:\\\/\\\/redelitoralrs.com\\\/wp-content\\\/uploads\\\/2025\\\/03\\\/WhatsApp-Image-2025-03-11-at-14.20.05.jpeg\",\"articleSection\":[\"Arroio do Sal\",\"\u00daltimas not\u00edcias\"],\"inLanguage\":\"pt-BR\",\"potentialAction\":[{\"@type\":\"CommentAction\",\"name\":\"Comment\",\"target\":[\"https:\\\/\\\/redelitoralrs.com\\\/index.php\\\/2025\\\/03\\\/12\\\/policia-civil-prende-segundo-envolvido-em-estupro-de-vulneravel-em-arroio-do-sal\\\/#respond\"]}]},{\"@type\":\"WebPage\",\"@id\":\"https:\\\/\\\/redelitoralrs.com\\\/index.php\\\/2025\\\/03\\\/12\\\/policia-civil-prende-segundo-envolvido-em-estupro-de-vulneravel-em-arroio-do-sal\\\/\",\"url\":\"https:\\\/\\\/redelitoralrs.com\\\/index.php\\\/2025\\\/03\\\/12\\\/policia-civil-prende-segundo-envolvido-em-estupro-de-vulneravel-em-arroio-do-sal\\\/\",\"name\":\"Pol\u00edcia Civil Prende Segundo Envolvido em Estupro de Vulner\u00e1vel em Arroio do Sal - Rede Litoral RS\",\"isPartOf\":{\"@id\":\"https:\\\/\\\/redelitoralrs.com\\\/#website\"},\"primaryImageOfPage\":{\"@id\":\"https:\\\/\\\/redelitoralrs.com\\\/index.php\\\/2025\\\/03\\\/12\\\/policia-civil-prende-segundo-envolvido-em-estupro-de-vulneravel-em-arroio-do-sal\\\/#primaryimage\"},\"image\":{\"@id\":\"https:\\\/\\\/redelitoralrs.com\\\/index.php\\\/2025\\\/03\\\/12\\\/policia-civil-prende-segundo-envolvido-em-estupro-de-vulneravel-em-arroio-do-sal\\\/#primaryimage\"},\"thumbnailUrl\":\"https:\\\/\\\/redelitoralrs.com\\\/wp-content\\\/uploads\\\/2025\\\/03\\\/WhatsApp-Image-2025-03-11-at-14.20.05.jpeg\",\"datePublished\":\"2025-03-12T23:00:00+00:00\",\"description\":\"Na \u00faltima sexta-feira, 7 de mar\u00e7o, a Pol\u00edcia Civil, por meio da Delegacia de Arroio do Sal, realizou a pris\u00e3o do segundo suspeito envolvido em um grave caso de estupro de vulner\u00e1vel. O crime ocorreu no dia 1\u00ba de mar\u00e7o, durante o domingo de Carnaval, e teve como v\u00edtima uma menina de apenas 12 anos.\",\"breadcrumb\":{\"@id\":\"https:\\\/\\\/redelitoralrs.com\\\/index.php\\\/2025\\\/03\\\/12\\\/policia-civil-prende-segundo-envolvido-em-estupro-de-vulneravel-em-arroio-do-sal\\\/#breadcrumb\"},\"inLanguage\":\"pt-BR\",\"potentialAction\":[{\"@type\":\"ReadAction\",\"target\":[\"https:\\\/\\\/redelitoralrs.com\\\/index.php\\\/2025\\\/03\\\/12\\\/policia-civil-prende-segundo-envolvido-em-estupro-de-vulneravel-em-arroio-do-sal\\\/\"]}]},{\"@type\":\"ImageObject\",\"inLanguage\":\"pt-BR\",\"@id\":\"https:\\\/\\\/redelitoralrs.com\\\/index.php\\\/2025\\\/03\\\/12\\\/policia-civil-prende-segundo-envolvido-em-estupro-de-vulneravel-em-arroio-do-sal\\\/#primaryimage\",\"url\":\"https:\\\/\\\/redelitoralrs.com\\\/wp-content\\\/uploads\\\/2025\\\/03\\\/WhatsApp-Image-2025-03-11-at-14.20.05.jpeg\",\"contentUrl\":\"https:\\\/\\\/redelitoralrs.com\\\/wp-content\\\/uploads\\\/2025\\\/03\\\/WhatsApp-Image-2025-03-11-at-14.20.05.jpeg\",\"width\":800,\"height\":450},{\"@type\":\"BreadcrumbList\",\"@id\":\"https:\\\/\\\/redelitoralrs.com\\\/index.php\\\/2025\\\/03\\\/12\\\/policia-civil-prende-segundo-envolvido-em-estupro-de-vulneravel-em-arroio-do-sal\\\/#breadcrumb\",\"itemListElement\":[{\"@type\":\"ListItem\",\"position\":1,\"name\":\"In\u00edcio\",\"item\":\"https:\\\/\\\/redelitoralrs.com\\\/\"},{\"@type\":\"ListItem\",\"position\":2,\"name\":\"Pol\u00edcia Civil Prende Segundo Envolvido em Estupro de Vulner\u00e1vel em Arroio do Sal\"}]},{\"@type\":\"WebSite\",\"@id\":\"https:\\\/\\\/redelitoralrs.com\\\/#website\",\"url\":\"https:\\\/\\\/redelitoralrs.com\\\/\",\"name\":\"TV Litoral\",\"description\":\"Acompanhe tudo do litoral ga\u00facho com a cobertura completa e atualizada da Rede Litoral RS. Nossos jornalistas trazem as \u00faltimas not\u00edcias, os acontecimentos mais quentes e as hist\u00f3rias que importam sobre nosso amado litoral.\",\"publisher\":{\"@id\":\"https:\\\/\\\/redelitoralrs.com\\\/#organization\"},\"potentialAction\":[{\"@type\":\"SearchAction\",\"target\":{\"@type\":\"EntryPoint\",\"urlTemplate\":\"https:\\\/\\\/redelitoralrs.com\\\/?s={search_term_string}\"},\"query-input\":{\"@type\":\"PropertyValueSpecification\",\"valueRequired\":true,\"valueName\":\"search_term_string\"}}],\"inLanguage\":\"pt-BR\"},{\"@type\":\"Organization\",\"@id\":\"https:\\\/\\\/redelitoralrs.com\\\/#organization\",\"name\":\"TV Litoral\",\"url\":\"https:\\\/\\\/redelitoralrs.com\\\/\",\"logo\":{\"@type\":\"ImageObject\",\"inLanguage\":\"pt-BR\",\"@id\":\"https:\\\/\\\/redelitoralrs.com\\\/#\\\/schema\\\/logo\\\/image\\\/\",\"url\":\"https:\\\/\\\/redelitoralrs.com\\\/wp-content\\\/uploads\\\/2024\\\/01\\\/faviconicon-1-1.png\",\"contentUrl\":\"https:\\\/\\\/redelitoralrs.com\\\/wp-content\\\/uploads\\\/2024\\\/01\\\/faviconicon-1-1.png\",\"width\":454,\"height\":454,\"caption\":\"TV Litoral\"},\"image\":{\"@id\":\"https:\\\/\\\/redelitoralrs.com\\\/#\\\/schema\\\/logo\\\/image\\\/\"},\"sameAs\":[\"https:\\\/\\\/www.facebook.com\\\/tvlitoralrsoficial\",\"https:\\\/\\\/www.instagram.com\\\/tvlitoral.rs\"]},{\"@type\":\"Person\",\"@id\":\"https:\\\/\\\/redelitoralrs.com\\\/#\\\/schema\\\/person\\\/9f8181f2a7359dd3986f05ebaf5bd68a\",\"name\":\"Reda\u00e7\u00e3o TV Litoral\",\"image\":{\"@type\":\"ImageObject\",\"inLanguage\":\"pt-BR\",\"@id\":\"https:\\\/\\\/redelitoralrs.com\\\/wp-content\\\/litespeed\\\/avatar\\\/779aafbb45e66c7f82733e21abb48259.jpg?ver=1777561602\",\"url\":\"https:\\\/\\\/redelitoralrs.com\\\/wp-content\\\/litespeed\\\/avatar\\\/779aafbb45e66c7f82733e21abb48259.jpg?ver=1777561602\",\"contentUrl\":\"https:\\\/\\\/redelitoralrs.com\\\/wp-content\\\/litespeed\\\/avatar\\\/779aafbb45e66c7f82733e21abb48259.jpg?ver=1777561602\",\"caption\":\"Reda\u00e7\u00e3o TV Litoral\"},\"description\":\"A Rede Litoral de Comunica\u00e7\u00e3o \u00e9 um grupo de m\u00eddia multiplataforma do Litoral Norte do RS. Com atua\u00e7\u00e3o em TV, r\u00e1dio, portal e redes sociais, levamos informa\u00e7\u00e3o, conte\u00fado e entretenimento \u00e0 comunidade, fortalecendo a comunica\u00e7\u00e3o local e impulsionando o desenvolvimento regional. Acompanhe atrav\u00e9s de @redelitoralrs.\",\"sameAs\":[\"https:\\\/\\\/redelitoralrs.com\",\"https:\\\/\\\/www.instagram.com\\\/redelitoralrs\",\"https:\\\/\\\/www.youtube.com\\\/@redelitoralrs\"],\"url\":\"https:\\\/\\\/redelitoralrs.com\\\/index.php\\\/author\\\/redacaotvlitoral\\\/\"}]}<\/script>\n<!-- \/ Yoast SEO plugin. -->","yoast_head_json":{"title":"Pol\u00edcia Civil Prende Segundo Envolvido em Estupro de Vulner\u00e1vel em Arroio do Sal - Rede Litoral RS","description":"Na \u00faltima sexta-feira, 7 de mar\u00e7o, a Pol\u00edcia Civil, por meio da Delegacia de Arroio do Sal, realizou a pris\u00e3o do segundo suspeito envolvido em um grave caso de estupro de vulner\u00e1vel. O crime ocorreu no dia 1\u00ba de mar\u00e7o, durante o domingo de Carnaval, e teve como v\u00edtima uma menina de apenas 12 anos.","robots":{"index":"index","follow":"follow","max-snippet":"max-snippet:-1","max-image-preview":"max-image-preview:large","max-video-preview":"max-video-preview:-1"},"canonical":"https:\/\/redelitoralrs.com\/index.php\/2025\/03\/12\/policia-civil-prende-segundo-envolvido-em-estupro-de-vulneravel-em-arroio-do-sal\/","og_locale":"pt_BR","og_type":"article","og_title":"Pol\u00edcia Civil Prende Segundo Envolvido em Estupro de Vulner\u00e1vel em Arroio do Sal - Rede Litoral RS","og_description":"Na \u00faltima sexta-feira, 7 de mar\u00e7o, a Pol\u00edcia Civil, por meio da Delegacia de Arroio do Sal, realizou a pris\u00e3o do segundo suspeito envolvido em um grave caso de estupro de vulner\u00e1vel. O crime ocorreu no dia 1\u00ba de mar\u00e7o, durante o domingo de Carnaval, e teve como v\u00edtima uma menina de apenas 12 anos.","og_url":"https:\/\/redelitoralrs.com\/index.php\/2025\/03\/12\/policia-civil-prende-segundo-envolvido-em-estupro-de-vulneravel-em-arroio-do-sal\/","og_site_name":"Rede Litoral RS","article_publisher":"https:\/\/www.facebook.com\/tvlitoralrsoficial","article_published_time":"2025-03-12T23:00:00+00:00","og_image":[{"width":800,"height":450,"url":"https:\/\/redelitoralrs.com\/wp-content\/uploads\/2025\/03\/WhatsApp-Image-2025-03-11-at-14.20.05.jpeg","type":"image\/jpeg"}],"author":"Reda\u00e7\u00e3o TV Litoral","twitter_card":"summary_large_image","twitter_misc":{"Escrito por":"Reda\u00e7\u00e3o TV Litoral","Est. tempo de leitura":"2 minutos"},"schema":{"@context":"https:\/\/schema.org","@graph":[{"@type":"Article","@id":"https:\/\/redelitoralrs.com\/index.php\/2025\/03\/12\/policia-civil-prende-segundo-envolvido-em-estupro-de-vulneravel-em-arroio-do-sal\/#article","isPartOf":{"@id":"https:\/\/redelitoralrs.com\/index.php\/2025\/03\/12\/policia-civil-prende-segundo-envolvido-em-estupro-de-vulneravel-em-arroio-do-sal\/"},"author":{"name":"Reda\u00e7\u00e3o TV Litoral","@id":"https:\/\/redelitoralrs.com\/#\/schema\/person\/9f8181f2a7359dd3986f05ebaf5bd68a"},"headline":"Pol\u00edcia Civil Prende Segundo Envolvido em Estupro de Vulner\u00e1vel em Arroio do Sal","datePublished":"2025-03-12T23:00:00+00:00","mainEntityOfPage":{"@id":"https:\/\/redelitoralrs.com\/index.php\/2025\/03\/12\/policia-civil-prende-segundo-envolvido-em-estupro-de-vulneravel-em-arroio-do-sal\/"},"wordCount":254,"commentCount":0,"publisher":{"@id":"https:\/\/redelitoralrs.com\/#organization"},"image":{"@id":"https:\/\/redelitoralrs.com\/index.php\/2025\/03\/12\/policia-civil-prende-segundo-envolvido-em-estupro-de-vulneravel-em-arroio-do-sal\/#primaryimage"},"thumbnailUrl":"https:\/\/redelitoralrs.com\/wp-content\/uploads\/2025\/03\/WhatsApp-Image-2025-03-11-at-14.20.05.jpeg","articleSection":["Arroio do Sal","\u00daltimas not\u00edcias"],"inLanguage":"pt-BR","potentialAction":[{"@type":"CommentAction","name":"Comment","target":["https:\/\/redelitoralrs.com\/index.php\/2025\/03\/12\/policia-civil-prende-segundo-envolvido-em-estupro-de-vulneravel-em-arroio-do-sal\/#respond"]}]},{"@type":"WebPage","@id":"https:\/\/redelitoralrs.com\/index.php\/2025\/03\/12\/policia-civil-prende-segundo-envolvido-em-estupro-de-vulneravel-em-arroio-do-sal\/","url":"https:\/\/redelitoralrs.com\/index.php\/2025\/03\/12\/policia-civil-prende-segundo-envolvido-em-estupro-de-vulneravel-em-arroio-do-sal\/","name":"Pol\u00edcia Civil Prende Segundo Envolvido em Estupro de Vulner\u00e1vel em Arroio do Sal - Rede Litoral RS","isPartOf":{"@id":"https:\/\/redelitoralrs.com\/#website"},"primaryImageOfPage":{"@id":"https:\/\/redelitoralrs.com\/index.php\/2025\/03\/12\/policia-civil-prende-segundo-envolvido-em-estupro-de-vulneravel-em-arroio-do-sal\/#primaryimage"},"image":{"@id":"https:\/\/redelitoralrs.com\/index.php\/2025\/03\/12\/policia-civil-prende-segundo-envolvido-em-estupro-de-vulneravel-em-arroio-do-sal\/#primaryimage"},"thumbnailUrl":"https:\/\/redelitoralrs.com\/wp-content\/uploads\/2025\/03\/WhatsApp-Image-2025-03-11-at-14.20.05.jpeg","datePublished":"2025-03-12T23:00:00+00:00","description":"Na \u00faltima sexta-feira, 7 de mar\u00e7o, a Pol\u00edcia Civil, por meio da Delegacia de Arroio do Sal, realizou a pris\u00e3o do segundo suspeito envolvido em um grave caso de estupro de vulner\u00e1vel. O crime ocorreu no dia 1\u00ba de mar\u00e7o, durante o domingo de Carnaval, e teve como v\u00edtima uma menina de apenas 12 anos.","breadcrumb":{"@id":"https:\/\/redelitoralrs.com\/index.php\/2025\/03\/12\/policia-civil-prende-segundo-envolvido-em-estupro-de-vulneravel-em-arroio-do-sal\/#breadcrumb"},"inLanguage":"pt-BR","potentialAction":[{"@type":"ReadAction","target":["https:\/\/redelitoralrs.com\/index.php\/2025\/03\/12\/policia-civil-prende-segundo-envolvido-em-estupro-de-vulneravel-em-arroio-do-sal\/"]}]},{"@type":"ImageObject","inLanguage":"pt-BR","@id":"https:\/\/redelitoralrs.com\/index.php\/2025\/03\/12\/policia-civil-prende-segundo-envolvido-em-estupro-de-vulneravel-em-arroio-do-sal\/#primaryimage","url":"https:\/\/redelitoralrs.com\/wp-content\/uploads\/2025\/03\/WhatsApp-Image-2025-03-11-at-14.20.05.jpeg","contentUrl":"https:\/\/redelitoralrs.com\/wp-content\/uploads\/2025\/03\/WhatsApp-Image-2025-03-11-at-14.20.05.jpeg","width":800,"height":450},{"@type":"BreadcrumbList","@id":"https:\/\/redelitoralrs.com\/index.php\/2025\/03\/12\/policia-civil-prende-segundo-envolvido-em-estupro-de-vulneravel-em-arroio-do-sal\/#breadcrumb","itemListElement":[{"@type":"ListItem","position":1,"name":"In\u00edcio","item":"https:\/\/redelitoralrs.com\/"},{"@type":"ListItem","position":2,"name":"Pol\u00edcia Civil Prende Segundo Envolvido em Estupro de Vulner\u00e1vel em Arroio do Sal"}]},{"@type":"WebSite","@id":"https:\/\/redelitoralrs.com\/#website","url":"https:\/\/redelitoralrs.com\/","name":"TV Litoral","description":"Acompanhe tudo do litoral ga\u00facho com a cobertura completa e atualizada da Rede Litoral RS. Nossos jornalistas trazem as \u00faltimas not\u00edcias, os acontecimentos mais quentes e as hist\u00f3rias que importam sobre nosso amado litoral.","publisher":{"@id":"https:\/\/redelitoralrs.com\/#organization"},"potentialAction":[{"@type":"SearchAction","target":{"@type":"EntryPoint","urlTemplate":"https:\/\/redelitoralrs.com\/?s={search_term_string}"},"query-input":{"@type":"PropertyValueSpecification","valueRequired":true,"valueName":"search_term_string"}}],"inLanguage":"pt-BR"},{"@type":"Organization","@id":"https:\/\/redelitoralrs.com\/#organization","name":"TV Litoral","url":"https:\/\/redelitoralrs.com\/","logo":{"@type":"ImageObject","inLanguage":"pt-BR","@id":"https:\/\/redelitoralrs.com\/#\/schema\/logo\/image\/","url":"https:\/\/redelitoralrs.com\/wp-content\/uploads\/2024\/01\/faviconicon-1-1.png","contentUrl":"https:\/\/redelitoralrs.com\/wp-content\/uploads\/2024\/01\/faviconicon-1-1.png","width":454,"height":454,"caption":"TV Litoral"},"image":{"@id":"https:\/\/redelitoralrs.com\/#\/schema\/logo\/image\/"},"sameAs":["https:\/\/www.facebook.com\/tvlitoralrsoficial","https:\/\/www.instagram.com\/tvlitoral.rs"]},{"@type":"Person","@id":"https:\/\/redelitoralrs.com\/#\/schema\/person\/9f8181f2a7359dd3986f05ebaf5bd68a","name":"Reda\u00e7\u00e3o TV Litoral","image":{"@type":"ImageObject","inLanguage":"pt-BR","@id":"https:\/\/redelitoralrs.com\/wp-content\/litespeed\/avatar\/779aafbb45e66c7f82733e21abb48259.jpg?ver=1777561602","url":"https:\/\/redelitoralrs.com\/wp-content\/litespeed\/avatar\/779aafbb45e66c7f82733e21abb48259.jpg?ver=1777561602","contentUrl":"https:\/\/redelitoralrs.com\/wp-content\/litespeed\/avatar\/779aafbb45e66c7f82733e21abb48259.jpg?ver=1777561602","caption":"Reda\u00e7\u00e3o TV Litoral"},"description":"A Rede Litoral de Comunica\u00e7\u00e3o \u00e9 um grupo de m\u00eddia multiplataforma do Litoral Norte do RS. Com atua\u00e7\u00e3o em TV, r\u00e1dio, portal e redes sociais, levamos informa\u00e7\u00e3o, conte\u00fado e entretenimento \u00e0 comunidade, fortalecendo a comunica\u00e7\u00e3o local e impulsionando o desenvolvimento regional. Acompanhe atrav\u00e9s de @redelitoralrs.","sameAs":["https:\/\/redelitoralrs.com","https:\/\/www.instagram.com\/redelitoralrs","https:\/\/www.youtube.com\/@redelitoralrs"],"url":"https:\/\/redelitoralrs.com\/index.php\/author\/redacaotvlitoral\/"}]}},"_links":{"self":[{"href":"https:\/\/redelitoralrs.com\/index.php\/wp-json\/wp\/v2\/posts\/7863","targetHints":{"allow":["GET"]}}],"collection":[{"href":"https:\/\/redelitoralrs.com\/index.php\/wp-json\/wp\/v2\/posts"}],"about":[{"href":"https:\/\/redelitoralrs.com\/index.php\/wp-json\/wp\/v2\/types\/post"}],"author":[{"embeddable":true,"href":"https:\/\/redelitoralrs.com\/index.php\/wp-json\/wp\/v2\/users\/2"}],"replies":[{"embeddable":true,"href":"https:\/\/redelitoralrs.com\/index.php\/wp-json\/wp\/v2\/comments?post=7863"}],"version-history":[{"count":1,"href":"https:\/\/redelitoralrs.com\/index.php\/wp-json\/wp\/v2\/posts\/7863\/revisions"}],"predecessor-version":[{"id":7865,"href":"https:\/\/redelitoralrs.com\/index.php\/wp-json\/wp\/v2\/posts\/7863\/revisions\/7865"}],"wp:featuredmedia":[{"embeddable":true,"href":"https:\/\/redelitoralrs.com\/index.php\/wp-json\/wp\/v2\/media\/7864"}],"wp:attachment":[{"href":"https:\/\/redelitoralrs.com\/index.php\/wp-json\/wp\/v2\/media?parent=7863"}],"wp:term":[{"taxonomy":"category","embeddable":true,"href":"https:\/\/redelitoralrs.com\/index.php\/wp-json\/wp\/v2\/categories?post=7863"},{"taxonomy":"post_tag","embeddable":true,"href":"https:\/\/redelitoralrs.com\/index.php\/wp-json\/wp\/v2\/tags?post=7863"}],"curies":[{"name":"wp","href":"https:\/\/api.w.org\/{rel}","templated":true}]}}