{"id":7842,"date":"2025-03-12T08:00:00","date_gmt":"2025-03-12T11:00:00","guid":{"rendered":"https:\/\/redelitoralrs.com\/?p=7842"},"modified":"2025-03-11T15:33:49","modified_gmt":"2025-03-11T18:33:49","slug":"prefeitura-de-cidreira-abre-inscricoes-para-processo-seletivo-simplificado","status":"publish","type":"post","link":"https:\/\/redelitoralrs.com\/index.php\/2025\/03\/12\/prefeitura-de-cidreira-abre-inscricoes-para-processo-seletivo-simplificado\/","title":{"rendered":"Prefeitura de Cidreira abre inscri\u00e7\u00f5es para Processo Seletivo Simplificado"},"content":{"rendered":"\n<p><\/p>\n\n\n\n<p>A Prefeitura de Cidreira abriu, nesta segunda-feira (10), as inscri\u00e7\u00f5es para um Processo Seletivo Simplificado destinado \u00e0 contrata\u00e7\u00e3o de profissionais em diversas \u00e1reas. De acordo com o edital 13\/2025, s\u00e3o oferecidas 11 vagas, com sal\u00e1rios entre R$ 1,4 mil e R$ 3,4 mil.<\/p>\n\n\n\n<p>As oportunidades contemplam diferentes n\u00edveis de escolaridade, incluindo os cargos de:<br>\u2022 Auxiliar de Biblioteca<br>\u2022 Enfermeiro Epidemiologista<br>\u2022 Int\u00e9rprete Educacional de Libras<br>\u2022 Operador de M\u00e1quinas<br>\u2022 Oper\u00e1rio<br>\u2022 Pedreiro<br>\u2022 T\u00e9cnico em Contabilidade<br>\u2022 T\u00e9cnico em Enfermagem<br>\u2022 T\u00e9cnico em Enfermagem &#8211; Vacinador<br>\u2022 T\u00e9cnico em Radiologia<br>\u2022 Terapeuta Ocupacional<\/p>\n\n\n\n<p>Como se inscrever<\/p>\n\n\n\n<p>As inscri\u00e7\u00f5es s\u00e3o gratuitas e podem ser feitas at\u00e9 sexta-feira (14) no Setor de Protocolo da Prefeitura, localizado na Rua Jo\u00e3o Neves, n\u00b0 194. O atendimento ocorre nos seguintes hor\u00e1rios:<br>\u2022 Das 9h30 \u00e0s 11h30<br>\u2022 Das 14h30 \u00e0s 16h30<\/p>\n\n\n\n<p>Para mais informa\u00e7\u00f5es sobre requisitos, documenta\u00e7\u00e3o necess\u00e1ria e prazos, consulte o edital completo no site da Prefeitura de Cidreira.<\/p>\n","protected":false},"excerpt":{"rendered":"<p>A Prefeitura de Cidreira abriu, nesta segunda-feira (10), as inscri\u00e7\u00f5es para um Processo Seletivo Simplificado destinado \u00e0 contrata\u00e7\u00e3o de profissionais em diversas \u00e1reas. De acordo com o edital 13\/2025, s\u00e3o oferecidas 11 vagas, com sal\u00e1rios entre R$ 1,4 mil e R$ 3,4 mil. As oportunidades contemplam diferentes n\u00edveis de escolaridade, incluindo os cargos de:\u2022 Auxiliar [&hellip;]<\/p>\n","protected":false},"author":2,"featured_media":7843,"comment_status":"open","ping_status":"open","sticky":false,"template":"","format":"standard","meta":{"_themeisle_gutenberg_block_has_review":false,"footnotes":""},"categories":[176,15],"tags":[],"class_list":["post-7842","post","type-post","status-publish","format-standard","has-post-thumbnail","hentry","category-cidreira","category-noticias"],"yoast_head":"<!-- This site is optimized with the Yoast SEO plugin v27.4 - https:\/\/yoast.com\/product\/yoast-seo-wordpress\/ -->\n<title>Prefeitura de Cidreira abre inscri\u00e7\u00f5es para Processo Seletivo Simplificado - Rede Litoral RS<\/title>\n<meta name=\"description\" content=\"A Prefeitura de Cidreira abriu, nesta segunda-feira (10), as inscri\u00e7\u00f5es para um Processo Seletivo Simplificado destinado \u00e0 contrata\u00e7\u00e3o de profissionais em diversas \u00e1reas. De acordo com o edital 13\/2025, s\u00e3o oferecidas 11 vagas, com sal\u00e1rios entre R$ 1,4 mil e R$ 3,4 mil.\" \/>\n<meta name=\"robots\" content=\"index, follow, max-snippet:-1, max-image-preview:large, max-video-preview:-1\" \/>\n<link rel=\"canonical\" href=\"https:\/\/redelitoralrs.com\/index.php\/2025\/03\/12\/prefeitura-de-cidreira-abre-inscricoes-para-processo-seletivo-simplificado\/\" \/>\n<meta property=\"og:locale\" content=\"pt_BR\" \/>\n<meta property=\"og:type\" content=\"article\" \/>\n<meta property=\"og:title\" content=\"Prefeitura de Cidreira abre inscri\u00e7\u00f5es para Processo Seletivo Simplificado - Rede Litoral RS\" \/>\n<meta property=\"og:description\" content=\"A Prefeitura de Cidreira abriu, nesta segunda-feira (10), as inscri\u00e7\u00f5es para um Processo Seletivo Simplificado destinado \u00e0 contrata\u00e7\u00e3o de profissionais em diversas \u00e1reas. De acordo com o edital 13\/2025, s\u00e3o oferecidas 11 vagas, com sal\u00e1rios entre R$ 1,4 mil e R$ 3,4 mil.\" \/>\n<meta property=\"og:url\" content=\"https:\/\/redelitoralrs.com\/index.php\/2025\/03\/12\/prefeitura-de-cidreira-abre-inscricoes-para-processo-seletivo-simplificado\/\" \/>\n<meta property=\"og:site_name\" content=\"Rede Litoral RS\" \/>\n<meta property=\"article:publisher\" content=\"https:\/\/www.facebook.com\/tvlitoralrsoficial\" \/>\n<meta property=\"article:published_time\" content=\"2025-03-12T11:00:00+00:00\" \/>\n<meta property=\"og:image\" content=\"https:\/\/redelitoralrs.com\/wp-content\/uploads\/2025\/03\/WhatsApp-Image-2025-03-11-at-13.43.07.jpeg\" \/>\n\t<meta property=\"og:image:width\" content=\"739\" \/>\n\t<meta property=\"og:image:height\" content=\"415\" \/>\n\t<meta property=\"og:image:type\" content=\"image\/jpeg\" \/>\n<meta name=\"author\" content=\"Reda\u00e7\u00e3o TV Litoral\" \/>\n<meta name=\"twitter:card\" content=\"summary_large_image\" \/>\n<meta name=\"twitter:label1\" content=\"Escrito por\" \/>\n\t<meta name=\"twitter:data1\" content=\"Reda\u00e7\u00e3o TV Litoral\" \/>\n\t<meta name=\"twitter:label2\" content=\"Est. tempo de leitura\" \/>\n\t<meta name=\"twitter:data2\" content=\"2 minutos\" \/>\n<script type=\"application\/ld+json\" class=\"yoast-schema-graph\">{\"@context\":\"https:\\\/\\\/schema.org\",\"@graph\":[{\"@type\":\"Article\",\"@id\":\"https:\\\/\\\/redelitoralrs.com\\\/index.php\\\/2025\\\/03\\\/12\\\/prefeitura-de-cidreira-abre-inscricoes-para-processo-seletivo-simplificado\\\/#article\",\"isPartOf\":{\"@id\":\"https:\\\/\\\/redelitoralrs.com\\\/index.php\\\/2025\\\/03\\\/12\\\/prefeitura-de-cidreira-abre-inscricoes-para-processo-seletivo-simplificado\\\/\"},\"author\":{\"name\":\"Reda\u00e7\u00e3o TV Litoral\",\"@id\":\"https:\\\/\\\/redelitoralrs.com\\\/#\\\/schema\\\/person\\\/9f8181f2a7359dd3986f05ebaf5bd68a\"},\"headline\":\"Prefeitura de Cidreira abre inscri\u00e7\u00f5es para Processo Seletivo Simplificado\",\"datePublished\":\"2025-03-12T11:00:00+00:00\",\"mainEntityOfPage\":{\"@id\":\"https:\\\/\\\/redelitoralrs.com\\\/index.php\\\/2025\\\/03\\\/12\\\/prefeitura-de-cidreira-abre-inscricoes-para-processo-seletivo-simplificado\\\/\"},\"wordCount\":165,\"commentCount\":0,\"publisher\":{\"@id\":\"https:\\\/\\\/redelitoralrs.com\\\/#organization\"},\"image\":{\"@id\":\"https:\\\/\\\/redelitoralrs.com\\\/index.php\\\/2025\\\/03\\\/12\\\/prefeitura-de-cidreira-abre-inscricoes-para-processo-seletivo-simplificado\\\/#primaryimage\"},\"thumbnailUrl\":\"https:\\\/\\\/redelitoralrs.com\\\/wp-content\\\/uploads\\\/2025\\\/03\\\/WhatsApp-Image-2025-03-11-at-13.43.07.jpeg\",\"articleSection\":[\"Cidreira\",\"\u00daltimas not\u00edcias\"],\"inLanguage\":\"pt-BR\",\"potentialAction\":[{\"@type\":\"CommentAction\",\"name\":\"Comment\",\"target\":[\"https:\\\/\\\/redelitoralrs.com\\\/index.php\\\/2025\\\/03\\\/12\\\/prefeitura-de-cidreira-abre-inscricoes-para-processo-seletivo-simplificado\\\/#respond\"]}]},{\"@type\":\"WebPage\",\"@id\":\"https:\\\/\\\/redelitoralrs.com\\\/index.php\\\/2025\\\/03\\\/12\\\/prefeitura-de-cidreira-abre-inscricoes-para-processo-seletivo-simplificado\\\/\",\"url\":\"https:\\\/\\\/redelitoralrs.com\\\/index.php\\\/2025\\\/03\\\/12\\\/prefeitura-de-cidreira-abre-inscricoes-para-processo-seletivo-simplificado\\\/\",\"name\":\"Prefeitura de Cidreira abre inscri\u00e7\u00f5es para Processo Seletivo Simplificado - Rede Litoral RS\",\"isPartOf\":{\"@id\":\"https:\\\/\\\/redelitoralrs.com\\\/#website\"},\"primaryImageOfPage\":{\"@id\":\"https:\\\/\\\/redelitoralrs.com\\\/index.php\\\/2025\\\/03\\\/12\\\/prefeitura-de-cidreira-abre-inscricoes-para-processo-seletivo-simplificado\\\/#primaryimage\"},\"image\":{\"@id\":\"https:\\\/\\\/redelitoralrs.com\\\/index.php\\\/2025\\\/03\\\/12\\\/prefeitura-de-cidreira-abre-inscricoes-para-processo-seletivo-simplificado\\\/#primaryimage\"},\"thumbnailUrl\":\"https:\\\/\\\/redelitoralrs.com\\\/wp-content\\\/uploads\\\/2025\\\/03\\\/WhatsApp-Image-2025-03-11-at-13.43.07.jpeg\",\"datePublished\":\"2025-03-12T11:00:00+00:00\",\"description\":\"A Prefeitura de Cidreira abriu, nesta segunda-feira (10), as inscri\u00e7\u00f5es para um Processo Seletivo Simplificado destinado \u00e0 contrata\u00e7\u00e3o de profissionais em diversas \u00e1reas. De acordo com o edital 13\\\/2025, s\u00e3o oferecidas 11 vagas, com sal\u00e1rios entre R$ 1,4 mil e R$ 3,4 mil.\",\"breadcrumb\":{\"@id\":\"https:\\\/\\\/redelitoralrs.com\\\/index.php\\\/2025\\\/03\\\/12\\\/prefeitura-de-cidreira-abre-inscricoes-para-processo-seletivo-simplificado\\\/#breadcrumb\"},\"inLanguage\":\"pt-BR\",\"potentialAction\":[{\"@type\":\"ReadAction\",\"target\":[\"https:\\\/\\\/redelitoralrs.com\\\/index.php\\\/2025\\\/03\\\/12\\\/prefeitura-de-cidreira-abre-inscricoes-para-processo-seletivo-simplificado\\\/\"]}]},{\"@type\":\"ImageObject\",\"inLanguage\":\"pt-BR\",\"@id\":\"https:\\\/\\\/redelitoralrs.com\\\/index.php\\\/2025\\\/03\\\/12\\\/prefeitura-de-cidreira-abre-inscricoes-para-processo-seletivo-simplificado\\\/#primaryimage\",\"url\":\"https:\\\/\\\/redelitoralrs.com\\\/wp-content\\\/uploads\\\/2025\\\/03\\\/WhatsApp-Image-2025-03-11-at-13.43.07.jpeg\",\"contentUrl\":\"https:\\\/\\\/redelitoralrs.com\\\/wp-content\\\/uploads\\\/2025\\\/03\\\/WhatsApp-Image-2025-03-11-at-13.43.07.jpeg\",\"width\":739,\"height\":415},{\"@type\":\"BreadcrumbList\",\"@id\":\"https:\\\/\\\/redelitoralrs.com\\\/index.php\\\/2025\\\/03\\\/12\\\/prefeitura-de-cidreira-abre-inscricoes-para-processo-seletivo-simplificado\\\/#breadcrumb\",\"itemListElement\":[{\"@type\":\"ListItem\",\"position\":1,\"name\":\"In\u00edcio\",\"item\":\"https:\\\/\\\/redelitoralrs.com\\\/\"},{\"@type\":\"ListItem\",\"position\":2,\"name\":\"Prefeitura de Cidreira abre inscri\u00e7\u00f5es para Processo Seletivo Simplificado\"}]},{\"@type\":\"WebSite\",\"@id\":\"https:\\\/\\\/redelitoralrs.com\\\/#website\",\"url\":\"https:\\\/\\\/redelitoralrs.com\\\/\",\"name\":\"TV Litoral\",\"description\":\"Acompanhe tudo do litoral ga\u00facho com a cobertura completa e atualizada da Rede Litoral RS. Nossos jornalistas trazem as \u00faltimas not\u00edcias, os acontecimentos mais quentes e as hist\u00f3rias que importam sobre nosso amado litoral.\",\"publisher\":{\"@id\":\"https:\\\/\\\/redelitoralrs.com\\\/#organization\"},\"potentialAction\":[{\"@type\":\"SearchAction\",\"target\":{\"@type\":\"EntryPoint\",\"urlTemplate\":\"https:\\\/\\\/redelitoralrs.com\\\/?s={search_term_string}\"},\"query-input\":{\"@type\":\"PropertyValueSpecification\",\"valueRequired\":true,\"valueName\":\"search_term_string\"}}],\"inLanguage\":\"pt-BR\"},{\"@type\":\"Organization\",\"@id\":\"https:\\\/\\\/redelitoralrs.com\\\/#organization\",\"name\":\"TV Litoral\",\"url\":\"https:\\\/\\\/redelitoralrs.com\\\/\",\"logo\":{\"@type\":\"ImageObject\",\"inLanguage\":\"pt-BR\",\"@id\":\"https:\\\/\\\/redelitoralrs.com\\\/#\\\/schema\\\/logo\\\/image\\\/\",\"url\":\"https:\\\/\\\/redelitoralrs.com\\\/wp-content\\\/uploads\\\/2024\\\/01\\\/faviconicon-1-1.png\",\"contentUrl\":\"https:\\\/\\\/redelitoralrs.com\\\/wp-content\\\/uploads\\\/2024\\\/01\\\/faviconicon-1-1.png\",\"width\":454,\"height\":454,\"caption\":\"TV Litoral\"},\"image\":{\"@id\":\"https:\\\/\\\/redelitoralrs.com\\\/#\\\/schema\\\/logo\\\/image\\\/\"},\"sameAs\":[\"https:\\\/\\\/www.facebook.com\\\/tvlitoralrsoficial\",\"https:\\\/\\\/www.instagram.com\\\/tvlitoral.rs\"]},{\"@type\":\"Person\",\"@id\":\"https:\\\/\\\/redelitoralrs.com\\\/#\\\/schema\\\/person\\\/9f8181f2a7359dd3986f05ebaf5bd68a\",\"name\":\"Reda\u00e7\u00e3o TV Litoral\",\"image\":{\"@type\":\"ImageObject\",\"inLanguage\":\"pt-BR\",\"@id\":\"https:\\\/\\\/redelitoralrs.com\\\/wp-content\\\/litespeed\\\/avatar\\\/779aafbb45e66c7f82733e21abb48259.jpg?ver=1777561602\",\"url\":\"https:\\\/\\\/redelitoralrs.com\\\/wp-content\\\/litespeed\\\/avatar\\\/779aafbb45e66c7f82733e21abb48259.jpg?ver=1777561602\",\"contentUrl\":\"https:\\\/\\\/redelitoralrs.com\\\/wp-content\\\/litespeed\\\/avatar\\\/779aafbb45e66c7f82733e21abb48259.jpg?ver=1777561602\",\"caption\":\"Reda\u00e7\u00e3o TV Litoral\"},\"description\":\"A Rede Litoral de Comunica\u00e7\u00e3o \u00e9 um grupo de m\u00eddia multiplataforma do Litoral Norte do RS. Com atua\u00e7\u00e3o em TV, r\u00e1dio, portal e redes sociais, levamos informa\u00e7\u00e3o, conte\u00fado e entretenimento \u00e0 comunidade, fortalecendo a comunica\u00e7\u00e3o local e impulsionando o desenvolvimento regional. Acompanhe atrav\u00e9s de @redelitoralrs.\",\"sameAs\":[\"https:\\\/\\\/redelitoralrs.com\",\"https:\\\/\\\/www.instagram.com\\\/redelitoralrs\",\"https:\\\/\\\/www.youtube.com\\\/@redelitoralrs\"],\"url\":\"https:\\\/\\\/redelitoralrs.com\\\/index.php\\\/author\\\/redacaotvlitoral\\\/\"}]}<\/script>\n<!-- \/ Yoast SEO plugin. -->","yoast_head_json":{"title":"Prefeitura de Cidreira abre inscri\u00e7\u00f5es para Processo Seletivo Simplificado - Rede Litoral RS","description":"A Prefeitura de Cidreira abriu, nesta segunda-feira (10), as inscri\u00e7\u00f5es para um Processo Seletivo Simplificado destinado \u00e0 contrata\u00e7\u00e3o de profissionais em diversas \u00e1reas. De acordo com o edital 13\/2025, s\u00e3o oferecidas 11 vagas, com sal\u00e1rios entre R$ 1,4 mil e R$ 3,4 mil.","robots":{"index":"index","follow":"follow","max-snippet":"max-snippet:-1","max-image-preview":"max-image-preview:large","max-video-preview":"max-video-preview:-1"},"canonical":"https:\/\/redelitoralrs.com\/index.php\/2025\/03\/12\/prefeitura-de-cidreira-abre-inscricoes-para-processo-seletivo-simplificado\/","og_locale":"pt_BR","og_type":"article","og_title":"Prefeitura de Cidreira abre inscri\u00e7\u00f5es para Processo Seletivo Simplificado - Rede Litoral RS","og_description":"A Prefeitura de Cidreira abriu, nesta segunda-feira (10), as inscri\u00e7\u00f5es para um Processo Seletivo Simplificado destinado \u00e0 contrata\u00e7\u00e3o de profissionais em diversas \u00e1reas. De acordo com o edital 13\/2025, s\u00e3o oferecidas 11 vagas, com sal\u00e1rios entre R$ 1,4 mil e R$ 3,4 mil.","og_url":"https:\/\/redelitoralrs.com\/index.php\/2025\/03\/12\/prefeitura-de-cidreira-abre-inscricoes-para-processo-seletivo-simplificado\/","og_site_name":"Rede Litoral RS","article_publisher":"https:\/\/www.facebook.com\/tvlitoralrsoficial","article_published_time":"2025-03-12T11:00:00+00:00","og_image":[{"width":739,"height":415,"url":"https:\/\/redelitoralrs.com\/wp-content\/uploads\/2025\/03\/WhatsApp-Image-2025-03-11-at-13.43.07.jpeg","type":"image\/jpeg"}],"author":"Reda\u00e7\u00e3o TV Litoral","twitter_card":"summary_large_image","twitter_misc":{"Escrito por":"Reda\u00e7\u00e3o TV Litoral","Est. tempo de leitura":"2 minutos"},"schema":{"@context":"https:\/\/schema.org","@graph":[{"@type":"Article","@id":"https:\/\/redelitoralrs.com\/index.php\/2025\/03\/12\/prefeitura-de-cidreira-abre-inscricoes-para-processo-seletivo-simplificado\/#article","isPartOf":{"@id":"https:\/\/redelitoralrs.com\/index.php\/2025\/03\/12\/prefeitura-de-cidreira-abre-inscricoes-para-processo-seletivo-simplificado\/"},"author":{"name":"Reda\u00e7\u00e3o TV Litoral","@id":"https:\/\/redelitoralrs.com\/#\/schema\/person\/9f8181f2a7359dd3986f05ebaf5bd68a"},"headline":"Prefeitura de Cidreira abre inscri\u00e7\u00f5es para Processo Seletivo Simplificado","datePublished":"2025-03-12T11:00:00+00:00","mainEntityOfPage":{"@id":"https:\/\/redelitoralrs.com\/index.php\/2025\/03\/12\/prefeitura-de-cidreira-abre-inscricoes-para-processo-seletivo-simplificado\/"},"wordCount":165,"commentCount":0,"publisher":{"@id":"https:\/\/redelitoralrs.com\/#organization"},"image":{"@id":"https:\/\/redelitoralrs.com\/index.php\/2025\/03\/12\/prefeitura-de-cidreira-abre-inscricoes-para-processo-seletivo-simplificado\/#primaryimage"},"thumbnailUrl":"https:\/\/redelitoralrs.com\/wp-content\/uploads\/2025\/03\/WhatsApp-Image-2025-03-11-at-13.43.07.jpeg","articleSection":["Cidreira","\u00daltimas not\u00edcias"],"inLanguage":"pt-BR","potentialAction":[{"@type":"CommentAction","name":"Comment","target":["https:\/\/redelitoralrs.com\/index.php\/2025\/03\/12\/prefeitura-de-cidreira-abre-inscricoes-para-processo-seletivo-simplificado\/#respond"]}]},{"@type":"WebPage","@id":"https:\/\/redelitoralrs.com\/index.php\/2025\/03\/12\/prefeitura-de-cidreira-abre-inscricoes-para-processo-seletivo-simplificado\/","url":"https:\/\/redelitoralrs.com\/index.php\/2025\/03\/12\/prefeitura-de-cidreira-abre-inscricoes-para-processo-seletivo-simplificado\/","name":"Prefeitura de Cidreira abre inscri\u00e7\u00f5es para Processo Seletivo Simplificado - Rede Litoral RS","isPartOf":{"@id":"https:\/\/redelitoralrs.com\/#website"},"primaryImageOfPage":{"@id":"https:\/\/redelitoralrs.com\/index.php\/2025\/03\/12\/prefeitura-de-cidreira-abre-inscricoes-para-processo-seletivo-simplificado\/#primaryimage"},"image":{"@id":"https:\/\/redelitoralrs.com\/index.php\/2025\/03\/12\/prefeitura-de-cidreira-abre-inscricoes-para-processo-seletivo-simplificado\/#primaryimage"},"thumbnailUrl":"https:\/\/redelitoralrs.com\/wp-content\/uploads\/2025\/03\/WhatsApp-Image-2025-03-11-at-13.43.07.jpeg","datePublished":"2025-03-12T11:00:00+00:00","description":"A Prefeitura de Cidreira abriu, nesta segunda-feira (10), as inscri\u00e7\u00f5es para um Processo Seletivo Simplificado destinado \u00e0 contrata\u00e7\u00e3o de profissionais em diversas \u00e1reas. De acordo com o edital 13\/2025, s\u00e3o oferecidas 11 vagas, com sal\u00e1rios entre R$ 1,4 mil e R$ 3,4 mil.","breadcrumb":{"@id":"https:\/\/redelitoralrs.com\/index.php\/2025\/03\/12\/prefeitura-de-cidreira-abre-inscricoes-para-processo-seletivo-simplificado\/#breadcrumb"},"inLanguage":"pt-BR","potentialAction":[{"@type":"ReadAction","target":["https:\/\/redelitoralrs.com\/index.php\/2025\/03\/12\/prefeitura-de-cidreira-abre-inscricoes-para-processo-seletivo-simplificado\/"]}]},{"@type":"ImageObject","inLanguage":"pt-BR","@id":"https:\/\/redelitoralrs.com\/index.php\/2025\/03\/12\/prefeitura-de-cidreira-abre-inscricoes-para-processo-seletivo-simplificado\/#primaryimage","url":"https:\/\/redelitoralrs.com\/wp-content\/uploads\/2025\/03\/WhatsApp-Image-2025-03-11-at-13.43.07.jpeg","contentUrl":"https:\/\/redelitoralrs.com\/wp-content\/uploads\/2025\/03\/WhatsApp-Image-2025-03-11-at-13.43.07.jpeg","width":739,"height":415},{"@type":"BreadcrumbList","@id":"https:\/\/redelitoralrs.com\/index.php\/2025\/03\/12\/prefeitura-de-cidreira-abre-inscricoes-para-processo-seletivo-simplificado\/#breadcrumb","itemListElement":[{"@type":"ListItem","position":1,"name":"In\u00edcio","item":"https:\/\/redelitoralrs.com\/"},{"@type":"ListItem","position":2,"name":"Prefeitura de Cidreira abre inscri\u00e7\u00f5es para Processo Seletivo Simplificado"}]},{"@type":"WebSite","@id":"https:\/\/redelitoralrs.com\/#website","url":"https:\/\/redelitoralrs.com\/","name":"TV Litoral","description":"Acompanhe tudo do litoral ga\u00facho com a cobertura completa e atualizada da Rede Litoral RS. Nossos jornalistas trazem as \u00faltimas not\u00edcias, os acontecimentos mais quentes e as hist\u00f3rias que importam sobre nosso amado litoral.","publisher":{"@id":"https:\/\/redelitoralrs.com\/#organization"},"potentialAction":[{"@type":"SearchAction","target":{"@type":"EntryPoint","urlTemplate":"https:\/\/redelitoralrs.com\/?s={search_term_string}"},"query-input":{"@type":"PropertyValueSpecification","valueRequired":true,"valueName":"search_term_string"}}],"inLanguage":"pt-BR"},{"@type":"Organization","@id":"https:\/\/redelitoralrs.com\/#organization","name":"TV Litoral","url":"https:\/\/redelitoralrs.com\/","logo":{"@type":"ImageObject","inLanguage":"pt-BR","@id":"https:\/\/redelitoralrs.com\/#\/schema\/logo\/image\/","url":"https:\/\/redelitoralrs.com\/wp-content\/uploads\/2024\/01\/faviconicon-1-1.png","contentUrl":"https:\/\/redelitoralrs.com\/wp-content\/uploads\/2024\/01\/faviconicon-1-1.png","width":454,"height":454,"caption":"TV Litoral"},"image":{"@id":"https:\/\/redelitoralrs.com\/#\/schema\/logo\/image\/"},"sameAs":["https:\/\/www.facebook.com\/tvlitoralrsoficial","https:\/\/www.instagram.com\/tvlitoral.rs"]},{"@type":"Person","@id":"https:\/\/redelitoralrs.com\/#\/schema\/person\/9f8181f2a7359dd3986f05ebaf5bd68a","name":"Reda\u00e7\u00e3o TV Litoral","image":{"@type":"ImageObject","inLanguage":"pt-BR","@id":"https:\/\/redelitoralrs.com\/wp-content\/litespeed\/avatar\/779aafbb45e66c7f82733e21abb48259.jpg?ver=1777561602","url":"https:\/\/redelitoralrs.com\/wp-content\/litespeed\/avatar\/779aafbb45e66c7f82733e21abb48259.jpg?ver=1777561602","contentUrl":"https:\/\/redelitoralrs.com\/wp-content\/litespeed\/avatar\/779aafbb45e66c7f82733e21abb48259.jpg?ver=1777561602","caption":"Reda\u00e7\u00e3o TV Litoral"},"description":"A Rede Litoral de Comunica\u00e7\u00e3o \u00e9 um grupo de m\u00eddia multiplataforma do Litoral Norte do RS. Com atua\u00e7\u00e3o em TV, r\u00e1dio, portal e redes sociais, levamos informa\u00e7\u00e3o, conte\u00fado e entretenimento \u00e0 comunidade, fortalecendo a comunica\u00e7\u00e3o local e impulsionando o desenvolvimento regional. Acompanhe atrav\u00e9s de @redelitoralrs.","sameAs":["https:\/\/redelitoralrs.com","https:\/\/www.instagram.com\/redelitoralrs","https:\/\/www.youtube.com\/@redelitoralrs"],"url":"https:\/\/redelitoralrs.com\/index.php\/author\/redacaotvlitoral\/"}]}},"_links":{"self":[{"href":"https:\/\/redelitoralrs.com\/index.php\/wp-json\/wp\/v2\/posts\/7842","targetHints":{"allow":["GET"]}}],"collection":[{"href":"https:\/\/redelitoralrs.com\/index.php\/wp-json\/wp\/v2\/posts"}],"about":[{"href":"https:\/\/redelitoralrs.com\/index.php\/wp-json\/wp\/v2\/types\/post"}],"author":[{"embeddable":true,"href":"https:\/\/redelitoralrs.com\/index.php\/wp-json\/wp\/v2\/users\/2"}],"replies":[{"embeddable":true,"href":"https:\/\/redelitoralrs.com\/index.php\/wp-json\/wp\/v2\/comments?post=7842"}],"version-history":[{"count":1,"href":"https:\/\/redelitoralrs.com\/index.php\/wp-json\/wp\/v2\/posts\/7842\/revisions"}],"predecessor-version":[{"id":7844,"href":"https:\/\/redelitoralrs.com\/index.php\/wp-json\/wp\/v2\/posts\/7842\/revisions\/7844"}],"wp:featuredmedia":[{"embeddable":true,"href":"https:\/\/redelitoralrs.com\/index.php\/wp-json\/wp\/v2\/media\/7843"}],"wp:attachment":[{"href":"https:\/\/redelitoralrs.com\/index.php\/wp-json\/wp\/v2\/media?parent=7842"}],"wp:term":[{"taxonomy":"category","embeddable":true,"href":"https:\/\/redelitoralrs.com\/index.php\/wp-json\/wp\/v2\/categories?post=7842"},{"taxonomy":"post_tag","embeddable":true,"href":"https:\/\/redelitoralrs.com\/index.php\/wp-json\/wp\/v2\/tags?post=7842"}],"curies":[{"name":"wp","href":"https:\/\/api.w.org\/{rel}","templated":true}]}}