{"id":7839,"date":"2025-03-11T18:08:00","date_gmt":"2025-03-11T21:08:00","guid":{"rendered":"https:\/\/redelitoralrs.com\/?p=7839"},"modified":"2025-03-10T18:17:30","modified_gmt":"2025-03-10T21:17:30","slug":"quadrilha-internacional-de-furtos-e-desmantelada-na-br-290-em-porto-alegre","status":"publish","type":"post","link":"https:\/\/redelitoralrs.com\/index.php\/2025\/03\/11\/quadrilha-internacional-de-furtos-e-desmantelada-na-br-290-em-porto-alegre\/","title":{"rendered":"Quadrilha Internacional de Furtos \u00e9 Desmantelada na BR-290 em Porto Alegre"},"content":{"rendered":"\n<p><\/p>\n\n\n\n<p>Uma a\u00e7\u00e3o coordenada entre a Pol\u00edcia Rodovi\u00e1ria Federal (PRF) e for\u00e7as de seguran\u00e7a de outros estados resultou na pris\u00e3o de uma quadrilha internacional especializada em furtos de celulares e cart\u00f5es de cr\u00e9dito. Na noite de sexta-feira, 7 de mar\u00e7o, na BR-290, em Porto Alegre, os agentes abordaram um Chevrolet Onix ocupado por tr\u00eas estrangeiros e uma brasileira.<\/p>\n\n\n\n<p>Identidade Falsa e Mandado de Pris\u00e3o Internacional<\/p>\n\n\n\n<p>Durante a fiscaliza\u00e7\u00e3o, uma das passageiras apresentou documentos falsos, inicialmente se identificando como paraguaia. Ap\u00f3s verifica\u00e7\u00e3o, descobriu-se que ela era peruana e constava no alerta vermelho da Interpol, com mandado de pris\u00e3o e extradi\u00e7\u00e3o em aberto por sequestro agravado no Peru.<\/p>\n\n\n\n<p>Compras Fraudulentas e Coopera\u00e7\u00e3o Internacional<\/p>\n\n\n\n<p>Investiga\u00e7\u00f5es revelaram que a quadrilha utilizava cart\u00f5es furtados para realizar compras fraudulentas, totalizando mais de R$ 10 mil em Balne\u00e1rio Cambori\u00fa, Santa Catarina. A opera\u00e7\u00e3o contou com a colabora\u00e7\u00e3o de autoridades do Paran\u00e1, Santa Catarina, al\u00e9m de Peru e Paraguai, evidenciando a import\u00e2ncia da coopera\u00e7\u00e3o internacional no combate ao crime organizado.<\/p>\n\n\n\n<p>Pris\u00e3o e Encaminhamento<\/p>\n\n\n\n<p>Os quatro suspeitos foram encaminhados \u00e0 Pol\u00edcia Civil, juntamente com o ve\u00edculo apreendido, onde permanecem \u00e0 disposi\u00e7\u00e3o da Justi\u00e7a.<\/p>\n","protected":false},"excerpt":{"rendered":"<p>Uma a\u00e7\u00e3o coordenada entre a Pol\u00edcia Rodovi\u00e1ria Federal (PRF) e for\u00e7as de seguran\u00e7a de outros estados resultou na pris\u00e3o de uma quadrilha internacional especializada em furtos de celulares e cart\u00f5es de cr\u00e9dito. Na noite de sexta-feira, 7 de mar\u00e7o, na BR-290, em Porto Alegre, os agentes abordaram um Chevrolet Onix ocupado por tr\u00eas estrangeiros e [&hellip;]<\/p>\n","protected":false},"author":2,"featured_media":7840,"comment_status":"open","ping_status":"open","sticky":false,"template":"","format":"standard","meta":{"_themeisle_gutenberg_block_has_review":false,"footnotes":""},"categories":[98,188,15],"tags":[],"class_list":["post-7839","post","type-post","status-publish","format-standard","has-post-thumbnail","hentry","category-policia","category-rio-grande-do-sul","category-noticias"],"yoast_head":"<!-- This site is optimized with the Yoast SEO plugin v27.4 - https:\/\/yoast.com\/product\/yoast-seo-wordpress\/ -->\n<title>Quadrilha Internacional de Furtos \u00e9 Desmantelada na BR-290 em Porto Alegre - Rede Litoral RS<\/title>\n<meta name=\"description\" content=\"Uma a\u00e7\u00e3o coordenada entre a Pol\u00edcia Rodovi\u00e1ria Federal (PRF) e for\u00e7as de seguran\u00e7a de outros estados resultou na pris\u00e3o de uma quadrilha internacional especializada em furtos de celulares e cart\u00f5es de cr\u00e9dito. Na noite de sexta-feira, 7 de mar\u00e7o, na BR-290, em Porto Alegre, os agentes abordaram um Chevrolet Onix ocupado por tr\u00eas estrangeiros e uma brasileira.\" \/>\n<meta name=\"robots\" content=\"index, follow, max-snippet:-1, max-image-preview:large, max-video-preview:-1\" \/>\n<link rel=\"canonical\" href=\"https:\/\/redelitoralrs.com\/index.php\/2025\/03\/11\/quadrilha-internacional-de-furtos-e-desmantelada-na-br-290-em-porto-alegre\/\" \/>\n<meta property=\"og:locale\" content=\"pt_BR\" \/>\n<meta property=\"og:type\" content=\"article\" \/>\n<meta property=\"og:title\" content=\"Quadrilha Internacional de Furtos \u00e9 Desmantelada na BR-290 em Porto Alegre - Rede Litoral RS\" \/>\n<meta property=\"og:description\" content=\"Uma a\u00e7\u00e3o coordenada entre a Pol\u00edcia Rodovi\u00e1ria Federal (PRF) e for\u00e7as de seguran\u00e7a de outros estados resultou na pris\u00e3o de uma quadrilha internacional especializada em furtos de celulares e cart\u00f5es de cr\u00e9dito. Na noite de sexta-feira, 7 de mar\u00e7o, na BR-290, em Porto Alegre, os agentes abordaram um Chevrolet Onix ocupado por tr\u00eas estrangeiros e uma brasileira.\" \/>\n<meta property=\"og:url\" content=\"https:\/\/redelitoralrs.com\/index.php\/2025\/03\/11\/quadrilha-internacional-de-furtos-e-desmantelada-na-br-290-em-porto-alegre\/\" \/>\n<meta property=\"og:site_name\" content=\"Rede Litoral RS\" \/>\n<meta property=\"article:publisher\" content=\"https:\/\/www.facebook.com\/tvlitoralrsoficial\" \/>\n<meta property=\"article:published_time\" content=\"2025-03-11T21:08:00+00:00\" \/>\n<meta property=\"og:image\" content=\"https:\/\/redelitoralrs.com\/wp-content\/uploads\/2025\/03\/WhatsApp-Image-2025-03-10-at-18.07.34.jpeg\" \/>\n\t<meta property=\"og:image:width\" content=\"474\" \/>\n\t<meta property=\"og:image:height\" content=\"266\" \/>\n\t<meta property=\"og:image:type\" content=\"image\/jpeg\" \/>\n<meta name=\"author\" content=\"Reda\u00e7\u00e3o TV Litoral\" \/>\n<meta name=\"twitter:card\" content=\"summary_large_image\" \/>\n<meta name=\"twitter:label1\" content=\"Escrito por\" \/>\n\t<meta name=\"twitter:data1\" content=\"Reda\u00e7\u00e3o TV Litoral\" \/>\n\t<meta name=\"twitter:label2\" content=\"Est. tempo de leitura\" \/>\n\t<meta name=\"twitter:data2\" content=\"2 minutos\" \/>\n<script type=\"application\/ld+json\" class=\"yoast-schema-graph\">{\"@context\":\"https:\\\/\\\/schema.org\",\"@graph\":[{\"@type\":\"Article\",\"@id\":\"https:\\\/\\\/redelitoralrs.com\\\/index.php\\\/2025\\\/03\\\/11\\\/quadrilha-internacional-de-furtos-e-desmantelada-na-br-290-em-porto-alegre\\\/#article\",\"isPartOf\":{\"@id\":\"https:\\\/\\\/redelitoralrs.com\\\/index.php\\\/2025\\\/03\\\/11\\\/quadrilha-internacional-de-furtos-e-desmantelada-na-br-290-em-porto-alegre\\\/\"},\"author\":{\"name\":\"Reda\u00e7\u00e3o TV Litoral\",\"@id\":\"https:\\\/\\\/redelitoralrs.com\\\/#\\\/schema\\\/person\\\/9f8181f2a7359dd3986f05ebaf5bd68a\"},\"headline\":\"Quadrilha Internacional de Furtos \u00e9 Desmantelada na BR-290 em Porto Alegre\",\"datePublished\":\"2025-03-11T21:08:00+00:00\",\"mainEntityOfPage\":{\"@id\":\"https:\\\/\\\/redelitoralrs.com\\\/index.php\\\/2025\\\/03\\\/11\\\/quadrilha-internacional-de-furtos-e-desmantelada-na-br-290-em-porto-alegre\\\/\"},\"wordCount\":219,\"commentCount\":0,\"publisher\":{\"@id\":\"https:\\\/\\\/redelitoralrs.com\\\/#organization\"},\"image\":{\"@id\":\"https:\\\/\\\/redelitoralrs.com\\\/index.php\\\/2025\\\/03\\\/11\\\/quadrilha-internacional-de-furtos-e-desmantelada-na-br-290-em-porto-alegre\\\/#primaryimage\"},\"thumbnailUrl\":\"https:\\\/\\\/redelitoralrs.com\\\/wp-content\\\/uploads\\\/2025\\\/03\\\/WhatsApp-Image-2025-03-10-at-18.07.34.jpeg\",\"articleSection\":[\"Pol\u00edcia\",\"Rio Grande do Sul\",\"\u00daltimas not\u00edcias\"],\"inLanguage\":\"pt-BR\",\"potentialAction\":[{\"@type\":\"CommentAction\",\"name\":\"Comment\",\"target\":[\"https:\\\/\\\/redelitoralrs.com\\\/index.php\\\/2025\\\/03\\\/11\\\/quadrilha-internacional-de-furtos-e-desmantelada-na-br-290-em-porto-alegre\\\/#respond\"]}]},{\"@type\":\"WebPage\",\"@id\":\"https:\\\/\\\/redelitoralrs.com\\\/index.php\\\/2025\\\/03\\\/11\\\/quadrilha-internacional-de-furtos-e-desmantelada-na-br-290-em-porto-alegre\\\/\",\"url\":\"https:\\\/\\\/redelitoralrs.com\\\/index.php\\\/2025\\\/03\\\/11\\\/quadrilha-internacional-de-furtos-e-desmantelada-na-br-290-em-porto-alegre\\\/\",\"name\":\"Quadrilha Internacional de Furtos \u00e9 Desmantelada na BR-290 em Porto Alegre - Rede Litoral RS\",\"isPartOf\":{\"@id\":\"https:\\\/\\\/redelitoralrs.com\\\/#website\"},\"primaryImageOfPage\":{\"@id\":\"https:\\\/\\\/redelitoralrs.com\\\/index.php\\\/2025\\\/03\\\/11\\\/quadrilha-internacional-de-furtos-e-desmantelada-na-br-290-em-porto-alegre\\\/#primaryimage\"},\"image\":{\"@id\":\"https:\\\/\\\/redelitoralrs.com\\\/index.php\\\/2025\\\/03\\\/11\\\/quadrilha-internacional-de-furtos-e-desmantelada-na-br-290-em-porto-alegre\\\/#primaryimage\"},\"thumbnailUrl\":\"https:\\\/\\\/redelitoralrs.com\\\/wp-content\\\/uploads\\\/2025\\\/03\\\/WhatsApp-Image-2025-03-10-at-18.07.34.jpeg\",\"datePublished\":\"2025-03-11T21:08:00+00:00\",\"description\":\"Uma a\u00e7\u00e3o coordenada entre a Pol\u00edcia Rodovi\u00e1ria Federal (PRF) e for\u00e7as de seguran\u00e7a de outros estados resultou na pris\u00e3o de uma quadrilha internacional especializada em furtos de celulares e cart\u00f5es de cr\u00e9dito. Na noite de sexta-feira, 7 de mar\u00e7o, na BR-290, em Porto Alegre, os agentes abordaram um Chevrolet Onix ocupado por tr\u00eas estrangeiros e uma brasileira.\",\"breadcrumb\":{\"@id\":\"https:\\\/\\\/redelitoralrs.com\\\/index.php\\\/2025\\\/03\\\/11\\\/quadrilha-internacional-de-furtos-e-desmantelada-na-br-290-em-porto-alegre\\\/#breadcrumb\"},\"inLanguage\":\"pt-BR\",\"potentialAction\":[{\"@type\":\"ReadAction\",\"target\":[\"https:\\\/\\\/redelitoralrs.com\\\/index.php\\\/2025\\\/03\\\/11\\\/quadrilha-internacional-de-furtos-e-desmantelada-na-br-290-em-porto-alegre\\\/\"]}]},{\"@type\":\"ImageObject\",\"inLanguage\":\"pt-BR\",\"@id\":\"https:\\\/\\\/redelitoralrs.com\\\/index.php\\\/2025\\\/03\\\/11\\\/quadrilha-internacional-de-furtos-e-desmantelada-na-br-290-em-porto-alegre\\\/#primaryimage\",\"url\":\"https:\\\/\\\/redelitoralrs.com\\\/wp-content\\\/uploads\\\/2025\\\/03\\\/WhatsApp-Image-2025-03-10-at-18.07.34.jpeg\",\"contentUrl\":\"https:\\\/\\\/redelitoralrs.com\\\/wp-content\\\/uploads\\\/2025\\\/03\\\/WhatsApp-Image-2025-03-10-at-18.07.34.jpeg\",\"width\":474,\"height\":266},{\"@type\":\"BreadcrumbList\",\"@id\":\"https:\\\/\\\/redelitoralrs.com\\\/index.php\\\/2025\\\/03\\\/11\\\/quadrilha-internacional-de-furtos-e-desmantelada-na-br-290-em-porto-alegre\\\/#breadcrumb\",\"itemListElement\":[{\"@type\":\"ListItem\",\"position\":1,\"name\":\"In\u00edcio\",\"item\":\"https:\\\/\\\/redelitoralrs.com\\\/\"},{\"@type\":\"ListItem\",\"position\":2,\"name\":\"Quadrilha Internacional de Furtos \u00e9 Desmantelada na BR-290 em Porto Alegre\"}]},{\"@type\":\"WebSite\",\"@id\":\"https:\\\/\\\/redelitoralrs.com\\\/#website\",\"url\":\"https:\\\/\\\/redelitoralrs.com\\\/\",\"name\":\"TV Litoral\",\"description\":\"Acompanhe tudo do litoral ga\u00facho com a cobertura completa e atualizada da Rede Litoral RS. Nossos jornalistas trazem as \u00faltimas not\u00edcias, os acontecimentos mais quentes e as hist\u00f3rias que importam sobre nosso amado litoral.\",\"publisher\":{\"@id\":\"https:\\\/\\\/redelitoralrs.com\\\/#organization\"},\"potentialAction\":[{\"@type\":\"SearchAction\",\"target\":{\"@type\":\"EntryPoint\",\"urlTemplate\":\"https:\\\/\\\/redelitoralrs.com\\\/?s={search_term_string}\"},\"query-input\":{\"@type\":\"PropertyValueSpecification\",\"valueRequired\":true,\"valueName\":\"search_term_string\"}}],\"inLanguage\":\"pt-BR\"},{\"@type\":\"Organization\",\"@id\":\"https:\\\/\\\/redelitoralrs.com\\\/#organization\",\"name\":\"TV Litoral\",\"url\":\"https:\\\/\\\/redelitoralrs.com\\\/\",\"logo\":{\"@type\":\"ImageObject\",\"inLanguage\":\"pt-BR\",\"@id\":\"https:\\\/\\\/redelitoralrs.com\\\/#\\\/schema\\\/logo\\\/image\\\/\",\"url\":\"https:\\\/\\\/redelitoralrs.com\\\/wp-content\\\/uploads\\\/2024\\\/01\\\/faviconicon-1-1.png\",\"contentUrl\":\"https:\\\/\\\/redelitoralrs.com\\\/wp-content\\\/uploads\\\/2024\\\/01\\\/faviconicon-1-1.png\",\"width\":454,\"height\":454,\"caption\":\"TV Litoral\"},\"image\":{\"@id\":\"https:\\\/\\\/redelitoralrs.com\\\/#\\\/schema\\\/logo\\\/image\\\/\"},\"sameAs\":[\"https:\\\/\\\/www.facebook.com\\\/tvlitoralrsoficial\",\"https:\\\/\\\/www.instagram.com\\\/tvlitoral.rs\"]},{\"@type\":\"Person\",\"@id\":\"https:\\\/\\\/redelitoralrs.com\\\/#\\\/schema\\\/person\\\/9f8181f2a7359dd3986f05ebaf5bd68a\",\"name\":\"Reda\u00e7\u00e3o TV Litoral\",\"image\":{\"@type\":\"ImageObject\",\"inLanguage\":\"pt-BR\",\"@id\":\"https:\\\/\\\/redelitoralrs.com\\\/wp-content\\\/litespeed\\\/avatar\\\/779aafbb45e66c7f82733e21abb48259.jpg?ver=1777561602\",\"url\":\"https:\\\/\\\/redelitoralrs.com\\\/wp-content\\\/litespeed\\\/avatar\\\/779aafbb45e66c7f82733e21abb48259.jpg?ver=1777561602\",\"contentUrl\":\"https:\\\/\\\/redelitoralrs.com\\\/wp-content\\\/litespeed\\\/avatar\\\/779aafbb45e66c7f82733e21abb48259.jpg?ver=1777561602\",\"caption\":\"Reda\u00e7\u00e3o TV Litoral\"},\"description\":\"A Rede Litoral de Comunica\u00e7\u00e3o \u00e9 um grupo de m\u00eddia multiplataforma do Litoral Norte do RS. Com atua\u00e7\u00e3o em TV, r\u00e1dio, portal e redes sociais, levamos informa\u00e7\u00e3o, conte\u00fado e entretenimento \u00e0 comunidade, fortalecendo a comunica\u00e7\u00e3o local e impulsionando o desenvolvimento regional. Acompanhe atrav\u00e9s de @redelitoralrs.\",\"sameAs\":[\"https:\\\/\\\/redelitoralrs.com\",\"https:\\\/\\\/www.instagram.com\\\/redelitoralrs\",\"https:\\\/\\\/www.youtube.com\\\/@redelitoralrs\"],\"url\":\"https:\\\/\\\/redelitoralrs.com\\\/index.php\\\/author\\\/redacaotvlitoral\\\/\"}]}<\/script>\n<!-- \/ Yoast SEO plugin. -->","yoast_head_json":{"title":"Quadrilha Internacional de Furtos \u00e9 Desmantelada na BR-290 em Porto Alegre - Rede Litoral RS","description":"Uma a\u00e7\u00e3o coordenada entre a Pol\u00edcia Rodovi\u00e1ria Federal (PRF) e for\u00e7as de seguran\u00e7a de outros estados resultou na pris\u00e3o de uma quadrilha internacional especializada em furtos de celulares e cart\u00f5es de cr\u00e9dito. Na noite de sexta-feira, 7 de mar\u00e7o, na BR-290, em Porto Alegre, os agentes abordaram um Chevrolet Onix ocupado por tr\u00eas estrangeiros e uma brasileira.","robots":{"index":"index","follow":"follow","max-snippet":"max-snippet:-1","max-image-preview":"max-image-preview:large","max-video-preview":"max-video-preview:-1"},"canonical":"https:\/\/redelitoralrs.com\/index.php\/2025\/03\/11\/quadrilha-internacional-de-furtos-e-desmantelada-na-br-290-em-porto-alegre\/","og_locale":"pt_BR","og_type":"article","og_title":"Quadrilha Internacional de Furtos \u00e9 Desmantelada na BR-290 em Porto Alegre - Rede Litoral RS","og_description":"Uma a\u00e7\u00e3o coordenada entre a Pol\u00edcia Rodovi\u00e1ria Federal (PRF) e for\u00e7as de seguran\u00e7a de outros estados resultou na pris\u00e3o de uma quadrilha internacional especializada em furtos de celulares e cart\u00f5es de cr\u00e9dito. Na noite de sexta-feira, 7 de mar\u00e7o, na BR-290, em Porto Alegre, os agentes abordaram um Chevrolet Onix ocupado por tr\u00eas estrangeiros e uma brasileira.","og_url":"https:\/\/redelitoralrs.com\/index.php\/2025\/03\/11\/quadrilha-internacional-de-furtos-e-desmantelada-na-br-290-em-porto-alegre\/","og_site_name":"Rede Litoral RS","article_publisher":"https:\/\/www.facebook.com\/tvlitoralrsoficial","article_published_time":"2025-03-11T21:08:00+00:00","og_image":[{"width":474,"height":266,"url":"https:\/\/redelitoralrs.com\/wp-content\/uploads\/2025\/03\/WhatsApp-Image-2025-03-10-at-18.07.34.jpeg","type":"image\/jpeg"}],"author":"Reda\u00e7\u00e3o TV Litoral","twitter_card":"summary_large_image","twitter_misc":{"Escrito por":"Reda\u00e7\u00e3o TV Litoral","Est. tempo de leitura":"2 minutos"},"schema":{"@context":"https:\/\/schema.org","@graph":[{"@type":"Article","@id":"https:\/\/redelitoralrs.com\/index.php\/2025\/03\/11\/quadrilha-internacional-de-furtos-e-desmantelada-na-br-290-em-porto-alegre\/#article","isPartOf":{"@id":"https:\/\/redelitoralrs.com\/index.php\/2025\/03\/11\/quadrilha-internacional-de-furtos-e-desmantelada-na-br-290-em-porto-alegre\/"},"author":{"name":"Reda\u00e7\u00e3o TV Litoral","@id":"https:\/\/redelitoralrs.com\/#\/schema\/person\/9f8181f2a7359dd3986f05ebaf5bd68a"},"headline":"Quadrilha Internacional de Furtos \u00e9 Desmantelada na BR-290 em Porto Alegre","datePublished":"2025-03-11T21:08:00+00:00","mainEntityOfPage":{"@id":"https:\/\/redelitoralrs.com\/index.php\/2025\/03\/11\/quadrilha-internacional-de-furtos-e-desmantelada-na-br-290-em-porto-alegre\/"},"wordCount":219,"commentCount":0,"publisher":{"@id":"https:\/\/redelitoralrs.com\/#organization"},"image":{"@id":"https:\/\/redelitoralrs.com\/index.php\/2025\/03\/11\/quadrilha-internacional-de-furtos-e-desmantelada-na-br-290-em-porto-alegre\/#primaryimage"},"thumbnailUrl":"https:\/\/redelitoralrs.com\/wp-content\/uploads\/2025\/03\/WhatsApp-Image-2025-03-10-at-18.07.34.jpeg","articleSection":["Pol\u00edcia","Rio Grande do Sul","\u00daltimas not\u00edcias"],"inLanguage":"pt-BR","potentialAction":[{"@type":"CommentAction","name":"Comment","target":["https:\/\/redelitoralrs.com\/index.php\/2025\/03\/11\/quadrilha-internacional-de-furtos-e-desmantelada-na-br-290-em-porto-alegre\/#respond"]}]},{"@type":"WebPage","@id":"https:\/\/redelitoralrs.com\/index.php\/2025\/03\/11\/quadrilha-internacional-de-furtos-e-desmantelada-na-br-290-em-porto-alegre\/","url":"https:\/\/redelitoralrs.com\/index.php\/2025\/03\/11\/quadrilha-internacional-de-furtos-e-desmantelada-na-br-290-em-porto-alegre\/","name":"Quadrilha Internacional de Furtos \u00e9 Desmantelada na BR-290 em Porto Alegre - Rede Litoral RS","isPartOf":{"@id":"https:\/\/redelitoralrs.com\/#website"},"primaryImageOfPage":{"@id":"https:\/\/redelitoralrs.com\/index.php\/2025\/03\/11\/quadrilha-internacional-de-furtos-e-desmantelada-na-br-290-em-porto-alegre\/#primaryimage"},"image":{"@id":"https:\/\/redelitoralrs.com\/index.php\/2025\/03\/11\/quadrilha-internacional-de-furtos-e-desmantelada-na-br-290-em-porto-alegre\/#primaryimage"},"thumbnailUrl":"https:\/\/redelitoralrs.com\/wp-content\/uploads\/2025\/03\/WhatsApp-Image-2025-03-10-at-18.07.34.jpeg","datePublished":"2025-03-11T21:08:00+00:00","description":"Uma a\u00e7\u00e3o coordenada entre a Pol\u00edcia Rodovi\u00e1ria Federal (PRF) e for\u00e7as de seguran\u00e7a de outros estados resultou na pris\u00e3o de uma quadrilha internacional especializada em furtos de celulares e cart\u00f5es de cr\u00e9dito. Na noite de sexta-feira, 7 de mar\u00e7o, na BR-290, em Porto Alegre, os agentes abordaram um Chevrolet Onix ocupado por tr\u00eas estrangeiros e uma brasileira.","breadcrumb":{"@id":"https:\/\/redelitoralrs.com\/index.php\/2025\/03\/11\/quadrilha-internacional-de-furtos-e-desmantelada-na-br-290-em-porto-alegre\/#breadcrumb"},"inLanguage":"pt-BR","potentialAction":[{"@type":"ReadAction","target":["https:\/\/redelitoralrs.com\/index.php\/2025\/03\/11\/quadrilha-internacional-de-furtos-e-desmantelada-na-br-290-em-porto-alegre\/"]}]},{"@type":"ImageObject","inLanguage":"pt-BR","@id":"https:\/\/redelitoralrs.com\/index.php\/2025\/03\/11\/quadrilha-internacional-de-furtos-e-desmantelada-na-br-290-em-porto-alegre\/#primaryimage","url":"https:\/\/redelitoralrs.com\/wp-content\/uploads\/2025\/03\/WhatsApp-Image-2025-03-10-at-18.07.34.jpeg","contentUrl":"https:\/\/redelitoralrs.com\/wp-content\/uploads\/2025\/03\/WhatsApp-Image-2025-03-10-at-18.07.34.jpeg","width":474,"height":266},{"@type":"BreadcrumbList","@id":"https:\/\/redelitoralrs.com\/index.php\/2025\/03\/11\/quadrilha-internacional-de-furtos-e-desmantelada-na-br-290-em-porto-alegre\/#breadcrumb","itemListElement":[{"@type":"ListItem","position":1,"name":"In\u00edcio","item":"https:\/\/redelitoralrs.com\/"},{"@type":"ListItem","position":2,"name":"Quadrilha Internacional de Furtos \u00e9 Desmantelada na BR-290 em Porto Alegre"}]},{"@type":"WebSite","@id":"https:\/\/redelitoralrs.com\/#website","url":"https:\/\/redelitoralrs.com\/","name":"TV Litoral","description":"Acompanhe tudo do litoral ga\u00facho com a cobertura completa e atualizada da Rede Litoral RS. Nossos jornalistas trazem as \u00faltimas not\u00edcias, os acontecimentos mais quentes e as hist\u00f3rias que importam sobre nosso amado litoral.","publisher":{"@id":"https:\/\/redelitoralrs.com\/#organization"},"potentialAction":[{"@type":"SearchAction","target":{"@type":"EntryPoint","urlTemplate":"https:\/\/redelitoralrs.com\/?s={search_term_string}"},"query-input":{"@type":"PropertyValueSpecification","valueRequired":true,"valueName":"search_term_string"}}],"inLanguage":"pt-BR"},{"@type":"Organization","@id":"https:\/\/redelitoralrs.com\/#organization","name":"TV Litoral","url":"https:\/\/redelitoralrs.com\/","logo":{"@type":"ImageObject","inLanguage":"pt-BR","@id":"https:\/\/redelitoralrs.com\/#\/schema\/logo\/image\/","url":"https:\/\/redelitoralrs.com\/wp-content\/uploads\/2024\/01\/faviconicon-1-1.png","contentUrl":"https:\/\/redelitoralrs.com\/wp-content\/uploads\/2024\/01\/faviconicon-1-1.png","width":454,"height":454,"caption":"TV Litoral"},"image":{"@id":"https:\/\/redelitoralrs.com\/#\/schema\/logo\/image\/"},"sameAs":["https:\/\/www.facebook.com\/tvlitoralrsoficial","https:\/\/www.instagram.com\/tvlitoral.rs"]},{"@type":"Person","@id":"https:\/\/redelitoralrs.com\/#\/schema\/person\/9f8181f2a7359dd3986f05ebaf5bd68a","name":"Reda\u00e7\u00e3o TV Litoral","image":{"@type":"ImageObject","inLanguage":"pt-BR","@id":"https:\/\/redelitoralrs.com\/wp-content\/litespeed\/avatar\/779aafbb45e66c7f82733e21abb48259.jpg?ver=1777561602","url":"https:\/\/redelitoralrs.com\/wp-content\/litespeed\/avatar\/779aafbb45e66c7f82733e21abb48259.jpg?ver=1777561602","contentUrl":"https:\/\/redelitoralrs.com\/wp-content\/litespeed\/avatar\/779aafbb45e66c7f82733e21abb48259.jpg?ver=1777561602","caption":"Reda\u00e7\u00e3o TV Litoral"},"description":"A Rede Litoral de Comunica\u00e7\u00e3o \u00e9 um grupo de m\u00eddia multiplataforma do Litoral Norte do RS. Com atua\u00e7\u00e3o em TV, r\u00e1dio, portal e redes sociais, levamos informa\u00e7\u00e3o, conte\u00fado e entretenimento \u00e0 comunidade, fortalecendo a comunica\u00e7\u00e3o local e impulsionando o desenvolvimento regional. Acompanhe atrav\u00e9s de @redelitoralrs.","sameAs":["https:\/\/redelitoralrs.com","https:\/\/www.instagram.com\/redelitoralrs","https:\/\/www.youtube.com\/@redelitoralrs"],"url":"https:\/\/redelitoralrs.com\/index.php\/author\/redacaotvlitoral\/"}]}},"_links":{"self":[{"href":"https:\/\/redelitoralrs.com\/index.php\/wp-json\/wp\/v2\/posts\/7839","targetHints":{"allow":["GET"]}}],"collection":[{"href":"https:\/\/redelitoralrs.com\/index.php\/wp-json\/wp\/v2\/posts"}],"about":[{"href":"https:\/\/redelitoralrs.com\/index.php\/wp-json\/wp\/v2\/types\/post"}],"author":[{"embeddable":true,"href":"https:\/\/redelitoralrs.com\/index.php\/wp-json\/wp\/v2\/users\/2"}],"replies":[{"embeddable":true,"href":"https:\/\/redelitoralrs.com\/index.php\/wp-json\/wp\/v2\/comments?post=7839"}],"version-history":[{"count":1,"href":"https:\/\/redelitoralrs.com\/index.php\/wp-json\/wp\/v2\/posts\/7839\/revisions"}],"predecessor-version":[{"id":7841,"href":"https:\/\/redelitoralrs.com\/index.php\/wp-json\/wp\/v2\/posts\/7839\/revisions\/7841"}],"wp:featuredmedia":[{"embeddable":true,"href":"https:\/\/redelitoralrs.com\/index.php\/wp-json\/wp\/v2\/media\/7840"}],"wp:attachment":[{"href":"https:\/\/redelitoralrs.com\/index.php\/wp-json\/wp\/v2\/media?parent=7839"}],"wp:term":[{"taxonomy":"category","embeddable":true,"href":"https:\/\/redelitoralrs.com\/index.php\/wp-json\/wp\/v2\/categories?post=7839"},{"taxonomy":"post_tag","embeddable":true,"href":"https:\/\/redelitoralrs.com\/index.php\/wp-json\/wp\/v2\/tags?post=7839"}],"curies":[{"name":"wp","href":"https:\/\/api.w.org\/{rel}","templated":true}]}}