{"id":775,"date":"2024-02-21T17:57:58","date_gmt":"2024-02-21T20:57:58","guid":{"rendered":"https:\/\/redelitoralrs.com\/?p=775"},"modified":"2024-02-21T17:57:58","modified_gmt":"2024-02-21T20:57:58","slug":"escola-professor-raimundo-fernandes-de-oliveira-em-arroio-do-sal-suspende-aulas-devido-a-surto-de-covid-19","status":"publish","type":"post","link":"https:\/\/redelitoralrs.com\/index.php\/2024\/02\/21\/escola-professor-raimundo-fernandes-de-oliveira-em-arroio-do-sal-suspende-aulas-devido-a-surto-de-covid-19\/","title":{"rendered":"Escola Professor Raimundo Fernandes de Oliveira em Arroio do Sal suspende aulas devido a Surto de COVID-19"},"content":{"rendered":"\n<p>A Escola Municipal de Ensino Fundamental Professor Raimundo Fernandes de Oliveira, localizada em Arroio do Sal, comunicou oficialmente o cancelamento das aulas at\u00e9 sexta-feira(23), devido a um surto de COVID-19 que afetou parte da comunidade escolar.<\/p>\n\n\n\n<p>A decis\u00e3o foi tomada em conjunto com as autoridades de sa\u00fade e a Secretaria Municipal de Educa\u00e7\u00e3o, visando a seguran\u00e7a e o bem-estar dos alunos, professores e demais funcion\u00e1rios. <\/p>\n\n\n\n<p>O surto, identificado recentemente, demandou medidas imediatas para conter a propaga\u00e7\u00e3o do v\u00edrus e garantir a sa\u00fade de todos os envolvidos. A expectativa \u00e9 de que as atividades escolares sejam retomadas de forma presencial na pr\u00f3xima segunda-feira, 26 de fevereiro. Entretanto, a escola manter\u00e1 comunica\u00e7\u00e3o constante com os pais e respons\u00e1veis, informando sobre eventuais altera\u00e7\u00f5es no cronograma de retorno, conforme a evolu\u00e7\u00e3o do quadro de sa\u00fade. <\/p>\n\n\n\n<p>A Secretaria de Educa\u00e7\u00e3o refor\u00e7a a import\u00e2ncia da colabora\u00e7\u00e3o de toda a comunidade escolar no cumprimento das medidas preventivas, a fim de superarmos esse momento desafiador de maneira segura e respons\u00e1vel. Para mais informa\u00e7\u00f5es e atualiza\u00e7\u00f5es, os respons\u00e1veis pelos alunos podem entrar em contato com a escola por meio dos canais de comunica\u00e7\u00e3o habituais. <\/p>\n\n\n\n<p>A escola agradece a compreens\u00e3o e a colabora\u00e7\u00e3o de todos nesse per\u00edodo dif\u00edcil e reitera seu compromisso com a sa\u00fade e o bem-estar da comunidade escolar.<\/p>\n\n\n\n<figure class=\"wp-block-image size-large is-resized\"><img fetchpriority=\"high\" decoding=\"async\" width=\"838\" height=\"1024\" src=\"https:\/\/redelitoralrs.com\/wp-content\/uploads\/2024\/02\/WhatsApp-Image-2024-02-21-at-14.18.30-838x1024.jpeg\" alt=\"\" class=\"wp-image-776\" style=\"width:377px;height:auto\" srcset=\"https:\/\/redelitoralrs.com\/wp-content\/uploads\/2024\/02\/WhatsApp-Image-2024-02-21-at-14.18.30-838x1024.jpeg 838w, https:\/\/redelitoralrs.com\/wp-content\/uploads\/2024\/02\/WhatsApp-Image-2024-02-21-at-14.18.30-245x300.jpeg 245w, https:\/\/redelitoralrs.com\/wp-content\/uploads\/2024\/02\/WhatsApp-Image-2024-02-21-at-14.18.30-768x939.jpeg 768w, https:\/\/redelitoralrs.com\/wp-content\/uploads\/2024\/02\/WhatsApp-Image-2024-02-21-at-14.18.30.jpeg 1080w\" sizes=\"(max-width: 838px) 100vw, 838px\" \/><\/figure>\n\n\n\n<p><strong>Fonte<\/strong>: ASCOM PMAS<\/p>\n","protected":false},"excerpt":{"rendered":"<p>A Escola Municipal de Ensino Fundamental Professor Raimundo Fernandes de Oliveira, localizada em Arroio do Sal, comunicou oficialmente o cancelamento das aulas at\u00e9 sexta-feira(23), devido a um surto de COVID-19 que afetou parte da comunidade escolar. A decis\u00e3o foi tomada em conjunto com as autoridades de sa\u00fade e a Secretaria Municipal de Educa\u00e7\u00e3o, visando a [&hellip;]<\/p>\n","protected":false},"author":2,"featured_media":777,"comment_status":"open","ping_status":"open","sticky":false,"template":"","format":"standard","meta":{"_themeisle_gutenberg_block_has_review":false,"footnotes":""},"categories":[15],"tags":[],"class_list":["post-775","post","type-post","status-publish","format-standard","has-post-thumbnail","hentry","category-noticias"],"yoast_head":"<!-- This site is optimized with the Yoast SEO plugin v27.4 - https:\/\/yoast.com\/product\/yoast-seo-wordpress\/ -->\n<title>Escola Professor Raimundo Fernandes de Oliveira em Arroio do Sal suspende aulas devido a Surto de COVID-19 - Rede Litoral RS<\/title>\n<meta name=\"robots\" content=\"index, follow, max-snippet:-1, max-image-preview:large, max-video-preview:-1\" \/>\n<link rel=\"canonical\" href=\"https:\/\/redelitoralrs.com\/index.php\/2024\/02\/21\/escola-professor-raimundo-fernandes-de-oliveira-em-arroio-do-sal-suspende-aulas-devido-a-surto-de-covid-19\/\" \/>\n<meta property=\"og:locale\" content=\"pt_BR\" \/>\n<meta property=\"og:type\" content=\"article\" \/>\n<meta property=\"og:title\" content=\"Escola Professor Raimundo Fernandes de Oliveira em Arroio do Sal suspende aulas devido a Surto de COVID-19 - Rede Litoral RS\" \/>\n<meta property=\"og:description\" content=\"A Escola Municipal de Ensino Fundamental Professor Raimundo Fernandes de Oliveira, localizada em Arroio do Sal, comunicou oficialmente o cancelamento das aulas at\u00e9 sexta-feira(23), devido a um surto de COVID-19 que afetou parte da comunidade escolar. A decis\u00e3o foi tomada em conjunto com as autoridades de sa\u00fade e a Secretaria Municipal de Educa\u00e7\u00e3o, visando a [&hellip;]\" \/>\n<meta property=\"og:url\" content=\"https:\/\/redelitoralrs.com\/index.php\/2024\/02\/21\/escola-professor-raimundo-fernandes-de-oliveira-em-arroio-do-sal-suspende-aulas-devido-a-surto-de-covid-19\/\" \/>\n<meta property=\"og:site_name\" content=\"Rede Litoral RS\" \/>\n<meta property=\"article:publisher\" content=\"https:\/\/www.facebook.com\/tvlitoralrsoficial\" \/>\n<meta property=\"article:published_time\" content=\"2024-02-21T20:57:58+00:00\" \/>\n<meta property=\"og:image\" content=\"https:\/\/redelitoralrs.com\/wp-content\/uploads\/2024\/02\/images-3.jpeg\" \/>\n\t<meta property=\"og:image:width\" content=\"626\" \/>\n\t<meta property=\"og:image:height\" content=\"281\" \/>\n\t<meta property=\"og:image:type\" content=\"image\/jpeg\" \/>\n<meta name=\"author\" content=\"Reda\u00e7\u00e3o TV Litoral\" \/>\n<meta name=\"twitter:card\" content=\"summary_large_image\" \/>\n<meta name=\"twitter:label1\" content=\"Escrito por\" \/>\n\t<meta name=\"twitter:data1\" content=\"Reda\u00e7\u00e3o TV Litoral\" \/>\n\t<meta name=\"twitter:label2\" content=\"Est. tempo de leitura\" \/>\n\t<meta name=\"twitter:data2\" content=\"1 minuto\" \/>\n<script type=\"application\/ld+json\" class=\"yoast-schema-graph\">{\"@context\":\"https:\\\/\\\/schema.org\",\"@graph\":[{\"@type\":\"Article\",\"@id\":\"https:\\\/\\\/redelitoralrs.com\\\/index.php\\\/2024\\\/02\\\/21\\\/escola-professor-raimundo-fernandes-de-oliveira-em-arroio-do-sal-suspende-aulas-devido-a-surto-de-covid-19\\\/#article\",\"isPartOf\":{\"@id\":\"https:\\\/\\\/redelitoralrs.com\\\/index.php\\\/2024\\\/02\\\/21\\\/escola-professor-raimundo-fernandes-de-oliveira-em-arroio-do-sal-suspende-aulas-devido-a-surto-de-covid-19\\\/\"},\"author\":{\"name\":\"Reda\u00e7\u00e3o TV Litoral\",\"@id\":\"https:\\\/\\\/redelitoralrs.com\\\/#\\\/schema\\\/person\\\/9f8181f2a7359dd3986f05ebaf5bd68a\"},\"headline\":\"Escola Professor Raimundo Fernandes de Oliveira em Arroio do Sal suspende aulas devido a Surto de COVID-19\",\"datePublished\":\"2024-02-21T20:57:58+00:00\",\"mainEntityOfPage\":{\"@id\":\"https:\\\/\\\/redelitoralrs.com\\\/index.php\\\/2024\\\/02\\\/21\\\/escola-professor-raimundo-fernandes-de-oliveira-em-arroio-do-sal-suspende-aulas-devido-a-surto-de-covid-19\\\/\"},\"wordCount\":257,\"commentCount\":0,\"publisher\":{\"@id\":\"https:\\\/\\\/redelitoralrs.com\\\/#organization\"},\"image\":{\"@id\":\"https:\\\/\\\/redelitoralrs.com\\\/index.php\\\/2024\\\/02\\\/21\\\/escola-professor-raimundo-fernandes-de-oliveira-em-arroio-do-sal-suspende-aulas-devido-a-surto-de-covid-19\\\/#primaryimage\"},\"thumbnailUrl\":\"https:\\\/\\\/redelitoralrs.com\\\/wp-content\\\/uploads\\\/2024\\\/02\\\/images-3.jpeg\",\"articleSection\":[\"\u00daltimas not\u00edcias\"],\"inLanguage\":\"pt-BR\",\"potentialAction\":[{\"@type\":\"CommentAction\",\"name\":\"Comment\",\"target\":[\"https:\\\/\\\/redelitoralrs.com\\\/index.php\\\/2024\\\/02\\\/21\\\/escola-professor-raimundo-fernandes-de-oliveira-em-arroio-do-sal-suspende-aulas-devido-a-surto-de-covid-19\\\/#respond\"]}]},{\"@type\":\"WebPage\",\"@id\":\"https:\\\/\\\/redelitoralrs.com\\\/index.php\\\/2024\\\/02\\\/21\\\/escola-professor-raimundo-fernandes-de-oliveira-em-arroio-do-sal-suspende-aulas-devido-a-surto-de-covid-19\\\/\",\"url\":\"https:\\\/\\\/redelitoralrs.com\\\/index.php\\\/2024\\\/02\\\/21\\\/escola-professor-raimundo-fernandes-de-oliveira-em-arroio-do-sal-suspende-aulas-devido-a-surto-de-covid-19\\\/\",\"name\":\"Escola Professor Raimundo Fernandes de Oliveira em Arroio do Sal suspende aulas devido a Surto de COVID-19 - Rede Litoral RS\",\"isPartOf\":{\"@id\":\"https:\\\/\\\/redelitoralrs.com\\\/#website\"},\"primaryImageOfPage\":{\"@id\":\"https:\\\/\\\/redelitoralrs.com\\\/index.php\\\/2024\\\/02\\\/21\\\/escola-professor-raimundo-fernandes-de-oliveira-em-arroio-do-sal-suspende-aulas-devido-a-surto-de-covid-19\\\/#primaryimage\"},\"image\":{\"@id\":\"https:\\\/\\\/redelitoralrs.com\\\/index.php\\\/2024\\\/02\\\/21\\\/escola-professor-raimundo-fernandes-de-oliveira-em-arroio-do-sal-suspende-aulas-devido-a-surto-de-covid-19\\\/#primaryimage\"},\"thumbnailUrl\":\"https:\\\/\\\/redelitoralrs.com\\\/wp-content\\\/uploads\\\/2024\\\/02\\\/images-3.jpeg\",\"datePublished\":\"2024-02-21T20:57:58+00:00\",\"breadcrumb\":{\"@id\":\"https:\\\/\\\/redelitoralrs.com\\\/index.php\\\/2024\\\/02\\\/21\\\/escola-professor-raimundo-fernandes-de-oliveira-em-arroio-do-sal-suspende-aulas-devido-a-surto-de-covid-19\\\/#breadcrumb\"},\"inLanguage\":\"pt-BR\",\"potentialAction\":[{\"@type\":\"ReadAction\",\"target\":[\"https:\\\/\\\/redelitoralrs.com\\\/index.php\\\/2024\\\/02\\\/21\\\/escola-professor-raimundo-fernandes-de-oliveira-em-arroio-do-sal-suspende-aulas-devido-a-surto-de-covid-19\\\/\"]}]},{\"@type\":\"ImageObject\",\"inLanguage\":\"pt-BR\",\"@id\":\"https:\\\/\\\/redelitoralrs.com\\\/index.php\\\/2024\\\/02\\\/21\\\/escola-professor-raimundo-fernandes-de-oliveira-em-arroio-do-sal-suspende-aulas-devido-a-surto-de-covid-19\\\/#primaryimage\",\"url\":\"https:\\\/\\\/redelitoralrs.com\\\/wp-content\\\/uploads\\\/2024\\\/02\\\/images-3.jpeg\",\"contentUrl\":\"https:\\\/\\\/redelitoralrs.com\\\/wp-content\\\/uploads\\\/2024\\\/02\\\/images-3.jpeg\",\"width\":626,\"height\":281},{\"@type\":\"BreadcrumbList\",\"@id\":\"https:\\\/\\\/redelitoralrs.com\\\/index.php\\\/2024\\\/02\\\/21\\\/escola-professor-raimundo-fernandes-de-oliveira-em-arroio-do-sal-suspende-aulas-devido-a-surto-de-covid-19\\\/#breadcrumb\",\"itemListElement\":[{\"@type\":\"ListItem\",\"position\":1,\"name\":\"In\u00edcio\",\"item\":\"https:\\\/\\\/redelitoralrs.com\\\/\"},{\"@type\":\"ListItem\",\"position\":2,\"name\":\"Escola Professor Raimundo Fernandes de Oliveira em Arroio do Sal suspende aulas devido a Surto de COVID-19\"}]},{\"@type\":\"WebSite\",\"@id\":\"https:\\\/\\\/redelitoralrs.com\\\/#website\",\"url\":\"https:\\\/\\\/redelitoralrs.com\\\/\",\"name\":\"TV Litoral\",\"description\":\"Acompanhe tudo do litoral ga\u00facho com a cobertura completa e atualizada da Rede Litoral RS. Nossos jornalistas trazem as \u00faltimas not\u00edcias, os acontecimentos mais quentes e as hist\u00f3rias que importam sobre nosso amado litoral.\",\"publisher\":{\"@id\":\"https:\\\/\\\/redelitoralrs.com\\\/#organization\"},\"potentialAction\":[{\"@type\":\"SearchAction\",\"target\":{\"@type\":\"EntryPoint\",\"urlTemplate\":\"https:\\\/\\\/redelitoralrs.com\\\/?s={search_term_string}\"},\"query-input\":{\"@type\":\"PropertyValueSpecification\",\"valueRequired\":true,\"valueName\":\"search_term_string\"}}],\"inLanguage\":\"pt-BR\"},{\"@type\":\"Organization\",\"@id\":\"https:\\\/\\\/redelitoralrs.com\\\/#organization\",\"name\":\"TV Litoral\",\"url\":\"https:\\\/\\\/redelitoralrs.com\\\/\",\"logo\":{\"@type\":\"ImageObject\",\"inLanguage\":\"pt-BR\",\"@id\":\"https:\\\/\\\/redelitoralrs.com\\\/#\\\/schema\\\/logo\\\/image\\\/\",\"url\":\"https:\\\/\\\/redelitoralrs.com\\\/wp-content\\\/uploads\\\/2024\\\/01\\\/faviconicon-1-1.png\",\"contentUrl\":\"https:\\\/\\\/redelitoralrs.com\\\/wp-content\\\/uploads\\\/2024\\\/01\\\/faviconicon-1-1.png\",\"width\":454,\"height\":454,\"caption\":\"TV Litoral\"},\"image\":{\"@id\":\"https:\\\/\\\/redelitoralrs.com\\\/#\\\/schema\\\/logo\\\/image\\\/\"},\"sameAs\":[\"https:\\\/\\\/www.facebook.com\\\/tvlitoralrsoficial\",\"https:\\\/\\\/www.instagram.com\\\/tvlitoral.rs\"]},{\"@type\":\"Person\",\"@id\":\"https:\\\/\\\/redelitoralrs.com\\\/#\\\/schema\\\/person\\\/9f8181f2a7359dd3986f05ebaf5bd68a\",\"name\":\"Reda\u00e7\u00e3o TV Litoral\",\"image\":{\"@type\":\"ImageObject\",\"inLanguage\":\"pt-BR\",\"@id\":\"https:\\\/\\\/redelitoralrs.com\\\/wp-content\\\/litespeed\\\/avatar\\\/779aafbb45e66c7f82733e21abb48259.jpg?ver=1776956734\",\"url\":\"https:\\\/\\\/redelitoralrs.com\\\/wp-content\\\/litespeed\\\/avatar\\\/779aafbb45e66c7f82733e21abb48259.jpg?ver=1776956734\",\"contentUrl\":\"https:\\\/\\\/redelitoralrs.com\\\/wp-content\\\/litespeed\\\/avatar\\\/779aafbb45e66c7f82733e21abb48259.jpg?ver=1776956734\",\"caption\":\"Reda\u00e7\u00e3o TV Litoral\"},\"description\":\"A Rede Litoral de Comunica\u00e7\u00e3o \u00e9 um grupo de m\u00eddia multiplataforma do Litoral Norte do RS. Com atua\u00e7\u00e3o em TV, r\u00e1dio, portal e redes sociais, levamos informa\u00e7\u00e3o, conte\u00fado e entretenimento \u00e0 comunidade, fortalecendo a comunica\u00e7\u00e3o local e impulsionando o desenvolvimento regional. Acompanhe atrav\u00e9s de @redelitoralrs.\",\"sameAs\":[\"https:\\\/\\\/redelitoralrs.com\",\"https:\\\/\\\/www.instagram.com\\\/redelitoralrs\",\"https:\\\/\\\/www.youtube.com\\\/@redelitoralrs\"],\"url\":\"https:\\\/\\\/redelitoralrs.com\\\/index.php\\\/author\\\/redacaotvlitoral\\\/\"}]}<\/script>\n<!-- \/ Yoast SEO plugin. -->","yoast_head_json":{"title":"Escola Professor Raimundo Fernandes de Oliveira em Arroio do Sal suspende aulas devido a Surto de COVID-19 - Rede Litoral RS","robots":{"index":"index","follow":"follow","max-snippet":"max-snippet:-1","max-image-preview":"max-image-preview:large","max-video-preview":"max-video-preview:-1"},"canonical":"https:\/\/redelitoralrs.com\/index.php\/2024\/02\/21\/escola-professor-raimundo-fernandes-de-oliveira-em-arroio-do-sal-suspende-aulas-devido-a-surto-de-covid-19\/","og_locale":"pt_BR","og_type":"article","og_title":"Escola Professor Raimundo Fernandes de Oliveira em Arroio do Sal suspende aulas devido a Surto de COVID-19 - Rede Litoral RS","og_description":"A Escola Municipal de Ensino Fundamental Professor Raimundo Fernandes de Oliveira, localizada em Arroio do Sal, comunicou oficialmente o cancelamento das aulas at\u00e9 sexta-feira(23), devido a um surto de COVID-19 que afetou parte da comunidade escolar. A decis\u00e3o foi tomada em conjunto com as autoridades de sa\u00fade e a Secretaria Municipal de Educa\u00e7\u00e3o, visando a [&hellip;]","og_url":"https:\/\/redelitoralrs.com\/index.php\/2024\/02\/21\/escola-professor-raimundo-fernandes-de-oliveira-em-arroio-do-sal-suspende-aulas-devido-a-surto-de-covid-19\/","og_site_name":"Rede Litoral RS","article_publisher":"https:\/\/www.facebook.com\/tvlitoralrsoficial","article_published_time":"2024-02-21T20:57:58+00:00","og_image":[{"width":626,"height":281,"url":"https:\/\/redelitoralrs.com\/wp-content\/uploads\/2024\/02\/images-3.jpeg","type":"image\/jpeg"}],"author":"Reda\u00e7\u00e3o TV Litoral","twitter_card":"summary_large_image","twitter_misc":{"Escrito por":"Reda\u00e7\u00e3o TV Litoral","Est. tempo de leitura":"1 minuto"},"schema":{"@context":"https:\/\/schema.org","@graph":[{"@type":"Article","@id":"https:\/\/redelitoralrs.com\/index.php\/2024\/02\/21\/escola-professor-raimundo-fernandes-de-oliveira-em-arroio-do-sal-suspende-aulas-devido-a-surto-de-covid-19\/#article","isPartOf":{"@id":"https:\/\/redelitoralrs.com\/index.php\/2024\/02\/21\/escola-professor-raimundo-fernandes-de-oliveira-em-arroio-do-sal-suspende-aulas-devido-a-surto-de-covid-19\/"},"author":{"name":"Reda\u00e7\u00e3o TV Litoral","@id":"https:\/\/redelitoralrs.com\/#\/schema\/person\/9f8181f2a7359dd3986f05ebaf5bd68a"},"headline":"Escola Professor Raimundo Fernandes de Oliveira em Arroio do Sal suspende aulas devido a Surto de COVID-19","datePublished":"2024-02-21T20:57:58+00:00","mainEntityOfPage":{"@id":"https:\/\/redelitoralrs.com\/index.php\/2024\/02\/21\/escola-professor-raimundo-fernandes-de-oliveira-em-arroio-do-sal-suspende-aulas-devido-a-surto-de-covid-19\/"},"wordCount":257,"commentCount":0,"publisher":{"@id":"https:\/\/redelitoralrs.com\/#organization"},"image":{"@id":"https:\/\/redelitoralrs.com\/index.php\/2024\/02\/21\/escola-professor-raimundo-fernandes-de-oliveira-em-arroio-do-sal-suspende-aulas-devido-a-surto-de-covid-19\/#primaryimage"},"thumbnailUrl":"https:\/\/redelitoralrs.com\/wp-content\/uploads\/2024\/02\/images-3.jpeg","articleSection":["\u00daltimas not\u00edcias"],"inLanguage":"pt-BR","potentialAction":[{"@type":"CommentAction","name":"Comment","target":["https:\/\/redelitoralrs.com\/index.php\/2024\/02\/21\/escola-professor-raimundo-fernandes-de-oliveira-em-arroio-do-sal-suspende-aulas-devido-a-surto-de-covid-19\/#respond"]}]},{"@type":"WebPage","@id":"https:\/\/redelitoralrs.com\/index.php\/2024\/02\/21\/escola-professor-raimundo-fernandes-de-oliveira-em-arroio-do-sal-suspende-aulas-devido-a-surto-de-covid-19\/","url":"https:\/\/redelitoralrs.com\/index.php\/2024\/02\/21\/escola-professor-raimundo-fernandes-de-oliveira-em-arroio-do-sal-suspende-aulas-devido-a-surto-de-covid-19\/","name":"Escola Professor Raimundo Fernandes de Oliveira em Arroio do Sal suspende aulas devido a Surto de COVID-19 - Rede Litoral RS","isPartOf":{"@id":"https:\/\/redelitoralrs.com\/#website"},"primaryImageOfPage":{"@id":"https:\/\/redelitoralrs.com\/index.php\/2024\/02\/21\/escola-professor-raimundo-fernandes-de-oliveira-em-arroio-do-sal-suspende-aulas-devido-a-surto-de-covid-19\/#primaryimage"},"image":{"@id":"https:\/\/redelitoralrs.com\/index.php\/2024\/02\/21\/escola-professor-raimundo-fernandes-de-oliveira-em-arroio-do-sal-suspende-aulas-devido-a-surto-de-covid-19\/#primaryimage"},"thumbnailUrl":"https:\/\/redelitoralrs.com\/wp-content\/uploads\/2024\/02\/images-3.jpeg","datePublished":"2024-02-21T20:57:58+00:00","breadcrumb":{"@id":"https:\/\/redelitoralrs.com\/index.php\/2024\/02\/21\/escola-professor-raimundo-fernandes-de-oliveira-em-arroio-do-sal-suspende-aulas-devido-a-surto-de-covid-19\/#breadcrumb"},"inLanguage":"pt-BR","potentialAction":[{"@type":"ReadAction","target":["https:\/\/redelitoralrs.com\/index.php\/2024\/02\/21\/escola-professor-raimundo-fernandes-de-oliveira-em-arroio-do-sal-suspende-aulas-devido-a-surto-de-covid-19\/"]}]},{"@type":"ImageObject","inLanguage":"pt-BR","@id":"https:\/\/redelitoralrs.com\/index.php\/2024\/02\/21\/escola-professor-raimundo-fernandes-de-oliveira-em-arroio-do-sal-suspende-aulas-devido-a-surto-de-covid-19\/#primaryimage","url":"https:\/\/redelitoralrs.com\/wp-content\/uploads\/2024\/02\/images-3.jpeg","contentUrl":"https:\/\/redelitoralrs.com\/wp-content\/uploads\/2024\/02\/images-3.jpeg","width":626,"height":281},{"@type":"BreadcrumbList","@id":"https:\/\/redelitoralrs.com\/index.php\/2024\/02\/21\/escola-professor-raimundo-fernandes-de-oliveira-em-arroio-do-sal-suspende-aulas-devido-a-surto-de-covid-19\/#breadcrumb","itemListElement":[{"@type":"ListItem","position":1,"name":"In\u00edcio","item":"https:\/\/redelitoralrs.com\/"},{"@type":"ListItem","position":2,"name":"Escola Professor Raimundo Fernandes de Oliveira em Arroio do Sal suspende aulas devido a Surto de COVID-19"}]},{"@type":"WebSite","@id":"https:\/\/redelitoralrs.com\/#website","url":"https:\/\/redelitoralrs.com\/","name":"TV Litoral","description":"Acompanhe tudo do litoral ga\u00facho com a cobertura completa e atualizada da Rede Litoral RS. Nossos jornalistas trazem as \u00faltimas not\u00edcias, os acontecimentos mais quentes e as hist\u00f3rias que importam sobre nosso amado litoral.","publisher":{"@id":"https:\/\/redelitoralrs.com\/#organization"},"potentialAction":[{"@type":"SearchAction","target":{"@type":"EntryPoint","urlTemplate":"https:\/\/redelitoralrs.com\/?s={search_term_string}"},"query-input":{"@type":"PropertyValueSpecification","valueRequired":true,"valueName":"search_term_string"}}],"inLanguage":"pt-BR"},{"@type":"Organization","@id":"https:\/\/redelitoralrs.com\/#organization","name":"TV Litoral","url":"https:\/\/redelitoralrs.com\/","logo":{"@type":"ImageObject","inLanguage":"pt-BR","@id":"https:\/\/redelitoralrs.com\/#\/schema\/logo\/image\/","url":"https:\/\/redelitoralrs.com\/wp-content\/uploads\/2024\/01\/faviconicon-1-1.png","contentUrl":"https:\/\/redelitoralrs.com\/wp-content\/uploads\/2024\/01\/faviconicon-1-1.png","width":454,"height":454,"caption":"TV Litoral"},"image":{"@id":"https:\/\/redelitoralrs.com\/#\/schema\/logo\/image\/"},"sameAs":["https:\/\/www.facebook.com\/tvlitoralrsoficial","https:\/\/www.instagram.com\/tvlitoral.rs"]},{"@type":"Person","@id":"https:\/\/redelitoralrs.com\/#\/schema\/person\/9f8181f2a7359dd3986f05ebaf5bd68a","name":"Reda\u00e7\u00e3o TV Litoral","image":{"@type":"ImageObject","inLanguage":"pt-BR","@id":"https:\/\/redelitoralrs.com\/wp-content\/litespeed\/avatar\/779aafbb45e66c7f82733e21abb48259.jpg?ver=1776956734","url":"https:\/\/redelitoralrs.com\/wp-content\/litespeed\/avatar\/779aafbb45e66c7f82733e21abb48259.jpg?ver=1776956734","contentUrl":"https:\/\/redelitoralrs.com\/wp-content\/litespeed\/avatar\/779aafbb45e66c7f82733e21abb48259.jpg?ver=1776956734","caption":"Reda\u00e7\u00e3o TV Litoral"},"description":"A Rede Litoral de Comunica\u00e7\u00e3o \u00e9 um grupo de m\u00eddia multiplataforma do Litoral Norte do RS. Com atua\u00e7\u00e3o em TV, r\u00e1dio, portal e redes sociais, levamos informa\u00e7\u00e3o, conte\u00fado e entretenimento \u00e0 comunidade, fortalecendo a comunica\u00e7\u00e3o local e impulsionando o desenvolvimento regional. Acompanhe atrav\u00e9s de @redelitoralrs.","sameAs":["https:\/\/redelitoralrs.com","https:\/\/www.instagram.com\/redelitoralrs","https:\/\/www.youtube.com\/@redelitoralrs"],"url":"https:\/\/redelitoralrs.com\/index.php\/author\/redacaotvlitoral\/"}]}},"_links":{"self":[{"href":"https:\/\/redelitoralrs.com\/index.php\/wp-json\/wp\/v2\/posts\/775","targetHints":{"allow":["GET"]}}],"collection":[{"href":"https:\/\/redelitoralrs.com\/index.php\/wp-json\/wp\/v2\/posts"}],"about":[{"href":"https:\/\/redelitoralrs.com\/index.php\/wp-json\/wp\/v2\/types\/post"}],"author":[{"embeddable":true,"href":"https:\/\/redelitoralrs.com\/index.php\/wp-json\/wp\/v2\/users\/2"}],"replies":[{"embeddable":true,"href":"https:\/\/redelitoralrs.com\/index.php\/wp-json\/wp\/v2\/comments?post=775"}],"version-history":[{"count":1,"href":"https:\/\/redelitoralrs.com\/index.php\/wp-json\/wp\/v2\/posts\/775\/revisions"}],"predecessor-version":[{"id":778,"href":"https:\/\/redelitoralrs.com\/index.php\/wp-json\/wp\/v2\/posts\/775\/revisions\/778"}],"wp:featuredmedia":[{"embeddable":true,"href":"https:\/\/redelitoralrs.com\/index.php\/wp-json\/wp\/v2\/media\/777"}],"wp:attachment":[{"href":"https:\/\/redelitoralrs.com\/index.php\/wp-json\/wp\/v2\/media?parent=775"}],"wp:term":[{"taxonomy":"category","embeddable":true,"href":"https:\/\/redelitoralrs.com\/index.php\/wp-json\/wp\/v2\/categories?post=775"},{"taxonomy":"post_tag","embeddable":true,"href":"https:\/\/redelitoralrs.com\/index.php\/wp-json\/wp\/v2\/tags?post=775"}],"curies":[{"name":"wp","href":"https:\/\/api.w.org\/{rel}","templated":true}]}}