{"id":772,"date":"2024-02-21T14:56:18","date_gmt":"2024-02-21T17:56:18","guid":{"rendered":"https:\/\/redelitoralrs.com\/?p=772"},"modified":"2024-02-21T14:56:18","modified_gmt":"2024-02-21T17:56:18","slug":"legislativo-de-imbe-aprova-ante-projeto-que-autoriza-a-pratica-de-telessaude-no-municipio","status":"publish","type":"post","link":"https:\/\/redelitoralrs.com\/index.php\/2024\/02\/21\/legislativo-de-imbe-aprova-ante-projeto-que-autoriza-a-pratica-de-telessaude-no-municipio\/","title":{"rendered":"Legislativo de Imb\u00e9 aprova ante-projeto que autoriza a pr\u00e1tica de telessa\u00fade no mun\u00edcipio"},"content":{"rendered":"\n<p>A C\u00e2mara de Vereadores de Imb\u00e9 aprovou na noite desta ter\u00e7a-feira(20), durante sess\u00e3o extraordin\u00e1ria, ante-projeto de lei que autoriza a pr\u00e1tica de telessa\u00fade em Imb\u00e9. O ante-projeto foi elaborado e assinado por 6 vereadores ( Vilmar Nico, Claudia Duarte, Paulinho Enfermeiro, Fagner Guiner, Marcelino Teixeira e Fabricio Rebechi), integrantes do grupo denominado G6 e teve aprova\u00e7\u00e3o por unanimidade.<\/p>\n\n\n\n<p>Conforme o texto, considera-se telessa\u00fade a modalidade de presta\u00e7\u00e3o de servi\u00e7os de sa\u00fade por meio da utiliza\u00e7\u00e3o de tecnologias de informa\u00e7\u00e3o e comunica\u00e7\u00e3o, que envolve, entre outros, a transmiss\u00e3o segura de dados e informa\u00e7\u00f5es de sa\u00fade, por meio de textos, sons, imagens e outros meios adequados.<\/p>\n\n\n\n<p>A telessa\u00fade engloba telemonitoramento e teleconsulta com acompanhamento e monitoramento dos par\u00e2metros de sa\u00fade ou doen\u00e7a \u00e0 dist\u00e2ncia de pacientes com doen\u00e7as cr\u00f4nicas, podendo ser acompanhadas de uso de aparelhos para obten\u00e7\u00e3o de sinais biol\u00f3gicos; Teleorienta\u00e7\u00e3o aos pacientes, familiares e respons\u00e1veis por cuidados em rela\u00e7\u00e3o \u00e0 sa\u00fade; Teletriagem realizada por profissional da sa\u00fade com pr\u00e9-avalia\u00e7\u00e3o dos sintomas \u00e0 distan\u00e7ia e teleinterconsulta que \u00e9 uma intera\u00e7\u00e3o entre m\u00e9dicos de diversas especialidades.<\/p>\n\n\n\n<p>A telessa\u00fade dever\u00e1 respeitar a seguran\u00e7a digital definida pela Lei Geral de Prote\u00e7\u00e3o de Dados.Ainda conforme o ante-projeto, ser\u00e1 assegurada ao profissional a decis\u00e3o de adotar ou n\u00e3o a telessa\u00fade e os profissionais dever\u00e3o passar por capacita\u00e7\u00e3o espec\u00edfica. Caber\u00e1 a Secretaria Municipal da Sa\u00fade a disponibiliza\u00e7\u00e3o de espa\u00e7o f\u00edsico com privacidade, capacidade de banda de comunica\u00e7\u00e3o exclusiva para telessa\u00fade e softwares espec\u00edficos que atendam a Lei Geral de Prote\u00e7\u00e3o de Dados e Marco Civil da Internet.<\/p>\n\n\n\n<p>Os padr\u00f5es de qualidade dever\u00e3o acompanhar as boas pr\u00e1ticas da telessa\u00fade definidads pelas sociedades de especialistas reconhecidas pelo Minist\u00e9rio da Sa\u00fade. O m\u00e9todo de atendimento pelo telessa\u00fade somente ser\u00e1 utilizado com autoriza\u00e7\u00e3o do paciente.<\/p>\n\n\n\n<p>O presidente do Legislativo, vereador Vilmar Nico (PT), garantiu que, caso o ante-projeto tenha aceita\u00e7\u00e3o do poder executivo e volte \u00e0 C\u00e2mara como projeto de lei, destinar\u00e1 recursos no valor de R$ 1,1 milh\u00e3o para a implanta\u00e7\u00e3o do servi\u00e7o.\u201d Este grupo est\u00e1 preocupado com a saude e todo o recurso que sobrar este ano ser\u00e1 destinado para este setor. pois a popula\u00e7\u00e3o clama por melhorias na sa\u00fade e em contato com a contabilidade vimos, com toda a seguran\u00e7a, que podemos aportar R$ 1.130.000,00 nesta ideia\u201d disse o presidente.<\/p>\n\n\n\n<p>\u201d Caso o Executivo acate a nossa ideia, ser\u00e1 a maior devolu\u00e7\u00e3o de recursos por parte da C\u00e2mara de Vereadores na hist\u00f3ria de Imb\u00e9.\u201d disse o vereador Fabricio Rebechi (PRD).O vereador Paulo Galimberti (MDB) salientou que n\u00e3o foi convidado para assinar o ante-projeto, mas que \u00e9 favor\u00e1vel.<\/p>\n\n\n\n<p>O vereador Paulinho Roberto Cardoso Batista (PRD) disse que a ideia surgiu no governo anterior do ex-prefeito Pierre Emerim, mas que n\u00e3o propsperou por raz\u00f5es diversas, entre elas a pandemia. <\/p>\n\n\n\n<p>O antre-projeto agora ser\u00e1 encaminhado ao Executivo e caso seja acatado volta \u00e0 C\u00e2mara em forma de pr\u00f3jeto de lei para ent\u00e3o ser aprovado em definitivo.<\/p>\n\n\n\n<p>Em 2022, foi sanciona pelo presidente da Rep\u00fablica lei que autoriza e conceitua a pr\u00e1tica da telessa\u00fade em todo o territ\u00f3rio nacional. A nova lei foi publicada no Di\u00e1rio Oficial da Uni\u00e3o no dia 28 de dezembro de 2022.<\/p>\n\n\n\n<p><strong>Fonte:<\/strong> JPN<\/p>\n","protected":false},"excerpt":{"rendered":"<p>A C\u00e2mara de Vereadores de Imb\u00e9 aprovou na noite desta ter\u00e7a-feira(20), durante sess\u00e3o extraordin\u00e1ria, ante-projeto de lei que autoriza a pr\u00e1tica de telessa\u00fade em Imb\u00e9. O ante-projeto foi elaborado e assinado por 6 vereadores ( Vilmar Nico, Claudia Duarte, Paulinho Enfermeiro, Fagner Guiner, Marcelino Teixeira e Fabricio Rebechi), integrantes do grupo denominado G6 e teve [&hellip;]<\/p>\n","protected":false},"author":2,"featured_media":773,"comment_status":"open","ping_status":"open","sticky":false,"template":"","format":"standard","meta":{"_themeisle_gutenberg_block_has_review":false,"footnotes":""},"categories":[15],"tags":[],"class_list":["post-772","post","type-post","status-publish","format-standard","has-post-thumbnail","hentry","category-noticias"],"yoast_head":"<!-- This site is optimized with the Yoast SEO plugin v27.4 - https:\/\/yoast.com\/product\/yoast-seo-wordpress\/ -->\n<title>Legislativo de Imb\u00e9 aprova ante-projeto que autoriza a pr\u00e1tica de telessa\u00fade no mun\u00edcipio - Rede Litoral RS<\/title>\n<meta name=\"robots\" content=\"index, follow, max-snippet:-1, max-image-preview:large, max-video-preview:-1\" \/>\n<link rel=\"canonical\" href=\"https:\/\/redelitoralrs.com\/index.php\/2024\/02\/21\/legislativo-de-imbe-aprova-ante-projeto-que-autoriza-a-pratica-de-telessaude-no-municipio\/\" \/>\n<meta property=\"og:locale\" content=\"pt_BR\" \/>\n<meta property=\"og:type\" content=\"article\" \/>\n<meta property=\"og:title\" content=\"Legislativo de Imb\u00e9 aprova ante-projeto que autoriza a pr\u00e1tica de telessa\u00fade no mun\u00edcipio - Rede Litoral RS\" \/>\n<meta property=\"og:description\" content=\"A C\u00e2mara de Vereadores de Imb\u00e9 aprovou na noite desta ter\u00e7a-feira(20), durante sess\u00e3o extraordin\u00e1ria, ante-projeto de lei que autoriza a pr\u00e1tica de telessa\u00fade em Imb\u00e9. O ante-projeto foi elaborado e assinado por 6 vereadores ( Vilmar Nico, Claudia Duarte, Paulinho Enfermeiro, Fagner Guiner, Marcelino Teixeira e Fabricio Rebechi), integrantes do grupo denominado G6 e teve [&hellip;]\" \/>\n<meta property=\"og:url\" content=\"https:\/\/redelitoralrs.com\/index.php\/2024\/02\/21\/legislativo-de-imbe-aprova-ante-projeto-que-autoriza-a-pratica-de-telessaude-no-municipio\/\" \/>\n<meta property=\"og:site_name\" content=\"Rede Litoral RS\" \/>\n<meta property=\"article:publisher\" content=\"https:\/\/www.facebook.com\/tvlitoralrsoficial\" \/>\n<meta property=\"article:published_time\" content=\"2024-02-21T17:56:18+00:00\" \/>\n<meta property=\"og:image\" content=\"https:\/\/redelitoralrs.com\/wp-content\/uploads\/2024\/02\/camara-imbe-20.jpg\" \/>\n\t<meta property=\"og:image:width\" content=\"900\" \/>\n\t<meta property=\"og:image:height\" content=\"506\" \/>\n\t<meta property=\"og:image:type\" content=\"image\/jpeg\" \/>\n<meta name=\"author\" content=\"Reda\u00e7\u00e3o TV Litoral\" \/>\n<meta name=\"twitter:card\" content=\"summary_large_image\" \/>\n<meta name=\"twitter:label1\" content=\"Escrito por\" \/>\n\t<meta name=\"twitter:data1\" content=\"Reda\u00e7\u00e3o TV Litoral\" \/>\n\t<meta name=\"twitter:label2\" content=\"Est. tempo de leitura\" \/>\n\t<meta name=\"twitter:data2\" content=\"3 minutos\" \/>\n<script type=\"application\/ld+json\" class=\"yoast-schema-graph\">{\"@context\":\"https:\\\/\\\/schema.org\",\"@graph\":[{\"@type\":\"Article\",\"@id\":\"https:\\\/\\\/redelitoralrs.com\\\/index.php\\\/2024\\\/02\\\/21\\\/legislativo-de-imbe-aprova-ante-projeto-que-autoriza-a-pratica-de-telessaude-no-municipio\\\/#article\",\"isPartOf\":{\"@id\":\"https:\\\/\\\/redelitoralrs.com\\\/index.php\\\/2024\\\/02\\\/21\\\/legislativo-de-imbe-aprova-ante-projeto-que-autoriza-a-pratica-de-telessaude-no-municipio\\\/\"},\"author\":{\"name\":\"Reda\u00e7\u00e3o TV Litoral\",\"@id\":\"https:\\\/\\\/redelitoralrs.com\\\/#\\\/schema\\\/person\\\/9f8181f2a7359dd3986f05ebaf5bd68a\"},\"headline\":\"Legislativo de Imb\u00e9 aprova ante-projeto que autoriza a pr\u00e1tica de telessa\u00fade no mun\u00edcipio\",\"datePublished\":\"2024-02-21T17:56:18+00:00\",\"mainEntityOfPage\":{\"@id\":\"https:\\\/\\\/redelitoralrs.com\\\/index.php\\\/2024\\\/02\\\/21\\\/legislativo-de-imbe-aprova-ante-projeto-que-autoriza-a-pratica-de-telessaude-no-municipio\\\/\"},\"wordCount\":605,\"commentCount\":0,\"publisher\":{\"@id\":\"https:\\\/\\\/redelitoralrs.com\\\/#organization\"},\"image\":{\"@id\":\"https:\\\/\\\/redelitoralrs.com\\\/index.php\\\/2024\\\/02\\\/21\\\/legislativo-de-imbe-aprova-ante-projeto-que-autoriza-a-pratica-de-telessaude-no-municipio\\\/#primaryimage\"},\"thumbnailUrl\":\"https:\\\/\\\/redelitoralrs.com\\\/wp-content\\\/uploads\\\/2024\\\/02\\\/camara-imbe-20.jpg\",\"articleSection\":[\"\u00daltimas not\u00edcias\"],\"inLanguage\":\"pt-BR\",\"potentialAction\":[{\"@type\":\"CommentAction\",\"name\":\"Comment\",\"target\":[\"https:\\\/\\\/redelitoralrs.com\\\/index.php\\\/2024\\\/02\\\/21\\\/legislativo-de-imbe-aprova-ante-projeto-que-autoriza-a-pratica-de-telessaude-no-municipio\\\/#respond\"]}]},{\"@type\":\"WebPage\",\"@id\":\"https:\\\/\\\/redelitoralrs.com\\\/index.php\\\/2024\\\/02\\\/21\\\/legislativo-de-imbe-aprova-ante-projeto-que-autoriza-a-pratica-de-telessaude-no-municipio\\\/\",\"url\":\"https:\\\/\\\/redelitoralrs.com\\\/index.php\\\/2024\\\/02\\\/21\\\/legislativo-de-imbe-aprova-ante-projeto-que-autoriza-a-pratica-de-telessaude-no-municipio\\\/\",\"name\":\"Legislativo de Imb\u00e9 aprova ante-projeto que autoriza a pr\u00e1tica de telessa\u00fade no mun\u00edcipio - Rede Litoral RS\",\"isPartOf\":{\"@id\":\"https:\\\/\\\/redelitoralrs.com\\\/#website\"},\"primaryImageOfPage\":{\"@id\":\"https:\\\/\\\/redelitoralrs.com\\\/index.php\\\/2024\\\/02\\\/21\\\/legislativo-de-imbe-aprova-ante-projeto-que-autoriza-a-pratica-de-telessaude-no-municipio\\\/#primaryimage\"},\"image\":{\"@id\":\"https:\\\/\\\/redelitoralrs.com\\\/index.php\\\/2024\\\/02\\\/21\\\/legislativo-de-imbe-aprova-ante-projeto-que-autoriza-a-pratica-de-telessaude-no-municipio\\\/#primaryimage\"},\"thumbnailUrl\":\"https:\\\/\\\/redelitoralrs.com\\\/wp-content\\\/uploads\\\/2024\\\/02\\\/camara-imbe-20.jpg\",\"datePublished\":\"2024-02-21T17:56:18+00:00\",\"breadcrumb\":{\"@id\":\"https:\\\/\\\/redelitoralrs.com\\\/index.php\\\/2024\\\/02\\\/21\\\/legislativo-de-imbe-aprova-ante-projeto-que-autoriza-a-pratica-de-telessaude-no-municipio\\\/#breadcrumb\"},\"inLanguage\":\"pt-BR\",\"potentialAction\":[{\"@type\":\"ReadAction\",\"target\":[\"https:\\\/\\\/redelitoralrs.com\\\/index.php\\\/2024\\\/02\\\/21\\\/legislativo-de-imbe-aprova-ante-projeto-que-autoriza-a-pratica-de-telessaude-no-municipio\\\/\"]}]},{\"@type\":\"ImageObject\",\"inLanguage\":\"pt-BR\",\"@id\":\"https:\\\/\\\/redelitoralrs.com\\\/index.php\\\/2024\\\/02\\\/21\\\/legislativo-de-imbe-aprova-ante-projeto-que-autoriza-a-pratica-de-telessaude-no-municipio\\\/#primaryimage\",\"url\":\"https:\\\/\\\/redelitoralrs.com\\\/wp-content\\\/uploads\\\/2024\\\/02\\\/camara-imbe-20.jpg\",\"contentUrl\":\"https:\\\/\\\/redelitoralrs.com\\\/wp-content\\\/uploads\\\/2024\\\/02\\\/camara-imbe-20.jpg\",\"width\":900,\"height\":506},{\"@type\":\"BreadcrumbList\",\"@id\":\"https:\\\/\\\/redelitoralrs.com\\\/index.php\\\/2024\\\/02\\\/21\\\/legislativo-de-imbe-aprova-ante-projeto-que-autoriza-a-pratica-de-telessaude-no-municipio\\\/#breadcrumb\",\"itemListElement\":[{\"@type\":\"ListItem\",\"position\":1,\"name\":\"In\u00edcio\",\"item\":\"https:\\\/\\\/redelitoralrs.com\\\/\"},{\"@type\":\"ListItem\",\"position\":2,\"name\":\"Legislativo de Imb\u00e9 aprova ante-projeto que autoriza a pr\u00e1tica de telessa\u00fade no mun\u00edcipio\"}]},{\"@type\":\"WebSite\",\"@id\":\"https:\\\/\\\/redelitoralrs.com\\\/#website\",\"url\":\"https:\\\/\\\/redelitoralrs.com\\\/\",\"name\":\"TV Litoral\",\"description\":\"Acompanhe tudo do litoral ga\u00facho com a cobertura completa e atualizada da Rede Litoral RS. Nossos jornalistas trazem as \u00faltimas not\u00edcias, os acontecimentos mais quentes e as hist\u00f3rias que importam sobre nosso amado litoral.\",\"publisher\":{\"@id\":\"https:\\\/\\\/redelitoralrs.com\\\/#organization\"},\"potentialAction\":[{\"@type\":\"SearchAction\",\"target\":{\"@type\":\"EntryPoint\",\"urlTemplate\":\"https:\\\/\\\/redelitoralrs.com\\\/?s={search_term_string}\"},\"query-input\":{\"@type\":\"PropertyValueSpecification\",\"valueRequired\":true,\"valueName\":\"search_term_string\"}}],\"inLanguage\":\"pt-BR\"},{\"@type\":\"Organization\",\"@id\":\"https:\\\/\\\/redelitoralrs.com\\\/#organization\",\"name\":\"TV Litoral\",\"url\":\"https:\\\/\\\/redelitoralrs.com\\\/\",\"logo\":{\"@type\":\"ImageObject\",\"inLanguage\":\"pt-BR\",\"@id\":\"https:\\\/\\\/redelitoralrs.com\\\/#\\\/schema\\\/logo\\\/image\\\/\",\"url\":\"https:\\\/\\\/redelitoralrs.com\\\/wp-content\\\/uploads\\\/2024\\\/01\\\/faviconicon-1-1.png\",\"contentUrl\":\"https:\\\/\\\/redelitoralrs.com\\\/wp-content\\\/uploads\\\/2024\\\/01\\\/faviconicon-1-1.png\",\"width\":454,\"height\":454,\"caption\":\"TV Litoral\"},\"image\":{\"@id\":\"https:\\\/\\\/redelitoralrs.com\\\/#\\\/schema\\\/logo\\\/image\\\/\"},\"sameAs\":[\"https:\\\/\\\/www.facebook.com\\\/tvlitoralrsoficial\",\"https:\\\/\\\/www.instagram.com\\\/tvlitoral.rs\"]},{\"@type\":\"Person\",\"@id\":\"https:\\\/\\\/redelitoralrs.com\\\/#\\\/schema\\\/person\\\/9f8181f2a7359dd3986f05ebaf5bd68a\",\"name\":\"Reda\u00e7\u00e3o TV Litoral\",\"image\":{\"@type\":\"ImageObject\",\"inLanguage\":\"pt-BR\",\"@id\":\"https:\\\/\\\/redelitoralrs.com\\\/wp-content\\\/litespeed\\\/avatar\\\/779aafbb45e66c7f82733e21abb48259.jpg?ver=1776956734\",\"url\":\"https:\\\/\\\/redelitoralrs.com\\\/wp-content\\\/litespeed\\\/avatar\\\/779aafbb45e66c7f82733e21abb48259.jpg?ver=1776956734\",\"contentUrl\":\"https:\\\/\\\/redelitoralrs.com\\\/wp-content\\\/litespeed\\\/avatar\\\/779aafbb45e66c7f82733e21abb48259.jpg?ver=1776956734\",\"caption\":\"Reda\u00e7\u00e3o TV Litoral\"},\"description\":\"A Rede Litoral de Comunica\u00e7\u00e3o \u00e9 um grupo de m\u00eddia multiplataforma do Litoral Norte do RS. Com atua\u00e7\u00e3o em TV, r\u00e1dio, portal e redes sociais, levamos informa\u00e7\u00e3o, conte\u00fado e entretenimento \u00e0 comunidade, fortalecendo a comunica\u00e7\u00e3o local e impulsionando o desenvolvimento regional. Acompanhe atrav\u00e9s de @redelitoralrs.\",\"sameAs\":[\"https:\\\/\\\/redelitoralrs.com\",\"https:\\\/\\\/www.instagram.com\\\/redelitoralrs\",\"https:\\\/\\\/www.youtube.com\\\/@redelitoralrs\"],\"url\":\"https:\\\/\\\/redelitoralrs.com\\\/index.php\\\/author\\\/redacaotvlitoral\\\/\"}]}<\/script>\n<!-- \/ Yoast SEO plugin. -->","yoast_head_json":{"title":"Legislativo de Imb\u00e9 aprova ante-projeto que autoriza a pr\u00e1tica de telessa\u00fade no mun\u00edcipio - Rede Litoral RS","robots":{"index":"index","follow":"follow","max-snippet":"max-snippet:-1","max-image-preview":"max-image-preview:large","max-video-preview":"max-video-preview:-1"},"canonical":"https:\/\/redelitoralrs.com\/index.php\/2024\/02\/21\/legislativo-de-imbe-aprova-ante-projeto-que-autoriza-a-pratica-de-telessaude-no-municipio\/","og_locale":"pt_BR","og_type":"article","og_title":"Legislativo de Imb\u00e9 aprova ante-projeto que autoriza a pr\u00e1tica de telessa\u00fade no mun\u00edcipio - Rede Litoral RS","og_description":"A C\u00e2mara de Vereadores de Imb\u00e9 aprovou na noite desta ter\u00e7a-feira(20), durante sess\u00e3o extraordin\u00e1ria, ante-projeto de lei que autoriza a pr\u00e1tica de telessa\u00fade em Imb\u00e9. O ante-projeto foi elaborado e assinado por 6 vereadores ( Vilmar Nico, Claudia Duarte, Paulinho Enfermeiro, Fagner Guiner, Marcelino Teixeira e Fabricio Rebechi), integrantes do grupo denominado G6 e teve [&hellip;]","og_url":"https:\/\/redelitoralrs.com\/index.php\/2024\/02\/21\/legislativo-de-imbe-aprova-ante-projeto-que-autoriza-a-pratica-de-telessaude-no-municipio\/","og_site_name":"Rede Litoral RS","article_publisher":"https:\/\/www.facebook.com\/tvlitoralrsoficial","article_published_time":"2024-02-21T17:56:18+00:00","og_image":[{"width":900,"height":506,"url":"https:\/\/redelitoralrs.com\/wp-content\/uploads\/2024\/02\/camara-imbe-20.jpg","type":"image\/jpeg"}],"author":"Reda\u00e7\u00e3o TV Litoral","twitter_card":"summary_large_image","twitter_misc":{"Escrito por":"Reda\u00e7\u00e3o TV Litoral","Est. tempo de leitura":"3 minutos"},"schema":{"@context":"https:\/\/schema.org","@graph":[{"@type":"Article","@id":"https:\/\/redelitoralrs.com\/index.php\/2024\/02\/21\/legislativo-de-imbe-aprova-ante-projeto-que-autoriza-a-pratica-de-telessaude-no-municipio\/#article","isPartOf":{"@id":"https:\/\/redelitoralrs.com\/index.php\/2024\/02\/21\/legislativo-de-imbe-aprova-ante-projeto-que-autoriza-a-pratica-de-telessaude-no-municipio\/"},"author":{"name":"Reda\u00e7\u00e3o TV Litoral","@id":"https:\/\/redelitoralrs.com\/#\/schema\/person\/9f8181f2a7359dd3986f05ebaf5bd68a"},"headline":"Legislativo de Imb\u00e9 aprova ante-projeto que autoriza a pr\u00e1tica de telessa\u00fade no mun\u00edcipio","datePublished":"2024-02-21T17:56:18+00:00","mainEntityOfPage":{"@id":"https:\/\/redelitoralrs.com\/index.php\/2024\/02\/21\/legislativo-de-imbe-aprova-ante-projeto-que-autoriza-a-pratica-de-telessaude-no-municipio\/"},"wordCount":605,"commentCount":0,"publisher":{"@id":"https:\/\/redelitoralrs.com\/#organization"},"image":{"@id":"https:\/\/redelitoralrs.com\/index.php\/2024\/02\/21\/legislativo-de-imbe-aprova-ante-projeto-que-autoriza-a-pratica-de-telessaude-no-municipio\/#primaryimage"},"thumbnailUrl":"https:\/\/redelitoralrs.com\/wp-content\/uploads\/2024\/02\/camara-imbe-20.jpg","articleSection":["\u00daltimas not\u00edcias"],"inLanguage":"pt-BR","potentialAction":[{"@type":"CommentAction","name":"Comment","target":["https:\/\/redelitoralrs.com\/index.php\/2024\/02\/21\/legislativo-de-imbe-aprova-ante-projeto-que-autoriza-a-pratica-de-telessaude-no-municipio\/#respond"]}]},{"@type":"WebPage","@id":"https:\/\/redelitoralrs.com\/index.php\/2024\/02\/21\/legislativo-de-imbe-aprova-ante-projeto-que-autoriza-a-pratica-de-telessaude-no-municipio\/","url":"https:\/\/redelitoralrs.com\/index.php\/2024\/02\/21\/legislativo-de-imbe-aprova-ante-projeto-que-autoriza-a-pratica-de-telessaude-no-municipio\/","name":"Legislativo de Imb\u00e9 aprova ante-projeto que autoriza a pr\u00e1tica de telessa\u00fade no mun\u00edcipio - Rede Litoral RS","isPartOf":{"@id":"https:\/\/redelitoralrs.com\/#website"},"primaryImageOfPage":{"@id":"https:\/\/redelitoralrs.com\/index.php\/2024\/02\/21\/legislativo-de-imbe-aprova-ante-projeto-que-autoriza-a-pratica-de-telessaude-no-municipio\/#primaryimage"},"image":{"@id":"https:\/\/redelitoralrs.com\/index.php\/2024\/02\/21\/legislativo-de-imbe-aprova-ante-projeto-que-autoriza-a-pratica-de-telessaude-no-municipio\/#primaryimage"},"thumbnailUrl":"https:\/\/redelitoralrs.com\/wp-content\/uploads\/2024\/02\/camara-imbe-20.jpg","datePublished":"2024-02-21T17:56:18+00:00","breadcrumb":{"@id":"https:\/\/redelitoralrs.com\/index.php\/2024\/02\/21\/legislativo-de-imbe-aprova-ante-projeto-que-autoriza-a-pratica-de-telessaude-no-municipio\/#breadcrumb"},"inLanguage":"pt-BR","potentialAction":[{"@type":"ReadAction","target":["https:\/\/redelitoralrs.com\/index.php\/2024\/02\/21\/legislativo-de-imbe-aprova-ante-projeto-que-autoriza-a-pratica-de-telessaude-no-municipio\/"]}]},{"@type":"ImageObject","inLanguage":"pt-BR","@id":"https:\/\/redelitoralrs.com\/index.php\/2024\/02\/21\/legislativo-de-imbe-aprova-ante-projeto-que-autoriza-a-pratica-de-telessaude-no-municipio\/#primaryimage","url":"https:\/\/redelitoralrs.com\/wp-content\/uploads\/2024\/02\/camara-imbe-20.jpg","contentUrl":"https:\/\/redelitoralrs.com\/wp-content\/uploads\/2024\/02\/camara-imbe-20.jpg","width":900,"height":506},{"@type":"BreadcrumbList","@id":"https:\/\/redelitoralrs.com\/index.php\/2024\/02\/21\/legislativo-de-imbe-aprova-ante-projeto-que-autoriza-a-pratica-de-telessaude-no-municipio\/#breadcrumb","itemListElement":[{"@type":"ListItem","position":1,"name":"In\u00edcio","item":"https:\/\/redelitoralrs.com\/"},{"@type":"ListItem","position":2,"name":"Legislativo de Imb\u00e9 aprova ante-projeto que autoriza a pr\u00e1tica de telessa\u00fade no mun\u00edcipio"}]},{"@type":"WebSite","@id":"https:\/\/redelitoralrs.com\/#website","url":"https:\/\/redelitoralrs.com\/","name":"TV Litoral","description":"Acompanhe tudo do litoral ga\u00facho com a cobertura completa e atualizada da Rede Litoral RS. Nossos jornalistas trazem as \u00faltimas not\u00edcias, os acontecimentos mais quentes e as hist\u00f3rias que importam sobre nosso amado litoral.","publisher":{"@id":"https:\/\/redelitoralrs.com\/#organization"},"potentialAction":[{"@type":"SearchAction","target":{"@type":"EntryPoint","urlTemplate":"https:\/\/redelitoralrs.com\/?s={search_term_string}"},"query-input":{"@type":"PropertyValueSpecification","valueRequired":true,"valueName":"search_term_string"}}],"inLanguage":"pt-BR"},{"@type":"Organization","@id":"https:\/\/redelitoralrs.com\/#organization","name":"TV Litoral","url":"https:\/\/redelitoralrs.com\/","logo":{"@type":"ImageObject","inLanguage":"pt-BR","@id":"https:\/\/redelitoralrs.com\/#\/schema\/logo\/image\/","url":"https:\/\/redelitoralrs.com\/wp-content\/uploads\/2024\/01\/faviconicon-1-1.png","contentUrl":"https:\/\/redelitoralrs.com\/wp-content\/uploads\/2024\/01\/faviconicon-1-1.png","width":454,"height":454,"caption":"TV Litoral"},"image":{"@id":"https:\/\/redelitoralrs.com\/#\/schema\/logo\/image\/"},"sameAs":["https:\/\/www.facebook.com\/tvlitoralrsoficial","https:\/\/www.instagram.com\/tvlitoral.rs"]},{"@type":"Person","@id":"https:\/\/redelitoralrs.com\/#\/schema\/person\/9f8181f2a7359dd3986f05ebaf5bd68a","name":"Reda\u00e7\u00e3o TV Litoral","image":{"@type":"ImageObject","inLanguage":"pt-BR","@id":"https:\/\/redelitoralrs.com\/wp-content\/litespeed\/avatar\/779aafbb45e66c7f82733e21abb48259.jpg?ver=1776956734","url":"https:\/\/redelitoralrs.com\/wp-content\/litespeed\/avatar\/779aafbb45e66c7f82733e21abb48259.jpg?ver=1776956734","contentUrl":"https:\/\/redelitoralrs.com\/wp-content\/litespeed\/avatar\/779aafbb45e66c7f82733e21abb48259.jpg?ver=1776956734","caption":"Reda\u00e7\u00e3o TV Litoral"},"description":"A Rede Litoral de Comunica\u00e7\u00e3o \u00e9 um grupo de m\u00eddia multiplataforma do Litoral Norte do RS. Com atua\u00e7\u00e3o em TV, r\u00e1dio, portal e redes sociais, levamos informa\u00e7\u00e3o, conte\u00fado e entretenimento \u00e0 comunidade, fortalecendo a comunica\u00e7\u00e3o local e impulsionando o desenvolvimento regional. Acompanhe atrav\u00e9s de @redelitoralrs.","sameAs":["https:\/\/redelitoralrs.com","https:\/\/www.instagram.com\/redelitoralrs","https:\/\/www.youtube.com\/@redelitoralrs"],"url":"https:\/\/redelitoralrs.com\/index.php\/author\/redacaotvlitoral\/"}]}},"_links":{"self":[{"href":"https:\/\/redelitoralrs.com\/index.php\/wp-json\/wp\/v2\/posts\/772","targetHints":{"allow":["GET"]}}],"collection":[{"href":"https:\/\/redelitoralrs.com\/index.php\/wp-json\/wp\/v2\/posts"}],"about":[{"href":"https:\/\/redelitoralrs.com\/index.php\/wp-json\/wp\/v2\/types\/post"}],"author":[{"embeddable":true,"href":"https:\/\/redelitoralrs.com\/index.php\/wp-json\/wp\/v2\/users\/2"}],"replies":[{"embeddable":true,"href":"https:\/\/redelitoralrs.com\/index.php\/wp-json\/wp\/v2\/comments?post=772"}],"version-history":[{"count":1,"href":"https:\/\/redelitoralrs.com\/index.php\/wp-json\/wp\/v2\/posts\/772\/revisions"}],"predecessor-version":[{"id":774,"href":"https:\/\/redelitoralrs.com\/index.php\/wp-json\/wp\/v2\/posts\/772\/revisions\/774"}],"wp:featuredmedia":[{"embeddable":true,"href":"https:\/\/redelitoralrs.com\/index.php\/wp-json\/wp\/v2\/media\/773"}],"wp:attachment":[{"href":"https:\/\/redelitoralrs.com\/index.php\/wp-json\/wp\/v2\/media?parent=772"}],"wp:term":[{"taxonomy":"category","embeddable":true,"href":"https:\/\/redelitoralrs.com\/index.php\/wp-json\/wp\/v2\/categories?post=772"},{"taxonomy":"post_tag","embeddable":true,"href":"https:\/\/redelitoralrs.com\/index.php\/wp-json\/wp\/v2\/tags?post=772"}],"curies":[{"name":"wp","href":"https:\/\/api.w.org\/{rel}","templated":true}]}}