{"id":766,"date":"2024-02-21T08:37:52","date_gmt":"2024-02-21T11:37:52","guid":{"rendered":"https:\/\/redelitoralrs.com\/?p=766"},"modified":"2024-02-21T08:37:52","modified_gmt":"2024-02-21T11:37:52","slug":"quatro-meses-apos-desabamento-futuro-da-plataforma-de-atlantida-segue-indefinido","status":"publish","type":"post","link":"https:\/\/redelitoralrs.com\/index.php\/2024\/02\/21\/quatro-meses-apos-desabamento-futuro-da-plataforma-de-atlantida-segue-indefinido\/","title":{"rendered":"Quatro meses ap\u00f3s desabamento, futuro da Plataforma de Atl\u00e2ntida segue indefinido"},"content":{"rendered":"\n<p>O futuro da Plataforma de Atl\u00e2ntida segue indefinido. O acesso permanece interditado quatro meses ap\u00f3s o desabamento de parte da estrutura, em outubro do ano passado. Uma a\u00e7\u00e3o civil p\u00fablica est\u00e1 em andamento para regularizar a situa\u00e7\u00e3o jur\u00eddica da plataforma. Uma audi\u00eancia conciliat\u00f3ria est\u00e1 marcada para o dia 26 de fevereiro.<\/p>\n\n\n\n<p>A a\u00e7\u00e3o civil p\u00fablica foi ajuizada pelo Minist\u00e9rio P\u00fablico Federal (MPF) em face da Uni\u00e3o, do munic\u00edpio de Xangri-l\u00e1, e da Associa\u00e7\u00e3o dos Usu\u00e1rios da Plataforma Mar\u00edtima da Atl\u00e2ntida (Asuplama), ap\u00f3s o desabamento. A a\u00e7\u00e3o segue em andamento na 1\u00aa Vara Federal de Cap\u00e3o da Canoa. O MPF busca, al\u00e9m da regulariza\u00e7\u00e3o jur\u00eddica da estrutura, a defini\u00e7\u00e3o de responsabilidades pela conserva\u00e7\u00e3o e restaura\u00e7\u00e3o do local, a fim de permitir a utiliza\u00e7\u00e3o do espa\u00e7o de forma segura. Caso a situa\u00e7\u00e3o n\u00e3o seja resolvida e n\u00e3o exista interesse das partes ou n\u00e3o haja viabilidade de manuten\u00e7\u00e3o segura da plataforma, o MPF tamb\u00e9m sugere a demoli\u00e7\u00e3o.<\/p>\n\n\n\n<p>Conforme o presidente da Asuplama, Jos\u00e9 Lu\u00eds Rodrigues Rabadan, a associa\u00e7\u00e3o n\u00e3o tem condi\u00e7\u00f5es de aportar recursos para a recupera\u00e7\u00e3o da plataforma.<\/p>\n\n\n\n<p>\u2014&nbsp;<strong>A associa\u00e7\u00e3o praticamente morreu.<\/strong>&nbsp;Ela dependia das visitas, dos associados. E n\u00f3s perdemos praticamente 90% dos nossos associados de dezembro pra c\u00e1. As pessoas deixaram de pagar, j\u00e1 que n\u00e3o podem usufruir \u2014 afirma Rabadan.<\/p>\n\n\n\n<p>Tr\u00eas dos seis funcion\u00e1rios da associa\u00e7\u00e3o foram desligados e h\u00e1 a perspectiva de mais demiss\u00f5es. De acordo com Rabadan, a associa\u00e7\u00e3o n\u00e3o tem recursos para efetuar os desligamentos.&nbsp;<strong>O presidente garante que a associa\u00e7\u00e3o quer seguir gerindo a estrutura, mas precisa de aportes financeiros para realizar os reparos.<\/strong><\/p>\n\n\n\n<p>\u2014 A nossa expectativa \u00e9 de que o munic\u00edpio entenda e concorde que a gente possa ficar tocando a plataforma durante o per\u00edodo que seja necess\u00e1rio para fazer as reformas de recupera\u00e7\u00e3o. No nosso ver, aquilo ali tem solu\u00e7\u00e3o e n\u00e3o \u00e9 algo t\u00e3o complicado de fazer \u2014 diz Rabadan.<\/p>\n\n\n\n<p><strong>A prefeitura de Xangri-l\u00e1 demonstra interesse em assumir e reformar a plataforma, desde que sejam cumpridas algumas condi\u00e7\u00f5es.<\/strong><\/p>\n\n\n\n<p>\u2014 Para o munic\u00edpio assumir a plataforma, ela tem que ter condi\u00e7\u00f5es de reforma. A iniciativa privada tem interesse de assumir. Ela estando em condi\u00e7\u00f5es, vamos depender da ced\u00eancia formal da Uni\u00e3o. S\u00e3o duas condi\u00e7\u00f5es que temos que ter: um laudo apontando as condi\u00e7\u00f5es da plataforma e a ced\u00eancia formal da Uni\u00e3o, nos dando o direito de assumir a plataforma. A partir da\u00ed, vamos ver para licitar para a iniciativa privada, uma concess\u00e3o, enfim, ver o que vamos fazer \u2014 explica o procurador-geral de Xangri-l\u00e1, Thiago Vargas Serra.<\/p>\n\n\n\n<p>De acordo com a prefeitura, a condi\u00e7\u00e3o da estrutura ser\u00e1 atestada a partir de um laudo a ser elaborado pelo Laborat\u00f3rio de Ensaios de Modelos Estruturais (Leme) da Universidade Federal do Rio Grande do Sul (UFRGS). A decis\u00e3o foi tomada em reuni\u00e3o ainda em outubro, na sede da Procuradoria da Rep\u00fablica em Porto Alegre, com a participa\u00e7\u00e3o da prefeitura, da Asuplama, do MPF, da Advocacia-Geral da Uni\u00e3o (AGU), Funda\u00e7\u00e3o Estadual de Prote\u00e7\u00e3o Ambiental (Fepam) e Marinha do Brasil. Apenas a partir desse laudo \u00e9 que a administra\u00e7\u00e3o municipal tomar\u00e1 uma posi\u00e7\u00e3o formal sobre a plataforma.<\/p>\n\n\n\n<p>A reportagem tentou contato com a Secretaria de Patrim\u00f4nio da Uni\u00e3o por e-mail, mas n\u00e3o obteve retorno at\u00e9 o fechamento da reportagem.<\/p>\n\n\n\n<h2 class=\"wp-block-heading\">A plataforma<\/h2>\n\n\n\n<p>A Plataforma de Atl\u00e2ntida foi inaugurada no in\u00edcio da d\u00e9cada de 1970 e \u00e9 considerada principal ponto tur\u00edstico de Xangri-l\u00e1. No total, a estrutura avan\u00e7a 280 metros sobre o mar. De acordo com a Asuplama, a plataforma recebia cerca de 500 visitantes por dia durante a alta temporada. Anualmente, cerca de 30 mil turistas utilizavam o espa\u00e7o, antes do desabamento.&nbsp;<\/p>\n\n\n\n<p>A estrutura era muito utilizada para pesca. Entre as esp\u00e9cias capturadas no local, est\u00e3o o papa-terra, o peixe-rei, corvina e anchova.<\/p>\n\n\n\n<p><strong><em>Fonte: <\/em><\/strong>GZH<\/p>\n","protected":false},"excerpt":{"rendered":"<p>O futuro da Plataforma de Atl\u00e2ntida segue indefinido. O acesso permanece interditado quatro meses ap\u00f3s o desabamento de parte da estrutura, em outubro do ano passado. Uma a\u00e7\u00e3o civil p\u00fablica est\u00e1 em andamento para regularizar a situa\u00e7\u00e3o jur\u00eddica da plataforma. Uma audi\u00eancia conciliat\u00f3ria est\u00e1 marcada para o dia 26 de fevereiro. A a\u00e7\u00e3o civil p\u00fablica [&hellip;]<\/p>\n","protected":false},"author":2,"featured_media":767,"comment_status":"open","ping_status":"open","sticky":false,"template":"","format":"standard","meta":{"_themeisle_gutenberg_block_has_review":false,"footnotes":""},"categories":[15],"tags":[],"class_list":["post-766","post","type-post","status-publish","format-standard","has-post-thumbnail","hentry","category-noticias"],"yoast_head":"<!-- This site is optimized with the Yoast SEO plugin v27.4 - https:\/\/yoast.com\/product\/yoast-seo-wordpress\/ -->\n<title>Quatro meses ap\u00f3s desabamento, futuro da Plataforma de Atl\u00e2ntida segue indefinido - Rede Litoral RS<\/title>\n<meta name=\"robots\" content=\"index, follow, max-snippet:-1, max-image-preview:large, max-video-preview:-1\" \/>\n<link rel=\"canonical\" href=\"https:\/\/redelitoralrs.com\/index.php\/2024\/02\/21\/quatro-meses-apos-desabamento-futuro-da-plataforma-de-atlantida-segue-indefinido\/\" \/>\n<meta property=\"og:locale\" content=\"pt_BR\" \/>\n<meta property=\"og:type\" content=\"article\" \/>\n<meta property=\"og:title\" content=\"Quatro meses ap\u00f3s desabamento, futuro da Plataforma de Atl\u00e2ntida segue indefinido - Rede Litoral RS\" \/>\n<meta property=\"og:description\" content=\"O futuro da Plataforma de Atl\u00e2ntida segue indefinido. O acesso permanece interditado quatro meses ap\u00f3s o desabamento de parte da estrutura, em outubro do ano passado. Uma a\u00e7\u00e3o civil p\u00fablica est\u00e1 em andamento para regularizar a situa\u00e7\u00e3o jur\u00eddica da plataforma. Uma audi\u00eancia conciliat\u00f3ria est\u00e1 marcada para o dia 26 de fevereiro. A a\u00e7\u00e3o civil p\u00fablica [&hellip;]\" \/>\n<meta property=\"og:url\" content=\"https:\/\/redelitoralrs.com\/index.php\/2024\/02\/21\/quatro-meses-apos-desabamento-futuro-da-plataforma-de-atlantida-segue-indefinido\/\" \/>\n<meta property=\"og:site_name\" content=\"Rede Litoral RS\" \/>\n<meta property=\"article:publisher\" content=\"https:\/\/www.facebook.com\/tvlitoralrsoficial\" \/>\n<meta property=\"article:published_time\" content=\"2024-02-21T11:37:52+00:00\" \/>\n<meta property=\"og:image\" content=\"https:\/\/redelitoralrs.com\/wp-content\/uploads\/2024\/02\/litoral-6.webp\" \/>\n\t<meta property=\"og:image:width\" content=\"700\" \/>\n\t<meta property=\"og:image:height\" content=\"466\" \/>\n\t<meta property=\"og:image:type\" content=\"image\/webp\" \/>\n<meta name=\"author\" content=\"Reda\u00e7\u00e3o TV Litoral\" \/>\n<meta name=\"twitter:card\" content=\"summary_large_image\" \/>\n<meta name=\"twitter:label1\" content=\"Escrito por\" \/>\n\t<meta name=\"twitter:data1\" content=\"Reda\u00e7\u00e3o TV Litoral\" \/>\n\t<meta name=\"twitter:label2\" content=\"Est. tempo de leitura\" \/>\n\t<meta name=\"twitter:data2\" content=\"3 minutos\" \/>\n<script type=\"application\/ld+json\" class=\"yoast-schema-graph\">{\"@context\":\"https:\\\/\\\/schema.org\",\"@graph\":[{\"@type\":\"Article\",\"@id\":\"https:\\\/\\\/redelitoralrs.com\\\/index.php\\\/2024\\\/02\\\/21\\\/quatro-meses-apos-desabamento-futuro-da-plataforma-de-atlantida-segue-indefinido\\\/#article\",\"isPartOf\":{\"@id\":\"https:\\\/\\\/redelitoralrs.com\\\/index.php\\\/2024\\\/02\\\/21\\\/quatro-meses-apos-desabamento-futuro-da-plataforma-de-atlantida-segue-indefinido\\\/\"},\"author\":{\"name\":\"Reda\u00e7\u00e3o TV Litoral\",\"@id\":\"https:\\\/\\\/redelitoralrs.com\\\/#\\\/schema\\\/person\\\/9f8181f2a7359dd3986f05ebaf5bd68a\"},\"headline\":\"Quatro meses ap\u00f3s desabamento, futuro da Plataforma de Atl\u00e2ntida segue indefinido\",\"datePublished\":\"2024-02-21T11:37:52+00:00\",\"mainEntityOfPage\":{\"@id\":\"https:\\\/\\\/redelitoralrs.com\\\/index.php\\\/2024\\\/02\\\/21\\\/quatro-meses-apos-desabamento-futuro-da-plataforma-de-atlantida-segue-indefinido\\\/\"},\"wordCount\":710,\"commentCount\":0,\"publisher\":{\"@id\":\"https:\\\/\\\/redelitoralrs.com\\\/#organization\"},\"image\":{\"@id\":\"https:\\\/\\\/redelitoralrs.com\\\/index.php\\\/2024\\\/02\\\/21\\\/quatro-meses-apos-desabamento-futuro-da-plataforma-de-atlantida-segue-indefinido\\\/#primaryimage\"},\"thumbnailUrl\":\"https:\\\/\\\/redelitoralrs.com\\\/wp-content\\\/uploads\\\/2024\\\/02\\\/litoral-6.webp\",\"articleSection\":[\"\u00daltimas not\u00edcias\"],\"inLanguage\":\"pt-BR\",\"potentialAction\":[{\"@type\":\"CommentAction\",\"name\":\"Comment\",\"target\":[\"https:\\\/\\\/redelitoralrs.com\\\/index.php\\\/2024\\\/02\\\/21\\\/quatro-meses-apos-desabamento-futuro-da-plataforma-de-atlantida-segue-indefinido\\\/#respond\"]}]},{\"@type\":\"WebPage\",\"@id\":\"https:\\\/\\\/redelitoralrs.com\\\/index.php\\\/2024\\\/02\\\/21\\\/quatro-meses-apos-desabamento-futuro-da-plataforma-de-atlantida-segue-indefinido\\\/\",\"url\":\"https:\\\/\\\/redelitoralrs.com\\\/index.php\\\/2024\\\/02\\\/21\\\/quatro-meses-apos-desabamento-futuro-da-plataforma-de-atlantida-segue-indefinido\\\/\",\"name\":\"Quatro meses ap\u00f3s desabamento, futuro da Plataforma de Atl\u00e2ntida segue indefinido - Rede Litoral RS\",\"isPartOf\":{\"@id\":\"https:\\\/\\\/redelitoralrs.com\\\/#website\"},\"primaryImageOfPage\":{\"@id\":\"https:\\\/\\\/redelitoralrs.com\\\/index.php\\\/2024\\\/02\\\/21\\\/quatro-meses-apos-desabamento-futuro-da-plataforma-de-atlantida-segue-indefinido\\\/#primaryimage\"},\"image\":{\"@id\":\"https:\\\/\\\/redelitoralrs.com\\\/index.php\\\/2024\\\/02\\\/21\\\/quatro-meses-apos-desabamento-futuro-da-plataforma-de-atlantida-segue-indefinido\\\/#primaryimage\"},\"thumbnailUrl\":\"https:\\\/\\\/redelitoralrs.com\\\/wp-content\\\/uploads\\\/2024\\\/02\\\/litoral-6.webp\",\"datePublished\":\"2024-02-21T11:37:52+00:00\",\"breadcrumb\":{\"@id\":\"https:\\\/\\\/redelitoralrs.com\\\/index.php\\\/2024\\\/02\\\/21\\\/quatro-meses-apos-desabamento-futuro-da-plataforma-de-atlantida-segue-indefinido\\\/#breadcrumb\"},\"inLanguage\":\"pt-BR\",\"potentialAction\":[{\"@type\":\"ReadAction\",\"target\":[\"https:\\\/\\\/redelitoralrs.com\\\/index.php\\\/2024\\\/02\\\/21\\\/quatro-meses-apos-desabamento-futuro-da-plataforma-de-atlantida-segue-indefinido\\\/\"]}]},{\"@type\":\"ImageObject\",\"inLanguage\":\"pt-BR\",\"@id\":\"https:\\\/\\\/redelitoralrs.com\\\/index.php\\\/2024\\\/02\\\/21\\\/quatro-meses-apos-desabamento-futuro-da-plataforma-de-atlantida-segue-indefinido\\\/#primaryimage\",\"url\":\"https:\\\/\\\/redelitoralrs.com\\\/wp-content\\\/uploads\\\/2024\\\/02\\\/litoral-6.webp\",\"contentUrl\":\"https:\\\/\\\/redelitoralrs.com\\\/wp-content\\\/uploads\\\/2024\\\/02\\\/litoral-6.webp\",\"width\":700,\"height\":466},{\"@type\":\"BreadcrumbList\",\"@id\":\"https:\\\/\\\/redelitoralrs.com\\\/index.php\\\/2024\\\/02\\\/21\\\/quatro-meses-apos-desabamento-futuro-da-plataforma-de-atlantida-segue-indefinido\\\/#breadcrumb\",\"itemListElement\":[{\"@type\":\"ListItem\",\"position\":1,\"name\":\"In\u00edcio\",\"item\":\"https:\\\/\\\/redelitoralrs.com\\\/\"},{\"@type\":\"ListItem\",\"position\":2,\"name\":\"Quatro meses ap\u00f3s desabamento, futuro da Plataforma de Atl\u00e2ntida segue indefinido\"}]},{\"@type\":\"WebSite\",\"@id\":\"https:\\\/\\\/redelitoralrs.com\\\/#website\",\"url\":\"https:\\\/\\\/redelitoralrs.com\\\/\",\"name\":\"TV Litoral\",\"description\":\"Acompanhe tudo do litoral ga\u00facho com a cobertura completa e atualizada da Rede Litoral RS. Nossos jornalistas trazem as \u00faltimas not\u00edcias, os acontecimentos mais quentes e as hist\u00f3rias que importam sobre nosso amado litoral.\",\"publisher\":{\"@id\":\"https:\\\/\\\/redelitoralrs.com\\\/#organization\"},\"potentialAction\":[{\"@type\":\"SearchAction\",\"target\":{\"@type\":\"EntryPoint\",\"urlTemplate\":\"https:\\\/\\\/redelitoralrs.com\\\/?s={search_term_string}\"},\"query-input\":{\"@type\":\"PropertyValueSpecification\",\"valueRequired\":true,\"valueName\":\"search_term_string\"}}],\"inLanguage\":\"pt-BR\"},{\"@type\":\"Organization\",\"@id\":\"https:\\\/\\\/redelitoralrs.com\\\/#organization\",\"name\":\"TV Litoral\",\"url\":\"https:\\\/\\\/redelitoralrs.com\\\/\",\"logo\":{\"@type\":\"ImageObject\",\"inLanguage\":\"pt-BR\",\"@id\":\"https:\\\/\\\/redelitoralrs.com\\\/#\\\/schema\\\/logo\\\/image\\\/\",\"url\":\"https:\\\/\\\/redelitoralrs.com\\\/wp-content\\\/uploads\\\/2024\\\/01\\\/faviconicon-1-1.png\",\"contentUrl\":\"https:\\\/\\\/redelitoralrs.com\\\/wp-content\\\/uploads\\\/2024\\\/01\\\/faviconicon-1-1.png\",\"width\":454,\"height\":454,\"caption\":\"TV Litoral\"},\"image\":{\"@id\":\"https:\\\/\\\/redelitoralrs.com\\\/#\\\/schema\\\/logo\\\/image\\\/\"},\"sameAs\":[\"https:\\\/\\\/www.facebook.com\\\/tvlitoralrsoficial\",\"https:\\\/\\\/www.instagram.com\\\/tvlitoral.rs\"]},{\"@type\":\"Person\",\"@id\":\"https:\\\/\\\/redelitoralrs.com\\\/#\\\/schema\\\/person\\\/9f8181f2a7359dd3986f05ebaf5bd68a\",\"name\":\"Reda\u00e7\u00e3o TV Litoral\",\"image\":{\"@type\":\"ImageObject\",\"inLanguage\":\"pt-BR\",\"@id\":\"https:\\\/\\\/redelitoralrs.com\\\/wp-content\\\/litespeed\\\/avatar\\\/779aafbb45e66c7f82733e21abb48259.jpg?ver=1776956734\",\"url\":\"https:\\\/\\\/redelitoralrs.com\\\/wp-content\\\/litespeed\\\/avatar\\\/779aafbb45e66c7f82733e21abb48259.jpg?ver=1776956734\",\"contentUrl\":\"https:\\\/\\\/redelitoralrs.com\\\/wp-content\\\/litespeed\\\/avatar\\\/779aafbb45e66c7f82733e21abb48259.jpg?ver=1776956734\",\"caption\":\"Reda\u00e7\u00e3o TV Litoral\"},\"description\":\"A Rede Litoral de Comunica\u00e7\u00e3o \u00e9 um grupo de m\u00eddia multiplataforma do Litoral Norte do RS. Com atua\u00e7\u00e3o em TV, r\u00e1dio, portal e redes sociais, levamos informa\u00e7\u00e3o, conte\u00fado e entretenimento \u00e0 comunidade, fortalecendo a comunica\u00e7\u00e3o local e impulsionando o desenvolvimento regional. Acompanhe atrav\u00e9s de @redelitoralrs.\",\"sameAs\":[\"https:\\\/\\\/redelitoralrs.com\",\"https:\\\/\\\/www.instagram.com\\\/redelitoralrs\",\"https:\\\/\\\/www.youtube.com\\\/@redelitoralrs\"],\"url\":\"https:\\\/\\\/redelitoralrs.com\\\/index.php\\\/author\\\/redacaotvlitoral\\\/\"}]}<\/script>\n<!-- \/ Yoast SEO plugin. -->","yoast_head_json":{"title":"Quatro meses ap\u00f3s desabamento, futuro da Plataforma de Atl\u00e2ntida segue indefinido - Rede Litoral RS","robots":{"index":"index","follow":"follow","max-snippet":"max-snippet:-1","max-image-preview":"max-image-preview:large","max-video-preview":"max-video-preview:-1"},"canonical":"https:\/\/redelitoralrs.com\/index.php\/2024\/02\/21\/quatro-meses-apos-desabamento-futuro-da-plataforma-de-atlantida-segue-indefinido\/","og_locale":"pt_BR","og_type":"article","og_title":"Quatro meses ap\u00f3s desabamento, futuro da Plataforma de Atl\u00e2ntida segue indefinido - Rede Litoral RS","og_description":"O futuro da Plataforma de Atl\u00e2ntida segue indefinido. O acesso permanece interditado quatro meses ap\u00f3s o desabamento de parte da estrutura, em outubro do ano passado. Uma a\u00e7\u00e3o civil p\u00fablica est\u00e1 em andamento para regularizar a situa\u00e7\u00e3o jur\u00eddica da plataforma. Uma audi\u00eancia conciliat\u00f3ria est\u00e1 marcada para o dia 26 de fevereiro. A a\u00e7\u00e3o civil p\u00fablica [&hellip;]","og_url":"https:\/\/redelitoralrs.com\/index.php\/2024\/02\/21\/quatro-meses-apos-desabamento-futuro-da-plataforma-de-atlantida-segue-indefinido\/","og_site_name":"Rede Litoral RS","article_publisher":"https:\/\/www.facebook.com\/tvlitoralrsoficial","article_published_time":"2024-02-21T11:37:52+00:00","og_image":[{"width":700,"height":466,"url":"https:\/\/redelitoralrs.com\/wp-content\/uploads\/2024\/02\/litoral-6.webp","type":"image\/webp"}],"author":"Reda\u00e7\u00e3o TV Litoral","twitter_card":"summary_large_image","twitter_misc":{"Escrito por":"Reda\u00e7\u00e3o TV Litoral","Est. tempo de leitura":"3 minutos"},"schema":{"@context":"https:\/\/schema.org","@graph":[{"@type":"Article","@id":"https:\/\/redelitoralrs.com\/index.php\/2024\/02\/21\/quatro-meses-apos-desabamento-futuro-da-plataforma-de-atlantida-segue-indefinido\/#article","isPartOf":{"@id":"https:\/\/redelitoralrs.com\/index.php\/2024\/02\/21\/quatro-meses-apos-desabamento-futuro-da-plataforma-de-atlantida-segue-indefinido\/"},"author":{"name":"Reda\u00e7\u00e3o TV Litoral","@id":"https:\/\/redelitoralrs.com\/#\/schema\/person\/9f8181f2a7359dd3986f05ebaf5bd68a"},"headline":"Quatro meses ap\u00f3s desabamento, futuro da Plataforma de Atl\u00e2ntida segue indefinido","datePublished":"2024-02-21T11:37:52+00:00","mainEntityOfPage":{"@id":"https:\/\/redelitoralrs.com\/index.php\/2024\/02\/21\/quatro-meses-apos-desabamento-futuro-da-plataforma-de-atlantida-segue-indefinido\/"},"wordCount":710,"commentCount":0,"publisher":{"@id":"https:\/\/redelitoralrs.com\/#organization"},"image":{"@id":"https:\/\/redelitoralrs.com\/index.php\/2024\/02\/21\/quatro-meses-apos-desabamento-futuro-da-plataforma-de-atlantida-segue-indefinido\/#primaryimage"},"thumbnailUrl":"https:\/\/redelitoralrs.com\/wp-content\/uploads\/2024\/02\/litoral-6.webp","articleSection":["\u00daltimas not\u00edcias"],"inLanguage":"pt-BR","potentialAction":[{"@type":"CommentAction","name":"Comment","target":["https:\/\/redelitoralrs.com\/index.php\/2024\/02\/21\/quatro-meses-apos-desabamento-futuro-da-plataforma-de-atlantida-segue-indefinido\/#respond"]}]},{"@type":"WebPage","@id":"https:\/\/redelitoralrs.com\/index.php\/2024\/02\/21\/quatro-meses-apos-desabamento-futuro-da-plataforma-de-atlantida-segue-indefinido\/","url":"https:\/\/redelitoralrs.com\/index.php\/2024\/02\/21\/quatro-meses-apos-desabamento-futuro-da-plataforma-de-atlantida-segue-indefinido\/","name":"Quatro meses ap\u00f3s desabamento, futuro da Plataforma de Atl\u00e2ntida segue indefinido - Rede Litoral RS","isPartOf":{"@id":"https:\/\/redelitoralrs.com\/#website"},"primaryImageOfPage":{"@id":"https:\/\/redelitoralrs.com\/index.php\/2024\/02\/21\/quatro-meses-apos-desabamento-futuro-da-plataforma-de-atlantida-segue-indefinido\/#primaryimage"},"image":{"@id":"https:\/\/redelitoralrs.com\/index.php\/2024\/02\/21\/quatro-meses-apos-desabamento-futuro-da-plataforma-de-atlantida-segue-indefinido\/#primaryimage"},"thumbnailUrl":"https:\/\/redelitoralrs.com\/wp-content\/uploads\/2024\/02\/litoral-6.webp","datePublished":"2024-02-21T11:37:52+00:00","breadcrumb":{"@id":"https:\/\/redelitoralrs.com\/index.php\/2024\/02\/21\/quatro-meses-apos-desabamento-futuro-da-plataforma-de-atlantida-segue-indefinido\/#breadcrumb"},"inLanguage":"pt-BR","potentialAction":[{"@type":"ReadAction","target":["https:\/\/redelitoralrs.com\/index.php\/2024\/02\/21\/quatro-meses-apos-desabamento-futuro-da-plataforma-de-atlantida-segue-indefinido\/"]}]},{"@type":"ImageObject","inLanguage":"pt-BR","@id":"https:\/\/redelitoralrs.com\/index.php\/2024\/02\/21\/quatro-meses-apos-desabamento-futuro-da-plataforma-de-atlantida-segue-indefinido\/#primaryimage","url":"https:\/\/redelitoralrs.com\/wp-content\/uploads\/2024\/02\/litoral-6.webp","contentUrl":"https:\/\/redelitoralrs.com\/wp-content\/uploads\/2024\/02\/litoral-6.webp","width":700,"height":466},{"@type":"BreadcrumbList","@id":"https:\/\/redelitoralrs.com\/index.php\/2024\/02\/21\/quatro-meses-apos-desabamento-futuro-da-plataforma-de-atlantida-segue-indefinido\/#breadcrumb","itemListElement":[{"@type":"ListItem","position":1,"name":"In\u00edcio","item":"https:\/\/redelitoralrs.com\/"},{"@type":"ListItem","position":2,"name":"Quatro meses ap\u00f3s desabamento, futuro da Plataforma de Atl\u00e2ntida segue indefinido"}]},{"@type":"WebSite","@id":"https:\/\/redelitoralrs.com\/#website","url":"https:\/\/redelitoralrs.com\/","name":"TV Litoral","description":"Acompanhe tudo do litoral ga\u00facho com a cobertura completa e atualizada da Rede Litoral RS. Nossos jornalistas trazem as \u00faltimas not\u00edcias, os acontecimentos mais quentes e as hist\u00f3rias que importam sobre nosso amado litoral.","publisher":{"@id":"https:\/\/redelitoralrs.com\/#organization"},"potentialAction":[{"@type":"SearchAction","target":{"@type":"EntryPoint","urlTemplate":"https:\/\/redelitoralrs.com\/?s={search_term_string}"},"query-input":{"@type":"PropertyValueSpecification","valueRequired":true,"valueName":"search_term_string"}}],"inLanguage":"pt-BR"},{"@type":"Organization","@id":"https:\/\/redelitoralrs.com\/#organization","name":"TV Litoral","url":"https:\/\/redelitoralrs.com\/","logo":{"@type":"ImageObject","inLanguage":"pt-BR","@id":"https:\/\/redelitoralrs.com\/#\/schema\/logo\/image\/","url":"https:\/\/redelitoralrs.com\/wp-content\/uploads\/2024\/01\/faviconicon-1-1.png","contentUrl":"https:\/\/redelitoralrs.com\/wp-content\/uploads\/2024\/01\/faviconicon-1-1.png","width":454,"height":454,"caption":"TV Litoral"},"image":{"@id":"https:\/\/redelitoralrs.com\/#\/schema\/logo\/image\/"},"sameAs":["https:\/\/www.facebook.com\/tvlitoralrsoficial","https:\/\/www.instagram.com\/tvlitoral.rs"]},{"@type":"Person","@id":"https:\/\/redelitoralrs.com\/#\/schema\/person\/9f8181f2a7359dd3986f05ebaf5bd68a","name":"Reda\u00e7\u00e3o TV Litoral","image":{"@type":"ImageObject","inLanguage":"pt-BR","@id":"https:\/\/redelitoralrs.com\/wp-content\/litespeed\/avatar\/779aafbb45e66c7f82733e21abb48259.jpg?ver=1776956734","url":"https:\/\/redelitoralrs.com\/wp-content\/litespeed\/avatar\/779aafbb45e66c7f82733e21abb48259.jpg?ver=1776956734","contentUrl":"https:\/\/redelitoralrs.com\/wp-content\/litespeed\/avatar\/779aafbb45e66c7f82733e21abb48259.jpg?ver=1776956734","caption":"Reda\u00e7\u00e3o TV Litoral"},"description":"A Rede Litoral de Comunica\u00e7\u00e3o \u00e9 um grupo de m\u00eddia multiplataforma do Litoral Norte do RS. Com atua\u00e7\u00e3o em TV, r\u00e1dio, portal e redes sociais, levamos informa\u00e7\u00e3o, conte\u00fado e entretenimento \u00e0 comunidade, fortalecendo a comunica\u00e7\u00e3o local e impulsionando o desenvolvimento regional. Acompanhe atrav\u00e9s de @redelitoralrs.","sameAs":["https:\/\/redelitoralrs.com","https:\/\/www.instagram.com\/redelitoralrs","https:\/\/www.youtube.com\/@redelitoralrs"],"url":"https:\/\/redelitoralrs.com\/index.php\/author\/redacaotvlitoral\/"}]}},"_links":{"self":[{"href":"https:\/\/redelitoralrs.com\/index.php\/wp-json\/wp\/v2\/posts\/766","targetHints":{"allow":["GET"]}}],"collection":[{"href":"https:\/\/redelitoralrs.com\/index.php\/wp-json\/wp\/v2\/posts"}],"about":[{"href":"https:\/\/redelitoralrs.com\/index.php\/wp-json\/wp\/v2\/types\/post"}],"author":[{"embeddable":true,"href":"https:\/\/redelitoralrs.com\/index.php\/wp-json\/wp\/v2\/users\/2"}],"replies":[{"embeddable":true,"href":"https:\/\/redelitoralrs.com\/index.php\/wp-json\/wp\/v2\/comments?post=766"}],"version-history":[{"count":1,"href":"https:\/\/redelitoralrs.com\/index.php\/wp-json\/wp\/v2\/posts\/766\/revisions"}],"predecessor-version":[{"id":768,"href":"https:\/\/redelitoralrs.com\/index.php\/wp-json\/wp\/v2\/posts\/766\/revisions\/768"}],"wp:featuredmedia":[{"embeddable":true,"href":"https:\/\/redelitoralrs.com\/index.php\/wp-json\/wp\/v2\/media\/767"}],"wp:attachment":[{"href":"https:\/\/redelitoralrs.com\/index.php\/wp-json\/wp\/v2\/media?parent=766"}],"wp:term":[{"taxonomy":"category","embeddable":true,"href":"https:\/\/redelitoralrs.com\/index.php\/wp-json\/wp\/v2\/categories?post=766"},{"taxonomy":"post_tag","embeddable":true,"href":"https:\/\/redelitoralrs.com\/index.php\/wp-json\/wp\/v2\/tags?post=766"}],"curies":[{"name":"wp","href":"https:\/\/api.w.org\/{rel}","templated":true}]}}