{"id":761,"date":"2024-02-21T08:32:54","date_gmt":"2024-02-21T11:32:54","guid":{"rendered":"https:\/\/redelitoralrs.com\/?p=761"},"modified":"2024-02-21T08:32:54","modified_gmt":"2024-02-21T11:32:54","slug":"conheca-o-cover-de-roberto-carlos-que-faz-sucesso-nas-ruas-de-capao-da-canoa","status":"publish","type":"post","link":"https:\/\/redelitoralrs.com\/index.php\/2024\/02\/21\/conheca-o-cover-de-roberto-carlos-que-faz-sucesso-nas-ruas-de-capao-da-canoa\/","title":{"rendered":"Conhe\u00e7a o cover de Roberto Carlos que faz sucesso nas ruas de Cap\u00e3o da Canoa\u00a0"},"content":{"rendered":"\n<p>O Rei jamais passa despercebido. At\u00e9 por isso que&nbsp;<strong>o aposentado Adonis Anflor tem feito tanto sucesso em Cap\u00e3o da Canoa<\/strong>. Desde o ano passado, ele se apresenta como<strong>&nbsp;cover de Roberto Carlos, o Rei da m\u00fasica brasileira<\/strong>. Mesmo que se diga apenas &#8220;meio parecido&#8221;, as caracter\u00edsticas f\u00edsicas de Adonis lembram e muito o cantor de sucessos como &#8220;Esse Cara Sou Eu&#8221; e &#8220;Amor Sem Limite&#8221;.<\/p>\n\n\n\n<p>O cover faz apresenta\u00e7\u00f5es que juntam dezenas de pessoas na Pra\u00e7a Dr. Jos\u00e9 Agostinelli, o Camel\u00f3dromo de Cap\u00e3o. Adonis batalha para conseguir mais estrutura e ampliar o alcance de suas dublagens.<\/p>\n\n\n\n<p>Nascido em Gravata\u00ed, Adonis n\u00e3o revela a idade. Ele \u00e9 casado h\u00e1 40 anos com Solange Anflor, com quem vive na cidade da Regi\u00e3o Metropolitana.\u00a0Antes de se descobrir como cover, Adonis j\u00e1 fez de tudo: de vendedor a dono de floricultura, minimercado e brech\u00f3. O neg\u00f3cio mais longevo foi uma peixaria, que manteve por 16 anos, sempre em Gravata\u00ed. Agora aposentado, o s\u00f3sia do Rei recebe um sal\u00e1rio m\u00ednimo mensal para se manter com a esposa.<\/p>\n\n\n\n<p>Mas o bom-humor n\u00e3o vem de agora.&nbsp;<strong>Desde crian\u00e7a, Adonis gosta de fazer imita\u00e7\u00f5es para vizinhos e familiares.<\/strong>&nbsp;Nos \u00faltimos anos, o lado bem-humorado foi exposto no&nbsp;<a href=\"https:\/\/www.tiktok.com\/@adonis545_cover\" target=\"_blank\" rel=\"noreferrer noopener\"><strong>Tik Tok<\/strong><\/a>, onde postava v\u00eddeos curtos fazendo as mais diferentes palha\u00e7adas. E foi do Tik Tok que surgiu a ideia de tentar personificar o Rei da m\u00fasica brasileira.<\/p>\n\n\n\n<p>Nas ruas de Gravata\u00ed, Adonis j\u00e1 tinha o apelido de Robertinho devido a semelhan\u00e7a f\u00edsica com Roberto Carlos. Mas a convic\u00e7\u00e3o de que Adonis aparentava mesmo ser o Rei veio dos seguidores do Tik Tok. Muitos come\u00e7aram a brincar com Adonis nos coment\u00e1rios, chamando dele de &#8220;Robertinho sem botox&#8221; ou &#8220;Robertinho sem pl\u00e1stica&#8221;. Adonis levou na brincadeira e come\u00e7ou a construir o personagem. A partir da\u00ed, a conta na rede social estourou e chegou a mais de 36 mil seguidores. Um dos v\u00eddeos, onde Adonis dubla a m\u00fasica &#8220;As Baleias&#8221;, tem quase 500 mil visualiza\u00e7\u00f5es.<\/p>\n\n\n\n<h2 class=\"wp-block-heading\">Artista dubla o Rei<\/h2>\n\n\n\n<p>As apresenta\u00e7\u00f5es de rua tiveram in\u00edcio apenas em mar\u00e7o do ano passado. Morador de Gravata\u00ed, Adonis costuma passar o ver\u00e3o na casa de parentes,\u00a0<a href=\"https:\/\/gauchazh.clicrbs.com.br\/comportamento\/verao\/noticia\/2024\/02\/area-do-antigo-hotel-bassani-e-vendida-a-duas-empresas-do-ramo-imobiliario-clsp0yxse006y017xmoyn4iad.html\"><strong>em Cap\u00e3o da Canoa<\/strong><\/a>. Nesta temporada, os shows come\u00e7aram em dezembro e devem seguir at\u00e9 mar\u00e7o.<\/p>\n\n\n\n<figure class=\"wp-block-image size-full\"><img fetchpriority=\"high\" decoding=\"async\" width=\"700\" height=\"466\" src=\"https:\/\/redelitoralrs.com\/wp-content\/uploads\/2024\/02\/geral-3.webp\" alt=\"\" class=\"wp-image-763\" srcset=\"https:\/\/redelitoralrs.com\/wp-content\/uploads\/2024\/02\/geral-3.webp 700w, https:\/\/redelitoralrs.com\/wp-content\/uploads\/2024\/02\/geral-3-300x200.webp 300w\" sizes=\"(max-width: 700px) 100vw, 700px\" \/><\/figure>\n\n\n\n<p>Mas Adonis n\u00e3o canta nem no chuveiro, segundo ele.&nbsp;<strong>O artista dubla e busca reproduzir maneirismos do Rei, como o sorriso e a inclina\u00e7\u00e3o ao cantar junto ao pedestal.&nbsp;<\/strong>O show tamb\u00e9m tem um pouco do Adonis. Ele gosta de colocar o pr\u00f3prio estilo na apresenta\u00e7\u00e3o;<\/p>\n\n\n\n<p>\u2014 Se quiserem que eu fa\u00e7a pl\u00e1stica, seja igual ao cara, com pl\u00e1stica e botox, acabou o Robertinho. N\u00e3o quero \u2014 explica, com bom humor.<\/p>\n\n\n\n<p><strong>A caixa de som usada na apresenta\u00e7\u00e3o \u00e9 emprestada.<\/strong>&nbsp;Ele tamb\u00e9m utiliza um pedestal e um microfone. Um banner exibe a chave pix e as contas nas redes sociais. Perto do banner, fica um pote que serve para receber contribui\u00e7\u00f5es dos f\u00e3s. Em m\u00e9dia, Adonis arrecada de R$ 50 a R$ 70 por apresenta\u00e7\u00e3o. A meta \u00e9 arrecadar dinheiro para conseguir comprar uma caixa de som e n\u00e3o depender mais da boa vontade de outras pessoas.<\/p>\n\n\n\n<p>\u2014 Ajuda n\u00e9. Se der tr\u00eas reais, j\u00e1 vou buscar um p\u00e3ozinho e n\u00e3o tiro do meu bolso, do meu salariozinho \u2014 afirma.<\/p>\n\n\n\n<p>Os shows fazem sucesso. O maior p\u00fablico, segundo Adonis, foi de cerca de 300 pessoas no auge da temporada de ver\u00e3o.<\/p>\n\n\n\n<h2 class=\"wp-block-heading\">Caracteriza\u00e7\u00e3o<\/h2>\n\n\n\n<p>Com o in\u00edcio da carreira de cover, Adonis diz ter ficado mais vaidoso. O corte de cabelo, no estilo pigmale\u00e3o, \u00e9 o mesmo dos anos 80, mas agora com tintura para esconder os fios grisalhos. Maquiagem \u00e9 usada&nbsp;somente de vez em quando, para esconder as olheiras.<\/p>\n\n\n\n<p>\u2014 Eu cuido meu cabelo. \u00c9 desse jeito, certinho. Para a apresenta\u00e7\u00e3o, gosto de usar o blazer branco. Tenho um que comprei da China, modelo esportivo, e uso um jeans. O blazer saiu por R$ 70 \u2014 explica.<\/p>\n\n\n\n<figure class=\"wp-block-image size-full\"><img decoding=\"async\" width=\"700\" height=\"466\" src=\"https:\/\/redelitoralrs.com\/wp-content\/uploads\/2024\/02\/geral-4.webp\" alt=\"\" class=\"wp-image-764\" srcset=\"https:\/\/redelitoralrs.com\/wp-content\/uploads\/2024\/02\/geral-4.webp 700w, https:\/\/redelitoralrs.com\/wp-content\/uploads\/2024\/02\/geral-4-300x200.webp 300w\" sizes=\"(max-width: 700px) 100vw, 700px\" \/><\/figure>\n\n\n\n<p>&nbsp;o modelo faz sucesso. Quando n\u00e3o consegue o equipamento emprestado para se apresentar, Adonis gosta de caminhar pelas ruas de Cap\u00e3o da Canoa. E n\u00e3o tem jeito, a cada poucos metros ele \u00e9 parado por algu\u00e9m que quer tirar uma foto.<\/p>\n\n\n\n<p>\u2014 Todos as pessoas que pedem selfie, eu fa\u00e7o. Mais de cinquenta por dia. Comigo n\u00e3o tem isso a\u00ed. Se o mendigo me chamou l\u00e1, eu vou, dou abra\u00e7o, aperto a m\u00e3o, sempre fui assim \u2014 relata.<\/p>\n\n\n\n<p>A esposa Solange sempre acompanha o marido. Grande incentivadora, ela auxilia na instala\u00e7\u00e3o dos equipamentos e nas filmagens para as redes sociais.<\/p>\n\n\n\n<p>\u2014 D\u00e1 um pouco de ci\u00fame, mas eu sei que \u00e9 s\u00f3 um carinho mesmo das pessoas, \u00e9 algo profissional \u2014 garante.<\/p>\n\n\n\n<p>Com o sucesso nesta temporada, Adonis planeja continuar na carreira de cover. Ele segue em Cap\u00e3o da Canoa at\u00e9 mar\u00e7o e depois retorna para Gravata\u00ed. O artista planeja iniciar apresenta\u00e7\u00f5es na cidade onde mora e at\u00e9 mesmo em Porto Alegre.<\/p>\n\n\n\n<p>\u2014 Se me chamarem para fazer um casamento, um anivers\u00e1rio, vou l\u00e1. J\u00e1 fiz um anivers\u00e1rio de 15 anos \u2014 diz.<\/p>\n\n\n\n<h2 class=\"wp-block-heading\">Contatos\u00a0<\/h2>\n\n\n\n<p><strong>Instagram&nbsp;<\/strong>&#8211;&nbsp;<a href=\"https:\/\/www.instagram.com\/adonis.anflor\/\" target=\"_blank\" rel=\"noreferrer noopener\"><strong>@adonis.anflor<\/strong><\/a><strong><br>Tik Tok<\/strong>&nbsp;&#8211;&nbsp;<a href=\"https:\/\/www.tiktok.com\/@adonis545_cover\" target=\"_blank\" rel=\"noreferrer noopener\"><strong>@adonis545_cover<\/strong><\/a><strong><br>Contato para shows&nbsp;<\/strong>\u2013 51 98480-0025<\/p>\n\n\n\n<p><strong><em>Fonte: <\/em><\/strong>GZH<\/p>\n","protected":false},"excerpt":{"rendered":"<p>O Rei jamais passa despercebido. At\u00e9 por isso que&nbsp;o aposentado Adonis Anflor tem feito tanto sucesso em Cap\u00e3o da Canoa. Desde o ano passado, ele se apresenta como&nbsp;cover de Roberto Carlos, o Rei da m\u00fasica brasileira. Mesmo que se diga apenas &#8220;meio parecido&#8221;, as caracter\u00edsticas f\u00edsicas de Adonis lembram e muito o cantor de sucessos [&hellip;]<\/p>\n","protected":false},"author":2,"featured_media":762,"comment_status":"open","ping_status":"open","sticky":false,"template":"","format":"standard","meta":{"_themeisle_gutenberg_block_has_review":false,"footnotes":""},"categories":[18],"tags":[],"class_list":["post-761","post","type-post","status-publish","format-standard","has-post-thumbnail","hentry","category-verao2025"],"yoast_head":"<!-- This site is optimized with the Yoast SEO plugin v27.4 - https:\/\/yoast.com\/product\/yoast-seo-wordpress\/ -->\n<title>Conhe\u00e7a o cover de Roberto Carlos que faz sucesso nas ruas de Cap\u00e3o da Canoa\u00a0 - Rede Litoral RS<\/title>\n<meta name=\"robots\" content=\"index, follow, max-snippet:-1, max-image-preview:large, max-video-preview:-1\" \/>\n<link rel=\"canonical\" href=\"https:\/\/redelitoralrs.com\/index.php\/2024\/02\/21\/conheca-o-cover-de-roberto-carlos-que-faz-sucesso-nas-ruas-de-capao-da-canoa\/\" \/>\n<meta property=\"og:locale\" content=\"pt_BR\" \/>\n<meta property=\"og:type\" content=\"article\" \/>\n<meta property=\"og:title\" content=\"Conhe\u00e7a o cover de Roberto Carlos que faz sucesso nas ruas de Cap\u00e3o da Canoa\u00a0 - Rede Litoral RS\" \/>\n<meta property=\"og:description\" content=\"O Rei jamais passa despercebido. At\u00e9 por isso que&nbsp;o aposentado Adonis Anflor tem feito tanto sucesso em Cap\u00e3o da Canoa. Desde o ano passado, ele se apresenta como&nbsp;cover de Roberto Carlos, o Rei da m\u00fasica brasileira. Mesmo que se diga apenas &#8220;meio parecido&#8221;, as caracter\u00edsticas f\u00edsicas de Adonis lembram e muito o cantor de sucessos [&hellip;]\" \/>\n<meta property=\"og:url\" content=\"https:\/\/redelitoralrs.com\/index.php\/2024\/02\/21\/conheca-o-cover-de-roberto-carlos-que-faz-sucesso-nas-ruas-de-capao-da-canoa\/\" \/>\n<meta property=\"og:site_name\" content=\"Rede Litoral RS\" \/>\n<meta property=\"article:publisher\" content=\"https:\/\/www.facebook.com\/tvlitoralrsoficial\" \/>\n<meta property=\"article:published_time\" content=\"2024-02-21T11:32:54+00:00\" \/>\n<meta property=\"og:image\" content=\"https:\/\/redelitoralrs.com\/wp-content\/uploads\/2024\/02\/geral-2.webp\" \/>\n\t<meta property=\"og:image:width\" content=\"700\" \/>\n\t<meta property=\"og:image:height\" content=\"466\" \/>\n\t<meta property=\"og:image:type\" content=\"image\/webp\" \/>\n<meta name=\"author\" content=\"Reda\u00e7\u00e3o TV Litoral\" \/>\n<meta name=\"twitter:card\" content=\"summary_large_image\" \/>\n<meta name=\"twitter:label1\" content=\"Escrito por\" \/>\n\t<meta name=\"twitter:data1\" content=\"Reda\u00e7\u00e3o TV Litoral\" \/>\n\t<meta name=\"twitter:label2\" content=\"Est. tempo de leitura\" \/>\n\t<meta name=\"twitter:data2\" content=\"5 minutos\" \/>\n<script type=\"application\/ld+json\" class=\"yoast-schema-graph\">{\"@context\":\"https:\\\/\\\/schema.org\",\"@graph\":[{\"@type\":\"Article\",\"@id\":\"https:\\\/\\\/redelitoralrs.com\\\/index.php\\\/2024\\\/02\\\/21\\\/conheca-o-cover-de-roberto-carlos-que-faz-sucesso-nas-ruas-de-capao-da-canoa\\\/#article\",\"isPartOf\":{\"@id\":\"https:\\\/\\\/redelitoralrs.com\\\/index.php\\\/2024\\\/02\\\/21\\\/conheca-o-cover-de-roberto-carlos-que-faz-sucesso-nas-ruas-de-capao-da-canoa\\\/\"},\"author\":{\"name\":\"Reda\u00e7\u00e3o TV Litoral\",\"@id\":\"https:\\\/\\\/redelitoralrs.com\\\/#\\\/schema\\\/person\\\/9f8181f2a7359dd3986f05ebaf5bd68a\"},\"headline\":\"Conhe\u00e7a o cover de Roberto Carlos que faz sucesso nas ruas de Cap\u00e3o da Canoa\u00a0\",\"datePublished\":\"2024-02-21T11:32:54+00:00\",\"mainEntityOfPage\":{\"@id\":\"https:\\\/\\\/redelitoralrs.com\\\/index.php\\\/2024\\\/02\\\/21\\\/conheca-o-cover-de-roberto-carlos-que-faz-sucesso-nas-ruas-de-capao-da-canoa\\\/\"},\"wordCount\":922,\"commentCount\":0,\"publisher\":{\"@id\":\"https:\\\/\\\/redelitoralrs.com\\\/#organization\"},\"image\":{\"@id\":\"https:\\\/\\\/redelitoralrs.com\\\/index.php\\\/2024\\\/02\\\/21\\\/conheca-o-cover-de-roberto-carlos-que-faz-sucesso-nas-ruas-de-capao-da-canoa\\\/#primaryimage\"},\"thumbnailUrl\":\"https:\\\/\\\/redelitoralrs.com\\\/wp-content\\\/uploads\\\/2024\\\/02\\\/geral-2.webp\",\"articleSection\":[\"Ver\u00e3o 2025\"],\"inLanguage\":\"pt-BR\",\"potentialAction\":[{\"@type\":\"CommentAction\",\"name\":\"Comment\",\"target\":[\"https:\\\/\\\/redelitoralrs.com\\\/index.php\\\/2024\\\/02\\\/21\\\/conheca-o-cover-de-roberto-carlos-que-faz-sucesso-nas-ruas-de-capao-da-canoa\\\/#respond\"]}]},{\"@type\":\"WebPage\",\"@id\":\"https:\\\/\\\/redelitoralrs.com\\\/index.php\\\/2024\\\/02\\\/21\\\/conheca-o-cover-de-roberto-carlos-que-faz-sucesso-nas-ruas-de-capao-da-canoa\\\/\",\"url\":\"https:\\\/\\\/redelitoralrs.com\\\/index.php\\\/2024\\\/02\\\/21\\\/conheca-o-cover-de-roberto-carlos-que-faz-sucesso-nas-ruas-de-capao-da-canoa\\\/\",\"name\":\"Conhe\u00e7a o cover de Roberto Carlos que faz sucesso nas ruas de Cap\u00e3o da Canoa\u00a0 - Rede Litoral RS\",\"isPartOf\":{\"@id\":\"https:\\\/\\\/redelitoralrs.com\\\/#website\"},\"primaryImageOfPage\":{\"@id\":\"https:\\\/\\\/redelitoralrs.com\\\/index.php\\\/2024\\\/02\\\/21\\\/conheca-o-cover-de-roberto-carlos-que-faz-sucesso-nas-ruas-de-capao-da-canoa\\\/#primaryimage\"},\"image\":{\"@id\":\"https:\\\/\\\/redelitoralrs.com\\\/index.php\\\/2024\\\/02\\\/21\\\/conheca-o-cover-de-roberto-carlos-que-faz-sucesso-nas-ruas-de-capao-da-canoa\\\/#primaryimage\"},\"thumbnailUrl\":\"https:\\\/\\\/redelitoralrs.com\\\/wp-content\\\/uploads\\\/2024\\\/02\\\/geral-2.webp\",\"datePublished\":\"2024-02-21T11:32:54+00:00\",\"breadcrumb\":{\"@id\":\"https:\\\/\\\/redelitoralrs.com\\\/index.php\\\/2024\\\/02\\\/21\\\/conheca-o-cover-de-roberto-carlos-que-faz-sucesso-nas-ruas-de-capao-da-canoa\\\/#breadcrumb\"},\"inLanguage\":\"pt-BR\",\"potentialAction\":[{\"@type\":\"ReadAction\",\"target\":[\"https:\\\/\\\/redelitoralrs.com\\\/index.php\\\/2024\\\/02\\\/21\\\/conheca-o-cover-de-roberto-carlos-que-faz-sucesso-nas-ruas-de-capao-da-canoa\\\/\"]}]},{\"@type\":\"ImageObject\",\"inLanguage\":\"pt-BR\",\"@id\":\"https:\\\/\\\/redelitoralrs.com\\\/index.php\\\/2024\\\/02\\\/21\\\/conheca-o-cover-de-roberto-carlos-que-faz-sucesso-nas-ruas-de-capao-da-canoa\\\/#primaryimage\",\"url\":\"https:\\\/\\\/redelitoralrs.com\\\/wp-content\\\/uploads\\\/2024\\\/02\\\/geral-2.webp\",\"contentUrl\":\"https:\\\/\\\/redelitoralrs.com\\\/wp-content\\\/uploads\\\/2024\\\/02\\\/geral-2.webp\",\"width\":700,\"height\":466},{\"@type\":\"BreadcrumbList\",\"@id\":\"https:\\\/\\\/redelitoralrs.com\\\/index.php\\\/2024\\\/02\\\/21\\\/conheca-o-cover-de-roberto-carlos-que-faz-sucesso-nas-ruas-de-capao-da-canoa\\\/#breadcrumb\",\"itemListElement\":[{\"@type\":\"ListItem\",\"position\":1,\"name\":\"In\u00edcio\",\"item\":\"https:\\\/\\\/redelitoralrs.com\\\/\"},{\"@type\":\"ListItem\",\"position\":2,\"name\":\"Conhe\u00e7a o cover de Roberto Carlos que faz sucesso nas ruas de Cap\u00e3o da Canoa\u00a0\"}]},{\"@type\":\"WebSite\",\"@id\":\"https:\\\/\\\/redelitoralrs.com\\\/#website\",\"url\":\"https:\\\/\\\/redelitoralrs.com\\\/\",\"name\":\"TV Litoral\",\"description\":\"Acompanhe tudo do litoral ga\u00facho com a cobertura completa e atualizada da Rede Litoral RS. Nossos jornalistas trazem as \u00faltimas not\u00edcias, os acontecimentos mais quentes e as hist\u00f3rias que importam sobre nosso amado litoral.\",\"publisher\":{\"@id\":\"https:\\\/\\\/redelitoralrs.com\\\/#organization\"},\"potentialAction\":[{\"@type\":\"SearchAction\",\"target\":{\"@type\":\"EntryPoint\",\"urlTemplate\":\"https:\\\/\\\/redelitoralrs.com\\\/?s={search_term_string}\"},\"query-input\":{\"@type\":\"PropertyValueSpecification\",\"valueRequired\":true,\"valueName\":\"search_term_string\"}}],\"inLanguage\":\"pt-BR\"},{\"@type\":\"Organization\",\"@id\":\"https:\\\/\\\/redelitoralrs.com\\\/#organization\",\"name\":\"TV Litoral\",\"url\":\"https:\\\/\\\/redelitoralrs.com\\\/\",\"logo\":{\"@type\":\"ImageObject\",\"inLanguage\":\"pt-BR\",\"@id\":\"https:\\\/\\\/redelitoralrs.com\\\/#\\\/schema\\\/logo\\\/image\\\/\",\"url\":\"https:\\\/\\\/redelitoralrs.com\\\/wp-content\\\/uploads\\\/2024\\\/01\\\/faviconicon-1-1.png\",\"contentUrl\":\"https:\\\/\\\/redelitoralrs.com\\\/wp-content\\\/uploads\\\/2024\\\/01\\\/faviconicon-1-1.png\",\"width\":454,\"height\":454,\"caption\":\"TV Litoral\"},\"image\":{\"@id\":\"https:\\\/\\\/redelitoralrs.com\\\/#\\\/schema\\\/logo\\\/image\\\/\"},\"sameAs\":[\"https:\\\/\\\/www.facebook.com\\\/tvlitoralrsoficial\",\"https:\\\/\\\/www.instagram.com\\\/tvlitoral.rs\"]},{\"@type\":\"Person\",\"@id\":\"https:\\\/\\\/redelitoralrs.com\\\/#\\\/schema\\\/person\\\/9f8181f2a7359dd3986f05ebaf5bd68a\",\"name\":\"Reda\u00e7\u00e3o TV Litoral\",\"image\":{\"@type\":\"ImageObject\",\"inLanguage\":\"pt-BR\",\"@id\":\"https:\\\/\\\/redelitoralrs.com\\\/wp-content\\\/litespeed\\\/avatar\\\/779aafbb45e66c7f82733e21abb48259.jpg?ver=1776956734\",\"url\":\"https:\\\/\\\/redelitoralrs.com\\\/wp-content\\\/litespeed\\\/avatar\\\/779aafbb45e66c7f82733e21abb48259.jpg?ver=1776956734\",\"contentUrl\":\"https:\\\/\\\/redelitoralrs.com\\\/wp-content\\\/litespeed\\\/avatar\\\/779aafbb45e66c7f82733e21abb48259.jpg?ver=1776956734\",\"caption\":\"Reda\u00e7\u00e3o TV Litoral\"},\"description\":\"A Rede Litoral de Comunica\u00e7\u00e3o \u00e9 um grupo de m\u00eddia multiplataforma do Litoral Norte do RS. Com atua\u00e7\u00e3o em TV, r\u00e1dio, portal e redes sociais, levamos informa\u00e7\u00e3o, conte\u00fado e entretenimento \u00e0 comunidade, fortalecendo a comunica\u00e7\u00e3o local e impulsionando o desenvolvimento regional. Acompanhe atrav\u00e9s de @redelitoralrs.\",\"sameAs\":[\"https:\\\/\\\/redelitoralrs.com\",\"https:\\\/\\\/www.instagram.com\\\/redelitoralrs\",\"https:\\\/\\\/www.youtube.com\\\/@redelitoralrs\"],\"url\":\"https:\\\/\\\/redelitoralrs.com\\\/index.php\\\/author\\\/redacaotvlitoral\\\/\"}]}<\/script>\n<!-- \/ Yoast SEO plugin. -->","yoast_head_json":{"title":"Conhe\u00e7a o cover de Roberto Carlos que faz sucesso nas ruas de Cap\u00e3o da Canoa\u00a0 - Rede Litoral RS","robots":{"index":"index","follow":"follow","max-snippet":"max-snippet:-1","max-image-preview":"max-image-preview:large","max-video-preview":"max-video-preview:-1"},"canonical":"https:\/\/redelitoralrs.com\/index.php\/2024\/02\/21\/conheca-o-cover-de-roberto-carlos-que-faz-sucesso-nas-ruas-de-capao-da-canoa\/","og_locale":"pt_BR","og_type":"article","og_title":"Conhe\u00e7a o cover de Roberto Carlos que faz sucesso nas ruas de Cap\u00e3o da Canoa\u00a0 - Rede Litoral RS","og_description":"O Rei jamais passa despercebido. At\u00e9 por isso que&nbsp;o aposentado Adonis Anflor tem feito tanto sucesso em Cap\u00e3o da Canoa. Desde o ano passado, ele se apresenta como&nbsp;cover de Roberto Carlos, o Rei da m\u00fasica brasileira. Mesmo que se diga apenas &#8220;meio parecido&#8221;, as caracter\u00edsticas f\u00edsicas de Adonis lembram e muito o cantor de sucessos [&hellip;]","og_url":"https:\/\/redelitoralrs.com\/index.php\/2024\/02\/21\/conheca-o-cover-de-roberto-carlos-que-faz-sucesso-nas-ruas-de-capao-da-canoa\/","og_site_name":"Rede Litoral RS","article_publisher":"https:\/\/www.facebook.com\/tvlitoralrsoficial","article_published_time":"2024-02-21T11:32:54+00:00","og_image":[{"width":700,"height":466,"url":"https:\/\/redelitoralrs.com\/wp-content\/uploads\/2024\/02\/geral-2.webp","type":"image\/webp"}],"author":"Reda\u00e7\u00e3o TV Litoral","twitter_card":"summary_large_image","twitter_misc":{"Escrito por":"Reda\u00e7\u00e3o TV Litoral","Est. tempo de leitura":"5 minutos"},"schema":{"@context":"https:\/\/schema.org","@graph":[{"@type":"Article","@id":"https:\/\/redelitoralrs.com\/index.php\/2024\/02\/21\/conheca-o-cover-de-roberto-carlos-que-faz-sucesso-nas-ruas-de-capao-da-canoa\/#article","isPartOf":{"@id":"https:\/\/redelitoralrs.com\/index.php\/2024\/02\/21\/conheca-o-cover-de-roberto-carlos-que-faz-sucesso-nas-ruas-de-capao-da-canoa\/"},"author":{"name":"Reda\u00e7\u00e3o TV Litoral","@id":"https:\/\/redelitoralrs.com\/#\/schema\/person\/9f8181f2a7359dd3986f05ebaf5bd68a"},"headline":"Conhe\u00e7a o cover de Roberto Carlos que faz sucesso nas ruas de Cap\u00e3o da Canoa\u00a0","datePublished":"2024-02-21T11:32:54+00:00","mainEntityOfPage":{"@id":"https:\/\/redelitoralrs.com\/index.php\/2024\/02\/21\/conheca-o-cover-de-roberto-carlos-que-faz-sucesso-nas-ruas-de-capao-da-canoa\/"},"wordCount":922,"commentCount":0,"publisher":{"@id":"https:\/\/redelitoralrs.com\/#organization"},"image":{"@id":"https:\/\/redelitoralrs.com\/index.php\/2024\/02\/21\/conheca-o-cover-de-roberto-carlos-que-faz-sucesso-nas-ruas-de-capao-da-canoa\/#primaryimage"},"thumbnailUrl":"https:\/\/redelitoralrs.com\/wp-content\/uploads\/2024\/02\/geral-2.webp","articleSection":["Ver\u00e3o 2025"],"inLanguage":"pt-BR","potentialAction":[{"@type":"CommentAction","name":"Comment","target":["https:\/\/redelitoralrs.com\/index.php\/2024\/02\/21\/conheca-o-cover-de-roberto-carlos-que-faz-sucesso-nas-ruas-de-capao-da-canoa\/#respond"]}]},{"@type":"WebPage","@id":"https:\/\/redelitoralrs.com\/index.php\/2024\/02\/21\/conheca-o-cover-de-roberto-carlos-que-faz-sucesso-nas-ruas-de-capao-da-canoa\/","url":"https:\/\/redelitoralrs.com\/index.php\/2024\/02\/21\/conheca-o-cover-de-roberto-carlos-que-faz-sucesso-nas-ruas-de-capao-da-canoa\/","name":"Conhe\u00e7a o cover de Roberto Carlos que faz sucesso nas ruas de Cap\u00e3o da Canoa\u00a0 - Rede Litoral RS","isPartOf":{"@id":"https:\/\/redelitoralrs.com\/#website"},"primaryImageOfPage":{"@id":"https:\/\/redelitoralrs.com\/index.php\/2024\/02\/21\/conheca-o-cover-de-roberto-carlos-que-faz-sucesso-nas-ruas-de-capao-da-canoa\/#primaryimage"},"image":{"@id":"https:\/\/redelitoralrs.com\/index.php\/2024\/02\/21\/conheca-o-cover-de-roberto-carlos-que-faz-sucesso-nas-ruas-de-capao-da-canoa\/#primaryimage"},"thumbnailUrl":"https:\/\/redelitoralrs.com\/wp-content\/uploads\/2024\/02\/geral-2.webp","datePublished":"2024-02-21T11:32:54+00:00","breadcrumb":{"@id":"https:\/\/redelitoralrs.com\/index.php\/2024\/02\/21\/conheca-o-cover-de-roberto-carlos-que-faz-sucesso-nas-ruas-de-capao-da-canoa\/#breadcrumb"},"inLanguage":"pt-BR","potentialAction":[{"@type":"ReadAction","target":["https:\/\/redelitoralrs.com\/index.php\/2024\/02\/21\/conheca-o-cover-de-roberto-carlos-que-faz-sucesso-nas-ruas-de-capao-da-canoa\/"]}]},{"@type":"ImageObject","inLanguage":"pt-BR","@id":"https:\/\/redelitoralrs.com\/index.php\/2024\/02\/21\/conheca-o-cover-de-roberto-carlos-que-faz-sucesso-nas-ruas-de-capao-da-canoa\/#primaryimage","url":"https:\/\/redelitoralrs.com\/wp-content\/uploads\/2024\/02\/geral-2.webp","contentUrl":"https:\/\/redelitoralrs.com\/wp-content\/uploads\/2024\/02\/geral-2.webp","width":700,"height":466},{"@type":"BreadcrumbList","@id":"https:\/\/redelitoralrs.com\/index.php\/2024\/02\/21\/conheca-o-cover-de-roberto-carlos-que-faz-sucesso-nas-ruas-de-capao-da-canoa\/#breadcrumb","itemListElement":[{"@type":"ListItem","position":1,"name":"In\u00edcio","item":"https:\/\/redelitoralrs.com\/"},{"@type":"ListItem","position":2,"name":"Conhe\u00e7a o cover de Roberto Carlos que faz sucesso nas ruas de Cap\u00e3o da Canoa\u00a0"}]},{"@type":"WebSite","@id":"https:\/\/redelitoralrs.com\/#website","url":"https:\/\/redelitoralrs.com\/","name":"TV Litoral","description":"Acompanhe tudo do litoral ga\u00facho com a cobertura completa e atualizada da Rede Litoral RS. Nossos jornalistas trazem as \u00faltimas not\u00edcias, os acontecimentos mais quentes e as hist\u00f3rias que importam sobre nosso amado litoral.","publisher":{"@id":"https:\/\/redelitoralrs.com\/#organization"},"potentialAction":[{"@type":"SearchAction","target":{"@type":"EntryPoint","urlTemplate":"https:\/\/redelitoralrs.com\/?s={search_term_string}"},"query-input":{"@type":"PropertyValueSpecification","valueRequired":true,"valueName":"search_term_string"}}],"inLanguage":"pt-BR"},{"@type":"Organization","@id":"https:\/\/redelitoralrs.com\/#organization","name":"TV Litoral","url":"https:\/\/redelitoralrs.com\/","logo":{"@type":"ImageObject","inLanguage":"pt-BR","@id":"https:\/\/redelitoralrs.com\/#\/schema\/logo\/image\/","url":"https:\/\/redelitoralrs.com\/wp-content\/uploads\/2024\/01\/faviconicon-1-1.png","contentUrl":"https:\/\/redelitoralrs.com\/wp-content\/uploads\/2024\/01\/faviconicon-1-1.png","width":454,"height":454,"caption":"TV Litoral"},"image":{"@id":"https:\/\/redelitoralrs.com\/#\/schema\/logo\/image\/"},"sameAs":["https:\/\/www.facebook.com\/tvlitoralrsoficial","https:\/\/www.instagram.com\/tvlitoral.rs"]},{"@type":"Person","@id":"https:\/\/redelitoralrs.com\/#\/schema\/person\/9f8181f2a7359dd3986f05ebaf5bd68a","name":"Reda\u00e7\u00e3o TV Litoral","image":{"@type":"ImageObject","inLanguage":"pt-BR","@id":"https:\/\/redelitoralrs.com\/wp-content\/litespeed\/avatar\/779aafbb45e66c7f82733e21abb48259.jpg?ver=1776956734","url":"https:\/\/redelitoralrs.com\/wp-content\/litespeed\/avatar\/779aafbb45e66c7f82733e21abb48259.jpg?ver=1776956734","contentUrl":"https:\/\/redelitoralrs.com\/wp-content\/litespeed\/avatar\/779aafbb45e66c7f82733e21abb48259.jpg?ver=1776956734","caption":"Reda\u00e7\u00e3o TV Litoral"},"description":"A Rede Litoral de Comunica\u00e7\u00e3o \u00e9 um grupo de m\u00eddia multiplataforma do Litoral Norte do RS. Com atua\u00e7\u00e3o em TV, r\u00e1dio, portal e redes sociais, levamos informa\u00e7\u00e3o, conte\u00fado e entretenimento \u00e0 comunidade, fortalecendo a comunica\u00e7\u00e3o local e impulsionando o desenvolvimento regional. Acompanhe atrav\u00e9s de @redelitoralrs.","sameAs":["https:\/\/redelitoralrs.com","https:\/\/www.instagram.com\/redelitoralrs","https:\/\/www.youtube.com\/@redelitoralrs"],"url":"https:\/\/redelitoralrs.com\/index.php\/author\/redacaotvlitoral\/"}]}},"_links":{"self":[{"href":"https:\/\/redelitoralrs.com\/index.php\/wp-json\/wp\/v2\/posts\/761","targetHints":{"allow":["GET"]}}],"collection":[{"href":"https:\/\/redelitoralrs.com\/index.php\/wp-json\/wp\/v2\/posts"}],"about":[{"href":"https:\/\/redelitoralrs.com\/index.php\/wp-json\/wp\/v2\/types\/post"}],"author":[{"embeddable":true,"href":"https:\/\/redelitoralrs.com\/index.php\/wp-json\/wp\/v2\/users\/2"}],"replies":[{"embeddable":true,"href":"https:\/\/redelitoralrs.com\/index.php\/wp-json\/wp\/v2\/comments?post=761"}],"version-history":[{"count":1,"href":"https:\/\/redelitoralrs.com\/index.php\/wp-json\/wp\/v2\/posts\/761\/revisions"}],"predecessor-version":[{"id":765,"href":"https:\/\/redelitoralrs.com\/index.php\/wp-json\/wp\/v2\/posts\/761\/revisions\/765"}],"wp:featuredmedia":[{"embeddable":true,"href":"https:\/\/redelitoralrs.com\/index.php\/wp-json\/wp\/v2\/media\/762"}],"wp:attachment":[{"href":"https:\/\/redelitoralrs.com\/index.php\/wp-json\/wp\/v2\/media?parent=761"}],"wp:term":[{"taxonomy":"category","embeddable":true,"href":"https:\/\/redelitoralrs.com\/index.php\/wp-json\/wp\/v2\/categories?post=761"},{"taxonomy":"post_tag","embeddable":true,"href":"https:\/\/redelitoralrs.com\/index.php\/wp-json\/wp\/v2\/tags?post=761"}],"curies":[{"name":"wp","href":"https:\/\/api.w.org\/{rel}","templated":true}]}}