{"id":758,"date":"2024-02-21T08:17:55","date_gmt":"2024-02-21T11:17:55","guid":{"rendered":"https:\/\/redelitoralrs.com\/?p=758"},"modified":"2024-02-21T08:17:55","modified_gmt":"2024-02-21T11:17:55","slug":"rio-grande-do-sul-registra-quinta-morte-por-dengue-em-2024","status":"publish","type":"post","link":"https:\/\/redelitoralrs.com\/index.php\/2024\/02\/21\/rio-grande-do-sul-registra-quinta-morte-por-dengue-em-2024\/","title":{"rendered":"Rio Grande do Sul registra quinta morte por dengue em 2024"},"content":{"rendered":"\n<p>O Centro Estadual de Vigil\u00e2ncia em Sa\u00fade (Cevs), vinculado \u00e0 Secretaria da Sa\u00fade (SES), confirmou nesta ter\u00e7a-feira, 20, o quinto \u00f3bito por dengue no Rio Grande do Sul em 2024. O \u00f3bito ocorreu no \u00faltimo dia 16.<\/p>\n\n\n\n<p>Trata-se de uma mulher, de 75 anos, com comorbidades, moradora de Tenente Portela. O munic\u00edpio apresenta o maior n\u00famero de casos confirmados da doen\u00e7a no Estado.<\/p>\n\n\n\n<p>At\u00e9 o momento, o Estado apresenta circula\u00e7\u00e3o do sorotipo DENV1. A SES refor\u00e7a a import\u00e2ncia de que a popula\u00e7\u00e3o procure atendimento m\u00e9dico nos servi\u00e7os de sa\u00fade logo nos primeiros sintomas. Dessa forma, evita-se o agravamento da doen\u00e7a e a poss\u00edvel evolu\u00e7\u00e3o para \u00f3bito.<\/p>\n\n\n\n<h2 class=\"wp-block-heading\">Situa\u00e7\u00e3o epidemiol\u00f3gica<\/h2>\n\n\n\n<p>Neste ano, o RS registra 5.208 casos confirmados da doen\u00e7a , sendo 4.555 aut\u00f3ctones, que \u00e9 quando o cont\u00e1gio aconteceu dentro do Estado, com os demais sendo importados (residentes do RS que foram infectados em viagem a outro local).<\/p>\n\n\n\n<p>Em 2023, foram mais de 34 mil casos aut\u00f3ctones. Ao todo, foram 54 \u00f3bitos em virtude da dengue no ano passado.<\/p>\n\n\n\n<h2 class=\"wp-block-heading\">Principais sintomas<\/h2>\n\n\n\n<p>A febre alta (39\u00b0C a 40\u00b0C), com dura\u00e7\u00e3o de dois a sete dias, dor retro-orbital (atr\u00e1s dos olhos), dor de cabe\u00e7a, dor no corpo, dor nas articula\u00e7\u00f5es, mal-estar geral, n\u00e1usea, v\u00f4mito, diarreia, manchas vermelhas na pele, com ou sem coceira.<\/p>\n\n\n\n<p>Medidas de preven\u00e7\u00e3o \u00e0 prolifera\u00e7\u00e3o e circula\u00e7\u00e3o do Aedes, com a limpeza e revis\u00e3o das \u00e1reas interna e externa das resid\u00eancias ou apartamentos e elimina\u00e7\u00e3o dos objetos com \u00e1gua parada s\u00e3o a\u00e7\u00f5es que impedem o mosquito de nascer, cortando o ciclo de vida na fase aqu\u00e1tica.<\/p>\n\n\n\n<p>O uso de repelente tamb\u00e9m \u00e9 recomendado para maior prote\u00e7\u00e3o individual contra o Aedes aegypti.<\/p>\n","protected":false},"excerpt":{"rendered":"<p>O Centro Estadual de Vigil\u00e2ncia em Sa\u00fade (Cevs), vinculado \u00e0 Secretaria da Sa\u00fade (SES), confirmou nesta ter\u00e7a-feira, 20, o quinto \u00f3bito por dengue no Rio Grande do Sul em 2024. O \u00f3bito ocorreu no \u00faltimo dia 16. Trata-se de uma mulher, de 75 anos, com comorbidades, moradora de Tenente Portela. O munic\u00edpio apresenta o maior [&hellip;]<\/p>\n","protected":false},"author":2,"featured_media":759,"comment_status":"open","ping_status":"open","sticky":false,"template":"","format":"standard","meta":{"_themeisle_gutenberg_block_has_review":false,"footnotes":""},"categories":[15],"tags":[],"class_list":["post-758","post","type-post","status-publish","format-standard","has-post-thumbnail","hentry","category-noticias"],"yoast_head":"<!-- This site is optimized with the Yoast SEO plugin v27.4 - https:\/\/yoast.com\/product\/yoast-seo-wordpress\/ -->\n<title>Rio Grande do Sul registra quinta morte por dengue em 2024 - Rede Litoral RS<\/title>\n<meta name=\"robots\" content=\"index, follow, max-snippet:-1, max-image-preview:large, max-video-preview:-1\" \/>\n<link rel=\"canonical\" href=\"https:\/\/redelitoralrs.com\/index.php\/2024\/02\/21\/rio-grande-do-sul-registra-quinta-morte-por-dengue-em-2024\/\" \/>\n<meta property=\"og:locale\" content=\"pt_BR\" \/>\n<meta property=\"og:type\" content=\"article\" \/>\n<meta property=\"og:title\" content=\"Rio Grande do Sul registra quinta morte por dengue em 2024 - Rede Litoral RS\" \/>\n<meta property=\"og:description\" content=\"O Centro Estadual de Vigil\u00e2ncia em Sa\u00fade (Cevs), vinculado \u00e0 Secretaria da Sa\u00fade (SES), confirmou nesta ter\u00e7a-feira, 20, o quinto \u00f3bito por dengue no Rio Grande do Sul em 2024. O \u00f3bito ocorreu no \u00faltimo dia 16. Trata-se de uma mulher, de 75 anos, com comorbidades, moradora de Tenente Portela. O munic\u00edpio apresenta o maior [&hellip;]\" \/>\n<meta property=\"og:url\" content=\"https:\/\/redelitoralrs.com\/index.php\/2024\/02\/21\/rio-grande-do-sul-registra-quinta-morte-por-dengue-em-2024\/\" \/>\n<meta property=\"og:site_name\" content=\"Rede Litoral RS\" \/>\n<meta property=\"article:publisher\" content=\"https:\/\/www.facebook.com\/tvlitoralrsoficial\" \/>\n<meta property=\"article:published_time\" content=\"2024-02-21T11:17:55+00:00\" \/>\n<meta property=\"og:image\" content=\"https:\/\/redelitoralrs.com\/wp-content\/uploads\/2024\/02\/geral-1.webp\" \/>\n\t<meta property=\"og:image:width\" content=\"675\" \/>\n\t<meta property=\"og:image:height\" content=\"337\" \/>\n\t<meta property=\"og:image:type\" content=\"image\/webp\" \/>\n<meta name=\"author\" content=\"Reda\u00e7\u00e3o TV Litoral\" \/>\n<meta name=\"twitter:card\" content=\"summary_large_image\" \/>\n<meta name=\"twitter:label1\" content=\"Escrito por\" \/>\n\t<meta name=\"twitter:data1\" content=\"Reda\u00e7\u00e3o TV Litoral\" \/>\n\t<meta name=\"twitter:label2\" content=\"Est. tempo de leitura\" \/>\n\t<meta name=\"twitter:data2\" content=\"1 minuto\" \/>\n<script type=\"application\/ld+json\" class=\"yoast-schema-graph\">{\"@context\":\"https:\\\/\\\/schema.org\",\"@graph\":[{\"@type\":\"Article\",\"@id\":\"https:\\\/\\\/redelitoralrs.com\\\/index.php\\\/2024\\\/02\\\/21\\\/rio-grande-do-sul-registra-quinta-morte-por-dengue-em-2024\\\/#article\",\"isPartOf\":{\"@id\":\"https:\\\/\\\/redelitoralrs.com\\\/index.php\\\/2024\\\/02\\\/21\\\/rio-grande-do-sul-registra-quinta-morte-por-dengue-em-2024\\\/\"},\"author\":{\"name\":\"Reda\u00e7\u00e3o TV Litoral\",\"@id\":\"https:\\\/\\\/redelitoralrs.com\\\/#\\\/schema\\\/person\\\/9f8181f2a7359dd3986f05ebaf5bd68a\"},\"headline\":\"Rio Grande do Sul registra quinta morte por dengue em 2024\",\"datePublished\":\"2024-02-21T11:17:55+00:00\",\"mainEntityOfPage\":{\"@id\":\"https:\\\/\\\/redelitoralrs.com\\\/index.php\\\/2024\\\/02\\\/21\\\/rio-grande-do-sul-registra-quinta-morte-por-dengue-em-2024\\\/\"},\"wordCount\":307,\"commentCount\":0,\"publisher\":{\"@id\":\"https:\\\/\\\/redelitoralrs.com\\\/#organization\"},\"image\":{\"@id\":\"https:\\\/\\\/redelitoralrs.com\\\/index.php\\\/2024\\\/02\\\/21\\\/rio-grande-do-sul-registra-quinta-morte-por-dengue-em-2024\\\/#primaryimage\"},\"thumbnailUrl\":\"https:\\\/\\\/redelitoralrs.com\\\/wp-content\\\/uploads\\\/2024\\\/02\\\/geral-1.webp\",\"articleSection\":[\"\u00daltimas not\u00edcias\"],\"inLanguage\":\"pt-BR\",\"potentialAction\":[{\"@type\":\"CommentAction\",\"name\":\"Comment\",\"target\":[\"https:\\\/\\\/redelitoralrs.com\\\/index.php\\\/2024\\\/02\\\/21\\\/rio-grande-do-sul-registra-quinta-morte-por-dengue-em-2024\\\/#respond\"]}]},{\"@type\":\"WebPage\",\"@id\":\"https:\\\/\\\/redelitoralrs.com\\\/index.php\\\/2024\\\/02\\\/21\\\/rio-grande-do-sul-registra-quinta-morte-por-dengue-em-2024\\\/\",\"url\":\"https:\\\/\\\/redelitoralrs.com\\\/index.php\\\/2024\\\/02\\\/21\\\/rio-grande-do-sul-registra-quinta-morte-por-dengue-em-2024\\\/\",\"name\":\"Rio Grande do Sul registra quinta morte por dengue em 2024 - Rede Litoral RS\",\"isPartOf\":{\"@id\":\"https:\\\/\\\/redelitoralrs.com\\\/#website\"},\"primaryImageOfPage\":{\"@id\":\"https:\\\/\\\/redelitoralrs.com\\\/index.php\\\/2024\\\/02\\\/21\\\/rio-grande-do-sul-registra-quinta-morte-por-dengue-em-2024\\\/#primaryimage\"},\"image\":{\"@id\":\"https:\\\/\\\/redelitoralrs.com\\\/index.php\\\/2024\\\/02\\\/21\\\/rio-grande-do-sul-registra-quinta-morte-por-dengue-em-2024\\\/#primaryimage\"},\"thumbnailUrl\":\"https:\\\/\\\/redelitoralrs.com\\\/wp-content\\\/uploads\\\/2024\\\/02\\\/geral-1.webp\",\"datePublished\":\"2024-02-21T11:17:55+00:00\",\"breadcrumb\":{\"@id\":\"https:\\\/\\\/redelitoralrs.com\\\/index.php\\\/2024\\\/02\\\/21\\\/rio-grande-do-sul-registra-quinta-morte-por-dengue-em-2024\\\/#breadcrumb\"},\"inLanguage\":\"pt-BR\",\"potentialAction\":[{\"@type\":\"ReadAction\",\"target\":[\"https:\\\/\\\/redelitoralrs.com\\\/index.php\\\/2024\\\/02\\\/21\\\/rio-grande-do-sul-registra-quinta-morte-por-dengue-em-2024\\\/\"]}]},{\"@type\":\"ImageObject\",\"inLanguage\":\"pt-BR\",\"@id\":\"https:\\\/\\\/redelitoralrs.com\\\/index.php\\\/2024\\\/02\\\/21\\\/rio-grande-do-sul-registra-quinta-morte-por-dengue-em-2024\\\/#primaryimage\",\"url\":\"https:\\\/\\\/redelitoralrs.com\\\/wp-content\\\/uploads\\\/2024\\\/02\\\/geral-1.webp\",\"contentUrl\":\"https:\\\/\\\/redelitoralrs.com\\\/wp-content\\\/uploads\\\/2024\\\/02\\\/geral-1.webp\",\"width\":675,\"height\":337},{\"@type\":\"BreadcrumbList\",\"@id\":\"https:\\\/\\\/redelitoralrs.com\\\/index.php\\\/2024\\\/02\\\/21\\\/rio-grande-do-sul-registra-quinta-morte-por-dengue-em-2024\\\/#breadcrumb\",\"itemListElement\":[{\"@type\":\"ListItem\",\"position\":1,\"name\":\"In\u00edcio\",\"item\":\"https:\\\/\\\/redelitoralrs.com\\\/\"},{\"@type\":\"ListItem\",\"position\":2,\"name\":\"Rio Grande do Sul registra quinta morte por dengue em 2024\"}]},{\"@type\":\"WebSite\",\"@id\":\"https:\\\/\\\/redelitoralrs.com\\\/#website\",\"url\":\"https:\\\/\\\/redelitoralrs.com\\\/\",\"name\":\"TV Litoral\",\"description\":\"Acompanhe tudo do litoral ga\u00facho com a cobertura completa e atualizada da Rede Litoral RS. Nossos jornalistas trazem as \u00faltimas not\u00edcias, os acontecimentos mais quentes e as hist\u00f3rias que importam sobre nosso amado litoral.\",\"publisher\":{\"@id\":\"https:\\\/\\\/redelitoralrs.com\\\/#organization\"},\"potentialAction\":[{\"@type\":\"SearchAction\",\"target\":{\"@type\":\"EntryPoint\",\"urlTemplate\":\"https:\\\/\\\/redelitoralrs.com\\\/?s={search_term_string}\"},\"query-input\":{\"@type\":\"PropertyValueSpecification\",\"valueRequired\":true,\"valueName\":\"search_term_string\"}}],\"inLanguage\":\"pt-BR\"},{\"@type\":\"Organization\",\"@id\":\"https:\\\/\\\/redelitoralrs.com\\\/#organization\",\"name\":\"TV Litoral\",\"url\":\"https:\\\/\\\/redelitoralrs.com\\\/\",\"logo\":{\"@type\":\"ImageObject\",\"inLanguage\":\"pt-BR\",\"@id\":\"https:\\\/\\\/redelitoralrs.com\\\/#\\\/schema\\\/logo\\\/image\\\/\",\"url\":\"https:\\\/\\\/redelitoralrs.com\\\/wp-content\\\/uploads\\\/2024\\\/01\\\/faviconicon-1-1.png\",\"contentUrl\":\"https:\\\/\\\/redelitoralrs.com\\\/wp-content\\\/uploads\\\/2024\\\/01\\\/faviconicon-1-1.png\",\"width\":454,\"height\":454,\"caption\":\"TV Litoral\"},\"image\":{\"@id\":\"https:\\\/\\\/redelitoralrs.com\\\/#\\\/schema\\\/logo\\\/image\\\/\"},\"sameAs\":[\"https:\\\/\\\/www.facebook.com\\\/tvlitoralrsoficial\",\"https:\\\/\\\/www.instagram.com\\\/tvlitoral.rs\"]},{\"@type\":\"Person\",\"@id\":\"https:\\\/\\\/redelitoralrs.com\\\/#\\\/schema\\\/person\\\/9f8181f2a7359dd3986f05ebaf5bd68a\",\"name\":\"Reda\u00e7\u00e3o TV Litoral\",\"image\":{\"@type\":\"ImageObject\",\"inLanguage\":\"pt-BR\",\"@id\":\"https:\\\/\\\/redelitoralrs.com\\\/wp-content\\\/litespeed\\\/avatar\\\/779aafbb45e66c7f82733e21abb48259.jpg?ver=1776956734\",\"url\":\"https:\\\/\\\/redelitoralrs.com\\\/wp-content\\\/litespeed\\\/avatar\\\/779aafbb45e66c7f82733e21abb48259.jpg?ver=1776956734\",\"contentUrl\":\"https:\\\/\\\/redelitoralrs.com\\\/wp-content\\\/litespeed\\\/avatar\\\/779aafbb45e66c7f82733e21abb48259.jpg?ver=1776956734\",\"caption\":\"Reda\u00e7\u00e3o TV Litoral\"},\"description\":\"A Rede Litoral de Comunica\u00e7\u00e3o \u00e9 um grupo de m\u00eddia multiplataforma do Litoral Norte do RS. Com atua\u00e7\u00e3o em TV, r\u00e1dio, portal e redes sociais, levamos informa\u00e7\u00e3o, conte\u00fado e entretenimento \u00e0 comunidade, fortalecendo a comunica\u00e7\u00e3o local e impulsionando o desenvolvimento regional. Acompanhe atrav\u00e9s de @redelitoralrs.\",\"sameAs\":[\"https:\\\/\\\/redelitoralrs.com\",\"https:\\\/\\\/www.instagram.com\\\/redelitoralrs\",\"https:\\\/\\\/www.youtube.com\\\/@redelitoralrs\"],\"url\":\"https:\\\/\\\/redelitoralrs.com\\\/index.php\\\/author\\\/redacaotvlitoral\\\/\"}]}<\/script>\n<!-- \/ Yoast SEO plugin. -->","yoast_head_json":{"title":"Rio Grande do Sul registra quinta morte por dengue em 2024 - Rede Litoral RS","robots":{"index":"index","follow":"follow","max-snippet":"max-snippet:-1","max-image-preview":"max-image-preview:large","max-video-preview":"max-video-preview:-1"},"canonical":"https:\/\/redelitoralrs.com\/index.php\/2024\/02\/21\/rio-grande-do-sul-registra-quinta-morte-por-dengue-em-2024\/","og_locale":"pt_BR","og_type":"article","og_title":"Rio Grande do Sul registra quinta morte por dengue em 2024 - Rede Litoral RS","og_description":"O Centro Estadual de Vigil\u00e2ncia em Sa\u00fade (Cevs), vinculado \u00e0 Secretaria da Sa\u00fade (SES), confirmou nesta ter\u00e7a-feira, 20, o quinto \u00f3bito por dengue no Rio Grande do Sul em 2024. O \u00f3bito ocorreu no \u00faltimo dia 16. Trata-se de uma mulher, de 75 anos, com comorbidades, moradora de Tenente Portela. O munic\u00edpio apresenta o maior [&hellip;]","og_url":"https:\/\/redelitoralrs.com\/index.php\/2024\/02\/21\/rio-grande-do-sul-registra-quinta-morte-por-dengue-em-2024\/","og_site_name":"Rede Litoral RS","article_publisher":"https:\/\/www.facebook.com\/tvlitoralrsoficial","article_published_time":"2024-02-21T11:17:55+00:00","og_image":[{"width":675,"height":337,"url":"https:\/\/redelitoralrs.com\/wp-content\/uploads\/2024\/02\/geral-1.webp","type":"image\/webp"}],"author":"Reda\u00e7\u00e3o TV Litoral","twitter_card":"summary_large_image","twitter_misc":{"Escrito por":"Reda\u00e7\u00e3o TV Litoral","Est. tempo de leitura":"1 minuto"},"schema":{"@context":"https:\/\/schema.org","@graph":[{"@type":"Article","@id":"https:\/\/redelitoralrs.com\/index.php\/2024\/02\/21\/rio-grande-do-sul-registra-quinta-morte-por-dengue-em-2024\/#article","isPartOf":{"@id":"https:\/\/redelitoralrs.com\/index.php\/2024\/02\/21\/rio-grande-do-sul-registra-quinta-morte-por-dengue-em-2024\/"},"author":{"name":"Reda\u00e7\u00e3o TV Litoral","@id":"https:\/\/redelitoralrs.com\/#\/schema\/person\/9f8181f2a7359dd3986f05ebaf5bd68a"},"headline":"Rio Grande do Sul registra quinta morte por dengue em 2024","datePublished":"2024-02-21T11:17:55+00:00","mainEntityOfPage":{"@id":"https:\/\/redelitoralrs.com\/index.php\/2024\/02\/21\/rio-grande-do-sul-registra-quinta-morte-por-dengue-em-2024\/"},"wordCount":307,"commentCount":0,"publisher":{"@id":"https:\/\/redelitoralrs.com\/#organization"},"image":{"@id":"https:\/\/redelitoralrs.com\/index.php\/2024\/02\/21\/rio-grande-do-sul-registra-quinta-morte-por-dengue-em-2024\/#primaryimage"},"thumbnailUrl":"https:\/\/redelitoralrs.com\/wp-content\/uploads\/2024\/02\/geral-1.webp","articleSection":["\u00daltimas not\u00edcias"],"inLanguage":"pt-BR","potentialAction":[{"@type":"CommentAction","name":"Comment","target":["https:\/\/redelitoralrs.com\/index.php\/2024\/02\/21\/rio-grande-do-sul-registra-quinta-morte-por-dengue-em-2024\/#respond"]}]},{"@type":"WebPage","@id":"https:\/\/redelitoralrs.com\/index.php\/2024\/02\/21\/rio-grande-do-sul-registra-quinta-morte-por-dengue-em-2024\/","url":"https:\/\/redelitoralrs.com\/index.php\/2024\/02\/21\/rio-grande-do-sul-registra-quinta-morte-por-dengue-em-2024\/","name":"Rio Grande do Sul registra quinta morte por dengue em 2024 - Rede Litoral RS","isPartOf":{"@id":"https:\/\/redelitoralrs.com\/#website"},"primaryImageOfPage":{"@id":"https:\/\/redelitoralrs.com\/index.php\/2024\/02\/21\/rio-grande-do-sul-registra-quinta-morte-por-dengue-em-2024\/#primaryimage"},"image":{"@id":"https:\/\/redelitoralrs.com\/index.php\/2024\/02\/21\/rio-grande-do-sul-registra-quinta-morte-por-dengue-em-2024\/#primaryimage"},"thumbnailUrl":"https:\/\/redelitoralrs.com\/wp-content\/uploads\/2024\/02\/geral-1.webp","datePublished":"2024-02-21T11:17:55+00:00","breadcrumb":{"@id":"https:\/\/redelitoralrs.com\/index.php\/2024\/02\/21\/rio-grande-do-sul-registra-quinta-morte-por-dengue-em-2024\/#breadcrumb"},"inLanguage":"pt-BR","potentialAction":[{"@type":"ReadAction","target":["https:\/\/redelitoralrs.com\/index.php\/2024\/02\/21\/rio-grande-do-sul-registra-quinta-morte-por-dengue-em-2024\/"]}]},{"@type":"ImageObject","inLanguage":"pt-BR","@id":"https:\/\/redelitoralrs.com\/index.php\/2024\/02\/21\/rio-grande-do-sul-registra-quinta-morte-por-dengue-em-2024\/#primaryimage","url":"https:\/\/redelitoralrs.com\/wp-content\/uploads\/2024\/02\/geral-1.webp","contentUrl":"https:\/\/redelitoralrs.com\/wp-content\/uploads\/2024\/02\/geral-1.webp","width":675,"height":337},{"@type":"BreadcrumbList","@id":"https:\/\/redelitoralrs.com\/index.php\/2024\/02\/21\/rio-grande-do-sul-registra-quinta-morte-por-dengue-em-2024\/#breadcrumb","itemListElement":[{"@type":"ListItem","position":1,"name":"In\u00edcio","item":"https:\/\/redelitoralrs.com\/"},{"@type":"ListItem","position":2,"name":"Rio Grande do Sul registra quinta morte por dengue em 2024"}]},{"@type":"WebSite","@id":"https:\/\/redelitoralrs.com\/#website","url":"https:\/\/redelitoralrs.com\/","name":"TV Litoral","description":"Acompanhe tudo do litoral ga\u00facho com a cobertura completa e atualizada da Rede Litoral RS. Nossos jornalistas trazem as \u00faltimas not\u00edcias, os acontecimentos mais quentes e as hist\u00f3rias que importam sobre nosso amado litoral.","publisher":{"@id":"https:\/\/redelitoralrs.com\/#organization"},"potentialAction":[{"@type":"SearchAction","target":{"@type":"EntryPoint","urlTemplate":"https:\/\/redelitoralrs.com\/?s={search_term_string}"},"query-input":{"@type":"PropertyValueSpecification","valueRequired":true,"valueName":"search_term_string"}}],"inLanguage":"pt-BR"},{"@type":"Organization","@id":"https:\/\/redelitoralrs.com\/#organization","name":"TV Litoral","url":"https:\/\/redelitoralrs.com\/","logo":{"@type":"ImageObject","inLanguage":"pt-BR","@id":"https:\/\/redelitoralrs.com\/#\/schema\/logo\/image\/","url":"https:\/\/redelitoralrs.com\/wp-content\/uploads\/2024\/01\/faviconicon-1-1.png","contentUrl":"https:\/\/redelitoralrs.com\/wp-content\/uploads\/2024\/01\/faviconicon-1-1.png","width":454,"height":454,"caption":"TV Litoral"},"image":{"@id":"https:\/\/redelitoralrs.com\/#\/schema\/logo\/image\/"},"sameAs":["https:\/\/www.facebook.com\/tvlitoralrsoficial","https:\/\/www.instagram.com\/tvlitoral.rs"]},{"@type":"Person","@id":"https:\/\/redelitoralrs.com\/#\/schema\/person\/9f8181f2a7359dd3986f05ebaf5bd68a","name":"Reda\u00e7\u00e3o TV Litoral","image":{"@type":"ImageObject","inLanguage":"pt-BR","@id":"https:\/\/redelitoralrs.com\/wp-content\/litespeed\/avatar\/779aafbb45e66c7f82733e21abb48259.jpg?ver=1776956734","url":"https:\/\/redelitoralrs.com\/wp-content\/litespeed\/avatar\/779aafbb45e66c7f82733e21abb48259.jpg?ver=1776956734","contentUrl":"https:\/\/redelitoralrs.com\/wp-content\/litespeed\/avatar\/779aafbb45e66c7f82733e21abb48259.jpg?ver=1776956734","caption":"Reda\u00e7\u00e3o TV Litoral"},"description":"A Rede Litoral de Comunica\u00e7\u00e3o \u00e9 um grupo de m\u00eddia multiplataforma do Litoral Norte do RS. Com atua\u00e7\u00e3o em TV, r\u00e1dio, portal e redes sociais, levamos informa\u00e7\u00e3o, conte\u00fado e entretenimento \u00e0 comunidade, fortalecendo a comunica\u00e7\u00e3o local e impulsionando o desenvolvimento regional. Acompanhe atrav\u00e9s de @redelitoralrs.","sameAs":["https:\/\/redelitoralrs.com","https:\/\/www.instagram.com\/redelitoralrs","https:\/\/www.youtube.com\/@redelitoralrs"],"url":"https:\/\/redelitoralrs.com\/index.php\/author\/redacaotvlitoral\/"}]}},"_links":{"self":[{"href":"https:\/\/redelitoralrs.com\/index.php\/wp-json\/wp\/v2\/posts\/758","targetHints":{"allow":["GET"]}}],"collection":[{"href":"https:\/\/redelitoralrs.com\/index.php\/wp-json\/wp\/v2\/posts"}],"about":[{"href":"https:\/\/redelitoralrs.com\/index.php\/wp-json\/wp\/v2\/types\/post"}],"author":[{"embeddable":true,"href":"https:\/\/redelitoralrs.com\/index.php\/wp-json\/wp\/v2\/users\/2"}],"replies":[{"embeddable":true,"href":"https:\/\/redelitoralrs.com\/index.php\/wp-json\/wp\/v2\/comments?post=758"}],"version-history":[{"count":1,"href":"https:\/\/redelitoralrs.com\/index.php\/wp-json\/wp\/v2\/posts\/758\/revisions"}],"predecessor-version":[{"id":760,"href":"https:\/\/redelitoralrs.com\/index.php\/wp-json\/wp\/v2\/posts\/758\/revisions\/760"}],"wp:featuredmedia":[{"embeddable":true,"href":"https:\/\/redelitoralrs.com\/index.php\/wp-json\/wp\/v2\/media\/759"}],"wp:attachment":[{"href":"https:\/\/redelitoralrs.com\/index.php\/wp-json\/wp\/v2\/media?parent=758"}],"wp:term":[{"taxonomy":"category","embeddable":true,"href":"https:\/\/redelitoralrs.com\/index.php\/wp-json\/wp\/v2\/categories?post=758"},{"taxonomy":"post_tag","embeddable":true,"href":"https:\/\/redelitoralrs.com\/index.php\/wp-json\/wp\/v2\/tags?post=758"}],"curies":[{"name":"wp","href":"https:\/\/api.w.org\/{rel}","templated":true}]}}