{"id":755,"date":"2024-02-21T08:15:28","date_gmt":"2024-02-21T11:15:28","guid":{"rendered":"https:\/\/redelitoralrs.com\/?p=755"},"modified":"2024-02-21T08:15:28","modified_gmt":"2024-02-21T11:15:28","slug":"senado-aprova-fim-das-saidinhas-de-presos","status":"publish","type":"post","link":"https:\/\/redelitoralrs.com\/index.php\/2024\/02\/21\/senado-aprova-fim-das-saidinhas-de-presos\/","title":{"rendered":"Senado aprova fim das \u201csaidinhas\u201d de presos"},"content":{"rendered":"\n<p>O Senado aprovou nesta ter\u00e7a-feira (20) o projeto de lei que acaba com as sa\u00eddas tempor\u00e1rias de presos em feriados e datas comemorativas, mas mant\u00e9m a autoriza\u00e7\u00e3o para que detentos em regime semiaberto possam estudar fora da pris\u00e3o. Como os senadores fizeram mudan\u00e7as, a proposta ser\u00e1 analisada novamente pela C\u00e2mara dos Deputados, que aprovou o projeto em 2022.<\/p>\n\n\n\n<p>A proposta foi aprovada por 62 votos favor\u00e1veis e dois contr\u00e1rios &#8211; dos senadores Cid Gomes (PSB-CE) e Rog\u00e9rio Carvalho (PT-SE).<\/p>\n\n\n\n<p>A legisla\u00e7\u00e3o atual prev\u00ea a sa\u00edda tempor\u00e1ria, conhecida como \u201csaidinha\u201d, para condenados no regime semiaberto. Eles podem deixar a pris\u00e3o cinco vezes ao ano para visitar a fam\u00edlia em feriados, estudar fora ou participar de atividades de ressocializa\u00e7\u00e3o.<\/p>\n\n\n\n<p>Segundo o relator da proposta no Senado, Fl\u00e1vio Bolsonaro (PL-RJ), o projeto de lei aprovado hoje busca extinguir a sa\u00edda tempor\u00e1ria em vista dos recorrentes casos de presos detidos que cometem infra\u00e7\u00f5es penais durante o gozo desse benef\u00edcio. \u201cAo permitir que presos ainda n\u00e3o reintegrados ao conv\u00edvio social se beneficiem da sa\u00edda tempor\u00e1ria, o Poder P\u00fablico coloca toda a popula\u00e7\u00e3o em risco\u201d, argumentou.<\/p>\n\n\n\n<p>A proposta aprovada tamb\u00e9m prev\u00ea a realiza\u00e7\u00e3o de exame criminol\u00f3gico para permitir a progress\u00e3o de regime de condenados. De acordo com o texto, um apenado s\u00f3 ter\u00e1 direito ao benef\u00edcio se \u201costentar boa conduta carcer\u00e1ria, comprovada pelo diretor do estabelecimento e pelos resultados do exame criminol\u00f3gico\u201d.<\/p>\n\n\n\n<p>\u201cO exame \u00e9 uma junta m\u00e9dica em que um conjunto de m\u00e9dicos, psiquiatras, psic\u00f3logos e assistentes sociais vai determinar de forma t\u00e9cnica a capacidade dessa pessoa ter direito a progress\u00e3o de regime ou livramento condicional\u201d, explicou o senador.<\/p>\n\n\n\n<p>Por emenda apresentada pelo senador Sergio Moro (Uni\u00e3o Brasil-PR) na Comiss\u00e3o de Seguran\u00e7a P\u00fablica, fica permitida a sa\u00edda de presos para frequ\u00eancia a curso profissionalizante, de ensino m\u00e9dio ou superior. N\u00e3o se enquadram nessa permiss\u00e3o os presos que praticaram crime hediondo ou crime praticado com viol\u00eancia ou grave amea\u00e7a contra a pessoa.<\/p>\n\n\n\n<p>O projeto estabelece regras para a monitora\u00e7\u00e3o de presos com o uso de tornozeleira eletr\u00f4nica. Segundo a proposi\u00e7\u00e3o, o juiz pode determinar a fiscaliza\u00e7\u00e3o eletr\u00f4nica como requisito para o cumprimento de penas do regime aberto e semiaberto e de presos com restri\u00e7\u00e3o de circula\u00e7\u00e3o p\u00fablica e para estabelecer o livramento condicional.<\/p>\n\n\n\n<p>A legisla\u00e7\u00e3o ser\u00e1 chamada de \u201cLei Sargento PM Dias\u201d, em homenagem ao policial militar de Minas Gerais que foi morto em janeiro deste ano durante uma persegui\u00e7\u00e3o na capital mineira. O autor do crime era um benefici\u00e1rio da sa\u00edda tempor\u00e1ria.<\/p>\n\n\n\n<h2 class=\"wp-block-heading\">Governo<\/h2>\n\n\n\n<p>O l\u00edder do governo no Senado, Jaques Wagner (PT-BA), liberou a bancada do governo para votar. Segundo ele, n\u00e3o h\u00e1 ainda nenhuma posi\u00e7\u00e3o firmada pelo governo sobre a possibilidade de vetar a proposta.<\/p>\n\n\n\n<p>O l\u00edder do PT no senado, Fabiano Contarato (PT-ES), se manifestou favor\u00e1vel ao texto-base do projeto e tamb\u00e9m liberou a bancada para a vota\u00e7\u00e3o. Ele disse ser contra a sa\u00edda tempor\u00e1ria de presos.<\/p>\n\n\n\n<h2 class=\"wp-block-heading\">Ressocializa\u00e7\u00e3o<\/h2>\n\n\n\n<p>Especialistas ouvidos pela Ag\u00eancia Brasil avaliam que a extin\u00e7\u00e3o do benef\u00edcio n\u00e3o tem rela\u00e7\u00e3o com a queda na criminalidade.<\/p>\n\n\n\n<p>O secret\u00e1rio Nacional de Pol\u00edticas Penais (Senappen), Rafael Velasco, lembra que o cumprimento do benef\u00edcio da sa\u00edda tempor\u00e1ria n\u00e3o \u00e9 uma exclusividade do Brasil, que existe em todo o mundo, e que \u00e9 absolutamente necess\u00e1rio para a retomada da vida fora da pris\u00e3o ap\u00f3s cumprimento da pena.<\/p>\n\n\n\n<p>\u201c\u00c9 um benef\u00edcio humanit\u00e1rio, ele serve para reintegra\u00e7\u00e3o social progressiva do preso, serve dentro dos processos de ressocializa\u00e7\u00e3o dele, uma aproxima\u00e7\u00e3o tanto familiar quanto social\u201d, ressalta o secret\u00e1rio.<\/p>\n\n\n\n<p>A diretora-executiva do Instituto de Defesa do Direito de Defesa (IDDD), Marina Dias, avalia que a sa\u00edda tempor\u00e1ria \u00e9 extremamente importante para o processo de ressocializa\u00e7\u00e3o, de retomada da vida daquela pessoa que est\u00e1 j\u00e1 cumprindo a pena, mas j\u00e1 est\u00e1 num processo de t\u00e9rmino da pena, justamente para retomar os seus v\u00ednculos na comunidade e com seus familiares.<\/p>\n\n\n\n<p>As pessoas encarceradas que t\u00eam direito \u00e0 sa\u00edda tempor\u00e1ria s\u00e3o aquelas que est\u00e3o no regime semiaberto, ou seja, que j\u00e1 podem deixar o pres\u00eddio em algum momento para trabalhar, estudar ou para atividades que possam contribuir para sua reintegra\u00e7\u00e3o social.<\/p>\n","protected":false},"excerpt":{"rendered":"<p>O Senado aprovou nesta ter\u00e7a-feira (20) o projeto de lei que acaba com as sa\u00eddas tempor\u00e1rias de presos em feriados e datas comemorativas, mas mant\u00e9m a autoriza\u00e7\u00e3o para que detentos em regime semiaberto possam estudar fora da pris\u00e3o. Como os senadores fizeram mudan\u00e7as, a proposta ser\u00e1 analisada novamente pela C\u00e2mara dos Deputados, que aprovou o [&hellip;]<\/p>\n","protected":false},"author":2,"featured_media":756,"comment_status":"open","ping_status":"open","sticky":false,"template":"","format":"standard","meta":{"_themeisle_gutenberg_block_has_review":false,"footnotes":""},"categories":[15],"tags":[],"class_list":["post-755","post","type-post","status-publish","format-standard","has-post-thumbnail","hentry","category-noticias"],"yoast_head":"<!-- This site is optimized with the Yoast SEO plugin v27.4 - https:\/\/yoast.com\/product\/yoast-seo-wordpress\/ -->\n<title>Senado aprova fim das \u201csaidinhas\u201d de presos - Rede Litoral RS<\/title>\n<meta name=\"robots\" content=\"index, follow, max-snippet:-1, max-image-preview:large, max-video-preview:-1\" \/>\n<link rel=\"canonical\" href=\"https:\/\/redelitoralrs.com\/index.php\/2024\/02\/21\/senado-aprova-fim-das-saidinhas-de-presos\/\" \/>\n<meta property=\"og:locale\" content=\"pt_BR\" \/>\n<meta property=\"og:type\" content=\"article\" \/>\n<meta property=\"og:title\" content=\"Senado aprova fim das \u201csaidinhas\u201d de presos - Rede Litoral RS\" \/>\n<meta property=\"og:description\" content=\"O Senado aprovou nesta ter\u00e7a-feira (20) o projeto de lei que acaba com as sa\u00eddas tempor\u00e1rias de presos em feriados e datas comemorativas, mas mant\u00e9m a autoriza\u00e7\u00e3o para que detentos em regime semiaberto possam estudar fora da pris\u00e3o. Como os senadores fizeram mudan\u00e7as, a proposta ser\u00e1 analisada novamente pela C\u00e2mara dos Deputados, que aprovou o [&hellip;]\" \/>\n<meta property=\"og:url\" content=\"https:\/\/redelitoralrs.com\/index.php\/2024\/02\/21\/senado-aprova-fim-das-saidinhas-de-presos\/\" \/>\n<meta property=\"og:site_name\" content=\"Rede Litoral RS\" \/>\n<meta property=\"article:publisher\" content=\"https:\/\/www.facebook.com\/tvlitoralrsoficial\" \/>\n<meta property=\"article:published_time\" content=\"2024-02-21T11:15:28+00:00\" \/>\n<meta property=\"og:image\" content=\"https:\/\/redelitoralrs.com\/wp-content\/uploads\/2024\/02\/geral.webp\" \/>\n\t<meta property=\"og:image:width\" content=\"860\" \/>\n\t<meta property=\"og:image:height\" content=\"430\" \/>\n\t<meta property=\"og:image:type\" content=\"image\/webp\" \/>\n<meta name=\"author\" content=\"Reda\u00e7\u00e3o TV Litoral\" \/>\n<meta name=\"twitter:card\" content=\"summary_large_image\" \/>\n<meta name=\"twitter:label1\" content=\"Escrito por\" \/>\n\t<meta name=\"twitter:data1\" content=\"Reda\u00e7\u00e3o TV Litoral\" \/>\n\t<meta name=\"twitter:label2\" content=\"Est. tempo de leitura\" \/>\n\t<meta name=\"twitter:data2\" content=\"4 minutos\" \/>\n<script type=\"application\/ld+json\" class=\"yoast-schema-graph\">{\"@context\":\"https:\\\/\\\/schema.org\",\"@graph\":[{\"@type\":\"Article\",\"@id\":\"https:\\\/\\\/redelitoralrs.com\\\/index.php\\\/2024\\\/02\\\/21\\\/senado-aprova-fim-das-saidinhas-de-presos\\\/#article\",\"isPartOf\":{\"@id\":\"https:\\\/\\\/redelitoralrs.com\\\/index.php\\\/2024\\\/02\\\/21\\\/senado-aprova-fim-das-saidinhas-de-presos\\\/\"},\"author\":{\"name\":\"Reda\u00e7\u00e3o TV Litoral\",\"@id\":\"https:\\\/\\\/redelitoralrs.com\\\/#\\\/schema\\\/person\\\/9f8181f2a7359dd3986f05ebaf5bd68a\"},\"headline\":\"Senado aprova fim das \u201csaidinhas\u201d de presos\",\"datePublished\":\"2024-02-21T11:15:28+00:00\",\"mainEntityOfPage\":{\"@id\":\"https:\\\/\\\/redelitoralrs.com\\\/index.php\\\/2024\\\/02\\\/21\\\/senado-aprova-fim-das-saidinhas-de-presos\\\/\"},\"wordCount\":772,\"commentCount\":0,\"publisher\":{\"@id\":\"https:\\\/\\\/redelitoralrs.com\\\/#organization\"},\"image\":{\"@id\":\"https:\\\/\\\/redelitoralrs.com\\\/index.php\\\/2024\\\/02\\\/21\\\/senado-aprova-fim-das-saidinhas-de-presos\\\/#primaryimage\"},\"thumbnailUrl\":\"https:\\\/\\\/redelitoralrs.com\\\/wp-content\\\/uploads\\\/2024\\\/02\\\/geral.webp\",\"articleSection\":[\"\u00daltimas not\u00edcias\"],\"inLanguage\":\"pt-BR\",\"potentialAction\":[{\"@type\":\"CommentAction\",\"name\":\"Comment\",\"target\":[\"https:\\\/\\\/redelitoralrs.com\\\/index.php\\\/2024\\\/02\\\/21\\\/senado-aprova-fim-das-saidinhas-de-presos\\\/#respond\"]}]},{\"@type\":\"WebPage\",\"@id\":\"https:\\\/\\\/redelitoralrs.com\\\/index.php\\\/2024\\\/02\\\/21\\\/senado-aprova-fim-das-saidinhas-de-presos\\\/\",\"url\":\"https:\\\/\\\/redelitoralrs.com\\\/index.php\\\/2024\\\/02\\\/21\\\/senado-aprova-fim-das-saidinhas-de-presos\\\/\",\"name\":\"Senado aprova fim das \u201csaidinhas\u201d de presos - Rede Litoral RS\",\"isPartOf\":{\"@id\":\"https:\\\/\\\/redelitoralrs.com\\\/#website\"},\"primaryImageOfPage\":{\"@id\":\"https:\\\/\\\/redelitoralrs.com\\\/index.php\\\/2024\\\/02\\\/21\\\/senado-aprova-fim-das-saidinhas-de-presos\\\/#primaryimage\"},\"image\":{\"@id\":\"https:\\\/\\\/redelitoralrs.com\\\/index.php\\\/2024\\\/02\\\/21\\\/senado-aprova-fim-das-saidinhas-de-presos\\\/#primaryimage\"},\"thumbnailUrl\":\"https:\\\/\\\/redelitoralrs.com\\\/wp-content\\\/uploads\\\/2024\\\/02\\\/geral.webp\",\"datePublished\":\"2024-02-21T11:15:28+00:00\",\"breadcrumb\":{\"@id\":\"https:\\\/\\\/redelitoralrs.com\\\/index.php\\\/2024\\\/02\\\/21\\\/senado-aprova-fim-das-saidinhas-de-presos\\\/#breadcrumb\"},\"inLanguage\":\"pt-BR\",\"potentialAction\":[{\"@type\":\"ReadAction\",\"target\":[\"https:\\\/\\\/redelitoralrs.com\\\/index.php\\\/2024\\\/02\\\/21\\\/senado-aprova-fim-das-saidinhas-de-presos\\\/\"]}]},{\"@type\":\"ImageObject\",\"inLanguage\":\"pt-BR\",\"@id\":\"https:\\\/\\\/redelitoralrs.com\\\/index.php\\\/2024\\\/02\\\/21\\\/senado-aprova-fim-das-saidinhas-de-presos\\\/#primaryimage\",\"url\":\"https:\\\/\\\/redelitoralrs.com\\\/wp-content\\\/uploads\\\/2024\\\/02\\\/geral.webp\",\"contentUrl\":\"https:\\\/\\\/redelitoralrs.com\\\/wp-content\\\/uploads\\\/2024\\\/02\\\/geral.webp\",\"width\":860,\"height\":430},{\"@type\":\"BreadcrumbList\",\"@id\":\"https:\\\/\\\/redelitoralrs.com\\\/index.php\\\/2024\\\/02\\\/21\\\/senado-aprova-fim-das-saidinhas-de-presos\\\/#breadcrumb\",\"itemListElement\":[{\"@type\":\"ListItem\",\"position\":1,\"name\":\"In\u00edcio\",\"item\":\"https:\\\/\\\/redelitoralrs.com\\\/\"},{\"@type\":\"ListItem\",\"position\":2,\"name\":\"Senado aprova fim das \u201csaidinhas\u201d de presos\"}]},{\"@type\":\"WebSite\",\"@id\":\"https:\\\/\\\/redelitoralrs.com\\\/#website\",\"url\":\"https:\\\/\\\/redelitoralrs.com\\\/\",\"name\":\"TV Litoral\",\"description\":\"Acompanhe tudo do litoral ga\u00facho com a cobertura completa e atualizada da Rede Litoral RS. Nossos jornalistas trazem as \u00faltimas not\u00edcias, os acontecimentos mais quentes e as hist\u00f3rias que importam sobre nosso amado litoral.\",\"publisher\":{\"@id\":\"https:\\\/\\\/redelitoralrs.com\\\/#organization\"},\"potentialAction\":[{\"@type\":\"SearchAction\",\"target\":{\"@type\":\"EntryPoint\",\"urlTemplate\":\"https:\\\/\\\/redelitoralrs.com\\\/?s={search_term_string}\"},\"query-input\":{\"@type\":\"PropertyValueSpecification\",\"valueRequired\":true,\"valueName\":\"search_term_string\"}}],\"inLanguage\":\"pt-BR\"},{\"@type\":\"Organization\",\"@id\":\"https:\\\/\\\/redelitoralrs.com\\\/#organization\",\"name\":\"TV Litoral\",\"url\":\"https:\\\/\\\/redelitoralrs.com\\\/\",\"logo\":{\"@type\":\"ImageObject\",\"inLanguage\":\"pt-BR\",\"@id\":\"https:\\\/\\\/redelitoralrs.com\\\/#\\\/schema\\\/logo\\\/image\\\/\",\"url\":\"https:\\\/\\\/redelitoralrs.com\\\/wp-content\\\/uploads\\\/2024\\\/01\\\/faviconicon-1-1.png\",\"contentUrl\":\"https:\\\/\\\/redelitoralrs.com\\\/wp-content\\\/uploads\\\/2024\\\/01\\\/faviconicon-1-1.png\",\"width\":454,\"height\":454,\"caption\":\"TV Litoral\"},\"image\":{\"@id\":\"https:\\\/\\\/redelitoralrs.com\\\/#\\\/schema\\\/logo\\\/image\\\/\"},\"sameAs\":[\"https:\\\/\\\/www.facebook.com\\\/tvlitoralrsoficial\",\"https:\\\/\\\/www.instagram.com\\\/tvlitoral.rs\"]},{\"@type\":\"Person\",\"@id\":\"https:\\\/\\\/redelitoralrs.com\\\/#\\\/schema\\\/person\\\/9f8181f2a7359dd3986f05ebaf5bd68a\",\"name\":\"Reda\u00e7\u00e3o TV Litoral\",\"image\":{\"@type\":\"ImageObject\",\"inLanguage\":\"pt-BR\",\"@id\":\"https:\\\/\\\/redelitoralrs.com\\\/wp-content\\\/litespeed\\\/avatar\\\/779aafbb45e66c7f82733e21abb48259.jpg?ver=1776956734\",\"url\":\"https:\\\/\\\/redelitoralrs.com\\\/wp-content\\\/litespeed\\\/avatar\\\/779aafbb45e66c7f82733e21abb48259.jpg?ver=1776956734\",\"contentUrl\":\"https:\\\/\\\/redelitoralrs.com\\\/wp-content\\\/litespeed\\\/avatar\\\/779aafbb45e66c7f82733e21abb48259.jpg?ver=1776956734\",\"caption\":\"Reda\u00e7\u00e3o TV Litoral\"},\"description\":\"A Rede Litoral de Comunica\u00e7\u00e3o \u00e9 um grupo de m\u00eddia multiplataforma do Litoral Norte do RS. Com atua\u00e7\u00e3o em TV, r\u00e1dio, portal e redes sociais, levamos informa\u00e7\u00e3o, conte\u00fado e entretenimento \u00e0 comunidade, fortalecendo a comunica\u00e7\u00e3o local e impulsionando o desenvolvimento regional. Acompanhe atrav\u00e9s de @redelitoralrs.\",\"sameAs\":[\"https:\\\/\\\/redelitoralrs.com\",\"https:\\\/\\\/www.instagram.com\\\/redelitoralrs\",\"https:\\\/\\\/www.youtube.com\\\/@redelitoralrs\"],\"url\":\"https:\\\/\\\/redelitoralrs.com\\\/index.php\\\/author\\\/redacaotvlitoral\\\/\"}]}<\/script>\n<!-- \/ Yoast SEO plugin. -->","yoast_head_json":{"title":"Senado aprova fim das \u201csaidinhas\u201d de presos - Rede Litoral RS","robots":{"index":"index","follow":"follow","max-snippet":"max-snippet:-1","max-image-preview":"max-image-preview:large","max-video-preview":"max-video-preview:-1"},"canonical":"https:\/\/redelitoralrs.com\/index.php\/2024\/02\/21\/senado-aprova-fim-das-saidinhas-de-presos\/","og_locale":"pt_BR","og_type":"article","og_title":"Senado aprova fim das \u201csaidinhas\u201d de presos - Rede Litoral RS","og_description":"O Senado aprovou nesta ter\u00e7a-feira (20) o projeto de lei que acaba com as sa\u00eddas tempor\u00e1rias de presos em feriados e datas comemorativas, mas mant\u00e9m a autoriza\u00e7\u00e3o para que detentos em regime semiaberto possam estudar fora da pris\u00e3o. Como os senadores fizeram mudan\u00e7as, a proposta ser\u00e1 analisada novamente pela C\u00e2mara dos Deputados, que aprovou o [&hellip;]","og_url":"https:\/\/redelitoralrs.com\/index.php\/2024\/02\/21\/senado-aprova-fim-das-saidinhas-de-presos\/","og_site_name":"Rede Litoral RS","article_publisher":"https:\/\/www.facebook.com\/tvlitoralrsoficial","article_published_time":"2024-02-21T11:15:28+00:00","og_image":[{"width":860,"height":430,"url":"https:\/\/redelitoralrs.com\/wp-content\/uploads\/2024\/02\/geral.webp","type":"image\/webp"}],"author":"Reda\u00e7\u00e3o TV Litoral","twitter_card":"summary_large_image","twitter_misc":{"Escrito por":"Reda\u00e7\u00e3o TV Litoral","Est. tempo de leitura":"4 minutos"},"schema":{"@context":"https:\/\/schema.org","@graph":[{"@type":"Article","@id":"https:\/\/redelitoralrs.com\/index.php\/2024\/02\/21\/senado-aprova-fim-das-saidinhas-de-presos\/#article","isPartOf":{"@id":"https:\/\/redelitoralrs.com\/index.php\/2024\/02\/21\/senado-aprova-fim-das-saidinhas-de-presos\/"},"author":{"name":"Reda\u00e7\u00e3o TV Litoral","@id":"https:\/\/redelitoralrs.com\/#\/schema\/person\/9f8181f2a7359dd3986f05ebaf5bd68a"},"headline":"Senado aprova fim das \u201csaidinhas\u201d de presos","datePublished":"2024-02-21T11:15:28+00:00","mainEntityOfPage":{"@id":"https:\/\/redelitoralrs.com\/index.php\/2024\/02\/21\/senado-aprova-fim-das-saidinhas-de-presos\/"},"wordCount":772,"commentCount":0,"publisher":{"@id":"https:\/\/redelitoralrs.com\/#organization"},"image":{"@id":"https:\/\/redelitoralrs.com\/index.php\/2024\/02\/21\/senado-aprova-fim-das-saidinhas-de-presos\/#primaryimage"},"thumbnailUrl":"https:\/\/redelitoralrs.com\/wp-content\/uploads\/2024\/02\/geral.webp","articleSection":["\u00daltimas not\u00edcias"],"inLanguage":"pt-BR","potentialAction":[{"@type":"CommentAction","name":"Comment","target":["https:\/\/redelitoralrs.com\/index.php\/2024\/02\/21\/senado-aprova-fim-das-saidinhas-de-presos\/#respond"]}]},{"@type":"WebPage","@id":"https:\/\/redelitoralrs.com\/index.php\/2024\/02\/21\/senado-aprova-fim-das-saidinhas-de-presos\/","url":"https:\/\/redelitoralrs.com\/index.php\/2024\/02\/21\/senado-aprova-fim-das-saidinhas-de-presos\/","name":"Senado aprova fim das \u201csaidinhas\u201d de presos - Rede Litoral RS","isPartOf":{"@id":"https:\/\/redelitoralrs.com\/#website"},"primaryImageOfPage":{"@id":"https:\/\/redelitoralrs.com\/index.php\/2024\/02\/21\/senado-aprova-fim-das-saidinhas-de-presos\/#primaryimage"},"image":{"@id":"https:\/\/redelitoralrs.com\/index.php\/2024\/02\/21\/senado-aprova-fim-das-saidinhas-de-presos\/#primaryimage"},"thumbnailUrl":"https:\/\/redelitoralrs.com\/wp-content\/uploads\/2024\/02\/geral.webp","datePublished":"2024-02-21T11:15:28+00:00","breadcrumb":{"@id":"https:\/\/redelitoralrs.com\/index.php\/2024\/02\/21\/senado-aprova-fim-das-saidinhas-de-presos\/#breadcrumb"},"inLanguage":"pt-BR","potentialAction":[{"@type":"ReadAction","target":["https:\/\/redelitoralrs.com\/index.php\/2024\/02\/21\/senado-aprova-fim-das-saidinhas-de-presos\/"]}]},{"@type":"ImageObject","inLanguage":"pt-BR","@id":"https:\/\/redelitoralrs.com\/index.php\/2024\/02\/21\/senado-aprova-fim-das-saidinhas-de-presos\/#primaryimage","url":"https:\/\/redelitoralrs.com\/wp-content\/uploads\/2024\/02\/geral.webp","contentUrl":"https:\/\/redelitoralrs.com\/wp-content\/uploads\/2024\/02\/geral.webp","width":860,"height":430},{"@type":"BreadcrumbList","@id":"https:\/\/redelitoralrs.com\/index.php\/2024\/02\/21\/senado-aprova-fim-das-saidinhas-de-presos\/#breadcrumb","itemListElement":[{"@type":"ListItem","position":1,"name":"In\u00edcio","item":"https:\/\/redelitoralrs.com\/"},{"@type":"ListItem","position":2,"name":"Senado aprova fim das \u201csaidinhas\u201d de presos"}]},{"@type":"WebSite","@id":"https:\/\/redelitoralrs.com\/#website","url":"https:\/\/redelitoralrs.com\/","name":"TV Litoral","description":"Acompanhe tudo do litoral ga\u00facho com a cobertura completa e atualizada da Rede Litoral RS. Nossos jornalistas trazem as \u00faltimas not\u00edcias, os acontecimentos mais quentes e as hist\u00f3rias que importam sobre nosso amado litoral.","publisher":{"@id":"https:\/\/redelitoralrs.com\/#organization"},"potentialAction":[{"@type":"SearchAction","target":{"@type":"EntryPoint","urlTemplate":"https:\/\/redelitoralrs.com\/?s={search_term_string}"},"query-input":{"@type":"PropertyValueSpecification","valueRequired":true,"valueName":"search_term_string"}}],"inLanguage":"pt-BR"},{"@type":"Organization","@id":"https:\/\/redelitoralrs.com\/#organization","name":"TV Litoral","url":"https:\/\/redelitoralrs.com\/","logo":{"@type":"ImageObject","inLanguage":"pt-BR","@id":"https:\/\/redelitoralrs.com\/#\/schema\/logo\/image\/","url":"https:\/\/redelitoralrs.com\/wp-content\/uploads\/2024\/01\/faviconicon-1-1.png","contentUrl":"https:\/\/redelitoralrs.com\/wp-content\/uploads\/2024\/01\/faviconicon-1-1.png","width":454,"height":454,"caption":"TV Litoral"},"image":{"@id":"https:\/\/redelitoralrs.com\/#\/schema\/logo\/image\/"},"sameAs":["https:\/\/www.facebook.com\/tvlitoralrsoficial","https:\/\/www.instagram.com\/tvlitoral.rs"]},{"@type":"Person","@id":"https:\/\/redelitoralrs.com\/#\/schema\/person\/9f8181f2a7359dd3986f05ebaf5bd68a","name":"Reda\u00e7\u00e3o TV Litoral","image":{"@type":"ImageObject","inLanguage":"pt-BR","@id":"https:\/\/redelitoralrs.com\/wp-content\/litespeed\/avatar\/779aafbb45e66c7f82733e21abb48259.jpg?ver=1776956734","url":"https:\/\/redelitoralrs.com\/wp-content\/litespeed\/avatar\/779aafbb45e66c7f82733e21abb48259.jpg?ver=1776956734","contentUrl":"https:\/\/redelitoralrs.com\/wp-content\/litespeed\/avatar\/779aafbb45e66c7f82733e21abb48259.jpg?ver=1776956734","caption":"Reda\u00e7\u00e3o TV Litoral"},"description":"A Rede Litoral de Comunica\u00e7\u00e3o \u00e9 um grupo de m\u00eddia multiplataforma do Litoral Norte do RS. Com atua\u00e7\u00e3o em TV, r\u00e1dio, portal e redes sociais, levamos informa\u00e7\u00e3o, conte\u00fado e entretenimento \u00e0 comunidade, fortalecendo a comunica\u00e7\u00e3o local e impulsionando o desenvolvimento regional. Acompanhe atrav\u00e9s de @redelitoralrs.","sameAs":["https:\/\/redelitoralrs.com","https:\/\/www.instagram.com\/redelitoralrs","https:\/\/www.youtube.com\/@redelitoralrs"],"url":"https:\/\/redelitoralrs.com\/index.php\/author\/redacaotvlitoral\/"}]}},"_links":{"self":[{"href":"https:\/\/redelitoralrs.com\/index.php\/wp-json\/wp\/v2\/posts\/755","targetHints":{"allow":["GET"]}}],"collection":[{"href":"https:\/\/redelitoralrs.com\/index.php\/wp-json\/wp\/v2\/posts"}],"about":[{"href":"https:\/\/redelitoralrs.com\/index.php\/wp-json\/wp\/v2\/types\/post"}],"author":[{"embeddable":true,"href":"https:\/\/redelitoralrs.com\/index.php\/wp-json\/wp\/v2\/users\/2"}],"replies":[{"embeddable":true,"href":"https:\/\/redelitoralrs.com\/index.php\/wp-json\/wp\/v2\/comments?post=755"}],"version-history":[{"count":1,"href":"https:\/\/redelitoralrs.com\/index.php\/wp-json\/wp\/v2\/posts\/755\/revisions"}],"predecessor-version":[{"id":757,"href":"https:\/\/redelitoralrs.com\/index.php\/wp-json\/wp\/v2\/posts\/755\/revisions\/757"}],"wp:featuredmedia":[{"embeddable":true,"href":"https:\/\/redelitoralrs.com\/index.php\/wp-json\/wp\/v2\/media\/756"}],"wp:attachment":[{"href":"https:\/\/redelitoralrs.com\/index.php\/wp-json\/wp\/v2\/media?parent=755"}],"wp:term":[{"taxonomy":"category","embeddable":true,"href":"https:\/\/redelitoralrs.com\/index.php\/wp-json\/wp\/v2\/categories?post=755"},{"taxonomy":"post_tag","embeddable":true,"href":"https:\/\/redelitoralrs.com\/index.php\/wp-json\/wp\/v2\/tags?post=755"}],"curies":[{"name":"wp","href":"https:\/\/api.w.org\/{rel}","templated":true}]}}