{"id":7411,"date":"2025-03-03T19:00:00","date_gmt":"2025-03-03T22:00:00","guid":{"rendered":"https:\/\/redelitoralrs.com\/?p=7411"},"modified":"2025-03-03T16:24:36","modified_gmt":"2025-03-03T19:24:36","slug":"brigada-militar-destaca-reducao-nos-indices-criminais-durante-operacao-carnaval-2025","status":"publish","type":"post","link":"https:\/\/redelitoralrs.com\/index.php\/2025\/03\/03\/brigada-militar-destaca-reducao-nos-indices-criminais-durante-operacao-carnaval-2025\/","title":{"rendered":"Brigada Militar destaca redu\u00e7\u00e3o nos \u00edndices criminais durante Opera\u00e7\u00e3o Carnaval 2025"},"content":{"rendered":"\n<p><\/p>\n\n\n\n<p>A Brigada Militar do Rio Grande do Sul divulgou um balan\u00e7o parcial da Opera\u00e7\u00e3o Carnaval 2025, evidenciando avan\u00e7os significativos na seguran\u00e7a p\u00fablica durante os primeiros tr\u00eas dias de festividades. Com um contingente superior a 5 mil policiais militares mobilizados, mesmo com a concomit\u00e2ncia de outros eventos no estado, como etapas importantes de campeonatos de futebol, os principais indicadores de criminalidade apresentaram quedas expressivas.<\/p>\n\n\n\n<p><strong>Queda nos Crimes Violentos Letais Intencionais (CVLI)<\/strong><\/p>\n\n\n\n<p>Os CVLI registraram uma redu\u00e7\u00e3o de 70% em compara\u00e7\u00e3o ao mesmo per\u00edodo do ano anterior. Em 2024, foram contabilizadas 33 ocorr\u00eancias desse tipo, enquanto em 2025 o n\u00famero diminuiu para 10.<\/p>\n\n\n\n<p><strong>Diminui\u00e7\u00e3o nos casos de estupro<\/strong><\/p>\n\n\n\n<p>Houve uma redu\u00e7\u00e3o significativa nos registros de estupro, passando de 30 casos no ano anterior para 9 neste ano.<\/p>\n\n\n\n<p><strong>Atendimentos realizados pela Brigada Militar<\/strong><\/p>\n\n\n\n<p>A Brigada Militar atendeu aproximadamente seis mil ocorr\u00eancias durante este per\u00edodo, refletindo o planejamento estrat\u00e9gico que intensificou o policiamento preventivo e ostensivo nas \u00e1reas com maior concentra\u00e7\u00e3o de foli\u00f5es e em pontos estrat\u00e9gicos do estado.<\/p>\n\n\n\n<p><strong>Continuidade das a\u00e7\u00f5es e orienta\u00e7\u00e3o \u00e0 popula\u00e7\u00e3o<\/strong><\/p>\n\n\n\n<p>As opera\u00e7\u00f5es da Brigada Militar prosseguem ao longo do feriado, assegurando maior seguran\u00e7a para a popula\u00e7\u00e3o e reafirmando o compromisso com a manuten\u00e7\u00e3o da ordem p\u00fablica. Em situa\u00e7\u00f5es de emerg\u00eancia ou diante de atividades suspeitas, \u00e9 essencial acionar imediatamente o telefone 190. O contato r\u00e1pido com a Brigada Militar possibilita uma resposta \u00e1gil e eficaz, contribuindo para a seguran\u00e7a de todos durante o Carnaval e ao longo de todo o ano.<\/p>\n\n\n\n<p>A Brigada Militar mant\u00e9m a vigil\u00e2ncia sobre os indicadores e refor\u00e7a as a\u00e7\u00f5es para garantir um Carnaval mais tranquilo para todos.<\/p>\n\n\n\n<figure class=\"wp-block-gallery has-nested-images columns-default is-cropped wp-block-gallery-1 is-layout-flex wp-block-gallery-is-layout-flex\">\n<figure class=\"wp-block-image size-large\"><img fetchpriority=\"high\" decoding=\"async\" width=\"1024\" height=\"682\" data-id=\"7412\" src=\"https:\/\/redelitoralrs.com\/wp-content\/uploads\/2025\/03\/3f156bf5-e2cc-44f3-8b88-ec674c2bb6c1-1024x682.jpg\" alt=\"\" class=\"wp-image-7412\" srcset=\"https:\/\/redelitoralrs.com\/wp-content\/uploads\/2025\/03\/3f156bf5-e2cc-44f3-8b88-ec674c2bb6c1-1024x682.jpg 1024w, https:\/\/redelitoralrs.com\/wp-content\/uploads\/2025\/03\/3f156bf5-e2cc-44f3-8b88-ec674c2bb6c1-300x200.jpg 300w, https:\/\/redelitoralrs.com\/wp-content\/uploads\/2025\/03\/3f156bf5-e2cc-44f3-8b88-ec674c2bb6c1-768x512.jpg 768w, https:\/\/redelitoralrs.com\/wp-content\/uploads\/2025\/03\/3f156bf5-e2cc-44f3-8b88-ec674c2bb6c1-1536x1023.jpg 1536w, https:\/\/redelitoralrs.com\/wp-content\/uploads\/2025\/03\/3f156bf5-e2cc-44f3-8b88-ec674c2bb6c1.jpg 1600w\" sizes=\"(max-width: 1024px) 100vw, 1024px\" \/><\/figure>\n\n\n\n<figure class=\"wp-block-image size-large\"><img decoding=\"async\" width=\"1024\" height=\"682\" data-id=\"7413\" src=\"https:\/\/redelitoralrs.com\/wp-content\/uploads\/2025\/03\/9afccf70-8d38-4162-ac85-37b6a137b8bb-1024x682.jpg\" alt=\"\" class=\"wp-image-7413\" srcset=\"https:\/\/redelitoralrs.com\/wp-content\/uploads\/2025\/03\/9afccf70-8d38-4162-ac85-37b6a137b8bb-1024x682.jpg 1024w, https:\/\/redelitoralrs.com\/wp-content\/uploads\/2025\/03\/9afccf70-8d38-4162-ac85-37b6a137b8bb-300x200.jpg 300w, https:\/\/redelitoralrs.com\/wp-content\/uploads\/2025\/03\/9afccf70-8d38-4162-ac85-37b6a137b8bb-768x512.jpg 768w, https:\/\/redelitoralrs.com\/wp-content\/uploads\/2025\/03\/9afccf70-8d38-4162-ac85-37b6a137b8bb-1536x1023.jpg 1536w, https:\/\/redelitoralrs.com\/wp-content\/uploads\/2025\/03\/9afccf70-8d38-4162-ac85-37b6a137b8bb.jpg 1600w\" sizes=\"(max-width: 1024px) 100vw, 1024px\" \/><\/figure>\n\n\n\n<figure class=\"wp-block-image size-large\"><img decoding=\"async\" width=\"1024\" height=\"682\" data-id=\"7414\" src=\"https:\/\/redelitoralrs.com\/wp-content\/uploads\/2025\/03\/57acfda9-26ec-4bce-99ba-e71c85480730-1024x682.jpg\" alt=\"\" class=\"wp-image-7414\" srcset=\"https:\/\/redelitoralrs.com\/wp-content\/uploads\/2025\/03\/57acfda9-26ec-4bce-99ba-e71c85480730-1024x682.jpg 1024w, https:\/\/redelitoralrs.com\/wp-content\/uploads\/2025\/03\/57acfda9-26ec-4bce-99ba-e71c85480730-300x200.jpg 300w, https:\/\/redelitoralrs.com\/wp-content\/uploads\/2025\/03\/57acfda9-26ec-4bce-99ba-e71c85480730-768x512.jpg 768w, https:\/\/redelitoralrs.com\/wp-content\/uploads\/2025\/03\/57acfda9-26ec-4bce-99ba-e71c85480730-1536x1023.jpg 1536w, https:\/\/redelitoralrs.com\/wp-content\/uploads\/2025\/03\/57acfda9-26ec-4bce-99ba-e71c85480730.jpg 1600w\" sizes=\"(max-width: 1024px) 100vw, 1024px\" \/><\/figure>\n\n\n\n<figure class=\"wp-block-image size-large\"><img loading=\"lazy\" decoding=\"async\" width=\"1024\" height=\"682\" data-id=\"7415\" src=\"https:\/\/redelitoralrs.com\/wp-content\/uploads\/2025\/03\/08128261-21e7-454c-a295-0a73416ec838-1024x682.jpg\" alt=\"\" class=\"wp-image-7415\" srcset=\"https:\/\/redelitoralrs.com\/wp-content\/uploads\/2025\/03\/08128261-21e7-454c-a295-0a73416ec838-1024x682.jpg 1024w, https:\/\/redelitoralrs.com\/wp-content\/uploads\/2025\/03\/08128261-21e7-454c-a295-0a73416ec838-300x200.jpg 300w, https:\/\/redelitoralrs.com\/wp-content\/uploads\/2025\/03\/08128261-21e7-454c-a295-0a73416ec838-768x512.jpg 768w, https:\/\/redelitoralrs.com\/wp-content\/uploads\/2025\/03\/08128261-21e7-454c-a295-0a73416ec838-1536x1023.jpg 1536w, https:\/\/redelitoralrs.com\/wp-content\/uploads\/2025\/03\/08128261-21e7-454c-a295-0a73416ec838.jpg 1600w\" sizes=\"(max-width: 1024px) 100vw, 1024px\" \/><\/figure>\n<\/figure>\n","protected":false},"excerpt":{"rendered":"<p>A Brigada Militar do Rio Grande do Sul divulgou um balan\u00e7o parcial da Opera\u00e7\u00e3o Carnaval 2025, evidenciando avan\u00e7os significativos na seguran\u00e7a p\u00fablica durante os primeiros tr\u00eas dias de festividades. Com um contingente superior a 5 mil policiais militares mobilizados, mesmo com a concomit\u00e2ncia de outros eventos no estado, como etapas importantes de campeonatos de futebol, [&hellip;]<\/p>\n","protected":false},"author":2,"featured_media":7413,"comment_status":"open","ping_status":"open","sticky":false,"template":"","format":"standard","meta":{"_themeisle_gutenberg_block_has_review":false,"footnotes":""},"categories":[20],"tags":[],"class_list":["post-7411","post","type-post","status-publish","format-standard","has-post-thumbnail","hentry","category-litoral_norte"],"yoast_head":"<!-- This site is optimized with the Yoast SEO plugin v27.4 - https:\/\/yoast.com\/product\/yoast-seo-wordpress\/ -->\n<title>Brigada Militar destaca redu\u00e7\u00e3o nos \u00edndices criminais durante Opera\u00e7\u00e3o Carnaval 2025 - Rede Litoral RS<\/title>\n<meta name=\"description\" content=\"A Brigada Militar do Rio Grande do Sul divulgou um balan\u00e7o parcial da Opera\u00e7\u00e3o Carnaval 2025, evidenciando avan\u00e7os significativos na seguran\u00e7a p\u00fablica durante os primeiros tr\u00eas dias de festividades. Com um contingente superior a 5 mil policiais militares mobilizados, mesmo com a concomit\u00e2ncia de outros eventos no estado, como etapas importantes de campeonatos de futebol, os principais indicadores de criminalidade apresentaram quedas expressivas.\" \/>\n<meta name=\"robots\" content=\"index, follow, max-snippet:-1, max-image-preview:large, max-video-preview:-1\" \/>\n<link rel=\"canonical\" href=\"https:\/\/redelitoralrs.com\/index.php\/2025\/03\/03\/brigada-militar-destaca-reducao-nos-indices-criminais-durante-operacao-carnaval-2025\/\" \/>\n<meta property=\"og:locale\" content=\"pt_BR\" \/>\n<meta property=\"og:type\" content=\"article\" \/>\n<meta property=\"og:title\" content=\"Brigada Militar destaca redu\u00e7\u00e3o nos \u00edndices criminais durante Opera\u00e7\u00e3o Carnaval 2025 - Rede Litoral RS\" \/>\n<meta property=\"og:description\" content=\"A Brigada Militar do Rio Grande do Sul divulgou um balan\u00e7o parcial da Opera\u00e7\u00e3o Carnaval 2025, evidenciando avan\u00e7os significativos na seguran\u00e7a p\u00fablica durante os primeiros tr\u00eas dias de festividades. Com um contingente superior a 5 mil policiais militares mobilizados, mesmo com a concomit\u00e2ncia de outros eventos no estado, como etapas importantes de campeonatos de futebol, os principais indicadores de criminalidade apresentaram quedas expressivas.\" \/>\n<meta property=\"og:url\" content=\"https:\/\/redelitoralrs.com\/index.php\/2025\/03\/03\/brigada-militar-destaca-reducao-nos-indices-criminais-durante-operacao-carnaval-2025\/\" \/>\n<meta property=\"og:site_name\" content=\"Rede Litoral RS\" \/>\n<meta property=\"article:publisher\" content=\"https:\/\/www.facebook.com\/tvlitoralrsoficial\" \/>\n<meta property=\"article:published_time\" content=\"2025-03-03T22:00:00+00:00\" \/>\n<meta property=\"og:image\" content=\"https:\/\/redelitoralrs.com\/wp-content\/uploads\/2025\/03\/9afccf70-8d38-4162-ac85-37b6a137b8bb.jpg\" \/>\n\t<meta property=\"og:image:width\" content=\"1600\" \/>\n\t<meta property=\"og:image:height\" content=\"1066\" \/>\n\t<meta property=\"og:image:type\" content=\"image\/jpeg\" \/>\n<meta name=\"author\" content=\"Reda\u00e7\u00e3o TV Litoral\" \/>\n<meta name=\"twitter:card\" content=\"summary_large_image\" \/>\n<meta name=\"twitter:label1\" content=\"Escrito por\" \/>\n\t<meta name=\"twitter:data1\" content=\"Reda\u00e7\u00e3o TV Litoral\" \/>\n\t<meta name=\"twitter:label2\" content=\"Est. tempo de leitura\" \/>\n\t<meta name=\"twitter:data2\" content=\"3 minutos\" \/>\n<script type=\"application\/ld+json\" class=\"yoast-schema-graph\">{\"@context\":\"https:\\\/\\\/schema.org\",\"@graph\":[{\"@type\":\"Article\",\"@id\":\"https:\\\/\\\/redelitoralrs.com\\\/index.php\\\/2025\\\/03\\\/03\\\/brigada-militar-destaca-reducao-nos-indices-criminais-durante-operacao-carnaval-2025\\\/#article\",\"isPartOf\":{\"@id\":\"https:\\\/\\\/redelitoralrs.com\\\/index.php\\\/2025\\\/03\\\/03\\\/brigada-militar-destaca-reducao-nos-indices-criminais-durante-operacao-carnaval-2025\\\/\"},\"author\":{\"name\":\"Reda\u00e7\u00e3o TV Litoral\",\"@id\":\"https:\\\/\\\/redelitoralrs.com\\\/#\\\/schema\\\/person\\\/9f8181f2a7359dd3986f05ebaf5bd68a\"},\"headline\":\"Brigada Militar destaca redu\u00e7\u00e3o nos \u00edndices criminais durante Opera\u00e7\u00e3o Carnaval 2025\",\"datePublished\":\"2025-03-03T22:00:00+00:00\",\"mainEntityOfPage\":{\"@id\":\"https:\\\/\\\/redelitoralrs.com\\\/index.php\\\/2025\\\/03\\\/03\\\/brigada-militar-destaca-reducao-nos-indices-criminais-durante-operacao-carnaval-2025\\\/\"},\"wordCount\":300,\"commentCount\":0,\"publisher\":{\"@id\":\"https:\\\/\\\/redelitoralrs.com\\\/#organization\"},\"image\":{\"@id\":\"https:\\\/\\\/redelitoralrs.com\\\/index.php\\\/2025\\\/03\\\/03\\\/brigada-militar-destaca-reducao-nos-indices-criminais-durante-operacao-carnaval-2025\\\/#primaryimage\"},\"thumbnailUrl\":\"https:\\\/\\\/redelitoralrs.com\\\/wp-content\\\/uploads\\\/2025\\\/03\\\/9afccf70-8d38-4162-ac85-37b6a137b8bb.jpg\",\"articleSection\":[\"Litoral Norte\"],\"inLanguage\":\"pt-BR\",\"potentialAction\":[{\"@type\":\"CommentAction\",\"name\":\"Comment\",\"target\":[\"https:\\\/\\\/redelitoralrs.com\\\/index.php\\\/2025\\\/03\\\/03\\\/brigada-militar-destaca-reducao-nos-indices-criminais-durante-operacao-carnaval-2025\\\/#respond\"]}]},{\"@type\":\"WebPage\",\"@id\":\"https:\\\/\\\/redelitoralrs.com\\\/index.php\\\/2025\\\/03\\\/03\\\/brigada-militar-destaca-reducao-nos-indices-criminais-durante-operacao-carnaval-2025\\\/\",\"url\":\"https:\\\/\\\/redelitoralrs.com\\\/index.php\\\/2025\\\/03\\\/03\\\/brigada-militar-destaca-reducao-nos-indices-criminais-durante-operacao-carnaval-2025\\\/\",\"name\":\"Brigada Militar destaca redu\u00e7\u00e3o nos \u00edndices criminais durante Opera\u00e7\u00e3o Carnaval 2025 - Rede Litoral RS\",\"isPartOf\":{\"@id\":\"https:\\\/\\\/redelitoralrs.com\\\/#website\"},\"primaryImageOfPage\":{\"@id\":\"https:\\\/\\\/redelitoralrs.com\\\/index.php\\\/2025\\\/03\\\/03\\\/brigada-militar-destaca-reducao-nos-indices-criminais-durante-operacao-carnaval-2025\\\/#primaryimage\"},\"image\":{\"@id\":\"https:\\\/\\\/redelitoralrs.com\\\/index.php\\\/2025\\\/03\\\/03\\\/brigada-militar-destaca-reducao-nos-indices-criminais-durante-operacao-carnaval-2025\\\/#primaryimage\"},\"thumbnailUrl\":\"https:\\\/\\\/redelitoralrs.com\\\/wp-content\\\/uploads\\\/2025\\\/03\\\/9afccf70-8d38-4162-ac85-37b6a137b8bb.jpg\",\"datePublished\":\"2025-03-03T22:00:00+00:00\",\"description\":\"A Brigada Militar do Rio Grande do Sul divulgou um balan\u00e7o parcial da Opera\u00e7\u00e3o Carnaval 2025, evidenciando avan\u00e7os significativos na seguran\u00e7a p\u00fablica durante os primeiros tr\u00eas dias de festividades. Com um contingente superior a 5 mil policiais militares mobilizados, mesmo com a concomit\u00e2ncia de outros eventos no estado, como etapas importantes de campeonatos de futebol, os principais indicadores de criminalidade apresentaram quedas expressivas.\",\"breadcrumb\":{\"@id\":\"https:\\\/\\\/redelitoralrs.com\\\/index.php\\\/2025\\\/03\\\/03\\\/brigada-militar-destaca-reducao-nos-indices-criminais-durante-operacao-carnaval-2025\\\/#breadcrumb\"},\"inLanguage\":\"pt-BR\",\"potentialAction\":[{\"@type\":\"ReadAction\",\"target\":[\"https:\\\/\\\/redelitoralrs.com\\\/index.php\\\/2025\\\/03\\\/03\\\/brigada-militar-destaca-reducao-nos-indices-criminais-durante-operacao-carnaval-2025\\\/\"]}]},{\"@type\":\"ImageObject\",\"inLanguage\":\"pt-BR\",\"@id\":\"https:\\\/\\\/redelitoralrs.com\\\/index.php\\\/2025\\\/03\\\/03\\\/brigada-militar-destaca-reducao-nos-indices-criminais-durante-operacao-carnaval-2025\\\/#primaryimage\",\"url\":\"https:\\\/\\\/redelitoralrs.com\\\/wp-content\\\/uploads\\\/2025\\\/03\\\/9afccf70-8d38-4162-ac85-37b6a137b8bb.jpg\",\"contentUrl\":\"https:\\\/\\\/redelitoralrs.com\\\/wp-content\\\/uploads\\\/2025\\\/03\\\/9afccf70-8d38-4162-ac85-37b6a137b8bb.jpg\",\"width\":1600,\"height\":1066},{\"@type\":\"BreadcrumbList\",\"@id\":\"https:\\\/\\\/redelitoralrs.com\\\/index.php\\\/2025\\\/03\\\/03\\\/brigada-militar-destaca-reducao-nos-indices-criminais-durante-operacao-carnaval-2025\\\/#breadcrumb\",\"itemListElement\":[{\"@type\":\"ListItem\",\"position\":1,\"name\":\"In\u00edcio\",\"item\":\"https:\\\/\\\/redelitoralrs.com\\\/\"},{\"@type\":\"ListItem\",\"position\":2,\"name\":\"Brigada Militar destaca redu\u00e7\u00e3o nos \u00edndices criminais durante Opera\u00e7\u00e3o Carnaval 2025\"}]},{\"@type\":\"WebSite\",\"@id\":\"https:\\\/\\\/redelitoralrs.com\\\/#website\",\"url\":\"https:\\\/\\\/redelitoralrs.com\\\/\",\"name\":\"TV Litoral\",\"description\":\"Acompanhe tudo do litoral ga\u00facho com a cobertura completa e atualizada da Rede Litoral RS. Nossos jornalistas trazem as \u00faltimas not\u00edcias, os acontecimentos mais quentes e as hist\u00f3rias que importam sobre nosso amado litoral.\",\"publisher\":{\"@id\":\"https:\\\/\\\/redelitoralrs.com\\\/#organization\"},\"potentialAction\":[{\"@type\":\"SearchAction\",\"target\":{\"@type\":\"EntryPoint\",\"urlTemplate\":\"https:\\\/\\\/redelitoralrs.com\\\/?s={search_term_string}\"},\"query-input\":{\"@type\":\"PropertyValueSpecification\",\"valueRequired\":true,\"valueName\":\"search_term_string\"}}],\"inLanguage\":\"pt-BR\"},{\"@type\":\"Organization\",\"@id\":\"https:\\\/\\\/redelitoralrs.com\\\/#organization\",\"name\":\"TV Litoral\",\"url\":\"https:\\\/\\\/redelitoralrs.com\\\/\",\"logo\":{\"@type\":\"ImageObject\",\"inLanguage\":\"pt-BR\",\"@id\":\"https:\\\/\\\/redelitoralrs.com\\\/#\\\/schema\\\/logo\\\/image\\\/\",\"url\":\"https:\\\/\\\/redelitoralrs.com\\\/wp-content\\\/uploads\\\/2024\\\/01\\\/faviconicon-1-1.png\",\"contentUrl\":\"https:\\\/\\\/redelitoralrs.com\\\/wp-content\\\/uploads\\\/2024\\\/01\\\/faviconicon-1-1.png\",\"width\":454,\"height\":454,\"caption\":\"TV Litoral\"},\"image\":{\"@id\":\"https:\\\/\\\/redelitoralrs.com\\\/#\\\/schema\\\/logo\\\/image\\\/\"},\"sameAs\":[\"https:\\\/\\\/www.facebook.com\\\/tvlitoralrsoficial\",\"https:\\\/\\\/www.instagram.com\\\/tvlitoral.rs\"]},{\"@type\":\"Person\",\"@id\":\"https:\\\/\\\/redelitoralrs.com\\\/#\\\/schema\\\/person\\\/9f8181f2a7359dd3986f05ebaf5bd68a\",\"name\":\"Reda\u00e7\u00e3o TV Litoral\",\"image\":{\"@type\":\"ImageObject\",\"inLanguage\":\"pt-BR\",\"@id\":\"https:\\\/\\\/redelitoralrs.com\\\/wp-content\\\/litespeed\\\/avatar\\\/779aafbb45e66c7f82733e21abb48259.jpg?ver=1777561602\",\"url\":\"https:\\\/\\\/redelitoralrs.com\\\/wp-content\\\/litespeed\\\/avatar\\\/779aafbb45e66c7f82733e21abb48259.jpg?ver=1777561602\",\"contentUrl\":\"https:\\\/\\\/redelitoralrs.com\\\/wp-content\\\/litespeed\\\/avatar\\\/779aafbb45e66c7f82733e21abb48259.jpg?ver=1777561602\",\"caption\":\"Reda\u00e7\u00e3o TV Litoral\"},\"description\":\"A Rede Litoral de Comunica\u00e7\u00e3o \u00e9 um grupo de m\u00eddia multiplataforma do Litoral Norte do RS. Com atua\u00e7\u00e3o em TV, r\u00e1dio, portal e redes sociais, levamos informa\u00e7\u00e3o, conte\u00fado e entretenimento \u00e0 comunidade, fortalecendo a comunica\u00e7\u00e3o local e impulsionando o desenvolvimento regional. Acompanhe atrav\u00e9s de @redelitoralrs.\",\"sameAs\":[\"https:\\\/\\\/redelitoralrs.com\",\"https:\\\/\\\/www.instagram.com\\\/redelitoralrs\",\"https:\\\/\\\/www.youtube.com\\\/@redelitoralrs\"],\"url\":\"https:\\\/\\\/redelitoralrs.com\\\/index.php\\\/author\\\/redacaotvlitoral\\\/\"}]}<\/script>\n<!-- \/ Yoast SEO plugin. -->","yoast_head_json":{"title":"Brigada Militar destaca redu\u00e7\u00e3o nos \u00edndices criminais durante Opera\u00e7\u00e3o Carnaval 2025 - Rede Litoral RS","description":"A Brigada Militar do Rio Grande do Sul divulgou um balan\u00e7o parcial da Opera\u00e7\u00e3o Carnaval 2025, evidenciando avan\u00e7os significativos na seguran\u00e7a p\u00fablica durante os primeiros tr\u00eas dias de festividades. Com um contingente superior a 5 mil policiais militares mobilizados, mesmo com a concomit\u00e2ncia de outros eventos no estado, como etapas importantes de campeonatos de futebol, os principais indicadores de criminalidade apresentaram quedas expressivas.","robots":{"index":"index","follow":"follow","max-snippet":"max-snippet:-1","max-image-preview":"max-image-preview:large","max-video-preview":"max-video-preview:-1"},"canonical":"https:\/\/redelitoralrs.com\/index.php\/2025\/03\/03\/brigada-militar-destaca-reducao-nos-indices-criminais-durante-operacao-carnaval-2025\/","og_locale":"pt_BR","og_type":"article","og_title":"Brigada Militar destaca redu\u00e7\u00e3o nos \u00edndices criminais durante Opera\u00e7\u00e3o Carnaval 2025 - Rede Litoral RS","og_description":"A Brigada Militar do Rio Grande do Sul divulgou um balan\u00e7o parcial da Opera\u00e7\u00e3o Carnaval 2025, evidenciando avan\u00e7os significativos na seguran\u00e7a p\u00fablica durante os primeiros tr\u00eas dias de festividades. Com um contingente superior a 5 mil policiais militares mobilizados, mesmo com a concomit\u00e2ncia de outros eventos no estado, como etapas importantes de campeonatos de futebol, os principais indicadores de criminalidade apresentaram quedas expressivas.","og_url":"https:\/\/redelitoralrs.com\/index.php\/2025\/03\/03\/brigada-militar-destaca-reducao-nos-indices-criminais-durante-operacao-carnaval-2025\/","og_site_name":"Rede Litoral RS","article_publisher":"https:\/\/www.facebook.com\/tvlitoralrsoficial","article_published_time":"2025-03-03T22:00:00+00:00","og_image":[{"width":1600,"height":1066,"url":"https:\/\/redelitoralrs.com\/wp-content\/uploads\/2025\/03\/9afccf70-8d38-4162-ac85-37b6a137b8bb.jpg","type":"image\/jpeg"}],"author":"Reda\u00e7\u00e3o TV Litoral","twitter_card":"summary_large_image","twitter_misc":{"Escrito por":"Reda\u00e7\u00e3o TV Litoral","Est. tempo de leitura":"3 minutos"},"schema":{"@context":"https:\/\/schema.org","@graph":[{"@type":"Article","@id":"https:\/\/redelitoralrs.com\/index.php\/2025\/03\/03\/brigada-militar-destaca-reducao-nos-indices-criminais-durante-operacao-carnaval-2025\/#article","isPartOf":{"@id":"https:\/\/redelitoralrs.com\/index.php\/2025\/03\/03\/brigada-militar-destaca-reducao-nos-indices-criminais-durante-operacao-carnaval-2025\/"},"author":{"name":"Reda\u00e7\u00e3o TV Litoral","@id":"https:\/\/redelitoralrs.com\/#\/schema\/person\/9f8181f2a7359dd3986f05ebaf5bd68a"},"headline":"Brigada Militar destaca redu\u00e7\u00e3o nos \u00edndices criminais durante Opera\u00e7\u00e3o Carnaval 2025","datePublished":"2025-03-03T22:00:00+00:00","mainEntityOfPage":{"@id":"https:\/\/redelitoralrs.com\/index.php\/2025\/03\/03\/brigada-militar-destaca-reducao-nos-indices-criminais-durante-operacao-carnaval-2025\/"},"wordCount":300,"commentCount":0,"publisher":{"@id":"https:\/\/redelitoralrs.com\/#organization"},"image":{"@id":"https:\/\/redelitoralrs.com\/index.php\/2025\/03\/03\/brigada-militar-destaca-reducao-nos-indices-criminais-durante-operacao-carnaval-2025\/#primaryimage"},"thumbnailUrl":"https:\/\/redelitoralrs.com\/wp-content\/uploads\/2025\/03\/9afccf70-8d38-4162-ac85-37b6a137b8bb.jpg","articleSection":["Litoral Norte"],"inLanguage":"pt-BR","potentialAction":[{"@type":"CommentAction","name":"Comment","target":["https:\/\/redelitoralrs.com\/index.php\/2025\/03\/03\/brigada-militar-destaca-reducao-nos-indices-criminais-durante-operacao-carnaval-2025\/#respond"]}]},{"@type":"WebPage","@id":"https:\/\/redelitoralrs.com\/index.php\/2025\/03\/03\/brigada-militar-destaca-reducao-nos-indices-criminais-durante-operacao-carnaval-2025\/","url":"https:\/\/redelitoralrs.com\/index.php\/2025\/03\/03\/brigada-militar-destaca-reducao-nos-indices-criminais-durante-operacao-carnaval-2025\/","name":"Brigada Militar destaca redu\u00e7\u00e3o nos \u00edndices criminais durante Opera\u00e7\u00e3o Carnaval 2025 - Rede Litoral RS","isPartOf":{"@id":"https:\/\/redelitoralrs.com\/#website"},"primaryImageOfPage":{"@id":"https:\/\/redelitoralrs.com\/index.php\/2025\/03\/03\/brigada-militar-destaca-reducao-nos-indices-criminais-durante-operacao-carnaval-2025\/#primaryimage"},"image":{"@id":"https:\/\/redelitoralrs.com\/index.php\/2025\/03\/03\/brigada-militar-destaca-reducao-nos-indices-criminais-durante-operacao-carnaval-2025\/#primaryimage"},"thumbnailUrl":"https:\/\/redelitoralrs.com\/wp-content\/uploads\/2025\/03\/9afccf70-8d38-4162-ac85-37b6a137b8bb.jpg","datePublished":"2025-03-03T22:00:00+00:00","description":"A Brigada Militar do Rio Grande do Sul divulgou um balan\u00e7o parcial da Opera\u00e7\u00e3o Carnaval 2025, evidenciando avan\u00e7os significativos na seguran\u00e7a p\u00fablica durante os primeiros tr\u00eas dias de festividades. Com um contingente superior a 5 mil policiais militares mobilizados, mesmo com a concomit\u00e2ncia de outros eventos no estado, como etapas importantes de campeonatos de futebol, os principais indicadores de criminalidade apresentaram quedas expressivas.","breadcrumb":{"@id":"https:\/\/redelitoralrs.com\/index.php\/2025\/03\/03\/brigada-militar-destaca-reducao-nos-indices-criminais-durante-operacao-carnaval-2025\/#breadcrumb"},"inLanguage":"pt-BR","potentialAction":[{"@type":"ReadAction","target":["https:\/\/redelitoralrs.com\/index.php\/2025\/03\/03\/brigada-militar-destaca-reducao-nos-indices-criminais-durante-operacao-carnaval-2025\/"]}]},{"@type":"ImageObject","inLanguage":"pt-BR","@id":"https:\/\/redelitoralrs.com\/index.php\/2025\/03\/03\/brigada-militar-destaca-reducao-nos-indices-criminais-durante-operacao-carnaval-2025\/#primaryimage","url":"https:\/\/redelitoralrs.com\/wp-content\/uploads\/2025\/03\/9afccf70-8d38-4162-ac85-37b6a137b8bb.jpg","contentUrl":"https:\/\/redelitoralrs.com\/wp-content\/uploads\/2025\/03\/9afccf70-8d38-4162-ac85-37b6a137b8bb.jpg","width":1600,"height":1066},{"@type":"BreadcrumbList","@id":"https:\/\/redelitoralrs.com\/index.php\/2025\/03\/03\/brigada-militar-destaca-reducao-nos-indices-criminais-durante-operacao-carnaval-2025\/#breadcrumb","itemListElement":[{"@type":"ListItem","position":1,"name":"In\u00edcio","item":"https:\/\/redelitoralrs.com\/"},{"@type":"ListItem","position":2,"name":"Brigada Militar destaca redu\u00e7\u00e3o nos \u00edndices criminais durante Opera\u00e7\u00e3o Carnaval 2025"}]},{"@type":"WebSite","@id":"https:\/\/redelitoralrs.com\/#website","url":"https:\/\/redelitoralrs.com\/","name":"TV Litoral","description":"Acompanhe tudo do litoral ga\u00facho com a cobertura completa e atualizada da Rede Litoral RS. Nossos jornalistas trazem as \u00faltimas not\u00edcias, os acontecimentos mais quentes e as hist\u00f3rias que importam sobre nosso amado litoral.","publisher":{"@id":"https:\/\/redelitoralrs.com\/#organization"},"potentialAction":[{"@type":"SearchAction","target":{"@type":"EntryPoint","urlTemplate":"https:\/\/redelitoralrs.com\/?s={search_term_string}"},"query-input":{"@type":"PropertyValueSpecification","valueRequired":true,"valueName":"search_term_string"}}],"inLanguage":"pt-BR"},{"@type":"Organization","@id":"https:\/\/redelitoralrs.com\/#organization","name":"TV Litoral","url":"https:\/\/redelitoralrs.com\/","logo":{"@type":"ImageObject","inLanguage":"pt-BR","@id":"https:\/\/redelitoralrs.com\/#\/schema\/logo\/image\/","url":"https:\/\/redelitoralrs.com\/wp-content\/uploads\/2024\/01\/faviconicon-1-1.png","contentUrl":"https:\/\/redelitoralrs.com\/wp-content\/uploads\/2024\/01\/faviconicon-1-1.png","width":454,"height":454,"caption":"TV Litoral"},"image":{"@id":"https:\/\/redelitoralrs.com\/#\/schema\/logo\/image\/"},"sameAs":["https:\/\/www.facebook.com\/tvlitoralrsoficial","https:\/\/www.instagram.com\/tvlitoral.rs"]},{"@type":"Person","@id":"https:\/\/redelitoralrs.com\/#\/schema\/person\/9f8181f2a7359dd3986f05ebaf5bd68a","name":"Reda\u00e7\u00e3o TV Litoral","image":{"@type":"ImageObject","inLanguage":"pt-BR","@id":"https:\/\/redelitoralrs.com\/wp-content\/litespeed\/avatar\/779aafbb45e66c7f82733e21abb48259.jpg?ver=1777561602","url":"https:\/\/redelitoralrs.com\/wp-content\/litespeed\/avatar\/779aafbb45e66c7f82733e21abb48259.jpg?ver=1777561602","contentUrl":"https:\/\/redelitoralrs.com\/wp-content\/litespeed\/avatar\/779aafbb45e66c7f82733e21abb48259.jpg?ver=1777561602","caption":"Reda\u00e7\u00e3o TV Litoral"},"description":"A Rede Litoral de Comunica\u00e7\u00e3o \u00e9 um grupo de m\u00eddia multiplataforma do Litoral Norte do RS. Com atua\u00e7\u00e3o em TV, r\u00e1dio, portal e redes sociais, levamos informa\u00e7\u00e3o, conte\u00fado e entretenimento \u00e0 comunidade, fortalecendo a comunica\u00e7\u00e3o local e impulsionando o desenvolvimento regional. Acompanhe atrav\u00e9s de @redelitoralrs.","sameAs":["https:\/\/redelitoralrs.com","https:\/\/www.instagram.com\/redelitoralrs","https:\/\/www.youtube.com\/@redelitoralrs"],"url":"https:\/\/redelitoralrs.com\/index.php\/author\/redacaotvlitoral\/"}]}},"_links":{"self":[{"href":"https:\/\/redelitoralrs.com\/index.php\/wp-json\/wp\/v2\/posts\/7411","targetHints":{"allow":["GET"]}}],"collection":[{"href":"https:\/\/redelitoralrs.com\/index.php\/wp-json\/wp\/v2\/posts"}],"about":[{"href":"https:\/\/redelitoralrs.com\/index.php\/wp-json\/wp\/v2\/types\/post"}],"author":[{"embeddable":true,"href":"https:\/\/redelitoralrs.com\/index.php\/wp-json\/wp\/v2\/users\/2"}],"replies":[{"embeddable":true,"href":"https:\/\/redelitoralrs.com\/index.php\/wp-json\/wp\/v2\/comments?post=7411"}],"version-history":[{"count":2,"href":"https:\/\/redelitoralrs.com\/index.php\/wp-json\/wp\/v2\/posts\/7411\/revisions"}],"predecessor-version":[{"id":7417,"href":"https:\/\/redelitoralrs.com\/index.php\/wp-json\/wp\/v2\/posts\/7411\/revisions\/7417"}],"wp:featuredmedia":[{"embeddable":true,"href":"https:\/\/redelitoralrs.com\/index.php\/wp-json\/wp\/v2\/media\/7413"}],"wp:attachment":[{"href":"https:\/\/redelitoralrs.com\/index.php\/wp-json\/wp\/v2\/media?parent=7411"}],"wp:term":[{"taxonomy":"category","embeddable":true,"href":"https:\/\/redelitoralrs.com\/index.php\/wp-json\/wp\/v2\/categories?post=7411"},{"taxonomy":"post_tag","embeddable":true,"href":"https:\/\/redelitoralrs.com\/index.php\/wp-json\/wp\/v2\/tags?post=7411"}],"curies":[{"name":"wp","href":"https:\/\/api.w.org\/{rel}","templated":true}]}}