{"id":7394,"date":"2025-03-03T15:14:55","date_gmt":"2025-03-03T18:14:55","guid":{"rendered":"https:\/\/redelitoralrs.com\/?p=7394"},"modified":"2025-03-03T15:18:11","modified_gmt":"2025-03-03T18:18:11","slug":"tramandai-divulga-atracoes-da-33a-festa-nacional-do-peixe","status":"publish","type":"post","link":"https:\/\/redelitoralrs.com\/index.php\/2025\/03\/03\/tramandai-divulga-atracoes-da-33a-festa-nacional-do-peixe\/","title":{"rendered":"Tramanda\u00ed divulga atra\u00e7\u00f5es da 33\u00aa Festa Nacional do Peixe"},"content":{"rendered":"\n<p>A Prefeitura de Tramanda\u00ed anunciou a programa\u00e7\u00e3o musical da 33\u00aa Festa Nacional do Peixe, tradicional evento gastron\u00f4mico do Rio Grande do Sul. A divulga\u00e7\u00e3o ocorreu em um evento \u00e0 beira-mar, neste domingo (2), destacando as atra\u00e7\u00f5es nacionais e regionais que far\u00e3o parte da celebra\u00e7\u00e3o entre os dias 26 de junho e 20 de julho.<\/p>\n\n\n\n<p>Entre os principais nomes confirmados para os shows nacionais est\u00e3o <em>Ferrugem (28\/06)<\/em>, <em>Fernandinho (04\/07), Simone Mendes (05\/07), Daniel (12\/07) e DubDogz (19\/07)<\/em>. A programa\u00e7\u00e3o tamb\u00e9m inclui apresenta\u00e7\u00f5es regionais, valorizando a diversidade musical do estado e do munic\u00edpio, com artistas como <em>Nenhum de N\u00f3s (04\/07), Duca Leindecker (11\/07) e Tch\u00ea Chaleira (20\/07)<\/em>.<\/p>\n\n\n\n<p>Al\u00e9m dos shows, a Festa Nacional do Peixe oferecer\u00e1 uma ampla programa\u00e7\u00e3o cultural e gastron\u00f4mica, com destaque para a tainha assada na brasa, prato t\u00edpico que atrai milhares de visitantes anualmente. A expectativa da organiza\u00e7\u00e3o \u00e9 de um recorde de p\u00fablico, impulsionando o turismo e a economia local.<\/p>\n\n\n\n<p>O evento, considerado um dos mais importantes do litoral ga\u00facho, contar\u00e1 com acesso gratuito para algumas apresenta\u00e7\u00f5es. Mais informa\u00e7\u00f5es podem ser acompanhadas nas redes sociais oficiais da festa e da Prefeitura de Tramanda\u00ed.<\/p>\n\n\n\n<p><strong>Confira a programa\u00e7\u00e3o completa de shows da 33\u00aa Festa Nacional do Peixe<\/strong>.<\/p>\n\n\n\n<ul class=\"wp-block-list\">\n<li>26\/06 \u2013 Passarela<\/li>\n\n\n\n<li>27\/06 \u2013 Maskavo<\/li>\n\n\n\n<li>28\/06 \u2013 Ferrugem<\/li>\n\n\n\n<li>29\/06 \u2013 Sorriso Lindo<\/li>\n\n\n\n<li>03\/07 \u2013 Esta\u00e7\u00e3o Fandangueira<\/li>\n\n\n\n<li>04\/07 \u2013 Fernandinho &#8211; Nenhum de N\u00f3s<\/li>\n\n\n\n<li>05\/07 \u2013 Simone Mendes<\/li>\n\n\n\n<li>06\/07 \u2013 Nosso Balan\u00e7o<\/li>\n\n\n\n<li>10\/07 \u2013 Bochincho<\/li>\n\n\n\n<li>11\/07 \u2013 Duca Leindecker<\/li>\n\n\n\n<li>12\/07 \u2013 Daniel &#8211; MC Jean Paul<\/li>\n\n\n\n<li>13\/07 \u2013 Brilha Som<\/li>\n\n\n\n<li>17\/07 \u2013 JJSV<\/li>\n\n\n\n<li>18\/07 \u2013 Carlinhos Carneiro<\/li>\n\n\n\n<li>19\/07 \u2013 DubDogz &#8211; San Marino + Bail\u00e3o<\/li>\n\n\n\n<li>20\/07 \u2013 Tch\u00ea Chaleira<\/li>\n<\/ul>\n\n\n\n<p><\/p>\n\n\n\n<figure class=\"wp-block-gallery has-nested-images columns-default is-cropped wp-block-gallery-1 is-layout-flex wp-block-gallery-is-layout-flex\">\n<figure class=\"wp-block-image size-large\"><img fetchpriority=\"high\" decoding=\"async\" width=\"1024\" height=\"768\" data-id=\"7395\" src=\"https:\/\/redelitoralrs.com\/wp-content\/uploads\/2025\/03\/5965535b-2378-4da2-bc38-9e48c37e6e65-1024x768.webp\" alt=\"\" class=\"wp-image-7395\" srcset=\"https:\/\/redelitoralrs.com\/wp-content\/uploads\/2025\/03\/5965535b-2378-4da2-bc38-9e48c37e6e65-1024x768.webp 1024w, https:\/\/redelitoralrs.com\/wp-content\/uploads\/2025\/03\/5965535b-2378-4da2-bc38-9e48c37e6e65-300x225.webp 300w, https:\/\/redelitoralrs.com\/wp-content\/uploads\/2025\/03\/5965535b-2378-4da2-bc38-9e48c37e6e65-768x576.webp 768w, https:\/\/redelitoralrs.com\/wp-content\/uploads\/2025\/03\/5965535b-2378-4da2-bc38-9e48c37e6e65.webp 1100w\" sizes=\"(max-width: 1024px) 100vw, 1024px\" \/><figcaption class=\"wp-element-caption\">Foto: Sandro Sauer \/ Da Praia News<\/figcaption><\/figure>\n\n\n\n<figure class=\"wp-block-image size-large\"><img decoding=\"async\" width=\"1024\" height=\"768\" data-id=\"7397\" src=\"https:\/\/redelitoralrs.com\/wp-content\/uploads\/2025\/03\/capa_14-1024x768.webp\" alt=\"\" class=\"wp-image-7397\" srcset=\"https:\/\/redelitoralrs.com\/wp-content\/uploads\/2025\/03\/capa_14-1024x768.webp 1024w, https:\/\/redelitoralrs.com\/wp-content\/uploads\/2025\/03\/capa_14-300x225.webp 300w, https:\/\/redelitoralrs.com\/wp-content\/uploads\/2025\/03\/capa_14-768x576.webp 768w, https:\/\/redelitoralrs.com\/wp-content\/uploads\/2025\/03\/capa_14.webp 1100w\" sizes=\"(max-width: 1024px) 100vw, 1024px\" \/><figcaption class=\"wp-element-caption\">Foto: Sandro Sauer \/ Da Praia News<\/figcaption><\/figure>\n<\/figure>\n","protected":false},"excerpt":{"rendered":"<p>A Prefeitura de Tramanda\u00ed anunciou a programa\u00e7\u00e3o musical da 33\u00aa Festa Nacional do Peixe, tradicional evento gastron\u00f4mico do Rio Grande do Sul. A divulga\u00e7\u00e3o ocorreu em um evento \u00e0 beira-mar, neste domingo (2), destacando as atra\u00e7\u00f5es nacionais e regionais que far\u00e3o parte da celebra\u00e7\u00e3o entre os dias 26 de junho e 20 de julho. Entre [&hellip;]<\/p>\n","protected":false},"author":2,"featured_media":7396,"comment_status":"open","ping_status":"open","sticky":false,"template":"","format":"standard","meta":{"_themeisle_gutenberg_block_has_review":false,"footnotes":""},"categories":[25,15],"tags":[],"class_list":["post-7394","post","type-post","status-publish","format-standard","has-post-thumbnail","hentry","category-tramandai","category-noticias"],"yoast_head":"<!-- This site is optimized with the Yoast SEO plugin v27.4 - https:\/\/yoast.com\/product\/yoast-seo-wordpress\/ -->\n<title>Tramanda\u00ed divulga atra\u00e7\u00f5es da 33\u00aa Festa Nacional do Peixe - Rede Litoral RS<\/title>\n<meta name=\"robots\" content=\"index, follow, max-snippet:-1, max-image-preview:large, max-video-preview:-1\" \/>\n<link rel=\"canonical\" href=\"https:\/\/redelitoralrs.com\/index.php\/2025\/03\/03\/tramandai-divulga-atracoes-da-33a-festa-nacional-do-peixe\/\" \/>\n<meta property=\"og:locale\" content=\"pt_BR\" \/>\n<meta property=\"og:type\" content=\"article\" \/>\n<meta property=\"og:title\" content=\"Tramanda\u00ed divulga atra\u00e7\u00f5es da 33\u00aa Festa Nacional do Peixe - Rede Litoral RS\" \/>\n<meta property=\"og:description\" content=\"A Prefeitura de Tramanda\u00ed anunciou a programa\u00e7\u00e3o musical da 33\u00aa Festa Nacional do Peixe, tradicional evento gastron\u00f4mico do Rio Grande do Sul. A divulga\u00e7\u00e3o ocorreu em um evento \u00e0 beira-mar, neste domingo (2), destacando as atra\u00e7\u00f5es nacionais e regionais que far\u00e3o parte da celebra\u00e7\u00e3o entre os dias 26 de junho e 20 de julho. Entre [&hellip;]\" \/>\n<meta property=\"og:url\" content=\"https:\/\/redelitoralrs.com\/index.php\/2025\/03\/03\/tramandai-divulga-atracoes-da-33a-festa-nacional-do-peixe\/\" \/>\n<meta property=\"og:site_name\" content=\"Rede Litoral RS\" \/>\n<meta property=\"article:publisher\" content=\"https:\/\/www.facebook.com\/tvlitoralrsoficial\" \/>\n<meta property=\"article:published_time\" content=\"2025-03-03T18:14:55+00:00\" \/>\n<meta property=\"article:modified_time\" content=\"2025-03-03T18:18:11+00:00\" \/>\n<meta property=\"og:image\" content=\"https:\/\/redelitoralrs.com\/wp-content\/uploads\/2025\/03\/e0add584-79d9-48f7-8c09-82dd790cd65b.webp\" \/>\n\t<meta property=\"og:image:width\" content=\"1100\" \/>\n\t<meta property=\"og:image:height\" content=\"825\" \/>\n\t<meta property=\"og:image:type\" content=\"image\/webp\" \/>\n<meta name=\"author\" content=\"Reda\u00e7\u00e3o TV Litoral\" \/>\n<meta name=\"twitter:card\" content=\"summary_large_image\" \/>\n<meta name=\"twitter:label1\" content=\"Escrito por\" \/>\n\t<meta name=\"twitter:data1\" content=\"Reda\u00e7\u00e3o TV Litoral\" \/>\n\t<meta name=\"twitter:label2\" content=\"Est. tempo de leitura\" \/>\n\t<meta name=\"twitter:data2\" content=\"3 minutos\" \/>\n<script type=\"application\/ld+json\" class=\"yoast-schema-graph\">{\"@context\":\"https:\\\/\\\/schema.org\",\"@graph\":[{\"@type\":\"Article\",\"@id\":\"https:\\\/\\\/redelitoralrs.com\\\/index.php\\\/2025\\\/03\\\/03\\\/tramandai-divulga-atracoes-da-33a-festa-nacional-do-peixe\\\/#article\",\"isPartOf\":{\"@id\":\"https:\\\/\\\/redelitoralrs.com\\\/index.php\\\/2025\\\/03\\\/03\\\/tramandai-divulga-atracoes-da-33a-festa-nacional-do-peixe\\\/\"},\"author\":{\"name\":\"Reda\u00e7\u00e3o TV Litoral\",\"@id\":\"https:\\\/\\\/redelitoralrs.com\\\/#\\\/schema\\\/person\\\/9f8181f2a7359dd3986f05ebaf5bd68a\"},\"headline\":\"Tramanda\u00ed divulga atra\u00e7\u00f5es da 33\u00aa Festa Nacional do Peixe\",\"datePublished\":\"2025-03-03T18:14:55+00:00\",\"dateModified\":\"2025-03-03T18:18:11+00:00\",\"mainEntityOfPage\":{\"@id\":\"https:\\\/\\\/redelitoralrs.com\\\/index.php\\\/2025\\\/03\\\/03\\\/tramandai-divulga-atracoes-da-33a-festa-nacional-do-peixe\\\/\"},\"wordCount\":266,\"commentCount\":0,\"publisher\":{\"@id\":\"https:\\\/\\\/redelitoralrs.com\\\/#organization\"},\"image\":{\"@id\":\"https:\\\/\\\/redelitoralrs.com\\\/index.php\\\/2025\\\/03\\\/03\\\/tramandai-divulga-atracoes-da-33a-festa-nacional-do-peixe\\\/#primaryimage\"},\"thumbnailUrl\":\"https:\\\/\\\/redelitoralrs.com\\\/wp-content\\\/uploads\\\/2025\\\/03\\\/e0add584-79d9-48f7-8c09-82dd790cd65b.webp\",\"articleSection\":[\"Tramanda\u00ed\",\"\u00daltimas not\u00edcias\"],\"inLanguage\":\"pt-BR\",\"potentialAction\":[{\"@type\":\"CommentAction\",\"name\":\"Comment\",\"target\":[\"https:\\\/\\\/redelitoralrs.com\\\/index.php\\\/2025\\\/03\\\/03\\\/tramandai-divulga-atracoes-da-33a-festa-nacional-do-peixe\\\/#respond\"]}]},{\"@type\":\"WebPage\",\"@id\":\"https:\\\/\\\/redelitoralrs.com\\\/index.php\\\/2025\\\/03\\\/03\\\/tramandai-divulga-atracoes-da-33a-festa-nacional-do-peixe\\\/\",\"url\":\"https:\\\/\\\/redelitoralrs.com\\\/index.php\\\/2025\\\/03\\\/03\\\/tramandai-divulga-atracoes-da-33a-festa-nacional-do-peixe\\\/\",\"name\":\"Tramanda\u00ed divulga atra\u00e7\u00f5es da 33\u00aa Festa Nacional do Peixe - Rede Litoral RS\",\"isPartOf\":{\"@id\":\"https:\\\/\\\/redelitoralrs.com\\\/#website\"},\"primaryImageOfPage\":{\"@id\":\"https:\\\/\\\/redelitoralrs.com\\\/index.php\\\/2025\\\/03\\\/03\\\/tramandai-divulga-atracoes-da-33a-festa-nacional-do-peixe\\\/#primaryimage\"},\"image\":{\"@id\":\"https:\\\/\\\/redelitoralrs.com\\\/index.php\\\/2025\\\/03\\\/03\\\/tramandai-divulga-atracoes-da-33a-festa-nacional-do-peixe\\\/#primaryimage\"},\"thumbnailUrl\":\"https:\\\/\\\/redelitoralrs.com\\\/wp-content\\\/uploads\\\/2025\\\/03\\\/e0add584-79d9-48f7-8c09-82dd790cd65b.webp\",\"datePublished\":\"2025-03-03T18:14:55+00:00\",\"dateModified\":\"2025-03-03T18:18:11+00:00\",\"breadcrumb\":{\"@id\":\"https:\\\/\\\/redelitoralrs.com\\\/index.php\\\/2025\\\/03\\\/03\\\/tramandai-divulga-atracoes-da-33a-festa-nacional-do-peixe\\\/#breadcrumb\"},\"inLanguage\":\"pt-BR\",\"potentialAction\":[{\"@type\":\"ReadAction\",\"target\":[\"https:\\\/\\\/redelitoralrs.com\\\/index.php\\\/2025\\\/03\\\/03\\\/tramandai-divulga-atracoes-da-33a-festa-nacional-do-peixe\\\/\"]}]},{\"@type\":\"ImageObject\",\"inLanguage\":\"pt-BR\",\"@id\":\"https:\\\/\\\/redelitoralrs.com\\\/index.php\\\/2025\\\/03\\\/03\\\/tramandai-divulga-atracoes-da-33a-festa-nacional-do-peixe\\\/#primaryimage\",\"url\":\"https:\\\/\\\/redelitoralrs.com\\\/wp-content\\\/uploads\\\/2025\\\/03\\\/e0add584-79d9-48f7-8c09-82dd790cd65b.webp\",\"contentUrl\":\"https:\\\/\\\/redelitoralrs.com\\\/wp-content\\\/uploads\\\/2025\\\/03\\\/e0add584-79d9-48f7-8c09-82dd790cd65b.webp\",\"width\":1100,\"height\":825,\"caption\":\"Foto: Sandro Sauer \\\/ Da Praia News\"},{\"@type\":\"BreadcrumbList\",\"@id\":\"https:\\\/\\\/redelitoralrs.com\\\/index.php\\\/2025\\\/03\\\/03\\\/tramandai-divulga-atracoes-da-33a-festa-nacional-do-peixe\\\/#breadcrumb\",\"itemListElement\":[{\"@type\":\"ListItem\",\"position\":1,\"name\":\"In\u00edcio\",\"item\":\"https:\\\/\\\/redelitoralrs.com\\\/\"},{\"@type\":\"ListItem\",\"position\":2,\"name\":\"Tramanda\u00ed divulga atra\u00e7\u00f5es da 33\u00aa Festa Nacional do Peixe\"}]},{\"@type\":\"WebSite\",\"@id\":\"https:\\\/\\\/redelitoralrs.com\\\/#website\",\"url\":\"https:\\\/\\\/redelitoralrs.com\\\/\",\"name\":\"TV Litoral\",\"description\":\"Acompanhe tudo do litoral ga\u00facho com a cobertura completa e atualizada da Rede Litoral RS. Nossos jornalistas trazem as \u00faltimas not\u00edcias, os acontecimentos mais quentes e as hist\u00f3rias que importam sobre nosso amado litoral.\",\"publisher\":{\"@id\":\"https:\\\/\\\/redelitoralrs.com\\\/#organization\"},\"potentialAction\":[{\"@type\":\"SearchAction\",\"target\":{\"@type\":\"EntryPoint\",\"urlTemplate\":\"https:\\\/\\\/redelitoralrs.com\\\/?s={search_term_string}\"},\"query-input\":{\"@type\":\"PropertyValueSpecification\",\"valueRequired\":true,\"valueName\":\"search_term_string\"}}],\"inLanguage\":\"pt-BR\"},{\"@type\":\"Organization\",\"@id\":\"https:\\\/\\\/redelitoralrs.com\\\/#organization\",\"name\":\"TV Litoral\",\"url\":\"https:\\\/\\\/redelitoralrs.com\\\/\",\"logo\":{\"@type\":\"ImageObject\",\"inLanguage\":\"pt-BR\",\"@id\":\"https:\\\/\\\/redelitoralrs.com\\\/#\\\/schema\\\/logo\\\/image\\\/\",\"url\":\"https:\\\/\\\/redelitoralrs.com\\\/wp-content\\\/uploads\\\/2024\\\/01\\\/faviconicon-1-1.png\",\"contentUrl\":\"https:\\\/\\\/redelitoralrs.com\\\/wp-content\\\/uploads\\\/2024\\\/01\\\/faviconicon-1-1.png\",\"width\":454,\"height\":454,\"caption\":\"TV Litoral\"},\"image\":{\"@id\":\"https:\\\/\\\/redelitoralrs.com\\\/#\\\/schema\\\/logo\\\/image\\\/\"},\"sameAs\":[\"https:\\\/\\\/www.facebook.com\\\/tvlitoralrsoficial\",\"https:\\\/\\\/www.instagram.com\\\/tvlitoral.rs\"]},{\"@type\":\"Person\",\"@id\":\"https:\\\/\\\/redelitoralrs.com\\\/#\\\/schema\\\/person\\\/9f8181f2a7359dd3986f05ebaf5bd68a\",\"name\":\"Reda\u00e7\u00e3o TV Litoral\",\"image\":{\"@type\":\"ImageObject\",\"inLanguage\":\"pt-BR\",\"@id\":\"https:\\\/\\\/redelitoralrs.com\\\/wp-content\\\/litespeed\\\/avatar\\\/779aafbb45e66c7f82733e21abb48259.jpg?ver=1777561602\",\"url\":\"https:\\\/\\\/redelitoralrs.com\\\/wp-content\\\/litespeed\\\/avatar\\\/779aafbb45e66c7f82733e21abb48259.jpg?ver=1777561602\",\"contentUrl\":\"https:\\\/\\\/redelitoralrs.com\\\/wp-content\\\/litespeed\\\/avatar\\\/779aafbb45e66c7f82733e21abb48259.jpg?ver=1777561602\",\"caption\":\"Reda\u00e7\u00e3o TV Litoral\"},\"description\":\"A Rede Litoral de Comunica\u00e7\u00e3o \u00e9 um grupo de m\u00eddia multiplataforma do Litoral Norte do RS. Com atua\u00e7\u00e3o em TV, r\u00e1dio, portal e redes sociais, levamos informa\u00e7\u00e3o, conte\u00fado e entretenimento \u00e0 comunidade, fortalecendo a comunica\u00e7\u00e3o local e impulsionando o desenvolvimento regional. Acompanhe atrav\u00e9s de @redelitoralrs.\",\"sameAs\":[\"https:\\\/\\\/redelitoralrs.com\",\"https:\\\/\\\/www.instagram.com\\\/redelitoralrs\",\"https:\\\/\\\/www.youtube.com\\\/@redelitoralrs\"],\"url\":\"https:\\\/\\\/redelitoralrs.com\\\/index.php\\\/author\\\/redacaotvlitoral\\\/\"}]}<\/script>\n<!-- \/ Yoast SEO plugin. -->","yoast_head_json":{"title":"Tramanda\u00ed divulga atra\u00e7\u00f5es da 33\u00aa Festa Nacional do Peixe - Rede Litoral RS","robots":{"index":"index","follow":"follow","max-snippet":"max-snippet:-1","max-image-preview":"max-image-preview:large","max-video-preview":"max-video-preview:-1"},"canonical":"https:\/\/redelitoralrs.com\/index.php\/2025\/03\/03\/tramandai-divulga-atracoes-da-33a-festa-nacional-do-peixe\/","og_locale":"pt_BR","og_type":"article","og_title":"Tramanda\u00ed divulga atra\u00e7\u00f5es da 33\u00aa Festa Nacional do Peixe - Rede Litoral RS","og_description":"A Prefeitura de Tramanda\u00ed anunciou a programa\u00e7\u00e3o musical da 33\u00aa Festa Nacional do Peixe, tradicional evento gastron\u00f4mico do Rio Grande do Sul. A divulga\u00e7\u00e3o ocorreu em um evento \u00e0 beira-mar, neste domingo (2), destacando as atra\u00e7\u00f5es nacionais e regionais que far\u00e3o parte da celebra\u00e7\u00e3o entre os dias 26 de junho e 20 de julho. Entre [&hellip;]","og_url":"https:\/\/redelitoralrs.com\/index.php\/2025\/03\/03\/tramandai-divulga-atracoes-da-33a-festa-nacional-do-peixe\/","og_site_name":"Rede Litoral RS","article_publisher":"https:\/\/www.facebook.com\/tvlitoralrsoficial","article_published_time":"2025-03-03T18:14:55+00:00","article_modified_time":"2025-03-03T18:18:11+00:00","og_image":[{"width":1100,"height":825,"url":"https:\/\/redelitoralrs.com\/wp-content\/uploads\/2025\/03\/e0add584-79d9-48f7-8c09-82dd790cd65b.webp","type":"image\/webp"}],"author":"Reda\u00e7\u00e3o TV Litoral","twitter_card":"summary_large_image","twitter_misc":{"Escrito por":"Reda\u00e7\u00e3o TV Litoral","Est. tempo de leitura":"3 minutos"},"schema":{"@context":"https:\/\/schema.org","@graph":[{"@type":"Article","@id":"https:\/\/redelitoralrs.com\/index.php\/2025\/03\/03\/tramandai-divulga-atracoes-da-33a-festa-nacional-do-peixe\/#article","isPartOf":{"@id":"https:\/\/redelitoralrs.com\/index.php\/2025\/03\/03\/tramandai-divulga-atracoes-da-33a-festa-nacional-do-peixe\/"},"author":{"name":"Reda\u00e7\u00e3o TV Litoral","@id":"https:\/\/redelitoralrs.com\/#\/schema\/person\/9f8181f2a7359dd3986f05ebaf5bd68a"},"headline":"Tramanda\u00ed divulga atra\u00e7\u00f5es da 33\u00aa Festa Nacional do Peixe","datePublished":"2025-03-03T18:14:55+00:00","dateModified":"2025-03-03T18:18:11+00:00","mainEntityOfPage":{"@id":"https:\/\/redelitoralrs.com\/index.php\/2025\/03\/03\/tramandai-divulga-atracoes-da-33a-festa-nacional-do-peixe\/"},"wordCount":266,"commentCount":0,"publisher":{"@id":"https:\/\/redelitoralrs.com\/#organization"},"image":{"@id":"https:\/\/redelitoralrs.com\/index.php\/2025\/03\/03\/tramandai-divulga-atracoes-da-33a-festa-nacional-do-peixe\/#primaryimage"},"thumbnailUrl":"https:\/\/redelitoralrs.com\/wp-content\/uploads\/2025\/03\/e0add584-79d9-48f7-8c09-82dd790cd65b.webp","articleSection":["Tramanda\u00ed","\u00daltimas not\u00edcias"],"inLanguage":"pt-BR","potentialAction":[{"@type":"CommentAction","name":"Comment","target":["https:\/\/redelitoralrs.com\/index.php\/2025\/03\/03\/tramandai-divulga-atracoes-da-33a-festa-nacional-do-peixe\/#respond"]}]},{"@type":"WebPage","@id":"https:\/\/redelitoralrs.com\/index.php\/2025\/03\/03\/tramandai-divulga-atracoes-da-33a-festa-nacional-do-peixe\/","url":"https:\/\/redelitoralrs.com\/index.php\/2025\/03\/03\/tramandai-divulga-atracoes-da-33a-festa-nacional-do-peixe\/","name":"Tramanda\u00ed divulga atra\u00e7\u00f5es da 33\u00aa Festa Nacional do Peixe - Rede Litoral RS","isPartOf":{"@id":"https:\/\/redelitoralrs.com\/#website"},"primaryImageOfPage":{"@id":"https:\/\/redelitoralrs.com\/index.php\/2025\/03\/03\/tramandai-divulga-atracoes-da-33a-festa-nacional-do-peixe\/#primaryimage"},"image":{"@id":"https:\/\/redelitoralrs.com\/index.php\/2025\/03\/03\/tramandai-divulga-atracoes-da-33a-festa-nacional-do-peixe\/#primaryimage"},"thumbnailUrl":"https:\/\/redelitoralrs.com\/wp-content\/uploads\/2025\/03\/e0add584-79d9-48f7-8c09-82dd790cd65b.webp","datePublished":"2025-03-03T18:14:55+00:00","dateModified":"2025-03-03T18:18:11+00:00","breadcrumb":{"@id":"https:\/\/redelitoralrs.com\/index.php\/2025\/03\/03\/tramandai-divulga-atracoes-da-33a-festa-nacional-do-peixe\/#breadcrumb"},"inLanguage":"pt-BR","potentialAction":[{"@type":"ReadAction","target":["https:\/\/redelitoralrs.com\/index.php\/2025\/03\/03\/tramandai-divulga-atracoes-da-33a-festa-nacional-do-peixe\/"]}]},{"@type":"ImageObject","inLanguage":"pt-BR","@id":"https:\/\/redelitoralrs.com\/index.php\/2025\/03\/03\/tramandai-divulga-atracoes-da-33a-festa-nacional-do-peixe\/#primaryimage","url":"https:\/\/redelitoralrs.com\/wp-content\/uploads\/2025\/03\/e0add584-79d9-48f7-8c09-82dd790cd65b.webp","contentUrl":"https:\/\/redelitoralrs.com\/wp-content\/uploads\/2025\/03\/e0add584-79d9-48f7-8c09-82dd790cd65b.webp","width":1100,"height":825,"caption":"Foto: Sandro Sauer \/ Da Praia News"},{"@type":"BreadcrumbList","@id":"https:\/\/redelitoralrs.com\/index.php\/2025\/03\/03\/tramandai-divulga-atracoes-da-33a-festa-nacional-do-peixe\/#breadcrumb","itemListElement":[{"@type":"ListItem","position":1,"name":"In\u00edcio","item":"https:\/\/redelitoralrs.com\/"},{"@type":"ListItem","position":2,"name":"Tramanda\u00ed divulga atra\u00e7\u00f5es da 33\u00aa Festa Nacional do Peixe"}]},{"@type":"WebSite","@id":"https:\/\/redelitoralrs.com\/#website","url":"https:\/\/redelitoralrs.com\/","name":"TV Litoral","description":"Acompanhe tudo do litoral ga\u00facho com a cobertura completa e atualizada da Rede Litoral RS. Nossos jornalistas trazem as \u00faltimas not\u00edcias, os acontecimentos mais quentes e as hist\u00f3rias que importam sobre nosso amado litoral.","publisher":{"@id":"https:\/\/redelitoralrs.com\/#organization"},"potentialAction":[{"@type":"SearchAction","target":{"@type":"EntryPoint","urlTemplate":"https:\/\/redelitoralrs.com\/?s={search_term_string}"},"query-input":{"@type":"PropertyValueSpecification","valueRequired":true,"valueName":"search_term_string"}}],"inLanguage":"pt-BR"},{"@type":"Organization","@id":"https:\/\/redelitoralrs.com\/#organization","name":"TV Litoral","url":"https:\/\/redelitoralrs.com\/","logo":{"@type":"ImageObject","inLanguage":"pt-BR","@id":"https:\/\/redelitoralrs.com\/#\/schema\/logo\/image\/","url":"https:\/\/redelitoralrs.com\/wp-content\/uploads\/2024\/01\/faviconicon-1-1.png","contentUrl":"https:\/\/redelitoralrs.com\/wp-content\/uploads\/2024\/01\/faviconicon-1-1.png","width":454,"height":454,"caption":"TV Litoral"},"image":{"@id":"https:\/\/redelitoralrs.com\/#\/schema\/logo\/image\/"},"sameAs":["https:\/\/www.facebook.com\/tvlitoralrsoficial","https:\/\/www.instagram.com\/tvlitoral.rs"]},{"@type":"Person","@id":"https:\/\/redelitoralrs.com\/#\/schema\/person\/9f8181f2a7359dd3986f05ebaf5bd68a","name":"Reda\u00e7\u00e3o TV Litoral","image":{"@type":"ImageObject","inLanguage":"pt-BR","@id":"https:\/\/redelitoralrs.com\/wp-content\/litespeed\/avatar\/779aafbb45e66c7f82733e21abb48259.jpg?ver=1777561602","url":"https:\/\/redelitoralrs.com\/wp-content\/litespeed\/avatar\/779aafbb45e66c7f82733e21abb48259.jpg?ver=1777561602","contentUrl":"https:\/\/redelitoralrs.com\/wp-content\/litespeed\/avatar\/779aafbb45e66c7f82733e21abb48259.jpg?ver=1777561602","caption":"Reda\u00e7\u00e3o TV Litoral"},"description":"A Rede Litoral de Comunica\u00e7\u00e3o \u00e9 um grupo de m\u00eddia multiplataforma do Litoral Norte do RS. Com atua\u00e7\u00e3o em TV, r\u00e1dio, portal e redes sociais, levamos informa\u00e7\u00e3o, conte\u00fado e entretenimento \u00e0 comunidade, fortalecendo a comunica\u00e7\u00e3o local e impulsionando o desenvolvimento regional. Acompanhe atrav\u00e9s de @redelitoralrs.","sameAs":["https:\/\/redelitoralrs.com","https:\/\/www.instagram.com\/redelitoralrs","https:\/\/www.youtube.com\/@redelitoralrs"],"url":"https:\/\/redelitoralrs.com\/index.php\/author\/redacaotvlitoral\/"}]}},"_links":{"self":[{"href":"https:\/\/redelitoralrs.com\/index.php\/wp-json\/wp\/v2\/posts\/7394","targetHints":{"allow":["GET"]}}],"collection":[{"href":"https:\/\/redelitoralrs.com\/index.php\/wp-json\/wp\/v2\/posts"}],"about":[{"href":"https:\/\/redelitoralrs.com\/index.php\/wp-json\/wp\/v2\/types\/post"}],"author":[{"embeddable":true,"href":"https:\/\/redelitoralrs.com\/index.php\/wp-json\/wp\/v2\/users\/2"}],"replies":[{"embeddable":true,"href":"https:\/\/redelitoralrs.com\/index.php\/wp-json\/wp\/v2\/comments?post=7394"}],"version-history":[{"count":3,"href":"https:\/\/redelitoralrs.com\/index.php\/wp-json\/wp\/v2\/posts\/7394\/revisions"}],"predecessor-version":[{"id":7401,"href":"https:\/\/redelitoralrs.com\/index.php\/wp-json\/wp\/v2\/posts\/7394\/revisions\/7401"}],"wp:featuredmedia":[{"embeddable":true,"href":"https:\/\/redelitoralrs.com\/index.php\/wp-json\/wp\/v2\/media\/7396"}],"wp:attachment":[{"href":"https:\/\/redelitoralrs.com\/index.php\/wp-json\/wp\/v2\/media?parent=7394"}],"wp:term":[{"taxonomy":"category","embeddable":true,"href":"https:\/\/redelitoralrs.com\/index.php\/wp-json\/wp\/v2\/categories?post=7394"},{"taxonomy":"post_tag","embeddable":true,"href":"https:\/\/redelitoralrs.com\/index.php\/wp-json\/wp\/v2\/tags?post=7394"}],"curies":[{"name":"wp","href":"https:\/\/api.w.org\/{rel}","templated":true}]}}