{"id":7385,"date":"2025-03-03T14:47:50","date_gmt":"2025-03-03T17:47:50","guid":{"rendered":"https:\/\/redelitoralrs.com\/?p=7385"},"modified":"2025-03-03T14:48:01","modified_gmt":"2025-03-03T17:48:01","slug":"oscar-2025-confira-os-principais-vencedores-da-premiacao","status":"publish","type":"post","link":"https:\/\/redelitoralrs.com\/index.php\/2025\/03\/03\/oscar-2025-confira-os-principais-vencedores-da-premiacao\/","title":{"rendered":"Oscar 2025: Confira os Principais Vencedores da Premia\u00e7\u00e3o"},"content":{"rendered":"\n<p>A <em>97\u00aa edi\u00e7\u00e3o do Oscar <\/em>foi realizada neste domingo (2) em Los Angeles, consagrando <em>&#8220;Anora&#8221;<\/em> como o grande vencedor da noite, com cinco estatuetas, incluindo Melhor Filme, Melhor Atriz e Melhor Dire\u00e7\u00e3o. A produ\u00e7\u00e3o brasileira <em>&#8220;Ainda estou aqui&#8221;<\/em> recebeu o pr\u00eamio de Melhor Filme Internacional.<\/p>\n\n\n\n<p>A cerim\u00f4nia, promovida pela Academia de Artes e Ci\u00eancias Cinematogr\u00e1ficas, destacou produ\u00e7\u00f5es de diferentes g\u00eaneros e pa\u00edses, refor\u00e7ando a diversidade na ind\u00fastria cinematogr\u00e1fica.<\/p>\n\n\n\n<details class=\"wp-block-details is-layout-flow wp-block-details-is-layout-flow\"><summary>Clique e veja a lista completa dos vencedores<\/summary>\n<ul class=\"wp-block-list\">\n<li><strong>Melhor Filme:<\/strong>\u00a0<em>Anora<\/em> (EUA)<\/li>\n\n\n\n<li><strong>Melhor Dire\u00e7\u00e3o:<\/strong>\u00a0Sean Baker, por <em>Anora<\/em><\/li>\n\n\n\n<li><strong>Melhor Atriz:<\/strong>\u00a0Mikey Madison, de <em>Anora<\/em><\/li>\n\n\n\n<li><strong>Melhor Ator:<\/strong>\u00a0Adrien Brody, de <em>O brutalista<\/em><\/li>\n\n\n\n<li><strong>Melhor Filme Internacional:<\/strong>\u00a0<em>Ainda estou aqui<\/em> (Brasil)<\/li>\n\n\n\n<li><strong>Melhor Roteiro Original:<\/strong>\u00a0<em>Anora<\/em><\/li>\n\n\n\n<li><strong>Melhor Roteiro Adaptado:<\/strong>\u00a0<em>Conclave<\/em> (EUA, Reino Unido)<\/li>\n\n\n\n<li><strong>Melhor Anima\u00e7\u00e3o:<\/strong>\u00a0<em>Flow <\/em>(Let\u00f4nia, B\u00e9lgica, Fran\u00e7a)<\/li>\n\n\n\n<li><strong>Melhor Trilha Sonora:<\/strong>\u00a0<em>O brutalista<\/em> (EUA, Reino Unido, Canad\u00e1)<\/li>\n\n\n\n<li><strong>Melhor Fotografia:<\/strong>\u00a0<em>O brutalista<\/em><\/li>\n\n\n\n<li><strong>Melhor Filme de Curta-Metragem:<\/strong>\u00a0<em>I&#8217;m not a robot<\/em> (Holanda)<\/li>\n\n\n\n<li><strong>Melhores Efeitos Visuais:<\/strong>\u00a0<em>Duna: Parte 2 <\/em>(EUA, Canad\u00e1, EAU, Hungria, It\u00e1lia, Nova Zel\u00e2ndia, Jord\u00e2nia, G\u00e2mbia)<\/li>\n\n\n\n<li><strong>Melhor Som:<\/strong>\u00a0<em>Duna: Parte 2<\/em><\/li>\n\n\n\n<li><strong>Melhor Document\u00e1rio:<\/strong>\u00a0<em>No other land<\/em> (Territ\u00f3rio Palestino Ocupado, Noruega)<\/li>\n\n\n\n<li><strong>Melhor Document\u00e1rio de Curta-Metragem:<\/strong>\u00a0<em>The only girl in the orchestra<\/em> (EUA)<\/li>\n\n\n\n<li><strong>Melhor Can\u00e7\u00e3o Original:<\/strong>\u00a0El Mal, de <em>Emilia P\u00e9rez<\/em><\/li>\n\n\n\n<li><strong>Melhor Dire\u00e7\u00e3o de Arte:<\/strong>\u00a0<em>Wicked<\/em> (EUA, Jap\u00e3o, Canad\u00e1, Isl\u00e2ndia, Reino Unido)<\/li>\n\n\n\n<li><strong>Melhor Atriz Coadjuvante:<\/strong>\u00a0Zoe Salda\u00f1a, de <em>Emilia P\u00e9rez<\/em><\/li>\n\n\n\n<li><strong>Melhor Montagem:<\/strong>\u00a0<em>Anora<\/em><\/li>\n\n\n\n<li><strong>Melhor Maquiagem e Cabelo:<\/strong>\u00a0<em>A subst\u00e2ncia<\/em> (Reino Unido, Fran\u00e7a)<\/li>\n\n\n\n<li><strong>Melhor Figurino:<\/strong>\u00a0<em>Wicked<\/em><\/li>\n\n\n\n<li><strong>Melhor Curta-Metragem Animado:<\/strong>\u00a0<em>In the shadow of cypress<\/em> (Ir\u00e3)<\/li>\n\n\n\n<li><strong>Melhor Ator Coadjuvante:<\/strong>\u00a0Kieran Culkin, de <em>A verdadeira dor<\/em><\/li>\n<\/ul>\n<\/details>\n\n\n\n<p><\/p>\n\n\n\n<h3 class=\"wp-block-heading\">Conquista Hist\u00f3rica para o Brasil<\/h3>\n\n\n\n<p>E, a noite foi ainda mais especial: o cinema brasileiro alcan\u00e7ou um marco hist\u00f3rico ao conquistar, pela primeira vez, uma estatueta do Oscar, com o filme <em>&#8220;Ainda Estou Aqui&#8221;.<\/em> Dirigido por Walter Salles e estrelado por Fernanda Torres, o filme narra a hist\u00f3ria real de Eunice Paiva, que enfrentou a perda do marido durante a ditadura militar brasileira dos anos 1970.<\/p>\n\n\n\n<p>Vencedor de <strong>Melhor Filme Internacional<\/strong>, <em>&#8220;Ainda Estou Aqui&#8221;<\/em> tamb\u00e9m recebeu indica\u00e7\u00f5es nas categorias de Melhor Filme do Ano e Melhor Atriz para Fernanda Torres, que, embora n\u00e3o tenha vencido, repetiu o feito de sua m\u00e3e, Fernanda Montenegro, indicada na mesma categoria em 1999 por <em>&#8220;Central do Brasil&#8221;<\/em>, tamb\u00e9m dirigido por Salles.<\/p>\n\n\n\n<p>Historicamente, o Brasil <em>j\u00e1 havia sido indicado ao Oscar de Melhor Filme Internacional<\/em> com <em>&#8220;O Pagador de Promessas&#8221;<\/em> (1963), <em>&#8220;O Quatrilho&#8221;<\/em> (1996), <em>&#8220;O Que \u00c9 Isso, Companheiro?&#8221;<\/em> (1998) e <em>&#8220;Central do Brasil&#8221;<\/em> (1999), mas nunca havia conquistado o pr\u00eamio. Al\u00e9m disso, <em>&#8220;O Beijo da Mulher-Aranha&#8221; <\/em>(1985), uma coprodu\u00e7\u00e3o brasileira, recebeu quatro indica\u00e7\u00f5es, incluindo Melhor Filme e Melhor Diretor para Hector Babenco, com William Hurt vencendo como Melhor Ator.<\/p>\n\n\n\n<p>A conquista de <em>&#8220;Ainda Estou Aqui&#8221;<\/em> representa um reconhecimento significativo para o cinema brasileiro, destacando sua capacidade de contar hist\u00f3rias universais com profundidade e sensibilidade.<\/p>\n\n\n\n<h3 class=\"wp-block-heading\">A Import\u00e2ncia do Cinema para a Cultura<\/h3>\n\n\n\n<p>O cinema desempenha um papel fundamental na preserva\u00e7\u00e3o e na difus\u00e3o da cultura, funcionando como um espelho das sociedades e como uma forma de express\u00e3o art\u00edstica universal. Por meio das produ\u00e7\u00f5es cinematogr\u00e1ficas, hist\u00f3rias s\u00e3o contadas, tradi\u00e7\u00f5es s\u00e3o representadas e debates sobre temas sociais relevantes s\u00e3o fomentados. <em>Al\u00e9m disso, o cinema tem o poder de conectar diferentes culturas, promovendo o interc\u00e2mbio de ideias e ampliando a compreens\u00e3o sobre realidades distintas.<\/em><\/p>\n\n\n\n<p><\/p>\n\n\n\n<p>A valoriza\u00e7\u00e3o de produ\u00e7\u00f5es internacionais e independentes no Oscar 2025 refor\u00e7a a diversidade do setor e destaca a relev\u00e2ncia do cinema como uma ferramenta de transforma\u00e7\u00e3o social e de registro hist\u00f3rico. Com sua capacidade de emocionar, educar e inspirar, o cinema segue sendo um dos pilares da cultura mundial.<\/p>\n\n\n\n<figure class=\"wp-block-gallery has-nested-images columns-default is-cropped wp-block-gallery-1 is-layout-flex wp-block-gallery-is-layout-flex\">\n<figure class=\"wp-block-image size-large\"><img fetchpriority=\"high\" decoding=\"async\" width=\"1024\" height=\"731\" data-id=\"7387\" src=\"https:\/\/redelitoralrs.com\/wp-content\/uploads\/2025\/03\/97a-edicao-do-Oscar-realizada-no-Dolby-Theatre-2025-em-Hollywood-California-Metropoles-3-3-1024x731.jpg\" alt=\"\" class=\"wp-image-7387\" srcset=\"https:\/\/redelitoralrs.com\/wp-content\/uploads\/2025\/03\/97a-edicao-do-Oscar-realizada-no-Dolby-Theatre-2025-em-Hollywood-California-Metropoles-3-3-1024x731.jpg 1024w, https:\/\/redelitoralrs.com\/wp-content\/uploads\/2025\/03\/97a-edicao-do-Oscar-realizada-no-Dolby-Theatre-2025-em-Hollywood-California-Metropoles-3-3-300x214.jpg 300w, https:\/\/redelitoralrs.com\/wp-content\/uploads\/2025\/03\/97a-edicao-do-Oscar-realizada-no-Dolby-Theatre-2025-em-Hollywood-California-Metropoles-3-3-768x548.jpg 768w, https:\/\/redelitoralrs.com\/wp-content\/uploads\/2025\/03\/97a-edicao-do-Oscar-realizada-no-Dolby-Theatre-2025-em-Hollywood-California-Metropoles-3-3-1536x1097.jpg 1536w, https:\/\/redelitoralrs.com\/wp-content\/uploads\/2025\/03\/97a-edicao-do-Oscar-realizada-no-Dolby-Theatre-2025-em-Hollywood-California-Metropoles-3-3-2048x1463.jpg 2048w\" sizes=\"(max-width: 1024px) 100vw, 1024px\" \/><figcaption class=\"wp-element-caption\">Foto: John Shearer\/97th Oscars &#8211; The Academy via Getty Images<\/figcaption><\/figure>\n\n\n\n<figure class=\"wp-block-image size-large\"><img decoding=\"async\" width=\"1024\" height=\"613\" data-id=\"7388\" src=\"https:\/\/redelitoralrs.com\/wp-content\/uploads\/2025\/03\/oscar2025o.jpg-1024x613.webp\" alt=\"\" class=\"wp-image-7388\" srcset=\"https:\/\/redelitoralrs.com\/wp-content\/uploads\/2025\/03\/oscar2025o.jpg-1024x613.webp 1024w, https:\/\/redelitoralrs.com\/wp-content\/uploads\/2025\/03\/oscar2025o.jpg-300x179.webp 300w, https:\/\/redelitoralrs.com\/wp-content\/uploads\/2025\/03\/oscar2025o.jpg-768x459.webp 768w, https:\/\/redelitoralrs.com\/wp-content\/uploads\/2025\/03\/oscar2025o.jpg.webp 1170w\" sizes=\"(max-width: 1024px) 100vw, 1024px\" \/><figcaption class=\"wp-element-caption\">Foto: Daniel Cole\/Reuters<\/figcaption><\/figure>\n<\/figure>\n\n\n\n<p><\/p>\n","protected":false},"excerpt":{"rendered":"<p>A 97\u00aa edi\u00e7\u00e3o do Oscar foi realizada neste domingo (2) em Los Angeles, consagrando &#8220;Anora&#8221; como o grande vencedor da noite, com cinco estatuetas, incluindo Melhor Filme, Melhor Atriz e Melhor Dire\u00e7\u00e3o. A produ\u00e7\u00e3o brasileira &#8220;Ainda estou aqui&#8221; recebeu o pr\u00eamio de Melhor Filme Internacional. A cerim\u00f4nia, promovida pela Academia de Artes e Ci\u00eancias Cinematogr\u00e1ficas, [&hellip;]<\/p>\n","protected":false},"author":2,"featured_media":7386,"comment_status":"open","ping_status":"open","sticky":false,"template":"","format":"standard","meta":{"_themeisle_gutenberg_block_has_review":false,"footnotes":""},"categories":[247,15],"tags":[],"class_list":["post-7385","post","type-post","status-publish","format-standard","has-post-thumbnail","hentry","category-mundo","category-noticias"],"yoast_head":"<!-- This site is optimized with the Yoast SEO plugin v27.4 - https:\/\/yoast.com\/product\/yoast-seo-wordpress\/ -->\n<title>Oscar 2025: Confira os Principais Vencedores da Premia\u00e7\u00e3o - Rede Litoral RS<\/title>\n<meta name=\"robots\" content=\"index, follow, max-snippet:-1, max-image-preview:large, max-video-preview:-1\" \/>\n<link rel=\"canonical\" href=\"https:\/\/redelitoralrs.com\/index.php\/2025\/03\/03\/oscar-2025-confira-os-principais-vencedores-da-premiacao\/\" \/>\n<meta property=\"og:locale\" content=\"pt_BR\" \/>\n<meta property=\"og:type\" content=\"article\" \/>\n<meta property=\"og:title\" content=\"Oscar 2025: Confira os Principais Vencedores da Premia\u00e7\u00e3o - Rede Litoral RS\" \/>\n<meta property=\"og:description\" content=\"A 97\u00aa edi\u00e7\u00e3o do Oscar foi realizada neste domingo (2) em Los Angeles, consagrando &#8220;Anora&#8221; como o grande vencedor da noite, com cinco estatuetas, incluindo Melhor Filme, Melhor Atriz e Melhor Dire\u00e7\u00e3o. A produ\u00e7\u00e3o brasileira &#8220;Ainda estou aqui&#8221; recebeu o pr\u00eamio de Melhor Filme Internacional. A cerim\u00f4nia, promovida pela Academia de Artes e Ci\u00eancias Cinematogr\u00e1ficas, [&hellip;]\" \/>\n<meta property=\"og:url\" content=\"https:\/\/redelitoralrs.com\/index.php\/2025\/03\/03\/oscar-2025-confira-os-principais-vencedores-da-premiacao\/\" \/>\n<meta property=\"og:site_name\" content=\"Rede Litoral RS\" \/>\n<meta property=\"article:publisher\" content=\"https:\/\/www.facebook.com\/tvlitoralrsoficial\" \/>\n<meta property=\"article:published_time\" content=\"2025-03-03T17:47:50+00:00\" \/>\n<meta property=\"article:modified_time\" content=\"2025-03-03T17:48:01+00:00\" \/>\n<meta name=\"author\" content=\"Reda\u00e7\u00e3o TV Litoral\" \/>\n<meta name=\"twitter:card\" content=\"summary_large_image\" \/>\n<meta name=\"twitter:label1\" content=\"Escrito por\" \/>\n\t<meta name=\"twitter:data1\" content=\"Reda\u00e7\u00e3o TV Litoral\" \/>\n\t<meta name=\"twitter:label2\" content=\"Est. tempo de leitura\" \/>\n\t<meta name=\"twitter:data2\" content=\"4 minutos\" \/>\n<script type=\"application\/ld+json\" class=\"yoast-schema-graph\">{\"@context\":\"https:\\\/\\\/schema.org\",\"@graph\":[{\"@type\":\"Article\",\"@id\":\"https:\\\/\\\/redelitoralrs.com\\\/index.php\\\/2025\\\/03\\\/03\\\/oscar-2025-confira-os-principais-vencedores-da-premiacao\\\/#article\",\"isPartOf\":{\"@id\":\"https:\\\/\\\/redelitoralrs.com\\\/index.php\\\/2025\\\/03\\\/03\\\/oscar-2025-confira-os-principais-vencedores-da-premiacao\\\/\"},\"author\":{\"name\":\"Reda\u00e7\u00e3o TV Litoral\",\"@id\":\"https:\\\/\\\/redelitoralrs.com\\\/#\\\/schema\\\/person\\\/9f8181f2a7359dd3986f05ebaf5bd68a\"},\"headline\":\"Oscar 2025: Confira os Principais Vencedores da Premia\u00e7\u00e3o\",\"datePublished\":\"2025-03-03T17:47:50+00:00\",\"dateModified\":\"2025-03-03T17:48:01+00:00\",\"mainEntityOfPage\":{\"@id\":\"https:\\\/\\\/redelitoralrs.com\\\/index.php\\\/2025\\\/03\\\/03\\\/oscar-2025-confira-os-principais-vencedores-da-premiacao\\\/\"},\"wordCount\":660,\"commentCount\":0,\"publisher\":{\"@id\":\"https:\\\/\\\/redelitoralrs.com\\\/#organization\"},\"image\":{\"@id\":\"https:\\\/\\\/redelitoralrs.com\\\/index.php\\\/2025\\\/03\\\/03\\\/oscar-2025-confira-os-principais-vencedores-da-premiacao\\\/#primaryimage\"},\"thumbnailUrl\":\"https:\\\/\\\/redelitoralrs.com\\\/wp-content\\\/uploads\\\/2025\\\/03\\\/GIPVX6KW6ZFOTLRJ3HHGZ3TG5Y.jpg-scaled.avif\",\"articleSection\":[\"Mundo\",\"\u00daltimas not\u00edcias\"],\"inLanguage\":\"pt-BR\",\"potentialAction\":[{\"@type\":\"CommentAction\",\"name\":\"Comment\",\"target\":[\"https:\\\/\\\/redelitoralrs.com\\\/index.php\\\/2025\\\/03\\\/03\\\/oscar-2025-confira-os-principais-vencedores-da-premiacao\\\/#respond\"]}]},{\"@type\":\"WebPage\",\"@id\":\"https:\\\/\\\/redelitoralrs.com\\\/index.php\\\/2025\\\/03\\\/03\\\/oscar-2025-confira-os-principais-vencedores-da-premiacao\\\/\",\"url\":\"https:\\\/\\\/redelitoralrs.com\\\/index.php\\\/2025\\\/03\\\/03\\\/oscar-2025-confira-os-principais-vencedores-da-premiacao\\\/\",\"name\":\"Oscar 2025: Confira os Principais Vencedores da Premia\u00e7\u00e3o - Rede Litoral RS\",\"isPartOf\":{\"@id\":\"https:\\\/\\\/redelitoralrs.com\\\/#website\"},\"primaryImageOfPage\":{\"@id\":\"https:\\\/\\\/redelitoralrs.com\\\/index.php\\\/2025\\\/03\\\/03\\\/oscar-2025-confira-os-principais-vencedores-da-premiacao\\\/#primaryimage\"},\"image\":{\"@id\":\"https:\\\/\\\/redelitoralrs.com\\\/index.php\\\/2025\\\/03\\\/03\\\/oscar-2025-confira-os-principais-vencedores-da-premiacao\\\/#primaryimage\"},\"thumbnailUrl\":\"https:\\\/\\\/redelitoralrs.com\\\/wp-content\\\/uploads\\\/2025\\\/03\\\/GIPVX6KW6ZFOTLRJ3HHGZ3TG5Y.jpg-scaled.avif\",\"datePublished\":\"2025-03-03T17:47:50+00:00\",\"dateModified\":\"2025-03-03T17:48:01+00:00\",\"breadcrumb\":{\"@id\":\"https:\\\/\\\/redelitoralrs.com\\\/index.php\\\/2025\\\/03\\\/03\\\/oscar-2025-confira-os-principais-vencedores-da-premiacao\\\/#breadcrumb\"},\"inLanguage\":\"pt-BR\",\"potentialAction\":[{\"@type\":\"ReadAction\",\"target\":[\"https:\\\/\\\/redelitoralrs.com\\\/index.php\\\/2025\\\/03\\\/03\\\/oscar-2025-confira-os-principais-vencedores-da-premiacao\\\/\"]}]},{\"@type\":\"ImageObject\",\"inLanguage\":\"pt-BR\",\"@id\":\"https:\\\/\\\/redelitoralrs.com\\\/index.php\\\/2025\\\/03\\\/03\\\/oscar-2025-confira-os-principais-vencedores-da-premiacao\\\/#primaryimage\",\"url\":\"https:\\\/\\\/redelitoralrs.com\\\/wp-content\\\/uploads\\\/2025\\\/03\\\/GIPVX6KW6ZFOTLRJ3HHGZ3TG5Y.jpg-scaled.avif\",\"contentUrl\":\"https:\\\/\\\/redelitoralrs.com\\\/wp-content\\\/uploads\\\/2025\\\/03\\\/GIPVX6KW6ZFOTLRJ3HHGZ3TG5Y.jpg-scaled.avif\",\"width\":2560,\"height\":1706,\"caption\":\"Foto: AP Photo\\\/Chris Pizzello\"},{\"@type\":\"BreadcrumbList\",\"@id\":\"https:\\\/\\\/redelitoralrs.com\\\/index.php\\\/2025\\\/03\\\/03\\\/oscar-2025-confira-os-principais-vencedores-da-premiacao\\\/#breadcrumb\",\"itemListElement\":[{\"@type\":\"ListItem\",\"position\":1,\"name\":\"In\u00edcio\",\"item\":\"https:\\\/\\\/redelitoralrs.com\\\/\"},{\"@type\":\"ListItem\",\"position\":2,\"name\":\"Oscar 2025: Confira os Principais Vencedores da Premia\u00e7\u00e3o\"}]},{\"@type\":\"WebSite\",\"@id\":\"https:\\\/\\\/redelitoralrs.com\\\/#website\",\"url\":\"https:\\\/\\\/redelitoralrs.com\\\/\",\"name\":\"TV Litoral\",\"description\":\"Acompanhe tudo do litoral ga\u00facho com a cobertura completa e atualizada da Rede Litoral RS. Nossos jornalistas trazem as \u00faltimas not\u00edcias, os acontecimentos mais quentes e as hist\u00f3rias que importam sobre nosso amado litoral.\",\"publisher\":{\"@id\":\"https:\\\/\\\/redelitoralrs.com\\\/#organization\"},\"potentialAction\":[{\"@type\":\"SearchAction\",\"target\":{\"@type\":\"EntryPoint\",\"urlTemplate\":\"https:\\\/\\\/redelitoralrs.com\\\/?s={search_term_string}\"},\"query-input\":{\"@type\":\"PropertyValueSpecification\",\"valueRequired\":true,\"valueName\":\"search_term_string\"}}],\"inLanguage\":\"pt-BR\"},{\"@type\":\"Organization\",\"@id\":\"https:\\\/\\\/redelitoralrs.com\\\/#organization\",\"name\":\"TV Litoral\",\"url\":\"https:\\\/\\\/redelitoralrs.com\\\/\",\"logo\":{\"@type\":\"ImageObject\",\"inLanguage\":\"pt-BR\",\"@id\":\"https:\\\/\\\/redelitoralrs.com\\\/#\\\/schema\\\/logo\\\/image\\\/\",\"url\":\"https:\\\/\\\/redelitoralrs.com\\\/wp-content\\\/uploads\\\/2024\\\/01\\\/faviconicon-1-1.png\",\"contentUrl\":\"https:\\\/\\\/redelitoralrs.com\\\/wp-content\\\/uploads\\\/2024\\\/01\\\/faviconicon-1-1.png\",\"width\":454,\"height\":454,\"caption\":\"TV Litoral\"},\"image\":{\"@id\":\"https:\\\/\\\/redelitoralrs.com\\\/#\\\/schema\\\/logo\\\/image\\\/\"},\"sameAs\":[\"https:\\\/\\\/www.facebook.com\\\/tvlitoralrsoficial\",\"https:\\\/\\\/www.instagram.com\\\/tvlitoral.rs\"]},{\"@type\":\"Person\",\"@id\":\"https:\\\/\\\/redelitoralrs.com\\\/#\\\/schema\\\/person\\\/9f8181f2a7359dd3986f05ebaf5bd68a\",\"name\":\"Reda\u00e7\u00e3o TV Litoral\",\"image\":{\"@type\":\"ImageObject\",\"inLanguage\":\"pt-BR\",\"@id\":\"https:\\\/\\\/redelitoralrs.com\\\/wp-content\\\/litespeed\\\/avatar\\\/779aafbb45e66c7f82733e21abb48259.jpg?ver=1776956734\",\"url\":\"https:\\\/\\\/redelitoralrs.com\\\/wp-content\\\/litespeed\\\/avatar\\\/779aafbb45e66c7f82733e21abb48259.jpg?ver=1776956734\",\"contentUrl\":\"https:\\\/\\\/redelitoralrs.com\\\/wp-content\\\/litespeed\\\/avatar\\\/779aafbb45e66c7f82733e21abb48259.jpg?ver=1776956734\",\"caption\":\"Reda\u00e7\u00e3o TV Litoral\"},\"description\":\"A Rede Litoral de Comunica\u00e7\u00e3o \u00e9 um grupo de m\u00eddia multiplataforma do Litoral Norte do RS. Com atua\u00e7\u00e3o em TV, r\u00e1dio, portal e redes sociais, levamos informa\u00e7\u00e3o, conte\u00fado e entretenimento \u00e0 comunidade, fortalecendo a comunica\u00e7\u00e3o local e impulsionando o desenvolvimento regional. Acompanhe atrav\u00e9s de @redelitoralrs.\",\"sameAs\":[\"https:\\\/\\\/redelitoralrs.com\",\"https:\\\/\\\/www.instagram.com\\\/redelitoralrs\",\"https:\\\/\\\/www.youtube.com\\\/@redelitoralrs\"],\"url\":\"https:\\\/\\\/redelitoralrs.com\\\/index.php\\\/author\\\/redacaotvlitoral\\\/\"}]}<\/script>\n<!-- \/ Yoast SEO plugin. -->","yoast_head_json":{"title":"Oscar 2025: Confira os Principais Vencedores da Premia\u00e7\u00e3o - Rede Litoral RS","robots":{"index":"index","follow":"follow","max-snippet":"max-snippet:-1","max-image-preview":"max-image-preview:large","max-video-preview":"max-video-preview:-1"},"canonical":"https:\/\/redelitoralrs.com\/index.php\/2025\/03\/03\/oscar-2025-confira-os-principais-vencedores-da-premiacao\/","og_locale":"pt_BR","og_type":"article","og_title":"Oscar 2025: Confira os Principais Vencedores da Premia\u00e7\u00e3o - Rede Litoral RS","og_description":"A 97\u00aa edi\u00e7\u00e3o do Oscar foi realizada neste domingo (2) em Los Angeles, consagrando &#8220;Anora&#8221; como o grande vencedor da noite, com cinco estatuetas, incluindo Melhor Filme, Melhor Atriz e Melhor Dire\u00e7\u00e3o. A produ\u00e7\u00e3o brasileira &#8220;Ainda estou aqui&#8221; recebeu o pr\u00eamio de Melhor Filme Internacional. A cerim\u00f4nia, promovida pela Academia de Artes e Ci\u00eancias Cinematogr\u00e1ficas, [&hellip;]","og_url":"https:\/\/redelitoralrs.com\/index.php\/2025\/03\/03\/oscar-2025-confira-os-principais-vencedores-da-premiacao\/","og_site_name":"Rede Litoral RS","article_publisher":"https:\/\/www.facebook.com\/tvlitoralrsoficial","article_published_time":"2025-03-03T17:47:50+00:00","article_modified_time":"2025-03-03T17:48:01+00:00","author":"Reda\u00e7\u00e3o TV Litoral","twitter_card":"summary_large_image","twitter_misc":{"Escrito por":"Reda\u00e7\u00e3o TV Litoral","Est. tempo de leitura":"4 minutos"},"schema":{"@context":"https:\/\/schema.org","@graph":[{"@type":"Article","@id":"https:\/\/redelitoralrs.com\/index.php\/2025\/03\/03\/oscar-2025-confira-os-principais-vencedores-da-premiacao\/#article","isPartOf":{"@id":"https:\/\/redelitoralrs.com\/index.php\/2025\/03\/03\/oscar-2025-confira-os-principais-vencedores-da-premiacao\/"},"author":{"name":"Reda\u00e7\u00e3o TV Litoral","@id":"https:\/\/redelitoralrs.com\/#\/schema\/person\/9f8181f2a7359dd3986f05ebaf5bd68a"},"headline":"Oscar 2025: Confira os Principais Vencedores da Premia\u00e7\u00e3o","datePublished":"2025-03-03T17:47:50+00:00","dateModified":"2025-03-03T17:48:01+00:00","mainEntityOfPage":{"@id":"https:\/\/redelitoralrs.com\/index.php\/2025\/03\/03\/oscar-2025-confira-os-principais-vencedores-da-premiacao\/"},"wordCount":660,"commentCount":0,"publisher":{"@id":"https:\/\/redelitoralrs.com\/#organization"},"image":{"@id":"https:\/\/redelitoralrs.com\/index.php\/2025\/03\/03\/oscar-2025-confira-os-principais-vencedores-da-premiacao\/#primaryimage"},"thumbnailUrl":"https:\/\/redelitoralrs.com\/wp-content\/uploads\/2025\/03\/GIPVX6KW6ZFOTLRJ3HHGZ3TG5Y.jpg-scaled.avif","articleSection":["Mundo","\u00daltimas not\u00edcias"],"inLanguage":"pt-BR","potentialAction":[{"@type":"CommentAction","name":"Comment","target":["https:\/\/redelitoralrs.com\/index.php\/2025\/03\/03\/oscar-2025-confira-os-principais-vencedores-da-premiacao\/#respond"]}]},{"@type":"WebPage","@id":"https:\/\/redelitoralrs.com\/index.php\/2025\/03\/03\/oscar-2025-confira-os-principais-vencedores-da-premiacao\/","url":"https:\/\/redelitoralrs.com\/index.php\/2025\/03\/03\/oscar-2025-confira-os-principais-vencedores-da-premiacao\/","name":"Oscar 2025: Confira os Principais Vencedores da Premia\u00e7\u00e3o - Rede Litoral RS","isPartOf":{"@id":"https:\/\/redelitoralrs.com\/#website"},"primaryImageOfPage":{"@id":"https:\/\/redelitoralrs.com\/index.php\/2025\/03\/03\/oscar-2025-confira-os-principais-vencedores-da-premiacao\/#primaryimage"},"image":{"@id":"https:\/\/redelitoralrs.com\/index.php\/2025\/03\/03\/oscar-2025-confira-os-principais-vencedores-da-premiacao\/#primaryimage"},"thumbnailUrl":"https:\/\/redelitoralrs.com\/wp-content\/uploads\/2025\/03\/GIPVX6KW6ZFOTLRJ3HHGZ3TG5Y.jpg-scaled.avif","datePublished":"2025-03-03T17:47:50+00:00","dateModified":"2025-03-03T17:48:01+00:00","breadcrumb":{"@id":"https:\/\/redelitoralrs.com\/index.php\/2025\/03\/03\/oscar-2025-confira-os-principais-vencedores-da-premiacao\/#breadcrumb"},"inLanguage":"pt-BR","potentialAction":[{"@type":"ReadAction","target":["https:\/\/redelitoralrs.com\/index.php\/2025\/03\/03\/oscar-2025-confira-os-principais-vencedores-da-premiacao\/"]}]},{"@type":"ImageObject","inLanguage":"pt-BR","@id":"https:\/\/redelitoralrs.com\/index.php\/2025\/03\/03\/oscar-2025-confira-os-principais-vencedores-da-premiacao\/#primaryimage","url":"https:\/\/redelitoralrs.com\/wp-content\/uploads\/2025\/03\/GIPVX6KW6ZFOTLRJ3HHGZ3TG5Y.jpg-scaled.avif","contentUrl":"https:\/\/redelitoralrs.com\/wp-content\/uploads\/2025\/03\/GIPVX6KW6ZFOTLRJ3HHGZ3TG5Y.jpg-scaled.avif","width":2560,"height":1706,"caption":"Foto: AP Photo\/Chris Pizzello"},{"@type":"BreadcrumbList","@id":"https:\/\/redelitoralrs.com\/index.php\/2025\/03\/03\/oscar-2025-confira-os-principais-vencedores-da-premiacao\/#breadcrumb","itemListElement":[{"@type":"ListItem","position":1,"name":"In\u00edcio","item":"https:\/\/redelitoralrs.com\/"},{"@type":"ListItem","position":2,"name":"Oscar 2025: Confira os Principais Vencedores da Premia\u00e7\u00e3o"}]},{"@type":"WebSite","@id":"https:\/\/redelitoralrs.com\/#website","url":"https:\/\/redelitoralrs.com\/","name":"TV Litoral","description":"Acompanhe tudo do litoral ga\u00facho com a cobertura completa e atualizada da Rede Litoral RS. Nossos jornalistas trazem as \u00faltimas not\u00edcias, os acontecimentos mais quentes e as hist\u00f3rias que importam sobre nosso amado litoral.","publisher":{"@id":"https:\/\/redelitoralrs.com\/#organization"},"potentialAction":[{"@type":"SearchAction","target":{"@type":"EntryPoint","urlTemplate":"https:\/\/redelitoralrs.com\/?s={search_term_string}"},"query-input":{"@type":"PropertyValueSpecification","valueRequired":true,"valueName":"search_term_string"}}],"inLanguage":"pt-BR"},{"@type":"Organization","@id":"https:\/\/redelitoralrs.com\/#organization","name":"TV Litoral","url":"https:\/\/redelitoralrs.com\/","logo":{"@type":"ImageObject","inLanguage":"pt-BR","@id":"https:\/\/redelitoralrs.com\/#\/schema\/logo\/image\/","url":"https:\/\/redelitoralrs.com\/wp-content\/uploads\/2024\/01\/faviconicon-1-1.png","contentUrl":"https:\/\/redelitoralrs.com\/wp-content\/uploads\/2024\/01\/faviconicon-1-1.png","width":454,"height":454,"caption":"TV Litoral"},"image":{"@id":"https:\/\/redelitoralrs.com\/#\/schema\/logo\/image\/"},"sameAs":["https:\/\/www.facebook.com\/tvlitoralrsoficial","https:\/\/www.instagram.com\/tvlitoral.rs"]},{"@type":"Person","@id":"https:\/\/redelitoralrs.com\/#\/schema\/person\/9f8181f2a7359dd3986f05ebaf5bd68a","name":"Reda\u00e7\u00e3o TV Litoral","image":{"@type":"ImageObject","inLanguage":"pt-BR","@id":"https:\/\/redelitoralrs.com\/wp-content\/litespeed\/avatar\/779aafbb45e66c7f82733e21abb48259.jpg?ver=1776956734","url":"https:\/\/redelitoralrs.com\/wp-content\/litespeed\/avatar\/779aafbb45e66c7f82733e21abb48259.jpg?ver=1776956734","contentUrl":"https:\/\/redelitoralrs.com\/wp-content\/litespeed\/avatar\/779aafbb45e66c7f82733e21abb48259.jpg?ver=1776956734","caption":"Reda\u00e7\u00e3o TV Litoral"},"description":"A Rede Litoral de Comunica\u00e7\u00e3o \u00e9 um grupo de m\u00eddia multiplataforma do Litoral Norte do RS. Com atua\u00e7\u00e3o em TV, r\u00e1dio, portal e redes sociais, levamos informa\u00e7\u00e3o, conte\u00fado e entretenimento \u00e0 comunidade, fortalecendo a comunica\u00e7\u00e3o local e impulsionando o desenvolvimento regional. Acompanhe atrav\u00e9s de @redelitoralrs.","sameAs":["https:\/\/redelitoralrs.com","https:\/\/www.instagram.com\/redelitoralrs","https:\/\/www.youtube.com\/@redelitoralrs"],"url":"https:\/\/redelitoralrs.com\/index.php\/author\/redacaotvlitoral\/"}]}},"_links":{"self":[{"href":"https:\/\/redelitoralrs.com\/index.php\/wp-json\/wp\/v2\/posts\/7385","targetHints":{"allow":["GET"]}}],"collection":[{"href":"https:\/\/redelitoralrs.com\/index.php\/wp-json\/wp\/v2\/posts"}],"about":[{"href":"https:\/\/redelitoralrs.com\/index.php\/wp-json\/wp\/v2\/types\/post"}],"author":[{"embeddable":true,"href":"https:\/\/redelitoralrs.com\/index.php\/wp-json\/wp\/v2\/users\/2"}],"replies":[{"embeddable":true,"href":"https:\/\/redelitoralrs.com\/index.php\/wp-json\/wp\/v2\/comments?post=7385"}],"version-history":[{"count":1,"href":"https:\/\/redelitoralrs.com\/index.php\/wp-json\/wp\/v2\/posts\/7385\/revisions"}],"predecessor-version":[{"id":7389,"href":"https:\/\/redelitoralrs.com\/index.php\/wp-json\/wp\/v2\/posts\/7385\/revisions\/7389"}],"wp:featuredmedia":[{"embeddable":true,"href":"https:\/\/redelitoralrs.com\/index.php\/wp-json\/wp\/v2\/media\/7386"}],"wp:attachment":[{"href":"https:\/\/redelitoralrs.com\/index.php\/wp-json\/wp\/v2\/media?parent=7385"}],"wp:term":[{"taxonomy":"category","embeddable":true,"href":"https:\/\/redelitoralrs.com\/index.php\/wp-json\/wp\/v2\/categories?post=7385"},{"taxonomy":"post_tag","embeddable":true,"href":"https:\/\/redelitoralrs.com\/index.php\/wp-json\/wp\/v2\/tags?post=7385"}],"curies":[{"name":"wp","href":"https:\/\/api.w.org\/{rel}","templated":true}]}}