{"id":7228,"date":"2025-02-27T13:13:07","date_gmt":"2025-02-27T16:13:07","guid":{"rendered":"https:\/\/redelitoralrs.com\/?p=7228"},"modified":"2025-02-27T13:13:08","modified_gmt":"2025-02-27T16:13:08","slug":"comerciantes-de-osorio-cobram-solucoes-para-quedas-de-energia-no-centro-da-cidade","status":"publish","type":"post","link":"https:\/\/redelitoralrs.com\/index.php\/2025\/02\/27\/comerciantes-de-osorio-cobram-solucoes-para-quedas-de-energia-no-centro-da-cidade\/","title":{"rendered":"Comerciantes de Os\u00f3rio cobram solu\u00e7\u00f5es para quedas de energia no centro da cidade"},"content":{"rendered":"\n<p>Comerciantes do centro de Os\u00f3rio est\u00e3o mobilizados diante das recorrentes quedas de energia el\u00e9trica que t\u00eam impactado diretamente suas atividades. Nesta quarta-feira (26), um grupo de pelo menos sete empres\u00e1rios de diferentes segmentos protocolou uma reclama\u00e7\u00e3o formal junto \u00e0 concession\u00e1ria respons\u00e1vel pelo fornecimento de energia na cidade.<\/p>\n\n\n\n<p>Nos \u00faltimos dias, a instabilidade el\u00e9trica foi registrada tr\u00eas vezes no mesmo hor\u00e1rio, por volta das 11h da manh\u00e3, momento de maior movimento no com\u00e9rcio local. O problema tem gerado transtornos e preju\u00edzos, especialmente para estabelecimentos do setor aliment\u00edcio, que dependem de equipamentos de refrigera\u00e7\u00e3o para a conserva\u00e7\u00e3o de produtos.<\/p>\n\n\n\n<p>Al\u00e9m das dificuldades operacionais, como a inatividade de m\u00e1quinas de cart\u00e3o e a impossibilidade de concluir vendas, os comerciantes apontam um impacto financeiro significativo causado pelas interrup\u00e7\u00f5es.<\/p>\n\n\n\n<p>A formaliza\u00e7\u00e3o da queixa \u00e0 concession\u00e1ria visa obter esclarecimentos e uma solu\u00e7\u00e3o definitiva para a situa\u00e7\u00e3o. At\u00e9 o momento, n\u00e3o houve um posicionamento oficial sobre as causas das quedas de energia ou medidas para evitar novas ocorr\u00eancias.<\/p>\n\n\n\n<p>Enquanto aguardam uma resposta, os empres\u00e1rios permanecem apreensivos e refor\u00e7am a cobran\u00e7a por provid\u00eancias imediatas para garantir a estabilidade do fornecimento el\u00e9trico na regi\u00e3o central da cidade.<\/p>\n","protected":false},"excerpt":{"rendered":"<p>Comerciantes do centro de Os\u00f3rio est\u00e3o mobilizados diante das recorrentes quedas de energia el\u00e9trica que t\u00eam impactado diretamente suas atividades. Nesta quarta-feira (26), um grupo de pelo menos sete empres\u00e1rios de diferentes segmentos protocolou uma reclama\u00e7\u00e3o formal junto \u00e0 concession\u00e1ria respons\u00e1vel pelo fornecimento de energia na cidade. Nos \u00faltimos dias, a instabilidade el\u00e9trica foi registrada [&hellip;]<\/p>\n","protected":false},"author":2,"featured_media":7229,"comment_status":"open","ping_status":"open","sticky":false,"template":"","format":"standard","meta":{"_themeisle_gutenberg_block_has_review":false,"footnotes":""},"categories":[172,15],"tags":[],"class_list":["post-7228","post","type-post","status-publish","format-standard","has-post-thumbnail","hentry","category-osorio","category-noticias"],"yoast_head":"<!-- This site is optimized with the Yoast SEO plugin v27.4 - https:\/\/yoast.com\/product\/yoast-seo-wordpress\/ -->\n<title>Comerciantes de Os\u00f3rio cobram solu\u00e7\u00f5es para quedas de energia no centro da cidade - Rede Litoral RS<\/title>\n<meta name=\"robots\" content=\"index, follow, max-snippet:-1, max-image-preview:large, max-video-preview:-1\" \/>\n<link rel=\"canonical\" href=\"https:\/\/redelitoralrs.com\/index.php\/2025\/02\/27\/comerciantes-de-osorio-cobram-solucoes-para-quedas-de-energia-no-centro-da-cidade\/\" \/>\n<meta property=\"og:locale\" content=\"pt_BR\" \/>\n<meta property=\"og:type\" content=\"article\" \/>\n<meta property=\"og:title\" content=\"Comerciantes de Os\u00f3rio cobram solu\u00e7\u00f5es para quedas de energia no centro da cidade - Rede Litoral RS\" \/>\n<meta property=\"og:description\" content=\"Comerciantes do centro de Os\u00f3rio est\u00e3o mobilizados diante das recorrentes quedas de energia el\u00e9trica que t\u00eam impactado diretamente suas atividades. Nesta quarta-feira (26), um grupo de pelo menos sete empres\u00e1rios de diferentes segmentos protocolou uma reclama\u00e7\u00e3o formal junto \u00e0 concession\u00e1ria respons\u00e1vel pelo fornecimento de energia na cidade. Nos \u00faltimos dias, a instabilidade el\u00e9trica foi registrada [&hellip;]\" \/>\n<meta property=\"og:url\" content=\"https:\/\/redelitoralrs.com\/index.php\/2025\/02\/27\/comerciantes-de-osorio-cobram-solucoes-para-quedas-de-energia-no-centro-da-cidade\/\" \/>\n<meta property=\"og:site_name\" content=\"Rede Litoral RS\" \/>\n<meta property=\"article:publisher\" content=\"https:\/\/www.facebook.com\/tvlitoralrsoficial\" \/>\n<meta property=\"article:published_time\" content=\"2025-02-27T16:13:07+00:00\" \/>\n<meta property=\"article:modified_time\" content=\"2025-02-27T16:13:08+00:00\" \/>\n<meta property=\"og:image\" content=\"https:\/\/redelitoralrs.com\/wp-content\/uploads\/2025\/02\/ComerciantesOsorio_270225.jpg.webp\" \/>\n\t<meta property=\"og:image:width\" content=\"1600\" \/>\n\t<meta property=\"og:image:height\" content=\"900\" \/>\n\t<meta property=\"og:image:type\" content=\"image\/webp\" \/>\n<meta name=\"author\" content=\"Reda\u00e7\u00e3o TV Litoral\" \/>\n<meta name=\"twitter:card\" content=\"summary_large_image\" \/>\n<meta name=\"twitter:label1\" content=\"Escrito por\" \/>\n\t<meta name=\"twitter:data1\" content=\"Reda\u00e7\u00e3o TV Litoral\" \/>\n\t<meta name=\"twitter:label2\" content=\"Est. tempo de leitura\" \/>\n\t<meta name=\"twitter:data2\" content=\"2 minutos\" \/>\n<script type=\"application\/ld+json\" class=\"yoast-schema-graph\">{\"@context\":\"https:\\\/\\\/schema.org\",\"@graph\":[{\"@type\":\"Article\",\"@id\":\"https:\\\/\\\/redelitoralrs.com\\\/index.php\\\/2025\\\/02\\\/27\\\/comerciantes-de-osorio-cobram-solucoes-para-quedas-de-energia-no-centro-da-cidade\\\/#article\",\"isPartOf\":{\"@id\":\"https:\\\/\\\/redelitoralrs.com\\\/index.php\\\/2025\\\/02\\\/27\\\/comerciantes-de-osorio-cobram-solucoes-para-quedas-de-energia-no-centro-da-cidade\\\/\"},\"author\":{\"name\":\"Reda\u00e7\u00e3o TV Litoral\",\"@id\":\"https:\\\/\\\/redelitoralrs.com\\\/#\\\/schema\\\/person\\\/9f8181f2a7359dd3986f05ebaf5bd68a\"},\"headline\":\"Comerciantes de Os\u00f3rio cobram solu\u00e7\u00f5es para quedas de energia no centro da cidade\",\"datePublished\":\"2025-02-27T16:13:07+00:00\",\"dateModified\":\"2025-02-27T16:13:08+00:00\",\"mainEntityOfPage\":{\"@id\":\"https:\\\/\\\/redelitoralrs.com\\\/index.php\\\/2025\\\/02\\\/27\\\/comerciantes-de-osorio-cobram-solucoes-para-quedas-de-energia-no-centro-da-cidade\\\/\"},\"wordCount\":232,\"commentCount\":0,\"publisher\":{\"@id\":\"https:\\\/\\\/redelitoralrs.com\\\/#organization\"},\"image\":{\"@id\":\"https:\\\/\\\/redelitoralrs.com\\\/index.php\\\/2025\\\/02\\\/27\\\/comerciantes-de-osorio-cobram-solucoes-para-quedas-de-energia-no-centro-da-cidade\\\/#primaryimage\"},\"thumbnailUrl\":\"https:\\\/\\\/redelitoralrs.com\\\/wp-content\\\/uploads\\\/2025\\\/02\\\/ComerciantesOsorio_270225.jpg.webp\",\"articleSection\":[\"Os\u00f3rio\",\"\u00daltimas not\u00edcias\"],\"inLanguage\":\"pt-BR\",\"potentialAction\":[{\"@type\":\"CommentAction\",\"name\":\"Comment\",\"target\":[\"https:\\\/\\\/redelitoralrs.com\\\/index.php\\\/2025\\\/02\\\/27\\\/comerciantes-de-osorio-cobram-solucoes-para-quedas-de-energia-no-centro-da-cidade\\\/#respond\"]}]},{\"@type\":\"WebPage\",\"@id\":\"https:\\\/\\\/redelitoralrs.com\\\/index.php\\\/2025\\\/02\\\/27\\\/comerciantes-de-osorio-cobram-solucoes-para-quedas-de-energia-no-centro-da-cidade\\\/\",\"url\":\"https:\\\/\\\/redelitoralrs.com\\\/index.php\\\/2025\\\/02\\\/27\\\/comerciantes-de-osorio-cobram-solucoes-para-quedas-de-energia-no-centro-da-cidade\\\/\",\"name\":\"Comerciantes de Os\u00f3rio cobram solu\u00e7\u00f5es para quedas de energia no centro da cidade - Rede Litoral RS\",\"isPartOf\":{\"@id\":\"https:\\\/\\\/redelitoralrs.com\\\/#website\"},\"primaryImageOfPage\":{\"@id\":\"https:\\\/\\\/redelitoralrs.com\\\/index.php\\\/2025\\\/02\\\/27\\\/comerciantes-de-osorio-cobram-solucoes-para-quedas-de-energia-no-centro-da-cidade\\\/#primaryimage\"},\"image\":{\"@id\":\"https:\\\/\\\/redelitoralrs.com\\\/index.php\\\/2025\\\/02\\\/27\\\/comerciantes-de-osorio-cobram-solucoes-para-quedas-de-energia-no-centro-da-cidade\\\/#primaryimage\"},\"thumbnailUrl\":\"https:\\\/\\\/redelitoralrs.com\\\/wp-content\\\/uploads\\\/2025\\\/02\\\/ComerciantesOsorio_270225.jpg.webp\",\"datePublished\":\"2025-02-27T16:13:07+00:00\",\"dateModified\":\"2025-02-27T16:13:08+00:00\",\"breadcrumb\":{\"@id\":\"https:\\\/\\\/redelitoralrs.com\\\/index.php\\\/2025\\\/02\\\/27\\\/comerciantes-de-osorio-cobram-solucoes-para-quedas-de-energia-no-centro-da-cidade\\\/#breadcrumb\"},\"inLanguage\":\"pt-BR\",\"potentialAction\":[{\"@type\":\"ReadAction\",\"target\":[\"https:\\\/\\\/redelitoralrs.com\\\/index.php\\\/2025\\\/02\\\/27\\\/comerciantes-de-osorio-cobram-solucoes-para-quedas-de-energia-no-centro-da-cidade\\\/\"]}]},{\"@type\":\"ImageObject\",\"inLanguage\":\"pt-BR\",\"@id\":\"https:\\\/\\\/redelitoralrs.com\\\/index.php\\\/2025\\\/02\\\/27\\\/comerciantes-de-osorio-cobram-solucoes-para-quedas-de-energia-no-centro-da-cidade\\\/#primaryimage\",\"url\":\"https:\\\/\\\/redelitoralrs.com\\\/wp-content\\\/uploads\\\/2025\\\/02\\\/ComerciantesOsorio_270225.jpg.webp\",\"contentUrl\":\"https:\\\/\\\/redelitoralrs.com\\\/wp-content\\\/uploads\\\/2025\\\/02\\\/ComerciantesOsorio_270225.jpg.webp\",\"width\":1600,\"height\":900,\"caption\":\"Foto: Reprodu\u00e7\u00e3o JP Litoral\"},{\"@type\":\"BreadcrumbList\",\"@id\":\"https:\\\/\\\/redelitoralrs.com\\\/index.php\\\/2025\\\/02\\\/27\\\/comerciantes-de-osorio-cobram-solucoes-para-quedas-de-energia-no-centro-da-cidade\\\/#breadcrumb\",\"itemListElement\":[{\"@type\":\"ListItem\",\"position\":1,\"name\":\"In\u00edcio\",\"item\":\"https:\\\/\\\/redelitoralrs.com\\\/\"},{\"@type\":\"ListItem\",\"position\":2,\"name\":\"Comerciantes de Os\u00f3rio cobram solu\u00e7\u00f5es para quedas de energia no centro da cidade\"}]},{\"@type\":\"WebSite\",\"@id\":\"https:\\\/\\\/redelitoralrs.com\\\/#website\",\"url\":\"https:\\\/\\\/redelitoralrs.com\\\/\",\"name\":\"TV Litoral\",\"description\":\"Acompanhe tudo do litoral ga\u00facho com a cobertura completa e atualizada da Rede Litoral RS. Nossos jornalistas trazem as \u00faltimas not\u00edcias, os acontecimentos mais quentes e as hist\u00f3rias que importam sobre nosso amado litoral.\",\"publisher\":{\"@id\":\"https:\\\/\\\/redelitoralrs.com\\\/#organization\"},\"potentialAction\":[{\"@type\":\"SearchAction\",\"target\":{\"@type\":\"EntryPoint\",\"urlTemplate\":\"https:\\\/\\\/redelitoralrs.com\\\/?s={search_term_string}\"},\"query-input\":{\"@type\":\"PropertyValueSpecification\",\"valueRequired\":true,\"valueName\":\"search_term_string\"}}],\"inLanguage\":\"pt-BR\"},{\"@type\":\"Organization\",\"@id\":\"https:\\\/\\\/redelitoralrs.com\\\/#organization\",\"name\":\"TV Litoral\",\"url\":\"https:\\\/\\\/redelitoralrs.com\\\/\",\"logo\":{\"@type\":\"ImageObject\",\"inLanguage\":\"pt-BR\",\"@id\":\"https:\\\/\\\/redelitoralrs.com\\\/#\\\/schema\\\/logo\\\/image\\\/\",\"url\":\"https:\\\/\\\/redelitoralrs.com\\\/wp-content\\\/uploads\\\/2024\\\/01\\\/faviconicon-1-1.png\",\"contentUrl\":\"https:\\\/\\\/redelitoralrs.com\\\/wp-content\\\/uploads\\\/2024\\\/01\\\/faviconicon-1-1.png\",\"width\":454,\"height\":454,\"caption\":\"TV Litoral\"},\"image\":{\"@id\":\"https:\\\/\\\/redelitoralrs.com\\\/#\\\/schema\\\/logo\\\/image\\\/\"},\"sameAs\":[\"https:\\\/\\\/www.facebook.com\\\/tvlitoralrsoficial\",\"https:\\\/\\\/www.instagram.com\\\/tvlitoral.rs\"]},{\"@type\":\"Person\",\"@id\":\"https:\\\/\\\/redelitoralrs.com\\\/#\\\/schema\\\/person\\\/9f8181f2a7359dd3986f05ebaf5bd68a\",\"name\":\"Reda\u00e7\u00e3o TV Litoral\",\"image\":{\"@type\":\"ImageObject\",\"inLanguage\":\"pt-BR\",\"@id\":\"https:\\\/\\\/redelitoralrs.com\\\/wp-content\\\/litespeed\\\/avatar\\\/779aafbb45e66c7f82733e21abb48259.jpg?ver=1777561602\",\"url\":\"https:\\\/\\\/redelitoralrs.com\\\/wp-content\\\/litespeed\\\/avatar\\\/779aafbb45e66c7f82733e21abb48259.jpg?ver=1777561602\",\"contentUrl\":\"https:\\\/\\\/redelitoralrs.com\\\/wp-content\\\/litespeed\\\/avatar\\\/779aafbb45e66c7f82733e21abb48259.jpg?ver=1777561602\",\"caption\":\"Reda\u00e7\u00e3o TV Litoral\"},\"description\":\"A Rede Litoral de Comunica\u00e7\u00e3o \u00e9 um grupo de m\u00eddia multiplataforma do Litoral Norte do RS. Com atua\u00e7\u00e3o em TV, r\u00e1dio, portal e redes sociais, levamos informa\u00e7\u00e3o, conte\u00fado e entretenimento \u00e0 comunidade, fortalecendo a comunica\u00e7\u00e3o local e impulsionando o desenvolvimento regional. Acompanhe atrav\u00e9s de @redelitoralrs.\",\"sameAs\":[\"https:\\\/\\\/redelitoralrs.com\",\"https:\\\/\\\/www.instagram.com\\\/redelitoralrs\",\"https:\\\/\\\/www.youtube.com\\\/@redelitoralrs\"],\"url\":\"https:\\\/\\\/redelitoralrs.com\\\/index.php\\\/author\\\/redacaotvlitoral\\\/\"}]}<\/script>\n<!-- \/ Yoast SEO plugin. -->","yoast_head_json":{"title":"Comerciantes de Os\u00f3rio cobram solu\u00e7\u00f5es para quedas de energia no centro da cidade - Rede Litoral RS","robots":{"index":"index","follow":"follow","max-snippet":"max-snippet:-1","max-image-preview":"max-image-preview:large","max-video-preview":"max-video-preview:-1"},"canonical":"https:\/\/redelitoralrs.com\/index.php\/2025\/02\/27\/comerciantes-de-osorio-cobram-solucoes-para-quedas-de-energia-no-centro-da-cidade\/","og_locale":"pt_BR","og_type":"article","og_title":"Comerciantes de Os\u00f3rio cobram solu\u00e7\u00f5es para quedas de energia no centro da cidade - Rede Litoral RS","og_description":"Comerciantes do centro de Os\u00f3rio est\u00e3o mobilizados diante das recorrentes quedas de energia el\u00e9trica que t\u00eam impactado diretamente suas atividades. Nesta quarta-feira (26), um grupo de pelo menos sete empres\u00e1rios de diferentes segmentos protocolou uma reclama\u00e7\u00e3o formal junto \u00e0 concession\u00e1ria respons\u00e1vel pelo fornecimento de energia na cidade. Nos \u00faltimos dias, a instabilidade el\u00e9trica foi registrada [&hellip;]","og_url":"https:\/\/redelitoralrs.com\/index.php\/2025\/02\/27\/comerciantes-de-osorio-cobram-solucoes-para-quedas-de-energia-no-centro-da-cidade\/","og_site_name":"Rede Litoral RS","article_publisher":"https:\/\/www.facebook.com\/tvlitoralrsoficial","article_published_time":"2025-02-27T16:13:07+00:00","article_modified_time":"2025-02-27T16:13:08+00:00","og_image":[{"width":1600,"height":900,"url":"https:\/\/redelitoralrs.com\/wp-content\/uploads\/2025\/02\/ComerciantesOsorio_270225.jpg.webp","type":"image\/webp"}],"author":"Reda\u00e7\u00e3o TV Litoral","twitter_card":"summary_large_image","twitter_misc":{"Escrito por":"Reda\u00e7\u00e3o TV Litoral","Est. tempo de leitura":"2 minutos"},"schema":{"@context":"https:\/\/schema.org","@graph":[{"@type":"Article","@id":"https:\/\/redelitoralrs.com\/index.php\/2025\/02\/27\/comerciantes-de-osorio-cobram-solucoes-para-quedas-de-energia-no-centro-da-cidade\/#article","isPartOf":{"@id":"https:\/\/redelitoralrs.com\/index.php\/2025\/02\/27\/comerciantes-de-osorio-cobram-solucoes-para-quedas-de-energia-no-centro-da-cidade\/"},"author":{"name":"Reda\u00e7\u00e3o TV Litoral","@id":"https:\/\/redelitoralrs.com\/#\/schema\/person\/9f8181f2a7359dd3986f05ebaf5bd68a"},"headline":"Comerciantes de Os\u00f3rio cobram solu\u00e7\u00f5es para quedas de energia no centro da cidade","datePublished":"2025-02-27T16:13:07+00:00","dateModified":"2025-02-27T16:13:08+00:00","mainEntityOfPage":{"@id":"https:\/\/redelitoralrs.com\/index.php\/2025\/02\/27\/comerciantes-de-osorio-cobram-solucoes-para-quedas-de-energia-no-centro-da-cidade\/"},"wordCount":232,"commentCount":0,"publisher":{"@id":"https:\/\/redelitoralrs.com\/#organization"},"image":{"@id":"https:\/\/redelitoralrs.com\/index.php\/2025\/02\/27\/comerciantes-de-osorio-cobram-solucoes-para-quedas-de-energia-no-centro-da-cidade\/#primaryimage"},"thumbnailUrl":"https:\/\/redelitoralrs.com\/wp-content\/uploads\/2025\/02\/ComerciantesOsorio_270225.jpg.webp","articleSection":["Os\u00f3rio","\u00daltimas not\u00edcias"],"inLanguage":"pt-BR","potentialAction":[{"@type":"CommentAction","name":"Comment","target":["https:\/\/redelitoralrs.com\/index.php\/2025\/02\/27\/comerciantes-de-osorio-cobram-solucoes-para-quedas-de-energia-no-centro-da-cidade\/#respond"]}]},{"@type":"WebPage","@id":"https:\/\/redelitoralrs.com\/index.php\/2025\/02\/27\/comerciantes-de-osorio-cobram-solucoes-para-quedas-de-energia-no-centro-da-cidade\/","url":"https:\/\/redelitoralrs.com\/index.php\/2025\/02\/27\/comerciantes-de-osorio-cobram-solucoes-para-quedas-de-energia-no-centro-da-cidade\/","name":"Comerciantes de Os\u00f3rio cobram solu\u00e7\u00f5es para quedas de energia no centro da cidade - Rede Litoral RS","isPartOf":{"@id":"https:\/\/redelitoralrs.com\/#website"},"primaryImageOfPage":{"@id":"https:\/\/redelitoralrs.com\/index.php\/2025\/02\/27\/comerciantes-de-osorio-cobram-solucoes-para-quedas-de-energia-no-centro-da-cidade\/#primaryimage"},"image":{"@id":"https:\/\/redelitoralrs.com\/index.php\/2025\/02\/27\/comerciantes-de-osorio-cobram-solucoes-para-quedas-de-energia-no-centro-da-cidade\/#primaryimage"},"thumbnailUrl":"https:\/\/redelitoralrs.com\/wp-content\/uploads\/2025\/02\/ComerciantesOsorio_270225.jpg.webp","datePublished":"2025-02-27T16:13:07+00:00","dateModified":"2025-02-27T16:13:08+00:00","breadcrumb":{"@id":"https:\/\/redelitoralrs.com\/index.php\/2025\/02\/27\/comerciantes-de-osorio-cobram-solucoes-para-quedas-de-energia-no-centro-da-cidade\/#breadcrumb"},"inLanguage":"pt-BR","potentialAction":[{"@type":"ReadAction","target":["https:\/\/redelitoralrs.com\/index.php\/2025\/02\/27\/comerciantes-de-osorio-cobram-solucoes-para-quedas-de-energia-no-centro-da-cidade\/"]}]},{"@type":"ImageObject","inLanguage":"pt-BR","@id":"https:\/\/redelitoralrs.com\/index.php\/2025\/02\/27\/comerciantes-de-osorio-cobram-solucoes-para-quedas-de-energia-no-centro-da-cidade\/#primaryimage","url":"https:\/\/redelitoralrs.com\/wp-content\/uploads\/2025\/02\/ComerciantesOsorio_270225.jpg.webp","contentUrl":"https:\/\/redelitoralrs.com\/wp-content\/uploads\/2025\/02\/ComerciantesOsorio_270225.jpg.webp","width":1600,"height":900,"caption":"Foto: Reprodu\u00e7\u00e3o JP Litoral"},{"@type":"BreadcrumbList","@id":"https:\/\/redelitoralrs.com\/index.php\/2025\/02\/27\/comerciantes-de-osorio-cobram-solucoes-para-quedas-de-energia-no-centro-da-cidade\/#breadcrumb","itemListElement":[{"@type":"ListItem","position":1,"name":"In\u00edcio","item":"https:\/\/redelitoralrs.com\/"},{"@type":"ListItem","position":2,"name":"Comerciantes de Os\u00f3rio cobram solu\u00e7\u00f5es para quedas de energia no centro da cidade"}]},{"@type":"WebSite","@id":"https:\/\/redelitoralrs.com\/#website","url":"https:\/\/redelitoralrs.com\/","name":"TV Litoral","description":"Acompanhe tudo do litoral ga\u00facho com a cobertura completa e atualizada da Rede Litoral RS. Nossos jornalistas trazem as \u00faltimas not\u00edcias, os acontecimentos mais quentes e as hist\u00f3rias que importam sobre nosso amado litoral.","publisher":{"@id":"https:\/\/redelitoralrs.com\/#organization"},"potentialAction":[{"@type":"SearchAction","target":{"@type":"EntryPoint","urlTemplate":"https:\/\/redelitoralrs.com\/?s={search_term_string}"},"query-input":{"@type":"PropertyValueSpecification","valueRequired":true,"valueName":"search_term_string"}}],"inLanguage":"pt-BR"},{"@type":"Organization","@id":"https:\/\/redelitoralrs.com\/#organization","name":"TV Litoral","url":"https:\/\/redelitoralrs.com\/","logo":{"@type":"ImageObject","inLanguage":"pt-BR","@id":"https:\/\/redelitoralrs.com\/#\/schema\/logo\/image\/","url":"https:\/\/redelitoralrs.com\/wp-content\/uploads\/2024\/01\/faviconicon-1-1.png","contentUrl":"https:\/\/redelitoralrs.com\/wp-content\/uploads\/2024\/01\/faviconicon-1-1.png","width":454,"height":454,"caption":"TV Litoral"},"image":{"@id":"https:\/\/redelitoralrs.com\/#\/schema\/logo\/image\/"},"sameAs":["https:\/\/www.facebook.com\/tvlitoralrsoficial","https:\/\/www.instagram.com\/tvlitoral.rs"]},{"@type":"Person","@id":"https:\/\/redelitoralrs.com\/#\/schema\/person\/9f8181f2a7359dd3986f05ebaf5bd68a","name":"Reda\u00e7\u00e3o TV Litoral","image":{"@type":"ImageObject","inLanguage":"pt-BR","@id":"https:\/\/redelitoralrs.com\/wp-content\/litespeed\/avatar\/779aafbb45e66c7f82733e21abb48259.jpg?ver=1777561602","url":"https:\/\/redelitoralrs.com\/wp-content\/litespeed\/avatar\/779aafbb45e66c7f82733e21abb48259.jpg?ver=1777561602","contentUrl":"https:\/\/redelitoralrs.com\/wp-content\/litespeed\/avatar\/779aafbb45e66c7f82733e21abb48259.jpg?ver=1777561602","caption":"Reda\u00e7\u00e3o TV Litoral"},"description":"A Rede Litoral de Comunica\u00e7\u00e3o \u00e9 um grupo de m\u00eddia multiplataforma do Litoral Norte do RS. Com atua\u00e7\u00e3o em TV, r\u00e1dio, portal e redes sociais, levamos informa\u00e7\u00e3o, conte\u00fado e entretenimento \u00e0 comunidade, fortalecendo a comunica\u00e7\u00e3o local e impulsionando o desenvolvimento regional. Acompanhe atrav\u00e9s de @redelitoralrs.","sameAs":["https:\/\/redelitoralrs.com","https:\/\/www.instagram.com\/redelitoralrs","https:\/\/www.youtube.com\/@redelitoralrs"],"url":"https:\/\/redelitoralrs.com\/index.php\/author\/redacaotvlitoral\/"}]}},"_links":{"self":[{"href":"https:\/\/redelitoralrs.com\/index.php\/wp-json\/wp\/v2\/posts\/7228","targetHints":{"allow":["GET"]}}],"collection":[{"href":"https:\/\/redelitoralrs.com\/index.php\/wp-json\/wp\/v2\/posts"}],"about":[{"href":"https:\/\/redelitoralrs.com\/index.php\/wp-json\/wp\/v2\/types\/post"}],"author":[{"embeddable":true,"href":"https:\/\/redelitoralrs.com\/index.php\/wp-json\/wp\/v2\/users\/2"}],"replies":[{"embeddable":true,"href":"https:\/\/redelitoralrs.com\/index.php\/wp-json\/wp\/v2\/comments?post=7228"}],"version-history":[{"count":2,"href":"https:\/\/redelitoralrs.com\/index.php\/wp-json\/wp\/v2\/posts\/7228\/revisions"}],"predecessor-version":[{"id":7231,"href":"https:\/\/redelitoralrs.com\/index.php\/wp-json\/wp\/v2\/posts\/7228\/revisions\/7231"}],"wp:featuredmedia":[{"embeddable":true,"href":"https:\/\/redelitoralrs.com\/index.php\/wp-json\/wp\/v2\/media\/7229"}],"wp:attachment":[{"href":"https:\/\/redelitoralrs.com\/index.php\/wp-json\/wp\/v2\/media?parent=7228"}],"wp:term":[{"taxonomy":"category","embeddable":true,"href":"https:\/\/redelitoralrs.com\/index.php\/wp-json\/wp\/v2\/categories?post=7228"},{"taxonomy":"post_tag","embeddable":true,"href":"https:\/\/redelitoralrs.com\/index.php\/wp-json\/wp\/v2\/tags?post=7228"}],"curies":[{"name":"wp","href":"https:\/\/api.w.org\/{rel}","templated":true}]}}