{"id":712,"date":"2024-02-18T21:44:56","date_gmt":"2024-02-19T00:44:56","guid":{"rendered":"https:\/\/redelitoralrs.com\/?p=712"},"modified":"2024-02-18T21:44:56","modified_gmt":"2024-02-19T00:44:56","slug":"domingo-de-sol-e-calor-atrai-banhistas-para-a-praia-de-capao-da-canoa","status":"publish","type":"post","link":"https:\/\/redelitoralrs.com\/index.php\/2024\/02\/18\/domingo-de-sol-e-calor-atrai-banhistas-para-a-praia-de-capao-da-canoa\/","title":{"rendered":"Domingo de sol e calor atrai banhistas para a praia de Cap\u00e3o da Canoa"},"content":{"rendered":"\n<p>O Litoral Norte segue movimentado mesmo ap\u00f3s o Carnaval. Neste domingo, o sol e o mar calmo atra\u00edram os veranistas para a faixa de areia em Cap\u00e3o da Canoa. A praia ficou tomada por guarda-s\u00f3is, principalmente na parte da tarde, quando a nebulosidade da manh\u00e3 se dissipou e o c\u00e9u azul tomou conta do litoral.<\/p>\n\n\n\n<p>Mesmo assim, j\u00e1 \u00e9 poss\u00edvel notar que a quantidade de veranistas tem ca\u00eddo nos \u00faltimos dias. A percep\u00e7\u00e3o \u00e9 compartilhada por quem trabalha na faixa de areia, como vendedores ambulantes e donos de quiosques &#8211; alguns estimam queda de 40% nas vendas em rela\u00e7\u00e3o \u00e0 \u00faltima semana.<\/p>\n\n\n\n<p>Quem permaneceu no Litoral foi premiado com um mar com \u00e1gua clara e calma. O mar ficou recheado de banhistas ao longo da tarde. A temperatura chegou a 30\u00aa graus na beira da praia.<\/p>\n\n\n\n<p>A bandeira nas guaritas de Cap\u00e3o da Canoa era amarela, o que indica necessidade de aten\u00e7\u00e3o com o mar. Era necess\u00e1rio tomar cuidado com ondas, buracos e correntes de retorno.<\/p>\n","protected":false},"excerpt":{"rendered":"<p>Mar calmo e com \u00e1gua clara foi o principal atrativo para os veranistas para um banho na orla no primeiro final de semana depois do Carnaval<\/p>\n","protected":false},"author":2,"featured_media":713,"comment_status":"open","ping_status":"open","sticky":false,"template":"","format":"standard","meta":{"_themeisle_gutenberg_block_has_review":false,"footnotes":""},"categories":[18],"tags":[],"class_list":["post-712","post","type-post","status-publish","format-standard","has-post-thumbnail","hentry","category-verao2025"],"yoast_head":"<!-- This site is optimized with the Yoast SEO plugin v27.4 - https:\/\/yoast.com\/product\/yoast-seo-wordpress\/ -->\n<title>Domingo de sol e calor atrai banhistas para a praia de Cap\u00e3o da Canoa - Rede Litoral RS<\/title>\n<meta name=\"robots\" content=\"index, follow, max-snippet:-1, max-image-preview:large, max-video-preview:-1\" \/>\n<link rel=\"canonical\" href=\"https:\/\/redelitoralrs.com\/index.php\/2024\/02\/18\/domingo-de-sol-e-calor-atrai-banhistas-para-a-praia-de-capao-da-canoa\/\" \/>\n<meta property=\"og:locale\" content=\"pt_BR\" \/>\n<meta property=\"og:type\" content=\"article\" \/>\n<meta property=\"og:title\" content=\"Domingo de sol e calor atrai banhistas para a praia de Cap\u00e3o da Canoa - Rede Litoral RS\" \/>\n<meta property=\"og:description\" content=\"Mar calmo e com \u00e1gua clara foi o principal atrativo para os veranistas para um banho na orla no primeiro final de semana depois do Carnaval\" \/>\n<meta property=\"og:url\" content=\"https:\/\/redelitoralrs.com\/index.php\/2024\/02\/18\/domingo-de-sol-e-calor-atrai-banhistas-para-a-praia-de-capao-da-canoa\/\" \/>\n<meta property=\"og:site_name\" content=\"Rede Litoral RS\" \/>\n<meta property=\"article:publisher\" content=\"https:\/\/www.facebook.com\/tvlitoralrsoficial\" \/>\n<meta property=\"article:published_time\" content=\"2024-02-19T00:44:56+00:00\" \/>\n<meta property=\"og:image\" content=\"https:\/\/redelitoralrs.com\/wp-content\/uploads\/2024\/02\/4918071_b060c1386feca1e.webp\" \/>\n\t<meta property=\"og:image:width\" content=\"700\" \/>\n\t<meta property=\"og:image:height\" content=\"466\" \/>\n\t<meta property=\"og:image:type\" content=\"image\/webp\" \/>\n<meta name=\"author\" content=\"Reda\u00e7\u00e3o TV Litoral\" \/>\n<meta name=\"twitter:card\" content=\"summary_large_image\" \/>\n<meta name=\"twitter:label1\" content=\"Escrito por\" \/>\n\t<meta name=\"twitter:data1\" content=\"Reda\u00e7\u00e3o TV Litoral\" \/>\n\t<meta name=\"twitter:label2\" content=\"Est. tempo de leitura\" \/>\n\t<meta name=\"twitter:data2\" content=\"1 minuto\" \/>\n<script type=\"application\/ld+json\" class=\"yoast-schema-graph\">{\"@context\":\"https:\\\/\\\/schema.org\",\"@graph\":[{\"@type\":\"Article\",\"@id\":\"https:\\\/\\\/redelitoralrs.com\\\/index.php\\\/2024\\\/02\\\/18\\\/domingo-de-sol-e-calor-atrai-banhistas-para-a-praia-de-capao-da-canoa\\\/#article\",\"isPartOf\":{\"@id\":\"https:\\\/\\\/redelitoralrs.com\\\/index.php\\\/2024\\\/02\\\/18\\\/domingo-de-sol-e-calor-atrai-banhistas-para-a-praia-de-capao-da-canoa\\\/\"},\"author\":{\"name\":\"Reda\u00e7\u00e3o TV Litoral\",\"@id\":\"https:\\\/\\\/redelitoralrs.com\\\/#\\\/schema\\\/person\\\/9f8181f2a7359dd3986f05ebaf5bd68a\"},\"headline\":\"Domingo de sol e calor atrai banhistas para a praia de Cap\u00e3o da Canoa\",\"datePublished\":\"2024-02-19T00:44:56+00:00\",\"mainEntityOfPage\":{\"@id\":\"https:\\\/\\\/redelitoralrs.com\\\/index.php\\\/2024\\\/02\\\/18\\\/domingo-de-sol-e-calor-atrai-banhistas-para-a-praia-de-capao-da-canoa\\\/\"},\"wordCount\":188,\"commentCount\":0,\"publisher\":{\"@id\":\"https:\\\/\\\/redelitoralrs.com\\\/#organization\"},\"image\":{\"@id\":\"https:\\\/\\\/redelitoralrs.com\\\/index.php\\\/2024\\\/02\\\/18\\\/domingo-de-sol-e-calor-atrai-banhistas-para-a-praia-de-capao-da-canoa\\\/#primaryimage\"},\"thumbnailUrl\":\"https:\\\/\\\/redelitoralrs.com\\\/wp-content\\\/uploads\\\/2024\\\/02\\\/4918071_b060c1386feca1e.webp\",\"articleSection\":[\"Ver\u00e3o 2025\"],\"inLanguage\":\"pt-BR\",\"potentialAction\":[{\"@type\":\"CommentAction\",\"name\":\"Comment\",\"target\":[\"https:\\\/\\\/redelitoralrs.com\\\/index.php\\\/2024\\\/02\\\/18\\\/domingo-de-sol-e-calor-atrai-banhistas-para-a-praia-de-capao-da-canoa\\\/#respond\"]}]},{\"@type\":\"WebPage\",\"@id\":\"https:\\\/\\\/redelitoralrs.com\\\/index.php\\\/2024\\\/02\\\/18\\\/domingo-de-sol-e-calor-atrai-banhistas-para-a-praia-de-capao-da-canoa\\\/\",\"url\":\"https:\\\/\\\/redelitoralrs.com\\\/index.php\\\/2024\\\/02\\\/18\\\/domingo-de-sol-e-calor-atrai-banhistas-para-a-praia-de-capao-da-canoa\\\/\",\"name\":\"Domingo de sol e calor atrai banhistas para a praia de Cap\u00e3o da Canoa - Rede Litoral RS\",\"isPartOf\":{\"@id\":\"https:\\\/\\\/redelitoralrs.com\\\/#website\"},\"primaryImageOfPage\":{\"@id\":\"https:\\\/\\\/redelitoralrs.com\\\/index.php\\\/2024\\\/02\\\/18\\\/domingo-de-sol-e-calor-atrai-banhistas-para-a-praia-de-capao-da-canoa\\\/#primaryimage\"},\"image\":{\"@id\":\"https:\\\/\\\/redelitoralrs.com\\\/index.php\\\/2024\\\/02\\\/18\\\/domingo-de-sol-e-calor-atrai-banhistas-para-a-praia-de-capao-da-canoa\\\/#primaryimage\"},\"thumbnailUrl\":\"https:\\\/\\\/redelitoralrs.com\\\/wp-content\\\/uploads\\\/2024\\\/02\\\/4918071_b060c1386feca1e.webp\",\"datePublished\":\"2024-02-19T00:44:56+00:00\",\"breadcrumb\":{\"@id\":\"https:\\\/\\\/redelitoralrs.com\\\/index.php\\\/2024\\\/02\\\/18\\\/domingo-de-sol-e-calor-atrai-banhistas-para-a-praia-de-capao-da-canoa\\\/#breadcrumb\"},\"inLanguage\":\"pt-BR\",\"potentialAction\":[{\"@type\":\"ReadAction\",\"target\":[\"https:\\\/\\\/redelitoralrs.com\\\/index.php\\\/2024\\\/02\\\/18\\\/domingo-de-sol-e-calor-atrai-banhistas-para-a-praia-de-capao-da-canoa\\\/\"]}]},{\"@type\":\"ImageObject\",\"inLanguage\":\"pt-BR\",\"@id\":\"https:\\\/\\\/redelitoralrs.com\\\/index.php\\\/2024\\\/02\\\/18\\\/domingo-de-sol-e-calor-atrai-banhistas-para-a-praia-de-capao-da-canoa\\\/#primaryimage\",\"url\":\"https:\\\/\\\/redelitoralrs.com\\\/wp-content\\\/uploads\\\/2024\\\/02\\\/4918071_b060c1386feca1e.webp\",\"contentUrl\":\"https:\\\/\\\/redelitoralrs.com\\\/wp-content\\\/uploads\\\/2024\\\/02\\\/4918071_b060c1386feca1e.webp\",\"width\":700,\"height\":466},{\"@type\":\"BreadcrumbList\",\"@id\":\"https:\\\/\\\/redelitoralrs.com\\\/index.php\\\/2024\\\/02\\\/18\\\/domingo-de-sol-e-calor-atrai-banhistas-para-a-praia-de-capao-da-canoa\\\/#breadcrumb\",\"itemListElement\":[{\"@type\":\"ListItem\",\"position\":1,\"name\":\"In\u00edcio\",\"item\":\"https:\\\/\\\/redelitoralrs.com\\\/\"},{\"@type\":\"ListItem\",\"position\":2,\"name\":\"Domingo de sol e calor atrai banhistas para a praia de Cap\u00e3o da Canoa\"}]},{\"@type\":\"WebSite\",\"@id\":\"https:\\\/\\\/redelitoralrs.com\\\/#website\",\"url\":\"https:\\\/\\\/redelitoralrs.com\\\/\",\"name\":\"TV Litoral\",\"description\":\"Acompanhe tudo do litoral ga\u00facho com a cobertura completa e atualizada da Rede Litoral RS. Nossos jornalistas trazem as \u00faltimas not\u00edcias, os acontecimentos mais quentes e as hist\u00f3rias que importam sobre nosso amado litoral.\",\"publisher\":{\"@id\":\"https:\\\/\\\/redelitoralrs.com\\\/#organization\"},\"potentialAction\":[{\"@type\":\"SearchAction\",\"target\":{\"@type\":\"EntryPoint\",\"urlTemplate\":\"https:\\\/\\\/redelitoralrs.com\\\/?s={search_term_string}\"},\"query-input\":{\"@type\":\"PropertyValueSpecification\",\"valueRequired\":true,\"valueName\":\"search_term_string\"}}],\"inLanguage\":\"pt-BR\"},{\"@type\":\"Organization\",\"@id\":\"https:\\\/\\\/redelitoralrs.com\\\/#organization\",\"name\":\"TV Litoral\",\"url\":\"https:\\\/\\\/redelitoralrs.com\\\/\",\"logo\":{\"@type\":\"ImageObject\",\"inLanguage\":\"pt-BR\",\"@id\":\"https:\\\/\\\/redelitoralrs.com\\\/#\\\/schema\\\/logo\\\/image\\\/\",\"url\":\"https:\\\/\\\/redelitoralrs.com\\\/wp-content\\\/uploads\\\/2024\\\/01\\\/faviconicon-1-1.png\",\"contentUrl\":\"https:\\\/\\\/redelitoralrs.com\\\/wp-content\\\/uploads\\\/2024\\\/01\\\/faviconicon-1-1.png\",\"width\":454,\"height\":454,\"caption\":\"TV Litoral\"},\"image\":{\"@id\":\"https:\\\/\\\/redelitoralrs.com\\\/#\\\/schema\\\/logo\\\/image\\\/\"},\"sameAs\":[\"https:\\\/\\\/www.facebook.com\\\/tvlitoralrsoficial\",\"https:\\\/\\\/www.instagram.com\\\/tvlitoral.rs\"]},{\"@type\":\"Person\",\"@id\":\"https:\\\/\\\/redelitoralrs.com\\\/#\\\/schema\\\/person\\\/9f8181f2a7359dd3986f05ebaf5bd68a\",\"name\":\"Reda\u00e7\u00e3o TV Litoral\",\"image\":{\"@type\":\"ImageObject\",\"inLanguage\":\"pt-BR\",\"@id\":\"https:\\\/\\\/redelitoralrs.com\\\/wp-content\\\/litespeed\\\/avatar\\\/779aafbb45e66c7f82733e21abb48259.jpg?ver=1776956734\",\"url\":\"https:\\\/\\\/redelitoralrs.com\\\/wp-content\\\/litespeed\\\/avatar\\\/779aafbb45e66c7f82733e21abb48259.jpg?ver=1776956734\",\"contentUrl\":\"https:\\\/\\\/redelitoralrs.com\\\/wp-content\\\/litespeed\\\/avatar\\\/779aafbb45e66c7f82733e21abb48259.jpg?ver=1776956734\",\"caption\":\"Reda\u00e7\u00e3o TV Litoral\"},\"description\":\"A Rede Litoral de Comunica\u00e7\u00e3o \u00e9 um grupo de m\u00eddia multiplataforma do Litoral Norte do RS. Com atua\u00e7\u00e3o em TV, r\u00e1dio, portal e redes sociais, levamos informa\u00e7\u00e3o, conte\u00fado e entretenimento \u00e0 comunidade, fortalecendo a comunica\u00e7\u00e3o local e impulsionando o desenvolvimento regional. Acompanhe atrav\u00e9s de @redelitoralrs.\",\"sameAs\":[\"https:\\\/\\\/redelitoralrs.com\",\"https:\\\/\\\/www.instagram.com\\\/redelitoralrs\",\"https:\\\/\\\/www.youtube.com\\\/@redelitoralrs\"],\"url\":\"https:\\\/\\\/redelitoralrs.com\\\/index.php\\\/author\\\/redacaotvlitoral\\\/\"}]}<\/script>\n<!-- \/ Yoast SEO plugin. -->","yoast_head_json":{"title":"Domingo de sol e calor atrai banhistas para a praia de Cap\u00e3o da Canoa - Rede Litoral RS","robots":{"index":"index","follow":"follow","max-snippet":"max-snippet:-1","max-image-preview":"max-image-preview:large","max-video-preview":"max-video-preview:-1"},"canonical":"https:\/\/redelitoralrs.com\/index.php\/2024\/02\/18\/domingo-de-sol-e-calor-atrai-banhistas-para-a-praia-de-capao-da-canoa\/","og_locale":"pt_BR","og_type":"article","og_title":"Domingo de sol e calor atrai banhistas para a praia de Cap\u00e3o da Canoa - Rede Litoral RS","og_description":"Mar calmo e com \u00e1gua clara foi o principal atrativo para os veranistas para um banho na orla no primeiro final de semana depois do Carnaval","og_url":"https:\/\/redelitoralrs.com\/index.php\/2024\/02\/18\/domingo-de-sol-e-calor-atrai-banhistas-para-a-praia-de-capao-da-canoa\/","og_site_name":"Rede Litoral RS","article_publisher":"https:\/\/www.facebook.com\/tvlitoralrsoficial","article_published_time":"2024-02-19T00:44:56+00:00","og_image":[{"width":700,"height":466,"url":"https:\/\/redelitoralrs.com\/wp-content\/uploads\/2024\/02\/4918071_b060c1386feca1e.webp","type":"image\/webp"}],"author":"Reda\u00e7\u00e3o TV Litoral","twitter_card":"summary_large_image","twitter_misc":{"Escrito por":"Reda\u00e7\u00e3o TV Litoral","Est. tempo de leitura":"1 minuto"},"schema":{"@context":"https:\/\/schema.org","@graph":[{"@type":"Article","@id":"https:\/\/redelitoralrs.com\/index.php\/2024\/02\/18\/domingo-de-sol-e-calor-atrai-banhistas-para-a-praia-de-capao-da-canoa\/#article","isPartOf":{"@id":"https:\/\/redelitoralrs.com\/index.php\/2024\/02\/18\/domingo-de-sol-e-calor-atrai-banhistas-para-a-praia-de-capao-da-canoa\/"},"author":{"name":"Reda\u00e7\u00e3o TV Litoral","@id":"https:\/\/redelitoralrs.com\/#\/schema\/person\/9f8181f2a7359dd3986f05ebaf5bd68a"},"headline":"Domingo de sol e calor atrai banhistas para a praia de Cap\u00e3o da Canoa","datePublished":"2024-02-19T00:44:56+00:00","mainEntityOfPage":{"@id":"https:\/\/redelitoralrs.com\/index.php\/2024\/02\/18\/domingo-de-sol-e-calor-atrai-banhistas-para-a-praia-de-capao-da-canoa\/"},"wordCount":188,"commentCount":0,"publisher":{"@id":"https:\/\/redelitoralrs.com\/#organization"},"image":{"@id":"https:\/\/redelitoralrs.com\/index.php\/2024\/02\/18\/domingo-de-sol-e-calor-atrai-banhistas-para-a-praia-de-capao-da-canoa\/#primaryimage"},"thumbnailUrl":"https:\/\/redelitoralrs.com\/wp-content\/uploads\/2024\/02\/4918071_b060c1386feca1e.webp","articleSection":["Ver\u00e3o 2025"],"inLanguage":"pt-BR","potentialAction":[{"@type":"CommentAction","name":"Comment","target":["https:\/\/redelitoralrs.com\/index.php\/2024\/02\/18\/domingo-de-sol-e-calor-atrai-banhistas-para-a-praia-de-capao-da-canoa\/#respond"]}]},{"@type":"WebPage","@id":"https:\/\/redelitoralrs.com\/index.php\/2024\/02\/18\/domingo-de-sol-e-calor-atrai-banhistas-para-a-praia-de-capao-da-canoa\/","url":"https:\/\/redelitoralrs.com\/index.php\/2024\/02\/18\/domingo-de-sol-e-calor-atrai-banhistas-para-a-praia-de-capao-da-canoa\/","name":"Domingo de sol e calor atrai banhistas para a praia de Cap\u00e3o da Canoa - Rede Litoral RS","isPartOf":{"@id":"https:\/\/redelitoralrs.com\/#website"},"primaryImageOfPage":{"@id":"https:\/\/redelitoralrs.com\/index.php\/2024\/02\/18\/domingo-de-sol-e-calor-atrai-banhistas-para-a-praia-de-capao-da-canoa\/#primaryimage"},"image":{"@id":"https:\/\/redelitoralrs.com\/index.php\/2024\/02\/18\/domingo-de-sol-e-calor-atrai-banhistas-para-a-praia-de-capao-da-canoa\/#primaryimage"},"thumbnailUrl":"https:\/\/redelitoralrs.com\/wp-content\/uploads\/2024\/02\/4918071_b060c1386feca1e.webp","datePublished":"2024-02-19T00:44:56+00:00","breadcrumb":{"@id":"https:\/\/redelitoralrs.com\/index.php\/2024\/02\/18\/domingo-de-sol-e-calor-atrai-banhistas-para-a-praia-de-capao-da-canoa\/#breadcrumb"},"inLanguage":"pt-BR","potentialAction":[{"@type":"ReadAction","target":["https:\/\/redelitoralrs.com\/index.php\/2024\/02\/18\/domingo-de-sol-e-calor-atrai-banhistas-para-a-praia-de-capao-da-canoa\/"]}]},{"@type":"ImageObject","inLanguage":"pt-BR","@id":"https:\/\/redelitoralrs.com\/index.php\/2024\/02\/18\/domingo-de-sol-e-calor-atrai-banhistas-para-a-praia-de-capao-da-canoa\/#primaryimage","url":"https:\/\/redelitoralrs.com\/wp-content\/uploads\/2024\/02\/4918071_b060c1386feca1e.webp","contentUrl":"https:\/\/redelitoralrs.com\/wp-content\/uploads\/2024\/02\/4918071_b060c1386feca1e.webp","width":700,"height":466},{"@type":"BreadcrumbList","@id":"https:\/\/redelitoralrs.com\/index.php\/2024\/02\/18\/domingo-de-sol-e-calor-atrai-banhistas-para-a-praia-de-capao-da-canoa\/#breadcrumb","itemListElement":[{"@type":"ListItem","position":1,"name":"In\u00edcio","item":"https:\/\/redelitoralrs.com\/"},{"@type":"ListItem","position":2,"name":"Domingo de sol e calor atrai banhistas para a praia de Cap\u00e3o da Canoa"}]},{"@type":"WebSite","@id":"https:\/\/redelitoralrs.com\/#website","url":"https:\/\/redelitoralrs.com\/","name":"TV Litoral","description":"Acompanhe tudo do litoral ga\u00facho com a cobertura completa e atualizada da Rede Litoral RS. Nossos jornalistas trazem as \u00faltimas not\u00edcias, os acontecimentos mais quentes e as hist\u00f3rias que importam sobre nosso amado litoral.","publisher":{"@id":"https:\/\/redelitoralrs.com\/#organization"},"potentialAction":[{"@type":"SearchAction","target":{"@type":"EntryPoint","urlTemplate":"https:\/\/redelitoralrs.com\/?s={search_term_string}"},"query-input":{"@type":"PropertyValueSpecification","valueRequired":true,"valueName":"search_term_string"}}],"inLanguage":"pt-BR"},{"@type":"Organization","@id":"https:\/\/redelitoralrs.com\/#organization","name":"TV Litoral","url":"https:\/\/redelitoralrs.com\/","logo":{"@type":"ImageObject","inLanguage":"pt-BR","@id":"https:\/\/redelitoralrs.com\/#\/schema\/logo\/image\/","url":"https:\/\/redelitoralrs.com\/wp-content\/uploads\/2024\/01\/faviconicon-1-1.png","contentUrl":"https:\/\/redelitoralrs.com\/wp-content\/uploads\/2024\/01\/faviconicon-1-1.png","width":454,"height":454,"caption":"TV Litoral"},"image":{"@id":"https:\/\/redelitoralrs.com\/#\/schema\/logo\/image\/"},"sameAs":["https:\/\/www.facebook.com\/tvlitoralrsoficial","https:\/\/www.instagram.com\/tvlitoral.rs"]},{"@type":"Person","@id":"https:\/\/redelitoralrs.com\/#\/schema\/person\/9f8181f2a7359dd3986f05ebaf5bd68a","name":"Reda\u00e7\u00e3o TV Litoral","image":{"@type":"ImageObject","inLanguage":"pt-BR","@id":"https:\/\/redelitoralrs.com\/wp-content\/litespeed\/avatar\/779aafbb45e66c7f82733e21abb48259.jpg?ver=1776956734","url":"https:\/\/redelitoralrs.com\/wp-content\/litespeed\/avatar\/779aafbb45e66c7f82733e21abb48259.jpg?ver=1776956734","contentUrl":"https:\/\/redelitoralrs.com\/wp-content\/litespeed\/avatar\/779aafbb45e66c7f82733e21abb48259.jpg?ver=1776956734","caption":"Reda\u00e7\u00e3o TV Litoral"},"description":"A Rede Litoral de Comunica\u00e7\u00e3o \u00e9 um grupo de m\u00eddia multiplataforma do Litoral Norte do RS. Com atua\u00e7\u00e3o em TV, r\u00e1dio, portal e redes sociais, levamos informa\u00e7\u00e3o, conte\u00fado e entretenimento \u00e0 comunidade, fortalecendo a comunica\u00e7\u00e3o local e impulsionando o desenvolvimento regional. Acompanhe atrav\u00e9s de @redelitoralrs.","sameAs":["https:\/\/redelitoralrs.com","https:\/\/www.instagram.com\/redelitoralrs","https:\/\/www.youtube.com\/@redelitoralrs"],"url":"https:\/\/redelitoralrs.com\/index.php\/author\/redacaotvlitoral\/"}]}},"_links":{"self":[{"href":"https:\/\/redelitoralrs.com\/index.php\/wp-json\/wp\/v2\/posts\/712","targetHints":{"allow":["GET"]}}],"collection":[{"href":"https:\/\/redelitoralrs.com\/index.php\/wp-json\/wp\/v2\/posts"}],"about":[{"href":"https:\/\/redelitoralrs.com\/index.php\/wp-json\/wp\/v2\/types\/post"}],"author":[{"embeddable":true,"href":"https:\/\/redelitoralrs.com\/index.php\/wp-json\/wp\/v2\/users\/2"}],"replies":[{"embeddable":true,"href":"https:\/\/redelitoralrs.com\/index.php\/wp-json\/wp\/v2\/comments?post=712"}],"version-history":[{"count":1,"href":"https:\/\/redelitoralrs.com\/index.php\/wp-json\/wp\/v2\/posts\/712\/revisions"}],"predecessor-version":[{"id":714,"href":"https:\/\/redelitoralrs.com\/index.php\/wp-json\/wp\/v2\/posts\/712\/revisions\/714"}],"wp:featuredmedia":[{"embeddable":true,"href":"https:\/\/redelitoralrs.com\/index.php\/wp-json\/wp\/v2\/media\/713"}],"wp:attachment":[{"href":"https:\/\/redelitoralrs.com\/index.php\/wp-json\/wp\/v2\/media?parent=712"}],"wp:term":[{"taxonomy":"category","embeddable":true,"href":"https:\/\/redelitoralrs.com\/index.php\/wp-json\/wp\/v2\/categories?post=712"},{"taxonomy":"post_tag","embeddable":true,"href":"https:\/\/redelitoralrs.com\/index.php\/wp-json\/wp\/v2\/tags?post=712"}],"curies":[{"name":"wp","href":"https:\/\/api.w.org\/{rel}","templated":true}]}}