{"id":7100,"date":"2025-02-25T10:58:59","date_gmt":"2025-02-25T13:58:59","guid":{"rendered":"https:\/\/redelitoralrs.com\/?p=7100"},"modified":"2025-02-25T11:02:22","modified_gmt":"2025-02-25T14:02:22","slug":"camara-de-capao-da-canoa-aprova-projeto-que-proibe-linguagem-neutra","status":"publish","type":"post","link":"https:\/\/redelitoralrs.com\/index.php\/2025\/02\/25\/camara-de-capao-da-canoa-aprova-projeto-que-proibe-linguagem-neutra\/","title":{"rendered":"C\u00e2mara de Cap\u00e3o da Canoa aprova projeto que pro\u00edbe linguagem neutra"},"content":{"rendered":"\n<p>A C\u00e2mara Municipal de Cap\u00e3o da Canoa aprovou, por unanimidade, um projeto de lei que pro\u00edbe o uso da linguagem neutra em escolas e em cerimoniais p\u00fablicos do munic\u00edpio. A proposta, de autoria do Vereador Alessandro Pereira (PODEMOS), teve 11 votos favor\u00e1veis; a Vereadora Nuna esteve ausente da sess\u00e3o e, portanto, n\u00e3o participou da vota\u00e7\u00e3o. O texto segue agora para san\u00e7\u00e3o do Prefeito.<\/p>\n\n\n\n<p>De acordo com o parlamentar, o objetivo do projeto \u00e9 assegurar o ensino da l\u00edngua portuguesa conforme as normas gramaticais oficiais, sem altera\u00e7\u00f5es que possam ser atribu\u00eddas a influ\u00eancias ideol\u00f3gicas. A medida busca padronizar o uso do idioma no ambiente educacional e em eventos institucionais.<\/p>\n\n\n\n<p>A vota\u00e7\u00e3o ocorreu sem manifesta\u00e7\u00f5es contr\u00e1rias por parte dos Vereadores presentes. Caso seja sancionada pelo Executivo, a nova legisla\u00e7\u00e3o passar\u00e1 a vigorar nas escolas municipais e em eventos oficiais realizados pela administra\u00e7\u00e3o p\u00fablica local.<\/p>\n\n\n\n<figure class=\"wp-block-image size-large\"><img fetchpriority=\"high\" decoding=\"async\" width=\"1024\" height=\"768\" src=\"https:\/\/redelitoralrs.com\/wp-content\/uploads\/2025\/02\/WhatsApp-Image-2025-02-25-at-10.29.50-1024x768.jpeg\" alt=\"\" class=\"wp-image-7102\" srcset=\"https:\/\/redelitoralrs.com\/wp-content\/uploads\/2025\/02\/WhatsApp-Image-2025-02-25-at-10.29.50-1024x768.jpeg 1024w, https:\/\/redelitoralrs.com\/wp-content\/uploads\/2025\/02\/WhatsApp-Image-2025-02-25-at-10.29.50-300x225.jpeg 300w, https:\/\/redelitoralrs.com\/wp-content\/uploads\/2025\/02\/WhatsApp-Image-2025-02-25-at-10.29.50-768x576.jpeg 768w, https:\/\/redelitoralrs.com\/wp-content\/uploads\/2025\/02\/WhatsApp-Image-2025-02-25-at-10.29.50-1536x1152.jpeg 1536w, https:\/\/redelitoralrs.com\/wp-content\/uploads\/2025\/02\/WhatsApp-Image-2025-02-25-at-10.29.50-2048x1536.jpeg 2048w\" sizes=\"(max-width: 1024px) 100vw, 1024px\" \/><figcaption class=\"wp-element-caption\"><em>Foto: Assessoria CMCC<\/em><\/figcaption><\/figure>\n","protected":false},"excerpt":{"rendered":"<p>A C\u00e2mara Municipal de Cap\u00e3o da Canoa aprovou, por unanimidade, um projeto de lei que pro\u00edbe o uso da linguagem neutra em escolas e em cerimoniais p\u00fablicos do munic\u00edpio. A proposta, de autoria do Vereador Alessandro Pereira (PODEMOS), teve 11 votos favor\u00e1veis; a Vereadora Nuna esteve ausente da sess\u00e3o e, portanto, n\u00e3o participou da vota\u00e7\u00e3o. [&hellip;]<\/p>\n","protected":false},"author":2,"featured_media":7101,"comment_status":"open","ping_status":"open","sticky":false,"template":"","format":"standard","meta":{"_themeisle_gutenberg_block_has_review":false,"footnotes":""},"categories":[24,15],"tags":[],"class_list":["post-7100","post","type-post","status-publish","format-standard","has-post-thumbnail","hentry","category-capao-da-canoa","category-noticias"],"yoast_head":"<!-- This site is optimized with the Yoast SEO plugin v27.4 - https:\/\/yoast.com\/product\/yoast-seo-wordpress\/ -->\n<title>C\u00e2mara aprova projeto que pro\u00edbe linguagem neutra<\/title>\n<meta name=\"robots\" content=\"index, follow, max-snippet:-1, max-image-preview:large, max-video-preview:-1\" \/>\n<link rel=\"canonical\" href=\"https:\/\/redelitoralrs.com\/index.php\/2025\/02\/25\/camara-de-capao-da-canoa-aprova-projeto-que-proibe-linguagem-neutra\/\" \/>\n<meta property=\"og:locale\" content=\"pt_BR\" \/>\n<meta property=\"og:type\" content=\"article\" \/>\n<meta property=\"og:title\" content=\"C\u00e2mara aprova projeto que pro\u00edbe linguagem neutra\" \/>\n<meta property=\"og:description\" content=\"A C\u00e2mara Municipal de Cap\u00e3o da Canoa aprovou, por unanimidade, um projeto de lei que pro\u00edbe o uso da linguagem neutra em escolas e em cerimoniais p\u00fablicos do munic\u00edpio. A proposta, de autoria do Vereador Alessandro Pereira (PODEMOS), teve 11 votos favor\u00e1veis; a Vereadora Nuna esteve ausente da sess\u00e3o e, portanto, n\u00e3o participou da vota\u00e7\u00e3o. [&hellip;]\" \/>\n<meta property=\"og:url\" content=\"https:\/\/redelitoralrs.com\/index.php\/2025\/02\/25\/camara-de-capao-da-canoa-aprova-projeto-que-proibe-linguagem-neutra\/\" \/>\n<meta property=\"og:site_name\" content=\"Rede Litoral RS\" \/>\n<meta property=\"article:publisher\" content=\"https:\/\/www.facebook.com\/tvlitoralrsoficial\" \/>\n<meta property=\"article:published_time\" content=\"2025-02-25T13:58:59+00:00\" \/>\n<meta property=\"article:modified_time\" content=\"2025-02-25T14:02:22+00:00\" \/>\n<meta property=\"og:image\" content=\"https:\/\/redelitoralrs.com\/wp-content\/uploads\/2025\/02\/WhatsApp-Image-2025-02-25-at-10.31.51-scaled.jpeg\" \/>\n\t<meta property=\"og:image:width\" content=\"2560\" \/>\n\t<meta property=\"og:image:height\" content=\"1440\" \/>\n\t<meta property=\"og:image:type\" content=\"image\/jpeg\" \/>\n<meta name=\"author\" content=\"Reda\u00e7\u00e3o TV Litoral\" \/>\n<meta name=\"twitter:card\" content=\"summary_large_image\" \/>\n<meta name=\"twitter:label1\" content=\"Escrito por\" \/>\n\t<meta name=\"twitter:data1\" content=\"Reda\u00e7\u00e3o TV Litoral\" \/>\n\t<meta name=\"twitter:label2\" content=\"Est. tempo de leitura\" \/>\n\t<meta name=\"twitter:data2\" content=\"2 minutos\" \/>\n<script type=\"application\/ld+json\" class=\"yoast-schema-graph\">{\"@context\":\"https:\\\/\\\/schema.org\",\"@graph\":[{\"@type\":\"Article\",\"@id\":\"https:\\\/\\\/redelitoralrs.com\\\/index.php\\\/2025\\\/02\\\/25\\\/camara-de-capao-da-canoa-aprova-projeto-que-proibe-linguagem-neutra\\\/#article\",\"isPartOf\":{\"@id\":\"https:\\\/\\\/redelitoralrs.com\\\/index.php\\\/2025\\\/02\\\/25\\\/camara-de-capao-da-canoa-aprova-projeto-que-proibe-linguagem-neutra\\\/\"},\"author\":{\"name\":\"Reda\u00e7\u00e3o TV Litoral\",\"@id\":\"https:\\\/\\\/redelitoralrs.com\\\/#\\\/schema\\\/person\\\/9f8181f2a7359dd3986f05ebaf5bd68a\"},\"headline\":\"C\u00e2mara de Cap\u00e3o da Canoa aprova projeto que pro\u00edbe linguagem neutra\",\"datePublished\":\"2025-02-25T13:58:59+00:00\",\"dateModified\":\"2025-02-25T14:02:22+00:00\",\"mainEntityOfPage\":{\"@id\":\"https:\\\/\\\/redelitoralrs.com\\\/index.php\\\/2025\\\/02\\\/25\\\/camara-de-capao-da-canoa-aprova-projeto-que-proibe-linguagem-neutra\\\/\"},\"wordCount\":178,\"commentCount\":0,\"publisher\":{\"@id\":\"https:\\\/\\\/redelitoralrs.com\\\/#organization\"},\"image\":{\"@id\":\"https:\\\/\\\/redelitoralrs.com\\\/index.php\\\/2025\\\/02\\\/25\\\/camara-de-capao-da-canoa-aprova-projeto-que-proibe-linguagem-neutra\\\/#primaryimage\"},\"thumbnailUrl\":\"https:\\\/\\\/redelitoralrs.com\\\/wp-content\\\/uploads\\\/2025\\\/02\\\/WhatsApp-Image-2025-02-25-at-10.31.51-scaled.jpeg\",\"articleSection\":[\"Cap\u00e3o da Canoa\",\"\u00daltimas not\u00edcias\"],\"inLanguage\":\"pt-BR\",\"potentialAction\":[{\"@type\":\"CommentAction\",\"name\":\"Comment\",\"target\":[\"https:\\\/\\\/redelitoralrs.com\\\/index.php\\\/2025\\\/02\\\/25\\\/camara-de-capao-da-canoa-aprova-projeto-que-proibe-linguagem-neutra\\\/#respond\"]}]},{\"@type\":\"WebPage\",\"@id\":\"https:\\\/\\\/redelitoralrs.com\\\/index.php\\\/2025\\\/02\\\/25\\\/camara-de-capao-da-canoa-aprova-projeto-que-proibe-linguagem-neutra\\\/\",\"url\":\"https:\\\/\\\/redelitoralrs.com\\\/index.php\\\/2025\\\/02\\\/25\\\/camara-de-capao-da-canoa-aprova-projeto-que-proibe-linguagem-neutra\\\/\",\"name\":\"C\u00e2mara aprova projeto que pro\u00edbe linguagem neutra\",\"isPartOf\":{\"@id\":\"https:\\\/\\\/redelitoralrs.com\\\/#website\"},\"primaryImageOfPage\":{\"@id\":\"https:\\\/\\\/redelitoralrs.com\\\/index.php\\\/2025\\\/02\\\/25\\\/camara-de-capao-da-canoa-aprova-projeto-que-proibe-linguagem-neutra\\\/#primaryimage\"},\"image\":{\"@id\":\"https:\\\/\\\/redelitoralrs.com\\\/index.php\\\/2025\\\/02\\\/25\\\/camara-de-capao-da-canoa-aprova-projeto-que-proibe-linguagem-neutra\\\/#primaryimage\"},\"thumbnailUrl\":\"https:\\\/\\\/redelitoralrs.com\\\/wp-content\\\/uploads\\\/2025\\\/02\\\/WhatsApp-Image-2025-02-25-at-10.31.51-scaled.jpeg\",\"datePublished\":\"2025-02-25T13:58:59+00:00\",\"dateModified\":\"2025-02-25T14:02:22+00:00\",\"breadcrumb\":{\"@id\":\"https:\\\/\\\/redelitoralrs.com\\\/index.php\\\/2025\\\/02\\\/25\\\/camara-de-capao-da-canoa-aprova-projeto-que-proibe-linguagem-neutra\\\/#breadcrumb\"},\"inLanguage\":\"pt-BR\",\"potentialAction\":[{\"@type\":\"ReadAction\",\"target\":[\"https:\\\/\\\/redelitoralrs.com\\\/index.php\\\/2025\\\/02\\\/25\\\/camara-de-capao-da-canoa-aprova-projeto-que-proibe-linguagem-neutra\\\/\"]}]},{\"@type\":\"ImageObject\",\"inLanguage\":\"pt-BR\",\"@id\":\"https:\\\/\\\/redelitoralrs.com\\\/index.php\\\/2025\\\/02\\\/25\\\/camara-de-capao-da-canoa-aprova-projeto-que-proibe-linguagem-neutra\\\/#primaryimage\",\"url\":\"https:\\\/\\\/redelitoralrs.com\\\/wp-content\\\/uploads\\\/2025\\\/02\\\/WhatsApp-Image-2025-02-25-at-10.31.51-scaled.jpeg\",\"contentUrl\":\"https:\\\/\\\/redelitoralrs.com\\\/wp-content\\\/uploads\\\/2025\\\/02\\\/WhatsApp-Image-2025-02-25-at-10.31.51-scaled.jpeg\",\"width\":2560,\"height\":1440,\"caption\":\"Foto: Assessoria CMCC\"},{\"@type\":\"BreadcrumbList\",\"@id\":\"https:\\\/\\\/redelitoralrs.com\\\/index.php\\\/2025\\\/02\\\/25\\\/camara-de-capao-da-canoa-aprova-projeto-que-proibe-linguagem-neutra\\\/#breadcrumb\",\"itemListElement\":[{\"@type\":\"ListItem\",\"position\":1,\"name\":\"In\u00edcio\",\"item\":\"https:\\\/\\\/redelitoralrs.com\\\/\"},{\"@type\":\"ListItem\",\"position\":2,\"name\":\"C\u00e2mara de Cap\u00e3o da Canoa aprova projeto que pro\u00edbe linguagem neutra\"}]},{\"@type\":\"WebSite\",\"@id\":\"https:\\\/\\\/redelitoralrs.com\\\/#website\",\"url\":\"https:\\\/\\\/redelitoralrs.com\\\/\",\"name\":\"TV Litoral\",\"description\":\"Acompanhe tudo do litoral ga\u00facho com a cobertura completa e atualizada da Rede Litoral RS. Nossos jornalistas trazem as \u00faltimas not\u00edcias, os acontecimentos mais quentes e as hist\u00f3rias que importam sobre nosso amado litoral.\",\"publisher\":{\"@id\":\"https:\\\/\\\/redelitoralrs.com\\\/#organization\"},\"potentialAction\":[{\"@type\":\"SearchAction\",\"target\":{\"@type\":\"EntryPoint\",\"urlTemplate\":\"https:\\\/\\\/redelitoralrs.com\\\/?s={search_term_string}\"},\"query-input\":{\"@type\":\"PropertyValueSpecification\",\"valueRequired\":true,\"valueName\":\"search_term_string\"}}],\"inLanguage\":\"pt-BR\"},{\"@type\":\"Organization\",\"@id\":\"https:\\\/\\\/redelitoralrs.com\\\/#organization\",\"name\":\"TV Litoral\",\"url\":\"https:\\\/\\\/redelitoralrs.com\\\/\",\"logo\":{\"@type\":\"ImageObject\",\"inLanguage\":\"pt-BR\",\"@id\":\"https:\\\/\\\/redelitoralrs.com\\\/#\\\/schema\\\/logo\\\/image\\\/\",\"url\":\"https:\\\/\\\/redelitoralrs.com\\\/wp-content\\\/uploads\\\/2024\\\/01\\\/faviconicon-1-1.png\",\"contentUrl\":\"https:\\\/\\\/redelitoralrs.com\\\/wp-content\\\/uploads\\\/2024\\\/01\\\/faviconicon-1-1.png\",\"width\":454,\"height\":454,\"caption\":\"TV Litoral\"},\"image\":{\"@id\":\"https:\\\/\\\/redelitoralrs.com\\\/#\\\/schema\\\/logo\\\/image\\\/\"},\"sameAs\":[\"https:\\\/\\\/www.facebook.com\\\/tvlitoralrsoficial\",\"https:\\\/\\\/www.instagram.com\\\/tvlitoral.rs\"]},{\"@type\":\"Person\",\"@id\":\"https:\\\/\\\/redelitoralrs.com\\\/#\\\/schema\\\/person\\\/9f8181f2a7359dd3986f05ebaf5bd68a\",\"name\":\"Reda\u00e7\u00e3o TV Litoral\",\"image\":{\"@type\":\"ImageObject\",\"inLanguage\":\"pt-BR\",\"@id\":\"https:\\\/\\\/redelitoralrs.com\\\/wp-content\\\/litespeed\\\/avatar\\\/779aafbb45e66c7f82733e21abb48259.jpg?ver=1776956734\",\"url\":\"https:\\\/\\\/redelitoralrs.com\\\/wp-content\\\/litespeed\\\/avatar\\\/779aafbb45e66c7f82733e21abb48259.jpg?ver=1776956734\",\"contentUrl\":\"https:\\\/\\\/redelitoralrs.com\\\/wp-content\\\/litespeed\\\/avatar\\\/779aafbb45e66c7f82733e21abb48259.jpg?ver=1776956734\",\"caption\":\"Reda\u00e7\u00e3o TV Litoral\"},\"description\":\"A Rede Litoral de Comunica\u00e7\u00e3o \u00e9 um grupo de m\u00eddia multiplataforma do Litoral Norte do RS. Com atua\u00e7\u00e3o em TV, r\u00e1dio, portal e redes sociais, levamos informa\u00e7\u00e3o, conte\u00fado e entretenimento \u00e0 comunidade, fortalecendo a comunica\u00e7\u00e3o local e impulsionando o desenvolvimento regional. Acompanhe atrav\u00e9s de @redelitoralrs.\",\"sameAs\":[\"https:\\\/\\\/redelitoralrs.com\",\"https:\\\/\\\/www.instagram.com\\\/redelitoralrs\",\"https:\\\/\\\/www.youtube.com\\\/@redelitoralrs\"],\"url\":\"https:\\\/\\\/redelitoralrs.com\\\/index.php\\\/author\\\/redacaotvlitoral\\\/\"}]}<\/script>\n<!-- \/ Yoast SEO plugin. -->","yoast_head_json":{"title":"C\u00e2mara aprova projeto que pro\u00edbe linguagem neutra","robots":{"index":"index","follow":"follow","max-snippet":"max-snippet:-1","max-image-preview":"max-image-preview:large","max-video-preview":"max-video-preview:-1"},"canonical":"https:\/\/redelitoralrs.com\/index.php\/2025\/02\/25\/camara-de-capao-da-canoa-aprova-projeto-que-proibe-linguagem-neutra\/","og_locale":"pt_BR","og_type":"article","og_title":"C\u00e2mara aprova projeto que pro\u00edbe linguagem neutra","og_description":"A C\u00e2mara Municipal de Cap\u00e3o da Canoa aprovou, por unanimidade, um projeto de lei que pro\u00edbe o uso da linguagem neutra em escolas e em cerimoniais p\u00fablicos do munic\u00edpio. A proposta, de autoria do Vereador Alessandro Pereira (PODEMOS), teve 11 votos favor\u00e1veis; a Vereadora Nuna esteve ausente da sess\u00e3o e, portanto, n\u00e3o participou da vota\u00e7\u00e3o. [&hellip;]","og_url":"https:\/\/redelitoralrs.com\/index.php\/2025\/02\/25\/camara-de-capao-da-canoa-aprova-projeto-que-proibe-linguagem-neutra\/","og_site_name":"Rede Litoral RS","article_publisher":"https:\/\/www.facebook.com\/tvlitoralrsoficial","article_published_time":"2025-02-25T13:58:59+00:00","article_modified_time":"2025-02-25T14:02:22+00:00","og_image":[{"width":2560,"height":1440,"url":"https:\/\/redelitoralrs.com\/wp-content\/uploads\/2025\/02\/WhatsApp-Image-2025-02-25-at-10.31.51-scaled.jpeg","type":"image\/jpeg"}],"author":"Reda\u00e7\u00e3o TV Litoral","twitter_card":"summary_large_image","twitter_misc":{"Escrito por":"Reda\u00e7\u00e3o TV Litoral","Est. tempo de leitura":"2 minutos"},"schema":{"@context":"https:\/\/schema.org","@graph":[{"@type":"Article","@id":"https:\/\/redelitoralrs.com\/index.php\/2025\/02\/25\/camara-de-capao-da-canoa-aprova-projeto-que-proibe-linguagem-neutra\/#article","isPartOf":{"@id":"https:\/\/redelitoralrs.com\/index.php\/2025\/02\/25\/camara-de-capao-da-canoa-aprova-projeto-que-proibe-linguagem-neutra\/"},"author":{"name":"Reda\u00e7\u00e3o TV Litoral","@id":"https:\/\/redelitoralrs.com\/#\/schema\/person\/9f8181f2a7359dd3986f05ebaf5bd68a"},"headline":"C\u00e2mara de Cap\u00e3o da Canoa aprova projeto que pro\u00edbe linguagem neutra","datePublished":"2025-02-25T13:58:59+00:00","dateModified":"2025-02-25T14:02:22+00:00","mainEntityOfPage":{"@id":"https:\/\/redelitoralrs.com\/index.php\/2025\/02\/25\/camara-de-capao-da-canoa-aprova-projeto-que-proibe-linguagem-neutra\/"},"wordCount":178,"commentCount":0,"publisher":{"@id":"https:\/\/redelitoralrs.com\/#organization"},"image":{"@id":"https:\/\/redelitoralrs.com\/index.php\/2025\/02\/25\/camara-de-capao-da-canoa-aprova-projeto-que-proibe-linguagem-neutra\/#primaryimage"},"thumbnailUrl":"https:\/\/redelitoralrs.com\/wp-content\/uploads\/2025\/02\/WhatsApp-Image-2025-02-25-at-10.31.51-scaled.jpeg","articleSection":["Cap\u00e3o da Canoa","\u00daltimas not\u00edcias"],"inLanguage":"pt-BR","potentialAction":[{"@type":"CommentAction","name":"Comment","target":["https:\/\/redelitoralrs.com\/index.php\/2025\/02\/25\/camara-de-capao-da-canoa-aprova-projeto-que-proibe-linguagem-neutra\/#respond"]}]},{"@type":"WebPage","@id":"https:\/\/redelitoralrs.com\/index.php\/2025\/02\/25\/camara-de-capao-da-canoa-aprova-projeto-que-proibe-linguagem-neutra\/","url":"https:\/\/redelitoralrs.com\/index.php\/2025\/02\/25\/camara-de-capao-da-canoa-aprova-projeto-que-proibe-linguagem-neutra\/","name":"C\u00e2mara aprova projeto que pro\u00edbe linguagem neutra","isPartOf":{"@id":"https:\/\/redelitoralrs.com\/#website"},"primaryImageOfPage":{"@id":"https:\/\/redelitoralrs.com\/index.php\/2025\/02\/25\/camara-de-capao-da-canoa-aprova-projeto-que-proibe-linguagem-neutra\/#primaryimage"},"image":{"@id":"https:\/\/redelitoralrs.com\/index.php\/2025\/02\/25\/camara-de-capao-da-canoa-aprova-projeto-que-proibe-linguagem-neutra\/#primaryimage"},"thumbnailUrl":"https:\/\/redelitoralrs.com\/wp-content\/uploads\/2025\/02\/WhatsApp-Image-2025-02-25-at-10.31.51-scaled.jpeg","datePublished":"2025-02-25T13:58:59+00:00","dateModified":"2025-02-25T14:02:22+00:00","breadcrumb":{"@id":"https:\/\/redelitoralrs.com\/index.php\/2025\/02\/25\/camara-de-capao-da-canoa-aprova-projeto-que-proibe-linguagem-neutra\/#breadcrumb"},"inLanguage":"pt-BR","potentialAction":[{"@type":"ReadAction","target":["https:\/\/redelitoralrs.com\/index.php\/2025\/02\/25\/camara-de-capao-da-canoa-aprova-projeto-que-proibe-linguagem-neutra\/"]}]},{"@type":"ImageObject","inLanguage":"pt-BR","@id":"https:\/\/redelitoralrs.com\/index.php\/2025\/02\/25\/camara-de-capao-da-canoa-aprova-projeto-que-proibe-linguagem-neutra\/#primaryimage","url":"https:\/\/redelitoralrs.com\/wp-content\/uploads\/2025\/02\/WhatsApp-Image-2025-02-25-at-10.31.51-scaled.jpeg","contentUrl":"https:\/\/redelitoralrs.com\/wp-content\/uploads\/2025\/02\/WhatsApp-Image-2025-02-25-at-10.31.51-scaled.jpeg","width":2560,"height":1440,"caption":"Foto: Assessoria CMCC"},{"@type":"BreadcrumbList","@id":"https:\/\/redelitoralrs.com\/index.php\/2025\/02\/25\/camara-de-capao-da-canoa-aprova-projeto-que-proibe-linguagem-neutra\/#breadcrumb","itemListElement":[{"@type":"ListItem","position":1,"name":"In\u00edcio","item":"https:\/\/redelitoralrs.com\/"},{"@type":"ListItem","position":2,"name":"C\u00e2mara de Cap\u00e3o da Canoa aprova projeto que pro\u00edbe linguagem neutra"}]},{"@type":"WebSite","@id":"https:\/\/redelitoralrs.com\/#website","url":"https:\/\/redelitoralrs.com\/","name":"TV Litoral","description":"Acompanhe tudo do litoral ga\u00facho com a cobertura completa e atualizada da Rede Litoral RS. Nossos jornalistas trazem as \u00faltimas not\u00edcias, os acontecimentos mais quentes e as hist\u00f3rias que importam sobre nosso amado litoral.","publisher":{"@id":"https:\/\/redelitoralrs.com\/#organization"},"potentialAction":[{"@type":"SearchAction","target":{"@type":"EntryPoint","urlTemplate":"https:\/\/redelitoralrs.com\/?s={search_term_string}"},"query-input":{"@type":"PropertyValueSpecification","valueRequired":true,"valueName":"search_term_string"}}],"inLanguage":"pt-BR"},{"@type":"Organization","@id":"https:\/\/redelitoralrs.com\/#organization","name":"TV Litoral","url":"https:\/\/redelitoralrs.com\/","logo":{"@type":"ImageObject","inLanguage":"pt-BR","@id":"https:\/\/redelitoralrs.com\/#\/schema\/logo\/image\/","url":"https:\/\/redelitoralrs.com\/wp-content\/uploads\/2024\/01\/faviconicon-1-1.png","contentUrl":"https:\/\/redelitoralrs.com\/wp-content\/uploads\/2024\/01\/faviconicon-1-1.png","width":454,"height":454,"caption":"TV Litoral"},"image":{"@id":"https:\/\/redelitoralrs.com\/#\/schema\/logo\/image\/"},"sameAs":["https:\/\/www.facebook.com\/tvlitoralrsoficial","https:\/\/www.instagram.com\/tvlitoral.rs"]},{"@type":"Person","@id":"https:\/\/redelitoralrs.com\/#\/schema\/person\/9f8181f2a7359dd3986f05ebaf5bd68a","name":"Reda\u00e7\u00e3o TV Litoral","image":{"@type":"ImageObject","inLanguage":"pt-BR","@id":"https:\/\/redelitoralrs.com\/wp-content\/litespeed\/avatar\/779aafbb45e66c7f82733e21abb48259.jpg?ver=1776956734","url":"https:\/\/redelitoralrs.com\/wp-content\/litespeed\/avatar\/779aafbb45e66c7f82733e21abb48259.jpg?ver=1776956734","contentUrl":"https:\/\/redelitoralrs.com\/wp-content\/litespeed\/avatar\/779aafbb45e66c7f82733e21abb48259.jpg?ver=1776956734","caption":"Reda\u00e7\u00e3o TV Litoral"},"description":"A Rede Litoral de Comunica\u00e7\u00e3o \u00e9 um grupo de m\u00eddia multiplataforma do Litoral Norte do RS. Com atua\u00e7\u00e3o em TV, r\u00e1dio, portal e redes sociais, levamos informa\u00e7\u00e3o, conte\u00fado e entretenimento \u00e0 comunidade, fortalecendo a comunica\u00e7\u00e3o local e impulsionando o desenvolvimento regional. Acompanhe atrav\u00e9s de @redelitoralrs.","sameAs":["https:\/\/redelitoralrs.com","https:\/\/www.instagram.com\/redelitoralrs","https:\/\/www.youtube.com\/@redelitoralrs"],"url":"https:\/\/redelitoralrs.com\/index.php\/author\/redacaotvlitoral\/"}]}},"_links":{"self":[{"href":"https:\/\/redelitoralrs.com\/index.php\/wp-json\/wp\/v2\/posts\/7100","targetHints":{"allow":["GET"]}}],"collection":[{"href":"https:\/\/redelitoralrs.com\/index.php\/wp-json\/wp\/v2\/posts"}],"about":[{"href":"https:\/\/redelitoralrs.com\/index.php\/wp-json\/wp\/v2\/types\/post"}],"author":[{"embeddable":true,"href":"https:\/\/redelitoralrs.com\/index.php\/wp-json\/wp\/v2\/users\/2"}],"replies":[{"embeddable":true,"href":"https:\/\/redelitoralrs.com\/index.php\/wp-json\/wp\/v2\/comments?post=7100"}],"version-history":[{"count":1,"href":"https:\/\/redelitoralrs.com\/index.php\/wp-json\/wp\/v2\/posts\/7100\/revisions"}],"predecessor-version":[{"id":7103,"href":"https:\/\/redelitoralrs.com\/index.php\/wp-json\/wp\/v2\/posts\/7100\/revisions\/7103"}],"wp:featuredmedia":[{"embeddable":true,"href":"https:\/\/redelitoralrs.com\/index.php\/wp-json\/wp\/v2\/media\/7101"}],"wp:attachment":[{"href":"https:\/\/redelitoralrs.com\/index.php\/wp-json\/wp\/v2\/media?parent=7100"}],"wp:term":[{"taxonomy":"category","embeddable":true,"href":"https:\/\/redelitoralrs.com\/index.php\/wp-json\/wp\/v2\/categories?post=7100"},{"taxonomy":"post_tag","embeddable":true,"href":"https:\/\/redelitoralrs.com\/index.php\/wp-json\/wp\/v2\/tags?post=7100"}],"curies":[{"name":"wp","href":"https:\/\/api.w.org\/{rel}","templated":true}]}}