{"id":7090,"date":"2025-02-25T10:15:31","date_gmt":"2025-02-25T13:15:31","guid":{"rendered":"https:\/\/redelitoralrs.com\/?p=7090"},"modified":"2025-02-25T10:20:31","modified_gmt":"2025-02-25T13:20:31","slug":"governo-federal-reconhece-situacao-de-emergencia-em-imbe-apos-vendaval","status":"publish","type":"post","link":"https:\/\/redelitoralrs.com\/index.php\/2025\/02\/25\/governo-federal-reconhece-situacao-de-emergencia-em-imbe-apos-vendaval\/","title":{"rendered":"Governo Federal Reconhece Situa\u00e7\u00e3o de Emerg\u00eancia em Imb\u00e9 Ap\u00f3s Vendaval"},"content":{"rendered":"\n<p>O Governo Federal reconheceu a situa\u00e7\u00e3o de emerg\u00eancia no munic\u00edpio de Imb\u00e9, no Litoral Norte do Rio Grande do Sul, em decorr\u00eancia dos estragos causados pelo vendaval registrado no dia 16 de fevereiro. A decis\u00e3o foi oficializada por meio da portaria 547 do Minist\u00e9rio da Integra\u00e7\u00e3o e do Desenvolvimento Regional, atrav\u00e9s da Secretaria Nacional de Prote\u00e7\u00e3o e Defesa Civil, publicada no Di\u00e1rio Oficial da Uni\u00e3o nesta segunda-feira (24).<\/p>\n\n\n\n<p>A medida ocorre ap\u00f3s a homologa\u00e7\u00e3o do decreto de emerg\u00eancia por parte do governo do Estado na \u00faltima quinta-feira (20). Com o reconhecimento federal, o munic\u00edpio est\u00e1 apto a solicitar recursos da Uni\u00e3o para a reconstru\u00e7\u00e3o das \u00e1reas afetadas.<\/p>\n\n\n\n<p>O vendaval causou danos significativos em Imb\u00e9, incluindo destelhamento de resid\u00eancias e com\u00e9rcios, al\u00e9m de preju\u00edzos em pr\u00e9dios p\u00fablicos, com \u00eanfase em escolas e unidades de sa\u00fade. Diante da gravidade da situa\u00e7\u00e3o, a prefeitura decretou emerg\u00eancia para viabilizar a mobiliza\u00e7\u00e3o de recursos e a ado\u00e7\u00e3o de medidas emergenciais para atendimento \u00e0 popula\u00e7\u00e3o afetada.<\/p>\n\n\n\n<figure class=\"wp-block-image size-large\"><img fetchpriority=\"high\" decoding=\"async\" width=\"1024\" height=\"682\" src=\"https:\/\/redelitoralrs.com\/wp-content\/uploads\/2025\/02\/Imbe-trabalha-para-reconstrucao-de-prejuizos-causados-por-temporal-Ivan-de-Andrade-1-1024x682.jpg\" alt=\"\" class=\"wp-image-6809\" srcset=\"https:\/\/redelitoralrs.com\/wp-content\/uploads\/2025\/02\/Imbe-trabalha-para-reconstrucao-de-prejuizos-causados-por-temporal-Ivan-de-Andrade-1-1024x682.jpg 1024w, https:\/\/redelitoralrs.com\/wp-content\/uploads\/2025\/02\/Imbe-trabalha-para-reconstrucao-de-prejuizos-causados-por-temporal-Ivan-de-Andrade-1-300x200.jpg 300w, https:\/\/redelitoralrs.com\/wp-content\/uploads\/2025\/02\/Imbe-trabalha-para-reconstrucao-de-prejuizos-causados-por-temporal-Ivan-de-Andrade-1-768x512.jpg 768w, https:\/\/redelitoralrs.com\/wp-content\/uploads\/2025\/02\/Imbe-trabalha-para-reconstrucao-de-prejuizos-causados-por-temporal-Ivan-de-Andrade-1.jpg 1280w\" sizes=\"(max-width: 1024px) 100vw, 1024px\" \/><figcaption class=\"wp-element-caption\"><em>Foto: Ivan de Andrade<\/em><\/figcaption><\/figure>\n","protected":false},"excerpt":{"rendered":"<p>O Governo Federal reconheceu a situa\u00e7\u00e3o de emerg\u00eancia no munic\u00edpio de Imb\u00e9, no Litoral Norte do Rio Grande do Sul, em decorr\u00eancia dos estragos causados pelo vendaval registrado no dia 16 de fevereiro. A decis\u00e3o foi oficializada por meio da portaria 547 do Minist\u00e9rio da Integra\u00e7\u00e3o e do Desenvolvimento Regional, atrav\u00e9s da Secretaria Nacional de [&hellip;]<\/p>\n","protected":false},"author":2,"featured_media":7091,"comment_status":"open","ping_status":"open","sticky":false,"template":"","format":"standard","meta":{"_themeisle_gutenberg_block_has_review":false,"footnotes":""},"categories":[30,15],"tags":[],"class_list":["post-7090","post","type-post","status-publish","format-standard","has-post-thumbnail","hentry","category-imbe","category-noticias"],"yoast_head":"<!-- This site is optimized with the Yoast SEO plugin v27.4 - https:\/\/yoast.com\/product\/yoast-seo-wordpress\/ -->\n<title>Governo Federal Reconhece Situa\u00e7\u00e3o de Emerg\u00eancia em Imb\u00e9<\/title>\n<meta name=\"robots\" content=\"index, follow, max-snippet:-1, max-image-preview:large, max-video-preview:-1\" \/>\n<link rel=\"canonical\" href=\"https:\/\/redelitoralrs.com\/index.php\/2025\/02\/25\/governo-federal-reconhece-situacao-de-emergencia-em-imbe-apos-vendaval\/\" \/>\n<meta property=\"og:locale\" content=\"pt_BR\" \/>\n<meta property=\"og:type\" content=\"article\" \/>\n<meta property=\"og:title\" content=\"Governo Federal Reconhece Situa\u00e7\u00e3o de Emerg\u00eancia em Imb\u00e9\" \/>\n<meta property=\"og:description\" content=\"O Governo Federal reconheceu a situa\u00e7\u00e3o de emerg\u00eancia no munic\u00edpio de Imb\u00e9, no Litoral Norte do Rio Grande do Sul, em decorr\u00eancia dos estragos causados pelo vendaval registrado no dia 16 de fevereiro. A decis\u00e3o foi oficializada por meio da portaria 547 do Minist\u00e9rio da Integra\u00e7\u00e3o e do Desenvolvimento Regional, atrav\u00e9s da Secretaria Nacional de [&hellip;]\" \/>\n<meta property=\"og:url\" content=\"https:\/\/redelitoralrs.com\/index.php\/2025\/02\/25\/governo-federal-reconhece-situacao-de-emergencia-em-imbe-apos-vendaval\/\" \/>\n<meta property=\"og:site_name\" content=\"Rede Litoral RS\" \/>\n<meta property=\"article:publisher\" content=\"https:\/\/www.facebook.com\/tvlitoralrsoficial\" \/>\n<meta property=\"article:published_time\" content=\"2025-02-25T13:15:31+00:00\" \/>\n<meta property=\"article:modified_time\" content=\"2025-02-25T13:20:31+00:00\" \/>\n<meta property=\"og:image\" content=\"https:\/\/redelitoralrs.com\/wp-content\/uploads\/2025\/02\/DECRETOSITUAAAODEEMERGANCIAREPRODUAAODOU1740484828088_foto.jpeg\" \/>\n\t<meta property=\"og:image:width\" content=\"1480\" \/>\n\t<meta property=\"og:image:height\" content=\"1005\" \/>\n\t<meta property=\"og:image:type\" content=\"image\/jpeg\" \/>\n<meta name=\"author\" content=\"Reda\u00e7\u00e3o TV Litoral\" \/>\n<meta name=\"twitter:card\" content=\"summary_large_image\" \/>\n<meta name=\"twitter:label1\" content=\"Escrito por\" \/>\n\t<meta name=\"twitter:data1\" content=\"Reda\u00e7\u00e3o TV Litoral\" \/>\n\t<meta name=\"twitter:label2\" content=\"Est. tempo de leitura\" \/>\n\t<meta name=\"twitter:data2\" content=\"2 minutos\" \/>\n<script type=\"application\/ld+json\" class=\"yoast-schema-graph\">{\"@context\":\"https:\\\/\\\/schema.org\",\"@graph\":[{\"@type\":\"Article\",\"@id\":\"https:\\\/\\\/redelitoralrs.com\\\/index.php\\\/2025\\\/02\\\/25\\\/governo-federal-reconhece-situacao-de-emergencia-em-imbe-apos-vendaval\\\/#article\",\"isPartOf\":{\"@id\":\"https:\\\/\\\/redelitoralrs.com\\\/index.php\\\/2025\\\/02\\\/25\\\/governo-federal-reconhece-situacao-de-emergencia-em-imbe-apos-vendaval\\\/\"},\"author\":{\"name\":\"Reda\u00e7\u00e3o TV Litoral\",\"@id\":\"https:\\\/\\\/redelitoralrs.com\\\/#\\\/schema\\\/person\\\/9f8181f2a7359dd3986f05ebaf5bd68a\"},\"headline\":\"Governo Federal Reconhece Situa\u00e7\u00e3o de Emerg\u00eancia em Imb\u00e9 Ap\u00f3s Vendaval\",\"datePublished\":\"2025-02-25T13:15:31+00:00\",\"dateModified\":\"2025-02-25T13:20:31+00:00\",\"mainEntityOfPage\":{\"@id\":\"https:\\\/\\\/redelitoralrs.com\\\/index.php\\\/2025\\\/02\\\/25\\\/governo-federal-reconhece-situacao-de-emergencia-em-imbe-apos-vendaval\\\/\"},\"wordCount\":201,\"commentCount\":0,\"publisher\":{\"@id\":\"https:\\\/\\\/redelitoralrs.com\\\/#organization\"},\"image\":{\"@id\":\"https:\\\/\\\/redelitoralrs.com\\\/index.php\\\/2025\\\/02\\\/25\\\/governo-federal-reconhece-situacao-de-emergencia-em-imbe-apos-vendaval\\\/#primaryimage\"},\"thumbnailUrl\":\"https:\\\/\\\/redelitoralrs.com\\\/wp-content\\\/uploads\\\/2025\\\/02\\\/DECRETOSITUAAAODEEMERGANCIAREPRODUAAODOU1740484828088_foto.jpeg\",\"articleSection\":[\"Imb\u00e9\",\"\u00daltimas not\u00edcias\"],\"inLanguage\":\"pt-BR\",\"potentialAction\":[{\"@type\":\"CommentAction\",\"name\":\"Comment\",\"target\":[\"https:\\\/\\\/redelitoralrs.com\\\/index.php\\\/2025\\\/02\\\/25\\\/governo-federal-reconhece-situacao-de-emergencia-em-imbe-apos-vendaval\\\/#respond\"]}]},{\"@type\":\"WebPage\",\"@id\":\"https:\\\/\\\/redelitoralrs.com\\\/index.php\\\/2025\\\/02\\\/25\\\/governo-federal-reconhece-situacao-de-emergencia-em-imbe-apos-vendaval\\\/\",\"url\":\"https:\\\/\\\/redelitoralrs.com\\\/index.php\\\/2025\\\/02\\\/25\\\/governo-federal-reconhece-situacao-de-emergencia-em-imbe-apos-vendaval\\\/\",\"name\":\"Governo Federal Reconhece Situa\u00e7\u00e3o de Emerg\u00eancia em Imb\u00e9\",\"isPartOf\":{\"@id\":\"https:\\\/\\\/redelitoralrs.com\\\/#website\"},\"primaryImageOfPage\":{\"@id\":\"https:\\\/\\\/redelitoralrs.com\\\/index.php\\\/2025\\\/02\\\/25\\\/governo-federal-reconhece-situacao-de-emergencia-em-imbe-apos-vendaval\\\/#primaryimage\"},\"image\":{\"@id\":\"https:\\\/\\\/redelitoralrs.com\\\/index.php\\\/2025\\\/02\\\/25\\\/governo-federal-reconhece-situacao-de-emergencia-em-imbe-apos-vendaval\\\/#primaryimage\"},\"thumbnailUrl\":\"https:\\\/\\\/redelitoralrs.com\\\/wp-content\\\/uploads\\\/2025\\\/02\\\/DECRETOSITUAAAODEEMERGANCIAREPRODUAAODOU1740484828088_foto.jpeg\",\"datePublished\":\"2025-02-25T13:15:31+00:00\",\"dateModified\":\"2025-02-25T13:20:31+00:00\",\"breadcrumb\":{\"@id\":\"https:\\\/\\\/redelitoralrs.com\\\/index.php\\\/2025\\\/02\\\/25\\\/governo-federal-reconhece-situacao-de-emergencia-em-imbe-apos-vendaval\\\/#breadcrumb\"},\"inLanguage\":\"pt-BR\",\"potentialAction\":[{\"@type\":\"ReadAction\",\"target\":[\"https:\\\/\\\/redelitoralrs.com\\\/index.php\\\/2025\\\/02\\\/25\\\/governo-federal-reconhece-situacao-de-emergencia-em-imbe-apos-vendaval\\\/\"]}]},{\"@type\":\"ImageObject\",\"inLanguage\":\"pt-BR\",\"@id\":\"https:\\\/\\\/redelitoralrs.com\\\/index.php\\\/2025\\\/02\\\/25\\\/governo-federal-reconhece-situacao-de-emergencia-em-imbe-apos-vendaval\\\/#primaryimage\",\"url\":\"https:\\\/\\\/redelitoralrs.com\\\/wp-content\\\/uploads\\\/2025\\\/02\\\/DECRETOSITUAAAODEEMERGANCIAREPRODUAAODOU1740484828088_foto.jpeg\",\"contentUrl\":\"https:\\\/\\\/redelitoralrs.com\\\/wp-content\\\/uploads\\\/2025\\\/02\\\/DECRETOSITUAAAODEEMERGANCIAREPRODUAAODOU1740484828088_foto.jpeg\",\"width\":1480,\"height\":1005,\"caption\":\"Reprodu\u00e7\u00e3o: Di\u00e1rio Oficial da Uni\u00e3o\"},{\"@type\":\"BreadcrumbList\",\"@id\":\"https:\\\/\\\/redelitoralrs.com\\\/index.php\\\/2025\\\/02\\\/25\\\/governo-federal-reconhece-situacao-de-emergencia-em-imbe-apos-vendaval\\\/#breadcrumb\",\"itemListElement\":[{\"@type\":\"ListItem\",\"position\":1,\"name\":\"In\u00edcio\",\"item\":\"https:\\\/\\\/redelitoralrs.com\\\/\"},{\"@type\":\"ListItem\",\"position\":2,\"name\":\"Governo Federal Reconhece Situa\u00e7\u00e3o de Emerg\u00eancia em Imb\u00e9 Ap\u00f3s Vendaval\"}]},{\"@type\":\"WebSite\",\"@id\":\"https:\\\/\\\/redelitoralrs.com\\\/#website\",\"url\":\"https:\\\/\\\/redelitoralrs.com\\\/\",\"name\":\"TV Litoral\",\"description\":\"Acompanhe tudo do litoral ga\u00facho com a cobertura completa e atualizada da Rede Litoral RS. Nossos jornalistas trazem as \u00faltimas not\u00edcias, os acontecimentos mais quentes e as hist\u00f3rias que importam sobre nosso amado litoral.\",\"publisher\":{\"@id\":\"https:\\\/\\\/redelitoralrs.com\\\/#organization\"},\"potentialAction\":[{\"@type\":\"SearchAction\",\"target\":{\"@type\":\"EntryPoint\",\"urlTemplate\":\"https:\\\/\\\/redelitoralrs.com\\\/?s={search_term_string}\"},\"query-input\":{\"@type\":\"PropertyValueSpecification\",\"valueRequired\":true,\"valueName\":\"search_term_string\"}}],\"inLanguage\":\"pt-BR\"},{\"@type\":\"Organization\",\"@id\":\"https:\\\/\\\/redelitoralrs.com\\\/#organization\",\"name\":\"TV Litoral\",\"url\":\"https:\\\/\\\/redelitoralrs.com\\\/\",\"logo\":{\"@type\":\"ImageObject\",\"inLanguage\":\"pt-BR\",\"@id\":\"https:\\\/\\\/redelitoralrs.com\\\/#\\\/schema\\\/logo\\\/image\\\/\",\"url\":\"https:\\\/\\\/redelitoralrs.com\\\/wp-content\\\/uploads\\\/2024\\\/01\\\/faviconicon-1-1.png\",\"contentUrl\":\"https:\\\/\\\/redelitoralrs.com\\\/wp-content\\\/uploads\\\/2024\\\/01\\\/faviconicon-1-1.png\",\"width\":454,\"height\":454,\"caption\":\"TV Litoral\"},\"image\":{\"@id\":\"https:\\\/\\\/redelitoralrs.com\\\/#\\\/schema\\\/logo\\\/image\\\/\"},\"sameAs\":[\"https:\\\/\\\/www.facebook.com\\\/tvlitoralrsoficial\",\"https:\\\/\\\/www.instagram.com\\\/tvlitoral.rs\"]},{\"@type\":\"Person\",\"@id\":\"https:\\\/\\\/redelitoralrs.com\\\/#\\\/schema\\\/person\\\/9f8181f2a7359dd3986f05ebaf5bd68a\",\"name\":\"Reda\u00e7\u00e3o TV Litoral\",\"image\":{\"@type\":\"ImageObject\",\"inLanguage\":\"pt-BR\",\"@id\":\"https:\\\/\\\/redelitoralrs.com\\\/wp-content\\\/litespeed\\\/avatar\\\/779aafbb45e66c7f82733e21abb48259.jpg?ver=1777561602\",\"url\":\"https:\\\/\\\/redelitoralrs.com\\\/wp-content\\\/litespeed\\\/avatar\\\/779aafbb45e66c7f82733e21abb48259.jpg?ver=1777561602\",\"contentUrl\":\"https:\\\/\\\/redelitoralrs.com\\\/wp-content\\\/litespeed\\\/avatar\\\/779aafbb45e66c7f82733e21abb48259.jpg?ver=1777561602\",\"caption\":\"Reda\u00e7\u00e3o TV Litoral\"},\"description\":\"A Rede Litoral de Comunica\u00e7\u00e3o \u00e9 um grupo de m\u00eddia multiplataforma do Litoral Norte do RS. Com atua\u00e7\u00e3o em TV, r\u00e1dio, portal e redes sociais, levamos informa\u00e7\u00e3o, conte\u00fado e entretenimento \u00e0 comunidade, fortalecendo a comunica\u00e7\u00e3o local e impulsionando o desenvolvimento regional. Acompanhe atrav\u00e9s de @redelitoralrs.\",\"sameAs\":[\"https:\\\/\\\/redelitoralrs.com\",\"https:\\\/\\\/www.instagram.com\\\/redelitoralrs\",\"https:\\\/\\\/www.youtube.com\\\/@redelitoralrs\"],\"url\":\"https:\\\/\\\/redelitoralrs.com\\\/index.php\\\/author\\\/redacaotvlitoral\\\/\"}]}<\/script>\n<!-- \/ Yoast SEO plugin. -->","yoast_head_json":{"title":"Governo Federal Reconhece Situa\u00e7\u00e3o de Emerg\u00eancia em Imb\u00e9","robots":{"index":"index","follow":"follow","max-snippet":"max-snippet:-1","max-image-preview":"max-image-preview:large","max-video-preview":"max-video-preview:-1"},"canonical":"https:\/\/redelitoralrs.com\/index.php\/2025\/02\/25\/governo-federal-reconhece-situacao-de-emergencia-em-imbe-apos-vendaval\/","og_locale":"pt_BR","og_type":"article","og_title":"Governo Federal Reconhece Situa\u00e7\u00e3o de Emerg\u00eancia em Imb\u00e9","og_description":"O Governo Federal reconheceu a situa\u00e7\u00e3o de emerg\u00eancia no munic\u00edpio de Imb\u00e9, no Litoral Norte do Rio Grande do Sul, em decorr\u00eancia dos estragos causados pelo vendaval registrado no dia 16 de fevereiro. A decis\u00e3o foi oficializada por meio da portaria 547 do Minist\u00e9rio da Integra\u00e7\u00e3o e do Desenvolvimento Regional, atrav\u00e9s da Secretaria Nacional de [&hellip;]","og_url":"https:\/\/redelitoralrs.com\/index.php\/2025\/02\/25\/governo-federal-reconhece-situacao-de-emergencia-em-imbe-apos-vendaval\/","og_site_name":"Rede Litoral RS","article_publisher":"https:\/\/www.facebook.com\/tvlitoralrsoficial","article_published_time":"2025-02-25T13:15:31+00:00","article_modified_time":"2025-02-25T13:20:31+00:00","og_image":[{"width":1480,"height":1005,"url":"https:\/\/redelitoralrs.com\/wp-content\/uploads\/2025\/02\/DECRETOSITUAAAODEEMERGANCIAREPRODUAAODOU1740484828088_foto.jpeg","type":"image\/jpeg"}],"author":"Reda\u00e7\u00e3o TV Litoral","twitter_card":"summary_large_image","twitter_misc":{"Escrito por":"Reda\u00e7\u00e3o TV Litoral","Est. tempo de leitura":"2 minutos"},"schema":{"@context":"https:\/\/schema.org","@graph":[{"@type":"Article","@id":"https:\/\/redelitoralrs.com\/index.php\/2025\/02\/25\/governo-federal-reconhece-situacao-de-emergencia-em-imbe-apos-vendaval\/#article","isPartOf":{"@id":"https:\/\/redelitoralrs.com\/index.php\/2025\/02\/25\/governo-federal-reconhece-situacao-de-emergencia-em-imbe-apos-vendaval\/"},"author":{"name":"Reda\u00e7\u00e3o TV Litoral","@id":"https:\/\/redelitoralrs.com\/#\/schema\/person\/9f8181f2a7359dd3986f05ebaf5bd68a"},"headline":"Governo Federal Reconhece Situa\u00e7\u00e3o de Emerg\u00eancia em Imb\u00e9 Ap\u00f3s Vendaval","datePublished":"2025-02-25T13:15:31+00:00","dateModified":"2025-02-25T13:20:31+00:00","mainEntityOfPage":{"@id":"https:\/\/redelitoralrs.com\/index.php\/2025\/02\/25\/governo-federal-reconhece-situacao-de-emergencia-em-imbe-apos-vendaval\/"},"wordCount":201,"commentCount":0,"publisher":{"@id":"https:\/\/redelitoralrs.com\/#organization"},"image":{"@id":"https:\/\/redelitoralrs.com\/index.php\/2025\/02\/25\/governo-federal-reconhece-situacao-de-emergencia-em-imbe-apos-vendaval\/#primaryimage"},"thumbnailUrl":"https:\/\/redelitoralrs.com\/wp-content\/uploads\/2025\/02\/DECRETOSITUAAAODEEMERGANCIAREPRODUAAODOU1740484828088_foto.jpeg","articleSection":["Imb\u00e9","\u00daltimas not\u00edcias"],"inLanguage":"pt-BR","potentialAction":[{"@type":"CommentAction","name":"Comment","target":["https:\/\/redelitoralrs.com\/index.php\/2025\/02\/25\/governo-federal-reconhece-situacao-de-emergencia-em-imbe-apos-vendaval\/#respond"]}]},{"@type":"WebPage","@id":"https:\/\/redelitoralrs.com\/index.php\/2025\/02\/25\/governo-federal-reconhece-situacao-de-emergencia-em-imbe-apos-vendaval\/","url":"https:\/\/redelitoralrs.com\/index.php\/2025\/02\/25\/governo-federal-reconhece-situacao-de-emergencia-em-imbe-apos-vendaval\/","name":"Governo Federal Reconhece Situa\u00e7\u00e3o de Emerg\u00eancia em Imb\u00e9","isPartOf":{"@id":"https:\/\/redelitoralrs.com\/#website"},"primaryImageOfPage":{"@id":"https:\/\/redelitoralrs.com\/index.php\/2025\/02\/25\/governo-federal-reconhece-situacao-de-emergencia-em-imbe-apos-vendaval\/#primaryimage"},"image":{"@id":"https:\/\/redelitoralrs.com\/index.php\/2025\/02\/25\/governo-federal-reconhece-situacao-de-emergencia-em-imbe-apos-vendaval\/#primaryimage"},"thumbnailUrl":"https:\/\/redelitoralrs.com\/wp-content\/uploads\/2025\/02\/DECRETOSITUAAAODEEMERGANCIAREPRODUAAODOU1740484828088_foto.jpeg","datePublished":"2025-02-25T13:15:31+00:00","dateModified":"2025-02-25T13:20:31+00:00","breadcrumb":{"@id":"https:\/\/redelitoralrs.com\/index.php\/2025\/02\/25\/governo-federal-reconhece-situacao-de-emergencia-em-imbe-apos-vendaval\/#breadcrumb"},"inLanguage":"pt-BR","potentialAction":[{"@type":"ReadAction","target":["https:\/\/redelitoralrs.com\/index.php\/2025\/02\/25\/governo-federal-reconhece-situacao-de-emergencia-em-imbe-apos-vendaval\/"]}]},{"@type":"ImageObject","inLanguage":"pt-BR","@id":"https:\/\/redelitoralrs.com\/index.php\/2025\/02\/25\/governo-federal-reconhece-situacao-de-emergencia-em-imbe-apos-vendaval\/#primaryimage","url":"https:\/\/redelitoralrs.com\/wp-content\/uploads\/2025\/02\/DECRETOSITUAAAODEEMERGANCIAREPRODUAAODOU1740484828088_foto.jpeg","contentUrl":"https:\/\/redelitoralrs.com\/wp-content\/uploads\/2025\/02\/DECRETOSITUAAAODEEMERGANCIAREPRODUAAODOU1740484828088_foto.jpeg","width":1480,"height":1005,"caption":"Reprodu\u00e7\u00e3o: Di\u00e1rio Oficial da Uni\u00e3o"},{"@type":"BreadcrumbList","@id":"https:\/\/redelitoralrs.com\/index.php\/2025\/02\/25\/governo-federal-reconhece-situacao-de-emergencia-em-imbe-apos-vendaval\/#breadcrumb","itemListElement":[{"@type":"ListItem","position":1,"name":"In\u00edcio","item":"https:\/\/redelitoralrs.com\/"},{"@type":"ListItem","position":2,"name":"Governo Federal Reconhece Situa\u00e7\u00e3o de Emerg\u00eancia em Imb\u00e9 Ap\u00f3s Vendaval"}]},{"@type":"WebSite","@id":"https:\/\/redelitoralrs.com\/#website","url":"https:\/\/redelitoralrs.com\/","name":"TV Litoral","description":"Acompanhe tudo do litoral ga\u00facho com a cobertura completa e atualizada da Rede Litoral RS. Nossos jornalistas trazem as \u00faltimas not\u00edcias, os acontecimentos mais quentes e as hist\u00f3rias que importam sobre nosso amado litoral.","publisher":{"@id":"https:\/\/redelitoralrs.com\/#organization"},"potentialAction":[{"@type":"SearchAction","target":{"@type":"EntryPoint","urlTemplate":"https:\/\/redelitoralrs.com\/?s={search_term_string}"},"query-input":{"@type":"PropertyValueSpecification","valueRequired":true,"valueName":"search_term_string"}}],"inLanguage":"pt-BR"},{"@type":"Organization","@id":"https:\/\/redelitoralrs.com\/#organization","name":"TV Litoral","url":"https:\/\/redelitoralrs.com\/","logo":{"@type":"ImageObject","inLanguage":"pt-BR","@id":"https:\/\/redelitoralrs.com\/#\/schema\/logo\/image\/","url":"https:\/\/redelitoralrs.com\/wp-content\/uploads\/2024\/01\/faviconicon-1-1.png","contentUrl":"https:\/\/redelitoralrs.com\/wp-content\/uploads\/2024\/01\/faviconicon-1-1.png","width":454,"height":454,"caption":"TV Litoral"},"image":{"@id":"https:\/\/redelitoralrs.com\/#\/schema\/logo\/image\/"},"sameAs":["https:\/\/www.facebook.com\/tvlitoralrsoficial","https:\/\/www.instagram.com\/tvlitoral.rs"]},{"@type":"Person","@id":"https:\/\/redelitoralrs.com\/#\/schema\/person\/9f8181f2a7359dd3986f05ebaf5bd68a","name":"Reda\u00e7\u00e3o TV Litoral","image":{"@type":"ImageObject","inLanguage":"pt-BR","@id":"https:\/\/redelitoralrs.com\/wp-content\/litespeed\/avatar\/779aafbb45e66c7f82733e21abb48259.jpg?ver=1777561602","url":"https:\/\/redelitoralrs.com\/wp-content\/litespeed\/avatar\/779aafbb45e66c7f82733e21abb48259.jpg?ver=1777561602","contentUrl":"https:\/\/redelitoralrs.com\/wp-content\/litespeed\/avatar\/779aafbb45e66c7f82733e21abb48259.jpg?ver=1777561602","caption":"Reda\u00e7\u00e3o TV Litoral"},"description":"A Rede Litoral de Comunica\u00e7\u00e3o \u00e9 um grupo de m\u00eddia multiplataforma do Litoral Norte do RS. Com atua\u00e7\u00e3o em TV, r\u00e1dio, portal e redes sociais, levamos informa\u00e7\u00e3o, conte\u00fado e entretenimento \u00e0 comunidade, fortalecendo a comunica\u00e7\u00e3o local e impulsionando o desenvolvimento regional. Acompanhe atrav\u00e9s de @redelitoralrs.","sameAs":["https:\/\/redelitoralrs.com","https:\/\/www.instagram.com\/redelitoralrs","https:\/\/www.youtube.com\/@redelitoralrs"],"url":"https:\/\/redelitoralrs.com\/index.php\/author\/redacaotvlitoral\/"}]}},"_links":{"self":[{"href":"https:\/\/redelitoralrs.com\/index.php\/wp-json\/wp\/v2\/posts\/7090","targetHints":{"allow":["GET"]}}],"collection":[{"href":"https:\/\/redelitoralrs.com\/index.php\/wp-json\/wp\/v2\/posts"}],"about":[{"href":"https:\/\/redelitoralrs.com\/index.php\/wp-json\/wp\/v2\/types\/post"}],"author":[{"embeddable":true,"href":"https:\/\/redelitoralrs.com\/index.php\/wp-json\/wp\/v2\/users\/2"}],"replies":[{"embeddable":true,"href":"https:\/\/redelitoralrs.com\/index.php\/wp-json\/wp\/v2\/comments?post=7090"}],"version-history":[{"count":3,"href":"https:\/\/redelitoralrs.com\/index.php\/wp-json\/wp\/v2\/posts\/7090\/revisions"}],"predecessor-version":[{"id":7095,"href":"https:\/\/redelitoralrs.com\/index.php\/wp-json\/wp\/v2\/posts\/7090\/revisions\/7095"}],"wp:featuredmedia":[{"embeddable":true,"href":"https:\/\/redelitoralrs.com\/index.php\/wp-json\/wp\/v2\/media\/7091"}],"wp:attachment":[{"href":"https:\/\/redelitoralrs.com\/index.php\/wp-json\/wp\/v2\/media?parent=7090"}],"wp:term":[{"taxonomy":"category","embeddable":true,"href":"https:\/\/redelitoralrs.com\/index.php\/wp-json\/wp\/v2\/categories?post=7090"},{"taxonomy":"post_tag","embeddable":true,"href":"https:\/\/redelitoralrs.com\/index.php\/wp-json\/wp\/v2\/tags?post=7090"}],"curies":[{"name":"wp","href":"https:\/\/api.w.org\/{rel}","templated":true}]}}