{"id":6976,"date":"2025-02-24T07:52:00","date_gmt":"2025-02-24T10:52:00","guid":{"rendered":"https:\/\/redelitoralrs.com\/?p=6976"},"modified":"2025-02-21T23:14:20","modified_gmt":"2025-02-22T02:14:20","slug":"alrs-recebe-representantes-de-universidades-para-debater-desenvolvimento-regional","status":"publish","type":"post","link":"https:\/\/redelitoralrs.com\/index.php\/2025\/02\/24\/alrs-recebe-representantes-de-universidades-para-debater-desenvolvimento-regional\/","title":{"rendered":"ALRS recebe representantes de universidades para debater desenvolvimento regional"},"content":{"rendered":"\n<p>Na sexta-feira (21), a Assembleia Legislativa do Rio Grande do Sul sediou um encontro entre o presidente do legislativo, deputado Pepe Vargas (PT), o coordenador do F\u00f3rum Democr\u00e1tico de Desenvolvimento Regional (FDDR), Ronaldo Zulke, e representantes de institui\u00e7\u00f5es ga\u00fachas de ensino superior. A reuni\u00e3o teve como objetivo discutir a interface entre o parlamento e os produtores de conhecimento, ci\u00eancia e pesquisa no Estado.<\/p>\n\n\n\n<p>Durante o encontro, foi destacada a import\u00e2ncia do ensino superior na formula\u00e7\u00e3o de diretrizes para o crescimento sustent\u00e1vel do Rio Grande do Sul. A Assembleia Legislativa refor\u00e7ou seu compromisso com o debate sobre temas que envolvem o setor acad\u00eamico, ressaltando que o Estado tem enfrentado desafios econ\u00f4micos e impactos recentes de eventos clim\u00e1ticos que afetam seu desenvolvimento.<\/p>\n\n\n\n<p>O coordenador do F\u00f3rum Democr\u00e1tico apresentou os eixos tem\u00e1ticos e o cronograma das atividades, enfatizando a import\u00e2ncia da constru\u00e7\u00e3o coletiva de pol\u00edticas p\u00fablicas. A proposta tamb\u00e9m inclui a contribui\u00e7\u00e3o para a Confer\u00eancia das Na\u00e7\u00f5es Unidas sobre Mudan\u00e7as Clim\u00e1ticas (COP 30), que ocorrer\u00e1 em novembro, em Bel\u00e9m do Par\u00e1.<\/p>\n\n\n\n<p>O F\u00f3rum prev\u00ea encontros presenciais e uma plataforma digital para amplia\u00e7\u00e3o do debate, permitindo que a comunidade ga\u00facha participe ativamente com propostas e vota\u00e7\u00f5es sobre delibera\u00e7\u00f5es. Os debates ser\u00e3o estruturados em quatro eixos: Transi\u00e7\u00e3o Ecol\u00f3gica; Sustentabilidade na Ind\u00fastria, no Com\u00e9rcio e nos Servi\u00e7os; Sustentabilidade na Agricultura e Pecu\u00e1ria; e Desigualdades Regionais e Sociais.<\/p>\n\n\n\n<p>A Universidade Federal de Ci\u00eancias da Sa\u00fade de Porto Alegre (UFCSPA) disponibilizou seu audit\u00f3rio para sediar os quatro grandes debates programados pelo F\u00f3rum. Os participantes enfatizaram o car\u00e1ter in\u00e9dito da iniciativa e sua relev\u00e2ncia para o fortalecimento de pol\u00edticas p\u00fablicas baseadas na ci\u00eancia e na pesquisa.<\/p>\n\n\n\n<h3 class=\"wp-block-heading\"><strong>Reuni\u00e3o do Comung discute legisla\u00e7\u00e3o para universidades comunit\u00e1rias<\/strong><\/h3>\n\n\n\n<p>Ap\u00f3s o encontro do F\u00f3rum Democr\u00e1tico, ocorreu a reuni\u00e3o do Conselho Estadual das Universidades Comunit\u00e1rias Ga\u00fachas (Comung). O debate envolveu representantes das institui\u00e7\u00f5es comunit\u00e1rias, que refor\u00e7aram a necessidade de regulamenta\u00e7\u00e3o espec\u00edfica para o setor. Segundo os dirigentes, as universidades comunit\u00e1rias est\u00e3o concentradas principalmente no Rio Grande do Sul e em Santa Catarina, demandando uma abordagem legislativa diferenciada para garantir recursos or\u00e7ament\u00e1rios adequados.<\/p>\n\n\n\n<p>Os representantes destacaram o papel das comunit\u00e1rias na amplia\u00e7\u00e3o do acesso ao ensino superior e defenderam medidas que assegurem sua sustentabilidade financeira e operacional.<\/p>\n\n\n\n<p>O evento contou com a participa\u00e7\u00e3o de reitores e representantes de diversas institui\u00e7\u00f5es de ensino, incluindo Unisc, UPF, UCS, Uniju\u00ed, PUC, Feevale, Urcamp, Univates, Unilasalle, UFCSPA, IFSUL e UERGS.<\/p>\n\n\n\n<p>As iniciativas discutidas tanto no F\u00f3rum Democr\u00e1tico quanto na reuni\u00e3o do Comung refor\u00e7am a import\u00e2ncia da articula\u00e7\u00e3o entre o poder legislativo e as universidades na busca por solu\u00e7\u00f5es para o desenvolvimento regional e avan\u00e7o da educa\u00e7\u00e3o superior no Rio Grande do Sul.<\/p>\n","protected":false},"excerpt":{"rendered":"<p>Na sexta-feira (21), a Assembleia Legislativa do Rio Grande do Sul sediou um encontro entre o presidente do legislativo, deputado Pepe Vargas (PT), o coordenador do F\u00f3rum Democr\u00e1tico de Desenvolvimento Regional (FDDR), Ronaldo Zulke, e representantes de institui\u00e7\u00f5es ga\u00fachas de ensino superior. A reuni\u00e3o teve como objetivo discutir a interface entre o parlamento e os [&hellip;]<\/p>\n","protected":false},"author":2,"featured_media":6977,"comment_status":"open","ping_status":"open","sticky":false,"template":"","format":"standard","meta":{"_themeisle_gutenberg_block_has_review":false,"footnotes":""},"categories":[20],"tags":[],"class_list":["post-6976","post","type-post","status-publish","format-standard","has-post-thumbnail","hentry","category-litoral_norte"],"yoast_head":"<!-- This site is optimized with the Yoast SEO plugin v27.4 - https:\/\/yoast.com\/product\/yoast-seo-wordpress\/ -->\n<title>Assembleia recebe universidades para debater desenvolvimento<\/title>\n<meta name=\"robots\" content=\"index, follow, max-snippet:-1, max-image-preview:large, max-video-preview:-1\" \/>\n<link rel=\"canonical\" href=\"https:\/\/redelitoralrs.com\/index.php\/2025\/02\/24\/alrs-recebe-representantes-de-universidades-para-debater-desenvolvimento-regional\/\" \/>\n<meta property=\"og:locale\" content=\"pt_BR\" \/>\n<meta property=\"og:type\" content=\"article\" \/>\n<meta property=\"og:title\" content=\"Assembleia recebe universidades para debater desenvolvimento\" \/>\n<meta property=\"og:description\" content=\"Na sexta-feira (21), a Assembleia Legislativa do Rio Grande do Sul sediou um encontro entre o presidente do legislativo, deputado Pepe Vargas (PT), o coordenador do F\u00f3rum Democr\u00e1tico de Desenvolvimento Regional (FDDR), Ronaldo Zulke, e representantes de institui\u00e7\u00f5es ga\u00fachas de ensino superior. A reuni\u00e3o teve como objetivo discutir a interface entre o parlamento e os [&hellip;]\" \/>\n<meta property=\"og:url\" content=\"https:\/\/redelitoralrs.com\/index.php\/2025\/02\/24\/alrs-recebe-representantes-de-universidades-para-debater-desenvolvimento-regional\/\" \/>\n<meta property=\"og:site_name\" content=\"Rede Litoral RS\" \/>\n<meta property=\"article:publisher\" content=\"https:\/\/www.facebook.com\/tvlitoralrsoficial\" \/>\n<meta property=\"article:published_time\" content=\"2025-02-24T10:52:00+00:00\" \/>\n<meta property=\"og:image\" content=\"https:\/\/redelitoralrs.com\/wp-content\/uploads\/2025\/02\/415229_S.jpg\" \/>\n\t<meta property=\"og:image:width\" content=\"600\" \/>\n\t<meta property=\"og:image:height\" content=\"400\" \/>\n\t<meta property=\"og:image:type\" content=\"image\/jpeg\" \/>\n<meta name=\"author\" content=\"Reda\u00e7\u00e3o TV Litoral\" \/>\n<meta name=\"twitter:card\" content=\"summary_large_image\" \/>\n<meta name=\"twitter:label1\" content=\"Escrito por\" \/>\n\t<meta name=\"twitter:data1\" content=\"Reda\u00e7\u00e3o TV Litoral\" \/>\n\t<meta name=\"twitter:label2\" content=\"Est. tempo de leitura\" \/>\n\t<meta name=\"twitter:data2\" content=\"3 minutos\" \/>\n<script type=\"application\/ld+json\" class=\"yoast-schema-graph\">{\"@context\":\"https:\\\/\\\/schema.org\",\"@graph\":[{\"@type\":\"Article\",\"@id\":\"https:\\\/\\\/redelitoralrs.com\\\/index.php\\\/2025\\\/02\\\/24\\\/alrs-recebe-representantes-de-universidades-para-debater-desenvolvimento-regional\\\/#article\",\"isPartOf\":{\"@id\":\"https:\\\/\\\/redelitoralrs.com\\\/index.php\\\/2025\\\/02\\\/24\\\/alrs-recebe-representantes-de-universidades-para-debater-desenvolvimento-regional\\\/\"},\"author\":{\"name\":\"Reda\u00e7\u00e3o TV Litoral\",\"@id\":\"https:\\\/\\\/redelitoralrs.com\\\/#\\\/schema\\\/person\\\/9f8181f2a7359dd3986f05ebaf5bd68a\"},\"headline\":\"ALRS recebe representantes de universidades para debater desenvolvimento regional\",\"datePublished\":\"2025-02-24T10:52:00+00:00\",\"mainEntityOfPage\":{\"@id\":\"https:\\\/\\\/redelitoralrs.com\\\/index.php\\\/2025\\\/02\\\/24\\\/alrs-recebe-representantes-de-universidades-para-debater-desenvolvimento-regional\\\/\"},\"wordCount\":519,\"commentCount\":0,\"publisher\":{\"@id\":\"https:\\\/\\\/redelitoralrs.com\\\/#organization\"},\"image\":{\"@id\":\"https:\\\/\\\/redelitoralrs.com\\\/index.php\\\/2025\\\/02\\\/24\\\/alrs-recebe-representantes-de-universidades-para-debater-desenvolvimento-regional\\\/#primaryimage\"},\"thumbnailUrl\":\"https:\\\/\\\/redelitoralrs.com\\\/wp-content\\\/uploads\\\/2025\\\/02\\\/415229_S.jpg\",\"articleSection\":[\"Litoral Norte\"],\"inLanguage\":\"pt-BR\",\"potentialAction\":[{\"@type\":\"CommentAction\",\"name\":\"Comment\",\"target\":[\"https:\\\/\\\/redelitoralrs.com\\\/index.php\\\/2025\\\/02\\\/24\\\/alrs-recebe-representantes-de-universidades-para-debater-desenvolvimento-regional\\\/#respond\"]}]},{\"@type\":\"WebPage\",\"@id\":\"https:\\\/\\\/redelitoralrs.com\\\/index.php\\\/2025\\\/02\\\/24\\\/alrs-recebe-representantes-de-universidades-para-debater-desenvolvimento-regional\\\/\",\"url\":\"https:\\\/\\\/redelitoralrs.com\\\/index.php\\\/2025\\\/02\\\/24\\\/alrs-recebe-representantes-de-universidades-para-debater-desenvolvimento-regional\\\/\",\"name\":\"Assembleia recebe universidades para debater desenvolvimento\",\"isPartOf\":{\"@id\":\"https:\\\/\\\/redelitoralrs.com\\\/#website\"},\"primaryImageOfPage\":{\"@id\":\"https:\\\/\\\/redelitoralrs.com\\\/index.php\\\/2025\\\/02\\\/24\\\/alrs-recebe-representantes-de-universidades-para-debater-desenvolvimento-regional\\\/#primaryimage\"},\"image\":{\"@id\":\"https:\\\/\\\/redelitoralrs.com\\\/index.php\\\/2025\\\/02\\\/24\\\/alrs-recebe-representantes-de-universidades-para-debater-desenvolvimento-regional\\\/#primaryimage\"},\"thumbnailUrl\":\"https:\\\/\\\/redelitoralrs.com\\\/wp-content\\\/uploads\\\/2025\\\/02\\\/415229_S.jpg\",\"datePublished\":\"2025-02-24T10:52:00+00:00\",\"breadcrumb\":{\"@id\":\"https:\\\/\\\/redelitoralrs.com\\\/index.php\\\/2025\\\/02\\\/24\\\/alrs-recebe-representantes-de-universidades-para-debater-desenvolvimento-regional\\\/#breadcrumb\"},\"inLanguage\":\"pt-BR\",\"potentialAction\":[{\"@type\":\"ReadAction\",\"target\":[\"https:\\\/\\\/redelitoralrs.com\\\/index.php\\\/2025\\\/02\\\/24\\\/alrs-recebe-representantes-de-universidades-para-debater-desenvolvimento-regional\\\/\"]}]},{\"@type\":\"ImageObject\",\"inLanguage\":\"pt-BR\",\"@id\":\"https:\\\/\\\/redelitoralrs.com\\\/index.php\\\/2025\\\/02\\\/24\\\/alrs-recebe-representantes-de-universidades-para-debater-desenvolvimento-regional\\\/#primaryimage\",\"url\":\"https:\\\/\\\/redelitoralrs.com\\\/wp-content\\\/uploads\\\/2025\\\/02\\\/415229_S.jpg\",\"contentUrl\":\"https:\\\/\\\/redelitoralrs.com\\\/wp-content\\\/uploads\\\/2025\\\/02\\\/415229_S.jpg\",\"width\":600,\"height\":400},{\"@type\":\"BreadcrumbList\",\"@id\":\"https:\\\/\\\/redelitoralrs.com\\\/index.php\\\/2025\\\/02\\\/24\\\/alrs-recebe-representantes-de-universidades-para-debater-desenvolvimento-regional\\\/#breadcrumb\",\"itemListElement\":[{\"@type\":\"ListItem\",\"position\":1,\"name\":\"In\u00edcio\",\"item\":\"https:\\\/\\\/redelitoralrs.com\\\/\"},{\"@type\":\"ListItem\",\"position\":2,\"name\":\"ALRS recebe representantes de universidades para debater desenvolvimento regional\"}]},{\"@type\":\"WebSite\",\"@id\":\"https:\\\/\\\/redelitoralrs.com\\\/#website\",\"url\":\"https:\\\/\\\/redelitoralrs.com\\\/\",\"name\":\"TV Litoral\",\"description\":\"Acompanhe tudo do litoral ga\u00facho com a cobertura completa e atualizada da Rede Litoral RS. Nossos jornalistas trazem as \u00faltimas not\u00edcias, os acontecimentos mais quentes e as hist\u00f3rias que importam sobre nosso amado litoral.\",\"publisher\":{\"@id\":\"https:\\\/\\\/redelitoralrs.com\\\/#organization\"},\"potentialAction\":[{\"@type\":\"SearchAction\",\"target\":{\"@type\":\"EntryPoint\",\"urlTemplate\":\"https:\\\/\\\/redelitoralrs.com\\\/?s={search_term_string}\"},\"query-input\":{\"@type\":\"PropertyValueSpecification\",\"valueRequired\":true,\"valueName\":\"search_term_string\"}}],\"inLanguage\":\"pt-BR\"},{\"@type\":\"Organization\",\"@id\":\"https:\\\/\\\/redelitoralrs.com\\\/#organization\",\"name\":\"TV Litoral\",\"url\":\"https:\\\/\\\/redelitoralrs.com\\\/\",\"logo\":{\"@type\":\"ImageObject\",\"inLanguage\":\"pt-BR\",\"@id\":\"https:\\\/\\\/redelitoralrs.com\\\/#\\\/schema\\\/logo\\\/image\\\/\",\"url\":\"https:\\\/\\\/redelitoralrs.com\\\/wp-content\\\/uploads\\\/2024\\\/01\\\/faviconicon-1-1.png\",\"contentUrl\":\"https:\\\/\\\/redelitoralrs.com\\\/wp-content\\\/uploads\\\/2024\\\/01\\\/faviconicon-1-1.png\",\"width\":454,\"height\":454,\"caption\":\"TV Litoral\"},\"image\":{\"@id\":\"https:\\\/\\\/redelitoralrs.com\\\/#\\\/schema\\\/logo\\\/image\\\/\"},\"sameAs\":[\"https:\\\/\\\/www.facebook.com\\\/tvlitoralrsoficial\",\"https:\\\/\\\/www.instagram.com\\\/tvlitoral.rs\"]},{\"@type\":\"Person\",\"@id\":\"https:\\\/\\\/redelitoralrs.com\\\/#\\\/schema\\\/person\\\/9f8181f2a7359dd3986f05ebaf5bd68a\",\"name\":\"Reda\u00e7\u00e3o TV Litoral\",\"image\":{\"@type\":\"ImageObject\",\"inLanguage\":\"pt-BR\",\"@id\":\"https:\\\/\\\/redelitoralrs.com\\\/wp-content\\\/litespeed\\\/avatar\\\/779aafbb45e66c7f82733e21abb48259.jpg?ver=1776956734\",\"url\":\"https:\\\/\\\/redelitoralrs.com\\\/wp-content\\\/litespeed\\\/avatar\\\/779aafbb45e66c7f82733e21abb48259.jpg?ver=1776956734\",\"contentUrl\":\"https:\\\/\\\/redelitoralrs.com\\\/wp-content\\\/litespeed\\\/avatar\\\/779aafbb45e66c7f82733e21abb48259.jpg?ver=1776956734\",\"caption\":\"Reda\u00e7\u00e3o TV Litoral\"},\"description\":\"A Rede Litoral de Comunica\u00e7\u00e3o \u00e9 um grupo de m\u00eddia multiplataforma do Litoral Norte do RS. Com atua\u00e7\u00e3o em TV, r\u00e1dio, portal e redes sociais, levamos informa\u00e7\u00e3o, conte\u00fado e entretenimento \u00e0 comunidade, fortalecendo a comunica\u00e7\u00e3o local e impulsionando o desenvolvimento regional. Acompanhe atrav\u00e9s de @redelitoralrs.\",\"sameAs\":[\"https:\\\/\\\/redelitoralrs.com\",\"https:\\\/\\\/www.instagram.com\\\/redelitoralrs\",\"https:\\\/\\\/www.youtube.com\\\/@redelitoralrs\"],\"url\":\"https:\\\/\\\/redelitoralrs.com\\\/index.php\\\/author\\\/redacaotvlitoral\\\/\"}]}<\/script>\n<!-- \/ Yoast SEO plugin. -->","yoast_head_json":{"title":"Assembleia recebe universidades para debater desenvolvimento","robots":{"index":"index","follow":"follow","max-snippet":"max-snippet:-1","max-image-preview":"max-image-preview:large","max-video-preview":"max-video-preview:-1"},"canonical":"https:\/\/redelitoralrs.com\/index.php\/2025\/02\/24\/alrs-recebe-representantes-de-universidades-para-debater-desenvolvimento-regional\/","og_locale":"pt_BR","og_type":"article","og_title":"Assembleia recebe universidades para debater desenvolvimento","og_description":"Na sexta-feira (21), a Assembleia Legislativa do Rio Grande do Sul sediou um encontro entre o presidente do legislativo, deputado Pepe Vargas (PT), o coordenador do F\u00f3rum Democr\u00e1tico de Desenvolvimento Regional (FDDR), Ronaldo Zulke, e representantes de institui\u00e7\u00f5es ga\u00fachas de ensino superior. A reuni\u00e3o teve como objetivo discutir a interface entre o parlamento e os [&hellip;]","og_url":"https:\/\/redelitoralrs.com\/index.php\/2025\/02\/24\/alrs-recebe-representantes-de-universidades-para-debater-desenvolvimento-regional\/","og_site_name":"Rede Litoral RS","article_publisher":"https:\/\/www.facebook.com\/tvlitoralrsoficial","article_published_time":"2025-02-24T10:52:00+00:00","og_image":[{"width":600,"height":400,"url":"https:\/\/redelitoralrs.com\/wp-content\/uploads\/2025\/02\/415229_S.jpg","type":"image\/jpeg"}],"author":"Reda\u00e7\u00e3o TV Litoral","twitter_card":"summary_large_image","twitter_misc":{"Escrito por":"Reda\u00e7\u00e3o TV Litoral","Est. tempo de leitura":"3 minutos"},"schema":{"@context":"https:\/\/schema.org","@graph":[{"@type":"Article","@id":"https:\/\/redelitoralrs.com\/index.php\/2025\/02\/24\/alrs-recebe-representantes-de-universidades-para-debater-desenvolvimento-regional\/#article","isPartOf":{"@id":"https:\/\/redelitoralrs.com\/index.php\/2025\/02\/24\/alrs-recebe-representantes-de-universidades-para-debater-desenvolvimento-regional\/"},"author":{"name":"Reda\u00e7\u00e3o TV Litoral","@id":"https:\/\/redelitoralrs.com\/#\/schema\/person\/9f8181f2a7359dd3986f05ebaf5bd68a"},"headline":"ALRS recebe representantes de universidades para debater desenvolvimento regional","datePublished":"2025-02-24T10:52:00+00:00","mainEntityOfPage":{"@id":"https:\/\/redelitoralrs.com\/index.php\/2025\/02\/24\/alrs-recebe-representantes-de-universidades-para-debater-desenvolvimento-regional\/"},"wordCount":519,"commentCount":0,"publisher":{"@id":"https:\/\/redelitoralrs.com\/#organization"},"image":{"@id":"https:\/\/redelitoralrs.com\/index.php\/2025\/02\/24\/alrs-recebe-representantes-de-universidades-para-debater-desenvolvimento-regional\/#primaryimage"},"thumbnailUrl":"https:\/\/redelitoralrs.com\/wp-content\/uploads\/2025\/02\/415229_S.jpg","articleSection":["Litoral Norte"],"inLanguage":"pt-BR","potentialAction":[{"@type":"CommentAction","name":"Comment","target":["https:\/\/redelitoralrs.com\/index.php\/2025\/02\/24\/alrs-recebe-representantes-de-universidades-para-debater-desenvolvimento-regional\/#respond"]}]},{"@type":"WebPage","@id":"https:\/\/redelitoralrs.com\/index.php\/2025\/02\/24\/alrs-recebe-representantes-de-universidades-para-debater-desenvolvimento-regional\/","url":"https:\/\/redelitoralrs.com\/index.php\/2025\/02\/24\/alrs-recebe-representantes-de-universidades-para-debater-desenvolvimento-regional\/","name":"Assembleia recebe universidades para debater desenvolvimento","isPartOf":{"@id":"https:\/\/redelitoralrs.com\/#website"},"primaryImageOfPage":{"@id":"https:\/\/redelitoralrs.com\/index.php\/2025\/02\/24\/alrs-recebe-representantes-de-universidades-para-debater-desenvolvimento-regional\/#primaryimage"},"image":{"@id":"https:\/\/redelitoralrs.com\/index.php\/2025\/02\/24\/alrs-recebe-representantes-de-universidades-para-debater-desenvolvimento-regional\/#primaryimage"},"thumbnailUrl":"https:\/\/redelitoralrs.com\/wp-content\/uploads\/2025\/02\/415229_S.jpg","datePublished":"2025-02-24T10:52:00+00:00","breadcrumb":{"@id":"https:\/\/redelitoralrs.com\/index.php\/2025\/02\/24\/alrs-recebe-representantes-de-universidades-para-debater-desenvolvimento-regional\/#breadcrumb"},"inLanguage":"pt-BR","potentialAction":[{"@type":"ReadAction","target":["https:\/\/redelitoralrs.com\/index.php\/2025\/02\/24\/alrs-recebe-representantes-de-universidades-para-debater-desenvolvimento-regional\/"]}]},{"@type":"ImageObject","inLanguage":"pt-BR","@id":"https:\/\/redelitoralrs.com\/index.php\/2025\/02\/24\/alrs-recebe-representantes-de-universidades-para-debater-desenvolvimento-regional\/#primaryimage","url":"https:\/\/redelitoralrs.com\/wp-content\/uploads\/2025\/02\/415229_S.jpg","contentUrl":"https:\/\/redelitoralrs.com\/wp-content\/uploads\/2025\/02\/415229_S.jpg","width":600,"height":400},{"@type":"BreadcrumbList","@id":"https:\/\/redelitoralrs.com\/index.php\/2025\/02\/24\/alrs-recebe-representantes-de-universidades-para-debater-desenvolvimento-regional\/#breadcrumb","itemListElement":[{"@type":"ListItem","position":1,"name":"In\u00edcio","item":"https:\/\/redelitoralrs.com\/"},{"@type":"ListItem","position":2,"name":"ALRS recebe representantes de universidades para debater desenvolvimento regional"}]},{"@type":"WebSite","@id":"https:\/\/redelitoralrs.com\/#website","url":"https:\/\/redelitoralrs.com\/","name":"TV Litoral","description":"Acompanhe tudo do litoral ga\u00facho com a cobertura completa e atualizada da Rede Litoral RS. Nossos jornalistas trazem as \u00faltimas not\u00edcias, os acontecimentos mais quentes e as hist\u00f3rias que importam sobre nosso amado litoral.","publisher":{"@id":"https:\/\/redelitoralrs.com\/#organization"},"potentialAction":[{"@type":"SearchAction","target":{"@type":"EntryPoint","urlTemplate":"https:\/\/redelitoralrs.com\/?s={search_term_string}"},"query-input":{"@type":"PropertyValueSpecification","valueRequired":true,"valueName":"search_term_string"}}],"inLanguage":"pt-BR"},{"@type":"Organization","@id":"https:\/\/redelitoralrs.com\/#organization","name":"TV Litoral","url":"https:\/\/redelitoralrs.com\/","logo":{"@type":"ImageObject","inLanguage":"pt-BR","@id":"https:\/\/redelitoralrs.com\/#\/schema\/logo\/image\/","url":"https:\/\/redelitoralrs.com\/wp-content\/uploads\/2024\/01\/faviconicon-1-1.png","contentUrl":"https:\/\/redelitoralrs.com\/wp-content\/uploads\/2024\/01\/faviconicon-1-1.png","width":454,"height":454,"caption":"TV Litoral"},"image":{"@id":"https:\/\/redelitoralrs.com\/#\/schema\/logo\/image\/"},"sameAs":["https:\/\/www.facebook.com\/tvlitoralrsoficial","https:\/\/www.instagram.com\/tvlitoral.rs"]},{"@type":"Person","@id":"https:\/\/redelitoralrs.com\/#\/schema\/person\/9f8181f2a7359dd3986f05ebaf5bd68a","name":"Reda\u00e7\u00e3o TV Litoral","image":{"@type":"ImageObject","inLanguage":"pt-BR","@id":"https:\/\/redelitoralrs.com\/wp-content\/litespeed\/avatar\/779aafbb45e66c7f82733e21abb48259.jpg?ver=1776956734","url":"https:\/\/redelitoralrs.com\/wp-content\/litespeed\/avatar\/779aafbb45e66c7f82733e21abb48259.jpg?ver=1776956734","contentUrl":"https:\/\/redelitoralrs.com\/wp-content\/litespeed\/avatar\/779aafbb45e66c7f82733e21abb48259.jpg?ver=1776956734","caption":"Reda\u00e7\u00e3o TV Litoral"},"description":"A Rede Litoral de Comunica\u00e7\u00e3o \u00e9 um grupo de m\u00eddia multiplataforma do Litoral Norte do RS. Com atua\u00e7\u00e3o em TV, r\u00e1dio, portal e redes sociais, levamos informa\u00e7\u00e3o, conte\u00fado e entretenimento \u00e0 comunidade, fortalecendo a comunica\u00e7\u00e3o local e impulsionando o desenvolvimento regional. Acompanhe atrav\u00e9s de @redelitoralrs.","sameAs":["https:\/\/redelitoralrs.com","https:\/\/www.instagram.com\/redelitoralrs","https:\/\/www.youtube.com\/@redelitoralrs"],"url":"https:\/\/redelitoralrs.com\/index.php\/author\/redacaotvlitoral\/"}]}},"_links":{"self":[{"href":"https:\/\/redelitoralrs.com\/index.php\/wp-json\/wp\/v2\/posts\/6976","targetHints":{"allow":["GET"]}}],"collection":[{"href":"https:\/\/redelitoralrs.com\/index.php\/wp-json\/wp\/v2\/posts"}],"about":[{"href":"https:\/\/redelitoralrs.com\/index.php\/wp-json\/wp\/v2\/types\/post"}],"author":[{"embeddable":true,"href":"https:\/\/redelitoralrs.com\/index.php\/wp-json\/wp\/v2\/users\/2"}],"replies":[{"embeddable":true,"href":"https:\/\/redelitoralrs.com\/index.php\/wp-json\/wp\/v2\/comments?post=6976"}],"version-history":[{"count":2,"href":"https:\/\/redelitoralrs.com\/index.php\/wp-json\/wp\/v2\/posts\/6976\/revisions"}],"predecessor-version":[{"id":6979,"href":"https:\/\/redelitoralrs.com\/index.php\/wp-json\/wp\/v2\/posts\/6976\/revisions\/6979"}],"wp:featuredmedia":[{"embeddable":true,"href":"https:\/\/redelitoralrs.com\/index.php\/wp-json\/wp\/v2\/media\/6977"}],"wp:attachment":[{"href":"https:\/\/redelitoralrs.com\/index.php\/wp-json\/wp\/v2\/media?parent=6976"}],"wp:term":[{"taxonomy":"category","embeddable":true,"href":"https:\/\/redelitoralrs.com\/index.php\/wp-json\/wp\/v2\/categories?post=6976"},{"taxonomy":"post_tag","embeddable":true,"href":"https:\/\/redelitoralrs.com\/index.php\/wp-json\/wp\/v2\/tags?post=6976"}],"curies":[{"name":"wp","href":"https:\/\/api.w.org\/{rel}","templated":true}]}}