{"id":688,"date":"2024-02-17T08:52:51","date_gmt":"2024-02-17T11:52:51","guid":{"rendered":"https:\/\/redelitoralrs.com\/?p=688"},"modified":"2024-02-17T08:52:51","modified_gmt":"2024-02-17T11:52:51","slug":"ciclone-raro-e-de-trajetoria-atipica-avancara-para-a-costa-do-sul-do-brasil","status":"publish","type":"post","link":"https:\/\/redelitoralrs.com\/index.php\/2024\/02\/17\/ciclone-raro-e-de-trajetoria-atipica-avancara-para-a-costa-do-sul-do-brasil\/","title":{"rendered":"CICLONE RARO E DE TRAJET\u00d3RIA AT\u00cdPICA AVAN\u00c7AR\u00c1 PARA A COSTA DO SUL DO BRASIL"},"content":{"rendered":"\n<p>Um ciclone raro no Atl\u00e2ntico Sul e com trajet\u00f3ria retr\u00f3grada igualmente at\u00edpica vai atuar durante os pr\u00f3ximos dias em alto mar na costa brasileira, a Leste do Sul do Brasil, conforme a previs\u00e3o da MetSul Meteorologia. Trata-se de sistema de caracter\u00edstica bastante incomum, uma vez que o ciclone tende a ser de natureza tropical na sua fase madura, evoluindo de um sistema subtropical para tropical.<\/p>\n\n\n\n<p>Normalmente, os ciclones que atuam no Atl\u00e2ntico Sul s\u00e3o extratropicais (centro frio). Ocorrem em qualquer \u00e9poca do ano e s\u00e3o muito frequentes. S\u00e3o os sistemas que atuam com as frentes frias e s\u00e3o respons\u00e1veis pelo ingresso de massas de ar frio no territ\u00f3rio brasileiro.<\/p>\n\n\n\n<p>Existem outros dois tipos de ciclones, considerados at\u00edpicos ou an\u00f4malos, no Atl\u00e2ntico Sul: os subtropicais (centro de baixa press\u00e3o em parte frio e parte quente) e os tropicais (centro quente). Estes ciclones, quando se formam, diferentemente do que ocorre com os comuns extratropicais, acabam recebendo nomes de acordo com uma lista previamente estabelecida pela Marinha do Brasil.<\/p>\n\n\n\n<p>Os ciclones subtropicais s\u00e3o os mais frequentes entre estas tempestades cicl\u00f4nicas consideradas an\u00f4malas. A grande maioria dos ciclones an\u00f4malos formados nos \u00faltimos 15 anos na costa do Brasil foi de natureza subtropical. J\u00e1 ciclones tropicais s\u00e3o os menos comuns, at\u00e9 porque as \u00e1guas n\u00e3o s\u00e3o t\u00e3o quentes no oceano onde este tipo de ciclone \u00e9 mais comum.<\/p>\n\n\n\n<p>O mais conhecido e ao mesmo tempo destrutivo epis\u00f3dio de um ciclone tropical foi o furac\u00e3o Catarina do final de mar\u00e7o de 2004. Um ciclone que antes foi subtropical e passou a ser tropical, transformando-se em furac\u00e3o categoria 1 antes de atingir o Sul de Santa Catarina e o Litoral Norte do Rio Grande do Sul com preju\u00edzos \u00e0 \u00e9poca estimados em mais de um bilh\u00e3o de reais e ao menos dez mortes.<\/p>\n\n\n\n<p>Mais informa\u00e7\u00f5es voc\u00ea pode <a href=\"https:\/\/metsul.com\/ciclone-raro-e-de-trajetoria-atipica-avancara-para-a-costa-do-sul-do-brasil\/?fbclid=IwAR1WVunlXRR-3e5G362RiPU0ZWYX9R-0sHPLO1R6z2NzNU1dzHUu5LPrE2w\">clicar aqui<\/a>.<\/p>\n\n\n\n<p><strong>Fonte<\/strong>: MetSul<\/p>\n","protected":false},"excerpt":{"rendered":"<p>Um ciclone raro no Atl\u00e2ntico Sul e com trajet\u00f3ria retr\u00f3grada igualmente at\u00edpica vai atuar durante os pr\u00f3ximos dias em alto mar na costa brasileira, a Leste do Sul do Brasil, conforme a previs\u00e3o da MetSul Meteorologia. Trata-se de sistema de caracter\u00edstica bastante incomum, uma vez que o ciclone tende a ser de natureza tropical na [&hellip;]<\/p>\n","protected":false},"author":2,"featured_media":689,"comment_status":"open","ping_status":"open","sticky":false,"template":"","format":"standard","meta":{"_themeisle_gutenberg_block_has_review":false,"footnotes":""},"categories":[15],"tags":[],"class_list":["post-688","post","type-post","status-publish","format-standard","has-post-thumbnail","hentry","category-noticias"],"yoast_head":"<!-- This site is optimized with the Yoast SEO plugin v27.4 - https:\/\/yoast.com\/product\/yoast-seo-wordpress\/ -->\n<title>CICLONE RARO E DE TRAJET\u00d3RIA AT\u00cdPICA AVAN\u00c7AR\u00c1 PARA A COSTA DO SUL DO BRASIL - Rede Litoral RS<\/title>\n<meta name=\"robots\" content=\"index, follow, max-snippet:-1, max-image-preview:large, max-video-preview:-1\" \/>\n<link rel=\"canonical\" href=\"https:\/\/redelitoralrs.com\/index.php\/2024\/02\/17\/ciclone-raro-e-de-trajetoria-atipica-avancara-para-a-costa-do-sul-do-brasil\/\" \/>\n<meta property=\"og:locale\" content=\"pt_BR\" \/>\n<meta property=\"og:type\" content=\"article\" \/>\n<meta property=\"og:title\" content=\"CICLONE RARO E DE TRAJET\u00d3RIA AT\u00cdPICA AVAN\u00c7AR\u00c1 PARA A COSTA DO SUL DO BRASIL - Rede Litoral RS\" \/>\n<meta property=\"og:description\" content=\"Um ciclone raro no Atl\u00e2ntico Sul e com trajet\u00f3ria retr\u00f3grada igualmente at\u00edpica vai atuar durante os pr\u00f3ximos dias em alto mar na costa brasileira, a Leste do Sul do Brasil, conforme a previs\u00e3o da MetSul Meteorologia. Trata-se de sistema de caracter\u00edstica bastante incomum, uma vez que o ciclone tende a ser de natureza tropical na [&hellip;]\" \/>\n<meta property=\"og:url\" content=\"https:\/\/redelitoralrs.com\/index.php\/2024\/02\/17\/ciclone-raro-e-de-trajetoria-atipica-avancara-para-a-costa-do-sul-do-brasil\/\" \/>\n<meta property=\"og:site_name\" content=\"Rede Litoral RS\" \/>\n<meta property=\"article:publisher\" content=\"https:\/\/www.facebook.com\/tvlitoralrsoficial\" \/>\n<meta property=\"article:published_time\" content=\"2024-02-17T11:52:51+00:00\" \/>\n<meta property=\"og:image\" content=\"https:\/\/redelitoralrs.com\/wp-content\/uploads\/2024\/02\/ciclone16022024f-1080x607-1.webp\" \/>\n\t<meta property=\"og:image:width\" content=\"1080\" \/>\n\t<meta property=\"og:image:height\" content=\"607\" \/>\n\t<meta property=\"og:image:type\" content=\"image\/webp\" \/>\n<meta name=\"author\" content=\"Reda\u00e7\u00e3o TV Litoral\" \/>\n<meta name=\"twitter:card\" content=\"summary_large_image\" \/>\n<meta name=\"twitter:label1\" content=\"Escrito por\" \/>\n\t<meta name=\"twitter:data1\" content=\"Reda\u00e7\u00e3o TV Litoral\" \/>\n\t<meta name=\"twitter:label2\" content=\"Est. tempo de leitura\" \/>\n\t<meta name=\"twitter:data2\" content=\"2 minutos\" \/>\n<script type=\"application\/ld+json\" class=\"yoast-schema-graph\">{\"@context\":\"https:\\\/\\\/schema.org\",\"@graph\":[{\"@type\":\"Article\",\"@id\":\"https:\\\/\\\/redelitoralrs.com\\\/index.php\\\/2024\\\/02\\\/17\\\/ciclone-raro-e-de-trajetoria-atipica-avancara-para-a-costa-do-sul-do-brasil\\\/#article\",\"isPartOf\":{\"@id\":\"https:\\\/\\\/redelitoralrs.com\\\/index.php\\\/2024\\\/02\\\/17\\\/ciclone-raro-e-de-trajetoria-atipica-avancara-para-a-costa-do-sul-do-brasil\\\/\"},\"author\":{\"name\":\"Reda\u00e7\u00e3o TV Litoral\",\"@id\":\"https:\\\/\\\/redelitoralrs.com\\\/#\\\/schema\\\/person\\\/9f8181f2a7359dd3986f05ebaf5bd68a\"},\"headline\":\"CICLONE RARO E DE TRAJET\u00d3RIA AT\u00cdPICA AVAN\u00c7AR\u00c1 PARA A COSTA DO SUL DO BRASIL\",\"datePublished\":\"2024-02-17T11:52:51+00:00\",\"mainEntityOfPage\":{\"@id\":\"https:\\\/\\\/redelitoralrs.com\\\/index.php\\\/2024\\\/02\\\/17\\\/ciclone-raro-e-de-trajetoria-atipica-avancara-para-a-costa-do-sul-do-brasil\\\/\"},\"wordCount\":349,\"commentCount\":0,\"publisher\":{\"@id\":\"https:\\\/\\\/redelitoralrs.com\\\/#organization\"},\"image\":{\"@id\":\"https:\\\/\\\/redelitoralrs.com\\\/index.php\\\/2024\\\/02\\\/17\\\/ciclone-raro-e-de-trajetoria-atipica-avancara-para-a-costa-do-sul-do-brasil\\\/#primaryimage\"},\"thumbnailUrl\":\"https:\\\/\\\/redelitoralrs.com\\\/wp-content\\\/uploads\\\/2024\\\/02\\\/ciclone16022024f-1080x607-1.webp\",\"articleSection\":[\"\u00daltimas not\u00edcias\"],\"inLanguage\":\"pt-BR\",\"potentialAction\":[{\"@type\":\"CommentAction\",\"name\":\"Comment\",\"target\":[\"https:\\\/\\\/redelitoralrs.com\\\/index.php\\\/2024\\\/02\\\/17\\\/ciclone-raro-e-de-trajetoria-atipica-avancara-para-a-costa-do-sul-do-brasil\\\/#respond\"]}]},{\"@type\":\"WebPage\",\"@id\":\"https:\\\/\\\/redelitoralrs.com\\\/index.php\\\/2024\\\/02\\\/17\\\/ciclone-raro-e-de-trajetoria-atipica-avancara-para-a-costa-do-sul-do-brasil\\\/\",\"url\":\"https:\\\/\\\/redelitoralrs.com\\\/index.php\\\/2024\\\/02\\\/17\\\/ciclone-raro-e-de-trajetoria-atipica-avancara-para-a-costa-do-sul-do-brasil\\\/\",\"name\":\"CICLONE RARO E DE TRAJET\u00d3RIA AT\u00cdPICA AVAN\u00c7AR\u00c1 PARA A COSTA DO SUL DO BRASIL - Rede Litoral RS\",\"isPartOf\":{\"@id\":\"https:\\\/\\\/redelitoralrs.com\\\/#website\"},\"primaryImageOfPage\":{\"@id\":\"https:\\\/\\\/redelitoralrs.com\\\/index.php\\\/2024\\\/02\\\/17\\\/ciclone-raro-e-de-trajetoria-atipica-avancara-para-a-costa-do-sul-do-brasil\\\/#primaryimage\"},\"image\":{\"@id\":\"https:\\\/\\\/redelitoralrs.com\\\/index.php\\\/2024\\\/02\\\/17\\\/ciclone-raro-e-de-trajetoria-atipica-avancara-para-a-costa-do-sul-do-brasil\\\/#primaryimage\"},\"thumbnailUrl\":\"https:\\\/\\\/redelitoralrs.com\\\/wp-content\\\/uploads\\\/2024\\\/02\\\/ciclone16022024f-1080x607-1.webp\",\"datePublished\":\"2024-02-17T11:52:51+00:00\",\"breadcrumb\":{\"@id\":\"https:\\\/\\\/redelitoralrs.com\\\/index.php\\\/2024\\\/02\\\/17\\\/ciclone-raro-e-de-trajetoria-atipica-avancara-para-a-costa-do-sul-do-brasil\\\/#breadcrumb\"},\"inLanguage\":\"pt-BR\",\"potentialAction\":[{\"@type\":\"ReadAction\",\"target\":[\"https:\\\/\\\/redelitoralrs.com\\\/index.php\\\/2024\\\/02\\\/17\\\/ciclone-raro-e-de-trajetoria-atipica-avancara-para-a-costa-do-sul-do-brasil\\\/\"]}]},{\"@type\":\"ImageObject\",\"inLanguage\":\"pt-BR\",\"@id\":\"https:\\\/\\\/redelitoralrs.com\\\/index.php\\\/2024\\\/02\\\/17\\\/ciclone-raro-e-de-trajetoria-atipica-avancara-para-a-costa-do-sul-do-brasil\\\/#primaryimage\",\"url\":\"https:\\\/\\\/redelitoralrs.com\\\/wp-content\\\/uploads\\\/2024\\\/02\\\/ciclone16022024f-1080x607-1.webp\",\"contentUrl\":\"https:\\\/\\\/redelitoralrs.com\\\/wp-content\\\/uploads\\\/2024\\\/02\\\/ciclone16022024f-1080x607-1.webp\",\"width\":1080,\"height\":607},{\"@type\":\"BreadcrumbList\",\"@id\":\"https:\\\/\\\/redelitoralrs.com\\\/index.php\\\/2024\\\/02\\\/17\\\/ciclone-raro-e-de-trajetoria-atipica-avancara-para-a-costa-do-sul-do-brasil\\\/#breadcrumb\",\"itemListElement\":[{\"@type\":\"ListItem\",\"position\":1,\"name\":\"In\u00edcio\",\"item\":\"https:\\\/\\\/redelitoralrs.com\\\/\"},{\"@type\":\"ListItem\",\"position\":2,\"name\":\"CICLONE RARO E DE TRAJET\u00d3RIA AT\u00cdPICA AVAN\u00c7AR\u00c1 PARA A COSTA DO SUL DO BRASIL\"}]},{\"@type\":\"WebSite\",\"@id\":\"https:\\\/\\\/redelitoralrs.com\\\/#website\",\"url\":\"https:\\\/\\\/redelitoralrs.com\\\/\",\"name\":\"TV Litoral\",\"description\":\"Acompanhe tudo do litoral ga\u00facho com a cobertura completa e atualizada da Rede Litoral RS. Nossos jornalistas trazem as \u00faltimas not\u00edcias, os acontecimentos mais quentes e as hist\u00f3rias que importam sobre nosso amado litoral.\",\"publisher\":{\"@id\":\"https:\\\/\\\/redelitoralrs.com\\\/#organization\"},\"potentialAction\":[{\"@type\":\"SearchAction\",\"target\":{\"@type\":\"EntryPoint\",\"urlTemplate\":\"https:\\\/\\\/redelitoralrs.com\\\/?s={search_term_string}\"},\"query-input\":{\"@type\":\"PropertyValueSpecification\",\"valueRequired\":true,\"valueName\":\"search_term_string\"}}],\"inLanguage\":\"pt-BR\"},{\"@type\":\"Organization\",\"@id\":\"https:\\\/\\\/redelitoralrs.com\\\/#organization\",\"name\":\"TV Litoral\",\"url\":\"https:\\\/\\\/redelitoralrs.com\\\/\",\"logo\":{\"@type\":\"ImageObject\",\"inLanguage\":\"pt-BR\",\"@id\":\"https:\\\/\\\/redelitoralrs.com\\\/#\\\/schema\\\/logo\\\/image\\\/\",\"url\":\"https:\\\/\\\/redelitoralrs.com\\\/wp-content\\\/uploads\\\/2024\\\/01\\\/faviconicon-1-1.png\",\"contentUrl\":\"https:\\\/\\\/redelitoralrs.com\\\/wp-content\\\/uploads\\\/2024\\\/01\\\/faviconicon-1-1.png\",\"width\":454,\"height\":454,\"caption\":\"TV Litoral\"},\"image\":{\"@id\":\"https:\\\/\\\/redelitoralrs.com\\\/#\\\/schema\\\/logo\\\/image\\\/\"},\"sameAs\":[\"https:\\\/\\\/www.facebook.com\\\/tvlitoralrsoficial\",\"https:\\\/\\\/www.instagram.com\\\/tvlitoral.rs\"]},{\"@type\":\"Person\",\"@id\":\"https:\\\/\\\/redelitoralrs.com\\\/#\\\/schema\\\/person\\\/9f8181f2a7359dd3986f05ebaf5bd68a\",\"name\":\"Reda\u00e7\u00e3o TV Litoral\",\"image\":{\"@type\":\"ImageObject\",\"inLanguage\":\"pt-BR\",\"@id\":\"https:\\\/\\\/redelitoralrs.com\\\/wp-content\\\/litespeed\\\/avatar\\\/779aafbb45e66c7f82733e21abb48259.jpg?ver=1776956734\",\"url\":\"https:\\\/\\\/redelitoralrs.com\\\/wp-content\\\/litespeed\\\/avatar\\\/779aafbb45e66c7f82733e21abb48259.jpg?ver=1776956734\",\"contentUrl\":\"https:\\\/\\\/redelitoralrs.com\\\/wp-content\\\/litespeed\\\/avatar\\\/779aafbb45e66c7f82733e21abb48259.jpg?ver=1776956734\",\"caption\":\"Reda\u00e7\u00e3o TV Litoral\"},\"description\":\"A Rede Litoral de Comunica\u00e7\u00e3o \u00e9 um grupo de m\u00eddia multiplataforma do Litoral Norte do RS. Com atua\u00e7\u00e3o em TV, r\u00e1dio, portal e redes sociais, levamos informa\u00e7\u00e3o, conte\u00fado e entretenimento \u00e0 comunidade, fortalecendo a comunica\u00e7\u00e3o local e impulsionando o desenvolvimento regional. Acompanhe atrav\u00e9s de @redelitoralrs.\",\"sameAs\":[\"https:\\\/\\\/redelitoralrs.com\",\"https:\\\/\\\/www.instagram.com\\\/redelitoralrs\",\"https:\\\/\\\/www.youtube.com\\\/@redelitoralrs\"],\"url\":\"https:\\\/\\\/redelitoralrs.com\\\/index.php\\\/author\\\/redacaotvlitoral\\\/\"}]}<\/script>\n<!-- \/ Yoast SEO plugin. -->","yoast_head_json":{"title":"CICLONE RARO E DE TRAJET\u00d3RIA AT\u00cdPICA AVAN\u00c7AR\u00c1 PARA A COSTA DO SUL DO BRASIL - Rede Litoral RS","robots":{"index":"index","follow":"follow","max-snippet":"max-snippet:-1","max-image-preview":"max-image-preview:large","max-video-preview":"max-video-preview:-1"},"canonical":"https:\/\/redelitoralrs.com\/index.php\/2024\/02\/17\/ciclone-raro-e-de-trajetoria-atipica-avancara-para-a-costa-do-sul-do-brasil\/","og_locale":"pt_BR","og_type":"article","og_title":"CICLONE RARO E DE TRAJET\u00d3RIA AT\u00cdPICA AVAN\u00c7AR\u00c1 PARA A COSTA DO SUL DO BRASIL - Rede Litoral RS","og_description":"Um ciclone raro no Atl\u00e2ntico Sul e com trajet\u00f3ria retr\u00f3grada igualmente at\u00edpica vai atuar durante os pr\u00f3ximos dias em alto mar na costa brasileira, a Leste do Sul do Brasil, conforme a previs\u00e3o da MetSul Meteorologia. Trata-se de sistema de caracter\u00edstica bastante incomum, uma vez que o ciclone tende a ser de natureza tropical na [&hellip;]","og_url":"https:\/\/redelitoralrs.com\/index.php\/2024\/02\/17\/ciclone-raro-e-de-trajetoria-atipica-avancara-para-a-costa-do-sul-do-brasil\/","og_site_name":"Rede Litoral RS","article_publisher":"https:\/\/www.facebook.com\/tvlitoralrsoficial","article_published_time":"2024-02-17T11:52:51+00:00","og_image":[{"width":1080,"height":607,"url":"https:\/\/redelitoralrs.com\/wp-content\/uploads\/2024\/02\/ciclone16022024f-1080x607-1.webp","type":"image\/webp"}],"author":"Reda\u00e7\u00e3o TV Litoral","twitter_card":"summary_large_image","twitter_misc":{"Escrito por":"Reda\u00e7\u00e3o TV Litoral","Est. tempo de leitura":"2 minutos"},"schema":{"@context":"https:\/\/schema.org","@graph":[{"@type":"Article","@id":"https:\/\/redelitoralrs.com\/index.php\/2024\/02\/17\/ciclone-raro-e-de-trajetoria-atipica-avancara-para-a-costa-do-sul-do-brasil\/#article","isPartOf":{"@id":"https:\/\/redelitoralrs.com\/index.php\/2024\/02\/17\/ciclone-raro-e-de-trajetoria-atipica-avancara-para-a-costa-do-sul-do-brasil\/"},"author":{"name":"Reda\u00e7\u00e3o TV Litoral","@id":"https:\/\/redelitoralrs.com\/#\/schema\/person\/9f8181f2a7359dd3986f05ebaf5bd68a"},"headline":"CICLONE RARO E DE TRAJET\u00d3RIA AT\u00cdPICA AVAN\u00c7AR\u00c1 PARA A COSTA DO SUL DO BRASIL","datePublished":"2024-02-17T11:52:51+00:00","mainEntityOfPage":{"@id":"https:\/\/redelitoralrs.com\/index.php\/2024\/02\/17\/ciclone-raro-e-de-trajetoria-atipica-avancara-para-a-costa-do-sul-do-brasil\/"},"wordCount":349,"commentCount":0,"publisher":{"@id":"https:\/\/redelitoralrs.com\/#organization"},"image":{"@id":"https:\/\/redelitoralrs.com\/index.php\/2024\/02\/17\/ciclone-raro-e-de-trajetoria-atipica-avancara-para-a-costa-do-sul-do-brasil\/#primaryimage"},"thumbnailUrl":"https:\/\/redelitoralrs.com\/wp-content\/uploads\/2024\/02\/ciclone16022024f-1080x607-1.webp","articleSection":["\u00daltimas not\u00edcias"],"inLanguage":"pt-BR","potentialAction":[{"@type":"CommentAction","name":"Comment","target":["https:\/\/redelitoralrs.com\/index.php\/2024\/02\/17\/ciclone-raro-e-de-trajetoria-atipica-avancara-para-a-costa-do-sul-do-brasil\/#respond"]}]},{"@type":"WebPage","@id":"https:\/\/redelitoralrs.com\/index.php\/2024\/02\/17\/ciclone-raro-e-de-trajetoria-atipica-avancara-para-a-costa-do-sul-do-brasil\/","url":"https:\/\/redelitoralrs.com\/index.php\/2024\/02\/17\/ciclone-raro-e-de-trajetoria-atipica-avancara-para-a-costa-do-sul-do-brasil\/","name":"CICLONE RARO E DE TRAJET\u00d3RIA AT\u00cdPICA AVAN\u00c7AR\u00c1 PARA A COSTA DO SUL DO BRASIL - Rede Litoral RS","isPartOf":{"@id":"https:\/\/redelitoralrs.com\/#website"},"primaryImageOfPage":{"@id":"https:\/\/redelitoralrs.com\/index.php\/2024\/02\/17\/ciclone-raro-e-de-trajetoria-atipica-avancara-para-a-costa-do-sul-do-brasil\/#primaryimage"},"image":{"@id":"https:\/\/redelitoralrs.com\/index.php\/2024\/02\/17\/ciclone-raro-e-de-trajetoria-atipica-avancara-para-a-costa-do-sul-do-brasil\/#primaryimage"},"thumbnailUrl":"https:\/\/redelitoralrs.com\/wp-content\/uploads\/2024\/02\/ciclone16022024f-1080x607-1.webp","datePublished":"2024-02-17T11:52:51+00:00","breadcrumb":{"@id":"https:\/\/redelitoralrs.com\/index.php\/2024\/02\/17\/ciclone-raro-e-de-trajetoria-atipica-avancara-para-a-costa-do-sul-do-brasil\/#breadcrumb"},"inLanguage":"pt-BR","potentialAction":[{"@type":"ReadAction","target":["https:\/\/redelitoralrs.com\/index.php\/2024\/02\/17\/ciclone-raro-e-de-trajetoria-atipica-avancara-para-a-costa-do-sul-do-brasil\/"]}]},{"@type":"ImageObject","inLanguage":"pt-BR","@id":"https:\/\/redelitoralrs.com\/index.php\/2024\/02\/17\/ciclone-raro-e-de-trajetoria-atipica-avancara-para-a-costa-do-sul-do-brasil\/#primaryimage","url":"https:\/\/redelitoralrs.com\/wp-content\/uploads\/2024\/02\/ciclone16022024f-1080x607-1.webp","contentUrl":"https:\/\/redelitoralrs.com\/wp-content\/uploads\/2024\/02\/ciclone16022024f-1080x607-1.webp","width":1080,"height":607},{"@type":"BreadcrumbList","@id":"https:\/\/redelitoralrs.com\/index.php\/2024\/02\/17\/ciclone-raro-e-de-trajetoria-atipica-avancara-para-a-costa-do-sul-do-brasil\/#breadcrumb","itemListElement":[{"@type":"ListItem","position":1,"name":"In\u00edcio","item":"https:\/\/redelitoralrs.com\/"},{"@type":"ListItem","position":2,"name":"CICLONE RARO E DE TRAJET\u00d3RIA AT\u00cdPICA AVAN\u00c7AR\u00c1 PARA A COSTA DO SUL DO BRASIL"}]},{"@type":"WebSite","@id":"https:\/\/redelitoralrs.com\/#website","url":"https:\/\/redelitoralrs.com\/","name":"TV Litoral","description":"Acompanhe tudo do litoral ga\u00facho com a cobertura completa e atualizada da Rede Litoral RS. Nossos jornalistas trazem as \u00faltimas not\u00edcias, os acontecimentos mais quentes e as hist\u00f3rias que importam sobre nosso amado litoral.","publisher":{"@id":"https:\/\/redelitoralrs.com\/#organization"},"potentialAction":[{"@type":"SearchAction","target":{"@type":"EntryPoint","urlTemplate":"https:\/\/redelitoralrs.com\/?s={search_term_string}"},"query-input":{"@type":"PropertyValueSpecification","valueRequired":true,"valueName":"search_term_string"}}],"inLanguage":"pt-BR"},{"@type":"Organization","@id":"https:\/\/redelitoralrs.com\/#organization","name":"TV Litoral","url":"https:\/\/redelitoralrs.com\/","logo":{"@type":"ImageObject","inLanguage":"pt-BR","@id":"https:\/\/redelitoralrs.com\/#\/schema\/logo\/image\/","url":"https:\/\/redelitoralrs.com\/wp-content\/uploads\/2024\/01\/faviconicon-1-1.png","contentUrl":"https:\/\/redelitoralrs.com\/wp-content\/uploads\/2024\/01\/faviconicon-1-1.png","width":454,"height":454,"caption":"TV Litoral"},"image":{"@id":"https:\/\/redelitoralrs.com\/#\/schema\/logo\/image\/"},"sameAs":["https:\/\/www.facebook.com\/tvlitoralrsoficial","https:\/\/www.instagram.com\/tvlitoral.rs"]},{"@type":"Person","@id":"https:\/\/redelitoralrs.com\/#\/schema\/person\/9f8181f2a7359dd3986f05ebaf5bd68a","name":"Reda\u00e7\u00e3o TV Litoral","image":{"@type":"ImageObject","inLanguage":"pt-BR","@id":"https:\/\/redelitoralrs.com\/wp-content\/litespeed\/avatar\/779aafbb45e66c7f82733e21abb48259.jpg?ver=1776956734","url":"https:\/\/redelitoralrs.com\/wp-content\/litespeed\/avatar\/779aafbb45e66c7f82733e21abb48259.jpg?ver=1776956734","contentUrl":"https:\/\/redelitoralrs.com\/wp-content\/litespeed\/avatar\/779aafbb45e66c7f82733e21abb48259.jpg?ver=1776956734","caption":"Reda\u00e7\u00e3o TV Litoral"},"description":"A Rede Litoral de Comunica\u00e7\u00e3o \u00e9 um grupo de m\u00eddia multiplataforma do Litoral Norte do RS. Com atua\u00e7\u00e3o em TV, r\u00e1dio, portal e redes sociais, levamos informa\u00e7\u00e3o, conte\u00fado e entretenimento \u00e0 comunidade, fortalecendo a comunica\u00e7\u00e3o local e impulsionando o desenvolvimento regional. Acompanhe atrav\u00e9s de @redelitoralrs.","sameAs":["https:\/\/redelitoralrs.com","https:\/\/www.instagram.com\/redelitoralrs","https:\/\/www.youtube.com\/@redelitoralrs"],"url":"https:\/\/redelitoralrs.com\/index.php\/author\/redacaotvlitoral\/"}]}},"_links":{"self":[{"href":"https:\/\/redelitoralrs.com\/index.php\/wp-json\/wp\/v2\/posts\/688","targetHints":{"allow":["GET"]}}],"collection":[{"href":"https:\/\/redelitoralrs.com\/index.php\/wp-json\/wp\/v2\/posts"}],"about":[{"href":"https:\/\/redelitoralrs.com\/index.php\/wp-json\/wp\/v2\/types\/post"}],"author":[{"embeddable":true,"href":"https:\/\/redelitoralrs.com\/index.php\/wp-json\/wp\/v2\/users\/2"}],"replies":[{"embeddable":true,"href":"https:\/\/redelitoralrs.com\/index.php\/wp-json\/wp\/v2\/comments?post=688"}],"version-history":[{"count":1,"href":"https:\/\/redelitoralrs.com\/index.php\/wp-json\/wp\/v2\/posts\/688\/revisions"}],"predecessor-version":[{"id":690,"href":"https:\/\/redelitoralrs.com\/index.php\/wp-json\/wp\/v2\/posts\/688\/revisions\/690"}],"wp:featuredmedia":[{"embeddable":true,"href":"https:\/\/redelitoralrs.com\/index.php\/wp-json\/wp\/v2\/media\/689"}],"wp:attachment":[{"href":"https:\/\/redelitoralrs.com\/index.php\/wp-json\/wp\/v2\/media?parent=688"}],"wp:term":[{"taxonomy":"category","embeddable":true,"href":"https:\/\/redelitoralrs.com\/index.php\/wp-json\/wp\/v2\/categories?post=688"},{"taxonomy":"post_tag","embeddable":true,"href":"https:\/\/redelitoralrs.com\/index.php\/wp-json\/wp\/v2\/tags?post=688"}],"curies":[{"name":"wp","href":"https:\/\/api.w.org\/{rel}","templated":true}]}}