{"id":6797,"date":"2025-02-19T16:37:46","date_gmt":"2025-02-19T19:37:46","guid":{"rendered":"https:\/\/redelitoralrs.com\/?p=6797"},"modified":"2025-02-19T16:37:46","modified_gmt":"2025-02-19T19:37:46","slug":"assembleia-de-verao-da-famurs-reune-gestores-em-xangri-la-para-discutir-desafios-e-estrategias-de-desenvolvimento","status":"publish","type":"post","link":"https:\/\/redelitoralrs.com\/index.php\/2025\/02\/19\/assembleia-de-verao-da-famurs-reune-gestores-em-xangri-la-para-discutir-desafios-e-estrategias-de-desenvolvimento\/","title":{"rendered":"Assembleia de Ver\u00e3o da Famurs re\u00fane gestores em Xangri-L\u00e1 para discutir desafios e estrat\u00e9gias de desenvolvimento"},"content":{"rendered":"\n<p>A Assembleia de Ver\u00e3o da Famurs (Federa\u00e7\u00e3o das Associa\u00e7\u00f5es de Munic\u00edpios do Rio Grande do Sul) inicia oficialmente nesta quinta-feira, 20 de fevereiro, em Xangri-L\u00e1. O evento, que acontece na Sociedade Amigos do Balne\u00e1rio Atl\u00e2ntida (Saba), re\u00fane gestores municipais de todo o estado, autoridades estaduais e federais, al\u00e9m de diversos parceiros e entidades do setor p\u00fablico.<\/p>\n\n\n\n<p>Com o tema <em>&#8220;Juntos para reconstruir, somando for\u00e7as para superar&#8221;,<\/em> a Assembleia tem como objetivo fortalecer as a\u00e7\u00f5es para superar os desafios enfrentados pelos munic\u00edpios ga\u00fachos e promover o desenvolvimento regional. Durante os dias de encontro, s\u00e3o esperadas discuss\u00f5es sobre solu\u00e7\u00f5es para os desafios da gest\u00e3o p\u00fablica e estrat\u00e9gias de avan\u00e7o nas cidades e regi\u00f5es.<\/p>\n\n\n\n<p>Al\u00e9m das atividades principais, o evento contar\u00e1 com o <em>Encontro das Primeiras-damas e Primeiros-cavalheiros<\/em> e o <em>Encontro Estadual de Secret\u00e1rios e Coordenadores de Turismo do Rio Grande do Sul<\/em>, que acontecer\u00e3o paralelamente, abordando temas como lideran\u00e7a no poder p\u00fablico e o futuro do turismo no estado.<\/p>\n\n\n\n<p>A Assembleia \u00e9 considerada uma oportunidade importante para a troca de experi\u00eancias e o alinhamento de estrat\u00e9gias entre os diferentes n\u00edveis de governo, com \u00eanfase no fortalecimento das pol\u00edticas p\u00fablicas e no desenvolvimento sustent\u00e1vel das cidades ga\u00fachas.<\/p>\n\n\n\n<p>Confira a programa\u00e7\u00e3o clicando <a href=\"https:\/\/www.sympla.com.br\/evento\/assembleia-de-verao-2025\/2796824\">aqui<\/a>.<\/p>\n\n\n\n<p><\/p>\n","protected":false},"excerpt":{"rendered":"<p>A Assembleia de Ver\u00e3o da Famurs (Federa\u00e7\u00e3o das Associa\u00e7\u00f5es de Munic\u00edpios do Rio Grande do Sul) inicia oficialmente nesta quinta-feira, 20 de fevereiro, em Xangri-L\u00e1. O evento, que acontece na Sociedade Amigos do Balne\u00e1rio Atl\u00e2ntida (Saba), re\u00fane gestores municipais de todo o estado, autoridades estaduais e federais, al\u00e9m de diversos parceiros e entidades do setor [&hellip;]<\/p>\n","protected":false},"author":2,"featured_media":6798,"comment_status":"open","ping_status":"open","sticky":false,"template":"","format":"standard","meta":{"_themeisle_gutenberg_block_has_review":false,"footnotes":""},"categories":[15,34],"tags":[],"class_list":["post-6797","post","type-post","status-publish","format-standard","has-post-thumbnail","hentry","category-noticias","category-xangri-la"],"yoast_head":"<!-- This site is optimized with the Yoast SEO plugin v27.4 - https:\/\/yoast.com\/product\/yoast-seo-wordpress\/ -->\n<title>Assembleia de Ver\u00e3o re\u00fane gestores para discutir desafios<\/title>\n<meta name=\"robots\" content=\"index, follow, max-snippet:-1, max-image-preview:large, max-video-preview:-1\" \/>\n<link rel=\"canonical\" href=\"https:\/\/redelitoralrs.com\/index.php\/2025\/02\/19\/assembleia-de-verao-da-famurs-reune-gestores-em-xangri-la-para-discutir-desafios-e-estrategias-de-desenvolvimento\/\" \/>\n<meta property=\"og:locale\" content=\"pt_BR\" \/>\n<meta property=\"og:type\" content=\"article\" \/>\n<meta property=\"og:title\" content=\"Assembleia de Ver\u00e3o re\u00fane gestores para discutir desafios\" \/>\n<meta property=\"og:description\" content=\"A Assembleia de Ver\u00e3o da Famurs (Federa\u00e7\u00e3o das Associa\u00e7\u00f5es de Munic\u00edpios do Rio Grande do Sul) inicia oficialmente nesta quinta-feira, 20 de fevereiro, em Xangri-L\u00e1. O evento, que acontece na Sociedade Amigos do Balne\u00e1rio Atl\u00e2ntida (Saba), re\u00fane gestores municipais de todo o estado, autoridades estaduais e federais, al\u00e9m de diversos parceiros e entidades do setor [&hellip;]\" \/>\n<meta property=\"og:url\" content=\"https:\/\/redelitoralrs.com\/index.php\/2025\/02\/19\/assembleia-de-verao-da-famurs-reune-gestores-em-xangri-la-para-discutir-desafios-e-estrategias-de-desenvolvimento\/\" \/>\n<meta property=\"og:site_name\" content=\"Rede Litoral RS\" \/>\n<meta property=\"article:publisher\" content=\"https:\/\/www.facebook.com\/tvlitoralrsoficial\" \/>\n<meta property=\"article:published_time\" content=\"2025-02-19T19:37:46+00:00\" \/>\n<meta property=\"og:image\" content=\"https:\/\/redelitoralrs.com\/wp-content\/uploads\/2025\/02\/sede-social-01-1.jpg\" \/>\n\t<meta property=\"og:image:width\" content=\"1280\" \/>\n\t<meta property=\"og:image:height\" content=\"853\" \/>\n\t<meta property=\"og:image:type\" content=\"image\/jpeg\" \/>\n<meta name=\"author\" content=\"Reda\u00e7\u00e3o TV Litoral\" \/>\n<meta name=\"twitter:card\" content=\"summary_large_image\" \/>\n<meta name=\"twitter:label1\" content=\"Escrito por\" \/>\n\t<meta name=\"twitter:data1\" content=\"Reda\u00e7\u00e3o TV Litoral\" \/>\n\t<meta name=\"twitter:label2\" content=\"Est. tempo de leitura\" \/>\n\t<meta name=\"twitter:data2\" content=\"2 minutos\" \/>\n<script type=\"application\/ld+json\" class=\"yoast-schema-graph\">{\"@context\":\"https:\\\/\\\/schema.org\",\"@graph\":[{\"@type\":\"Article\",\"@id\":\"https:\\\/\\\/redelitoralrs.com\\\/index.php\\\/2025\\\/02\\\/19\\\/assembleia-de-verao-da-famurs-reune-gestores-em-xangri-la-para-discutir-desafios-e-estrategias-de-desenvolvimento\\\/#article\",\"isPartOf\":{\"@id\":\"https:\\\/\\\/redelitoralrs.com\\\/index.php\\\/2025\\\/02\\\/19\\\/assembleia-de-verao-da-famurs-reune-gestores-em-xangri-la-para-discutir-desafios-e-estrategias-de-desenvolvimento\\\/\"},\"author\":{\"name\":\"Reda\u00e7\u00e3o TV Litoral\",\"@id\":\"https:\\\/\\\/redelitoralrs.com\\\/#\\\/schema\\\/person\\\/9f8181f2a7359dd3986f05ebaf5bd68a\"},\"headline\":\"Assembleia de Ver\u00e3o da Famurs re\u00fane gestores em Xangri-L\u00e1 para discutir desafios e estrat\u00e9gias de desenvolvimento\",\"datePublished\":\"2025-02-19T19:37:46+00:00\",\"mainEntityOfPage\":{\"@id\":\"https:\\\/\\\/redelitoralrs.com\\\/index.php\\\/2025\\\/02\\\/19\\\/assembleia-de-verao-da-famurs-reune-gestores-em-xangri-la-para-discutir-desafios-e-estrategias-de-desenvolvimento\\\/\"},\"wordCount\":250,\"commentCount\":0,\"publisher\":{\"@id\":\"https:\\\/\\\/redelitoralrs.com\\\/#organization\"},\"image\":{\"@id\":\"https:\\\/\\\/redelitoralrs.com\\\/index.php\\\/2025\\\/02\\\/19\\\/assembleia-de-verao-da-famurs-reune-gestores-em-xangri-la-para-discutir-desafios-e-estrategias-de-desenvolvimento\\\/#primaryimage\"},\"thumbnailUrl\":\"https:\\\/\\\/redelitoralrs.com\\\/wp-content\\\/uploads\\\/2025\\\/02\\\/sede-social-01-1.jpg\",\"articleSection\":[\"\u00daltimas not\u00edcias\",\"Xangri-L\u00e1\"],\"inLanguage\":\"pt-BR\",\"potentialAction\":[{\"@type\":\"CommentAction\",\"name\":\"Comment\",\"target\":[\"https:\\\/\\\/redelitoralrs.com\\\/index.php\\\/2025\\\/02\\\/19\\\/assembleia-de-verao-da-famurs-reune-gestores-em-xangri-la-para-discutir-desafios-e-estrategias-de-desenvolvimento\\\/#respond\"]}]},{\"@type\":\"WebPage\",\"@id\":\"https:\\\/\\\/redelitoralrs.com\\\/index.php\\\/2025\\\/02\\\/19\\\/assembleia-de-verao-da-famurs-reune-gestores-em-xangri-la-para-discutir-desafios-e-estrategias-de-desenvolvimento\\\/\",\"url\":\"https:\\\/\\\/redelitoralrs.com\\\/index.php\\\/2025\\\/02\\\/19\\\/assembleia-de-verao-da-famurs-reune-gestores-em-xangri-la-para-discutir-desafios-e-estrategias-de-desenvolvimento\\\/\",\"name\":\"Assembleia de Ver\u00e3o re\u00fane gestores para discutir desafios\",\"isPartOf\":{\"@id\":\"https:\\\/\\\/redelitoralrs.com\\\/#website\"},\"primaryImageOfPage\":{\"@id\":\"https:\\\/\\\/redelitoralrs.com\\\/index.php\\\/2025\\\/02\\\/19\\\/assembleia-de-verao-da-famurs-reune-gestores-em-xangri-la-para-discutir-desafios-e-estrategias-de-desenvolvimento\\\/#primaryimage\"},\"image\":{\"@id\":\"https:\\\/\\\/redelitoralrs.com\\\/index.php\\\/2025\\\/02\\\/19\\\/assembleia-de-verao-da-famurs-reune-gestores-em-xangri-la-para-discutir-desafios-e-estrategias-de-desenvolvimento\\\/#primaryimage\"},\"thumbnailUrl\":\"https:\\\/\\\/redelitoralrs.com\\\/wp-content\\\/uploads\\\/2025\\\/02\\\/sede-social-01-1.jpg\",\"datePublished\":\"2025-02-19T19:37:46+00:00\",\"breadcrumb\":{\"@id\":\"https:\\\/\\\/redelitoralrs.com\\\/index.php\\\/2025\\\/02\\\/19\\\/assembleia-de-verao-da-famurs-reune-gestores-em-xangri-la-para-discutir-desafios-e-estrategias-de-desenvolvimento\\\/#breadcrumb\"},\"inLanguage\":\"pt-BR\",\"potentialAction\":[{\"@type\":\"ReadAction\",\"target\":[\"https:\\\/\\\/redelitoralrs.com\\\/index.php\\\/2025\\\/02\\\/19\\\/assembleia-de-verao-da-famurs-reune-gestores-em-xangri-la-para-discutir-desafios-e-estrategias-de-desenvolvimento\\\/\"]}]},{\"@type\":\"ImageObject\",\"inLanguage\":\"pt-BR\",\"@id\":\"https:\\\/\\\/redelitoralrs.com\\\/index.php\\\/2025\\\/02\\\/19\\\/assembleia-de-verao-da-famurs-reune-gestores-em-xangri-la-para-discutir-desafios-e-estrategias-de-desenvolvimento\\\/#primaryimage\",\"url\":\"https:\\\/\\\/redelitoralrs.com\\\/wp-content\\\/uploads\\\/2025\\\/02\\\/sede-social-01-1.jpg\",\"contentUrl\":\"https:\\\/\\\/redelitoralrs.com\\\/wp-content\\\/uploads\\\/2025\\\/02\\\/sede-social-01-1.jpg\",\"width\":1280,\"height\":853,\"caption\":\"Foto: Divulga\u00e7\u00e3o Site SABA\"},{\"@type\":\"BreadcrumbList\",\"@id\":\"https:\\\/\\\/redelitoralrs.com\\\/index.php\\\/2025\\\/02\\\/19\\\/assembleia-de-verao-da-famurs-reune-gestores-em-xangri-la-para-discutir-desafios-e-estrategias-de-desenvolvimento\\\/#breadcrumb\",\"itemListElement\":[{\"@type\":\"ListItem\",\"position\":1,\"name\":\"In\u00edcio\",\"item\":\"https:\\\/\\\/redelitoralrs.com\\\/\"},{\"@type\":\"ListItem\",\"position\":2,\"name\":\"Assembleia de Ver\u00e3o da Famurs re\u00fane gestores em Xangri-L\u00e1 para discutir desafios e estrat\u00e9gias de desenvolvimento\"}]},{\"@type\":\"WebSite\",\"@id\":\"https:\\\/\\\/redelitoralrs.com\\\/#website\",\"url\":\"https:\\\/\\\/redelitoralrs.com\\\/\",\"name\":\"TV Litoral\",\"description\":\"Acompanhe tudo do litoral ga\u00facho com a cobertura completa e atualizada da Rede Litoral RS. Nossos jornalistas trazem as \u00faltimas not\u00edcias, os acontecimentos mais quentes e as hist\u00f3rias que importam sobre nosso amado litoral.\",\"publisher\":{\"@id\":\"https:\\\/\\\/redelitoralrs.com\\\/#organization\"},\"potentialAction\":[{\"@type\":\"SearchAction\",\"target\":{\"@type\":\"EntryPoint\",\"urlTemplate\":\"https:\\\/\\\/redelitoralrs.com\\\/?s={search_term_string}\"},\"query-input\":{\"@type\":\"PropertyValueSpecification\",\"valueRequired\":true,\"valueName\":\"search_term_string\"}}],\"inLanguage\":\"pt-BR\"},{\"@type\":\"Organization\",\"@id\":\"https:\\\/\\\/redelitoralrs.com\\\/#organization\",\"name\":\"TV Litoral\",\"url\":\"https:\\\/\\\/redelitoralrs.com\\\/\",\"logo\":{\"@type\":\"ImageObject\",\"inLanguage\":\"pt-BR\",\"@id\":\"https:\\\/\\\/redelitoralrs.com\\\/#\\\/schema\\\/logo\\\/image\\\/\",\"url\":\"https:\\\/\\\/redelitoralrs.com\\\/wp-content\\\/uploads\\\/2024\\\/01\\\/faviconicon-1-1.png\",\"contentUrl\":\"https:\\\/\\\/redelitoralrs.com\\\/wp-content\\\/uploads\\\/2024\\\/01\\\/faviconicon-1-1.png\",\"width\":454,\"height\":454,\"caption\":\"TV Litoral\"},\"image\":{\"@id\":\"https:\\\/\\\/redelitoralrs.com\\\/#\\\/schema\\\/logo\\\/image\\\/\"},\"sameAs\":[\"https:\\\/\\\/www.facebook.com\\\/tvlitoralrsoficial\",\"https:\\\/\\\/www.instagram.com\\\/tvlitoral.rs\"]},{\"@type\":\"Person\",\"@id\":\"https:\\\/\\\/redelitoralrs.com\\\/#\\\/schema\\\/person\\\/9f8181f2a7359dd3986f05ebaf5bd68a\",\"name\":\"Reda\u00e7\u00e3o TV Litoral\",\"image\":{\"@type\":\"ImageObject\",\"inLanguage\":\"pt-BR\",\"@id\":\"https:\\\/\\\/redelitoralrs.com\\\/wp-content\\\/litespeed\\\/avatar\\\/779aafbb45e66c7f82733e21abb48259.jpg?ver=1776956734\",\"url\":\"https:\\\/\\\/redelitoralrs.com\\\/wp-content\\\/litespeed\\\/avatar\\\/779aafbb45e66c7f82733e21abb48259.jpg?ver=1776956734\",\"contentUrl\":\"https:\\\/\\\/redelitoralrs.com\\\/wp-content\\\/litespeed\\\/avatar\\\/779aafbb45e66c7f82733e21abb48259.jpg?ver=1776956734\",\"caption\":\"Reda\u00e7\u00e3o TV Litoral\"},\"description\":\"A Rede Litoral de Comunica\u00e7\u00e3o \u00e9 um grupo de m\u00eddia multiplataforma do Litoral Norte do RS. Com atua\u00e7\u00e3o em TV, r\u00e1dio, portal e redes sociais, levamos informa\u00e7\u00e3o, conte\u00fado e entretenimento \u00e0 comunidade, fortalecendo a comunica\u00e7\u00e3o local e impulsionando o desenvolvimento regional. Acompanhe atrav\u00e9s de @redelitoralrs.\",\"sameAs\":[\"https:\\\/\\\/redelitoralrs.com\",\"https:\\\/\\\/www.instagram.com\\\/redelitoralrs\",\"https:\\\/\\\/www.youtube.com\\\/@redelitoralrs\"],\"url\":\"https:\\\/\\\/redelitoralrs.com\\\/index.php\\\/author\\\/redacaotvlitoral\\\/\"}]}<\/script>\n<!-- \/ Yoast SEO plugin. -->","yoast_head_json":{"title":"Assembleia de Ver\u00e3o re\u00fane gestores para discutir desafios","robots":{"index":"index","follow":"follow","max-snippet":"max-snippet:-1","max-image-preview":"max-image-preview:large","max-video-preview":"max-video-preview:-1"},"canonical":"https:\/\/redelitoralrs.com\/index.php\/2025\/02\/19\/assembleia-de-verao-da-famurs-reune-gestores-em-xangri-la-para-discutir-desafios-e-estrategias-de-desenvolvimento\/","og_locale":"pt_BR","og_type":"article","og_title":"Assembleia de Ver\u00e3o re\u00fane gestores para discutir desafios","og_description":"A Assembleia de Ver\u00e3o da Famurs (Federa\u00e7\u00e3o das Associa\u00e7\u00f5es de Munic\u00edpios do Rio Grande do Sul) inicia oficialmente nesta quinta-feira, 20 de fevereiro, em Xangri-L\u00e1. O evento, que acontece na Sociedade Amigos do Balne\u00e1rio Atl\u00e2ntida (Saba), re\u00fane gestores municipais de todo o estado, autoridades estaduais e federais, al\u00e9m de diversos parceiros e entidades do setor [&hellip;]","og_url":"https:\/\/redelitoralrs.com\/index.php\/2025\/02\/19\/assembleia-de-verao-da-famurs-reune-gestores-em-xangri-la-para-discutir-desafios-e-estrategias-de-desenvolvimento\/","og_site_name":"Rede Litoral RS","article_publisher":"https:\/\/www.facebook.com\/tvlitoralrsoficial","article_published_time":"2025-02-19T19:37:46+00:00","og_image":[{"width":1280,"height":853,"url":"https:\/\/redelitoralrs.com\/wp-content\/uploads\/2025\/02\/sede-social-01-1.jpg","type":"image\/jpeg"}],"author":"Reda\u00e7\u00e3o TV Litoral","twitter_card":"summary_large_image","twitter_misc":{"Escrito por":"Reda\u00e7\u00e3o TV Litoral","Est. tempo de leitura":"2 minutos"},"schema":{"@context":"https:\/\/schema.org","@graph":[{"@type":"Article","@id":"https:\/\/redelitoralrs.com\/index.php\/2025\/02\/19\/assembleia-de-verao-da-famurs-reune-gestores-em-xangri-la-para-discutir-desafios-e-estrategias-de-desenvolvimento\/#article","isPartOf":{"@id":"https:\/\/redelitoralrs.com\/index.php\/2025\/02\/19\/assembleia-de-verao-da-famurs-reune-gestores-em-xangri-la-para-discutir-desafios-e-estrategias-de-desenvolvimento\/"},"author":{"name":"Reda\u00e7\u00e3o TV Litoral","@id":"https:\/\/redelitoralrs.com\/#\/schema\/person\/9f8181f2a7359dd3986f05ebaf5bd68a"},"headline":"Assembleia de Ver\u00e3o da Famurs re\u00fane gestores em Xangri-L\u00e1 para discutir desafios e estrat\u00e9gias de desenvolvimento","datePublished":"2025-02-19T19:37:46+00:00","mainEntityOfPage":{"@id":"https:\/\/redelitoralrs.com\/index.php\/2025\/02\/19\/assembleia-de-verao-da-famurs-reune-gestores-em-xangri-la-para-discutir-desafios-e-estrategias-de-desenvolvimento\/"},"wordCount":250,"commentCount":0,"publisher":{"@id":"https:\/\/redelitoralrs.com\/#organization"},"image":{"@id":"https:\/\/redelitoralrs.com\/index.php\/2025\/02\/19\/assembleia-de-verao-da-famurs-reune-gestores-em-xangri-la-para-discutir-desafios-e-estrategias-de-desenvolvimento\/#primaryimage"},"thumbnailUrl":"https:\/\/redelitoralrs.com\/wp-content\/uploads\/2025\/02\/sede-social-01-1.jpg","articleSection":["\u00daltimas not\u00edcias","Xangri-L\u00e1"],"inLanguage":"pt-BR","potentialAction":[{"@type":"CommentAction","name":"Comment","target":["https:\/\/redelitoralrs.com\/index.php\/2025\/02\/19\/assembleia-de-verao-da-famurs-reune-gestores-em-xangri-la-para-discutir-desafios-e-estrategias-de-desenvolvimento\/#respond"]}]},{"@type":"WebPage","@id":"https:\/\/redelitoralrs.com\/index.php\/2025\/02\/19\/assembleia-de-verao-da-famurs-reune-gestores-em-xangri-la-para-discutir-desafios-e-estrategias-de-desenvolvimento\/","url":"https:\/\/redelitoralrs.com\/index.php\/2025\/02\/19\/assembleia-de-verao-da-famurs-reune-gestores-em-xangri-la-para-discutir-desafios-e-estrategias-de-desenvolvimento\/","name":"Assembleia de Ver\u00e3o re\u00fane gestores para discutir desafios","isPartOf":{"@id":"https:\/\/redelitoralrs.com\/#website"},"primaryImageOfPage":{"@id":"https:\/\/redelitoralrs.com\/index.php\/2025\/02\/19\/assembleia-de-verao-da-famurs-reune-gestores-em-xangri-la-para-discutir-desafios-e-estrategias-de-desenvolvimento\/#primaryimage"},"image":{"@id":"https:\/\/redelitoralrs.com\/index.php\/2025\/02\/19\/assembleia-de-verao-da-famurs-reune-gestores-em-xangri-la-para-discutir-desafios-e-estrategias-de-desenvolvimento\/#primaryimage"},"thumbnailUrl":"https:\/\/redelitoralrs.com\/wp-content\/uploads\/2025\/02\/sede-social-01-1.jpg","datePublished":"2025-02-19T19:37:46+00:00","breadcrumb":{"@id":"https:\/\/redelitoralrs.com\/index.php\/2025\/02\/19\/assembleia-de-verao-da-famurs-reune-gestores-em-xangri-la-para-discutir-desafios-e-estrategias-de-desenvolvimento\/#breadcrumb"},"inLanguage":"pt-BR","potentialAction":[{"@type":"ReadAction","target":["https:\/\/redelitoralrs.com\/index.php\/2025\/02\/19\/assembleia-de-verao-da-famurs-reune-gestores-em-xangri-la-para-discutir-desafios-e-estrategias-de-desenvolvimento\/"]}]},{"@type":"ImageObject","inLanguage":"pt-BR","@id":"https:\/\/redelitoralrs.com\/index.php\/2025\/02\/19\/assembleia-de-verao-da-famurs-reune-gestores-em-xangri-la-para-discutir-desafios-e-estrategias-de-desenvolvimento\/#primaryimage","url":"https:\/\/redelitoralrs.com\/wp-content\/uploads\/2025\/02\/sede-social-01-1.jpg","contentUrl":"https:\/\/redelitoralrs.com\/wp-content\/uploads\/2025\/02\/sede-social-01-1.jpg","width":1280,"height":853,"caption":"Foto: Divulga\u00e7\u00e3o Site SABA"},{"@type":"BreadcrumbList","@id":"https:\/\/redelitoralrs.com\/index.php\/2025\/02\/19\/assembleia-de-verao-da-famurs-reune-gestores-em-xangri-la-para-discutir-desafios-e-estrategias-de-desenvolvimento\/#breadcrumb","itemListElement":[{"@type":"ListItem","position":1,"name":"In\u00edcio","item":"https:\/\/redelitoralrs.com\/"},{"@type":"ListItem","position":2,"name":"Assembleia de Ver\u00e3o da Famurs re\u00fane gestores em Xangri-L\u00e1 para discutir desafios e estrat\u00e9gias de desenvolvimento"}]},{"@type":"WebSite","@id":"https:\/\/redelitoralrs.com\/#website","url":"https:\/\/redelitoralrs.com\/","name":"TV Litoral","description":"Acompanhe tudo do litoral ga\u00facho com a cobertura completa e atualizada da Rede Litoral RS. Nossos jornalistas trazem as \u00faltimas not\u00edcias, os acontecimentos mais quentes e as hist\u00f3rias que importam sobre nosso amado litoral.","publisher":{"@id":"https:\/\/redelitoralrs.com\/#organization"},"potentialAction":[{"@type":"SearchAction","target":{"@type":"EntryPoint","urlTemplate":"https:\/\/redelitoralrs.com\/?s={search_term_string}"},"query-input":{"@type":"PropertyValueSpecification","valueRequired":true,"valueName":"search_term_string"}}],"inLanguage":"pt-BR"},{"@type":"Organization","@id":"https:\/\/redelitoralrs.com\/#organization","name":"TV Litoral","url":"https:\/\/redelitoralrs.com\/","logo":{"@type":"ImageObject","inLanguage":"pt-BR","@id":"https:\/\/redelitoralrs.com\/#\/schema\/logo\/image\/","url":"https:\/\/redelitoralrs.com\/wp-content\/uploads\/2024\/01\/faviconicon-1-1.png","contentUrl":"https:\/\/redelitoralrs.com\/wp-content\/uploads\/2024\/01\/faviconicon-1-1.png","width":454,"height":454,"caption":"TV Litoral"},"image":{"@id":"https:\/\/redelitoralrs.com\/#\/schema\/logo\/image\/"},"sameAs":["https:\/\/www.facebook.com\/tvlitoralrsoficial","https:\/\/www.instagram.com\/tvlitoral.rs"]},{"@type":"Person","@id":"https:\/\/redelitoralrs.com\/#\/schema\/person\/9f8181f2a7359dd3986f05ebaf5bd68a","name":"Reda\u00e7\u00e3o TV Litoral","image":{"@type":"ImageObject","inLanguage":"pt-BR","@id":"https:\/\/redelitoralrs.com\/wp-content\/litespeed\/avatar\/779aafbb45e66c7f82733e21abb48259.jpg?ver=1776956734","url":"https:\/\/redelitoralrs.com\/wp-content\/litespeed\/avatar\/779aafbb45e66c7f82733e21abb48259.jpg?ver=1776956734","contentUrl":"https:\/\/redelitoralrs.com\/wp-content\/litespeed\/avatar\/779aafbb45e66c7f82733e21abb48259.jpg?ver=1776956734","caption":"Reda\u00e7\u00e3o TV Litoral"},"description":"A Rede Litoral de Comunica\u00e7\u00e3o \u00e9 um grupo de m\u00eddia multiplataforma do Litoral Norte do RS. Com atua\u00e7\u00e3o em TV, r\u00e1dio, portal e redes sociais, levamos informa\u00e7\u00e3o, conte\u00fado e entretenimento \u00e0 comunidade, fortalecendo a comunica\u00e7\u00e3o local e impulsionando o desenvolvimento regional. Acompanhe atrav\u00e9s de @redelitoralrs.","sameAs":["https:\/\/redelitoralrs.com","https:\/\/www.instagram.com\/redelitoralrs","https:\/\/www.youtube.com\/@redelitoralrs"],"url":"https:\/\/redelitoralrs.com\/index.php\/author\/redacaotvlitoral\/"}]}},"_links":{"self":[{"href":"https:\/\/redelitoralrs.com\/index.php\/wp-json\/wp\/v2\/posts\/6797","targetHints":{"allow":["GET"]}}],"collection":[{"href":"https:\/\/redelitoralrs.com\/index.php\/wp-json\/wp\/v2\/posts"}],"about":[{"href":"https:\/\/redelitoralrs.com\/index.php\/wp-json\/wp\/v2\/types\/post"}],"author":[{"embeddable":true,"href":"https:\/\/redelitoralrs.com\/index.php\/wp-json\/wp\/v2\/users\/2"}],"replies":[{"embeddable":true,"href":"https:\/\/redelitoralrs.com\/index.php\/wp-json\/wp\/v2\/comments?post=6797"}],"version-history":[{"count":2,"href":"https:\/\/redelitoralrs.com\/index.php\/wp-json\/wp\/v2\/posts\/6797\/revisions"}],"predecessor-version":[{"id":6800,"href":"https:\/\/redelitoralrs.com\/index.php\/wp-json\/wp\/v2\/posts\/6797\/revisions\/6800"}],"wp:featuredmedia":[{"embeddable":true,"href":"https:\/\/redelitoralrs.com\/index.php\/wp-json\/wp\/v2\/media\/6798"}],"wp:attachment":[{"href":"https:\/\/redelitoralrs.com\/index.php\/wp-json\/wp\/v2\/media?parent=6797"}],"wp:term":[{"taxonomy":"category","embeddable":true,"href":"https:\/\/redelitoralrs.com\/index.php\/wp-json\/wp\/v2\/categories?post=6797"},{"taxonomy":"post_tag","embeddable":true,"href":"https:\/\/redelitoralrs.com\/index.php\/wp-json\/wp\/v2\/tags?post=6797"}],"curies":[{"name":"wp","href":"https:\/\/api.w.org\/{rel}","templated":true}]}}