{"id":6764,"date":"2025-02-19T14:44:26","date_gmt":"2025-02-19T17:44:26","guid":{"rendered":"https:\/\/redelitoralrs.com\/?p=6764"},"modified":"2025-02-19T14:46:52","modified_gmt":"2025-02-19T17:46:52","slug":"mercado-imobiliario-do-litoral-norte-bate-recorde-de-vendas-em-2024","status":"publish","type":"post","link":"https:\/\/redelitoralrs.com\/index.php\/2025\/02\/19\/mercado-imobiliario-do-litoral-norte-bate-recorde-de-vendas-em-2024\/","title":{"rendered":"Mercado imobili\u00e1rio do Litoral Norte bate recorde de vendas em 2024"},"content":{"rendered":"\n<p>O mercado imobili\u00e1rio do Litoral Norte do Rio Grande do Sul registrou um marco hist\u00f3rico em 2024, atingindo R$ 6 bilh\u00f5es em vendas de im\u00f3veis. O montante representa um crescimento de 20% em rela\u00e7\u00e3o ao ano anterior, de acordo com dados do Sindicato da Ind\u00fastria da Constru\u00e7\u00e3o Civil do Rio Grande do Sul (Sinduscon-RS), com base na arrecada\u00e7\u00e3o do Imposto sobre Transmiss\u00e3o de Bens de Im\u00f3veis (ITBI) nos munic\u00edpios da regi\u00e3o.<\/p>\n\n\n\n<p><em>Entre os destinos que mais movimentaram o setor, Cap\u00e3o da Canoa lidera com R$ 1,7 bilh\u00e3o em transa\u00e7\u00f5es, seguida por Xangri-L\u00e1, que somou R$ 1,6 bilh\u00e3o. Torres aparece na terceira posi\u00e7\u00e3o com R$ 1 bilh\u00e3o, enquanto Tramanda\u00ed e Imb\u00e9 registraram, respectivamente, R$ 580 milh\u00f5es e R$ 420 milh\u00f5es em vendas de propriedades.<\/em><\/p>\n\n\n\n<p>O aquecimento do mercado imobili\u00e1rio na regi\u00e3o se deve a diversos fatores, incluindo novos empreendimentos imobili\u00e1rios, a movimenta\u00e7\u00e3o do Porto de Arroio do Sal, investimentos no Aeroporto de Torres e melhorias na infraestrutura da sa\u00fade. Essas condi\u00e7\u00f5es impulsionam a atratividade da regi\u00e3o tanto para investidores quanto para novos moradores.<\/p>\n\n\n\n<p>Com esses indicadores positivos, as proje\u00e7\u00f5es para os pr\u00f3ximos meses s\u00e3o ainda mais otimistas. O setor prev\u00ea um crescimento de 25% impulsionado pela continuidade dos investimentos e pela valoriza\u00e7\u00e3o crescente do Litoral Norte como destino para moradia e turismo.<\/p>\n\n\n\n<p>A regi\u00e3o j\u00e1 se consolida como o segundo maior polo da constru\u00e7\u00e3o civil no estado, ficando atr\u00e1s apenas da Regi\u00e3o Metropolitana de Porto Alegre. O cen\u00e1rio aponta para um ciclo cont\u00ednuo de expans\u00e3o, gerando mais empregos, aquecendo a economia local e refor\u00e7ando o potencial do Litoral Norte como um dos principais destinos para investimentos no setor imobili\u00e1rio no Rio Grande do Sul.<\/p>\n\n\n\n<p><\/p>\n","protected":false},"excerpt":{"rendered":"<p>O mercado imobili\u00e1rio do Litoral Norte do Rio Grande do Sul registrou um marco hist\u00f3rico em 2024, atingindo R$ 6 bilh\u00f5es em vendas de im\u00f3veis. O montante representa um crescimento de 20% em rela\u00e7\u00e3o ao ano anterior, de acordo com dados do Sindicato da Ind\u00fastria da Constru\u00e7\u00e3o Civil do Rio Grande do Sul (Sinduscon-RS), com [&hellip;]<\/p>\n","protected":false},"author":2,"featured_media":6765,"comment_status":"open","ping_status":"open","sticky":false,"template":"","format":"standard","meta":{"_themeisle_gutenberg_block_has_review":false,"footnotes":""},"categories":[20,15],"tags":[],"class_list":["post-6764","post","type-post","status-publish","format-standard","has-post-thumbnail","hentry","category-litoral_norte","category-noticias"],"yoast_head":"<!-- This site is optimized with the Yoast SEO plugin v27.4 - https:\/\/yoast.com\/product\/yoast-seo-wordpress\/ -->\n<title>Mercado imobili\u00e1rio do Litoral Norte bate recorde de vendas<\/title>\n<meta name=\"robots\" content=\"index, follow, max-snippet:-1, max-image-preview:large, max-video-preview:-1\" \/>\n<link rel=\"canonical\" href=\"https:\/\/redelitoralrs.com\/index.php\/2025\/02\/19\/mercado-imobiliario-do-litoral-norte-bate-recorde-de-vendas-em-2024\/\" \/>\n<meta property=\"og:locale\" content=\"pt_BR\" \/>\n<meta property=\"og:type\" content=\"article\" \/>\n<meta property=\"og:title\" content=\"Mercado imobili\u00e1rio do Litoral Norte bate recorde de vendas\" \/>\n<meta property=\"og:description\" content=\"O mercado imobili\u00e1rio do Litoral Norte do Rio Grande do Sul registrou um marco hist\u00f3rico em 2024, atingindo R$ 6 bilh\u00f5es em vendas de im\u00f3veis. O montante representa um crescimento de 20% em rela\u00e7\u00e3o ao ano anterior, de acordo com dados do Sindicato da Ind\u00fastria da Constru\u00e7\u00e3o Civil do Rio Grande do Sul (Sinduscon-RS), com [&hellip;]\" \/>\n<meta property=\"og:url\" content=\"https:\/\/redelitoralrs.com\/index.php\/2025\/02\/19\/mercado-imobiliario-do-litoral-norte-bate-recorde-de-vendas-em-2024\/\" \/>\n<meta property=\"og:site_name\" content=\"Rede Litoral RS\" \/>\n<meta property=\"article:publisher\" content=\"https:\/\/www.facebook.com\/tvlitoralrsoficial\" \/>\n<meta property=\"article:published_time\" content=\"2025-02-19T17:44:26+00:00\" \/>\n<meta property=\"article:modified_time\" content=\"2025-02-19T17:46:52+00:00\" \/>\n<meta property=\"og:image\" content=\"https:\/\/redelitoralrs.com\/wp-content\/uploads\/2025\/02\/5d094b4fafaf6capo-da-canoa.jpg\" \/>\n\t<meta property=\"og:image:width\" content=\"1000\" \/>\n\t<meta property=\"og:image:height\" content=\"518\" \/>\n\t<meta property=\"og:image:type\" content=\"image\/jpeg\" \/>\n<meta name=\"author\" content=\"Reda\u00e7\u00e3o TV Litoral\" \/>\n<meta name=\"twitter:card\" content=\"summary_large_image\" \/>\n<meta name=\"twitter:label1\" content=\"Escrito por\" \/>\n\t<meta name=\"twitter:data1\" content=\"Reda\u00e7\u00e3o TV Litoral\" \/>\n\t<meta name=\"twitter:label2\" content=\"Est. tempo de leitura\" \/>\n\t<meta name=\"twitter:data2\" content=\"2 minutos\" \/>\n<script type=\"application\/ld+json\" class=\"yoast-schema-graph\">{\"@context\":\"https:\\\/\\\/schema.org\",\"@graph\":[{\"@type\":\"Article\",\"@id\":\"https:\\\/\\\/redelitoralrs.com\\\/index.php\\\/2025\\\/02\\\/19\\\/mercado-imobiliario-do-litoral-norte-bate-recorde-de-vendas-em-2024\\\/#article\",\"isPartOf\":{\"@id\":\"https:\\\/\\\/redelitoralrs.com\\\/index.php\\\/2025\\\/02\\\/19\\\/mercado-imobiliario-do-litoral-norte-bate-recorde-de-vendas-em-2024\\\/\"},\"author\":{\"name\":\"Reda\u00e7\u00e3o TV Litoral\",\"@id\":\"https:\\\/\\\/redelitoralrs.com\\\/#\\\/schema\\\/person\\\/9f8181f2a7359dd3986f05ebaf5bd68a\"},\"headline\":\"Mercado imobili\u00e1rio do Litoral Norte bate recorde de vendas em 2024\",\"datePublished\":\"2025-02-19T17:44:26+00:00\",\"dateModified\":\"2025-02-19T17:46:52+00:00\",\"mainEntityOfPage\":{\"@id\":\"https:\\\/\\\/redelitoralrs.com\\\/index.php\\\/2025\\\/02\\\/19\\\/mercado-imobiliario-do-litoral-norte-bate-recorde-de-vendas-em-2024\\\/\"},\"wordCount\":315,\"commentCount\":0,\"publisher\":{\"@id\":\"https:\\\/\\\/redelitoralrs.com\\\/#organization\"},\"image\":{\"@id\":\"https:\\\/\\\/redelitoralrs.com\\\/index.php\\\/2025\\\/02\\\/19\\\/mercado-imobiliario-do-litoral-norte-bate-recorde-de-vendas-em-2024\\\/#primaryimage\"},\"thumbnailUrl\":\"https:\\\/\\\/redelitoralrs.com\\\/wp-content\\\/uploads\\\/2025\\\/02\\\/5d094b4fafaf6capo-da-canoa.jpg\",\"articleSection\":[\"Litoral Norte\",\"\u00daltimas not\u00edcias\"],\"inLanguage\":\"pt-BR\",\"potentialAction\":[{\"@type\":\"CommentAction\",\"name\":\"Comment\",\"target\":[\"https:\\\/\\\/redelitoralrs.com\\\/index.php\\\/2025\\\/02\\\/19\\\/mercado-imobiliario-do-litoral-norte-bate-recorde-de-vendas-em-2024\\\/#respond\"]}]},{\"@type\":\"WebPage\",\"@id\":\"https:\\\/\\\/redelitoralrs.com\\\/index.php\\\/2025\\\/02\\\/19\\\/mercado-imobiliario-do-litoral-norte-bate-recorde-de-vendas-em-2024\\\/\",\"url\":\"https:\\\/\\\/redelitoralrs.com\\\/index.php\\\/2025\\\/02\\\/19\\\/mercado-imobiliario-do-litoral-norte-bate-recorde-de-vendas-em-2024\\\/\",\"name\":\"Mercado imobili\u00e1rio do Litoral Norte bate recorde de vendas\",\"isPartOf\":{\"@id\":\"https:\\\/\\\/redelitoralrs.com\\\/#website\"},\"primaryImageOfPage\":{\"@id\":\"https:\\\/\\\/redelitoralrs.com\\\/index.php\\\/2025\\\/02\\\/19\\\/mercado-imobiliario-do-litoral-norte-bate-recorde-de-vendas-em-2024\\\/#primaryimage\"},\"image\":{\"@id\":\"https:\\\/\\\/redelitoralrs.com\\\/index.php\\\/2025\\\/02\\\/19\\\/mercado-imobiliario-do-litoral-norte-bate-recorde-de-vendas-em-2024\\\/#primaryimage\"},\"thumbnailUrl\":\"https:\\\/\\\/redelitoralrs.com\\\/wp-content\\\/uploads\\\/2025\\\/02\\\/5d094b4fafaf6capo-da-canoa.jpg\",\"datePublished\":\"2025-02-19T17:44:26+00:00\",\"dateModified\":\"2025-02-19T17:46:52+00:00\",\"breadcrumb\":{\"@id\":\"https:\\\/\\\/redelitoralrs.com\\\/index.php\\\/2025\\\/02\\\/19\\\/mercado-imobiliario-do-litoral-norte-bate-recorde-de-vendas-em-2024\\\/#breadcrumb\"},\"inLanguage\":\"pt-BR\",\"potentialAction\":[{\"@type\":\"ReadAction\",\"target\":[\"https:\\\/\\\/redelitoralrs.com\\\/index.php\\\/2025\\\/02\\\/19\\\/mercado-imobiliario-do-litoral-norte-bate-recorde-de-vendas-em-2024\\\/\"]}]},{\"@type\":\"ImageObject\",\"inLanguage\":\"pt-BR\",\"@id\":\"https:\\\/\\\/redelitoralrs.com\\\/index.php\\\/2025\\\/02\\\/19\\\/mercado-imobiliario-do-litoral-norte-bate-recorde-de-vendas-em-2024\\\/#primaryimage\",\"url\":\"https:\\\/\\\/redelitoralrs.com\\\/wp-content\\\/uploads\\\/2025\\\/02\\\/5d094b4fafaf6capo-da-canoa.jpg\",\"contentUrl\":\"https:\\\/\\\/redelitoralrs.com\\\/wp-content\\\/uploads\\\/2025\\\/02\\\/5d094b4fafaf6capo-da-canoa.jpg\",\"width\":1000,\"height\":518,\"caption\":\"Foto: Arquivo PMCC\"},{\"@type\":\"BreadcrumbList\",\"@id\":\"https:\\\/\\\/redelitoralrs.com\\\/index.php\\\/2025\\\/02\\\/19\\\/mercado-imobiliario-do-litoral-norte-bate-recorde-de-vendas-em-2024\\\/#breadcrumb\",\"itemListElement\":[{\"@type\":\"ListItem\",\"position\":1,\"name\":\"In\u00edcio\",\"item\":\"https:\\\/\\\/redelitoralrs.com\\\/\"},{\"@type\":\"ListItem\",\"position\":2,\"name\":\"Mercado imobili\u00e1rio do Litoral Norte bate recorde de vendas em 2024\"}]},{\"@type\":\"WebSite\",\"@id\":\"https:\\\/\\\/redelitoralrs.com\\\/#website\",\"url\":\"https:\\\/\\\/redelitoralrs.com\\\/\",\"name\":\"TV Litoral\",\"description\":\"Acompanhe tudo do litoral ga\u00facho com a cobertura completa e atualizada da Rede Litoral RS. Nossos jornalistas trazem as \u00faltimas not\u00edcias, os acontecimentos mais quentes e as hist\u00f3rias que importam sobre nosso amado litoral.\",\"publisher\":{\"@id\":\"https:\\\/\\\/redelitoralrs.com\\\/#organization\"},\"potentialAction\":[{\"@type\":\"SearchAction\",\"target\":{\"@type\":\"EntryPoint\",\"urlTemplate\":\"https:\\\/\\\/redelitoralrs.com\\\/?s={search_term_string}\"},\"query-input\":{\"@type\":\"PropertyValueSpecification\",\"valueRequired\":true,\"valueName\":\"search_term_string\"}}],\"inLanguage\":\"pt-BR\"},{\"@type\":\"Organization\",\"@id\":\"https:\\\/\\\/redelitoralrs.com\\\/#organization\",\"name\":\"TV Litoral\",\"url\":\"https:\\\/\\\/redelitoralrs.com\\\/\",\"logo\":{\"@type\":\"ImageObject\",\"inLanguage\":\"pt-BR\",\"@id\":\"https:\\\/\\\/redelitoralrs.com\\\/#\\\/schema\\\/logo\\\/image\\\/\",\"url\":\"https:\\\/\\\/redelitoralrs.com\\\/wp-content\\\/uploads\\\/2024\\\/01\\\/faviconicon-1-1.png\",\"contentUrl\":\"https:\\\/\\\/redelitoralrs.com\\\/wp-content\\\/uploads\\\/2024\\\/01\\\/faviconicon-1-1.png\",\"width\":454,\"height\":454,\"caption\":\"TV Litoral\"},\"image\":{\"@id\":\"https:\\\/\\\/redelitoralrs.com\\\/#\\\/schema\\\/logo\\\/image\\\/\"},\"sameAs\":[\"https:\\\/\\\/www.facebook.com\\\/tvlitoralrsoficial\",\"https:\\\/\\\/www.instagram.com\\\/tvlitoral.rs\"]},{\"@type\":\"Person\",\"@id\":\"https:\\\/\\\/redelitoralrs.com\\\/#\\\/schema\\\/person\\\/9f8181f2a7359dd3986f05ebaf5bd68a\",\"name\":\"Reda\u00e7\u00e3o TV Litoral\",\"image\":{\"@type\":\"ImageObject\",\"inLanguage\":\"pt-BR\",\"@id\":\"https:\\\/\\\/redelitoralrs.com\\\/wp-content\\\/litespeed\\\/avatar\\\/779aafbb45e66c7f82733e21abb48259.jpg?ver=1777561602\",\"url\":\"https:\\\/\\\/redelitoralrs.com\\\/wp-content\\\/litespeed\\\/avatar\\\/779aafbb45e66c7f82733e21abb48259.jpg?ver=1777561602\",\"contentUrl\":\"https:\\\/\\\/redelitoralrs.com\\\/wp-content\\\/litespeed\\\/avatar\\\/779aafbb45e66c7f82733e21abb48259.jpg?ver=1777561602\",\"caption\":\"Reda\u00e7\u00e3o TV Litoral\"},\"description\":\"A Rede Litoral de Comunica\u00e7\u00e3o \u00e9 um grupo de m\u00eddia multiplataforma do Litoral Norte do RS. Com atua\u00e7\u00e3o em TV, r\u00e1dio, portal e redes sociais, levamos informa\u00e7\u00e3o, conte\u00fado e entretenimento \u00e0 comunidade, fortalecendo a comunica\u00e7\u00e3o local e impulsionando o desenvolvimento regional. Acompanhe atrav\u00e9s de @redelitoralrs.\",\"sameAs\":[\"https:\\\/\\\/redelitoralrs.com\",\"https:\\\/\\\/www.instagram.com\\\/redelitoralrs\",\"https:\\\/\\\/www.youtube.com\\\/@redelitoralrs\"],\"url\":\"https:\\\/\\\/redelitoralrs.com\\\/index.php\\\/author\\\/redacaotvlitoral\\\/\"}]}<\/script>\n<!-- \/ Yoast SEO plugin. -->","yoast_head_json":{"title":"Mercado imobili\u00e1rio do Litoral Norte bate recorde de vendas","robots":{"index":"index","follow":"follow","max-snippet":"max-snippet:-1","max-image-preview":"max-image-preview:large","max-video-preview":"max-video-preview:-1"},"canonical":"https:\/\/redelitoralrs.com\/index.php\/2025\/02\/19\/mercado-imobiliario-do-litoral-norte-bate-recorde-de-vendas-em-2024\/","og_locale":"pt_BR","og_type":"article","og_title":"Mercado imobili\u00e1rio do Litoral Norte bate recorde de vendas","og_description":"O mercado imobili\u00e1rio do Litoral Norte do Rio Grande do Sul registrou um marco hist\u00f3rico em 2024, atingindo R$ 6 bilh\u00f5es em vendas de im\u00f3veis. O montante representa um crescimento de 20% em rela\u00e7\u00e3o ao ano anterior, de acordo com dados do Sindicato da Ind\u00fastria da Constru\u00e7\u00e3o Civil do Rio Grande do Sul (Sinduscon-RS), com [&hellip;]","og_url":"https:\/\/redelitoralrs.com\/index.php\/2025\/02\/19\/mercado-imobiliario-do-litoral-norte-bate-recorde-de-vendas-em-2024\/","og_site_name":"Rede Litoral RS","article_publisher":"https:\/\/www.facebook.com\/tvlitoralrsoficial","article_published_time":"2025-02-19T17:44:26+00:00","article_modified_time":"2025-02-19T17:46:52+00:00","og_image":[{"width":1000,"height":518,"url":"https:\/\/redelitoralrs.com\/wp-content\/uploads\/2025\/02\/5d094b4fafaf6capo-da-canoa.jpg","type":"image\/jpeg"}],"author":"Reda\u00e7\u00e3o TV Litoral","twitter_card":"summary_large_image","twitter_misc":{"Escrito por":"Reda\u00e7\u00e3o TV Litoral","Est. tempo de leitura":"2 minutos"},"schema":{"@context":"https:\/\/schema.org","@graph":[{"@type":"Article","@id":"https:\/\/redelitoralrs.com\/index.php\/2025\/02\/19\/mercado-imobiliario-do-litoral-norte-bate-recorde-de-vendas-em-2024\/#article","isPartOf":{"@id":"https:\/\/redelitoralrs.com\/index.php\/2025\/02\/19\/mercado-imobiliario-do-litoral-norte-bate-recorde-de-vendas-em-2024\/"},"author":{"name":"Reda\u00e7\u00e3o TV Litoral","@id":"https:\/\/redelitoralrs.com\/#\/schema\/person\/9f8181f2a7359dd3986f05ebaf5bd68a"},"headline":"Mercado imobili\u00e1rio do Litoral Norte bate recorde de vendas em 2024","datePublished":"2025-02-19T17:44:26+00:00","dateModified":"2025-02-19T17:46:52+00:00","mainEntityOfPage":{"@id":"https:\/\/redelitoralrs.com\/index.php\/2025\/02\/19\/mercado-imobiliario-do-litoral-norte-bate-recorde-de-vendas-em-2024\/"},"wordCount":315,"commentCount":0,"publisher":{"@id":"https:\/\/redelitoralrs.com\/#organization"},"image":{"@id":"https:\/\/redelitoralrs.com\/index.php\/2025\/02\/19\/mercado-imobiliario-do-litoral-norte-bate-recorde-de-vendas-em-2024\/#primaryimage"},"thumbnailUrl":"https:\/\/redelitoralrs.com\/wp-content\/uploads\/2025\/02\/5d094b4fafaf6capo-da-canoa.jpg","articleSection":["Litoral Norte","\u00daltimas not\u00edcias"],"inLanguage":"pt-BR","potentialAction":[{"@type":"CommentAction","name":"Comment","target":["https:\/\/redelitoralrs.com\/index.php\/2025\/02\/19\/mercado-imobiliario-do-litoral-norte-bate-recorde-de-vendas-em-2024\/#respond"]}]},{"@type":"WebPage","@id":"https:\/\/redelitoralrs.com\/index.php\/2025\/02\/19\/mercado-imobiliario-do-litoral-norte-bate-recorde-de-vendas-em-2024\/","url":"https:\/\/redelitoralrs.com\/index.php\/2025\/02\/19\/mercado-imobiliario-do-litoral-norte-bate-recorde-de-vendas-em-2024\/","name":"Mercado imobili\u00e1rio do Litoral Norte bate recorde de vendas","isPartOf":{"@id":"https:\/\/redelitoralrs.com\/#website"},"primaryImageOfPage":{"@id":"https:\/\/redelitoralrs.com\/index.php\/2025\/02\/19\/mercado-imobiliario-do-litoral-norte-bate-recorde-de-vendas-em-2024\/#primaryimage"},"image":{"@id":"https:\/\/redelitoralrs.com\/index.php\/2025\/02\/19\/mercado-imobiliario-do-litoral-norte-bate-recorde-de-vendas-em-2024\/#primaryimage"},"thumbnailUrl":"https:\/\/redelitoralrs.com\/wp-content\/uploads\/2025\/02\/5d094b4fafaf6capo-da-canoa.jpg","datePublished":"2025-02-19T17:44:26+00:00","dateModified":"2025-02-19T17:46:52+00:00","breadcrumb":{"@id":"https:\/\/redelitoralrs.com\/index.php\/2025\/02\/19\/mercado-imobiliario-do-litoral-norte-bate-recorde-de-vendas-em-2024\/#breadcrumb"},"inLanguage":"pt-BR","potentialAction":[{"@type":"ReadAction","target":["https:\/\/redelitoralrs.com\/index.php\/2025\/02\/19\/mercado-imobiliario-do-litoral-norte-bate-recorde-de-vendas-em-2024\/"]}]},{"@type":"ImageObject","inLanguage":"pt-BR","@id":"https:\/\/redelitoralrs.com\/index.php\/2025\/02\/19\/mercado-imobiliario-do-litoral-norte-bate-recorde-de-vendas-em-2024\/#primaryimage","url":"https:\/\/redelitoralrs.com\/wp-content\/uploads\/2025\/02\/5d094b4fafaf6capo-da-canoa.jpg","contentUrl":"https:\/\/redelitoralrs.com\/wp-content\/uploads\/2025\/02\/5d094b4fafaf6capo-da-canoa.jpg","width":1000,"height":518,"caption":"Foto: Arquivo PMCC"},{"@type":"BreadcrumbList","@id":"https:\/\/redelitoralrs.com\/index.php\/2025\/02\/19\/mercado-imobiliario-do-litoral-norte-bate-recorde-de-vendas-em-2024\/#breadcrumb","itemListElement":[{"@type":"ListItem","position":1,"name":"In\u00edcio","item":"https:\/\/redelitoralrs.com\/"},{"@type":"ListItem","position":2,"name":"Mercado imobili\u00e1rio do Litoral Norte bate recorde de vendas em 2024"}]},{"@type":"WebSite","@id":"https:\/\/redelitoralrs.com\/#website","url":"https:\/\/redelitoralrs.com\/","name":"TV Litoral","description":"Acompanhe tudo do litoral ga\u00facho com a cobertura completa e atualizada da Rede Litoral RS. Nossos jornalistas trazem as \u00faltimas not\u00edcias, os acontecimentos mais quentes e as hist\u00f3rias que importam sobre nosso amado litoral.","publisher":{"@id":"https:\/\/redelitoralrs.com\/#organization"},"potentialAction":[{"@type":"SearchAction","target":{"@type":"EntryPoint","urlTemplate":"https:\/\/redelitoralrs.com\/?s={search_term_string}"},"query-input":{"@type":"PropertyValueSpecification","valueRequired":true,"valueName":"search_term_string"}}],"inLanguage":"pt-BR"},{"@type":"Organization","@id":"https:\/\/redelitoralrs.com\/#organization","name":"TV Litoral","url":"https:\/\/redelitoralrs.com\/","logo":{"@type":"ImageObject","inLanguage":"pt-BR","@id":"https:\/\/redelitoralrs.com\/#\/schema\/logo\/image\/","url":"https:\/\/redelitoralrs.com\/wp-content\/uploads\/2024\/01\/faviconicon-1-1.png","contentUrl":"https:\/\/redelitoralrs.com\/wp-content\/uploads\/2024\/01\/faviconicon-1-1.png","width":454,"height":454,"caption":"TV Litoral"},"image":{"@id":"https:\/\/redelitoralrs.com\/#\/schema\/logo\/image\/"},"sameAs":["https:\/\/www.facebook.com\/tvlitoralrsoficial","https:\/\/www.instagram.com\/tvlitoral.rs"]},{"@type":"Person","@id":"https:\/\/redelitoralrs.com\/#\/schema\/person\/9f8181f2a7359dd3986f05ebaf5bd68a","name":"Reda\u00e7\u00e3o TV Litoral","image":{"@type":"ImageObject","inLanguage":"pt-BR","@id":"https:\/\/redelitoralrs.com\/wp-content\/litespeed\/avatar\/779aafbb45e66c7f82733e21abb48259.jpg?ver=1777561602","url":"https:\/\/redelitoralrs.com\/wp-content\/litespeed\/avatar\/779aafbb45e66c7f82733e21abb48259.jpg?ver=1777561602","contentUrl":"https:\/\/redelitoralrs.com\/wp-content\/litespeed\/avatar\/779aafbb45e66c7f82733e21abb48259.jpg?ver=1777561602","caption":"Reda\u00e7\u00e3o TV Litoral"},"description":"A Rede Litoral de Comunica\u00e7\u00e3o \u00e9 um grupo de m\u00eddia multiplataforma do Litoral Norte do RS. Com atua\u00e7\u00e3o em TV, r\u00e1dio, portal e redes sociais, levamos informa\u00e7\u00e3o, conte\u00fado e entretenimento \u00e0 comunidade, fortalecendo a comunica\u00e7\u00e3o local e impulsionando o desenvolvimento regional. Acompanhe atrav\u00e9s de @redelitoralrs.","sameAs":["https:\/\/redelitoralrs.com","https:\/\/www.instagram.com\/redelitoralrs","https:\/\/www.youtube.com\/@redelitoralrs"],"url":"https:\/\/redelitoralrs.com\/index.php\/author\/redacaotvlitoral\/"}]}},"_links":{"self":[{"href":"https:\/\/redelitoralrs.com\/index.php\/wp-json\/wp\/v2\/posts\/6764","targetHints":{"allow":["GET"]}}],"collection":[{"href":"https:\/\/redelitoralrs.com\/index.php\/wp-json\/wp\/v2\/posts"}],"about":[{"href":"https:\/\/redelitoralrs.com\/index.php\/wp-json\/wp\/v2\/types\/post"}],"author":[{"embeddable":true,"href":"https:\/\/redelitoralrs.com\/index.php\/wp-json\/wp\/v2\/users\/2"}],"replies":[{"embeddable":true,"href":"https:\/\/redelitoralrs.com\/index.php\/wp-json\/wp\/v2\/comments?post=6764"}],"version-history":[{"count":2,"href":"https:\/\/redelitoralrs.com\/index.php\/wp-json\/wp\/v2\/posts\/6764\/revisions"}],"predecessor-version":[{"id":6768,"href":"https:\/\/redelitoralrs.com\/index.php\/wp-json\/wp\/v2\/posts\/6764\/revisions\/6768"}],"wp:featuredmedia":[{"embeddable":true,"href":"https:\/\/redelitoralrs.com\/index.php\/wp-json\/wp\/v2\/media\/6765"}],"wp:attachment":[{"href":"https:\/\/redelitoralrs.com\/index.php\/wp-json\/wp\/v2\/media?parent=6764"}],"wp:term":[{"taxonomy":"category","embeddable":true,"href":"https:\/\/redelitoralrs.com\/index.php\/wp-json\/wp\/v2\/categories?post=6764"},{"taxonomy":"post_tag","embeddable":true,"href":"https:\/\/redelitoralrs.com\/index.php\/wp-json\/wp\/v2\/tags?post=6764"}],"curies":[{"name":"wp","href":"https:\/\/api.w.org\/{rel}","templated":true}]}}