{"id":6702,"date":"2025-02-18T18:21:03","date_gmt":"2025-02-18T21:21:03","guid":{"rendered":"https:\/\/redelitoralrs.com\/?p=6702"},"modified":"2025-02-18T18:21:04","modified_gmt":"2025-02-18T21:21:04","slug":"ceee-equatorial-promove-mutirao-de-servicos-e-sorteia-geladeiras-em-capao-da-canoa","status":"publish","type":"post","link":"https:\/\/redelitoralrs.com\/index.php\/2025\/02\/18\/ceee-equatorial-promove-mutirao-de-servicos-e-sorteia-geladeiras-em-capao-da-canoa\/","title":{"rendered":"CEEE Equatorial promove mutir\u00e3o de servi\u00e7os e sorteia geladeiras em Cap\u00e3o da Canoa"},"content":{"rendered":"\n<p>Cap\u00e3o da Canoa recebe, entre os dias 17 e 21 de fevereiro, a Caravana Equatorial, um mutir\u00e3o de servi\u00e7os promovido pela CEEE Equatorial para consumidores da regi\u00e3o. A iniciativa ocorre ap\u00f3s um processo de regulariza\u00e7\u00e3o do fornecimento de energia el\u00e9trica que beneficiou 380 clientes locais, garantindo seguran\u00e7a no abastecimento e acesso a servi\u00e7os essenciais.<\/p>\n\n\n\n<p>A a\u00e7\u00e3o oferece diversas atividades, incluindo a troca de l\u00e2mpadas fluorescentes e incandescentes por modelos de LED, atualiza\u00e7\u00e3o cadastral, orienta\u00e7\u00e3o sobre faturas e a possibilidade de inscri\u00e7\u00e3o na Tarifa Social, um programa que concede descontos na conta de energia para fam\u00edlias de baixa renda. O evento ocorre no Gin\u00e1sio Cap\u00e3o Novo \u2013 Orni Ferreira Trespach, localizado na Rua das Andorinhas, 1.640.<\/p>\n\n\n\n<p>Um dos destaques da iniciativa \u00e9 o sorteio de 50 geladeiras novas, previsto para quinta-feira (20), \u00e0s 14h. Os consumidores interessados devem estar cadastrados na Tarifa Social, manter as contas de energia em dia e possuir um refrigerador antigo para troca. A entrega dos novos eletrodom\u00e9sticos est\u00e1 programada para sexta-feira (21), a partir das 9h, no mesmo local.<\/p>\n\n\n\n<p>A Caravana Equatorial busca proporcionar mais qualidade de vida aos moradores de Cap\u00e3o da Canoa, unindo responsabilidade social e efici\u00eancia energ\u00e9tica. Al\u00e9m de incentivar o consumo consciente, a iniciativa tamb\u00e9m fortalece a seguran\u00e7a el\u00e9trica e amplia o acesso da popula\u00e7\u00e3o a programas sociais.<\/p>\n\n\n\n<p><strong>Servi\u00e7o | Caravana Equatorial em Cap\u00e3o da Canoa<\/strong><\/p>\n\n\n\n<ul class=\"wp-block-list\">\n<li><strong>O qu\u00ea:<\/strong>\u00a0troca de l\u00e2mpadas, sorteio de geladeiras, cadastro na Tarifa Social, atualiza\u00e7\u00e3o cadastral e esclarecimentos sobre faturas.<\/li>\n\n\n\n<li><strong>Local:<\/strong>\u00a0Gin\u00e1sio Cap\u00e3o Novo \u2013 Orni Ferreira Trespach (Rua das Andorinhas, 1.640)<\/li>\n\n\n\n<li><strong>Hor\u00e1rios:<\/strong>\n<ul class=\"wp-block-list\">\n<li>18\/02 e 19\/02: das 9h \u00e0s 12h e das 13h \u00e0s 17h<\/li>\n\n\n\n<li>20\/02: das 9h \u00e0s 12h. Sorteio de geladeiras \u00e0s 14h<\/li>\n\n\n\n<li>21\/02: entrega das geladeiras a partir das 9h<\/li>\n<\/ul>\n<\/li>\n<\/ul>\n","protected":false},"excerpt":{"rendered":"<p>Cap\u00e3o da Canoa recebe, entre os dias 17 e 21 de fevereiro, a Caravana Equatorial, um mutir\u00e3o de servi\u00e7os promovido pela CEEE Equatorial para consumidores da regi\u00e3o. A iniciativa ocorre ap\u00f3s um processo de regulariza\u00e7\u00e3o do fornecimento de energia el\u00e9trica que beneficiou 380 clientes locais, garantindo seguran\u00e7a no abastecimento e acesso a servi\u00e7os essenciais. A [&hellip;]<\/p>\n","protected":false},"author":2,"featured_media":6703,"comment_status":"open","ping_status":"open","sticky":false,"template":"","format":"standard","meta":{"_themeisle_gutenberg_block_has_review":false,"footnotes":""},"categories":[24,15],"tags":[],"class_list":["post-6702","post","type-post","status-publish","format-standard","has-post-thumbnail","hentry","category-capao-da-canoa","category-noticias"],"yoast_head":"<!-- This site is optimized with the Yoast SEO plugin v27.4 - https:\/\/yoast.com\/product\/yoast-seo-wordpress\/ -->\n<title>CEEE Equatorial promove mutir\u00e3o e sorteio em Cap\u00e3o da Canoa<\/title>\n<meta name=\"robots\" content=\"index, follow, max-snippet:-1, max-image-preview:large, max-video-preview:-1\" \/>\n<link rel=\"canonical\" href=\"https:\/\/redelitoralrs.com\/index.php\/2025\/02\/18\/ceee-equatorial-promove-mutirao-de-servicos-e-sorteia-geladeiras-em-capao-da-canoa\/\" \/>\n<meta property=\"og:locale\" content=\"pt_BR\" \/>\n<meta property=\"og:type\" content=\"article\" \/>\n<meta property=\"og:title\" content=\"CEEE Equatorial promove mutir\u00e3o e sorteio em Cap\u00e3o da Canoa\" \/>\n<meta property=\"og:description\" content=\"Cap\u00e3o da Canoa recebe, entre os dias 17 e 21 de fevereiro, a Caravana Equatorial, um mutir\u00e3o de servi\u00e7os promovido pela CEEE Equatorial para consumidores da regi\u00e3o. A iniciativa ocorre ap\u00f3s um processo de regulariza\u00e7\u00e3o do fornecimento de energia el\u00e9trica que beneficiou 380 clientes locais, garantindo seguran\u00e7a no abastecimento e acesso a servi\u00e7os essenciais. A [&hellip;]\" \/>\n<meta property=\"og:url\" content=\"https:\/\/redelitoralrs.com\/index.php\/2025\/02\/18\/ceee-equatorial-promove-mutirao-de-servicos-e-sorteia-geladeiras-em-capao-da-canoa\/\" \/>\n<meta property=\"og:site_name\" content=\"Rede Litoral RS\" \/>\n<meta property=\"article:publisher\" content=\"https:\/\/www.facebook.com\/tvlitoralrsoficial\" \/>\n<meta property=\"article:published_time\" content=\"2025-02-18T21:21:03+00:00\" \/>\n<meta property=\"article:modified_time\" content=\"2025-02-18T21:21:04+00:00\" \/>\n<meta property=\"og:image\" content=\"https:\/\/redelitoralrs.com\/wp-content\/uploads\/2025\/02\/Ceee_180225.jpg.webp\" \/>\n\t<meta property=\"og:image:width\" content=\"1600\" \/>\n\t<meta property=\"og:image:height\" content=\"900\" \/>\n\t<meta property=\"og:image:type\" content=\"image\/webp\" \/>\n<meta name=\"author\" content=\"Reda\u00e7\u00e3o TV Litoral\" \/>\n<meta name=\"twitter:card\" content=\"summary_large_image\" \/>\n<meta name=\"twitter:label1\" content=\"Escrito por\" \/>\n\t<meta name=\"twitter:data1\" content=\"Reda\u00e7\u00e3o TV Litoral\" \/>\n\t<meta name=\"twitter:label2\" content=\"Est. tempo de leitura\" \/>\n\t<meta name=\"twitter:data2\" content=\"2 minutos\" \/>\n<script type=\"application\/ld+json\" class=\"yoast-schema-graph\">{\"@context\":\"https:\\\/\\\/schema.org\",\"@graph\":[{\"@type\":\"Article\",\"@id\":\"https:\\\/\\\/redelitoralrs.com\\\/index.php\\\/2025\\\/02\\\/18\\\/ceee-equatorial-promove-mutirao-de-servicos-e-sorteia-geladeiras-em-capao-da-canoa\\\/#article\",\"isPartOf\":{\"@id\":\"https:\\\/\\\/redelitoralrs.com\\\/index.php\\\/2025\\\/02\\\/18\\\/ceee-equatorial-promove-mutirao-de-servicos-e-sorteia-geladeiras-em-capao-da-canoa\\\/\"},\"author\":{\"name\":\"Reda\u00e7\u00e3o TV Litoral\",\"@id\":\"https:\\\/\\\/redelitoralrs.com\\\/#\\\/schema\\\/person\\\/9f8181f2a7359dd3986f05ebaf5bd68a\"},\"headline\":\"CEEE Equatorial promove mutir\u00e3o de servi\u00e7os e sorteia geladeiras em Cap\u00e3o da Canoa\",\"datePublished\":\"2025-02-18T21:21:03+00:00\",\"dateModified\":\"2025-02-18T21:21:04+00:00\",\"mainEntityOfPage\":{\"@id\":\"https:\\\/\\\/redelitoralrs.com\\\/index.php\\\/2025\\\/02\\\/18\\\/ceee-equatorial-promove-mutirao-de-servicos-e-sorteia-geladeiras-em-capao-da-canoa\\\/\"},\"wordCount\":318,\"commentCount\":0,\"publisher\":{\"@id\":\"https:\\\/\\\/redelitoralrs.com\\\/#organization\"},\"image\":{\"@id\":\"https:\\\/\\\/redelitoralrs.com\\\/index.php\\\/2025\\\/02\\\/18\\\/ceee-equatorial-promove-mutirao-de-servicos-e-sorteia-geladeiras-em-capao-da-canoa\\\/#primaryimage\"},\"thumbnailUrl\":\"https:\\\/\\\/redelitoralrs.com\\\/wp-content\\\/uploads\\\/2025\\\/02\\\/Ceee_180225.jpg.webp\",\"articleSection\":[\"Cap\u00e3o da Canoa\",\"\u00daltimas not\u00edcias\"],\"inLanguage\":\"pt-BR\",\"potentialAction\":[{\"@type\":\"CommentAction\",\"name\":\"Comment\",\"target\":[\"https:\\\/\\\/redelitoralrs.com\\\/index.php\\\/2025\\\/02\\\/18\\\/ceee-equatorial-promove-mutirao-de-servicos-e-sorteia-geladeiras-em-capao-da-canoa\\\/#respond\"]}]},{\"@type\":\"WebPage\",\"@id\":\"https:\\\/\\\/redelitoralrs.com\\\/index.php\\\/2025\\\/02\\\/18\\\/ceee-equatorial-promove-mutirao-de-servicos-e-sorteia-geladeiras-em-capao-da-canoa\\\/\",\"url\":\"https:\\\/\\\/redelitoralrs.com\\\/index.php\\\/2025\\\/02\\\/18\\\/ceee-equatorial-promove-mutirao-de-servicos-e-sorteia-geladeiras-em-capao-da-canoa\\\/\",\"name\":\"CEEE Equatorial promove mutir\u00e3o e sorteio em Cap\u00e3o da Canoa\",\"isPartOf\":{\"@id\":\"https:\\\/\\\/redelitoralrs.com\\\/#website\"},\"primaryImageOfPage\":{\"@id\":\"https:\\\/\\\/redelitoralrs.com\\\/index.php\\\/2025\\\/02\\\/18\\\/ceee-equatorial-promove-mutirao-de-servicos-e-sorteia-geladeiras-em-capao-da-canoa\\\/#primaryimage\"},\"image\":{\"@id\":\"https:\\\/\\\/redelitoralrs.com\\\/index.php\\\/2025\\\/02\\\/18\\\/ceee-equatorial-promove-mutirao-de-servicos-e-sorteia-geladeiras-em-capao-da-canoa\\\/#primaryimage\"},\"thumbnailUrl\":\"https:\\\/\\\/redelitoralrs.com\\\/wp-content\\\/uploads\\\/2025\\\/02\\\/Ceee_180225.jpg.webp\",\"datePublished\":\"2025-02-18T21:21:03+00:00\",\"dateModified\":\"2025-02-18T21:21:04+00:00\",\"breadcrumb\":{\"@id\":\"https:\\\/\\\/redelitoralrs.com\\\/index.php\\\/2025\\\/02\\\/18\\\/ceee-equatorial-promove-mutirao-de-servicos-e-sorteia-geladeiras-em-capao-da-canoa\\\/#breadcrumb\"},\"inLanguage\":\"pt-BR\",\"potentialAction\":[{\"@type\":\"ReadAction\",\"target\":[\"https:\\\/\\\/redelitoralrs.com\\\/index.php\\\/2025\\\/02\\\/18\\\/ceee-equatorial-promove-mutirao-de-servicos-e-sorteia-geladeiras-em-capao-da-canoa\\\/\"]}]},{\"@type\":\"ImageObject\",\"inLanguage\":\"pt-BR\",\"@id\":\"https:\\\/\\\/redelitoralrs.com\\\/index.php\\\/2025\\\/02\\\/18\\\/ceee-equatorial-promove-mutirao-de-servicos-e-sorteia-geladeiras-em-capao-da-canoa\\\/#primaryimage\",\"url\":\"https:\\\/\\\/redelitoralrs.com\\\/wp-content\\\/uploads\\\/2025\\\/02\\\/Ceee_180225.jpg.webp\",\"contentUrl\":\"https:\\\/\\\/redelitoralrs.com\\\/wp-content\\\/uploads\\\/2025\\\/02\\\/Ceee_180225.jpg.webp\",\"width\":1600,\"height\":900,\"caption\":\"Foto: CEEE Equatorial\"},{\"@type\":\"BreadcrumbList\",\"@id\":\"https:\\\/\\\/redelitoralrs.com\\\/index.php\\\/2025\\\/02\\\/18\\\/ceee-equatorial-promove-mutirao-de-servicos-e-sorteia-geladeiras-em-capao-da-canoa\\\/#breadcrumb\",\"itemListElement\":[{\"@type\":\"ListItem\",\"position\":1,\"name\":\"In\u00edcio\",\"item\":\"https:\\\/\\\/redelitoralrs.com\\\/\"},{\"@type\":\"ListItem\",\"position\":2,\"name\":\"CEEE Equatorial promove mutir\u00e3o de servi\u00e7os e sorteia geladeiras em Cap\u00e3o da Canoa\"}]},{\"@type\":\"WebSite\",\"@id\":\"https:\\\/\\\/redelitoralrs.com\\\/#website\",\"url\":\"https:\\\/\\\/redelitoralrs.com\\\/\",\"name\":\"TV Litoral\",\"description\":\"Acompanhe tudo do litoral ga\u00facho com a cobertura completa e atualizada da Rede Litoral RS. Nossos jornalistas trazem as \u00faltimas not\u00edcias, os acontecimentos mais quentes e as hist\u00f3rias que importam sobre nosso amado litoral.\",\"publisher\":{\"@id\":\"https:\\\/\\\/redelitoralrs.com\\\/#organization\"},\"potentialAction\":[{\"@type\":\"SearchAction\",\"target\":{\"@type\":\"EntryPoint\",\"urlTemplate\":\"https:\\\/\\\/redelitoralrs.com\\\/?s={search_term_string}\"},\"query-input\":{\"@type\":\"PropertyValueSpecification\",\"valueRequired\":true,\"valueName\":\"search_term_string\"}}],\"inLanguage\":\"pt-BR\"},{\"@type\":\"Organization\",\"@id\":\"https:\\\/\\\/redelitoralrs.com\\\/#organization\",\"name\":\"TV Litoral\",\"url\":\"https:\\\/\\\/redelitoralrs.com\\\/\",\"logo\":{\"@type\":\"ImageObject\",\"inLanguage\":\"pt-BR\",\"@id\":\"https:\\\/\\\/redelitoralrs.com\\\/#\\\/schema\\\/logo\\\/image\\\/\",\"url\":\"https:\\\/\\\/redelitoralrs.com\\\/wp-content\\\/uploads\\\/2024\\\/01\\\/faviconicon-1-1.png\",\"contentUrl\":\"https:\\\/\\\/redelitoralrs.com\\\/wp-content\\\/uploads\\\/2024\\\/01\\\/faviconicon-1-1.png\",\"width\":454,\"height\":454,\"caption\":\"TV Litoral\"},\"image\":{\"@id\":\"https:\\\/\\\/redelitoralrs.com\\\/#\\\/schema\\\/logo\\\/image\\\/\"},\"sameAs\":[\"https:\\\/\\\/www.facebook.com\\\/tvlitoralrsoficial\",\"https:\\\/\\\/www.instagram.com\\\/tvlitoral.rs\"]},{\"@type\":\"Person\",\"@id\":\"https:\\\/\\\/redelitoralrs.com\\\/#\\\/schema\\\/person\\\/9f8181f2a7359dd3986f05ebaf5bd68a\",\"name\":\"Reda\u00e7\u00e3o TV Litoral\",\"image\":{\"@type\":\"ImageObject\",\"inLanguage\":\"pt-BR\",\"@id\":\"https:\\\/\\\/redelitoralrs.com\\\/wp-content\\\/litespeed\\\/avatar\\\/779aafbb45e66c7f82733e21abb48259.jpg?ver=1776956734\",\"url\":\"https:\\\/\\\/redelitoralrs.com\\\/wp-content\\\/litespeed\\\/avatar\\\/779aafbb45e66c7f82733e21abb48259.jpg?ver=1776956734\",\"contentUrl\":\"https:\\\/\\\/redelitoralrs.com\\\/wp-content\\\/litespeed\\\/avatar\\\/779aafbb45e66c7f82733e21abb48259.jpg?ver=1776956734\",\"caption\":\"Reda\u00e7\u00e3o TV Litoral\"},\"description\":\"A Rede Litoral de Comunica\u00e7\u00e3o \u00e9 um grupo de m\u00eddia multiplataforma do Litoral Norte do RS. Com atua\u00e7\u00e3o em TV, r\u00e1dio, portal e redes sociais, levamos informa\u00e7\u00e3o, conte\u00fado e entretenimento \u00e0 comunidade, fortalecendo a comunica\u00e7\u00e3o local e impulsionando o desenvolvimento regional. Acompanhe atrav\u00e9s de @redelitoralrs.\",\"sameAs\":[\"https:\\\/\\\/redelitoralrs.com\",\"https:\\\/\\\/www.instagram.com\\\/redelitoralrs\",\"https:\\\/\\\/www.youtube.com\\\/@redelitoralrs\"],\"url\":\"https:\\\/\\\/redelitoralrs.com\\\/index.php\\\/author\\\/redacaotvlitoral\\\/\"}]}<\/script>\n<!-- \/ Yoast SEO plugin. -->","yoast_head_json":{"title":"CEEE Equatorial promove mutir\u00e3o e sorteio em Cap\u00e3o da Canoa","robots":{"index":"index","follow":"follow","max-snippet":"max-snippet:-1","max-image-preview":"max-image-preview:large","max-video-preview":"max-video-preview:-1"},"canonical":"https:\/\/redelitoralrs.com\/index.php\/2025\/02\/18\/ceee-equatorial-promove-mutirao-de-servicos-e-sorteia-geladeiras-em-capao-da-canoa\/","og_locale":"pt_BR","og_type":"article","og_title":"CEEE Equatorial promove mutir\u00e3o e sorteio em Cap\u00e3o da Canoa","og_description":"Cap\u00e3o da Canoa recebe, entre os dias 17 e 21 de fevereiro, a Caravana Equatorial, um mutir\u00e3o de servi\u00e7os promovido pela CEEE Equatorial para consumidores da regi\u00e3o. A iniciativa ocorre ap\u00f3s um processo de regulariza\u00e7\u00e3o do fornecimento de energia el\u00e9trica que beneficiou 380 clientes locais, garantindo seguran\u00e7a no abastecimento e acesso a servi\u00e7os essenciais. A [&hellip;]","og_url":"https:\/\/redelitoralrs.com\/index.php\/2025\/02\/18\/ceee-equatorial-promove-mutirao-de-servicos-e-sorteia-geladeiras-em-capao-da-canoa\/","og_site_name":"Rede Litoral RS","article_publisher":"https:\/\/www.facebook.com\/tvlitoralrsoficial","article_published_time":"2025-02-18T21:21:03+00:00","article_modified_time":"2025-02-18T21:21:04+00:00","og_image":[{"width":1600,"height":900,"url":"https:\/\/redelitoralrs.com\/wp-content\/uploads\/2025\/02\/Ceee_180225.jpg.webp","type":"image\/webp"}],"author":"Reda\u00e7\u00e3o TV Litoral","twitter_card":"summary_large_image","twitter_misc":{"Escrito por":"Reda\u00e7\u00e3o TV Litoral","Est. tempo de leitura":"2 minutos"},"schema":{"@context":"https:\/\/schema.org","@graph":[{"@type":"Article","@id":"https:\/\/redelitoralrs.com\/index.php\/2025\/02\/18\/ceee-equatorial-promove-mutirao-de-servicos-e-sorteia-geladeiras-em-capao-da-canoa\/#article","isPartOf":{"@id":"https:\/\/redelitoralrs.com\/index.php\/2025\/02\/18\/ceee-equatorial-promove-mutirao-de-servicos-e-sorteia-geladeiras-em-capao-da-canoa\/"},"author":{"name":"Reda\u00e7\u00e3o TV Litoral","@id":"https:\/\/redelitoralrs.com\/#\/schema\/person\/9f8181f2a7359dd3986f05ebaf5bd68a"},"headline":"CEEE Equatorial promove mutir\u00e3o de servi\u00e7os e sorteia geladeiras em Cap\u00e3o da Canoa","datePublished":"2025-02-18T21:21:03+00:00","dateModified":"2025-02-18T21:21:04+00:00","mainEntityOfPage":{"@id":"https:\/\/redelitoralrs.com\/index.php\/2025\/02\/18\/ceee-equatorial-promove-mutirao-de-servicos-e-sorteia-geladeiras-em-capao-da-canoa\/"},"wordCount":318,"commentCount":0,"publisher":{"@id":"https:\/\/redelitoralrs.com\/#organization"},"image":{"@id":"https:\/\/redelitoralrs.com\/index.php\/2025\/02\/18\/ceee-equatorial-promove-mutirao-de-servicos-e-sorteia-geladeiras-em-capao-da-canoa\/#primaryimage"},"thumbnailUrl":"https:\/\/redelitoralrs.com\/wp-content\/uploads\/2025\/02\/Ceee_180225.jpg.webp","articleSection":["Cap\u00e3o da Canoa","\u00daltimas not\u00edcias"],"inLanguage":"pt-BR","potentialAction":[{"@type":"CommentAction","name":"Comment","target":["https:\/\/redelitoralrs.com\/index.php\/2025\/02\/18\/ceee-equatorial-promove-mutirao-de-servicos-e-sorteia-geladeiras-em-capao-da-canoa\/#respond"]}]},{"@type":"WebPage","@id":"https:\/\/redelitoralrs.com\/index.php\/2025\/02\/18\/ceee-equatorial-promove-mutirao-de-servicos-e-sorteia-geladeiras-em-capao-da-canoa\/","url":"https:\/\/redelitoralrs.com\/index.php\/2025\/02\/18\/ceee-equatorial-promove-mutirao-de-servicos-e-sorteia-geladeiras-em-capao-da-canoa\/","name":"CEEE Equatorial promove mutir\u00e3o e sorteio em Cap\u00e3o da Canoa","isPartOf":{"@id":"https:\/\/redelitoralrs.com\/#website"},"primaryImageOfPage":{"@id":"https:\/\/redelitoralrs.com\/index.php\/2025\/02\/18\/ceee-equatorial-promove-mutirao-de-servicos-e-sorteia-geladeiras-em-capao-da-canoa\/#primaryimage"},"image":{"@id":"https:\/\/redelitoralrs.com\/index.php\/2025\/02\/18\/ceee-equatorial-promove-mutirao-de-servicos-e-sorteia-geladeiras-em-capao-da-canoa\/#primaryimage"},"thumbnailUrl":"https:\/\/redelitoralrs.com\/wp-content\/uploads\/2025\/02\/Ceee_180225.jpg.webp","datePublished":"2025-02-18T21:21:03+00:00","dateModified":"2025-02-18T21:21:04+00:00","breadcrumb":{"@id":"https:\/\/redelitoralrs.com\/index.php\/2025\/02\/18\/ceee-equatorial-promove-mutirao-de-servicos-e-sorteia-geladeiras-em-capao-da-canoa\/#breadcrumb"},"inLanguage":"pt-BR","potentialAction":[{"@type":"ReadAction","target":["https:\/\/redelitoralrs.com\/index.php\/2025\/02\/18\/ceee-equatorial-promove-mutirao-de-servicos-e-sorteia-geladeiras-em-capao-da-canoa\/"]}]},{"@type":"ImageObject","inLanguage":"pt-BR","@id":"https:\/\/redelitoralrs.com\/index.php\/2025\/02\/18\/ceee-equatorial-promove-mutirao-de-servicos-e-sorteia-geladeiras-em-capao-da-canoa\/#primaryimage","url":"https:\/\/redelitoralrs.com\/wp-content\/uploads\/2025\/02\/Ceee_180225.jpg.webp","contentUrl":"https:\/\/redelitoralrs.com\/wp-content\/uploads\/2025\/02\/Ceee_180225.jpg.webp","width":1600,"height":900,"caption":"Foto: CEEE Equatorial"},{"@type":"BreadcrumbList","@id":"https:\/\/redelitoralrs.com\/index.php\/2025\/02\/18\/ceee-equatorial-promove-mutirao-de-servicos-e-sorteia-geladeiras-em-capao-da-canoa\/#breadcrumb","itemListElement":[{"@type":"ListItem","position":1,"name":"In\u00edcio","item":"https:\/\/redelitoralrs.com\/"},{"@type":"ListItem","position":2,"name":"CEEE Equatorial promove mutir\u00e3o de servi\u00e7os e sorteia geladeiras em Cap\u00e3o da Canoa"}]},{"@type":"WebSite","@id":"https:\/\/redelitoralrs.com\/#website","url":"https:\/\/redelitoralrs.com\/","name":"TV Litoral","description":"Acompanhe tudo do litoral ga\u00facho com a cobertura completa e atualizada da Rede Litoral RS. Nossos jornalistas trazem as \u00faltimas not\u00edcias, os acontecimentos mais quentes e as hist\u00f3rias que importam sobre nosso amado litoral.","publisher":{"@id":"https:\/\/redelitoralrs.com\/#organization"},"potentialAction":[{"@type":"SearchAction","target":{"@type":"EntryPoint","urlTemplate":"https:\/\/redelitoralrs.com\/?s={search_term_string}"},"query-input":{"@type":"PropertyValueSpecification","valueRequired":true,"valueName":"search_term_string"}}],"inLanguage":"pt-BR"},{"@type":"Organization","@id":"https:\/\/redelitoralrs.com\/#organization","name":"TV Litoral","url":"https:\/\/redelitoralrs.com\/","logo":{"@type":"ImageObject","inLanguage":"pt-BR","@id":"https:\/\/redelitoralrs.com\/#\/schema\/logo\/image\/","url":"https:\/\/redelitoralrs.com\/wp-content\/uploads\/2024\/01\/faviconicon-1-1.png","contentUrl":"https:\/\/redelitoralrs.com\/wp-content\/uploads\/2024\/01\/faviconicon-1-1.png","width":454,"height":454,"caption":"TV Litoral"},"image":{"@id":"https:\/\/redelitoralrs.com\/#\/schema\/logo\/image\/"},"sameAs":["https:\/\/www.facebook.com\/tvlitoralrsoficial","https:\/\/www.instagram.com\/tvlitoral.rs"]},{"@type":"Person","@id":"https:\/\/redelitoralrs.com\/#\/schema\/person\/9f8181f2a7359dd3986f05ebaf5bd68a","name":"Reda\u00e7\u00e3o TV Litoral","image":{"@type":"ImageObject","inLanguage":"pt-BR","@id":"https:\/\/redelitoralrs.com\/wp-content\/litespeed\/avatar\/779aafbb45e66c7f82733e21abb48259.jpg?ver=1776956734","url":"https:\/\/redelitoralrs.com\/wp-content\/litespeed\/avatar\/779aafbb45e66c7f82733e21abb48259.jpg?ver=1776956734","contentUrl":"https:\/\/redelitoralrs.com\/wp-content\/litespeed\/avatar\/779aafbb45e66c7f82733e21abb48259.jpg?ver=1776956734","caption":"Reda\u00e7\u00e3o TV Litoral"},"description":"A Rede Litoral de Comunica\u00e7\u00e3o \u00e9 um grupo de m\u00eddia multiplataforma do Litoral Norte do RS. Com atua\u00e7\u00e3o em TV, r\u00e1dio, portal e redes sociais, levamos informa\u00e7\u00e3o, conte\u00fado e entretenimento \u00e0 comunidade, fortalecendo a comunica\u00e7\u00e3o local e impulsionando o desenvolvimento regional. Acompanhe atrav\u00e9s de @redelitoralrs.","sameAs":["https:\/\/redelitoralrs.com","https:\/\/www.instagram.com\/redelitoralrs","https:\/\/www.youtube.com\/@redelitoralrs"],"url":"https:\/\/redelitoralrs.com\/index.php\/author\/redacaotvlitoral\/"}]}},"_links":{"self":[{"href":"https:\/\/redelitoralrs.com\/index.php\/wp-json\/wp\/v2\/posts\/6702","targetHints":{"allow":["GET"]}}],"collection":[{"href":"https:\/\/redelitoralrs.com\/index.php\/wp-json\/wp\/v2\/posts"}],"about":[{"href":"https:\/\/redelitoralrs.com\/index.php\/wp-json\/wp\/v2\/types\/post"}],"author":[{"embeddable":true,"href":"https:\/\/redelitoralrs.com\/index.php\/wp-json\/wp\/v2\/users\/2"}],"replies":[{"embeddable":true,"href":"https:\/\/redelitoralrs.com\/index.php\/wp-json\/wp\/v2\/comments?post=6702"}],"version-history":[{"count":2,"href":"https:\/\/redelitoralrs.com\/index.php\/wp-json\/wp\/v2\/posts\/6702\/revisions"}],"predecessor-version":[{"id":6705,"href":"https:\/\/redelitoralrs.com\/index.php\/wp-json\/wp\/v2\/posts\/6702\/revisions\/6705"}],"wp:featuredmedia":[{"embeddable":true,"href":"https:\/\/redelitoralrs.com\/index.php\/wp-json\/wp\/v2\/media\/6703"}],"wp:attachment":[{"href":"https:\/\/redelitoralrs.com\/index.php\/wp-json\/wp\/v2\/media?parent=6702"}],"wp:term":[{"taxonomy":"category","embeddable":true,"href":"https:\/\/redelitoralrs.com\/index.php\/wp-json\/wp\/v2\/categories?post=6702"},{"taxonomy":"post_tag","embeddable":true,"href":"https:\/\/redelitoralrs.com\/index.php\/wp-json\/wp\/v2\/tags?post=6702"}],"curies":[{"name":"wp","href":"https:\/\/api.w.org\/{rel}","templated":true}]}}