{"id":6585,"date":"2025-02-17T14:02:26","date_gmt":"2025-02-17T17:02:26","guid":{"rendered":"https:\/\/redelitoralrs.com\/?p=6585"},"modified":"2025-02-17T15:21:45","modified_gmt":"2025-02-17T18:21:45","slug":"temporal-assusta-o-litoral-norte-e-deixa-feridos-em-osorio","status":"publish","type":"post","link":"https:\/\/redelitoralrs.com\/index.php\/2025\/02\/17\/temporal-assusta-o-litoral-norte-e-deixa-feridos-em-osorio\/","title":{"rendered":"Temporal assusta o Litoral Norte e deixa feridos em Os\u00f3rio"},"content":{"rendered":"\n<p>Um forte temporal atingiu o Litoral Norte do Rio Grande do Sul na noite deste domingo (16), causando estragos em diversas cidades e deixando feridos em Os\u00f3rio. Os ventos, que superaram 100 km\/h, acompanhados de chuvas intensas e grande incid\u00eancia de raios, surpreenderam moradores e veranistas.<\/p>\n\n\n\n<h2 class=\"wp-block-heading\"><strong>Cap\u00e3o da Canoa<\/strong><\/h2>\n\n\n\n<p>Em Cap\u00e3o da Canoa, muitas pessoas que caminhavam pelas ruas foram pegas de surpresa pelas rajadas de vento e pela quantidade de raios. O vendaval atingiu diversos pontos comerciais no centro da cidade, exigindo uma a\u00e7\u00e3o r\u00e1pida dos funcion\u00e1rios para minimizar os danos e garantir a seguran\u00e7a. Al\u00e9m disso, v\u00e1rios bairros registraram falta de energia el\u00e9trica. <\/p>\n\n\n\n<p>Apesar dos transtornos, o Coordenador da Defesa Civil Municipal, Sgt. Paulo Aristeu, informou que o setor n\u00e3o recebeu notifica\u00e7\u00f5es sobre danos causados pelos temporais.<\/p>\n\n\n\n<figure class=\"wp-block-video aligncenter\"><video controls src=\"https:\/\/redelitoralrs.com\/wp-content\/uploads\/2025\/02\/Temporal_capao_credito_capaodenuncias-.mov\"><\/video><figcaption class=\"wp-element-caption\"><em>V\u00eddeo: Cap\u00e3o Den\u00fancias<\/em><\/figcaption><\/figure>\n\n\n\n<h2 class=\"wp-block-heading\"><strong>Tramanda\u00ed<\/strong><\/h2>\n\n\n\n<p>J\u00e1 em Tramanda\u00ed\u00ad, a tempestade causou alagamentos em v\u00e1rios pontos, al\u00e9m da queda de postes sobre ve\u00edculos, deixando parte da cidade sem eletricidade. Seis resid\u00eancias sofreram destelhamento parcial, enquanto escolas e pr\u00e9dios p\u00fablicos tamb\u00e9m foram afetados.<\/p>\n\n\n\n<p>Um dos principais danos estruturais ocorreu na Rua Coberta, no centro da cidade, onde a for\u00e7a dos ventos derrubou parte da estrutura, atingindo ve\u00edculos estacionados. O CRAS S\u00e3o Francisco II tamb\u00e9m foi danificado.<\/p>\n\n\n\n<p>Equipes de resgate atuaram no salvamento de uma pessoa presa em um elevador, al\u00e9m de atenderem dois inc\u00eandios em resid\u00eancias.  <\/p>\n\n\n\n<div id=\"wp-block-themeisle-blocks-slider-c46921e3\" class=\"wp-block-themeisle-blocks-slider glide\" data-per-view=\"1\" data-gap=\"0\" data-peek=\"0\" data-autoplay=\"true\" data-height=\"400px\" data-hide-arrows=\"false\"><div class=\"glide__track\" data-glide-el=\"track\"><div class=\"glide__slides\"><div class=\"wp-block-themeisle-blocks-slider-item-wrapper glide__slide\" tabindex=\"0\"><figure><img decoding=\"async\" class=\"wp-block-themeisle-blocks-slider-item\" src=\"https:\/\/redelitoralrs.com\/wp-content\/uploads\/2025\/02\/b9142a8b-3a6f-4dbd-a7e8-f583857a46b7-scaled.jpeg\" alt=\"\" title=\"\" data-id=\"6587\"\/><figcaption>Foto: Ascom PMT<\/figcaption><\/figure><\/div><div class=\"wp-block-themeisle-blocks-slider-item-wrapper glide__slide\" tabindex=\"0\"><figure><img decoding=\"async\" class=\"wp-block-themeisle-blocks-slider-item\" src=\"https:\/\/redelitoralrs.com\/wp-content\/uploads\/2025\/02\/cafdc669-f6d5-4ba9-9bbb-3b937a2d05d1-scaled.jpeg\" alt=\"\" title=\"\" data-id=\"6592\"\/><figcaption>Foto: Ascom PMT<\/figcaption><\/figure><\/div><div class=\"wp-block-themeisle-blocks-slider-item-wrapper glide__slide\" tabindex=\"0\"><figure><img decoding=\"async\" class=\"wp-block-themeisle-blocks-slider-item\" src=\"https:\/\/redelitoralrs.com\/wp-content\/uploads\/2025\/02\/823dc6e7-7525-4673-a9d4-3175240c4618-scaled.jpeg\" alt=\"\" title=\"\" data-id=\"6602\"\/><figcaption>Foto: Ascom PMT<\/figcaption><\/figure><\/div><div class=\"wp-block-themeisle-blocks-slider-item-wrapper glide__slide\" tabindex=\"0\"><figure><img decoding=\"async\" class=\"wp-block-themeisle-blocks-slider-item\" src=\"https:\/\/redelitoralrs.com\/wp-content\/uploads\/2025\/02\/da7a4ebf-f914-499a-bfce-b29e8290b465-scaled.jpeg\" alt=\"\" title=\"\" data-id=\"6600\"\/><figcaption>Foto: Ascom PMT<\/figcaption><\/figure><\/div><div class=\"wp-block-themeisle-blocks-slider-item-wrapper glide__slide\" tabindex=\"0\"><figure><img decoding=\"async\" class=\"wp-block-themeisle-blocks-slider-item\" src=\"https:\/\/redelitoralrs.com\/wp-content\/uploads\/2025\/02\/5a1f5402-85a6-4af0-9d70-dd682e00c6d9-scaled.jpeg\" alt=\"\" title=\"\" data-id=\"6593\"\/><figcaption>Foto: Ascom PMT<\/figcaption><\/figure><\/div><div class=\"wp-block-themeisle-blocks-slider-item-wrapper glide__slide\" tabindex=\"0\"><figure><img decoding=\"async\" class=\"wp-block-themeisle-blocks-slider-item\" src=\"https:\/\/redelitoralrs.com\/wp-content\/uploads\/2025\/02\/7bb2e961-cdc9-48a8-8130-9f32696fdd9f-scaled.jpeg\" alt=\"\" title=\"\" data-id=\"6599\"\/><figcaption>Foto: Ascom PMT<\/figcaption><\/figure><\/div><div class=\"wp-block-themeisle-blocks-slider-item-wrapper glide__slide\" tabindex=\"0\"><figure><img decoding=\"async\" class=\"wp-block-themeisle-blocks-slider-item\" src=\"https:\/\/redelitoralrs.com\/wp-content\/uploads\/2025\/02\/d41619ad-479b-4694-b719-67a7160c9acc-scaled.jpeg\" alt=\"\" title=\"\" data-id=\"6604\"\/><figcaption>Foto: Ascom PMT<\/figcaption><\/figure><\/div><div class=\"wp-block-themeisle-blocks-slider-item-wrapper glide__slide\" tabindex=\"0\"><figure><img decoding=\"async\" class=\"wp-block-themeisle-blocks-slider-item\" src=\"https:\/\/redelitoralrs.com\/wp-content\/uploads\/2025\/02\/81d21fbf-e804-4922-8c4f-b60728b35891-scaled.jpeg\" alt=\"\" title=\"\" data-id=\"6594\"\/><figcaption>Foto: Ascom PMT<\/figcaption><\/figure><\/div><div class=\"wp-block-themeisle-blocks-slider-item-wrapper glide__slide\" tabindex=\"0\"><figure><img decoding=\"async\" class=\"wp-block-themeisle-blocks-slider-item\" src=\"https:\/\/redelitoralrs.com\/wp-content\/uploads\/2025\/02\/4a407b7c-332b-409f-a8a6-d7874e8f7a09-scaled.jpeg\" alt=\"\" title=\"\" data-id=\"6596\"\/><figcaption>Foto: Ascom PMT<\/figcaption><\/figure><\/div><div class=\"wp-block-themeisle-blocks-slider-item-wrapper glide__slide\" tabindex=\"0\"><figure><img decoding=\"async\" class=\"wp-block-themeisle-blocks-slider-item\" src=\"https:\/\/redelitoralrs.com\/wp-content\/uploads\/2025\/02\/9b3bca3b-36e7-4165-9da4-1ea7f745ac8c-scaled.jpeg\" alt=\"\" title=\"\" data-id=\"6598\"\/><figcaption>Foto: Ascom PMT<\/figcaption><\/figure><\/div><div class=\"wp-block-themeisle-blocks-slider-item-wrapper glide__slide\" tabindex=\"0\"><figure><img decoding=\"async\" class=\"wp-block-themeisle-blocks-slider-item\" src=\"https:\/\/redelitoralrs.com\/wp-content\/uploads\/2025\/02\/34a1cc2e-0c3b-433e-8f57-e20e93fa6190.jpeg\" alt=\"\" title=\"\" data-id=\"6607\"\/><figcaption>Foto: Ascom PMT<\/figcaption><\/figure><\/div><div class=\"wp-block-themeisle-blocks-slider-item-wrapper glide__slide\" tabindex=\"0\"><figure><img decoding=\"async\" class=\"wp-block-themeisle-blocks-slider-item\" src=\"https:\/\/redelitoralrs.com\/wp-content\/uploads\/2025\/02\/0fa95ca1-211b-4eb4-9acd-c411323c0b2f.jpeg\" alt=\"\" title=\"\" data-id=\"6606\"\/><figcaption>Foto: Ascom PMT<\/figcaption><\/figure><\/div><div class=\"wp-block-themeisle-blocks-slider-item-wrapper glide__slide\" tabindex=\"0\"><figure><img decoding=\"async\" class=\"wp-block-themeisle-blocks-slider-item\" src=\"https:\/\/redelitoralrs.com\/wp-content\/uploads\/2025\/02\/e427bdc8-ed24-403f-9246-f7628de28a2e.jpeg\" alt=\"\" title=\"\" data-id=\"6608\"\/><figcaption>Foto: Ascom PMT<\/figcaption><\/figure><\/div><div class=\"wp-block-themeisle-blocks-slider-item-wrapper glide__slide\" tabindex=\"0\"><figure><img decoding=\"async\" class=\"wp-block-themeisle-blocks-slider-item\" src=\"https:\/\/redelitoralrs.com\/wp-content\/uploads\/2025\/02\/bbd98dc3-4158-42f3-92e4-f92d980904cc.jpeg\" alt=\"\" title=\"\" data-id=\"6609\"\/><figcaption>Foto: Ascom PMT<\/figcaption><\/figure><\/div><\/div><div class=\"glide__bullets\" data-glide-el=\"controls[nav]\"><button class=\"glide__bullet\" data-glide-dir=\"=0\"><\/button><button class=\"glide__bullet\" data-glide-dir=\"=1\"><\/button><button class=\"glide__bullet\" data-glide-dir=\"=2\"><\/button><button class=\"glide__bullet\" data-glide-dir=\"=3\"><\/button><button class=\"glide__bullet\" data-glide-dir=\"=4\"><\/button><button class=\"glide__bullet\" data-glide-dir=\"=5\"><\/button><button class=\"glide__bullet\" data-glide-dir=\"=6\"><\/button><button class=\"glide__bullet\" data-glide-dir=\"=7\"><\/button><button class=\"glide__bullet\" data-glide-dir=\"=8\"><\/button><button class=\"glide__bullet\" data-glide-dir=\"=9\"><\/button><button class=\"glide__bullet\" data-glide-dir=\"=10\"><\/button><button class=\"glide__bullet\" data-glide-dir=\"=11\"><\/button><button class=\"glide__bullet\" data-glide-dir=\"=12\"><\/button><button class=\"glide__bullet\" data-glide-dir=\"=13\"><\/button><\/div><\/div><\/div>\n\n\n\n<h2 class=\"wp-block-heading\">Imb\u00e9<\/h2>\n\n\n\n<p>Em Imb\u00e9, os ventos e a chuva intensa causaram preju\u00edzos, levando o Prefeito, Ique Vedovato, a decretar situa\u00e7\u00e3o de emerg\u00eancia nesta segunda-feira (17). \u00c1rvores, postes e outdoors est\u00e3o ca\u00eddos por toda a cidade.<br><br>A Prefeitura j\u00e1 recebeu notifica\u00e7\u00f5es de cerca de 400 casas danificadas, principalmente por destelhamentos e queda de \u00e1rvores; acredita-se que o n\u00famero possa ser maior devido \u00e0 falta de energia e sinal de comunica\u00e7\u00e3o. Segundo informa\u00e7\u00f5es da Defesa Civil Estadual cinco fam\u00edlias encontram-se desalojadas. <\/p>\n\n\n\n<div id=\"wp-block-themeisle-blocks-slider-3c269a18\" class=\"wp-block-themeisle-blocks-slider glide\" data-per-view=\"1\" data-gap=\"0\" data-peek=\"0\" data-autoplay=\"true\" data-height=\"400px\" data-hide-arrows=\"false\"><div class=\"glide__track\" data-glide-el=\"track\"><div class=\"glide__slides\"><div class=\"wp-block-themeisle-blocks-slider-item-wrapper glide__slide\" tabindex=\"0\"><figure><img decoding=\"async\" class=\"wp-block-themeisle-blocks-slider-item\" src=\"https:\/\/redelitoralrs.com\/wp-content\/uploads\/2025\/02\/IMBE-3.jpg\" alt=\"\" title=\"\" data-id=\"6614\"\/><figcaption>Foto: Cap\u00e3o Den\u00fancias<\/figcaption><\/figure><\/div><div class=\"wp-block-themeisle-blocks-slider-item-wrapper glide__slide\" tabindex=\"0\"><figure><img decoding=\"async\" class=\"wp-block-themeisle-blocks-slider-item\" src=\"https:\/\/redelitoralrs.com\/wp-content\/uploads\/2025\/02\/IMBE-2.jpg\" alt=\"\" title=\"\" data-id=\"6613\"\/><figcaption>Foto: Cap\u00e3o Den\u00fancias<\/figcaption><\/figure><\/div><div class=\"wp-block-themeisle-blocks-slider-item-wrapper glide__slide\" tabindex=\"0\"><figure><img decoding=\"async\" class=\"wp-block-themeisle-blocks-slider-item\" src=\"https:\/\/redelitoralrs.com\/wp-content\/uploads\/2025\/02\/IMBE-4.jpg\" alt=\"\" title=\"\" data-id=\"6615\"\/><figcaption>Foto: Cap\u00e3o Den\u00fancias<\/figcaption><\/figure><\/div><div class=\"wp-block-themeisle-blocks-slider-item-wrapper glide__slide\" tabindex=\"0\"><figure><img decoding=\"async\" class=\"wp-block-themeisle-blocks-slider-item\" src=\"https:\/\/redelitoralrs.com\/wp-content\/uploads\/2025\/02\/IMBE.jpg\" alt=\"\" title=\"\" data-id=\"6616\"\/><figcaption>Foto: Cap\u00e3o Den\u00fancias<\/figcaption><\/figure><\/div><div class=\"wp-block-themeisle-blocks-slider-item-wrapper glide__slide\" tabindex=\"0\"><figure><img decoding=\"async\" class=\"wp-block-themeisle-blocks-slider-item\" src=\"https:\/\/redelitoralrs.com\/wp-content\/uploads\/2025\/02\/Captura-de-Tela-2025-02-17-as-13.39.41.png\" alt=\"\" title=\"\" data-id=\"6612\"\/><figcaption>Foto: Cap\u00e3o Den\u00fancias<\/figcaption><\/figure><\/div><div class=\"wp-block-themeisle-blocks-slider-item-wrapper glide__slide\" tabindex=\"0\"><figure><img decoding=\"async\" class=\"wp-block-themeisle-blocks-slider-item\" src=\"https:\/\/redelitoralrs.com\/wp-content\/uploads\/2025\/02\/Captura-de-Tela-2025-02-17-as-13.39.12.png\" alt=\"\" title=\"\" data-id=\"6610\"\/><figcaption>Foto: Cap\u00e3o Den\u00fancias<\/figcaption><\/figure><\/div><div class=\"wp-block-themeisle-blocks-slider-item-wrapper glide__slide\" tabindex=\"0\"><figure><img decoding=\"async\" class=\"wp-block-themeisle-blocks-slider-item\" src=\"https:\/\/redelitoralrs.com\/wp-content\/uploads\/2025\/02\/Captura-de-Tela-2025-02-17-as-13.39.29.png\" alt=\"\" title=\"\" data-id=\"6611\"\/><figcaption>Foto: Cap\u00e3o Den\u00fancias<\/figcaption><\/figure><\/div><\/div><div class=\"glide__bullets\" data-glide-el=\"controls[nav]\"><button class=\"glide__bullet\" data-glide-dir=\"=0\"><\/button><button class=\"glide__bullet\" data-glide-dir=\"=1\"><\/button><button class=\"glide__bullet\" data-glide-dir=\"=2\"><\/button><button class=\"glide__bullet\" data-glide-dir=\"=3\"><\/button><button class=\"glide__bullet\" data-glide-dir=\"=4\"><\/button><button class=\"glide__bullet\" data-glide-dir=\"=5\"><\/button><button class=\"glide__bullet\" data-glide-dir=\"=6\"><\/button><\/div><\/div><\/div>\n\n\n\n<h2 class=\"wp-block-heading\">Os\u00f3rio: circo desaba e deixa feridos<\/h2>\n\n\n\n<p>O caso mais grave foi registrado em Os\u00f3rio, onde a tempestade derrubou a estrutura do Circo Fox, instalado no bairro Albatroz. No momento do desabamento, o circo estava em plena atividade, apresentando seu \u00faltimo espet\u00e1culo da noite para, em torno de, 200 pessoas. <\/p>\n\n\n\n<p>Equipes do Corpo de Bombeiros, Brigada Militar e SAMU foram acionadas e chegaram rapidamente ao local para prestar socorro. Alguns feridos foram levados para a Unidade de Pronto Atendimento (UPA) da cidade, enquanto outros receberam atendimento no local. No total, 10 pessoas ficaram feridas, sendo duas transferidas para hospitais em Tramanda\u00ed e Porto Alegre. A falta de energia el\u00e9trica em alguns bairros dificultou a comunica\u00e7\u00e3o e o trabalho das equipes de resgate.<\/p>\n\n\n\n<p>At\u00e9 \u00e0s 10h desta segunda-feira (17), a Prefeitura de Os\u00f3rio contabilizava 43 casas destelhadas e sete escolas com danos nos telhados, al\u00e9m de preju\u00edzos em outros estabelecimentos da cidade. <\/p>\n\n\n\n<div id=\"wp-block-themeisle-blocks-slider-ba96b62a\" class=\"wp-block-themeisle-blocks-slider glide\" data-per-view=\"1\" data-gap=\"0\" data-peek=\"0\" data-autoplay=\"true\" data-height=\"400px\" data-hide-arrows=\"false\"><div class=\"glide__track\" data-glide-el=\"track\"><div class=\"glide__slides\"><div class=\"wp-block-themeisle-blocks-slider-item-wrapper glide__slide\" tabindex=\"0\"><figure><img decoding=\"async\" class=\"wp-block-themeisle-blocks-slider-item\" src=\"https:\/\/redelitoralrs.com\/wp-content\/uploads\/2025\/02\/WhatsApp-Image-2025-02-17-at-11.11.16.jpeg\" alt=\"\" title=\"\" data-id=\"6617\"\/><figcaption>Foto: Ascom PMO<\/figcaption><\/figure><\/div><div class=\"wp-block-themeisle-blocks-slider-item-wrapper glide__slide\" tabindex=\"0\"><figure><img decoding=\"async\" class=\"wp-block-themeisle-blocks-slider-item\" src=\"https:\/\/redelitoralrs.com\/wp-content\/uploads\/2025\/02\/WhatsApp-Image-2025-02-17-at-11.11.17-1.jpeg\" alt=\"\" title=\"\" data-id=\"6618\"\/><figcaption>Foto: Ascom PMO<\/figcaption><\/figure><\/div><div class=\"wp-block-themeisle-blocks-slider-item-wrapper glide__slide\" tabindex=\"0\"><figure><img decoding=\"async\" class=\"wp-block-themeisle-blocks-slider-item\" src=\"https:\/\/redelitoralrs.com\/wp-content\/uploads\/2025\/02\/WhatsApp-Image-2025-02-17-at-11.11.17-2.jpeg\" alt=\"\" title=\"\" data-id=\"6619\"\/><figcaption>Foto: Ascom PMO<\/figcaption><\/figure><\/div><div class=\"wp-block-themeisle-blocks-slider-item-wrapper glide__slide\" tabindex=\"0\"><figure><img decoding=\"async\" class=\"wp-block-themeisle-blocks-slider-item\" src=\"https:\/\/redelitoralrs.com\/wp-content\/uploads\/2025\/02\/WhatsApp-Image-2025-02-17-at-11.11.17.jpeg\" alt=\"\" title=\"\" data-id=\"6620\"\/><figcaption>Foto: Ascom PMO<\/figcaption><\/figure><\/div><div class=\"wp-block-themeisle-blocks-slider-item-wrapper glide__slide\" tabindex=\"0\"><figure><img decoding=\"async\" class=\"wp-block-themeisle-blocks-slider-item\" src=\"https:\/\/redelitoralrs.com\/wp-content\/uploads\/2025\/02\/WhatsApp-Image-2025-02-17-at-11.11.18-1.jpeg\" alt=\"\" title=\"\" data-id=\"6621\"\/><figcaption>Foto: Ascom PMO<\/figcaption><\/figure><\/div><div class=\"wp-block-themeisle-blocks-slider-item-wrapper glide__slide\" tabindex=\"0\"><figure><img decoding=\"async\" class=\"wp-block-themeisle-blocks-slider-item\" src=\"https:\/\/redelitoralrs.com\/wp-content\/uploads\/2025\/02\/WhatsApp-Image-2025-02-17-at-11.11.18-2.jpeg\" alt=\"\" title=\"\" data-id=\"6622\"\/><figcaption>Foto: Ascom PMO<\/figcaption><\/figure><\/div><div class=\"wp-block-themeisle-blocks-slider-item-wrapper glide__slide\" tabindex=\"0\"><figure><img decoding=\"async\" class=\"wp-block-themeisle-blocks-slider-item\" src=\"https:\/\/redelitoralrs.com\/wp-content\/uploads\/2025\/02\/WhatsApp-Image-2025-02-17-at-11.11.18.jpeg\" alt=\"\" title=\"\" data-id=\"6623\"\/><figcaption>Foto: Ascom PMO<\/figcaption><\/figure><\/div><div class=\"wp-block-themeisle-blocks-slider-item-wrapper glide__slide\" tabindex=\"0\"><figure><img decoding=\"async\" class=\"wp-block-themeisle-blocks-slider-item\" src=\"https:\/\/redelitoralrs.com\/wp-content\/uploads\/2025\/02\/WhatsApp-Image-2025-02-17-at-11.11.19-1.jpeg\" alt=\"\" title=\"\" data-id=\"6624\"\/><figcaption>Foto: Ascom PMO<\/figcaption><\/figure><\/div><div class=\"wp-block-themeisle-blocks-slider-item-wrapper glide__slide\" tabindex=\"0\"><figure><img decoding=\"async\" class=\"wp-block-themeisle-blocks-slider-item\" src=\"https:\/\/redelitoralrs.com\/wp-content\/uploads\/2025\/02\/WhatsApp-Image-2025-02-17-at-11.11.19.jpeg\" alt=\"\" title=\"\" data-id=\"6625\"\/><figcaption>Foto: Ascom PMO<\/figcaption><\/figure><\/div><\/div><div class=\"glide__bullets\" data-glide-el=\"controls[nav]\"><button class=\"glide__bullet\" data-glide-dir=\"=0\"><\/button><button class=\"glide__bullet\" data-glide-dir=\"=1\"><\/button><button class=\"glide__bullet\" data-glide-dir=\"=2\"><\/button><button class=\"glide__bullet\" data-glide-dir=\"=3\"><\/button><button class=\"glide__bullet\" data-glide-dir=\"=4\"><\/button><button class=\"glide__bullet\" data-glide-dir=\"=5\"><\/button><button class=\"glide__bullet\" data-glide-dir=\"=6\"><\/button><button class=\"glide__bullet\" data-glide-dir=\"=7\"><\/button><button class=\"glide__bullet\" data-glide-dir=\"=8\"><\/button><\/div><\/div><\/div>\n\n\n\n<h2 class=\"wp-block-heading\">Transtornos nas estradas<\/h2>\n\n\n\n<p>Motoristas que retornavam do Litoral tamb\u00e9m enfrentaram dificuldades. A forte chuva e os ventos intensos obrigaram condutores a pararem na Freeway devido \u00e0&nbsp; baixa visibilidade e ao risco de acidentes.<\/p>\n\n\n\n<figure class=\"wp-block-video\"><video controls src=\"https:\/\/redelitoralrs.com\/wp-content\/uploads\/2025\/02\/Chuva-freeway.mp4\"><\/video><\/figure>\n\n\n\n<h2 class=\"wp-block-heading\">Alerta da Defesa Civil<\/h2>\n\n\n\n<p>A Defesa Civil mant\u00e9m o alerta para condi\u00e7\u00f5es clim\u00e1ticas severas at\u00e9 o final desta segunda-feira (17). H\u00e1 risco de chuvas intensas, ventos fortes, queda de raios e alagamentos tanto no Litoral Norte quanto na Regi\u00e3o Metropolitana de Porto Alegre.<\/p>\n\n\n\n<p><em>*Essa mat\u00e9ria ainda passa por atualiza\u00e7\u00f5es. Para mais informa\u00e7\u00f5es acompanhe a cobertura completa na TV Litoral.<\/em><\/p>\n\n\n\n<p><\/p>\n","protected":false},"excerpt":{"rendered":"<p>Um forte temporal atingiu o Litoral Norte do Rio Grande do Sul na noite deste domingo (16), causando estragos em diversas cidades e deixando feridos em Os\u00f3rio. Os ventos, que superaram 100 km\/h, acompanhados de chuvas intensas e grande incid\u00eancia de raios, surpreenderam moradores e veranistas. Cap\u00e3o da Canoa Em Cap\u00e3o da Canoa, muitas pessoas [&hellip;]<\/p>\n","protected":false},"author":2,"featured_media":6622,"comment_status":"open","ping_status":"open","sticky":false,"template":"","format":"standard","meta":{"_themeisle_gutenberg_block_has_review":false,"footnotes":""},"categories":[20,15],"tags":[],"class_list":["post-6585","post","type-post","status-publish","format-standard","has-post-thumbnail","hentry","category-litoral_norte","category-noticias"],"yoast_head":"<!-- This site is optimized with the Yoast SEO plugin v27.4 - https:\/\/yoast.com\/product\/yoast-seo-wordpress\/ -->\n<title>Temporal assusta o Litoral Norte e deixa feridos em Os\u00f3rio - Rede Litoral RS<\/title>\n<meta name=\"robots\" content=\"index, follow, max-snippet:-1, max-image-preview:large, max-video-preview:-1\" \/>\n<link rel=\"canonical\" href=\"https:\/\/redelitoralrs.com\/index.php\/2025\/02\/17\/temporal-assusta-o-litoral-norte-e-deixa-feridos-em-osorio\/\" \/>\n<meta property=\"og:locale\" content=\"pt_BR\" \/>\n<meta property=\"og:type\" content=\"article\" \/>\n<meta property=\"og:title\" content=\"Temporal assusta o Litoral Norte e deixa feridos em Os\u00f3rio - Rede Litoral RS\" \/>\n<meta property=\"og:description\" content=\"Um forte temporal atingiu o Litoral Norte do Rio Grande do Sul na noite deste domingo (16), causando estragos em diversas cidades e deixando feridos em Os\u00f3rio. Os ventos, que superaram 100 km\/h, acompanhados de chuvas intensas e grande incid\u00eancia de raios, surpreenderam moradores e veranistas. Cap\u00e3o da Canoa Em Cap\u00e3o da Canoa, muitas pessoas [&hellip;]\" \/>\n<meta property=\"og:url\" content=\"https:\/\/redelitoralrs.com\/index.php\/2025\/02\/17\/temporal-assusta-o-litoral-norte-e-deixa-feridos-em-osorio\/\" \/>\n<meta property=\"og:site_name\" content=\"Rede Litoral RS\" \/>\n<meta property=\"article:publisher\" content=\"https:\/\/www.facebook.com\/tvlitoralrsoficial\" \/>\n<meta property=\"article:published_time\" content=\"2025-02-17T17:02:26+00:00\" \/>\n<meta property=\"article:modified_time\" content=\"2025-02-17T18:21:45+00:00\" \/>\n<meta property=\"og:image\" content=\"https:\/\/redelitoralrs.com\/wp-content\/uploads\/2025\/02\/WhatsApp-Image-2025-02-17-at-11.11.18-2.jpeg\" \/>\n\t<meta property=\"og:image:width\" content=\"1600\" \/>\n\t<meta property=\"og:image:height\" content=\"1069\" \/>\n\t<meta property=\"og:image:type\" content=\"image\/jpeg\" \/>\n<meta name=\"author\" content=\"Reda\u00e7\u00e3o TV Litoral\" \/>\n<meta name=\"twitter:card\" content=\"summary_large_image\" \/>\n<meta name=\"twitter:label1\" content=\"Escrito por\" \/>\n\t<meta name=\"twitter:data1\" content=\"Reda\u00e7\u00e3o TV Litoral\" \/>\n\t<meta name=\"twitter:label2\" content=\"Est. tempo de leitura\" \/>\n\t<meta name=\"twitter:data2\" content=\"10 minutos\" \/>\n<script type=\"application\/ld+json\" class=\"yoast-schema-graph\">{\"@context\":\"https:\\\/\\\/schema.org\",\"@graph\":[{\"@type\":\"Article\",\"@id\":\"https:\\\/\\\/redelitoralrs.com\\\/index.php\\\/2025\\\/02\\\/17\\\/temporal-assusta-o-litoral-norte-e-deixa-feridos-em-osorio\\\/#article\",\"isPartOf\":{\"@id\":\"https:\\\/\\\/redelitoralrs.com\\\/index.php\\\/2025\\\/02\\\/17\\\/temporal-assusta-o-litoral-norte-e-deixa-feridos-em-osorio\\\/\"},\"author\":{\"name\":\"Reda\u00e7\u00e3o TV Litoral\",\"@id\":\"https:\\\/\\\/redelitoralrs.com\\\/#\\\/schema\\\/person\\\/9f8181f2a7359dd3986f05ebaf5bd68a\"},\"headline\":\"Temporal assusta o Litoral Norte e deixa feridos em Os\u00f3rio\",\"datePublished\":\"2025-02-17T17:02:26+00:00\",\"dateModified\":\"2025-02-17T18:21:45+00:00\",\"mainEntityOfPage\":{\"@id\":\"https:\\\/\\\/redelitoralrs.com\\\/index.php\\\/2025\\\/02\\\/17\\\/temporal-assusta-o-litoral-norte-e-deixa-feridos-em-osorio\\\/\"},\"wordCount\":704,\"commentCount\":0,\"publisher\":{\"@id\":\"https:\\\/\\\/redelitoralrs.com\\\/#organization\"},\"image\":{\"@id\":\"https:\\\/\\\/redelitoralrs.com\\\/index.php\\\/2025\\\/02\\\/17\\\/temporal-assusta-o-litoral-norte-e-deixa-feridos-em-osorio\\\/#primaryimage\"},\"thumbnailUrl\":\"https:\\\/\\\/redelitoralrs.com\\\/wp-content\\\/uploads\\\/2025\\\/02\\\/WhatsApp-Image-2025-02-17-at-11.11.18-2.jpeg\",\"articleSection\":[\"Litoral Norte\",\"\u00daltimas not\u00edcias\"],\"inLanguage\":\"pt-BR\",\"potentialAction\":[{\"@type\":\"CommentAction\",\"name\":\"Comment\",\"target\":[\"https:\\\/\\\/redelitoralrs.com\\\/index.php\\\/2025\\\/02\\\/17\\\/temporal-assusta-o-litoral-norte-e-deixa-feridos-em-osorio\\\/#respond\"]}]},{\"@type\":\"WebPage\",\"@id\":\"https:\\\/\\\/redelitoralrs.com\\\/index.php\\\/2025\\\/02\\\/17\\\/temporal-assusta-o-litoral-norte-e-deixa-feridos-em-osorio\\\/\",\"url\":\"https:\\\/\\\/redelitoralrs.com\\\/index.php\\\/2025\\\/02\\\/17\\\/temporal-assusta-o-litoral-norte-e-deixa-feridos-em-osorio\\\/\",\"name\":\"Temporal assusta o Litoral Norte e deixa feridos em Os\u00f3rio - Rede Litoral RS\",\"isPartOf\":{\"@id\":\"https:\\\/\\\/redelitoralrs.com\\\/#website\"},\"primaryImageOfPage\":{\"@id\":\"https:\\\/\\\/redelitoralrs.com\\\/index.php\\\/2025\\\/02\\\/17\\\/temporal-assusta-o-litoral-norte-e-deixa-feridos-em-osorio\\\/#primaryimage\"},\"image\":{\"@id\":\"https:\\\/\\\/redelitoralrs.com\\\/index.php\\\/2025\\\/02\\\/17\\\/temporal-assusta-o-litoral-norte-e-deixa-feridos-em-osorio\\\/#primaryimage\"},\"thumbnailUrl\":\"https:\\\/\\\/redelitoralrs.com\\\/wp-content\\\/uploads\\\/2025\\\/02\\\/WhatsApp-Image-2025-02-17-at-11.11.18-2.jpeg\",\"datePublished\":\"2025-02-17T17:02:26+00:00\",\"dateModified\":\"2025-02-17T18:21:45+00:00\",\"breadcrumb\":{\"@id\":\"https:\\\/\\\/redelitoralrs.com\\\/index.php\\\/2025\\\/02\\\/17\\\/temporal-assusta-o-litoral-norte-e-deixa-feridos-em-osorio\\\/#breadcrumb\"},\"inLanguage\":\"pt-BR\",\"potentialAction\":[{\"@type\":\"ReadAction\",\"target\":[\"https:\\\/\\\/redelitoralrs.com\\\/index.php\\\/2025\\\/02\\\/17\\\/temporal-assusta-o-litoral-norte-e-deixa-feridos-em-osorio\\\/\"]}]},{\"@type\":\"ImageObject\",\"inLanguage\":\"pt-BR\",\"@id\":\"https:\\\/\\\/redelitoralrs.com\\\/index.php\\\/2025\\\/02\\\/17\\\/temporal-assusta-o-litoral-norte-e-deixa-feridos-em-osorio\\\/#primaryimage\",\"url\":\"https:\\\/\\\/redelitoralrs.com\\\/wp-content\\\/uploads\\\/2025\\\/02\\\/WhatsApp-Image-2025-02-17-at-11.11.18-2.jpeg\",\"contentUrl\":\"https:\\\/\\\/redelitoralrs.com\\\/wp-content\\\/uploads\\\/2025\\\/02\\\/WhatsApp-Image-2025-02-17-at-11.11.18-2.jpeg\",\"width\":1600,\"height\":1069,\"caption\":\"Foto: Ascom PMO\"},{\"@type\":\"BreadcrumbList\",\"@id\":\"https:\\\/\\\/redelitoralrs.com\\\/index.php\\\/2025\\\/02\\\/17\\\/temporal-assusta-o-litoral-norte-e-deixa-feridos-em-osorio\\\/#breadcrumb\",\"itemListElement\":[{\"@type\":\"ListItem\",\"position\":1,\"name\":\"In\u00edcio\",\"item\":\"https:\\\/\\\/redelitoralrs.com\\\/\"},{\"@type\":\"ListItem\",\"position\":2,\"name\":\"Temporal assusta o Litoral Norte e deixa feridos em Os\u00f3rio\"}]},{\"@type\":\"WebSite\",\"@id\":\"https:\\\/\\\/redelitoralrs.com\\\/#website\",\"url\":\"https:\\\/\\\/redelitoralrs.com\\\/\",\"name\":\"TV Litoral\",\"description\":\"Acompanhe tudo do litoral ga\u00facho com a cobertura completa e atualizada da Rede Litoral RS. Nossos jornalistas trazem as \u00faltimas not\u00edcias, os acontecimentos mais quentes e as hist\u00f3rias que importam sobre nosso amado litoral.\",\"publisher\":{\"@id\":\"https:\\\/\\\/redelitoralrs.com\\\/#organization\"},\"potentialAction\":[{\"@type\":\"SearchAction\",\"target\":{\"@type\":\"EntryPoint\",\"urlTemplate\":\"https:\\\/\\\/redelitoralrs.com\\\/?s={search_term_string}\"},\"query-input\":{\"@type\":\"PropertyValueSpecification\",\"valueRequired\":true,\"valueName\":\"search_term_string\"}}],\"inLanguage\":\"pt-BR\"},{\"@type\":\"Organization\",\"@id\":\"https:\\\/\\\/redelitoralrs.com\\\/#organization\",\"name\":\"TV Litoral\",\"url\":\"https:\\\/\\\/redelitoralrs.com\\\/\",\"logo\":{\"@type\":\"ImageObject\",\"inLanguage\":\"pt-BR\",\"@id\":\"https:\\\/\\\/redelitoralrs.com\\\/#\\\/schema\\\/logo\\\/image\\\/\",\"url\":\"https:\\\/\\\/redelitoralrs.com\\\/wp-content\\\/uploads\\\/2024\\\/01\\\/faviconicon-1-1.png\",\"contentUrl\":\"https:\\\/\\\/redelitoralrs.com\\\/wp-content\\\/uploads\\\/2024\\\/01\\\/faviconicon-1-1.png\",\"width\":454,\"height\":454,\"caption\":\"TV Litoral\"},\"image\":{\"@id\":\"https:\\\/\\\/redelitoralrs.com\\\/#\\\/schema\\\/logo\\\/image\\\/\"},\"sameAs\":[\"https:\\\/\\\/www.facebook.com\\\/tvlitoralrsoficial\",\"https:\\\/\\\/www.instagram.com\\\/tvlitoral.rs\"]},{\"@type\":\"Person\",\"@id\":\"https:\\\/\\\/redelitoralrs.com\\\/#\\\/schema\\\/person\\\/9f8181f2a7359dd3986f05ebaf5bd68a\",\"name\":\"Reda\u00e7\u00e3o TV Litoral\",\"image\":{\"@type\":\"ImageObject\",\"inLanguage\":\"pt-BR\",\"@id\":\"https:\\\/\\\/redelitoralrs.com\\\/wp-content\\\/litespeed\\\/avatar\\\/779aafbb45e66c7f82733e21abb48259.jpg?ver=1777561602\",\"url\":\"https:\\\/\\\/redelitoralrs.com\\\/wp-content\\\/litespeed\\\/avatar\\\/779aafbb45e66c7f82733e21abb48259.jpg?ver=1777561602\",\"contentUrl\":\"https:\\\/\\\/redelitoralrs.com\\\/wp-content\\\/litespeed\\\/avatar\\\/779aafbb45e66c7f82733e21abb48259.jpg?ver=1777561602\",\"caption\":\"Reda\u00e7\u00e3o TV Litoral\"},\"description\":\"A Rede Litoral de Comunica\u00e7\u00e3o \u00e9 um grupo de m\u00eddia multiplataforma do Litoral Norte do RS. Com atua\u00e7\u00e3o em TV, r\u00e1dio, portal e redes sociais, levamos informa\u00e7\u00e3o, conte\u00fado e entretenimento \u00e0 comunidade, fortalecendo a comunica\u00e7\u00e3o local e impulsionando o desenvolvimento regional. Acompanhe atrav\u00e9s de @redelitoralrs.\",\"sameAs\":[\"https:\\\/\\\/redelitoralrs.com\",\"https:\\\/\\\/www.instagram.com\\\/redelitoralrs\",\"https:\\\/\\\/www.youtube.com\\\/@redelitoralrs\"],\"url\":\"https:\\\/\\\/redelitoralrs.com\\\/index.php\\\/author\\\/redacaotvlitoral\\\/\"}]}<\/script>\n<!-- \/ Yoast SEO plugin. -->","yoast_head_json":{"title":"Temporal assusta o Litoral Norte e deixa feridos em Os\u00f3rio - Rede Litoral RS","robots":{"index":"index","follow":"follow","max-snippet":"max-snippet:-1","max-image-preview":"max-image-preview:large","max-video-preview":"max-video-preview:-1"},"canonical":"https:\/\/redelitoralrs.com\/index.php\/2025\/02\/17\/temporal-assusta-o-litoral-norte-e-deixa-feridos-em-osorio\/","og_locale":"pt_BR","og_type":"article","og_title":"Temporal assusta o Litoral Norte e deixa feridos em Os\u00f3rio - Rede Litoral RS","og_description":"Um forte temporal atingiu o Litoral Norte do Rio Grande do Sul na noite deste domingo (16), causando estragos em diversas cidades e deixando feridos em Os\u00f3rio. Os ventos, que superaram 100 km\/h, acompanhados de chuvas intensas e grande incid\u00eancia de raios, surpreenderam moradores e veranistas. Cap\u00e3o da Canoa Em Cap\u00e3o da Canoa, muitas pessoas [&hellip;]","og_url":"https:\/\/redelitoralrs.com\/index.php\/2025\/02\/17\/temporal-assusta-o-litoral-norte-e-deixa-feridos-em-osorio\/","og_site_name":"Rede Litoral RS","article_publisher":"https:\/\/www.facebook.com\/tvlitoralrsoficial","article_published_time":"2025-02-17T17:02:26+00:00","article_modified_time":"2025-02-17T18:21:45+00:00","og_image":[{"width":1600,"height":1069,"url":"https:\/\/redelitoralrs.com\/wp-content\/uploads\/2025\/02\/WhatsApp-Image-2025-02-17-at-11.11.18-2.jpeg","type":"image\/jpeg"}],"author":"Reda\u00e7\u00e3o TV Litoral","twitter_card":"summary_large_image","twitter_misc":{"Escrito por":"Reda\u00e7\u00e3o TV Litoral","Est. tempo de leitura":"10 minutos"},"schema":{"@context":"https:\/\/schema.org","@graph":[{"@type":"Article","@id":"https:\/\/redelitoralrs.com\/index.php\/2025\/02\/17\/temporal-assusta-o-litoral-norte-e-deixa-feridos-em-osorio\/#article","isPartOf":{"@id":"https:\/\/redelitoralrs.com\/index.php\/2025\/02\/17\/temporal-assusta-o-litoral-norte-e-deixa-feridos-em-osorio\/"},"author":{"name":"Reda\u00e7\u00e3o TV Litoral","@id":"https:\/\/redelitoralrs.com\/#\/schema\/person\/9f8181f2a7359dd3986f05ebaf5bd68a"},"headline":"Temporal assusta o Litoral Norte e deixa feridos em Os\u00f3rio","datePublished":"2025-02-17T17:02:26+00:00","dateModified":"2025-02-17T18:21:45+00:00","mainEntityOfPage":{"@id":"https:\/\/redelitoralrs.com\/index.php\/2025\/02\/17\/temporal-assusta-o-litoral-norte-e-deixa-feridos-em-osorio\/"},"wordCount":704,"commentCount":0,"publisher":{"@id":"https:\/\/redelitoralrs.com\/#organization"},"image":{"@id":"https:\/\/redelitoralrs.com\/index.php\/2025\/02\/17\/temporal-assusta-o-litoral-norte-e-deixa-feridos-em-osorio\/#primaryimage"},"thumbnailUrl":"https:\/\/redelitoralrs.com\/wp-content\/uploads\/2025\/02\/WhatsApp-Image-2025-02-17-at-11.11.18-2.jpeg","articleSection":["Litoral Norte","\u00daltimas not\u00edcias"],"inLanguage":"pt-BR","potentialAction":[{"@type":"CommentAction","name":"Comment","target":["https:\/\/redelitoralrs.com\/index.php\/2025\/02\/17\/temporal-assusta-o-litoral-norte-e-deixa-feridos-em-osorio\/#respond"]}]},{"@type":"WebPage","@id":"https:\/\/redelitoralrs.com\/index.php\/2025\/02\/17\/temporal-assusta-o-litoral-norte-e-deixa-feridos-em-osorio\/","url":"https:\/\/redelitoralrs.com\/index.php\/2025\/02\/17\/temporal-assusta-o-litoral-norte-e-deixa-feridos-em-osorio\/","name":"Temporal assusta o Litoral Norte e deixa feridos em Os\u00f3rio - Rede Litoral RS","isPartOf":{"@id":"https:\/\/redelitoralrs.com\/#website"},"primaryImageOfPage":{"@id":"https:\/\/redelitoralrs.com\/index.php\/2025\/02\/17\/temporal-assusta-o-litoral-norte-e-deixa-feridos-em-osorio\/#primaryimage"},"image":{"@id":"https:\/\/redelitoralrs.com\/index.php\/2025\/02\/17\/temporal-assusta-o-litoral-norte-e-deixa-feridos-em-osorio\/#primaryimage"},"thumbnailUrl":"https:\/\/redelitoralrs.com\/wp-content\/uploads\/2025\/02\/WhatsApp-Image-2025-02-17-at-11.11.18-2.jpeg","datePublished":"2025-02-17T17:02:26+00:00","dateModified":"2025-02-17T18:21:45+00:00","breadcrumb":{"@id":"https:\/\/redelitoralrs.com\/index.php\/2025\/02\/17\/temporal-assusta-o-litoral-norte-e-deixa-feridos-em-osorio\/#breadcrumb"},"inLanguage":"pt-BR","potentialAction":[{"@type":"ReadAction","target":["https:\/\/redelitoralrs.com\/index.php\/2025\/02\/17\/temporal-assusta-o-litoral-norte-e-deixa-feridos-em-osorio\/"]}]},{"@type":"ImageObject","inLanguage":"pt-BR","@id":"https:\/\/redelitoralrs.com\/index.php\/2025\/02\/17\/temporal-assusta-o-litoral-norte-e-deixa-feridos-em-osorio\/#primaryimage","url":"https:\/\/redelitoralrs.com\/wp-content\/uploads\/2025\/02\/WhatsApp-Image-2025-02-17-at-11.11.18-2.jpeg","contentUrl":"https:\/\/redelitoralrs.com\/wp-content\/uploads\/2025\/02\/WhatsApp-Image-2025-02-17-at-11.11.18-2.jpeg","width":1600,"height":1069,"caption":"Foto: Ascom PMO"},{"@type":"BreadcrumbList","@id":"https:\/\/redelitoralrs.com\/index.php\/2025\/02\/17\/temporal-assusta-o-litoral-norte-e-deixa-feridos-em-osorio\/#breadcrumb","itemListElement":[{"@type":"ListItem","position":1,"name":"In\u00edcio","item":"https:\/\/redelitoralrs.com\/"},{"@type":"ListItem","position":2,"name":"Temporal assusta o Litoral Norte e deixa feridos em Os\u00f3rio"}]},{"@type":"WebSite","@id":"https:\/\/redelitoralrs.com\/#website","url":"https:\/\/redelitoralrs.com\/","name":"TV Litoral","description":"Acompanhe tudo do litoral ga\u00facho com a cobertura completa e atualizada da Rede Litoral RS. Nossos jornalistas trazem as \u00faltimas not\u00edcias, os acontecimentos mais quentes e as hist\u00f3rias que importam sobre nosso amado litoral.","publisher":{"@id":"https:\/\/redelitoralrs.com\/#organization"},"potentialAction":[{"@type":"SearchAction","target":{"@type":"EntryPoint","urlTemplate":"https:\/\/redelitoralrs.com\/?s={search_term_string}"},"query-input":{"@type":"PropertyValueSpecification","valueRequired":true,"valueName":"search_term_string"}}],"inLanguage":"pt-BR"},{"@type":"Organization","@id":"https:\/\/redelitoralrs.com\/#organization","name":"TV Litoral","url":"https:\/\/redelitoralrs.com\/","logo":{"@type":"ImageObject","inLanguage":"pt-BR","@id":"https:\/\/redelitoralrs.com\/#\/schema\/logo\/image\/","url":"https:\/\/redelitoralrs.com\/wp-content\/uploads\/2024\/01\/faviconicon-1-1.png","contentUrl":"https:\/\/redelitoralrs.com\/wp-content\/uploads\/2024\/01\/faviconicon-1-1.png","width":454,"height":454,"caption":"TV Litoral"},"image":{"@id":"https:\/\/redelitoralrs.com\/#\/schema\/logo\/image\/"},"sameAs":["https:\/\/www.facebook.com\/tvlitoralrsoficial","https:\/\/www.instagram.com\/tvlitoral.rs"]},{"@type":"Person","@id":"https:\/\/redelitoralrs.com\/#\/schema\/person\/9f8181f2a7359dd3986f05ebaf5bd68a","name":"Reda\u00e7\u00e3o TV Litoral","image":{"@type":"ImageObject","inLanguage":"pt-BR","@id":"https:\/\/redelitoralrs.com\/wp-content\/litespeed\/avatar\/779aafbb45e66c7f82733e21abb48259.jpg?ver=1777561602","url":"https:\/\/redelitoralrs.com\/wp-content\/litespeed\/avatar\/779aafbb45e66c7f82733e21abb48259.jpg?ver=1777561602","contentUrl":"https:\/\/redelitoralrs.com\/wp-content\/litespeed\/avatar\/779aafbb45e66c7f82733e21abb48259.jpg?ver=1777561602","caption":"Reda\u00e7\u00e3o TV Litoral"},"description":"A Rede Litoral de Comunica\u00e7\u00e3o \u00e9 um grupo de m\u00eddia multiplataforma do Litoral Norte do RS. Com atua\u00e7\u00e3o em TV, r\u00e1dio, portal e redes sociais, levamos informa\u00e7\u00e3o, conte\u00fado e entretenimento \u00e0 comunidade, fortalecendo a comunica\u00e7\u00e3o local e impulsionando o desenvolvimento regional. Acompanhe atrav\u00e9s de @redelitoralrs.","sameAs":["https:\/\/redelitoralrs.com","https:\/\/www.instagram.com\/redelitoralrs","https:\/\/www.youtube.com\/@redelitoralrs"],"url":"https:\/\/redelitoralrs.com\/index.php\/author\/redacaotvlitoral\/"}]}},"_links":{"self":[{"href":"https:\/\/redelitoralrs.com\/index.php\/wp-json\/wp\/v2\/posts\/6585","targetHints":{"allow":["GET"]}}],"collection":[{"href":"https:\/\/redelitoralrs.com\/index.php\/wp-json\/wp\/v2\/posts"}],"about":[{"href":"https:\/\/redelitoralrs.com\/index.php\/wp-json\/wp\/v2\/types\/post"}],"author":[{"embeddable":true,"href":"https:\/\/redelitoralrs.com\/index.php\/wp-json\/wp\/v2\/users\/2"}],"replies":[{"embeddable":true,"href":"https:\/\/redelitoralrs.com\/index.php\/wp-json\/wp\/v2\/comments?post=6585"}],"version-history":[{"count":7,"href":"https:\/\/redelitoralrs.com\/index.php\/wp-json\/wp\/v2\/posts\/6585\/revisions"}],"predecessor-version":[{"id":6639,"href":"https:\/\/redelitoralrs.com\/index.php\/wp-json\/wp\/v2\/posts\/6585\/revisions\/6639"}],"wp:featuredmedia":[{"embeddable":true,"href":"https:\/\/redelitoralrs.com\/index.php\/wp-json\/wp\/v2\/media\/6622"}],"wp:attachment":[{"href":"https:\/\/redelitoralrs.com\/index.php\/wp-json\/wp\/v2\/media?parent=6585"}],"wp:term":[{"taxonomy":"category","embeddable":true,"href":"https:\/\/redelitoralrs.com\/index.php\/wp-json\/wp\/v2\/categories?post=6585"},{"taxonomy":"post_tag","embeddable":true,"href":"https:\/\/redelitoralrs.com\/index.php\/wp-json\/wp\/v2\/tags?post=6585"}],"curies":[{"name":"wp","href":"https:\/\/api.w.org\/{rel}","templated":true}]}}