{"id":657,"date":"2024-02-15T13:05:54","date_gmt":"2024-02-15T16:05:54","guid":{"rendered":"https:\/\/redelitoralrs.com\/?p=657"},"modified":"2024-02-15T13:05:54","modified_gmt":"2024-02-15T16:05:54","slug":"preso-um-dos-envolvidos-em-triplo-homicidio-na-praia-de-magisterio-no-litoral-norte","status":"publish","type":"post","link":"https:\/\/redelitoralrs.com\/index.php\/2024\/02\/15\/preso-um-dos-envolvidos-em-triplo-homicidio-na-praia-de-magisterio-no-litoral-norte\/","title":{"rendered":"Preso um dos envolvidos em triplo homic\u00eddio na praia de Magist\u00e9rio, no litoral Norte"},"content":{"rendered":"\n<p>A Pol\u00edcia Civil prendeu, na madrugada desta quinta-feira(15), um dos suspeitos de envolvimento no <a href=\"https:\/\/redelitoralrs.com\/index.php\/2024\/02\/14\/ataque-a-tiros-deixa-tres-mortos-na-praia-de-magisterio\/\" data-type=\"link\" data-id=\"https:\/\/redelitoralrs.com\/index.php\/2024\/02\/14\/ataque-a-tiros-deixa-tres-mortos-na-praia-de-magisterio\/\">ataque a tiros que deixou tr\u00eas mortos na praia de Magist\u00e9rio, em Balne\u00e1rio Pinhal<\/a>, no litoral Norte. Pelo menos outros tr\u00eas homens permanecem foragidos. A institui\u00e7\u00e3o n\u00e3o descarta o envolvimento de mais pessoas no crime, ocorrido na manh\u00e3 de quarta-feira.<\/p>\n\n\n\n<p>O suspeito tem 23 anos e foi preso em casa, na rua Mato Grosso, no bairro Piratini, em Alvorada, na regi\u00e3o Metropolitana. Ele teria atuado como motorista dos criminosos, durante a fuga ap\u00f3s o triplo homic\u00eddio. A ficha criminal dele soma registros por tr\u00e1fico, roubo e amea\u00e7a, entre outros.<\/p>\n\n\n\n<p>Segundo a Brigada Militar, o atentado ocorreu pr\u00f3ximo \u00e0s 8h30min, na esquina das ruas Santa Cruz e Rui Barbosa. Testemunhas relatam que um trio, sa\u00eddo de um ve\u00edculo Gol de cor prata, invadiu uma resid\u00eancia e alvejou os moradores.<\/p>\n\n\n\n<p>Dentro da casa foi morto um homem de 48 anos, que respondia por tr\u00e1fico, recepta\u00e7\u00e3o, dano, embriaguez, les\u00e3o corporal e porte ilegal de arma de fogo. Ainda foi morto um jovem de 24 anos, que n\u00e3o tinha antecedentes. Outras pessoas tamb\u00e9m estavam no im\u00f3vel, inclusive crian\u00e7as. Aproximadamente 50 proj\u00e9teis e estojos de pistolas, calibre 9 mil\u00edmetros e .40, foram recolhidos no local.<\/p>\n\n\n\n<p>A terceira morte ocorreu na parte externa da resid\u00eancia. A v\u00edtima era um adolescente de 16 anos, que foi baleado em via p\u00fablica. Ele teria sido morto ap\u00f3s indicar aos executores a casa onde estavam as outras v\u00edtimas. A execu\u00e7\u00e3o dele \u00e9 investigada como queima de arquivo. Em outras palavras, o menor de idade morreu apenas por ter testemunhado o crime.<\/p>\n\n\n\n<p>A suspeito \u00e9 que o ocorrido seja fruto de disputas internas de uma fac\u00e7\u00e3o. De acordo com policiais civis, o principal alvo era um homem conhecido como Beleza, que n\u00e3o estava no im\u00f3vel no momento do ataque.Beleza \u00e9 apontado como uma das lideran\u00e7as do crime organizado na praia de Magist\u00e9rio. Ele seria integrante de uma fac\u00e7\u00e3o criada no bairro Bom Jesus, na zona Leste de Porto Alegre, mas que tamb\u00e9m criou ramifica\u00e7\u00f5es no litoral Norte.<\/p>\n\n\n\n<p>Conforme a investiga\u00e7\u00e3o, outros membros do grupo reivindicavam o controle da venda de drogas na localidade. O atentado teria ocorrido porque Beleza se recusava a ceder o ponto de tr\u00e1fico. Os dois mortos dentro do im\u00f3vel eram pai e irm\u00e3o dele. A dupla tamb\u00e9m teria envolvimento com a fac\u00e7\u00e3o.<\/p>\n","protected":false},"excerpt":{"rendered":"<p>Homem de 23 anos foi preso em Alvorada; ele teria atuado como motorista na fuga dos criminosos ap\u00f3s o ataque<\/p>\n","protected":false},"author":2,"featured_media":658,"comment_status":"open","ping_status":"open","sticky":false,"template":"","format":"standard","meta":{"_themeisle_gutenberg_block_has_review":false,"footnotes":""},"categories":[15],"tags":[],"class_list":["post-657","post","type-post","status-publish","format-standard","has-post-thumbnail","hentry","category-noticias"],"yoast_head":"<!-- This site is optimized with the Yoast SEO plugin v27.4 - https:\/\/yoast.com\/product\/yoast-seo-wordpress\/ -->\n<title>Preso um dos envolvidos em triplo homic\u00eddio na praia de Magist\u00e9rio, no litoral Norte - Rede Litoral RS<\/title>\n<meta name=\"robots\" content=\"index, follow, max-snippet:-1, max-image-preview:large, max-video-preview:-1\" \/>\n<link rel=\"canonical\" href=\"https:\/\/redelitoralrs.com\/index.php\/2024\/02\/15\/preso-um-dos-envolvidos-em-triplo-homicidio-na-praia-de-magisterio-no-litoral-norte\/\" \/>\n<meta property=\"og:locale\" content=\"pt_BR\" \/>\n<meta property=\"og:type\" content=\"article\" \/>\n<meta property=\"og:title\" content=\"Preso um dos envolvidos em triplo homic\u00eddio na praia de Magist\u00e9rio, no litoral Norte - Rede Litoral RS\" \/>\n<meta property=\"og:description\" content=\"Homem de 23 anos foi preso em Alvorada; ele teria atuado como motorista na fuga dos criminosos ap\u00f3s o ataque\" \/>\n<meta property=\"og:url\" content=\"https:\/\/redelitoralrs.com\/index.php\/2024\/02\/15\/preso-um-dos-envolvidos-em-triplo-homicidio-na-praia-de-magisterio-no-litoral-norte\/\" \/>\n<meta property=\"og:site_name\" content=\"Rede Litoral RS\" \/>\n<meta property=\"article:publisher\" content=\"https:\/\/www.facebook.com\/tvlitoralrsoficial\" \/>\n<meta property=\"article:published_time\" content=\"2024-02-15T16:05:54+00:00\" \/>\n<meta property=\"og:image\" content=\"https:\/\/redelitoralrs.com\/wp-content\/uploads\/2024\/02\/WhatsApp-Image-2024-02-14-at-13-46-32.jpeg\" \/>\n\t<meta property=\"og:image:width\" content=\"720\" \/>\n\t<meta property=\"og:image:height\" content=\"360\" \/>\n\t<meta property=\"og:image:type\" content=\"image\/jpeg\" \/>\n<meta name=\"author\" content=\"Reda\u00e7\u00e3o TV Litoral\" \/>\n<meta name=\"twitter:card\" content=\"summary_large_image\" \/>\n<meta name=\"twitter:label1\" content=\"Escrito por\" \/>\n\t<meta name=\"twitter:data1\" content=\"Reda\u00e7\u00e3o TV Litoral\" \/>\n\t<meta name=\"twitter:label2\" content=\"Est. tempo de leitura\" \/>\n\t<meta name=\"twitter:data2\" content=\"2 minutos\" \/>\n<script type=\"application\/ld+json\" class=\"yoast-schema-graph\">{\"@context\":\"https:\\\/\\\/schema.org\",\"@graph\":[{\"@type\":\"Article\",\"@id\":\"https:\\\/\\\/redelitoralrs.com\\\/index.php\\\/2024\\\/02\\\/15\\\/preso-um-dos-envolvidos-em-triplo-homicidio-na-praia-de-magisterio-no-litoral-norte\\\/#article\",\"isPartOf\":{\"@id\":\"https:\\\/\\\/redelitoralrs.com\\\/index.php\\\/2024\\\/02\\\/15\\\/preso-um-dos-envolvidos-em-triplo-homicidio-na-praia-de-magisterio-no-litoral-norte\\\/\"},\"author\":{\"name\":\"Reda\u00e7\u00e3o TV Litoral\",\"@id\":\"https:\\\/\\\/redelitoralrs.com\\\/#\\\/schema\\\/person\\\/9f8181f2a7359dd3986f05ebaf5bd68a\"},\"headline\":\"Preso um dos envolvidos em triplo homic\u00eddio na praia de Magist\u00e9rio, no litoral Norte\",\"datePublished\":\"2024-02-15T16:05:54+00:00\",\"mainEntityOfPage\":{\"@id\":\"https:\\\/\\\/redelitoralrs.com\\\/index.php\\\/2024\\\/02\\\/15\\\/preso-um-dos-envolvidos-em-triplo-homicidio-na-praia-de-magisterio-no-litoral-norte\\\/\"},\"wordCount\":442,\"commentCount\":0,\"publisher\":{\"@id\":\"https:\\\/\\\/redelitoralrs.com\\\/#organization\"},\"image\":{\"@id\":\"https:\\\/\\\/redelitoralrs.com\\\/index.php\\\/2024\\\/02\\\/15\\\/preso-um-dos-envolvidos-em-triplo-homicidio-na-praia-de-magisterio-no-litoral-norte\\\/#primaryimage\"},\"thumbnailUrl\":\"https:\\\/\\\/redelitoralrs.com\\\/wp-content\\\/uploads\\\/2024\\\/02\\\/WhatsApp-Image-2024-02-14-at-13-46-32.jpeg\",\"articleSection\":[\"\u00daltimas not\u00edcias\"],\"inLanguage\":\"pt-BR\",\"potentialAction\":[{\"@type\":\"CommentAction\",\"name\":\"Comment\",\"target\":[\"https:\\\/\\\/redelitoralrs.com\\\/index.php\\\/2024\\\/02\\\/15\\\/preso-um-dos-envolvidos-em-triplo-homicidio-na-praia-de-magisterio-no-litoral-norte\\\/#respond\"]}]},{\"@type\":\"WebPage\",\"@id\":\"https:\\\/\\\/redelitoralrs.com\\\/index.php\\\/2024\\\/02\\\/15\\\/preso-um-dos-envolvidos-em-triplo-homicidio-na-praia-de-magisterio-no-litoral-norte\\\/\",\"url\":\"https:\\\/\\\/redelitoralrs.com\\\/index.php\\\/2024\\\/02\\\/15\\\/preso-um-dos-envolvidos-em-triplo-homicidio-na-praia-de-magisterio-no-litoral-norte\\\/\",\"name\":\"Preso um dos envolvidos em triplo homic\u00eddio na praia de Magist\u00e9rio, no litoral Norte - Rede Litoral RS\",\"isPartOf\":{\"@id\":\"https:\\\/\\\/redelitoralrs.com\\\/#website\"},\"primaryImageOfPage\":{\"@id\":\"https:\\\/\\\/redelitoralrs.com\\\/index.php\\\/2024\\\/02\\\/15\\\/preso-um-dos-envolvidos-em-triplo-homicidio-na-praia-de-magisterio-no-litoral-norte\\\/#primaryimage\"},\"image\":{\"@id\":\"https:\\\/\\\/redelitoralrs.com\\\/index.php\\\/2024\\\/02\\\/15\\\/preso-um-dos-envolvidos-em-triplo-homicidio-na-praia-de-magisterio-no-litoral-norte\\\/#primaryimage\"},\"thumbnailUrl\":\"https:\\\/\\\/redelitoralrs.com\\\/wp-content\\\/uploads\\\/2024\\\/02\\\/WhatsApp-Image-2024-02-14-at-13-46-32.jpeg\",\"datePublished\":\"2024-02-15T16:05:54+00:00\",\"breadcrumb\":{\"@id\":\"https:\\\/\\\/redelitoralrs.com\\\/index.php\\\/2024\\\/02\\\/15\\\/preso-um-dos-envolvidos-em-triplo-homicidio-na-praia-de-magisterio-no-litoral-norte\\\/#breadcrumb\"},\"inLanguage\":\"pt-BR\",\"potentialAction\":[{\"@type\":\"ReadAction\",\"target\":[\"https:\\\/\\\/redelitoralrs.com\\\/index.php\\\/2024\\\/02\\\/15\\\/preso-um-dos-envolvidos-em-triplo-homicidio-na-praia-de-magisterio-no-litoral-norte\\\/\"]}]},{\"@type\":\"ImageObject\",\"inLanguage\":\"pt-BR\",\"@id\":\"https:\\\/\\\/redelitoralrs.com\\\/index.php\\\/2024\\\/02\\\/15\\\/preso-um-dos-envolvidos-em-triplo-homicidio-na-praia-de-magisterio-no-litoral-norte\\\/#primaryimage\",\"url\":\"https:\\\/\\\/redelitoralrs.com\\\/wp-content\\\/uploads\\\/2024\\\/02\\\/WhatsApp-Image-2024-02-14-at-13-46-32.jpeg\",\"contentUrl\":\"https:\\\/\\\/redelitoralrs.com\\\/wp-content\\\/uploads\\\/2024\\\/02\\\/WhatsApp-Image-2024-02-14-at-13-46-32.jpeg\",\"width\":720,\"height\":360},{\"@type\":\"BreadcrumbList\",\"@id\":\"https:\\\/\\\/redelitoralrs.com\\\/index.php\\\/2024\\\/02\\\/15\\\/preso-um-dos-envolvidos-em-triplo-homicidio-na-praia-de-magisterio-no-litoral-norte\\\/#breadcrumb\",\"itemListElement\":[{\"@type\":\"ListItem\",\"position\":1,\"name\":\"In\u00edcio\",\"item\":\"https:\\\/\\\/redelitoralrs.com\\\/\"},{\"@type\":\"ListItem\",\"position\":2,\"name\":\"Preso um dos envolvidos em triplo homic\u00eddio na praia de Magist\u00e9rio, no litoral Norte\"}]},{\"@type\":\"WebSite\",\"@id\":\"https:\\\/\\\/redelitoralrs.com\\\/#website\",\"url\":\"https:\\\/\\\/redelitoralrs.com\\\/\",\"name\":\"TV Litoral\",\"description\":\"Acompanhe tudo do litoral ga\u00facho com a cobertura completa e atualizada da Rede Litoral RS. Nossos jornalistas trazem as \u00faltimas not\u00edcias, os acontecimentos mais quentes e as hist\u00f3rias que importam sobre nosso amado litoral.\",\"publisher\":{\"@id\":\"https:\\\/\\\/redelitoralrs.com\\\/#organization\"},\"potentialAction\":[{\"@type\":\"SearchAction\",\"target\":{\"@type\":\"EntryPoint\",\"urlTemplate\":\"https:\\\/\\\/redelitoralrs.com\\\/?s={search_term_string}\"},\"query-input\":{\"@type\":\"PropertyValueSpecification\",\"valueRequired\":true,\"valueName\":\"search_term_string\"}}],\"inLanguage\":\"pt-BR\"},{\"@type\":\"Organization\",\"@id\":\"https:\\\/\\\/redelitoralrs.com\\\/#organization\",\"name\":\"TV Litoral\",\"url\":\"https:\\\/\\\/redelitoralrs.com\\\/\",\"logo\":{\"@type\":\"ImageObject\",\"inLanguage\":\"pt-BR\",\"@id\":\"https:\\\/\\\/redelitoralrs.com\\\/#\\\/schema\\\/logo\\\/image\\\/\",\"url\":\"https:\\\/\\\/redelitoralrs.com\\\/wp-content\\\/uploads\\\/2024\\\/01\\\/faviconicon-1-1.png\",\"contentUrl\":\"https:\\\/\\\/redelitoralrs.com\\\/wp-content\\\/uploads\\\/2024\\\/01\\\/faviconicon-1-1.png\",\"width\":454,\"height\":454,\"caption\":\"TV Litoral\"},\"image\":{\"@id\":\"https:\\\/\\\/redelitoralrs.com\\\/#\\\/schema\\\/logo\\\/image\\\/\"},\"sameAs\":[\"https:\\\/\\\/www.facebook.com\\\/tvlitoralrsoficial\",\"https:\\\/\\\/www.instagram.com\\\/tvlitoral.rs\"]},{\"@type\":\"Person\",\"@id\":\"https:\\\/\\\/redelitoralrs.com\\\/#\\\/schema\\\/person\\\/9f8181f2a7359dd3986f05ebaf5bd68a\",\"name\":\"Reda\u00e7\u00e3o TV Litoral\",\"image\":{\"@type\":\"ImageObject\",\"inLanguage\":\"pt-BR\",\"@id\":\"https:\\\/\\\/redelitoralrs.com\\\/wp-content\\\/litespeed\\\/avatar\\\/779aafbb45e66c7f82733e21abb48259.jpg?ver=1777561602\",\"url\":\"https:\\\/\\\/redelitoralrs.com\\\/wp-content\\\/litespeed\\\/avatar\\\/779aafbb45e66c7f82733e21abb48259.jpg?ver=1777561602\",\"contentUrl\":\"https:\\\/\\\/redelitoralrs.com\\\/wp-content\\\/litespeed\\\/avatar\\\/779aafbb45e66c7f82733e21abb48259.jpg?ver=1777561602\",\"caption\":\"Reda\u00e7\u00e3o TV Litoral\"},\"description\":\"A Rede Litoral de Comunica\u00e7\u00e3o \u00e9 um grupo de m\u00eddia multiplataforma do Litoral Norte do RS. Com atua\u00e7\u00e3o em TV, r\u00e1dio, portal e redes sociais, levamos informa\u00e7\u00e3o, conte\u00fado e entretenimento \u00e0 comunidade, fortalecendo a comunica\u00e7\u00e3o local e impulsionando o desenvolvimento regional. Acompanhe atrav\u00e9s de @redelitoralrs.\",\"sameAs\":[\"https:\\\/\\\/redelitoralrs.com\",\"https:\\\/\\\/www.instagram.com\\\/redelitoralrs\",\"https:\\\/\\\/www.youtube.com\\\/@redelitoralrs\"],\"url\":\"https:\\\/\\\/redelitoralrs.com\\\/index.php\\\/author\\\/redacaotvlitoral\\\/\"}]}<\/script>\n<!-- \/ Yoast SEO plugin. -->","yoast_head_json":{"title":"Preso um dos envolvidos em triplo homic\u00eddio na praia de Magist\u00e9rio, no litoral Norte - Rede Litoral RS","robots":{"index":"index","follow":"follow","max-snippet":"max-snippet:-1","max-image-preview":"max-image-preview:large","max-video-preview":"max-video-preview:-1"},"canonical":"https:\/\/redelitoralrs.com\/index.php\/2024\/02\/15\/preso-um-dos-envolvidos-em-triplo-homicidio-na-praia-de-magisterio-no-litoral-norte\/","og_locale":"pt_BR","og_type":"article","og_title":"Preso um dos envolvidos em triplo homic\u00eddio na praia de Magist\u00e9rio, no litoral Norte - Rede Litoral RS","og_description":"Homem de 23 anos foi preso em Alvorada; ele teria atuado como motorista na fuga dos criminosos ap\u00f3s o ataque","og_url":"https:\/\/redelitoralrs.com\/index.php\/2024\/02\/15\/preso-um-dos-envolvidos-em-triplo-homicidio-na-praia-de-magisterio-no-litoral-norte\/","og_site_name":"Rede Litoral RS","article_publisher":"https:\/\/www.facebook.com\/tvlitoralrsoficial","article_published_time":"2024-02-15T16:05:54+00:00","og_image":[{"width":720,"height":360,"url":"https:\/\/redelitoralrs.com\/wp-content\/uploads\/2024\/02\/WhatsApp-Image-2024-02-14-at-13-46-32.jpeg","type":"image\/jpeg"}],"author":"Reda\u00e7\u00e3o TV Litoral","twitter_card":"summary_large_image","twitter_misc":{"Escrito por":"Reda\u00e7\u00e3o TV Litoral","Est. tempo de leitura":"2 minutos"},"schema":{"@context":"https:\/\/schema.org","@graph":[{"@type":"Article","@id":"https:\/\/redelitoralrs.com\/index.php\/2024\/02\/15\/preso-um-dos-envolvidos-em-triplo-homicidio-na-praia-de-magisterio-no-litoral-norte\/#article","isPartOf":{"@id":"https:\/\/redelitoralrs.com\/index.php\/2024\/02\/15\/preso-um-dos-envolvidos-em-triplo-homicidio-na-praia-de-magisterio-no-litoral-norte\/"},"author":{"name":"Reda\u00e7\u00e3o TV Litoral","@id":"https:\/\/redelitoralrs.com\/#\/schema\/person\/9f8181f2a7359dd3986f05ebaf5bd68a"},"headline":"Preso um dos envolvidos em triplo homic\u00eddio na praia de Magist\u00e9rio, no litoral Norte","datePublished":"2024-02-15T16:05:54+00:00","mainEntityOfPage":{"@id":"https:\/\/redelitoralrs.com\/index.php\/2024\/02\/15\/preso-um-dos-envolvidos-em-triplo-homicidio-na-praia-de-magisterio-no-litoral-norte\/"},"wordCount":442,"commentCount":0,"publisher":{"@id":"https:\/\/redelitoralrs.com\/#organization"},"image":{"@id":"https:\/\/redelitoralrs.com\/index.php\/2024\/02\/15\/preso-um-dos-envolvidos-em-triplo-homicidio-na-praia-de-magisterio-no-litoral-norte\/#primaryimage"},"thumbnailUrl":"https:\/\/redelitoralrs.com\/wp-content\/uploads\/2024\/02\/WhatsApp-Image-2024-02-14-at-13-46-32.jpeg","articleSection":["\u00daltimas not\u00edcias"],"inLanguage":"pt-BR","potentialAction":[{"@type":"CommentAction","name":"Comment","target":["https:\/\/redelitoralrs.com\/index.php\/2024\/02\/15\/preso-um-dos-envolvidos-em-triplo-homicidio-na-praia-de-magisterio-no-litoral-norte\/#respond"]}]},{"@type":"WebPage","@id":"https:\/\/redelitoralrs.com\/index.php\/2024\/02\/15\/preso-um-dos-envolvidos-em-triplo-homicidio-na-praia-de-magisterio-no-litoral-norte\/","url":"https:\/\/redelitoralrs.com\/index.php\/2024\/02\/15\/preso-um-dos-envolvidos-em-triplo-homicidio-na-praia-de-magisterio-no-litoral-norte\/","name":"Preso um dos envolvidos em triplo homic\u00eddio na praia de Magist\u00e9rio, no litoral Norte - Rede Litoral RS","isPartOf":{"@id":"https:\/\/redelitoralrs.com\/#website"},"primaryImageOfPage":{"@id":"https:\/\/redelitoralrs.com\/index.php\/2024\/02\/15\/preso-um-dos-envolvidos-em-triplo-homicidio-na-praia-de-magisterio-no-litoral-norte\/#primaryimage"},"image":{"@id":"https:\/\/redelitoralrs.com\/index.php\/2024\/02\/15\/preso-um-dos-envolvidos-em-triplo-homicidio-na-praia-de-magisterio-no-litoral-norte\/#primaryimage"},"thumbnailUrl":"https:\/\/redelitoralrs.com\/wp-content\/uploads\/2024\/02\/WhatsApp-Image-2024-02-14-at-13-46-32.jpeg","datePublished":"2024-02-15T16:05:54+00:00","breadcrumb":{"@id":"https:\/\/redelitoralrs.com\/index.php\/2024\/02\/15\/preso-um-dos-envolvidos-em-triplo-homicidio-na-praia-de-magisterio-no-litoral-norte\/#breadcrumb"},"inLanguage":"pt-BR","potentialAction":[{"@type":"ReadAction","target":["https:\/\/redelitoralrs.com\/index.php\/2024\/02\/15\/preso-um-dos-envolvidos-em-triplo-homicidio-na-praia-de-magisterio-no-litoral-norte\/"]}]},{"@type":"ImageObject","inLanguage":"pt-BR","@id":"https:\/\/redelitoralrs.com\/index.php\/2024\/02\/15\/preso-um-dos-envolvidos-em-triplo-homicidio-na-praia-de-magisterio-no-litoral-norte\/#primaryimage","url":"https:\/\/redelitoralrs.com\/wp-content\/uploads\/2024\/02\/WhatsApp-Image-2024-02-14-at-13-46-32.jpeg","contentUrl":"https:\/\/redelitoralrs.com\/wp-content\/uploads\/2024\/02\/WhatsApp-Image-2024-02-14-at-13-46-32.jpeg","width":720,"height":360},{"@type":"BreadcrumbList","@id":"https:\/\/redelitoralrs.com\/index.php\/2024\/02\/15\/preso-um-dos-envolvidos-em-triplo-homicidio-na-praia-de-magisterio-no-litoral-norte\/#breadcrumb","itemListElement":[{"@type":"ListItem","position":1,"name":"In\u00edcio","item":"https:\/\/redelitoralrs.com\/"},{"@type":"ListItem","position":2,"name":"Preso um dos envolvidos em triplo homic\u00eddio na praia de Magist\u00e9rio, no litoral Norte"}]},{"@type":"WebSite","@id":"https:\/\/redelitoralrs.com\/#website","url":"https:\/\/redelitoralrs.com\/","name":"TV Litoral","description":"Acompanhe tudo do litoral ga\u00facho com a cobertura completa e atualizada da Rede Litoral RS. Nossos jornalistas trazem as \u00faltimas not\u00edcias, os acontecimentos mais quentes e as hist\u00f3rias que importam sobre nosso amado litoral.","publisher":{"@id":"https:\/\/redelitoralrs.com\/#organization"},"potentialAction":[{"@type":"SearchAction","target":{"@type":"EntryPoint","urlTemplate":"https:\/\/redelitoralrs.com\/?s={search_term_string}"},"query-input":{"@type":"PropertyValueSpecification","valueRequired":true,"valueName":"search_term_string"}}],"inLanguage":"pt-BR"},{"@type":"Organization","@id":"https:\/\/redelitoralrs.com\/#organization","name":"TV Litoral","url":"https:\/\/redelitoralrs.com\/","logo":{"@type":"ImageObject","inLanguage":"pt-BR","@id":"https:\/\/redelitoralrs.com\/#\/schema\/logo\/image\/","url":"https:\/\/redelitoralrs.com\/wp-content\/uploads\/2024\/01\/faviconicon-1-1.png","contentUrl":"https:\/\/redelitoralrs.com\/wp-content\/uploads\/2024\/01\/faviconicon-1-1.png","width":454,"height":454,"caption":"TV Litoral"},"image":{"@id":"https:\/\/redelitoralrs.com\/#\/schema\/logo\/image\/"},"sameAs":["https:\/\/www.facebook.com\/tvlitoralrsoficial","https:\/\/www.instagram.com\/tvlitoral.rs"]},{"@type":"Person","@id":"https:\/\/redelitoralrs.com\/#\/schema\/person\/9f8181f2a7359dd3986f05ebaf5bd68a","name":"Reda\u00e7\u00e3o TV Litoral","image":{"@type":"ImageObject","inLanguage":"pt-BR","@id":"https:\/\/redelitoralrs.com\/wp-content\/litespeed\/avatar\/779aafbb45e66c7f82733e21abb48259.jpg?ver=1777561602","url":"https:\/\/redelitoralrs.com\/wp-content\/litespeed\/avatar\/779aafbb45e66c7f82733e21abb48259.jpg?ver=1777561602","contentUrl":"https:\/\/redelitoralrs.com\/wp-content\/litespeed\/avatar\/779aafbb45e66c7f82733e21abb48259.jpg?ver=1777561602","caption":"Reda\u00e7\u00e3o TV Litoral"},"description":"A Rede Litoral de Comunica\u00e7\u00e3o \u00e9 um grupo de m\u00eddia multiplataforma do Litoral Norte do RS. Com atua\u00e7\u00e3o em TV, r\u00e1dio, portal e redes sociais, levamos informa\u00e7\u00e3o, conte\u00fado e entretenimento \u00e0 comunidade, fortalecendo a comunica\u00e7\u00e3o local e impulsionando o desenvolvimento regional. Acompanhe atrav\u00e9s de @redelitoralrs.","sameAs":["https:\/\/redelitoralrs.com","https:\/\/www.instagram.com\/redelitoralrs","https:\/\/www.youtube.com\/@redelitoralrs"],"url":"https:\/\/redelitoralrs.com\/index.php\/author\/redacaotvlitoral\/"}]}},"_links":{"self":[{"href":"https:\/\/redelitoralrs.com\/index.php\/wp-json\/wp\/v2\/posts\/657","targetHints":{"allow":["GET"]}}],"collection":[{"href":"https:\/\/redelitoralrs.com\/index.php\/wp-json\/wp\/v2\/posts"}],"about":[{"href":"https:\/\/redelitoralrs.com\/index.php\/wp-json\/wp\/v2\/types\/post"}],"author":[{"embeddable":true,"href":"https:\/\/redelitoralrs.com\/index.php\/wp-json\/wp\/v2\/users\/2"}],"replies":[{"embeddable":true,"href":"https:\/\/redelitoralrs.com\/index.php\/wp-json\/wp\/v2\/comments?post=657"}],"version-history":[{"count":1,"href":"https:\/\/redelitoralrs.com\/index.php\/wp-json\/wp\/v2\/posts\/657\/revisions"}],"predecessor-version":[{"id":659,"href":"https:\/\/redelitoralrs.com\/index.php\/wp-json\/wp\/v2\/posts\/657\/revisions\/659"}],"wp:featuredmedia":[{"embeddable":true,"href":"https:\/\/redelitoralrs.com\/index.php\/wp-json\/wp\/v2\/media\/658"}],"wp:attachment":[{"href":"https:\/\/redelitoralrs.com\/index.php\/wp-json\/wp\/v2\/media?parent=657"}],"wp:term":[{"taxonomy":"category","embeddable":true,"href":"https:\/\/redelitoralrs.com\/index.php\/wp-json\/wp\/v2\/categories?post=657"},{"taxonomy":"post_tag","embeddable":true,"href":"https:\/\/redelitoralrs.com\/index.php\/wp-json\/wp\/v2\/tags?post=657"}],"curies":[{"name":"wp","href":"https:\/\/api.w.org\/{rel}","templated":true}]}}