{"id":6558,"date":"2025-02-17T11:54:52","date_gmt":"2025-02-17T14:54:52","guid":{"rendered":"https:\/\/redelitoralrs.com\/?p=6558"},"modified":"2025-02-17T14:49:42","modified_gmt":"2025-02-17T17:49:42","slug":"capao-da-canoa-recebe-competicao-de-guarda-vidas-no-municipio","status":"publish","type":"post","link":"https:\/\/redelitoralrs.com\/index.php\/2025\/02\/17\/capao-da-canoa-recebe-competicao-de-guarda-vidas-no-municipio\/","title":{"rendered":"Cap\u00e3o da Canoa recebe competi\u00e7\u00e3o de guarda-vidas no munic\u00edpio"},"content":{"rendered":"\n<p>Na \u00faltima sexta-feira (14), Cap\u00e3o da Canoa foi palco, pela primeira vez, de um evento que reuniu cerca de 50 guarda-vidas de diversas praias do Rio Grande do Sul para uma competi\u00e7\u00e3o marcada por desafios t\u00e9cnicos e f\u00edsicos. A iniciativa teve como objetivo aprimorar as habilidades dos profissionais, promover a seguran\u00e7a aqu\u00e1tica e valorizar o trabalho realizado durante a temporada de veraneio.<\/p>\n\n\n\n<p>O evento contou tamb\u00e9m com o projeto Guarda-Vidas Mirim, que ofereceu \u00e0s crian\u00e7as uma oportunidade de aprender sobre preven\u00e7\u00e3o de afogamentos e boas pr\u00e1ticas no mar, incentivando desde cedo a conscientiza\u00e7\u00e3o sobre seguran\u00e7a na orla.<\/p>\n\n\n\n<p>Al\u00e9m das competi\u00e7\u00f5es e atividades educativas, o p\u00fablico presente p\u00f4de prestigiar um concurso de esculturas de areia, que trouxe um aspecto art\u00edstico ao evento, integrando esporte, cultura e lazer.<\/p>\n\n\n\n<figure class=\"wp-block-gallery has-nested-images columns-default is-cropped wp-block-gallery-1 is-layout-flex wp-block-gallery-is-layout-flex\">\n<figure class=\"wp-block-image size-large\"><img fetchpriority=\"high\" decoding=\"async\" width=\"1024\" height=\"820\" data-id=\"6583\" src=\"https:\/\/redelitoralrs.com\/wp-content\/uploads\/2025\/02\/IMG_9059-1024x820.jpeg\" alt=\"\" class=\"wp-image-6583\" srcset=\"https:\/\/redelitoralrs.com\/wp-content\/uploads\/2025\/02\/IMG_9059-1024x820.jpeg 1024w, https:\/\/redelitoralrs.com\/wp-content\/uploads\/2025\/02\/IMG_9059-300x240.jpeg 300w, https:\/\/redelitoralrs.com\/wp-content\/uploads\/2025\/02\/IMG_9059-768x615.jpeg 768w, https:\/\/redelitoralrs.com\/wp-content\/uploads\/2025\/02\/IMG_9059.jpeg 1127w\" sizes=\"(max-width: 1024px) 100vw, 1024px\" \/><figcaption class=\"wp-element-caption\">Foto: Imprensa PMCC<\/figcaption><\/figure>\n\n\n\n<figure class=\"wp-block-image size-large\"><img decoding=\"async\" width=\"1024\" height=\"827\" data-id=\"6581\" src=\"https:\/\/redelitoralrs.com\/wp-content\/uploads\/2025\/02\/IMG_9061-1024x827.jpeg\" alt=\"\" class=\"wp-image-6581\" srcset=\"https:\/\/redelitoralrs.com\/wp-content\/uploads\/2025\/02\/IMG_9061-1024x827.jpeg 1024w, https:\/\/redelitoralrs.com\/wp-content\/uploads\/2025\/02\/IMG_9061-300x242.jpeg 300w, https:\/\/redelitoralrs.com\/wp-content\/uploads\/2025\/02\/IMG_9061-768x621.jpeg 768w, https:\/\/redelitoralrs.com\/wp-content\/uploads\/2025\/02\/IMG_9061.jpeg 1141w\" sizes=\"(max-width: 1024px) 100vw, 1024px\" \/><figcaption class=\"wp-element-caption\">Foto: Imprensa PMCC<\/figcaption><\/figure>\n\n\n\n<figure class=\"wp-block-image size-large\"><img decoding=\"async\" width=\"1024\" height=\"752\" data-id=\"6582\" src=\"https:\/\/redelitoralrs.com\/wp-content\/uploads\/2025\/02\/IMG_9060-1024x752.jpeg\" alt=\"\" class=\"wp-image-6582\" srcset=\"https:\/\/redelitoralrs.com\/wp-content\/uploads\/2025\/02\/IMG_9060-1024x752.jpeg 1024w, https:\/\/redelitoralrs.com\/wp-content\/uploads\/2025\/02\/IMG_9060-300x220.jpeg 300w, https:\/\/redelitoralrs.com\/wp-content\/uploads\/2025\/02\/IMG_9060-768x564.jpeg 768w, https:\/\/redelitoralrs.com\/wp-content\/uploads\/2025\/02\/IMG_9060.jpeg 1117w\" sizes=\"(max-width: 1024px) 100vw, 1024px\" \/><figcaption class=\"wp-element-caption\">Foto: Imprensa PMCC<\/figcaption><\/figure>\n\n\n\n<figure class=\"wp-block-image size-large\"><img loading=\"lazy\" decoding=\"async\" width=\"1024\" height=\"797\" data-id=\"6579\" src=\"https:\/\/redelitoralrs.com\/wp-content\/uploads\/2025\/02\/IMG_9062-1024x797.jpeg\" alt=\"\" class=\"wp-image-6579\" srcset=\"https:\/\/redelitoralrs.com\/wp-content\/uploads\/2025\/02\/IMG_9062-1024x797.jpeg 1024w, https:\/\/redelitoralrs.com\/wp-content\/uploads\/2025\/02\/IMG_9062-300x233.jpeg 300w, https:\/\/redelitoralrs.com\/wp-content\/uploads\/2025\/02\/IMG_9062-768x597.jpeg 768w, https:\/\/redelitoralrs.com\/wp-content\/uploads\/2025\/02\/IMG_9062.jpeg 1139w\" sizes=\"(max-width: 1024px) 100vw, 1024px\" \/><figcaption class=\"wp-element-caption\">Foto: Imprensa PMCC<\/figcaption><\/figure>\n\n\n\n<figure class=\"wp-block-image size-large\"><img loading=\"lazy\" decoding=\"async\" width=\"1024\" height=\"835\" data-id=\"6576\" src=\"https:\/\/redelitoralrs.com\/wp-content\/uploads\/2025\/02\/IMG_9063-1024x835.jpeg\" alt=\"\" class=\"wp-image-6576\" srcset=\"https:\/\/redelitoralrs.com\/wp-content\/uploads\/2025\/02\/IMG_9063-1024x835.jpeg 1024w, https:\/\/redelitoralrs.com\/wp-content\/uploads\/2025\/02\/IMG_9063-300x245.jpeg 300w, https:\/\/redelitoralrs.com\/wp-content\/uploads\/2025\/02\/IMG_9063-768x626.jpeg 768w, https:\/\/redelitoralrs.com\/wp-content\/uploads\/2025\/02\/IMG_9063.jpeg 1133w\" sizes=\"(max-width: 1024px) 100vw, 1024px\" \/><figcaption class=\"wp-element-caption\">Foto: Imprensa PMCC<\/figcaption><\/figure>\n\n\n\n<figure class=\"wp-block-image size-large\"><img loading=\"lazy\" decoding=\"async\" width=\"1024\" height=\"806\" data-id=\"6580\" src=\"https:\/\/redelitoralrs.com\/wp-content\/uploads\/2025\/02\/IMG_9064-1024x806.jpeg\" alt=\"\" class=\"wp-image-6580\" srcset=\"https:\/\/redelitoralrs.com\/wp-content\/uploads\/2025\/02\/IMG_9064-1024x806.jpeg 1024w, https:\/\/redelitoralrs.com\/wp-content\/uploads\/2025\/02\/IMG_9064-300x236.jpeg 300w, https:\/\/redelitoralrs.com\/wp-content\/uploads\/2025\/02\/IMG_9064-768x604.jpeg 768w, https:\/\/redelitoralrs.com\/wp-content\/uploads\/2025\/02\/IMG_9064.jpeg 1169w\" sizes=\"(max-width: 1024px) 100vw, 1024px\" \/><figcaption class=\"wp-element-caption\">Foto: Imprensa PMCC<\/figcaption><\/figure>\n\n\n\n<figure class=\"wp-block-image size-large\"><img loading=\"lazy\" decoding=\"async\" width=\"1024\" height=\"805\" data-id=\"6578\" src=\"https:\/\/redelitoralrs.com\/wp-content\/uploads\/2025\/02\/IMG_9065-1024x805.jpeg\" alt=\"\" class=\"wp-image-6578\" srcset=\"https:\/\/redelitoralrs.com\/wp-content\/uploads\/2025\/02\/IMG_9065-1024x805.jpeg 1024w, https:\/\/redelitoralrs.com\/wp-content\/uploads\/2025\/02\/IMG_9065-300x236.jpeg 300w, https:\/\/redelitoralrs.com\/wp-content\/uploads\/2025\/02\/IMG_9065-768x604.jpeg 768w, https:\/\/redelitoralrs.com\/wp-content\/uploads\/2025\/02\/IMG_9065.jpeg 1150w\" sizes=\"(max-width: 1024px) 100vw, 1024px\" \/><figcaption class=\"wp-element-caption\">Foto: Imprensa PMCC<\/figcaption><\/figure>\n\n\n\n<figure class=\"wp-block-image size-large\"><img loading=\"lazy\" decoding=\"async\" width=\"1024\" height=\"792\" data-id=\"6575\" src=\"https:\/\/redelitoralrs.com\/wp-content\/uploads\/2025\/02\/IMG_9067-1024x792.jpeg\" alt=\"\" class=\"wp-image-6575\" srcset=\"https:\/\/redelitoralrs.com\/wp-content\/uploads\/2025\/02\/IMG_9067-1024x792.jpeg 1024w, https:\/\/redelitoralrs.com\/wp-content\/uploads\/2025\/02\/IMG_9067-300x232.jpeg 300w, https:\/\/redelitoralrs.com\/wp-content\/uploads\/2025\/02\/IMG_9067-768x594.jpeg 768w, https:\/\/redelitoralrs.com\/wp-content\/uploads\/2025\/02\/IMG_9067.jpeg 1149w\" sizes=\"(max-width: 1024px) 100vw, 1024px\" \/><figcaption class=\"wp-element-caption\">Foto: Imprensa PMCC<\/figcaption><\/figure>\n\n\n\n<figure class=\"wp-block-image size-large\"><img loading=\"lazy\" decoding=\"async\" width=\"1024\" height=\"816\" data-id=\"6577\" src=\"https:\/\/redelitoralrs.com\/wp-content\/uploads\/2025\/02\/IMG_9066-1024x816.jpeg\" alt=\"\" class=\"wp-image-6577\" srcset=\"https:\/\/redelitoralrs.com\/wp-content\/uploads\/2025\/02\/IMG_9066-1024x816.jpeg 1024w, https:\/\/redelitoralrs.com\/wp-content\/uploads\/2025\/02\/IMG_9066-300x239.jpeg 300w, https:\/\/redelitoralrs.com\/wp-content\/uploads\/2025\/02\/IMG_9066-768x612.jpeg 768w, https:\/\/redelitoralrs.com\/wp-content\/uploads\/2025\/02\/IMG_9066.jpeg 1150w\" sizes=\"(max-width: 1024px) 100vw, 1024px\" \/><figcaption class=\"wp-element-caption\">Foto: Imprensa PMCC<\/figcaption><\/figure>\n<\/figure>\n","protected":false},"excerpt":{"rendered":"<p>Na \u00faltima sexta-feira (14), Cap\u00e3o da Canoa foi palco, pela primeira vez, de um evento que reuniu cerca de 50 guarda-vidas de diversas praias do Rio Grande do Sul para uma competi\u00e7\u00e3o marcada por desafios t\u00e9cnicos e f\u00edsicos. A iniciativa teve como objetivo aprimorar as habilidades dos profissionais, promover a seguran\u00e7a aqu\u00e1tica e valorizar o [&hellip;]<\/p>\n","protected":false},"author":2,"featured_media":6577,"comment_status":"open","ping_status":"open","sticky":false,"template":"","format":"standard","meta":{"_themeisle_gutenberg_block_has_review":false,"footnotes":""},"categories":[24,15],"tags":[],"class_list":["post-6558","post","type-post","status-publish","format-standard","has-post-thumbnail","hentry","category-capao-da-canoa","category-noticias"],"yoast_head":"<!-- This site is optimized with the Yoast SEO plugin v27.4 - https:\/\/yoast.com\/product\/yoast-seo-wordpress\/ -->\n<title>Cap\u00e3o da Canoa recebe competi\u00e7\u00e3o de guarda-vidas no munic\u00edpio<\/title>\n<meta name=\"robots\" content=\"index, follow, max-snippet:-1, max-image-preview:large, max-video-preview:-1\" \/>\n<link rel=\"canonical\" href=\"https:\/\/redelitoralrs.com\/index.php\/2025\/02\/17\/capao-da-canoa-recebe-competicao-de-guarda-vidas-no-municipio\/\" \/>\n<meta property=\"og:locale\" content=\"pt_BR\" \/>\n<meta property=\"og:type\" content=\"article\" \/>\n<meta property=\"og:title\" content=\"Cap\u00e3o da Canoa recebe competi\u00e7\u00e3o de guarda-vidas no munic\u00edpio\" \/>\n<meta property=\"og:description\" content=\"Na \u00faltima sexta-feira (14), Cap\u00e3o da Canoa foi palco, pela primeira vez, de um evento que reuniu cerca de 50 guarda-vidas de diversas praias do Rio Grande do Sul para uma competi\u00e7\u00e3o marcada por desafios t\u00e9cnicos e f\u00edsicos. A iniciativa teve como objetivo aprimorar as habilidades dos profissionais, promover a seguran\u00e7a aqu\u00e1tica e valorizar o [&hellip;]\" \/>\n<meta property=\"og:url\" content=\"https:\/\/redelitoralrs.com\/index.php\/2025\/02\/17\/capao-da-canoa-recebe-competicao-de-guarda-vidas-no-municipio\/\" \/>\n<meta property=\"og:site_name\" content=\"Rede Litoral RS\" \/>\n<meta property=\"article:publisher\" content=\"https:\/\/www.facebook.com\/tvlitoralrsoficial\" \/>\n<meta property=\"article:published_time\" content=\"2025-02-17T14:54:52+00:00\" \/>\n<meta property=\"article:modified_time\" content=\"2025-02-17T17:49:42+00:00\" \/>\n<meta property=\"og:image\" content=\"https:\/\/redelitoralrs.com\/wp-content\/uploads\/2025\/02\/IMG_9066.jpeg\" \/>\n\t<meta property=\"og:image:width\" content=\"1150\" \/>\n\t<meta property=\"og:image:height\" content=\"916\" \/>\n\t<meta property=\"og:image:type\" content=\"image\/jpeg\" \/>\n<meta name=\"author\" content=\"Reda\u00e7\u00e3o TV Litoral\" \/>\n<meta name=\"twitter:card\" content=\"summary_large_image\" \/>\n<meta name=\"twitter:label1\" content=\"Escrito por\" \/>\n\t<meta name=\"twitter:data1\" content=\"Reda\u00e7\u00e3o TV Litoral\" \/>\n\t<meta name=\"twitter:label2\" content=\"Est. tempo de leitura\" \/>\n\t<meta name=\"twitter:data2\" content=\"3 minutos\" \/>\n<script type=\"application\/ld+json\" class=\"yoast-schema-graph\">{\"@context\":\"https:\\\/\\\/schema.org\",\"@graph\":[{\"@type\":\"Article\",\"@id\":\"https:\\\/\\\/redelitoralrs.com\\\/index.php\\\/2025\\\/02\\\/17\\\/capao-da-canoa-recebe-competicao-de-guarda-vidas-no-municipio\\\/#article\",\"isPartOf\":{\"@id\":\"https:\\\/\\\/redelitoralrs.com\\\/index.php\\\/2025\\\/02\\\/17\\\/capao-da-canoa-recebe-competicao-de-guarda-vidas-no-municipio\\\/\"},\"author\":{\"name\":\"Reda\u00e7\u00e3o TV Litoral\",\"@id\":\"https:\\\/\\\/redelitoralrs.com\\\/#\\\/schema\\\/person\\\/9f8181f2a7359dd3986f05ebaf5bd68a\"},\"headline\":\"Cap\u00e3o da Canoa recebe competi\u00e7\u00e3o de guarda-vidas no munic\u00edpio\",\"datePublished\":\"2025-02-17T14:54:52+00:00\",\"dateModified\":\"2025-02-17T17:49:42+00:00\",\"mainEntityOfPage\":{\"@id\":\"https:\\\/\\\/redelitoralrs.com\\\/index.php\\\/2025\\\/02\\\/17\\\/capao-da-canoa-recebe-competicao-de-guarda-vidas-no-municipio\\\/\"},\"wordCount\":180,\"commentCount\":0,\"publisher\":{\"@id\":\"https:\\\/\\\/redelitoralrs.com\\\/#organization\"},\"image\":{\"@id\":\"https:\\\/\\\/redelitoralrs.com\\\/index.php\\\/2025\\\/02\\\/17\\\/capao-da-canoa-recebe-competicao-de-guarda-vidas-no-municipio\\\/#primaryimage\"},\"thumbnailUrl\":\"https:\\\/\\\/redelitoralrs.com\\\/wp-content\\\/uploads\\\/2025\\\/02\\\/IMG_9066.jpeg\",\"articleSection\":[\"Cap\u00e3o da Canoa\",\"\u00daltimas not\u00edcias\"],\"inLanguage\":\"pt-BR\",\"potentialAction\":[{\"@type\":\"CommentAction\",\"name\":\"Comment\",\"target\":[\"https:\\\/\\\/redelitoralrs.com\\\/index.php\\\/2025\\\/02\\\/17\\\/capao-da-canoa-recebe-competicao-de-guarda-vidas-no-municipio\\\/#respond\"]}]},{\"@type\":\"WebPage\",\"@id\":\"https:\\\/\\\/redelitoralrs.com\\\/index.php\\\/2025\\\/02\\\/17\\\/capao-da-canoa-recebe-competicao-de-guarda-vidas-no-municipio\\\/\",\"url\":\"https:\\\/\\\/redelitoralrs.com\\\/index.php\\\/2025\\\/02\\\/17\\\/capao-da-canoa-recebe-competicao-de-guarda-vidas-no-municipio\\\/\",\"name\":\"Cap\u00e3o da Canoa recebe competi\u00e7\u00e3o de guarda-vidas no munic\u00edpio\",\"isPartOf\":{\"@id\":\"https:\\\/\\\/redelitoralrs.com\\\/#website\"},\"primaryImageOfPage\":{\"@id\":\"https:\\\/\\\/redelitoralrs.com\\\/index.php\\\/2025\\\/02\\\/17\\\/capao-da-canoa-recebe-competicao-de-guarda-vidas-no-municipio\\\/#primaryimage\"},\"image\":{\"@id\":\"https:\\\/\\\/redelitoralrs.com\\\/index.php\\\/2025\\\/02\\\/17\\\/capao-da-canoa-recebe-competicao-de-guarda-vidas-no-municipio\\\/#primaryimage\"},\"thumbnailUrl\":\"https:\\\/\\\/redelitoralrs.com\\\/wp-content\\\/uploads\\\/2025\\\/02\\\/IMG_9066.jpeg\",\"datePublished\":\"2025-02-17T14:54:52+00:00\",\"dateModified\":\"2025-02-17T17:49:42+00:00\",\"breadcrumb\":{\"@id\":\"https:\\\/\\\/redelitoralrs.com\\\/index.php\\\/2025\\\/02\\\/17\\\/capao-da-canoa-recebe-competicao-de-guarda-vidas-no-municipio\\\/#breadcrumb\"},\"inLanguage\":\"pt-BR\",\"potentialAction\":[{\"@type\":\"ReadAction\",\"target\":[\"https:\\\/\\\/redelitoralrs.com\\\/index.php\\\/2025\\\/02\\\/17\\\/capao-da-canoa-recebe-competicao-de-guarda-vidas-no-municipio\\\/\"]}]},{\"@type\":\"ImageObject\",\"inLanguage\":\"pt-BR\",\"@id\":\"https:\\\/\\\/redelitoralrs.com\\\/index.php\\\/2025\\\/02\\\/17\\\/capao-da-canoa-recebe-competicao-de-guarda-vidas-no-municipio\\\/#primaryimage\",\"url\":\"https:\\\/\\\/redelitoralrs.com\\\/wp-content\\\/uploads\\\/2025\\\/02\\\/IMG_9066.jpeg\",\"contentUrl\":\"https:\\\/\\\/redelitoralrs.com\\\/wp-content\\\/uploads\\\/2025\\\/02\\\/IMG_9066.jpeg\",\"width\":1150,\"height\":916,\"caption\":\"Foto: Imprensa PMCC\"},{\"@type\":\"BreadcrumbList\",\"@id\":\"https:\\\/\\\/redelitoralrs.com\\\/index.php\\\/2025\\\/02\\\/17\\\/capao-da-canoa-recebe-competicao-de-guarda-vidas-no-municipio\\\/#breadcrumb\",\"itemListElement\":[{\"@type\":\"ListItem\",\"position\":1,\"name\":\"In\u00edcio\",\"item\":\"https:\\\/\\\/redelitoralrs.com\\\/\"},{\"@type\":\"ListItem\",\"position\":2,\"name\":\"Cap\u00e3o da Canoa recebe competi\u00e7\u00e3o de guarda-vidas no munic\u00edpio\"}]},{\"@type\":\"WebSite\",\"@id\":\"https:\\\/\\\/redelitoralrs.com\\\/#website\",\"url\":\"https:\\\/\\\/redelitoralrs.com\\\/\",\"name\":\"TV Litoral\",\"description\":\"Acompanhe tudo do litoral ga\u00facho com a cobertura completa e atualizada da Rede Litoral RS. Nossos jornalistas trazem as \u00faltimas not\u00edcias, os acontecimentos mais quentes e as hist\u00f3rias que importam sobre nosso amado litoral.\",\"publisher\":{\"@id\":\"https:\\\/\\\/redelitoralrs.com\\\/#organization\"},\"potentialAction\":[{\"@type\":\"SearchAction\",\"target\":{\"@type\":\"EntryPoint\",\"urlTemplate\":\"https:\\\/\\\/redelitoralrs.com\\\/?s={search_term_string}\"},\"query-input\":{\"@type\":\"PropertyValueSpecification\",\"valueRequired\":true,\"valueName\":\"search_term_string\"}}],\"inLanguage\":\"pt-BR\"},{\"@type\":\"Organization\",\"@id\":\"https:\\\/\\\/redelitoralrs.com\\\/#organization\",\"name\":\"TV Litoral\",\"url\":\"https:\\\/\\\/redelitoralrs.com\\\/\",\"logo\":{\"@type\":\"ImageObject\",\"inLanguage\":\"pt-BR\",\"@id\":\"https:\\\/\\\/redelitoralrs.com\\\/#\\\/schema\\\/logo\\\/image\\\/\",\"url\":\"https:\\\/\\\/redelitoralrs.com\\\/wp-content\\\/uploads\\\/2024\\\/01\\\/faviconicon-1-1.png\",\"contentUrl\":\"https:\\\/\\\/redelitoralrs.com\\\/wp-content\\\/uploads\\\/2024\\\/01\\\/faviconicon-1-1.png\",\"width\":454,\"height\":454,\"caption\":\"TV Litoral\"},\"image\":{\"@id\":\"https:\\\/\\\/redelitoralrs.com\\\/#\\\/schema\\\/logo\\\/image\\\/\"},\"sameAs\":[\"https:\\\/\\\/www.facebook.com\\\/tvlitoralrsoficial\",\"https:\\\/\\\/www.instagram.com\\\/tvlitoral.rs\"]},{\"@type\":\"Person\",\"@id\":\"https:\\\/\\\/redelitoralrs.com\\\/#\\\/schema\\\/person\\\/9f8181f2a7359dd3986f05ebaf5bd68a\",\"name\":\"Reda\u00e7\u00e3o TV Litoral\",\"image\":{\"@type\":\"ImageObject\",\"inLanguage\":\"pt-BR\",\"@id\":\"https:\\\/\\\/redelitoralrs.com\\\/wp-content\\\/litespeed\\\/avatar\\\/779aafbb45e66c7f82733e21abb48259.jpg?ver=1777561602\",\"url\":\"https:\\\/\\\/redelitoralrs.com\\\/wp-content\\\/litespeed\\\/avatar\\\/779aafbb45e66c7f82733e21abb48259.jpg?ver=1777561602\",\"contentUrl\":\"https:\\\/\\\/redelitoralrs.com\\\/wp-content\\\/litespeed\\\/avatar\\\/779aafbb45e66c7f82733e21abb48259.jpg?ver=1777561602\",\"caption\":\"Reda\u00e7\u00e3o TV Litoral\"},\"description\":\"A Rede Litoral de Comunica\u00e7\u00e3o \u00e9 um grupo de m\u00eddia multiplataforma do Litoral Norte do RS. Com atua\u00e7\u00e3o em TV, r\u00e1dio, portal e redes sociais, levamos informa\u00e7\u00e3o, conte\u00fado e entretenimento \u00e0 comunidade, fortalecendo a comunica\u00e7\u00e3o local e impulsionando o desenvolvimento regional. Acompanhe atrav\u00e9s de @redelitoralrs.\",\"sameAs\":[\"https:\\\/\\\/redelitoralrs.com\",\"https:\\\/\\\/www.instagram.com\\\/redelitoralrs\",\"https:\\\/\\\/www.youtube.com\\\/@redelitoralrs\"],\"url\":\"https:\\\/\\\/redelitoralrs.com\\\/index.php\\\/author\\\/redacaotvlitoral\\\/\"}]}<\/script>\n<!-- \/ Yoast SEO plugin. -->","yoast_head_json":{"title":"Cap\u00e3o da Canoa recebe competi\u00e7\u00e3o de guarda-vidas no munic\u00edpio","robots":{"index":"index","follow":"follow","max-snippet":"max-snippet:-1","max-image-preview":"max-image-preview:large","max-video-preview":"max-video-preview:-1"},"canonical":"https:\/\/redelitoralrs.com\/index.php\/2025\/02\/17\/capao-da-canoa-recebe-competicao-de-guarda-vidas-no-municipio\/","og_locale":"pt_BR","og_type":"article","og_title":"Cap\u00e3o da Canoa recebe competi\u00e7\u00e3o de guarda-vidas no munic\u00edpio","og_description":"Na \u00faltima sexta-feira (14), Cap\u00e3o da Canoa foi palco, pela primeira vez, de um evento que reuniu cerca de 50 guarda-vidas de diversas praias do Rio Grande do Sul para uma competi\u00e7\u00e3o marcada por desafios t\u00e9cnicos e f\u00edsicos. A iniciativa teve como objetivo aprimorar as habilidades dos profissionais, promover a seguran\u00e7a aqu\u00e1tica e valorizar o [&hellip;]","og_url":"https:\/\/redelitoralrs.com\/index.php\/2025\/02\/17\/capao-da-canoa-recebe-competicao-de-guarda-vidas-no-municipio\/","og_site_name":"Rede Litoral RS","article_publisher":"https:\/\/www.facebook.com\/tvlitoralrsoficial","article_published_time":"2025-02-17T14:54:52+00:00","article_modified_time":"2025-02-17T17:49:42+00:00","og_image":[{"width":1150,"height":916,"url":"https:\/\/redelitoralrs.com\/wp-content\/uploads\/2025\/02\/IMG_9066.jpeg","type":"image\/jpeg"}],"author":"Reda\u00e7\u00e3o TV Litoral","twitter_card":"summary_large_image","twitter_misc":{"Escrito por":"Reda\u00e7\u00e3o TV Litoral","Est. tempo de leitura":"3 minutos"},"schema":{"@context":"https:\/\/schema.org","@graph":[{"@type":"Article","@id":"https:\/\/redelitoralrs.com\/index.php\/2025\/02\/17\/capao-da-canoa-recebe-competicao-de-guarda-vidas-no-municipio\/#article","isPartOf":{"@id":"https:\/\/redelitoralrs.com\/index.php\/2025\/02\/17\/capao-da-canoa-recebe-competicao-de-guarda-vidas-no-municipio\/"},"author":{"name":"Reda\u00e7\u00e3o TV Litoral","@id":"https:\/\/redelitoralrs.com\/#\/schema\/person\/9f8181f2a7359dd3986f05ebaf5bd68a"},"headline":"Cap\u00e3o da Canoa recebe competi\u00e7\u00e3o de guarda-vidas no munic\u00edpio","datePublished":"2025-02-17T14:54:52+00:00","dateModified":"2025-02-17T17:49:42+00:00","mainEntityOfPage":{"@id":"https:\/\/redelitoralrs.com\/index.php\/2025\/02\/17\/capao-da-canoa-recebe-competicao-de-guarda-vidas-no-municipio\/"},"wordCount":180,"commentCount":0,"publisher":{"@id":"https:\/\/redelitoralrs.com\/#organization"},"image":{"@id":"https:\/\/redelitoralrs.com\/index.php\/2025\/02\/17\/capao-da-canoa-recebe-competicao-de-guarda-vidas-no-municipio\/#primaryimage"},"thumbnailUrl":"https:\/\/redelitoralrs.com\/wp-content\/uploads\/2025\/02\/IMG_9066.jpeg","articleSection":["Cap\u00e3o da Canoa","\u00daltimas not\u00edcias"],"inLanguage":"pt-BR","potentialAction":[{"@type":"CommentAction","name":"Comment","target":["https:\/\/redelitoralrs.com\/index.php\/2025\/02\/17\/capao-da-canoa-recebe-competicao-de-guarda-vidas-no-municipio\/#respond"]}]},{"@type":"WebPage","@id":"https:\/\/redelitoralrs.com\/index.php\/2025\/02\/17\/capao-da-canoa-recebe-competicao-de-guarda-vidas-no-municipio\/","url":"https:\/\/redelitoralrs.com\/index.php\/2025\/02\/17\/capao-da-canoa-recebe-competicao-de-guarda-vidas-no-municipio\/","name":"Cap\u00e3o da Canoa recebe competi\u00e7\u00e3o de guarda-vidas no munic\u00edpio","isPartOf":{"@id":"https:\/\/redelitoralrs.com\/#website"},"primaryImageOfPage":{"@id":"https:\/\/redelitoralrs.com\/index.php\/2025\/02\/17\/capao-da-canoa-recebe-competicao-de-guarda-vidas-no-municipio\/#primaryimage"},"image":{"@id":"https:\/\/redelitoralrs.com\/index.php\/2025\/02\/17\/capao-da-canoa-recebe-competicao-de-guarda-vidas-no-municipio\/#primaryimage"},"thumbnailUrl":"https:\/\/redelitoralrs.com\/wp-content\/uploads\/2025\/02\/IMG_9066.jpeg","datePublished":"2025-02-17T14:54:52+00:00","dateModified":"2025-02-17T17:49:42+00:00","breadcrumb":{"@id":"https:\/\/redelitoralrs.com\/index.php\/2025\/02\/17\/capao-da-canoa-recebe-competicao-de-guarda-vidas-no-municipio\/#breadcrumb"},"inLanguage":"pt-BR","potentialAction":[{"@type":"ReadAction","target":["https:\/\/redelitoralrs.com\/index.php\/2025\/02\/17\/capao-da-canoa-recebe-competicao-de-guarda-vidas-no-municipio\/"]}]},{"@type":"ImageObject","inLanguage":"pt-BR","@id":"https:\/\/redelitoralrs.com\/index.php\/2025\/02\/17\/capao-da-canoa-recebe-competicao-de-guarda-vidas-no-municipio\/#primaryimage","url":"https:\/\/redelitoralrs.com\/wp-content\/uploads\/2025\/02\/IMG_9066.jpeg","contentUrl":"https:\/\/redelitoralrs.com\/wp-content\/uploads\/2025\/02\/IMG_9066.jpeg","width":1150,"height":916,"caption":"Foto: Imprensa PMCC"},{"@type":"BreadcrumbList","@id":"https:\/\/redelitoralrs.com\/index.php\/2025\/02\/17\/capao-da-canoa-recebe-competicao-de-guarda-vidas-no-municipio\/#breadcrumb","itemListElement":[{"@type":"ListItem","position":1,"name":"In\u00edcio","item":"https:\/\/redelitoralrs.com\/"},{"@type":"ListItem","position":2,"name":"Cap\u00e3o da Canoa recebe competi\u00e7\u00e3o de guarda-vidas no munic\u00edpio"}]},{"@type":"WebSite","@id":"https:\/\/redelitoralrs.com\/#website","url":"https:\/\/redelitoralrs.com\/","name":"TV Litoral","description":"Acompanhe tudo do litoral ga\u00facho com a cobertura completa e atualizada da Rede Litoral RS. Nossos jornalistas trazem as \u00faltimas not\u00edcias, os acontecimentos mais quentes e as hist\u00f3rias que importam sobre nosso amado litoral.","publisher":{"@id":"https:\/\/redelitoralrs.com\/#organization"},"potentialAction":[{"@type":"SearchAction","target":{"@type":"EntryPoint","urlTemplate":"https:\/\/redelitoralrs.com\/?s={search_term_string}"},"query-input":{"@type":"PropertyValueSpecification","valueRequired":true,"valueName":"search_term_string"}}],"inLanguage":"pt-BR"},{"@type":"Organization","@id":"https:\/\/redelitoralrs.com\/#organization","name":"TV Litoral","url":"https:\/\/redelitoralrs.com\/","logo":{"@type":"ImageObject","inLanguage":"pt-BR","@id":"https:\/\/redelitoralrs.com\/#\/schema\/logo\/image\/","url":"https:\/\/redelitoralrs.com\/wp-content\/uploads\/2024\/01\/faviconicon-1-1.png","contentUrl":"https:\/\/redelitoralrs.com\/wp-content\/uploads\/2024\/01\/faviconicon-1-1.png","width":454,"height":454,"caption":"TV Litoral"},"image":{"@id":"https:\/\/redelitoralrs.com\/#\/schema\/logo\/image\/"},"sameAs":["https:\/\/www.facebook.com\/tvlitoralrsoficial","https:\/\/www.instagram.com\/tvlitoral.rs"]},{"@type":"Person","@id":"https:\/\/redelitoralrs.com\/#\/schema\/person\/9f8181f2a7359dd3986f05ebaf5bd68a","name":"Reda\u00e7\u00e3o TV Litoral","image":{"@type":"ImageObject","inLanguage":"pt-BR","@id":"https:\/\/redelitoralrs.com\/wp-content\/litespeed\/avatar\/779aafbb45e66c7f82733e21abb48259.jpg?ver=1777561602","url":"https:\/\/redelitoralrs.com\/wp-content\/litespeed\/avatar\/779aafbb45e66c7f82733e21abb48259.jpg?ver=1777561602","contentUrl":"https:\/\/redelitoralrs.com\/wp-content\/litespeed\/avatar\/779aafbb45e66c7f82733e21abb48259.jpg?ver=1777561602","caption":"Reda\u00e7\u00e3o TV Litoral"},"description":"A Rede Litoral de Comunica\u00e7\u00e3o \u00e9 um grupo de m\u00eddia multiplataforma do Litoral Norte do RS. Com atua\u00e7\u00e3o em TV, r\u00e1dio, portal e redes sociais, levamos informa\u00e7\u00e3o, conte\u00fado e entretenimento \u00e0 comunidade, fortalecendo a comunica\u00e7\u00e3o local e impulsionando o desenvolvimento regional. Acompanhe atrav\u00e9s de @redelitoralrs.","sameAs":["https:\/\/redelitoralrs.com","https:\/\/www.instagram.com\/redelitoralrs","https:\/\/www.youtube.com\/@redelitoralrs"],"url":"https:\/\/redelitoralrs.com\/index.php\/author\/redacaotvlitoral\/"}]}},"_links":{"self":[{"href":"https:\/\/redelitoralrs.com\/index.php\/wp-json\/wp\/v2\/posts\/6558","targetHints":{"allow":["GET"]}}],"collection":[{"href":"https:\/\/redelitoralrs.com\/index.php\/wp-json\/wp\/v2\/posts"}],"about":[{"href":"https:\/\/redelitoralrs.com\/index.php\/wp-json\/wp\/v2\/types\/post"}],"author":[{"embeddable":true,"href":"https:\/\/redelitoralrs.com\/index.php\/wp-json\/wp\/v2\/users\/2"}],"replies":[{"embeddable":true,"href":"https:\/\/redelitoralrs.com\/index.php\/wp-json\/wp\/v2\/comments?post=6558"}],"version-history":[{"count":3,"href":"https:\/\/redelitoralrs.com\/index.php\/wp-json\/wp\/v2\/posts\/6558\/revisions"}],"predecessor-version":[{"id":6632,"href":"https:\/\/redelitoralrs.com\/index.php\/wp-json\/wp\/v2\/posts\/6558\/revisions\/6632"}],"wp:featuredmedia":[{"embeddable":true,"href":"https:\/\/redelitoralrs.com\/index.php\/wp-json\/wp\/v2\/media\/6577"}],"wp:attachment":[{"href":"https:\/\/redelitoralrs.com\/index.php\/wp-json\/wp\/v2\/media?parent=6558"}],"wp:term":[{"taxonomy":"category","embeddable":true,"href":"https:\/\/redelitoralrs.com\/index.php\/wp-json\/wp\/v2\/categories?post=6558"},{"taxonomy":"post_tag","embeddable":true,"href":"https:\/\/redelitoralrs.com\/index.php\/wp-json\/wp\/v2\/tags?post=6558"}],"curies":[{"name":"wp","href":"https:\/\/api.w.org\/{rel}","templated":true}]}}