{"id":6497,"date":"2025-02-13T21:37:01","date_gmt":"2025-02-14T00:37:01","guid":{"rendered":"https:\/\/redelitoralrs.com\/?p=6497"},"modified":"2025-02-13T21:38:28","modified_gmt":"2025-02-14T00:38:28","slug":"estudo-para-construcao-de-viaduto-na-ers-407-avanca-e-pode-beneficiar-o-litoral-norte","status":"publish","type":"post","link":"https:\/\/redelitoralrs.com\/index.php\/2025\/02\/13\/estudo-para-construcao-de-viaduto-na-ers-407-avanca-e-pode-beneficiar-o-litoral-norte\/","title":{"rendered":"Estudo para constru\u00e7\u00e3o de viaduto na ERS-407 avan\u00e7a e pode beneficiar o Litoral Norte"},"content":{"rendered":"\n<p>A constru\u00e7\u00e3o de um viaduto na ERS-407, uma das principais vias de acesso ao Litoral Norte do Rio Grande do Sul, est\u00e1 em an\u00e1lise pela Secretaria de Log\u00edstica e Transportes do Estado. O projeto, que visa melhorar a mobilidade e a seguran\u00e7a no tr\u00e2nsito, foi tema de uma audi\u00eancia realizada nesta quarta-feira (12), em Porto Alegre, com a participa\u00e7\u00e3o de representantes do governo estadual, do munic\u00edpio de Xangri-L\u00e1, do setor da constru\u00e7\u00e3o civil e do deputado estadual Luciano Silveira.<\/p>\n\n\n\n<p>A ERS-407 \u00e9 um corredor vi\u00e1rio fundamental para o fluxo de moradores e turistas que se deslocam entre a BR-101 e os munic\u00edpios litor\u00e2neos. No entanto, o tr\u00e1fego intenso, especialmente durante a alta temporada, gera congestionamentos e aumenta o risco de acidentes. A proposta de constru\u00e7\u00e3o do viaduto surge como uma alternativa para desafogar o tr\u00e2nsito e oferecer maior fluidez no deslocamento da popula\u00e7\u00e3o.<\/p>\n\n\n\n<p><em>O projeto est\u00e1 sob an\u00e1lise da equipe t\u00e9cnica da secretaria estadual, que avalia a viabilidade da obra e os impactos para a infraestrutura regional. Caso aprovado, o viaduto poder\u00e1 representar um avan\u00e7o significativo para a log\u00edstica e o desenvolvimento do Litoral Norte, proporcionando mais seguran\u00e7a vi\u00e1ria e facilitando o acesso aos munic\u00edpios da regi\u00e3o.<\/em><\/p>\n\n\n\n<p>A pauta segue em discuss\u00e3o entre autoridades estaduais e municipais, com a expectativa de que a iniciativa possa avan\u00e7ar nos pr\u00f3ximos meses. O aprimoramento da infraestrutura de transporte \u00e9 uma demanda crescente da regi\u00e3o, que busca solu\u00e7\u00f5es para acompanhar o crescimento urbano e o aumento do fluxo de visitantes ao longo do ano.<\/p>\n\n\n\n<figure class=\"wp-block-gallery has-nested-images columns-default is-cropped wp-block-gallery-1 is-layout-flex wp-block-gallery-is-layout-flex\">\n<figure class=\"wp-block-image size-large\"><img fetchpriority=\"high\" decoding=\"async\" width=\"1024\" height=\"683\" data-id=\"6498\" src=\"https:\/\/redelitoralrs.com\/wp-content\/uploads\/2025\/02\/WhatsApp-Image-2025-02-13-at-19.46.30-1024x683.jpeg\" alt=\"\" class=\"wp-image-6498\" srcset=\"https:\/\/redelitoralrs.com\/wp-content\/uploads\/2025\/02\/WhatsApp-Image-2025-02-13-at-19.46.30-1024x683.jpeg 1024w, https:\/\/redelitoralrs.com\/wp-content\/uploads\/2025\/02\/WhatsApp-Image-2025-02-13-at-19.46.30-300x200.jpeg 300w, https:\/\/redelitoralrs.com\/wp-content\/uploads\/2025\/02\/WhatsApp-Image-2025-02-13-at-19.46.30-768x512.jpeg 768w, https:\/\/redelitoralrs.com\/wp-content\/uploads\/2025\/02\/WhatsApp-Image-2025-02-13-at-19.46.30-1536x1024.jpeg 1536w, https:\/\/redelitoralrs.com\/wp-content\/uploads\/2025\/02\/WhatsApp-Image-2025-02-13-at-19.46.30-2048x1365.jpeg 2048w\" sizes=\"(max-width: 1024px) 100vw, 1024px\" \/><figcaption class=\"wp-element-caption\">Foto: Paulo Joel<\/figcaption><\/figure>\n\n\n\n<figure class=\"wp-block-image size-large\"><img decoding=\"async\" width=\"1024\" height=\"683\" data-id=\"6500\" src=\"https:\/\/redelitoralrs.com\/wp-content\/uploads\/2025\/02\/WhatsApp-Image-2025-02-13-at-19.46.30-2-1024x683.jpeg\" alt=\"\" class=\"wp-image-6500\" srcset=\"https:\/\/redelitoralrs.com\/wp-content\/uploads\/2025\/02\/WhatsApp-Image-2025-02-13-at-19.46.30-2-1024x683.jpeg 1024w, https:\/\/redelitoralrs.com\/wp-content\/uploads\/2025\/02\/WhatsApp-Image-2025-02-13-at-19.46.30-2-300x200.jpeg 300w, https:\/\/redelitoralrs.com\/wp-content\/uploads\/2025\/02\/WhatsApp-Image-2025-02-13-at-19.46.30-2-768x512.jpeg 768w, https:\/\/redelitoralrs.com\/wp-content\/uploads\/2025\/02\/WhatsApp-Image-2025-02-13-at-19.46.30-2-1536x1024.jpeg 1536w, https:\/\/redelitoralrs.com\/wp-content\/uploads\/2025\/02\/WhatsApp-Image-2025-02-13-at-19.46.30-2-2048x1365.jpeg 2048w\" sizes=\"(max-width: 1024px) 100vw, 1024px\" \/><figcaption class=\"wp-element-caption\">Foto: Paulo Joel<\/figcaption><\/figure>\n<\/figure>\n","protected":false},"excerpt":{"rendered":"<p>A constru\u00e7\u00e3o de um viaduto na ERS-407, uma das principais vias de acesso ao Litoral Norte do Rio Grande do Sul, est\u00e1 em an\u00e1lise pela Secretaria de Log\u00edstica e Transportes do Estado. O projeto, que visa melhorar a mobilidade e a seguran\u00e7a no tr\u00e2nsito, foi tema de uma audi\u00eancia realizada nesta quarta-feira (12), em Porto [&hellip;]<\/p>\n","protected":false},"author":2,"featured_media":6499,"comment_status":"open","ping_status":"open","sticky":false,"template":"","format":"standard","meta":{"_themeisle_gutenberg_block_has_review":false,"footnotes":""},"categories":[20,15,34],"tags":[],"class_list":["post-6497","post","type-post","status-publish","format-standard","has-post-thumbnail","hentry","category-litoral_norte","category-noticias","category-xangri-la"],"yoast_head":"<!-- This site is optimized with the Yoast SEO plugin v27.4 - https:\/\/yoast.com\/product\/yoast-seo-wordpress\/ -->\n<title>Estudo para constru\u00e7\u00e3o de viaduto na RS-407 avan\u00e7a<\/title>\n<meta name=\"robots\" content=\"index, follow, max-snippet:-1, max-image-preview:large, max-video-preview:-1\" \/>\n<link rel=\"canonical\" href=\"https:\/\/redelitoralrs.com\/index.php\/2025\/02\/13\/estudo-para-construcao-de-viaduto-na-ers-407-avanca-e-pode-beneficiar-o-litoral-norte\/\" \/>\n<meta property=\"og:locale\" content=\"pt_BR\" \/>\n<meta property=\"og:type\" content=\"article\" \/>\n<meta property=\"og:title\" content=\"Estudo para constru\u00e7\u00e3o de viaduto na RS-407 avan\u00e7a\" \/>\n<meta property=\"og:description\" content=\"A constru\u00e7\u00e3o de um viaduto na ERS-407, uma das principais vias de acesso ao Litoral Norte do Rio Grande do Sul, est\u00e1 em an\u00e1lise pela Secretaria de Log\u00edstica e Transportes do Estado. O projeto, que visa melhorar a mobilidade e a seguran\u00e7a no tr\u00e2nsito, foi tema de uma audi\u00eancia realizada nesta quarta-feira (12), em Porto [&hellip;]\" \/>\n<meta property=\"og:url\" content=\"https:\/\/redelitoralrs.com\/index.php\/2025\/02\/13\/estudo-para-construcao-de-viaduto-na-ers-407-avanca-e-pode-beneficiar-o-litoral-norte\/\" \/>\n<meta property=\"og:site_name\" content=\"Rede Litoral RS\" \/>\n<meta property=\"article:publisher\" content=\"https:\/\/www.facebook.com\/tvlitoralrsoficial\" \/>\n<meta property=\"article:published_time\" content=\"2025-02-14T00:37:01+00:00\" \/>\n<meta property=\"article:modified_time\" content=\"2025-02-14T00:38:28+00:00\" \/>\n<meta property=\"og:image\" content=\"https:\/\/redelitoralrs.com\/wp-content\/uploads\/2025\/02\/WhatsApp-Image-2025-02-13-at-19.46.30-1-scaled.jpeg\" \/>\n\t<meta property=\"og:image:width\" content=\"2560\" \/>\n\t<meta property=\"og:image:height\" content=\"1706\" \/>\n\t<meta property=\"og:image:type\" content=\"image\/jpeg\" \/>\n<meta name=\"author\" content=\"Reda\u00e7\u00e3o TV Litoral\" \/>\n<meta name=\"twitter:card\" content=\"summary_large_image\" \/>\n<meta name=\"twitter:label1\" content=\"Escrito por\" \/>\n\t<meta name=\"twitter:data1\" content=\"Reda\u00e7\u00e3o TV Litoral\" \/>\n\t<meta name=\"twitter:label2\" content=\"Est. tempo de leitura\" \/>\n\t<meta name=\"twitter:data2\" content=\"3 minutos\" \/>\n<script type=\"application\/ld+json\" class=\"yoast-schema-graph\">{\"@context\":\"https:\\\/\\\/schema.org\",\"@graph\":[{\"@type\":\"Article\",\"@id\":\"https:\\\/\\\/redelitoralrs.com\\\/index.php\\\/2025\\\/02\\\/13\\\/estudo-para-construcao-de-viaduto-na-ers-407-avanca-e-pode-beneficiar-o-litoral-norte\\\/#article\",\"isPartOf\":{\"@id\":\"https:\\\/\\\/redelitoralrs.com\\\/index.php\\\/2025\\\/02\\\/13\\\/estudo-para-construcao-de-viaduto-na-ers-407-avanca-e-pode-beneficiar-o-litoral-norte\\\/\"},\"author\":{\"name\":\"Reda\u00e7\u00e3o TV Litoral\",\"@id\":\"https:\\\/\\\/redelitoralrs.com\\\/#\\\/schema\\\/person\\\/9f8181f2a7359dd3986f05ebaf5bd68a\"},\"headline\":\"Estudo para constru\u00e7\u00e3o de viaduto na ERS-407 avan\u00e7a e pode beneficiar o Litoral Norte\",\"datePublished\":\"2025-02-14T00:37:01+00:00\",\"dateModified\":\"2025-02-14T00:38:28+00:00\",\"mainEntityOfPage\":{\"@id\":\"https:\\\/\\\/redelitoralrs.com\\\/index.php\\\/2025\\\/02\\\/13\\\/estudo-para-construcao-de-viaduto-na-ers-407-avanca-e-pode-beneficiar-o-litoral-norte\\\/\"},\"wordCount\":298,\"commentCount\":0,\"publisher\":{\"@id\":\"https:\\\/\\\/redelitoralrs.com\\\/#organization\"},\"image\":{\"@id\":\"https:\\\/\\\/redelitoralrs.com\\\/index.php\\\/2025\\\/02\\\/13\\\/estudo-para-construcao-de-viaduto-na-ers-407-avanca-e-pode-beneficiar-o-litoral-norte\\\/#primaryimage\"},\"thumbnailUrl\":\"https:\\\/\\\/redelitoralrs.com\\\/wp-content\\\/uploads\\\/2025\\\/02\\\/WhatsApp-Image-2025-02-13-at-19.46.30-1-scaled.jpeg\",\"articleSection\":[\"Litoral Norte\",\"\u00daltimas not\u00edcias\",\"Xangri-L\u00e1\"],\"inLanguage\":\"pt-BR\",\"potentialAction\":[{\"@type\":\"CommentAction\",\"name\":\"Comment\",\"target\":[\"https:\\\/\\\/redelitoralrs.com\\\/index.php\\\/2025\\\/02\\\/13\\\/estudo-para-construcao-de-viaduto-na-ers-407-avanca-e-pode-beneficiar-o-litoral-norte\\\/#respond\"]}]},{\"@type\":\"WebPage\",\"@id\":\"https:\\\/\\\/redelitoralrs.com\\\/index.php\\\/2025\\\/02\\\/13\\\/estudo-para-construcao-de-viaduto-na-ers-407-avanca-e-pode-beneficiar-o-litoral-norte\\\/\",\"url\":\"https:\\\/\\\/redelitoralrs.com\\\/index.php\\\/2025\\\/02\\\/13\\\/estudo-para-construcao-de-viaduto-na-ers-407-avanca-e-pode-beneficiar-o-litoral-norte\\\/\",\"name\":\"Estudo para constru\u00e7\u00e3o de viaduto na RS-407 avan\u00e7a\",\"isPartOf\":{\"@id\":\"https:\\\/\\\/redelitoralrs.com\\\/#website\"},\"primaryImageOfPage\":{\"@id\":\"https:\\\/\\\/redelitoralrs.com\\\/index.php\\\/2025\\\/02\\\/13\\\/estudo-para-construcao-de-viaduto-na-ers-407-avanca-e-pode-beneficiar-o-litoral-norte\\\/#primaryimage\"},\"image\":{\"@id\":\"https:\\\/\\\/redelitoralrs.com\\\/index.php\\\/2025\\\/02\\\/13\\\/estudo-para-construcao-de-viaduto-na-ers-407-avanca-e-pode-beneficiar-o-litoral-norte\\\/#primaryimage\"},\"thumbnailUrl\":\"https:\\\/\\\/redelitoralrs.com\\\/wp-content\\\/uploads\\\/2025\\\/02\\\/WhatsApp-Image-2025-02-13-at-19.46.30-1-scaled.jpeg\",\"datePublished\":\"2025-02-14T00:37:01+00:00\",\"dateModified\":\"2025-02-14T00:38:28+00:00\",\"breadcrumb\":{\"@id\":\"https:\\\/\\\/redelitoralrs.com\\\/index.php\\\/2025\\\/02\\\/13\\\/estudo-para-construcao-de-viaduto-na-ers-407-avanca-e-pode-beneficiar-o-litoral-norte\\\/#breadcrumb\"},\"inLanguage\":\"pt-BR\",\"potentialAction\":[{\"@type\":\"ReadAction\",\"target\":[\"https:\\\/\\\/redelitoralrs.com\\\/index.php\\\/2025\\\/02\\\/13\\\/estudo-para-construcao-de-viaduto-na-ers-407-avanca-e-pode-beneficiar-o-litoral-norte\\\/\"]}]},{\"@type\":\"ImageObject\",\"inLanguage\":\"pt-BR\",\"@id\":\"https:\\\/\\\/redelitoralrs.com\\\/index.php\\\/2025\\\/02\\\/13\\\/estudo-para-construcao-de-viaduto-na-ers-407-avanca-e-pode-beneficiar-o-litoral-norte\\\/#primaryimage\",\"url\":\"https:\\\/\\\/redelitoralrs.com\\\/wp-content\\\/uploads\\\/2025\\\/02\\\/WhatsApp-Image-2025-02-13-at-19.46.30-1-scaled.jpeg\",\"contentUrl\":\"https:\\\/\\\/redelitoralrs.com\\\/wp-content\\\/uploads\\\/2025\\\/02\\\/WhatsApp-Image-2025-02-13-at-19.46.30-1-scaled.jpeg\",\"width\":2560,\"height\":1706,\"caption\":\"Foto: Paulo Joel\"},{\"@type\":\"BreadcrumbList\",\"@id\":\"https:\\\/\\\/redelitoralrs.com\\\/index.php\\\/2025\\\/02\\\/13\\\/estudo-para-construcao-de-viaduto-na-ers-407-avanca-e-pode-beneficiar-o-litoral-norte\\\/#breadcrumb\",\"itemListElement\":[{\"@type\":\"ListItem\",\"position\":1,\"name\":\"In\u00edcio\",\"item\":\"https:\\\/\\\/redelitoralrs.com\\\/\"},{\"@type\":\"ListItem\",\"position\":2,\"name\":\"Estudo para constru\u00e7\u00e3o de viaduto na ERS-407 avan\u00e7a e pode beneficiar o Litoral Norte\"}]},{\"@type\":\"WebSite\",\"@id\":\"https:\\\/\\\/redelitoralrs.com\\\/#website\",\"url\":\"https:\\\/\\\/redelitoralrs.com\\\/\",\"name\":\"TV Litoral\",\"description\":\"Acompanhe tudo do litoral ga\u00facho com a cobertura completa e atualizada da Rede Litoral RS. Nossos jornalistas trazem as \u00faltimas not\u00edcias, os acontecimentos mais quentes e as hist\u00f3rias que importam sobre nosso amado litoral.\",\"publisher\":{\"@id\":\"https:\\\/\\\/redelitoralrs.com\\\/#organization\"},\"potentialAction\":[{\"@type\":\"SearchAction\",\"target\":{\"@type\":\"EntryPoint\",\"urlTemplate\":\"https:\\\/\\\/redelitoralrs.com\\\/?s={search_term_string}\"},\"query-input\":{\"@type\":\"PropertyValueSpecification\",\"valueRequired\":true,\"valueName\":\"search_term_string\"}}],\"inLanguage\":\"pt-BR\"},{\"@type\":\"Organization\",\"@id\":\"https:\\\/\\\/redelitoralrs.com\\\/#organization\",\"name\":\"TV Litoral\",\"url\":\"https:\\\/\\\/redelitoralrs.com\\\/\",\"logo\":{\"@type\":\"ImageObject\",\"inLanguage\":\"pt-BR\",\"@id\":\"https:\\\/\\\/redelitoralrs.com\\\/#\\\/schema\\\/logo\\\/image\\\/\",\"url\":\"https:\\\/\\\/redelitoralrs.com\\\/wp-content\\\/uploads\\\/2024\\\/01\\\/faviconicon-1-1.png\",\"contentUrl\":\"https:\\\/\\\/redelitoralrs.com\\\/wp-content\\\/uploads\\\/2024\\\/01\\\/faviconicon-1-1.png\",\"width\":454,\"height\":454,\"caption\":\"TV Litoral\"},\"image\":{\"@id\":\"https:\\\/\\\/redelitoralrs.com\\\/#\\\/schema\\\/logo\\\/image\\\/\"},\"sameAs\":[\"https:\\\/\\\/www.facebook.com\\\/tvlitoralrsoficial\",\"https:\\\/\\\/www.instagram.com\\\/tvlitoral.rs\"]},{\"@type\":\"Person\",\"@id\":\"https:\\\/\\\/redelitoralrs.com\\\/#\\\/schema\\\/person\\\/9f8181f2a7359dd3986f05ebaf5bd68a\",\"name\":\"Reda\u00e7\u00e3o TV Litoral\",\"image\":{\"@type\":\"ImageObject\",\"inLanguage\":\"pt-BR\",\"@id\":\"https:\\\/\\\/redelitoralrs.com\\\/wp-content\\\/litespeed\\\/avatar\\\/779aafbb45e66c7f82733e21abb48259.jpg?ver=1776956734\",\"url\":\"https:\\\/\\\/redelitoralrs.com\\\/wp-content\\\/litespeed\\\/avatar\\\/779aafbb45e66c7f82733e21abb48259.jpg?ver=1776956734\",\"contentUrl\":\"https:\\\/\\\/redelitoralrs.com\\\/wp-content\\\/litespeed\\\/avatar\\\/779aafbb45e66c7f82733e21abb48259.jpg?ver=1776956734\",\"caption\":\"Reda\u00e7\u00e3o TV Litoral\"},\"description\":\"A Rede Litoral de Comunica\u00e7\u00e3o \u00e9 um grupo de m\u00eddia multiplataforma do Litoral Norte do RS. Com atua\u00e7\u00e3o em TV, r\u00e1dio, portal e redes sociais, levamos informa\u00e7\u00e3o, conte\u00fado e entretenimento \u00e0 comunidade, fortalecendo a comunica\u00e7\u00e3o local e impulsionando o desenvolvimento regional. Acompanhe atrav\u00e9s de @redelitoralrs.\",\"sameAs\":[\"https:\\\/\\\/redelitoralrs.com\",\"https:\\\/\\\/www.instagram.com\\\/redelitoralrs\",\"https:\\\/\\\/www.youtube.com\\\/@redelitoralrs\"],\"url\":\"https:\\\/\\\/redelitoralrs.com\\\/index.php\\\/author\\\/redacaotvlitoral\\\/\"}]}<\/script>\n<!-- \/ Yoast SEO plugin. -->","yoast_head_json":{"title":"Estudo para constru\u00e7\u00e3o de viaduto na RS-407 avan\u00e7a","robots":{"index":"index","follow":"follow","max-snippet":"max-snippet:-1","max-image-preview":"max-image-preview:large","max-video-preview":"max-video-preview:-1"},"canonical":"https:\/\/redelitoralrs.com\/index.php\/2025\/02\/13\/estudo-para-construcao-de-viaduto-na-ers-407-avanca-e-pode-beneficiar-o-litoral-norte\/","og_locale":"pt_BR","og_type":"article","og_title":"Estudo para constru\u00e7\u00e3o de viaduto na RS-407 avan\u00e7a","og_description":"A constru\u00e7\u00e3o de um viaduto na ERS-407, uma das principais vias de acesso ao Litoral Norte do Rio Grande do Sul, est\u00e1 em an\u00e1lise pela Secretaria de Log\u00edstica e Transportes do Estado. O projeto, que visa melhorar a mobilidade e a seguran\u00e7a no tr\u00e2nsito, foi tema de uma audi\u00eancia realizada nesta quarta-feira (12), em Porto [&hellip;]","og_url":"https:\/\/redelitoralrs.com\/index.php\/2025\/02\/13\/estudo-para-construcao-de-viaduto-na-ers-407-avanca-e-pode-beneficiar-o-litoral-norte\/","og_site_name":"Rede Litoral RS","article_publisher":"https:\/\/www.facebook.com\/tvlitoralrsoficial","article_published_time":"2025-02-14T00:37:01+00:00","article_modified_time":"2025-02-14T00:38:28+00:00","og_image":[{"width":2560,"height":1706,"url":"https:\/\/redelitoralrs.com\/wp-content\/uploads\/2025\/02\/WhatsApp-Image-2025-02-13-at-19.46.30-1-scaled.jpeg","type":"image\/jpeg"}],"author":"Reda\u00e7\u00e3o TV Litoral","twitter_card":"summary_large_image","twitter_misc":{"Escrito por":"Reda\u00e7\u00e3o TV Litoral","Est. tempo de leitura":"3 minutos"},"schema":{"@context":"https:\/\/schema.org","@graph":[{"@type":"Article","@id":"https:\/\/redelitoralrs.com\/index.php\/2025\/02\/13\/estudo-para-construcao-de-viaduto-na-ers-407-avanca-e-pode-beneficiar-o-litoral-norte\/#article","isPartOf":{"@id":"https:\/\/redelitoralrs.com\/index.php\/2025\/02\/13\/estudo-para-construcao-de-viaduto-na-ers-407-avanca-e-pode-beneficiar-o-litoral-norte\/"},"author":{"name":"Reda\u00e7\u00e3o TV Litoral","@id":"https:\/\/redelitoralrs.com\/#\/schema\/person\/9f8181f2a7359dd3986f05ebaf5bd68a"},"headline":"Estudo para constru\u00e7\u00e3o de viaduto na ERS-407 avan\u00e7a e pode beneficiar o Litoral Norte","datePublished":"2025-02-14T00:37:01+00:00","dateModified":"2025-02-14T00:38:28+00:00","mainEntityOfPage":{"@id":"https:\/\/redelitoralrs.com\/index.php\/2025\/02\/13\/estudo-para-construcao-de-viaduto-na-ers-407-avanca-e-pode-beneficiar-o-litoral-norte\/"},"wordCount":298,"commentCount":0,"publisher":{"@id":"https:\/\/redelitoralrs.com\/#organization"},"image":{"@id":"https:\/\/redelitoralrs.com\/index.php\/2025\/02\/13\/estudo-para-construcao-de-viaduto-na-ers-407-avanca-e-pode-beneficiar-o-litoral-norte\/#primaryimage"},"thumbnailUrl":"https:\/\/redelitoralrs.com\/wp-content\/uploads\/2025\/02\/WhatsApp-Image-2025-02-13-at-19.46.30-1-scaled.jpeg","articleSection":["Litoral Norte","\u00daltimas not\u00edcias","Xangri-L\u00e1"],"inLanguage":"pt-BR","potentialAction":[{"@type":"CommentAction","name":"Comment","target":["https:\/\/redelitoralrs.com\/index.php\/2025\/02\/13\/estudo-para-construcao-de-viaduto-na-ers-407-avanca-e-pode-beneficiar-o-litoral-norte\/#respond"]}]},{"@type":"WebPage","@id":"https:\/\/redelitoralrs.com\/index.php\/2025\/02\/13\/estudo-para-construcao-de-viaduto-na-ers-407-avanca-e-pode-beneficiar-o-litoral-norte\/","url":"https:\/\/redelitoralrs.com\/index.php\/2025\/02\/13\/estudo-para-construcao-de-viaduto-na-ers-407-avanca-e-pode-beneficiar-o-litoral-norte\/","name":"Estudo para constru\u00e7\u00e3o de viaduto na RS-407 avan\u00e7a","isPartOf":{"@id":"https:\/\/redelitoralrs.com\/#website"},"primaryImageOfPage":{"@id":"https:\/\/redelitoralrs.com\/index.php\/2025\/02\/13\/estudo-para-construcao-de-viaduto-na-ers-407-avanca-e-pode-beneficiar-o-litoral-norte\/#primaryimage"},"image":{"@id":"https:\/\/redelitoralrs.com\/index.php\/2025\/02\/13\/estudo-para-construcao-de-viaduto-na-ers-407-avanca-e-pode-beneficiar-o-litoral-norte\/#primaryimage"},"thumbnailUrl":"https:\/\/redelitoralrs.com\/wp-content\/uploads\/2025\/02\/WhatsApp-Image-2025-02-13-at-19.46.30-1-scaled.jpeg","datePublished":"2025-02-14T00:37:01+00:00","dateModified":"2025-02-14T00:38:28+00:00","breadcrumb":{"@id":"https:\/\/redelitoralrs.com\/index.php\/2025\/02\/13\/estudo-para-construcao-de-viaduto-na-ers-407-avanca-e-pode-beneficiar-o-litoral-norte\/#breadcrumb"},"inLanguage":"pt-BR","potentialAction":[{"@type":"ReadAction","target":["https:\/\/redelitoralrs.com\/index.php\/2025\/02\/13\/estudo-para-construcao-de-viaduto-na-ers-407-avanca-e-pode-beneficiar-o-litoral-norte\/"]}]},{"@type":"ImageObject","inLanguage":"pt-BR","@id":"https:\/\/redelitoralrs.com\/index.php\/2025\/02\/13\/estudo-para-construcao-de-viaduto-na-ers-407-avanca-e-pode-beneficiar-o-litoral-norte\/#primaryimage","url":"https:\/\/redelitoralrs.com\/wp-content\/uploads\/2025\/02\/WhatsApp-Image-2025-02-13-at-19.46.30-1-scaled.jpeg","contentUrl":"https:\/\/redelitoralrs.com\/wp-content\/uploads\/2025\/02\/WhatsApp-Image-2025-02-13-at-19.46.30-1-scaled.jpeg","width":2560,"height":1706,"caption":"Foto: Paulo Joel"},{"@type":"BreadcrumbList","@id":"https:\/\/redelitoralrs.com\/index.php\/2025\/02\/13\/estudo-para-construcao-de-viaduto-na-ers-407-avanca-e-pode-beneficiar-o-litoral-norte\/#breadcrumb","itemListElement":[{"@type":"ListItem","position":1,"name":"In\u00edcio","item":"https:\/\/redelitoralrs.com\/"},{"@type":"ListItem","position":2,"name":"Estudo para constru\u00e7\u00e3o de viaduto na ERS-407 avan\u00e7a e pode beneficiar o Litoral Norte"}]},{"@type":"WebSite","@id":"https:\/\/redelitoralrs.com\/#website","url":"https:\/\/redelitoralrs.com\/","name":"TV Litoral","description":"Acompanhe tudo do litoral ga\u00facho com a cobertura completa e atualizada da Rede Litoral RS. Nossos jornalistas trazem as \u00faltimas not\u00edcias, os acontecimentos mais quentes e as hist\u00f3rias que importam sobre nosso amado litoral.","publisher":{"@id":"https:\/\/redelitoralrs.com\/#organization"},"potentialAction":[{"@type":"SearchAction","target":{"@type":"EntryPoint","urlTemplate":"https:\/\/redelitoralrs.com\/?s={search_term_string}"},"query-input":{"@type":"PropertyValueSpecification","valueRequired":true,"valueName":"search_term_string"}}],"inLanguage":"pt-BR"},{"@type":"Organization","@id":"https:\/\/redelitoralrs.com\/#organization","name":"TV Litoral","url":"https:\/\/redelitoralrs.com\/","logo":{"@type":"ImageObject","inLanguage":"pt-BR","@id":"https:\/\/redelitoralrs.com\/#\/schema\/logo\/image\/","url":"https:\/\/redelitoralrs.com\/wp-content\/uploads\/2024\/01\/faviconicon-1-1.png","contentUrl":"https:\/\/redelitoralrs.com\/wp-content\/uploads\/2024\/01\/faviconicon-1-1.png","width":454,"height":454,"caption":"TV Litoral"},"image":{"@id":"https:\/\/redelitoralrs.com\/#\/schema\/logo\/image\/"},"sameAs":["https:\/\/www.facebook.com\/tvlitoralrsoficial","https:\/\/www.instagram.com\/tvlitoral.rs"]},{"@type":"Person","@id":"https:\/\/redelitoralrs.com\/#\/schema\/person\/9f8181f2a7359dd3986f05ebaf5bd68a","name":"Reda\u00e7\u00e3o TV Litoral","image":{"@type":"ImageObject","inLanguage":"pt-BR","@id":"https:\/\/redelitoralrs.com\/wp-content\/litespeed\/avatar\/779aafbb45e66c7f82733e21abb48259.jpg?ver=1776956734","url":"https:\/\/redelitoralrs.com\/wp-content\/litespeed\/avatar\/779aafbb45e66c7f82733e21abb48259.jpg?ver=1776956734","contentUrl":"https:\/\/redelitoralrs.com\/wp-content\/litespeed\/avatar\/779aafbb45e66c7f82733e21abb48259.jpg?ver=1776956734","caption":"Reda\u00e7\u00e3o TV Litoral"},"description":"A Rede Litoral de Comunica\u00e7\u00e3o \u00e9 um grupo de m\u00eddia multiplataforma do Litoral Norte do RS. Com atua\u00e7\u00e3o em TV, r\u00e1dio, portal e redes sociais, levamos informa\u00e7\u00e3o, conte\u00fado e entretenimento \u00e0 comunidade, fortalecendo a comunica\u00e7\u00e3o local e impulsionando o desenvolvimento regional. Acompanhe atrav\u00e9s de @redelitoralrs.","sameAs":["https:\/\/redelitoralrs.com","https:\/\/www.instagram.com\/redelitoralrs","https:\/\/www.youtube.com\/@redelitoralrs"],"url":"https:\/\/redelitoralrs.com\/index.php\/author\/redacaotvlitoral\/"}]}},"_links":{"self":[{"href":"https:\/\/redelitoralrs.com\/index.php\/wp-json\/wp\/v2\/posts\/6497","targetHints":{"allow":["GET"]}}],"collection":[{"href":"https:\/\/redelitoralrs.com\/index.php\/wp-json\/wp\/v2\/posts"}],"about":[{"href":"https:\/\/redelitoralrs.com\/index.php\/wp-json\/wp\/v2\/types\/post"}],"author":[{"embeddable":true,"href":"https:\/\/redelitoralrs.com\/index.php\/wp-json\/wp\/v2\/users\/2"}],"replies":[{"embeddable":true,"href":"https:\/\/redelitoralrs.com\/index.php\/wp-json\/wp\/v2\/comments?post=6497"}],"version-history":[{"count":1,"href":"https:\/\/redelitoralrs.com\/index.php\/wp-json\/wp\/v2\/posts\/6497\/revisions"}],"predecessor-version":[{"id":6501,"href":"https:\/\/redelitoralrs.com\/index.php\/wp-json\/wp\/v2\/posts\/6497\/revisions\/6501"}],"wp:featuredmedia":[{"embeddable":true,"href":"https:\/\/redelitoralrs.com\/index.php\/wp-json\/wp\/v2\/media\/6499"}],"wp:attachment":[{"href":"https:\/\/redelitoralrs.com\/index.php\/wp-json\/wp\/v2\/media?parent=6497"}],"wp:term":[{"taxonomy":"category","embeddable":true,"href":"https:\/\/redelitoralrs.com\/index.php\/wp-json\/wp\/v2\/categories?post=6497"},{"taxonomy":"post_tag","embeddable":true,"href":"https:\/\/redelitoralrs.com\/index.php\/wp-json\/wp\/v2\/tags?post=6497"}],"curies":[{"name":"wp","href":"https:\/\/api.w.org\/{rel}","templated":true}]}}