{"id":6430,"date":"2025-02-12T15:36:05","date_gmt":"2025-02-12T18:36:05","guid":{"rendered":"https:\/\/redelitoralrs.com\/?p=6430"},"modified":"2025-02-12T15:36:39","modified_gmt":"2025-02-12T18:36:39","slug":"estudantes-representarao-xangri-la-em-feiras-cientificas-nacionais-e-internacionais","status":"publish","type":"post","link":"https:\/\/redelitoralrs.com\/index.php\/2025\/02\/12\/estudantes-representarao-xangri-la-em-feiras-cientificas-nacionais-e-internacionais\/","title":{"rendered":"Estudantes representar\u00e3o Xangri-l\u00e1 em feiras cient\u00edficas nacionais e internacionais"},"content":{"rendered":"\n<p>Dois alunos da Escola Municipal de Ensino Fundamental Major Jo\u00e3o Ant\u00f4nio Marques, de Xangri-L\u00e1, participar\u00e3o de importantes feiras cient\u00edficas no Brasil e no exterior no m\u00eas de mar\u00e7o.<\/p>\n\n\n\n<p>Ana Elisa Vieira Forte foi selecionada para apresentar o projeto <em>\u201cEcoblister: Reduzindo o impacto ambiental atrav\u00e9s do descarte sustent\u00e1vel de blister de medicamentos\u201d<\/em> na 23\u00aa Feira Brasileira de Ci\u00eancias e Engenharia (FEBRACE 2025), que ocorrer\u00e1 entre os dias 24 e 28 de mar\u00e7o em S\u00e3o Paulo. O trabalho foi desenvolvido sob a orienta\u00e7\u00e3o do professor Marcelo Oliveira Ribeiro.<\/p>\n\n\n\n<p>J\u00e1 Isaque Borba Cacequi representar\u00e1 o munic\u00edpio na EXPORECERCA JOVE, evento que ser\u00e1 realizado de 5 a 8 de mar\u00e7o em Barcelona, na Espanha. Ele apresentar\u00e1 o projeto <em>\u201cJornada pela sustentabilidade \u2013 fase 2\u201d<\/em>, sob orienta\u00e7\u00e3o da professora Carla Padilha Matsubara.<\/p>\n\n\n\n<p>Os estudantes foram recebidos pelo Prefeito Celsinho Barbosa nesta ter\u00e7a-feira (11), em seu gabinete. Durante o encontro, o chefe do Executivo destacou a import\u00e2ncia da conquista para o munic\u00edpio e parabenizou os alunos, professores e familiares pelo empenho.<\/p>\n\n\n\n<p>A Secret\u00e1ria Municipal de Educa\u00e7\u00e3o, Nete Ramos, tamb\u00e9m enfatizou a relev\u00e2ncia do trabalho pedag\u00f3gico e o esfor\u00e7o dos alunos no desenvolvimento dos projetos, ressaltando a dedica\u00e7\u00e3o da equipe escolar na promo\u00e7\u00e3o da educa\u00e7\u00e3o cient\u00edfica.<\/p>\n","protected":false},"excerpt":{"rendered":"<p>Dois alunos da Escola Municipal de Ensino Fundamental Major Jo\u00e3o Ant\u00f4nio Marques, de Xangri-L\u00e1, participar\u00e3o de importantes feiras cient\u00edficas no Brasil e no exterior no m\u00eas de mar\u00e7o. Ana Elisa Vieira Forte foi selecionada para apresentar o projeto \u201cEcoblister: Reduzindo o impacto ambiental atrav\u00e9s do descarte sustent\u00e1vel de blister de medicamentos\u201d na 23\u00aa Feira Brasileira [&hellip;]<\/p>\n","protected":false},"author":2,"featured_media":6431,"comment_status":"open","ping_status":"open","sticky":false,"template":"","format":"standard","meta":{"_themeisle_gutenberg_block_has_review":false,"footnotes":""},"categories":[15,34],"tags":[103,92,128],"class_list":["post-6430","post","type-post","status-publish","format-standard","has-post-thumbnail","hentry","category-noticias","category-xangri-la","tag-litoral-norte","tag-noticia","tag-rio-grande-do-sul"],"yoast_head":"<!-- This site is optimized with the Yoast SEO plugin v27.4 - https:\/\/yoast.com\/product\/yoast-seo-wordpress\/ -->\n<title>Estudantes representar\u00e3o Xangri-l\u00e1 em feiras cient\u00edficas<\/title>\n<meta name=\"description\" content=\"Dois alunos da Escola Municipal de Ensino Fundamental Major Jo\u00e3o Ant\u00f4nio Marques, de Xangri-L\u00e1, participar\u00e3o de importantes feiras cient\u00edficas no Brasil e no exterior no m\u00eas de mar\u00e7o.\" \/>\n<meta name=\"robots\" content=\"index, follow, max-snippet:-1, max-image-preview:large, max-video-preview:-1\" \/>\n<link rel=\"canonical\" href=\"https:\/\/redelitoralrs.com\/index.php\/2025\/02\/12\/estudantes-representarao-xangri-la-em-feiras-cientificas-nacionais-e-internacionais\/\" \/>\n<meta property=\"og:locale\" content=\"pt_BR\" \/>\n<meta property=\"og:type\" content=\"article\" \/>\n<meta property=\"og:title\" content=\"Estudantes representar\u00e3o Xangri-l\u00e1 em feiras cient\u00edficas\" \/>\n<meta property=\"og:description\" content=\"Dois alunos da Escola Municipal de Ensino Fundamental Major Jo\u00e3o Ant\u00f4nio Marques, de Xangri-L\u00e1, participar\u00e3o de importantes feiras cient\u00edficas no Brasil e no exterior no m\u00eas de mar\u00e7o.\" \/>\n<meta property=\"og:url\" content=\"https:\/\/redelitoralrs.com\/index.php\/2025\/02\/12\/estudantes-representarao-xangri-la-em-feiras-cientificas-nacionais-e-internacionais\/\" \/>\n<meta property=\"og:site_name\" content=\"Rede Litoral RS\" \/>\n<meta property=\"article:publisher\" content=\"https:\/\/www.facebook.com\/tvlitoralrsoficial\" \/>\n<meta property=\"article:published_time\" content=\"2025-02-12T18:36:05+00:00\" \/>\n<meta property=\"article:modified_time\" content=\"2025-02-12T18:36:39+00:00\" \/>\n<meta property=\"og:image\" content=\"https:\/\/redelitoralrs.com\/wp-content\/uploads\/2025\/02\/WhatsApp-Image-2025-02-12-at-15.30.53-scaled.jpeg\" \/>\n\t<meta property=\"og:image:width\" content=\"2560\" \/>\n\t<meta property=\"og:image:height\" content=\"1920\" \/>\n\t<meta property=\"og:image:type\" content=\"image\/jpeg\" \/>\n<meta name=\"author\" content=\"Reda\u00e7\u00e3o TV Litoral\" \/>\n<meta name=\"twitter:card\" content=\"summary_large_image\" \/>\n<meta name=\"twitter:label1\" content=\"Escrito por\" \/>\n\t<meta name=\"twitter:data1\" content=\"Reda\u00e7\u00e3o TV Litoral\" \/>\n\t<meta name=\"twitter:label2\" content=\"Est. tempo de leitura\" \/>\n\t<meta name=\"twitter:data2\" content=\"2 minutos\" \/>\n<script type=\"application\/ld+json\" class=\"yoast-schema-graph\">{\"@context\":\"https:\\\/\\\/schema.org\",\"@graph\":[{\"@type\":\"Article\",\"@id\":\"https:\\\/\\\/redelitoralrs.com\\\/index.php\\\/2025\\\/02\\\/12\\\/estudantes-representarao-xangri-la-em-feiras-cientificas-nacionais-e-internacionais\\\/#article\",\"isPartOf\":{\"@id\":\"https:\\\/\\\/redelitoralrs.com\\\/index.php\\\/2025\\\/02\\\/12\\\/estudantes-representarao-xangri-la-em-feiras-cientificas-nacionais-e-internacionais\\\/\"},\"author\":{\"name\":\"Reda\u00e7\u00e3o TV Litoral\",\"@id\":\"https:\\\/\\\/redelitoralrs.com\\\/#\\\/schema\\\/person\\\/9f8181f2a7359dd3986f05ebaf5bd68a\"},\"headline\":\"Estudantes representar\u00e3o Xangri-l\u00e1 em feiras cient\u00edficas nacionais e internacionais\",\"datePublished\":\"2025-02-12T18:36:05+00:00\",\"dateModified\":\"2025-02-12T18:36:39+00:00\",\"mainEntityOfPage\":{\"@id\":\"https:\\\/\\\/redelitoralrs.com\\\/index.php\\\/2025\\\/02\\\/12\\\/estudantes-representarao-xangri-la-em-feiras-cientificas-nacionais-e-internacionais\\\/\"},\"wordCount\":229,\"commentCount\":0,\"publisher\":{\"@id\":\"https:\\\/\\\/redelitoralrs.com\\\/#organization\"},\"image\":{\"@id\":\"https:\\\/\\\/redelitoralrs.com\\\/index.php\\\/2025\\\/02\\\/12\\\/estudantes-representarao-xangri-la-em-feiras-cientificas-nacionais-e-internacionais\\\/#primaryimage\"},\"thumbnailUrl\":\"https:\\\/\\\/redelitoralrs.com\\\/wp-content\\\/uploads\\\/2025\\\/02\\\/WhatsApp-Image-2025-02-12-at-15.30.53-scaled.jpeg\",\"keywords\":[\"litoral norte\",\"not\u00edcia\",\"rio grande do sul\"],\"articleSection\":[\"\u00daltimas not\u00edcias\",\"Xangri-L\u00e1\"],\"inLanguage\":\"pt-BR\",\"potentialAction\":[{\"@type\":\"CommentAction\",\"name\":\"Comment\",\"target\":[\"https:\\\/\\\/redelitoralrs.com\\\/index.php\\\/2025\\\/02\\\/12\\\/estudantes-representarao-xangri-la-em-feiras-cientificas-nacionais-e-internacionais\\\/#respond\"]}]},{\"@type\":\"WebPage\",\"@id\":\"https:\\\/\\\/redelitoralrs.com\\\/index.php\\\/2025\\\/02\\\/12\\\/estudantes-representarao-xangri-la-em-feiras-cientificas-nacionais-e-internacionais\\\/\",\"url\":\"https:\\\/\\\/redelitoralrs.com\\\/index.php\\\/2025\\\/02\\\/12\\\/estudantes-representarao-xangri-la-em-feiras-cientificas-nacionais-e-internacionais\\\/\",\"name\":\"Estudantes representar\u00e3o Xangri-l\u00e1 em feiras cient\u00edficas\",\"isPartOf\":{\"@id\":\"https:\\\/\\\/redelitoralrs.com\\\/#website\"},\"primaryImageOfPage\":{\"@id\":\"https:\\\/\\\/redelitoralrs.com\\\/index.php\\\/2025\\\/02\\\/12\\\/estudantes-representarao-xangri-la-em-feiras-cientificas-nacionais-e-internacionais\\\/#primaryimage\"},\"image\":{\"@id\":\"https:\\\/\\\/redelitoralrs.com\\\/index.php\\\/2025\\\/02\\\/12\\\/estudantes-representarao-xangri-la-em-feiras-cientificas-nacionais-e-internacionais\\\/#primaryimage\"},\"thumbnailUrl\":\"https:\\\/\\\/redelitoralrs.com\\\/wp-content\\\/uploads\\\/2025\\\/02\\\/WhatsApp-Image-2025-02-12-at-15.30.53-scaled.jpeg\",\"datePublished\":\"2025-02-12T18:36:05+00:00\",\"dateModified\":\"2025-02-12T18:36:39+00:00\",\"description\":\"Dois alunos da Escola Municipal de Ensino Fundamental Major Jo\u00e3o Ant\u00f4nio Marques, de Xangri-L\u00e1, participar\u00e3o de importantes feiras cient\u00edficas no Brasil e no exterior no m\u00eas de mar\u00e7o.\",\"breadcrumb\":{\"@id\":\"https:\\\/\\\/redelitoralrs.com\\\/index.php\\\/2025\\\/02\\\/12\\\/estudantes-representarao-xangri-la-em-feiras-cientificas-nacionais-e-internacionais\\\/#breadcrumb\"},\"inLanguage\":\"pt-BR\",\"potentialAction\":[{\"@type\":\"ReadAction\",\"target\":[\"https:\\\/\\\/redelitoralrs.com\\\/index.php\\\/2025\\\/02\\\/12\\\/estudantes-representarao-xangri-la-em-feiras-cientificas-nacionais-e-internacionais\\\/\"]}]},{\"@type\":\"ImageObject\",\"inLanguage\":\"pt-BR\",\"@id\":\"https:\\\/\\\/redelitoralrs.com\\\/index.php\\\/2025\\\/02\\\/12\\\/estudantes-representarao-xangri-la-em-feiras-cientificas-nacionais-e-internacionais\\\/#primaryimage\",\"url\":\"https:\\\/\\\/redelitoralrs.com\\\/wp-content\\\/uploads\\\/2025\\\/02\\\/WhatsApp-Image-2025-02-12-at-15.30.53-scaled.jpeg\",\"contentUrl\":\"https:\\\/\\\/redelitoralrs.com\\\/wp-content\\\/uploads\\\/2025\\\/02\\\/WhatsApp-Image-2025-02-12-at-15.30.53-scaled.jpeg\",\"width\":2560,\"height\":1920,\"caption\":\"Foto: Ascom PMX\"},{\"@type\":\"BreadcrumbList\",\"@id\":\"https:\\\/\\\/redelitoralrs.com\\\/index.php\\\/2025\\\/02\\\/12\\\/estudantes-representarao-xangri-la-em-feiras-cientificas-nacionais-e-internacionais\\\/#breadcrumb\",\"itemListElement\":[{\"@type\":\"ListItem\",\"position\":1,\"name\":\"In\u00edcio\",\"item\":\"https:\\\/\\\/redelitoralrs.com\\\/\"},{\"@type\":\"ListItem\",\"position\":2,\"name\":\"Estudantes representar\u00e3o Xangri-l\u00e1 em feiras cient\u00edficas nacionais e internacionais\"}]},{\"@type\":\"WebSite\",\"@id\":\"https:\\\/\\\/redelitoralrs.com\\\/#website\",\"url\":\"https:\\\/\\\/redelitoralrs.com\\\/\",\"name\":\"TV Litoral\",\"description\":\"Acompanhe tudo do litoral ga\u00facho com a cobertura completa e atualizada da Rede Litoral RS. Nossos jornalistas trazem as \u00faltimas not\u00edcias, os acontecimentos mais quentes e as hist\u00f3rias que importam sobre nosso amado litoral.\",\"publisher\":{\"@id\":\"https:\\\/\\\/redelitoralrs.com\\\/#organization\"},\"potentialAction\":[{\"@type\":\"SearchAction\",\"target\":{\"@type\":\"EntryPoint\",\"urlTemplate\":\"https:\\\/\\\/redelitoralrs.com\\\/?s={search_term_string}\"},\"query-input\":{\"@type\":\"PropertyValueSpecification\",\"valueRequired\":true,\"valueName\":\"search_term_string\"}}],\"inLanguage\":\"pt-BR\"},{\"@type\":\"Organization\",\"@id\":\"https:\\\/\\\/redelitoralrs.com\\\/#organization\",\"name\":\"TV Litoral\",\"url\":\"https:\\\/\\\/redelitoralrs.com\\\/\",\"logo\":{\"@type\":\"ImageObject\",\"inLanguage\":\"pt-BR\",\"@id\":\"https:\\\/\\\/redelitoralrs.com\\\/#\\\/schema\\\/logo\\\/image\\\/\",\"url\":\"https:\\\/\\\/redelitoralrs.com\\\/wp-content\\\/uploads\\\/2024\\\/01\\\/faviconicon-1-1.png\",\"contentUrl\":\"https:\\\/\\\/redelitoralrs.com\\\/wp-content\\\/uploads\\\/2024\\\/01\\\/faviconicon-1-1.png\",\"width\":454,\"height\":454,\"caption\":\"TV Litoral\"},\"image\":{\"@id\":\"https:\\\/\\\/redelitoralrs.com\\\/#\\\/schema\\\/logo\\\/image\\\/\"},\"sameAs\":[\"https:\\\/\\\/www.facebook.com\\\/tvlitoralrsoficial\",\"https:\\\/\\\/www.instagram.com\\\/tvlitoral.rs\"]},{\"@type\":\"Person\",\"@id\":\"https:\\\/\\\/redelitoralrs.com\\\/#\\\/schema\\\/person\\\/9f8181f2a7359dd3986f05ebaf5bd68a\",\"name\":\"Reda\u00e7\u00e3o TV Litoral\",\"image\":{\"@type\":\"ImageObject\",\"inLanguage\":\"pt-BR\",\"@id\":\"https:\\\/\\\/redelitoralrs.com\\\/wp-content\\\/litespeed\\\/avatar\\\/779aafbb45e66c7f82733e21abb48259.jpg?ver=1777561602\",\"url\":\"https:\\\/\\\/redelitoralrs.com\\\/wp-content\\\/litespeed\\\/avatar\\\/779aafbb45e66c7f82733e21abb48259.jpg?ver=1777561602\",\"contentUrl\":\"https:\\\/\\\/redelitoralrs.com\\\/wp-content\\\/litespeed\\\/avatar\\\/779aafbb45e66c7f82733e21abb48259.jpg?ver=1777561602\",\"caption\":\"Reda\u00e7\u00e3o TV Litoral\"},\"description\":\"A Rede Litoral de Comunica\u00e7\u00e3o \u00e9 um grupo de m\u00eddia multiplataforma do Litoral Norte do RS. Com atua\u00e7\u00e3o em TV, r\u00e1dio, portal e redes sociais, levamos informa\u00e7\u00e3o, conte\u00fado e entretenimento \u00e0 comunidade, fortalecendo a comunica\u00e7\u00e3o local e impulsionando o desenvolvimento regional. Acompanhe atrav\u00e9s de @redelitoralrs.\",\"sameAs\":[\"https:\\\/\\\/redelitoralrs.com\",\"https:\\\/\\\/www.instagram.com\\\/redelitoralrs\",\"https:\\\/\\\/www.youtube.com\\\/@redelitoralrs\"],\"url\":\"https:\\\/\\\/redelitoralrs.com\\\/index.php\\\/author\\\/redacaotvlitoral\\\/\"}]}<\/script>\n<!-- \/ Yoast SEO plugin. -->","yoast_head_json":{"title":"Estudantes representar\u00e3o Xangri-l\u00e1 em feiras cient\u00edficas","description":"Dois alunos da Escola Municipal de Ensino Fundamental Major Jo\u00e3o Ant\u00f4nio Marques, de Xangri-L\u00e1, participar\u00e3o de importantes feiras cient\u00edficas no Brasil e no exterior no m\u00eas de mar\u00e7o.","robots":{"index":"index","follow":"follow","max-snippet":"max-snippet:-1","max-image-preview":"max-image-preview:large","max-video-preview":"max-video-preview:-1"},"canonical":"https:\/\/redelitoralrs.com\/index.php\/2025\/02\/12\/estudantes-representarao-xangri-la-em-feiras-cientificas-nacionais-e-internacionais\/","og_locale":"pt_BR","og_type":"article","og_title":"Estudantes representar\u00e3o Xangri-l\u00e1 em feiras cient\u00edficas","og_description":"Dois alunos da Escola Municipal de Ensino Fundamental Major Jo\u00e3o Ant\u00f4nio Marques, de Xangri-L\u00e1, participar\u00e3o de importantes feiras cient\u00edficas no Brasil e no exterior no m\u00eas de mar\u00e7o.","og_url":"https:\/\/redelitoralrs.com\/index.php\/2025\/02\/12\/estudantes-representarao-xangri-la-em-feiras-cientificas-nacionais-e-internacionais\/","og_site_name":"Rede Litoral RS","article_publisher":"https:\/\/www.facebook.com\/tvlitoralrsoficial","article_published_time":"2025-02-12T18:36:05+00:00","article_modified_time":"2025-02-12T18:36:39+00:00","og_image":[{"width":2560,"height":1920,"url":"https:\/\/redelitoralrs.com\/wp-content\/uploads\/2025\/02\/WhatsApp-Image-2025-02-12-at-15.30.53-scaled.jpeg","type":"image\/jpeg"}],"author":"Reda\u00e7\u00e3o TV Litoral","twitter_card":"summary_large_image","twitter_misc":{"Escrito por":"Reda\u00e7\u00e3o TV Litoral","Est. tempo de leitura":"2 minutos"},"schema":{"@context":"https:\/\/schema.org","@graph":[{"@type":"Article","@id":"https:\/\/redelitoralrs.com\/index.php\/2025\/02\/12\/estudantes-representarao-xangri-la-em-feiras-cientificas-nacionais-e-internacionais\/#article","isPartOf":{"@id":"https:\/\/redelitoralrs.com\/index.php\/2025\/02\/12\/estudantes-representarao-xangri-la-em-feiras-cientificas-nacionais-e-internacionais\/"},"author":{"name":"Reda\u00e7\u00e3o TV Litoral","@id":"https:\/\/redelitoralrs.com\/#\/schema\/person\/9f8181f2a7359dd3986f05ebaf5bd68a"},"headline":"Estudantes representar\u00e3o Xangri-l\u00e1 em feiras cient\u00edficas nacionais e internacionais","datePublished":"2025-02-12T18:36:05+00:00","dateModified":"2025-02-12T18:36:39+00:00","mainEntityOfPage":{"@id":"https:\/\/redelitoralrs.com\/index.php\/2025\/02\/12\/estudantes-representarao-xangri-la-em-feiras-cientificas-nacionais-e-internacionais\/"},"wordCount":229,"commentCount":0,"publisher":{"@id":"https:\/\/redelitoralrs.com\/#organization"},"image":{"@id":"https:\/\/redelitoralrs.com\/index.php\/2025\/02\/12\/estudantes-representarao-xangri-la-em-feiras-cientificas-nacionais-e-internacionais\/#primaryimage"},"thumbnailUrl":"https:\/\/redelitoralrs.com\/wp-content\/uploads\/2025\/02\/WhatsApp-Image-2025-02-12-at-15.30.53-scaled.jpeg","keywords":["litoral norte","not\u00edcia","rio grande do sul"],"articleSection":["\u00daltimas not\u00edcias","Xangri-L\u00e1"],"inLanguage":"pt-BR","potentialAction":[{"@type":"CommentAction","name":"Comment","target":["https:\/\/redelitoralrs.com\/index.php\/2025\/02\/12\/estudantes-representarao-xangri-la-em-feiras-cientificas-nacionais-e-internacionais\/#respond"]}]},{"@type":"WebPage","@id":"https:\/\/redelitoralrs.com\/index.php\/2025\/02\/12\/estudantes-representarao-xangri-la-em-feiras-cientificas-nacionais-e-internacionais\/","url":"https:\/\/redelitoralrs.com\/index.php\/2025\/02\/12\/estudantes-representarao-xangri-la-em-feiras-cientificas-nacionais-e-internacionais\/","name":"Estudantes representar\u00e3o Xangri-l\u00e1 em feiras cient\u00edficas","isPartOf":{"@id":"https:\/\/redelitoralrs.com\/#website"},"primaryImageOfPage":{"@id":"https:\/\/redelitoralrs.com\/index.php\/2025\/02\/12\/estudantes-representarao-xangri-la-em-feiras-cientificas-nacionais-e-internacionais\/#primaryimage"},"image":{"@id":"https:\/\/redelitoralrs.com\/index.php\/2025\/02\/12\/estudantes-representarao-xangri-la-em-feiras-cientificas-nacionais-e-internacionais\/#primaryimage"},"thumbnailUrl":"https:\/\/redelitoralrs.com\/wp-content\/uploads\/2025\/02\/WhatsApp-Image-2025-02-12-at-15.30.53-scaled.jpeg","datePublished":"2025-02-12T18:36:05+00:00","dateModified":"2025-02-12T18:36:39+00:00","description":"Dois alunos da Escola Municipal de Ensino Fundamental Major Jo\u00e3o Ant\u00f4nio Marques, de Xangri-L\u00e1, participar\u00e3o de importantes feiras cient\u00edficas no Brasil e no exterior no m\u00eas de mar\u00e7o.","breadcrumb":{"@id":"https:\/\/redelitoralrs.com\/index.php\/2025\/02\/12\/estudantes-representarao-xangri-la-em-feiras-cientificas-nacionais-e-internacionais\/#breadcrumb"},"inLanguage":"pt-BR","potentialAction":[{"@type":"ReadAction","target":["https:\/\/redelitoralrs.com\/index.php\/2025\/02\/12\/estudantes-representarao-xangri-la-em-feiras-cientificas-nacionais-e-internacionais\/"]}]},{"@type":"ImageObject","inLanguage":"pt-BR","@id":"https:\/\/redelitoralrs.com\/index.php\/2025\/02\/12\/estudantes-representarao-xangri-la-em-feiras-cientificas-nacionais-e-internacionais\/#primaryimage","url":"https:\/\/redelitoralrs.com\/wp-content\/uploads\/2025\/02\/WhatsApp-Image-2025-02-12-at-15.30.53-scaled.jpeg","contentUrl":"https:\/\/redelitoralrs.com\/wp-content\/uploads\/2025\/02\/WhatsApp-Image-2025-02-12-at-15.30.53-scaled.jpeg","width":2560,"height":1920,"caption":"Foto: Ascom PMX"},{"@type":"BreadcrumbList","@id":"https:\/\/redelitoralrs.com\/index.php\/2025\/02\/12\/estudantes-representarao-xangri-la-em-feiras-cientificas-nacionais-e-internacionais\/#breadcrumb","itemListElement":[{"@type":"ListItem","position":1,"name":"In\u00edcio","item":"https:\/\/redelitoralrs.com\/"},{"@type":"ListItem","position":2,"name":"Estudantes representar\u00e3o Xangri-l\u00e1 em feiras cient\u00edficas nacionais e internacionais"}]},{"@type":"WebSite","@id":"https:\/\/redelitoralrs.com\/#website","url":"https:\/\/redelitoralrs.com\/","name":"TV Litoral","description":"Acompanhe tudo do litoral ga\u00facho com a cobertura completa e atualizada da Rede Litoral RS. Nossos jornalistas trazem as \u00faltimas not\u00edcias, os acontecimentos mais quentes e as hist\u00f3rias que importam sobre nosso amado litoral.","publisher":{"@id":"https:\/\/redelitoralrs.com\/#organization"},"potentialAction":[{"@type":"SearchAction","target":{"@type":"EntryPoint","urlTemplate":"https:\/\/redelitoralrs.com\/?s={search_term_string}"},"query-input":{"@type":"PropertyValueSpecification","valueRequired":true,"valueName":"search_term_string"}}],"inLanguage":"pt-BR"},{"@type":"Organization","@id":"https:\/\/redelitoralrs.com\/#organization","name":"TV Litoral","url":"https:\/\/redelitoralrs.com\/","logo":{"@type":"ImageObject","inLanguage":"pt-BR","@id":"https:\/\/redelitoralrs.com\/#\/schema\/logo\/image\/","url":"https:\/\/redelitoralrs.com\/wp-content\/uploads\/2024\/01\/faviconicon-1-1.png","contentUrl":"https:\/\/redelitoralrs.com\/wp-content\/uploads\/2024\/01\/faviconicon-1-1.png","width":454,"height":454,"caption":"TV Litoral"},"image":{"@id":"https:\/\/redelitoralrs.com\/#\/schema\/logo\/image\/"},"sameAs":["https:\/\/www.facebook.com\/tvlitoralrsoficial","https:\/\/www.instagram.com\/tvlitoral.rs"]},{"@type":"Person","@id":"https:\/\/redelitoralrs.com\/#\/schema\/person\/9f8181f2a7359dd3986f05ebaf5bd68a","name":"Reda\u00e7\u00e3o TV Litoral","image":{"@type":"ImageObject","inLanguage":"pt-BR","@id":"https:\/\/redelitoralrs.com\/wp-content\/litespeed\/avatar\/779aafbb45e66c7f82733e21abb48259.jpg?ver=1777561602","url":"https:\/\/redelitoralrs.com\/wp-content\/litespeed\/avatar\/779aafbb45e66c7f82733e21abb48259.jpg?ver=1777561602","contentUrl":"https:\/\/redelitoralrs.com\/wp-content\/litespeed\/avatar\/779aafbb45e66c7f82733e21abb48259.jpg?ver=1777561602","caption":"Reda\u00e7\u00e3o TV Litoral"},"description":"A Rede Litoral de Comunica\u00e7\u00e3o \u00e9 um grupo de m\u00eddia multiplataforma do Litoral Norte do RS. Com atua\u00e7\u00e3o em TV, r\u00e1dio, portal e redes sociais, levamos informa\u00e7\u00e3o, conte\u00fado e entretenimento \u00e0 comunidade, fortalecendo a comunica\u00e7\u00e3o local e impulsionando o desenvolvimento regional. Acompanhe atrav\u00e9s de @redelitoralrs.","sameAs":["https:\/\/redelitoralrs.com","https:\/\/www.instagram.com\/redelitoralrs","https:\/\/www.youtube.com\/@redelitoralrs"],"url":"https:\/\/redelitoralrs.com\/index.php\/author\/redacaotvlitoral\/"}]}},"_links":{"self":[{"href":"https:\/\/redelitoralrs.com\/index.php\/wp-json\/wp\/v2\/posts\/6430","targetHints":{"allow":["GET"]}}],"collection":[{"href":"https:\/\/redelitoralrs.com\/index.php\/wp-json\/wp\/v2\/posts"}],"about":[{"href":"https:\/\/redelitoralrs.com\/index.php\/wp-json\/wp\/v2\/types\/post"}],"author":[{"embeddable":true,"href":"https:\/\/redelitoralrs.com\/index.php\/wp-json\/wp\/v2\/users\/2"}],"replies":[{"embeddable":true,"href":"https:\/\/redelitoralrs.com\/index.php\/wp-json\/wp\/v2\/comments?post=6430"}],"version-history":[{"count":2,"href":"https:\/\/redelitoralrs.com\/index.php\/wp-json\/wp\/v2\/posts\/6430\/revisions"}],"predecessor-version":[{"id":6434,"href":"https:\/\/redelitoralrs.com\/index.php\/wp-json\/wp\/v2\/posts\/6430\/revisions\/6434"}],"wp:featuredmedia":[{"embeddable":true,"href":"https:\/\/redelitoralrs.com\/index.php\/wp-json\/wp\/v2\/media\/6431"}],"wp:attachment":[{"href":"https:\/\/redelitoralrs.com\/index.php\/wp-json\/wp\/v2\/media?parent=6430"}],"wp:term":[{"taxonomy":"category","embeddable":true,"href":"https:\/\/redelitoralrs.com\/index.php\/wp-json\/wp\/v2\/categories?post=6430"},{"taxonomy":"post_tag","embeddable":true,"href":"https:\/\/redelitoralrs.com\/index.php\/wp-json\/wp\/v2\/tags?post=6430"}],"curies":[{"name":"wp","href":"https:\/\/api.w.org\/{rel}","templated":true}]}}