{"id":6263,"date":"2025-02-10T09:18:56","date_gmt":"2025-02-10T12:18:56","guid":{"rendered":"https:\/\/redelitoralrs.com\/?p=6263"},"modified":"2025-02-10T09:19:14","modified_gmt":"2025-02-10T12:19:14","slug":"retorno-do-litoral-norte-quase-60-mil-veiculos-trafegaram-pela-freeway-neste-domingo","status":"publish","type":"post","link":"https:\/\/redelitoralrs.com\/index.php\/2025\/02\/10\/retorno-do-litoral-norte-quase-60-mil-veiculos-trafegaram-pela-freeway-neste-domingo\/","title":{"rendered":"Retorno do Litoral Norte: quase 60 mil ve\u00edculos trafegaram pela Freeway neste domingo"},"content":{"rendered":"\n<p>Neste domingo (9), a Freeway (BR-290) registrou um movimento intenso de retorno do Litoral Norte em dire\u00e7\u00e3o \u00e0 Regi\u00e3o Metropolitana de Porto Alegre. De acordo com a CCR ViaSul, concession\u00e1ria respons\u00e1vel pela rodovia, aproximadamente 60 mil ve\u00edculos utilizaram a via ao longo do dia.<\/p>\n\n\n\n<p>Desde as primeiras horas da manh\u00e3, o fluxo de ve\u00edculos foi constante, com aumento significativo a partir do meio-dia. Os motoristas que optaram por retornar durante a tarde enfrentaram pontos de lentid\u00e3o, especialmente nas proximidades das pra\u00e7as de ped\u00e1gio de Santo Ant\u00f4nio da Patrulha e Gravata\u00ed.<\/p>\n\n\n\n<p>Para auxiliar na fluidez do tr\u00e1fego, a CCR ViaSul monitorou o movimento em tempo real e disponibilizou informa\u00e7\u00f5es atualizadas aos condutores. Al\u00e9m disso, equipes de atendimento estiveram de prontid\u00e3o para atender eventuais ocorr\u00eancias e garantir a seguran\u00e7a dos usu\u00e1rios.<\/p>\n\n\n\n<p>As autoridades de tr\u00e2nsito refor\u00e7am a import\u00e2ncia do planejamento da viagem e da aten\u00e7\u00e3o \u00e0s condi\u00e7\u00f5es da rodovia. Recomenda-se que os motoristas verifiquem as atualiza\u00e7\u00f5es sobre o tr\u00e1fego antes de iniciar o deslocamento e considerem hor\u00e1rios alternativos para evitar os per\u00edodos de maior movimento.<\/p>\n\n\n\n<p><em>Com o t\u00e9rmino do final de semana, \u00e9 esperado que o fluxo de ve\u00edculos na Freeway retorne \u00e0 normalidade nas pr\u00f3ximas horas. <\/em>No entanto, a concession\u00e1ria alerta para a possibilidade de tr\u00e1fego intenso em feriados e finais de semana futuros, especialmente durante a alta temporada de ver\u00e3o.<\/p>\n","protected":false},"excerpt":{"rendered":"<p>Neste domingo (9), a Freeway (BR-290) registrou um movimento intenso de retorno do Litoral Norte em dire\u00e7\u00e3o \u00e0 Regi\u00e3o Metropolitana de Porto Alegre. De acordo com a CCR ViaSul, concession\u00e1ria respons\u00e1vel pela rodovia, aproximadamente 60 mil ve\u00edculos utilizaram a via ao longo do dia. Desde as primeiras horas da manh\u00e3, o fluxo de ve\u00edculos foi [&hellip;]<\/p>\n","protected":false},"author":2,"featured_media":6264,"comment_status":"open","ping_status":"open","sticky":false,"template":"","format":"standard","meta":{"_themeisle_gutenberg_block_has_review":false,"footnotes":""},"categories":[20,188,15],"tags":[103,92,128],"class_list":["post-6263","post","type-post","status-publish","format-standard","has-post-thumbnail","hentry","category-litoral_norte","category-rio-grande-do-sul","category-noticias","tag-litoral-norte","tag-noticia","tag-rio-grande-do-sul"],"yoast_head":"<!-- This site is optimized with the Yoast SEO plugin v27.4 - https:\/\/yoast.com\/product\/yoast-seo-wordpress\/ -->\n<title>Retorno do Litoral Norte: quase 60 mil ve\u00edculos trafegaram pela Freeway neste domingo - Rede Litoral RS<\/title>\n<meta name=\"robots\" content=\"index, follow, max-snippet:-1, max-image-preview:large, max-video-preview:-1\" \/>\n<link rel=\"canonical\" href=\"https:\/\/redelitoralrs.com\/index.php\/2025\/02\/10\/retorno-do-litoral-norte-quase-60-mil-veiculos-trafegaram-pela-freeway-neste-domingo\/\" \/>\n<meta property=\"og:locale\" content=\"pt_BR\" \/>\n<meta property=\"og:type\" content=\"article\" \/>\n<meta property=\"og:title\" content=\"Retorno do Litoral Norte: quase 60 mil ve\u00edculos trafegaram pela Freeway neste domingo - Rede Litoral RS\" \/>\n<meta property=\"og:description\" content=\"Neste domingo (9), a Freeway (BR-290) registrou um movimento intenso de retorno do Litoral Norte em dire\u00e7\u00e3o \u00e0 Regi\u00e3o Metropolitana de Porto Alegre. De acordo com a CCR ViaSul, concession\u00e1ria respons\u00e1vel pela rodovia, aproximadamente 60 mil ve\u00edculos utilizaram a via ao longo do dia. Desde as primeiras horas da manh\u00e3, o fluxo de ve\u00edculos foi [&hellip;]\" \/>\n<meta property=\"og:url\" content=\"https:\/\/redelitoralrs.com\/index.php\/2025\/02\/10\/retorno-do-litoral-norte-quase-60-mil-veiculos-trafegaram-pela-freeway-neste-domingo\/\" \/>\n<meta property=\"og:site_name\" content=\"Rede Litoral RS\" \/>\n<meta property=\"article:publisher\" content=\"https:\/\/www.facebook.com\/tvlitoralrsoficial\" \/>\n<meta property=\"article:published_time\" content=\"2025-02-10T12:18:56+00:00\" \/>\n<meta property=\"article:modified_time\" content=\"2025-02-10T12:19:14+00:00\" \/>\n<meta property=\"og:image\" content=\"https:\/\/redelitoralrs.com\/wp-content\/uploads\/2025\/02\/ece10ee8-9653-4023-ae09-db505eb0ca5b.jpg\" \/>\n\t<meta property=\"og:image:width\" content=\"640\" \/>\n\t<meta property=\"og:image:height\" content=\"480\" \/>\n\t<meta property=\"og:image:type\" content=\"image\/jpeg\" \/>\n<meta name=\"author\" content=\"Reda\u00e7\u00e3o TV Litoral\" \/>\n<meta name=\"twitter:card\" content=\"summary_large_image\" \/>\n<meta name=\"twitter:label1\" content=\"Escrito por\" \/>\n\t<meta name=\"twitter:data1\" content=\"Reda\u00e7\u00e3o TV Litoral\" \/>\n\t<meta name=\"twitter:label2\" content=\"Est. tempo de leitura\" \/>\n\t<meta name=\"twitter:data2\" content=\"2 minutos\" \/>\n<script type=\"application\/ld+json\" class=\"yoast-schema-graph\">{\"@context\":\"https:\\\/\\\/schema.org\",\"@graph\":[{\"@type\":\"Article\",\"@id\":\"https:\\\/\\\/redelitoralrs.com\\\/index.php\\\/2025\\\/02\\\/10\\\/retorno-do-litoral-norte-quase-60-mil-veiculos-trafegaram-pela-freeway-neste-domingo\\\/#article\",\"isPartOf\":{\"@id\":\"https:\\\/\\\/redelitoralrs.com\\\/index.php\\\/2025\\\/02\\\/10\\\/retorno-do-litoral-norte-quase-60-mil-veiculos-trafegaram-pela-freeway-neste-domingo\\\/\"},\"author\":{\"name\":\"Reda\u00e7\u00e3o TV Litoral\",\"@id\":\"https:\\\/\\\/redelitoralrs.com\\\/#\\\/schema\\\/person\\\/9f8181f2a7359dd3986f05ebaf5bd68a\"},\"headline\":\"Retorno do Litoral Norte: quase 60 mil ve\u00edculos trafegaram pela Freeway neste domingo\",\"datePublished\":\"2025-02-10T12:18:56+00:00\",\"dateModified\":\"2025-02-10T12:19:14+00:00\",\"mainEntityOfPage\":{\"@id\":\"https:\\\/\\\/redelitoralrs.com\\\/index.php\\\/2025\\\/02\\\/10\\\/retorno-do-litoral-norte-quase-60-mil-veiculos-trafegaram-pela-freeway-neste-domingo\\\/\"},\"wordCount\":260,\"commentCount\":0,\"publisher\":{\"@id\":\"https:\\\/\\\/redelitoralrs.com\\\/#organization\"},\"image\":{\"@id\":\"https:\\\/\\\/redelitoralrs.com\\\/index.php\\\/2025\\\/02\\\/10\\\/retorno-do-litoral-norte-quase-60-mil-veiculos-trafegaram-pela-freeway-neste-domingo\\\/#primaryimage\"},\"thumbnailUrl\":\"https:\\\/\\\/redelitoralrs.com\\\/wp-content\\\/uploads\\\/2025\\\/02\\\/ece10ee8-9653-4023-ae09-db505eb0ca5b.jpg\",\"keywords\":[\"litoral norte\",\"not\u00edcia\",\"rio grande do sul\"],\"articleSection\":[\"Litoral Norte\",\"Rio Grande do Sul\",\"\u00daltimas not\u00edcias\"],\"inLanguage\":\"pt-BR\",\"potentialAction\":[{\"@type\":\"CommentAction\",\"name\":\"Comment\",\"target\":[\"https:\\\/\\\/redelitoralrs.com\\\/index.php\\\/2025\\\/02\\\/10\\\/retorno-do-litoral-norte-quase-60-mil-veiculos-trafegaram-pela-freeway-neste-domingo\\\/#respond\"]}]},{\"@type\":\"WebPage\",\"@id\":\"https:\\\/\\\/redelitoralrs.com\\\/index.php\\\/2025\\\/02\\\/10\\\/retorno-do-litoral-norte-quase-60-mil-veiculos-trafegaram-pela-freeway-neste-domingo\\\/\",\"url\":\"https:\\\/\\\/redelitoralrs.com\\\/index.php\\\/2025\\\/02\\\/10\\\/retorno-do-litoral-norte-quase-60-mil-veiculos-trafegaram-pela-freeway-neste-domingo\\\/\",\"name\":\"Retorno do Litoral Norte: quase 60 mil ve\u00edculos trafegaram pela Freeway neste domingo - Rede Litoral RS\",\"isPartOf\":{\"@id\":\"https:\\\/\\\/redelitoralrs.com\\\/#website\"},\"primaryImageOfPage\":{\"@id\":\"https:\\\/\\\/redelitoralrs.com\\\/index.php\\\/2025\\\/02\\\/10\\\/retorno-do-litoral-norte-quase-60-mil-veiculos-trafegaram-pela-freeway-neste-domingo\\\/#primaryimage\"},\"image\":{\"@id\":\"https:\\\/\\\/redelitoralrs.com\\\/index.php\\\/2025\\\/02\\\/10\\\/retorno-do-litoral-norte-quase-60-mil-veiculos-trafegaram-pela-freeway-neste-domingo\\\/#primaryimage\"},\"thumbnailUrl\":\"https:\\\/\\\/redelitoralrs.com\\\/wp-content\\\/uploads\\\/2025\\\/02\\\/ece10ee8-9653-4023-ae09-db505eb0ca5b.jpg\",\"datePublished\":\"2025-02-10T12:18:56+00:00\",\"dateModified\":\"2025-02-10T12:19:14+00:00\",\"breadcrumb\":{\"@id\":\"https:\\\/\\\/redelitoralrs.com\\\/index.php\\\/2025\\\/02\\\/10\\\/retorno-do-litoral-norte-quase-60-mil-veiculos-trafegaram-pela-freeway-neste-domingo\\\/#breadcrumb\"},\"inLanguage\":\"pt-BR\",\"potentialAction\":[{\"@type\":\"ReadAction\",\"target\":[\"https:\\\/\\\/redelitoralrs.com\\\/index.php\\\/2025\\\/02\\\/10\\\/retorno-do-litoral-norte-quase-60-mil-veiculos-trafegaram-pela-freeway-neste-domingo\\\/\"]}]},{\"@type\":\"ImageObject\",\"inLanguage\":\"pt-BR\",\"@id\":\"https:\\\/\\\/redelitoralrs.com\\\/index.php\\\/2025\\\/02\\\/10\\\/retorno-do-litoral-norte-quase-60-mil-veiculos-trafegaram-pela-freeway-neste-domingo\\\/#primaryimage\",\"url\":\"https:\\\/\\\/redelitoralrs.com\\\/wp-content\\\/uploads\\\/2025\\\/02\\\/ece10ee8-9653-4023-ae09-db505eb0ca5b.jpg\",\"contentUrl\":\"https:\\\/\\\/redelitoralrs.com\\\/wp-content\\\/uploads\\\/2025\\\/02\\\/ece10ee8-9653-4023-ae09-db505eb0ca5b.jpg\",\"width\":640,\"height\":480},{\"@type\":\"BreadcrumbList\",\"@id\":\"https:\\\/\\\/redelitoralrs.com\\\/index.php\\\/2025\\\/02\\\/10\\\/retorno-do-litoral-norte-quase-60-mil-veiculos-trafegaram-pela-freeway-neste-domingo\\\/#breadcrumb\",\"itemListElement\":[{\"@type\":\"ListItem\",\"position\":1,\"name\":\"In\u00edcio\",\"item\":\"https:\\\/\\\/redelitoralrs.com\\\/\"},{\"@type\":\"ListItem\",\"position\":2,\"name\":\"Retorno do Litoral Norte: quase 60 mil ve\u00edculos trafegaram pela Freeway neste domingo\"}]},{\"@type\":\"WebSite\",\"@id\":\"https:\\\/\\\/redelitoralrs.com\\\/#website\",\"url\":\"https:\\\/\\\/redelitoralrs.com\\\/\",\"name\":\"TV Litoral\",\"description\":\"Acompanhe tudo do litoral ga\u00facho com a cobertura completa e atualizada da Rede Litoral RS. Nossos jornalistas trazem as \u00faltimas not\u00edcias, os acontecimentos mais quentes e as hist\u00f3rias que importam sobre nosso amado litoral.\",\"publisher\":{\"@id\":\"https:\\\/\\\/redelitoralrs.com\\\/#organization\"},\"potentialAction\":[{\"@type\":\"SearchAction\",\"target\":{\"@type\":\"EntryPoint\",\"urlTemplate\":\"https:\\\/\\\/redelitoralrs.com\\\/?s={search_term_string}\"},\"query-input\":{\"@type\":\"PropertyValueSpecification\",\"valueRequired\":true,\"valueName\":\"search_term_string\"}}],\"inLanguage\":\"pt-BR\"},{\"@type\":\"Organization\",\"@id\":\"https:\\\/\\\/redelitoralrs.com\\\/#organization\",\"name\":\"TV Litoral\",\"url\":\"https:\\\/\\\/redelitoralrs.com\\\/\",\"logo\":{\"@type\":\"ImageObject\",\"inLanguage\":\"pt-BR\",\"@id\":\"https:\\\/\\\/redelitoralrs.com\\\/#\\\/schema\\\/logo\\\/image\\\/\",\"url\":\"https:\\\/\\\/redelitoralrs.com\\\/wp-content\\\/uploads\\\/2024\\\/01\\\/faviconicon-1-1.png\",\"contentUrl\":\"https:\\\/\\\/redelitoralrs.com\\\/wp-content\\\/uploads\\\/2024\\\/01\\\/faviconicon-1-1.png\",\"width\":454,\"height\":454,\"caption\":\"TV Litoral\"},\"image\":{\"@id\":\"https:\\\/\\\/redelitoralrs.com\\\/#\\\/schema\\\/logo\\\/image\\\/\"},\"sameAs\":[\"https:\\\/\\\/www.facebook.com\\\/tvlitoralrsoficial\",\"https:\\\/\\\/www.instagram.com\\\/tvlitoral.rs\"]},{\"@type\":\"Person\",\"@id\":\"https:\\\/\\\/redelitoralrs.com\\\/#\\\/schema\\\/person\\\/9f8181f2a7359dd3986f05ebaf5bd68a\",\"name\":\"Reda\u00e7\u00e3o TV Litoral\",\"image\":{\"@type\":\"ImageObject\",\"inLanguage\":\"pt-BR\",\"@id\":\"https:\\\/\\\/redelitoralrs.com\\\/wp-content\\\/litespeed\\\/avatar\\\/779aafbb45e66c7f82733e21abb48259.jpg?ver=1777561602\",\"url\":\"https:\\\/\\\/redelitoralrs.com\\\/wp-content\\\/litespeed\\\/avatar\\\/779aafbb45e66c7f82733e21abb48259.jpg?ver=1777561602\",\"contentUrl\":\"https:\\\/\\\/redelitoralrs.com\\\/wp-content\\\/litespeed\\\/avatar\\\/779aafbb45e66c7f82733e21abb48259.jpg?ver=1777561602\",\"caption\":\"Reda\u00e7\u00e3o TV Litoral\"},\"description\":\"A Rede Litoral de Comunica\u00e7\u00e3o \u00e9 um grupo de m\u00eddia multiplataforma do Litoral Norte do RS. Com atua\u00e7\u00e3o em TV, r\u00e1dio, portal e redes sociais, levamos informa\u00e7\u00e3o, conte\u00fado e entretenimento \u00e0 comunidade, fortalecendo a comunica\u00e7\u00e3o local e impulsionando o desenvolvimento regional. Acompanhe atrav\u00e9s de @redelitoralrs.\",\"sameAs\":[\"https:\\\/\\\/redelitoralrs.com\",\"https:\\\/\\\/www.instagram.com\\\/redelitoralrs\",\"https:\\\/\\\/www.youtube.com\\\/@redelitoralrs\"],\"url\":\"https:\\\/\\\/redelitoralrs.com\\\/index.php\\\/author\\\/redacaotvlitoral\\\/\"}]}<\/script>\n<!-- \/ Yoast SEO plugin. -->","yoast_head_json":{"title":"Retorno do Litoral Norte: quase 60 mil ve\u00edculos trafegaram pela Freeway neste domingo - Rede Litoral RS","robots":{"index":"index","follow":"follow","max-snippet":"max-snippet:-1","max-image-preview":"max-image-preview:large","max-video-preview":"max-video-preview:-1"},"canonical":"https:\/\/redelitoralrs.com\/index.php\/2025\/02\/10\/retorno-do-litoral-norte-quase-60-mil-veiculos-trafegaram-pela-freeway-neste-domingo\/","og_locale":"pt_BR","og_type":"article","og_title":"Retorno do Litoral Norte: quase 60 mil ve\u00edculos trafegaram pela Freeway neste domingo - Rede Litoral RS","og_description":"Neste domingo (9), a Freeway (BR-290) registrou um movimento intenso de retorno do Litoral Norte em dire\u00e7\u00e3o \u00e0 Regi\u00e3o Metropolitana de Porto Alegre. De acordo com a CCR ViaSul, concession\u00e1ria respons\u00e1vel pela rodovia, aproximadamente 60 mil ve\u00edculos utilizaram a via ao longo do dia. Desde as primeiras horas da manh\u00e3, o fluxo de ve\u00edculos foi [&hellip;]","og_url":"https:\/\/redelitoralrs.com\/index.php\/2025\/02\/10\/retorno-do-litoral-norte-quase-60-mil-veiculos-trafegaram-pela-freeway-neste-domingo\/","og_site_name":"Rede Litoral RS","article_publisher":"https:\/\/www.facebook.com\/tvlitoralrsoficial","article_published_time":"2025-02-10T12:18:56+00:00","article_modified_time":"2025-02-10T12:19:14+00:00","og_image":[{"width":640,"height":480,"url":"https:\/\/redelitoralrs.com\/wp-content\/uploads\/2025\/02\/ece10ee8-9653-4023-ae09-db505eb0ca5b.jpg","type":"image\/jpeg"}],"author":"Reda\u00e7\u00e3o TV Litoral","twitter_card":"summary_large_image","twitter_misc":{"Escrito por":"Reda\u00e7\u00e3o TV Litoral","Est. tempo de leitura":"2 minutos"},"schema":{"@context":"https:\/\/schema.org","@graph":[{"@type":"Article","@id":"https:\/\/redelitoralrs.com\/index.php\/2025\/02\/10\/retorno-do-litoral-norte-quase-60-mil-veiculos-trafegaram-pela-freeway-neste-domingo\/#article","isPartOf":{"@id":"https:\/\/redelitoralrs.com\/index.php\/2025\/02\/10\/retorno-do-litoral-norte-quase-60-mil-veiculos-trafegaram-pela-freeway-neste-domingo\/"},"author":{"name":"Reda\u00e7\u00e3o TV Litoral","@id":"https:\/\/redelitoralrs.com\/#\/schema\/person\/9f8181f2a7359dd3986f05ebaf5bd68a"},"headline":"Retorno do Litoral Norte: quase 60 mil ve\u00edculos trafegaram pela Freeway neste domingo","datePublished":"2025-02-10T12:18:56+00:00","dateModified":"2025-02-10T12:19:14+00:00","mainEntityOfPage":{"@id":"https:\/\/redelitoralrs.com\/index.php\/2025\/02\/10\/retorno-do-litoral-norte-quase-60-mil-veiculos-trafegaram-pela-freeway-neste-domingo\/"},"wordCount":260,"commentCount":0,"publisher":{"@id":"https:\/\/redelitoralrs.com\/#organization"},"image":{"@id":"https:\/\/redelitoralrs.com\/index.php\/2025\/02\/10\/retorno-do-litoral-norte-quase-60-mil-veiculos-trafegaram-pela-freeway-neste-domingo\/#primaryimage"},"thumbnailUrl":"https:\/\/redelitoralrs.com\/wp-content\/uploads\/2025\/02\/ece10ee8-9653-4023-ae09-db505eb0ca5b.jpg","keywords":["litoral norte","not\u00edcia","rio grande do sul"],"articleSection":["Litoral Norte","Rio Grande do Sul","\u00daltimas not\u00edcias"],"inLanguage":"pt-BR","potentialAction":[{"@type":"CommentAction","name":"Comment","target":["https:\/\/redelitoralrs.com\/index.php\/2025\/02\/10\/retorno-do-litoral-norte-quase-60-mil-veiculos-trafegaram-pela-freeway-neste-domingo\/#respond"]}]},{"@type":"WebPage","@id":"https:\/\/redelitoralrs.com\/index.php\/2025\/02\/10\/retorno-do-litoral-norte-quase-60-mil-veiculos-trafegaram-pela-freeway-neste-domingo\/","url":"https:\/\/redelitoralrs.com\/index.php\/2025\/02\/10\/retorno-do-litoral-norte-quase-60-mil-veiculos-trafegaram-pela-freeway-neste-domingo\/","name":"Retorno do Litoral Norte: quase 60 mil ve\u00edculos trafegaram pela Freeway neste domingo - Rede Litoral RS","isPartOf":{"@id":"https:\/\/redelitoralrs.com\/#website"},"primaryImageOfPage":{"@id":"https:\/\/redelitoralrs.com\/index.php\/2025\/02\/10\/retorno-do-litoral-norte-quase-60-mil-veiculos-trafegaram-pela-freeway-neste-domingo\/#primaryimage"},"image":{"@id":"https:\/\/redelitoralrs.com\/index.php\/2025\/02\/10\/retorno-do-litoral-norte-quase-60-mil-veiculos-trafegaram-pela-freeway-neste-domingo\/#primaryimage"},"thumbnailUrl":"https:\/\/redelitoralrs.com\/wp-content\/uploads\/2025\/02\/ece10ee8-9653-4023-ae09-db505eb0ca5b.jpg","datePublished":"2025-02-10T12:18:56+00:00","dateModified":"2025-02-10T12:19:14+00:00","breadcrumb":{"@id":"https:\/\/redelitoralrs.com\/index.php\/2025\/02\/10\/retorno-do-litoral-norte-quase-60-mil-veiculos-trafegaram-pela-freeway-neste-domingo\/#breadcrumb"},"inLanguage":"pt-BR","potentialAction":[{"@type":"ReadAction","target":["https:\/\/redelitoralrs.com\/index.php\/2025\/02\/10\/retorno-do-litoral-norte-quase-60-mil-veiculos-trafegaram-pela-freeway-neste-domingo\/"]}]},{"@type":"ImageObject","inLanguage":"pt-BR","@id":"https:\/\/redelitoralrs.com\/index.php\/2025\/02\/10\/retorno-do-litoral-norte-quase-60-mil-veiculos-trafegaram-pela-freeway-neste-domingo\/#primaryimage","url":"https:\/\/redelitoralrs.com\/wp-content\/uploads\/2025\/02\/ece10ee8-9653-4023-ae09-db505eb0ca5b.jpg","contentUrl":"https:\/\/redelitoralrs.com\/wp-content\/uploads\/2025\/02\/ece10ee8-9653-4023-ae09-db505eb0ca5b.jpg","width":640,"height":480},{"@type":"BreadcrumbList","@id":"https:\/\/redelitoralrs.com\/index.php\/2025\/02\/10\/retorno-do-litoral-norte-quase-60-mil-veiculos-trafegaram-pela-freeway-neste-domingo\/#breadcrumb","itemListElement":[{"@type":"ListItem","position":1,"name":"In\u00edcio","item":"https:\/\/redelitoralrs.com\/"},{"@type":"ListItem","position":2,"name":"Retorno do Litoral Norte: quase 60 mil ve\u00edculos trafegaram pela Freeway neste domingo"}]},{"@type":"WebSite","@id":"https:\/\/redelitoralrs.com\/#website","url":"https:\/\/redelitoralrs.com\/","name":"TV Litoral","description":"Acompanhe tudo do litoral ga\u00facho com a cobertura completa e atualizada da Rede Litoral RS. Nossos jornalistas trazem as \u00faltimas not\u00edcias, os acontecimentos mais quentes e as hist\u00f3rias que importam sobre nosso amado litoral.","publisher":{"@id":"https:\/\/redelitoralrs.com\/#organization"},"potentialAction":[{"@type":"SearchAction","target":{"@type":"EntryPoint","urlTemplate":"https:\/\/redelitoralrs.com\/?s={search_term_string}"},"query-input":{"@type":"PropertyValueSpecification","valueRequired":true,"valueName":"search_term_string"}}],"inLanguage":"pt-BR"},{"@type":"Organization","@id":"https:\/\/redelitoralrs.com\/#organization","name":"TV Litoral","url":"https:\/\/redelitoralrs.com\/","logo":{"@type":"ImageObject","inLanguage":"pt-BR","@id":"https:\/\/redelitoralrs.com\/#\/schema\/logo\/image\/","url":"https:\/\/redelitoralrs.com\/wp-content\/uploads\/2024\/01\/faviconicon-1-1.png","contentUrl":"https:\/\/redelitoralrs.com\/wp-content\/uploads\/2024\/01\/faviconicon-1-1.png","width":454,"height":454,"caption":"TV Litoral"},"image":{"@id":"https:\/\/redelitoralrs.com\/#\/schema\/logo\/image\/"},"sameAs":["https:\/\/www.facebook.com\/tvlitoralrsoficial","https:\/\/www.instagram.com\/tvlitoral.rs"]},{"@type":"Person","@id":"https:\/\/redelitoralrs.com\/#\/schema\/person\/9f8181f2a7359dd3986f05ebaf5bd68a","name":"Reda\u00e7\u00e3o TV Litoral","image":{"@type":"ImageObject","inLanguage":"pt-BR","@id":"https:\/\/redelitoralrs.com\/wp-content\/litespeed\/avatar\/779aafbb45e66c7f82733e21abb48259.jpg?ver=1777561602","url":"https:\/\/redelitoralrs.com\/wp-content\/litespeed\/avatar\/779aafbb45e66c7f82733e21abb48259.jpg?ver=1777561602","contentUrl":"https:\/\/redelitoralrs.com\/wp-content\/litespeed\/avatar\/779aafbb45e66c7f82733e21abb48259.jpg?ver=1777561602","caption":"Reda\u00e7\u00e3o TV Litoral"},"description":"A Rede Litoral de Comunica\u00e7\u00e3o \u00e9 um grupo de m\u00eddia multiplataforma do Litoral Norte do RS. Com atua\u00e7\u00e3o em TV, r\u00e1dio, portal e redes sociais, levamos informa\u00e7\u00e3o, conte\u00fado e entretenimento \u00e0 comunidade, fortalecendo a comunica\u00e7\u00e3o local e impulsionando o desenvolvimento regional. Acompanhe atrav\u00e9s de @redelitoralrs.","sameAs":["https:\/\/redelitoralrs.com","https:\/\/www.instagram.com\/redelitoralrs","https:\/\/www.youtube.com\/@redelitoralrs"],"url":"https:\/\/redelitoralrs.com\/index.php\/author\/redacaotvlitoral\/"}]}},"_links":{"self":[{"href":"https:\/\/redelitoralrs.com\/index.php\/wp-json\/wp\/v2\/posts\/6263","targetHints":{"allow":["GET"]}}],"collection":[{"href":"https:\/\/redelitoralrs.com\/index.php\/wp-json\/wp\/v2\/posts"}],"about":[{"href":"https:\/\/redelitoralrs.com\/index.php\/wp-json\/wp\/v2\/types\/post"}],"author":[{"embeddable":true,"href":"https:\/\/redelitoralrs.com\/index.php\/wp-json\/wp\/v2\/users\/2"}],"replies":[{"embeddable":true,"href":"https:\/\/redelitoralrs.com\/index.php\/wp-json\/wp\/v2\/comments?post=6263"}],"version-history":[{"count":1,"href":"https:\/\/redelitoralrs.com\/index.php\/wp-json\/wp\/v2\/posts\/6263\/revisions"}],"predecessor-version":[{"id":6265,"href":"https:\/\/redelitoralrs.com\/index.php\/wp-json\/wp\/v2\/posts\/6263\/revisions\/6265"}],"wp:featuredmedia":[{"embeddable":true,"href":"https:\/\/redelitoralrs.com\/index.php\/wp-json\/wp\/v2\/media\/6264"}],"wp:attachment":[{"href":"https:\/\/redelitoralrs.com\/index.php\/wp-json\/wp\/v2\/media?parent=6263"}],"wp:term":[{"taxonomy":"category","embeddable":true,"href":"https:\/\/redelitoralrs.com\/index.php\/wp-json\/wp\/v2\/categories?post=6263"},{"taxonomy":"post_tag","embeddable":true,"href":"https:\/\/redelitoralrs.com\/index.php\/wp-json\/wp\/v2\/tags?post=6263"}],"curies":[{"name":"wp","href":"https:\/\/api.w.org\/{rel}","templated":true}]}}