{"id":5987,"date":"2025-02-04T15:34:04","date_gmt":"2025-02-04T18:34:04","guid":{"rendered":"https:\/\/redelitoralrs.com\/?p=5987"},"modified":"2025-02-04T15:34:05","modified_gmt":"2025-02-04T18:34:05","slug":"estado-anuncia-selecao-com-2-734-oportunidades-na-seguranca-publica","status":"publish","type":"post","link":"https:\/\/redelitoralrs.com\/index.php\/2025\/02\/04\/estado-anuncia-selecao-com-2-734-oportunidades-na-seguranca-publica\/","title":{"rendered":"Estado anuncia sele\u00e7\u00e3o com 2.734 oportunidades na Seguran\u00e7a P\u00fablica"},"content":{"rendered":"\n<p>O Rio Grande do Sul confirmou a abertura de novos processos seletivos para a contrata\u00e7\u00e3o de 2.734 profissionais na \u00e1rea da Seguran\u00e7a. Os editais e as avalia\u00e7\u00f5es devem ocorrer ainda em 2025, contemplando cargos para a Brigada Militar, Pol\u00edcia Civil, Corpo de Bombeiros e Instituto-Geral de Per\u00edcias (IGP).<\/p>\n\n\n\n<p>A declara\u00e7\u00e3o foi feita pelo governador Eduardo Leite nesta segunda-feira (3), destacando a necessidade de recompor os quadros das institui\u00e7\u00f5es de seguran\u00e7a. \u201cDessa forma, garantimos que nossas for\u00e7as de seguran\u00e7a mantenham a efici\u00eancia. Desde o in\u00edcio do nosso governo, priorizamos a reposi\u00e7\u00e3o cont\u00ednua, e isso ser\u00e1 mantido para que o Rio Grande do Sul siga sendo refer\u00eancia em seguran\u00e7a, como foi em 2024, considerado um dos anos mais seguros da nossa hist\u00f3ria recente\u201d, afirmou.<\/p>\n\n\n\n<p>Divis\u00e3o das oportunidades autorizadas:<br><br><strong>Brigada Militar:<\/strong><br>\u2022 1.200 vagas para pra\u00e7as<br>\u2022 30 vagas para oficiais da \u00e1rea da sa\u00fade<br>\u2022 120 vagas para cadetes do Quadro de Oficiais<br><\/p>\n\n\n\n<p><strong>Pol\u00edcia Civil:<\/strong><br>\u2022 30 vagas para delegados<br>\u2022 360 vagas para escriv\u00e3es<br>\u2022 360 vagas para inspetores<br><\/p>\n\n\n\n<p><strong>Corpo de Bombeiros:<\/strong><br>\u2022 400 vagas para pra\u00e7as<br><\/p>\n\n\n\n<p><strong>Instituto-Geral de Per\u00edcias:<\/strong><br>\u2022 70 vagas para peritos criminais<br>\u2022 54 vagas para m\u00e9dicos legistas<br>\u2022 110 vagas para t\u00e9cnicos em per\u00edcia<\/p>\n\n\n\n<p>Com essas contrata\u00e7\u00f5es, o governo refor\u00e7a seu compromisso em garantir seguran\u00e7a e atender as demandas da popula\u00e7\u00e3o com qualidade.<\/p>\n\n\n\n<p>TV Litoral: Trazendo as principais informa\u00e7\u00f5es da regi\u00e3o e do nosso Estado.<\/p>\n\n\n\n<p><\/p>\n","protected":false},"excerpt":{"rendered":"<p>O Rio Grande do Sul confirmou a abertura de novos processos seletivos para a contrata\u00e7\u00e3o de 2.734 profissionais na \u00e1rea da Seguran\u00e7a. Os editais e as avalia\u00e7\u00f5es devem ocorrer ainda em 2025, contemplando cargos para a Brigada Militar, Pol\u00edcia Civil, Corpo de Bombeiros e Instituto-Geral de Per\u00edcias (IGP). A declara\u00e7\u00e3o foi feita pelo governador Eduardo [&hellip;]<\/p>\n","protected":false},"author":2,"featured_media":5988,"comment_status":"open","ping_status":"open","sticky":false,"template":"","format":"standard","meta":{"_themeisle_gutenberg_block_has_review":false,"footnotes":""},"categories":[188,15],"tags":[128,218,222],"class_list":["post-5987","post","type-post","status-publish","format-standard","has-post-thumbnail","hentry","category-rio-grande-do-sul","category-noticias","tag-rio-grande-do-sul","tag-seguranca","tag-ultimas-noticias"],"yoast_head":"<!-- This site is optimized with the Yoast SEO plugin v27.4 - https:\/\/yoast.com\/product\/yoast-seo-wordpress\/ -->\n<title>Estado anuncia sele\u00e7\u00e3o para oportunidades na Seguran\u00e7a P\u00fablica<\/title>\n<meta name=\"description\" content=\"O Rio Grande do Sul confirmou a abertura de novos processos seletivos para a contrata\u00e7\u00e3o de 2.734 profissionais na \u00e1rea da Seguran\u00e7a. Os editais e as avalia\u00e7\u00f5es devem ocorrer ainda em 2025, contemplando cargos para a Brigada Militar, Pol\u00edcia Civil, Corpo de Bombeiros e Instituto-Geral de Per\u00edcias (IGP).\" \/>\n<meta name=\"robots\" content=\"index, follow, max-snippet:-1, max-image-preview:large, max-video-preview:-1\" \/>\n<link rel=\"canonical\" href=\"https:\/\/redelitoralrs.com\/index.php\/2025\/02\/04\/estado-anuncia-selecao-com-2-734-oportunidades-na-seguranca-publica\/\" \/>\n<meta property=\"og:locale\" content=\"pt_BR\" \/>\n<meta property=\"og:type\" content=\"article\" \/>\n<meta property=\"og:title\" content=\"Estado anuncia sele\u00e7\u00e3o para oportunidades na Seguran\u00e7a P\u00fablica\" \/>\n<meta property=\"og:description\" content=\"O Rio Grande do Sul confirmou a abertura de novos processos seletivos para a contrata\u00e7\u00e3o de 2.734 profissionais na \u00e1rea da Seguran\u00e7a. Os editais e as avalia\u00e7\u00f5es devem ocorrer ainda em 2025, contemplando cargos para a Brigada Militar, Pol\u00edcia Civil, Corpo de Bombeiros e Instituto-Geral de Per\u00edcias (IGP).\" \/>\n<meta property=\"og:url\" content=\"https:\/\/redelitoralrs.com\/index.php\/2025\/02\/04\/estado-anuncia-selecao-com-2-734-oportunidades-na-seguranca-publica\/\" \/>\n<meta property=\"og:site_name\" content=\"Rede Litoral RS\" \/>\n<meta property=\"article:publisher\" content=\"https:\/\/www.facebook.com\/tvlitoralrsoficial\" \/>\n<meta property=\"article:published_time\" content=\"2025-02-04T18:34:04+00:00\" \/>\n<meta property=\"article:modified_time\" content=\"2025-02-04T18:34:05+00:00\" \/>\n<meta property=\"og:image\" content=\"https:\/\/redelitoralrs.com\/wp-content\/uploads\/2025\/02\/WhatsApp-Image-2025-02-04-at-14.54.33.jpeg\" \/>\n\t<meta property=\"og:image:width\" content=\"678\" \/>\n\t<meta property=\"og:image:height\" content=\"452\" \/>\n\t<meta property=\"og:image:type\" content=\"image\/jpeg\" \/>\n<meta name=\"author\" content=\"Reda\u00e7\u00e3o TV Litoral\" \/>\n<meta name=\"twitter:card\" content=\"summary_large_image\" \/>\n<meta name=\"twitter:label1\" content=\"Escrito por\" \/>\n\t<meta name=\"twitter:data1\" content=\"Reda\u00e7\u00e3o TV Litoral\" \/>\n\t<meta name=\"twitter:label2\" content=\"Est. tempo de leitura\" \/>\n\t<meta name=\"twitter:data2\" content=\"2 minutos\" \/>\n<script type=\"application\/ld+json\" class=\"yoast-schema-graph\">{\"@context\":\"https:\\\/\\\/schema.org\",\"@graph\":[{\"@type\":\"Article\",\"@id\":\"https:\\\/\\\/redelitoralrs.com\\\/index.php\\\/2025\\\/02\\\/04\\\/estado-anuncia-selecao-com-2-734-oportunidades-na-seguranca-publica\\\/#article\",\"isPartOf\":{\"@id\":\"https:\\\/\\\/redelitoralrs.com\\\/index.php\\\/2025\\\/02\\\/04\\\/estado-anuncia-selecao-com-2-734-oportunidades-na-seguranca-publica\\\/\"},\"author\":{\"name\":\"Reda\u00e7\u00e3o TV Litoral\",\"@id\":\"https:\\\/\\\/redelitoralrs.com\\\/#\\\/schema\\\/person\\\/9f8181f2a7359dd3986f05ebaf5bd68a\"},\"headline\":\"Estado anuncia sele\u00e7\u00e3o com 2.734 oportunidades na Seguran\u00e7a P\u00fablica\",\"datePublished\":\"2025-02-04T18:34:04+00:00\",\"dateModified\":\"2025-02-04T18:34:05+00:00\",\"mainEntityOfPage\":{\"@id\":\"https:\\\/\\\/redelitoralrs.com\\\/index.php\\\/2025\\\/02\\\/04\\\/estado-anuncia-selecao-com-2-734-oportunidades-na-seguranca-publica\\\/\"},\"wordCount\":249,\"commentCount\":0,\"publisher\":{\"@id\":\"https:\\\/\\\/redelitoralrs.com\\\/#organization\"},\"image\":{\"@id\":\"https:\\\/\\\/redelitoralrs.com\\\/index.php\\\/2025\\\/02\\\/04\\\/estado-anuncia-selecao-com-2-734-oportunidades-na-seguranca-publica\\\/#primaryimage\"},\"thumbnailUrl\":\"https:\\\/\\\/redelitoralrs.com\\\/wp-content\\\/uploads\\\/2025\\\/02\\\/WhatsApp-Image-2025-02-04-at-14.54.33.jpeg\",\"keywords\":[\"rio grande do sul\",\"seguranca\",\"ultimas noticias\"],\"articleSection\":[\"Rio Grande do Sul\",\"\u00daltimas not\u00edcias\"],\"inLanguage\":\"pt-BR\",\"potentialAction\":[{\"@type\":\"CommentAction\",\"name\":\"Comment\",\"target\":[\"https:\\\/\\\/redelitoralrs.com\\\/index.php\\\/2025\\\/02\\\/04\\\/estado-anuncia-selecao-com-2-734-oportunidades-na-seguranca-publica\\\/#respond\"]}]},{\"@type\":\"WebPage\",\"@id\":\"https:\\\/\\\/redelitoralrs.com\\\/index.php\\\/2025\\\/02\\\/04\\\/estado-anuncia-selecao-com-2-734-oportunidades-na-seguranca-publica\\\/\",\"url\":\"https:\\\/\\\/redelitoralrs.com\\\/index.php\\\/2025\\\/02\\\/04\\\/estado-anuncia-selecao-com-2-734-oportunidades-na-seguranca-publica\\\/\",\"name\":\"Estado anuncia sele\u00e7\u00e3o para oportunidades na Seguran\u00e7a P\u00fablica\",\"isPartOf\":{\"@id\":\"https:\\\/\\\/redelitoralrs.com\\\/#website\"},\"primaryImageOfPage\":{\"@id\":\"https:\\\/\\\/redelitoralrs.com\\\/index.php\\\/2025\\\/02\\\/04\\\/estado-anuncia-selecao-com-2-734-oportunidades-na-seguranca-publica\\\/#primaryimage\"},\"image\":{\"@id\":\"https:\\\/\\\/redelitoralrs.com\\\/index.php\\\/2025\\\/02\\\/04\\\/estado-anuncia-selecao-com-2-734-oportunidades-na-seguranca-publica\\\/#primaryimage\"},\"thumbnailUrl\":\"https:\\\/\\\/redelitoralrs.com\\\/wp-content\\\/uploads\\\/2025\\\/02\\\/WhatsApp-Image-2025-02-04-at-14.54.33.jpeg\",\"datePublished\":\"2025-02-04T18:34:04+00:00\",\"dateModified\":\"2025-02-04T18:34:05+00:00\",\"description\":\"O Rio Grande do Sul confirmou a abertura de novos processos seletivos para a contrata\u00e7\u00e3o de 2.734 profissionais na \u00e1rea da Seguran\u00e7a. Os editais e as avalia\u00e7\u00f5es devem ocorrer ainda em 2025, contemplando cargos para a Brigada Militar, Pol\u00edcia Civil, Corpo de Bombeiros e Instituto-Geral de Per\u00edcias (IGP).\",\"breadcrumb\":{\"@id\":\"https:\\\/\\\/redelitoralrs.com\\\/index.php\\\/2025\\\/02\\\/04\\\/estado-anuncia-selecao-com-2-734-oportunidades-na-seguranca-publica\\\/#breadcrumb\"},\"inLanguage\":\"pt-BR\",\"potentialAction\":[{\"@type\":\"ReadAction\",\"target\":[\"https:\\\/\\\/redelitoralrs.com\\\/index.php\\\/2025\\\/02\\\/04\\\/estado-anuncia-selecao-com-2-734-oportunidades-na-seguranca-publica\\\/\"]}]},{\"@type\":\"ImageObject\",\"inLanguage\":\"pt-BR\",\"@id\":\"https:\\\/\\\/redelitoralrs.com\\\/index.php\\\/2025\\\/02\\\/04\\\/estado-anuncia-selecao-com-2-734-oportunidades-na-seguranca-publica\\\/#primaryimage\",\"url\":\"https:\\\/\\\/redelitoralrs.com\\\/wp-content\\\/uploads\\\/2025\\\/02\\\/WhatsApp-Image-2025-02-04-at-14.54.33.jpeg\",\"contentUrl\":\"https:\\\/\\\/redelitoralrs.com\\\/wp-content\\\/uploads\\\/2025\\\/02\\\/WhatsApp-Image-2025-02-04-at-14.54.33.jpeg\",\"width\":678,\"height\":452},{\"@type\":\"BreadcrumbList\",\"@id\":\"https:\\\/\\\/redelitoralrs.com\\\/index.php\\\/2025\\\/02\\\/04\\\/estado-anuncia-selecao-com-2-734-oportunidades-na-seguranca-publica\\\/#breadcrumb\",\"itemListElement\":[{\"@type\":\"ListItem\",\"position\":1,\"name\":\"In\u00edcio\",\"item\":\"https:\\\/\\\/redelitoralrs.com\\\/\"},{\"@type\":\"ListItem\",\"position\":2,\"name\":\"Estado anuncia sele\u00e7\u00e3o com 2.734 oportunidades na Seguran\u00e7a P\u00fablica\"}]},{\"@type\":\"WebSite\",\"@id\":\"https:\\\/\\\/redelitoralrs.com\\\/#website\",\"url\":\"https:\\\/\\\/redelitoralrs.com\\\/\",\"name\":\"TV Litoral\",\"description\":\"Acompanhe tudo do litoral ga\u00facho com a cobertura completa e atualizada da Rede Litoral RS. Nossos jornalistas trazem as \u00faltimas not\u00edcias, os acontecimentos mais quentes e as hist\u00f3rias que importam sobre nosso amado litoral.\",\"publisher\":{\"@id\":\"https:\\\/\\\/redelitoralrs.com\\\/#organization\"},\"potentialAction\":[{\"@type\":\"SearchAction\",\"target\":{\"@type\":\"EntryPoint\",\"urlTemplate\":\"https:\\\/\\\/redelitoralrs.com\\\/?s={search_term_string}\"},\"query-input\":{\"@type\":\"PropertyValueSpecification\",\"valueRequired\":true,\"valueName\":\"search_term_string\"}}],\"inLanguage\":\"pt-BR\"},{\"@type\":\"Organization\",\"@id\":\"https:\\\/\\\/redelitoralrs.com\\\/#organization\",\"name\":\"TV Litoral\",\"url\":\"https:\\\/\\\/redelitoralrs.com\\\/\",\"logo\":{\"@type\":\"ImageObject\",\"inLanguage\":\"pt-BR\",\"@id\":\"https:\\\/\\\/redelitoralrs.com\\\/#\\\/schema\\\/logo\\\/image\\\/\",\"url\":\"https:\\\/\\\/redelitoralrs.com\\\/wp-content\\\/uploads\\\/2024\\\/01\\\/faviconicon-1-1.png\",\"contentUrl\":\"https:\\\/\\\/redelitoralrs.com\\\/wp-content\\\/uploads\\\/2024\\\/01\\\/faviconicon-1-1.png\",\"width\":454,\"height\":454,\"caption\":\"TV Litoral\"},\"image\":{\"@id\":\"https:\\\/\\\/redelitoralrs.com\\\/#\\\/schema\\\/logo\\\/image\\\/\"},\"sameAs\":[\"https:\\\/\\\/www.facebook.com\\\/tvlitoralrsoficial\",\"https:\\\/\\\/www.instagram.com\\\/tvlitoral.rs\"]},{\"@type\":\"Person\",\"@id\":\"https:\\\/\\\/redelitoralrs.com\\\/#\\\/schema\\\/person\\\/9f8181f2a7359dd3986f05ebaf5bd68a\",\"name\":\"Reda\u00e7\u00e3o TV Litoral\",\"image\":{\"@type\":\"ImageObject\",\"inLanguage\":\"pt-BR\",\"@id\":\"https:\\\/\\\/redelitoralrs.com\\\/wp-content\\\/litespeed\\\/avatar\\\/779aafbb45e66c7f82733e21abb48259.jpg?ver=1776956734\",\"url\":\"https:\\\/\\\/redelitoralrs.com\\\/wp-content\\\/litespeed\\\/avatar\\\/779aafbb45e66c7f82733e21abb48259.jpg?ver=1776956734\",\"contentUrl\":\"https:\\\/\\\/redelitoralrs.com\\\/wp-content\\\/litespeed\\\/avatar\\\/779aafbb45e66c7f82733e21abb48259.jpg?ver=1776956734\",\"caption\":\"Reda\u00e7\u00e3o TV Litoral\"},\"description\":\"A Rede Litoral de Comunica\u00e7\u00e3o \u00e9 um grupo de m\u00eddia multiplataforma do Litoral Norte do RS. Com atua\u00e7\u00e3o em TV, r\u00e1dio, portal e redes sociais, levamos informa\u00e7\u00e3o, conte\u00fado e entretenimento \u00e0 comunidade, fortalecendo a comunica\u00e7\u00e3o local e impulsionando o desenvolvimento regional. Acompanhe atrav\u00e9s de @redelitoralrs.\",\"sameAs\":[\"https:\\\/\\\/redelitoralrs.com\",\"https:\\\/\\\/www.instagram.com\\\/redelitoralrs\",\"https:\\\/\\\/www.youtube.com\\\/@redelitoralrs\"],\"url\":\"https:\\\/\\\/redelitoralrs.com\\\/index.php\\\/author\\\/redacaotvlitoral\\\/\"}]}<\/script>\n<!-- \/ Yoast SEO plugin. -->","yoast_head_json":{"title":"Estado anuncia sele\u00e7\u00e3o para oportunidades na Seguran\u00e7a P\u00fablica","description":"O Rio Grande do Sul confirmou a abertura de novos processos seletivos para a contrata\u00e7\u00e3o de 2.734 profissionais na \u00e1rea da Seguran\u00e7a. Os editais e as avalia\u00e7\u00f5es devem ocorrer ainda em 2025, contemplando cargos para a Brigada Militar, Pol\u00edcia Civil, Corpo de Bombeiros e Instituto-Geral de Per\u00edcias (IGP).","robots":{"index":"index","follow":"follow","max-snippet":"max-snippet:-1","max-image-preview":"max-image-preview:large","max-video-preview":"max-video-preview:-1"},"canonical":"https:\/\/redelitoralrs.com\/index.php\/2025\/02\/04\/estado-anuncia-selecao-com-2-734-oportunidades-na-seguranca-publica\/","og_locale":"pt_BR","og_type":"article","og_title":"Estado anuncia sele\u00e7\u00e3o para oportunidades na Seguran\u00e7a P\u00fablica","og_description":"O Rio Grande do Sul confirmou a abertura de novos processos seletivos para a contrata\u00e7\u00e3o de 2.734 profissionais na \u00e1rea da Seguran\u00e7a. Os editais e as avalia\u00e7\u00f5es devem ocorrer ainda em 2025, contemplando cargos para a Brigada Militar, Pol\u00edcia Civil, Corpo de Bombeiros e Instituto-Geral de Per\u00edcias (IGP).","og_url":"https:\/\/redelitoralrs.com\/index.php\/2025\/02\/04\/estado-anuncia-selecao-com-2-734-oportunidades-na-seguranca-publica\/","og_site_name":"Rede Litoral RS","article_publisher":"https:\/\/www.facebook.com\/tvlitoralrsoficial","article_published_time":"2025-02-04T18:34:04+00:00","article_modified_time":"2025-02-04T18:34:05+00:00","og_image":[{"width":678,"height":452,"url":"https:\/\/redelitoralrs.com\/wp-content\/uploads\/2025\/02\/WhatsApp-Image-2025-02-04-at-14.54.33.jpeg","type":"image\/jpeg"}],"author":"Reda\u00e7\u00e3o TV Litoral","twitter_card":"summary_large_image","twitter_misc":{"Escrito por":"Reda\u00e7\u00e3o TV Litoral","Est. tempo de leitura":"2 minutos"},"schema":{"@context":"https:\/\/schema.org","@graph":[{"@type":"Article","@id":"https:\/\/redelitoralrs.com\/index.php\/2025\/02\/04\/estado-anuncia-selecao-com-2-734-oportunidades-na-seguranca-publica\/#article","isPartOf":{"@id":"https:\/\/redelitoralrs.com\/index.php\/2025\/02\/04\/estado-anuncia-selecao-com-2-734-oportunidades-na-seguranca-publica\/"},"author":{"name":"Reda\u00e7\u00e3o TV Litoral","@id":"https:\/\/redelitoralrs.com\/#\/schema\/person\/9f8181f2a7359dd3986f05ebaf5bd68a"},"headline":"Estado anuncia sele\u00e7\u00e3o com 2.734 oportunidades na Seguran\u00e7a P\u00fablica","datePublished":"2025-02-04T18:34:04+00:00","dateModified":"2025-02-04T18:34:05+00:00","mainEntityOfPage":{"@id":"https:\/\/redelitoralrs.com\/index.php\/2025\/02\/04\/estado-anuncia-selecao-com-2-734-oportunidades-na-seguranca-publica\/"},"wordCount":249,"commentCount":0,"publisher":{"@id":"https:\/\/redelitoralrs.com\/#organization"},"image":{"@id":"https:\/\/redelitoralrs.com\/index.php\/2025\/02\/04\/estado-anuncia-selecao-com-2-734-oportunidades-na-seguranca-publica\/#primaryimage"},"thumbnailUrl":"https:\/\/redelitoralrs.com\/wp-content\/uploads\/2025\/02\/WhatsApp-Image-2025-02-04-at-14.54.33.jpeg","keywords":["rio grande do sul","seguranca","ultimas noticias"],"articleSection":["Rio Grande do Sul","\u00daltimas not\u00edcias"],"inLanguage":"pt-BR","potentialAction":[{"@type":"CommentAction","name":"Comment","target":["https:\/\/redelitoralrs.com\/index.php\/2025\/02\/04\/estado-anuncia-selecao-com-2-734-oportunidades-na-seguranca-publica\/#respond"]}]},{"@type":"WebPage","@id":"https:\/\/redelitoralrs.com\/index.php\/2025\/02\/04\/estado-anuncia-selecao-com-2-734-oportunidades-na-seguranca-publica\/","url":"https:\/\/redelitoralrs.com\/index.php\/2025\/02\/04\/estado-anuncia-selecao-com-2-734-oportunidades-na-seguranca-publica\/","name":"Estado anuncia sele\u00e7\u00e3o para oportunidades na Seguran\u00e7a P\u00fablica","isPartOf":{"@id":"https:\/\/redelitoralrs.com\/#website"},"primaryImageOfPage":{"@id":"https:\/\/redelitoralrs.com\/index.php\/2025\/02\/04\/estado-anuncia-selecao-com-2-734-oportunidades-na-seguranca-publica\/#primaryimage"},"image":{"@id":"https:\/\/redelitoralrs.com\/index.php\/2025\/02\/04\/estado-anuncia-selecao-com-2-734-oportunidades-na-seguranca-publica\/#primaryimage"},"thumbnailUrl":"https:\/\/redelitoralrs.com\/wp-content\/uploads\/2025\/02\/WhatsApp-Image-2025-02-04-at-14.54.33.jpeg","datePublished":"2025-02-04T18:34:04+00:00","dateModified":"2025-02-04T18:34:05+00:00","description":"O Rio Grande do Sul confirmou a abertura de novos processos seletivos para a contrata\u00e7\u00e3o de 2.734 profissionais na \u00e1rea da Seguran\u00e7a. Os editais e as avalia\u00e7\u00f5es devem ocorrer ainda em 2025, contemplando cargos para a Brigada Militar, Pol\u00edcia Civil, Corpo de Bombeiros e Instituto-Geral de Per\u00edcias (IGP).","breadcrumb":{"@id":"https:\/\/redelitoralrs.com\/index.php\/2025\/02\/04\/estado-anuncia-selecao-com-2-734-oportunidades-na-seguranca-publica\/#breadcrumb"},"inLanguage":"pt-BR","potentialAction":[{"@type":"ReadAction","target":["https:\/\/redelitoralrs.com\/index.php\/2025\/02\/04\/estado-anuncia-selecao-com-2-734-oportunidades-na-seguranca-publica\/"]}]},{"@type":"ImageObject","inLanguage":"pt-BR","@id":"https:\/\/redelitoralrs.com\/index.php\/2025\/02\/04\/estado-anuncia-selecao-com-2-734-oportunidades-na-seguranca-publica\/#primaryimage","url":"https:\/\/redelitoralrs.com\/wp-content\/uploads\/2025\/02\/WhatsApp-Image-2025-02-04-at-14.54.33.jpeg","contentUrl":"https:\/\/redelitoralrs.com\/wp-content\/uploads\/2025\/02\/WhatsApp-Image-2025-02-04-at-14.54.33.jpeg","width":678,"height":452},{"@type":"BreadcrumbList","@id":"https:\/\/redelitoralrs.com\/index.php\/2025\/02\/04\/estado-anuncia-selecao-com-2-734-oportunidades-na-seguranca-publica\/#breadcrumb","itemListElement":[{"@type":"ListItem","position":1,"name":"In\u00edcio","item":"https:\/\/redelitoralrs.com\/"},{"@type":"ListItem","position":2,"name":"Estado anuncia sele\u00e7\u00e3o com 2.734 oportunidades na Seguran\u00e7a P\u00fablica"}]},{"@type":"WebSite","@id":"https:\/\/redelitoralrs.com\/#website","url":"https:\/\/redelitoralrs.com\/","name":"TV Litoral","description":"Acompanhe tudo do litoral ga\u00facho com a cobertura completa e atualizada da Rede Litoral RS. Nossos jornalistas trazem as \u00faltimas not\u00edcias, os acontecimentos mais quentes e as hist\u00f3rias que importam sobre nosso amado litoral.","publisher":{"@id":"https:\/\/redelitoralrs.com\/#organization"},"potentialAction":[{"@type":"SearchAction","target":{"@type":"EntryPoint","urlTemplate":"https:\/\/redelitoralrs.com\/?s={search_term_string}"},"query-input":{"@type":"PropertyValueSpecification","valueRequired":true,"valueName":"search_term_string"}}],"inLanguage":"pt-BR"},{"@type":"Organization","@id":"https:\/\/redelitoralrs.com\/#organization","name":"TV Litoral","url":"https:\/\/redelitoralrs.com\/","logo":{"@type":"ImageObject","inLanguage":"pt-BR","@id":"https:\/\/redelitoralrs.com\/#\/schema\/logo\/image\/","url":"https:\/\/redelitoralrs.com\/wp-content\/uploads\/2024\/01\/faviconicon-1-1.png","contentUrl":"https:\/\/redelitoralrs.com\/wp-content\/uploads\/2024\/01\/faviconicon-1-1.png","width":454,"height":454,"caption":"TV Litoral"},"image":{"@id":"https:\/\/redelitoralrs.com\/#\/schema\/logo\/image\/"},"sameAs":["https:\/\/www.facebook.com\/tvlitoralrsoficial","https:\/\/www.instagram.com\/tvlitoral.rs"]},{"@type":"Person","@id":"https:\/\/redelitoralrs.com\/#\/schema\/person\/9f8181f2a7359dd3986f05ebaf5bd68a","name":"Reda\u00e7\u00e3o TV Litoral","image":{"@type":"ImageObject","inLanguage":"pt-BR","@id":"https:\/\/redelitoralrs.com\/wp-content\/litespeed\/avatar\/779aafbb45e66c7f82733e21abb48259.jpg?ver=1776956734","url":"https:\/\/redelitoralrs.com\/wp-content\/litespeed\/avatar\/779aafbb45e66c7f82733e21abb48259.jpg?ver=1776956734","contentUrl":"https:\/\/redelitoralrs.com\/wp-content\/litespeed\/avatar\/779aafbb45e66c7f82733e21abb48259.jpg?ver=1776956734","caption":"Reda\u00e7\u00e3o TV Litoral"},"description":"A Rede Litoral de Comunica\u00e7\u00e3o \u00e9 um grupo de m\u00eddia multiplataforma do Litoral Norte do RS. Com atua\u00e7\u00e3o em TV, r\u00e1dio, portal e redes sociais, levamos informa\u00e7\u00e3o, conte\u00fado e entretenimento \u00e0 comunidade, fortalecendo a comunica\u00e7\u00e3o local e impulsionando o desenvolvimento regional. Acompanhe atrav\u00e9s de @redelitoralrs.","sameAs":["https:\/\/redelitoralrs.com","https:\/\/www.instagram.com\/redelitoralrs","https:\/\/www.youtube.com\/@redelitoralrs"],"url":"https:\/\/redelitoralrs.com\/index.php\/author\/redacaotvlitoral\/"}]}},"_links":{"self":[{"href":"https:\/\/redelitoralrs.com\/index.php\/wp-json\/wp\/v2\/posts\/5987","targetHints":{"allow":["GET"]}}],"collection":[{"href":"https:\/\/redelitoralrs.com\/index.php\/wp-json\/wp\/v2\/posts"}],"about":[{"href":"https:\/\/redelitoralrs.com\/index.php\/wp-json\/wp\/v2\/types\/post"}],"author":[{"embeddable":true,"href":"https:\/\/redelitoralrs.com\/index.php\/wp-json\/wp\/v2\/users\/2"}],"replies":[{"embeddable":true,"href":"https:\/\/redelitoralrs.com\/index.php\/wp-json\/wp\/v2\/comments?post=5987"}],"version-history":[{"count":2,"href":"https:\/\/redelitoralrs.com\/index.php\/wp-json\/wp\/v2\/posts\/5987\/revisions"}],"predecessor-version":[{"id":5990,"href":"https:\/\/redelitoralrs.com\/index.php\/wp-json\/wp\/v2\/posts\/5987\/revisions\/5990"}],"wp:featuredmedia":[{"embeddable":true,"href":"https:\/\/redelitoralrs.com\/index.php\/wp-json\/wp\/v2\/media\/5988"}],"wp:attachment":[{"href":"https:\/\/redelitoralrs.com\/index.php\/wp-json\/wp\/v2\/media?parent=5987"}],"wp:term":[{"taxonomy":"category","embeddable":true,"href":"https:\/\/redelitoralrs.com\/index.php\/wp-json\/wp\/v2\/categories?post=5987"},{"taxonomy":"post_tag","embeddable":true,"href":"https:\/\/redelitoralrs.com\/index.php\/wp-json\/wp\/v2\/tags?post=5987"}],"curies":[{"name":"wp","href":"https:\/\/api.w.org\/{rel}","templated":true}]}}