{"id":5898,"date":"2025-02-03T12:47:46","date_gmt":"2025-02-03T15:47:46","guid":{"rendered":"https:\/\/redelitoralrs.com\/?p=5898"},"modified":"2025-02-03T12:47:47","modified_gmt":"2025-02-03T15:47:47","slug":"fique-atento-ao-calendario-do-pis-pasep-2025-e-garanta-seu-beneficio","status":"publish","type":"post","link":"https:\/\/redelitoralrs.com\/index.php\/2025\/02\/03\/fique-atento-ao-calendario-do-pis-pasep-2025-e-garanta-seu-beneficio\/","title":{"rendered":"Fique atento ao calend\u00e1rio do PIS\/PASEP 2025 e garanta seu benef\u00edcio"},"content":{"rendered":"\n<p><\/p>\n\n\n\n<p>O pagamento do PIS\/PASEP 2025 est\u00e1 prestes a come\u00e7ar, e \u00e9 essencial que os trabalhadores fiquem atentos \u00e0s datas para n\u00e3o perderem o benef\u00edcio. O abono salarial \u00e9 um direito de milh\u00f5es de brasileiros e tem impacto direto no or\u00e7amento das fam\u00edlias e na economia do pa\u00eds.<\/p>\n\n\n\n<p>O que \u00e9 o PIS\/PASEP?<\/p>\n\n\n\n<p>O Programa de Integra\u00e7\u00e3o Social (PIS) e o Programa de Forma\u00e7\u00e3o do Patrim\u00f4nio do Servidor P\u00fablico (PASEP) foram criados para distribuir renda e beneficiar trabalhadores do setor privado e servidores p\u00fablicos. Desde a sua cria\u00e7\u00e3o nos anos 1970, milh\u00f5es de brasileiros j\u00e1 receberam esses valores, que s\u00e3o pagos anualmente.<\/p>\n\n\n\n<p>Em 2025, o governo federal destinar\u00e1 R$ 30,7 bilh\u00f5es para o pagamento do abono salarial, beneficiando aproximadamente 25,8 milh\u00f5es de trabalhadores em todo o Brasil.<\/p>\n\n\n\n<p>Quem tem direito ao PIS\/PASEP 2025?<\/p>\n\n\n\n<p>Para receber o abono salarial este ano, \u00e9 necess\u00e1rio cumprir alguns crit\u00e9rios:<\/p>\n\n\n\n<p>\u2714 Estar cadastrado no PIS\/PASEP h\u00e1 pelo menos cinco anos.<br>\u2714 Ter trabalhado com carteira assinada por pelo menos 30 dias em 2023.<br>\u2714 Ter recebido, em m\u00e9dia, at\u00e9 dois sal\u00e1rios m\u00ednimos por m\u00eas em 2023 (R$ 2.640).<br>\u2714 Estar com os dados atualizados na Rela\u00e7\u00e3o Anual de Informa\u00e7\u00f5es Sociais (RAIS) ou no eSocial.<\/p>\n\n\n\n<p>Qual o valor do abono salarial?<\/p>\n\n\n\n<p>O valor do benef\u00edcio depende do tempo de servi\u00e7o em 2023. Quem trabalhou os 12 meses do ano recebe o valor m\u00e1ximo de R$ 1.518,00. J\u00e1 quem trabalhou apenas um m\u00eas recebe R$ 151,80.<\/p>\n\n\n\n<p>Meses Trabalhados Valor Aproximado (R$)<br>1 m\u00eas 151,80<br>2 meses 303,60<br>3 meses 455,40<br>4 meses 607,20<br>5 meses 759,00<br>6 meses 910,80<br>7 meses 1.062,60<br>8 meses 1.214,40<br>9 meses 1.366,20<br>10 meses 1.518,00<\/p>\n\n\n\n<p>Calend\u00e1rio de pagamento do PIS\/PASEP 2025<\/p>\n\n\n\n<p>Os pagamentos come\u00e7am em 17 de fevereiro de 2025 e seguem at\u00e9 agosto. As datas variam de acordo com o m\u00eas de nascimento do trabalhador:<\/p>\n\n\n\n<p>M\u00eas de nascimento Data de pagamento<br>Janeiro 17 de fevereiro<br>Fevereiro 17 de mar\u00e7o<br>Mar\u00e7o e Abril 15 de abril<br>Maio e Junho 15 de maio<br>Julho e Agosto 16 de junho<br>Setembro e Outubro 15 de julho<br>Novembro e Dezembro 15 de agosto<\/p>\n\n\n\n<p>O pagamento do PIS \u00e9 feito pela Caixa Econ\u00f4mica Federal, enquanto o PASEP \u00e9 pago pelo Banco do Brasil.<\/p>\n\n\n\n<p>Como consultar o PIS\/PASEP 2025?<\/p>\n\n\n\n<p>Os trabalhadores poder\u00e3o consultar se t\u00eam direito ao abono a partir de 5 de fevereiro de 2025, utilizando os seguintes canais:<\/p>\n\n\n\n<p>\ud83d\udcf1 Aplicativos e sites:<br>\u2022 Carteira de Trabalho Digital<br>\u2022 Portal Gov.br<br>\u2022 Aplicativo Caixa Trabalhador<\/p>\n\n\n\n<p>\ud83d\udcde Telefones de atendimento:<br>\u2022 Central Al\u00f4 Trabalho: 158<br>\u2022 Caixa Econ\u00f4mica Federal: 0800 726 0207<br>\u2022 Banco do Brasil (para servidores p\u00fablicos): 4004-0001 ou 0800 729 0001<\/p>\n\n\n\n<p>Para quem recebe o PASEP, tamb\u00e9m \u00e9 poss\u00edvel verificar diretamente no site do Banco do Brasil (bb.com.br).<\/p>\n\n\n\n<p>Impacto econ\u00f4mico do PIS\/PASEP<\/p>\n\n\n\n<p>O abono salarial tem um papel fundamental na economia, ajudando milh\u00f5es de brasileiros a pagar contas, fazer compras e movimentar o com\u00e9rcio local. Esse recurso beneficia especialmente as fam\u00edlias de baixa renda, contribuindo para uma maior inclus\u00e3o social e justi\u00e7a econ\u00f4mica.<\/p>\n\n\n\n<p>Conclus\u00e3o<\/p>\n\n\n\n<p>Ficar atento ao calend\u00e1rio do PIS\/PASEP 2025 \u00e9 essencial para garantir o recebimento do benef\u00edcio dentro do prazo. As consultas devem ser feitas com anteced\u00eancia para evitar qualquer problema.<\/p>\n\n\n\n<p>Se voc\u00ea tem direito ao abono salarial, acompanhe as datas, utilize os canais oficiais para tirar d\u00favidas e garanta esse recurso t\u00e3o importante para complementar sua renda!<\/p>\n\n\n\n<figure class=\"wp-block-gallery has-nested-images columns-default is-cropped wp-block-gallery-1 is-layout-flex wp-block-gallery-is-layout-flex\">\n<figure class=\"wp-block-image size-large\"><img fetchpriority=\"high\" decoding=\"async\" width=\"819\" height=\"1024\" data-id=\"5899\" src=\"https:\/\/redelitoralrs.com\/wp-content\/uploads\/2025\/02\/Imagem-do-WhatsApp-de-2025-02-02-as-22.06.04_a0abcfd2-819x1024.jpg\" alt=\"\" class=\"wp-image-5899\" srcset=\"https:\/\/redelitoralrs.com\/wp-content\/uploads\/2025\/02\/Imagem-do-WhatsApp-de-2025-02-02-as-22.06.04_a0abcfd2-819x1024.jpg 819w, https:\/\/redelitoralrs.com\/wp-content\/uploads\/2025\/02\/Imagem-do-WhatsApp-de-2025-02-02-as-22.06.04_a0abcfd2-240x300.jpg 240w, https:\/\/redelitoralrs.com\/wp-content\/uploads\/2025\/02\/Imagem-do-WhatsApp-de-2025-02-02-as-22.06.04_a0abcfd2-768x960.jpg 768w, https:\/\/redelitoralrs.com\/wp-content\/uploads\/2025\/02\/Imagem-do-WhatsApp-de-2025-02-02-as-22.06.04_a0abcfd2.jpg 1024w\" sizes=\"(max-width: 819px) 100vw, 819px\" \/><\/figure>\n\n\n\n<figure class=\"wp-block-image size-large\"><img decoding=\"async\" width=\"678\" height=\"452\" data-id=\"5900\" src=\"https:\/\/redelitoralrs.com\/wp-content\/uploads\/2025\/02\/Imagem-do-WhatsApp-de-2025-02-02-as-22.06.04_b3b49a5e.jpg\" alt=\"\" class=\"wp-image-5900\" srcset=\"https:\/\/redelitoralrs.com\/wp-content\/uploads\/2025\/02\/Imagem-do-WhatsApp-de-2025-02-02-as-22.06.04_b3b49a5e.jpg 678w, https:\/\/redelitoralrs.com\/wp-content\/uploads\/2025\/02\/Imagem-do-WhatsApp-de-2025-02-02-as-22.06.04_b3b49a5e-300x200.jpg 300w\" sizes=\"(max-width: 678px) 100vw, 678px\" \/><\/figure>\n<\/figure>\n","protected":false},"excerpt":{"rendered":"<p>O pagamento do PIS\/PASEP 2025 est\u00e1 prestes a come\u00e7ar, e \u00e9 essencial que os trabalhadores fiquem atentos \u00e0s datas para n\u00e3o perderem o benef\u00edcio. O abono salarial \u00e9 um direito de milh\u00f5es de brasileiros e tem impacto direto no or\u00e7amento das fam\u00edlias e na economia do pa\u00eds. O que \u00e9 o PIS\/PASEP? O Programa de [&hellip;]<\/p>\n","protected":false},"author":2,"featured_media":5900,"comment_status":"open","ping_status":"open","sticky":false,"template":"","format":"standard","meta":{"_themeisle_gutenberg_block_has_review":false,"footnotes":""},"categories":[15],"tags":[],"class_list":["post-5898","post","type-post","status-publish","format-standard","has-post-thumbnail","hentry","category-noticias"],"yoast_head":"<!-- This site is optimized with the Yoast SEO plugin v27.4 - https:\/\/yoast.com\/product\/yoast-seo-wordpress\/ -->\n<title>Fique atento ao calend\u00e1rio do PIS\/PASEP 2025 e garanta seu benef\u00edcio - Rede Litoral RS<\/title>\n<meta name=\"description\" content=\"O pagamento do PIS\/PASEP 2025 est\u00e1 prestes a come\u00e7ar, e \u00e9 essencial que os trabalhadores fiquem atentos \u00e0s datas para n\u00e3o perderem o benef\u00edcio. O abono salarial \u00e9 um direito de milh\u00f5es de brasileiros e tem impacto direto no or\u00e7amento das fam\u00edlias e na economia do pa\u00eds.\" \/>\n<meta name=\"robots\" content=\"index, follow, max-snippet:-1, max-image-preview:large, max-video-preview:-1\" \/>\n<link rel=\"canonical\" href=\"https:\/\/redelitoralrs.com\/index.php\/2025\/02\/03\/fique-atento-ao-calendario-do-pis-pasep-2025-e-garanta-seu-beneficio\/\" \/>\n<meta property=\"og:locale\" content=\"pt_BR\" \/>\n<meta property=\"og:type\" content=\"article\" \/>\n<meta property=\"og:title\" content=\"Fique atento ao calend\u00e1rio do PIS\/PASEP 2025 e garanta seu benef\u00edcio - Rede Litoral RS\" \/>\n<meta property=\"og:description\" content=\"O pagamento do PIS\/PASEP 2025 est\u00e1 prestes a come\u00e7ar, e \u00e9 essencial que os trabalhadores fiquem atentos \u00e0s datas para n\u00e3o perderem o benef\u00edcio. O abono salarial \u00e9 um direito de milh\u00f5es de brasileiros e tem impacto direto no or\u00e7amento das fam\u00edlias e na economia do pa\u00eds.\" \/>\n<meta property=\"og:url\" content=\"https:\/\/redelitoralrs.com\/index.php\/2025\/02\/03\/fique-atento-ao-calendario-do-pis-pasep-2025-e-garanta-seu-beneficio\/\" \/>\n<meta property=\"og:site_name\" content=\"Rede Litoral RS\" \/>\n<meta property=\"article:publisher\" content=\"https:\/\/www.facebook.com\/tvlitoralrsoficial\" \/>\n<meta property=\"article:published_time\" content=\"2025-02-03T15:47:46+00:00\" \/>\n<meta property=\"article:modified_time\" content=\"2025-02-03T15:47:47+00:00\" \/>\n<meta property=\"og:image\" content=\"https:\/\/redelitoralrs.com\/wp-content\/uploads\/2025\/02\/Imagem-do-WhatsApp-de-2025-02-02-as-22.06.04_b3b49a5e.jpg\" \/>\n\t<meta property=\"og:image:width\" content=\"678\" \/>\n\t<meta property=\"og:image:height\" content=\"452\" \/>\n\t<meta property=\"og:image:type\" content=\"image\/jpeg\" \/>\n<meta name=\"author\" content=\"Reda\u00e7\u00e3o TV Litoral\" \/>\n<meta name=\"twitter:card\" content=\"summary_large_image\" \/>\n<meta name=\"twitter:label1\" content=\"Escrito por\" \/>\n\t<meta name=\"twitter:data1\" content=\"Reda\u00e7\u00e3o TV Litoral\" \/>\n\t<meta name=\"twitter:label2\" content=\"Est. tempo de leitura\" \/>\n\t<meta name=\"twitter:data2\" content=\"4 minutos\" \/>\n<script type=\"application\/ld+json\" class=\"yoast-schema-graph\">{\"@context\":\"https:\\\/\\\/schema.org\",\"@graph\":[{\"@type\":\"Article\",\"@id\":\"https:\\\/\\\/redelitoralrs.com\\\/index.php\\\/2025\\\/02\\\/03\\\/fique-atento-ao-calendario-do-pis-pasep-2025-e-garanta-seu-beneficio\\\/#article\",\"isPartOf\":{\"@id\":\"https:\\\/\\\/redelitoralrs.com\\\/index.php\\\/2025\\\/02\\\/03\\\/fique-atento-ao-calendario-do-pis-pasep-2025-e-garanta-seu-beneficio\\\/\"},\"author\":{\"name\":\"Reda\u00e7\u00e3o TV Litoral\",\"@id\":\"https:\\\/\\\/redelitoralrs.com\\\/#\\\/schema\\\/person\\\/9f8181f2a7359dd3986f05ebaf5bd68a\"},\"headline\":\"Fique atento ao calend\u00e1rio do PIS\\\/PASEP 2025 e garanta seu benef\u00edcio\",\"datePublished\":\"2025-02-03T15:47:46+00:00\",\"dateModified\":\"2025-02-03T15:47:47+00:00\",\"mainEntityOfPage\":{\"@id\":\"https:\\\/\\\/redelitoralrs.com\\\/index.php\\\/2025\\\/02\\\/03\\\/fique-atento-ao-calendario-do-pis-pasep-2025-e-garanta-seu-beneficio\\\/\"},\"wordCount\":554,\"commentCount\":0,\"publisher\":{\"@id\":\"https:\\\/\\\/redelitoralrs.com\\\/#organization\"},\"image\":{\"@id\":\"https:\\\/\\\/redelitoralrs.com\\\/index.php\\\/2025\\\/02\\\/03\\\/fique-atento-ao-calendario-do-pis-pasep-2025-e-garanta-seu-beneficio\\\/#primaryimage\"},\"thumbnailUrl\":\"https:\\\/\\\/redelitoralrs.com\\\/wp-content\\\/uploads\\\/2025\\\/02\\\/Imagem-do-WhatsApp-de-2025-02-02-as-22.06.04_b3b49a5e.jpg\",\"articleSection\":[\"\u00daltimas not\u00edcias\"],\"inLanguage\":\"pt-BR\",\"potentialAction\":[{\"@type\":\"CommentAction\",\"name\":\"Comment\",\"target\":[\"https:\\\/\\\/redelitoralrs.com\\\/index.php\\\/2025\\\/02\\\/03\\\/fique-atento-ao-calendario-do-pis-pasep-2025-e-garanta-seu-beneficio\\\/#respond\"]}]},{\"@type\":\"WebPage\",\"@id\":\"https:\\\/\\\/redelitoralrs.com\\\/index.php\\\/2025\\\/02\\\/03\\\/fique-atento-ao-calendario-do-pis-pasep-2025-e-garanta-seu-beneficio\\\/\",\"url\":\"https:\\\/\\\/redelitoralrs.com\\\/index.php\\\/2025\\\/02\\\/03\\\/fique-atento-ao-calendario-do-pis-pasep-2025-e-garanta-seu-beneficio\\\/\",\"name\":\"Fique atento ao calend\u00e1rio do PIS\\\/PASEP 2025 e garanta seu benef\u00edcio - Rede Litoral RS\",\"isPartOf\":{\"@id\":\"https:\\\/\\\/redelitoralrs.com\\\/#website\"},\"primaryImageOfPage\":{\"@id\":\"https:\\\/\\\/redelitoralrs.com\\\/index.php\\\/2025\\\/02\\\/03\\\/fique-atento-ao-calendario-do-pis-pasep-2025-e-garanta-seu-beneficio\\\/#primaryimage\"},\"image\":{\"@id\":\"https:\\\/\\\/redelitoralrs.com\\\/index.php\\\/2025\\\/02\\\/03\\\/fique-atento-ao-calendario-do-pis-pasep-2025-e-garanta-seu-beneficio\\\/#primaryimage\"},\"thumbnailUrl\":\"https:\\\/\\\/redelitoralrs.com\\\/wp-content\\\/uploads\\\/2025\\\/02\\\/Imagem-do-WhatsApp-de-2025-02-02-as-22.06.04_b3b49a5e.jpg\",\"datePublished\":\"2025-02-03T15:47:46+00:00\",\"dateModified\":\"2025-02-03T15:47:47+00:00\",\"description\":\"O pagamento do PIS\\\/PASEP 2025 est\u00e1 prestes a come\u00e7ar, e \u00e9 essencial que os trabalhadores fiquem atentos \u00e0s datas para n\u00e3o perderem o benef\u00edcio. O abono salarial \u00e9 um direito de milh\u00f5es de brasileiros e tem impacto direto no or\u00e7amento das fam\u00edlias e na economia do pa\u00eds.\",\"breadcrumb\":{\"@id\":\"https:\\\/\\\/redelitoralrs.com\\\/index.php\\\/2025\\\/02\\\/03\\\/fique-atento-ao-calendario-do-pis-pasep-2025-e-garanta-seu-beneficio\\\/#breadcrumb\"},\"inLanguage\":\"pt-BR\",\"potentialAction\":[{\"@type\":\"ReadAction\",\"target\":[\"https:\\\/\\\/redelitoralrs.com\\\/index.php\\\/2025\\\/02\\\/03\\\/fique-atento-ao-calendario-do-pis-pasep-2025-e-garanta-seu-beneficio\\\/\"]}]},{\"@type\":\"ImageObject\",\"inLanguage\":\"pt-BR\",\"@id\":\"https:\\\/\\\/redelitoralrs.com\\\/index.php\\\/2025\\\/02\\\/03\\\/fique-atento-ao-calendario-do-pis-pasep-2025-e-garanta-seu-beneficio\\\/#primaryimage\",\"url\":\"https:\\\/\\\/redelitoralrs.com\\\/wp-content\\\/uploads\\\/2025\\\/02\\\/Imagem-do-WhatsApp-de-2025-02-02-as-22.06.04_b3b49a5e.jpg\",\"contentUrl\":\"https:\\\/\\\/redelitoralrs.com\\\/wp-content\\\/uploads\\\/2025\\\/02\\\/Imagem-do-WhatsApp-de-2025-02-02-as-22.06.04_b3b49a5e.jpg\",\"width\":678,\"height\":452},{\"@type\":\"BreadcrumbList\",\"@id\":\"https:\\\/\\\/redelitoralrs.com\\\/index.php\\\/2025\\\/02\\\/03\\\/fique-atento-ao-calendario-do-pis-pasep-2025-e-garanta-seu-beneficio\\\/#breadcrumb\",\"itemListElement\":[{\"@type\":\"ListItem\",\"position\":1,\"name\":\"In\u00edcio\",\"item\":\"https:\\\/\\\/redelitoralrs.com\\\/\"},{\"@type\":\"ListItem\",\"position\":2,\"name\":\"Fique atento ao calend\u00e1rio do PIS\\\/PASEP 2025 e garanta seu benef\u00edcio\"}]},{\"@type\":\"WebSite\",\"@id\":\"https:\\\/\\\/redelitoralrs.com\\\/#website\",\"url\":\"https:\\\/\\\/redelitoralrs.com\\\/\",\"name\":\"TV Litoral\",\"description\":\"Acompanhe tudo do litoral ga\u00facho com a cobertura completa e atualizada da Rede Litoral RS. Nossos jornalistas trazem as \u00faltimas not\u00edcias, os acontecimentos mais quentes e as hist\u00f3rias que importam sobre nosso amado litoral.\",\"publisher\":{\"@id\":\"https:\\\/\\\/redelitoralrs.com\\\/#organization\"},\"potentialAction\":[{\"@type\":\"SearchAction\",\"target\":{\"@type\":\"EntryPoint\",\"urlTemplate\":\"https:\\\/\\\/redelitoralrs.com\\\/?s={search_term_string}\"},\"query-input\":{\"@type\":\"PropertyValueSpecification\",\"valueRequired\":true,\"valueName\":\"search_term_string\"}}],\"inLanguage\":\"pt-BR\"},{\"@type\":\"Organization\",\"@id\":\"https:\\\/\\\/redelitoralrs.com\\\/#organization\",\"name\":\"TV Litoral\",\"url\":\"https:\\\/\\\/redelitoralrs.com\\\/\",\"logo\":{\"@type\":\"ImageObject\",\"inLanguage\":\"pt-BR\",\"@id\":\"https:\\\/\\\/redelitoralrs.com\\\/#\\\/schema\\\/logo\\\/image\\\/\",\"url\":\"https:\\\/\\\/redelitoralrs.com\\\/wp-content\\\/uploads\\\/2024\\\/01\\\/faviconicon-1-1.png\",\"contentUrl\":\"https:\\\/\\\/redelitoralrs.com\\\/wp-content\\\/uploads\\\/2024\\\/01\\\/faviconicon-1-1.png\",\"width\":454,\"height\":454,\"caption\":\"TV Litoral\"},\"image\":{\"@id\":\"https:\\\/\\\/redelitoralrs.com\\\/#\\\/schema\\\/logo\\\/image\\\/\"},\"sameAs\":[\"https:\\\/\\\/www.facebook.com\\\/tvlitoralrsoficial\",\"https:\\\/\\\/www.instagram.com\\\/tvlitoral.rs\"]},{\"@type\":\"Person\",\"@id\":\"https:\\\/\\\/redelitoralrs.com\\\/#\\\/schema\\\/person\\\/9f8181f2a7359dd3986f05ebaf5bd68a\",\"name\":\"Reda\u00e7\u00e3o TV Litoral\",\"image\":{\"@type\":\"ImageObject\",\"inLanguage\":\"pt-BR\",\"@id\":\"https:\\\/\\\/redelitoralrs.com\\\/wp-content\\\/litespeed\\\/avatar\\\/779aafbb45e66c7f82733e21abb48259.jpg?ver=1777561602\",\"url\":\"https:\\\/\\\/redelitoralrs.com\\\/wp-content\\\/litespeed\\\/avatar\\\/779aafbb45e66c7f82733e21abb48259.jpg?ver=1777561602\",\"contentUrl\":\"https:\\\/\\\/redelitoralrs.com\\\/wp-content\\\/litespeed\\\/avatar\\\/779aafbb45e66c7f82733e21abb48259.jpg?ver=1777561602\",\"caption\":\"Reda\u00e7\u00e3o TV Litoral\"},\"description\":\"A Rede Litoral de Comunica\u00e7\u00e3o \u00e9 um grupo de m\u00eddia multiplataforma do Litoral Norte do RS. Com atua\u00e7\u00e3o em TV, r\u00e1dio, portal e redes sociais, levamos informa\u00e7\u00e3o, conte\u00fado e entretenimento \u00e0 comunidade, fortalecendo a comunica\u00e7\u00e3o local e impulsionando o desenvolvimento regional. Acompanhe atrav\u00e9s de @redelitoralrs.\",\"sameAs\":[\"https:\\\/\\\/redelitoralrs.com\",\"https:\\\/\\\/www.instagram.com\\\/redelitoralrs\",\"https:\\\/\\\/www.youtube.com\\\/@redelitoralrs\"],\"url\":\"https:\\\/\\\/redelitoralrs.com\\\/index.php\\\/author\\\/redacaotvlitoral\\\/\"}]}<\/script>\n<!-- \/ Yoast SEO plugin. -->","yoast_head_json":{"title":"Fique atento ao calend\u00e1rio do PIS\/PASEP 2025 e garanta seu benef\u00edcio - Rede Litoral RS","description":"O pagamento do PIS\/PASEP 2025 est\u00e1 prestes a come\u00e7ar, e \u00e9 essencial que os trabalhadores fiquem atentos \u00e0s datas para n\u00e3o perderem o benef\u00edcio. O abono salarial \u00e9 um direito de milh\u00f5es de brasileiros e tem impacto direto no or\u00e7amento das fam\u00edlias e na economia do pa\u00eds.","robots":{"index":"index","follow":"follow","max-snippet":"max-snippet:-1","max-image-preview":"max-image-preview:large","max-video-preview":"max-video-preview:-1"},"canonical":"https:\/\/redelitoralrs.com\/index.php\/2025\/02\/03\/fique-atento-ao-calendario-do-pis-pasep-2025-e-garanta-seu-beneficio\/","og_locale":"pt_BR","og_type":"article","og_title":"Fique atento ao calend\u00e1rio do PIS\/PASEP 2025 e garanta seu benef\u00edcio - Rede Litoral RS","og_description":"O pagamento do PIS\/PASEP 2025 est\u00e1 prestes a come\u00e7ar, e \u00e9 essencial que os trabalhadores fiquem atentos \u00e0s datas para n\u00e3o perderem o benef\u00edcio. O abono salarial \u00e9 um direito de milh\u00f5es de brasileiros e tem impacto direto no or\u00e7amento das fam\u00edlias e na economia do pa\u00eds.","og_url":"https:\/\/redelitoralrs.com\/index.php\/2025\/02\/03\/fique-atento-ao-calendario-do-pis-pasep-2025-e-garanta-seu-beneficio\/","og_site_name":"Rede Litoral RS","article_publisher":"https:\/\/www.facebook.com\/tvlitoralrsoficial","article_published_time":"2025-02-03T15:47:46+00:00","article_modified_time":"2025-02-03T15:47:47+00:00","og_image":[{"width":678,"height":452,"url":"https:\/\/redelitoralrs.com\/wp-content\/uploads\/2025\/02\/Imagem-do-WhatsApp-de-2025-02-02-as-22.06.04_b3b49a5e.jpg","type":"image\/jpeg"}],"author":"Reda\u00e7\u00e3o TV Litoral","twitter_card":"summary_large_image","twitter_misc":{"Escrito por":"Reda\u00e7\u00e3o TV Litoral","Est. tempo de leitura":"4 minutos"},"schema":{"@context":"https:\/\/schema.org","@graph":[{"@type":"Article","@id":"https:\/\/redelitoralrs.com\/index.php\/2025\/02\/03\/fique-atento-ao-calendario-do-pis-pasep-2025-e-garanta-seu-beneficio\/#article","isPartOf":{"@id":"https:\/\/redelitoralrs.com\/index.php\/2025\/02\/03\/fique-atento-ao-calendario-do-pis-pasep-2025-e-garanta-seu-beneficio\/"},"author":{"name":"Reda\u00e7\u00e3o TV Litoral","@id":"https:\/\/redelitoralrs.com\/#\/schema\/person\/9f8181f2a7359dd3986f05ebaf5bd68a"},"headline":"Fique atento ao calend\u00e1rio do PIS\/PASEP 2025 e garanta seu benef\u00edcio","datePublished":"2025-02-03T15:47:46+00:00","dateModified":"2025-02-03T15:47:47+00:00","mainEntityOfPage":{"@id":"https:\/\/redelitoralrs.com\/index.php\/2025\/02\/03\/fique-atento-ao-calendario-do-pis-pasep-2025-e-garanta-seu-beneficio\/"},"wordCount":554,"commentCount":0,"publisher":{"@id":"https:\/\/redelitoralrs.com\/#organization"},"image":{"@id":"https:\/\/redelitoralrs.com\/index.php\/2025\/02\/03\/fique-atento-ao-calendario-do-pis-pasep-2025-e-garanta-seu-beneficio\/#primaryimage"},"thumbnailUrl":"https:\/\/redelitoralrs.com\/wp-content\/uploads\/2025\/02\/Imagem-do-WhatsApp-de-2025-02-02-as-22.06.04_b3b49a5e.jpg","articleSection":["\u00daltimas not\u00edcias"],"inLanguage":"pt-BR","potentialAction":[{"@type":"CommentAction","name":"Comment","target":["https:\/\/redelitoralrs.com\/index.php\/2025\/02\/03\/fique-atento-ao-calendario-do-pis-pasep-2025-e-garanta-seu-beneficio\/#respond"]}]},{"@type":"WebPage","@id":"https:\/\/redelitoralrs.com\/index.php\/2025\/02\/03\/fique-atento-ao-calendario-do-pis-pasep-2025-e-garanta-seu-beneficio\/","url":"https:\/\/redelitoralrs.com\/index.php\/2025\/02\/03\/fique-atento-ao-calendario-do-pis-pasep-2025-e-garanta-seu-beneficio\/","name":"Fique atento ao calend\u00e1rio do PIS\/PASEP 2025 e garanta seu benef\u00edcio - Rede Litoral RS","isPartOf":{"@id":"https:\/\/redelitoralrs.com\/#website"},"primaryImageOfPage":{"@id":"https:\/\/redelitoralrs.com\/index.php\/2025\/02\/03\/fique-atento-ao-calendario-do-pis-pasep-2025-e-garanta-seu-beneficio\/#primaryimage"},"image":{"@id":"https:\/\/redelitoralrs.com\/index.php\/2025\/02\/03\/fique-atento-ao-calendario-do-pis-pasep-2025-e-garanta-seu-beneficio\/#primaryimage"},"thumbnailUrl":"https:\/\/redelitoralrs.com\/wp-content\/uploads\/2025\/02\/Imagem-do-WhatsApp-de-2025-02-02-as-22.06.04_b3b49a5e.jpg","datePublished":"2025-02-03T15:47:46+00:00","dateModified":"2025-02-03T15:47:47+00:00","description":"O pagamento do PIS\/PASEP 2025 est\u00e1 prestes a come\u00e7ar, e \u00e9 essencial que os trabalhadores fiquem atentos \u00e0s datas para n\u00e3o perderem o benef\u00edcio. O abono salarial \u00e9 um direito de milh\u00f5es de brasileiros e tem impacto direto no or\u00e7amento das fam\u00edlias e na economia do pa\u00eds.","breadcrumb":{"@id":"https:\/\/redelitoralrs.com\/index.php\/2025\/02\/03\/fique-atento-ao-calendario-do-pis-pasep-2025-e-garanta-seu-beneficio\/#breadcrumb"},"inLanguage":"pt-BR","potentialAction":[{"@type":"ReadAction","target":["https:\/\/redelitoralrs.com\/index.php\/2025\/02\/03\/fique-atento-ao-calendario-do-pis-pasep-2025-e-garanta-seu-beneficio\/"]}]},{"@type":"ImageObject","inLanguage":"pt-BR","@id":"https:\/\/redelitoralrs.com\/index.php\/2025\/02\/03\/fique-atento-ao-calendario-do-pis-pasep-2025-e-garanta-seu-beneficio\/#primaryimage","url":"https:\/\/redelitoralrs.com\/wp-content\/uploads\/2025\/02\/Imagem-do-WhatsApp-de-2025-02-02-as-22.06.04_b3b49a5e.jpg","contentUrl":"https:\/\/redelitoralrs.com\/wp-content\/uploads\/2025\/02\/Imagem-do-WhatsApp-de-2025-02-02-as-22.06.04_b3b49a5e.jpg","width":678,"height":452},{"@type":"BreadcrumbList","@id":"https:\/\/redelitoralrs.com\/index.php\/2025\/02\/03\/fique-atento-ao-calendario-do-pis-pasep-2025-e-garanta-seu-beneficio\/#breadcrumb","itemListElement":[{"@type":"ListItem","position":1,"name":"In\u00edcio","item":"https:\/\/redelitoralrs.com\/"},{"@type":"ListItem","position":2,"name":"Fique atento ao calend\u00e1rio do PIS\/PASEP 2025 e garanta seu benef\u00edcio"}]},{"@type":"WebSite","@id":"https:\/\/redelitoralrs.com\/#website","url":"https:\/\/redelitoralrs.com\/","name":"TV Litoral","description":"Acompanhe tudo do litoral ga\u00facho com a cobertura completa e atualizada da Rede Litoral RS. Nossos jornalistas trazem as \u00faltimas not\u00edcias, os acontecimentos mais quentes e as hist\u00f3rias que importam sobre nosso amado litoral.","publisher":{"@id":"https:\/\/redelitoralrs.com\/#organization"},"potentialAction":[{"@type":"SearchAction","target":{"@type":"EntryPoint","urlTemplate":"https:\/\/redelitoralrs.com\/?s={search_term_string}"},"query-input":{"@type":"PropertyValueSpecification","valueRequired":true,"valueName":"search_term_string"}}],"inLanguage":"pt-BR"},{"@type":"Organization","@id":"https:\/\/redelitoralrs.com\/#organization","name":"TV Litoral","url":"https:\/\/redelitoralrs.com\/","logo":{"@type":"ImageObject","inLanguage":"pt-BR","@id":"https:\/\/redelitoralrs.com\/#\/schema\/logo\/image\/","url":"https:\/\/redelitoralrs.com\/wp-content\/uploads\/2024\/01\/faviconicon-1-1.png","contentUrl":"https:\/\/redelitoralrs.com\/wp-content\/uploads\/2024\/01\/faviconicon-1-1.png","width":454,"height":454,"caption":"TV Litoral"},"image":{"@id":"https:\/\/redelitoralrs.com\/#\/schema\/logo\/image\/"},"sameAs":["https:\/\/www.facebook.com\/tvlitoralrsoficial","https:\/\/www.instagram.com\/tvlitoral.rs"]},{"@type":"Person","@id":"https:\/\/redelitoralrs.com\/#\/schema\/person\/9f8181f2a7359dd3986f05ebaf5bd68a","name":"Reda\u00e7\u00e3o TV Litoral","image":{"@type":"ImageObject","inLanguage":"pt-BR","@id":"https:\/\/redelitoralrs.com\/wp-content\/litespeed\/avatar\/779aafbb45e66c7f82733e21abb48259.jpg?ver=1777561602","url":"https:\/\/redelitoralrs.com\/wp-content\/litespeed\/avatar\/779aafbb45e66c7f82733e21abb48259.jpg?ver=1777561602","contentUrl":"https:\/\/redelitoralrs.com\/wp-content\/litespeed\/avatar\/779aafbb45e66c7f82733e21abb48259.jpg?ver=1777561602","caption":"Reda\u00e7\u00e3o TV Litoral"},"description":"A Rede Litoral de Comunica\u00e7\u00e3o \u00e9 um grupo de m\u00eddia multiplataforma do Litoral Norte do RS. Com atua\u00e7\u00e3o em TV, r\u00e1dio, portal e redes sociais, levamos informa\u00e7\u00e3o, conte\u00fado e entretenimento \u00e0 comunidade, fortalecendo a comunica\u00e7\u00e3o local e impulsionando o desenvolvimento regional. Acompanhe atrav\u00e9s de @redelitoralrs.","sameAs":["https:\/\/redelitoralrs.com","https:\/\/www.instagram.com\/redelitoralrs","https:\/\/www.youtube.com\/@redelitoralrs"],"url":"https:\/\/redelitoralrs.com\/index.php\/author\/redacaotvlitoral\/"}]}},"_links":{"self":[{"href":"https:\/\/redelitoralrs.com\/index.php\/wp-json\/wp\/v2\/posts\/5898","targetHints":{"allow":["GET"]}}],"collection":[{"href":"https:\/\/redelitoralrs.com\/index.php\/wp-json\/wp\/v2\/posts"}],"about":[{"href":"https:\/\/redelitoralrs.com\/index.php\/wp-json\/wp\/v2\/types\/post"}],"author":[{"embeddable":true,"href":"https:\/\/redelitoralrs.com\/index.php\/wp-json\/wp\/v2\/users\/2"}],"replies":[{"embeddable":true,"href":"https:\/\/redelitoralrs.com\/index.php\/wp-json\/wp\/v2\/comments?post=5898"}],"version-history":[{"count":2,"href":"https:\/\/redelitoralrs.com\/index.php\/wp-json\/wp\/v2\/posts\/5898\/revisions"}],"predecessor-version":[{"id":5902,"href":"https:\/\/redelitoralrs.com\/index.php\/wp-json\/wp\/v2\/posts\/5898\/revisions\/5902"}],"wp:featuredmedia":[{"embeddable":true,"href":"https:\/\/redelitoralrs.com\/index.php\/wp-json\/wp\/v2\/media\/5900"}],"wp:attachment":[{"href":"https:\/\/redelitoralrs.com\/index.php\/wp-json\/wp\/v2\/media?parent=5898"}],"wp:term":[{"taxonomy":"category","embeddable":true,"href":"https:\/\/redelitoralrs.com\/index.php\/wp-json\/wp\/v2\/categories?post=5898"},{"taxonomy":"post_tag","embeddable":true,"href":"https:\/\/redelitoralrs.com\/index.php\/wp-json\/wp\/v2\/tags?post=5898"}],"curies":[{"name":"wp","href":"https:\/\/api.w.org\/{rel}","templated":true}]}}