{"id":5687,"date":"2025-01-28T12:20:11","date_gmt":"2025-01-28T15:20:11","guid":{"rendered":"https:\/\/redelitoralrs.com\/?p=5687"},"modified":"2025-01-28T16:17:09","modified_gmt":"2025-01-28T19:17:09","slug":"vereador-alexandre-goncalves-sofre-atentado-a-tiros-em-canoas","status":"publish","type":"post","link":"https:\/\/redelitoralrs.com\/index.php\/2025\/01\/28\/vereador-alexandre-goncalves-sofre-atentado-a-tiros-em-canoas\/","title":{"rendered":"Vereador Alexandre Gon\u00e7alves sofre atentado a tiros em Canoas"},"content":{"rendered":"\n<p><\/p>\n\n\n\n<p>Na manh\u00e3 desta segunda-feira (27), o vereador Alexandre Gon\u00e7alves foi alvo de uma tentativa de homic\u00eddio no bairro Niter\u00f3i, em Canoas, na Regi\u00e3o Metropolitana de Porto Alegre. O ataque aconteceu por volta das 11h15, na Rua Jo\u00e3o Ribeiro.<\/p>\n\n\n\n<p>Segundo informa\u00e7\u00f5es preliminares, dois homens em um ve\u00edculo Volkswagen Voyage branco se aproximaram e efetuaram v\u00e1rios disparos contra o carro do parlamentar. Apesar da gravidade da situa\u00e7\u00e3o e dos ferimentos no bra\u00e7o, Alexandre Gon\u00e7alves passa bem.<\/p>\n\n\n\n<p>A pol\u00edcia foi acionada e iniciou as investiga\u00e7\u00f5es para identificar a motiva\u00e7\u00e3o do atentado que, preliminarmente, apura-se ser de cunho privado; o suspeito foi identificado pelo parlamentar. A \u00e1rea foi isolada para a realiza\u00e7\u00e3o de per\u00edcia, e c\u00e2meras de monitoramento pr\u00f3ximas est\u00e3o sendo analisadas.<\/p>\n\n\n\n<p>O vereador ainda n\u00e3o se manifestou publicamente sobre o ocorrido.&nbsp;<\/p>\n\n\n\n<p>A TV Litoral continuar\u00e1 acompanhando o desdobramento das investiga\u00e7\u00f5es e trar\u00e1 atualiza\u00e7\u00f5es em breve.<\/p>\n\n\n\n<figure class=\"wp-block-gallery has-nested-images columns-default is-cropped wp-block-gallery-1 is-layout-flex wp-block-gallery-is-layout-flex\">\n<figure class=\"wp-block-image size-large\"><img fetchpriority=\"high\" decoding=\"async\" width=\"774\" height=\"522\" data-id=\"5688\" src=\"https:\/\/redelitoralrs.com\/wp-content\/uploads\/2025\/01\/Imagem-do-WhatsApp-de-2025-01-27-as-14.33.21_870c73d9.jpg\" alt=\"\" class=\"wp-image-5688\" srcset=\"https:\/\/redelitoralrs.com\/wp-content\/uploads\/2025\/01\/Imagem-do-WhatsApp-de-2025-01-27-as-14.33.21_870c73d9.jpg 774w, https:\/\/redelitoralrs.com\/wp-content\/uploads\/2025\/01\/Imagem-do-WhatsApp-de-2025-01-27-as-14.33.21_870c73d9-300x202.jpg 300w, https:\/\/redelitoralrs.com\/wp-content\/uploads\/2025\/01\/Imagem-do-WhatsApp-de-2025-01-27-as-14.33.21_870c73d9-768x518.jpg 768w\" sizes=\"(max-width: 774px) 100vw, 774px\" \/><\/figure>\n<\/figure>\n","protected":false},"excerpt":{"rendered":"<p>Na manh\u00e3 desta segunda-feira (27), o vereador Alexandre Gon\u00e7alves foi alvo de uma tentativa de homic\u00eddio no bairro Niter\u00f3i, em Canoas, na Regi\u00e3o Metropolitana de Porto Alegre. O ataque aconteceu por volta das 11h15, na Rua Jo\u00e3o Ribeiro. Segundo informa\u00e7\u00f5es preliminares, dois homens em um ve\u00edculo Volkswagen Voyage branco se aproximaram e efetuaram v\u00e1rios disparos [&hellip;]<\/p>\n","protected":false},"author":2,"featured_media":5688,"comment_status":"open","ping_status":"open","sticky":false,"template":"","format":"standard","meta":{"_themeisle_gutenberg_block_has_review":false,"footnotes":""},"categories":[188,15],"tags":[],"class_list":["post-5687","post","type-post","status-publish","format-standard","has-post-thumbnail","hentry","category-rio-grande-do-sul","category-noticias"],"yoast_head":"<!-- This site is optimized with the Yoast SEO plugin v27.4 - https:\/\/yoast.com\/product\/yoast-seo-wordpress\/ -->\n<title>Vereador Alexandre Gon\u00e7alves sofre atentado a tiros em Canoas - Rede Litoral RS<\/title>\n<meta name=\"description\" content=\"Na manh\u00e3 desta segunda-feira (27), o vereador Alexandre Gon\u00e7alves foi alvo de uma tentativa de homic\u00eddio no bairro Niter\u00f3i, em Canoas, na Regi\u00e3o Metropolitana de Porto Alegre. O ataque aconteceu por volta das 11h15, na Rua Jo\u00e3o Ribeiro.\" \/>\n<meta name=\"robots\" content=\"index, follow, max-snippet:-1, max-image-preview:large, max-video-preview:-1\" \/>\n<link rel=\"canonical\" href=\"https:\/\/redelitoralrs.com\/index.php\/2025\/01\/28\/vereador-alexandre-goncalves-sofre-atentado-a-tiros-em-canoas\/\" \/>\n<meta property=\"og:locale\" content=\"pt_BR\" \/>\n<meta property=\"og:type\" content=\"article\" \/>\n<meta property=\"og:title\" content=\"Vereador Alexandre Gon\u00e7alves sofre atentado a tiros em Canoas - Rede Litoral RS\" \/>\n<meta property=\"og:description\" content=\"Na manh\u00e3 desta segunda-feira (27), o vereador Alexandre Gon\u00e7alves foi alvo de uma tentativa de homic\u00eddio no bairro Niter\u00f3i, em Canoas, na Regi\u00e3o Metropolitana de Porto Alegre. O ataque aconteceu por volta das 11h15, na Rua Jo\u00e3o Ribeiro.\" \/>\n<meta property=\"og:url\" content=\"https:\/\/redelitoralrs.com\/index.php\/2025\/01\/28\/vereador-alexandre-goncalves-sofre-atentado-a-tiros-em-canoas\/\" \/>\n<meta property=\"og:site_name\" content=\"Rede Litoral RS\" \/>\n<meta property=\"article:publisher\" content=\"https:\/\/www.facebook.com\/tvlitoralrsoficial\" \/>\n<meta property=\"article:published_time\" content=\"2025-01-28T15:20:11+00:00\" \/>\n<meta property=\"article:modified_time\" content=\"2025-01-28T19:17:09+00:00\" \/>\n<meta property=\"og:image\" content=\"https:\/\/redelitoralrs.com\/wp-content\/uploads\/2025\/01\/Imagem-do-WhatsApp-de-2025-01-27-as-14.33.21_870c73d9.jpg\" \/>\n\t<meta property=\"og:image:width\" content=\"774\" \/>\n\t<meta property=\"og:image:height\" content=\"522\" \/>\n\t<meta property=\"og:image:type\" content=\"image\/jpeg\" \/>\n<meta name=\"author\" content=\"Reda\u00e7\u00e3o TV Litoral\" \/>\n<meta name=\"twitter:card\" content=\"summary_large_image\" \/>\n<meta name=\"twitter:label1\" content=\"Escrito por\" \/>\n\t<meta name=\"twitter:data1\" content=\"Reda\u00e7\u00e3o TV Litoral\" \/>\n\t<meta name=\"twitter:label2\" content=\"Est. tempo de leitura\" \/>\n\t<meta name=\"twitter:data2\" content=\"2 minutos\" \/>\n<script type=\"application\/ld+json\" class=\"yoast-schema-graph\">{\"@context\":\"https:\\\/\\\/schema.org\",\"@graph\":[{\"@type\":\"Article\",\"@id\":\"https:\\\/\\\/redelitoralrs.com\\\/index.php\\\/2025\\\/01\\\/28\\\/vereador-alexandre-goncalves-sofre-atentado-a-tiros-em-canoas\\\/#article\",\"isPartOf\":{\"@id\":\"https:\\\/\\\/redelitoralrs.com\\\/index.php\\\/2025\\\/01\\\/28\\\/vereador-alexandre-goncalves-sofre-atentado-a-tiros-em-canoas\\\/\"},\"author\":{\"name\":\"Reda\u00e7\u00e3o TV Litoral\",\"@id\":\"https:\\\/\\\/redelitoralrs.com\\\/#\\\/schema\\\/person\\\/9f8181f2a7359dd3986f05ebaf5bd68a\"},\"headline\":\"Vereador Alexandre Gon\u00e7alves sofre atentado a tiros em Canoas\",\"datePublished\":\"2025-01-28T15:20:11+00:00\",\"dateModified\":\"2025-01-28T19:17:09+00:00\",\"mainEntityOfPage\":{\"@id\":\"https:\\\/\\\/redelitoralrs.com\\\/index.php\\\/2025\\\/01\\\/28\\\/vereador-alexandre-goncalves-sofre-atentado-a-tiros-em-canoas\\\/\"},\"wordCount\":174,\"commentCount\":0,\"publisher\":{\"@id\":\"https:\\\/\\\/redelitoralrs.com\\\/#organization\"},\"image\":{\"@id\":\"https:\\\/\\\/redelitoralrs.com\\\/index.php\\\/2025\\\/01\\\/28\\\/vereador-alexandre-goncalves-sofre-atentado-a-tiros-em-canoas\\\/#primaryimage\"},\"thumbnailUrl\":\"https:\\\/\\\/redelitoralrs.com\\\/wp-content\\\/uploads\\\/2025\\\/01\\\/Imagem-do-WhatsApp-de-2025-01-27-as-14.33.21_870c73d9.jpg\",\"articleSection\":[\"Rio Grande do Sul\",\"\u00daltimas not\u00edcias\"],\"inLanguage\":\"pt-BR\",\"potentialAction\":[{\"@type\":\"CommentAction\",\"name\":\"Comment\",\"target\":[\"https:\\\/\\\/redelitoralrs.com\\\/index.php\\\/2025\\\/01\\\/28\\\/vereador-alexandre-goncalves-sofre-atentado-a-tiros-em-canoas\\\/#respond\"]}]},{\"@type\":\"WebPage\",\"@id\":\"https:\\\/\\\/redelitoralrs.com\\\/index.php\\\/2025\\\/01\\\/28\\\/vereador-alexandre-goncalves-sofre-atentado-a-tiros-em-canoas\\\/\",\"url\":\"https:\\\/\\\/redelitoralrs.com\\\/index.php\\\/2025\\\/01\\\/28\\\/vereador-alexandre-goncalves-sofre-atentado-a-tiros-em-canoas\\\/\",\"name\":\"Vereador Alexandre Gon\u00e7alves sofre atentado a tiros em Canoas - Rede Litoral RS\",\"isPartOf\":{\"@id\":\"https:\\\/\\\/redelitoralrs.com\\\/#website\"},\"primaryImageOfPage\":{\"@id\":\"https:\\\/\\\/redelitoralrs.com\\\/index.php\\\/2025\\\/01\\\/28\\\/vereador-alexandre-goncalves-sofre-atentado-a-tiros-em-canoas\\\/#primaryimage\"},\"image\":{\"@id\":\"https:\\\/\\\/redelitoralrs.com\\\/index.php\\\/2025\\\/01\\\/28\\\/vereador-alexandre-goncalves-sofre-atentado-a-tiros-em-canoas\\\/#primaryimage\"},\"thumbnailUrl\":\"https:\\\/\\\/redelitoralrs.com\\\/wp-content\\\/uploads\\\/2025\\\/01\\\/Imagem-do-WhatsApp-de-2025-01-27-as-14.33.21_870c73d9.jpg\",\"datePublished\":\"2025-01-28T15:20:11+00:00\",\"dateModified\":\"2025-01-28T19:17:09+00:00\",\"description\":\"Na manh\u00e3 desta segunda-feira (27), o vereador Alexandre Gon\u00e7alves foi alvo de uma tentativa de homic\u00eddio no bairro Niter\u00f3i, em Canoas, na Regi\u00e3o Metropolitana de Porto Alegre. O ataque aconteceu por volta das 11h15, na Rua Jo\u00e3o Ribeiro.\",\"breadcrumb\":{\"@id\":\"https:\\\/\\\/redelitoralrs.com\\\/index.php\\\/2025\\\/01\\\/28\\\/vereador-alexandre-goncalves-sofre-atentado-a-tiros-em-canoas\\\/#breadcrumb\"},\"inLanguage\":\"pt-BR\",\"potentialAction\":[{\"@type\":\"ReadAction\",\"target\":[\"https:\\\/\\\/redelitoralrs.com\\\/index.php\\\/2025\\\/01\\\/28\\\/vereador-alexandre-goncalves-sofre-atentado-a-tiros-em-canoas\\\/\"]}]},{\"@type\":\"ImageObject\",\"inLanguage\":\"pt-BR\",\"@id\":\"https:\\\/\\\/redelitoralrs.com\\\/index.php\\\/2025\\\/01\\\/28\\\/vereador-alexandre-goncalves-sofre-atentado-a-tiros-em-canoas\\\/#primaryimage\",\"url\":\"https:\\\/\\\/redelitoralrs.com\\\/wp-content\\\/uploads\\\/2025\\\/01\\\/Imagem-do-WhatsApp-de-2025-01-27-as-14.33.21_870c73d9.jpg\",\"contentUrl\":\"https:\\\/\\\/redelitoralrs.com\\\/wp-content\\\/uploads\\\/2025\\\/01\\\/Imagem-do-WhatsApp-de-2025-01-27-as-14.33.21_870c73d9.jpg\",\"width\":774,\"height\":522},{\"@type\":\"BreadcrumbList\",\"@id\":\"https:\\\/\\\/redelitoralrs.com\\\/index.php\\\/2025\\\/01\\\/28\\\/vereador-alexandre-goncalves-sofre-atentado-a-tiros-em-canoas\\\/#breadcrumb\",\"itemListElement\":[{\"@type\":\"ListItem\",\"position\":1,\"name\":\"In\u00edcio\",\"item\":\"https:\\\/\\\/redelitoralrs.com\\\/\"},{\"@type\":\"ListItem\",\"position\":2,\"name\":\"Vereador Alexandre Gon\u00e7alves sofre atentado a tiros em Canoas\"}]},{\"@type\":\"WebSite\",\"@id\":\"https:\\\/\\\/redelitoralrs.com\\\/#website\",\"url\":\"https:\\\/\\\/redelitoralrs.com\\\/\",\"name\":\"TV Litoral\",\"description\":\"Acompanhe tudo do litoral ga\u00facho com a cobertura completa e atualizada da Rede Litoral RS. Nossos jornalistas trazem as \u00faltimas not\u00edcias, os acontecimentos mais quentes e as hist\u00f3rias que importam sobre nosso amado litoral.\",\"publisher\":{\"@id\":\"https:\\\/\\\/redelitoralrs.com\\\/#organization\"},\"potentialAction\":[{\"@type\":\"SearchAction\",\"target\":{\"@type\":\"EntryPoint\",\"urlTemplate\":\"https:\\\/\\\/redelitoralrs.com\\\/?s={search_term_string}\"},\"query-input\":{\"@type\":\"PropertyValueSpecification\",\"valueRequired\":true,\"valueName\":\"search_term_string\"}}],\"inLanguage\":\"pt-BR\"},{\"@type\":\"Organization\",\"@id\":\"https:\\\/\\\/redelitoralrs.com\\\/#organization\",\"name\":\"TV Litoral\",\"url\":\"https:\\\/\\\/redelitoralrs.com\\\/\",\"logo\":{\"@type\":\"ImageObject\",\"inLanguage\":\"pt-BR\",\"@id\":\"https:\\\/\\\/redelitoralrs.com\\\/#\\\/schema\\\/logo\\\/image\\\/\",\"url\":\"https:\\\/\\\/redelitoralrs.com\\\/wp-content\\\/uploads\\\/2024\\\/01\\\/faviconicon-1-1.png\",\"contentUrl\":\"https:\\\/\\\/redelitoralrs.com\\\/wp-content\\\/uploads\\\/2024\\\/01\\\/faviconicon-1-1.png\",\"width\":454,\"height\":454,\"caption\":\"TV Litoral\"},\"image\":{\"@id\":\"https:\\\/\\\/redelitoralrs.com\\\/#\\\/schema\\\/logo\\\/image\\\/\"},\"sameAs\":[\"https:\\\/\\\/www.facebook.com\\\/tvlitoralrsoficial\",\"https:\\\/\\\/www.instagram.com\\\/tvlitoral.rs\"]},{\"@type\":\"Person\",\"@id\":\"https:\\\/\\\/redelitoralrs.com\\\/#\\\/schema\\\/person\\\/9f8181f2a7359dd3986f05ebaf5bd68a\",\"name\":\"Reda\u00e7\u00e3o TV Litoral\",\"image\":{\"@type\":\"ImageObject\",\"inLanguage\":\"pt-BR\",\"@id\":\"https:\\\/\\\/redelitoralrs.com\\\/wp-content\\\/litespeed\\\/avatar\\\/779aafbb45e66c7f82733e21abb48259.jpg?ver=1777561602\",\"url\":\"https:\\\/\\\/redelitoralrs.com\\\/wp-content\\\/litespeed\\\/avatar\\\/779aafbb45e66c7f82733e21abb48259.jpg?ver=1777561602\",\"contentUrl\":\"https:\\\/\\\/redelitoralrs.com\\\/wp-content\\\/litespeed\\\/avatar\\\/779aafbb45e66c7f82733e21abb48259.jpg?ver=1777561602\",\"caption\":\"Reda\u00e7\u00e3o TV Litoral\"},\"description\":\"A Rede Litoral de Comunica\u00e7\u00e3o \u00e9 um grupo de m\u00eddia multiplataforma do Litoral Norte do RS. Com atua\u00e7\u00e3o em TV, r\u00e1dio, portal e redes sociais, levamos informa\u00e7\u00e3o, conte\u00fado e entretenimento \u00e0 comunidade, fortalecendo a comunica\u00e7\u00e3o local e impulsionando o desenvolvimento regional. Acompanhe atrav\u00e9s de @redelitoralrs.\",\"sameAs\":[\"https:\\\/\\\/redelitoralrs.com\",\"https:\\\/\\\/www.instagram.com\\\/redelitoralrs\",\"https:\\\/\\\/www.youtube.com\\\/@redelitoralrs\"],\"url\":\"https:\\\/\\\/redelitoralrs.com\\\/index.php\\\/author\\\/redacaotvlitoral\\\/\"}]}<\/script>\n<!-- \/ Yoast SEO plugin. -->","yoast_head_json":{"title":"Vereador Alexandre Gon\u00e7alves sofre atentado a tiros em Canoas - Rede Litoral RS","description":"Na manh\u00e3 desta segunda-feira (27), o vereador Alexandre Gon\u00e7alves foi alvo de uma tentativa de homic\u00eddio no bairro Niter\u00f3i, em Canoas, na Regi\u00e3o Metropolitana de Porto Alegre. O ataque aconteceu por volta das 11h15, na Rua Jo\u00e3o Ribeiro.","robots":{"index":"index","follow":"follow","max-snippet":"max-snippet:-1","max-image-preview":"max-image-preview:large","max-video-preview":"max-video-preview:-1"},"canonical":"https:\/\/redelitoralrs.com\/index.php\/2025\/01\/28\/vereador-alexandre-goncalves-sofre-atentado-a-tiros-em-canoas\/","og_locale":"pt_BR","og_type":"article","og_title":"Vereador Alexandre Gon\u00e7alves sofre atentado a tiros em Canoas - Rede Litoral RS","og_description":"Na manh\u00e3 desta segunda-feira (27), o vereador Alexandre Gon\u00e7alves foi alvo de uma tentativa de homic\u00eddio no bairro Niter\u00f3i, em Canoas, na Regi\u00e3o Metropolitana de Porto Alegre. O ataque aconteceu por volta das 11h15, na Rua Jo\u00e3o Ribeiro.","og_url":"https:\/\/redelitoralrs.com\/index.php\/2025\/01\/28\/vereador-alexandre-goncalves-sofre-atentado-a-tiros-em-canoas\/","og_site_name":"Rede Litoral RS","article_publisher":"https:\/\/www.facebook.com\/tvlitoralrsoficial","article_published_time":"2025-01-28T15:20:11+00:00","article_modified_time":"2025-01-28T19:17:09+00:00","og_image":[{"width":774,"height":522,"url":"https:\/\/redelitoralrs.com\/wp-content\/uploads\/2025\/01\/Imagem-do-WhatsApp-de-2025-01-27-as-14.33.21_870c73d9.jpg","type":"image\/jpeg"}],"author":"Reda\u00e7\u00e3o TV Litoral","twitter_card":"summary_large_image","twitter_misc":{"Escrito por":"Reda\u00e7\u00e3o TV Litoral","Est. tempo de leitura":"2 minutos"},"schema":{"@context":"https:\/\/schema.org","@graph":[{"@type":"Article","@id":"https:\/\/redelitoralrs.com\/index.php\/2025\/01\/28\/vereador-alexandre-goncalves-sofre-atentado-a-tiros-em-canoas\/#article","isPartOf":{"@id":"https:\/\/redelitoralrs.com\/index.php\/2025\/01\/28\/vereador-alexandre-goncalves-sofre-atentado-a-tiros-em-canoas\/"},"author":{"name":"Reda\u00e7\u00e3o TV Litoral","@id":"https:\/\/redelitoralrs.com\/#\/schema\/person\/9f8181f2a7359dd3986f05ebaf5bd68a"},"headline":"Vereador Alexandre Gon\u00e7alves sofre atentado a tiros em Canoas","datePublished":"2025-01-28T15:20:11+00:00","dateModified":"2025-01-28T19:17:09+00:00","mainEntityOfPage":{"@id":"https:\/\/redelitoralrs.com\/index.php\/2025\/01\/28\/vereador-alexandre-goncalves-sofre-atentado-a-tiros-em-canoas\/"},"wordCount":174,"commentCount":0,"publisher":{"@id":"https:\/\/redelitoralrs.com\/#organization"},"image":{"@id":"https:\/\/redelitoralrs.com\/index.php\/2025\/01\/28\/vereador-alexandre-goncalves-sofre-atentado-a-tiros-em-canoas\/#primaryimage"},"thumbnailUrl":"https:\/\/redelitoralrs.com\/wp-content\/uploads\/2025\/01\/Imagem-do-WhatsApp-de-2025-01-27-as-14.33.21_870c73d9.jpg","articleSection":["Rio Grande do Sul","\u00daltimas not\u00edcias"],"inLanguage":"pt-BR","potentialAction":[{"@type":"CommentAction","name":"Comment","target":["https:\/\/redelitoralrs.com\/index.php\/2025\/01\/28\/vereador-alexandre-goncalves-sofre-atentado-a-tiros-em-canoas\/#respond"]}]},{"@type":"WebPage","@id":"https:\/\/redelitoralrs.com\/index.php\/2025\/01\/28\/vereador-alexandre-goncalves-sofre-atentado-a-tiros-em-canoas\/","url":"https:\/\/redelitoralrs.com\/index.php\/2025\/01\/28\/vereador-alexandre-goncalves-sofre-atentado-a-tiros-em-canoas\/","name":"Vereador Alexandre Gon\u00e7alves sofre atentado a tiros em Canoas - Rede Litoral RS","isPartOf":{"@id":"https:\/\/redelitoralrs.com\/#website"},"primaryImageOfPage":{"@id":"https:\/\/redelitoralrs.com\/index.php\/2025\/01\/28\/vereador-alexandre-goncalves-sofre-atentado-a-tiros-em-canoas\/#primaryimage"},"image":{"@id":"https:\/\/redelitoralrs.com\/index.php\/2025\/01\/28\/vereador-alexandre-goncalves-sofre-atentado-a-tiros-em-canoas\/#primaryimage"},"thumbnailUrl":"https:\/\/redelitoralrs.com\/wp-content\/uploads\/2025\/01\/Imagem-do-WhatsApp-de-2025-01-27-as-14.33.21_870c73d9.jpg","datePublished":"2025-01-28T15:20:11+00:00","dateModified":"2025-01-28T19:17:09+00:00","description":"Na manh\u00e3 desta segunda-feira (27), o vereador Alexandre Gon\u00e7alves foi alvo de uma tentativa de homic\u00eddio no bairro Niter\u00f3i, em Canoas, na Regi\u00e3o Metropolitana de Porto Alegre. O ataque aconteceu por volta das 11h15, na Rua Jo\u00e3o Ribeiro.","breadcrumb":{"@id":"https:\/\/redelitoralrs.com\/index.php\/2025\/01\/28\/vereador-alexandre-goncalves-sofre-atentado-a-tiros-em-canoas\/#breadcrumb"},"inLanguage":"pt-BR","potentialAction":[{"@type":"ReadAction","target":["https:\/\/redelitoralrs.com\/index.php\/2025\/01\/28\/vereador-alexandre-goncalves-sofre-atentado-a-tiros-em-canoas\/"]}]},{"@type":"ImageObject","inLanguage":"pt-BR","@id":"https:\/\/redelitoralrs.com\/index.php\/2025\/01\/28\/vereador-alexandre-goncalves-sofre-atentado-a-tiros-em-canoas\/#primaryimage","url":"https:\/\/redelitoralrs.com\/wp-content\/uploads\/2025\/01\/Imagem-do-WhatsApp-de-2025-01-27-as-14.33.21_870c73d9.jpg","contentUrl":"https:\/\/redelitoralrs.com\/wp-content\/uploads\/2025\/01\/Imagem-do-WhatsApp-de-2025-01-27-as-14.33.21_870c73d9.jpg","width":774,"height":522},{"@type":"BreadcrumbList","@id":"https:\/\/redelitoralrs.com\/index.php\/2025\/01\/28\/vereador-alexandre-goncalves-sofre-atentado-a-tiros-em-canoas\/#breadcrumb","itemListElement":[{"@type":"ListItem","position":1,"name":"In\u00edcio","item":"https:\/\/redelitoralrs.com\/"},{"@type":"ListItem","position":2,"name":"Vereador Alexandre Gon\u00e7alves sofre atentado a tiros em Canoas"}]},{"@type":"WebSite","@id":"https:\/\/redelitoralrs.com\/#website","url":"https:\/\/redelitoralrs.com\/","name":"TV Litoral","description":"Acompanhe tudo do litoral ga\u00facho com a cobertura completa e atualizada da Rede Litoral RS. Nossos jornalistas trazem as \u00faltimas not\u00edcias, os acontecimentos mais quentes e as hist\u00f3rias que importam sobre nosso amado litoral.","publisher":{"@id":"https:\/\/redelitoralrs.com\/#organization"},"potentialAction":[{"@type":"SearchAction","target":{"@type":"EntryPoint","urlTemplate":"https:\/\/redelitoralrs.com\/?s={search_term_string}"},"query-input":{"@type":"PropertyValueSpecification","valueRequired":true,"valueName":"search_term_string"}}],"inLanguage":"pt-BR"},{"@type":"Organization","@id":"https:\/\/redelitoralrs.com\/#organization","name":"TV Litoral","url":"https:\/\/redelitoralrs.com\/","logo":{"@type":"ImageObject","inLanguage":"pt-BR","@id":"https:\/\/redelitoralrs.com\/#\/schema\/logo\/image\/","url":"https:\/\/redelitoralrs.com\/wp-content\/uploads\/2024\/01\/faviconicon-1-1.png","contentUrl":"https:\/\/redelitoralrs.com\/wp-content\/uploads\/2024\/01\/faviconicon-1-1.png","width":454,"height":454,"caption":"TV Litoral"},"image":{"@id":"https:\/\/redelitoralrs.com\/#\/schema\/logo\/image\/"},"sameAs":["https:\/\/www.facebook.com\/tvlitoralrsoficial","https:\/\/www.instagram.com\/tvlitoral.rs"]},{"@type":"Person","@id":"https:\/\/redelitoralrs.com\/#\/schema\/person\/9f8181f2a7359dd3986f05ebaf5bd68a","name":"Reda\u00e7\u00e3o TV Litoral","image":{"@type":"ImageObject","inLanguage":"pt-BR","@id":"https:\/\/redelitoralrs.com\/wp-content\/litespeed\/avatar\/779aafbb45e66c7f82733e21abb48259.jpg?ver=1777561602","url":"https:\/\/redelitoralrs.com\/wp-content\/litespeed\/avatar\/779aafbb45e66c7f82733e21abb48259.jpg?ver=1777561602","contentUrl":"https:\/\/redelitoralrs.com\/wp-content\/litespeed\/avatar\/779aafbb45e66c7f82733e21abb48259.jpg?ver=1777561602","caption":"Reda\u00e7\u00e3o TV Litoral"},"description":"A Rede Litoral de Comunica\u00e7\u00e3o \u00e9 um grupo de m\u00eddia multiplataforma do Litoral Norte do RS. Com atua\u00e7\u00e3o em TV, r\u00e1dio, portal e redes sociais, levamos informa\u00e7\u00e3o, conte\u00fado e entretenimento \u00e0 comunidade, fortalecendo a comunica\u00e7\u00e3o local e impulsionando o desenvolvimento regional. Acompanhe atrav\u00e9s de @redelitoralrs.","sameAs":["https:\/\/redelitoralrs.com","https:\/\/www.instagram.com\/redelitoralrs","https:\/\/www.youtube.com\/@redelitoralrs"],"url":"https:\/\/redelitoralrs.com\/index.php\/author\/redacaotvlitoral\/"}]}},"_links":{"self":[{"href":"https:\/\/redelitoralrs.com\/index.php\/wp-json\/wp\/v2\/posts\/5687","targetHints":{"allow":["GET"]}}],"collection":[{"href":"https:\/\/redelitoralrs.com\/index.php\/wp-json\/wp\/v2\/posts"}],"about":[{"href":"https:\/\/redelitoralrs.com\/index.php\/wp-json\/wp\/v2\/types\/post"}],"author":[{"embeddable":true,"href":"https:\/\/redelitoralrs.com\/index.php\/wp-json\/wp\/v2\/users\/2"}],"replies":[{"embeddable":true,"href":"https:\/\/redelitoralrs.com\/index.php\/wp-json\/wp\/v2\/comments?post=5687"}],"version-history":[{"count":2,"href":"https:\/\/redelitoralrs.com\/index.php\/wp-json\/wp\/v2\/posts\/5687\/revisions"}],"predecessor-version":[{"id":5730,"href":"https:\/\/redelitoralrs.com\/index.php\/wp-json\/wp\/v2\/posts\/5687\/revisions\/5730"}],"wp:featuredmedia":[{"embeddable":true,"href":"https:\/\/redelitoralrs.com\/index.php\/wp-json\/wp\/v2\/media\/5688"}],"wp:attachment":[{"href":"https:\/\/redelitoralrs.com\/index.php\/wp-json\/wp\/v2\/media?parent=5687"}],"wp:term":[{"taxonomy":"category","embeddable":true,"href":"https:\/\/redelitoralrs.com\/index.php\/wp-json\/wp\/v2\/categories?post=5687"},{"taxonomy":"post_tag","embeddable":true,"href":"https:\/\/redelitoralrs.com\/index.php\/wp-json\/wp\/v2\/tags?post=5687"}],"curies":[{"name":"wp","href":"https:\/\/api.w.org\/{rel}","templated":true}]}}