{"id":5605,"date":"2025-01-23T15:02:26","date_gmt":"2025-01-23T18:02:26","guid":{"rendered":"https:\/\/redelitoralrs.com\/?p=5605"},"modified":"2025-01-23T15:02:55","modified_gmt":"2025-01-23T18:02:55","slug":"brigada-militar-prende-dois-homens-por-trafico-de-drogas-em-balneario-pinhal","status":"publish","type":"post","link":"https:\/\/redelitoralrs.com\/index.php\/2025\/01\/23\/brigada-militar-prende-dois-homens-por-trafico-de-drogas-em-balneario-pinhal\/","title":{"rendered":"Brigada Militar Prende Dois Homens por Tr\u00e1fico de Drogas em Balne\u00e1rio Pinhal"},"content":{"rendered":"\n<p><\/p>\n\n\n\n<p>Na noite de quarta-feira (22\/01), policiais do 8\u00ba Batalh\u00e3o de Pol\u00edcia Militar (8\u00ba BPM) prenderam dois homens suspeitos de envolvimento com o tr\u00e1fico de drogas no bairro Sindipolo, em Balne\u00e1rio Pinhal.<\/p>\n\n\n\n<p>A a\u00e7\u00e3o policial foi desencadeada ap\u00f3s den\u00fancias de que os indiv\u00edduos estariam praticando o tr\u00e1fico no local. Durante a abordagem, os policiais apreenderam 25 por\u00e7\u00f5es de coca\u00edna, R$ 406,00 em dinheiro, um celular e um pote utilizado para armazenar as drogas.<\/p>\n\n\n\n<p>A pris\u00e3o ocorreu dentro das opera\u00e7\u00f5es de combate ao tr\u00e1fico e \u00e0 criminalidade na regi\u00e3o, refor\u00e7ando o trabalho da Brigada Militar no combate ao crime.<\/p>\n\n\n\n<figure class=\"wp-block-gallery has-nested-images columns-default is-cropped wp-block-gallery-1 is-layout-flex wp-block-gallery-is-layout-flex\">\n<figure class=\"wp-block-image size-large\"><img fetchpriority=\"high\" decoding=\"async\" width=\"598\" height=\"1024\" data-id=\"5606\" src=\"https:\/\/redelitoralrs.com\/wp-content\/uploads\/2025\/01\/Imagem-do-WhatsApp-de-2025-01-23-as-14.46.31_995fa8b3-598x1024.jpg\" alt=\"\" class=\"wp-image-5606\" srcset=\"https:\/\/redelitoralrs.com\/wp-content\/uploads\/2025\/01\/Imagem-do-WhatsApp-de-2025-01-23-as-14.46.31_995fa8b3-598x1024.jpg 598w, https:\/\/redelitoralrs.com\/wp-content\/uploads\/2025\/01\/Imagem-do-WhatsApp-de-2025-01-23-as-14.46.31_995fa8b3-175x300.jpg 175w, https:\/\/redelitoralrs.com\/wp-content\/uploads\/2025\/01\/Imagem-do-WhatsApp-de-2025-01-23-as-14.46.31_995fa8b3-768x1316.jpg 768w, https:\/\/redelitoralrs.com\/wp-content\/uploads\/2025\/01\/Imagem-do-WhatsApp-de-2025-01-23-as-14.46.31_995fa8b3.jpg 828w\" sizes=\"(max-width: 598px) 100vw, 598px\" \/><\/figure>\n<\/figure>\n","protected":false},"excerpt":{"rendered":"<p>Na noite de quarta-feira (22\/01), policiais do 8\u00ba Batalh\u00e3o de Pol\u00edcia Militar (8\u00ba BPM) prenderam dois homens suspeitos de envolvimento com o tr\u00e1fico de drogas no bairro Sindipolo, em Balne\u00e1rio Pinhal. A a\u00e7\u00e3o policial foi desencadeada ap\u00f3s den\u00fancias de que os indiv\u00edduos estariam praticando o tr\u00e1fico no local. Durante a abordagem, os policiais apreenderam 25 [&hellip;]<\/p>\n","protected":false},"author":2,"featured_media":5606,"comment_status":"open","ping_status":"open","sticky":false,"template":"","format":"standard","meta":{"_themeisle_gutenberg_block_has_review":false,"footnotes":""},"categories":[187,20,98,15],"tags":[],"class_list":["post-5605","post","type-post","status-publish","format-standard","has-post-thumbnail","hentry","category-balneario-pinhal","category-litoral_norte","category-policia","category-noticias"],"yoast_head":"<!-- This site is optimized with the Yoast SEO plugin v27.4 - https:\/\/yoast.com\/product\/yoast-seo-wordpress\/ -->\n<title>Brigada Militar Prende Dois Homens por Tr\u00e1fico de Drogas em Balne\u00e1rio Pinhal - Rede Litoral RS<\/title>\n<meta name=\"description\" content=\"Na noite de quarta-feira (22\/01), policiais do 8\u00ba Batalh\u00e3o de Pol\u00edcia Militar (8\u00ba BPM) prenderam dois homens suspeitos de envolvimento com o tr\u00e1fico de drogas no bairro Sindipolo, em Balne\u00e1rio Pinhal.\" \/>\n<meta name=\"robots\" content=\"index, follow, max-snippet:-1, max-image-preview:large, max-video-preview:-1\" \/>\n<link rel=\"canonical\" href=\"https:\/\/redelitoralrs.com\/index.php\/2025\/01\/23\/brigada-militar-prende-dois-homens-por-trafico-de-drogas-em-balneario-pinhal\/\" \/>\n<meta property=\"og:locale\" content=\"pt_BR\" \/>\n<meta property=\"og:type\" content=\"article\" \/>\n<meta property=\"og:title\" content=\"Brigada Militar Prende Dois Homens por Tr\u00e1fico de Drogas em Balne\u00e1rio Pinhal - Rede Litoral RS\" \/>\n<meta property=\"og:description\" content=\"Na noite de quarta-feira (22\/01), policiais do 8\u00ba Batalh\u00e3o de Pol\u00edcia Militar (8\u00ba BPM) prenderam dois homens suspeitos de envolvimento com o tr\u00e1fico de drogas no bairro Sindipolo, em Balne\u00e1rio Pinhal.\" \/>\n<meta property=\"og:url\" content=\"https:\/\/redelitoralrs.com\/index.php\/2025\/01\/23\/brigada-militar-prende-dois-homens-por-trafico-de-drogas-em-balneario-pinhal\/\" \/>\n<meta property=\"og:site_name\" content=\"Rede Litoral RS\" \/>\n<meta property=\"article:publisher\" content=\"https:\/\/www.facebook.com\/tvlitoralrsoficial\" \/>\n<meta property=\"article:published_time\" content=\"2025-01-23T18:02:26+00:00\" \/>\n<meta property=\"article:modified_time\" content=\"2025-01-23T18:02:55+00:00\" \/>\n<meta property=\"og:image\" content=\"https:\/\/redelitoralrs.com\/wp-content\/uploads\/2025\/01\/Imagem-do-WhatsApp-de-2025-01-23-as-14.46.31_995fa8b3.jpg\" \/>\n\t<meta property=\"og:image:width\" content=\"828\" \/>\n\t<meta property=\"og:image:height\" content=\"1419\" \/>\n\t<meta property=\"og:image:type\" content=\"image\/jpeg\" \/>\n<meta name=\"author\" content=\"Reda\u00e7\u00e3o TV Litoral\" \/>\n<meta name=\"twitter:card\" content=\"summary_large_image\" \/>\n<meta name=\"twitter:label1\" content=\"Escrito por\" \/>\n\t<meta name=\"twitter:data1\" content=\"Reda\u00e7\u00e3o TV Litoral\" \/>\n\t<meta name=\"twitter:label2\" content=\"Est. tempo de leitura\" \/>\n\t<meta name=\"twitter:data2\" content=\"1 minuto\" \/>\n<script type=\"application\/ld+json\" class=\"yoast-schema-graph\">{\"@context\":\"https:\\\/\\\/schema.org\",\"@graph\":[{\"@type\":\"Article\",\"@id\":\"https:\\\/\\\/redelitoralrs.com\\\/index.php\\\/2025\\\/01\\\/23\\\/brigada-militar-prende-dois-homens-por-trafico-de-drogas-em-balneario-pinhal\\\/#article\",\"isPartOf\":{\"@id\":\"https:\\\/\\\/redelitoralrs.com\\\/index.php\\\/2025\\\/01\\\/23\\\/brigada-militar-prende-dois-homens-por-trafico-de-drogas-em-balneario-pinhal\\\/\"},\"author\":{\"name\":\"Reda\u00e7\u00e3o TV Litoral\",\"@id\":\"https:\\\/\\\/redelitoralrs.com\\\/#\\\/schema\\\/person\\\/9f8181f2a7359dd3986f05ebaf5bd68a\"},\"headline\":\"Brigada Militar Prende Dois Homens por Tr\u00e1fico de Drogas em Balne\u00e1rio Pinhal\",\"datePublished\":\"2025-01-23T18:02:26+00:00\",\"dateModified\":\"2025-01-23T18:02:55+00:00\",\"mainEntityOfPage\":{\"@id\":\"https:\\\/\\\/redelitoralrs.com\\\/index.php\\\/2025\\\/01\\\/23\\\/brigada-militar-prende-dois-homens-por-trafico-de-drogas-em-balneario-pinhal\\\/\"},\"wordCount\":121,\"commentCount\":0,\"publisher\":{\"@id\":\"https:\\\/\\\/redelitoralrs.com\\\/#organization\"},\"image\":{\"@id\":\"https:\\\/\\\/redelitoralrs.com\\\/index.php\\\/2025\\\/01\\\/23\\\/brigada-militar-prende-dois-homens-por-trafico-de-drogas-em-balneario-pinhal\\\/#primaryimage\"},\"thumbnailUrl\":\"https:\\\/\\\/redelitoralrs.com\\\/wp-content\\\/uploads\\\/2025\\\/01\\\/Imagem-do-WhatsApp-de-2025-01-23-as-14.46.31_995fa8b3.jpg\",\"articleSection\":[\"Balne\u00e1rio Pinhal\",\"Litoral Norte\",\"Pol\u00edcia\",\"\u00daltimas not\u00edcias\"],\"inLanguage\":\"pt-BR\",\"potentialAction\":[{\"@type\":\"CommentAction\",\"name\":\"Comment\",\"target\":[\"https:\\\/\\\/redelitoralrs.com\\\/index.php\\\/2025\\\/01\\\/23\\\/brigada-militar-prende-dois-homens-por-trafico-de-drogas-em-balneario-pinhal\\\/#respond\"]}]},{\"@type\":\"WebPage\",\"@id\":\"https:\\\/\\\/redelitoralrs.com\\\/index.php\\\/2025\\\/01\\\/23\\\/brigada-militar-prende-dois-homens-por-trafico-de-drogas-em-balneario-pinhal\\\/\",\"url\":\"https:\\\/\\\/redelitoralrs.com\\\/index.php\\\/2025\\\/01\\\/23\\\/brigada-militar-prende-dois-homens-por-trafico-de-drogas-em-balneario-pinhal\\\/\",\"name\":\"Brigada Militar Prende Dois Homens por Tr\u00e1fico de Drogas em Balne\u00e1rio Pinhal - Rede Litoral RS\",\"isPartOf\":{\"@id\":\"https:\\\/\\\/redelitoralrs.com\\\/#website\"},\"primaryImageOfPage\":{\"@id\":\"https:\\\/\\\/redelitoralrs.com\\\/index.php\\\/2025\\\/01\\\/23\\\/brigada-militar-prende-dois-homens-por-trafico-de-drogas-em-balneario-pinhal\\\/#primaryimage\"},\"image\":{\"@id\":\"https:\\\/\\\/redelitoralrs.com\\\/index.php\\\/2025\\\/01\\\/23\\\/brigada-militar-prende-dois-homens-por-trafico-de-drogas-em-balneario-pinhal\\\/#primaryimage\"},\"thumbnailUrl\":\"https:\\\/\\\/redelitoralrs.com\\\/wp-content\\\/uploads\\\/2025\\\/01\\\/Imagem-do-WhatsApp-de-2025-01-23-as-14.46.31_995fa8b3.jpg\",\"datePublished\":\"2025-01-23T18:02:26+00:00\",\"dateModified\":\"2025-01-23T18:02:55+00:00\",\"description\":\"Na noite de quarta-feira (22\\\/01), policiais do 8\u00ba Batalh\u00e3o de Pol\u00edcia Militar (8\u00ba BPM) prenderam dois homens suspeitos de envolvimento com o tr\u00e1fico de drogas no bairro Sindipolo, em Balne\u00e1rio Pinhal.\",\"breadcrumb\":{\"@id\":\"https:\\\/\\\/redelitoralrs.com\\\/index.php\\\/2025\\\/01\\\/23\\\/brigada-militar-prende-dois-homens-por-trafico-de-drogas-em-balneario-pinhal\\\/#breadcrumb\"},\"inLanguage\":\"pt-BR\",\"potentialAction\":[{\"@type\":\"ReadAction\",\"target\":[\"https:\\\/\\\/redelitoralrs.com\\\/index.php\\\/2025\\\/01\\\/23\\\/brigada-militar-prende-dois-homens-por-trafico-de-drogas-em-balneario-pinhal\\\/\"]}]},{\"@type\":\"ImageObject\",\"inLanguage\":\"pt-BR\",\"@id\":\"https:\\\/\\\/redelitoralrs.com\\\/index.php\\\/2025\\\/01\\\/23\\\/brigada-militar-prende-dois-homens-por-trafico-de-drogas-em-balneario-pinhal\\\/#primaryimage\",\"url\":\"https:\\\/\\\/redelitoralrs.com\\\/wp-content\\\/uploads\\\/2025\\\/01\\\/Imagem-do-WhatsApp-de-2025-01-23-as-14.46.31_995fa8b3.jpg\",\"contentUrl\":\"https:\\\/\\\/redelitoralrs.com\\\/wp-content\\\/uploads\\\/2025\\\/01\\\/Imagem-do-WhatsApp-de-2025-01-23-as-14.46.31_995fa8b3.jpg\",\"width\":828,\"height\":1419},{\"@type\":\"BreadcrumbList\",\"@id\":\"https:\\\/\\\/redelitoralrs.com\\\/index.php\\\/2025\\\/01\\\/23\\\/brigada-militar-prende-dois-homens-por-trafico-de-drogas-em-balneario-pinhal\\\/#breadcrumb\",\"itemListElement\":[{\"@type\":\"ListItem\",\"position\":1,\"name\":\"In\u00edcio\",\"item\":\"https:\\\/\\\/redelitoralrs.com\\\/\"},{\"@type\":\"ListItem\",\"position\":2,\"name\":\"Brigada Militar Prende Dois Homens por Tr\u00e1fico de Drogas em Balne\u00e1rio Pinhal\"}]},{\"@type\":\"WebSite\",\"@id\":\"https:\\\/\\\/redelitoralrs.com\\\/#website\",\"url\":\"https:\\\/\\\/redelitoralrs.com\\\/\",\"name\":\"TV Litoral\",\"description\":\"Acompanhe tudo do litoral ga\u00facho com a cobertura completa e atualizada da Rede Litoral RS. Nossos jornalistas trazem as \u00faltimas not\u00edcias, os acontecimentos mais quentes e as hist\u00f3rias que importam sobre nosso amado litoral.\",\"publisher\":{\"@id\":\"https:\\\/\\\/redelitoralrs.com\\\/#organization\"},\"potentialAction\":[{\"@type\":\"SearchAction\",\"target\":{\"@type\":\"EntryPoint\",\"urlTemplate\":\"https:\\\/\\\/redelitoralrs.com\\\/?s={search_term_string}\"},\"query-input\":{\"@type\":\"PropertyValueSpecification\",\"valueRequired\":true,\"valueName\":\"search_term_string\"}}],\"inLanguage\":\"pt-BR\"},{\"@type\":\"Organization\",\"@id\":\"https:\\\/\\\/redelitoralrs.com\\\/#organization\",\"name\":\"TV Litoral\",\"url\":\"https:\\\/\\\/redelitoralrs.com\\\/\",\"logo\":{\"@type\":\"ImageObject\",\"inLanguage\":\"pt-BR\",\"@id\":\"https:\\\/\\\/redelitoralrs.com\\\/#\\\/schema\\\/logo\\\/image\\\/\",\"url\":\"https:\\\/\\\/redelitoralrs.com\\\/wp-content\\\/uploads\\\/2024\\\/01\\\/faviconicon-1-1.png\",\"contentUrl\":\"https:\\\/\\\/redelitoralrs.com\\\/wp-content\\\/uploads\\\/2024\\\/01\\\/faviconicon-1-1.png\",\"width\":454,\"height\":454,\"caption\":\"TV Litoral\"},\"image\":{\"@id\":\"https:\\\/\\\/redelitoralrs.com\\\/#\\\/schema\\\/logo\\\/image\\\/\"},\"sameAs\":[\"https:\\\/\\\/www.facebook.com\\\/tvlitoralrsoficial\",\"https:\\\/\\\/www.instagram.com\\\/tvlitoral.rs\"]},{\"@type\":\"Person\",\"@id\":\"https:\\\/\\\/redelitoralrs.com\\\/#\\\/schema\\\/person\\\/9f8181f2a7359dd3986f05ebaf5bd68a\",\"name\":\"Reda\u00e7\u00e3o TV Litoral\",\"image\":{\"@type\":\"ImageObject\",\"inLanguage\":\"pt-BR\",\"@id\":\"https:\\\/\\\/redelitoralrs.com\\\/wp-content\\\/litespeed\\\/avatar\\\/779aafbb45e66c7f82733e21abb48259.jpg?ver=1776956734\",\"url\":\"https:\\\/\\\/redelitoralrs.com\\\/wp-content\\\/litespeed\\\/avatar\\\/779aafbb45e66c7f82733e21abb48259.jpg?ver=1776956734\",\"contentUrl\":\"https:\\\/\\\/redelitoralrs.com\\\/wp-content\\\/litespeed\\\/avatar\\\/779aafbb45e66c7f82733e21abb48259.jpg?ver=1776956734\",\"caption\":\"Reda\u00e7\u00e3o TV Litoral\"},\"description\":\"A Rede Litoral de Comunica\u00e7\u00e3o \u00e9 um grupo de m\u00eddia multiplataforma do Litoral Norte do RS. Com atua\u00e7\u00e3o em TV, r\u00e1dio, portal e redes sociais, levamos informa\u00e7\u00e3o, conte\u00fado e entretenimento \u00e0 comunidade, fortalecendo a comunica\u00e7\u00e3o local e impulsionando o desenvolvimento regional. Acompanhe atrav\u00e9s de @redelitoralrs.\",\"sameAs\":[\"https:\\\/\\\/redelitoralrs.com\",\"https:\\\/\\\/www.instagram.com\\\/redelitoralrs\",\"https:\\\/\\\/www.youtube.com\\\/@redelitoralrs\"],\"url\":\"https:\\\/\\\/redelitoralrs.com\\\/index.php\\\/author\\\/redacaotvlitoral\\\/\"}]}<\/script>\n<!-- \/ Yoast SEO plugin. -->","yoast_head_json":{"title":"Brigada Militar Prende Dois Homens por Tr\u00e1fico de Drogas em Balne\u00e1rio Pinhal - Rede Litoral RS","description":"Na noite de quarta-feira (22\/01), policiais do 8\u00ba Batalh\u00e3o de Pol\u00edcia Militar (8\u00ba BPM) prenderam dois homens suspeitos de envolvimento com o tr\u00e1fico de drogas no bairro Sindipolo, em Balne\u00e1rio Pinhal.","robots":{"index":"index","follow":"follow","max-snippet":"max-snippet:-1","max-image-preview":"max-image-preview:large","max-video-preview":"max-video-preview:-1"},"canonical":"https:\/\/redelitoralrs.com\/index.php\/2025\/01\/23\/brigada-militar-prende-dois-homens-por-trafico-de-drogas-em-balneario-pinhal\/","og_locale":"pt_BR","og_type":"article","og_title":"Brigada Militar Prende Dois Homens por Tr\u00e1fico de Drogas em Balne\u00e1rio Pinhal - Rede Litoral RS","og_description":"Na noite de quarta-feira (22\/01), policiais do 8\u00ba Batalh\u00e3o de Pol\u00edcia Militar (8\u00ba BPM) prenderam dois homens suspeitos de envolvimento com o tr\u00e1fico de drogas no bairro Sindipolo, em Balne\u00e1rio Pinhal.","og_url":"https:\/\/redelitoralrs.com\/index.php\/2025\/01\/23\/brigada-militar-prende-dois-homens-por-trafico-de-drogas-em-balneario-pinhal\/","og_site_name":"Rede Litoral RS","article_publisher":"https:\/\/www.facebook.com\/tvlitoralrsoficial","article_published_time":"2025-01-23T18:02:26+00:00","article_modified_time":"2025-01-23T18:02:55+00:00","og_image":[{"width":828,"height":1419,"url":"https:\/\/redelitoralrs.com\/wp-content\/uploads\/2025\/01\/Imagem-do-WhatsApp-de-2025-01-23-as-14.46.31_995fa8b3.jpg","type":"image\/jpeg"}],"author":"Reda\u00e7\u00e3o TV Litoral","twitter_card":"summary_large_image","twitter_misc":{"Escrito por":"Reda\u00e7\u00e3o TV Litoral","Est. tempo de leitura":"1 minuto"},"schema":{"@context":"https:\/\/schema.org","@graph":[{"@type":"Article","@id":"https:\/\/redelitoralrs.com\/index.php\/2025\/01\/23\/brigada-militar-prende-dois-homens-por-trafico-de-drogas-em-balneario-pinhal\/#article","isPartOf":{"@id":"https:\/\/redelitoralrs.com\/index.php\/2025\/01\/23\/brigada-militar-prende-dois-homens-por-trafico-de-drogas-em-balneario-pinhal\/"},"author":{"name":"Reda\u00e7\u00e3o TV Litoral","@id":"https:\/\/redelitoralrs.com\/#\/schema\/person\/9f8181f2a7359dd3986f05ebaf5bd68a"},"headline":"Brigada Militar Prende Dois Homens por Tr\u00e1fico de Drogas em Balne\u00e1rio Pinhal","datePublished":"2025-01-23T18:02:26+00:00","dateModified":"2025-01-23T18:02:55+00:00","mainEntityOfPage":{"@id":"https:\/\/redelitoralrs.com\/index.php\/2025\/01\/23\/brigada-militar-prende-dois-homens-por-trafico-de-drogas-em-balneario-pinhal\/"},"wordCount":121,"commentCount":0,"publisher":{"@id":"https:\/\/redelitoralrs.com\/#organization"},"image":{"@id":"https:\/\/redelitoralrs.com\/index.php\/2025\/01\/23\/brigada-militar-prende-dois-homens-por-trafico-de-drogas-em-balneario-pinhal\/#primaryimage"},"thumbnailUrl":"https:\/\/redelitoralrs.com\/wp-content\/uploads\/2025\/01\/Imagem-do-WhatsApp-de-2025-01-23-as-14.46.31_995fa8b3.jpg","articleSection":["Balne\u00e1rio Pinhal","Litoral Norte","Pol\u00edcia","\u00daltimas not\u00edcias"],"inLanguage":"pt-BR","potentialAction":[{"@type":"CommentAction","name":"Comment","target":["https:\/\/redelitoralrs.com\/index.php\/2025\/01\/23\/brigada-militar-prende-dois-homens-por-trafico-de-drogas-em-balneario-pinhal\/#respond"]}]},{"@type":"WebPage","@id":"https:\/\/redelitoralrs.com\/index.php\/2025\/01\/23\/brigada-militar-prende-dois-homens-por-trafico-de-drogas-em-balneario-pinhal\/","url":"https:\/\/redelitoralrs.com\/index.php\/2025\/01\/23\/brigada-militar-prende-dois-homens-por-trafico-de-drogas-em-balneario-pinhal\/","name":"Brigada Militar Prende Dois Homens por Tr\u00e1fico de Drogas em Balne\u00e1rio Pinhal - Rede Litoral RS","isPartOf":{"@id":"https:\/\/redelitoralrs.com\/#website"},"primaryImageOfPage":{"@id":"https:\/\/redelitoralrs.com\/index.php\/2025\/01\/23\/brigada-militar-prende-dois-homens-por-trafico-de-drogas-em-balneario-pinhal\/#primaryimage"},"image":{"@id":"https:\/\/redelitoralrs.com\/index.php\/2025\/01\/23\/brigada-militar-prende-dois-homens-por-trafico-de-drogas-em-balneario-pinhal\/#primaryimage"},"thumbnailUrl":"https:\/\/redelitoralrs.com\/wp-content\/uploads\/2025\/01\/Imagem-do-WhatsApp-de-2025-01-23-as-14.46.31_995fa8b3.jpg","datePublished":"2025-01-23T18:02:26+00:00","dateModified":"2025-01-23T18:02:55+00:00","description":"Na noite de quarta-feira (22\/01), policiais do 8\u00ba Batalh\u00e3o de Pol\u00edcia Militar (8\u00ba BPM) prenderam dois homens suspeitos de envolvimento com o tr\u00e1fico de drogas no bairro Sindipolo, em Balne\u00e1rio Pinhal.","breadcrumb":{"@id":"https:\/\/redelitoralrs.com\/index.php\/2025\/01\/23\/brigada-militar-prende-dois-homens-por-trafico-de-drogas-em-balneario-pinhal\/#breadcrumb"},"inLanguage":"pt-BR","potentialAction":[{"@type":"ReadAction","target":["https:\/\/redelitoralrs.com\/index.php\/2025\/01\/23\/brigada-militar-prende-dois-homens-por-trafico-de-drogas-em-balneario-pinhal\/"]}]},{"@type":"ImageObject","inLanguage":"pt-BR","@id":"https:\/\/redelitoralrs.com\/index.php\/2025\/01\/23\/brigada-militar-prende-dois-homens-por-trafico-de-drogas-em-balneario-pinhal\/#primaryimage","url":"https:\/\/redelitoralrs.com\/wp-content\/uploads\/2025\/01\/Imagem-do-WhatsApp-de-2025-01-23-as-14.46.31_995fa8b3.jpg","contentUrl":"https:\/\/redelitoralrs.com\/wp-content\/uploads\/2025\/01\/Imagem-do-WhatsApp-de-2025-01-23-as-14.46.31_995fa8b3.jpg","width":828,"height":1419},{"@type":"BreadcrumbList","@id":"https:\/\/redelitoralrs.com\/index.php\/2025\/01\/23\/brigada-militar-prende-dois-homens-por-trafico-de-drogas-em-balneario-pinhal\/#breadcrumb","itemListElement":[{"@type":"ListItem","position":1,"name":"In\u00edcio","item":"https:\/\/redelitoralrs.com\/"},{"@type":"ListItem","position":2,"name":"Brigada Militar Prende Dois Homens por Tr\u00e1fico de Drogas em Balne\u00e1rio Pinhal"}]},{"@type":"WebSite","@id":"https:\/\/redelitoralrs.com\/#website","url":"https:\/\/redelitoralrs.com\/","name":"TV Litoral","description":"Acompanhe tudo do litoral ga\u00facho com a cobertura completa e atualizada da Rede Litoral RS. Nossos jornalistas trazem as \u00faltimas not\u00edcias, os acontecimentos mais quentes e as hist\u00f3rias que importam sobre nosso amado litoral.","publisher":{"@id":"https:\/\/redelitoralrs.com\/#organization"},"potentialAction":[{"@type":"SearchAction","target":{"@type":"EntryPoint","urlTemplate":"https:\/\/redelitoralrs.com\/?s={search_term_string}"},"query-input":{"@type":"PropertyValueSpecification","valueRequired":true,"valueName":"search_term_string"}}],"inLanguage":"pt-BR"},{"@type":"Organization","@id":"https:\/\/redelitoralrs.com\/#organization","name":"TV Litoral","url":"https:\/\/redelitoralrs.com\/","logo":{"@type":"ImageObject","inLanguage":"pt-BR","@id":"https:\/\/redelitoralrs.com\/#\/schema\/logo\/image\/","url":"https:\/\/redelitoralrs.com\/wp-content\/uploads\/2024\/01\/faviconicon-1-1.png","contentUrl":"https:\/\/redelitoralrs.com\/wp-content\/uploads\/2024\/01\/faviconicon-1-1.png","width":454,"height":454,"caption":"TV Litoral"},"image":{"@id":"https:\/\/redelitoralrs.com\/#\/schema\/logo\/image\/"},"sameAs":["https:\/\/www.facebook.com\/tvlitoralrsoficial","https:\/\/www.instagram.com\/tvlitoral.rs"]},{"@type":"Person","@id":"https:\/\/redelitoralrs.com\/#\/schema\/person\/9f8181f2a7359dd3986f05ebaf5bd68a","name":"Reda\u00e7\u00e3o TV Litoral","image":{"@type":"ImageObject","inLanguage":"pt-BR","@id":"https:\/\/redelitoralrs.com\/wp-content\/litespeed\/avatar\/779aafbb45e66c7f82733e21abb48259.jpg?ver=1776956734","url":"https:\/\/redelitoralrs.com\/wp-content\/litespeed\/avatar\/779aafbb45e66c7f82733e21abb48259.jpg?ver=1776956734","contentUrl":"https:\/\/redelitoralrs.com\/wp-content\/litespeed\/avatar\/779aafbb45e66c7f82733e21abb48259.jpg?ver=1776956734","caption":"Reda\u00e7\u00e3o TV Litoral"},"description":"A Rede Litoral de Comunica\u00e7\u00e3o \u00e9 um grupo de m\u00eddia multiplataforma do Litoral Norte do RS. Com atua\u00e7\u00e3o em TV, r\u00e1dio, portal e redes sociais, levamos informa\u00e7\u00e3o, conte\u00fado e entretenimento \u00e0 comunidade, fortalecendo a comunica\u00e7\u00e3o local e impulsionando o desenvolvimento regional. Acompanhe atrav\u00e9s de @redelitoralrs.","sameAs":["https:\/\/redelitoralrs.com","https:\/\/www.instagram.com\/redelitoralrs","https:\/\/www.youtube.com\/@redelitoralrs"],"url":"https:\/\/redelitoralrs.com\/index.php\/author\/redacaotvlitoral\/"}]}},"_links":{"self":[{"href":"https:\/\/redelitoralrs.com\/index.php\/wp-json\/wp\/v2\/posts\/5605","targetHints":{"allow":["GET"]}}],"collection":[{"href":"https:\/\/redelitoralrs.com\/index.php\/wp-json\/wp\/v2\/posts"}],"about":[{"href":"https:\/\/redelitoralrs.com\/index.php\/wp-json\/wp\/v2\/types\/post"}],"author":[{"embeddable":true,"href":"https:\/\/redelitoralrs.com\/index.php\/wp-json\/wp\/v2\/users\/2"}],"replies":[{"embeddable":true,"href":"https:\/\/redelitoralrs.com\/index.php\/wp-json\/wp\/v2\/comments?post=5605"}],"version-history":[{"count":2,"href":"https:\/\/redelitoralrs.com\/index.php\/wp-json\/wp\/v2\/posts\/5605\/revisions"}],"predecessor-version":[{"id":5608,"href":"https:\/\/redelitoralrs.com\/index.php\/wp-json\/wp\/v2\/posts\/5605\/revisions\/5608"}],"wp:featuredmedia":[{"embeddable":true,"href":"https:\/\/redelitoralrs.com\/index.php\/wp-json\/wp\/v2\/media\/5606"}],"wp:attachment":[{"href":"https:\/\/redelitoralrs.com\/index.php\/wp-json\/wp\/v2\/media?parent=5605"}],"wp:term":[{"taxonomy":"category","embeddable":true,"href":"https:\/\/redelitoralrs.com\/index.php\/wp-json\/wp\/v2\/categories?post=5605"},{"taxonomy":"post_tag","embeddable":true,"href":"https:\/\/redelitoralrs.com\/index.php\/wp-json\/wp\/v2\/tags?post=5605"}],"curies":[{"name":"wp","href":"https:\/\/api.w.org\/{rel}","templated":true}]}}