{"id":5555,"date":"2025-01-22T17:10:26","date_gmt":"2025-01-22T20:10:26","guid":{"rendered":"https:\/\/redelitoralrs.com\/?p=5555"},"modified":"2025-01-22T17:10:26","modified_gmt":"2025-01-22T20:10:26","slug":"brigada-militar-prende-motociclista-por-trafico-de-drogas-em-capao-da-canoa","status":"publish","type":"post","link":"https:\/\/redelitoralrs.com\/index.php\/2025\/01\/22\/brigada-militar-prende-motociclista-por-trafico-de-drogas-em-capao-da-canoa\/","title":{"rendered":"Brigada Militar prende motociclista por tr\u00e1fico de drogas em Cap\u00e3o da Canoa"},"content":{"rendered":"\n<p><\/p>\n\n\n\n<p>Na noite de ter\u00e7a-feira (21\/01), a Brigada Militar prendeu um jovem de 18 anos por tr\u00e1fico de drogas em Cap\u00e3o da Canoa. A a\u00e7\u00e3o foi realizada pela equipe da ROCAM (Rondas Ostensivas com Apoio de Motocicletas) durante patrulhamento t\u00e1tico na Avenida Paraguassu, destacando a efic\u00e1cia do policiamento ostensivo na regi\u00e3o.<\/p>\n\n\n\n<p>Os policiais identificaram o motociclista trafegando em alta velocidade e sem retrovisores. Apesar dos sinais de parada, ele tentou fugir, mas foi interceptado. Durante a abordagem, foram encontrados no bolso do suspeito pedras de crack, tr\u00eas por\u00e7\u00f5es de maconha, dinheiro e um celular.<\/p>\n\n\n\n<p>Apreens\u00e3o na resid\u00eancia do suspeito<br>Ao ser questionado, o indiv\u00edduo admitiu que utilizava a motocicleta para a comercializa\u00e7\u00e3o de drogas e revelou que em sua resid\u00eancia havia mais entorpecentes e materiais relacionados ao tr\u00e1fico. No local, os policiais apreenderam:<br>\u2022 530 gramas de maconha;<br>\u2022 19 gramas de crack;<br>\u2022 6 gramas de coca\u00edna;<br>\u2022 Uma balan\u00e7a de precis\u00e3o;<br>\u2022 Pacotes de eppendorfs;<br>\u2022 R$ 70 em dinheiro;<br>\u2022 Dois rolos de insufilme.<\/p>\n\n\n\n<p>Procedimentos e apreens\u00e3o da motocicleta<br>Ap\u00f3s a pris\u00e3o, o jovem foi encaminhado para a UPA para realiza\u00e7\u00e3o de laudo m\u00e9dico e, em seguida, conduzido \u00e0 Delegacia de Pol\u00edcia de Cap\u00e3o da Canoa. A motocicleta usada no crime tamb\u00e9m foi apreendida.<\/p>\n\n\n\n<p>A Brigada Militar segue refor\u00e7ando a seguran\u00e7a em Cap\u00e3o da Canoa e no Litoral Norte, com opera\u00e7\u00f5es intensificadas durante a temporada de ver\u00e3o.<\/p>\n\n\n\n<p>Brigada Militar: A sua seguran\u00e7a \u00e9 a nossa praia.<\/p>\n\n\n\n<figure class=\"wp-block-gallery has-nested-images columns-default is-cropped wp-block-gallery-1 is-layout-flex wp-block-gallery-is-layout-flex\">\n<figure class=\"wp-block-image size-large\"><img fetchpriority=\"high\" decoding=\"async\" width=\"768\" height=\"1024\" data-id=\"5556\" src=\"https:\/\/redelitoralrs.com\/wp-content\/uploads\/2025\/01\/Imagem-do-WhatsApp-de-2025-01-22-as-15.11.21_a55b85ac-768x1024.jpg\" alt=\"\" class=\"wp-image-5556\" srcset=\"https:\/\/redelitoralrs.com\/wp-content\/uploads\/2025\/01\/Imagem-do-WhatsApp-de-2025-01-22-as-15.11.21_a55b85ac-768x1024.jpg 768w, https:\/\/redelitoralrs.com\/wp-content\/uploads\/2025\/01\/Imagem-do-WhatsApp-de-2025-01-22-as-15.11.21_a55b85ac-225x300.jpg 225w, https:\/\/redelitoralrs.com\/wp-content\/uploads\/2025\/01\/Imagem-do-WhatsApp-de-2025-01-22-as-15.11.21_a55b85ac-1152x1536.jpg 1152w, https:\/\/redelitoralrs.com\/wp-content\/uploads\/2025\/01\/Imagem-do-WhatsApp-de-2025-01-22-as-15.11.21_a55b85ac-1536x2048.jpg 1536w, https:\/\/redelitoralrs.com\/wp-content\/uploads\/2025\/01\/Imagem-do-WhatsApp-de-2025-01-22-as-15.11.21_a55b85ac-scaled.jpg 1920w\" sizes=\"(max-width: 768px) 100vw, 768px\" \/><\/figure>\n<\/figure>\n","protected":false},"excerpt":{"rendered":"<p>Na noite de ter\u00e7a-feira (21\/01), a Brigada Militar prendeu um jovem de 18 anos por tr\u00e1fico de drogas em Cap\u00e3o da Canoa. A a\u00e7\u00e3o foi realizada pela equipe da ROCAM (Rondas Ostensivas com Apoio de Motocicletas) durante patrulhamento t\u00e1tico na Avenida Paraguassu, destacando a efic\u00e1cia do policiamento ostensivo na regi\u00e3o. Os policiais identificaram o motociclista [&hellip;]<\/p>\n","protected":false},"author":2,"featured_media":5556,"comment_status":"open","ping_status":"open","sticky":false,"template":"","format":"standard","meta":{"_themeisle_gutenberg_block_has_review":false,"footnotes":""},"categories":[24,20,15],"tags":[],"class_list":["post-5555","post","type-post","status-publish","format-standard","has-post-thumbnail","hentry","category-capao-da-canoa","category-litoral_norte","category-noticias"],"yoast_head":"<!-- This site is optimized with the Yoast SEO plugin v27.4 - https:\/\/yoast.com\/product\/yoast-seo-wordpress\/ -->\n<title>Brigada Militar prende motociclista por tr\u00e1fico de drogas em Cap\u00e3o da Canoa - Rede Litoral RS<\/title>\n<meta name=\"description\" content=\"Na noite de ter\u00e7a-feira (21\/01), a Brigada Militar prendeu um jovem de 18 anos por tr\u00e1fico de drogas em Cap\u00e3o da Canoa. A a\u00e7\u00e3o foi realizada pela equipe da ROCAM (Rondas Ostensivas com Apoio de Motocicletas) durante patrulhamento t\u00e1tico na Avenida Paraguassu, destacando a efic\u00e1cia do policiamento ostensivo na regi\u00e3o.\" \/>\n<meta name=\"robots\" content=\"index, follow, max-snippet:-1, max-image-preview:large, max-video-preview:-1\" \/>\n<link rel=\"canonical\" href=\"https:\/\/redelitoralrs.com\/index.php\/2025\/01\/22\/brigada-militar-prende-motociclista-por-trafico-de-drogas-em-capao-da-canoa\/\" \/>\n<meta property=\"og:locale\" content=\"pt_BR\" \/>\n<meta property=\"og:type\" content=\"article\" \/>\n<meta property=\"og:title\" content=\"Brigada Militar prende motociclista por tr\u00e1fico de drogas em Cap\u00e3o da Canoa - Rede Litoral RS\" \/>\n<meta property=\"og:description\" content=\"Na noite de ter\u00e7a-feira (21\/01), a Brigada Militar prendeu um jovem de 18 anos por tr\u00e1fico de drogas em Cap\u00e3o da Canoa. A a\u00e7\u00e3o foi realizada pela equipe da ROCAM (Rondas Ostensivas com Apoio de Motocicletas) durante patrulhamento t\u00e1tico na Avenida Paraguassu, destacando a efic\u00e1cia do policiamento ostensivo na regi\u00e3o.\" \/>\n<meta property=\"og:url\" content=\"https:\/\/redelitoralrs.com\/index.php\/2025\/01\/22\/brigada-militar-prende-motociclista-por-trafico-de-drogas-em-capao-da-canoa\/\" \/>\n<meta property=\"og:site_name\" content=\"Rede Litoral RS\" \/>\n<meta property=\"article:publisher\" content=\"https:\/\/www.facebook.com\/tvlitoralrsoficial\" \/>\n<meta property=\"article:published_time\" content=\"2025-01-22T20:10:26+00:00\" \/>\n<meta property=\"og:image\" content=\"https:\/\/redelitoralrs.com\/wp-content\/uploads\/2025\/01\/Imagem-do-WhatsApp-de-2025-01-22-as-15.11.21_a55b85ac-scaled.jpg\" \/>\n\t<meta property=\"og:image:width\" content=\"1920\" \/>\n\t<meta property=\"og:image:height\" content=\"2560\" \/>\n\t<meta property=\"og:image:type\" content=\"image\/jpeg\" \/>\n<meta name=\"author\" content=\"Reda\u00e7\u00e3o TV Litoral\" \/>\n<meta name=\"twitter:card\" content=\"summary_large_image\" \/>\n<meta name=\"twitter:label1\" content=\"Escrito por\" \/>\n\t<meta name=\"twitter:data1\" content=\"Reda\u00e7\u00e3o TV Litoral\" \/>\n\t<meta name=\"twitter:label2\" content=\"Est. tempo de leitura\" \/>\n\t<meta name=\"twitter:data2\" content=\"2 minutos\" \/>\n<script type=\"application\/ld+json\" class=\"yoast-schema-graph\">{\"@context\":\"https:\\\/\\\/schema.org\",\"@graph\":[{\"@type\":\"Article\",\"@id\":\"https:\\\/\\\/redelitoralrs.com\\\/index.php\\\/2025\\\/01\\\/22\\\/brigada-militar-prende-motociclista-por-trafico-de-drogas-em-capao-da-canoa\\\/#article\",\"isPartOf\":{\"@id\":\"https:\\\/\\\/redelitoralrs.com\\\/index.php\\\/2025\\\/01\\\/22\\\/brigada-militar-prende-motociclista-por-trafico-de-drogas-em-capao-da-canoa\\\/\"},\"author\":{\"name\":\"Reda\u00e7\u00e3o TV Litoral\",\"@id\":\"https:\\\/\\\/redelitoralrs.com\\\/#\\\/schema\\\/person\\\/9f8181f2a7359dd3986f05ebaf5bd68a\"},\"headline\":\"Brigada Militar prende motociclista por tr\u00e1fico de drogas em Cap\u00e3o da Canoa\",\"datePublished\":\"2025-01-22T20:10:26+00:00\",\"mainEntityOfPage\":{\"@id\":\"https:\\\/\\\/redelitoralrs.com\\\/index.php\\\/2025\\\/01\\\/22\\\/brigada-militar-prende-motociclista-por-trafico-de-drogas-em-capao-da-canoa\\\/\"},\"wordCount\":267,\"commentCount\":0,\"publisher\":{\"@id\":\"https:\\\/\\\/redelitoralrs.com\\\/#organization\"},\"image\":{\"@id\":\"https:\\\/\\\/redelitoralrs.com\\\/index.php\\\/2025\\\/01\\\/22\\\/brigada-militar-prende-motociclista-por-trafico-de-drogas-em-capao-da-canoa\\\/#primaryimage\"},\"thumbnailUrl\":\"https:\\\/\\\/redelitoralrs.com\\\/wp-content\\\/uploads\\\/2025\\\/01\\\/Imagem-do-WhatsApp-de-2025-01-22-as-15.11.21_a55b85ac-scaled.jpg\",\"articleSection\":[\"Cap\u00e3o da Canoa\",\"Litoral Norte\",\"\u00daltimas not\u00edcias\"],\"inLanguage\":\"pt-BR\",\"potentialAction\":[{\"@type\":\"CommentAction\",\"name\":\"Comment\",\"target\":[\"https:\\\/\\\/redelitoralrs.com\\\/index.php\\\/2025\\\/01\\\/22\\\/brigada-militar-prende-motociclista-por-trafico-de-drogas-em-capao-da-canoa\\\/#respond\"]}]},{\"@type\":\"WebPage\",\"@id\":\"https:\\\/\\\/redelitoralrs.com\\\/index.php\\\/2025\\\/01\\\/22\\\/brigada-militar-prende-motociclista-por-trafico-de-drogas-em-capao-da-canoa\\\/\",\"url\":\"https:\\\/\\\/redelitoralrs.com\\\/index.php\\\/2025\\\/01\\\/22\\\/brigada-militar-prende-motociclista-por-trafico-de-drogas-em-capao-da-canoa\\\/\",\"name\":\"Brigada Militar prende motociclista por tr\u00e1fico de drogas em Cap\u00e3o da Canoa - Rede Litoral RS\",\"isPartOf\":{\"@id\":\"https:\\\/\\\/redelitoralrs.com\\\/#website\"},\"primaryImageOfPage\":{\"@id\":\"https:\\\/\\\/redelitoralrs.com\\\/index.php\\\/2025\\\/01\\\/22\\\/brigada-militar-prende-motociclista-por-trafico-de-drogas-em-capao-da-canoa\\\/#primaryimage\"},\"image\":{\"@id\":\"https:\\\/\\\/redelitoralrs.com\\\/index.php\\\/2025\\\/01\\\/22\\\/brigada-militar-prende-motociclista-por-trafico-de-drogas-em-capao-da-canoa\\\/#primaryimage\"},\"thumbnailUrl\":\"https:\\\/\\\/redelitoralrs.com\\\/wp-content\\\/uploads\\\/2025\\\/01\\\/Imagem-do-WhatsApp-de-2025-01-22-as-15.11.21_a55b85ac-scaled.jpg\",\"datePublished\":\"2025-01-22T20:10:26+00:00\",\"description\":\"Na noite de ter\u00e7a-feira (21\\\/01), a Brigada Militar prendeu um jovem de 18 anos por tr\u00e1fico de drogas em Cap\u00e3o da Canoa. A a\u00e7\u00e3o foi realizada pela equipe da ROCAM (Rondas Ostensivas com Apoio de Motocicletas) durante patrulhamento t\u00e1tico na Avenida Paraguassu, destacando a efic\u00e1cia do policiamento ostensivo na regi\u00e3o.\",\"breadcrumb\":{\"@id\":\"https:\\\/\\\/redelitoralrs.com\\\/index.php\\\/2025\\\/01\\\/22\\\/brigada-militar-prende-motociclista-por-trafico-de-drogas-em-capao-da-canoa\\\/#breadcrumb\"},\"inLanguage\":\"pt-BR\",\"potentialAction\":[{\"@type\":\"ReadAction\",\"target\":[\"https:\\\/\\\/redelitoralrs.com\\\/index.php\\\/2025\\\/01\\\/22\\\/brigada-militar-prende-motociclista-por-trafico-de-drogas-em-capao-da-canoa\\\/\"]}]},{\"@type\":\"ImageObject\",\"inLanguage\":\"pt-BR\",\"@id\":\"https:\\\/\\\/redelitoralrs.com\\\/index.php\\\/2025\\\/01\\\/22\\\/brigada-militar-prende-motociclista-por-trafico-de-drogas-em-capao-da-canoa\\\/#primaryimage\",\"url\":\"https:\\\/\\\/redelitoralrs.com\\\/wp-content\\\/uploads\\\/2025\\\/01\\\/Imagem-do-WhatsApp-de-2025-01-22-as-15.11.21_a55b85ac-scaled.jpg\",\"contentUrl\":\"https:\\\/\\\/redelitoralrs.com\\\/wp-content\\\/uploads\\\/2025\\\/01\\\/Imagem-do-WhatsApp-de-2025-01-22-as-15.11.21_a55b85ac-scaled.jpg\",\"width\":1920,\"height\":2560},{\"@type\":\"BreadcrumbList\",\"@id\":\"https:\\\/\\\/redelitoralrs.com\\\/index.php\\\/2025\\\/01\\\/22\\\/brigada-militar-prende-motociclista-por-trafico-de-drogas-em-capao-da-canoa\\\/#breadcrumb\",\"itemListElement\":[{\"@type\":\"ListItem\",\"position\":1,\"name\":\"In\u00edcio\",\"item\":\"https:\\\/\\\/redelitoralrs.com\\\/\"},{\"@type\":\"ListItem\",\"position\":2,\"name\":\"Brigada Militar prende motociclista por tr\u00e1fico de drogas em Cap\u00e3o da Canoa\"}]},{\"@type\":\"WebSite\",\"@id\":\"https:\\\/\\\/redelitoralrs.com\\\/#website\",\"url\":\"https:\\\/\\\/redelitoralrs.com\\\/\",\"name\":\"TV Litoral\",\"description\":\"Acompanhe tudo do litoral ga\u00facho com a cobertura completa e atualizada da Rede Litoral RS. Nossos jornalistas trazem as \u00faltimas not\u00edcias, os acontecimentos mais quentes e as hist\u00f3rias que importam sobre nosso amado litoral.\",\"publisher\":{\"@id\":\"https:\\\/\\\/redelitoralrs.com\\\/#organization\"},\"potentialAction\":[{\"@type\":\"SearchAction\",\"target\":{\"@type\":\"EntryPoint\",\"urlTemplate\":\"https:\\\/\\\/redelitoralrs.com\\\/?s={search_term_string}\"},\"query-input\":{\"@type\":\"PropertyValueSpecification\",\"valueRequired\":true,\"valueName\":\"search_term_string\"}}],\"inLanguage\":\"pt-BR\"},{\"@type\":\"Organization\",\"@id\":\"https:\\\/\\\/redelitoralrs.com\\\/#organization\",\"name\":\"TV Litoral\",\"url\":\"https:\\\/\\\/redelitoralrs.com\\\/\",\"logo\":{\"@type\":\"ImageObject\",\"inLanguage\":\"pt-BR\",\"@id\":\"https:\\\/\\\/redelitoralrs.com\\\/#\\\/schema\\\/logo\\\/image\\\/\",\"url\":\"https:\\\/\\\/redelitoralrs.com\\\/wp-content\\\/uploads\\\/2024\\\/01\\\/faviconicon-1-1.png\",\"contentUrl\":\"https:\\\/\\\/redelitoralrs.com\\\/wp-content\\\/uploads\\\/2024\\\/01\\\/faviconicon-1-1.png\",\"width\":454,\"height\":454,\"caption\":\"TV Litoral\"},\"image\":{\"@id\":\"https:\\\/\\\/redelitoralrs.com\\\/#\\\/schema\\\/logo\\\/image\\\/\"},\"sameAs\":[\"https:\\\/\\\/www.facebook.com\\\/tvlitoralrsoficial\",\"https:\\\/\\\/www.instagram.com\\\/tvlitoral.rs\"]},{\"@type\":\"Person\",\"@id\":\"https:\\\/\\\/redelitoralrs.com\\\/#\\\/schema\\\/person\\\/9f8181f2a7359dd3986f05ebaf5bd68a\",\"name\":\"Reda\u00e7\u00e3o TV Litoral\",\"image\":{\"@type\":\"ImageObject\",\"inLanguage\":\"pt-BR\",\"@id\":\"https:\\\/\\\/redelitoralrs.com\\\/wp-content\\\/litespeed\\\/avatar\\\/779aafbb45e66c7f82733e21abb48259.jpg?ver=1776956734\",\"url\":\"https:\\\/\\\/redelitoralrs.com\\\/wp-content\\\/litespeed\\\/avatar\\\/779aafbb45e66c7f82733e21abb48259.jpg?ver=1776956734\",\"contentUrl\":\"https:\\\/\\\/redelitoralrs.com\\\/wp-content\\\/litespeed\\\/avatar\\\/779aafbb45e66c7f82733e21abb48259.jpg?ver=1776956734\",\"caption\":\"Reda\u00e7\u00e3o TV Litoral\"},\"description\":\"A Rede Litoral de Comunica\u00e7\u00e3o \u00e9 um grupo de m\u00eddia multiplataforma do Litoral Norte do RS. Com atua\u00e7\u00e3o em TV, r\u00e1dio, portal e redes sociais, levamos informa\u00e7\u00e3o, conte\u00fado e entretenimento \u00e0 comunidade, fortalecendo a comunica\u00e7\u00e3o local e impulsionando o desenvolvimento regional. Acompanhe atrav\u00e9s de @redelitoralrs.\",\"sameAs\":[\"https:\\\/\\\/redelitoralrs.com\",\"https:\\\/\\\/www.instagram.com\\\/redelitoralrs\",\"https:\\\/\\\/www.youtube.com\\\/@redelitoralrs\"],\"url\":\"https:\\\/\\\/redelitoralrs.com\\\/index.php\\\/author\\\/redacaotvlitoral\\\/\"}]}<\/script>\n<!-- \/ Yoast SEO plugin. -->","yoast_head_json":{"title":"Brigada Militar prende motociclista por tr\u00e1fico de drogas em Cap\u00e3o da Canoa - Rede Litoral RS","description":"Na noite de ter\u00e7a-feira (21\/01), a Brigada Militar prendeu um jovem de 18 anos por tr\u00e1fico de drogas em Cap\u00e3o da Canoa. A a\u00e7\u00e3o foi realizada pela equipe da ROCAM (Rondas Ostensivas com Apoio de Motocicletas) durante patrulhamento t\u00e1tico na Avenida Paraguassu, destacando a efic\u00e1cia do policiamento ostensivo na regi\u00e3o.","robots":{"index":"index","follow":"follow","max-snippet":"max-snippet:-1","max-image-preview":"max-image-preview:large","max-video-preview":"max-video-preview:-1"},"canonical":"https:\/\/redelitoralrs.com\/index.php\/2025\/01\/22\/brigada-militar-prende-motociclista-por-trafico-de-drogas-em-capao-da-canoa\/","og_locale":"pt_BR","og_type":"article","og_title":"Brigada Militar prende motociclista por tr\u00e1fico de drogas em Cap\u00e3o da Canoa - Rede Litoral RS","og_description":"Na noite de ter\u00e7a-feira (21\/01), a Brigada Militar prendeu um jovem de 18 anos por tr\u00e1fico de drogas em Cap\u00e3o da Canoa. A a\u00e7\u00e3o foi realizada pela equipe da ROCAM (Rondas Ostensivas com Apoio de Motocicletas) durante patrulhamento t\u00e1tico na Avenida Paraguassu, destacando a efic\u00e1cia do policiamento ostensivo na regi\u00e3o.","og_url":"https:\/\/redelitoralrs.com\/index.php\/2025\/01\/22\/brigada-militar-prende-motociclista-por-trafico-de-drogas-em-capao-da-canoa\/","og_site_name":"Rede Litoral RS","article_publisher":"https:\/\/www.facebook.com\/tvlitoralrsoficial","article_published_time":"2025-01-22T20:10:26+00:00","og_image":[{"width":1920,"height":2560,"url":"https:\/\/redelitoralrs.com\/wp-content\/uploads\/2025\/01\/Imagem-do-WhatsApp-de-2025-01-22-as-15.11.21_a55b85ac-scaled.jpg","type":"image\/jpeg"}],"author":"Reda\u00e7\u00e3o TV Litoral","twitter_card":"summary_large_image","twitter_misc":{"Escrito por":"Reda\u00e7\u00e3o TV Litoral","Est. tempo de leitura":"2 minutos"},"schema":{"@context":"https:\/\/schema.org","@graph":[{"@type":"Article","@id":"https:\/\/redelitoralrs.com\/index.php\/2025\/01\/22\/brigada-militar-prende-motociclista-por-trafico-de-drogas-em-capao-da-canoa\/#article","isPartOf":{"@id":"https:\/\/redelitoralrs.com\/index.php\/2025\/01\/22\/brigada-militar-prende-motociclista-por-trafico-de-drogas-em-capao-da-canoa\/"},"author":{"name":"Reda\u00e7\u00e3o TV Litoral","@id":"https:\/\/redelitoralrs.com\/#\/schema\/person\/9f8181f2a7359dd3986f05ebaf5bd68a"},"headline":"Brigada Militar prende motociclista por tr\u00e1fico de drogas em Cap\u00e3o da Canoa","datePublished":"2025-01-22T20:10:26+00:00","mainEntityOfPage":{"@id":"https:\/\/redelitoralrs.com\/index.php\/2025\/01\/22\/brigada-militar-prende-motociclista-por-trafico-de-drogas-em-capao-da-canoa\/"},"wordCount":267,"commentCount":0,"publisher":{"@id":"https:\/\/redelitoralrs.com\/#organization"},"image":{"@id":"https:\/\/redelitoralrs.com\/index.php\/2025\/01\/22\/brigada-militar-prende-motociclista-por-trafico-de-drogas-em-capao-da-canoa\/#primaryimage"},"thumbnailUrl":"https:\/\/redelitoralrs.com\/wp-content\/uploads\/2025\/01\/Imagem-do-WhatsApp-de-2025-01-22-as-15.11.21_a55b85ac-scaled.jpg","articleSection":["Cap\u00e3o da Canoa","Litoral Norte","\u00daltimas not\u00edcias"],"inLanguage":"pt-BR","potentialAction":[{"@type":"CommentAction","name":"Comment","target":["https:\/\/redelitoralrs.com\/index.php\/2025\/01\/22\/brigada-militar-prende-motociclista-por-trafico-de-drogas-em-capao-da-canoa\/#respond"]}]},{"@type":"WebPage","@id":"https:\/\/redelitoralrs.com\/index.php\/2025\/01\/22\/brigada-militar-prende-motociclista-por-trafico-de-drogas-em-capao-da-canoa\/","url":"https:\/\/redelitoralrs.com\/index.php\/2025\/01\/22\/brigada-militar-prende-motociclista-por-trafico-de-drogas-em-capao-da-canoa\/","name":"Brigada Militar prende motociclista por tr\u00e1fico de drogas em Cap\u00e3o da Canoa - Rede Litoral RS","isPartOf":{"@id":"https:\/\/redelitoralrs.com\/#website"},"primaryImageOfPage":{"@id":"https:\/\/redelitoralrs.com\/index.php\/2025\/01\/22\/brigada-militar-prende-motociclista-por-trafico-de-drogas-em-capao-da-canoa\/#primaryimage"},"image":{"@id":"https:\/\/redelitoralrs.com\/index.php\/2025\/01\/22\/brigada-militar-prende-motociclista-por-trafico-de-drogas-em-capao-da-canoa\/#primaryimage"},"thumbnailUrl":"https:\/\/redelitoralrs.com\/wp-content\/uploads\/2025\/01\/Imagem-do-WhatsApp-de-2025-01-22-as-15.11.21_a55b85ac-scaled.jpg","datePublished":"2025-01-22T20:10:26+00:00","description":"Na noite de ter\u00e7a-feira (21\/01), a Brigada Militar prendeu um jovem de 18 anos por tr\u00e1fico de drogas em Cap\u00e3o da Canoa. A a\u00e7\u00e3o foi realizada pela equipe da ROCAM (Rondas Ostensivas com Apoio de Motocicletas) durante patrulhamento t\u00e1tico na Avenida Paraguassu, destacando a efic\u00e1cia do policiamento ostensivo na regi\u00e3o.","breadcrumb":{"@id":"https:\/\/redelitoralrs.com\/index.php\/2025\/01\/22\/brigada-militar-prende-motociclista-por-trafico-de-drogas-em-capao-da-canoa\/#breadcrumb"},"inLanguage":"pt-BR","potentialAction":[{"@type":"ReadAction","target":["https:\/\/redelitoralrs.com\/index.php\/2025\/01\/22\/brigada-militar-prende-motociclista-por-trafico-de-drogas-em-capao-da-canoa\/"]}]},{"@type":"ImageObject","inLanguage":"pt-BR","@id":"https:\/\/redelitoralrs.com\/index.php\/2025\/01\/22\/brigada-militar-prende-motociclista-por-trafico-de-drogas-em-capao-da-canoa\/#primaryimage","url":"https:\/\/redelitoralrs.com\/wp-content\/uploads\/2025\/01\/Imagem-do-WhatsApp-de-2025-01-22-as-15.11.21_a55b85ac-scaled.jpg","contentUrl":"https:\/\/redelitoralrs.com\/wp-content\/uploads\/2025\/01\/Imagem-do-WhatsApp-de-2025-01-22-as-15.11.21_a55b85ac-scaled.jpg","width":1920,"height":2560},{"@type":"BreadcrumbList","@id":"https:\/\/redelitoralrs.com\/index.php\/2025\/01\/22\/brigada-militar-prende-motociclista-por-trafico-de-drogas-em-capao-da-canoa\/#breadcrumb","itemListElement":[{"@type":"ListItem","position":1,"name":"In\u00edcio","item":"https:\/\/redelitoralrs.com\/"},{"@type":"ListItem","position":2,"name":"Brigada Militar prende motociclista por tr\u00e1fico de drogas em Cap\u00e3o da Canoa"}]},{"@type":"WebSite","@id":"https:\/\/redelitoralrs.com\/#website","url":"https:\/\/redelitoralrs.com\/","name":"TV Litoral","description":"Acompanhe tudo do litoral ga\u00facho com a cobertura completa e atualizada da Rede Litoral RS. Nossos jornalistas trazem as \u00faltimas not\u00edcias, os acontecimentos mais quentes e as hist\u00f3rias que importam sobre nosso amado litoral.","publisher":{"@id":"https:\/\/redelitoralrs.com\/#organization"},"potentialAction":[{"@type":"SearchAction","target":{"@type":"EntryPoint","urlTemplate":"https:\/\/redelitoralrs.com\/?s={search_term_string}"},"query-input":{"@type":"PropertyValueSpecification","valueRequired":true,"valueName":"search_term_string"}}],"inLanguage":"pt-BR"},{"@type":"Organization","@id":"https:\/\/redelitoralrs.com\/#organization","name":"TV Litoral","url":"https:\/\/redelitoralrs.com\/","logo":{"@type":"ImageObject","inLanguage":"pt-BR","@id":"https:\/\/redelitoralrs.com\/#\/schema\/logo\/image\/","url":"https:\/\/redelitoralrs.com\/wp-content\/uploads\/2024\/01\/faviconicon-1-1.png","contentUrl":"https:\/\/redelitoralrs.com\/wp-content\/uploads\/2024\/01\/faviconicon-1-1.png","width":454,"height":454,"caption":"TV Litoral"},"image":{"@id":"https:\/\/redelitoralrs.com\/#\/schema\/logo\/image\/"},"sameAs":["https:\/\/www.facebook.com\/tvlitoralrsoficial","https:\/\/www.instagram.com\/tvlitoral.rs"]},{"@type":"Person","@id":"https:\/\/redelitoralrs.com\/#\/schema\/person\/9f8181f2a7359dd3986f05ebaf5bd68a","name":"Reda\u00e7\u00e3o TV Litoral","image":{"@type":"ImageObject","inLanguage":"pt-BR","@id":"https:\/\/redelitoralrs.com\/wp-content\/litespeed\/avatar\/779aafbb45e66c7f82733e21abb48259.jpg?ver=1776956734","url":"https:\/\/redelitoralrs.com\/wp-content\/litespeed\/avatar\/779aafbb45e66c7f82733e21abb48259.jpg?ver=1776956734","contentUrl":"https:\/\/redelitoralrs.com\/wp-content\/litespeed\/avatar\/779aafbb45e66c7f82733e21abb48259.jpg?ver=1776956734","caption":"Reda\u00e7\u00e3o TV Litoral"},"description":"A Rede Litoral de Comunica\u00e7\u00e3o \u00e9 um grupo de m\u00eddia multiplataforma do Litoral Norte do RS. Com atua\u00e7\u00e3o em TV, r\u00e1dio, portal e redes sociais, levamos informa\u00e7\u00e3o, conte\u00fado e entretenimento \u00e0 comunidade, fortalecendo a comunica\u00e7\u00e3o local e impulsionando o desenvolvimento regional. Acompanhe atrav\u00e9s de @redelitoralrs.","sameAs":["https:\/\/redelitoralrs.com","https:\/\/www.instagram.com\/redelitoralrs","https:\/\/www.youtube.com\/@redelitoralrs"],"url":"https:\/\/redelitoralrs.com\/index.php\/author\/redacaotvlitoral\/"}]}},"_links":{"self":[{"href":"https:\/\/redelitoralrs.com\/index.php\/wp-json\/wp\/v2\/posts\/5555","targetHints":{"allow":["GET"]}}],"collection":[{"href":"https:\/\/redelitoralrs.com\/index.php\/wp-json\/wp\/v2\/posts"}],"about":[{"href":"https:\/\/redelitoralrs.com\/index.php\/wp-json\/wp\/v2\/types\/post"}],"author":[{"embeddable":true,"href":"https:\/\/redelitoralrs.com\/index.php\/wp-json\/wp\/v2\/users\/2"}],"replies":[{"embeddable":true,"href":"https:\/\/redelitoralrs.com\/index.php\/wp-json\/wp\/v2\/comments?post=5555"}],"version-history":[{"count":1,"href":"https:\/\/redelitoralrs.com\/index.php\/wp-json\/wp\/v2\/posts\/5555\/revisions"}],"predecessor-version":[{"id":5557,"href":"https:\/\/redelitoralrs.com\/index.php\/wp-json\/wp\/v2\/posts\/5555\/revisions\/5557"}],"wp:featuredmedia":[{"embeddable":true,"href":"https:\/\/redelitoralrs.com\/index.php\/wp-json\/wp\/v2\/media\/5556"}],"wp:attachment":[{"href":"https:\/\/redelitoralrs.com\/index.php\/wp-json\/wp\/v2\/media?parent=5555"}],"wp:term":[{"taxonomy":"category","embeddable":true,"href":"https:\/\/redelitoralrs.com\/index.php\/wp-json\/wp\/v2\/categories?post=5555"},{"taxonomy":"post_tag","embeddable":true,"href":"https:\/\/redelitoralrs.com\/index.php\/wp-json\/wp\/v2\/tags?post=5555"}],"curies":[{"name":"wp","href":"https:\/\/api.w.org\/{rel}","templated":true}]}}