{"id":5489,"date":"2025-01-21T16:17:30","date_gmt":"2025-01-21T19:17:30","guid":{"rendered":"https:\/\/redelitoralrs.com\/?p=5489"},"modified":"2025-01-21T16:17:30","modified_gmt":"2025-01-21T19:17:30","slug":"autoridades-discutem-reforco-na-seguranca-dos-balnearios-de-mostardas","status":"publish","type":"post","link":"https:\/\/redelitoralrs.com\/index.php\/2025\/01\/21\/autoridades-discutem-reforco-na-seguranca-dos-balnearios-de-mostardas\/","title":{"rendered":"Autoridades discutem refor\u00e7o na seguran\u00e7a dos balne\u00e1rios de Mostardas"},"content":{"rendered":"\n<p><\/p>\n\n\n\n<p>Na tarde desta segunda-feira (20), o comandante da 3\u00aa Companhia do 8\u00ba Batalh\u00e3o de Pol\u00edcia Militar (8\u00ba BPM), capit\u00e3o Walyson Silva, reuniu-se com l\u00edderes pol\u00edticos de Mostardas para tra\u00e7ar estrat\u00e9gias de seguran\u00e7a p\u00fablica, especialmente nos balne\u00e1rios da regi\u00e3o, que enfrentam problemas como estacionamento irregular e som alto durante a temporada de ver\u00e3o.<\/p>\n\n\n\n<p>O encontro contou com a presen\u00e7a do prefeito Gilnei Nazareth, do vice-prefeito Toni Ara\u00fajo, do presidente da C\u00e2mara de Vereadores, J\u00fanior Pereira, e dos vereadores Ednei Machado, Dudu Verardi, Gabriela Saraiva e J\u00e9ssica Pereira. Tamb\u00e9m participou o 1\u00ba sargento Magnus Vianei Schneider, comandante do 4\u00ba Pelot\u00e3o da 3\u00aa Companhia.<\/p>\n\n\n\n<p>A reuni\u00e3o destacou a import\u00e2ncia de a\u00e7\u00f5es integradas para manter a ordem e a tranquilidade nos balne\u00e1rios, locais muito frequentados por moradores e turistas nesta \u00e9poca do ano.<\/p>\n\n\n\n<p>A parceria entre a Brigada Militar e as autoridades locais \u00e9 vista como essencial para resolver as demandas e garantir mais seguran\u00e7a na regi\u00e3o.<\/p>\n\n\n\n<p>A TV Litoral segue acompanhando os desdobramentos e traz as novidades&nbsp;para&nbsp;voc\u00ea!<\/p>\n\n\n\n<figure class=\"wp-block-gallery has-nested-images columns-default is-cropped wp-block-gallery-1 is-layout-flex wp-block-gallery-is-layout-flex\">\n<figure class=\"wp-block-image size-large\"><img fetchpriority=\"high\" decoding=\"async\" width=\"1024\" height=\"768\" data-id=\"5490\" src=\"https:\/\/redelitoralrs.com\/wp-content\/uploads\/2025\/01\/Imagem-do-WhatsApp-de-2025-01-21-as-15.06.35_0ed704be-1024x768.jpg\" alt=\"\" class=\"wp-image-5490\" srcset=\"https:\/\/redelitoralrs.com\/wp-content\/uploads\/2025\/01\/Imagem-do-WhatsApp-de-2025-01-21-as-15.06.35_0ed704be-1024x768.jpg 1024w, https:\/\/redelitoralrs.com\/wp-content\/uploads\/2025\/01\/Imagem-do-WhatsApp-de-2025-01-21-as-15.06.35_0ed704be-300x225.jpg 300w, https:\/\/redelitoralrs.com\/wp-content\/uploads\/2025\/01\/Imagem-do-WhatsApp-de-2025-01-21-as-15.06.35_0ed704be-768x576.jpg 768w, https:\/\/redelitoralrs.com\/wp-content\/uploads\/2025\/01\/Imagem-do-WhatsApp-de-2025-01-21-as-15.06.35_0ed704be-1536x1152.jpg 1536w, https:\/\/redelitoralrs.com\/wp-content\/uploads\/2025\/01\/Imagem-do-WhatsApp-de-2025-01-21-as-15.06.35_0ed704be.jpg 1600w\" sizes=\"(max-width: 1024px) 100vw, 1024px\" \/><\/figure>\n\n\n\n<figure class=\"wp-block-image size-large\"><img decoding=\"async\" width=\"1024\" height=\"768\" data-id=\"5491\" src=\"https:\/\/redelitoralrs.com\/wp-content\/uploads\/2025\/01\/Imagem-do-WhatsApp-de-2025-01-21-as-15.06.35_7ab93f38-1024x768.jpg\" alt=\"\" class=\"wp-image-5491\" srcset=\"https:\/\/redelitoralrs.com\/wp-content\/uploads\/2025\/01\/Imagem-do-WhatsApp-de-2025-01-21-as-15.06.35_7ab93f38-1024x768.jpg 1024w, https:\/\/redelitoralrs.com\/wp-content\/uploads\/2025\/01\/Imagem-do-WhatsApp-de-2025-01-21-as-15.06.35_7ab93f38-300x225.jpg 300w, https:\/\/redelitoralrs.com\/wp-content\/uploads\/2025\/01\/Imagem-do-WhatsApp-de-2025-01-21-as-15.06.35_7ab93f38-768x576.jpg 768w, https:\/\/redelitoralrs.com\/wp-content\/uploads\/2025\/01\/Imagem-do-WhatsApp-de-2025-01-21-as-15.06.35_7ab93f38-1536x1152.jpg 1536w, https:\/\/redelitoralrs.com\/wp-content\/uploads\/2025\/01\/Imagem-do-WhatsApp-de-2025-01-21-as-15.06.35_7ab93f38.jpg 1600w\" sizes=\"(max-width: 1024px) 100vw, 1024px\" \/><\/figure>\n\n\n\n<figure class=\"wp-block-image size-large\"><img decoding=\"async\" width=\"1024\" height=\"768\" data-id=\"5492\" src=\"https:\/\/redelitoralrs.com\/wp-content\/uploads\/2025\/01\/Imagem-do-WhatsApp-de-2025-01-21-as-15.06.35_7448cb25-1024x768.jpg\" alt=\"\" class=\"wp-image-5492\" srcset=\"https:\/\/redelitoralrs.com\/wp-content\/uploads\/2025\/01\/Imagem-do-WhatsApp-de-2025-01-21-as-15.06.35_7448cb25-1024x768.jpg 1024w, https:\/\/redelitoralrs.com\/wp-content\/uploads\/2025\/01\/Imagem-do-WhatsApp-de-2025-01-21-as-15.06.35_7448cb25-300x225.jpg 300w, https:\/\/redelitoralrs.com\/wp-content\/uploads\/2025\/01\/Imagem-do-WhatsApp-de-2025-01-21-as-15.06.35_7448cb25-768x576.jpg 768w, https:\/\/redelitoralrs.com\/wp-content\/uploads\/2025\/01\/Imagem-do-WhatsApp-de-2025-01-21-as-15.06.35_7448cb25-1536x1152.jpg 1536w, https:\/\/redelitoralrs.com\/wp-content\/uploads\/2025\/01\/Imagem-do-WhatsApp-de-2025-01-21-as-15.06.35_7448cb25.jpg 1600w\" sizes=\"(max-width: 1024px) 100vw, 1024px\" \/><\/figure>\n<\/figure>\n\n\n\n<p><\/p>\n","protected":false},"excerpt":{"rendered":"<p>Na tarde desta segunda-feira (20), o comandante da 3\u00aa Companhia do 8\u00ba Batalh\u00e3o de Pol\u00edcia Militar (8\u00ba BPM), capit\u00e3o Walyson Silva, reuniu-se com l\u00edderes pol\u00edticos de Mostardas para tra\u00e7ar estrat\u00e9gias de seguran\u00e7a p\u00fablica, especialmente nos balne\u00e1rios da regi\u00e3o, que enfrentam problemas como estacionamento irregular e som alto durante a temporada de ver\u00e3o. O encontro contou [&hellip;]<\/p>\n","protected":false},"author":2,"featured_media":5492,"comment_status":"open","ping_status":"open","sticky":false,"template":"","format":"standard","meta":{"_themeisle_gutenberg_block_has_review":false,"footnotes":""},"categories":[20,188,15],"tags":[],"class_list":["post-5489","post","type-post","status-publish","format-standard","has-post-thumbnail","hentry","category-litoral_norte","category-rio-grande-do-sul","category-noticias"],"yoast_head":"<!-- This site is optimized with the Yoast SEO plugin v27.4 - https:\/\/yoast.com\/product\/yoast-seo-wordpress\/ -->\n<title>Autoridades discutem refor\u00e7o na seguran\u00e7a dos balne\u00e1rios de Mostardas - Rede Litoral RS<\/title>\n<meta name=\"description\" content=\"Na tarde desta segunda-feira (20), o comandante da 3\u00aa Companhia do 8\u00ba Batalh\u00e3o de Pol\u00edcia Militar (8\u00ba BPM), capit\u00e3o Walyson Silva, reuniu-se com l\u00edderes pol\u00edticos de Mostardas para tra\u00e7ar estrat\u00e9gias de seguran\u00e7a p\u00fablica, especialmente nos balne\u00e1rios da regi\u00e3o, que enfrentam problemas como estacionamento irregular e som alto durante a temporada de ver\u00e3o.\" \/>\n<meta name=\"robots\" content=\"index, follow, max-snippet:-1, max-image-preview:large, max-video-preview:-1\" \/>\n<link rel=\"canonical\" href=\"https:\/\/redelitoralrs.com\/index.php\/2025\/01\/21\/autoridades-discutem-reforco-na-seguranca-dos-balnearios-de-mostardas\/\" \/>\n<meta property=\"og:locale\" content=\"pt_BR\" \/>\n<meta property=\"og:type\" content=\"article\" \/>\n<meta property=\"og:title\" content=\"Autoridades discutem refor\u00e7o na seguran\u00e7a dos balne\u00e1rios de Mostardas - Rede Litoral RS\" \/>\n<meta property=\"og:description\" content=\"Na tarde desta segunda-feira (20), o comandante da 3\u00aa Companhia do 8\u00ba Batalh\u00e3o de Pol\u00edcia Militar (8\u00ba BPM), capit\u00e3o Walyson Silva, reuniu-se com l\u00edderes pol\u00edticos de Mostardas para tra\u00e7ar estrat\u00e9gias de seguran\u00e7a p\u00fablica, especialmente nos balne\u00e1rios da regi\u00e3o, que enfrentam problemas como estacionamento irregular e som alto durante a temporada de ver\u00e3o.\" \/>\n<meta property=\"og:url\" content=\"https:\/\/redelitoralrs.com\/index.php\/2025\/01\/21\/autoridades-discutem-reforco-na-seguranca-dos-balnearios-de-mostardas\/\" \/>\n<meta property=\"og:site_name\" content=\"Rede Litoral RS\" \/>\n<meta property=\"article:publisher\" content=\"https:\/\/www.facebook.com\/tvlitoralrsoficial\" \/>\n<meta property=\"article:published_time\" content=\"2025-01-21T19:17:30+00:00\" \/>\n<meta property=\"og:image\" content=\"https:\/\/redelitoralrs.com\/wp-content\/uploads\/2025\/01\/Imagem-do-WhatsApp-de-2025-01-21-as-15.06.35_7448cb25.jpg\" \/>\n\t<meta property=\"og:image:width\" content=\"1600\" \/>\n\t<meta property=\"og:image:height\" content=\"1200\" \/>\n\t<meta property=\"og:image:type\" content=\"image\/jpeg\" \/>\n<meta name=\"author\" content=\"Reda\u00e7\u00e3o TV Litoral\" \/>\n<meta name=\"twitter:card\" content=\"summary_large_image\" \/>\n<meta name=\"twitter:label1\" content=\"Escrito por\" \/>\n\t<meta name=\"twitter:data1\" content=\"Reda\u00e7\u00e3o TV Litoral\" \/>\n\t<meta name=\"twitter:label2\" content=\"Est. tempo de leitura\" \/>\n\t<meta name=\"twitter:data2\" content=\"2 minutos\" \/>\n<script type=\"application\/ld+json\" class=\"yoast-schema-graph\">{\"@context\":\"https:\\\/\\\/schema.org\",\"@graph\":[{\"@type\":\"Article\",\"@id\":\"https:\\\/\\\/redelitoralrs.com\\\/index.php\\\/2025\\\/01\\\/21\\\/autoridades-discutem-reforco-na-seguranca-dos-balnearios-de-mostardas\\\/#article\",\"isPartOf\":{\"@id\":\"https:\\\/\\\/redelitoralrs.com\\\/index.php\\\/2025\\\/01\\\/21\\\/autoridades-discutem-reforco-na-seguranca-dos-balnearios-de-mostardas\\\/\"},\"author\":{\"name\":\"Reda\u00e7\u00e3o TV Litoral\",\"@id\":\"https:\\\/\\\/redelitoralrs.com\\\/#\\\/schema\\\/person\\\/9f8181f2a7359dd3986f05ebaf5bd68a\"},\"headline\":\"Autoridades discutem refor\u00e7o na seguran\u00e7a dos balne\u00e1rios de Mostardas\",\"datePublished\":\"2025-01-21T19:17:30+00:00\",\"mainEntityOfPage\":{\"@id\":\"https:\\\/\\\/redelitoralrs.com\\\/index.php\\\/2025\\\/01\\\/21\\\/autoridades-discutem-reforco-na-seguranca-dos-balnearios-de-mostardas\\\/\"},\"wordCount\":197,\"commentCount\":0,\"publisher\":{\"@id\":\"https:\\\/\\\/redelitoralrs.com\\\/#organization\"},\"image\":{\"@id\":\"https:\\\/\\\/redelitoralrs.com\\\/index.php\\\/2025\\\/01\\\/21\\\/autoridades-discutem-reforco-na-seguranca-dos-balnearios-de-mostardas\\\/#primaryimage\"},\"thumbnailUrl\":\"https:\\\/\\\/redelitoralrs.com\\\/wp-content\\\/uploads\\\/2025\\\/01\\\/Imagem-do-WhatsApp-de-2025-01-21-as-15.06.35_7448cb25.jpg\",\"articleSection\":[\"Litoral Norte\",\"Rio Grande do Sul\",\"\u00daltimas not\u00edcias\"],\"inLanguage\":\"pt-BR\",\"potentialAction\":[{\"@type\":\"CommentAction\",\"name\":\"Comment\",\"target\":[\"https:\\\/\\\/redelitoralrs.com\\\/index.php\\\/2025\\\/01\\\/21\\\/autoridades-discutem-reforco-na-seguranca-dos-balnearios-de-mostardas\\\/#respond\"]}]},{\"@type\":\"WebPage\",\"@id\":\"https:\\\/\\\/redelitoralrs.com\\\/index.php\\\/2025\\\/01\\\/21\\\/autoridades-discutem-reforco-na-seguranca-dos-balnearios-de-mostardas\\\/\",\"url\":\"https:\\\/\\\/redelitoralrs.com\\\/index.php\\\/2025\\\/01\\\/21\\\/autoridades-discutem-reforco-na-seguranca-dos-balnearios-de-mostardas\\\/\",\"name\":\"Autoridades discutem refor\u00e7o na seguran\u00e7a dos balne\u00e1rios de Mostardas - Rede Litoral RS\",\"isPartOf\":{\"@id\":\"https:\\\/\\\/redelitoralrs.com\\\/#website\"},\"primaryImageOfPage\":{\"@id\":\"https:\\\/\\\/redelitoralrs.com\\\/index.php\\\/2025\\\/01\\\/21\\\/autoridades-discutem-reforco-na-seguranca-dos-balnearios-de-mostardas\\\/#primaryimage\"},\"image\":{\"@id\":\"https:\\\/\\\/redelitoralrs.com\\\/index.php\\\/2025\\\/01\\\/21\\\/autoridades-discutem-reforco-na-seguranca-dos-balnearios-de-mostardas\\\/#primaryimage\"},\"thumbnailUrl\":\"https:\\\/\\\/redelitoralrs.com\\\/wp-content\\\/uploads\\\/2025\\\/01\\\/Imagem-do-WhatsApp-de-2025-01-21-as-15.06.35_7448cb25.jpg\",\"datePublished\":\"2025-01-21T19:17:30+00:00\",\"description\":\"Na tarde desta segunda-feira (20), o comandante da 3\u00aa Companhia do 8\u00ba Batalh\u00e3o de Pol\u00edcia Militar (8\u00ba BPM), capit\u00e3o Walyson Silva, reuniu-se com l\u00edderes pol\u00edticos de Mostardas para tra\u00e7ar estrat\u00e9gias de seguran\u00e7a p\u00fablica, especialmente nos balne\u00e1rios da regi\u00e3o, que enfrentam problemas como estacionamento irregular e som alto durante a temporada de ver\u00e3o.\",\"breadcrumb\":{\"@id\":\"https:\\\/\\\/redelitoralrs.com\\\/index.php\\\/2025\\\/01\\\/21\\\/autoridades-discutem-reforco-na-seguranca-dos-balnearios-de-mostardas\\\/#breadcrumb\"},\"inLanguage\":\"pt-BR\",\"potentialAction\":[{\"@type\":\"ReadAction\",\"target\":[\"https:\\\/\\\/redelitoralrs.com\\\/index.php\\\/2025\\\/01\\\/21\\\/autoridades-discutem-reforco-na-seguranca-dos-balnearios-de-mostardas\\\/\"]}]},{\"@type\":\"ImageObject\",\"inLanguage\":\"pt-BR\",\"@id\":\"https:\\\/\\\/redelitoralrs.com\\\/index.php\\\/2025\\\/01\\\/21\\\/autoridades-discutem-reforco-na-seguranca-dos-balnearios-de-mostardas\\\/#primaryimage\",\"url\":\"https:\\\/\\\/redelitoralrs.com\\\/wp-content\\\/uploads\\\/2025\\\/01\\\/Imagem-do-WhatsApp-de-2025-01-21-as-15.06.35_7448cb25.jpg\",\"contentUrl\":\"https:\\\/\\\/redelitoralrs.com\\\/wp-content\\\/uploads\\\/2025\\\/01\\\/Imagem-do-WhatsApp-de-2025-01-21-as-15.06.35_7448cb25.jpg\",\"width\":1600,\"height\":1200},{\"@type\":\"BreadcrumbList\",\"@id\":\"https:\\\/\\\/redelitoralrs.com\\\/index.php\\\/2025\\\/01\\\/21\\\/autoridades-discutem-reforco-na-seguranca-dos-balnearios-de-mostardas\\\/#breadcrumb\",\"itemListElement\":[{\"@type\":\"ListItem\",\"position\":1,\"name\":\"In\u00edcio\",\"item\":\"https:\\\/\\\/redelitoralrs.com\\\/\"},{\"@type\":\"ListItem\",\"position\":2,\"name\":\"Autoridades discutem refor\u00e7o na seguran\u00e7a dos balne\u00e1rios de Mostardas\"}]},{\"@type\":\"WebSite\",\"@id\":\"https:\\\/\\\/redelitoralrs.com\\\/#website\",\"url\":\"https:\\\/\\\/redelitoralrs.com\\\/\",\"name\":\"TV Litoral\",\"description\":\"Acompanhe tudo do litoral ga\u00facho com a cobertura completa e atualizada da Rede Litoral RS. Nossos jornalistas trazem as \u00faltimas not\u00edcias, os acontecimentos mais quentes e as hist\u00f3rias que importam sobre nosso amado litoral.\",\"publisher\":{\"@id\":\"https:\\\/\\\/redelitoralrs.com\\\/#organization\"},\"potentialAction\":[{\"@type\":\"SearchAction\",\"target\":{\"@type\":\"EntryPoint\",\"urlTemplate\":\"https:\\\/\\\/redelitoralrs.com\\\/?s={search_term_string}\"},\"query-input\":{\"@type\":\"PropertyValueSpecification\",\"valueRequired\":true,\"valueName\":\"search_term_string\"}}],\"inLanguage\":\"pt-BR\"},{\"@type\":\"Organization\",\"@id\":\"https:\\\/\\\/redelitoralrs.com\\\/#organization\",\"name\":\"TV Litoral\",\"url\":\"https:\\\/\\\/redelitoralrs.com\\\/\",\"logo\":{\"@type\":\"ImageObject\",\"inLanguage\":\"pt-BR\",\"@id\":\"https:\\\/\\\/redelitoralrs.com\\\/#\\\/schema\\\/logo\\\/image\\\/\",\"url\":\"https:\\\/\\\/redelitoralrs.com\\\/wp-content\\\/uploads\\\/2024\\\/01\\\/faviconicon-1-1.png\",\"contentUrl\":\"https:\\\/\\\/redelitoralrs.com\\\/wp-content\\\/uploads\\\/2024\\\/01\\\/faviconicon-1-1.png\",\"width\":454,\"height\":454,\"caption\":\"TV Litoral\"},\"image\":{\"@id\":\"https:\\\/\\\/redelitoralrs.com\\\/#\\\/schema\\\/logo\\\/image\\\/\"},\"sameAs\":[\"https:\\\/\\\/www.facebook.com\\\/tvlitoralrsoficial\",\"https:\\\/\\\/www.instagram.com\\\/tvlitoral.rs\"]},{\"@type\":\"Person\",\"@id\":\"https:\\\/\\\/redelitoralrs.com\\\/#\\\/schema\\\/person\\\/9f8181f2a7359dd3986f05ebaf5bd68a\",\"name\":\"Reda\u00e7\u00e3o TV Litoral\",\"image\":{\"@type\":\"ImageObject\",\"inLanguage\":\"pt-BR\",\"@id\":\"https:\\\/\\\/redelitoralrs.com\\\/wp-content\\\/litespeed\\\/avatar\\\/779aafbb45e66c7f82733e21abb48259.jpg?ver=1777561602\",\"url\":\"https:\\\/\\\/redelitoralrs.com\\\/wp-content\\\/litespeed\\\/avatar\\\/779aafbb45e66c7f82733e21abb48259.jpg?ver=1777561602\",\"contentUrl\":\"https:\\\/\\\/redelitoralrs.com\\\/wp-content\\\/litespeed\\\/avatar\\\/779aafbb45e66c7f82733e21abb48259.jpg?ver=1777561602\",\"caption\":\"Reda\u00e7\u00e3o TV Litoral\"},\"description\":\"A Rede Litoral de Comunica\u00e7\u00e3o \u00e9 um grupo de m\u00eddia multiplataforma do Litoral Norte do RS. Com atua\u00e7\u00e3o em TV, r\u00e1dio, portal e redes sociais, levamos informa\u00e7\u00e3o, conte\u00fado e entretenimento \u00e0 comunidade, fortalecendo a comunica\u00e7\u00e3o local e impulsionando o desenvolvimento regional. Acompanhe atrav\u00e9s de @redelitoralrs.\",\"sameAs\":[\"https:\\\/\\\/redelitoralrs.com\",\"https:\\\/\\\/www.instagram.com\\\/redelitoralrs\",\"https:\\\/\\\/www.youtube.com\\\/@redelitoralrs\"],\"url\":\"https:\\\/\\\/redelitoralrs.com\\\/index.php\\\/author\\\/redacaotvlitoral\\\/\"}]}<\/script>\n<!-- \/ Yoast SEO plugin. -->","yoast_head_json":{"title":"Autoridades discutem refor\u00e7o na seguran\u00e7a dos balne\u00e1rios de Mostardas - Rede Litoral RS","description":"Na tarde desta segunda-feira (20), o comandante da 3\u00aa Companhia do 8\u00ba Batalh\u00e3o de Pol\u00edcia Militar (8\u00ba BPM), capit\u00e3o Walyson Silva, reuniu-se com l\u00edderes pol\u00edticos de Mostardas para tra\u00e7ar estrat\u00e9gias de seguran\u00e7a p\u00fablica, especialmente nos balne\u00e1rios da regi\u00e3o, que enfrentam problemas como estacionamento irregular e som alto durante a temporada de ver\u00e3o.","robots":{"index":"index","follow":"follow","max-snippet":"max-snippet:-1","max-image-preview":"max-image-preview:large","max-video-preview":"max-video-preview:-1"},"canonical":"https:\/\/redelitoralrs.com\/index.php\/2025\/01\/21\/autoridades-discutem-reforco-na-seguranca-dos-balnearios-de-mostardas\/","og_locale":"pt_BR","og_type":"article","og_title":"Autoridades discutem refor\u00e7o na seguran\u00e7a dos balne\u00e1rios de Mostardas - Rede Litoral RS","og_description":"Na tarde desta segunda-feira (20), o comandante da 3\u00aa Companhia do 8\u00ba Batalh\u00e3o de Pol\u00edcia Militar (8\u00ba BPM), capit\u00e3o Walyson Silva, reuniu-se com l\u00edderes pol\u00edticos de Mostardas para tra\u00e7ar estrat\u00e9gias de seguran\u00e7a p\u00fablica, especialmente nos balne\u00e1rios da regi\u00e3o, que enfrentam problemas como estacionamento irregular e som alto durante a temporada de ver\u00e3o.","og_url":"https:\/\/redelitoralrs.com\/index.php\/2025\/01\/21\/autoridades-discutem-reforco-na-seguranca-dos-balnearios-de-mostardas\/","og_site_name":"Rede Litoral RS","article_publisher":"https:\/\/www.facebook.com\/tvlitoralrsoficial","article_published_time":"2025-01-21T19:17:30+00:00","og_image":[{"width":1600,"height":1200,"url":"https:\/\/redelitoralrs.com\/wp-content\/uploads\/2025\/01\/Imagem-do-WhatsApp-de-2025-01-21-as-15.06.35_7448cb25.jpg","type":"image\/jpeg"}],"author":"Reda\u00e7\u00e3o TV Litoral","twitter_card":"summary_large_image","twitter_misc":{"Escrito por":"Reda\u00e7\u00e3o TV Litoral","Est. tempo de leitura":"2 minutos"},"schema":{"@context":"https:\/\/schema.org","@graph":[{"@type":"Article","@id":"https:\/\/redelitoralrs.com\/index.php\/2025\/01\/21\/autoridades-discutem-reforco-na-seguranca-dos-balnearios-de-mostardas\/#article","isPartOf":{"@id":"https:\/\/redelitoralrs.com\/index.php\/2025\/01\/21\/autoridades-discutem-reforco-na-seguranca-dos-balnearios-de-mostardas\/"},"author":{"name":"Reda\u00e7\u00e3o TV Litoral","@id":"https:\/\/redelitoralrs.com\/#\/schema\/person\/9f8181f2a7359dd3986f05ebaf5bd68a"},"headline":"Autoridades discutem refor\u00e7o na seguran\u00e7a dos balne\u00e1rios de Mostardas","datePublished":"2025-01-21T19:17:30+00:00","mainEntityOfPage":{"@id":"https:\/\/redelitoralrs.com\/index.php\/2025\/01\/21\/autoridades-discutem-reforco-na-seguranca-dos-balnearios-de-mostardas\/"},"wordCount":197,"commentCount":0,"publisher":{"@id":"https:\/\/redelitoralrs.com\/#organization"},"image":{"@id":"https:\/\/redelitoralrs.com\/index.php\/2025\/01\/21\/autoridades-discutem-reforco-na-seguranca-dos-balnearios-de-mostardas\/#primaryimage"},"thumbnailUrl":"https:\/\/redelitoralrs.com\/wp-content\/uploads\/2025\/01\/Imagem-do-WhatsApp-de-2025-01-21-as-15.06.35_7448cb25.jpg","articleSection":["Litoral Norte","Rio Grande do Sul","\u00daltimas not\u00edcias"],"inLanguage":"pt-BR","potentialAction":[{"@type":"CommentAction","name":"Comment","target":["https:\/\/redelitoralrs.com\/index.php\/2025\/01\/21\/autoridades-discutem-reforco-na-seguranca-dos-balnearios-de-mostardas\/#respond"]}]},{"@type":"WebPage","@id":"https:\/\/redelitoralrs.com\/index.php\/2025\/01\/21\/autoridades-discutem-reforco-na-seguranca-dos-balnearios-de-mostardas\/","url":"https:\/\/redelitoralrs.com\/index.php\/2025\/01\/21\/autoridades-discutem-reforco-na-seguranca-dos-balnearios-de-mostardas\/","name":"Autoridades discutem refor\u00e7o na seguran\u00e7a dos balne\u00e1rios de Mostardas - Rede Litoral RS","isPartOf":{"@id":"https:\/\/redelitoralrs.com\/#website"},"primaryImageOfPage":{"@id":"https:\/\/redelitoralrs.com\/index.php\/2025\/01\/21\/autoridades-discutem-reforco-na-seguranca-dos-balnearios-de-mostardas\/#primaryimage"},"image":{"@id":"https:\/\/redelitoralrs.com\/index.php\/2025\/01\/21\/autoridades-discutem-reforco-na-seguranca-dos-balnearios-de-mostardas\/#primaryimage"},"thumbnailUrl":"https:\/\/redelitoralrs.com\/wp-content\/uploads\/2025\/01\/Imagem-do-WhatsApp-de-2025-01-21-as-15.06.35_7448cb25.jpg","datePublished":"2025-01-21T19:17:30+00:00","description":"Na tarde desta segunda-feira (20), o comandante da 3\u00aa Companhia do 8\u00ba Batalh\u00e3o de Pol\u00edcia Militar (8\u00ba BPM), capit\u00e3o Walyson Silva, reuniu-se com l\u00edderes pol\u00edticos de Mostardas para tra\u00e7ar estrat\u00e9gias de seguran\u00e7a p\u00fablica, especialmente nos balne\u00e1rios da regi\u00e3o, que enfrentam problemas como estacionamento irregular e som alto durante a temporada de ver\u00e3o.","breadcrumb":{"@id":"https:\/\/redelitoralrs.com\/index.php\/2025\/01\/21\/autoridades-discutem-reforco-na-seguranca-dos-balnearios-de-mostardas\/#breadcrumb"},"inLanguage":"pt-BR","potentialAction":[{"@type":"ReadAction","target":["https:\/\/redelitoralrs.com\/index.php\/2025\/01\/21\/autoridades-discutem-reforco-na-seguranca-dos-balnearios-de-mostardas\/"]}]},{"@type":"ImageObject","inLanguage":"pt-BR","@id":"https:\/\/redelitoralrs.com\/index.php\/2025\/01\/21\/autoridades-discutem-reforco-na-seguranca-dos-balnearios-de-mostardas\/#primaryimage","url":"https:\/\/redelitoralrs.com\/wp-content\/uploads\/2025\/01\/Imagem-do-WhatsApp-de-2025-01-21-as-15.06.35_7448cb25.jpg","contentUrl":"https:\/\/redelitoralrs.com\/wp-content\/uploads\/2025\/01\/Imagem-do-WhatsApp-de-2025-01-21-as-15.06.35_7448cb25.jpg","width":1600,"height":1200},{"@type":"BreadcrumbList","@id":"https:\/\/redelitoralrs.com\/index.php\/2025\/01\/21\/autoridades-discutem-reforco-na-seguranca-dos-balnearios-de-mostardas\/#breadcrumb","itemListElement":[{"@type":"ListItem","position":1,"name":"In\u00edcio","item":"https:\/\/redelitoralrs.com\/"},{"@type":"ListItem","position":2,"name":"Autoridades discutem refor\u00e7o na seguran\u00e7a dos balne\u00e1rios de Mostardas"}]},{"@type":"WebSite","@id":"https:\/\/redelitoralrs.com\/#website","url":"https:\/\/redelitoralrs.com\/","name":"TV Litoral","description":"Acompanhe tudo do litoral ga\u00facho com a cobertura completa e atualizada da Rede Litoral RS. Nossos jornalistas trazem as \u00faltimas not\u00edcias, os acontecimentos mais quentes e as hist\u00f3rias que importam sobre nosso amado litoral.","publisher":{"@id":"https:\/\/redelitoralrs.com\/#organization"},"potentialAction":[{"@type":"SearchAction","target":{"@type":"EntryPoint","urlTemplate":"https:\/\/redelitoralrs.com\/?s={search_term_string}"},"query-input":{"@type":"PropertyValueSpecification","valueRequired":true,"valueName":"search_term_string"}}],"inLanguage":"pt-BR"},{"@type":"Organization","@id":"https:\/\/redelitoralrs.com\/#organization","name":"TV Litoral","url":"https:\/\/redelitoralrs.com\/","logo":{"@type":"ImageObject","inLanguage":"pt-BR","@id":"https:\/\/redelitoralrs.com\/#\/schema\/logo\/image\/","url":"https:\/\/redelitoralrs.com\/wp-content\/uploads\/2024\/01\/faviconicon-1-1.png","contentUrl":"https:\/\/redelitoralrs.com\/wp-content\/uploads\/2024\/01\/faviconicon-1-1.png","width":454,"height":454,"caption":"TV Litoral"},"image":{"@id":"https:\/\/redelitoralrs.com\/#\/schema\/logo\/image\/"},"sameAs":["https:\/\/www.facebook.com\/tvlitoralrsoficial","https:\/\/www.instagram.com\/tvlitoral.rs"]},{"@type":"Person","@id":"https:\/\/redelitoralrs.com\/#\/schema\/person\/9f8181f2a7359dd3986f05ebaf5bd68a","name":"Reda\u00e7\u00e3o TV Litoral","image":{"@type":"ImageObject","inLanguage":"pt-BR","@id":"https:\/\/redelitoralrs.com\/wp-content\/litespeed\/avatar\/779aafbb45e66c7f82733e21abb48259.jpg?ver=1777561602","url":"https:\/\/redelitoralrs.com\/wp-content\/litespeed\/avatar\/779aafbb45e66c7f82733e21abb48259.jpg?ver=1777561602","contentUrl":"https:\/\/redelitoralrs.com\/wp-content\/litespeed\/avatar\/779aafbb45e66c7f82733e21abb48259.jpg?ver=1777561602","caption":"Reda\u00e7\u00e3o TV Litoral"},"description":"A Rede Litoral de Comunica\u00e7\u00e3o \u00e9 um grupo de m\u00eddia multiplataforma do Litoral Norte do RS. Com atua\u00e7\u00e3o em TV, r\u00e1dio, portal e redes sociais, levamos informa\u00e7\u00e3o, conte\u00fado e entretenimento \u00e0 comunidade, fortalecendo a comunica\u00e7\u00e3o local e impulsionando o desenvolvimento regional. Acompanhe atrav\u00e9s de @redelitoralrs.","sameAs":["https:\/\/redelitoralrs.com","https:\/\/www.instagram.com\/redelitoralrs","https:\/\/www.youtube.com\/@redelitoralrs"],"url":"https:\/\/redelitoralrs.com\/index.php\/author\/redacaotvlitoral\/"}]}},"_links":{"self":[{"href":"https:\/\/redelitoralrs.com\/index.php\/wp-json\/wp\/v2\/posts\/5489","targetHints":{"allow":["GET"]}}],"collection":[{"href":"https:\/\/redelitoralrs.com\/index.php\/wp-json\/wp\/v2\/posts"}],"about":[{"href":"https:\/\/redelitoralrs.com\/index.php\/wp-json\/wp\/v2\/types\/post"}],"author":[{"embeddable":true,"href":"https:\/\/redelitoralrs.com\/index.php\/wp-json\/wp\/v2\/users\/2"}],"replies":[{"embeddable":true,"href":"https:\/\/redelitoralrs.com\/index.php\/wp-json\/wp\/v2\/comments?post=5489"}],"version-history":[{"count":1,"href":"https:\/\/redelitoralrs.com\/index.php\/wp-json\/wp\/v2\/posts\/5489\/revisions"}],"predecessor-version":[{"id":5493,"href":"https:\/\/redelitoralrs.com\/index.php\/wp-json\/wp\/v2\/posts\/5489\/revisions\/5493"}],"wp:featuredmedia":[{"embeddable":true,"href":"https:\/\/redelitoralrs.com\/index.php\/wp-json\/wp\/v2\/media\/5492"}],"wp:attachment":[{"href":"https:\/\/redelitoralrs.com\/index.php\/wp-json\/wp\/v2\/media?parent=5489"}],"wp:term":[{"taxonomy":"category","embeddable":true,"href":"https:\/\/redelitoralrs.com\/index.php\/wp-json\/wp\/v2\/categories?post=5489"},{"taxonomy":"post_tag","embeddable":true,"href":"https:\/\/redelitoralrs.com\/index.php\/wp-json\/wp\/v2\/tags?post=5489"}],"curies":[{"name":"wp","href":"https:\/\/api.w.org\/{rel}","templated":true}]}}