{"id":5432,"date":"2025-01-20T14:50:09","date_gmt":"2025-01-20T17:50:09","guid":{"rendered":"https:\/\/redelitoralrs.com\/?p=5432"},"modified":"2025-01-20T14:50:09","modified_gmt":"2025-01-20T17:50:09","slug":"cessar-fogo-em-gaza-imagens-de-paz-e-esperanca","status":"publish","type":"post","link":"https:\/\/redelitoralrs.com\/index.php\/2025\/01\/20\/cessar-fogo-em-gaza-imagens-de-paz-e-esperanca\/","title":{"rendered":"Cessar-Fogo em Gaza: Imagens de Paz e Esperan\u00e7a"},"content":{"rendered":"\n<p><\/p>\n\n\n\n<p>Neste domingo (19), o acordo de paz entre Israel e Hamas finalmente entrou em vigor, ap\u00f3s um atraso de quase tr\u00eas horas, marcando um momento de esperan\u00e7a em meio a meses de conflito.<\/p>\n\n\n\n<p>Em Tel Aviv, as imagens foram emocionantes: centenas de pessoas se reuniram em uma pra\u00e7a para acompanhar, em uma transmiss\u00e3o ao vivo, a liberta\u00e7\u00e3o de tr\u00eas ref\u00e9ns que estavam sendo mantidas em Gaza desde o ataque de 7 de outubro de 2023. As mulheres fazem parte de um primeiro grupo de 33 ref\u00e9ns que ser\u00e3o libertados nos pr\u00f3ximos dias como parte de um acordo de troca.<\/p>\n\n\n\n<p>Pelo lado israelense, h\u00e1 o compromisso de liberar prisioneiros palestinos e reduzir a presen\u00e7a militar dentro da Faixa de Gaza. As imagens de celebra\u00e7\u00e3o nas ruas, tanto em Tel Aviv quanto em outras regi\u00f5es, mostram a expectativa da popula\u00e7\u00e3o por uma solu\u00e7\u00e3o definitiva para o conflito.<\/p>\n\n\n\n<p>Enquanto isso, em Gaza, o cessar-fogo j\u00e1 permitiu que milhares de palestinos deslocados retornassem para suas casas, apesar dos in\u00fameros relatos de destrui\u00e7\u00e3o e dificuldades. O fluxo de pessoas nas estradas, carregando o pouco que lhes restou, \u00e9 um s\u00edmbolo da resili\u00eancia em busca de recome\u00e7o.<\/p>\n\n\n\n<p>O acordo ainda \u00e9 fr\u00e1gil, mas representa um passo importante para aliviar a tens\u00e3o na regi\u00e3o. A equipe da TV Litoral seguir\u00e1 acompanhando este momento hist\u00f3rico e trar\u00e1 atualiza\u00e7\u00f5es sobre as pr\u00f3ximas etapas do processo de paz.<\/p>\n\n\n\n<p>TV Litoral, conectando voc\u00ea aos fatos que&nbsp;fazem&nbsp;hist\u00f3ria.<\/p>\n\n\n\n<figure class=\"wp-block-gallery has-nested-images columns-default is-cropped wp-block-gallery-1 is-layout-flex wp-block-gallery-is-layout-flex\">\n<figure class=\"wp-block-image size-large\"><img fetchpriority=\"high\" decoding=\"async\" width=\"1024\" height=\"771\" data-id=\"5433\" src=\"https:\/\/redelitoralrs.com\/wp-content\/uploads\/2025\/01\/Imagem-do-WhatsApp-de-2025-01-20-as-14.31.53_e973a915-1024x771.jpg\" alt=\"\" class=\"wp-image-5433\" srcset=\"https:\/\/redelitoralrs.com\/wp-content\/uploads\/2025\/01\/Imagem-do-WhatsApp-de-2025-01-20-as-14.31.53_e973a915-1024x771.jpg 1024w, https:\/\/redelitoralrs.com\/wp-content\/uploads\/2025\/01\/Imagem-do-WhatsApp-de-2025-01-20-as-14.31.53_e973a915-300x226.jpg 300w, https:\/\/redelitoralrs.com\/wp-content\/uploads\/2025\/01\/Imagem-do-WhatsApp-de-2025-01-20-as-14.31.53_e973a915-768x578.jpg 768w, https:\/\/redelitoralrs.com\/wp-content\/uploads\/2025\/01\/Imagem-do-WhatsApp-de-2025-01-20-as-14.31.53_e973a915.jpg 1170w\" sizes=\"(max-width: 1024px) 100vw, 1024px\" \/><\/figure>\n\n\n\n<figure class=\"wp-block-image size-large\"><img decoding=\"async\" width=\"1024\" height=\"791\" data-id=\"5434\" src=\"https:\/\/redelitoralrs.com\/wp-content\/uploads\/2025\/01\/Imagem-do-WhatsApp-de-2025-01-20-as-14.31.54_89c3a94c-1024x791.jpg\" alt=\"\" class=\"wp-image-5434\" srcset=\"https:\/\/redelitoralrs.com\/wp-content\/uploads\/2025\/01\/Imagem-do-WhatsApp-de-2025-01-20-as-14.31.54_89c3a94c-1024x791.jpg 1024w, https:\/\/redelitoralrs.com\/wp-content\/uploads\/2025\/01\/Imagem-do-WhatsApp-de-2025-01-20-as-14.31.54_89c3a94c-300x232.jpg 300w, https:\/\/redelitoralrs.com\/wp-content\/uploads\/2025\/01\/Imagem-do-WhatsApp-de-2025-01-20-as-14.31.54_89c3a94c-768x593.jpg 768w, https:\/\/redelitoralrs.com\/wp-content\/uploads\/2025\/01\/Imagem-do-WhatsApp-de-2025-01-20-as-14.31.54_89c3a94c.jpg 1170w\" sizes=\"(max-width: 1024px) 100vw, 1024px\" \/><\/figure>\n\n\n\n<figure class=\"wp-block-image size-large\"><img decoding=\"async\" width=\"1024\" height=\"722\" data-id=\"5435\" src=\"https:\/\/redelitoralrs.com\/wp-content\/uploads\/2025\/01\/Imagem-do-WhatsApp-de-2025-01-20-as-14.31.54_436b3d34-1024x722.jpg\" alt=\"\" class=\"wp-image-5435\" srcset=\"https:\/\/redelitoralrs.com\/wp-content\/uploads\/2025\/01\/Imagem-do-WhatsApp-de-2025-01-20-as-14.31.54_436b3d34-1024x722.jpg 1024w, https:\/\/redelitoralrs.com\/wp-content\/uploads\/2025\/01\/Imagem-do-WhatsApp-de-2025-01-20-as-14.31.54_436b3d34-300x212.jpg 300w, https:\/\/redelitoralrs.com\/wp-content\/uploads\/2025\/01\/Imagem-do-WhatsApp-de-2025-01-20-as-14.31.54_436b3d34-768x542.jpg 768w, https:\/\/redelitoralrs.com\/wp-content\/uploads\/2025\/01\/Imagem-do-WhatsApp-de-2025-01-20-as-14.31.54_436b3d34.jpg 1170w\" sizes=\"(max-width: 1024px) 100vw, 1024px\" \/><\/figure>\n\n\n\n<figure class=\"wp-block-image size-large\"><img loading=\"lazy\" decoding=\"async\" width=\"1024\" height=\"806\" data-id=\"5436\" src=\"https:\/\/redelitoralrs.com\/wp-content\/uploads\/2025\/01\/Imagem-do-WhatsApp-de-2025-01-20-as-14.31.54_dc58ae6d-1024x806.jpg\" alt=\"\" class=\"wp-image-5436\" srcset=\"https:\/\/redelitoralrs.com\/wp-content\/uploads\/2025\/01\/Imagem-do-WhatsApp-de-2025-01-20-as-14.31.54_dc58ae6d-1024x806.jpg 1024w, https:\/\/redelitoralrs.com\/wp-content\/uploads\/2025\/01\/Imagem-do-WhatsApp-de-2025-01-20-as-14.31.54_dc58ae6d-300x236.jpg 300w, https:\/\/redelitoralrs.com\/wp-content\/uploads\/2025\/01\/Imagem-do-WhatsApp-de-2025-01-20-as-14.31.54_dc58ae6d-768x605.jpg 768w, https:\/\/redelitoralrs.com\/wp-content\/uploads\/2025\/01\/Imagem-do-WhatsApp-de-2025-01-20-as-14.31.54_dc58ae6d.jpg 1170w\" sizes=\"(max-width: 1024px) 100vw, 1024px\" \/><\/figure>\n<\/figure>\n","protected":false},"excerpt":{"rendered":"<p>Neste domingo (19), o acordo de paz entre Israel e Hamas finalmente entrou em vigor, ap\u00f3s um atraso de quase tr\u00eas horas, marcando um momento de esperan\u00e7a em meio a meses de conflito. Em Tel Aviv, as imagens foram emocionantes: centenas de pessoas se reuniram em uma pra\u00e7a para acompanhar, em uma transmiss\u00e3o ao vivo, [&hellip;]<\/p>\n","protected":false},"author":2,"featured_media":5433,"comment_status":"open","ping_status":"open","sticky":false,"template":"","format":"standard","meta":{"_themeisle_gutenberg_block_has_review":false,"footnotes":""},"categories":[15],"tags":[],"class_list":["post-5432","post","type-post","status-publish","format-standard","has-post-thumbnail","hentry","category-noticias"],"yoast_head":"<!-- This site is optimized with the Yoast SEO plugin v27.4 - https:\/\/yoast.com\/product\/yoast-seo-wordpress\/ -->\n<title>Cessar-Fogo em Gaza: Imagens de Paz e Esperan\u00e7a - Rede Litoral RS<\/title>\n<meta name=\"description\" content=\"Neste domingo (19), o acordo de paz entre Israel e Hamas finalmente entrou em vigor, ap\u00f3s um atraso de quase tr\u00eas horas, marcando um momento de esperan\u00e7a em meio a meses de conflito.\" \/>\n<meta name=\"robots\" content=\"index, follow, max-snippet:-1, max-image-preview:large, max-video-preview:-1\" \/>\n<link rel=\"canonical\" href=\"https:\/\/redelitoralrs.com\/index.php\/2025\/01\/20\/cessar-fogo-em-gaza-imagens-de-paz-e-esperanca\/\" \/>\n<meta property=\"og:locale\" content=\"pt_BR\" \/>\n<meta property=\"og:type\" content=\"article\" \/>\n<meta property=\"og:title\" content=\"Cessar-Fogo em Gaza: Imagens de Paz e Esperan\u00e7a - Rede Litoral RS\" \/>\n<meta property=\"og:description\" content=\"Neste domingo (19), o acordo de paz entre Israel e Hamas finalmente entrou em vigor, ap\u00f3s um atraso de quase tr\u00eas horas, marcando um momento de esperan\u00e7a em meio a meses de conflito.\" \/>\n<meta property=\"og:url\" content=\"https:\/\/redelitoralrs.com\/index.php\/2025\/01\/20\/cessar-fogo-em-gaza-imagens-de-paz-e-esperanca\/\" \/>\n<meta property=\"og:site_name\" content=\"Rede Litoral RS\" \/>\n<meta property=\"article:publisher\" content=\"https:\/\/www.facebook.com\/tvlitoralrsoficial\" \/>\n<meta property=\"article:published_time\" content=\"2025-01-20T17:50:09+00:00\" \/>\n<meta property=\"og:image\" content=\"https:\/\/redelitoralrs.com\/wp-content\/uploads\/2025\/01\/Imagem-do-WhatsApp-de-2025-01-20-as-14.31.53_e973a915.jpg\" \/>\n\t<meta property=\"og:image:width\" content=\"1170\" \/>\n\t<meta property=\"og:image:height\" content=\"881\" \/>\n\t<meta property=\"og:image:type\" content=\"image\/jpeg\" \/>\n<meta name=\"author\" content=\"Reda\u00e7\u00e3o TV Litoral\" \/>\n<meta name=\"twitter:card\" content=\"summary_large_image\" \/>\n<meta name=\"twitter:label1\" content=\"Escrito por\" \/>\n\t<meta name=\"twitter:data1\" content=\"Reda\u00e7\u00e3o TV Litoral\" \/>\n\t<meta name=\"twitter:label2\" content=\"Est. tempo de leitura\" \/>\n\t<meta name=\"twitter:data2\" content=\"3 minutos\" \/>\n<script type=\"application\/ld+json\" class=\"yoast-schema-graph\">{\"@context\":\"https:\\\/\\\/schema.org\",\"@graph\":[{\"@type\":\"Article\",\"@id\":\"https:\\\/\\\/redelitoralrs.com\\\/index.php\\\/2025\\\/01\\\/20\\\/cessar-fogo-em-gaza-imagens-de-paz-e-esperanca\\\/#article\",\"isPartOf\":{\"@id\":\"https:\\\/\\\/redelitoralrs.com\\\/index.php\\\/2025\\\/01\\\/20\\\/cessar-fogo-em-gaza-imagens-de-paz-e-esperanca\\\/\"},\"author\":{\"name\":\"Reda\u00e7\u00e3o TV Litoral\",\"@id\":\"https:\\\/\\\/redelitoralrs.com\\\/#\\\/schema\\\/person\\\/9f8181f2a7359dd3986f05ebaf5bd68a\"},\"headline\":\"Cessar-Fogo em Gaza: Imagens de Paz e Esperan\u00e7a\",\"datePublished\":\"2025-01-20T17:50:09+00:00\",\"mainEntityOfPage\":{\"@id\":\"https:\\\/\\\/redelitoralrs.com\\\/index.php\\\/2025\\\/01\\\/20\\\/cessar-fogo-em-gaza-imagens-de-paz-e-esperanca\\\/\"},\"wordCount\":270,\"commentCount\":0,\"publisher\":{\"@id\":\"https:\\\/\\\/redelitoralrs.com\\\/#organization\"},\"image\":{\"@id\":\"https:\\\/\\\/redelitoralrs.com\\\/index.php\\\/2025\\\/01\\\/20\\\/cessar-fogo-em-gaza-imagens-de-paz-e-esperanca\\\/#primaryimage\"},\"thumbnailUrl\":\"https:\\\/\\\/redelitoralrs.com\\\/wp-content\\\/uploads\\\/2025\\\/01\\\/Imagem-do-WhatsApp-de-2025-01-20-as-14.31.53_e973a915.jpg\",\"articleSection\":[\"\u00daltimas not\u00edcias\"],\"inLanguage\":\"pt-BR\",\"potentialAction\":[{\"@type\":\"CommentAction\",\"name\":\"Comment\",\"target\":[\"https:\\\/\\\/redelitoralrs.com\\\/index.php\\\/2025\\\/01\\\/20\\\/cessar-fogo-em-gaza-imagens-de-paz-e-esperanca\\\/#respond\"]}]},{\"@type\":\"WebPage\",\"@id\":\"https:\\\/\\\/redelitoralrs.com\\\/index.php\\\/2025\\\/01\\\/20\\\/cessar-fogo-em-gaza-imagens-de-paz-e-esperanca\\\/\",\"url\":\"https:\\\/\\\/redelitoralrs.com\\\/index.php\\\/2025\\\/01\\\/20\\\/cessar-fogo-em-gaza-imagens-de-paz-e-esperanca\\\/\",\"name\":\"Cessar-Fogo em Gaza: Imagens de Paz e Esperan\u00e7a - Rede Litoral RS\",\"isPartOf\":{\"@id\":\"https:\\\/\\\/redelitoralrs.com\\\/#website\"},\"primaryImageOfPage\":{\"@id\":\"https:\\\/\\\/redelitoralrs.com\\\/index.php\\\/2025\\\/01\\\/20\\\/cessar-fogo-em-gaza-imagens-de-paz-e-esperanca\\\/#primaryimage\"},\"image\":{\"@id\":\"https:\\\/\\\/redelitoralrs.com\\\/index.php\\\/2025\\\/01\\\/20\\\/cessar-fogo-em-gaza-imagens-de-paz-e-esperanca\\\/#primaryimage\"},\"thumbnailUrl\":\"https:\\\/\\\/redelitoralrs.com\\\/wp-content\\\/uploads\\\/2025\\\/01\\\/Imagem-do-WhatsApp-de-2025-01-20-as-14.31.53_e973a915.jpg\",\"datePublished\":\"2025-01-20T17:50:09+00:00\",\"description\":\"Neste domingo (19), o acordo de paz entre Israel e Hamas finalmente entrou em vigor, ap\u00f3s um atraso de quase tr\u00eas horas, marcando um momento de esperan\u00e7a em meio a meses de conflito.\",\"breadcrumb\":{\"@id\":\"https:\\\/\\\/redelitoralrs.com\\\/index.php\\\/2025\\\/01\\\/20\\\/cessar-fogo-em-gaza-imagens-de-paz-e-esperanca\\\/#breadcrumb\"},\"inLanguage\":\"pt-BR\",\"potentialAction\":[{\"@type\":\"ReadAction\",\"target\":[\"https:\\\/\\\/redelitoralrs.com\\\/index.php\\\/2025\\\/01\\\/20\\\/cessar-fogo-em-gaza-imagens-de-paz-e-esperanca\\\/\"]}]},{\"@type\":\"ImageObject\",\"inLanguage\":\"pt-BR\",\"@id\":\"https:\\\/\\\/redelitoralrs.com\\\/index.php\\\/2025\\\/01\\\/20\\\/cessar-fogo-em-gaza-imagens-de-paz-e-esperanca\\\/#primaryimage\",\"url\":\"https:\\\/\\\/redelitoralrs.com\\\/wp-content\\\/uploads\\\/2025\\\/01\\\/Imagem-do-WhatsApp-de-2025-01-20-as-14.31.53_e973a915.jpg\",\"contentUrl\":\"https:\\\/\\\/redelitoralrs.com\\\/wp-content\\\/uploads\\\/2025\\\/01\\\/Imagem-do-WhatsApp-de-2025-01-20-as-14.31.53_e973a915.jpg\",\"width\":1170,\"height\":881},{\"@type\":\"BreadcrumbList\",\"@id\":\"https:\\\/\\\/redelitoralrs.com\\\/index.php\\\/2025\\\/01\\\/20\\\/cessar-fogo-em-gaza-imagens-de-paz-e-esperanca\\\/#breadcrumb\",\"itemListElement\":[{\"@type\":\"ListItem\",\"position\":1,\"name\":\"In\u00edcio\",\"item\":\"https:\\\/\\\/redelitoralrs.com\\\/\"},{\"@type\":\"ListItem\",\"position\":2,\"name\":\"Cessar-Fogo em Gaza: Imagens de Paz e Esperan\u00e7a\"}]},{\"@type\":\"WebSite\",\"@id\":\"https:\\\/\\\/redelitoralrs.com\\\/#website\",\"url\":\"https:\\\/\\\/redelitoralrs.com\\\/\",\"name\":\"TV Litoral\",\"description\":\"Acompanhe tudo do litoral ga\u00facho com a cobertura completa e atualizada da Rede Litoral RS. Nossos jornalistas trazem as \u00faltimas not\u00edcias, os acontecimentos mais quentes e as hist\u00f3rias que importam sobre nosso amado litoral.\",\"publisher\":{\"@id\":\"https:\\\/\\\/redelitoralrs.com\\\/#organization\"},\"potentialAction\":[{\"@type\":\"SearchAction\",\"target\":{\"@type\":\"EntryPoint\",\"urlTemplate\":\"https:\\\/\\\/redelitoralrs.com\\\/?s={search_term_string}\"},\"query-input\":{\"@type\":\"PropertyValueSpecification\",\"valueRequired\":true,\"valueName\":\"search_term_string\"}}],\"inLanguage\":\"pt-BR\"},{\"@type\":\"Organization\",\"@id\":\"https:\\\/\\\/redelitoralrs.com\\\/#organization\",\"name\":\"TV Litoral\",\"url\":\"https:\\\/\\\/redelitoralrs.com\\\/\",\"logo\":{\"@type\":\"ImageObject\",\"inLanguage\":\"pt-BR\",\"@id\":\"https:\\\/\\\/redelitoralrs.com\\\/#\\\/schema\\\/logo\\\/image\\\/\",\"url\":\"https:\\\/\\\/redelitoralrs.com\\\/wp-content\\\/uploads\\\/2024\\\/01\\\/faviconicon-1-1.png\",\"contentUrl\":\"https:\\\/\\\/redelitoralrs.com\\\/wp-content\\\/uploads\\\/2024\\\/01\\\/faviconicon-1-1.png\",\"width\":454,\"height\":454,\"caption\":\"TV Litoral\"},\"image\":{\"@id\":\"https:\\\/\\\/redelitoralrs.com\\\/#\\\/schema\\\/logo\\\/image\\\/\"},\"sameAs\":[\"https:\\\/\\\/www.facebook.com\\\/tvlitoralrsoficial\",\"https:\\\/\\\/www.instagram.com\\\/tvlitoral.rs\"]},{\"@type\":\"Person\",\"@id\":\"https:\\\/\\\/redelitoralrs.com\\\/#\\\/schema\\\/person\\\/9f8181f2a7359dd3986f05ebaf5bd68a\",\"name\":\"Reda\u00e7\u00e3o TV Litoral\",\"image\":{\"@type\":\"ImageObject\",\"inLanguage\":\"pt-BR\",\"@id\":\"https:\\\/\\\/redelitoralrs.com\\\/wp-content\\\/litespeed\\\/avatar\\\/779aafbb45e66c7f82733e21abb48259.jpg?ver=1777561602\",\"url\":\"https:\\\/\\\/redelitoralrs.com\\\/wp-content\\\/litespeed\\\/avatar\\\/779aafbb45e66c7f82733e21abb48259.jpg?ver=1777561602\",\"contentUrl\":\"https:\\\/\\\/redelitoralrs.com\\\/wp-content\\\/litespeed\\\/avatar\\\/779aafbb45e66c7f82733e21abb48259.jpg?ver=1777561602\",\"caption\":\"Reda\u00e7\u00e3o TV Litoral\"},\"description\":\"A Rede Litoral de Comunica\u00e7\u00e3o \u00e9 um grupo de m\u00eddia multiplataforma do Litoral Norte do RS. Com atua\u00e7\u00e3o em TV, r\u00e1dio, portal e redes sociais, levamos informa\u00e7\u00e3o, conte\u00fado e entretenimento \u00e0 comunidade, fortalecendo a comunica\u00e7\u00e3o local e impulsionando o desenvolvimento regional. Acompanhe atrav\u00e9s de @redelitoralrs.\",\"sameAs\":[\"https:\\\/\\\/redelitoralrs.com\",\"https:\\\/\\\/www.instagram.com\\\/redelitoralrs\",\"https:\\\/\\\/www.youtube.com\\\/@redelitoralrs\"],\"url\":\"https:\\\/\\\/redelitoralrs.com\\\/index.php\\\/author\\\/redacaotvlitoral\\\/\"}]}<\/script>\n<!-- \/ Yoast SEO plugin. -->","yoast_head_json":{"title":"Cessar-Fogo em Gaza: Imagens de Paz e Esperan\u00e7a - Rede Litoral RS","description":"Neste domingo (19), o acordo de paz entre Israel e Hamas finalmente entrou em vigor, ap\u00f3s um atraso de quase tr\u00eas horas, marcando um momento de esperan\u00e7a em meio a meses de conflito.","robots":{"index":"index","follow":"follow","max-snippet":"max-snippet:-1","max-image-preview":"max-image-preview:large","max-video-preview":"max-video-preview:-1"},"canonical":"https:\/\/redelitoralrs.com\/index.php\/2025\/01\/20\/cessar-fogo-em-gaza-imagens-de-paz-e-esperanca\/","og_locale":"pt_BR","og_type":"article","og_title":"Cessar-Fogo em Gaza: Imagens de Paz e Esperan\u00e7a - Rede Litoral RS","og_description":"Neste domingo (19), o acordo de paz entre Israel e Hamas finalmente entrou em vigor, ap\u00f3s um atraso de quase tr\u00eas horas, marcando um momento de esperan\u00e7a em meio a meses de conflito.","og_url":"https:\/\/redelitoralrs.com\/index.php\/2025\/01\/20\/cessar-fogo-em-gaza-imagens-de-paz-e-esperanca\/","og_site_name":"Rede Litoral RS","article_publisher":"https:\/\/www.facebook.com\/tvlitoralrsoficial","article_published_time":"2025-01-20T17:50:09+00:00","og_image":[{"width":1170,"height":881,"url":"https:\/\/redelitoralrs.com\/wp-content\/uploads\/2025\/01\/Imagem-do-WhatsApp-de-2025-01-20-as-14.31.53_e973a915.jpg","type":"image\/jpeg"}],"author":"Reda\u00e7\u00e3o TV Litoral","twitter_card":"summary_large_image","twitter_misc":{"Escrito por":"Reda\u00e7\u00e3o TV Litoral","Est. tempo de leitura":"3 minutos"},"schema":{"@context":"https:\/\/schema.org","@graph":[{"@type":"Article","@id":"https:\/\/redelitoralrs.com\/index.php\/2025\/01\/20\/cessar-fogo-em-gaza-imagens-de-paz-e-esperanca\/#article","isPartOf":{"@id":"https:\/\/redelitoralrs.com\/index.php\/2025\/01\/20\/cessar-fogo-em-gaza-imagens-de-paz-e-esperanca\/"},"author":{"name":"Reda\u00e7\u00e3o TV Litoral","@id":"https:\/\/redelitoralrs.com\/#\/schema\/person\/9f8181f2a7359dd3986f05ebaf5bd68a"},"headline":"Cessar-Fogo em Gaza: Imagens de Paz e Esperan\u00e7a","datePublished":"2025-01-20T17:50:09+00:00","mainEntityOfPage":{"@id":"https:\/\/redelitoralrs.com\/index.php\/2025\/01\/20\/cessar-fogo-em-gaza-imagens-de-paz-e-esperanca\/"},"wordCount":270,"commentCount":0,"publisher":{"@id":"https:\/\/redelitoralrs.com\/#organization"},"image":{"@id":"https:\/\/redelitoralrs.com\/index.php\/2025\/01\/20\/cessar-fogo-em-gaza-imagens-de-paz-e-esperanca\/#primaryimage"},"thumbnailUrl":"https:\/\/redelitoralrs.com\/wp-content\/uploads\/2025\/01\/Imagem-do-WhatsApp-de-2025-01-20-as-14.31.53_e973a915.jpg","articleSection":["\u00daltimas not\u00edcias"],"inLanguage":"pt-BR","potentialAction":[{"@type":"CommentAction","name":"Comment","target":["https:\/\/redelitoralrs.com\/index.php\/2025\/01\/20\/cessar-fogo-em-gaza-imagens-de-paz-e-esperanca\/#respond"]}]},{"@type":"WebPage","@id":"https:\/\/redelitoralrs.com\/index.php\/2025\/01\/20\/cessar-fogo-em-gaza-imagens-de-paz-e-esperanca\/","url":"https:\/\/redelitoralrs.com\/index.php\/2025\/01\/20\/cessar-fogo-em-gaza-imagens-de-paz-e-esperanca\/","name":"Cessar-Fogo em Gaza: Imagens de Paz e Esperan\u00e7a - Rede Litoral RS","isPartOf":{"@id":"https:\/\/redelitoralrs.com\/#website"},"primaryImageOfPage":{"@id":"https:\/\/redelitoralrs.com\/index.php\/2025\/01\/20\/cessar-fogo-em-gaza-imagens-de-paz-e-esperanca\/#primaryimage"},"image":{"@id":"https:\/\/redelitoralrs.com\/index.php\/2025\/01\/20\/cessar-fogo-em-gaza-imagens-de-paz-e-esperanca\/#primaryimage"},"thumbnailUrl":"https:\/\/redelitoralrs.com\/wp-content\/uploads\/2025\/01\/Imagem-do-WhatsApp-de-2025-01-20-as-14.31.53_e973a915.jpg","datePublished":"2025-01-20T17:50:09+00:00","description":"Neste domingo (19), o acordo de paz entre Israel e Hamas finalmente entrou em vigor, ap\u00f3s um atraso de quase tr\u00eas horas, marcando um momento de esperan\u00e7a em meio a meses de conflito.","breadcrumb":{"@id":"https:\/\/redelitoralrs.com\/index.php\/2025\/01\/20\/cessar-fogo-em-gaza-imagens-de-paz-e-esperanca\/#breadcrumb"},"inLanguage":"pt-BR","potentialAction":[{"@type":"ReadAction","target":["https:\/\/redelitoralrs.com\/index.php\/2025\/01\/20\/cessar-fogo-em-gaza-imagens-de-paz-e-esperanca\/"]}]},{"@type":"ImageObject","inLanguage":"pt-BR","@id":"https:\/\/redelitoralrs.com\/index.php\/2025\/01\/20\/cessar-fogo-em-gaza-imagens-de-paz-e-esperanca\/#primaryimage","url":"https:\/\/redelitoralrs.com\/wp-content\/uploads\/2025\/01\/Imagem-do-WhatsApp-de-2025-01-20-as-14.31.53_e973a915.jpg","contentUrl":"https:\/\/redelitoralrs.com\/wp-content\/uploads\/2025\/01\/Imagem-do-WhatsApp-de-2025-01-20-as-14.31.53_e973a915.jpg","width":1170,"height":881},{"@type":"BreadcrumbList","@id":"https:\/\/redelitoralrs.com\/index.php\/2025\/01\/20\/cessar-fogo-em-gaza-imagens-de-paz-e-esperanca\/#breadcrumb","itemListElement":[{"@type":"ListItem","position":1,"name":"In\u00edcio","item":"https:\/\/redelitoralrs.com\/"},{"@type":"ListItem","position":2,"name":"Cessar-Fogo em Gaza: Imagens de Paz e Esperan\u00e7a"}]},{"@type":"WebSite","@id":"https:\/\/redelitoralrs.com\/#website","url":"https:\/\/redelitoralrs.com\/","name":"TV Litoral","description":"Acompanhe tudo do litoral ga\u00facho com a cobertura completa e atualizada da Rede Litoral RS. Nossos jornalistas trazem as \u00faltimas not\u00edcias, os acontecimentos mais quentes e as hist\u00f3rias que importam sobre nosso amado litoral.","publisher":{"@id":"https:\/\/redelitoralrs.com\/#organization"},"potentialAction":[{"@type":"SearchAction","target":{"@type":"EntryPoint","urlTemplate":"https:\/\/redelitoralrs.com\/?s={search_term_string}"},"query-input":{"@type":"PropertyValueSpecification","valueRequired":true,"valueName":"search_term_string"}}],"inLanguage":"pt-BR"},{"@type":"Organization","@id":"https:\/\/redelitoralrs.com\/#organization","name":"TV Litoral","url":"https:\/\/redelitoralrs.com\/","logo":{"@type":"ImageObject","inLanguage":"pt-BR","@id":"https:\/\/redelitoralrs.com\/#\/schema\/logo\/image\/","url":"https:\/\/redelitoralrs.com\/wp-content\/uploads\/2024\/01\/faviconicon-1-1.png","contentUrl":"https:\/\/redelitoralrs.com\/wp-content\/uploads\/2024\/01\/faviconicon-1-1.png","width":454,"height":454,"caption":"TV Litoral"},"image":{"@id":"https:\/\/redelitoralrs.com\/#\/schema\/logo\/image\/"},"sameAs":["https:\/\/www.facebook.com\/tvlitoralrsoficial","https:\/\/www.instagram.com\/tvlitoral.rs"]},{"@type":"Person","@id":"https:\/\/redelitoralrs.com\/#\/schema\/person\/9f8181f2a7359dd3986f05ebaf5bd68a","name":"Reda\u00e7\u00e3o TV Litoral","image":{"@type":"ImageObject","inLanguage":"pt-BR","@id":"https:\/\/redelitoralrs.com\/wp-content\/litespeed\/avatar\/779aafbb45e66c7f82733e21abb48259.jpg?ver=1777561602","url":"https:\/\/redelitoralrs.com\/wp-content\/litespeed\/avatar\/779aafbb45e66c7f82733e21abb48259.jpg?ver=1777561602","contentUrl":"https:\/\/redelitoralrs.com\/wp-content\/litespeed\/avatar\/779aafbb45e66c7f82733e21abb48259.jpg?ver=1777561602","caption":"Reda\u00e7\u00e3o TV Litoral"},"description":"A Rede Litoral de Comunica\u00e7\u00e3o \u00e9 um grupo de m\u00eddia multiplataforma do Litoral Norte do RS. Com atua\u00e7\u00e3o em TV, r\u00e1dio, portal e redes sociais, levamos informa\u00e7\u00e3o, conte\u00fado e entretenimento \u00e0 comunidade, fortalecendo a comunica\u00e7\u00e3o local e impulsionando o desenvolvimento regional. Acompanhe atrav\u00e9s de @redelitoralrs.","sameAs":["https:\/\/redelitoralrs.com","https:\/\/www.instagram.com\/redelitoralrs","https:\/\/www.youtube.com\/@redelitoralrs"],"url":"https:\/\/redelitoralrs.com\/index.php\/author\/redacaotvlitoral\/"}]}},"_links":{"self":[{"href":"https:\/\/redelitoralrs.com\/index.php\/wp-json\/wp\/v2\/posts\/5432","targetHints":{"allow":["GET"]}}],"collection":[{"href":"https:\/\/redelitoralrs.com\/index.php\/wp-json\/wp\/v2\/posts"}],"about":[{"href":"https:\/\/redelitoralrs.com\/index.php\/wp-json\/wp\/v2\/types\/post"}],"author":[{"embeddable":true,"href":"https:\/\/redelitoralrs.com\/index.php\/wp-json\/wp\/v2\/users\/2"}],"replies":[{"embeddable":true,"href":"https:\/\/redelitoralrs.com\/index.php\/wp-json\/wp\/v2\/comments?post=5432"}],"version-history":[{"count":1,"href":"https:\/\/redelitoralrs.com\/index.php\/wp-json\/wp\/v2\/posts\/5432\/revisions"}],"predecessor-version":[{"id":5437,"href":"https:\/\/redelitoralrs.com\/index.php\/wp-json\/wp\/v2\/posts\/5432\/revisions\/5437"}],"wp:featuredmedia":[{"embeddable":true,"href":"https:\/\/redelitoralrs.com\/index.php\/wp-json\/wp\/v2\/media\/5433"}],"wp:attachment":[{"href":"https:\/\/redelitoralrs.com\/index.php\/wp-json\/wp\/v2\/media?parent=5432"}],"wp:term":[{"taxonomy":"category","embeddable":true,"href":"https:\/\/redelitoralrs.com\/index.php\/wp-json\/wp\/v2\/categories?post=5432"},{"taxonomy":"post_tag","embeddable":true,"href":"https:\/\/redelitoralrs.com\/index.php\/wp-json\/wp\/v2\/tags?post=5432"}],"curies":[{"name":"wp","href":"https:\/\/api.w.org\/{rel}","templated":true}]}}