{"id":5396,"date":"2025-01-17T14:03:40","date_gmt":"2025-01-17T17:03:40","guid":{"rendered":"https:\/\/redelitoralrs.com\/?p=5396"},"modified":"2025-01-17T14:03:40","modified_gmt":"2025-01-17T17:03:40","slug":"tv-litoral-tiktok-sera-banido-dos-estados-unidos-neste-domingo","status":"publish","type":"post","link":"https:\/\/redelitoralrs.com\/index.php\/2025\/01\/17\/tv-litoral-tiktok-sera-banido-dos-estados-unidos-neste-domingo\/","title":{"rendered":"TV Litoral: TikTok ser\u00e1 banido dos Estados Unidos neste domingo"},"content":{"rendered":"\n<p><\/p>\n\n\n\n<p>A Suprema Corte dos Estados Unidos decidiu nesta sexta-feira (17) manter o banimento do TikTok no pa\u00eds. A rede social chinesa, controlada pela empresa ByteDance, dever\u00e1 ser bloqueada a partir deste domingo (19), conforme previsto em uma lei aprovada pelo Congresso norte-americano no ano passado.<\/p>\n\n\n\n<p>A ByteDance tentou recorrer \u00e0 Justi\u00e7a para suspender a medida, mas o pedido foi negado pela Suprema Corte. Para continuar operando nos EUA, a empresa precisaria vender o controle da rede social, algo que, at\u00e9 o momento, n\u00e3o foi concretizado.<\/p>\n\n\n\n<p>O presidente dos Estados Unidos, Donald Trump, informou que conversou com o presidente chin\u00eas, Xi Jinping, nesta sexta-feira. Apesar do di\u00e1logo, que abordou a quest\u00e3o do TikTok, Trump n\u00e3o sinalizou que pretende interferir na aplica\u00e7\u00e3o da lei que determina o bloqueio da plataforma.<\/p>\n\n\n\n<p>Enquanto isso, usu\u00e1rios norte-americanos buscam alternativas semelhantes ao TikTok para continuar produzindo e consumindo conte\u00fados. O futuro da plataforma no pa\u00eds agora depende de uma poss\u00edvel negocia\u00e7\u00e3o de venda ou outras medidas legais que possam ser tomadas pela controladora chinesa.<\/p>\n\n\n\n<p>TV Litoral: Informa\u00e7\u00e3o&nbsp;para&nbsp;voc\u00ea!<\/p>\n\n\n\n<figure class=\"wp-block-gallery has-nested-images columns-default is-cropped wp-block-gallery-1 is-layout-flex wp-block-gallery-is-layout-flex\">\n<figure class=\"wp-block-image size-large\"><img fetchpriority=\"high\" decoding=\"async\" width=\"266\" height=\"189\" data-id=\"5397\" src=\"https:\/\/redelitoralrs.com\/wp-content\/uploads\/2025\/01\/download.png\" alt=\"\" class=\"wp-image-5397\"\/><\/figure>\n<\/figure>\n","protected":false},"excerpt":{"rendered":"<p>A Suprema Corte dos Estados Unidos decidiu nesta sexta-feira (17) manter o banimento do TikTok no pa\u00eds. A rede social chinesa, controlada pela empresa ByteDance, dever\u00e1 ser bloqueada a partir deste domingo (19), conforme previsto em uma lei aprovada pelo Congresso norte-americano no ano passado. A ByteDance tentou recorrer \u00e0 Justi\u00e7a para suspender a medida, [&hellip;]<\/p>\n","protected":false},"author":2,"featured_media":5397,"comment_status":"open","ping_status":"open","sticky":false,"template":"","format":"standard","meta":{"_themeisle_gutenberg_block_has_review":false,"footnotes":""},"categories":[15],"tags":[],"class_list":["post-5396","post","type-post","status-publish","format-standard","has-post-thumbnail","hentry","category-noticias"],"yoast_head":"<!-- This site is optimized with the Yoast SEO plugin v27.4 - https:\/\/yoast.com\/product\/yoast-seo-wordpress\/ -->\n<title>TV Litoral: TikTok ser\u00e1 banido dos Estados Unidos neste domingo - Rede Litoral RS<\/title>\n<meta name=\"description\" content=\"A Suprema Corte dos Estados Unidos decidiu nesta sexta-feira (17) manter o banimento do TikTok no pa\u00eds. A rede social chinesa, controlada pela empresa ByteDance, dever\u00e1 ser bloqueada a partir deste domingo (19), conforme previsto em uma lei aprovada pelo Congresso norte-americano no ano passado.\" \/>\n<meta name=\"robots\" content=\"index, follow, max-snippet:-1, max-image-preview:large, max-video-preview:-1\" \/>\n<link rel=\"canonical\" href=\"https:\/\/redelitoralrs.com\/index.php\/2025\/01\/17\/tv-litoral-tiktok-sera-banido-dos-estados-unidos-neste-domingo\/\" \/>\n<meta property=\"og:locale\" content=\"pt_BR\" \/>\n<meta property=\"og:type\" content=\"article\" \/>\n<meta property=\"og:title\" content=\"TV Litoral: TikTok ser\u00e1 banido dos Estados Unidos neste domingo - Rede Litoral RS\" \/>\n<meta property=\"og:description\" content=\"A Suprema Corte dos Estados Unidos decidiu nesta sexta-feira (17) manter o banimento do TikTok no pa\u00eds. A rede social chinesa, controlada pela empresa ByteDance, dever\u00e1 ser bloqueada a partir deste domingo (19), conforme previsto em uma lei aprovada pelo Congresso norte-americano no ano passado.\" \/>\n<meta property=\"og:url\" content=\"https:\/\/redelitoralrs.com\/index.php\/2025\/01\/17\/tv-litoral-tiktok-sera-banido-dos-estados-unidos-neste-domingo\/\" \/>\n<meta property=\"og:site_name\" content=\"Rede Litoral RS\" \/>\n<meta property=\"article:publisher\" content=\"https:\/\/www.facebook.com\/tvlitoralrsoficial\" \/>\n<meta property=\"article:published_time\" content=\"2025-01-17T17:03:40+00:00\" \/>\n<meta property=\"og:image\" content=\"https:\/\/redelitoralrs.com\/wp-content\/uploads\/2025\/01\/download.png\" \/>\n\t<meta property=\"og:image:width\" content=\"266\" \/>\n\t<meta property=\"og:image:height\" content=\"189\" \/>\n\t<meta property=\"og:image:type\" content=\"image\/png\" \/>\n<meta name=\"author\" content=\"Reda\u00e7\u00e3o TV Litoral\" \/>\n<meta name=\"twitter:card\" content=\"summary_large_image\" \/>\n<meta name=\"twitter:label1\" content=\"Escrito por\" \/>\n\t<meta name=\"twitter:data1\" content=\"Reda\u00e7\u00e3o TV Litoral\" \/>\n\t<meta name=\"twitter:label2\" content=\"Est. tempo de leitura\" \/>\n\t<meta name=\"twitter:data2\" content=\"2 minutos\" \/>\n<script type=\"application\/ld+json\" class=\"yoast-schema-graph\">{\"@context\":\"https:\\\/\\\/schema.org\",\"@graph\":[{\"@type\":\"Article\",\"@id\":\"https:\\\/\\\/redelitoralrs.com\\\/index.php\\\/2025\\\/01\\\/17\\\/tv-litoral-tiktok-sera-banido-dos-estados-unidos-neste-domingo\\\/#article\",\"isPartOf\":{\"@id\":\"https:\\\/\\\/redelitoralrs.com\\\/index.php\\\/2025\\\/01\\\/17\\\/tv-litoral-tiktok-sera-banido-dos-estados-unidos-neste-domingo\\\/\"},\"author\":{\"name\":\"Reda\u00e7\u00e3o TV Litoral\",\"@id\":\"https:\\\/\\\/redelitoralrs.com\\\/#\\\/schema\\\/person\\\/9f8181f2a7359dd3986f05ebaf5bd68a\"},\"headline\":\"TV Litoral: TikTok ser\u00e1 banido dos Estados Unidos neste domingo\",\"datePublished\":\"2025-01-17T17:03:40+00:00\",\"mainEntityOfPage\":{\"@id\":\"https:\\\/\\\/redelitoralrs.com\\\/index.php\\\/2025\\\/01\\\/17\\\/tv-litoral-tiktok-sera-banido-dos-estados-unidos-neste-domingo\\\/\"},\"wordCount\":196,\"commentCount\":0,\"publisher\":{\"@id\":\"https:\\\/\\\/redelitoralrs.com\\\/#organization\"},\"image\":{\"@id\":\"https:\\\/\\\/redelitoralrs.com\\\/index.php\\\/2025\\\/01\\\/17\\\/tv-litoral-tiktok-sera-banido-dos-estados-unidos-neste-domingo\\\/#primaryimage\"},\"thumbnailUrl\":\"https:\\\/\\\/redelitoralrs.com\\\/wp-content\\\/uploads\\\/2025\\\/01\\\/download.png\",\"articleSection\":[\"\u00daltimas not\u00edcias\"],\"inLanguage\":\"pt-BR\",\"potentialAction\":[{\"@type\":\"CommentAction\",\"name\":\"Comment\",\"target\":[\"https:\\\/\\\/redelitoralrs.com\\\/index.php\\\/2025\\\/01\\\/17\\\/tv-litoral-tiktok-sera-banido-dos-estados-unidos-neste-domingo\\\/#respond\"]}]},{\"@type\":\"WebPage\",\"@id\":\"https:\\\/\\\/redelitoralrs.com\\\/index.php\\\/2025\\\/01\\\/17\\\/tv-litoral-tiktok-sera-banido-dos-estados-unidos-neste-domingo\\\/\",\"url\":\"https:\\\/\\\/redelitoralrs.com\\\/index.php\\\/2025\\\/01\\\/17\\\/tv-litoral-tiktok-sera-banido-dos-estados-unidos-neste-domingo\\\/\",\"name\":\"TV Litoral: TikTok ser\u00e1 banido dos Estados Unidos neste domingo - Rede Litoral RS\",\"isPartOf\":{\"@id\":\"https:\\\/\\\/redelitoralrs.com\\\/#website\"},\"primaryImageOfPage\":{\"@id\":\"https:\\\/\\\/redelitoralrs.com\\\/index.php\\\/2025\\\/01\\\/17\\\/tv-litoral-tiktok-sera-banido-dos-estados-unidos-neste-domingo\\\/#primaryimage\"},\"image\":{\"@id\":\"https:\\\/\\\/redelitoralrs.com\\\/index.php\\\/2025\\\/01\\\/17\\\/tv-litoral-tiktok-sera-banido-dos-estados-unidos-neste-domingo\\\/#primaryimage\"},\"thumbnailUrl\":\"https:\\\/\\\/redelitoralrs.com\\\/wp-content\\\/uploads\\\/2025\\\/01\\\/download.png\",\"datePublished\":\"2025-01-17T17:03:40+00:00\",\"description\":\"A Suprema Corte dos Estados Unidos decidiu nesta sexta-feira (17) manter o banimento do TikTok no pa\u00eds. A rede social chinesa, controlada pela empresa ByteDance, dever\u00e1 ser bloqueada a partir deste domingo (19), conforme previsto em uma lei aprovada pelo Congresso norte-americano no ano passado.\",\"breadcrumb\":{\"@id\":\"https:\\\/\\\/redelitoralrs.com\\\/index.php\\\/2025\\\/01\\\/17\\\/tv-litoral-tiktok-sera-banido-dos-estados-unidos-neste-domingo\\\/#breadcrumb\"},\"inLanguage\":\"pt-BR\",\"potentialAction\":[{\"@type\":\"ReadAction\",\"target\":[\"https:\\\/\\\/redelitoralrs.com\\\/index.php\\\/2025\\\/01\\\/17\\\/tv-litoral-tiktok-sera-banido-dos-estados-unidos-neste-domingo\\\/\"]}]},{\"@type\":\"ImageObject\",\"inLanguage\":\"pt-BR\",\"@id\":\"https:\\\/\\\/redelitoralrs.com\\\/index.php\\\/2025\\\/01\\\/17\\\/tv-litoral-tiktok-sera-banido-dos-estados-unidos-neste-domingo\\\/#primaryimage\",\"url\":\"https:\\\/\\\/redelitoralrs.com\\\/wp-content\\\/uploads\\\/2025\\\/01\\\/download.png\",\"contentUrl\":\"https:\\\/\\\/redelitoralrs.com\\\/wp-content\\\/uploads\\\/2025\\\/01\\\/download.png\",\"width\":266,\"height\":189},{\"@type\":\"BreadcrumbList\",\"@id\":\"https:\\\/\\\/redelitoralrs.com\\\/index.php\\\/2025\\\/01\\\/17\\\/tv-litoral-tiktok-sera-banido-dos-estados-unidos-neste-domingo\\\/#breadcrumb\",\"itemListElement\":[{\"@type\":\"ListItem\",\"position\":1,\"name\":\"In\u00edcio\",\"item\":\"https:\\\/\\\/redelitoralrs.com\\\/\"},{\"@type\":\"ListItem\",\"position\":2,\"name\":\"TV Litoral: TikTok ser\u00e1 banido dos Estados Unidos neste domingo\"}]},{\"@type\":\"WebSite\",\"@id\":\"https:\\\/\\\/redelitoralrs.com\\\/#website\",\"url\":\"https:\\\/\\\/redelitoralrs.com\\\/\",\"name\":\"TV Litoral\",\"description\":\"Acompanhe tudo do litoral ga\u00facho com a cobertura completa e atualizada da Rede Litoral RS. Nossos jornalistas trazem as \u00faltimas not\u00edcias, os acontecimentos mais quentes e as hist\u00f3rias que importam sobre nosso amado litoral.\",\"publisher\":{\"@id\":\"https:\\\/\\\/redelitoralrs.com\\\/#organization\"},\"potentialAction\":[{\"@type\":\"SearchAction\",\"target\":{\"@type\":\"EntryPoint\",\"urlTemplate\":\"https:\\\/\\\/redelitoralrs.com\\\/?s={search_term_string}\"},\"query-input\":{\"@type\":\"PropertyValueSpecification\",\"valueRequired\":true,\"valueName\":\"search_term_string\"}}],\"inLanguage\":\"pt-BR\"},{\"@type\":\"Organization\",\"@id\":\"https:\\\/\\\/redelitoralrs.com\\\/#organization\",\"name\":\"TV Litoral\",\"url\":\"https:\\\/\\\/redelitoralrs.com\\\/\",\"logo\":{\"@type\":\"ImageObject\",\"inLanguage\":\"pt-BR\",\"@id\":\"https:\\\/\\\/redelitoralrs.com\\\/#\\\/schema\\\/logo\\\/image\\\/\",\"url\":\"https:\\\/\\\/redelitoralrs.com\\\/wp-content\\\/uploads\\\/2024\\\/01\\\/faviconicon-1-1.png\",\"contentUrl\":\"https:\\\/\\\/redelitoralrs.com\\\/wp-content\\\/uploads\\\/2024\\\/01\\\/faviconicon-1-1.png\",\"width\":454,\"height\":454,\"caption\":\"TV Litoral\"},\"image\":{\"@id\":\"https:\\\/\\\/redelitoralrs.com\\\/#\\\/schema\\\/logo\\\/image\\\/\"},\"sameAs\":[\"https:\\\/\\\/www.facebook.com\\\/tvlitoralrsoficial\",\"https:\\\/\\\/www.instagram.com\\\/tvlitoral.rs\"]},{\"@type\":\"Person\",\"@id\":\"https:\\\/\\\/redelitoralrs.com\\\/#\\\/schema\\\/person\\\/9f8181f2a7359dd3986f05ebaf5bd68a\",\"name\":\"Reda\u00e7\u00e3o TV Litoral\",\"image\":{\"@type\":\"ImageObject\",\"inLanguage\":\"pt-BR\",\"@id\":\"https:\\\/\\\/redelitoralrs.com\\\/wp-content\\\/litespeed\\\/avatar\\\/779aafbb45e66c7f82733e21abb48259.jpg?ver=1776956734\",\"url\":\"https:\\\/\\\/redelitoralrs.com\\\/wp-content\\\/litespeed\\\/avatar\\\/779aafbb45e66c7f82733e21abb48259.jpg?ver=1776956734\",\"contentUrl\":\"https:\\\/\\\/redelitoralrs.com\\\/wp-content\\\/litespeed\\\/avatar\\\/779aafbb45e66c7f82733e21abb48259.jpg?ver=1776956734\",\"caption\":\"Reda\u00e7\u00e3o TV Litoral\"},\"description\":\"A Rede Litoral de Comunica\u00e7\u00e3o \u00e9 um grupo de m\u00eddia multiplataforma do Litoral Norte do RS. Com atua\u00e7\u00e3o em TV, r\u00e1dio, portal e redes sociais, levamos informa\u00e7\u00e3o, conte\u00fado e entretenimento \u00e0 comunidade, fortalecendo a comunica\u00e7\u00e3o local e impulsionando o desenvolvimento regional. Acompanhe atrav\u00e9s de @redelitoralrs.\",\"sameAs\":[\"https:\\\/\\\/redelitoralrs.com\",\"https:\\\/\\\/www.instagram.com\\\/redelitoralrs\",\"https:\\\/\\\/www.youtube.com\\\/@redelitoralrs\"],\"url\":\"https:\\\/\\\/redelitoralrs.com\\\/index.php\\\/author\\\/redacaotvlitoral\\\/\"}]}<\/script>\n<!-- \/ Yoast SEO plugin. -->","yoast_head_json":{"title":"TV Litoral: TikTok ser\u00e1 banido dos Estados Unidos neste domingo - Rede Litoral RS","description":"A Suprema Corte dos Estados Unidos decidiu nesta sexta-feira (17) manter o banimento do TikTok no pa\u00eds. A rede social chinesa, controlada pela empresa ByteDance, dever\u00e1 ser bloqueada a partir deste domingo (19), conforme previsto em uma lei aprovada pelo Congresso norte-americano no ano passado.","robots":{"index":"index","follow":"follow","max-snippet":"max-snippet:-1","max-image-preview":"max-image-preview:large","max-video-preview":"max-video-preview:-1"},"canonical":"https:\/\/redelitoralrs.com\/index.php\/2025\/01\/17\/tv-litoral-tiktok-sera-banido-dos-estados-unidos-neste-domingo\/","og_locale":"pt_BR","og_type":"article","og_title":"TV Litoral: TikTok ser\u00e1 banido dos Estados Unidos neste domingo - Rede Litoral RS","og_description":"A Suprema Corte dos Estados Unidos decidiu nesta sexta-feira (17) manter o banimento do TikTok no pa\u00eds. A rede social chinesa, controlada pela empresa ByteDance, dever\u00e1 ser bloqueada a partir deste domingo (19), conforme previsto em uma lei aprovada pelo Congresso norte-americano no ano passado.","og_url":"https:\/\/redelitoralrs.com\/index.php\/2025\/01\/17\/tv-litoral-tiktok-sera-banido-dos-estados-unidos-neste-domingo\/","og_site_name":"Rede Litoral RS","article_publisher":"https:\/\/www.facebook.com\/tvlitoralrsoficial","article_published_time":"2025-01-17T17:03:40+00:00","og_image":[{"width":266,"height":189,"url":"https:\/\/redelitoralrs.com\/wp-content\/uploads\/2025\/01\/download.png","type":"image\/png"}],"author":"Reda\u00e7\u00e3o TV Litoral","twitter_card":"summary_large_image","twitter_misc":{"Escrito por":"Reda\u00e7\u00e3o TV Litoral","Est. tempo de leitura":"2 minutos"},"schema":{"@context":"https:\/\/schema.org","@graph":[{"@type":"Article","@id":"https:\/\/redelitoralrs.com\/index.php\/2025\/01\/17\/tv-litoral-tiktok-sera-banido-dos-estados-unidos-neste-domingo\/#article","isPartOf":{"@id":"https:\/\/redelitoralrs.com\/index.php\/2025\/01\/17\/tv-litoral-tiktok-sera-banido-dos-estados-unidos-neste-domingo\/"},"author":{"name":"Reda\u00e7\u00e3o TV Litoral","@id":"https:\/\/redelitoralrs.com\/#\/schema\/person\/9f8181f2a7359dd3986f05ebaf5bd68a"},"headline":"TV Litoral: TikTok ser\u00e1 banido dos Estados Unidos neste domingo","datePublished":"2025-01-17T17:03:40+00:00","mainEntityOfPage":{"@id":"https:\/\/redelitoralrs.com\/index.php\/2025\/01\/17\/tv-litoral-tiktok-sera-banido-dos-estados-unidos-neste-domingo\/"},"wordCount":196,"commentCount":0,"publisher":{"@id":"https:\/\/redelitoralrs.com\/#organization"},"image":{"@id":"https:\/\/redelitoralrs.com\/index.php\/2025\/01\/17\/tv-litoral-tiktok-sera-banido-dos-estados-unidos-neste-domingo\/#primaryimage"},"thumbnailUrl":"https:\/\/redelitoralrs.com\/wp-content\/uploads\/2025\/01\/download.png","articleSection":["\u00daltimas not\u00edcias"],"inLanguage":"pt-BR","potentialAction":[{"@type":"CommentAction","name":"Comment","target":["https:\/\/redelitoralrs.com\/index.php\/2025\/01\/17\/tv-litoral-tiktok-sera-banido-dos-estados-unidos-neste-domingo\/#respond"]}]},{"@type":"WebPage","@id":"https:\/\/redelitoralrs.com\/index.php\/2025\/01\/17\/tv-litoral-tiktok-sera-banido-dos-estados-unidos-neste-domingo\/","url":"https:\/\/redelitoralrs.com\/index.php\/2025\/01\/17\/tv-litoral-tiktok-sera-banido-dos-estados-unidos-neste-domingo\/","name":"TV Litoral: TikTok ser\u00e1 banido dos Estados Unidos neste domingo - Rede Litoral RS","isPartOf":{"@id":"https:\/\/redelitoralrs.com\/#website"},"primaryImageOfPage":{"@id":"https:\/\/redelitoralrs.com\/index.php\/2025\/01\/17\/tv-litoral-tiktok-sera-banido-dos-estados-unidos-neste-domingo\/#primaryimage"},"image":{"@id":"https:\/\/redelitoralrs.com\/index.php\/2025\/01\/17\/tv-litoral-tiktok-sera-banido-dos-estados-unidos-neste-domingo\/#primaryimage"},"thumbnailUrl":"https:\/\/redelitoralrs.com\/wp-content\/uploads\/2025\/01\/download.png","datePublished":"2025-01-17T17:03:40+00:00","description":"A Suprema Corte dos Estados Unidos decidiu nesta sexta-feira (17) manter o banimento do TikTok no pa\u00eds. A rede social chinesa, controlada pela empresa ByteDance, dever\u00e1 ser bloqueada a partir deste domingo (19), conforme previsto em uma lei aprovada pelo Congresso norte-americano no ano passado.","breadcrumb":{"@id":"https:\/\/redelitoralrs.com\/index.php\/2025\/01\/17\/tv-litoral-tiktok-sera-banido-dos-estados-unidos-neste-domingo\/#breadcrumb"},"inLanguage":"pt-BR","potentialAction":[{"@type":"ReadAction","target":["https:\/\/redelitoralrs.com\/index.php\/2025\/01\/17\/tv-litoral-tiktok-sera-banido-dos-estados-unidos-neste-domingo\/"]}]},{"@type":"ImageObject","inLanguage":"pt-BR","@id":"https:\/\/redelitoralrs.com\/index.php\/2025\/01\/17\/tv-litoral-tiktok-sera-banido-dos-estados-unidos-neste-domingo\/#primaryimage","url":"https:\/\/redelitoralrs.com\/wp-content\/uploads\/2025\/01\/download.png","contentUrl":"https:\/\/redelitoralrs.com\/wp-content\/uploads\/2025\/01\/download.png","width":266,"height":189},{"@type":"BreadcrumbList","@id":"https:\/\/redelitoralrs.com\/index.php\/2025\/01\/17\/tv-litoral-tiktok-sera-banido-dos-estados-unidos-neste-domingo\/#breadcrumb","itemListElement":[{"@type":"ListItem","position":1,"name":"In\u00edcio","item":"https:\/\/redelitoralrs.com\/"},{"@type":"ListItem","position":2,"name":"TV Litoral: TikTok ser\u00e1 banido dos Estados Unidos neste domingo"}]},{"@type":"WebSite","@id":"https:\/\/redelitoralrs.com\/#website","url":"https:\/\/redelitoralrs.com\/","name":"TV Litoral","description":"Acompanhe tudo do litoral ga\u00facho com a cobertura completa e atualizada da Rede Litoral RS. Nossos jornalistas trazem as \u00faltimas not\u00edcias, os acontecimentos mais quentes e as hist\u00f3rias que importam sobre nosso amado litoral.","publisher":{"@id":"https:\/\/redelitoralrs.com\/#organization"},"potentialAction":[{"@type":"SearchAction","target":{"@type":"EntryPoint","urlTemplate":"https:\/\/redelitoralrs.com\/?s={search_term_string}"},"query-input":{"@type":"PropertyValueSpecification","valueRequired":true,"valueName":"search_term_string"}}],"inLanguage":"pt-BR"},{"@type":"Organization","@id":"https:\/\/redelitoralrs.com\/#organization","name":"TV Litoral","url":"https:\/\/redelitoralrs.com\/","logo":{"@type":"ImageObject","inLanguage":"pt-BR","@id":"https:\/\/redelitoralrs.com\/#\/schema\/logo\/image\/","url":"https:\/\/redelitoralrs.com\/wp-content\/uploads\/2024\/01\/faviconicon-1-1.png","contentUrl":"https:\/\/redelitoralrs.com\/wp-content\/uploads\/2024\/01\/faviconicon-1-1.png","width":454,"height":454,"caption":"TV Litoral"},"image":{"@id":"https:\/\/redelitoralrs.com\/#\/schema\/logo\/image\/"},"sameAs":["https:\/\/www.facebook.com\/tvlitoralrsoficial","https:\/\/www.instagram.com\/tvlitoral.rs"]},{"@type":"Person","@id":"https:\/\/redelitoralrs.com\/#\/schema\/person\/9f8181f2a7359dd3986f05ebaf5bd68a","name":"Reda\u00e7\u00e3o TV Litoral","image":{"@type":"ImageObject","inLanguage":"pt-BR","@id":"https:\/\/redelitoralrs.com\/wp-content\/litespeed\/avatar\/779aafbb45e66c7f82733e21abb48259.jpg?ver=1776956734","url":"https:\/\/redelitoralrs.com\/wp-content\/litespeed\/avatar\/779aafbb45e66c7f82733e21abb48259.jpg?ver=1776956734","contentUrl":"https:\/\/redelitoralrs.com\/wp-content\/litespeed\/avatar\/779aafbb45e66c7f82733e21abb48259.jpg?ver=1776956734","caption":"Reda\u00e7\u00e3o TV Litoral"},"description":"A Rede Litoral de Comunica\u00e7\u00e3o \u00e9 um grupo de m\u00eddia multiplataforma do Litoral Norte do RS. Com atua\u00e7\u00e3o em TV, r\u00e1dio, portal e redes sociais, levamos informa\u00e7\u00e3o, conte\u00fado e entretenimento \u00e0 comunidade, fortalecendo a comunica\u00e7\u00e3o local e impulsionando o desenvolvimento regional. Acompanhe atrav\u00e9s de @redelitoralrs.","sameAs":["https:\/\/redelitoralrs.com","https:\/\/www.instagram.com\/redelitoralrs","https:\/\/www.youtube.com\/@redelitoralrs"],"url":"https:\/\/redelitoralrs.com\/index.php\/author\/redacaotvlitoral\/"}]}},"_links":{"self":[{"href":"https:\/\/redelitoralrs.com\/index.php\/wp-json\/wp\/v2\/posts\/5396","targetHints":{"allow":["GET"]}}],"collection":[{"href":"https:\/\/redelitoralrs.com\/index.php\/wp-json\/wp\/v2\/posts"}],"about":[{"href":"https:\/\/redelitoralrs.com\/index.php\/wp-json\/wp\/v2\/types\/post"}],"author":[{"embeddable":true,"href":"https:\/\/redelitoralrs.com\/index.php\/wp-json\/wp\/v2\/users\/2"}],"replies":[{"embeddable":true,"href":"https:\/\/redelitoralrs.com\/index.php\/wp-json\/wp\/v2\/comments?post=5396"}],"version-history":[{"count":2,"href":"https:\/\/redelitoralrs.com\/index.php\/wp-json\/wp\/v2\/posts\/5396\/revisions"}],"predecessor-version":[{"id":5399,"href":"https:\/\/redelitoralrs.com\/index.php\/wp-json\/wp\/v2\/posts\/5396\/revisions\/5399"}],"wp:featuredmedia":[{"embeddable":true,"href":"https:\/\/redelitoralrs.com\/index.php\/wp-json\/wp\/v2\/media\/5397"}],"wp:attachment":[{"href":"https:\/\/redelitoralrs.com\/index.php\/wp-json\/wp\/v2\/media?parent=5396"}],"wp:term":[{"taxonomy":"category","embeddable":true,"href":"https:\/\/redelitoralrs.com\/index.php\/wp-json\/wp\/v2\/categories?post=5396"},{"taxonomy":"post_tag","embeddable":true,"href":"https:\/\/redelitoralrs.com\/index.php\/wp-json\/wp\/v2\/tags?post=5396"}],"curies":[{"name":"wp","href":"https:\/\/api.w.org\/{rel}","templated":true}]}}