{"id":5388,"date":"2025-01-17T12:00:50","date_gmt":"2025-01-17T15:00:50","guid":{"rendered":"https:\/\/redelitoralrs.com\/?p=5388"},"modified":"2025-01-17T12:00:50","modified_gmt":"2025-01-17T15:00:50","slug":"intensas-chuvas-causaram-estragos-em-santa-catarina","status":"publish","type":"post","link":"https:\/\/redelitoralrs.com\/index.php\/2025\/01\/17\/intensas-chuvas-causaram-estragos-em-santa-catarina\/","title":{"rendered":"Intensas chuvas causaram estragos em Santa Catarina"},"content":{"rendered":"\n<p><\/p>\n\n\n\n<p>As fortes chuvas que atingiram Santa Catarina nos \u00faltimos dias causaram grandes transtornos, afetando 25 munic\u00edpios e impactando mais de 1.300 pessoas. Os estragos inclu\u00edram alagamentos, enxurradas, deslizamentos de terra e quedas de barreiras, mobilizando a Defesa Civil em v\u00e1rias regi\u00f5es do estado.<\/p>\n\n\n\n<p>No Litoral Norte, cidades como Joinville, Araquari, Itapo\u00e1 e S\u00e3o Francisco do Sul foram as mais atingidas. Joinville registrou 167 mm de chuva em 48 horas, resultando em alagamentos nos bairros Boa Vista, Adhemar Garcia e Nova Bras\u00edlia. Em Araquari, foi decretada Situa\u00e7\u00e3o de Emerg\u00eancia devido aos alagamentos severos.<\/p>\n\n\n\n<p>Regi\u00f5es como Canoinhas, Lages, Fraiburgo e Ca\u00e7ador tamb\u00e9m sofreram com os impactos das chuvas. Em Ca\u00e7ador, mais de 1.300 pessoas foram diretamente prejudicadas por enxurradas e deslizamentos. J\u00e1 em Flor do Sert\u00e3o, uma ponte chegou a ser interditada devido \u00e0 submers\u00e3o, mas foi liberada posteriormente.<\/p>\n\n\n\n<p>Apesar de algumas \u00e1reas j\u00e1 apresentarem melhora, como a libera\u00e7\u00e3o da ponte entre o Brasil e a Argentina em S\u00e3o Miguel do Oeste, os danos foram significativos. Os acumulados de chuva chegaram a ultrapassar 100 mm em v\u00e1rias regi\u00f5es, aumentando o risco de novos desastres.<\/p>\n\n\n\n<p>A Defesa Civil trabalhou ativamente no monitoramento e na assist\u00eancia \u00e0 popula\u00e7\u00e3o, orientando os moradores a evitarem \u00e1reas de risco e regi\u00f5es alagadas. Equipes de resgate e suporte estiveram em campo, garantindo o apoio necess\u00e1rio para minimizar os impactos e proteger os&nbsp;catarinenses.<\/p>\n\n\n\n<figure class=\"wp-block-gallery has-nested-images columns-default is-cropped wp-block-gallery-1 is-layout-flex wp-block-gallery-is-layout-flex\">\n<figure class=\"wp-block-image size-large\"><img fetchpriority=\"high\" decoding=\"async\" width=\"1024\" height=\"768\" data-id=\"5389\" src=\"https:\/\/redelitoralrs.com\/wp-content\/uploads\/2025\/01\/Imagem-do-WhatsApp-de-2025-01-17-as-11.45.14_bfc46332-1024x768.jpg\" alt=\"\" class=\"wp-image-5389\" srcset=\"https:\/\/redelitoralrs.com\/wp-content\/uploads\/2025\/01\/Imagem-do-WhatsApp-de-2025-01-17-as-11.45.14_bfc46332-1024x768.jpg 1024w, https:\/\/redelitoralrs.com\/wp-content\/uploads\/2025\/01\/Imagem-do-WhatsApp-de-2025-01-17-as-11.45.14_bfc46332-300x225.jpg 300w, https:\/\/redelitoralrs.com\/wp-content\/uploads\/2025\/01\/Imagem-do-WhatsApp-de-2025-01-17-as-11.45.14_bfc46332-768x576.jpg 768w, https:\/\/redelitoralrs.com\/wp-content\/uploads\/2025\/01\/Imagem-do-WhatsApp-de-2025-01-17-as-11.45.14_bfc46332.jpg 1300w\" sizes=\"(max-width: 1024px) 100vw, 1024px\" \/><\/figure>\n\n\n\n<figure class=\"wp-block-image size-large\"><img decoding=\"async\" width=\"415\" height=\"739\" data-id=\"5390\" src=\"https:\/\/redelitoralrs.com\/wp-content\/uploads\/2025\/01\/Imagem-do-WhatsApp-de-2025-01-17-as-11.45.15_3ec119c4.jpg\" alt=\"\" class=\"wp-image-5390\" srcset=\"https:\/\/redelitoralrs.com\/wp-content\/uploads\/2025\/01\/Imagem-do-WhatsApp-de-2025-01-17-as-11.45.15_3ec119c4.jpg 415w, https:\/\/redelitoralrs.com\/wp-content\/uploads\/2025\/01\/Imagem-do-WhatsApp-de-2025-01-17-as-11.45.15_3ec119c4-168x300.jpg 168w\" sizes=\"(max-width: 415px) 100vw, 415px\" \/><\/figure>\n\n\n\n<figure class=\"wp-block-image size-large\"><img decoding=\"async\" width=\"717\" height=\"428\" data-id=\"5391\" src=\"https:\/\/redelitoralrs.com\/wp-content\/uploads\/2025\/01\/Imagem-do-WhatsApp-de-2025-01-17-as-11.45.15_298a0885.jpg\" alt=\"\" class=\"wp-image-5391\" srcset=\"https:\/\/redelitoralrs.com\/wp-content\/uploads\/2025\/01\/Imagem-do-WhatsApp-de-2025-01-17-as-11.45.15_298a0885.jpg 717w, https:\/\/redelitoralrs.com\/wp-content\/uploads\/2025\/01\/Imagem-do-WhatsApp-de-2025-01-17-as-11.45.15_298a0885-300x179.jpg 300w\" sizes=\"(max-width: 717px) 100vw, 717px\" \/><\/figure>\n\n\n\n<figure class=\"wp-block-image size-large\"><img loading=\"lazy\" decoding=\"async\" width=\"512\" height=\"360\" data-id=\"5392\" src=\"https:\/\/redelitoralrs.com\/wp-content\/uploads\/2025\/01\/Imagem-do-WhatsApp-de-2025-01-17-as-11.45.15_bd3100c0.jpg\" alt=\"\" class=\"wp-image-5392\" srcset=\"https:\/\/redelitoralrs.com\/wp-content\/uploads\/2025\/01\/Imagem-do-WhatsApp-de-2025-01-17-as-11.45.15_bd3100c0.jpg 512w, https:\/\/redelitoralrs.com\/wp-content\/uploads\/2025\/01\/Imagem-do-WhatsApp-de-2025-01-17-as-11.45.15_bd3100c0-300x211.jpg 300w\" sizes=\"(max-width: 512px) 100vw, 512px\" \/><\/figure>\n\n\n\n<figure class=\"wp-block-image size-large\"><img loading=\"lazy\" decoding=\"async\" width=\"595\" height=\"515\" data-id=\"5393\" src=\"https:\/\/redelitoralrs.com\/wp-content\/uploads\/2025\/01\/Imagem-do-WhatsApp-de-2025-01-17-as-11.45.15_cb251a30.jpg\" alt=\"\" class=\"wp-image-5393\" srcset=\"https:\/\/redelitoralrs.com\/wp-content\/uploads\/2025\/01\/Imagem-do-WhatsApp-de-2025-01-17-as-11.45.15_cb251a30.jpg 595w, https:\/\/redelitoralrs.com\/wp-content\/uploads\/2025\/01\/Imagem-do-WhatsApp-de-2025-01-17-as-11.45.15_cb251a30-300x260.jpg 300w\" sizes=\"(max-width: 595px) 100vw, 595px\" \/><\/figure>\n\n\n\n<figure class=\"wp-block-image size-large\"><img loading=\"lazy\" decoding=\"async\" width=\"1024\" height=\"576\" data-id=\"5394\" src=\"https:\/\/redelitoralrs.com\/wp-content\/uploads\/2025\/01\/Imagem-do-WhatsApp-de-2025-01-17-as-11.45.16_eb29714f.jpg\" alt=\"\" class=\"wp-image-5394\" srcset=\"https:\/\/redelitoralrs.com\/wp-content\/uploads\/2025\/01\/Imagem-do-WhatsApp-de-2025-01-17-as-11.45.16_eb29714f.jpg 1024w, https:\/\/redelitoralrs.com\/wp-content\/uploads\/2025\/01\/Imagem-do-WhatsApp-de-2025-01-17-as-11.45.16_eb29714f-300x169.jpg 300w, https:\/\/redelitoralrs.com\/wp-content\/uploads\/2025\/01\/Imagem-do-WhatsApp-de-2025-01-17-as-11.45.16_eb29714f-768x432.jpg 768w\" sizes=\"(max-width: 1024px) 100vw, 1024px\" \/><\/figure>\n<\/figure>\n\n\n\n<p><\/p>\n","protected":false},"excerpt":{"rendered":"<p>As fortes chuvas que atingiram Santa Catarina nos \u00faltimos dias causaram grandes transtornos, afetando 25 munic\u00edpios e impactando mais de 1.300 pessoas. Os estragos inclu\u00edram alagamentos, enxurradas, deslizamentos de terra e quedas de barreiras, mobilizando a Defesa Civil em v\u00e1rias regi\u00f5es do estado. No Litoral Norte, cidades como Joinville, Araquari, Itapo\u00e1 e S\u00e3o Francisco do [&hellip;]<\/p>\n","protected":false},"author":2,"featured_media":5394,"comment_status":"open","ping_status":"open","sticky":false,"template":"","format":"standard","meta":{"_themeisle_gutenberg_block_has_review":false,"footnotes":""},"categories":[105,15],"tags":[],"class_list":["post-5388","post","type-post","status-publish","format-standard","has-post-thumbnail","hentry","category-enchentes","category-noticias"],"yoast_head":"<!-- This site is optimized with the Yoast SEO plugin v27.4 - https:\/\/yoast.com\/product\/yoast-seo-wordpress\/ -->\n<title>Intensas chuvas causaram estragos em Santa Catarina - Rede Litoral RS<\/title>\n<meta name=\"description\" content=\"As fortes chuvas que atingiram Santa Catarina nos \u00faltimos dias causaram grandes transtornos, afetando 25 munic\u00edpios e impactando mais de 1.300 pessoas. Os estragos inclu\u00edram alagamentos, enxurradas, deslizamentos de terra e quedas de barreiras, mobilizando a Defesa Civil em v\u00e1rias regi\u00f5es do estado.\" \/>\n<meta name=\"robots\" content=\"index, follow, max-snippet:-1, max-image-preview:large, max-video-preview:-1\" \/>\n<link rel=\"canonical\" href=\"https:\/\/redelitoralrs.com\/index.php\/2025\/01\/17\/intensas-chuvas-causaram-estragos-em-santa-catarina\/\" \/>\n<meta property=\"og:locale\" content=\"pt_BR\" \/>\n<meta property=\"og:type\" content=\"article\" \/>\n<meta property=\"og:title\" content=\"Intensas chuvas causaram estragos em Santa Catarina - Rede Litoral RS\" \/>\n<meta property=\"og:description\" content=\"As fortes chuvas que atingiram Santa Catarina nos \u00faltimos dias causaram grandes transtornos, afetando 25 munic\u00edpios e impactando mais de 1.300 pessoas. Os estragos inclu\u00edram alagamentos, enxurradas, deslizamentos de terra e quedas de barreiras, mobilizando a Defesa Civil em v\u00e1rias regi\u00f5es do estado.\" \/>\n<meta property=\"og:url\" content=\"https:\/\/redelitoralrs.com\/index.php\/2025\/01\/17\/intensas-chuvas-causaram-estragos-em-santa-catarina\/\" \/>\n<meta property=\"og:site_name\" content=\"Rede Litoral RS\" \/>\n<meta property=\"article:publisher\" content=\"https:\/\/www.facebook.com\/tvlitoralrsoficial\" \/>\n<meta property=\"article:published_time\" content=\"2025-01-17T15:00:50+00:00\" \/>\n<meta property=\"og:image\" content=\"https:\/\/redelitoralrs.com\/wp-content\/uploads\/2025\/01\/Imagem-do-WhatsApp-de-2025-01-17-as-11.45.16_eb29714f.jpg\" \/>\n\t<meta property=\"og:image:width\" content=\"1024\" \/>\n\t<meta property=\"og:image:height\" content=\"576\" \/>\n\t<meta property=\"og:image:type\" content=\"image\/jpeg\" \/>\n<meta name=\"author\" content=\"Reda\u00e7\u00e3o TV Litoral\" \/>\n<meta name=\"twitter:card\" content=\"summary_large_image\" \/>\n<meta name=\"twitter:label1\" content=\"Escrito por\" \/>\n\t<meta name=\"twitter:data1\" content=\"Reda\u00e7\u00e3o TV Litoral\" \/>\n\t<meta name=\"twitter:label2\" content=\"Est. tempo de leitura\" \/>\n\t<meta name=\"twitter:data2\" content=\"3 minutos\" \/>\n<script type=\"application\/ld+json\" class=\"yoast-schema-graph\">{\"@context\":\"https:\\\/\\\/schema.org\",\"@graph\":[{\"@type\":\"Article\",\"@id\":\"https:\\\/\\\/redelitoralrs.com\\\/index.php\\\/2025\\\/01\\\/17\\\/intensas-chuvas-causaram-estragos-em-santa-catarina\\\/#article\",\"isPartOf\":{\"@id\":\"https:\\\/\\\/redelitoralrs.com\\\/index.php\\\/2025\\\/01\\\/17\\\/intensas-chuvas-causaram-estragos-em-santa-catarina\\\/\"},\"author\":{\"name\":\"Reda\u00e7\u00e3o TV Litoral\",\"@id\":\"https:\\\/\\\/redelitoralrs.com\\\/#\\\/schema\\\/person\\\/9f8181f2a7359dd3986f05ebaf5bd68a\"},\"headline\":\"Intensas chuvas causaram estragos em Santa Catarina\",\"datePublished\":\"2025-01-17T15:00:50+00:00\",\"mainEntityOfPage\":{\"@id\":\"https:\\\/\\\/redelitoralrs.com\\\/index.php\\\/2025\\\/01\\\/17\\\/intensas-chuvas-causaram-estragos-em-santa-catarina\\\/\"},\"wordCount\":247,\"commentCount\":0,\"publisher\":{\"@id\":\"https:\\\/\\\/redelitoralrs.com\\\/#organization\"},\"image\":{\"@id\":\"https:\\\/\\\/redelitoralrs.com\\\/index.php\\\/2025\\\/01\\\/17\\\/intensas-chuvas-causaram-estragos-em-santa-catarina\\\/#primaryimage\"},\"thumbnailUrl\":\"https:\\\/\\\/redelitoralrs.com\\\/wp-content\\\/uploads\\\/2025\\\/01\\\/Imagem-do-WhatsApp-de-2025-01-17-as-11.45.16_eb29714f.jpg\",\"articleSection\":[\"Enchentes\",\"\u00daltimas not\u00edcias\"],\"inLanguage\":\"pt-BR\",\"potentialAction\":[{\"@type\":\"CommentAction\",\"name\":\"Comment\",\"target\":[\"https:\\\/\\\/redelitoralrs.com\\\/index.php\\\/2025\\\/01\\\/17\\\/intensas-chuvas-causaram-estragos-em-santa-catarina\\\/#respond\"]}]},{\"@type\":\"WebPage\",\"@id\":\"https:\\\/\\\/redelitoralrs.com\\\/index.php\\\/2025\\\/01\\\/17\\\/intensas-chuvas-causaram-estragos-em-santa-catarina\\\/\",\"url\":\"https:\\\/\\\/redelitoralrs.com\\\/index.php\\\/2025\\\/01\\\/17\\\/intensas-chuvas-causaram-estragos-em-santa-catarina\\\/\",\"name\":\"Intensas chuvas causaram estragos em Santa Catarina - Rede Litoral RS\",\"isPartOf\":{\"@id\":\"https:\\\/\\\/redelitoralrs.com\\\/#website\"},\"primaryImageOfPage\":{\"@id\":\"https:\\\/\\\/redelitoralrs.com\\\/index.php\\\/2025\\\/01\\\/17\\\/intensas-chuvas-causaram-estragos-em-santa-catarina\\\/#primaryimage\"},\"image\":{\"@id\":\"https:\\\/\\\/redelitoralrs.com\\\/index.php\\\/2025\\\/01\\\/17\\\/intensas-chuvas-causaram-estragos-em-santa-catarina\\\/#primaryimage\"},\"thumbnailUrl\":\"https:\\\/\\\/redelitoralrs.com\\\/wp-content\\\/uploads\\\/2025\\\/01\\\/Imagem-do-WhatsApp-de-2025-01-17-as-11.45.16_eb29714f.jpg\",\"datePublished\":\"2025-01-17T15:00:50+00:00\",\"description\":\"As fortes chuvas que atingiram Santa Catarina nos \u00faltimos dias causaram grandes transtornos, afetando 25 munic\u00edpios e impactando mais de 1.300 pessoas. Os estragos inclu\u00edram alagamentos, enxurradas, deslizamentos de terra e quedas de barreiras, mobilizando a Defesa Civil em v\u00e1rias regi\u00f5es do estado.\",\"breadcrumb\":{\"@id\":\"https:\\\/\\\/redelitoralrs.com\\\/index.php\\\/2025\\\/01\\\/17\\\/intensas-chuvas-causaram-estragos-em-santa-catarina\\\/#breadcrumb\"},\"inLanguage\":\"pt-BR\",\"potentialAction\":[{\"@type\":\"ReadAction\",\"target\":[\"https:\\\/\\\/redelitoralrs.com\\\/index.php\\\/2025\\\/01\\\/17\\\/intensas-chuvas-causaram-estragos-em-santa-catarina\\\/\"]}]},{\"@type\":\"ImageObject\",\"inLanguage\":\"pt-BR\",\"@id\":\"https:\\\/\\\/redelitoralrs.com\\\/index.php\\\/2025\\\/01\\\/17\\\/intensas-chuvas-causaram-estragos-em-santa-catarina\\\/#primaryimage\",\"url\":\"https:\\\/\\\/redelitoralrs.com\\\/wp-content\\\/uploads\\\/2025\\\/01\\\/Imagem-do-WhatsApp-de-2025-01-17-as-11.45.16_eb29714f.jpg\",\"contentUrl\":\"https:\\\/\\\/redelitoralrs.com\\\/wp-content\\\/uploads\\\/2025\\\/01\\\/Imagem-do-WhatsApp-de-2025-01-17-as-11.45.16_eb29714f.jpg\",\"width\":1024,\"height\":576},{\"@type\":\"BreadcrumbList\",\"@id\":\"https:\\\/\\\/redelitoralrs.com\\\/index.php\\\/2025\\\/01\\\/17\\\/intensas-chuvas-causaram-estragos-em-santa-catarina\\\/#breadcrumb\",\"itemListElement\":[{\"@type\":\"ListItem\",\"position\":1,\"name\":\"In\u00edcio\",\"item\":\"https:\\\/\\\/redelitoralrs.com\\\/\"},{\"@type\":\"ListItem\",\"position\":2,\"name\":\"Intensas chuvas causaram estragos em Santa Catarina\"}]},{\"@type\":\"WebSite\",\"@id\":\"https:\\\/\\\/redelitoralrs.com\\\/#website\",\"url\":\"https:\\\/\\\/redelitoralrs.com\\\/\",\"name\":\"TV Litoral\",\"description\":\"Acompanhe tudo do litoral ga\u00facho com a cobertura completa e atualizada da Rede Litoral RS. Nossos jornalistas trazem as \u00faltimas not\u00edcias, os acontecimentos mais quentes e as hist\u00f3rias que importam sobre nosso amado litoral.\",\"publisher\":{\"@id\":\"https:\\\/\\\/redelitoralrs.com\\\/#organization\"},\"potentialAction\":[{\"@type\":\"SearchAction\",\"target\":{\"@type\":\"EntryPoint\",\"urlTemplate\":\"https:\\\/\\\/redelitoralrs.com\\\/?s={search_term_string}\"},\"query-input\":{\"@type\":\"PropertyValueSpecification\",\"valueRequired\":true,\"valueName\":\"search_term_string\"}}],\"inLanguage\":\"pt-BR\"},{\"@type\":\"Organization\",\"@id\":\"https:\\\/\\\/redelitoralrs.com\\\/#organization\",\"name\":\"TV Litoral\",\"url\":\"https:\\\/\\\/redelitoralrs.com\\\/\",\"logo\":{\"@type\":\"ImageObject\",\"inLanguage\":\"pt-BR\",\"@id\":\"https:\\\/\\\/redelitoralrs.com\\\/#\\\/schema\\\/logo\\\/image\\\/\",\"url\":\"https:\\\/\\\/redelitoralrs.com\\\/wp-content\\\/uploads\\\/2024\\\/01\\\/faviconicon-1-1.png\",\"contentUrl\":\"https:\\\/\\\/redelitoralrs.com\\\/wp-content\\\/uploads\\\/2024\\\/01\\\/faviconicon-1-1.png\",\"width\":454,\"height\":454,\"caption\":\"TV Litoral\"},\"image\":{\"@id\":\"https:\\\/\\\/redelitoralrs.com\\\/#\\\/schema\\\/logo\\\/image\\\/\"},\"sameAs\":[\"https:\\\/\\\/www.facebook.com\\\/tvlitoralrsoficial\",\"https:\\\/\\\/www.instagram.com\\\/tvlitoral.rs\"]},{\"@type\":\"Person\",\"@id\":\"https:\\\/\\\/redelitoralrs.com\\\/#\\\/schema\\\/person\\\/9f8181f2a7359dd3986f05ebaf5bd68a\",\"name\":\"Reda\u00e7\u00e3o TV Litoral\",\"image\":{\"@type\":\"ImageObject\",\"inLanguage\":\"pt-BR\",\"@id\":\"https:\\\/\\\/redelitoralrs.com\\\/wp-content\\\/litespeed\\\/avatar\\\/779aafbb45e66c7f82733e21abb48259.jpg?ver=1776956734\",\"url\":\"https:\\\/\\\/redelitoralrs.com\\\/wp-content\\\/litespeed\\\/avatar\\\/779aafbb45e66c7f82733e21abb48259.jpg?ver=1776956734\",\"contentUrl\":\"https:\\\/\\\/redelitoralrs.com\\\/wp-content\\\/litespeed\\\/avatar\\\/779aafbb45e66c7f82733e21abb48259.jpg?ver=1776956734\",\"caption\":\"Reda\u00e7\u00e3o TV Litoral\"},\"description\":\"A Rede Litoral de Comunica\u00e7\u00e3o \u00e9 um grupo de m\u00eddia multiplataforma do Litoral Norte do RS. Com atua\u00e7\u00e3o em TV, r\u00e1dio, portal e redes sociais, levamos informa\u00e7\u00e3o, conte\u00fado e entretenimento \u00e0 comunidade, fortalecendo a comunica\u00e7\u00e3o local e impulsionando o desenvolvimento regional. Acompanhe atrav\u00e9s de @redelitoralrs.\",\"sameAs\":[\"https:\\\/\\\/redelitoralrs.com\",\"https:\\\/\\\/www.instagram.com\\\/redelitoralrs\",\"https:\\\/\\\/www.youtube.com\\\/@redelitoralrs\"],\"url\":\"https:\\\/\\\/redelitoralrs.com\\\/index.php\\\/author\\\/redacaotvlitoral\\\/\"}]}<\/script>\n<!-- \/ Yoast SEO plugin. -->","yoast_head_json":{"title":"Intensas chuvas causaram estragos em Santa Catarina - Rede Litoral RS","description":"As fortes chuvas que atingiram Santa Catarina nos \u00faltimos dias causaram grandes transtornos, afetando 25 munic\u00edpios e impactando mais de 1.300 pessoas. Os estragos inclu\u00edram alagamentos, enxurradas, deslizamentos de terra e quedas de barreiras, mobilizando a Defesa Civil em v\u00e1rias regi\u00f5es do estado.","robots":{"index":"index","follow":"follow","max-snippet":"max-snippet:-1","max-image-preview":"max-image-preview:large","max-video-preview":"max-video-preview:-1"},"canonical":"https:\/\/redelitoralrs.com\/index.php\/2025\/01\/17\/intensas-chuvas-causaram-estragos-em-santa-catarina\/","og_locale":"pt_BR","og_type":"article","og_title":"Intensas chuvas causaram estragos em Santa Catarina - Rede Litoral RS","og_description":"As fortes chuvas que atingiram Santa Catarina nos \u00faltimos dias causaram grandes transtornos, afetando 25 munic\u00edpios e impactando mais de 1.300 pessoas. Os estragos inclu\u00edram alagamentos, enxurradas, deslizamentos de terra e quedas de barreiras, mobilizando a Defesa Civil em v\u00e1rias regi\u00f5es do estado.","og_url":"https:\/\/redelitoralrs.com\/index.php\/2025\/01\/17\/intensas-chuvas-causaram-estragos-em-santa-catarina\/","og_site_name":"Rede Litoral RS","article_publisher":"https:\/\/www.facebook.com\/tvlitoralrsoficial","article_published_time":"2025-01-17T15:00:50+00:00","og_image":[{"width":1024,"height":576,"url":"https:\/\/redelitoralrs.com\/wp-content\/uploads\/2025\/01\/Imagem-do-WhatsApp-de-2025-01-17-as-11.45.16_eb29714f.jpg","type":"image\/jpeg"}],"author":"Reda\u00e7\u00e3o TV Litoral","twitter_card":"summary_large_image","twitter_misc":{"Escrito por":"Reda\u00e7\u00e3o TV Litoral","Est. tempo de leitura":"3 minutos"},"schema":{"@context":"https:\/\/schema.org","@graph":[{"@type":"Article","@id":"https:\/\/redelitoralrs.com\/index.php\/2025\/01\/17\/intensas-chuvas-causaram-estragos-em-santa-catarina\/#article","isPartOf":{"@id":"https:\/\/redelitoralrs.com\/index.php\/2025\/01\/17\/intensas-chuvas-causaram-estragos-em-santa-catarina\/"},"author":{"name":"Reda\u00e7\u00e3o TV Litoral","@id":"https:\/\/redelitoralrs.com\/#\/schema\/person\/9f8181f2a7359dd3986f05ebaf5bd68a"},"headline":"Intensas chuvas causaram estragos em Santa Catarina","datePublished":"2025-01-17T15:00:50+00:00","mainEntityOfPage":{"@id":"https:\/\/redelitoralrs.com\/index.php\/2025\/01\/17\/intensas-chuvas-causaram-estragos-em-santa-catarina\/"},"wordCount":247,"commentCount":0,"publisher":{"@id":"https:\/\/redelitoralrs.com\/#organization"},"image":{"@id":"https:\/\/redelitoralrs.com\/index.php\/2025\/01\/17\/intensas-chuvas-causaram-estragos-em-santa-catarina\/#primaryimage"},"thumbnailUrl":"https:\/\/redelitoralrs.com\/wp-content\/uploads\/2025\/01\/Imagem-do-WhatsApp-de-2025-01-17-as-11.45.16_eb29714f.jpg","articleSection":["Enchentes","\u00daltimas not\u00edcias"],"inLanguage":"pt-BR","potentialAction":[{"@type":"CommentAction","name":"Comment","target":["https:\/\/redelitoralrs.com\/index.php\/2025\/01\/17\/intensas-chuvas-causaram-estragos-em-santa-catarina\/#respond"]}]},{"@type":"WebPage","@id":"https:\/\/redelitoralrs.com\/index.php\/2025\/01\/17\/intensas-chuvas-causaram-estragos-em-santa-catarina\/","url":"https:\/\/redelitoralrs.com\/index.php\/2025\/01\/17\/intensas-chuvas-causaram-estragos-em-santa-catarina\/","name":"Intensas chuvas causaram estragos em Santa Catarina - Rede Litoral RS","isPartOf":{"@id":"https:\/\/redelitoralrs.com\/#website"},"primaryImageOfPage":{"@id":"https:\/\/redelitoralrs.com\/index.php\/2025\/01\/17\/intensas-chuvas-causaram-estragos-em-santa-catarina\/#primaryimage"},"image":{"@id":"https:\/\/redelitoralrs.com\/index.php\/2025\/01\/17\/intensas-chuvas-causaram-estragos-em-santa-catarina\/#primaryimage"},"thumbnailUrl":"https:\/\/redelitoralrs.com\/wp-content\/uploads\/2025\/01\/Imagem-do-WhatsApp-de-2025-01-17-as-11.45.16_eb29714f.jpg","datePublished":"2025-01-17T15:00:50+00:00","description":"As fortes chuvas que atingiram Santa Catarina nos \u00faltimos dias causaram grandes transtornos, afetando 25 munic\u00edpios e impactando mais de 1.300 pessoas. Os estragos inclu\u00edram alagamentos, enxurradas, deslizamentos de terra e quedas de barreiras, mobilizando a Defesa Civil em v\u00e1rias regi\u00f5es do estado.","breadcrumb":{"@id":"https:\/\/redelitoralrs.com\/index.php\/2025\/01\/17\/intensas-chuvas-causaram-estragos-em-santa-catarina\/#breadcrumb"},"inLanguage":"pt-BR","potentialAction":[{"@type":"ReadAction","target":["https:\/\/redelitoralrs.com\/index.php\/2025\/01\/17\/intensas-chuvas-causaram-estragos-em-santa-catarina\/"]}]},{"@type":"ImageObject","inLanguage":"pt-BR","@id":"https:\/\/redelitoralrs.com\/index.php\/2025\/01\/17\/intensas-chuvas-causaram-estragos-em-santa-catarina\/#primaryimage","url":"https:\/\/redelitoralrs.com\/wp-content\/uploads\/2025\/01\/Imagem-do-WhatsApp-de-2025-01-17-as-11.45.16_eb29714f.jpg","contentUrl":"https:\/\/redelitoralrs.com\/wp-content\/uploads\/2025\/01\/Imagem-do-WhatsApp-de-2025-01-17-as-11.45.16_eb29714f.jpg","width":1024,"height":576},{"@type":"BreadcrumbList","@id":"https:\/\/redelitoralrs.com\/index.php\/2025\/01\/17\/intensas-chuvas-causaram-estragos-em-santa-catarina\/#breadcrumb","itemListElement":[{"@type":"ListItem","position":1,"name":"In\u00edcio","item":"https:\/\/redelitoralrs.com\/"},{"@type":"ListItem","position":2,"name":"Intensas chuvas causaram estragos em Santa Catarina"}]},{"@type":"WebSite","@id":"https:\/\/redelitoralrs.com\/#website","url":"https:\/\/redelitoralrs.com\/","name":"TV Litoral","description":"Acompanhe tudo do litoral ga\u00facho com a cobertura completa e atualizada da Rede Litoral RS. Nossos jornalistas trazem as \u00faltimas not\u00edcias, os acontecimentos mais quentes e as hist\u00f3rias que importam sobre nosso amado litoral.","publisher":{"@id":"https:\/\/redelitoralrs.com\/#organization"},"potentialAction":[{"@type":"SearchAction","target":{"@type":"EntryPoint","urlTemplate":"https:\/\/redelitoralrs.com\/?s={search_term_string}"},"query-input":{"@type":"PropertyValueSpecification","valueRequired":true,"valueName":"search_term_string"}}],"inLanguage":"pt-BR"},{"@type":"Organization","@id":"https:\/\/redelitoralrs.com\/#organization","name":"TV Litoral","url":"https:\/\/redelitoralrs.com\/","logo":{"@type":"ImageObject","inLanguage":"pt-BR","@id":"https:\/\/redelitoralrs.com\/#\/schema\/logo\/image\/","url":"https:\/\/redelitoralrs.com\/wp-content\/uploads\/2024\/01\/faviconicon-1-1.png","contentUrl":"https:\/\/redelitoralrs.com\/wp-content\/uploads\/2024\/01\/faviconicon-1-1.png","width":454,"height":454,"caption":"TV Litoral"},"image":{"@id":"https:\/\/redelitoralrs.com\/#\/schema\/logo\/image\/"},"sameAs":["https:\/\/www.facebook.com\/tvlitoralrsoficial","https:\/\/www.instagram.com\/tvlitoral.rs"]},{"@type":"Person","@id":"https:\/\/redelitoralrs.com\/#\/schema\/person\/9f8181f2a7359dd3986f05ebaf5bd68a","name":"Reda\u00e7\u00e3o TV Litoral","image":{"@type":"ImageObject","inLanguage":"pt-BR","@id":"https:\/\/redelitoralrs.com\/wp-content\/litespeed\/avatar\/779aafbb45e66c7f82733e21abb48259.jpg?ver=1776956734","url":"https:\/\/redelitoralrs.com\/wp-content\/litespeed\/avatar\/779aafbb45e66c7f82733e21abb48259.jpg?ver=1776956734","contentUrl":"https:\/\/redelitoralrs.com\/wp-content\/litespeed\/avatar\/779aafbb45e66c7f82733e21abb48259.jpg?ver=1776956734","caption":"Reda\u00e7\u00e3o TV Litoral"},"description":"A Rede Litoral de Comunica\u00e7\u00e3o \u00e9 um grupo de m\u00eddia multiplataforma do Litoral Norte do RS. Com atua\u00e7\u00e3o em TV, r\u00e1dio, portal e redes sociais, levamos informa\u00e7\u00e3o, conte\u00fado e entretenimento \u00e0 comunidade, fortalecendo a comunica\u00e7\u00e3o local e impulsionando o desenvolvimento regional. Acompanhe atrav\u00e9s de @redelitoralrs.","sameAs":["https:\/\/redelitoralrs.com","https:\/\/www.instagram.com\/redelitoralrs","https:\/\/www.youtube.com\/@redelitoralrs"],"url":"https:\/\/redelitoralrs.com\/index.php\/author\/redacaotvlitoral\/"}]}},"_links":{"self":[{"href":"https:\/\/redelitoralrs.com\/index.php\/wp-json\/wp\/v2\/posts\/5388","targetHints":{"allow":["GET"]}}],"collection":[{"href":"https:\/\/redelitoralrs.com\/index.php\/wp-json\/wp\/v2\/posts"}],"about":[{"href":"https:\/\/redelitoralrs.com\/index.php\/wp-json\/wp\/v2\/types\/post"}],"author":[{"embeddable":true,"href":"https:\/\/redelitoralrs.com\/index.php\/wp-json\/wp\/v2\/users\/2"}],"replies":[{"embeddable":true,"href":"https:\/\/redelitoralrs.com\/index.php\/wp-json\/wp\/v2\/comments?post=5388"}],"version-history":[{"count":1,"href":"https:\/\/redelitoralrs.com\/index.php\/wp-json\/wp\/v2\/posts\/5388\/revisions"}],"predecessor-version":[{"id":5395,"href":"https:\/\/redelitoralrs.com\/index.php\/wp-json\/wp\/v2\/posts\/5388\/revisions\/5395"}],"wp:featuredmedia":[{"embeddable":true,"href":"https:\/\/redelitoralrs.com\/index.php\/wp-json\/wp\/v2\/media\/5394"}],"wp:attachment":[{"href":"https:\/\/redelitoralrs.com\/index.php\/wp-json\/wp\/v2\/media?parent=5388"}],"wp:term":[{"taxonomy":"category","embeddable":true,"href":"https:\/\/redelitoralrs.com\/index.php\/wp-json\/wp\/v2\/categories?post=5388"},{"taxonomy":"post_tag","embeddable":true,"href":"https:\/\/redelitoralrs.com\/index.php\/wp-json\/wp\/v2\/tags?post=5388"}],"curies":[{"name":"wp","href":"https:\/\/api.w.org\/{rel}","templated":true}]}}