{"id":5364,"date":"2025-01-16T17:52:38","date_gmt":"2025-01-16T20:52:38","guid":{"rendered":"https:\/\/redelitoralrs.com\/?p=5364"},"modified":"2025-01-16T17:52:39","modified_gmt":"2025-01-16T20:52:39","slug":"reforco-da-pre-chega-para-a-operacao-verao-em-rio-grande","status":"publish","type":"post","link":"https:\/\/redelitoralrs.com\/index.php\/2025\/01\/16\/reforco-da-pre-chega-para-a-operacao-verao-em-rio-grande\/","title":{"rendered":"Refor\u00e7o da PRE chega para a Opera\u00e7\u00e3o Ver\u00e3o em Rio Grande"},"content":{"rendered":"\n<p><\/p>\n\n\n\n<p>A temporada de ver\u00e3o 2024\/2025 j\u00e1 tem data para come\u00e7ar em Rio Grande. A Opera\u00e7\u00e3o Ver\u00e3o ser\u00e1 oficialmente aberta no dia 20 de dezembro, trazendo refor\u00e7o no efetivo e novas estrat\u00e9gias para garantir a seguran\u00e7a e o bem-estar dos moradores e turistas que frequentar\u00e3o as praias da regi\u00e3o.<\/p>\n\n\n\n<p>Na Praia do Cassino, ser\u00e3o instaladas 08 guaritas que contar\u00e3o com 31 guarda-vidas, al\u00e9m de um auxiliar de praia por dia para garantir a vigil\u00e2ncia e atendimento \u00e0s ocorr\u00eancias. J\u00e1 em S\u00e3o Jos\u00e9 do Norte, haver\u00e1 uma guarita, tamb\u00e9m com um auxiliar de praia por dia, refor\u00e7ando a seguran\u00e7a nas \u00e1guas da regi\u00e3o.<\/p>\n\n\n\n<p>A chegada da Pol\u00edcia Rodovi\u00e1ria Estadual (PRE) \u00e9 um dos principais destaques para a opera\u00e7\u00e3o. O refor\u00e7o no policiamento visa organizar o fluxo de ve\u00edculos nas estradas, evitar acidentes e proporcionar tranquilidade no acesso \u00e0s praias durante toda a temporada.<\/p>\n\n\n\n<p>Com uma das maiores extens\u00f5es de faixa de areia do pa\u00eds, a Praia do Cassino \u00e9 um dos destinos mais procurados do litoral sul, atraindo milhares de visitantes a cada ver\u00e3o. As medidas anunciadas refletem o compromisso das autoridades em garantir seguran\u00e7a e infraestrutura de qualidade para atender essa demanda crescente.<\/p>\n\n\n\n<p>As a\u00e7\u00f5es da Opera\u00e7\u00e3o Ver\u00e3o incluem n\u00e3o apenas o refor\u00e7o na seguran\u00e7a, mas tamb\u00e9m orienta\u00e7\u00f5es de conscientiza\u00e7\u00e3o para banhistas e motoristas, garantindo um ver\u00e3o mais seguro e tranquilo&nbsp;para&nbsp;todos.<\/p>\n\n\n\n<figure class=\"wp-block-gallery has-nested-images columns-default is-cropped wp-block-gallery-1 is-layout-flex wp-block-gallery-is-layout-flex\">\n<figure class=\"wp-block-image size-large\"><img fetchpriority=\"high\" decoding=\"async\" width=\"739\" height=\"415\" data-id=\"5365\" src=\"https:\/\/redelitoralrs.com\/wp-content\/uploads\/2025\/01\/Imagem-do-WhatsApp-de-2025-01-16-as-11.11.28_9bb91646.jpg\" alt=\"\" class=\"wp-image-5365\" srcset=\"https:\/\/redelitoralrs.com\/wp-content\/uploads\/2025\/01\/Imagem-do-WhatsApp-de-2025-01-16-as-11.11.28_9bb91646.jpg 739w, https:\/\/redelitoralrs.com\/wp-content\/uploads\/2025\/01\/Imagem-do-WhatsApp-de-2025-01-16-as-11.11.28_9bb91646-300x168.jpg 300w\" sizes=\"(max-width: 739px) 100vw, 739px\" \/><\/figure>\n\n\n\n<figure class=\"wp-block-image size-large\"><img decoding=\"async\" width=\"800\" height=\"600\" data-id=\"5366\" src=\"https:\/\/redelitoralrs.com\/wp-content\/uploads\/2025\/01\/Imagem-do-WhatsApp-de-2025-01-16-as-11.12.00_27895b90.jpg\" alt=\"\" class=\"wp-image-5366\" srcset=\"https:\/\/redelitoralrs.com\/wp-content\/uploads\/2025\/01\/Imagem-do-WhatsApp-de-2025-01-16-as-11.12.00_27895b90.jpg 800w, https:\/\/redelitoralrs.com\/wp-content\/uploads\/2025\/01\/Imagem-do-WhatsApp-de-2025-01-16-as-11.12.00_27895b90-300x225.jpg 300w, https:\/\/redelitoralrs.com\/wp-content\/uploads\/2025\/01\/Imagem-do-WhatsApp-de-2025-01-16-as-11.12.00_27895b90-768x576.jpg 768w\" sizes=\"(max-width: 800px) 100vw, 800px\" \/><\/figure>\n\n\n\n<figure class=\"wp-block-image size-large\"><img decoding=\"async\" width=\"529\" height=\"579\" data-id=\"5367\" src=\"https:\/\/redelitoralrs.com\/wp-content\/uploads\/2025\/01\/Imagem-do-WhatsApp-de-2025-01-16-as-11.12.29_5ce276d3.jpg\" alt=\"\" class=\"wp-image-5367\" srcset=\"https:\/\/redelitoralrs.com\/wp-content\/uploads\/2025\/01\/Imagem-do-WhatsApp-de-2025-01-16-as-11.12.29_5ce276d3.jpg 529w, https:\/\/redelitoralrs.com\/wp-content\/uploads\/2025\/01\/Imagem-do-WhatsApp-de-2025-01-16-as-11.12.29_5ce276d3-274x300.jpg 274w\" sizes=\"(max-width: 529px) 100vw, 529px\" \/><\/figure>\n<\/figure>\n","protected":false},"excerpt":{"rendered":"<p>A temporada de ver\u00e3o 2024\/2025 j\u00e1 tem data para come\u00e7ar em Rio Grande. A Opera\u00e7\u00e3o Ver\u00e3o ser\u00e1 oficialmente aberta no dia 20 de dezembro, trazendo refor\u00e7o no efetivo e novas estrat\u00e9gias para garantir a seguran\u00e7a e o bem-estar dos moradores e turistas que frequentar\u00e3o as praias da regi\u00e3o. Na Praia do Cassino, ser\u00e3o instaladas 08 [&hellip;]<\/p>\n","protected":false},"author":2,"featured_media":5367,"comment_status":"open","ping_status":"open","sticky":false,"template":"","format":"standard","meta":{"_themeisle_gutenberg_block_has_review":false,"footnotes":""},"categories":[15],"tags":[],"class_list":["post-5364","post","type-post","status-publish","format-standard","has-post-thumbnail","hentry","category-noticias"],"yoast_head":"<!-- This site is optimized with the Yoast SEO plugin v27.4 - https:\/\/yoast.com\/product\/yoast-seo-wordpress\/ -->\n<title>Refor\u00e7o da PRE chega para a Opera\u00e7\u00e3o Ver\u00e3o em Rio Grande - Rede Litoral RS<\/title>\n<meta name=\"description\" content=\"A temporada de ver\u00e3o 2024\/2025 j\u00e1 tem data para come\u00e7ar em Rio Grande. A Opera\u00e7\u00e3o Ver\u00e3o ser\u00e1 oficialmente aberta no dia 20 de dezembro, trazendo refor\u00e7o no efetivo e novas estrat\u00e9gias para garantir a seguran\u00e7a e o bem-estar dos moradores e turistas que frequentar\u00e3o as praias da regi\u00e3o.\" \/>\n<meta name=\"robots\" content=\"index, follow, max-snippet:-1, max-image-preview:large, max-video-preview:-1\" \/>\n<link rel=\"canonical\" href=\"https:\/\/redelitoralrs.com\/index.php\/2025\/01\/16\/reforco-da-pre-chega-para-a-operacao-verao-em-rio-grande\/\" \/>\n<meta property=\"og:locale\" content=\"pt_BR\" \/>\n<meta property=\"og:type\" content=\"article\" \/>\n<meta property=\"og:title\" content=\"Refor\u00e7o da PRE chega para a Opera\u00e7\u00e3o Ver\u00e3o em Rio Grande - Rede Litoral RS\" \/>\n<meta property=\"og:description\" content=\"A temporada de ver\u00e3o 2024\/2025 j\u00e1 tem data para come\u00e7ar em Rio Grande. A Opera\u00e7\u00e3o Ver\u00e3o ser\u00e1 oficialmente aberta no dia 20 de dezembro, trazendo refor\u00e7o no efetivo e novas estrat\u00e9gias para garantir a seguran\u00e7a e o bem-estar dos moradores e turistas que frequentar\u00e3o as praias da regi\u00e3o.\" \/>\n<meta property=\"og:url\" content=\"https:\/\/redelitoralrs.com\/index.php\/2025\/01\/16\/reforco-da-pre-chega-para-a-operacao-verao-em-rio-grande\/\" \/>\n<meta property=\"og:site_name\" content=\"Rede Litoral RS\" \/>\n<meta property=\"article:publisher\" content=\"https:\/\/www.facebook.com\/tvlitoralrsoficial\" \/>\n<meta property=\"article:published_time\" content=\"2025-01-16T20:52:38+00:00\" \/>\n<meta property=\"article:modified_time\" content=\"2025-01-16T20:52:39+00:00\" \/>\n<meta property=\"og:image\" content=\"https:\/\/redelitoralrs.com\/wp-content\/uploads\/2025\/01\/Imagem-do-WhatsApp-de-2025-01-16-as-11.12.29_5ce276d3.jpg\" \/>\n\t<meta property=\"og:image:width\" content=\"529\" \/>\n\t<meta property=\"og:image:height\" content=\"579\" \/>\n\t<meta property=\"og:image:type\" content=\"image\/jpeg\" \/>\n<meta name=\"author\" content=\"Reda\u00e7\u00e3o TV Litoral\" \/>\n<meta name=\"twitter:card\" content=\"summary_large_image\" \/>\n<meta name=\"twitter:label1\" content=\"Escrito por\" \/>\n\t<meta name=\"twitter:data1\" content=\"Reda\u00e7\u00e3o TV Litoral\" \/>\n\t<meta name=\"twitter:label2\" content=\"Est. tempo de leitura\" \/>\n\t<meta name=\"twitter:data2\" content=\"3 minutos\" \/>\n<script type=\"application\/ld+json\" class=\"yoast-schema-graph\">{\"@context\":\"https:\\\/\\\/schema.org\",\"@graph\":[{\"@type\":\"Article\",\"@id\":\"https:\\\/\\\/redelitoralrs.com\\\/index.php\\\/2025\\\/01\\\/16\\\/reforco-da-pre-chega-para-a-operacao-verao-em-rio-grande\\\/#article\",\"isPartOf\":{\"@id\":\"https:\\\/\\\/redelitoralrs.com\\\/index.php\\\/2025\\\/01\\\/16\\\/reforco-da-pre-chega-para-a-operacao-verao-em-rio-grande\\\/\"},\"author\":{\"name\":\"Reda\u00e7\u00e3o TV Litoral\",\"@id\":\"https:\\\/\\\/redelitoralrs.com\\\/#\\\/schema\\\/person\\\/9f8181f2a7359dd3986f05ebaf5bd68a\"},\"headline\":\"Refor\u00e7o da PRE chega para a Opera\u00e7\u00e3o Ver\u00e3o em Rio Grande\",\"datePublished\":\"2025-01-16T20:52:38+00:00\",\"dateModified\":\"2025-01-16T20:52:39+00:00\",\"mainEntityOfPage\":{\"@id\":\"https:\\\/\\\/redelitoralrs.com\\\/index.php\\\/2025\\\/01\\\/16\\\/reforco-da-pre-chega-para-a-operacao-verao-em-rio-grande\\\/\"},\"wordCount\":270,\"commentCount\":0,\"publisher\":{\"@id\":\"https:\\\/\\\/redelitoralrs.com\\\/#organization\"},\"image\":{\"@id\":\"https:\\\/\\\/redelitoralrs.com\\\/index.php\\\/2025\\\/01\\\/16\\\/reforco-da-pre-chega-para-a-operacao-verao-em-rio-grande\\\/#primaryimage\"},\"thumbnailUrl\":\"https:\\\/\\\/redelitoralrs.com\\\/wp-content\\\/uploads\\\/2025\\\/01\\\/Imagem-do-WhatsApp-de-2025-01-16-as-11.12.29_5ce276d3.jpg\",\"articleSection\":[\"\u00daltimas not\u00edcias\"],\"inLanguage\":\"pt-BR\",\"potentialAction\":[{\"@type\":\"CommentAction\",\"name\":\"Comment\",\"target\":[\"https:\\\/\\\/redelitoralrs.com\\\/index.php\\\/2025\\\/01\\\/16\\\/reforco-da-pre-chega-para-a-operacao-verao-em-rio-grande\\\/#respond\"]}]},{\"@type\":\"WebPage\",\"@id\":\"https:\\\/\\\/redelitoralrs.com\\\/index.php\\\/2025\\\/01\\\/16\\\/reforco-da-pre-chega-para-a-operacao-verao-em-rio-grande\\\/\",\"url\":\"https:\\\/\\\/redelitoralrs.com\\\/index.php\\\/2025\\\/01\\\/16\\\/reforco-da-pre-chega-para-a-operacao-verao-em-rio-grande\\\/\",\"name\":\"Refor\u00e7o da PRE chega para a Opera\u00e7\u00e3o Ver\u00e3o em Rio Grande - Rede Litoral RS\",\"isPartOf\":{\"@id\":\"https:\\\/\\\/redelitoralrs.com\\\/#website\"},\"primaryImageOfPage\":{\"@id\":\"https:\\\/\\\/redelitoralrs.com\\\/index.php\\\/2025\\\/01\\\/16\\\/reforco-da-pre-chega-para-a-operacao-verao-em-rio-grande\\\/#primaryimage\"},\"image\":{\"@id\":\"https:\\\/\\\/redelitoralrs.com\\\/index.php\\\/2025\\\/01\\\/16\\\/reforco-da-pre-chega-para-a-operacao-verao-em-rio-grande\\\/#primaryimage\"},\"thumbnailUrl\":\"https:\\\/\\\/redelitoralrs.com\\\/wp-content\\\/uploads\\\/2025\\\/01\\\/Imagem-do-WhatsApp-de-2025-01-16-as-11.12.29_5ce276d3.jpg\",\"datePublished\":\"2025-01-16T20:52:38+00:00\",\"dateModified\":\"2025-01-16T20:52:39+00:00\",\"description\":\"A temporada de ver\u00e3o 2024\\\/2025 j\u00e1 tem data para come\u00e7ar em Rio Grande. A Opera\u00e7\u00e3o Ver\u00e3o ser\u00e1 oficialmente aberta no dia 20 de dezembro, trazendo refor\u00e7o no efetivo e novas estrat\u00e9gias para garantir a seguran\u00e7a e o bem-estar dos moradores e turistas que frequentar\u00e3o as praias da regi\u00e3o.\",\"breadcrumb\":{\"@id\":\"https:\\\/\\\/redelitoralrs.com\\\/index.php\\\/2025\\\/01\\\/16\\\/reforco-da-pre-chega-para-a-operacao-verao-em-rio-grande\\\/#breadcrumb\"},\"inLanguage\":\"pt-BR\",\"potentialAction\":[{\"@type\":\"ReadAction\",\"target\":[\"https:\\\/\\\/redelitoralrs.com\\\/index.php\\\/2025\\\/01\\\/16\\\/reforco-da-pre-chega-para-a-operacao-verao-em-rio-grande\\\/\"]}]},{\"@type\":\"ImageObject\",\"inLanguage\":\"pt-BR\",\"@id\":\"https:\\\/\\\/redelitoralrs.com\\\/index.php\\\/2025\\\/01\\\/16\\\/reforco-da-pre-chega-para-a-operacao-verao-em-rio-grande\\\/#primaryimage\",\"url\":\"https:\\\/\\\/redelitoralrs.com\\\/wp-content\\\/uploads\\\/2025\\\/01\\\/Imagem-do-WhatsApp-de-2025-01-16-as-11.12.29_5ce276d3.jpg\",\"contentUrl\":\"https:\\\/\\\/redelitoralrs.com\\\/wp-content\\\/uploads\\\/2025\\\/01\\\/Imagem-do-WhatsApp-de-2025-01-16-as-11.12.29_5ce276d3.jpg\",\"width\":529,\"height\":579},{\"@type\":\"BreadcrumbList\",\"@id\":\"https:\\\/\\\/redelitoralrs.com\\\/index.php\\\/2025\\\/01\\\/16\\\/reforco-da-pre-chega-para-a-operacao-verao-em-rio-grande\\\/#breadcrumb\",\"itemListElement\":[{\"@type\":\"ListItem\",\"position\":1,\"name\":\"In\u00edcio\",\"item\":\"https:\\\/\\\/redelitoralrs.com\\\/\"},{\"@type\":\"ListItem\",\"position\":2,\"name\":\"Refor\u00e7o da PRE chega para a Opera\u00e7\u00e3o Ver\u00e3o em Rio Grande\"}]},{\"@type\":\"WebSite\",\"@id\":\"https:\\\/\\\/redelitoralrs.com\\\/#website\",\"url\":\"https:\\\/\\\/redelitoralrs.com\\\/\",\"name\":\"TV Litoral\",\"description\":\"Acompanhe tudo do litoral ga\u00facho com a cobertura completa e atualizada da Rede Litoral RS. Nossos jornalistas trazem as \u00faltimas not\u00edcias, os acontecimentos mais quentes e as hist\u00f3rias que importam sobre nosso amado litoral.\",\"publisher\":{\"@id\":\"https:\\\/\\\/redelitoralrs.com\\\/#organization\"},\"potentialAction\":[{\"@type\":\"SearchAction\",\"target\":{\"@type\":\"EntryPoint\",\"urlTemplate\":\"https:\\\/\\\/redelitoralrs.com\\\/?s={search_term_string}\"},\"query-input\":{\"@type\":\"PropertyValueSpecification\",\"valueRequired\":true,\"valueName\":\"search_term_string\"}}],\"inLanguage\":\"pt-BR\"},{\"@type\":\"Organization\",\"@id\":\"https:\\\/\\\/redelitoralrs.com\\\/#organization\",\"name\":\"TV Litoral\",\"url\":\"https:\\\/\\\/redelitoralrs.com\\\/\",\"logo\":{\"@type\":\"ImageObject\",\"inLanguage\":\"pt-BR\",\"@id\":\"https:\\\/\\\/redelitoralrs.com\\\/#\\\/schema\\\/logo\\\/image\\\/\",\"url\":\"https:\\\/\\\/redelitoralrs.com\\\/wp-content\\\/uploads\\\/2024\\\/01\\\/faviconicon-1-1.png\",\"contentUrl\":\"https:\\\/\\\/redelitoralrs.com\\\/wp-content\\\/uploads\\\/2024\\\/01\\\/faviconicon-1-1.png\",\"width\":454,\"height\":454,\"caption\":\"TV Litoral\"},\"image\":{\"@id\":\"https:\\\/\\\/redelitoralrs.com\\\/#\\\/schema\\\/logo\\\/image\\\/\"},\"sameAs\":[\"https:\\\/\\\/www.facebook.com\\\/tvlitoralrsoficial\",\"https:\\\/\\\/www.instagram.com\\\/tvlitoral.rs\"]},{\"@type\":\"Person\",\"@id\":\"https:\\\/\\\/redelitoralrs.com\\\/#\\\/schema\\\/person\\\/9f8181f2a7359dd3986f05ebaf5bd68a\",\"name\":\"Reda\u00e7\u00e3o TV Litoral\",\"image\":{\"@type\":\"ImageObject\",\"inLanguage\":\"pt-BR\",\"@id\":\"https:\\\/\\\/redelitoralrs.com\\\/wp-content\\\/litespeed\\\/avatar\\\/779aafbb45e66c7f82733e21abb48259.jpg?ver=1777561602\",\"url\":\"https:\\\/\\\/redelitoralrs.com\\\/wp-content\\\/litespeed\\\/avatar\\\/779aafbb45e66c7f82733e21abb48259.jpg?ver=1777561602\",\"contentUrl\":\"https:\\\/\\\/redelitoralrs.com\\\/wp-content\\\/litespeed\\\/avatar\\\/779aafbb45e66c7f82733e21abb48259.jpg?ver=1777561602\",\"caption\":\"Reda\u00e7\u00e3o TV Litoral\"},\"description\":\"A Rede Litoral de Comunica\u00e7\u00e3o \u00e9 um grupo de m\u00eddia multiplataforma do Litoral Norte do RS. Com atua\u00e7\u00e3o em TV, r\u00e1dio, portal e redes sociais, levamos informa\u00e7\u00e3o, conte\u00fado e entretenimento \u00e0 comunidade, fortalecendo a comunica\u00e7\u00e3o local e impulsionando o desenvolvimento regional. Acompanhe atrav\u00e9s de @redelitoralrs.\",\"sameAs\":[\"https:\\\/\\\/redelitoralrs.com\",\"https:\\\/\\\/www.instagram.com\\\/redelitoralrs\",\"https:\\\/\\\/www.youtube.com\\\/@redelitoralrs\"],\"url\":\"https:\\\/\\\/redelitoralrs.com\\\/index.php\\\/author\\\/redacaotvlitoral\\\/\"}]}<\/script>\n<!-- \/ Yoast SEO plugin. -->","yoast_head_json":{"title":"Refor\u00e7o da PRE chega para a Opera\u00e7\u00e3o Ver\u00e3o em Rio Grande - Rede Litoral RS","description":"A temporada de ver\u00e3o 2024\/2025 j\u00e1 tem data para come\u00e7ar em Rio Grande. A Opera\u00e7\u00e3o Ver\u00e3o ser\u00e1 oficialmente aberta no dia 20 de dezembro, trazendo refor\u00e7o no efetivo e novas estrat\u00e9gias para garantir a seguran\u00e7a e o bem-estar dos moradores e turistas que frequentar\u00e3o as praias da regi\u00e3o.","robots":{"index":"index","follow":"follow","max-snippet":"max-snippet:-1","max-image-preview":"max-image-preview:large","max-video-preview":"max-video-preview:-1"},"canonical":"https:\/\/redelitoralrs.com\/index.php\/2025\/01\/16\/reforco-da-pre-chega-para-a-operacao-verao-em-rio-grande\/","og_locale":"pt_BR","og_type":"article","og_title":"Refor\u00e7o da PRE chega para a Opera\u00e7\u00e3o Ver\u00e3o em Rio Grande - Rede Litoral RS","og_description":"A temporada de ver\u00e3o 2024\/2025 j\u00e1 tem data para come\u00e7ar em Rio Grande. A Opera\u00e7\u00e3o Ver\u00e3o ser\u00e1 oficialmente aberta no dia 20 de dezembro, trazendo refor\u00e7o no efetivo e novas estrat\u00e9gias para garantir a seguran\u00e7a e o bem-estar dos moradores e turistas que frequentar\u00e3o as praias da regi\u00e3o.","og_url":"https:\/\/redelitoralrs.com\/index.php\/2025\/01\/16\/reforco-da-pre-chega-para-a-operacao-verao-em-rio-grande\/","og_site_name":"Rede Litoral RS","article_publisher":"https:\/\/www.facebook.com\/tvlitoralrsoficial","article_published_time":"2025-01-16T20:52:38+00:00","article_modified_time":"2025-01-16T20:52:39+00:00","og_image":[{"width":529,"height":579,"url":"https:\/\/redelitoralrs.com\/wp-content\/uploads\/2025\/01\/Imagem-do-WhatsApp-de-2025-01-16-as-11.12.29_5ce276d3.jpg","type":"image\/jpeg"}],"author":"Reda\u00e7\u00e3o TV Litoral","twitter_card":"summary_large_image","twitter_misc":{"Escrito por":"Reda\u00e7\u00e3o TV Litoral","Est. tempo de leitura":"3 minutos"},"schema":{"@context":"https:\/\/schema.org","@graph":[{"@type":"Article","@id":"https:\/\/redelitoralrs.com\/index.php\/2025\/01\/16\/reforco-da-pre-chega-para-a-operacao-verao-em-rio-grande\/#article","isPartOf":{"@id":"https:\/\/redelitoralrs.com\/index.php\/2025\/01\/16\/reforco-da-pre-chega-para-a-operacao-verao-em-rio-grande\/"},"author":{"name":"Reda\u00e7\u00e3o TV Litoral","@id":"https:\/\/redelitoralrs.com\/#\/schema\/person\/9f8181f2a7359dd3986f05ebaf5bd68a"},"headline":"Refor\u00e7o da PRE chega para a Opera\u00e7\u00e3o Ver\u00e3o em Rio Grande","datePublished":"2025-01-16T20:52:38+00:00","dateModified":"2025-01-16T20:52:39+00:00","mainEntityOfPage":{"@id":"https:\/\/redelitoralrs.com\/index.php\/2025\/01\/16\/reforco-da-pre-chega-para-a-operacao-verao-em-rio-grande\/"},"wordCount":270,"commentCount":0,"publisher":{"@id":"https:\/\/redelitoralrs.com\/#organization"},"image":{"@id":"https:\/\/redelitoralrs.com\/index.php\/2025\/01\/16\/reforco-da-pre-chega-para-a-operacao-verao-em-rio-grande\/#primaryimage"},"thumbnailUrl":"https:\/\/redelitoralrs.com\/wp-content\/uploads\/2025\/01\/Imagem-do-WhatsApp-de-2025-01-16-as-11.12.29_5ce276d3.jpg","articleSection":["\u00daltimas not\u00edcias"],"inLanguage":"pt-BR","potentialAction":[{"@type":"CommentAction","name":"Comment","target":["https:\/\/redelitoralrs.com\/index.php\/2025\/01\/16\/reforco-da-pre-chega-para-a-operacao-verao-em-rio-grande\/#respond"]}]},{"@type":"WebPage","@id":"https:\/\/redelitoralrs.com\/index.php\/2025\/01\/16\/reforco-da-pre-chega-para-a-operacao-verao-em-rio-grande\/","url":"https:\/\/redelitoralrs.com\/index.php\/2025\/01\/16\/reforco-da-pre-chega-para-a-operacao-verao-em-rio-grande\/","name":"Refor\u00e7o da PRE chega para a Opera\u00e7\u00e3o Ver\u00e3o em Rio Grande - Rede Litoral RS","isPartOf":{"@id":"https:\/\/redelitoralrs.com\/#website"},"primaryImageOfPage":{"@id":"https:\/\/redelitoralrs.com\/index.php\/2025\/01\/16\/reforco-da-pre-chega-para-a-operacao-verao-em-rio-grande\/#primaryimage"},"image":{"@id":"https:\/\/redelitoralrs.com\/index.php\/2025\/01\/16\/reforco-da-pre-chega-para-a-operacao-verao-em-rio-grande\/#primaryimage"},"thumbnailUrl":"https:\/\/redelitoralrs.com\/wp-content\/uploads\/2025\/01\/Imagem-do-WhatsApp-de-2025-01-16-as-11.12.29_5ce276d3.jpg","datePublished":"2025-01-16T20:52:38+00:00","dateModified":"2025-01-16T20:52:39+00:00","description":"A temporada de ver\u00e3o 2024\/2025 j\u00e1 tem data para come\u00e7ar em Rio Grande. A Opera\u00e7\u00e3o Ver\u00e3o ser\u00e1 oficialmente aberta no dia 20 de dezembro, trazendo refor\u00e7o no efetivo e novas estrat\u00e9gias para garantir a seguran\u00e7a e o bem-estar dos moradores e turistas que frequentar\u00e3o as praias da regi\u00e3o.","breadcrumb":{"@id":"https:\/\/redelitoralrs.com\/index.php\/2025\/01\/16\/reforco-da-pre-chega-para-a-operacao-verao-em-rio-grande\/#breadcrumb"},"inLanguage":"pt-BR","potentialAction":[{"@type":"ReadAction","target":["https:\/\/redelitoralrs.com\/index.php\/2025\/01\/16\/reforco-da-pre-chega-para-a-operacao-verao-em-rio-grande\/"]}]},{"@type":"ImageObject","inLanguage":"pt-BR","@id":"https:\/\/redelitoralrs.com\/index.php\/2025\/01\/16\/reforco-da-pre-chega-para-a-operacao-verao-em-rio-grande\/#primaryimage","url":"https:\/\/redelitoralrs.com\/wp-content\/uploads\/2025\/01\/Imagem-do-WhatsApp-de-2025-01-16-as-11.12.29_5ce276d3.jpg","contentUrl":"https:\/\/redelitoralrs.com\/wp-content\/uploads\/2025\/01\/Imagem-do-WhatsApp-de-2025-01-16-as-11.12.29_5ce276d3.jpg","width":529,"height":579},{"@type":"BreadcrumbList","@id":"https:\/\/redelitoralrs.com\/index.php\/2025\/01\/16\/reforco-da-pre-chega-para-a-operacao-verao-em-rio-grande\/#breadcrumb","itemListElement":[{"@type":"ListItem","position":1,"name":"In\u00edcio","item":"https:\/\/redelitoralrs.com\/"},{"@type":"ListItem","position":2,"name":"Refor\u00e7o da PRE chega para a Opera\u00e7\u00e3o Ver\u00e3o em Rio Grande"}]},{"@type":"WebSite","@id":"https:\/\/redelitoralrs.com\/#website","url":"https:\/\/redelitoralrs.com\/","name":"TV Litoral","description":"Acompanhe tudo do litoral ga\u00facho com a cobertura completa e atualizada da Rede Litoral RS. Nossos jornalistas trazem as \u00faltimas not\u00edcias, os acontecimentos mais quentes e as hist\u00f3rias que importam sobre nosso amado litoral.","publisher":{"@id":"https:\/\/redelitoralrs.com\/#organization"},"potentialAction":[{"@type":"SearchAction","target":{"@type":"EntryPoint","urlTemplate":"https:\/\/redelitoralrs.com\/?s={search_term_string}"},"query-input":{"@type":"PropertyValueSpecification","valueRequired":true,"valueName":"search_term_string"}}],"inLanguage":"pt-BR"},{"@type":"Organization","@id":"https:\/\/redelitoralrs.com\/#organization","name":"TV Litoral","url":"https:\/\/redelitoralrs.com\/","logo":{"@type":"ImageObject","inLanguage":"pt-BR","@id":"https:\/\/redelitoralrs.com\/#\/schema\/logo\/image\/","url":"https:\/\/redelitoralrs.com\/wp-content\/uploads\/2024\/01\/faviconicon-1-1.png","contentUrl":"https:\/\/redelitoralrs.com\/wp-content\/uploads\/2024\/01\/faviconicon-1-1.png","width":454,"height":454,"caption":"TV Litoral"},"image":{"@id":"https:\/\/redelitoralrs.com\/#\/schema\/logo\/image\/"},"sameAs":["https:\/\/www.facebook.com\/tvlitoralrsoficial","https:\/\/www.instagram.com\/tvlitoral.rs"]},{"@type":"Person","@id":"https:\/\/redelitoralrs.com\/#\/schema\/person\/9f8181f2a7359dd3986f05ebaf5bd68a","name":"Reda\u00e7\u00e3o TV Litoral","image":{"@type":"ImageObject","inLanguage":"pt-BR","@id":"https:\/\/redelitoralrs.com\/wp-content\/litespeed\/avatar\/779aafbb45e66c7f82733e21abb48259.jpg?ver=1777561602","url":"https:\/\/redelitoralrs.com\/wp-content\/litespeed\/avatar\/779aafbb45e66c7f82733e21abb48259.jpg?ver=1777561602","contentUrl":"https:\/\/redelitoralrs.com\/wp-content\/litespeed\/avatar\/779aafbb45e66c7f82733e21abb48259.jpg?ver=1777561602","caption":"Reda\u00e7\u00e3o TV Litoral"},"description":"A Rede Litoral de Comunica\u00e7\u00e3o \u00e9 um grupo de m\u00eddia multiplataforma do Litoral Norte do RS. Com atua\u00e7\u00e3o em TV, r\u00e1dio, portal e redes sociais, levamos informa\u00e7\u00e3o, conte\u00fado e entretenimento \u00e0 comunidade, fortalecendo a comunica\u00e7\u00e3o local e impulsionando o desenvolvimento regional. Acompanhe atrav\u00e9s de @redelitoralrs.","sameAs":["https:\/\/redelitoralrs.com","https:\/\/www.instagram.com\/redelitoralrs","https:\/\/www.youtube.com\/@redelitoralrs"],"url":"https:\/\/redelitoralrs.com\/index.php\/author\/redacaotvlitoral\/"}]}},"_links":{"self":[{"href":"https:\/\/redelitoralrs.com\/index.php\/wp-json\/wp\/v2\/posts\/5364","targetHints":{"allow":["GET"]}}],"collection":[{"href":"https:\/\/redelitoralrs.com\/index.php\/wp-json\/wp\/v2\/posts"}],"about":[{"href":"https:\/\/redelitoralrs.com\/index.php\/wp-json\/wp\/v2\/types\/post"}],"author":[{"embeddable":true,"href":"https:\/\/redelitoralrs.com\/index.php\/wp-json\/wp\/v2\/users\/2"}],"replies":[{"embeddable":true,"href":"https:\/\/redelitoralrs.com\/index.php\/wp-json\/wp\/v2\/comments?post=5364"}],"version-history":[{"count":2,"href":"https:\/\/redelitoralrs.com\/index.php\/wp-json\/wp\/v2\/posts\/5364\/revisions"}],"predecessor-version":[{"id":5369,"href":"https:\/\/redelitoralrs.com\/index.php\/wp-json\/wp\/v2\/posts\/5364\/revisions\/5369"}],"wp:featuredmedia":[{"embeddable":true,"href":"https:\/\/redelitoralrs.com\/index.php\/wp-json\/wp\/v2\/media\/5367"}],"wp:attachment":[{"href":"https:\/\/redelitoralrs.com\/index.php\/wp-json\/wp\/v2\/media?parent=5364"}],"wp:term":[{"taxonomy":"category","embeddable":true,"href":"https:\/\/redelitoralrs.com\/index.php\/wp-json\/wp\/v2\/categories?post=5364"},{"taxonomy":"post_tag","embeddable":true,"href":"https:\/\/redelitoralrs.com\/index.php\/wp-json\/wp\/v2\/tags?post=5364"}],"curies":[{"name":"wp","href":"https:\/\/api.w.org\/{rel}","templated":true}]}}