{"id":5296,"date":"2025-01-15T13:37:05","date_gmt":"2025-01-15T16:37:05","guid":{"rendered":"https:\/\/redelitoralrs.com\/?p=5296"},"modified":"2025-01-15T13:37:05","modified_gmt":"2025-01-15T16:37:05","slug":"colombiano-e-preso-por-ataque-a-tiros-em-imbe","status":"publish","type":"post","link":"https:\/\/redelitoralrs.com\/index.php\/2025\/01\/15\/colombiano-e-preso-por-ataque-a-tiros-em-imbe\/","title":{"rendered":"Colombiano \u00e9 preso por ataque a tiros em Imb\u00e9"},"content":{"rendered":"\n<p>Um colombiano de 22 anos foi preso pela Pol\u00edcia Civil, acusado de envolvimento em um ataque a tiros que ocorreu em setembro de 2024, no bairro Albatroz, em Imb\u00e9. A a\u00e7\u00e3o criminosa deixou um homem de 45 anos ferido. O mandado de pris\u00e3o preventiva por tentativa de homic\u00eddio foi cumprido nesta segunda-feira (13), como parte das investiga\u00e7\u00f5es conduzidas pela Delegacia de Pol\u00edcia de Imb\u00e9.<\/p>\n\n\n\n<p>Opera\u00e7\u00e3o e pris\u00f5es<\/p>\n\n\n\n<p>Al\u00e9m da pris\u00e3o do suspeito, realizada no bairro Parque dos Presidentes, em Tramanda\u00ed, a pol\u00edcia cumpriu seis mandados de busca e apreens\u00e3o nos munic\u00edpios de Imb\u00e9 e Tramanda\u00ed. O delegado Rodrigo Nunes, titular da Delegacia de Imb\u00e9, afirmou que o colombiano \u00e9 apontado como um dos autores do crime. Outros dois envolvidos, incluindo o mandante do ataque, j\u00e1 foram identificados e seguem sendo procurados.<\/p>\n\n\n\n<p>O crime<\/p>\n\n\n\n<p>O ataque aconteceu no dia 26 de setembro de 2024, por volta das 19h. Segundo o inqu\u00e9rito, os criminosos chegaram em um carro branco \u00e0 resid\u00eancia da v\u00edtima e a chamaram para fora. Quando o homem apareceu, os ocupantes do ve\u00edculo dispararam diversas vezes contra ele antes de fugirem. A v\u00edtima foi socorrida pelo Servi\u00e7o de Atendimento M\u00f3vel de Urg\u00eancia (SAMU) e encaminhada ao Hospital Tramanda\u00ed, onde recebeu atendimento e sobreviveu ao atentado.<\/p>\n\n\n\n<p>Motiva\u00e7\u00e3o<\/p>\n\n\n\n<p>De acordo com a Pol\u00edcia Civil, o crime foi motivado por uma d\u00edvida envolvendo a posse de um sof\u00e1 e uma mesa, itens que estavam com a v\u00edtima. \u201cA investiga\u00e7\u00e3o apontou que a disputa por esses objetos foi o estopim para o ataque\u201d, explicou o delegado Nunes.<\/p>\n\n\n\n<p>As investiga\u00e7\u00f5es continuam para localizar os outros envolvidos e esclarecer todos os detalhes do caso. A pol\u00edcia refor\u00e7a que qualquer informa\u00e7\u00e3o sobre os foragidos pode ser repassada anonimamente.<\/p>\n\n\n\n<p>TV Litoral \u2013 Continue acompanhando para mais&nbsp;informa\u00e7\u00f5es.<\/p>\n\n\n\n<figure class=\"wp-block-gallery has-nested-images columns-default is-cropped wp-block-gallery-1 is-layout-flex wp-block-gallery-is-layout-flex\">\n<figure class=\"wp-block-image size-large\"><img fetchpriority=\"high\" decoding=\"async\" width=\"675\" height=\"450\" data-id=\"5297\" src=\"https:\/\/redelitoralrs.com\/wp-content\/uploads\/2025\/01\/Imagem-do-WhatsApp-de-2025-01-15-as-12.16.18_1ad4e943.jpg\" alt=\"\" class=\"wp-image-5297\" srcset=\"https:\/\/redelitoralrs.com\/wp-content\/uploads\/2025\/01\/Imagem-do-WhatsApp-de-2025-01-15-as-12.16.18_1ad4e943.jpg 675w, https:\/\/redelitoralrs.com\/wp-content\/uploads\/2025\/01\/Imagem-do-WhatsApp-de-2025-01-15-as-12.16.18_1ad4e943-300x200.jpg 300w\" sizes=\"(max-width: 675px) 100vw, 675px\" \/><\/figure>\n\n\n\n<figure class=\"wp-block-image size-large\"><img decoding=\"async\" width=\"1024\" height=\"633\" data-id=\"5298\" src=\"https:\/\/redelitoralrs.com\/wp-content\/uploads\/2025\/01\/Imagem-do-WhatsApp-de-2025-01-15-as-12.16.18_b7a6dd40-1024x633.jpg\" alt=\"\" class=\"wp-image-5298\" srcset=\"https:\/\/redelitoralrs.com\/wp-content\/uploads\/2025\/01\/Imagem-do-WhatsApp-de-2025-01-15-as-12.16.18_b7a6dd40-1024x633.jpg 1024w, https:\/\/redelitoralrs.com\/wp-content\/uploads\/2025\/01\/Imagem-do-WhatsApp-de-2025-01-15-as-12.16.18_b7a6dd40-300x185.jpg 300w, https:\/\/redelitoralrs.com\/wp-content\/uploads\/2025\/01\/Imagem-do-WhatsApp-de-2025-01-15-as-12.16.18_b7a6dd40-768x475.jpg 768w, https:\/\/redelitoralrs.com\/wp-content\/uploads\/2025\/01\/Imagem-do-WhatsApp-de-2025-01-15-as-12.16.18_b7a6dd40.jpg 1047w\" sizes=\"(max-width: 1024px) 100vw, 1024px\" \/><\/figure>\n<\/figure>\n","protected":false},"excerpt":{"rendered":"<p>Um colombiano de 22 anos foi preso pela Pol\u00edcia Civil, acusado de envolvimento em um ataque a tiros que ocorreu em setembro de 2024, no bairro Albatroz, em Imb\u00e9. A a\u00e7\u00e3o criminosa deixou um homem de 45 anos ferido. O mandado de pris\u00e3o preventiva por tentativa de homic\u00eddio foi cumprido nesta segunda-feira (13), como parte [&hellip;]<\/p>\n","protected":false},"author":2,"featured_media":5298,"comment_status":"open","ping_status":"open","sticky":false,"template":"","format":"standard","meta":{"_themeisle_gutenberg_block_has_review":false,"footnotes":""},"categories":[30,20,15],"tags":[],"class_list":["post-5296","post","type-post","status-publish","format-standard","has-post-thumbnail","hentry","category-imbe","category-litoral_norte","category-noticias"],"yoast_head":"<!-- This site is optimized with the Yoast SEO plugin v27.4 - https:\/\/yoast.com\/product\/yoast-seo-wordpress\/ -->\n<title>Colombiano \u00e9 preso por ataque a tiros em Imb\u00e9 - Rede Litoral RS<\/title>\n<meta name=\"robots\" content=\"index, follow, max-snippet:-1, max-image-preview:large, max-video-preview:-1\" \/>\n<link rel=\"canonical\" href=\"https:\/\/redelitoralrs.com\/index.php\/2025\/01\/15\/colombiano-e-preso-por-ataque-a-tiros-em-imbe\/\" \/>\n<meta property=\"og:locale\" content=\"pt_BR\" \/>\n<meta property=\"og:type\" content=\"article\" \/>\n<meta property=\"og:title\" content=\"Colombiano \u00e9 preso por ataque a tiros em Imb\u00e9 - Rede Litoral RS\" \/>\n<meta property=\"og:description\" content=\"Um colombiano de 22 anos foi preso pela Pol\u00edcia Civil, acusado de envolvimento em um ataque a tiros que ocorreu em setembro de 2024, no bairro Albatroz, em Imb\u00e9. A a\u00e7\u00e3o criminosa deixou um homem de 45 anos ferido. O mandado de pris\u00e3o preventiva por tentativa de homic\u00eddio foi cumprido nesta segunda-feira (13), como parte [&hellip;]\" \/>\n<meta property=\"og:url\" content=\"https:\/\/redelitoralrs.com\/index.php\/2025\/01\/15\/colombiano-e-preso-por-ataque-a-tiros-em-imbe\/\" \/>\n<meta property=\"og:site_name\" content=\"Rede Litoral RS\" \/>\n<meta property=\"article:publisher\" content=\"https:\/\/www.facebook.com\/tvlitoralrsoficial\" \/>\n<meta property=\"article:published_time\" content=\"2025-01-15T16:37:05+00:00\" \/>\n<meta property=\"og:image\" content=\"https:\/\/redelitoralrs.com\/wp-content\/uploads\/2025\/01\/Imagem-do-WhatsApp-de-2025-01-15-as-12.16.18_b7a6dd40.jpg\" \/>\n\t<meta property=\"og:image:width\" content=\"1047\" \/>\n\t<meta property=\"og:image:height\" content=\"647\" \/>\n\t<meta property=\"og:image:type\" content=\"image\/jpeg\" \/>\n<meta name=\"author\" content=\"Reda\u00e7\u00e3o TV Litoral\" \/>\n<meta name=\"twitter:card\" content=\"summary_large_image\" \/>\n<meta name=\"twitter:label1\" content=\"Escrito por\" \/>\n\t<meta name=\"twitter:data1\" content=\"Reda\u00e7\u00e3o TV Litoral\" \/>\n\t<meta name=\"twitter:label2\" content=\"Est. tempo de leitura\" \/>\n\t<meta name=\"twitter:data2\" content=\"3 minutos\" \/>\n<script type=\"application\/ld+json\" class=\"yoast-schema-graph\">{\"@context\":\"https:\\\/\\\/schema.org\",\"@graph\":[{\"@type\":\"Article\",\"@id\":\"https:\\\/\\\/redelitoralrs.com\\\/index.php\\\/2025\\\/01\\\/15\\\/colombiano-e-preso-por-ataque-a-tiros-em-imbe\\\/#article\",\"isPartOf\":{\"@id\":\"https:\\\/\\\/redelitoralrs.com\\\/index.php\\\/2025\\\/01\\\/15\\\/colombiano-e-preso-por-ataque-a-tiros-em-imbe\\\/\"},\"author\":{\"name\":\"Reda\u00e7\u00e3o TV Litoral\",\"@id\":\"https:\\\/\\\/redelitoralrs.com\\\/#\\\/schema\\\/person\\\/9f8181f2a7359dd3986f05ebaf5bd68a\"},\"headline\":\"Colombiano \u00e9 preso por ataque a tiros em Imb\u00e9\",\"datePublished\":\"2025-01-15T16:37:05+00:00\",\"mainEntityOfPage\":{\"@id\":\"https:\\\/\\\/redelitoralrs.com\\\/index.php\\\/2025\\\/01\\\/15\\\/colombiano-e-preso-por-ataque-a-tiros-em-imbe\\\/\"},\"wordCount\":321,\"commentCount\":0,\"publisher\":{\"@id\":\"https:\\\/\\\/redelitoralrs.com\\\/#organization\"},\"image\":{\"@id\":\"https:\\\/\\\/redelitoralrs.com\\\/index.php\\\/2025\\\/01\\\/15\\\/colombiano-e-preso-por-ataque-a-tiros-em-imbe\\\/#primaryimage\"},\"thumbnailUrl\":\"https:\\\/\\\/redelitoralrs.com\\\/wp-content\\\/uploads\\\/2025\\\/01\\\/Imagem-do-WhatsApp-de-2025-01-15-as-12.16.18_b7a6dd40.jpg\",\"articleSection\":[\"Imb\u00e9\",\"Litoral Norte\",\"\u00daltimas not\u00edcias\"],\"inLanguage\":\"pt-BR\",\"potentialAction\":[{\"@type\":\"CommentAction\",\"name\":\"Comment\",\"target\":[\"https:\\\/\\\/redelitoralrs.com\\\/index.php\\\/2025\\\/01\\\/15\\\/colombiano-e-preso-por-ataque-a-tiros-em-imbe\\\/#respond\"]}]},{\"@type\":\"WebPage\",\"@id\":\"https:\\\/\\\/redelitoralrs.com\\\/index.php\\\/2025\\\/01\\\/15\\\/colombiano-e-preso-por-ataque-a-tiros-em-imbe\\\/\",\"url\":\"https:\\\/\\\/redelitoralrs.com\\\/index.php\\\/2025\\\/01\\\/15\\\/colombiano-e-preso-por-ataque-a-tiros-em-imbe\\\/\",\"name\":\"Colombiano \u00e9 preso por ataque a tiros em Imb\u00e9 - Rede Litoral RS\",\"isPartOf\":{\"@id\":\"https:\\\/\\\/redelitoralrs.com\\\/#website\"},\"primaryImageOfPage\":{\"@id\":\"https:\\\/\\\/redelitoralrs.com\\\/index.php\\\/2025\\\/01\\\/15\\\/colombiano-e-preso-por-ataque-a-tiros-em-imbe\\\/#primaryimage\"},\"image\":{\"@id\":\"https:\\\/\\\/redelitoralrs.com\\\/index.php\\\/2025\\\/01\\\/15\\\/colombiano-e-preso-por-ataque-a-tiros-em-imbe\\\/#primaryimage\"},\"thumbnailUrl\":\"https:\\\/\\\/redelitoralrs.com\\\/wp-content\\\/uploads\\\/2025\\\/01\\\/Imagem-do-WhatsApp-de-2025-01-15-as-12.16.18_b7a6dd40.jpg\",\"datePublished\":\"2025-01-15T16:37:05+00:00\",\"breadcrumb\":{\"@id\":\"https:\\\/\\\/redelitoralrs.com\\\/index.php\\\/2025\\\/01\\\/15\\\/colombiano-e-preso-por-ataque-a-tiros-em-imbe\\\/#breadcrumb\"},\"inLanguage\":\"pt-BR\",\"potentialAction\":[{\"@type\":\"ReadAction\",\"target\":[\"https:\\\/\\\/redelitoralrs.com\\\/index.php\\\/2025\\\/01\\\/15\\\/colombiano-e-preso-por-ataque-a-tiros-em-imbe\\\/\"]}]},{\"@type\":\"ImageObject\",\"inLanguage\":\"pt-BR\",\"@id\":\"https:\\\/\\\/redelitoralrs.com\\\/index.php\\\/2025\\\/01\\\/15\\\/colombiano-e-preso-por-ataque-a-tiros-em-imbe\\\/#primaryimage\",\"url\":\"https:\\\/\\\/redelitoralrs.com\\\/wp-content\\\/uploads\\\/2025\\\/01\\\/Imagem-do-WhatsApp-de-2025-01-15-as-12.16.18_b7a6dd40.jpg\",\"contentUrl\":\"https:\\\/\\\/redelitoralrs.com\\\/wp-content\\\/uploads\\\/2025\\\/01\\\/Imagem-do-WhatsApp-de-2025-01-15-as-12.16.18_b7a6dd40.jpg\",\"width\":1047,\"height\":647},{\"@type\":\"BreadcrumbList\",\"@id\":\"https:\\\/\\\/redelitoralrs.com\\\/index.php\\\/2025\\\/01\\\/15\\\/colombiano-e-preso-por-ataque-a-tiros-em-imbe\\\/#breadcrumb\",\"itemListElement\":[{\"@type\":\"ListItem\",\"position\":1,\"name\":\"In\u00edcio\",\"item\":\"https:\\\/\\\/redelitoralrs.com\\\/\"},{\"@type\":\"ListItem\",\"position\":2,\"name\":\"Colombiano \u00e9 preso por ataque a tiros em Imb\u00e9\"}]},{\"@type\":\"WebSite\",\"@id\":\"https:\\\/\\\/redelitoralrs.com\\\/#website\",\"url\":\"https:\\\/\\\/redelitoralrs.com\\\/\",\"name\":\"TV Litoral\",\"description\":\"Acompanhe tudo do litoral ga\u00facho com a cobertura completa e atualizada da Rede Litoral RS. Nossos jornalistas trazem as \u00faltimas not\u00edcias, os acontecimentos mais quentes e as hist\u00f3rias que importam sobre nosso amado litoral.\",\"publisher\":{\"@id\":\"https:\\\/\\\/redelitoralrs.com\\\/#organization\"},\"potentialAction\":[{\"@type\":\"SearchAction\",\"target\":{\"@type\":\"EntryPoint\",\"urlTemplate\":\"https:\\\/\\\/redelitoralrs.com\\\/?s={search_term_string}\"},\"query-input\":{\"@type\":\"PropertyValueSpecification\",\"valueRequired\":true,\"valueName\":\"search_term_string\"}}],\"inLanguage\":\"pt-BR\"},{\"@type\":\"Organization\",\"@id\":\"https:\\\/\\\/redelitoralrs.com\\\/#organization\",\"name\":\"TV Litoral\",\"url\":\"https:\\\/\\\/redelitoralrs.com\\\/\",\"logo\":{\"@type\":\"ImageObject\",\"inLanguage\":\"pt-BR\",\"@id\":\"https:\\\/\\\/redelitoralrs.com\\\/#\\\/schema\\\/logo\\\/image\\\/\",\"url\":\"https:\\\/\\\/redelitoralrs.com\\\/wp-content\\\/uploads\\\/2024\\\/01\\\/faviconicon-1-1.png\",\"contentUrl\":\"https:\\\/\\\/redelitoralrs.com\\\/wp-content\\\/uploads\\\/2024\\\/01\\\/faviconicon-1-1.png\",\"width\":454,\"height\":454,\"caption\":\"TV Litoral\"},\"image\":{\"@id\":\"https:\\\/\\\/redelitoralrs.com\\\/#\\\/schema\\\/logo\\\/image\\\/\"},\"sameAs\":[\"https:\\\/\\\/www.facebook.com\\\/tvlitoralrsoficial\",\"https:\\\/\\\/www.instagram.com\\\/tvlitoral.rs\"]},{\"@type\":\"Person\",\"@id\":\"https:\\\/\\\/redelitoralrs.com\\\/#\\\/schema\\\/person\\\/9f8181f2a7359dd3986f05ebaf5bd68a\",\"name\":\"Reda\u00e7\u00e3o TV Litoral\",\"image\":{\"@type\":\"ImageObject\",\"inLanguage\":\"pt-BR\",\"@id\":\"https:\\\/\\\/redelitoralrs.com\\\/wp-content\\\/litespeed\\\/avatar\\\/779aafbb45e66c7f82733e21abb48259.jpg?ver=1776956734\",\"url\":\"https:\\\/\\\/redelitoralrs.com\\\/wp-content\\\/litespeed\\\/avatar\\\/779aafbb45e66c7f82733e21abb48259.jpg?ver=1776956734\",\"contentUrl\":\"https:\\\/\\\/redelitoralrs.com\\\/wp-content\\\/litespeed\\\/avatar\\\/779aafbb45e66c7f82733e21abb48259.jpg?ver=1776956734\",\"caption\":\"Reda\u00e7\u00e3o TV Litoral\"},\"description\":\"A Rede Litoral de Comunica\u00e7\u00e3o \u00e9 um grupo de m\u00eddia multiplataforma do Litoral Norte do RS. Com atua\u00e7\u00e3o em TV, r\u00e1dio, portal e redes sociais, levamos informa\u00e7\u00e3o, conte\u00fado e entretenimento \u00e0 comunidade, fortalecendo a comunica\u00e7\u00e3o local e impulsionando o desenvolvimento regional. Acompanhe atrav\u00e9s de @redelitoralrs.\",\"sameAs\":[\"https:\\\/\\\/redelitoralrs.com\",\"https:\\\/\\\/www.instagram.com\\\/redelitoralrs\",\"https:\\\/\\\/www.youtube.com\\\/@redelitoralrs\"],\"url\":\"https:\\\/\\\/redelitoralrs.com\\\/index.php\\\/author\\\/redacaotvlitoral\\\/\"}]}<\/script>\n<!-- \/ Yoast SEO plugin. -->","yoast_head_json":{"title":"Colombiano \u00e9 preso por ataque a tiros em Imb\u00e9 - Rede Litoral RS","robots":{"index":"index","follow":"follow","max-snippet":"max-snippet:-1","max-image-preview":"max-image-preview:large","max-video-preview":"max-video-preview:-1"},"canonical":"https:\/\/redelitoralrs.com\/index.php\/2025\/01\/15\/colombiano-e-preso-por-ataque-a-tiros-em-imbe\/","og_locale":"pt_BR","og_type":"article","og_title":"Colombiano \u00e9 preso por ataque a tiros em Imb\u00e9 - Rede Litoral RS","og_description":"Um colombiano de 22 anos foi preso pela Pol\u00edcia Civil, acusado de envolvimento em um ataque a tiros que ocorreu em setembro de 2024, no bairro Albatroz, em Imb\u00e9. A a\u00e7\u00e3o criminosa deixou um homem de 45 anos ferido. O mandado de pris\u00e3o preventiva por tentativa de homic\u00eddio foi cumprido nesta segunda-feira (13), como parte [&hellip;]","og_url":"https:\/\/redelitoralrs.com\/index.php\/2025\/01\/15\/colombiano-e-preso-por-ataque-a-tiros-em-imbe\/","og_site_name":"Rede Litoral RS","article_publisher":"https:\/\/www.facebook.com\/tvlitoralrsoficial","article_published_time":"2025-01-15T16:37:05+00:00","og_image":[{"width":1047,"height":647,"url":"https:\/\/redelitoralrs.com\/wp-content\/uploads\/2025\/01\/Imagem-do-WhatsApp-de-2025-01-15-as-12.16.18_b7a6dd40.jpg","type":"image\/jpeg"}],"author":"Reda\u00e7\u00e3o TV Litoral","twitter_card":"summary_large_image","twitter_misc":{"Escrito por":"Reda\u00e7\u00e3o TV Litoral","Est. tempo de leitura":"3 minutos"},"schema":{"@context":"https:\/\/schema.org","@graph":[{"@type":"Article","@id":"https:\/\/redelitoralrs.com\/index.php\/2025\/01\/15\/colombiano-e-preso-por-ataque-a-tiros-em-imbe\/#article","isPartOf":{"@id":"https:\/\/redelitoralrs.com\/index.php\/2025\/01\/15\/colombiano-e-preso-por-ataque-a-tiros-em-imbe\/"},"author":{"name":"Reda\u00e7\u00e3o TV Litoral","@id":"https:\/\/redelitoralrs.com\/#\/schema\/person\/9f8181f2a7359dd3986f05ebaf5bd68a"},"headline":"Colombiano \u00e9 preso por ataque a tiros em Imb\u00e9","datePublished":"2025-01-15T16:37:05+00:00","mainEntityOfPage":{"@id":"https:\/\/redelitoralrs.com\/index.php\/2025\/01\/15\/colombiano-e-preso-por-ataque-a-tiros-em-imbe\/"},"wordCount":321,"commentCount":0,"publisher":{"@id":"https:\/\/redelitoralrs.com\/#organization"},"image":{"@id":"https:\/\/redelitoralrs.com\/index.php\/2025\/01\/15\/colombiano-e-preso-por-ataque-a-tiros-em-imbe\/#primaryimage"},"thumbnailUrl":"https:\/\/redelitoralrs.com\/wp-content\/uploads\/2025\/01\/Imagem-do-WhatsApp-de-2025-01-15-as-12.16.18_b7a6dd40.jpg","articleSection":["Imb\u00e9","Litoral Norte","\u00daltimas not\u00edcias"],"inLanguage":"pt-BR","potentialAction":[{"@type":"CommentAction","name":"Comment","target":["https:\/\/redelitoralrs.com\/index.php\/2025\/01\/15\/colombiano-e-preso-por-ataque-a-tiros-em-imbe\/#respond"]}]},{"@type":"WebPage","@id":"https:\/\/redelitoralrs.com\/index.php\/2025\/01\/15\/colombiano-e-preso-por-ataque-a-tiros-em-imbe\/","url":"https:\/\/redelitoralrs.com\/index.php\/2025\/01\/15\/colombiano-e-preso-por-ataque-a-tiros-em-imbe\/","name":"Colombiano \u00e9 preso por ataque a tiros em Imb\u00e9 - Rede Litoral RS","isPartOf":{"@id":"https:\/\/redelitoralrs.com\/#website"},"primaryImageOfPage":{"@id":"https:\/\/redelitoralrs.com\/index.php\/2025\/01\/15\/colombiano-e-preso-por-ataque-a-tiros-em-imbe\/#primaryimage"},"image":{"@id":"https:\/\/redelitoralrs.com\/index.php\/2025\/01\/15\/colombiano-e-preso-por-ataque-a-tiros-em-imbe\/#primaryimage"},"thumbnailUrl":"https:\/\/redelitoralrs.com\/wp-content\/uploads\/2025\/01\/Imagem-do-WhatsApp-de-2025-01-15-as-12.16.18_b7a6dd40.jpg","datePublished":"2025-01-15T16:37:05+00:00","breadcrumb":{"@id":"https:\/\/redelitoralrs.com\/index.php\/2025\/01\/15\/colombiano-e-preso-por-ataque-a-tiros-em-imbe\/#breadcrumb"},"inLanguage":"pt-BR","potentialAction":[{"@type":"ReadAction","target":["https:\/\/redelitoralrs.com\/index.php\/2025\/01\/15\/colombiano-e-preso-por-ataque-a-tiros-em-imbe\/"]}]},{"@type":"ImageObject","inLanguage":"pt-BR","@id":"https:\/\/redelitoralrs.com\/index.php\/2025\/01\/15\/colombiano-e-preso-por-ataque-a-tiros-em-imbe\/#primaryimage","url":"https:\/\/redelitoralrs.com\/wp-content\/uploads\/2025\/01\/Imagem-do-WhatsApp-de-2025-01-15-as-12.16.18_b7a6dd40.jpg","contentUrl":"https:\/\/redelitoralrs.com\/wp-content\/uploads\/2025\/01\/Imagem-do-WhatsApp-de-2025-01-15-as-12.16.18_b7a6dd40.jpg","width":1047,"height":647},{"@type":"BreadcrumbList","@id":"https:\/\/redelitoralrs.com\/index.php\/2025\/01\/15\/colombiano-e-preso-por-ataque-a-tiros-em-imbe\/#breadcrumb","itemListElement":[{"@type":"ListItem","position":1,"name":"In\u00edcio","item":"https:\/\/redelitoralrs.com\/"},{"@type":"ListItem","position":2,"name":"Colombiano \u00e9 preso por ataque a tiros em Imb\u00e9"}]},{"@type":"WebSite","@id":"https:\/\/redelitoralrs.com\/#website","url":"https:\/\/redelitoralrs.com\/","name":"TV Litoral","description":"Acompanhe tudo do litoral ga\u00facho com a cobertura completa e atualizada da Rede Litoral RS. Nossos jornalistas trazem as \u00faltimas not\u00edcias, os acontecimentos mais quentes e as hist\u00f3rias que importam sobre nosso amado litoral.","publisher":{"@id":"https:\/\/redelitoralrs.com\/#organization"},"potentialAction":[{"@type":"SearchAction","target":{"@type":"EntryPoint","urlTemplate":"https:\/\/redelitoralrs.com\/?s={search_term_string}"},"query-input":{"@type":"PropertyValueSpecification","valueRequired":true,"valueName":"search_term_string"}}],"inLanguage":"pt-BR"},{"@type":"Organization","@id":"https:\/\/redelitoralrs.com\/#organization","name":"TV Litoral","url":"https:\/\/redelitoralrs.com\/","logo":{"@type":"ImageObject","inLanguage":"pt-BR","@id":"https:\/\/redelitoralrs.com\/#\/schema\/logo\/image\/","url":"https:\/\/redelitoralrs.com\/wp-content\/uploads\/2024\/01\/faviconicon-1-1.png","contentUrl":"https:\/\/redelitoralrs.com\/wp-content\/uploads\/2024\/01\/faviconicon-1-1.png","width":454,"height":454,"caption":"TV Litoral"},"image":{"@id":"https:\/\/redelitoralrs.com\/#\/schema\/logo\/image\/"},"sameAs":["https:\/\/www.facebook.com\/tvlitoralrsoficial","https:\/\/www.instagram.com\/tvlitoral.rs"]},{"@type":"Person","@id":"https:\/\/redelitoralrs.com\/#\/schema\/person\/9f8181f2a7359dd3986f05ebaf5bd68a","name":"Reda\u00e7\u00e3o TV Litoral","image":{"@type":"ImageObject","inLanguage":"pt-BR","@id":"https:\/\/redelitoralrs.com\/wp-content\/litespeed\/avatar\/779aafbb45e66c7f82733e21abb48259.jpg?ver=1776956734","url":"https:\/\/redelitoralrs.com\/wp-content\/litespeed\/avatar\/779aafbb45e66c7f82733e21abb48259.jpg?ver=1776956734","contentUrl":"https:\/\/redelitoralrs.com\/wp-content\/litespeed\/avatar\/779aafbb45e66c7f82733e21abb48259.jpg?ver=1776956734","caption":"Reda\u00e7\u00e3o TV Litoral"},"description":"A Rede Litoral de Comunica\u00e7\u00e3o \u00e9 um grupo de m\u00eddia multiplataforma do Litoral Norte do RS. Com atua\u00e7\u00e3o em TV, r\u00e1dio, portal e redes sociais, levamos informa\u00e7\u00e3o, conte\u00fado e entretenimento \u00e0 comunidade, fortalecendo a comunica\u00e7\u00e3o local e impulsionando o desenvolvimento regional. Acompanhe atrav\u00e9s de @redelitoralrs.","sameAs":["https:\/\/redelitoralrs.com","https:\/\/www.instagram.com\/redelitoralrs","https:\/\/www.youtube.com\/@redelitoralrs"],"url":"https:\/\/redelitoralrs.com\/index.php\/author\/redacaotvlitoral\/"}]}},"_links":{"self":[{"href":"https:\/\/redelitoralrs.com\/index.php\/wp-json\/wp\/v2\/posts\/5296","targetHints":{"allow":["GET"]}}],"collection":[{"href":"https:\/\/redelitoralrs.com\/index.php\/wp-json\/wp\/v2\/posts"}],"about":[{"href":"https:\/\/redelitoralrs.com\/index.php\/wp-json\/wp\/v2\/types\/post"}],"author":[{"embeddable":true,"href":"https:\/\/redelitoralrs.com\/index.php\/wp-json\/wp\/v2\/users\/2"}],"replies":[{"embeddable":true,"href":"https:\/\/redelitoralrs.com\/index.php\/wp-json\/wp\/v2\/comments?post=5296"}],"version-history":[{"count":2,"href":"https:\/\/redelitoralrs.com\/index.php\/wp-json\/wp\/v2\/posts\/5296\/revisions"}],"predecessor-version":[{"id":5300,"href":"https:\/\/redelitoralrs.com\/index.php\/wp-json\/wp\/v2\/posts\/5296\/revisions\/5300"}],"wp:featuredmedia":[{"embeddable":true,"href":"https:\/\/redelitoralrs.com\/index.php\/wp-json\/wp\/v2\/media\/5298"}],"wp:attachment":[{"href":"https:\/\/redelitoralrs.com\/index.php\/wp-json\/wp\/v2\/media?parent=5296"}],"wp:term":[{"taxonomy":"category","embeddable":true,"href":"https:\/\/redelitoralrs.com\/index.php\/wp-json\/wp\/v2\/categories?post=5296"},{"taxonomy":"post_tag","embeddable":true,"href":"https:\/\/redelitoralrs.com\/index.php\/wp-json\/wp\/v2\/tags?post=5296"}],"curies":[{"name":"wp","href":"https:\/\/api.w.org\/{rel}","templated":true}]}}