{"id":5257,"date":"2025-01-15T12:36:11","date_gmt":"2025-01-15T15:36:11","guid":{"rendered":"https:\/\/redelitoralrs.com\/?p=5257"},"modified":"2025-01-15T12:36:11","modified_gmt":"2025-01-15T15:36:11","slug":"capivara-e-vista-no-centro-de-osorio-e-chama-a-atencao-dos-moradores","status":"publish","type":"post","link":"https:\/\/redelitoralrs.com\/index.php\/2025\/01\/15\/capivara-e-vista-no-centro-de-osorio-e-chama-a-atencao-dos-moradores\/","title":{"rendered":"Capivara \u00e9 vista no centro de Os\u00f3rio e chama a aten\u00e7\u00e3o dos moradores"},"content":{"rendered":"\n<p><\/p>\n\n\n\n<p>Na noite desta segunda-feira, uma capivara foi flagrada caminhando pela Avenida Get\u00falio Vargas, no centro de Os\u00f3rio. O animal, t\u00edpico de \u00e1reas pr\u00f3ximas a rios e lagos, surpreendeu pedestres e motoristas ao circular tranquilamente pelo asfalto em meio \u00e0 movimenta\u00e7\u00e3o urbana.<\/p>\n\n\n\n<p>V\u00e1rias pessoas registraram o momento com fotos e v\u00eddeos, que rapidamente viralizaram nas redes sociais. Especialistas apontam que a presen\u00e7a do animal na cidade pode estar ligada \u00e0 busca por alimentos ou \u00e0 perda de habitat natural.<\/p>\n\n\n\n<p>Os\u00f3rio, com seus lagos e \u00e1reas verdes, \u00e9 um local prop\u00edcio para a presen\u00e7a de capivaras, mas a apari\u00e7\u00e3o no centro urbano refor\u00e7a a necessidade de conviv\u00eancia respeitosa entre humanos e animais. A orienta\u00e7\u00e3o \u00e9 para que as pessoas n\u00e3o tentem interagir diretamente com esses animais, garantindo tanto a seguran\u00e7a dos moradores quanto a da fauna local.<\/p>\n\n\n\n<p>A cena inusitada deixou muitos moradores encantados e refor\u00e7a a import\u00e2ncia de preservarmos nossos espa\u00e7os naturais para mantermos essa conviv\u00eancia&nbsp;harmoniosa.<\/p>\n\n\n\n<figure class=\"wp-block-gallery has-nested-images columns-default is-cropped wp-block-gallery-1 is-layout-flex wp-block-gallery-is-layout-flex\">\n<figure class=\"wp-block-image size-large\"><img fetchpriority=\"high\" decoding=\"async\" width=\"819\" height=\"1024\" data-id=\"5258\" src=\"https:\/\/redelitoralrs.com\/wp-content\/uploads\/2025\/01\/Imagem-do-WhatsApp-de-2025-01-14-as-10.50.04_6e43f1b5-819x1024.jpg\" alt=\"\" class=\"wp-image-5258\" srcset=\"https:\/\/redelitoralrs.com\/wp-content\/uploads\/2025\/01\/Imagem-do-WhatsApp-de-2025-01-14-as-10.50.04_6e43f1b5-819x1024.jpg 819w, https:\/\/redelitoralrs.com\/wp-content\/uploads\/2025\/01\/Imagem-do-WhatsApp-de-2025-01-14-as-10.50.04_6e43f1b5-240x300.jpg 240w, https:\/\/redelitoralrs.com\/wp-content\/uploads\/2025\/01\/Imagem-do-WhatsApp-de-2025-01-14-as-10.50.04_6e43f1b5-768x960.jpg 768w, https:\/\/redelitoralrs.com\/wp-content\/uploads\/2025\/01\/Imagem-do-WhatsApp-de-2025-01-14-as-10.50.04_6e43f1b5.jpg 1024w\" sizes=\"(max-width: 819px) 100vw, 819px\" \/><\/figure>\n\n\n\n<figure class=\"wp-block-image size-large\"><img decoding=\"async\" width=\"819\" height=\"1024\" data-id=\"5259\" src=\"https:\/\/redelitoralrs.com\/wp-content\/uploads\/2025\/01\/Imagem-do-WhatsApp-de-2025-01-14-as-10.50.06_87f67753-819x1024.jpg\" alt=\"\" class=\"wp-image-5259\" srcset=\"https:\/\/redelitoralrs.com\/wp-content\/uploads\/2025\/01\/Imagem-do-WhatsApp-de-2025-01-14-as-10.50.06_87f67753-819x1024.jpg 819w, https:\/\/redelitoralrs.com\/wp-content\/uploads\/2025\/01\/Imagem-do-WhatsApp-de-2025-01-14-as-10.50.06_87f67753-240x300.jpg 240w, https:\/\/redelitoralrs.com\/wp-content\/uploads\/2025\/01\/Imagem-do-WhatsApp-de-2025-01-14-as-10.50.06_87f67753-768x960.jpg 768w, https:\/\/redelitoralrs.com\/wp-content\/uploads\/2025\/01\/Imagem-do-WhatsApp-de-2025-01-14-as-10.50.06_87f67753.jpg 1024w\" sizes=\"(max-width: 819px) 100vw, 819px\" \/><\/figure>\n<\/figure>\n","protected":false},"excerpt":{"rendered":"<p>Na noite desta segunda-feira, uma capivara foi flagrada caminhando pela Avenida Get\u00falio Vargas, no centro de Os\u00f3rio. O animal, t\u00edpico de \u00e1reas pr\u00f3ximas a rios e lagos, surpreendeu pedestres e motoristas ao circular tranquilamente pelo asfalto em meio \u00e0 movimenta\u00e7\u00e3o urbana. V\u00e1rias pessoas registraram o momento com fotos e v\u00eddeos, que rapidamente viralizaram nas redes [&hellip;]<\/p>\n","protected":false},"author":2,"featured_media":5261,"comment_status":"open","ping_status":"open","sticky":false,"template":"","format":"standard","meta":{"_themeisle_gutenberg_block_has_review":false,"footnotes":""},"categories":[20,172,15],"tags":[],"class_list":["post-5257","post","type-post","status-publish","format-standard","has-post-thumbnail","hentry","category-litoral_norte","category-osorio","category-noticias"],"yoast_head":"<!-- This site is optimized with the Yoast SEO plugin v27.4 - https:\/\/yoast.com\/product\/yoast-seo-wordpress\/ -->\n<title>Capivara \u00e9 vista no centro de Os\u00f3rio e chama a aten\u00e7\u00e3o dos moradores - Rede Litoral RS<\/title>\n<meta name=\"description\" content=\"Na noite desta segunda-feira, uma capivara foi flagrada caminhando pela Avenida Get\u00falio Vargas, no centro de Os\u00f3rio. O animal, t\u00edpico de \u00e1reas pr\u00f3ximas a rios e lagos, surpreendeu pedestres e motoristas ao circular tranquilamente pelo asfalto em meio \u00e0 movimenta\u00e7\u00e3o urbana.\" \/>\n<meta name=\"robots\" content=\"index, follow, max-snippet:-1, max-image-preview:large, max-video-preview:-1\" \/>\n<link rel=\"canonical\" href=\"https:\/\/redelitoralrs.com\/index.php\/2025\/01\/15\/capivara-e-vista-no-centro-de-osorio-e-chama-a-atencao-dos-moradores\/\" \/>\n<meta property=\"og:locale\" content=\"pt_BR\" \/>\n<meta property=\"og:type\" content=\"article\" \/>\n<meta property=\"og:title\" content=\"Capivara \u00e9 vista no centro de Os\u00f3rio e chama a aten\u00e7\u00e3o dos moradores - Rede Litoral RS\" \/>\n<meta property=\"og:description\" content=\"Na noite desta segunda-feira, uma capivara foi flagrada caminhando pela Avenida Get\u00falio Vargas, no centro de Os\u00f3rio. O animal, t\u00edpico de \u00e1reas pr\u00f3ximas a rios e lagos, surpreendeu pedestres e motoristas ao circular tranquilamente pelo asfalto em meio \u00e0 movimenta\u00e7\u00e3o urbana.\" \/>\n<meta property=\"og:url\" content=\"https:\/\/redelitoralrs.com\/index.php\/2025\/01\/15\/capivara-e-vista-no-centro-de-osorio-e-chama-a-atencao-dos-moradores\/\" \/>\n<meta property=\"og:site_name\" content=\"Rede Litoral RS\" \/>\n<meta property=\"article:publisher\" content=\"https:\/\/www.facebook.com\/tvlitoralrsoficial\" \/>\n<meta property=\"article:published_time\" content=\"2025-01-15T15:36:11+00:00\" \/>\n<meta property=\"og:image\" content=\"https:\/\/redelitoralrs.com\/wp-content\/uploads\/2025\/01\/Imagem-do-WhatsApp-de-2025-01-14-as-10.50.04_6e43f1b5-1.jpg\" \/>\n\t<meta property=\"og:image:width\" content=\"1024\" \/>\n\t<meta property=\"og:image:height\" content=\"1280\" \/>\n\t<meta property=\"og:image:type\" content=\"image\/jpeg\" \/>\n<meta name=\"author\" content=\"Reda\u00e7\u00e3o TV Litoral\" \/>\n<meta name=\"twitter:card\" content=\"summary_large_image\" \/>\n<meta name=\"twitter:label1\" content=\"Escrito por\" \/>\n\t<meta name=\"twitter:data1\" content=\"Reda\u00e7\u00e3o TV Litoral\" \/>\n\t<meta name=\"twitter:label2\" content=\"Est. tempo de leitura\" \/>\n\t<meta name=\"twitter:data2\" content=\"2 minutos\" \/>\n<script type=\"application\/ld+json\" class=\"yoast-schema-graph\">{\"@context\":\"https:\\\/\\\/schema.org\",\"@graph\":[{\"@type\":\"Article\",\"@id\":\"https:\\\/\\\/redelitoralrs.com\\\/index.php\\\/2025\\\/01\\\/15\\\/capivara-e-vista-no-centro-de-osorio-e-chama-a-atencao-dos-moradores\\\/#article\",\"isPartOf\":{\"@id\":\"https:\\\/\\\/redelitoralrs.com\\\/index.php\\\/2025\\\/01\\\/15\\\/capivara-e-vista-no-centro-de-osorio-e-chama-a-atencao-dos-moradores\\\/\"},\"author\":{\"name\":\"Reda\u00e7\u00e3o TV Litoral\",\"@id\":\"https:\\\/\\\/redelitoralrs.com\\\/#\\\/schema\\\/person\\\/9f8181f2a7359dd3986f05ebaf5bd68a\"},\"headline\":\"Capivara \u00e9 vista no centro de Os\u00f3rio e chama a aten\u00e7\u00e3o dos moradores\",\"datePublished\":\"2025-01-15T15:36:11+00:00\",\"mainEntityOfPage\":{\"@id\":\"https:\\\/\\\/redelitoralrs.com\\\/index.php\\\/2025\\\/01\\\/15\\\/capivara-e-vista-no-centro-de-osorio-e-chama-a-atencao-dos-moradores\\\/\"},\"wordCount\":187,\"commentCount\":0,\"publisher\":{\"@id\":\"https:\\\/\\\/redelitoralrs.com\\\/#organization\"},\"image\":{\"@id\":\"https:\\\/\\\/redelitoralrs.com\\\/index.php\\\/2025\\\/01\\\/15\\\/capivara-e-vista-no-centro-de-osorio-e-chama-a-atencao-dos-moradores\\\/#primaryimage\"},\"thumbnailUrl\":\"https:\\\/\\\/redelitoralrs.com\\\/wp-content\\\/uploads\\\/2025\\\/01\\\/Imagem-do-WhatsApp-de-2025-01-14-as-10.50.04_6e43f1b5-1.jpg\",\"articleSection\":[\"Litoral Norte\",\"Os\u00f3rio\",\"\u00daltimas not\u00edcias\"],\"inLanguage\":\"pt-BR\",\"potentialAction\":[{\"@type\":\"CommentAction\",\"name\":\"Comment\",\"target\":[\"https:\\\/\\\/redelitoralrs.com\\\/index.php\\\/2025\\\/01\\\/15\\\/capivara-e-vista-no-centro-de-osorio-e-chama-a-atencao-dos-moradores\\\/#respond\"]}]},{\"@type\":\"WebPage\",\"@id\":\"https:\\\/\\\/redelitoralrs.com\\\/index.php\\\/2025\\\/01\\\/15\\\/capivara-e-vista-no-centro-de-osorio-e-chama-a-atencao-dos-moradores\\\/\",\"url\":\"https:\\\/\\\/redelitoralrs.com\\\/index.php\\\/2025\\\/01\\\/15\\\/capivara-e-vista-no-centro-de-osorio-e-chama-a-atencao-dos-moradores\\\/\",\"name\":\"Capivara \u00e9 vista no centro de Os\u00f3rio e chama a aten\u00e7\u00e3o dos moradores - Rede Litoral RS\",\"isPartOf\":{\"@id\":\"https:\\\/\\\/redelitoralrs.com\\\/#website\"},\"primaryImageOfPage\":{\"@id\":\"https:\\\/\\\/redelitoralrs.com\\\/index.php\\\/2025\\\/01\\\/15\\\/capivara-e-vista-no-centro-de-osorio-e-chama-a-atencao-dos-moradores\\\/#primaryimage\"},\"image\":{\"@id\":\"https:\\\/\\\/redelitoralrs.com\\\/index.php\\\/2025\\\/01\\\/15\\\/capivara-e-vista-no-centro-de-osorio-e-chama-a-atencao-dos-moradores\\\/#primaryimage\"},\"thumbnailUrl\":\"https:\\\/\\\/redelitoralrs.com\\\/wp-content\\\/uploads\\\/2025\\\/01\\\/Imagem-do-WhatsApp-de-2025-01-14-as-10.50.04_6e43f1b5-1.jpg\",\"datePublished\":\"2025-01-15T15:36:11+00:00\",\"description\":\"Na noite desta segunda-feira, uma capivara foi flagrada caminhando pela Avenida Get\u00falio Vargas, no centro de Os\u00f3rio. O animal, t\u00edpico de \u00e1reas pr\u00f3ximas a rios e lagos, surpreendeu pedestres e motoristas ao circular tranquilamente pelo asfalto em meio \u00e0 movimenta\u00e7\u00e3o urbana.\",\"breadcrumb\":{\"@id\":\"https:\\\/\\\/redelitoralrs.com\\\/index.php\\\/2025\\\/01\\\/15\\\/capivara-e-vista-no-centro-de-osorio-e-chama-a-atencao-dos-moradores\\\/#breadcrumb\"},\"inLanguage\":\"pt-BR\",\"potentialAction\":[{\"@type\":\"ReadAction\",\"target\":[\"https:\\\/\\\/redelitoralrs.com\\\/index.php\\\/2025\\\/01\\\/15\\\/capivara-e-vista-no-centro-de-osorio-e-chama-a-atencao-dos-moradores\\\/\"]}]},{\"@type\":\"ImageObject\",\"inLanguage\":\"pt-BR\",\"@id\":\"https:\\\/\\\/redelitoralrs.com\\\/index.php\\\/2025\\\/01\\\/15\\\/capivara-e-vista-no-centro-de-osorio-e-chama-a-atencao-dos-moradores\\\/#primaryimage\",\"url\":\"https:\\\/\\\/redelitoralrs.com\\\/wp-content\\\/uploads\\\/2025\\\/01\\\/Imagem-do-WhatsApp-de-2025-01-14-as-10.50.04_6e43f1b5-1.jpg\",\"contentUrl\":\"https:\\\/\\\/redelitoralrs.com\\\/wp-content\\\/uploads\\\/2025\\\/01\\\/Imagem-do-WhatsApp-de-2025-01-14-as-10.50.04_6e43f1b5-1.jpg\",\"width\":1024,\"height\":1280},{\"@type\":\"BreadcrumbList\",\"@id\":\"https:\\\/\\\/redelitoralrs.com\\\/index.php\\\/2025\\\/01\\\/15\\\/capivara-e-vista-no-centro-de-osorio-e-chama-a-atencao-dos-moradores\\\/#breadcrumb\",\"itemListElement\":[{\"@type\":\"ListItem\",\"position\":1,\"name\":\"In\u00edcio\",\"item\":\"https:\\\/\\\/redelitoralrs.com\\\/\"},{\"@type\":\"ListItem\",\"position\":2,\"name\":\"Capivara \u00e9 vista no centro de Os\u00f3rio e chama a aten\u00e7\u00e3o dos moradores\"}]},{\"@type\":\"WebSite\",\"@id\":\"https:\\\/\\\/redelitoralrs.com\\\/#website\",\"url\":\"https:\\\/\\\/redelitoralrs.com\\\/\",\"name\":\"TV Litoral\",\"description\":\"Acompanhe tudo do litoral ga\u00facho com a cobertura completa e atualizada da Rede Litoral RS. Nossos jornalistas trazem as \u00faltimas not\u00edcias, os acontecimentos mais quentes e as hist\u00f3rias que importam sobre nosso amado litoral.\",\"publisher\":{\"@id\":\"https:\\\/\\\/redelitoralrs.com\\\/#organization\"},\"potentialAction\":[{\"@type\":\"SearchAction\",\"target\":{\"@type\":\"EntryPoint\",\"urlTemplate\":\"https:\\\/\\\/redelitoralrs.com\\\/?s={search_term_string}\"},\"query-input\":{\"@type\":\"PropertyValueSpecification\",\"valueRequired\":true,\"valueName\":\"search_term_string\"}}],\"inLanguage\":\"pt-BR\"},{\"@type\":\"Organization\",\"@id\":\"https:\\\/\\\/redelitoralrs.com\\\/#organization\",\"name\":\"TV Litoral\",\"url\":\"https:\\\/\\\/redelitoralrs.com\\\/\",\"logo\":{\"@type\":\"ImageObject\",\"inLanguage\":\"pt-BR\",\"@id\":\"https:\\\/\\\/redelitoralrs.com\\\/#\\\/schema\\\/logo\\\/image\\\/\",\"url\":\"https:\\\/\\\/redelitoralrs.com\\\/wp-content\\\/uploads\\\/2024\\\/01\\\/faviconicon-1-1.png\",\"contentUrl\":\"https:\\\/\\\/redelitoralrs.com\\\/wp-content\\\/uploads\\\/2024\\\/01\\\/faviconicon-1-1.png\",\"width\":454,\"height\":454,\"caption\":\"TV Litoral\"},\"image\":{\"@id\":\"https:\\\/\\\/redelitoralrs.com\\\/#\\\/schema\\\/logo\\\/image\\\/\"},\"sameAs\":[\"https:\\\/\\\/www.facebook.com\\\/tvlitoralrsoficial\",\"https:\\\/\\\/www.instagram.com\\\/tvlitoral.rs\"]},{\"@type\":\"Person\",\"@id\":\"https:\\\/\\\/redelitoralrs.com\\\/#\\\/schema\\\/person\\\/9f8181f2a7359dd3986f05ebaf5bd68a\",\"name\":\"Reda\u00e7\u00e3o TV Litoral\",\"image\":{\"@type\":\"ImageObject\",\"inLanguage\":\"pt-BR\",\"@id\":\"https:\\\/\\\/redelitoralrs.com\\\/wp-content\\\/litespeed\\\/avatar\\\/779aafbb45e66c7f82733e21abb48259.jpg?ver=1777561602\",\"url\":\"https:\\\/\\\/redelitoralrs.com\\\/wp-content\\\/litespeed\\\/avatar\\\/779aafbb45e66c7f82733e21abb48259.jpg?ver=1777561602\",\"contentUrl\":\"https:\\\/\\\/redelitoralrs.com\\\/wp-content\\\/litespeed\\\/avatar\\\/779aafbb45e66c7f82733e21abb48259.jpg?ver=1777561602\",\"caption\":\"Reda\u00e7\u00e3o TV Litoral\"},\"description\":\"A Rede Litoral de Comunica\u00e7\u00e3o \u00e9 um grupo de m\u00eddia multiplataforma do Litoral Norte do RS. Com atua\u00e7\u00e3o em TV, r\u00e1dio, portal e redes sociais, levamos informa\u00e7\u00e3o, conte\u00fado e entretenimento \u00e0 comunidade, fortalecendo a comunica\u00e7\u00e3o local e impulsionando o desenvolvimento regional. Acompanhe atrav\u00e9s de @redelitoralrs.\",\"sameAs\":[\"https:\\\/\\\/redelitoralrs.com\",\"https:\\\/\\\/www.instagram.com\\\/redelitoralrs\",\"https:\\\/\\\/www.youtube.com\\\/@redelitoralrs\"],\"url\":\"https:\\\/\\\/redelitoralrs.com\\\/index.php\\\/author\\\/redacaotvlitoral\\\/\"}]}<\/script>\n<!-- \/ Yoast SEO plugin. -->","yoast_head_json":{"title":"Capivara \u00e9 vista no centro de Os\u00f3rio e chama a aten\u00e7\u00e3o dos moradores - Rede Litoral RS","description":"Na noite desta segunda-feira, uma capivara foi flagrada caminhando pela Avenida Get\u00falio Vargas, no centro de Os\u00f3rio. O animal, t\u00edpico de \u00e1reas pr\u00f3ximas a rios e lagos, surpreendeu pedestres e motoristas ao circular tranquilamente pelo asfalto em meio \u00e0 movimenta\u00e7\u00e3o urbana.","robots":{"index":"index","follow":"follow","max-snippet":"max-snippet:-1","max-image-preview":"max-image-preview:large","max-video-preview":"max-video-preview:-1"},"canonical":"https:\/\/redelitoralrs.com\/index.php\/2025\/01\/15\/capivara-e-vista-no-centro-de-osorio-e-chama-a-atencao-dos-moradores\/","og_locale":"pt_BR","og_type":"article","og_title":"Capivara \u00e9 vista no centro de Os\u00f3rio e chama a aten\u00e7\u00e3o dos moradores - Rede Litoral RS","og_description":"Na noite desta segunda-feira, uma capivara foi flagrada caminhando pela Avenida Get\u00falio Vargas, no centro de Os\u00f3rio. O animal, t\u00edpico de \u00e1reas pr\u00f3ximas a rios e lagos, surpreendeu pedestres e motoristas ao circular tranquilamente pelo asfalto em meio \u00e0 movimenta\u00e7\u00e3o urbana.","og_url":"https:\/\/redelitoralrs.com\/index.php\/2025\/01\/15\/capivara-e-vista-no-centro-de-osorio-e-chama-a-atencao-dos-moradores\/","og_site_name":"Rede Litoral RS","article_publisher":"https:\/\/www.facebook.com\/tvlitoralrsoficial","article_published_time":"2025-01-15T15:36:11+00:00","og_image":[{"width":1024,"height":1280,"url":"https:\/\/redelitoralrs.com\/wp-content\/uploads\/2025\/01\/Imagem-do-WhatsApp-de-2025-01-14-as-10.50.04_6e43f1b5-1.jpg","type":"image\/jpeg"}],"author":"Reda\u00e7\u00e3o TV Litoral","twitter_card":"summary_large_image","twitter_misc":{"Escrito por":"Reda\u00e7\u00e3o TV Litoral","Est. tempo de leitura":"2 minutos"},"schema":{"@context":"https:\/\/schema.org","@graph":[{"@type":"Article","@id":"https:\/\/redelitoralrs.com\/index.php\/2025\/01\/15\/capivara-e-vista-no-centro-de-osorio-e-chama-a-atencao-dos-moradores\/#article","isPartOf":{"@id":"https:\/\/redelitoralrs.com\/index.php\/2025\/01\/15\/capivara-e-vista-no-centro-de-osorio-e-chama-a-atencao-dos-moradores\/"},"author":{"name":"Reda\u00e7\u00e3o TV Litoral","@id":"https:\/\/redelitoralrs.com\/#\/schema\/person\/9f8181f2a7359dd3986f05ebaf5bd68a"},"headline":"Capivara \u00e9 vista no centro de Os\u00f3rio e chama a aten\u00e7\u00e3o dos moradores","datePublished":"2025-01-15T15:36:11+00:00","mainEntityOfPage":{"@id":"https:\/\/redelitoralrs.com\/index.php\/2025\/01\/15\/capivara-e-vista-no-centro-de-osorio-e-chama-a-atencao-dos-moradores\/"},"wordCount":187,"commentCount":0,"publisher":{"@id":"https:\/\/redelitoralrs.com\/#organization"},"image":{"@id":"https:\/\/redelitoralrs.com\/index.php\/2025\/01\/15\/capivara-e-vista-no-centro-de-osorio-e-chama-a-atencao-dos-moradores\/#primaryimage"},"thumbnailUrl":"https:\/\/redelitoralrs.com\/wp-content\/uploads\/2025\/01\/Imagem-do-WhatsApp-de-2025-01-14-as-10.50.04_6e43f1b5-1.jpg","articleSection":["Litoral Norte","Os\u00f3rio","\u00daltimas not\u00edcias"],"inLanguage":"pt-BR","potentialAction":[{"@type":"CommentAction","name":"Comment","target":["https:\/\/redelitoralrs.com\/index.php\/2025\/01\/15\/capivara-e-vista-no-centro-de-osorio-e-chama-a-atencao-dos-moradores\/#respond"]}]},{"@type":"WebPage","@id":"https:\/\/redelitoralrs.com\/index.php\/2025\/01\/15\/capivara-e-vista-no-centro-de-osorio-e-chama-a-atencao-dos-moradores\/","url":"https:\/\/redelitoralrs.com\/index.php\/2025\/01\/15\/capivara-e-vista-no-centro-de-osorio-e-chama-a-atencao-dos-moradores\/","name":"Capivara \u00e9 vista no centro de Os\u00f3rio e chama a aten\u00e7\u00e3o dos moradores - Rede Litoral RS","isPartOf":{"@id":"https:\/\/redelitoralrs.com\/#website"},"primaryImageOfPage":{"@id":"https:\/\/redelitoralrs.com\/index.php\/2025\/01\/15\/capivara-e-vista-no-centro-de-osorio-e-chama-a-atencao-dos-moradores\/#primaryimage"},"image":{"@id":"https:\/\/redelitoralrs.com\/index.php\/2025\/01\/15\/capivara-e-vista-no-centro-de-osorio-e-chama-a-atencao-dos-moradores\/#primaryimage"},"thumbnailUrl":"https:\/\/redelitoralrs.com\/wp-content\/uploads\/2025\/01\/Imagem-do-WhatsApp-de-2025-01-14-as-10.50.04_6e43f1b5-1.jpg","datePublished":"2025-01-15T15:36:11+00:00","description":"Na noite desta segunda-feira, uma capivara foi flagrada caminhando pela Avenida Get\u00falio Vargas, no centro de Os\u00f3rio. O animal, t\u00edpico de \u00e1reas pr\u00f3ximas a rios e lagos, surpreendeu pedestres e motoristas ao circular tranquilamente pelo asfalto em meio \u00e0 movimenta\u00e7\u00e3o urbana.","breadcrumb":{"@id":"https:\/\/redelitoralrs.com\/index.php\/2025\/01\/15\/capivara-e-vista-no-centro-de-osorio-e-chama-a-atencao-dos-moradores\/#breadcrumb"},"inLanguage":"pt-BR","potentialAction":[{"@type":"ReadAction","target":["https:\/\/redelitoralrs.com\/index.php\/2025\/01\/15\/capivara-e-vista-no-centro-de-osorio-e-chama-a-atencao-dos-moradores\/"]}]},{"@type":"ImageObject","inLanguage":"pt-BR","@id":"https:\/\/redelitoralrs.com\/index.php\/2025\/01\/15\/capivara-e-vista-no-centro-de-osorio-e-chama-a-atencao-dos-moradores\/#primaryimage","url":"https:\/\/redelitoralrs.com\/wp-content\/uploads\/2025\/01\/Imagem-do-WhatsApp-de-2025-01-14-as-10.50.04_6e43f1b5-1.jpg","contentUrl":"https:\/\/redelitoralrs.com\/wp-content\/uploads\/2025\/01\/Imagem-do-WhatsApp-de-2025-01-14-as-10.50.04_6e43f1b5-1.jpg","width":1024,"height":1280},{"@type":"BreadcrumbList","@id":"https:\/\/redelitoralrs.com\/index.php\/2025\/01\/15\/capivara-e-vista-no-centro-de-osorio-e-chama-a-atencao-dos-moradores\/#breadcrumb","itemListElement":[{"@type":"ListItem","position":1,"name":"In\u00edcio","item":"https:\/\/redelitoralrs.com\/"},{"@type":"ListItem","position":2,"name":"Capivara \u00e9 vista no centro de Os\u00f3rio e chama a aten\u00e7\u00e3o dos moradores"}]},{"@type":"WebSite","@id":"https:\/\/redelitoralrs.com\/#website","url":"https:\/\/redelitoralrs.com\/","name":"TV Litoral","description":"Acompanhe tudo do litoral ga\u00facho com a cobertura completa e atualizada da Rede Litoral RS. Nossos jornalistas trazem as \u00faltimas not\u00edcias, os acontecimentos mais quentes e as hist\u00f3rias que importam sobre nosso amado litoral.","publisher":{"@id":"https:\/\/redelitoralrs.com\/#organization"},"potentialAction":[{"@type":"SearchAction","target":{"@type":"EntryPoint","urlTemplate":"https:\/\/redelitoralrs.com\/?s={search_term_string}"},"query-input":{"@type":"PropertyValueSpecification","valueRequired":true,"valueName":"search_term_string"}}],"inLanguage":"pt-BR"},{"@type":"Organization","@id":"https:\/\/redelitoralrs.com\/#organization","name":"TV Litoral","url":"https:\/\/redelitoralrs.com\/","logo":{"@type":"ImageObject","inLanguage":"pt-BR","@id":"https:\/\/redelitoralrs.com\/#\/schema\/logo\/image\/","url":"https:\/\/redelitoralrs.com\/wp-content\/uploads\/2024\/01\/faviconicon-1-1.png","contentUrl":"https:\/\/redelitoralrs.com\/wp-content\/uploads\/2024\/01\/faviconicon-1-1.png","width":454,"height":454,"caption":"TV Litoral"},"image":{"@id":"https:\/\/redelitoralrs.com\/#\/schema\/logo\/image\/"},"sameAs":["https:\/\/www.facebook.com\/tvlitoralrsoficial","https:\/\/www.instagram.com\/tvlitoral.rs"]},{"@type":"Person","@id":"https:\/\/redelitoralrs.com\/#\/schema\/person\/9f8181f2a7359dd3986f05ebaf5bd68a","name":"Reda\u00e7\u00e3o TV Litoral","image":{"@type":"ImageObject","inLanguage":"pt-BR","@id":"https:\/\/redelitoralrs.com\/wp-content\/litespeed\/avatar\/779aafbb45e66c7f82733e21abb48259.jpg?ver=1777561602","url":"https:\/\/redelitoralrs.com\/wp-content\/litespeed\/avatar\/779aafbb45e66c7f82733e21abb48259.jpg?ver=1777561602","contentUrl":"https:\/\/redelitoralrs.com\/wp-content\/litespeed\/avatar\/779aafbb45e66c7f82733e21abb48259.jpg?ver=1777561602","caption":"Reda\u00e7\u00e3o TV Litoral"},"description":"A Rede Litoral de Comunica\u00e7\u00e3o \u00e9 um grupo de m\u00eddia multiplataforma do Litoral Norte do RS. Com atua\u00e7\u00e3o em TV, r\u00e1dio, portal e redes sociais, levamos informa\u00e7\u00e3o, conte\u00fado e entretenimento \u00e0 comunidade, fortalecendo a comunica\u00e7\u00e3o local e impulsionando o desenvolvimento regional. Acompanhe atrav\u00e9s de @redelitoralrs.","sameAs":["https:\/\/redelitoralrs.com","https:\/\/www.instagram.com\/redelitoralrs","https:\/\/www.youtube.com\/@redelitoralrs"],"url":"https:\/\/redelitoralrs.com\/index.php\/author\/redacaotvlitoral\/"}]}},"_links":{"self":[{"href":"https:\/\/redelitoralrs.com\/index.php\/wp-json\/wp\/v2\/posts\/5257","targetHints":{"allow":["GET"]}}],"collection":[{"href":"https:\/\/redelitoralrs.com\/index.php\/wp-json\/wp\/v2\/posts"}],"about":[{"href":"https:\/\/redelitoralrs.com\/index.php\/wp-json\/wp\/v2\/types\/post"}],"author":[{"embeddable":true,"href":"https:\/\/redelitoralrs.com\/index.php\/wp-json\/wp\/v2\/users\/2"}],"replies":[{"embeddable":true,"href":"https:\/\/redelitoralrs.com\/index.php\/wp-json\/wp\/v2\/comments?post=5257"}],"version-history":[{"count":2,"href":"https:\/\/redelitoralrs.com\/index.php\/wp-json\/wp\/v2\/posts\/5257\/revisions"}],"predecessor-version":[{"id":5267,"href":"https:\/\/redelitoralrs.com\/index.php\/wp-json\/wp\/v2\/posts\/5257\/revisions\/5267"}],"wp:featuredmedia":[{"embeddable":true,"href":"https:\/\/redelitoralrs.com\/index.php\/wp-json\/wp\/v2\/media\/5261"}],"wp:attachment":[{"href":"https:\/\/redelitoralrs.com\/index.php\/wp-json\/wp\/v2\/media?parent=5257"}],"wp:term":[{"taxonomy":"category","embeddable":true,"href":"https:\/\/redelitoralrs.com\/index.php\/wp-json\/wp\/v2\/categories?post=5257"},{"taxonomy":"post_tag","embeddable":true,"href":"https:\/\/redelitoralrs.com\/index.php\/wp-json\/wp\/v2\/tags?post=5257"}],"curies":[{"name":"wp","href":"https:\/\/api.w.org\/{rel}","templated":true}]}}