{"id":5132,"date":"2025-01-09T15:50:18","date_gmt":"2025-01-09T18:50:18","guid":{"rendered":"https:\/\/redelitoralrs.com\/?p=5132"},"modified":"2025-01-09T15:59:32","modified_gmt":"2025-01-09T18:59:32","slug":"homem-condenado-por-tortura-contra-bebe-em-mostardas-e-preso-em-capao-da-canoa","status":"publish","type":"post","link":"https:\/\/redelitoralrs.com\/index.php\/2025\/01\/09\/homem-condenado-por-tortura-contra-bebe-em-mostardas-e-preso-em-capao-da-canoa\/","title":{"rendered":"Homem condenado por tortura contra beb\u00ea em Mostardas \u00e9 preso em Cap\u00e3o da Canoa"},"content":{"rendered":"\n<p><\/p>\n\n\n\n<p>Um homem de 38 anos foi preso pela Pol\u00edcia Civil nesta quarta-feira (08), em Cap\u00e3o da Canoa, por um crime ocorrido h\u00e1 cerca de 10 anos em Mostardas, no Litoral Norte. Ele foi condenado por torturar um beb\u00ea de apenas 10 meses de idade, que era seu enteado.<\/p>\n\n\n\n<p>A opera\u00e7\u00e3o que resultou na pris\u00e3o foi conduzida pela delegacia de Cap\u00e3o da Canoa, com o apoio de agentes da Opera\u00e7\u00e3o Ver\u00e3o. Segundo o delegado Marco Swirski de Sousa, respons\u00e1vel pelo caso, inicialmente o crime foi tratado como maus-tratos, mas as investiga\u00e7\u00f5es revelaram uma situa\u00e7\u00e3o ainda mais grave. \u201cO caso foi conclu\u00eddo como tortura devido \u00e0 gravidade das agress\u00f5es sofridas pela crian\u00e7a\u201d, afirmou.<\/p>\n\n\n\n<p>Na \u00e9poca, o beb\u00ea apresentava diversas fraturas pelo corpo e estava em um quadro severo de desnutri\u00e7\u00e3o. A m\u00e3e da crian\u00e7a, companheira do acusado na \u00e9poca, foi presa em dezembro de 2024 e atualmente cumpre pena em regime domiciliar.<\/p>\n\n\n\n<p>O mandado de pris\u00e3o contra o homem foi expedido em 06 de dezembro do ano passado. Ele foi condenado a um ano e seis meses de pris\u00e3o pelo crime de tortura. Ap\u00f3s ser detido, ele foi levado \u00e0 Delegacia de Pol\u00edcia de Cap\u00e3o da Canoa, onde a pris\u00e3o foi formalizada. Ele agora aguarda transfer\u00eancia para o sistema prisional.<\/p>\n\n\n\n<p>Apesar dos traumas vividos, o beb\u00ea, que sobreviveu ao crime, atualmente est\u00e1 bem, segundo informa\u00e7\u00f5es das&nbsp;autoridades.<\/p>\n\n\n\n<figure class=\"wp-block-image size-full is-resized\"><img fetchpriority=\"high\" decoding=\"async\" width=\"739\" height=\"415\" src=\"https:\/\/redelitoralrs.com\/wp-content\/uploads\/2025\/01\/Imagem-do-WhatsApp-de-2025-01-09-as-08.16.35_25b954ba.jpg\" alt=\"\" class=\"wp-image-5133\" style=\"width:550px;height:auto\" srcset=\"https:\/\/redelitoralrs.com\/wp-content\/uploads\/2025\/01\/Imagem-do-WhatsApp-de-2025-01-09-as-08.16.35_25b954ba.jpg 739w, https:\/\/redelitoralrs.com\/wp-content\/uploads\/2025\/01\/Imagem-do-WhatsApp-de-2025-01-09-as-08.16.35_25b954ba-300x168.jpg 300w\" sizes=\"(max-width: 739px) 100vw, 739px\" \/><\/figure>\n","protected":false},"excerpt":{"rendered":"<p>Um homem de 38 anos foi preso pela Pol\u00edcia Civil nesta quarta-feira (08), em Cap\u00e3o da Canoa, por um crime ocorrido h\u00e1 cerca de 10 anos em Mostardas, no Litoral Norte. Ele foi condenado por torturar um beb\u00ea de apenas 10 meses de idade, que era seu enteado. A opera\u00e7\u00e3o que resultou na pris\u00e3o foi [&hellip;]<\/p>\n","protected":false},"author":2,"featured_media":5133,"comment_status":"open","ping_status":"open","sticky":false,"template":"","format":"standard","meta":{"_themeisle_gutenberg_block_has_review":false,"footnotes":""},"categories":[20,15],"tags":[],"class_list":["post-5132","post","type-post","status-publish","format-standard","has-post-thumbnail","hentry","category-litoral_norte","category-noticias"],"yoast_head":"<!-- This site is optimized with the Yoast SEO plugin v27.4 - https:\/\/yoast.com\/product\/yoast-seo-wordpress\/ -->\n<title>Homem condenado por tortura contra beb\u00ea em Mostardas \u00e9 preso em Cap\u00e3o da Canoa - Rede Litoral RS<\/title>\n<meta name=\"robots\" content=\"index, follow, max-snippet:-1, max-image-preview:large, max-video-preview:-1\" \/>\n<link rel=\"canonical\" href=\"https:\/\/redelitoralrs.com\/index.php\/2025\/01\/09\/homem-condenado-por-tortura-contra-bebe-em-mostardas-e-preso-em-capao-da-canoa\/\" \/>\n<meta property=\"og:locale\" content=\"pt_BR\" \/>\n<meta property=\"og:type\" content=\"article\" \/>\n<meta property=\"og:title\" content=\"Homem condenado por tortura contra beb\u00ea em Mostardas \u00e9 preso em Cap\u00e3o da Canoa - Rede Litoral RS\" \/>\n<meta property=\"og:description\" content=\"Um homem de 38 anos foi preso pela Pol\u00edcia Civil nesta quarta-feira (08), em Cap\u00e3o da Canoa, por um crime ocorrido h\u00e1 cerca de 10 anos em Mostardas, no Litoral Norte. Ele foi condenado por torturar um beb\u00ea de apenas 10 meses de idade, que era seu enteado. A opera\u00e7\u00e3o que resultou na pris\u00e3o foi [&hellip;]\" \/>\n<meta property=\"og:url\" content=\"https:\/\/redelitoralrs.com\/index.php\/2025\/01\/09\/homem-condenado-por-tortura-contra-bebe-em-mostardas-e-preso-em-capao-da-canoa\/\" \/>\n<meta property=\"og:site_name\" content=\"Rede Litoral RS\" \/>\n<meta property=\"article:publisher\" content=\"https:\/\/www.facebook.com\/tvlitoralrsoficial\" \/>\n<meta property=\"article:published_time\" content=\"2025-01-09T18:50:18+00:00\" \/>\n<meta property=\"article:modified_time\" content=\"2025-01-09T18:59:32+00:00\" \/>\n<meta property=\"og:image\" content=\"https:\/\/redelitoralrs.com\/wp-content\/uploads\/2025\/01\/Imagem-do-WhatsApp-de-2025-01-09-as-08.16.35_25b954ba.jpg\" \/>\n\t<meta property=\"og:image:width\" content=\"739\" \/>\n\t<meta property=\"og:image:height\" content=\"415\" \/>\n\t<meta property=\"og:image:type\" content=\"image\/jpeg\" \/>\n<meta name=\"author\" content=\"Reda\u00e7\u00e3o TV Litoral\" \/>\n<meta name=\"twitter:card\" content=\"summary_large_image\" \/>\n<meta name=\"twitter:label1\" content=\"Escrito por\" \/>\n\t<meta name=\"twitter:data1\" content=\"Reda\u00e7\u00e3o TV Litoral\" \/>\n\t<meta name=\"twitter:label2\" content=\"Est. tempo de leitura\" \/>\n\t<meta name=\"twitter:data2\" content=\"2 minutos\" \/>\n<script type=\"application\/ld+json\" class=\"yoast-schema-graph\">{\"@context\":\"https:\\\/\\\/schema.org\",\"@graph\":[{\"@type\":\"Article\",\"@id\":\"https:\\\/\\\/redelitoralrs.com\\\/index.php\\\/2025\\\/01\\\/09\\\/homem-condenado-por-tortura-contra-bebe-em-mostardas-e-preso-em-capao-da-canoa\\\/#article\",\"isPartOf\":{\"@id\":\"https:\\\/\\\/redelitoralrs.com\\\/index.php\\\/2025\\\/01\\\/09\\\/homem-condenado-por-tortura-contra-bebe-em-mostardas-e-preso-em-capao-da-canoa\\\/\"},\"author\":{\"name\":\"Reda\u00e7\u00e3o TV Litoral\",\"@id\":\"https:\\\/\\\/redelitoralrs.com\\\/#\\\/schema\\\/person\\\/9f8181f2a7359dd3986f05ebaf5bd68a\"},\"headline\":\"Homem condenado por tortura contra beb\u00ea em Mostardas \u00e9 preso em Cap\u00e3o da Canoa\",\"datePublished\":\"2025-01-09T18:50:18+00:00\",\"dateModified\":\"2025-01-09T18:59:32+00:00\",\"mainEntityOfPage\":{\"@id\":\"https:\\\/\\\/redelitoralrs.com\\\/index.php\\\/2025\\\/01\\\/09\\\/homem-condenado-por-tortura-contra-bebe-em-mostardas-e-preso-em-capao-da-canoa\\\/\"},\"wordCount\":256,\"commentCount\":0,\"publisher\":{\"@id\":\"https:\\\/\\\/redelitoralrs.com\\\/#organization\"},\"image\":{\"@id\":\"https:\\\/\\\/redelitoralrs.com\\\/index.php\\\/2025\\\/01\\\/09\\\/homem-condenado-por-tortura-contra-bebe-em-mostardas-e-preso-em-capao-da-canoa\\\/#primaryimage\"},\"thumbnailUrl\":\"https:\\\/\\\/redelitoralrs.com\\\/wp-content\\\/uploads\\\/2025\\\/01\\\/Imagem-do-WhatsApp-de-2025-01-09-as-08.16.35_25b954ba.jpg\",\"articleSection\":[\"Litoral Norte\",\"\u00daltimas not\u00edcias\"],\"inLanguage\":\"pt-BR\",\"potentialAction\":[{\"@type\":\"CommentAction\",\"name\":\"Comment\",\"target\":[\"https:\\\/\\\/redelitoralrs.com\\\/index.php\\\/2025\\\/01\\\/09\\\/homem-condenado-por-tortura-contra-bebe-em-mostardas-e-preso-em-capao-da-canoa\\\/#respond\"]}]},{\"@type\":\"WebPage\",\"@id\":\"https:\\\/\\\/redelitoralrs.com\\\/index.php\\\/2025\\\/01\\\/09\\\/homem-condenado-por-tortura-contra-bebe-em-mostardas-e-preso-em-capao-da-canoa\\\/\",\"url\":\"https:\\\/\\\/redelitoralrs.com\\\/index.php\\\/2025\\\/01\\\/09\\\/homem-condenado-por-tortura-contra-bebe-em-mostardas-e-preso-em-capao-da-canoa\\\/\",\"name\":\"Homem condenado por tortura contra beb\u00ea em Mostardas \u00e9 preso em Cap\u00e3o da Canoa - Rede Litoral RS\",\"isPartOf\":{\"@id\":\"https:\\\/\\\/redelitoralrs.com\\\/#website\"},\"primaryImageOfPage\":{\"@id\":\"https:\\\/\\\/redelitoralrs.com\\\/index.php\\\/2025\\\/01\\\/09\\\/homem-condenado-por-tortura-contra-bebe-em-mostardas-e-preso-em-capao-da-canoa\\\/#primaryimage\"},\"image\":{\"@id\":\"https:\\\/\\\/redelitoralrs.com\\\/index.php\\\/2025\\\/01\\\/09\\\/homem-condenado-por-tortura-contra-bebe-em-mostardas-e-preso-em-capao-da-canoa\\\/#primaryimage\"},\"thumbnailUrl\":\"https:\\\/\\\/redelitoralrs.com\\\/wp-content\\\/uploads\\\/2025\\\/01\\\/Imagem-do-WhatsApp-de-2025-01-09-as-08.16.35_25b954ba.jpg\",\"datePublished\":\"2025-01-09T18:50:18+00:00\",\"dateModified\":\"2025-01-09T18:59:32+00:00\",\"breadcrumb\":{\"@id\":\"https:\\\/\\\/redelitoralrs.com\\\/index.php\\\/2025\\\/01\\\/09\\\/homem-condenado-por-tortura-contra-bebe-em-mostardas-e-preso-em-capao-da-canoa\\\/#breadcrumb\"},\"inLanguage\":\"pt-BR\",\"potentialAction\":[{\"@type\":\"ReadAction\",\"target\":[\"https:\\\/\\\/redelitoralrs.com\\\/index.php\\\/2025\\\/01\\\/09\\\/homem-condenado-por-tortura-contra-bebe-em-mostardas-e-preso-em-capao-da-canoa\\\/\"]}]},{\"@type\":\"ImageObject\",\"inLanguage\":\"pt-BR\",\"@id\":\"https:\\\/\\\/redelitoralrs.com\\\/index.php\\\/2025\\\/01\\\/09\\\/homem-condenado-por-tortura-contra-bebe-em-mostardas-e-preso-em-capao-da-canoa\\\/#primaryimage\",\"url\":\"https:\\\/\\\/redelitoralrs.com\\\/wp-content\\\/uploads\\\/2025\\\/01\\\/Imagem-do-WhatsApp-de-2025-01-09-as-08.16.35_25b954ba.jpg\",\"contentUrl\":\"https:\\\/\\\/redelitoralrs.com\\\/wp-content\\\/uploads\\\/2025\\\/01\\\/Imagem-do-WhatsApp-de-2025-01-09-as-08.16.35_25b954ba.jpg\",\"width\":739,\"height\":415},{\"@type\":\"BreadcrumbList\",\"@id\":\"https:\\\/\\\/redelitoralrs.com\\\/index.php\\\/2025\\\/01\\\/09\\\/homem-condenado-por-tortura-contra-bebe-em-mostardas-e-preso-em-capao-da-canoa\\\/#breadcrumb\",\"itemListElement\":[{\"@type\":\"ListItem\",\"position\":1,\"name\":\"In\u00edcio\",\"item\":\"https:\\\/\\\/redelitoralrs.com\\\/\"},{\"@type\":\"ListItem\",\"position\":2,\"name\":\"Homem condenado por tortura contra beb\u00ea em Mostardas \u00e9 preso em Cap\u00e3o da Canoa\"}]},{\"@type\":\"WebSite\",\"@id\":\"https:\\\/\\\/redelitoralrs.com\\\/#website\",\"url\":\"https:\\\/\\\/redelitoralrs.com\\\/\",\"name\":\"TV Litoral\",\"description\":\"Acompanhe tudo do litoral ga\u00facho com a cobertura completa e atualizada da Rede Litoral RS. Nossos jornalistas trazem as \u00faltimas not\u00edcias, os acontecimentos mais quentes e as hist\u00f3rias que importam sobre nosso amado litoral.\",\"publisher\":{\"@id\":\"https:\\\/\\\/redelitoralrs.com\\\/#organization\"},\"potentialAction\":[{\"@type\":\"SearchAction\",\"target\":{\"@type\":\"EntryPoint\",\"urlTemplate\":\"https:\\\/\\\/redelitoralrs.com\\\/?s={search_term_string}\"},\"query-input\":{\"@type\":\"PropertyValueSpecification\",\"valueRequired\":true,\"valueName\":\"search_term_string\"}}],\"inLanguage\":\"pt-BR\"},{\"@type\":\"Organization\",\"@id\":\"https:\\\/\\\/redelitoralrs.com\\\/#organization\",\"name\":\"TV Litoral\",\"url\":\"https:\\\/\\\/redelitoralrs.com\\\/\",\"logo\":{\"@type\":\"ImageObject\",\"inLanguage\":\"pt-BR\",\"@id\":\"https:\\\/\\\/redelitoralrs.com\\\/#\\\/schema\\\/logo\\\/image\\\/\",\"url\":\"https:\\\/\\\/redelitoralrs.com\\\/wp-content\\\/uploads\\\/2024\\\/01\\\/faviconicon-1-1.png\",\"contentUrl\":\"https:\\\/\\\/redelitoralrs.com\\\/wp-content\\\/uploads\\\/2024\\\/01\\\/faviconicon-1-1.png\",\"width\":454,\"height\":454,\"caption\":\"TV Litoral\"},\"image\":{\"@id\":\"https:\\\/\\\/redelitoralrs.com\\\/#\\\/schema\\\/logo\\\/image\\\/\"},\"sameAs\":[\"https:\\\/\\\/www.facebook.com\\\/tvlitoralrsoficial\",\"https:\\\/\\\/www.instagram.com\\\/tvlitoral.rs\"]},{\"@type\":\"Person\",\"@id\":\"https:\\\/\\\/redelitoralrs.com\\\/#\\\/schema\\\/person\\\/9f8181f2a7359dd3986f05ebaf5bd68a\",\"name\":\"Reda\u00e7\u00e3o TV Litoral\",\"image\":{\"@type\":\"ImageObject\",\"inLanguage\":\"pt-BR\",\"@id\":\"https:\\\/\\\/redelitoralrs.com\\\/wp-content\\\/litespeed\\\/avatar\\\/779aafbb45e66c7f82733e21abb48259.jpg?ver=1777561602\",\"url\":\"https:\\\/\\\/redelitoralrs.com\\\/wp-content\\\/litespeed\\\/avatar\\\/779aafbb45e66c7f82733e21abb48259.jpg?ver=1777561602\",\"contentUrl\":\"https:\\\/\\\/redelitoralrs.com\\\/wp-content\\\/litespeed\\\/avatar\\\/779aafbb45e66c7f82733e21abb48259.jpg?ver=1777561602\",\"caption\":\"Reda\u00e7\u00e3o TV Litoral\"},\"description\":\"A Rede Litoral de Comunica\u00e7\u00e3o \u00e9 um grupo de m\u00eddia multiplataforma do Litoral Norte do RS. Com atua\u00e7\u00e3o em TV, r\u00e1dio, portal e redes sociais, levamos informa\u00e7\u00e3o, conte\u00fado e entretenimento \u00e0 comunidade, fortalecendo a comunica\u00e7\u00e3o local e impulsionando o desenvolvimento regional. Acompanhe atrav\u00e9s de @redelitoralrs.\",\"sameAs\":[\"https:\\\/\\\/redelitoralrs.com\",\"https:\\\/\\\/www.instagram.com\\\/redelitoralrs\",\"https:\\\/\\\/www.youtube.com\\\/@redelitoralrs\"],\"url\":\"https:\\\/\\\/redelitoralrs.com\\\/index.php\\\/author\\\/redacaotvlitoral\\\/\"}]}<\/script>\n<!-- \/ Yoast SEO plugin. -->","yoast_head_json":{"title":"Homem condenado por tortura contra beb\u00ea em Mostardas \u00e9 preso em Cap\u00e3o da Canoa - Rede Litoral RS","robots":{"index":"index","follow":"follow","max-snippet":"max-snippet:-1","max-image-preview":"max-image-preview:large","max-video-preview":"max-video-preview:-1"},"canonical":"https:\/\/redelitoralrs.com\/index.php\/2025\/01\/09\/homem-condenado-por-tortura-contra-bebe-em-mostardas-e-preso-em-capao-da-canoa\/","og_locale":"pt_BR","og_type":"article","og_title":"Homem condenado por tortura contra beb\u00ea em Mostardas \u00e9 preso em Cap\u00e3o da Canoa - Rede Litoral RS","og_description":"Um homem de 38 anos foi preso pela Pol\u00edcia Civil nesta quarta-feira (08), em Cap\u00e3o da Canoa, por um crime ocorrido h\u00e1 cerca de 10 anos em Mostardas, no Litoral Norte. Ele foi condenado por torturar um beb\u00ea de apenas 10 meses de idade, que era seu enteado. A opera\u00e7\u00e3o que resultou na pris\u00e3o foi [&hellip;]","og_url":"https:\/\/redelitoralrs.com\/index.php\/2025\/01\/09\/homem-condenado-por-tortura-contra-bebe-em-mostardas-e-preso-em-capao-da-canoa\/","og_site_name":"Rede Litoral RS","article_publisher":"https:\/\/www.facebook.com\/tvlitoralrsoficial","article_published_time":"2025-01-09T18:50:18+00:00","article_modified_time":"2025-01-09T18:59:32+00:00","og_image":[{"width":739,"height":415,"url":"https:\/\/redelitoralrs.com\/wp-content\/uploads\/2025\/01\/Imagem-do-WhatsApp-de-2025-01-09-as-08.16.35_25b954ba.jpg","type":"image\/jpeg"}],"author":"Reda\u00e7\u00e3o TV Litoral","twitter_card":"summary_large_image","twitter_misc":{"Escrito por":"Reda\u00e7\u00e3o TV Litoral","Est. tempo de leitura":"2 minutos"},"schema":{"@context":"https:\/\/schema.org","@graph":[{"@type":"Article","@id":"https:\/\/redelitoralrs.com\/index.php\/2025\/01\/09\/homem-condenado-por-tortura-contra-bebe-em-mostardas-e-preso-em-capao-da-canoa\/#article","isPartOf":{"@id":"https:\/\/redelitoralrs.com\/index.php\/2025\/01\/09\/homem-condenado-por-tortura-contra-bebe-em-mostardas-e-preso-em-capao-da-canoa\/"},"author":{"name":"Reda\u00e7\u00e3o TV Litoral","@id":"https:\/\/redelitoralrs.com\/#\/schema\/person\/9f8181f2a7359dd3986f05ebaf5bd68a"},"headline":"Homem condenado por tortura contra beb\u00ea em Mostardas \u00e9 preso em Cap\u00e3o da Canoa","datePublished":"2025-01-09T18:50:18+00:00","dateModified":"2025-01-09T18:59:32+00:00","mainEntityOfPage":{"@id":"https:\/\/redelitoralrs.com\/index.php\/2025\/01\/09\/homem-condenado-por-tortura-contra-bebe-em-mostardas-e-preso-em-capao-da-canoa\/"},"wordCount":256,"commentCount":0,"publisher":{"@id":"https:\/\/redelitoralrs.com\/#organization"},"image":{"@id":"https:\/\/redelitoralrs.com\/index.php\/2025\/01\/09\/homem-condenado-por-tortura-contra-bebe-em-mostardas-e-preso-em-capao-da-canoa\/#primaryimage"},"thumbnailUrl":"https:\/\/redelitoralrs.com\/wp-content\/uploads\/2025\/01\/Imagem-do-WhatsApp-de-2025-01-09-as-08.16.35_25b954ba.jpg","articleSection":["Litoral Norte","\u00daltimas not\u00edcias"],"inLanguage":"pt-BR","potentialAction":[{"@type":"CommentAction","name":"Comment","target":["https:\/\/redelitoralrs.com\/index.php\/2025\/01\/09\/homem-condenado-por-tortura-contra-bebe-em-mostardas-e-preso-em-capao-da-canoa\/#respond"]}]},{"@type":"WebPage","@id":"https:\/\/redelitoralrs.com\/index.php\/2025\/01\/09\/homem-condenado-por-tortura-contra-bebe-em-mostardas-e-preso-em-capao-da-canoa\/","url":"https:\/\/redelitoralrs.com\/index.php\/2025\/01\/09\/homem-condenado-por-tortura-contra-bebe-em-mostardas-e-preso-em-capao-da-canoa\/","name":"Homem condenado por tortura contra beb\u00ea em Mostardas \u00e9 preso em Cap\u00e3o da Canoa - Rede Litoral RS","isPartOf":{"@id":"https:\/\/redelitoralrs.com\/#website"},"primaryImageOfPage":{"@id":"https:\/\/redelitoralrs.com\/index.php\/2025\/01\/09\/homem-condenado-por-tortura-contra-bebe-em-mostardas-e-preso-em-capao-da-canoa\/#primaryimage"},"image":{"@id":"https:\/\/redelitoralrs.com\/index.php\/2025\/01\/09\/homem-condenado-por-tortura-contra-bebe-em-mostardas-e-preso-em-capao-da-canoa\/#primaryimage"},"thumbnailUrl":"https:\/\/redelitoralrs.com\/wp-content\/uploads\/2025\/01\/Imagem-do-WhatsApp-de-2025-01-09-as-08.16.35_25b954ba.jpg","datePublished":"2025-01-09T18:50:18+00:00","dateModified":"2025-01-09T18:59:32+00:00","breadcrumb":{"@id":"https:\/\/redelitoralrs.com\/index.php\/2025\/01\/09\/homem-condenado-por-tortura-contra-bebe-em-mostardas-e-preso-em-capao-da-canoa\/#breadcrumb"},"inLanguage":"pt-BR","potentialAction":[{"@type":"ReadAction","target":["https:\/\/redelitoralrs.com\/index.php\/2025\/01\/09\/homem-condenado-por-tortura-contra-bebe-em-mostardas-e-preso-em-capao-da-canoa\/"]}]},{"@type":"ImageObject","inLanguage":"pt-BR","@id":"https:\/\/redelitoralrs.com\/index.php\/2025\/01\/09\/homem-condenado-por-tortura-contra-bebe-em-mostardas-e-preso-em-capao-da-canoa\/#primaryimage","url":"https:\/\/redelitoralrs.com\/wp-content\/uploads\/2025\/01\/Imagem-do-WhatsApp-de-2025-01-09-as-08.16.35_25b954ba.jpg","contentUrl":"https:\/\/redelitoralrs.com\/wp-content\/uploads\/2025\/01\/Imagem-do-WhatsApp-de-2025-01-09-as-08.16.35_25b954ba.jpg","width":739,"height":415},{"@type":"BreadcrumbList","@id":"https:\/\/redelitoralrs.com\/index.php\/2025\/01\/09\/homem-condenado-por-tortura-contra-bebe-em-mostardas-e-preso-em-capao-da-canoa\/#breadcrumb","itemListElement":[{"@type":"ListItem","position":1,"name":"In\u00edcio","item":"https:\/\/redelitoralrs.com\/"},{"@type":"ListItem","position":2,"name":"Homem condenado por tortura contra beb\u00ea em Mostardas \u00e9 preso em Cap\u00e3o da Canoa"}]},{"@type":"WebSite","@id":"https:\/\/redelitoralrs.com\/#website","url":"https:\/\/redelitoralrs.com\/","name":"TV Litoral","description":"Acompanhe tudo do litoral ga\u00facho com a cobertura completa e atualizada da Rede Litoral RS. Nossos jornalistas trazem as \u00faltimas not\u00edcias, os acontecimentos mais quentes e as hist\u00f3rias que importam sobre nosso amado litoral.","publisher":{"@id":"https:\/\/redelitoralrs.com\/#organization"},"potentialAction":[{"@type":"SearchAction","target":{"@type":"EntryPoint","urlTemplate":"https:\/\/redelitoralrs.com\/?s={search_term_string}"},"query-input":{"@type":"PropertyValueSpecification","valueRequired":true,"valueName":"search_term_string"}}],"inLanguage":"pt-BR"},{"@type":"Organization","@id":"https:\/\/redelitoralrs.com\/#organization","name":"TV Litoral","url":"https:\/\/redelitoralrs.com\/","logo":{"@type":"ImageObject","inLanguage":"pt-BR","@id":"https:\/\/redelitoralrs.com\/#\/schema\/logo\/image\/","url":"https:\/\/redelitoralrs.com\/wp-content\/uploads\/2024\/01\/faviconicon-1-1.png","contentUrl":"https:\/\/redelitoralrs.com\/wp-content\/uploads\/2024\/01\/faviconicon-1-1.png","width":454,"height":454,"caption":"TV Litoral"},"image":{"@id":"https:\/\/redelitoralrs.com\/#\/schema\/logo\/image\/"},"sameAs":["https:\/\/www.facebook.com\/tvlitoralrsoficial","https:\/\/www.instagram.com\/tvlitoral.rs"]},{"@type":"Person","@id":"https:\/\/redelitoralrs.com\/#\/schema\/person\/9f8181f2a7359dd3986f05ebaf5bd68a","name":"Reda\u00e7\u00e3o TV Litoral","image":{"@type":"ImageObject","inLanguage":"pt-BR","@id":"https:\/\/redelitoralrs.com\/wp-content\/litespeed\/avatar\/779aafbb45e66c7f82733e21abb48259.jpg?ver=1777561602","url":"https:\/\/redelitoralrs.com\/wp-content\/litespeed\/avatar\/779aafbb45e66c7f82733e21abb48259.jpg?ver=1777561602","contentUrl":"https:\/\/redelitoralrs.com\/wp-content\/litespeed\/avatar\/779aafbb45e66c7f82733e21abb48259.jpg?ver=1777561602","caption":"Reda\u00e7\u00e3o TV Litoral"},"description":"A Rede Litoral de Comunica\u00e7\u00e3o \u00e9 um grupo de m\u00eddia multiplataforma do Litoral Norte do RS. Com atua\u00e7\u00e3o em TV, r\u00e1dio, portal e redes sociais, levamos informa\u00e7\u00e3o, conte\u00fado e entretenimento \u00e0 comunidade, fortalecendo a comunica\u00e7\u00e3o local e impulsionando o desenvolvimento regional. Acompanhe atrav\u00e9s de @redelitoralrs.","sameAs":["https:\/\/redelitoralrs.com","https:\/\/www.instagram.com\/redelitoralrs","https:\/\/www.youtube.com\/@redelitoralrs"],"url":"https:\/\/redelitoralrs.com\/index.php\/author\/redacaotvlitoral\/"}]}},"_links":{"self":[{"href":"https:\/\/redelitoralrs.com\/index.php\/wp-json\/wp\/v2\/posts\/5132","targetHints":{"allow":["GET"]}}],"collection":[{"href":"https:\/\/redelitoralrs.com\/index.php\/wp-json\/wp\/v2\/posts"}],"about":[{"href":"https:\/\/redelitoralrs.com\/index.php\/wp-json\/wp\/v2\/types\/post"}],"author":[{"embeddable":true,"href":"https:\/\/redelitoralrs.com\/index.php\/wp-json\/wp\/v2\/users\/2"}],"replies":[{"embeddable":true,"href":"https:\/\/redelitoralrs.com\/index.php\/wp-json\/wp\/v2\/comments?post=5132"}],"version-history":[{"count":2,"href":"https:\/\/redelitoralrs.com\/index.php\/wp-json\/wp\/v2\/posts\/5132\/revisions"}],"predecessor-version":[{"id":5137,"href":"https:\/\/redelitoralrs.com\/index.php\/wp-json\/wp\/v2\/posts\/5132\/revisions\/5137"}],"wp:featuredmedia":[{"embeddable":true,"href":"https:\/\/redelitoralrs.com\/index.php\/wp-json\/wp\/v2\/media\/5133"}],"wp:attachment":[{"href":"https:\/\/redelitoralrs.com\/index.php\/wp-json\/wp\/v2\/media?parent=5132"}],"wp:term":[{"taxonomy":"category","embeddable":true,"href":"https:\/\/redelitoralrs.com\/index.php\/wp-json\/wp\/v2\/categories?post=5132"},{"taxonomy":"post_tag","embeddable":true,"href":"https:\/\/redelitoralrs.com\/index.php\/wp-json\/wp\/v2\/tags?post=5132"}],"curies":[{"name":"wp","href":"https:\/\/api.w.org\/{rel}","templated":true}]}}