{"id":5125,"date":"2025-01-09T15:43:30","date_gmt":"2025-01-09T18:43:30","guid":{"rendered":"https:\/\/redelitoralrs.com\/?p=5125"},"modified":"2025-01-09T17:05:04","modified_gmt":"2025-01-09T20:05:04","slug":"ciranda-das-ondas-dancas-circulares-na-beira-mar-para-equilibrar-corpo-mente-e-espirito-uma-nova-atividade-que-promete-trazer-equilibrio-saude-e-bem-estar-para-quem-deseja-comecar-o-dia-em-harmoni","status":"publish","type":"post","link":"https:\/\/redelitoralrs.com\/index.php\/2025\/01\/09\/ciranda-das-ondas-dancas-circulares-na-beira-mar-para-equilibrar-corpo-mente-e-espirito-uma-nova-atividade-que-promete-trazer-equilibrio-saude-e-bem-estar-para-quem-deseja-comecar-o-dia-em-harmoni\/","title":{"rendered":"Ciranda das Ondas: Dan\u00e7as Circulares na Beira-Mar para Equilibrar Corpo, Mente e Esp\u00edrito."},"content":{"rendered":"\n<p><em>Cap\u00e3o da Canoa, RS &#8211; Uma nova atividade que promete trazer equil\u00edbrio, sa\u00fade e bem-estar para quem deseja come\u00e7ar o dia em harmonia.<\/em><\/p>\n\n\n\n<p>A partir desta quinta-feira, 9 de janeiro de 2025, a Ciranda das Ondas inicia suas aulas regulares de dan\u00e7as circulares na beira-mar, proporcionando uma experi\u00eancia \u00fanica de conex\u00e3o entre corpo, mente e esp\u00edrito.<br>As aulas acontecer\u00e3o \u00e0s 7h30 da manh\u00e3, no gramado pr\u00f3ximo ao est\u00fadio da TV Litoral, no final da Avenida Fl\u00e1vio Boianovski. Com o nascer do sol e o som das ondas ao fundo, o ambiente \u00e9 perfeito para quem busca uma atividade que une movimento, medita\u00e7\u00e3o e socializa\u00e7\u00e3o.<br><br><strong>Por que praticar dan\u00e7as circulares?<\/strong><br>As dan\u00e7as circulares s\u00e3o conhecidas por seus benef\u00edcios \u00e0 sa\u00fade f\u00edsica, mental e emocional. Essa pr\u00e1tica milenar envolve movimentos coreografados feitos em c\u00edrculo, muitas vezes em grupo, promovendo a sensa\u00e7\u00e3o de unidade e pertencimento. Al\u00e9m disso, \u00e9 uma excelente forma de reduzir o estresse, melhorar o foco e cultivar a serenidade, ao mesmo tempo que fortalece o corpo de forma leve e prazerosa.<br>Segundo os organizadores, o objetivo principal \u00e9 oferecer aos participantes uma oportunidade de cuidar da sa\u00fade de maneira integral. \u201cQuando inserimos atividades como as dan\u00e7as circulares em nossa rotina, melhorar o equil\u00edbrio entre o f\u00edsico, o mental e o espiritual. \u00c9 um momento de pausa, reconex\u00e3o e autocuidado\u201d, afirmam.<br><br><strong>Aulas gratuitas e abertas ao p\u00fablico<\/strong><br>As aulas da Ciranda das Ondas s\u00e3o gratuitas e abertas a pessoas de todas as idades e n\u00edveis de experi\u00eancia. N\u00e3o \u00e9 necess\u00e1rio ter conhecimento pr\u00e9vio em dan\u00e7a, apenas vontade de participar e experimentar algo novo. \u201cQueremos que todos se sintam acolhidos e que descubram os benef\u00edcios dessa pr\u00e1tica\u201d, ressaltam os respons\u00e1veis pela atividade.<br><br><strong>Um convite \u00e0 comunidade<\/strong><br>Seja para quem j\u00e1 tem o h\u00e1bito de cuidar do bem-estar ou para quem deseja come\u00e7ar, a Ciranda das Ondas \u00e9 uma excelente oportunidade para vivenciar momentos de leveza e renova\u00e7\u00e3o em um cen\u00e1rio inspirador. O som das ondas, a brisa do mar e a energia do grupo tornam a experi\u00eancia ainda mais especial.<br><br>Reserve sua manh\u00e3 de quinta-feira, traga sua energia e aproveite esse momento para equilibrar sua sa\u00fade f\u00edsica, mental e espiritual. <em>A equipe da TV Litoral apoia essa iniciativa e refor\u00e7a o convite: venha participar desta pr\u00e1tica transformadora!<br><\/em><br><strong>Servi\u00e7o:<\/strong><br>\u2022 O que: <em>Aulas regulares de dan\u00e7as circulares \u2013 Ciranda das Ondas<\/em><br>\u2022 Quando: <em>Toda quinta-feira, \u00e0s 7h30 da manh\u00e3 (in\u00edcio em 9 de janeiro de 2025)<\/em><br>\u2022 Onde: <em>Gramado pr\u00f3ximo ao est\u00fadio da TV Litoral, final da Avenida Fl\u00e1vio Boianovski<\/em><br>\u2022 Valor: <em>Gratuito<\/em><br>\u2022 Mais informa\u00e7\u00f5es: Continue acompanhando as atualiza\u00e7\u00f5es da TV Litoral<br><br><em>N\u00e3o perca a oportunidade de come\u00e7ar o dia com energia positiva e cuidado para o\u00a0corpo\u00a0e\u00a0a\u00a0alma!<\/em><\/p>\n\n\n\n<figure class=\"wp-block-gallery has-nested-images columns-default is-cropped wp-block-gallery-1 is-layout-flex wp-block-gallery-is-layout-flex\">\n<figure class=\"wp-block-image size-large\"><img fetchpriority=\"high\" decoding=\"async\" width=\"768\" height=\"1024\" data-id=\"5129\" src=\"https:\/\/redelitoralrs.com\/wp-content\/uploads\/2025\/01\/Imagem-do-WhatsApp-de-2025-01-09-as-11.47.21_0816b5db-768x1024.jpg\" alt=\"\" class=\"wp-image-5129\" srcset=\"https:\/\/redelitoralrs.com\/wp-content\/uploads\/2025\/01\/Imagem-do-WhatsApp-de-2025-01-09-as-11.47.21_0816b5db-768x1024.jpg 768w, https:\/\/redelitoralrs.com\/wp-content\/uploads\/2025\/01\/Imagem-do-WhatsApp-de-2025-01-09-as-11.47.21_0816b5db-225x300.jpg 225w, https:\/\/redelitoralrs.com\/wp-content\/uploads\/2025\/01\/Imagem-do-WhatsApp-de-2025-01-09-as-11.47.21_0816b5db.jpg 780w\" sizes=\"(max-width: 768px) 100vw, 768px\" \/><\/figure>\n\n\n\n<figure class=\"wp-block-image size-large\"><img decoding=\"async\" width=\"1024\" height=\"712\" data-id=\"5128\" src=\"https:\/\/redelitoralrs.com\/wp-content\/uploads\/2025\/01\/Imagem-do-WhatsApp-de-2025-01-09-as-11.47.19_80ad4bc7-1024x712.jpg\" alt=\"\" class=\"wp-image-5128\" srcset=\"https:\/\/redelitoralrs.com\/wp-content\/uploads\/2025\/01\/Imagem-do-WhatsApp-de-2025-01-09-as-11.47.19_80ad4bc7-1024x712.jpg 1024w, https:\/\/redelitoralrs.com\/wp-content\/uploads\/2025\/01\/Imagem-do-WhatsApp-de-2025-01-09-as-11.47.19_80ad4bc7-300x209.jpg 300w, https:\/\/redelitoralrs.com\/wp-content\/uploads\/2025\/01\/Imagem-do-WhatsApp-de-2025-01-09-as-11.47.19_80ad4bc7-768x534.jpg 768w, https:\/\/redelitoralrs.com\/wp-content\/uploads\/2025\/01\/Imagem-do-WhatsApp-de-2025-01-09-as-11.47.19_80ad4bc7-1536x1068.jpg 1536w, https:\/\/redelitoralrs.com\/wp-content\/uploads\/2025\/01\/Imagem-do-WhatsApp-de-2025-01-09-as-11.47.19_80ad4bc7.jpg 1600w\" sizes=\"(max-width: 1024px) 100vw, 1024px\" \/><\/figure>\n\n\n\n<figure class=\"wp-block-image size-large\"><img decoding=\"async\" width=\"768\" height=\"1024\" data-id=\"5127\" src=\"https:\/\/redelitoralrs.com\/wp-content\/uploads\/2025\/01\/Imagem-do-WhatsApp-de-2025-01-08-as-21.16.26_a5142fb1-768x1024.jpg\" alt=\"\" class=\"wp-image-5127\" srcset=\"https:\/\/redelitoralrs.com\/wp-content\/uploads\/2025\/01\/Imagem-do-WhatsApp-de-2025-01-08-as-21.16.26_a5142fb1-768x1024.jpg 768w, https:\/\/redelitoralrs.com\/wp-content\/uploads\/2025\/01\/Imagem-do-WhatsApp-de-2025-01-08-as-21.16.26_a5142fb1-225x300.jpg 225w, https:\/\/redelitoralrs.com\/wp-content\/uploads\/2025\/01\/Imagem-do-WhatsApp-de-2025-01-08-as-21.16.26_a5142fb1-1152x1536.jpg 1152w, https:\/\/redelitoralrs.com\/wp-content\/uploads\/2025\/01\/Imagem-do-WhatsApp-de-2025-01-08-as-21.16.26_a5142fb1.jpg 1200w\" sizes=\"(max-width: 768px) 100vw, 768px\" \/><\/figure>\n\n\n\n<figure class=\"wp-block-image size-large\"><img loading=\"lazy\" decoding=\"async\" width=\"768\" height=\"1024\" data-id=\"5126\" src=\"https:\/\/redelitoralrs.com\/wp-content\/uploads\/2025\/01\/Imagem-do-WhatsApp-de-2025-01-08-as-21.16.26_9dc9ba90-768x1024.jpg\" alt=\"\" class=\"wp-image-5126\" srcset=\"https:\/\/redelitoralrs.com\/wp-content\/uploads\/2025\/01\/Imagem-do-WhatsApp-de-2025-01-08-as-21.16.26_9dc9ba90-768x1024.jpg 768w, https:\/\/redelitoralrs.com\/wp-content\/uploads\/2025\/01\/Imagem-do-WhatsApp-de-2025-01-08-as-21.16.26_9dc9ba90-225x300.jpg 225w, https:\/\/redelitoralrs.com\/wp-content\/uploads\/2025\/01\/Imagem-do-WhatsApp-de-2025-01-08-as-21.16.26_9dc9ba90-1152x1536.jpg 1152w, https:\/\/redelitoralrs.com\/wp-content\/uploads\/2025\/01\/Imagem-do-WhatsApp-de-2025-01-08-as-21.16.26_9dc9ba90.jpg 1200w\" sizes=\"(max-width: 768px) 100vw, 768px\" \/><\/figure>\n<\/figure>\n","protected":false},"excerpt":{"rendered":"<p>Cap\u00e3o da Canoa, RS &#8211; Uma nova atividade que promete trazer equil\u00edbrio, sa\u00fade e bem-estar para quem deseja come\u00e7ar o dia em harmonia. A partir desta quinta-feira, 9 de janeiro de 2025, a Ciranda das Ondas inicia suas aulas regulares de dan\u00e7as circulares na beira-mar, proporcionando uma experi\u00eancia \u00fanica de conex\u00e3o entre corpo, mente e [&hellip;]<\/p>\n","protected":false},"author":2,"featured_media":5126,"comment_status":"open","ping_status":"open","sticky":false,"template":"","format":"standard","meta":{"_themeisle_gutenberg_block_has_review":false,"footnotes":""},"categories":[20,15],"tags":[],"class_list":["post-5125","post","type-post","status-publish","format-standard","has-post-thumbnail","hentry","category-litoral_norte","category-noticias"],"yoast_head":"<!-- This site is optimized with the Yoast SEO plugin v27.4 - https:\/\/yoast.com\/product\/yoast-seo-wordpress\/ -->\n<title>Ciranda das Ondas: Dan\u00e7as Circulares na Beira-Mar para Equilibrar Corpo, Mente e Esp\u00edrito. - Rede Litoral RS<\/title>\n<meta name=\"robots\" content=\"index, follow, max-snippet:-1, max-image-preview:large, max-video-preview:-1\" \/>\n<link rel=\"canonical\" href=\"https:\/\/redelitoralrs.com\/index.php\/2025\/01\/09\/ciranda-das-ondas-dancas-circulares-na-beira-mar-para-equilibrar-corpo-mente-e-espirito-uma-nova-atividade-que-promete-trazer-equilibrio-saude-e-bem-estar-para-quem-deseja-comecar-o-dia-em-harmoni\/\" \/>\n<meta property=\"og:locale\" content=\"pt_BR\" \/>\n<meta property=\"og:type\" content=\"article\" \/>\n<meta property=\"og:title\" content=\"Ciranda das Ondas: Dan\u00e7as Circulares na Beira-Mar para Equilibrar Corpo, Mente e Esp\u00edrito. - Rede Litoral RS\" \/>\n<meta property=\"og:description\" content=\"Cap\u00e3o da Canoa, RS &#8211; Uma nova atividade que promete trazer equil\u00edbrio, sa\u00fade e bem-estar para quem deseja come\u00e7ar o dia em harmonia. A partir desta quinta-feira, 9 de janeiro de 2025, a Ciranda das Ondas inicia suas aulas regulares de dan\u00e7as circulares na beira-mar, proporcionando uma experi\u00eancia \u00fanica de conex\u00e3o entre corpo, mente e [&hellip;]\" \/>\n<meta property=\"og:url\" content=\"https:\/\/redelitoralrs.com\/index.php\/2025\/01\/09\/ciranda-das-ondas-dancas-circulares-na-beira-mar-para-equilibrar-corpo-mente-e-espirito-uma-nova-atividade-que-promete-trazer-equilibrio-saude-e-bem-estar-para-quem-deseja-comecar-o-dia-em-harmoni\/\" \/>\n<meta property=\"og:site_name\" content=\"Rede Litoral RS\" \/>\n<meta property=\"article:publisher\" content=\"https:\/\/www.facebook.com\/tvlitoralrsoficial\" \/>\n<meta property=\"article:published_time\" content=\"2025-01-09T18:43:30+00:00\" \/>\n<meta property=\"article:modified_time\" content=\"2025-01-09T20:05:04+00:00\" \/>\n<meta property=\"og:image\" content=\"https:\/\/redelitoralrs.com\/wp-content\/uploads\/2025\/01\/Imagem-do-WhatsApp-de-2025-01-08-as-21.16.26_9dc9ba90.jpg\" \/>\n\t<meta property=\"og:image:width\" content=\"1200\" \/>\n\t<meta property=\"og:image:height\" content=\"1600\" \/>\n\t<meta property=\"og:image:type\" content=\"image\/jpeg\" \/>\n<meta name=\"author\" content=\"Reda\u00e7\u00e3o TV Litoral\" \/>\n<meta name=\"twitter:card\" content=\"summary_large_image\" \/>\n<meta name=\"twitter:label1\" content=\"Escrito por\" \/>\n\t<meta name=\"twitter:data1\" content=\"Reda\u00e7\u00e3o TV Litoral\" \/>\n\t<meta name=\"twitter:label2\" content=\"Est. tempo de leitura\" \/>\n\t<meta name=\"twitter:data2\" content=\"4 minutos\" \/>\n<script type=\"application\/ld+json\" class=\"yoast-schema-graph\">{\"@context\":\"https:\\\/\\\/schema.org\",\"@graph\":[{\"@type\":\"Article\",\"@id\":\"https:\\\/\\\/redelitoralrs.com\\\/index.php\\\/2025\\\/01\\\/09\\\/ciranda-das-ondas-dancas-circulares-na-beira-mar-para-equilibrar-corpo-mente-e-espirito-uma-nova-atividade-que-promete-trazer-equilibrio-saude-e-bem-estar-para-quem-deseja-comecar-o-dia-em-harmoni\\\/#article\",\"isPartOf\":{\"@id\":\"https:\\\/\\\/redelitoralrs.com\\\/index.php\\\/2025\\\/01\\\/09\\\/ciranda-das-ondas-dancas-circulares-na-beira-mar-para-equilibrar-corpo-mente-e-espirito-uma-nova-atividade-que-promete-trazer-equilibrio-saude-e-bem-estar-para-quem-deseja-comecar-o-dia-em-harmoni\\\/\"},\"author\":{\"name\":\"Reda\u00e7\u00e3o TV Litoral\",\"@id\":\"https:\\\/\\\/redelitoralrs.com\\\/#\\\/schema\\\/person\\\/9f8181f2a7359dd3986f05ebaf5bd68a\"},\"headline\":\"Ciranda das Ondas: Dan\u00e7as Circulares na Beira-Mar para Equilibrar Corpo, Mente e Esp\u00edrito.\",\"datePublished\":\"2025-01-09T18:43:30+00:00\",\"dateModified\":\"2025-01-09T20:05:04+00:00\",\"mainEntityOfPage\":{\"@id\":\"https:\\\/\\\/redelitoralrs.com\\\/index.php\\\/2025\\\/01\\\/09\\\/ciranda-das-ondas-dancas-circulares-na-beira-mar-para-equilibrar-corpo-mente-e-espirito-uma-nova-atividade-que-promete-trazer-equilibrio-saude-e-bem-estar-para-quem-deseja-comecar-o-dia-em-harmoni\\\/\"},\"wordCount\":506,\"commentCount\":1,\"publisher\":{\"@id\":\"https:\\\/\\\/redelitoralrs.com\\\/#organization\"},\"image\":{\"@id\":\"https:\\\/\\\/redelitoralrs.com\\\/index.php\\\/2025\\\/01\\\/09\\\/ciranda-das-ondas-dancas-circulares-na-beira-mar-para-equilibrar-corpo-mente-e-espirito-uma-nova-atividade-que-promete-trazer-equilibrio-saude-e-bem-estar-para-quem-deseja-comecar-o-dia-em-harmoni\\\/#primaryimage\"},\"thumbnailUrl\":\"https:\\\/\\\/redelitoralrs.com\\\/wp-content\\\/uploads\\\/2025\\\/01\\\/Imagem-do-WhatsApp-de-2025-01-08-as-21.16.26_9dc9ba90.jpg\",\"articleSection\":[\"Litoral Norte\",\"\u00daltimas not\u00edcias\"],\"inLanguage\":\"pt-BR\",\"potentialAction\":[{\"@type\":\"CommentAction\",\"name\":\"Comment\",\"target\":[\"https:\\\/\\\/redelitoralrs.com\\\/index.php\\\/2025\\\/01\\\/09\\\/ciranda-das-ondas-dancas-circulares-na-beira-mar-para-equilibrar-corpo-mente-e-espirito-uma-nova-atividade-que-promete-trazer-equilibrio-saude-e-bem-estar-para-quem-deseja-comecar-o-dia-em-harmoni\\\/#respond\"]}]},{\"@type\":\"WebPage\",\"@id\":\"https:\\\/\\\/redelitoralrs.com\\\/index.php\\\/2025\\\/01\\\/09\\\/ciranda-das-ondas-dancas-circulares-na-beira-mar-para-equilibrar-corpo-mente-e-espirito-uma-nova-atividade-que-promete-trazer-equilibrio-saude-e-bem-estar-para-quem-deseja-comecar-o-dia-em-harmoni\\\/\",\"url\":\"https:\\\/\\\/redelitoralrs.com\\\/index.php\\\/2025\\\/01\\\/09\\\/ciranda-das-ondas-dancas-circulares-na-beira-mar-para-equilibrar-corpo-mente-e-espirito-uma-nova-atividade-que-promete-trazer-equilibrio-saude-e-bem-estar-para-quem-deseja-comecar-o-dia-em-harmoni\\\/\",\"name\":\"Ciranda das Ondas: Dan\u00e7as Circulares na Beira-Mar para Equilibrar Corpo, Mente e Esp\u00edrito. - Rede Litoral RS\",\"isPartOf\":{\"@id\":\"https:\\\/\\\/redelitoralrs.com\\\/#website\"},\"primaryImageOfPage\":{\"@id\":\"https:\\\/\\\/redelitoralrs.com\\\/index.php\\\/2025\\\/01\\\/09\\\/ciranda-das-ondas-dancas-circulares-na-beira-mar-para-equilibrar-corpo-mente-e-espirito-uma-nova-atividade-que-promete-trazer-equilibrio-saude-e-bem-estar-para-quem-deseja-comecar-o-dia-em-harmoni\\\/#primaryimage\"},\"image\":{\"@id\":\"https:\\\/\\\/redelitoralrs.com\\\/index.php\\\/2025\\\/01\\\/09\\\/ciranda-das-ondas-dancas-circulares-na-beira-mar-para-equilibrar-corpo-mente-e-espirito-uma-nova-atividade-que-promete-trazer-equilibrio-saude-e-bem-estar-para-quem-deseja-comecar-o-dia-em-harmoni\\\/#primaryimage\"},\"thumbnailUrl\":\"https:\\\/\\\/redelitoralrs.com\\\/wp-content\\\/uploads\\\/2025\\\/01\\\/Imagem-do-WhatsApp-de-2025-01-08-as-21.16.26_9dc9ba90.jpg\",\"datePublished\":\"2025-01-09T18:43:30+00:00\",\"dateModified\":\"2025-01-09T20:05:04+00:00\",\"breadcrumb\":{\"@id\":\"https:\\\/\\\/redelitoralrs.com\\\/index.php\\\/2025\\\/01\\\/09\\\/ciranda-das-ondas-dancas-circulares-na-beira-mar-para-equilibrar-corpo-mente-e-espirito-uma-nova-atividade-que-promete-trazer-equilibrio-saude-e-bem-estar-para-quem-deseja-comecar-o-dia-em-harmoni\\\/#breadcrumb\"},\"inLanguage\":\"pt-BR\",\"potentialAction\":[{\"@type\":\"ReadAction\",\"target\":[\"https:\\\/\\\/redelitoralrs.com\\\/index.php\\\/2025\\\/01\\\/09\\\/ciranda-das-ondas-dancas-circulares-na-beira-mar-para-equilibrar-corpo-mente-e-espirito-uma-nova-atividade-que-promete-trazer-equilibrio-saude-e-bem-estar-para-quem-deseja-comecar-o-dia-em-harmoni\\\/\"]}]},{\"@type\":\"ImageObject\",\"inLanguage\":\"pt-BR\",\"@id\":\"https:\\\/\\\/redelitoralrs.com\\\/index.php\\\/2025\\\/01\\\/09\\\/ciranda-das-ondas-dancas-circulares-na-beira-mar-para-equilibrar-corpo-mente-e-espirito-uma-nova-atividade-que-promete-trazer-equilibrio-saude-e-bem-estar-para-quem-deseja-comecar-o-dia-em-harmoni\\\/#primaryimage\",\"url\":\"https:\\\/\\\/redelitoralrs.com\\\/wp-content\\\/uploads\\\/2025\\\/01\\\/Imagem-do-WhatsApp-de-2025-01-08-as-21.16.26_9dc9ba90.jpg\",\"contentUrl\":\"https:\\\/\\\/redelitoralrs.com\\\/wp-content\\\/uploads\\\/2025\\\/01\\\/Imagem-do-WhatsApp-de-2025-01-08-as-21.16.26_9dc9ba90.jpg\",\"width\":1200,\"height\":1600},{\"@type\":\"BreadcrumbList\",\"@id\":\"https:\\\/\\\/redelitoralrs.com\\\/index.php\\\/2025\\\/01\\\/09\\\/ciranda-das-ondas-dancas-circulares-na-beira-mar-para-equilibrar-corpo-mente-e-espirito-uma-nova-atividade-que-promete-trazer-equilibrio-saude-e-bem-estar-para-quem-deseja-comecar-o-dia-em-harmoni\\\/#breadcrumb\",\"itemListElement\":[{\"@type\":\"ListItem\",\"position\":1,\"name\":\"In\u00edcio\",\"item\":\"https:\\\/\\\/redelitoralrs.com\\\/\"},{\"@type\":\"ListItem\",\"position\":2,\"name\":\"Ciranda das Ondas: Dan\u00e7as Circulares na Beira-Mar para Equilibrar Corpo, Mente e Esp\u00edrito.\"}]},{\"@type\":\"WebSite\",\"@id\":\"https:\\\/\\\/redelitoralrs.com\\\/#website\",\"url\":\"https:\\\/\\\/redelitoralrs.com\\\/\",\"name\":\"TV Litoral\",\"description\":\"Acompanhe tudo do litoral ga\u00facho com a cobertura completa e atualizada da Rede Litoral RS. Nossos jornalistas trazem as \u00faltimas not\u00edcias, os acontecimentos mais quentes e as hist\u00f3rias que importam sobre nosso amado litoral.\",\"publisher\":{\"@id\":\"https:\\\/\\\/redelitoralrs.com\\\/#organization\"},\"potentialAction\":[{\"@type\":\"SearchAction\",\"target\":{\"@type\":\"EntryPoint\",\"urlTemplate\":\"https:\\\/\\\/redelitoralrs.com\\\/?s={search_term_string}\"},\"query-input\":{\"@type\":\"PropertyValueSpecification\",\"valueRequired\":true,\"valueName\":\"search_term_string\"}}],\"inLanguage\":\"pt-BR\"},{\"@type\":\"Organization\",\"@id\":\"https:\\\/\\\/redelitoralrs.com\\\/#organization\",\"name\":\"TV Litoral\",\"url\":\"https:\\\/\\\/redelitoralrs.com\\\/\",\"logo\":{\"@type\":\"ImageObject\",\"inLanguage\":\"pt-BR\",\"@id\":\"https:\\\/\\\/redelitoralrs.com\\\/#\\\/schema\\\/logo\\\/image\\\/\",\"url\":\"https:\\\/\\\/redelitoralrs.com\\\/wp-content\\\/uploads\\\/2024\\\/01\\\/faviconicon-1-1.png\",\"contentUrl\":\"https:\\\/\\\/redelitoralrs.com\\\/wp-content\\\/uploads\\\/2024\\\/01\\\/faviconicon-1-1.png\",\"width\":454,\"height\":454,\"caption\":\"TV Litoral\"},\"image\":{\"@id\":\"https:\\\/\\\/redelitoralrs.com\\\/#\\\/schema\\\/logo\\\/image\\\/\"},\"sameAs\":[\"https:\\\/\\\/www.facebook.com\\\/tvlitoralrsoficial\",\"https:\\\/\\\/www.instagram.com\\\/tvlitoral.rs\"]},{\"@type\":\"Person\",\"@id\":\"https:\\\/\\\/redelitoralrs.com\\\/#\\\/schema\\\/person\\\/9f8181f2a7359dd3986f05ebaf5bd68a\",\"name\":\"Reda\u00e7\u00e3o TV Litoral\",\"image\":{\"@type\":\"ImageObject\",\"inLanguage\":\"pt-BR\",\"@id\":\"https:\\\/\\\/redelitoralrs.com\\\/wp-content\\\/litespeed\\\/avatar\\\/779aafbb45e66c7f82733e21abb48259.jpg?ver=1777561602\",\"url\":\"https:\\\/\\\/redelitoralrs.com\\\/wp-content\\\/litespeed\\\/avatar\\\/779aafbb45e66c7f82733e21abb48259.jpg?ver=1777561602\",\"contentUrl\":\"https:\\\/\\\/redelitoralrs.com\\\/wp-content\\\/litespeed\\\/avatar\\\/779aafbb45e66c7f82733e21abb48259.jpg?ver=1777561602\",\"caption\":\"Reda\u00e7\u00e3o TV Litoral\"},\"description\":\"A Rede Litoral de Comunica\u00e7\u00e3o \u00e9 um grupo de m\u00eddia multiplataforma do Litoral Norte do RS. Com atua\u00e7\u00e3o em TV, r\u00e1dio, portal e redes sociais, levamos informa\u00e7\u00e3o, conte\u00fado e entretenimento \u00e0 comunidade, fortalecendo a comunica\u00e7\u00e3o local e impulsionando o desenvolvimento regional. Acompanhe atrav\u00e9s de @redelitoralrs.\",\"sameAs\":[\"https:\\\/\\\/redelitoralrs.com\",\"https:\\\/\\\/www.instagram.com\\\/redelitoralrs\",\"https:\\\/\\\/www.youtube.com\\\/@redelitoralrs\"],\"url\":\"https:\\\/\\\/redelitoralrs.com\\\/index.php\\\/author\\\/redacaotvlitoral\\\/\"}]}<\/script>\n<!-- \/ Yoast SEO plugin. -->","yoast_head_json":{"title":"Ciranda das Ondas: Dan\u00e7as Circulares na Beira-Mar para Equilibrar Corpo, Mente e Esp\u00edrito. - Rede Litoral RS","robots":{"index":"index","follow":"follow","max-snippet":"max-snippet:-1","max-image-preview":"max-image-preview:large","max-video-preview":"max-video-preview:-1"},"canonical":"https:\/\/redelitoralrs.com\/index.php\/2025\/01\/09\/ciranda-das-ondas-dancas-circulares-na-beira-mar-para-equilibrar-corpo-mente-e-espirito-uma-nova-atividade-que-promete-trazer-equilibrio-saude-e-bem-estar-para-quem-deseja-comecar-o-dia-em-harmoni\/","og_locale":"pt_BR","og_type":"article","og_title":"Ciranda das Ondas: Dan\u00e7as Circulares na Beira-Mar para Equilibrar Corpo, Mente e Esp\u00edrito. - Rede Litoral RS","og_description":"Cap\u00e3o da Canoa, RS &#8211; Uma nova atividade que promete trazer equil\u00edbrio, sa\u00fade e bem-estar para quem deseja come\u00e7ar o dia em harmonia. A partir desta quinta-feira, 9 de janeiro de 2025, a Ciranda das Ondas inicia suas aulas regulares de dan\u00e7as circulares na beira-mar, proporcionando uma experi\u00eancia \u00fanica de conex\u00e3o entre corpo, mente e [&hellip;]","og_url":"https:\/\/redelitoralrs.com\/index.php\/2025\/01\/09\/ciranda-das-ondas-dancas-circulares-na-beira-mar-para-equilibrar-corpo-mente-e-espirito-uma-nova-atividade-que-promete-trazer-equilibrio-saude-e-bem-estar-para-quem-deseja-comecar-o-dia-em-harmoni\/","og_site_name":"Rede Litoral RS","article_publisher":"https:\/\/www.facebook.com\/tvlitoralrsoficial","article_published_time":"2025-01-09T18:43:30+00:00","article_modified_time":"2025-01-09T20:05:04+00:00","og_image":[{"width":1200,"height":1600,"url":"https:\/\/redelitoralrs.com\/wp-content\/uploads\/2025\/01\/Imagem-do-WhatsApp-de-2025-01-08-as-21.16.26_9dc9ba90.jpg","type":"image\/jpeg"}],"author":"Reda\u00e7\u00e3o TV Litoral","twitter_card":"summary_large_image","twitter_misc":{"Escrito por":"Reda\u00e7\u00e3o TV Litoral","Est. tempo de leitura":"4 minutos"},"schema":{"@context":"https:\/\/schema.org","@graph":[{"@type":"Article","@id":"https:\/\/redelitoralrs.com\/index.php\/2025\/01\/09\/ciranda-das-ondas-dancas-circulares-na-beira-mar-para-equilibrar-corpo-mente-e-espirito-uma-nova-atividade-que-promete-trazer-equilibrio-saude-e-bem-estar-para-quem-deseja-comecar-o-dia-em-harmoni\/#article","isPartOf":{"@id":"https:\/\/redelitoralrs.com\/index.php\/2025\/01\/09\/ciranda-das-ondas-dancas-circulares-na-beira-mar-para-equilibrar-corpo-mente-e-espirito-uma-nova-atividade-que-promete-trazer-equilibrio-saude-e-bem-estar-para-quem-deseja-comecar-o-dia-em-harmoni\/"},"author":{"name":"Reda\u00e7\u00e3o TV Litoral","@id":"https:\/\/redelitoralrs.com\/#\/schema\/person\/9f8181f2a7359dd3986f05ebaf5bd68a"},"headline":"Ciranda das Ondas: Dan\u00e7as Circulares na Beira-Mar para Equilibrar Corpo, Mente e Esp\u00edrito.","datePublished":"2025-01-09T18:43:30+00:00","dateModified":"2025-01-09T20:05:04+00:00","mainEntityOfPage":{"@id":"https:\/\/redelitoralrs.com\/index.php\/2025\/01\/09\/ciranda-das-ondas-dancas-circulares-na-beira-mar-para-equilibrar-corpo-mente-e-espirito-uma-nova-atividade-que-promete-trazer-equilibrio-saude-e-bem-estar-para-quem-deseja-comecar-o-dia-em-harmoni\/"},"wordCount":506,"commentCount":1,"publisher":{"@id":"https:\/\/redelitoralrs.com\/#organization"},"image":{"@id":"https:\/\/redelitoralrs.com\/index.php\/2025\/01\/09\/ciranda-das-ondas-dancas-circulares-na-beira-mar-para-equilibrar-corpo-mente-e-espirito-uma-nova-atividade-que-promete-trazer-equilibrio-saude-e-bem-estar-para-quem-deseja-comecar-o-dia-em-harmoni\/#primaryimage"},"thumbnailUrl":"https:\/\/redelitoralrs.com\/wp-content\/uploads\/2025\/01\/Imagem-do-WhatsApp-de-2025-01-08-as-21.16.26_9dc9ba90.jpg","articleSection":["Litoral Norte","\u00daltimas not\u00edcias"],"inLanguage":"pt-BR","potentialAction":[{"@type":"CommentAction","name":"Comment","target":["https:\/\/redelitoralrs.com\/index.php\/2025\/01\/09\/ciranda-das-ondas-dancas-circulares-na-beira-mar-para-equilibrar-corpo-mente-e-espirito-uma-nova-atividade-que-promete-trazer-equilibrio-saude-e-bem-estar-para-quem-deseja-comecar-o-dia-em-harmoni\/#respond"]}]},{"@type":"WebPage","@id":"https:\/\/redelitoralrs.com\/index.php\/2025\/01\/09\/ciranda-das-ondas-dancas-circulares-na-beira-mar-para-equilibrar-corpo-mente-e-espirito-uma-nova-atividade-que-promete-trazer-equilibrio-saude-e-bem-estar-para-quem-deseja-comecar-o-dia-em-harmoni\/","url":"https:\/\/redelitoralrs.com\/index.php\/2025\/01\/09\/ciranda-das-ondas-dancas-circulares-na-beira-mar-para-equilibrar-corpo-mente-e-espirito-uma-nova-atividade-que-promete-trazer-equilibrio-saude-e-bem-estar-para-quem-deseja-comecar-o-dia-em-harmoni\/","name":"Ciranda das Ondas: Dan\u00e7as Circulares na Beira-Mar para Equilibrar Corpo, Mente e Esp\u00edrito. - Rede Litoral RS","isPartOf":{"@id":"https:\/\/redelitoralrs.com\/#website"},"primaryImageOfPage":{"@id":"https:\/\/redelitoralrs.com\/index.php\/2025\/01\/09\/ciranda-das-ondas-dancas-circulares-na-beira-mar-para-equilibrar-corpo-mente-e-espirito-uma-nova-atividade-que-promete-trazer-equilibrio-saude-e-bem-estar-para-quem-deseja-comecar-o-dia-em-harmoni\/#primaryimage"},"image":{"@id":"https:\/\/redelitoralrs.com\/index.php\/2025\/01\/09\/ciranda-das-ondas-dancas-circulares-na-beira-mar-para-equilibrar-corpo-mente-e-espirito-uma-nova-atividade-que-promete-trazer-equilibrio-saude-e-bem-estar-para-quem-deseja-comecar-o-dia-em-harmoni\/#primaryimage"},"thumbnailUrl":"https:\/\/redelitoralrs.com\/wp-content\/uploads\/2025\/01\/Imagem-do-WhatsApp-de-2025-01-08-as-21.16.26_9dc9ba90.jpg","datePublished":"2025-01-09T18:43:30+00:00","dateModified":"2025-01-09T20:05:04+00:00","breadcrumb":{"@id":"https:\/\/redelitoralrs.com\/index.php\/2025\/01\/09\/ciranda-das-ondas-dancas-circulares-na-beira-mar-para-equilibrar-corpo-mente-e-espirito-uma-nova-atividade-que-promete-trazer-equilibrio-saude-e-bem-estar-para-quem-deseja-comecar-o-dia-em-harmoni\/#breadcrumb"},"inLanguage":"pt-BR","potentialAction":[{"@type":"ReadAction","target":["https:\/\/redelitoralrs.com\/index.php\/2025\/01\/09\/ciranda-das-ondas-dancas-circulares-na-beira-mar-para-equilibrar-corpo-mente-e-espirito-uma-nova-atividade-que-promete-trazer-equilibrio-saude-e-bem-estar-para-quem-deseja-comecar-o-dia-em-harmoni\/"]}]},{"@type":"ImageObject","inLanguage":"pt-BR","@id":"https:\/\/redelitoralrs.com\/index.php\/2025\/01\/09\/ciranda-das-ondas-dancas-circulares-na-beira-mar-para-equilibrar-corpo-mente-e-espirito-uma-nova-atividade-que-promete-trazer-equilibrio-saude-e-bem-estar-para-quem-deseja-comecar-o-dia-em-harmoni\/#primaryimage","url":"https:\/\/redelitoralrs.com\/wp-content\/uploads\/2025\/01\/Imagem-do-WhatsApp-de-2025-01-08-as-21.16.26_9dc9ba90.jpg","contentUrl":"https:\/\/redelitoralrs.com\/wp-content\/uploads\/2025\/01\/Imagem-do-WhatsApp-de-2025-01-08-as-21.16.26_9dc9ba90.jpg","width":1200,"height":1600},{"@type":"BreadcrumbList","@id":"https:\/\/redelitoralrs.com\/index.php\/2025\/01\/09\/ciranda-das-ondas-dancas-circulares-na-beira-mar-para-equilibrar-corpo-mente-e-espirito-uma-nova-atividade-que-promete-trazer-equilibrio-saude-e-bem-estar-para-quem-deseja-comecar-o-dia-em-harmoni\/#breadcrumb","itemListElement":[{"@type":"ListItem","position":1,"name":"In\u00edcio","item":"https:\/\/redelitoralrs.com\/"},{"@type":"ListItem","position":2,"name":"Ciranda das Ondas: Dan\u00e7as Circulares na Beira-Mar para Equilibrar Corpo, Mente e Esp\u00edrito."}]},{"@type":"WebSite","@id":"https:\/\/redelitoralrs.com\/#website","url":"https:\/\/redelitoralrs.com\/","name":"TV Litoral","description":"Acompanhe tudo do litoral ga\u00facho com a cobertura completa e atualizada da Rede Litoral RS. Nossos jornalistas trazem as \u00faltimas not\u00edcias, os acontecimentos mais quentes e as hist\u00f3rias que importam sobre nosso amado litoral.","publisher":{"@id":"https:\/\/redelitoralrs.com\/#organization"},"potentialAction":[{"@type":"SearchAction","target":{"@type":"EntryPoint","urlTemplate":"https:\/\/redelitoralrs.com\/?s={search_term_string}"},"query-input":{"@type":"PropertyValueSpecification","valueRequired":true,"valueName":"search_term_string"}}],"inLanguage":"pt-BR"},{"@type":"Organization","@id":"https:\/\/redelitoralrs.com\/#organization","name":"TV Litoral","url":"https:\/\/redelitoralrs.com\/","logo":{"@type":"ImageObject","inLanguage":"pt-BR","@id":"https:\/\/redelitoralrs.com\/#\/schema\/logo\/image\/","url":"https:\/\/redelitoralrs.com\/wp-content\/uploads\/2024\/01\/faviconicon-1-1.png","contentUrl":"https:\/\/redelitoralrs.com\/wp-content\/uploads\/2024\/01\/faviconicon-1-1.png","width":454,"height":454,"caption":"TV Litoral"},"image":{"@id":"https:\/\/redelitoralrs.com\/#\/schema\/logo\/image\/"},"sameAs":["https:\/\/www.facebook.com\/tvlitoralrsoficial","https:\/\/www.instagram.com\/tvlitoral.rs"]},{"@type":"Person","@id":"https:\/\/redelitoralrs.com\/#\/schema\/person\/9f8181f2a7359dd3986f05ebaf5bd68a","name":"Reda\u00e7\u00e3o TV Litoral","image":{"@type":"ImageObject","inLanguage":"pt-BR","@id":"https:\/\/redelitoralrs.com\/wp-content\/litespeed\/avatar\/779aafbb45e66c7f82733e21abb48259.jpg?ver=1777561602","url":"https:\/\/redelitoralrs.com\/wp-content\/litespeed\/avatar\/779aafbb45e66c7f82733e21abb48259.jpg?ver=1777561602","contentUrl":"https:\/\/redelitoralrs.com\/wp-content\/litespeed\/avatar\/779aafbb45e66c7f82733e21abb48259.jpg?ver=1777561602","caption":"Reda\u00e7\u00e3o TV Litoral"},"description":"A Rede Litoral de Comunica\u00e7\u00e3o \u00e9 um grupo de m\u00eddia multiplataforma do Litoral Norte do RS. Com atua\u00e7\u00e3o em TV, r\u00e1dio, portal e redes sociais, levamos informa\u00e7\u00e3o, conte\u00fado e entretenimento \u00e0 comunidade, fortalecendo a comunica\u00e7\u00e3o local e impulsionando o desenvolvimento regional. Acompanhe atrav\u00e9s de @redelitoralrs.","sameAs":["https:\/\/redelitoralrs.com","https:\/\/www.instagram.com\/redelitoralrs","https:\/\/www.youtube.com\/@redelitoralrs"],"url":"https:\/\/redelitoralrs.com\/index.php\/author\/redacaotvlitoral\/"}]}},"_links":{"self":[{"href":"https:\/\/redelitoralrs.com\/index.php\/wp-json\/wp\/v2\/posts\/5125","targetHints":{"allow":["GET"]}}],"collection":[{"href":"https:\/\/redelitoralrs.com\/index.php\/wp-json\/wp\/v2\/posts"}],"about":[{"href":"https:\/\/redelitoralrs.com\/index.php\/wp-json\/wp\/v2\/types\/post"}],"author":[{"embeddable":true,"href":"https:\/\/redelitoralrs.com\/index.php\/wp-json\/wp\/v2\/users\/2"}],"replies":[{"embeddable":true,"href":"https:\/\/redelitoralrs.com\/index.php\/wp-json\/wp\/v2\/comments?post=5125"}],"version-history":[{"count":3,"href":"https:\/\/redelitoralrs.com\/index.php\/wp-json\/wp\/v2\/posts\/5125\/revisions"}],"predecessor-version":[{"id":5140,"href":"https:\/\/redelitoralrs.com\/index.php\/wp-json\/wp\/v2\/posts\/5125\/revisions\/5140"}],"wp:featuredmedia":[{"embeddable":true,"href":"https:\/\/redelitoralrs.com\/index.php\/wp-json\/wp\/v2\/media\/5126"}],"wp:attachment":[{"href":"https:\/\/redelitoralrs.com\/index.php\/wp-json\/wp\/v2\/media?parent=5125"}],"wp:term":[{"taxonomy":"category","embeddable":true,"href":"https:\/\/redelitoralrs.com\/index.php\/wp-json\/wp\/v2\/categories?post=5125"},{"taxonomy":"post_tag","embeddable":true,"href":"https:\/\/redelitoralrs.com\/index.php\/wp-json\/wp\/v2\/tags?post=5125"}],"curies":[{"name":"wp","href":"https:\/\/api.w.org\/{rel}","templated":true}]}}