{"id":5113,"date":"2025-01-09T14:48:34","date_gmt":"2025-01-09T17:48:34","guid":{"rendered":"https:\/\/redelitoralrs.com\/?p=5113"},"modified":"2025-01-09T14:48:35","modified_gmt":"2025-01-09T17:48:35","slug":"gestao-romildo-bolzan-junior-inicia-mandato-com-diagnostico-critico-das-estruturas-publicas-de-osorio","status":"publish","type":"post","link":"https:\/\/redelitoralrs.com\/index.php\/2025\/01\/09\/gestao-romildo-bolzan-junior-inicia-mandato-com-diagnostico-critico-das-estruturas-publicas-de-osorio\/","title":{"rendered":"Gest\u00e3o Romildo Bolzan J\u00fanior inicia mandato com diagn\u00f3stico cr\u00edtico das estruturas p\u00fablicas\u00a0de\u00a0Os\u00f3rio"},"content":{"rendered":"\n<p>A primeira reuni\u00e3o entre o prefeito de Os\u00f3rio, Romildo Bolzan J\u00fanior, o vice-prefeito Ed Moraes, secret\u00e1rios municipais e vereadores foi marcada por um panorama preocupante sobre as condi\u00e7\u00f5es das estruturas p\u00fablicas do munic\u00edpio.<\/p>\n\n\n\n<p>Durante o encontro, realizado na \u00faltima ter\u00e7a-feira, dia 7 de janeiro no gabinete da prefeitura, os secret\u00e1rios apresentaram relat\u00f3rios apontando problemas como salas com mofo, mobili\u00e1rios quebrados, ve\u00edculos estragados, infiltra\u00e7\u00f5es, descarte incorreto de materiais e obras inacabadas. A reuni\u00e3o tamb\u00e9m contou com a presen\u00e7a de assessores e vereadores da base governista.<\/p>\n\n\n\n<p>Entre as primeiras a\u00e7\u00f5es j\u00e1 em andamento, est\u00e3o a conserva\u00e7\u00e3o das pra\u00e7as e ruas de Atl\u00e2ntida Sul e Mari\u00e1polis, regi\u00f5es em destaque pela temporada de ver\u00e3o. A nova administra\u00e7\u00e3o tamb\u00e9m ampliou o hor\u00e1rio de atendimento ao p\u00fablico e notificou a empresa respons\u00e1vel pelo estacionamento rotativo para reavalia\u00e7\u00e3o do contrato e poss\u00edvel suspens\u00e3o.<\/p>\n\n\n\n<p>O prefeito Romildo Bolzan J\u00fanior destacou o compromisso de sua equipe para atender as principais demandas da popula\u00e7\u00e3o, embora tenha ressaltado que o cen\u00e1rio \u00e9 desafiador. Segundo ele, as dificuldades encontradas demandam a\u00e7\u00f5es emergenciais em diversas \u00e1reas. \u201cTudo passou a ser uma emerg\u00eancia pela precariedade que encontramos, mas vamos recuperar. A responsabilidade \u00e9 nossa, e com o or\u00e7amento aberto, vamos trabalhar para resolver essas situa\u00e7\u00f5es\u201d, declarou Bolzan.<\/p>\n\n\n\n<p>Para mais informa\u00e7\u00f5es sobre os principais acontecimentos em Os\u00f3rio e regi\u00e3o, continue acompanhando&nbsp;a&nbsp;TV&nbsp;Litoral.<\/p>\n\n\n\n<figure class=\"wp-block-gallery has-nested-images columns-default is-cropped wp-block-gallery-1 is-layout-flex wp-block-gallery-is-layout-flex\">\n<figure class=\"wp-block-image size-large\"><img fetchpriority=\"high\" decoding=\"async\" width=\"1024\" height=\"570\" data-id=\"5114\" src=\"https:\/\/redelitoralrs.com\/wp-content\/uploads\/2025\/01\/Imagem-do-WhatsApp-de-2025-01-09-as-13.21.14_5eb1535b-1024x570.jpg\" alt=\"\" class=\"wp-image-5114\" srcset=\"https:\/\/redelitoralrs.com\/wp-content\/uploads\/2025\/01\/Imagem-do-WhatsApp-de-2025-01-09-as-13.21.14_5eb1535b-1024x570.jpg 1024w, https:\/\/redelitoralrs.com\/wp-content\/uploads\/2025\/01\/Imagem-do-WhatsApp-de-2025-01-09-as-13.21.14_5eb1535b-300x167.jpg 300w, https:\/\/redelitoralrs.com\/wp-content\/uploads\/2025\/01\/Imagem-do-WhatsApp-de-2025-01-09-as-13.21.14_5eb1535b-768x427.jpg 768w, https:\/\/redelitoralrs.com\/wp-content\/uploads\/2025\/01\/Imagem-do-WhatsApp-de-2025-01-09-as-13.21.14_5eb1535b.jpg 1170w\" sizes=\"(max-width: 1024px) 100vw, 1024px\" \/><\/figure>\n\n\n\n<figure class=\"wp-block-image size-large\"><img decoding=\"async\" width=\"1024\" height=\"573\" data-id=\"5115\" src=\"https:\/\/redelitoralrs.com\/wp-content\/uploads\/2025\/01\/Imagem-do-WhatsApp-de-2025-01-09-as-13.21.14_6e05bf12-1024x573.jpg\" alt=\"\" class=\"wp-image-5115\" srcset=\"https:\/\/redelitoralrs.com\/wp-content\/uploads\/2025\/01\/Imagem-do-WhatsApp-de-2025-01-09-as-13.21.14_6e05bf12-1024x573.jpg 1024w, https:\/\/redelitoralrs.com\/wp-content\/uploads\/2025\/01\/Imagem-do-WhatsApp-de-2025-01-09-as-13.21.14_6e05bf12-300x168.jpg 300w, https:\/\/redelitoralrs.com\/wp-content\/uploads\/2025\/01\/Imagem-do-WhatsApp-de-2025-01-09-as-13.21.14_6e05bf12-768x430.jpg 768w, https:\/\/redelitoralrs.com\/wp-content\/uploads\/2025\/01\/Imagem-do-WhatsApp-de-2025-01-09-as-13.21.14_6e05bf12.jpg 1170w\" sizes=\"(max-width: 1024px) 100vw, 1024px\" \/><\/figure>\n\n\n\n<figure class=\"wp-block-image size-large\"><img decoding=\"async\" width=\"1024\" height=\"579\" data-id=\"5116\" src=\"https:\/\/redelitoralrs.com\/wp-content\/uploads\/2025\/01\/Imagem-do-WhatsApp-de-2025-01-09-as-13.21.14_a4ac76f8-1024x579.jpg\" alt=\"\" class=\"wp-image-5116\" srcset=\"https:\/\/redelitoralrs.com\/wp-content\/uploads\/2025\/01\/Imagem-do-WhatsApp-de-2025-01-09-as-13.21.14_a4ac76f8-1024x579.jpg 1024w, https:\/\/redelitoralrs.com\/wp-content\/uploads\/2025\/01\/Imagem-do-WhatsApp-de-2025-01-09-as-13.21.14_a4ac76f8-300x170.jpg 300w, https:\/\/redelitoralrs.com\/wp-content\/uploads\/2025\/01\/Imagem-do-WhatsApp-de-2025-01-09-as-13.21.14_a4ac76f8-768x435.jpg 768w, https:\/\/redelitoralrs.com\/wp-content\/uploads\/2025\/01\/Imagem-do-WhatsApp-de-2025-01-09-as-13.21.14_a4ac76f8.jpg 1170w\" sizes=\"(max-width: 1024px) 100vw, 1024px\" \/><\/figure>\n\n\n\n<figure class=\"wp-block-image size-large\"><img loading=\"lazy\" decoding=\"async\" width=\"1024\" height=\"581\" data-id=\"5117\" src=\"https:\/\/redelitoralrs.com\/wp-content\/uploads\/2025\/01\/Imagem-do-WhatsApp-de-2025-01-09-as-13.21.14_c0aa2971-1024x581.jpg\" alt=\"\" class=\"wp-image-5117\" srcset=\"https:\/\/redelitoralrs.com\/wp-content\/uploads\/2025\/01\/Imagem-do-WhatsApp-de-2025-01-09-as-13.21.14_c0aa2971-1024x581.jpg 1024w, https:\/\/redelitoralrs.com\/wp-content\/uploads\/2025\/01\/Imagem-do-WhatsApp-de-2025-01-09-as-13.21.14_c0aa2971-300x170.jpg 300w, https:\/\/redelitoralrs.com\/wp-content\/uploads\/2025\/01\/Imagem-do-WhatsApp-de-2025-01-09-as-13.21.14_c0aa2971-768x436.jpg 768w, https:\/\/redelitoralrs.com\/wp-content\/uploads\/2025\/01\/Imagem-do-WhatsApp-de-2025-01-09-as-13.21.14_c0aa2971.jpg 1170w\" sizes=\"(max-width: 1024px) 100vw, 1024px\" \/><\/figure>\n<\/figure>\n","protected":false},"excerpt":{"rendered":"<p>A primeira reuni\u00e3o entre o prefeito de Os\u00f3rio, Romildo Bolzan J\u00fanior, o vice-prefeito Ed Moraes, secret\u00e1rios municipais e vereadores foi marcada por um panorama preocupante sobre as condi\u00e7\u00f5es das estruturas p\u00fablicas do munic\u00edpio. Durante o encontro, realizado na \u00faltima ter\u00e7a-feira, dia 7 de janeiro no gabinete da prefeitura, os secret\u00e1rios apresentaram relat\u00f3rios apontando problemas como [&hellip;]<\/p>\n","protected":false},"author":2,"featured_media":5116,"comment_status":"open","ping_status":"open","sticky":false,"template":"","format":"standard","meta":{"_themeisle_gutenberg_block_has_review":false,"footnotes":""},"categories":[20,15],"tags":[],"class_list":["post-5113","post","type-post","status-publish","format-standard","has-post-thumbnail","hentry","category-litoral_norte","category-noticias"],"yoast_head":"<!-- This site is optimized with the Yoast SEO plugin v27.4 - https:\/\/yoast.com\/product\/yoast-seo-wordpress\/ -->\n<title>Gest\u00e3o Romildo Bolzan J\u00fanior inicia mandato com diagn\u00f3stico cr\u00edtico das estruturas p\u00fablicas\u00a0de\u00a0Os\u00f3rio - Rede Litoral RS<\/title>\n<meta name=\"robots\" content=\"index, follow, max-snippet:-1, max-image-preview:large, max-video-preview:-1\" \/>\n<link rel=\"canonical\" href=\"https:\/\/redelitoralrs.com\/index.php\/2025\/01\/09\/gestao-romildo-bolzan-junior-inicia-mandato-com-diagnostico-critico-das-estruturas-publicas-de-osorio\/\" \/>\n<meta property=\"og:locale\" content=\"pt_BR\" \/>\n<meta property=\"og:type\" content=\"article\" \/>\n<meta property=\"og:title\" content=\"Gest\u00e3o Romildo Bolzan J\u00fanior inicia mandato com diagn\u00f3stico cr\u00edtico das estruturas p\u00fablicas\u00a0de\u00a0Os\u00f3rio - Rede Litoral RS\" \/>\n<meta property=\"og:description\" content=\"A primeira reuni\u00e3o entre o prefeito de Os\u00f3rio, Romildo Bolzan J\u00fanior, o vice-prefeito Ed Moraes, secret\u00e1rios municipais e vereadores foi marcada por um panorama preocupante sobre as condi\u00e7\u00f5es das estruturas p\u00fablicas do munic\u00edpio. Durante o encontro, realizado na \u00faltima ter\u00e7a-feira, dia 7 de janeiro no gabinete da prefeitura, os secret\u00e1rios apresentaram relat\u00f3rios apontando problemas como [&hellip;]\" \/>\n<meta property=\"og:url\" content=\"https:\/\/redelitoralrs.com\/index.php\/2025\/01\/09\/gestao-romildo-bolzan-junior-inicia-mandato-com-diagnostico-critico-das-estruturas-publicas-de-osorio\/\" \/>\n<meta property=\"og:site_name\" content=\"Rede Litoral RS\" \/>\n<meta property=\"article:publisher\" content=\"https:\/\/www.facebook.com\/tvlitoralrsoficial\" \/>\n<meta property=\"article:published_time\" content=\"2025-01-09T17:48:34+00:00\" \/>\n<meta property=\"article:modified_time\" content=\"2025-01-09T17:48:35+00:00\" \/>\n<meta property=\"og:image\" content=\"https:\/\/redelitoralrs.com\/wp-content\/uploads\/2025\/01\/Imagem-do-WhatsApp-de-2025-01-09-as-13.21.14_a4ac76f8.jpg\" \/>\n\t<meta property=\"og:image:width\" content=\"1170\" \/>\n\t<meta property=\"og:image:height\" content=\"662\" \/>\n\t<meta property=\"og:image:type\" content=\"image\/jpeg\" \/>\n<meta name=\"author\" content=\"Reda\u00e7\u00e3o TV Litoral\" \/>\n<meta name=\"twitter:card\" content=\"summary_large_image\" \/>\n<meta name=\"twitter:label1\" content=\"Escrito por\" \/>\n\t<meta name=\"twitter:data1\" content=\"Reda\u00e7\u00e3o TV Litoral\" \/>\n\t<meta name=\"twitter:label2\" content=\"Est. tempo de leitura\" \/>\n\t<meta name=\"twitter:data2\" content=\"3 minutos\" \/>\n<script type=\"application\/ld+json\" class=\"yoast-schema-graph\">{\"@context\":\"https:\\\/\\\/schema.org\",\"@graph\":[{\"@type\":\"Article\",\"@id\":\"https:\\\/\\\/redelitoralrs.com\\\/index.php\\\/2025\\\/01\\\/09\\\/gestao-romildo-bolzan-junior-inicia-mandato-com-diagnostico-critico-das-estruturas-publicas-de-osorio\\\/#article\",\"isPartOf\":{\"@id\":\"https:\\\/\\\/redelitoralrs.com\\\/index.php\\\/2025\\\/01\\\/09\\\/gestao-romildo-bolzan-junior-inicia-mandato-com-diagnostico-critico-das-estruturas-publicas-de-osorio\\\/\"},\"author\":{\"name\":\"Reda\u00e7\u00e3o TV Litoral\",\"@id\":\"https:\\\/\\\/redelitoralrs.com\\\/#\\\/schema\\\/person\\\/9f8181f2a7359dd3986f05ebaf5bd68a\"},\"headline\":\"Gest\u00e3o Romildo Bolzan J\u00fanior inicia mandato com diagn\u00f3stico cr\u00edtico das estruturas p\u00fablicas\u00a0de\u00a0Os\u00f3rio\",\"datePublished\":\"2025-01-09T17:48:34+00:00\",\"dateModified\":\"2025-01-09T17:48:35+00:00\",\"mainEntityOfPage\":{\"@id\":\"https:\\\/\\\/redelitoralrs.com\\\/index.php\\\/2025\\\/01\\\/09\\\/gestao-romildo-bolzan-junior-inicia-mandato-com-diagnostico-critico-das-estruturas-publicas-de-osorio\\\/\"},\"wordCount\":281,\"commentCount\":0,\"publisher\":{\"@id\":\"https:\\\/\\\/redelitoralrs.com\\\/#organization\"},\"image\":{\"@id\":\"https:\\\/\\\/redelitoralrs.com\\\/index.php\\\/2025\\\/01\\\/09\\\/gestao-romildo-bolzan-junior-inicia-mandato-com-diagnostico-critico-das-estruturas-publicas-de-osorio\\\/#primaryimage\"},\"thumbnailUrl\":\"https:\\\/\\\/redelitoralrs.com\\\/wp-content\\\/uploads\\\/2025\\\/01\\\/Imagem-do-WhatsApp-de-2025-01-09-as-13.21.14_a4ac76f8.jpg\",\"articleSection\":[\"Litoral Norte\",\"\u00daltimas not\u00edcias\"],\"inLanguage\":\"pt-BR\",\"potentialAction\":[{\"@type\":\"CommentAction\",\"name\":\"Comment\",\"target\":[\"https:\\\/\\\/redelitoralrs.com\\\/index.php\\\/2025\\\/01\\\/09\\\/gestao-romildo-bolzan-junior-inicia-mandato-com-diagnostico-critico-das-estruturas-publicas-de-osorio\\\/#respond\"]}]},{\"@type\":\"WebPage\",\"@id\":\"https:\\\/\\\/redelitoralrs.com\\\/index.php\\\/2025\\\/01\\\/09\\\/gestao-romildo-bolzan-junior-inicia-mandato-com-diagnostico-critico-das-estruturas-publicas-de-osorio\\\/\",\"url\":\"https:\\\/\\\/redelitoralrs.com\\\/index.php\\\/2025\\\/01\\\/09\\\/gestao-romildo-bolzan-junior-inicia-mandato-com-diagnostico-critico-das-estruturas-publicas-de-osorio\\\/\",\"name\":\"Gest\u00e3o Romildo Bolzan J\u00fanior inicia mandato com diagn\u00f3stico cr\u00edtico das estruturas p\u00fablicas\u00a0de\u00a0Os\u00f3rio - Rede Litoral RS\",\"isPartOf\":{\"@id\":\"https:\\\/\\\/redelitoralrs.com\\\/#website\"},\"primaryImageOfPage\":{\"@id\":\"https:\\\/\\\/redelitoralrs.com\\\/index.php\\\/2025\\\/01\\\/09\\\/gestao-romildo-bolzan-junior-inicia-mandato-com-diagnostico-critico-das-estruturas-publicas-de-osorio\\\/#primaryimage\"},\"image\":{\"@id\":\"https:\\\/\\\/redelitoralrs.com\\\/index.php\\\/2025\\\/01\\\/09\\\/gestao-romildo-bolzan-junior-inicia-mandato-com-diagnostico-critico-das-estruturas-publicas-de-osorio\\\/#primaryimage\"},\"thumbnailUrl\":\"https:\\\/\\\/redelitoralrs.com\\\/wp-content\\\/uploads\\\/2025\\\/01\\\/Imagem-do-WhatsApp-de-2025-01-09-as-13.21.14_a4ac76f8.jpg\",\"datePublished\":\"2025-01-09T17:48:34+00:00\",\"dateModified\":\"2025-01-09T17:48:35+00:00\",\"breadcrumb\":{\"@id\":\"https:\\\/\\\/redelitoralrs.com\\\/index.php\\\/2025\\\/01\\\/09\\\/gestao-romildo-bolzan-junior-inicia-mandato-com-diagnostico-critico-das-estruturas-publicas-de-osorio\\\/#breadcrumb\"},\"inLanguage\":\"pt-BR\",\"potentialAction\":[{\"@type\":\"ReadAction\",\"target\":[\"https:\\\/\\\/redelitoralrs.com\\\/index.php\\\/2025\\\/01\\\/09\\\/gestao-romildo-bolzan-junior-inicia-mandato-com-diagnostico-critico-das-estruturas-publicas-de-osorio\\\/\"]}]},{\"@type\":\"ImageObject\",\"inLanguage\":\"pt-BR\",\"@id\":\"https:\\\/\\\/redelitoralrs.com\\\/index.php\\\/2025\\\/01\\\/09\\\/gestao-romildo-bolzan-junior-inicia-mandato-com-diagnostico-critico-das-estruturas-publicas-de-osorio\\\/#primaryimage\",\"url\":\"https:\\\/\\\/redelitoralrs.com\\\/wp-content\\\/uploads\\\/2025\\\/01\\\/Imagem-do-WhatsApp-de-2025-01-09-as-13.21.14_a4ac76f8.jpg\",\"contentUrl\":\"https:\\\/\\\/redelitoralrs.com\\\/wp-content\\\/uploads\\\/2025\\\/01\\\/Imagem-do-WhatsApp-de-2025-01-09-as-13.21.14_a4ac76f8.jpg\",\"width\":1170,\"height\":662},{\"@type\":\"BreadcrumbList\",\"@id\":\"https:\\\/\\\/redelitoralrs.com\\\/index.php\\\/2025\\\/01\\\/09\\\/gestao-romildo-bolzan-junior-inicia-mandato-com-diagnostico-critico-das-estruturas-publicas-de-osorio\\\/#breadcrumb\",\"itemListElement\":[{\"@type\":\"ListItem\",\"position\":1,\"name\":\"In\u00edcio\",\"item\":\"https:\\\/\\\/redelitoralrs.com\\\/\"},{\"@type\":\"ListItem\",\"position\":2,\"name\":\"Gest\u00e3o Romildo Bolzan J\u00fanior inicia mandato com diagn\u00f3stico cr\u00edtico das estruturas p\u00fablicas\u00a0de\u00a0Os\u00f3rio\"}]},{\"@type\":\"WebSite\",\"@id\":\"https:\\\/\\\/redelitoralrs.com\\\/#website\",\"url\":\"https:\\\/\\\/redelitoralrs.com\\\/\",\"name\":\"TV Litoral\",\"description\":\"Acompanhe tudo do litoral ga\u00facho com a cobertura completa e atualizada da Rede Litoral RS. Nossos jornalistas trazem as \u00faltimas not\u00edcias, os acontecimentos mais quentes e as hist\u00f3rias que importam sobre nosso amado litoral.\",\"publisher\":{\"@id\":\"https:\\\/\\\/redelitoralrs.com\\\/#organization\"},\"potentialAction\":[{\"@type\":\"SearchAction\",\"target\":{\"@type\":\"EntryPoint\",\"urlTemplate\":\"https:\\\/\\\/redelitoralrs.com\\\/?s={search_term_string}\"},\"query-input\":{\"@type\":\"PropertyValueSpecification\",\"valueRequired\":true,\"valueName\":\"search_term_string\"}}],\"inLanguage\":\"pt-BR\"},{\"@type\":\"Organization\",\"@id\":\"https:\\\/\\\/redelitoralrs.com\\\/#organization\",\"name\":\"TV Litoral\",\"url\":\"https:\\\/\\\/redelitoralrs.com\\\/\",\"logo\":{\"@type\":\"ImageObject\",\"inLanguage\":\"pt-BR\",\"@id\":\"https:\\\/\\\/redelitoralrs.com\\\/#\\\/schema\\\/logo\\\/image\\\/\",\"url\":\"https:\\\/\\\/redelitoralrs.com\\\/wp-content\\\/uploads\\\/2024\\\/01\\\/faviconicon-1-1.png\",\"contentUrl\":\"https:\\\/\\\/redelitoralrs.com\\\/wp-content\\\/uploads\\\/2024\\\/01\\\/faviconicon-1-1.png\",\"width\":454,\"height\":454,\"caption\":\"TV Litoral\"},\"image\":{\"@id\":\"https:\\\/\\\/redelitoralrs.com\\\/#\\\/schema\\\/logo\\\/image\\\/\"},\"sameAs\":[\"https:\\\/\\\/www.facebook.com\\\/tvlitoralrsoficial\",\"https:\\\/\\\/www.instagram.com\\\/tvlitoral.rs\"]},{\"@type\":\"Person\",\"@id\":\"https:\\\/\\\/redelitoralrs.com\\\/#\\\/schema\\\/person\\\/9f8181f2a7359dd3986f05ebaf5bd68a\",\"name\":\"Reda\u00e7\u00e3o TV Litoral\",\"image\":{\"@type\":\"ImageObject\",\"inLanguage\":\"pt-BR\",\"@id\":\"https:\\\/\\\/redelitoralrs.com\\\/wp-content\\\/litespeed\\\/avatar\\\/779aafbb45e66c7f82733e21abb48259.jpg?ver=1777561602\",\"url\":\"https:\\\/\\\/redelitoralrs.com\\\/wp-content\\\/litespeed\\\/avatar\\\/779aafbb45e66c7f82733e21abb48259.jpg?ver=1777561602\",\"contentUrl\":\"https:\\\/\\\/redelitoralrs.com\\\/wp-content\\\/litespeed\\\/avatar\\\/779aafbb45e66c7f82733e21abb48259.jpg?ver=1777561602\",\"caption\":\"Reda\u00e7\u00e3o TV Litoral\"},\"description\":\"A Rede Litoral de Comunica\u00e7\u00e3o \u00e9 um grupo de m\u00eddia multiplataforma do Litoral Norte do RS. Com atua\u00e7\u00e3o em TV, r\u00e1dio, portal e redes sociais, levamos informa\u00e7\u00e3o, conte\u00fado e entretenimento \u00e0 comunidade, fortalecendo a comunica\u00e7\u00e3o local e impulsionando o desenvolvimento regional. Acompanhe atrav\u00e9s de @redelitoralrs.\",\"sameAs\":[\"https:\\\/\\\/redelitoralrs.com\",\"https:\\\/\\\/www.instagram.com\\\/redelitoralrs\",\"https:\\\/\\\/www.youtube.com\\\/@redelitoralrs\"],\"url\":\"https:\\\/\\\/redelitoralrs.com\\\/index.php\\\/author\\\/redacaotvlitoral\\\/\"}]}<\/script>\n<!-- \/ Yoast SEO plugin. -->","yoast_head_json":{"title":"Gest\u00e3o Romildo Bolzan J\u00fanior inicia mandato com diagn\u00f3stico cr\u00edtico das estruturas p\u00fablicas\u00a0de\u00a0Os\u00f3rio - Rede Litoral RS","robots":{"index":"index","follow":"follow","max-snippet":"max-snippet:-1","max-image-preview":"max-image-preview:large","max-video-preview":"max-video-preview:-1"},"canonical":"https:\/\/redelitoralrs.com\/index.php\/2025\/01\/09\/gestao-romildo-bolzan-junior-inicia-mandato-com-diagnostico-critico-das-estruturas-publicas-de-osorio\/","og_locale":"pt_BR","og_type":"article","og_title":"Gest\u00e3o Romildo Bolzan J\u00fanior inicia mandato com diagn\u00f3stico cr\u00edtico das estruturas p\u00fablicas\u00a0de\u00a0Os\u00f3rio - Rede Litoral RS","og_description":"A primeira reuni\u00e3o entre o prefeito de Os\u00f3rio, Romildo Bolzan J\u00fanior, o vice-prefeito Ed Moraes, secret\u00e1rios municipais e vereadores foi marcada por um panorama preocupante sobre as condi\u00e7\u00f5es das estruturas p\u00fablicas do munic\u00edpio. Durante o encontro, realizado na \u00faltima ter\u00e7a-feira, dia 7 de janeiro no gabinete da prefeitura, os secret\u00e1rios apresentaram relat\u00f3rios apontando problemas como [&hellip;]","og_url":"https:\/\/redelitoralrs.com\/index.php\/2025\/01\/09\/gestao-romildo-bolzan-junior-inicia-mandato-com-diagnostico-critico-das-estruturas-publicas-de-osorio\/","og_site_name":"Rede Litoral RS","article_publisher":"https:\/\/www.facebook.com\/tvlitoralrsoficial","article_published_time":"2025-01-09T17:48:34+00:00","article_modified_time":"2025-01-09T17:48:35+00:00","og_image":[{"width":1170,"height":662,"url":"https:\/\/redelitoralrs.com\/wp-content\/uploads\/2025\/01\/Imagem-do-WhatsApp-de-2025-01-09-as-13.21.14_a4ac76f8.jpg","type":"image\/jpeg"}],"author":"Reda\u00e7\u00e3o TV Litoral","twitter_card":"summary_large_image","twitter_misc":{"Escrito por":"Reda\u00e7\u00e3o TV Litoral","Est. tempo de leitura":"3 minutos"},"schema":{"@context":"https:\/\/schema.org","@graph":[{"@type":"Article","@id":"https:\/\/redelitoralrs.com\/index.php\/2025\/01\/09\/gestao-romildo-bolzan-junior-inicia-mandato-com-diagnostico-critico-das-estruturas-publicas-de-osorio\/#article","isPartOf":{"@id":"https:\/\/redelitoralrs.com\/index.php\/2025\/01\/09\/gestao-romildo-bolzan-junior-inicia-mandato-com-diagnostico-critico-das-estruturas-publicas-de-osorio\/"},"author":{"name":"Reda\u00e7\u00e3o TV Litoral","@id":"https:\/\/redelitoralrs.com\/#\/schema\/person\/9f8181f2a7359dd3986f05ebaf5bd68a"},"headline":"Gest\u00e3o Romildo Bolzan J\u00fanior inicia mandato com diagn\u00f3stico cr\u00edtico das estruturas p\u00fablicas\u00a0de\u00a0Os\u00f3rio","datePublished":"2025-01-09T17:48:34+00:00","dateModified":"2025-01-09T17:48:35+00:00","mainEntityOfPage":{"@id":"https:\/\/redelitoralrs.com\/index.php\/2025\/01\/09\/gestao-romildo-bolzan-junior-inicia-mandato-com-diagnostico-critico-das-estruturas-publicas-de-osorio\/"},"wordCount":281,"commentCount":0,"publisher":{"@id":"https:\/\/redelitoralrs.com\/#organization"},"image":{"@id":"https:\/\/redelitoralrs.com\/index.php\/2025\/01\/09\/gestao-romildo-bolzan-junior-inicia-mandato-com-diagnostico-critico-das-estruturas-publicas-de-osorio\/#primaryimage"},"thumbnailUrl":"https:\/\/redelitoralrs.com\/wp-content\/uploads\/2025\/01\/Imagem-do-WhatsApp-de-2025-01-09-as-13.21.14_a4ac76f8.jpg","articleSection":["Litoral Norte","\u00daltimas not\u00edcias"],"inLanguage":"pt-BR","potentialAction":[{"@type":"CommentAction","name":"Comment","target":["https:\/\/redelitoralrs.com\/index.php\/2025\/01\/09\/gestao-romildo-bolzan-junior-inicia-mandato-com-diagnostico-critico-das-estruturas-publicas-de-osorio\/#respond"]}]},{"@type":"WebPage","@id":"https:\/\/redelitoralrs.com\/index.php\/2025\/01\/09\/gestao-romildo-bolzan-junior-inicia-mandato-com-diagnostico-critico-das-estruturas-publicas-de-osorio\/","url":"https:\/\/redelitoralrs.com\/index.php\/2025\/01\/09\/gestao-romildo-bolzan-junior-inicia-mandato-com-diagnostico-critico-das-estruturas-publicas-de-osorio\/","name":"Gest\u00e3o Romildo Bolzan J\u00fanior inicia mandato com diagn\u00f3stico cr\u00edtico das estruturas p\u00fablicas\u00a0de\u00a0Os\u00f3rio - Rede Litoral RS","isPartOf":{"@id":"https:\/\/redelitoralrs.com\/#website"},"primaryImageOfPage":{"@id":"https:\/\/redelitoralrs.com\/index.php\/2025\/01\/09\/gestao-romildo-bolzan-junior-inicia-mandato-com-diagnostico-critico-das-estruturas-publicas-de-osorio\/#primaryimage"},"image":{"@id":"https:\/\/redelitoralrs.com\/index.php\/2025\/01\/09\/gestao-romildo-bolzan-junior-inicia-mandato-com-diagnostico-critico-das-estruturas-publicas-de-osorio\/#primaryimage"},"thumbnailUrl":"https:\/\/redelitoralrs.com\/wp-content\/uploads\/2025\/01\/Imagem-do-WhatsApp-de-2025-01-09-as-13.21.14_a4ac76f8.jpg","datePublished":"2025-01-09T17:48:34+00:00","dateModified":"2025-01-09T17:48:35+00:00","breadcrumb":{"@id":"https:\/\/redelitoralrs.com\/index.php\/2025\/01\/09\/gestao-romildo-bolzan-junior-inicia-mandato-com-diagnostico-critico-das-estruturas-publicas-de-osorio\/#breadcrumb"},"inLanguage":"pt-BR","potentialAction":[{"@type":"ReadAction","target":["https:\/\/redelitoralrs.com\/index.php\/2025\/01\/09\/gestao-romildo-bolzan-junior-inicia-mandato-com-diagnostico-critico-das-estruturas-publicas-de-osorio\/"]}]},{"@type":"ImageObject","inLanguage":"pt-BR","@id":"https:\/\/redelitoralrs.com\/index.php\/2025\/01\/09\/gestao-romildo-bolzan-junior-inicia-mandato-com-diagnostico-critico-das-estruturas-publicas-de-osorio\/#primaryimage","url":"https:\/\/redelitoralrs.com\/wp-content\/uploads\/2025\/01\/Imagem-do-WhatsApp-de-2025-01-09-as-13.21.14_a4ac76f8.jpg","contentUrl":"https:\/\/redelitoralrs.com\/wp-content\/uploads\/2025\/01\/Imagem-do-WhatsApp-de-2025-01-09-as-13.21.14_a4ac76f8.jpg","width":1170,"height":662},{"@type":"BreadcrumbList","@id":"https:\/\/redelitoralrs.com\/index.php\/2025\/01\/09\/gestao-romildo-bolzan-junior-inicia-mandato-com-diagnostico-critico-das-estruturas-publicas-de-osorio\/#breadcrumb","itemListElement":[{"@type":"ListItem","position":1,"name":"In\u00edcio","item":"https:\/\/redelitoralrs.com\/"},{"@type":"ListItem","position":2,"name":"Gest\u00e3o Romildo Bolzan J\u00fanior inicia mandato com diagn\u00f3stico cr\u00edtico das estruturas p\u00fablicas\u00a0de\u00a0Os\u00f3rio"}]},{"@type":"WebSite","@id":"https:\/\/redelitoralrs.com\/#website","url":"https:\/\/redelitoralrs.com\/","name":"TV Litoral","description":"Acompanhe tudo do litoral ga\u00facho com a cobertura completa e atualizada da Rede Litoral RS. Nossos jornalistas trazem as \u00faltimas not\u00edcias, os acontecimentos mais quentes e as hist\u00f3rias que importam sobre nosso amado litoral.","publisher":{"@id":"https:\/\/redelitoralrs.com\/#organization"},"potentialAction":[{"@type":"SearchAction","target":{"@type":"EntryPoint","urlTemplate":"https:\/\/redelitoralrs.com\/?s={search_term_string}"},"query-input":{"@type":"PropertyValueSpecification","valueRequired":true,"valueName":"search_term_string"}}],"inLanguage":"pt-BR"},{"@type":"Organization","@id":"https:\/\/redelitoralrs.com\/#organization","name":"TV Litoral","url":"https:\/\/redelitoralrs.com\/","logo":{"@type":"ImageObject","inLanguage":"pt-BR","@id":"https:\/\/redelitoralrs.com\/#\/schema\/logo\/image\/","url":"https:\/\/redelitoralrs.com\/wp-content\/uploads\/2024\/01\/faviconicon-1-1.png","contentUrl":"https:\/\/redelitoralrs.com\/wp-content\/uploads\/2024\/01\/faviconicon-1-1.png","width":454,"height":454,"caption":"TV Litoral"},"image":{"@id":"https:\/\/redelitoralrs.com\/#\/schema\/logo\/image\/"},"sameAs":["https:\/\/www.facebook.com\/tvlitoralrsoficial","https:\/\/www.instagram.com\/tvlitoral.rs"]},{"@type":"Person","@id":"https:\/\/redelitoralrs.com\/#\/schema\/person\/9f8181f2a7359dd3986f05ebaf5bd68a","name":"Reda\u00e7\u00e3o TV Litoral","image":{"@type":"ImageObject","inLanguage":"pt-BR","@id":"https:\/\/redelitoralrs.com\/wp-content\/litespeed\/avatar\/779aafbb45e66c7f82733e21abb48259.jpg?ver=1777561602","url":"https:\/\/redelitoralrs.com\/wp-content\/litespeed\/avatar\/779aafbb45e66c7f82733e21abb48259.jpg?ver=1777561602","contentUrl":"https:\/\/redelitoralrs.com\/wp-content\/litespeed\/avatar\/779aafbb45e66c7f82733e21abb48259.jpg?ver=1777561602","caption":"Reda\u00e7\u00e3o TV Litoral"},"description":"A Rede Litoral de Comunica\u00e7\u00e3o \u00e9 um grupo de m\u00eddia multiplataforma do Litoral Norte do RS. Com atua\u00e7\u00e3o em TV, r\u00e1dio, portal e redes sociais, levamos informa\u00e7\u00e3o, conte\u00fado e entretenimento \u00e0 comunidade, fortalecendo a comunica\u00e7\u00e3o local e impulsionando o desenvolvimento regional. Acompanhe atrav\u00e9s de @redelitoralrs.","sameAs":["https:\/\/redelitoralrs.com","https:\/\/www.instagram.com\/redelitoralrs","https:\/\/www.youtube.com\/@redelitoralrs"],"url":"https:\/\/redelitoralrs.com\/index.php\/author\/redacaotvlitoral\/"}]}},"_links":{"self":[{"href":"https:\/\/redelitoralrs.com\/index.php\/wp-json\/wp\/v2\/posts\/5113","targetHints":{"allow":["GET"]}}],"collection":[{"href":"https:\/\/redelitoralrs.com\/index.php\/wp-json\/wp\/v2\/posts"}],"about":[{"href":"https:\/\/redelitoralrs.com\/index.php\/wp-json\/wp\/v2\/types\/post"}],"author":[{"embeddable":true,"href":"https:\/\/redelitoralrs.com\/index.php\/wp-json\/wp\/v2\/users\/2"}],"replies":[{"embeddable":true,"href":"https:\/\/redelitoralrs.com\/index.php\/wp-json\/wp\/v2\/comments?post=5113"}],"version-history":[{"count":2,"href":"https:\/\/redelitoralrs.com\/index.php\/wp-json\/wp\/v2\/posts\/5113\/revisions"}],"predecessor-version":[{"id":5119,"href":"https:\/\/redelitoralrs.com\/index.php\/wp-json\/wp\/v2\/posts\/5113\/revisions\/5119"}],"wp:featuredmedia":[{"embeddable":true,"href":"https:\/\/redelitoralrs.com\/index.php\/wp-json\/wp\/v2\/media\/5116"}],"wp:attachment":[{"href":"https:\/\/redelitoralrs.com\/index.php\/wp-json\/wp\/v2\/media?parent=5113"}],"wp:term":[{"taxonomy":"category","embeddable":true,"href":"https:\/\/redelitoralrs.com\/index.php\/wp-json\/wp\/v2\/categories?post=5113"},{"taxonomy":"post_tag","embeddable":true,"href":"https:\/\/redelitoralrs.com\/index.php\/wp-json\/wp\/v2\/tags?post=5113"}],"curies":[{"name":"wp","href":"https:\/\/api.w.org\/{rel}","templated":true}]}}