{"id":5103,"date":"2025-01-09T10:58:31","date_gmt":"2025-01-09T13:58:31","guid":{"rendered":"https:\/\/redelitoralrs.com\/?p=5103"},"modified":"2025-01-09T10:58:32","modified_gmt":"2025-01-09T13:58:32","slug":"aviao-de-pequeno-porte-sofre-acidente-em-ubatuba-no-litoral-norte-de-sp","status":"publish","type":"post","link":"https:\/\/redelitoralrs.com\/index.php\/2025\/01\/09\/aviao-de-pequeno-porte-sofre-acidente-em-ubatuba-no-litoral-norte-de-sp\/","title":{"rendered":"Avi\u00e3o de Pequeno Porte Sofre Acidente em Ubatuba, no Litoral Norte de SP"},"content":{"rendered":"\n<p>Um avi\u00e3o de pequeno porte sofreu um acidente na manh\u00e3 desta quinta-feira (9), em Ubatuba, no Litoral Norte de S\u00e3o Paulo. A informa\u00e7\u00e3o foi confirmada pela prefeitura da cidade.<\/p>\n\n\n\n<p>O acidente ocorreu pr\u00f3ximo ao aeroporto, no Centro. Imagens compartilhadas nas redes sociais mostram o avi\u00e3o em chamas na faixa de areia da Praia do Itagu\u00e1.<\/p>\n\n\n\n<p>At\u00e9 o momento, n\u00e3o h\u00e1 informa\u00e7\u00f5es oficiais sobre v\u00edtimas. Equipes das for\u00e7as de seguran\u00e7a est\u00e3o no local atendendo a ocorr\u00eancia.<\/p>\n\n\n\n<p>Segundo o Grupamento de Bombeiros Mar\u00edtimo (GBMar), a aeronave passou por uma excurs\u00e3o de pista, que ocorre quando um avi\u00e3o sai da superf\u00edcie da pista do aer\u00f3dromo durante pousos ou decolagens. Esse tipo de incidente pode ser classificado como veer off (sa\u00edda lateral) ou overrun (ultrapassagem do final da pista).<\/p>\n\n\n\n<p>A aeronave, matr\u00edcula PR-GFS, \u00e9 um modelo 525 fabricado em 2008 pela empresa Cessna Aircraft, com capacidade para sete passageiros e dois pilotos.<\/p>\n\n\n\n<p>De acordo com o sistema da Ag\u00eancia Nacional de Avia\u00e7\u00e3o Civil (Anac), a aeronave tinha a opera\u00e7\u00e3o negada para t\u00e1xi a\u00e9reo, mas estava com situa\u00e7\u00e3o de aeronavegabilidade classificada como \u201cnormal\u201d.<\/p>\n\n\n\n<p><em>Laura Pires Haendchen<\/em><\/p>\n\n\n\n<p><\/p>\n","protected":false},"excerpt":{"rendered":"<p>Um avi\u00e3o de pequeno porte sofreu um acidente na manh\u00e3 desta quinta-feira (9), em Ubatuba, no Litoral Norte de S\u00e3o Paulo. A informa\u00e7\u00e3o foi confirmada pela prefeitura da cidade. O acidente ocorreu pr\u00f3ximo ao aeroporto, no Centro. Imagens compartilhadas nas redes sociais mostram o avi\u00e3o em chamas na faixa de areia da Praia do Itagu\u00e1. [&hellip;]<\/p>\n","protected":false},"author":2,"featured_media":5104,"comment_status":"open","ping_status":"open","sticky":false,"template":"","format":"standard","meta":{"_themeisle_gutenberg_block_has_review":false,"footnotes":""},"categories":[20,15],"tags":[],"class_list":["post-5103","post","type-post","status-publish","format-standard","has-post-thumbnail","hentry","category-litoral_norte","category-noticias"],"yoast_head":"<!-- This site is optimized with the Yoast SEO plugin v27.4 - https:\/\/yoast.com\/product\/yoast-seo-wordpress\/ -->\n<title>Avi\u00e3o de Pequeno Porte Sofre Acidente em Ubatuba, no Litoral Norte de SP - Rede Litoral RS<\/title>\n<meta name=\"robots\" content=\"index, follow, max-snippet:-1, max-image-preview:large, max-video-preview:-1\" \/>\n<link rel=\"canonical\" href=\"https:\/\/redelitoralrs.com\/index.php\/2025\/01\/09\/aviao-de-pequeno-porte-sofre-acidente-em-ubatuba-no-litoral-norte-de-sp\/\" \/>\n<meta property=\"og:locale\" content=\"pt_BR\" \/>\n<meta property=\"og:type\" content=\"article\" \/>\n<meta property=\"og:title\" content=\"Avi\u00e3o de Pequeno Porte Sofre Acidente em Ubatuba, no Litoral Norte de SP - Rede Litoral RS\" \/>\n<meta property=\"og:description\" content=\"Um avi\u00e3o de pequeno porte sofreu um acidente na manh\u00e3 desta quinta-feira (9), em Ubatuba, no Litoral Norte de S\u00e3o Paulo. A informa\u00e7\u00e3o foi confirmada pela prefeitura da cidade. O acidente ocorreu pr\u00f3ximo ao aeroporto, no Centro. Imagens compartilhadas nas redes sociais mostram o avi\u00e3o em chamas na faixa de areia da Praia do Itagu\u00e1. [&hellip;]\" \/>\n<meta property=\"og:url\" content=\"https:\/\/redelitoralrs.com\/index.php\/2025\/01\/09\/aviao-de-pequeno-porte-sofre-acidente-em-ubatuba-no-litoral-norte-de-sp\/\" \/>\n<meta property=\"og:site_name\" content=\"Rede Litoral RS\" \/>\n<meta property=\"article:publisher\" content=\"https:\/\/www.facebook.com\/tvlitoralrsoficial\" \/>\n<meta property=\"article:published_time\" content=\"2025-01-09T13:58:31+00:00\" \/>\n<meta property=\"article:modified_time\" content=\"2025-01-09T13:58:32+00:00\" \/>\n<meta property=\"og:image\" content=\"https:\/\/redelitoralrs.com\/wp-content\/uploads\/2025\/01\/WhatsApp_Image_2025-01-09_at_10.39.38.jpeg\" \/>\n\t<meta property=\"og:image:width\" content=\"1200\" \/>\n\t<meta property=\"og:image:height\" content=\"675\" \/>\n\t<meta property=\"og:image:type\" content=\"image\/jpeg\" \/>\n<meta name=\"author\" content=\"Reda\u00e7\u00e3o TV Litoral\" \/>\n<meta name=\"twitter:card\" content=\"summary_large_image\" \/>\n<meta name=\"twitter:label1\" content=\"Escrito por\" \/>\n\t<meta name=\"twitter:data1\" content=\"Reda\u00e7\u00e3o TV Litoral\" \/>\n\t<meta name=\"twitter:label2\" content=\"Est. tempo de leitura\" \/>\n\t<meta name=\"twitter:data2\" content=\"2 minutos\" \/>\n<script type=\"application\/ld+json\" class=\"yoast-schema-graph\">{\"@context\":\"https:\\\/\\\/schema.org\",\"@graph\":[{\"@type\":\"Article\",\"@id\":\"https:\\\/\\\/redelitoralrs.com\\\/index.php\\\/2025\\\/01\\\/09\\\/aviao-de-pequeno-porte-sofre-acidente-em-ubatuba-no-litoral-norte-de-sp\\\/#article\",\"isPartOf\":{\"@id\":\"https:\\\/\\\/redelitoralrs.com\\\/index.php\\\/2025\\\/01\\\/09\\\/aviao-de-pequeno-porte-sofre-acidente-em-ubatuba-no-litoral-norte-de-sp\\\/\"},\"author\":{\"name\":\"Reda\u00e7\u00e3o TV Litoral\",\"@id\":\"https:\\\/\\\/redelitoralrs.com\\\/#\\\/schema\\\/person\\\/9f8181f2a7359dd3986f05ebaf5bd68a\"},\"headline\":\"Avi\u00e3o de Pequeno Porte Sofre Acidente em Ubatuba, no Litoral Norte de SP\",\"datePublished\":\"2025-01-09T13:58:31+00:00\",\"dateModified\":\"2025-01-09T13:58:32+00:00\",\"mainEntityOfPage\":{\"@id\":\"https:\\\/\\\/redelitoralrs.com\\\/index.php\\\/2025\\\/01\\\/09\\\/aviao-de-pequeno-porte-sofre-acidente-em-ubatuba-no-litoral-norte-de-sp\\\/\"},\"wordCount\":216,\"commentCount\":0,\"publisher\":{\"@id\":\"https:\\\/\\\/redelitoralrs.com\\\/#organization\"},\"image\":{\"@id\":\"https:\\\/\\\/redelitoralrs.com\\\/index.php\\\/2025\\\/01\\\/09\\\/aviao-de-pequeno-porte-sofre-acidente-em-ubatuba-no-litoral-norte-de-sp\\\/#primaryimage\"},\"thumbnailUrl\":\"https:\\\/\\\/redelitoralrs.com\\\/wp-content\\\/uploads\\\/2025\\\/01\\\/WhatsApp_Image_2025-01-09_at_10.39.38.jpeg\",\"articleSection\":[\"Litoral Norte\",\"\u00daltimas not\u00edcias\"],\"inLanguage\":\"pt-BR\",\"potentialAction\":[{\"@type\":\"CommentAction\",\"name\":\"Comment\",\"target\":[\"https:\\\/\\\/redelitoralrs.com\\\/index.php\\\/2025\\\/01\\\/09\\\/aviao-de-pequeno-porte-sofre-acidente-em-ubatuba-no-litoral-norte-de-sp\\\/#respond\"]}]},{\"@type\":\"WebPage\",\"@id\":\"https:\\\/\\\/redelitoralrs.com\\\/index.php\\\/2025\\\/01\\\/09\\\/aviao-de-pequeno-porte-sofre-acidente-em-ubatuba-no-litoral-norte-de-sp\\\/\",\"url\":\"https:\\\/\\\/redelitoralrs.com\\\/index.php\\\/2025\\\/01\\\/09\\\/aviao-de-pequeno-porte-sofre-acidente-em-ubatuba-no-litoral-norte-de-sp\\\/\",\"name\":\"Avi\u00e3o de Pequeno Porte Sofre Acidente em Ubatuba, no Litoral Norte de SP - Rede Litoral RS\",\"isPartOf\":{\"@id\":\"https:\\\/\\\/redelitoralrs.com\\\/#website\"},\"primaryImageOfPage\":{\"@id\":\"https:\\\/\\\/redelitoralrs.com\\\/index.php\\\/2025\\\/01\\\/09\\\/aviao-de-pequeno-porte-sofre-acidente-em-ubatuba-no-litoral-norte-de-sp\\\/#primaryimage\"},\"image\":{\"@id\":\"https:\\\/\\\/redelitoralrs.com\\\/index.php\\\/2025\\\/01\\\/09\\\/aviao-de-pequeno-porte-sofre-acidente-em-ubatuba-no-litoral-norte-de-sp\\\/#primaryimage\"},\"thumbnailUrl\":\"https:\\\/\\\/redelitoralrs.com\\\/wp-content\\\/uploads\\\/2025\\\/01\\\/WhatsApp_Image_2025-01-09_at_10.39.38.jpeg\",\"datePublished\":\"2025-01-09T13:58:31+00:00\",\"dateModified\":\"2025-01-09T13:58:32+00:00\",\"breadcrumb\":{\"@id\":\"https:\\\/\\\/redelitoralrs.com\\\/index.php\\\/2025\\\/01\\\/09\\\/aviao-de-pequeno-porte-sofre-acidente-em-ubatuba-no-litoral-norte-de-sp\\\/#breadcrumb\"},\"inLanguage\":\"pt-BR\",\"potentialAction\":[{\"@type\":\"ReadAction\",\"target\":[\"https:\\\/\\\/redelitoralrs.com\\\/index.php\\\/2025\\\/01\\\/09\\\/aviao-de-pequeno-porte-sofre-acidente-em-ubatuba-no-litoral-norte-de-sp\\\/\"]}]},{\"@type\":\"ImageObject\",\"inLanguage\":\"pt-BR\",\"@id\":\"https:\\\/\\\/redelitoralrs.com\\\/index.php\\\/2025\\\/01\\\/09\\\/aviao-de-pequeno-porte-sofre-acidente-em-ubatuba-no-litoral-norte-de-sp\\\/#primaryimage\",\"url\":\"https:\\\/\\\/redelitoralrs.com\\\/wp-content\\\/uploads\\\/2025\\\/01\\\/WhatsApp_Image_2025-01-09_at_10.39.38.jpeg\",\"contentUrl\":\"https:\\\/\\\/redelitoralrs.com\\\/wp-content\\\/uploads\\\/2025\\\/01\\\/WhatsApp_Image_2025-01-09_at_10.39.38.jpeg\",\"width\":1200,\"height\":675},{\"@type\":\"BreadcrumbList\",\"@id\":\"https:\\\/\\\/redelitoralrs.com\\\/index.php\\\/2025\\\/01\\\/09\\\/aviao-de-pequeno-porte-sofre-acidente-em-ubatuba-no-litoral-norte-de-sp\\\/#breadcrumb\",\"itemListElement\":[{\"@type\":\"ListItem\",\"position\":1,\"name\":\"In\u00edcio\",\"item\":\"https:\\\/\\\/redelitoralrs.com\\\/\"},{\"@type\":\"ListItem\",\"position\":2,\"name\":\"Avi\u00e3o de Pequeno Porte Sofre Acidente em Ubatuba, no Litoral Norte de SP\"}]},{\"@type\":\"WebSite\",\"@id\":\"https:\\\/\\\/redelitoralrs.com\\\/#website\",\"url\":\"https:\\\/\\\/redelitoralrs.com\\\/\",\"name\":\"TV Litoral\",\"description\":\"Acompanhe tudo do litoral ga\u00facho com a cobertura completa e atualizada da Rede Litoral RS. Nossos jornalistas trazem as \u00faltimas not\u00edcias, os acontecimentos mais quentes e as hist\u00f3rias que importam sobre nosso amado litoral.\",\"publisher\":{\"@id\":\"https:\\\/\\\/redelitoralrs.com\\\/#organization\"},\"potentialAction\":[{\"@type\":\"SearchAction\",\"target\":{\"@type\":\"EntryPoint\",\"urlTemplate\":\"https:\\\/\\\/redelitoralrs.com\\\/?s={search_term_string}\"},\"query-input\":{\"@type\":\"PropertyValueSpecification\",\"valueRequired\":true,\"valueName\":\"search_term_string\"}}],\"inLanguage\":\"pt-BR\"},{\"@type\":\"Organization\",\"@id\":\"https:\\\/\\\/redelitoralrs.com\\\/#organization\",\"name\":\"TV Litoral\",\"url\":\"https:\\\/\\\/redelitoralrs.com\\\/\",\"logo\":{\"@type\":\"ImageObject\",\"inLanguage\":\"pt-BR\",\"@id\":\"https:\\\/\\\/redelitoralrs.com\\\/#\\\/schema\\\/logo\\\/image\\\/\",\"url\":\"https:\\\/\\\/redelitoralrs.com\\\/wp-content\\\/uploads\\\/2024\\\/01\\\/faviconicon-1-1.png\",\"contentUrl\":\"https:\\\/\\\/redelitoralrs.com\\\/wp-content\\\/uploads\\\/2024\\\/01\\\/faviconicon-1-1.png\",\"width\":454,\"height\":454,\"caption\":\"TV Litoral\"},\"image\":{\"@id\":\"https:\\\/\\\/redelitoralrs.com\\\/#\\\/schema\\\/logo\\\/image\\\/\"},\"sameAs\":[\"https:\\\/\\\/www.facebook.com\\\/tvlitoralrsoficial\",\"https:\\\/\\\/www.instagram.com\\\/tvlitoral.rs\"]},{\"@type\":\"Person\",\"@id\":\"https:\\\/\\\/redelitoralrs.com\\\/#\\\/schema\\\/person\\\/9f8181f2a7359dd3986f05ebaf5bd68a\",\"name\":\"Reda\u00e7\u00e3o TV Litoral\",\"image\":{\"@type\":\"ImageObject\",\"inLanguage\":\"pt-BR\",\"@id\":\"https:\\\/\\\/redelitoralrs.com\\\/wp-content\\\/litespeed\\\/avatar\\\/779aafbb45e66c7f82733e21abb48259.jpg?ver=1777561602\",\"url\":\"https:\\\/\\\/redelitoralrs.com\\\/wp-content\\\/litespeed\\\/avatar\\\/779aafbb45e66c7f82733e21abb48259.jpg?ver=1777561602\",\"contentUrl\":\"https:\\\/\\\/redelitoralrs.com\\\/wp-content\\\/litespeed\\\/avatar\\\/779aafbb45e66c7f82733e21abb48259.jpg?ver=1777561602\",\"caption\":\"Reda\u00e7\u00e3o TV Litoral\"},\"description\":\"A Rede Litoral de Comunica\u00e7\u00e3o \u00e9 um grupo de m\u00eddia multiplataforma do Litoral Norte do RS. Com atua\u00e7\u00e3o em TV, r\u00e1dio, portal e redes sociais, levamos informa\u00e7\u00e3o, conte\u00fado e entretenimento \u00e0 comunidade, fortalecendo a comunica\u00e7\u00e3o local e impulsionando o desenvolvimento regional. Acompanhe atrav\u00e9s de @redelitoralrs.\",\"sameAs\":[\"https:\\\/\\\/redelitoralrs.com\",\"https:\\\/\\\/www.instagram.com\\\/redelitoralrs\",\"https:\\\/\\\/www.youtube.com\\\/@redelitoralrs\"],\"url\":\"https:\\\/\\\/redelitoralrs.com\\\/index.php\\\/author\\\/redacaotvlitoral\\\/\"}]}<\/script>\n<!-- \/ Yoast SEO plugin. -->","yoast_head_json":{"title":"Avi\u00e3o de Pequeno Porte Sofre Acidente em Ubatuba, no Litoral Norte de SP - Rede Litoral RS","robots":{"index":"index","follow":"follow","max-snippet":"max-snippet:-1","max-image-preview":"max-image-preview:large","max-video-preview":"max-video-preview:-1"},"canonical":"https:\/\/redelitoralrs.com\/index.php\/2025\/01\/09\/aviao-de-pequeno-porte-sofre-acidente-em-ubatuba-no-litoral-norte-de-sp\/","og_locale":"pt_BR","og_type":"article","og_title":"Avi\u00e3o de Pequeno Porte Sofre Acidente em Ubatuba, no Litoral Norte de SP - Rede Litoral RS","og_description":"Um avi\u00e3o de pequeno porte sofreu um acidente na manh\u00e3 desta quinta-feira (9), em Ubatuba, no Litoral Norte de S\u00e3o Paulo. A informa\u00e7\u00e3o foi confirmada pela prefeitura da cidade. O acidente ocorreu pr\u00f3ximo ao aeroporto, no Centro. Imagens compartilhadas nas redes sociais mostram o avi\u00e3o em chamas na faixa de areia da Praia do Itagu\u00e1. [&hellip;]","og_url":"https:\/\/redelitoralrs.com\/index.php\/2025\/01\/09\/aviao-de-pequeno-porte-sofre-acidente-em-ubatuba-no-litoral-norte-de-sp\/","og_site_name":"Rede Litoral RS","article_publisher":"https:\/\/www.facebook.com\/tvlitoralrsoficial","article_published_time":"2025-01-09T13:58:31+00:00","article_modified_time":"2025-01-09T13:58:32+00:00","og_image":[{"width":1200,"height":675,"url":"https:\/\/redelitoralrs.com\/wp-content\/uploads\/2025\/01\/WhatsApp_Image_2025-01-09_at_10.39.38.jpeg","type":"image\/jpeg"}],"author":"Reda\u00e7\u00e3o TV Litoral","twitter_card":"summary_large_image","twitter_misc":{"Escrito por":"Reda\u00e7\u00e3o TV Litoral","Est. tempo de leitura":"2 minutos"},"schema":{"@context":"https:\/\/schema.org","@graph":[{"@type":"Article","@id":"https:\/\/redelitoralrs.com\/index.php\/2025\/01\/09\/aviao-de-pequeno-porte-sofre-acidente-em-ubatuba-no-litoral-norte-de-sp\/#article","isPartOf":{"@id":"https:\/\/redelitoralrs.com\/index.php\/2025\/01\/09\/aviao-de-pequeno-porte-sofre-acidente-em-ubatuba-no-litoral-norte-de-sp\/"},"author":{"name":"Reda\u00e7\u00e3o TV Litoral","@id":"https:\/\/redelitoralrs.com\/#\/schema\/person\/9f8181f2a7359dd3986f05ebaf5bd68a"},"headline":"Avi\u00e3o de Pequeno Porte Sofre Acidente em Ubatuba, no Litoral Norte de SP","datePublished":"2025-01-09T13:58:31+00:00","dateModified":"2025-01-09T13:58:32+00:00","mainEntityOfPage":{"@id":"https:\/\/redelitoralrs.com\/index.php\/2025\/01\/09\/aviao-de-pequeno-porte-sofre-acidente-em-ubatuba-no-litoral-norte-de-sp\/"},"wordCount":216,"commentCount":0,"publisher":{"@id":"https:\/\/redelitoralrs.com\/#organization"},"image":{"@id":"https:\/\/redelitoralrs.com\/index.php\/2025\/01\/09\/aviao-de-pequeno-porte-sofre-acidente-em-ubatuba-no-litoral-norte-de-sp\/#primaryimage"},"thumbnailUrl":"https:\/\/redelitoralrs.com\/wp-content\/uploads\/2025\/01\/WhatsApp_Image_2025-01-09_at_10.39.38.jpeg","articleSection":["Litoral Norte","\u00daltimas not\u00edcias"],"inLanguage":"pt-BR","potentialAction":[{"@type":"CommentAction","name":"Comment","target":["https:\/\/redelitoralrs.com\/index.php\/2025\/01\/09\/aviao-de-pequeno-porte-sofre-acidente-em-ubatuba-no-litoral-norte-de-sp\/#respond"]}]},{"@type":"WebPage","@id":"https:\/\/redelitoralrs.com\/index.php\/2025\/01\/09\/aviao-de-pequeno-porte-sofre-acidente-em-ubatuba-no-litoral-norte-de-sp\/","url":"https:\/\/redelitoralrs.com\/index.php\/2025\/01\/09\/aviao-de-pequeno-porte-sofre-acidente-em-ubatuba-no-litoral-norte-de-sp\/","name":"Avi\u00e3o de Pequeno Porte Sofre Acidente em Ubatuba, no Litoral Norte de SP - Rede Litoral RS","isPartOf":{"@id":"https:\/\/redelitoralrs.com\/#website"},"primaryImageOfPage":{"@id":"https:\/\/redelitoralrs.com\/index.php\/2025\/01\/09\/aviao-de-pequeno-porte-sofre-acidente-em-ubatuba-no-litoral-norte-de-sp\/#primaryimage"},"image":{"@id":"https:\/\/redelitoralrs.com\/index.php\/2025\/01\/09\/aviao-de-pequeno-porte-sofre-acidente-em-ubatuba-no-litoral-norte-de-sp\/#primaryimage"},"thumbnailUrl":"https:\/\/redelitoralrs.com\/wp-content\/uploads\/2025\/01\/WhatsApp_Image_2025-01-09_at_10.39.38.jpeg","datePublished":"2025-01-09T13:58:31+00:00","dateModified":"2025-01-09T13:58:32+00:00","breadcrumb":{"@id":"https:\/\/redelitoralrs.com\/index.php\/2025\/01\/09\/aviao-de-pequeno-porte-sofre-acidente-em-ubatuba-no-litoral-norte-de-sp\/#breadcrumb"},"inLanguage":"pt-BR","potentialAction":[{"@type":"ReadAction","target":["https:\/\/redelitoralrs.com\/index.php\/2025\/01\/09\/aviao-de-pequeno-porte-sofre-acidente-em-ubatuba-no-litoral-norte-de-sp\/"]}]},{"@type":"ImageObject","inLanguage":"pt-BR","@id":"https:\/\/redelitoralrs.com\/index.php\/2025\/01\/09\/aviao-de-pequeno-porte-sofre-acidente-em-ubatuba-no-litoral-norte-de-sp\/#primaryimage","url":"https:\/\/redelitoralrs.com\/wp-content\/uploads\/2025\/01\/WhatsApp_Image_2025-01-09_at_10.39.38.jpeg","contentUrl":"https:\/\/redelitoralrs.com\/wp-content\/uploads\/2025\/01\/WhatsApp_Image_2025-01-09_at_10.39.38.jpeg","width":1200,"height":675},{"@type":"BreadcrumbList","@id":"https:\/\/redelitoralrs.com\/index.php\/2025\/01\/09\/aviao-de-pequeno-porte-sofre-acidente-em-ubatuba-no-litoral-norte-de-sp\/#breadcrumb","itemListElement":[{"@type":"ListItem","position":1,"name":"In\u00edcio","item":"https:\/\/redelitoralrs.com\/"},{"@type":"ListItem","position":2,"name":"Avi\u00e3o de Pequeno Porte Sofre Acidente em Ubatuba, no Litoral Norte de SP"}]},{"@type":"WebSite","@id":"https:\/\/redelitoralrs.com\/#website","url":"https:\/\/redelitoralrs.com\/","name":"TV Litoral","description":"Acompanhe tudo do litoral ga\u00facho com a cobertura completa e atualizada da Rede Litoral RS. Nossos jornalistas trazem as \u00faltimas not\u00edcias, os acontecimentos mais quentes e as hist\u00f3rias que importam sobre nosso amado litoral.","publisher":{"@id":"https:\/\/redelitoralrs.com\/#organization"},"potentialAction":[{"@type":"SearchAction","target":{"@type":"EntryPoint","urlTemplate":"https:\/\/redelitoralrs.com\/?s={search_term_string}"},"query-input":{"@type":"PropertyValueSpecification","valueRequired":true,"valueName":"search_term_string"}}],"inLanguage":"pt-BR"},{"@type":"Organization","@id":"https:\/\/redelitoralrs.com\/#organization","name":"TV Litoral","url":"https:\/\/redelitoralrs.com\/","logo":{"@type":"ImageObject","inLanguage":"pt-BR","@id":"https:\/\/redelitoralrs.com\/#\/schema\/logo\/image\/","url":"https:\/\/redelitoralrs.com\/wp-content\/uploads\/2024\/01\/faviconicon-1-1.png","contentUrl":"https:\/\/redelitoralrs.com\/wp-content\/uploads\/2024\/01\/faviconicon-1-1.png","width":454,"height":454,"caption":"TV Litoral"},"image":{"@id":"https:\/\/redelitoralrs.com\/#\/schema\/logo\/image\/"},"sameAs":["https:\/\/www.facebook.com\/tvlitoralrsoficial","https:\/\/www.instagram.com\/tvlitoral.rs"]},{"@type":"Person","@id":"https:\/\/redelitoralrs.com\/#\/schema\/person\/9f8181f2a7359dd3986f05ebaf5bd68a","name":"Reda\u00e7\u00e3o TV Litoral","image":{"@type":"ImageObject","inLanguage":"pt-BR","@id":"https:\/\/redelitoralrs.com\/wp-content\/litespeed\/avatar\/779aafbb45e66c7f82733e21abb48259.jpg?ver=1777561602","url":"https:\/\/redelitoralrs.com\/wp-content\/litespeed\/avatar\/779aafbb45e66c7f82733e21abb48259.jpg?ver=1777561602","contentUrl":"https:\/\/redelitoralrs.com\/wp-content\/litespeed\/avatar\/779aafbb45e66c7f82733e21abb48259.jpg?ver=1777561602","caption":"Reda\u00e7\u00e3o TV Litoral"},"description":"A Rede Litoral de Comunica\u00e7\u00e3o \u00e9 um grupo de m\u00eddia multiplataforma do Litoral Norte do RS. Com atua\u00e7\u00e3o em TV, r\u00e1dio, portal e redes sociais, levamos informa\u00e7\u00e3o, conte\u00fado e entretenimento \u00e0 comunidade, fortalecendo a comunica\u00e7\u00e3o local e impulsionando o desenvolvimento regional. Acompanhe atrav\u00e9s de @redelitoralrs.","sameAs":["https:\/\/redelitoralrs.com","https:\/\/www.instagram.com\/redelitoralrs","https:\/\/www.youtube.com\/@redelitoralrs"],"url":"https:\/\/redelitoralrs.com\/index.php\/author\/redacaotvlitoral\/"}]}},"_links":{"self":[{"href":"https:\/\/redelitoralrs.com\/index.php\/wp-json\/wp\/v2\/posts\/5103","targetHints":{"allow":["GET"]}}],"collection":[{"href":"https:\/\/redelitoralrs.com\/index.php\/wp-json\/wp\/v2\/posts"}],"about":[{"href":"https:\/\/redelitoralrs.com\/index.php\/wp-json\/wp\/v2\/types\/post"}],"author":[{"embeddable":true,"href":"https:\/\/redelitoralrs.com\/index.php\/wp-json\/wp\/v2\/users\/2"}],"replies":[{"embeddable":true,"href":"https:\/\/redelitoralrs.com\/index.php\/wp-json\/wp\/v2\/comments?post=5103"}],"version-history":[{"count":1,"href":"https:\/\/redelitoralrs.com\/index.php\/wp-json\/wp\/v2\/posts\/5103\/revisions"}],"predecessor-version":[{"id":5105,"href":"https:\/\/redelitoralrs.com\/index.php\/wp-json\/wp\/v2\/posts\/5103\/revisions\/5105"}],"wp:featuredmedia":[{"embeddable":true,"href":"https:\/\/redelitoralrs.com\/index.php\/wp-json\/wp\/v2\/media\/5104"}],"wp:attachment":[{"href":"https:\/\/redelitoralrs.com\/index.php\/wp-json\/wp\/v2\/media?parent=5103"}],"wp:term":[{"taxonomy":"category","embeddable":true,"href":"https:\/\/redelitoralrs.com\/index.php\/wp-json\/wp\/v2\/categories?post=5103"},{"taxonomy":"post_tag","embeddable":true,"href":"https:\/\/redelitoralrs.com\/index.php\/wp-json\/wp\/v2\/tags?post=5103"}],"curies":[{"name":"wp","href":"https:\/\/api.w.org\/{rel}","templated":true}]}}