{"id":4956,"date":"2024-12-26T11:22:40","date_gmt":"2024-12-26T14:22:40","guid":{"rendered":"https:\/\/redelitoralrs.com\/?p=4956"},"modified":"2024-12-26T11:22:40","modified_gmt":"2024-12-26T14:22:40","slug":"quadriciclos-reforcam-a-seguranca-nas-praias-do-litoral-norte-com-a-55a-operacao-golfinho","status":"publish","type":"post","link":"https:\/\/redelitoralrs.com\/index.php\/2024\/12\/26\/quadriciclos-reforcam-a-seguranca-nas-praias-do-litoral-norte-com-a-55a-operacao-golfinho\/","title":{"rendered":"Quadriciclos Refor\u00e7am a Seguran\u00e7a nas Praias do Litoral Norte com a 55\u00aa Opera\u00e7\u00e3o Golfinho"},"content":{"rendered":"\n<p>A 55\u00aa edi\u00e7\u00e3o da Opera\u00e7\u00e3o Golfinho, conduzida pela Brigada Militar, introduziu o uso de quadriciclos para aprimorar o patrulhamento nas praias do Litoral Norte. Essa novidade visa aumentar a seguran\u00e7a dos veranistas, garantindo maior agilidade no atendimento a ocorr\u00eancias e no monitoramento de \u00e1reas de dif\u00edcil acesso. Em Cidreira, a pol\u00edcia flagrou ve\u00edculos estacionados ilegalmente na faixa de areia, infringindo a Lei Estadual n\u00ba 9.204\/1991, que pro\u00edbe tal pr\u00e1tica. Os condutores foram orientados a retirar os ve\u00edculos, promovendo o cumprimento da legisla\u00e7\u00e3o. A fiscaliza\u00e7\u00e3o e a conscientiza\u00e7\u00e3o seguem durante todo o ver\u00e3o, visando uma temporada tranquila e segura para todos.<\/p>\n\n\n\n<figure class=\"wp-block-gallery has-nested-images columns-default is-cropped wp-block-gallery-1 is-layout-flex wp-block-gallery-is-layout-flex\">\n<figure class=\"wp-block-image size-large\"><img fetchpriority=\"high\" decoding=\"async\" width=\"768\" height=\"1024\" data-id=\"4957\" src=\"https:\/\/redelitoralrs.com\/wp-content\/uploads\/2024\/12\/Imagem-do-WhatsApp-de-2024-12-26-as-09.05.27_ce2f0f68-768x1024.jpg\" alt=\"\" class=\"wp-image-4957\" srcset=\"https:\/\/redelitoralrs.com\/wp-content\/uploads\/2024\/12\/Imagem-do-WhatsApp-de-2024-12-26-as-09.05.27_ce2f0f68-768x1024.jpg 768w, https:\/\/redelitoralrs.com\/wp-content\/uploads\/2024\/12\/Imagem-do-WhatsApp-de-2024-12-26-as-09.05.27_ce2f0f68-225x300.jpg 225w, https:\/\/redelitoralrs.com\/wp-content\/uploads\/2024\/12\/Imagem-do-WhatsApp-de-2024-12-26-as-09.05.27_ce2f0f68-1152x1536.jpg 1152w, https:\/\/redelitoralrs.com\/wp-content\/uploads\/2024\/12\/Imagem-do-WhatsApp-de-2024-12-26-as-09.05.27_ce2f0f68.jpg 1200w\" sizes=\"(max-width: 768px) 100vw, 768px\" \/><\/figure>\n\n\n\n<figure class=\"wp-block-image size-large\"><img decoding=\"async\" width=\"768\" height=\"1024\" data-id=\"4958\" src=\"https:\/\/redelitoralrs.com\/wp-content\/uploads\/2024\/12\/Imagem-do-WhatsApp-de-2024-12-26-as-09.05.29_36828134-768x1024.jpg\" alt=\"\" class=\"wp-image-4958\" srcset=\"https:\/\/redelitoralrs.com\/wp-content\/uploads\/2024\/12\/Imagem-do-WhatsApp-de-2024-12-26-as-09.05.29_36828134-768x1024.jpg 768w, https:\/\/redelitoralrs.com\/wp-content\/uploads\/2024\/12\/Imagem-do-WhatsApp-de-2024-12-26-as-09.05.29_36828134-225x300.jpg 225w, https:\/\/redelitoralrs.com\/wp-content\/uploads\/2024\/12\/Imagem-do-WhatsApp-de-2024-12-26-as-09.05.29_36828134-1152x1536.jpg 1152w, https:\/\/redelitoralrs.com\/wp-content\/uploads\/2024\/12\/Imagem-do-WhatsApp-de-2024-12-26-as-09.05.29_36828134.jpg 1200w\" sizes=\"(max-width: 768px) 100vw, 768px\" \/><\/figure>\n\n\n\n<figure class=\"wp-block-image size-large\"><img decoding=\"async\" width=\"1024\" height=\"768\" data-id=\"4959\" src=\"https:\/\/redelitoralrs.com\/wp-content\/uploads\/2024\/12\/Imagem-do-WhatsApp-de-2024-12-26-as-09.05.30_e073c823-1024x768.jpg\" alt=\"\" class=\"wp-image-4959\" srcset=\"https:\/\/redelitoralrs.com\/wp-content\/uploads\/2024\/12\/Imagem-do-WhatsApp-de-2024-12-26-as-09.05.30_e073c823-1024x768.jpg 1024w, https:\/\/redelitoralrs.com\/wp-content\/uploads\/2024\/12\/Imagem-do-WhatsApp-de-2024-12-26-as-09.05.30_e073c823-300x225.jpg 300w, https:\/\/redelitoralrs.com\/wp-content\/uploads\/2024\/12\/Imagem-do-WhatsApp-de-2024-12-26-as-09.05.30_e073c823-768x576.jpg 768w, https:\/\/redelitoralrs.com\/wp-content\/uploads\/2024\/12\/Imagem-do-WhatsApp-de-2024-12-26-as-09.05.30_e073c823-1536x1152.jpg 1536w, https:\/\/redelitoralrs.com\/wp-content\/uploads\/2024\/12\/Imagem-do-WhatsApp-de-2024-12-26-as-09.05.30_e073c823.jpg 1600w\" sizes=\"(max-width: 1024px) 100vw, 1024px\" \/><\/figure>\n<\/figure>\n\n\n\n<p><em>Laura Pires Haendchen<\/em><\/p>\n\n\n\n<p>FOTOS: Divulga\u00e7\u00e3o BM<\/p>\n","protected":false},"excerpt":{"rendered":"<p>A 55\u00aa edi\u00e7\u00e3o da Opera\u00e7\u00e3o Golfinho, conduzida pela Brigada Militar, introduziu o uso de quadriciclos para aprimorar o patrulhamento nas praias do Litoral Norte. Essa novidade visa aumentar a seguran\u00e7a dos veranistas, garantindo maior agilidade no atendimento a ocorr\u00eancias e no monitoramento de \u00e1reas de dif\u00edcil acesso. Em Cidreira, a pol\u00edcia flagrou ve\u00edculos estacionados ilegalmente [&hellip;]<\/p>\n","protected":false},"author":2,"featured_media":4957,"comment_status":"open","ping_status":"open","sticky":false,"template":"","format":"standard","meta":{"_themeisle_gutenberg_block_has_review":false,"footnotes":""},"categories":[20,15],"tags":[103,92,128],"class_list":["post-4956","post","type-post","status-publish","format-standard","has-post-thumbnail","hentry","category-litoral_norte","category-noticias","tag-litoral-norte","tag-noticia","tag-rio-grande-do-sul"],"yoast_head":"<!-- This site is optimized with the Yoast SEO plugin v27.4 - https:\/\/yoast.com\/product\/yoast-seo-wordpress\/ -->\n<title>Quadriciclos Refor\u00e7am a Seguran\u00e7a nas Praias do Litoral Norte com a 55\u00aa Opera\u00e7\u00e3o Golfinho - Rede Litoral RS<\/title>\n<meta name=\"robots\" content=\"index, follow, max-snippet:-1, max-image-preview:large, max-video-preview:-1\" \/>\n<link rel=\"canonical\" href=\"https:\/\/redelitoralrs.com\/index.php\/2024\/12\/26\/quadriciclos-reforcam-a-seguranca-nas-praias-do-litoral-norte-com-a-55a-operacao-golfinho\/\" \/>\n<meta property=\"og:locale\" content=\"pt_BR\" \/>\n<meta property=\"og:type\" content=\"article\" \/>\n<meta property=\"og:title\" content=\"Quadriciclos Refor\u00e7am a Seguran\u00e7a nas Praias do Litoral Norte com a 55\u00aa Opera\u00e7\u00e3o Golfinho - Rede Litoral RS\" \/>\n<meta property=\"og:description\" content=\"A 55\u00aa edi\u00e7\u00e3o da Opera\u00e7\u00e3o Golfinho, conduzida pela Brigada Militar, introduziu o uso de quadriciclos para aprimorar o patrulhamento nas praias do Litoral Norte. Essa novidade visa aumentar a seguran\u00e7a dos veranistas, garantindo maior agilidade no atendimento a ocorr\u00eancias e no monitoramento de \u00e1reas de dif\u00edcil acesso. Em Cidreira, a pol\u00edcia flagrou ve\u00edculos estacionados ilegalmente [&hellip;]\" \/>\n<meta property=\"og:url\" content=\"https:\/\/redelitoralrs.com\/index.php\/2024\/12\/26\/quadriciclos-reforcam-a-seguranca-nas-praias-do-litoral-norte-com-a-55a-operacao-golfinho\/\" \/>\n<meta property=\"og:site_name\" content=\"Rede Litoral RS\" \/>\n<meta property=\"article:publisher\" content=\"https:\/\/www.facebook.com\/tvlitoralrsoficial\" \/>\n<meta property=\"article:published_time\" content=\"2024-12-26T14:22:40+00:00\" \/>\n<meta property=\"og:image\" content=\"https:\/\/redelitoralrs.com\/wp-content\/uploads\/2024\/12\/Imagem-do-WhatsApp-de-2024-12-26-as-09.05.27_ce2f0f68.jpg\" \/>\n\t<meta property=\"og:image:width\" content=\"1200\" \/>\n\t<meta property=\"og:image:height\" content=\"1600\" \/>\n\t<meta property=\"og:image:type\" content=\"image\/jpeg\" \/>\n<meta name=\"author\" content=\"Reda\u00e7\u00e3o TV Litoral\" \/>\n<meta name=\"twitter:card\" content=\"summary_large_image\" \/>\n<meta name=\"twitter:label1\" content=\"Escrito por\" \/>\n\t<meta name=\"twitter:data1\" content=\"Reda\u00e7\u00e3o TV Litoral\" \/>\n\t<meta name=\"twitter:label2\" content=\"Est. tempo de leitura\" \/>\n\t<meta name=\"twitter:data2\" content=\"2 minutos\" \/>\n<script type=\"application\/ld+json\" class=\"yoast-schema-graph\">{\"@context\":\"https:\\\/\\\/schema.org\",\"@graph\":[{\"@type\":\"Article\",\"@id\":\"https:\\\/\\\/redelitoralrs.com\\\/index.php\\\/2024\\\/12\\\/26\\\/quadriciclos-reforcam-a-seguranca-nas-praias-do-litoral-norte-com-a-55a-operacao-golfinho\\\/#article\",\"isPartOf\":{\"@id\":\"https:\\\/\\\/redelitoralrs.com\\\/index.php\\\/2024\\\/12\\\/26\\\/quadriciclos-reforcam-a-seguranca-nas-praias-do-litoral-norte-com-a-55a-operacao-golfinho\\\/\"},\"author\":{\"name\":\"Reda\u00e7\u00e3o TV Litoral\",\"@id\":\"https:\\\/\\\/redelitoralrs.com\\\/#\\\/schema\\\/person\\\/9f8181f2a7359dd3986f05ebaf5bd68a\"},\"headline\":\"Quadriciclos Refor\u00e7am a Seguran\u00e7a nas Praias do Litoral Norte com a 55\u00aa Opera\u00e7\u00e3o Golfinho\",\"datePublished\":\"2024-12-26T14:22:40+00:00\",\"mainEntityOfPage\":{\"@id\":\"https:\\\/\\\/redelitoralrs.com\\\/index.php\\\/2024\\\/12\\\/26\\\/quadriciclos-reforcam-a-seguranca-nas-praias-do-litoral-norte-com-a-55a-operacao-golfinho\\\/\"},\"wordCount\":135,\"commentCount\":0,\"publisher\":{\"@id\":\"https:\\\/\\\/redelitoralrs.com\\\/#organization\"},\"image\":{\"@id\":\"https:\\\/\\\/redelitoralrs.com\\\/index.php\\\/2024\\\/12\\\/26\\\/quadriciclos-reforcam-a-seguranca-nas-praias-do-litoral-norte-com-a-55a-operacao-golfinho\\\/#primaryimage\"},\"thumbnailUrl\":\"https:\\\/\\\/redelitoralrs.com\\\/wp-content\\\/uploads\\\/2024\\\/12\\\/Imagem-do-WhatsApp-de-2024-12-26-as-09.05.27_ce2f0f68.jpg\",\"keywords\":[\"litoral norte\",\"not\u00edcia\",\"rio grande do sul\"],\"articleSection\":[\"Litoral Norte\",\"\u00daltimas not\u00edcias\"],\"inLanguage\":\"pt-BR\",\"potentialAction\":[{\"@type\":\"CommentAction\",\"name\":\"Comment\",\"target\":[\"https:\\\/\\\/redelitoralrs.com\\\/index.php\\\/2024\\\/12\\\/26\\\/quadriciclos-reforcam-a-seguranca-nas-praias-do-litoral-norte-com-a-55a-operacao-golfinho\\\/#respond\"]}]},{\"@type\":\"WebPage\",\"@id\":\"https:\\\/\\\/redelitoralrs.com\\\/index.php\\\/2024\\\/12\\\/26\\\/quadriciclos-reforcam-a-seguranca-nas-praias-do-litoral-norte-com-a-55a-operacao-golfinho\\\/\",\"url\":\"https:\\\/\\\/redelitoralrs.com\\\/index.php\\\/2024\\\/12\\\/26\\\/quadriciclos-reforcam-a-seguranca-nas-praias-do-litoral-norte-com-a-55a-operacao-golfinho\\\/\",\"name\":\"Quadriciclos Refor\u00e7am a Seguran\u00e7a nas Praias do Litoral Norte com a 55\u00aa Opera\u00e7\u00e3o Golfinho - Rede Litoral RS\",\"isPartOf\":{\"@id\":\"https:\\\/\\\/redelitoralrs.com\\\/#website\"},\"primaryImageOfPage\":{\"@id\":\"https:\\\/\\\/redelitoralrs.com\\\/index.php\\\/2024\\\/12\\\/26\\\/quadriciclos-reforcam-a-seguranca-nas-praias-do-litoral-norte-com-a-55a-operacao-golfinho\\\/#primaryimage\"},\"image\":{\"@id\":\"https:\\\/\\\/redelitoralrs.com\\\/index.php\\\/2024\\\/12\\\/26\\\/quadriciclos-reforcam-a-seguranca-nas-praias-do-litoral-norte-com-a-55a-operacao-golfinho\\\/#primaryimage\"},\"thumbnailUrl\":\"https:\\\/\\\/redelitoralrs.com\\\/wp-content\\\/uploads\\\/2024\\\/12\\\/Imagem-do-WhatsApp-de-2024-12-26-as-09.05.27_ce2f0f68.jpg\",\"datePublished\":\"2024-12-26T14:22:40+00:00\",\"breadcrumb\":{\"@id\":\"https:\\\/\\\/redelitoralrs.com\\\/index.php\\\/2024\\\/12\\\/26\\\/quadriciclos-reforcam-a-seguranca-nas-praias-do-litoral-norte-com-a-55a-operacao-golfinho\\\/#breadcrumb\"},\"inLanguage\":\"pt-BR\",\"potentialAction\":[{\"@type\":\"ReadAction\",\"target\":[\"https:\\\/\\\/redelitoralrs.com\\\/index.php\\\/2024\\\/12\\\/26\\\/quadriciclos-reforcam-a-seguranca-nas-praias-do-litoral-norte-com-a-55a-operacao-golfinho\\\/\"]}]},{\"@type\":\"ImageObject\",\"inLanguage\":\"pt-BR\",\"@id\":\"https:\\\/\\\/redelitoralrs.com\\\/index.php\\\/2024\\\/12\\\/26\\\/quadriciclos-reforcam-a-seguranca-nas-praias-do-litoral-norte-com-a-55a-operacao-golfinho\\\/#primaryimage\",\"url\":\"https:\\\/\\\/redelitoralrs.com\\\/wp-content\\\/uploads\\\/2024\\\/12\\\/Imagem-do-WhatsApp-de-2024-12-26-as-09.05.27_ce2f0f68.jpg\",\"contentUrl\":\"https:\\\/\\\/redelitoralrs.com\\\/wp-content\\\/uploads\\\/2024\\\/12\\\/Imagem-do-WhatsApp-de-2024-12-26-as-09.05.27_ce2f0f68.jpg\",\"width\":1200,\"height\":1600},{\"@type\":\"BreadcrumbList\",\"@id\":\"https:\\\/\\\/redelitoralrs.com\\\/index.php\\\/2024\\\/12\\\/26\\\/quadriciclos-reforcam-a-seguranca-nas-praias-do-litoral-norte-com-a-55a-operacao-golfinho\\\/#breadcrumb\",\"itemListElement\":[{\"@type\":\"ListItem\",\"position\":1,\"name\":\"In\u00edcio\",\"item\":\"https:\\\/\\\/redelitoralrs.com\\\/\"},{\"@type\":\"ListItem\",\"position\":2,\"name\":\"Quadriciclos Refor\u00e7am a Seguran\u00e7a nas Praias do Litoral Norte com a 55\u00aa Opera\u00e7\u00e3o Golfinho\"}]},{\"@type\":\"WebSite\",\"@id\":\"https:\\\/\\\/redelitoralrs.com\\\/#website\",\"url\":\"https:\\\/\\\/redelitoralrs.com\\\/\",\"name\":\"TV Litoral\",\"description\":\"Acompanhe tudo do litoral ga\u00facho com a cobertura completa e atualizada da Rede Litoral RS. Nossos jornalistas trazem as \u00faltimas not\u00edcias, os acontecimentos mais quentes e as hist\u00f3rias que importam sobre nosso amado litoral.\",\"publisher\":{\"@id\":\"https:\\\/\\\/redelitoralrs.com\\\/#organization\"},\"potentialAction\":[{\"@type\":\"SearchAction\",\"target\":{\"@type\":\"EntryPoint\",\"urlTemplate\":\"https:\\\/\\\/redelitoralrs.com\\\/?s={search_term_string}\"},\"query-input\":{\"@type\":\"PropertyValueSpecification\",\"valueRequired\":true,\"valueName\":\"search_term_string\"}}],\"inLanguage\":\"pt-BR\"},{\"@type\":\"Organization\",\"@id\":\"https:\\\/\\\/redelitoralrs.com\\\/#organization\",\"name\":\"TV Litoral\",\"url\":\"https:\\\/\\\/redelitoralrs.com\\\/\",\"logo\":{\"@type\":\"ImageObject\",\"inLanguage\":\"pt-BR\",\"@id\":\"https:\\\/\\\/redelitoralrs.com\\\/#\\\/schema\\\/logo\\\/image\\\/\",\"url\":\"https:\\\/\\\/redelitoralrs.com\\\/wp-content\\\/uploads\\\/2024\\\/01\\\/faviconicon-1-1.png\",\"contentUrl\":\"https:\\\/\\\/redelitoralrs.com\\\/wp-content\\\/uploads\\\/2024\\\/01\\\/faviconicon-1-1.png\",\"width\":454,\"height\":454,\"caption\":\"TV Litoral\"},\"image\":{\"@id\":\"https:\\\/\\\/redelitoralrs.com\\\/#\\\/schema\\\/logo\\\/image\\\/\"},\"sameAs\":[\"https:\\\/\\\/www.facebook.com\\\/tvlitoralrsoficial\",\"https:\\\/\\\/www.instagram.com\\\/tvlitoral.rs\"]},{\"@type\":\"Person\",\"@id\":\"https:\\\/\\\/redelitoralrs.com\\\/#\\\/schema\\\/person\\\/9f8181f2a7359dd3986f05ebaf5bd68a\",\"name\":\"Reda\u00e7\u00e3o TV Litoral\",\"image\":{\"@type\":\"ImageObject\",\"inLanguage\":\"pt-BR\",\"@id\":\"https:\\\/\\\/redelitoralrs.com\\\/wp-content\\\/litespeed\\\/avatar\\\/779aafbb45e66c7f82733e21abb48259.jpg?ver=1777561602\",\"url\":\"https:\\\/\\\/redelitoralrs.com\\\/wp-content\\\/litespeed\\\/avatar\\\/779aafbb45e66c7f82733e21abb48259.jpg?ver=1777561602\",\"contentUrl\":\"https:\\\/\\\/redelitoralrs.com\\\/wp-content\\\/litespeed\\\/avatar\\\/779aafbb45e66c7f82733e21abb48259.jpg?ver=1777561602\",\"caption\":\"Reda\u00e7\u00e3o TV Litoral\"},\"description\":\"A Rede Litoral de Comunica\u00e7\u00e3o \u00e9 um grupo de m\u00eddia multiplataforma do Litoral Norte do RS. Com atua\u00e7\u00e3o em TV, r\u00e1dio, portal e redes sociais, levamos informa\u00e7\u00e3o, conte\u00fado e entretenimento \u00e0 comunidade, fortalecendo a comunica\u00e7\u00e3o local e impulsionando o desenvolvimento regional. Acompanhe atrav\u00e9s de @redelitoralrs.\",\"sameAs\":[\"https:\\\/\\\/redelitoralrs.com\",\"https:\\\/\\\/www.instagram.com\\\/redelitoralrs\",\"https:\\\/\\\/www.youtube.com\\\/@redelitoralrs\"],\"url\":\"https:\\\/\\\/redelitoralrs.com\\\/index.php\\\/author\\\/redacaotvlitoral\\\/\"}]}<\/script>\n<!-- \/ Yoast SEO plugin. -->","yoast_head_json":{"title":"Quadriciclos Refor\u00e7am a Seguran\u00e7a nas Praias do Litoral Norte com a 55\u00aa Opera\u00e7\u00e3o Golfinho - Rede Litoral RS","robots":{"index":"index","follow":"follow","max-snippet":"max-snippet:-1","max-image-preview":"max-image-preview:large","max-video-preview":"max-video-preview:-1"},"canonical":"https:\/\/redelitoralrs.com\/index.php\/2024\/12\/26\/quadriciclos-reforcam-a-seguranca-nas-praias-do-litoral-norte-com-a-55a-operacao-golfinho\/","og_locale":"pt_BR","og_type":"article","og_title":"Quadriciclos Refor\u00e7am a Seguran\u00e7a nas Praias do Litoral Norte com a 55\u00aa Opera\u00e7\u00e3o Golfinho - Rede Litoral RS","og_description":"A 55\u00aa edi\u00e7\u00e3o da Opera\u00e7\u00e3o Golfinho, conduzida pela Brigada Militar, introduziu o uso de quadriciclos para aprimorar o patrulhamento nas praias do Litoral Norte. Essa novidade visa aumentar a seguran\u00e7a dos veranistas, garantindo maior agilidade no atendimento a ocorr\u00eancias e no monitoramento de \u00e1reas de dif\u00edcil acesso. Em Cidreira, a pol\u00edcia flagrou ve\u00edculos estacionados ilegalmente [&hellip;]","og_url":"https:\/\/redelitoralrs.com\/index.php\/2024\/12\/26\/quadriciclos-reforcam-a-seguranca-nas-praias-do-litoral-norte-com-a-55a-operacao-golfinho\/","og_site_name":"Rede Litoral RS","article_publisher":"https:\/\/www.facebook.com\/tvlitoralrsoficial","article_published_time":"2024-12-26T14:22:40+00:00","og_image":[{"width":1200,"height":1600,"url":"https:\/\/redelitoralrs.com\/wp-content\/uploads\/2024\/12\/Imagem-do-WhatsApp-de-2024-12-26-as-09.05.27_ce2f0f68.jpg","type":"image\/jpeg"}],"author":"Reda\u00e7\u00e3o TV Litoral","twitter_card":"summary_large_image","twitter_misc":{"Escrito por":"Reda\u00e7\u00e3o TV Litoral","Est. tempo de leitura":"2 minutos"},"schema":{"@context":"https:\/\/schema.org","@graph":[{"@type":"Article","@id":"https:\/\/redelitoralrs.com\/index.php\/2024\/12\/26\/quadriciclos-reforcam-a-seguranca-nas-praias-do-litoral-norte-com-a-55a-operacao-golfinho\/#article","isPartOf":{"@id":"https:\/\/redelitoralrs.com\/index.php\/2024\/12\/26\/quadriciclos-reforcam-a-seguranca-nas-praias-do-litoral-norte-com-a-55a-operacao-golfinho\/"},"author":{"name":"Reda\u00e7\u00e3o TV Litoral","@id":"https:\/\/redelitoralrs.com\/#\/schema\/person\/9f8181f2a7359dd3986f05ebaf5bd68a"},"headline":"Quadriciclos Refor\u00e7am a Seguran\u00e7a nas Praias do Litoral Norte com a 55\u00aa Opera\u00e7\u00e3o Golfinho","datePublished":"2024-12-26T14:22:40+00:00","mainEntityOfPage":{"@id":"https:\/\/redelitoralrs.com\/index.php\/2024\/12\/26\/quadriciclos-reforcam-a-seguranca-nas-praias-do-litoral-norte-com-a-55a-operacao-golfinho\/"},"wordCount":135,"commentCount":0,"publisher":{"@id":"https:\/\/redelitoralrs.com\/#organization"},"image":{"@id":"https:\/\/redelitoralrs.com\/index.php\/2024\/12\/26\/quadriciclos-reforcam-a-seguranca-nas-praias-do-litoral-norte-com-a-55a-operacao-golfinho\/#primaryimage"},"thumbnailUrl":"https:\/\/redelitoralrs.com\/wp-content\/uploads\/2024\/12\/Imagem-do-WhatsApp-de-2024-12-26-as-09.05.27_ce2f0f68.jpg","keywords":["litoral norte","not\u00edcia","rio grande do sul"],"articleSection":["Litoral Norte","\u00daltimas not\u00edcias"],"inLanguage":"pt-BR","potentialAction":[{"@type":"CommentAction","name":"Comment","target":["https:\/\/redelitoralrs.com\/index.php\/2024\/12\/26\/quadriciclos-reforcam-a-seguranca-nas-praias-do-litoral-norte-com-a-55a-operacao-golfinho\/#respond"]}]},{"@type":"WebPage","@id":"https:\/\/redelitoralrs.com\/index.php\/2024\/12\/26\/quadriciclos-reforcam-a-seguranca-nas-praias-do-litoral-norte-com-a-55a-operacao-golfinho\/","url":"https:\/\/redelitoralrs.com\/index.php\/2024\/12\/26\/quadriciclos-reforcam-a-seguranca-nas-praias-do-litoral-norte-com-a-55a-operacao-golfinho\/","name":"Quadriciclos Refor\u00e7am a Seguran\u00e7a nas Praias do Litoral Norte com a 55\u00aa Opera\u00e7\u00e3o Golfinho - Rede Litoral RS","isPartOf":{"@id":"https:\/\/redelitoralrs.com\/#website"},"primaryImageOfPage":{"@id":"https:\/\/redelitoralrs.com\/index.php\/2024\/12\/26\/quadriciclos-reforcam-a-seguranca-nas-praias-do-litoral-norte-com-a-55a-operacao-golfinho\/#primaryimage"},"image":{"@id":"https:\/\/redelitoralrs.com\/index.php\/2024\/12\/26\/quadriciclos-reforcam-a-seguranca-nas-praias-do-litoral-norte-com-a-55a-operacao-golfinho\/#primaryimage"},"thumbnailUrl":"https:\/\/redelitoralrs.com\/wp-content\/uploads\/2024\/12\/Imagem-do-WhatsApp-de-2024-12-26-as-09.05.27_ce2f0f68.jpg","datePublished":"2024-12-26T14:22:40+00:00","breadcrumb":{"@id":"https:\/\/redelitoralrs.com\/index.php\/2024\/12\/26\/quadriciclos-reforcam-a-seguranca-nas-praias-do-litoral-norte-com-a-55a-operacao-golfinho\/#breadcrumb"},"inLanguage":"pt-BR","potentialAction":[{"@type":"ReadAction","target":["https:\/\/redelitoralrs.com\/index.php\/2024\/12\/26\/quadriciclos-reforcam-a-seguranca-nas-praias-do-litoral-norte-com-a-55a-operacao-golfinho\/"]}]},{"@type":"ImageObject","inLanguage":"pt-BR","@id":"https:\/\/redelitoralrs.com\/index.php\/2024\/12\/26\/quadriciclos-reforcam-a-seguranca-nas-praias-do-litoral-norte-com-a-55a-operacao-golfinho\/#primaryimage","url":"https:\/\/redelitoralrs.com\/wp-content\/uploads\/2024\/12\/Imagem-do-WhatsApp-de-2024-12-26-as-09.05.27_ce2f0f68.jpg","contentUrl":"https:\/\/redelitoralrs.com\/wp-content\/uploads\/2024\/12\/Imagem-do-WhatsApp-de-2024-12-26-as-09.05.27_ce2f0f68.jpg","width":1200,"height":1600},{"@type":"BreadcrumbList","@id":"https:\/\/redelitoralrs.com\/index.php\/2024\/12\/26\/quadriciclos-reforcam-a-seguranca-nas-praias-do-litoral-norte-com-a-55a-operacao-golfinho\/#breadcrumb","itemListElement":[{"@type":"ListItem","position":1,"name":"In\u00edcio","item":"https:\/\/redelitoralrs.com\/"},{"@type":"ListItem","position":2,"name":"Quadriciclos Refor\u00e7am a Seguran\u00e7a nas Praias do Litoral Norte com a 55\u00aa Opera\u00e7\u00e3o Golfinho"}]},{"@type":"WebSite","@id":"https:\/\/redelitoralrs.com\/#website","url":"https:\/\/redelitoralrs.com\/","name":"TV Litoral","description":"Acompanhe tudo do litoral ga\u00facho com a cobertura completa e atualizada da Rede Litoral RS. Nossos jornalistas trazem as \u00faltimas not\u00edcias, os acontecimentos mais quentes e as hist\u00f3rias que importam sobre nosso amado litoral.","publisher":{"@id":"https:\/\/redelitoralrs.com\/#organization"},"potentialAction":[{"@type":"SearchAction","target":{"@type":"EntryPoint","urlTemplate":"https:\/\/redelitoralrs.com\/?s={search_term_string}"},"query-input":{"@type":"PropertyValueSpecification","valueRequired":true,"valueName":"search_term_string"}}],"inLanguage":"pt-BR"},{"@type":"Organization","@id":"https:\/\/redelitoralrs.com\/#organization","name":"TV Litoral","url":"https:\/\/redelitoralrs.com\/","logo":{"@type":"ImageObject","inLanguage":"pt-BR","@id":"https:\/\/redelitoralrs.com\/#\/schema\/logo\/image\/","url":"https:\/\/redelitoralrs.com\/wp-content\/uploads\/2024\/01\/faviconicon-1-1.png","contentUrl":"https:\/\/redelitoralrs.com\/wp-content\/uploads\/2024\/01\/faviconicon-1-1.png","width":454,"height":454,"caption":"TV Litoral"},"image":{"@id":"https:\/\/redelitoralrs.com\/#\/schema\/logo\/image\/"},"sameAs":["https:\/\/www.facebook.com\/tvlitoralrsoficial","https:\/\/www.instagram.com\/tvlitoral.rs"]},{"@type":"Person","@id":"https:\/\/redelitoralrs.com\/#\/schema\/person\/9f8181f2a7359dd3986f05ebaf5bd68a","name":"Reda\u00e7\u00e3o TV Litoral","image":{"@type":"ImageObject","inLanguage":"pt-BR","@id":"https:\/\/redelitoralrs.com\/wp-content\/litespeed\/avatar\/779aafbb45e66c7f82733e21abb48259.jpg?ver=1777561602","url":"https:\/\/redelitoralrs.com\/wp-content\/litespeed\/avatar\/779aafbb45e66c7f82733e21abb48259.jpg?ver=1777561602","contentUrl":"https:\/\/redelitoralrs.com\/wp-content\/litespeed\/avatar\/779aafbb45e66c7f82733e21abb48259.jpg?ver=1777561602","caption":"Reda\u00e7\u00e3o TV Litoral"},"description":"A Rede Litoral de Comunica\u00e7\u00e3o \u00e9 um grupo de m\u00eddia multiplataforma do Litoral Norte do RS. Com atua\u00e7\u00e3o em TV, r\u00e1dio, portal e redes sociais, levamos informa\u00e7\u00e3o, conte\u00fado e entretenimento \u00e0 comunidade, fortalecendo a comunica\u00e7\u00e3o local e impulsionando o desenvolvimento regional. Acompanhe atrav\u00e9s de @redelitoralrs.","sameAs":["https:\/\/redelitoralrs.com","https:\/\/www.instagram.com\/redelitoralrs","https:\/\/www.youtube.com\/@redelitoralrs"],"url":"https:\/\/redelitoralrs.com\/index.php\/author\/redacaotvlitoral\/"}]}},"_links":{"self":[{"href":"https:\/\/redelitoralrs.com\/index.php\/wp-json\/wp\/v2\/posts\/4956","targetHints":{"allow":["GET"]}}],"collection":[{"href":"https:\/\/redelitoralrs.com\/index.php\/wp-json\/wp\/v2\/posts"}],"about":[{"href":"https:\/\/redelitoralrs.com\/index.php\/wp-json\/wp\/v2\/types\/post"}],"author":[{"embeddable":true,"href":"https:\/\/redelitoralrs.com\/index.php\/wp-json\/wp\/v2\/users\/2"}],"replies":[{"embeddable":true,"href":"https:\/\/redelitoralrs.com\/index.php\/wp-json\/wp\/v2\/comments?post=4956"}],"version-history":[{"count":1,"href":"https:\/\/redelitoralrs.com\/index.php\/wp-json\/wp\/v2\/posts\/4956\/revisions"}],"predecessor-version":[{"id":4960,"href":"https:\/\/redelitoralrs.com\/index.php\/wp-json\/wp\/v2\/posts\/4956\/revisions\/4960"}],"wp:featuredmedia":[{"embeddable":true,"href":"https:\/\/redelitoralrs.com\/index.php\/wp-json\/wp\/v2\/media\/4957"}],"wp:attachment":[{"href":"https:\/\/redelitoralrs.com\/index.php\/wp-json\/wp\/v2\/media?parent=4956"}],"wp:term":[{"taxonomy":"category","embeddable":true,"href":"https:\/\/redelitoralrs.com\/index.php\/wp-json\/wp\/v2\/categories?post=4956"},{"taxonomy":"post_tag","embeddable":true,"href":"https:\/\/redelitoralrs.com\/index.php\/wp-json\/wp\/v2\/tags?post=4956"}],"curies":[{"name":"wp","href":"https:\/\/api.w.org\/{rel}","templated":true}]}}